{"id":8932,"date":"2023-12-01T07:22:13","date_gmt":"2023-12-01T10:22:13","guid":{"rendered":"https:\/\/ismaelcolosi.com.br\/index.php\/2023\/12\/01\/secretaria-de-educacao-e-esportes-de-pernambuco-abre-18-mil-vagas-em-cursos-tecnicos-gratuitos\/"},"modified":"2023-12-01T07:22:13","modified_gmt":"2023-12-01T10:22:13","slug":"secretaria-de-educacao-e-esportes-de-pernambuco-abre-18-mil-vagas-em-cursos-tecnicos-gratuitos","status":"publish","type":"post","link":"https:\/\/ismaelcolosi.com.br\/index.php\/2023\/12\/01\/secretaria-de-educacao-e-esportes-de-pernambuco-abre-18-mil-vagas-em-cursos-tecnicos-gratuitos\/","title":{"rendered":"Secretaria de Educa\u00e7\u00e3o e Esportes de Pernambuco abre 18 mil vagas em cursos t\u00e9cnicos gratuitos"},"content":{"rendered":"<p> <br \/>\n<\/p>\n<div>\n<p>A Secretaria de Educa\u00e7\u00e3o e Esportes de Pernambuco (SEE) abriu as inscri\u00e7\u00f5es para cursos t\u00e9cnicos gratuitos presenciais subsequentes na modalidade presencial e para a Educa\u00e7\u00e3o a Dist\u00e2ncia (EaD) <a href=\"https:\/\/catracalivre.com.br\/educacao\/20-sites-com-cursos-gratuitos-para-voce-turbinar-o-curriculo\/\">semipresencial<\/a>.<\/p>\n<p>S\u00e3o ofertadas 18.209 vagas em todas as regi\u00f5es do Estado para quem est\u00e1 cursando ou j\u00e1 concluiu o ensino m\u00e9dio.<\/p><div class='code-block code-block-8' style='margin: 8px auto; text-align: center; display: block; clear: both;'>\n<script>\n  atOptions = {\n    'key' : '66e2e2111ca34da796271819fc334058',\n    'format' : 'iframe',\n    'height' : 250,\n    'width' : 300,\n    'params' : {}\n  };\n<\/script>\n<script src=\"https:\/\/www.highperformanceformat.com\/66e2e2111ca34da796271819fc334058\/invoke.js\"><\/script>\n<\/div>\n\n<div id=\"attachment_2251979\" class=\"wp-caption aligncenter\">\n<div class=\"d-flex justify-content-center\" data-attachment-id=\"2251979\">\n<div class=\"position-relative d-inline-block\"><img data-recalc-dims=\"1\" data-portal-copyright=\"COMiCZ\/iStock\" fetchpriority=\"high\" decoding=\"async\" class=\"wp-image-2251979 size-large\" src=\"https:\/\/i0.wp.com\/catracalivre.com.br\/wp-content\/uploads\/2023\/01\/ong-oferece-cursos-tecnicos-gratuitos-para-jovens-da-periferia-de-sp-910x607.jpg?resize=910%2C607&#038;ssl=1\" alt=\"ETE-PE tem mais de 18 mil vagas em cursos t\u00e9cnicos gratuitos\" width=\"910\" height=\"607\" srcset=\"https:\/\/catracalivre.com.br\/wp-content\/uploads\/2023\/01\/ong-oferece-cursos-tecnicos-gratuitos-para-jovens-da-periferia-de-sp-910x607.jpg 910w, https:\/\/catracalivre.com.br\/wp-content\/uploads\/2023\/01\/ong-oferece-cursos-tecnicos-gratuitos-para-jovens-da-periferia-de-sp-450x300.jpg 450w, https:\/\/catracalivre.com.br\/wp-content\/uploads\/2023\/01\/ong-oferece-cursos-tecnicos-gratuitos-para-jovens-da-periferia-de-sp-768x512.jpg 768w\" sizes=\"(max-width: 910px) 100vw, 910px\"\/><\/p>\n<p>Cr\u00e9ditos: COMiCZ\/iStock<\/p>\n<\/div>\n<\/div>\n<p><span class=\"post-imagem__legenda\">ETE-PE tem mais de 18 mil vagas em cursos t\u00e9cnicos gratuitos<\/span><\/p>\n<\/div>\n<p>Os interessados devem se inscrever at\u00e9 o dia 7 de dezembro pelo site <a href=\"http:\/\/www.educacao.pe.gov.br\" target=\"_blank\" rel=\"noopener\">www.educacao.pe.gov.br<\/a>.<\/p>\n<h2>Quem pode se inscrever nos cursos t\u00e9cnicos gratuitos?<\/h2>\n<p>Podem se inscrever no formato subsequente quem j\u00e1\u00a0 concluiu o ensino m\u00e9dio. J\u00e1 no formato EaD semipresencial, pode se inscrever quem tiver conclu\u00eddo ou cursando, em 2024, o 2\u00ba ou 3\u00ba ano do ensino m\u00e9dio.<\/p>\n<p>S\u00e3o 120 Polos de Apoio Presencial instalados em Escolas T\u00e9cnicas Estaduais (ETEs) e em Escolas de Refer\u00eancia em Ensino M\u00e9dio (EREMs) em todo o Estado para o atendimento ao estudante dos cursos EaD e realiza\u00e7\u00e3o dos encontros presenciais.<\/p>\n<h3>Como ser\u00e1 o processo seletivo?<\/h3>\n<p>O processo seletivo ser\u00e1 realizado em etapa \u00fanica, constitu\u00edda de prova objetiva de car\u00e1ter eliminat\u00f3rio e classificat\u00f3rio.<\/p>\n<p>A prova objetiva ser\u00e1 realizada no formato remoto, contendo 20 quest\u00f5es de m\u00faltipla escolha, abrangendo os conte\u00fados das disciplinas de l\u00edngua portuguesa e matem\u00e1tica, com dura\u00e7\u00e3o de 60 minutos.<\/p>\n<p>O candidato pode fazer a prova em qualquer local escolhido, desde que na data\/hor\u00e1rio indicado no cart\u00e3o de inscri\u00e7\u00e3o, n\u00e3o sendo permitidas quaisquer altera\u00e7\u00f5es.<\/p>\n<p>As vagas est\u00e3o distribu\u00eddas em 40 cursos t\u00e9cnicos, sendo 37 para a modalidade subsequente presencial, e 11 para a EaD.<\/p>\n<p>A divulga\u00e7\u00e3o do resultado definitivo est\u00e1 prevista para o dia 21 de dezembro e o in\u00edcio das aulas no dia 05 de fevereiro.<\/p>\n<p>O prazo para a efetiva\u00e7\u00e3o come\u00e7a no dia 27 de dezembro e se encerra no dia 5 de janeiro de 2024.<\/p>\n<\/div>\n<p><script>\n\t\t! function(f, b, e, v, n, t, s) {\n\t\t\tif (f.fbq) return;\n\t\t\tn = f.fbq = function() {\n\t\t\t\tn.callMethod ?\n\t\t\t\t\tn.callMethod.apply(n, arguments) : n.queue.push(arguments)\n\t\t\t};\n\t\t\tif (!f._fbq) f._fbq = n;\n\t\t\tn.push = n;\n\t\t\tn.loaded = !0;\n\t\t\tn.version = '2.0';\n\t\t\tn.queue = [];\n\t\t\tt = b.createElement(e);\n\t\t\tt.async = !0;\n\t\t\tt.src = v;\n\t\t\ts = b.getElementsByTagName(e)[0];\n\t\t\ts.parentNode.insertBefore(t, s)\n\t\t}(window, document, 'script',\n\t\t\t'https:\/\/connect.facebook.net\/en_US\/fbevents.js');\n\t\tfbq('init', '338315473262380');\n\t\tfbq('track', 'PageView');\n\t<\/script><br \/>\n<br \/><br \/>\n<br \/><a href=\"https:\/\/catracalivre.com.br\/educacao\/secretaria-de-educacao-e-esportes-de-pernambuco-abre-18-mil-vagas-em-cursos-tecnicos-gratuitos\/\">Source link <\/a><\/p>\n<div class='code-block code-block-4' style='margin: 8px auto 8px 0; text-align: left; display: block; clear: both;'>\n\ud83d\udce2 Aviso Legal\n\nO site ismaelcolosi.com.br atua apenas como um canal de divulga\u00e7\u00e3o de oportunidades de emprego e n\u00e3o se responsabiliza pelo processo seletivo, contrata\u00e7\u00e3o ou qualquer outra etapa relacionada \u00e0s vagas publicadas. Todas as informa\u00e7\u00f5es s\u00e3o de responsabilidade dos anunciantes.\n\n\u26a0\ufe0f Aten\u00e7\u00e3o! Nunca pague por promessas de emprego nem compre cursos que garantam contrata\u00e7\u00e3o. Desconfie de qualquer cobran\u00e7a para participar de sele\u00e7\u00f5es.\n\n\n\n<\/div>\n<!-- CONTENT END 1 -->\n","protected":false},"excerpt":{"rendered":"<p>A Secretaria de Educa\u00e7\u00e3o e Esportes de Pernambuco (SEE) abriu as inscri\u00e7\u00f5es para cursos t\u00e9cnicos gratuitos presenciais subsequentes na modalidade presencial e para a Educa\u00e7\u00e3o&#8230;<\/p>\n","protected":false},"author":1,"featured_media":8933,"comment_status":"open","ping_status":"open","sticky":false,"template":"","format":"standard","meta":{"_uag_custom_page_level_css":"","advanced_seo_description":"","jetpack_seo_html_title":"","jetpack_seo_noindex":false,"jetpack_post_was_ever_published":false,"_jetpack_newsletter_access":"","_jetpack_dont_email_post_to_subs":false,"_jetpack_newsletter_tier_id":0,"_jetpack_memberships_contains_paywalled_content":false,"_jetpack_memberships_contains_paid_content":false,"footnotes":"","jetpack_publicize_message":"","jetpack_publicize_feature_enabled":true,"jetpack_social_post_already_shared":true,"jetpack_social_options":{"image_generator_settings":{"template":"highway","default_image_id":0,"font":"","enabled":false},"version":2}},"categories":[19],"tags":[],"class_list":["post-8932","post","type-post","status-publish","format-standard","has-post-thumbnail","hentry","category-variedades"],"jetpack_publicize_connections":[],"jetpack_featured_media_url":"https:\/\/i0.wp.com\/ismaelcolosi.com.br\/wp-content\/uploads\/2023\/12\/ong-oferece-cursos-tecnicos-gratuitos-para-jovens-da-periferia-de-sp.jpg?fit=1200%2C638&ssl=1","uagb_featured_image_src":{"full":["https:\/\/i0.wp.com\/ismaelcolosi.com.br\/wp-content\/uploads\/2023\/12\/ong-oferece-cursos-tecnicos-gratuitos-para-jovens-da-periferia-de-sp.jpg?fit=1200%2C638&ssl=1",1200,638,false],"thumbnail":["https:\/\/i0.wp.com\/ismaelcolosi.com.br\/wp-content\/uploads\/2023\/12\/ong-oferece-cursos-tecnicos-gratuitos-para-jovens-da-periferia-de-sp.jpg?resize=150%2C150&ssl=1",150,150,true],"medium":["https:\/\/i0.wp.com\/ismaelcolosi.com.br\/wp-content\/uploads\/2023\/12\/ong-oferece-cursos-tecnicos-gratuitos-para-jovens-da-periferia-de-sp.jpg?fit=300%2C160&ssl=1",300,160,true],"medium_large":["https:\/\/i0.wp.com\/ismaelcolosi.com.br\/wp-content\/uploads\/2023\/12\/ong-oferece-cursos-tecnicos-gratuitos-para-jovens-da-periferia-de-sp.jpg?fit=768%2C408&ssl=1",768,408,true],"large":["https:\/\/i0.wp.com\/ismaelcolosi.com.br\/wp-content\/uploads\/2023\/12\/ong-oferece-cursos-tecnicos-gratuitos-para-jovens-da-periferia-de-sp.jpg?fit=1024%2C544&ssl=1",1024,544,true],"1536x1536":["https:\/\/i0.wp.com\/ismaelcolosi.com.br\/wp-content\/uploads\/2023\/12\/ong-oferece-cursos-tecnicos-gratuitos-para-jovens-da-periferia-de-sp.jpg?fit=1200%2C638&ssl=1",1200,638,true],"2048x2048":["https:\/\/i0.wp.com\/ismaelcolosi.com.br\/wp-content\/uploads\/2023\/12\/ong-oferece-cursos-tecnicos-gratuitos-para-jovens-da-periferia-de-sp.jpg?fit=1200%2C638&ssl=1",1200,638,true],"really-simple-thumb":["https:\/\/i0.wp.com\/ismaelcolosi.com.br\/wp-content\/uploads\/2023\/12\/ong-oferece-cursos-tecnicos-gratuitos-para-jovens-da-periferia-de-sp.jpg?resize=370%2C247&ssl=1",370,247,true]},"uagb_author_info":{"display_name":"ismaelcolosi.com.br","author_link":"https:\/\/ismaelcolosi.com.br\/index.php\/author\/vidareal-online\/"},"uagb_comment_info":0,"uagb_excerpt":"A Secretaria de Educa\u00e7\u00e3o e Esportes de Pernambuco (SEE) abriu as inscri\u00e7\u00f5es para cursos t\u00e9cnicos gratuitos presenciais subsequentes na modalidade presencial e para a Educa\u00e7\u00e3o...","jetpack-related-posts":[{"id":10628,"url":"https:\/\/ismaelcolosi.com.br\/index.php\/2023\/12\/04\/pernambuco-oferece-18-mil-vagas-em-cursos-tecnicos-gratuitos\/","url_meta":{"origin":8932,"position":0},"title":"Pernambuco oferece 18 mil vagas em cursos t\u00e9cnicos gratuitos","author":"ismaelcolosi.com.br","date":"4 de December de 2023","format":false,"excerpt":"O governo de Pernambuco, atrav\u00e9s da Secretaria de Educa\u00e7\u00e3o e Esportes, est\u00e1 com inscri\u00e7\u00f5es abertas at\u00e9 7 de dezembro para mais de 40 cursos t\u00e9cnicos gratuitos subsequentes na modalidade presencial e para Educa\u00e7\u00e3o a Dist\u00e2ncia (EAD) semipresencial. Ao todo, s\u00e3o oferecidas 18.209 vagas. Os cursos t\u00e9cnicos gratuitos na modalidade subsequente\u2026","rel":"","context":"In &quot;Variedades&quot;","block_context":{"text":"Variedades","link":"https:\/\/ismaelcolosi.com.br\/index.php\/category\/variedades\/"},"img":{"alt_text":"","src":"https:\/\/i0.wp.com\/ismaelcolosi.com.br\/wp-content\/uploads\/2023\/12\/cursos-gratuitos-ete.jpeg?fit=1200%2C638&ssl=1&resize=350%2C200","width":350,"height":200,"srcset":"https:\/\/i0.wp.com\/ismaelcolosi.com.br\/wp-content\/uploads\/2023\/12\/cursos-gratuitos-ete.jpeg?fit=1200%2C638&ssl=1&resize=350%2C200 1x, https:\/\/i0.wp.com\/ismaelcolosi.com.br\/wp-content\/uploads\/2023\/12\/cursos-gratuitos-ete.jpeg?fit=1200%2C638&ssl=1&resize=525%2C300 1.5x, https:\/\/i0.wp.com\/ismaelcolosi.com.br\/wp-content\/uploads\/2023\/12\/cursos-gratuitos-ete.jpeg?fit=1200%2C638&ssl=1&resize=700%2C400 2x, https:\/\/i0.wp.com\/ismaelcolosi.com.br\/wp-content\/uploads\/2023\/12\/cursos-gratuitos-ete.jpeg?fit=1200%2C638&ssl=1&resize=1050%2C600 3x"},"classes":[]},{"id":7934,"url":"https:\/\/ismaelcolosi.com.br\/index.php\/2023\/11\/29\/estado-de-pernambuco-oferece-mais-de-18-mil-vagas-em-cursos-gratuitos\/","url_meta":{"origin":8932,"position":1},"title":"Estado de Pernambuco oferece mais de 18 mil vagas em cursos gratuitos","author":"ismaelcolosi.com.br","date":"29 de November de 2023","format":false,"excerpt":"Quer aprender uma profiss\u00e3o ou dar uma turbinada no curr\u00edculo? A Secretaria de Educa\u00e7\u00e3o e Esportes de Pernambuco (SEE) est\u00e1 ofertando 18.209 vagas para cursos gratuitos. S\u00e3o vagas para cursos t\u00e9cnicos presenciais subsequentes na modalidade presencial e Educa\u00e7\u00e3o a Dist\u00e2ncia (EaD) semipresencial, para quem est\u00e1 cursando ou j\u00e1 concluiu o\u2026","rel":"","context":"In &quot;Variedades&quot;","block_context":{"text":"Variedades","link":"https:\/\/ismaelcolosi.com.br\/index.php\/category\/variedades\/"},"img":{"alt_text":"","src":"https:\/\/i0.wp.com\/ismaelcolosi.com.br\/wp-content\/uploads\/2023\/11\/cursos-gratuitos-ete.jpeg?fit=1200%2C638&ssl=1&resize=350%2C200","width":350,"height":200,"srcset":"https:\/\/i0.wp.com\/ismaelcolosi.com.br\/wp-content\/uploads\/2023\/11\/cursos-gratuitos-ete.jpeg?fit=1200%2C638&ssl=1&resize=350%2C200 1x, https:\/\/i0.wp.com\/ismaelcolosi.com.br\/wp-content\/uploads\/2023\/11\/cursos-gratuitos-ete.jpeg?fit=1200%2C638&ssl=1&resize=525%2C300 1.5x, https:\/\/i0.wp.com\/ismaelcolosi.com.br\/wp-content\/uploads\/2023\/11\/cursos-gratuitos-ete.jpeg?fit=1200%2C638&ssl=1&resize=700%2C400 2x, https:\/\/i0.wp.com\/ismaelcolosi.com.br\/wp-content\/uploads\/2023\/11\/cursos-gratuitos-ete.jpeg?fit=1200%2C638&ssl=1&resize=1050%2C600 3x"},"classes":[]},{"id":6579,"url":"https:\/\/ismaelcolosi.com.br\/index.php\/2023\/11\/26\/ifpe-oferece-5-414-vagas-em-132-cursos-gratuitos-confira\/","url_meta":{"origin":8932,"position":2},"title":"IFPE oferece 5.414 vagas em 132 cursos gratuitos; confira","author":"ismaelcolosi.com.br","date":"26 de November de 2023","format":false,"excerpt":"O Instituto Federal de Educa\u00e7\u00e3o, Ci\u00eancia e Tecnologia de Pernambuco (IFPE) est\u00e1 com inscri\u00e7\u00f5es abertas cursos gratuitos nas modalidades presencial e a dist\u00e2ncia (EaD). S\u00e3o oferecidas ao todo 5.414 vagas. Do total de vagas disponibilizadas, 1.435 s\u00e3o para cursos de gradua\u00e7\u00e3o; 1.885 para cursos t\u00e9cnicos integrados ao ensino m\u00e9dio; 2.059\u2026","rel":"","context":"In &quot;Variedades&quot;","block_context":{"text":"Variedades","link":"https:\/\/ismaelcolosi.com.br\/index.php\/category\/variedades\/"},"img":{"alt_text":"","src":"https:\/\/i0.wp.com\/ismaelcolosi.com.br\/wp-content\/uploads\/2023\/11\/cursos-tecnicos-gratuitos-if-sertao-pe.png?fit=1200%2C638&ssl=1&resize=350%2C200","width":350,"height":200,"srcset":"https:\/\/i0.wp.com\/ismaelcolosi.com.br\/wp-content\/uploads\/2023\/11\/cursos-tecnicos-gratuitos-if-sertao-pe.png?fit=1200%2C638&ssl=1&resize=350%2C200 1x, https:\/\/i0.wp.com\/ismaelcolosi.com.br\/wp-content\/uploads\/2023\/11\/cursos-tecnicos-gratuitos-if-sertao-pe.png?fit=1200%2C638&ssl=1&resize=525%2C300 1.5x, https:\/\/i0.wp.com\/ismaelcolosi.com.br\/wp-content\/uploads\/2023\/11\/cursos-tecnicos-gratuitos-if-sertao-pe.png?fit=1200%2C638&ssl=1&resize=700%2C400 2x, https:\/\/i0.wp.com\/ismaelcolosi.com.br\/wp-content\/uploads\/2023\/11\/cursos-tecnicos-gratuitos-if-sertao-pe.png?fit=1200%2C638&ssl=1&resize=1050%2C600 3x"},"classes":[]},{"id":10848,"url":"https:\/\/ismaelcolosi.com.br\/index.php\/2023\/12\/05\/centro-de-educacao-profissional-de-campinas-abre-vagas-em-cursos-tecnicos-gratuitos\/","url_meta":{"origin":8932,"position":3},"title":"Centro de Educa\u00e7\u00e3o Profissional de Campinas abre vagas em cursos t\u00e9cnicos gratuitos","author":"ismaelcolosi.com.br","date":"5 de December de 2023","format":false,"excerpt":"O Centro de Educa\u00e7\u00e3o Profissional de Campinas (Ceprocamp), vinculado \u00e0 Funda\u00e7\u00e3o Municipal para a Educa\u00e7\u00e3o Comunit\u00e1ria (Fumec), abre 150 vagas para cursos t\u00e9cnicos gratuitos em n\u00edvel m\u00e9dio para o primeiro semestre de 2024. As inscri\u00e7\u00f5es come\u00e7am nesta segunda-feira, 4, \u00e0s 9h, e podem ser feitas, exclusivamente, pela internet (fumec.sp.gov.br\/ceprocamp), at\u00e9\u2026","rel":"","context":"In &quot;Variedades&quot;","block_context":{"text":"Variedades","link":"https:\/\/ismaelcolosi.com.br\/index.php\/category\/variedades\/"},"img":{"alt_text":"","src":"https:\/\/i0.wp.com\/ismaelcolosi.com.br\/wp-content\/uploads\/2023\/12\/curso-gratuito-ceprocamp.jpg?fit=1200%2C638&ssl=1&resize=350%2C200","width":350,"height":200,"srcset":"https:\/\/i0.wp.com\/ismaelcolosi.com.br\/wp-content\/uploads\/2023\/12\/curso-gratuito-ceprocamp.jpg?fit=1200%2C638&ssl=1&resize=350%2C200 1x, https:\/\/i0.wp.com\/ismaelcolosi.com.br\/wp-content\/uploads\/2023\/12\/curso-gratuito-ceprocamp.jpg?fit=1200%2C638&ssl=1&resize=525%2C300 1.5x, https:\/\/i0.wp.com\/ismaelcolosi.com.br\/wp-content\/uploads\/2023\/12\/curso-gratuito-ceprocamp.jpg?fit=1200%2C638&ssl=1&resize=700%2C400 2x, https:\/\/i0.wp.com\/ismaelcolosi.com.br\/wp-content\/uploads\/2023\/12\/curso-gratuito-ceprocamp.jpg?fit=1200%2C638&ssl=1&resize=1050%2C600 3x"},"classes":[]},{"id":4795,"url":"https:\/\/ismaelcolosi.com.br\/index.php\/2023\/11\/22\/rs-oferece-mais-de-22-mil-vagas-em-cursos-tecnicos-gratuitos\/","url_meta":{"origin":8932,"position":4},"title":"RS oferece mais de 22 mil vagas em cursos t\u00e9cnicos gratuitos","author":"ismaelcolosi.com.br","date":"22 de November de 2023","format":false,"excerpt":"O governo do Rio Grande do Sul est\u00e1 com inscri\u00e7\u00f5es abertas para 63 cursos t\u00e9cnicos gratuitos. Ao todo, s\u00e3o oferecidas mais de 22 mil vagas. A inscri\u00e7\u00e3o para as pr\u00e9-matr\u00edculas segue aberta at\u00e9 dia 1\u00ba de dezembro. \u00c9 poss\u00edvel se inscrever pelo site da Secretaria da Educa\u00e7\u00e3o (Seduc), na aba\u2026","rel":"","context":"In &quot;Variedades&quot;","block_context":{"text":"Variedades","link":"https:\/\/ismaelcolosi.com.br\/index.php\/category\/variedades\/"},"img":{"alt_text":"","src":"https:\/\/i0.wp.com\/ismaelcolosi.com.br\/wp-content\/uploads\/2023\/11\/cursos-gratuitos-rs.jpg?fit=1200%2C638&ssl=1&resize=350%2C200","width":350,"height":200,"srcset":"https:\/\/i0.wp.com\/ismaelcolosi.com.br\/wp-content\/uploads\/2023\/11\/cursos-gratuitos-rs.jpg?fit=1200%2C638&ssl=1&resize=350%2C200 1x, https:\/\/i0.wp.com\/ismaelcolosi.com.br\/wp-content\/uploads\/2023\/11\/cursos-gratuitos-rs.jpg?fit=1200%2C638&ssl=1&resize=525%2C300 1.5x, https:\/\/i0.wp.com\/ismaelcolosi.com.br\/wp-content\/uploads\/2023\/11\/cursos-gratuitos-rs.jpg?fit=1200%2C638&ssl=1&resize=700%2C400 2x, https:\/\/i0.wp.com\/ismaelcolosi.com.br\/wp-content\/uploads\/2023\/11\/cursos-gratuitos-rs.jpg?fit=1200%2C638&ssl=1&resize=1050%2C600 3x"},"classes":[]},{"id":7475,"url":"https:\/\/ismaelcolosi.com.br\/index.php\/2023\/11\/28\/faetec-abre-quase-7-mil-vagas-cursos-gratuitos-veja-lista\/","url_meta":{"origin":8932,"position":5},"title":"Faetec abre quase 7 mil vagas cursos gratuitos; veja lista","author":"ismaelcolosi.com.br","date":"28 de November de 2023","format":false,"excerpt":"A Funda\u00e7\u00e3o de Apoio \u00e0 Escola T\u00e9cnica (Faetec) est\u00e1 com inscri\u00e7\u00f5es abertas cursos gratuitos, que v\u00e3o da educa\u00e7\u00e3o infantil ao ensino superior e tamb\u00e9m t\u00e9cnico. Ao todo, s\u00e3o 6.993 vagas no processo seletivo para ingresso em 2024. As inscri\u00e7\u00f5es ficam abertas at\u00e9 o dia 20 de dezembro e devem ser\u2026","rel":"","context":"In &quot;Variedades&quot;","block_context":{"text":"Variedades","link":"https:\/\/ismaelcolosi.com.br\/index.php\/category\/variedades\/"},"img":{"alt_text":"","src":"https:\/\/i0.wp.com\/ismaelcolosi.com.br\/wp-content\/uploads\/2023\/11\/faetec-rj-cursos-gratuitos.jpg?fit=1200%2C638&ssl=1&resize=350%2C200","width":350,"height":200,"srcset":"https:\/\/i0.wp.com\/ismaelcolosi.com.br\/wp-content\/uploads\/2023\/11\/faetec-rj-cursos-gratuitos.jpg?fit=1200%2C638&ssl=1&resize=350%2C200 1x, https:\/\/i0.wp.com\/ismaelcolosi.com.br\/wp-content\/uploads\/2023\/11\/faetec-rj-cursos-gratuitos.jpg?fit=1200%2C638&ssl=1&resize=525%2C300 1.5x, https:\/\/i0.wp.com\/ismaelcolosi.com.br\/wp-content\/uploads\/2023\/11\/faetec-rj-cursos-gratuitos.jpg?fit=1200%2C638&ssl=1&resize=700%2C400 2x, https:\/\/i0.wp.com\/ismaelcolosi.com.br\/wp-content\/uploads\/2023\/11\/faetec-rj-cursos-gratuitos.jpg?fit=1200%2C638&ssl=1&resize=1050%2C600 3x"},"classes":[]}],"jetpack_sharing_enabled":true,"jetpack_shortlink":"https:\/\/wp.me\/pfMlyK-2k4","_links":{"self":[{"href":"https:\/\/ismaelcolosi.com.br\/index.php\/wp-json\/wp\/v2\/posts\/8932","targetHints":{"allow":["GET"]}}],"collection":[{"href":"https:\/\/ismaelcolosi.com.br\/index.php\/wp-json\/wp\/v2\/posts"}],"about":[{"href":"https:\/\/ismaelcolosi.com.br\/index.php\/wp-json\/wp\/v2\/types\/post"}],"author":[{"embeddable":true,"href":"https:\/\/ismaelcolosi.com.br\/index.php\/wp-json\/wp\/v2\/users\/1"}],"replies":[{"embeddable":true,"href":"https:\/\/ismaelcolosi.com.br\/index.php\/wp-json\/wp\/v2\/comments?post=8932"}],"version-history":[{"count":0,"href":"https:\/\/ismaelcolosi.com.br\/index.php\/wp-json\/wp\/v2\/posts\/8932\/revisions"}],"wp:featuredmedia":[{"embeddable":true,"href":"https:\/\/ismaelcolosi.com.br\/index.php\/wp-json\/wp\/v2\/media\/8933"}],"wp:attachment":[{"href":"https:\/\/ismaelcolosi.com.br\/index.php\/wp-json\/wp\/v2\/media?parent=8932"}],"wp:term":[{"taxonomy":"category","embeddable":true,"href":"https:\/\/ismaelcolosi.com.br\/index.php\/wp-json\/wp\/v2\/categories?post=8932"},{"taxonomy":"post_tag","embeddable":true,"href":"https:\/\/ismaelcolosi.com.br\/index.php\/wp-json\/wp\/v2\/tags?post=8932"}],"curies":[{"name":"wp","href":"https:\/\/api.w.org\/{rel}","templated":true}]}}