{"id":8928,"date":"2023-12-01T07:07:13","date_gmt":"2023-12-01T10:07:13","guid":{"rendered":"https:\/\/ismaelcolosi.com.br\/index.php\/2023\/12\/01\/abrir-mei-fica-ainda-mais-simples-apos-esta-decisao-do-governo-confira\/"},"modified":"2023-12-01T07:07:13","modified_gmt":"2023-12-01T10:07:13","slug":"abrir-mei-fica-ainda-mais-simples-apos-esta-decisao-do-governo-confira","status":"publish","type":"post","link":"https:\/\/ismaelcolosi.com.br\/index.php\/2023\/12\/01\/abrir-mei-fica-ainda-mais-simples-apos-esta-decisao-do-governo-confira\/","title":{"rendered":"Abrir MEI fica ainda mais simples ap\u00f3s esta decis\u00e3o do governo; confira"},"content":{"rendered":"<p> <br \/>\n<\/p>\n<div>\n<p><a href=\"https:\/\/www.gov.br\/receitafederal\/pt-br\">Receita Federal<\/a> implantou mais uma a\u00e7\u00e3o de simplifica\u00e7\u00e3o no Formul\u00e1rio do Microempreendedor Individual (MEI) no Portal do Empreendedor.<\/p>\n<div id=\"attachment_2315702\" class=\"wp-caption aligncenter\">\n<div class=\"d-flex justify-content-center\" data-attachment-id=\"2315702\">\n<div class=\"position-relative d-inline-block\"><img data-recalc-dims=\"1\" data-portal-copyright=\"Istock\/Vergani_Fotografia\" fetchpriority=\"high\" decoding=\"async\" class=\"size-large wp-image-2315702\" src=\"https:\/\/i0.wp.com\/catracalivre.com.br\/wp-content\/uploads\/2023\/11\/istock-1482168655-910x607.jpg?resize=910%2C607&#038;ssl=1\" alt=\"Abrir MEI fica ainda mais simples ap\u00f3s esta decis\u00e3o do governo; confira\" width=\"910\" height=\"607\" srcset=\"https:\/\/catracalivre.com.br\/wp-content\/uploads\/2023\/11\/istock-1482168655-910x607.jpg 910w, https:\/\/catracalivre.com.br\/wp-content\/uploads\/2023\/11\/istock-1482168655-450x300.jpg 450w, https:\/\/catracalivre.com.br\/wp-content\/uploads\/2023\/11\/istock-1482168655-768x512.jpg 768w\" sizes=\"(max-width: 910px) 100vw, 910px\"\/><\/p><div class='code-block code-block-8' style='margin: 8px auto; text-align: center; display: block; clear: both;'>\n<script>\n  atOptions = {\n    'key' : '66e2e2111ca34da796271819fc334058',\n    'format' : 'iframe',\n    'height' : 250,\n    'width' : 300,\n    'params' : {}\n  };\n<\/script>\n<script src=\"https:\/\/www.highperformanceformat.com\/66e2e2111ca34da796271819fc334058\/invoke.js\"><\/script>\n<\/div>\n\n<p>Cr\u00e9ditos: Istock\/Vergani_Fotografia<\/p>\n<\/div>\n<\/div>\n<p><span class=\"post-imagem__legenda\">Abrir MEI fica ainda mais simples ap\u00f3s esta decis\u00e3o do governo; confira<\/span><\/p>\n<\/div>\n<p>Confira o que vai mudar:<\/p>\n<ul>\n<li>O usu\u00e1rio n\u00e3o ter\u00e1 que preencher mais o campo denominado Nome Fantasia;<\/li>\n<li>O processo de registro do Microempreendedor ficar\u00e1 mais fluido, simples e transparente do ponto de vista do cidad\u00e3o e est\u00e1 aderente \u00e0s diretrizes institucionais para induzir, acelerar e racionalizar o processo de legaliza\u00e7\u00e3o de abertura de empresas e neg\u00f3cios do Brasil, tendo como foco a jornada do cidad\u00e3o.<\/li>\n<\/ul>\n<p>Outro fator importante foi que a elimina\u00e7\u00e3o do atributo Nome Fantasia garantir\u00e1 maior integridade e conformidade<\/p>\n<h2>Passo a passo para abrir um MEI sem dores de cabe\u00e7a<\/h2>\n<p>Acesse o \u201c<a href=\"https:\/\/www.gov.br\/empresas-e-negocios\/pt-br\/empreendedor\">Portal do Empreendedor<\/a>\u201d\u00a0e clique na op\u00e7\u00e3o \u201cQuero ser MEI\u201d. Em seguida, selecione a op\u00e7\u00e3o \u201cFormalize-se\u201d.<br \/>Preencha seus Dados Pessoais: Voc\u00ea ser\u00e1 redirecionado para um ambiente do Governo Federal. Preencha suas informa\u00e7\u00f5es pessoais conforme solicitado:<\/p>\n<ul>\n<li>CPF;<\/li>\n<li>Data de nascimento;<\/li>\n<li>Nome empresarial;<\/li>\n<li>Nome do empres\u00e1rio;<\/li>\n<li>Nacionalidade;<\/li>\n<li>Sexo;<\/li>\n<li>Nome da m\u00e3e;<\/li>\n<li>RG;<\/li>\n<li>Telefone;<\/li>\n<li>E-mail;<\/li>\n<li>N\u00famero do recibo da Declara\u00e7\u00e3o de Imposto de Renda Pessoa F\u00edsica (DIRPF) dos dois \u00faltimos anos;<\/li>\n<li>Capital social (valor investido na empresa);<\/li>\n<li>Comprovante de endere\u00e7o da empresa e da resid\u00eancia.<\/li>\n<\/ul>\n<h2>Escolha a Atividade:<\/h2>\n<p>Informe sua atividade principal e, se necess\u00e1rio, atividades secund\u00e1rias. Lembre-se de que \u00e9 permitida apenas uma atividade principal e, no m\u00e1ximo, 15 atividades secund\u00e1rias. Detalhe tamb\u00e9m o endere\u00e7o comercial e as formas de atua\u00e7\u00e3o.<\/p>\n<h2>Confirme o Cadastro:<\/h2>\n<p>Revise todas as informa\u00e7\u00f5es fornecidas e, se estiver tudo correto, confirme o cadastro. Ap\u00f3s a conclus\u00e3o, voc\u00ea receber\u00e1 o Certificado de Condi\u00e7\u00e3o de Microempreendedor Individual (CCMEI) e o Cadastro Nacional de Pessoa Jur\u00eddica (CNPJ).<\/p>\n<h2>Imprima e Arquive documentos do MEI:<\/h2>\n<p>\u00c9 recomend\u00e1vel que voc\u00ea imprima o CCMEI e o CNPJ para manter em seus registros. Eles comprovam a sua condi\u00e7\u00e3o de MEI e podem ser exigidos em diversas situa\u00e7\u00f5es, como abertura de conta banc\u00e1ria ou obten\u00e7\u00e3o de empr\u00e9stimos.<\/p>\n<p>Com esses passos, voc\u00ea estar\u00e1 oficialmente registrado como Microempreendedor Individual, podendo exercer suas atividades de forma regular, com benef\u00edcios fiscais simplificados e a possibilidade de emitir notas fiscais. Lembre-se de cumprir com as obriga\u00e7\u00f5es e responsabilidades de um MEI para manter o seu neg\u00f3cio em conformidade com a legisla\u00e7\u00e3o vigente. Boa sorte em sua jornada empreendedora!<\/p>\n<\/div>\n<p><script>\n\t\t! function(f, b, e, v, n, t, s) {\n\t\t\tif (f.fbq) return;\n\t\t\tn = f.fbq = function() {\n\t\t\t\tn.callMethod ?\n\t\t\t\t\tn.callMethod.apply(n, arguments) : n.queue.push(arguments)\n\t\t\t};\n\t\t\tif (!f._fbq) f._fbq = n;\n\t\t\tn.push = n;\n\t\t\tn.loaded = !0;\n\t\t\tn.version = '2.0';\n\t\t\tn.queue = [];\n\t\t\tt = b.createElement(e);\n\t\t\tt.async = !0;\n\t\t\tt.src = v;\n\t\t\ts = b.getElementsByTagName(e)[0];\n\t\t\ts.parentNode.insertBefore(t, s)\n\t\t}(window, document, 'script',\n\t\t\t'https:\/\/connect.facebook.net\/en_US\/fbevents.js');\n\t\tfbq('init', '338315473262380');\n\t\tfbq('track', 'PageView');\n\t<\/script><br \/>\n<br \/><br \/>\n<br \/><a href=\"https:\/\/catracalivre.com.br\/cidadania\/abrir-mei-fica-ainda-mais-simples-apos-esta-decisao-do-governo-confira\/\">Source link <\/a><\/p>\n<div class='code-block code-block-4' style='margin: 8px auto 8px 0; text-align: left; display: block; clear: both;'>\n\ud83d\udce2 Aviso Legal\n\nO site ismaelcolosi.com.br atua apenas como um canal de divulga\u00e7\u00e3o de oportunidades de emprego e n\u00e3o se responsabiliza pelo processo seletivo, contrata\u00e7\u00e3o ou qualquer outra etapa relacionada \u00e0s vagas publicadas. Todas as informa\u00e7\u00f5es s\u00e3o de responsabilidade dos anunciantes.\n\n\u26a0\ufe0f Aten\u00e7\u00e3o! Nunca pague por promessas de emprego nem compre cursos que garantam contrata\u00e7\u00e3o. Desconfie de qualquer cobran\u00e7a para participar de sele\u00e7\u00f5es.\n\n\n\n<\/div>\n<!-- CONTENT END 1 -->\n","protected":false},"excerpt":{"rendered":"<p>Receita Federal implantou mais uma a\u00e7\u00e3o de simplifica\u00e7\u00e3o no Formul\u00e1rio do Microempreendedor Individual (MEI) no Portal do Empreendedor. Cr\u00e9ditos: Istock\/Vergani_Fotografia Abrir MEI fica ainda mais&#8230;<\/p>\n","protected":false},"author":1,"featured_media":8929,"comment_status":"open","ping_status":"open","sticky":false,"template":"","format":"standard","meta":{"_uag_custom_page_level_css":"","advanced_seo_description":"","jetpack_seo_html_title":"","jetpack_seo_noindex":false,"jetpack_post_was_ever_published":false,"_jetpack_newsletter_access":"","_jetpack_dont_email_post_to_subs":false,"_jetpack_newsletter_tier_id":0,"_jetpack_memberships_contains_paywalled_content":false,"_jetpack_memberships_contains_paid_content":false,"footnotes":"","jetpack_publicize_message":"","jetpack_publicize_feature_enabled":true,"jetpack_social_post_already_shared":true,"jetpack_social_options":{"image_generator_settings":{"template":"highway","default_image_id":0,"font":"","enabled":false},"version":2}},"categories":[19],"tags":[],"class_list":["post-8928","post","type-post","status-publish","format-standard","has-post-thumbnail","hentry","category-variedades"],"jetpack_publicize_connections":[],"jetpack_featured_media_url":"https:\/\/i0.wp.com\/ismaelcolosi.com.br\/wp-content\/uploads\/2023\/12\/istock-1482168655.jpg?fit=1200%2C638&ssl=1","uagb_featured_image_src":{"full":["https:\/\/i0.wp.com\/ismaelcolosi.com.br\/wp-content\/uploads\/2023\/12\/istock-1482168655.jpg?fit=1200%2C638&ssl=1",1200,638,false],"thumbnail":["https:\/\/i0.wp.com\/ismaelcolosi.com.br\/wp-content\/uploads\/2023\/12\/istock-1482168655.jpg?resize=150%2C150&ssl=1",150,150,true],"medium":["https:\/\/i0.wp.com\/ismaelcolosi.com.br\/wp-content\/uploads\/2023\/12\/istock-1482168655.jpg?fit=300%2C160&ssl=1",300,160,true],"medium_large":["https:\/\/i0.wp.com\/ismaelcolosi.com.br\/wp-content\/uploads\/2023\/12\/istock-1482168655.jpg?fit=768%2C408&ssl=1",768,408,true],"large":["https:\/\/i0.wp.com\/ismaelcolosi.com.br\/wp-content\/uploads\/2023\/12\/istock-1482168655.jpg?fit=1024%2C544&ssl=1",1024,544,true],"1536x1536":["https:\/\/i0.wp.com\/ismaelcolosi.com.br\/wp-content\/uploads\/2023\/12\/istock-1482168655.jpg?fit=1200%2C638&ssl=1",1200,638,true],"2048x2048":["https:\/\/i0.wp.com\/ismaelcolosi.com.br\/wp-content\/uploads\/2023\/12\/istock-1482168655.jpg?fit=1200%2C638&ssl=1",1200,638,true],"really-simple-thumb":["https:\/\/i0.wp.com\/ismaelcolosi.com.br\/wp-content\/uploads\/2023\/12\/istock-1482168655.jpg?resize=370%2C247&ssl=1",370,247,true]},"uagb_author_info":{"display_name":"ismaelcolosi.com.br","author_link":"https:\/\/ismaelcolosi.com.br\/index.php\/author\/vidareal-online\/"},"uagb_comment_info":0,"uagb_excerpt":"Receita Federal implantou mais uma a\u00e7\u00e3o de simplifica\u00e7\u00e3o no Formul\u00e1rio do Microempreendedor Individual (MEI) no Portal do Empreendedor. Cr\u00e9ditos: Istock\/Vergani_Fotografia Abrir MEI fica ainda mais...","jetpack-related-posts":[{"id":18698,"url":"https:\/\/ismaelcolosi.com.br\/index.php\/2023\/12\/20\/confira-as-novidades-mais-aguardadas-que-chegarao-em-2024\/","url_meta":{"origin":8928,"position":0},"title":"Confira as novidades mais aguardadas que chegar\u00e3o em 2024","author":"ismaelcolosi.com.br","date":"20 de December de 2023","format":false,"excerpt":"O Ministro do Empreendedorismo, M\u00e1rcio Fran\u00e7a (PSB), revelou planos para reformular as regras de faturamento do Microempreendedor Individual (MEI). Segundo Fran\u00e7a, a proposta visa incentivar os empreendedores a contribuir mais para a Previd\u00eancia, o que resultaria em benef\u00edcios de aposentadoria mais substanciais. Cr\u00e9ditos: Istock\/JLco - Julia AmaralMEI: Confira as novidades\u2026","rel":"","context":"In &quot;Variedades&quot;","block_context":{"text":"Variedades","link":"https:\/\/ismaelcolosi.com.br\/index.php\/category\/variedades\/"},"img":{"alt_text":"","src":"https:\/\/i0.wp.com\/ismaelcolosi.com.br\/wp-content\/uploads\/2023\/12\/1703117557_istock-1690799866.jpg?fit=1200%2C638&ssl=1&resize=350%2C200","width":350,"height":200,"srcset":"https:\/\/i0.wp.com\/ismaelcolosi.com.br\/wp-content\/uploads\/2023\/12\/1703117557_istock-1690799866.jpg?fit=1200%2C638&ssl=1&resize=350%2C200 1x, https:\/\/i0.wp.com\/ismaelcolosi.com.br\/wp-content\/uploads\/2023\/12\/1703117557_istock-1690799866.jpg?fit=1200%2C638&ssl=1&resize=525%2C300 1.5x, https:\/\/i0.wp.com\/ismaelcolosi.com.br\/wp-content\/uploads\/2023\/12\/1703117557_istock-1690799866.jpg?fit=1200%2C638&ssl=1&resize=700%2C400 2x, https:\/\/i0.wp.com\/ismaelcolosi.com.br\/wp-content\/uploads\/2023\/12\/1703117557_istock-1690799866.jpg?fit=1200%2C638&ssl=1&resize=1050%2C600 3x"},"classes":[]},{"id":6459,"url":"https:\/\/ismaelcolosi.com.br\/index.php\/2023\/11\/25\/receita-federal-simplifica-cadastro-mei-entenda\/","url_meta":{"origin":8928,"position":1},"title":"Receita Federal simplifica cadastro MEI; entenda","author":"ismaelcolosi.com.br","date":"25 de November de 2023","format":false,"excerpt":"Cr\u00e9ditos: Istock\/JLco - Julia AmaralReceita SURPREENDE e simplifica abertura de MEI A Receita Federal anunciou uma importante simplifica\u00e7\u00e3o no processo de cadastro para Microempreendedores Individuais (MEI), visando tornar a experi\u00eancia mais eficiente e descomplicada. A principal mudan\u00e7a consiste na elimina\u00e7\u00e3o do campo referente ao Nome Fantasia, tornando o preenchimento do\u2026","rel":"","context":"In &quot;Variedades&quot;","block_context":{"text":"Variedades","link":"https:\/\/ismaelcolosi.com.br\/index.php\/category\/variedades\/"},"img":{"alt_text":"","src":"https:\/\/i0.wp.com\/ismaelcolosi.com.br\/wp-content\/uploads\/2023\/11\/1700962853_fortalecer-financas.jpg?fit=1200%2C638&ssl=1&resize=350%2C200","width":350,"height":200,"srcset":"https:\/\/i0.wp.com\/ismaelcolosi.com.br\/wp-content\/uploads\/2023\/11\/1700962853_fortalecer-financas.jpg?fit=1200%2C638&ssl=1&resize=350%2C200 1x, https:\/\/i0.wp.com\/ismaelcolosi.com.br\/wp-content\/uploads\/2023\/11\/1700962853_fortalecer-financas.jpg?fit=1200%2C638&ssl=1&resize=525%2C300 1.5x, https:\/\/i0.wp.com\/ismaelcolosi.com.br\/wp-content\/uploads\/2023\/11\/1700962853_fortalecer-financas.jpg?fit=1200%2C638&ssl=1&resize=700%2C400 2x, https:\/\/i0.wp.com\/ismaelcolosi.com.br\/wp-content\/uploads\/2023\/11\/1700962853_fortalecer-financas.jpg?fit=1200%2C638&ssl=1&resize=1050%2C600 3x"},"classes":[]},{"id":18851,"url":"https:\/\/ismaelcolosi.com.br\/index.php\/2023\/12\/21\/governo-prepara-condicoes-surpreendentes-para-quem-e-mei-em-2024\/","url_meta":{"origin":8928,"position":2},"title":"Governo prepara condi\u00e7\u00f5es SURPREENDENTES para quem \u00e9 MEI em 2024","author":"ismaelcolosi.com.br","date":"21 de December de 2023","format":false,"excerpt":"O Ministro do Empreendedorismo, M\u00e1rcio Fran\u00e7a (PSB), revelou planos para reformular as regras de faturamento do Microempreendedor Individual (MEI). Segundo Fran\u00e7a, a proposta visa incentivar os empreendedores a contribuir mais para a Previd\u00eancia, o que resultaria em benef\u00edcios de aposentadoria mais substanciais. Cr\u00e9ditos: Istock\/FG TradeGoverno prepara condi\u00e7\u00f5es SURPREENDENTES para quem\u2026","rel":"","context":"In &quot;Variedades&quot;","block_context":{"text":"Variedades","link":"https:\/\/ismaelcolosi.com.br\/index.php\/category\/variedades\/"},"img":{"alt_text":"","src":"https:\/\/i0.wp.com\/ismaelcolosi.com.br\/wp-content\/uploads\/2023\/12\/1703153895_istock-1416831637.jpg?fit=1200%2C638&ssl=1&resize=350%2C200","width":350,"height":200,"srcset":"https:\/\/i0.wp.com\/ismaelcolosi.com.br\/wp-content\/uploads\/2023\/12\/1703153895_istock-1416831637.jpg?fit=1200%2C638&ssl=1&resize=350%2C200 1x, https:\/\/i0.wp.com\/ismaelcolosi.com.br\/wp-content\/uploads\/2023\/12\/1703153895_istock-1416831637.jpg?fit=1200%2C638&ssl=1&resize=525%2C300 1.5x, https:\/\/i0.wp.com\/ismaelcolosi.com.br\/wp-content\/uploads\/2023\/12\/1703153895_istock-1416831637.jpg?fit=1200%2C638&ssl=1&resize=700%2C400 2x, https:\/\/i0.wp.com\/ismaelcolosi.com.br\/wp-content\/uploads\/2023\/12\/1703153895_istock-1416831637.jpg?fit=1200%2C638&ssl=1&resize=1050%2C600 3x"},"classes":[]},{"id":13722,"url":"https:\/\/ismaelcolosi.com.br\/index.php\/2023\/12\/11\/microempreendedor-tera-beneficios-na-transicao-de-mei-para-microempresa\/","url_meta":{"origin":8928,"position":3},"title":"Microempreendedor ter\u00e1 benef\u00edcios na transi\u00e7\u00e3o de MEI para microempresa","author":"ismaelcolosi.com.br","date":"11 de December de 2023","format":false,"excerpt":"O Ministro do Empreendedorismo, M\u00e1rcio Fran\u00e7a (PSB), revelou planos para reformular as regras de faturamento do Microempreendedor Individual (MEI). Segundo Fran\u00e7a, a proposta visa incentivar os empreendedores a contribuir mais para a Previd\u00eancia, o que resultaria em benef\u00edcios de aposentadoria mais substanciais. Cr\u00e9ditos: Istock\/Vergani_FotografiaMicroempreendedor ter\u00e1 benef\u00edcios na transi\u00e7\u00e3o de MEI\u2026","rel":"","context":"In &quot;Variedades&quot;","block_context":{"text":"Variedades","link":"https:\/\/ismaelcolosi.com.br\/index.php\/category\/variedades\/"},"img":{"alt_text":"","src":"https:\/\/i0.wp.com\/ismaelcolosi.com.br\/wp-content\/uploads\/2023\/12\/1702284793_istock-1482168655.jpg?fit=1200%2C638&ssl=1&resize=350%2C200","width":350,"height":200,"srcset":"https:\/\/i0.wp.com\/ismaelcolosi.com.br\/wp-content\/uploads\/2023\/12\/1702284793_istock-1482168655.jpg?fit=1200%2C638&ssl=1&resize=350%2C200 1x, https:\/\/i0.wp.com\/ismaelcolosi.com.br\/wp-content\/uploads\/2023\/12\/1702284793_istock-1482168655.jpg?fit=1200%2C638&ssl=1&resize=525%2C300 1.5x, https:\/\/i0.wp.com\/ismaelcolosi.com.br\/wp-content\/uploads\/2023\/12\/1702284793_istock-1482168655.jpg?fit=1200%2C638&ssl=1&resize=700%2C400 2x, https:\/\/i0.wp.com\/ismaelcolosi.com.br\/wp-content\/uploads\/2023\/12\/1702284793_istock-1482168655.jpg?fit=1200%2C638&ssl=1&resize=1050%2C600 3x"},"classes":[]},{"id":14018,"url":"https:\/\/ismaelcolosi.com.br\/index.php\/2023\/12\/11\/governo-surpeende-com-mudancas-drasticas-para-quem-e-mei\/","url_meta":{"origin":8928,"position":4},"title":"Governo SURPEENDE com mudan\u00e7as DR\u00c1STICAS para quem \u00e9 MEI","author":"ismaelcolosi.com.br","date":"11 de December de 2023","format":false,"excerpt":"O Ministro do Empreendedorismo, M\u00e1rcio Fran\u00e7a (PSB), revelou planos para reformular as regras de faturamento do Microempreendedor Individual (MEI). Segundo Fran\u00e7a, a proposta visa incentivar os empreendedores a contribuir mais para a Previd\u00eancia, o que resultaria em benef\u00edcios de aposentadoria mais substanciais. Cr\u00e9ditos: Istock\/klebercordeiroGoverno SURPEENDE com mudan\u00e7as DR\u00c1STICAS para quem\u2026","rel":"","context":"In &quot;Variedades&quot;","block_context":{"text":"Variedades","link":"https:\/\/ismaelcolosi.com.br\/index.php\/category\/variedades\/"},"img":{"alt_text":"","src":"https:\/\/i0.wp.com\/ismaelcolosi.com.br\/wp-content\/uploads\/2023\/12\/istock-1417064302.jpg?fit=1200%2C638&ssl=1&resize=350%2C200","width":350,"height":200,"srcset":"https:\/\/i0.wp.com\/ismaelcolosi.com.br\/wp-content\/uploads\/2023\/12\/istock-1417064302.jpg?fit=1200%2C638&ssl=1&resize=350%2C200 1x, https:\/\/i0.wp.com\/ismaelcolosi.com.br\/wp-content\/uploads\/2023\/12\/istock-1417064302.jpg?fit=1200%2C638&ssl=1&resize=525%2C300 1.5x, https:\/\/i0.wp.com\/ismaelcolosi.com.br\/wp-content\/uploads\/2023\/12\/istock-1417064302.jpg?fit=1200%2C638&ssl=1&resize=700%2C400 2x, https:\/\/i0.wp.com\/ismaelcolosi.com.br\/wp-content\/uploads\/2023\/12\/istock-1417064302.jpg?fit=1200%2C638&ssl=1&resize=1050%2C600 3x"},"classes":[]},{"id":16200,"url":"https:\/\/ismaelcolosi.com.br\/index.php\/2023\/12\/15\/mei-tera-novidades-surpreendentes-em-2024-confira-tudo-aqui\/","url_meta":{"origin":8928,"position":5},"title":"MEI ter\u00e1 novidades SURPREENDENTES em 2024; confira tudo aqui","author":"ismaelcolosi.com.br","date":"15 de December de 2023","format":false,"excerpt":"O Ministro do Empreendedorismo, M\u00e1rcio Fran\u00e7a (PSB), revelou planos para reformular as regras de faturamento do Microempreendedor Individual (MEI). Segundo Fran\u00e7a, a proposta visa incentivar os empreendedores a contribuir mais para a Previd\u00eancia, o que resultaria em benef\u00edcios de aposentadoria mais substanciais. Cr\u00e9ditos: Istock\/visualspace MEI: Aumento do teto de faturamento\u2026","rel":"","context":"In &quot;Variedades&quot;","block_context":{"text":"Variedades","link":"https:\/\/ismaelcolosi.com.br\/index.php\/category\/variedades\/"},"img":{"alt_text":"","src":"https:\/\/i0.wp.com\/ismaelcolosi.com.br\/wp-content\/uploads\/2023\/12\/1702633090_istock-1463712307.jpg?fit=1200%2C638&ssl=1&resize=350%2C200","width":350,"height":200,"srcset":"https:\/\/i0.wp.com\/ismaelcolosi.com.br\/wp-content\/uploads\/2023\/12\/1702633090_istock-1463712307.jpg?fit=1200%2C638&ssl=1&resize=350%2C200 1x, https:\/\/i0.wp.com\/ismaelcolosi.com.br\/wp-content\/uploads\/2023\/12\/1702633090_istock-1463712307.jpg?fit=1200%2C638&ssl=1&resize=525%2C300 1.5x, https:\/\/i0.wp.com\/ismaelcolosi.com.br\/wp-content\/uploads\/2023\/12\/1702633090_istock-1463712307.jpg?fit=1200%2C638&ssl=1&resize=700%2C400 2x, https:\/\/i0.wp.com\/ismaelcolosi.com.br\/wp-content\/uploads\/2023\/12\/1702633090_istock-1463712307.jpg?fit=1200%2C638&ssl=1&resize=1050%2C600 3x"},"classes":[]}],"jetpack_sharing_enabled":true,"jetpack_shortlink":"https:\/\/wp.me\/pfMlyK-2k0","_links":{"self":[{"href":"https:\/\/ismaelcolosi.com.br\/index.php\/wp-json\/wp\/v2\/posts\/8928","targetHints":{"allow":["GET"]}}],"collection":[{"href":"https:\/\/ismaelcolosi.com.br\/index.php\/wp-json\/wp\/v2\/posts"}],"about":[{"href":"https:\/\/ismaelcolosi.com.br\/index.php\/wp-json\/wp\/v2\/types\/post"}],"author":[{"embeddable":true,"href":"https:\/\/ismaelcolosi.com.br\/index.php\/wp-json\/wp\/v2\/users\/1"}],"replies":[{"embeddable":true,"href":"https:\/\/ismaelcolosi.com.br\/index.php\/wp-json\/wp\/v2\/comments?post=8928"}],"version-history":[{"count":0,"href":"https:\/\/ismaelcolosi.com.br\/index.php\/wp-json\/wp\/v2\/posts\/8928\/revisions"}],"wp:featuredmedia":[{"embeddable":true,"href":"https:\/\/ismaelcolosi.com.br\/index.php\/wp-json\/wp\/v2\/media\/8929"}],"wp:attachment":[{"href":"https:\/\/ismaelcolosi.com.br\/index.php\/wp-json\/wp\/v2\/media?parent=8928"}],"wp:term":[{"taxonomy":"category","embeddable":true,"href":"https:\/\/ismaelcolosi.com.br\/index.php\/wp-json\/wp\/v2\/categories?post=8928"},{"taxonomy":"post_tag","embeddable":true,"href":"https:\/\/ismaelcolosi.com.br\/index.php\/wp-json\/wp\/v2\/tags?post=8928"}],"curies":[{"name":"wp","href":"https:\/\/api.w.org\/{rel}","templated":true}]}}