{"id":8922,"date":"2023-12-01T06:44:51","date_gmt":"2023-12-01T09:44:51","guid":{"rendered":"https:\/\/ismaelcolosi.com.br\/index.php\/2023\/12\/01\/curso-gratuito-de-midias-digitais-na-capital-paulista-inscricoes-estao-chegando-ao-fim\/"},"modified":"2023-12-01T06:44:51","modified_gmt":"2023-12-01T09:44:51","slug":"curso-gratuito-de-midias-digitais-na-capital-paulista-inscricoes-estao-chegando-ao-fim","status":"publish","type":"post","link":"https:\/\/ismaelcolosi.com.br\/index.php\/2023\/12\/01\/curso-gratuito-de-midias-digitais-na-capital-paulista-inscricoes-estao-chegando-ao-fim\/","title":{"rendered":"Curso GRATUITO de m\u00eddias digitais na capital paulista; inscri\u00e7\u00f5es est\u00e3o chegando ao fim"},"content":{"rendered":"<p> <br \/>\n<\/p>\n<div>\n<p>Para incentivar o acesso profissional \u00e0 \u00e1rea de m\u00eddia, a All Set, ag\u00eancia que faz gest\u00e3o de in-houses para marcas como Nestl\u00e9, Ambev e Amazon, lan\u00e7ou curso gratuito para jovens que desejam entrar na carreira de m\u00eddia performance.<\/p>\n<p>Com inscri\u00e7\u00f5es online at\u00e9 7 de dezembro (acesse <a href=\"https:\/\/media4all.allsetcomunicacao.com.br\/\" target=\"_blank\" rel=\"noopener\">aqui<\/a>), o programa Media4All oferece oportunidades para estudantes universit\u00e1rios da <a href=\"https:\/\/catracalivre.com.br\/educacao\/capes-passa-a-aceitar-teste-de-ingles-do-duolingo\/\">\u00e1rea de m\u00eddia<\/a> residentes na capital paulista. N\u00e3o \u00e9 necess\u00e1ria experi\u00eancia.<\/p><div class='code-block code-block-8' style='margin: 8px auto; text-align: center; display: block; clear: both;'>\n<script>\n  atOptions = {\n    'key' : '66e2e2111ca34da796271819fc334058',\n    'format' : 'iframe',\n    'height' : 250,\n    'width' : 300,\n    'params' : {}\n  };\n<\/script>\n<script src=\"https:\/\/www.highperformanceformat.com\/66e2e2111ca34da796271819fc334058\/invoke.js\"><\/script>\n<\/div>\n\n<div id=\"attachment_2315329\" class=\"wp-caption aligncenter\">\n<div class=\"d-flex justify-content-center\" data-attachment-id=\"2315329\">\n<div class=\"position-relative d-inline-block\"><img data-recalc-dims=\"1\" data-portal-copyright=\"Urupong\/iStock\" fetchpriority=\"high\" decoding=\"async\" class=\"wp-image-2315329 size-large\" src=\"https:\/\/i0.wp.com\/catracalivre.com.br\/wp-content\/uploads\/2023\/11\/midia-digital-910x538.jpg?resize=910%2C538&#038;ssl=1\" alt=\"Programa em SP oferece curso gratuito em m\u00eddia digital\" width=\"910\" height=\"538\" srcset=\"https:\/\/catracalivre.com.br\/wp-content\/uploads\/2023\/11\/midia-digital-910x538.jpg 910w, https:\/\/catracalivre.com.br\/wp-content\/uploads\/2023\/11\/midia-digital-450x266.jpg 450w, https:\/\/catracalivre.com.br\/wp-content\/uploads\/2023\/11\/midia-digital-768x454.jpg 768w\" sizes=\"(max-width: 910px) 100vw, 910px\"\/><\/p>\n<p>Cr\u00e9ditos: Urupong\/iStock<\/p>\n<\/div>\n<\/div>\n<p><span class=\"post-imagem__legenda\">Programa em SP oferece curso gratuito em m\u00eddia digital<\/span><\/p>\n<\/div>\n<p>Objetivo o fazer com que os alunos cheguem mais preparados aos processos seletivos de est\u00e1gios.<\/p>\n<h2>Quem pode ser inscrever no curso gratuito?<\/h2>\n<p>O curso gratuito \u00e9 exclusivo para quem concluiu o ensino m\u00e9dio em escolas p\u00fablicas, ou privadas com bolsa de estudos.<\/p>\n<p>Das 15 vagas, 70% ser\u00e3o destinadas pessoas pretas, pardas ou ind\u00edgenas, LGBTQIAPN+, pessoas com defici\u00eancia e residentes de zonas perif\u00e9ricas da cidade de S\u00e3o Paulo.<\/p>\n<p>O curso gratuito ocorre de 11 de dezembro de 2023 a at\u00e9 9 de fevereiro, com duas aulas semanais ao vivo, com dura\u00e7\u00e3o de 90 minutos cada, via Google Meet.<\/p>\n<p>O encerramento ser\u00e1 presencial na sede da ag\u00eancia, na Vila Nova Concei\u00e7\u00e3o, na capital paulista.<\/p>\n<h3>Os palestrantes<\/h3>\n<p>Na cria\u00e7\u00e3o da metodologia est\u00e1 Henrique Russowsky, que, antes de chegar \u00e0 All Set como s\u00f3cio, passou pelo Google, e criou a J\u00fcssi, uma das primeiras ag\u00eancias de marketing digital no Brasil.<\/p>\n<p>As aulas de conte\u00fado t\u00e9cnico ser\u00e3o ministradas por Clayton Silva, especialista em Growth Marketing, que acumula passagens pela Greenz, F.biz e iFood.<\/p>\n<p>O programa tamb\u00e9m contar\u00e1 com uma trilha de conte\u00fados sobre softskills, elaborada pela Fernanda Cardoso, diretora de talentos da All Set, com mais de 15 anos de experi\u00eancia em recrutamento, sele\u00e7\u00e3o e gest\u00e3o de pessoas.<\/p>\n<p>Com uma grade multidisciplinar, o Media4All reconhece a import\u00e2ncia das habilidades t\u00e9cnicas, como tamb\u00e9m das compet\u00eancias interpessoais para o mercado de trabalho.<\/p>\n<\/div>\n<p><script>\n\t\t! function(f, b, e, v, n, t, s) {\n\t\t\tif (f.fbq) return;\n\t\t\tn = f.fbq = function() {\n\t\t\t\tn.callMethod ?\n\t\t\t\t\tn.callMethod.apply(n, arguments) : n.queue.push(arguments)\n\t\t\t};\n\t\t\tif (!f._fbq) f._fbq = n;\n\t\t\tn.push = n;\n\t\t\tn.loaded = !0;\n\t\t\tn.version = '2.0';\n\t\t\tn.queue = [];\n\t\t\tt = b.createElement(e);\n\t\t\tt.async = !0;\n\t\t\tt.src = v;\n\t\t\ts = b.getElementsByTagName(e)[0];\n\t\t\ts.parentNode.insertBefore(t, s)\n\t\t}(window, document, 'script',\n\t\t\t'https:\/\/connect.facebook.net\/en_US\/fbevents.js');\n\t\tfbq('init', '338315473262380');\n\t\tfbq('track', 'PageView');\n\t<\/script><br \/>\n<br \/><br \/>\n<br \/><a href=\"https:\/\/catracalivre.com.br\/educacao\/curso-gratuito-de-midias-digitais-na-capital-paulista-inscricoes-estao-chegando-ao-fim\/\">Source link <\/a><\/p>\n<div class='code-block code-block-4' style='margin: 8px auto 8px 0; text-align: left; display: block; clear: both;'>\n\ud83d\udce2 Aviso Legal\n\nO site ismaelcolosi.com.br atua apenas como um canal de divulga\u00e7\u00e3o de oportunidades de emprego e n\u00e3o se responsabiliza pelo processo seletivo, contrata\u00e7\u00e3o ou qualquer outra etapa relacionada \u00e0s vagas publicadas. Todas as informa\u00e7\u00f5es s\u00e3o de responsabilidade dos anunciantes.\n\n\u26a0\ufe0f Aten\u00e7\u00e3o! Nunca pague por promessas de emprego nem compre cursos que garantam contrata\u00e7\u00e3o. Desconfie de qualquer cobran\u00e7a para participar de sele\u00e7\u00f5es.\n\n\n\n<\/div>\n<!-- CONTENT END 1 -->\n","protected":false},"excerpt":{"rendered":"<p>Para incentivar o acesso profissional \u00e0 \u00e1rea de m\u00eddia, a All Set, ag\u00eancia que faz gest\u00e3o de in-houses para marcas como Nestl\u00e9, Ambev e Amazon,&#8230;<\/p>\n","protected":false},"author":1,"featured_media":8923,"comment_status":"open","ping_status":"open","sticky":false,"template":"","format":"standard","meta":{"_uag_custom_page_level_css":"","advanced_seo_description":"","jetpack_seo_html_title":"","jetpack_seo_noindex":false,"jetpack_post_was_ever_published":false,"_jetpack_newsletter_access":"","_jetpack_dont_email_post_to_subs":false,"_jetpack_newsletter_tier_id":0,"_jetpack_memberships_contains_paywalled_content":false,"_jetpack_memberships_contains_paid_content":false,"footnotes":"","jetpack_publicize_message":"","jetpack_publicize_feature_enabled":true,"jetpack_social_post_already_shared":true,"jetpack_social_options":{"image_generator_settings":{"template":"highway","default_image_id":0,"font":"","enabled":false},"version":2}},"categories":[19],"tags":[],"class_list":["post-8922","post","type-post","status-publish","format-standard","has-post-thumbnail","hentry","category-variedades"],"jetpack_publicize_connections":[],"jetpack_featured_media_url":"https:\/\/i0.wp.com\/ismaelcolosi.com.br\/wp-content\/uploads\/2023\/12\/midia-digital.jpg?fit=1200%2C638&ssl=1","uagb_featured_image_src":{"full":["https:\/\/i0.wp.com\/ismaelcolosi.com.br\/wp-content\/uploads\/2023\/12\/midia-digital.jpg?fit=1200%2C638&ssl=1",1200,638,false],"thumbnail":["https:\/\/i0.wp.com\/ismaelcolosi.com.br\/wp-content\/uploads\/2023\/12\/midia-digital.jpg?resize=150%2C150&ssl=1",150,150,true],"medium":["https:\/\/i0.wp.com\/ismaelcolosi.com.br\/wp-content\/uploads\/2023\/12\/midia-digital.jpg?fit=300%2C160&ssl=1",300,160,true],"medium_large":["https:\/\/i0.wp.com\/ismaelcolosi.com.br\/wp-content\/uploads\/2023\/12\/midia-digital.jpg?fit=768%2C408&ssl=1",768,408,true],"large":["https:\/\/i0.wp.com\/ismaelcolosi.com.br\/wp-content\/uploads\/2023\/12\/midia-digital.jpg?fit=1024%2C544&ssl=1",1024,544,true],"1536x1536":["https:\/\/i0.wp.com\/ismaelcolosi.com.br\/wp-content\/uploads\/2023\/12\/midia-digital.jpg?fit=1200%2C638&ssl=1",1200,638,true],"2048x2048":["https:\/\/i0.wp.com\/ismaelcolosi.com.br\/wp-content\/uploads\/2023\/12\/midia-digital.jpg?fit=1200%2C638&ssl=1",1200,638,true],"really-simple-thumb":["https:\/\/i0.wp.com\/ismaelcolosi.com.br\/wp-content\/uploads\/2023\/12\/midia-digital.jpg?resize=370%2C247&ssl=1",370,247,true]},"uagb_author_info":{"display_name":"ismaelcolosi.com.br","author_link":"https:\/\/ismaelcolosi.com.br\/index.php\/author\/vidareal-online\/"},"uagb_comment_info":0,"uagb_excerpt":"Para incentivar o acesso profissional \u00e0 \u00e1rea de m\u00eddia, a All Set, ag\u00eancia que faz gest\u00e3o de in-houses para marcas como Nestl\u00e9, Ambev e Amazon,...","jetpack-related-posts":[{"id":46384,"url":"https:\/\/ismaelcolosi.com.br\/index.php\/2024\/04\/11\/curso-de-culinaria-gratuito-esta-com-inscricoes-abertas-na-regiao-de-ribeirao-preto\/","url_meta":{"origin":8922,"position":0},"title":"Curso de culin\u00e1ria gratuito est\u00e1 com inscri\u00e7\u00f5es abertas na regi\u00e3o de Ribeir\u00e3o Preto","author":"ismaelcolosi.com.br","date":"11 de April de 2024","format":false,"excerpt":"Para quem busca oportunidade no mercado de trabalho e gosta da \u00e1rea de gastronomia, est\u00e3o abertas as inscri\u00e7\u00f5es para o curso de culin\u00e1ria do projeto Cozinha Paulista. Em Jaboticabal, cidade a 57 quil\u00f4metros de Ribeir\u00e3o Preto, s\u00e3o 50 vagas dispon\u00edveis para jovens a partir de 16 anos de idade que\u2026","rel":"","context":"In &quot;Not\u00edcias de Ribeir\u00e3o Preto-SP e Regi\u00e3o&quot;","block_context":{"text":"Not\u00edcias de Ribeir\u00e3o Preto-SP e Regi\u00e3o","link":"https:\/\/ismaelcolosi.com.br\/index.php\/category\/noticias-de-ribeirao-preto-sp-e-regiao-ismael-colosi\/"},"img":{"alt_text":"","src":"https:\/\/i0.wp.com\/ismaelcolosi.com.br\/wp-content\/uploads\/2024\/04\/Copia-de-Copia-de-TAMANHO-EXATO-PARA-FOTOS-NO-SISTEMA-NOVO-3-1.png?fit=1200%2C675&ssl=1&resize=350%2C200","width":350,"height":200,"srcset":"https:\/\/i0.wp.com\/ismaelcolosi.com.br\/wp-content\/uploads\/2024\/04\/Copia-de-Copia-de-TAMANHO-EXATO-PARA-FOTOS-NO-SISTEMA-NOVO-3-1.png?fit=1200%2C675&ssl=1&resize=350%2C200 1x, https:\/\/i0.wp.com\/ismaelcolosi.com.br\/wp-content\/uploads\/2024\/04\/Copia-de-Copia-de-TAMANHO-EXATO-PARA-FOTOS-NO-SISTEMA-NOVO-3-1.png?fit=1200%2C675&ssl=1&resize=525%2C300 1.5x, https:\/\/i0.wp.com\/ismaelcolosi.com.br\/wp-content\/uploads\/2024\/04\/Copia-de-Copia-de-TAMANHO-EXATO-PARA-FOTOS-NO-SISTEMA-NOVO-3-1.png?fit=1200%2C675&ssl=1&resize=700%2C400 2x, https:\/\/i0.wp.com\/ismaelcolosi.com.br\/wp-content\/uploads\/2024\/04\/Copia-de-Copia-de-TAMANHO-EXATO-PARA-FOTOS-NO-SISTEMA-NOVO-3-1.png?fit=1200%2C675&ssl=1&resize=1050%2C600 3x"},"classes":[]},{"id":46394,"url":"https:\/\/ismaelcolosi.com.br\/index.php\/2024\/04\/11\/curso-de-culinaria-gratuito-esta-com-inscricoes-abertas-na-regiao-de-ribeirao-preto-2\/","url_meta":{"origin":8922,"position":1},"title":"Curso de culin\u00e1ria gratuito est\u00e1 com inscri\u00e7\u00f5es abertas na regi\u00e3o de Ribeir\u00e3o Preto","author":"ismaelcolosi.com.br","date":"11 de April de 2024","format":false,"excerpt":"Para quem busca oportunidade no mercado de trabalho e gosta da \u00e1rea de gastronomia, est\u00e3o abertas as inscri\u00e7\u00f5es para o curso de culin\u00e1ria do projeto Cozinha Paulista. Em Jaboticabal, cidade a 57 quil\u00f4metros de Ribeir\u00e3o Preto, s\u00e3o 50 vagas dispon\u00edveis para jovens a partir de 16 anos de idade que\u2026","rel":"","context":"In &quot;Not\u00edcias de Ribeir\u00e3o Preto-SP e Regi\u00e3o&quot;","block_context":{"text":"Not\u00edcias de Ribeir\u00e3o Preto-SP e Regi\u00e3o","link":"https:\/\/ismaelcolosi.com.br\/index.php\/category\/noticias-de-ribeirao-preto-sp-e-regiao-ismael-colosi\/"},"img":{"alt_text":"","src":"https:\/\/i0.wp.com\/ismaelcolosi.com.br\/wp-content\/uploads\/2024\/04\/download.png?fit=1200%2C800&ssl=1&resize=350%2C200","width":350,"height":200,"srcset":"https:\/\/i0.wp.com\/ismaelcolosi.com.br\/wp-content\/uploads\/2024\/04\/download.png?fit=1200%2C800&ssl=1&resize=350%2C200 1x, https:\/\/i0.wp.com\/ismaelcolosi.com.br\/wp-content\/uploads\/2024\/04\/download.png?fit=1200%2C800&ssl=1&resize=525%2C300 1.5x, https:\/\/i0.wp.com\/ismaelcolosi.com.br\/wp-content\/uploads\/2024\/04\/download.png?fit=1200%2C800&ssl=1&resize=700%2C400 2x, https:\/\/i0.wp.com\/ismaelcolosi.com.br\/wp-content\/uploads\/2024\/04\/download.png?fit=1200%2C800&ssl=1&resize=1050%2C600 3x"},"classes":[]},{"id":83687,"url":"https:\/\/ismaelcolosi.com.br\/index.php\/2025\/03\/11\/transforme-sua-carreira-inscricoes-abertas-para-curso-de-vendas-gratuito-em-ribeirao-preto-vagas-limitadas-corra\/","url_meta":{"origin":8922,"position":2},"title":"Transforme sua Carreira! Inscri\u00e7\u00f5es Abertas para Curso de Vendas Gratuito em Ribeir\u00e3o Preto! Vagas Limitadas, Corra!","author":"Arthur Tijolo","date":"11 de March de 2025","format":false,"excerpt":"A intelig\u00eancia emocional nas vendas \u00e9 fundamental para o sucesso profissional e pessoal dos vendedores. Isso porque a intelig\u00eancia emocional envolve a capacidade de reconhecer e gerenciar as pr\u00f3prias emo\u00e7\u00f5es, bem como entender e influenciar as emo\u00e7\u00f5es dos outros. Aqui est\u00e3o algumas raz\u00f5es pela qual a intelig\u00eancia emocional \u00e9 t\u00e3o\u2026","rel":"","context":"In &quot;Cursos Gratuitos e Bolsas de Estudos&quot;","block_context":{"text":"Cursos Gratuitos e Bolsas de Estudos","link":"https:\/\/ismaelcolosi.com.br\/index.php\/category\/cursos-gratuitos-e-bolsas-de-estudos-ribeirao-preto\/"},"img":{"alt_text":"","src":"https:\/\/i0.wp.com\/ismaelcolosi.com.br\/wp-content\/uploads\/2025\/03\/WhatsApp-Image-2025-03-11-at-15.06.09.jpeg?fit=702%2C395&ssl=1&resize=350%2C200","width":350,"height":200,"srcset":"https:\/\/i0.wp.com\/ismaelcolosi.com.br\/wp-content\/uploads\/2025\/03\/WhatsApp-Image-2025-03-11-at-15.06.09.jpeg?fit=702%2C395&ssl=1&resize=350%2C200 1x, https:\/\/i0.wp.com\/ismaelcolosi.com.br\/wp-content\/uploads\/2025\/03\/WhatsApp-Image-2025-03-11-at-15.06.09.jpeg?fit=702%2C395&ssl=1&resize=525%2C300 1.5x, https:\/\/i0.wp.com\/ismaelcolosi.com.br\/wp-content\/uploads\/2025\/03\/WhatsApp-Image-2025-03-11-at-15.06.09.jpeg?fit=702%2C395&ssl=1&resize=700%2C400 2x"},"classes":[]},{"id":12773,"url":"https:\/\/ismaelcolosi.com.br\/index.php\/2023\/12\/08\/cpfl-abre-inscricoes-para-curso-gratuito-em-ribeirao-preto-veja-como-participar\/","url_meta":{"origin":8922,"position":3},"title":"CPFL abre inscri\u00e7\u00f5es para curso gratuito em Ribeir\u00e3o Preto; Veja como participar","author":"ismaelcolosi.com.br","date":"8 de December de 2023","format":false,"excerpt":"A CPFL (Companhia Paulista de For\u00e7a e Luz) est\u00e1 com inscri\u00e7\u00f5es abertas, para uma nova turma mista da Escola de Eletricistas de Rede de Distribui\u00e7\u00e3o El\u00e9trica, para moradores de Ribeir\u00e3o Preto e regi\u00e3o. A capacita\u00e7\u00e3o \u00e9 totalmente gratuita e faz parte de uma parceria com o Senai. Residentes de Bebedouro,\u2026","rel":"","context":"In &quot;Not\u00edcias de Ribeir\u00e3o Preto-SP e Regi\u00e3o&quot;","block_context":{"text":"Not\u00edcias de Ribeir\u00e3o Preto-SP e Regi\u00e3o","link":"https:\/\/ismaelcolosi.com.br\/index.php\/category\/noticias-de-ribeirao-preto-sp-e-regiao-ismael-colosi\/"},"img":{"alt_text":"","src":"https:\/\/i0.wp.com\/ismaelcolosi.com.br\/wp-content\/uploads\/2023\/12\/tecnico-eletricista.jpg?fit=1200%2C800&ssl=1&resize=350%2C200","width":350,"height":200,"srcset":"https:\/\/i0.wp.com\/ismaelcolosi.com.br\/wp-content\/uploads\/2023\/12\/tecnico-eletricista.jpg?fit=1200%2C800&ssl=1&resize=350%2C200 1x, https:\/\/i0.wp.com\/ismaelcolosi.com.br\/wp-content\/uploads\/2023\/12\/tecnico-eletricista.jpg?fit=1200%2C800&ssl=1&resize=525%2C300 1.5x, https:\/\/i0.wp.com\/ismaelcolosi.com.br\/wp-content\/uploads\/2023\/12\/tecnico-eletricista.jpg?fit=1200%2C800&ssl=1&resize=700%2C400 2x, https:\/\/i0.wp.com\/ismaelcolosi.com.br\/wp-content\/uploads\/2023\/12\/tecnico-eletricista.jpg?fit=1200%2C800&ssl=1&resize=1050%2C600 3x"},"classes":[]},{"id":5174,"url":"https:\/\/ismaelcolosi.com.br\/index.php\/2023\/11\/23\/ford-e-senai-abrem-inscricoes-para-curso-gratuito-com-certificado\/","url_meta":{"origin":8922,"position":4},"title":"Ford e Senai abrem inscri\u00e7\u00f5es para curso gratuito com certificado","author":"ismaelcolosi.com.br","date":"23 de November de 2023","format":false,"excerpt":"A montadora Ford, em parceria com o Servi\u00e7o Nacional de Aprendizagem Industrial S\u00e3o Paulo (Senai-SP), est\u00e1 com inscri\u00e7\u00f5es abertas para curso gratuito de qualifica\u00e7\u00e3o profissional.\u00a0As vagas s\u00e3o destinadas a pessoas em situa\u00e7\u00e3o de vulnerabilidade social. A iniciativa faz parte do Ford <Enter>,\u00a0 programa gratuito de capacita\u00e7\u00e3o na \u00e1rea de tecnologia\u2026","rel":"","context":"In &quot;Variedades&quot;","block_context":{"text":"Variedades","link":"https:\/\/ismaelcolosi.com.br\/index.php\/category\/variedades\/"},"img":{"alt_text":"","src":"https:\/\/i0.wp.com\/ismaelcolosi.com.br\/wp-content\/uploads\/2023\/11\/istock-459014867.jpg?fit=1200%2C638&ssl=1&resize=350%2C200","width":350,"height":200,"srcset":"https:\/\/i0.wp.com\/ismaelcolosi.com.br\/wp-content\/uploads\/2023\/11\/istock-459014867.jpg?fit=1200%2C638&ssl=1&resize=350%2C200 1x, https:\/\/i0.wp.com\/ismaelcolosi.com.br\/wp-content\/uploads\/2023\/11\/istock-459014867.jpg?fit=1200%2C638&ssl=1&resize=525%2C300 1.5x, https:\/\/i0.wp.com\/ismaelcolosi.com.br\/wp-content\/uploads\/2023\/11\/istock-459014867.jpg?fit=1200%2C638&ssl=1&resize=700%2C400 2x, https:\/\/i0.wp.com\/ismaelcolosi.com.br\/wp-content\/uploads\/2023\/11\/istock-459014867.jpg?fit=1200%2C638&ssl=1&resize=1050%2C600 3x"},"classes":[]},{"id":12780,"url":"https:\/\/ismaelcolosi.com.br\/index.php\/2023\/12\/08\/unipampa-ofertas-vagas-em-cursos-gratuitos-a-distancia\/","url_meta":{"origin":8922,"position":5},"title":"Unipampa ofertas vagas em cursos gratuitos a dist\u00e2ncia","author":"ismaelcolosi.com.br","date":"8 de December de 2023","format":false,"excerpt":"A Universidade Federal do Pampa (Unipampa) est\u00e1 recebendo inscri\u00e7\u00f5es at\u00e9 28 de dezembro de 2023 para tr\u00eas cursos gratuitos de especializa\u00e7\u00e3o na modalidade de ensino a dist\u00e2ncia (EaD). Cr\u00e9ditos: Rayssa Mambach\/Unipampa As capacita\u00e7\u00f5es s\u00e3o ofertadas por meio do programa Universidade Aberta do Brasil (UAB). S\u00e3o oferecidas mais de 300 vagas\u2026","rel":"","context":"In &quot;Variedades&quot;","block_context":{"text":"Variedades","link":"https:\/\/ismaelcolosi.com.br\/index.php\/category\/variedades\/"},"img":{"alt_text":"","src":"https:\/\/i0.wp.com\/ismaelcolosi.com.br\/wp-content\/uploads\/2023\/12\/cursos-gratuitos-unipampa.jpg?fit=1200%2C638&ssl=1&resize=350%2C200","width":350,"height":200,"srcset":"https:\/\/i0.wp.com\/ismaelcolosi.com.br\/wp-content\/uploads\/2023\/12\/cursos-gratuitos-unipampa.jpg?fit=1200%2C638&ssl=1&resize=350%2C200 1x, https:\/\/i0.wp.com\/ismaelcolosi.com.br\/wp-content\/uploads\/2023\/12\/cursos-gratuitos-unipampa.jpg?fit=1200%2C638&ssl=1&resize=525%2C300 1.5x, https:\/\/i0.wp.com\/ismaelcolosi.com.br\/wp-content\/uploads\/2023\/12\/cursos-gratuitos-unipampa.jpg?fit=1200%2C638&ssl=1&resize=700%2C400 2x, https:\/\/i0.wp.com\/ismaelcolosi.com.br\/wp-content\/uploads\/2023\/12\/cursos-gratuitos-unipampa.jpg?fit=1200%2C638&ssl=1&resize=1050%2C600 3x"},"classes":[]}],"jetpack_sharing_enabled":true,"jetpack_shortlink":"https:\/\/wp.me\/pfMlyK-2jU","_links":{"self":[{"href":"https:\/\/ismaelcolosi.com.br\/index.php\/wp-json\/wp\/v2\/posts\/8922","targetHints":{"allow":["GET"]}}],"collection":[{"href":"https:\/\/ismaelcolosi.com.br\/index.php\/wp-json\/wp\/v2\/posts"}],"about":[{"href":"https:\/\/ismaelcolosi.com.br\/index.php\/wp-json\/wp\/v2\/types\/post"}],"author":[{"embeddable":true,"href":"https:\/\/ismaelcolosi.com.br\/index.php\/wp-json\/wp\/v2\/users\/1"}],"replies":[{"embeddable":true,"href":"https:\/\/ismaelcolosi.com.br\/index.php\/wp-json\/wp\/v2\/comments?post=8922"}],"version-history":[{"count":0,"href":"https:\/\/ismaelcolosi.com.br\/index.php\/wp-json\/wp\/v2\/posts\/8922\/revisions"}],"wp:featuredmedia":[{"embeddable":true,"href":"https:\/\/ismaelcolosi.com.br\/index.php\/wp-json\/wp\/v2\/media\/8923"}],"wp:attachment":[{"href":"https:\/\/ismaelcolosi.com.br\/index.php\/wp-json\/wp\/v2\/media?parent=8922"}],"wp:term":[{"taxonomy":"category","embeddable":true,"href":"https:\/\/ismaelcolosi.com.br\/index.php\/wp-json\/wp\/v2\/categories?post=8922"},{"taxonomy":"post_tag","embeddable":true,"href":"https:\/\/ismaelcolosi.com.br\/index.php\/wp-json\/wp\/v2\/tags?post=8922"}],"curies":[{"name":"wp","href":"https:\/\/api.w.org\/{rel}","templated":true}]}}