{"id":89109,"date":"2026-02-11T11:55:53","date_gmt":"2026-02-11T14:55:53","guid":{"rendered":"https:\/\/ismaelcolosi.com.br\/index.php\/2026\/02\/11\/fundador-da-smart-fit-deixa-o-cargo-de-ceo-e-passa-bastao-para-o-filho\/"},"modified":"2026-02-11T11:55:53","modified_gmt":"2026-02-11T14:55:53","slug":"fundador-da-smart-fit-deixa-o-cargo-de-ceo-e-passa-bastao-para-o-filho","status":"publish","type":"post","link":"https:\/\/ismaelcolosi.com.br\/index.php\/2026\/02\/11\/fundador-da-smart-fit-deixa-o-cargo-de-ceo-e-passa-bastao-para-o-filho\/","title":{"rendered":"Fundador da Smart Fit Deixa o Cargo de CEO e Passa Bast\u00e3o para o Filho"},"content":{"rendered":"<p> <br \/>\n<\/p>\n<div>\n<p>O conselho de administra\u00e7\u00e3o da <strong>Smart Fit <\/strong>aprovou na ter\u00e7a-feira (10) a substitui\u00e7\u00e3o do presidente-executivo e do diretor financeiro da companhia, segundo documentos enviados ao mercado.<\/p>\n<p>Para o lugar de<strong> Edgard Corona<\/strong> na presid\u00eancia-executiva, o conselho da rede de academias de gin\u00e1sticas aprovou a indica\u00e7\u00e3o de<strong> Diogo Corona, filho do fundador e atual diretor de opera\u00e7\u00f5es<\/strong>, e para o posto de <strong>Andr\u00e9 Pezeta<\/strong>, a companhia elegeu <strong>Jos\u00e9 Rizzardo Pereira<\/strong>, atual diretor de rela\u00e7\u00f5es com investidores.<\/p><div class='code-block code-block-8' style='margin: 8px auto; text-align: center; display: block; clear: both;'>\n<script>\n  atOptions = {\n    'key' : '66e2e2111ca34da796271819fc334058',\n    'format' : 'iframe',\n    'height' : 250,\n    'width' : 300,\n    'params' : {}\n  };\n<\/script>\n<script src=\"https:\/\/www.highperformanceformat.com\/66e2e2111ca34da796271819fc334058\/invoke.js\"><\/script>\n<\/div>\n\n<p>Edgard Corona passar\u00e1 a ser exclusivamente presidente do <strong>conselho de administra\u00e7\u00e3o<\/strong> da Smart Fit, no lugar de<strong> Daniel Sorrentino<\/strong>, \u201ce se dedicar\u00e1 \u00e0 discuss\u00e3o e \u00e0 defini\u00e7\u00e3o das estrat\u00e9gias e principais\u201d, afirmou a empresa.<\/p>\n<p>As mudan\u00e7as ser\u00e3o implementadas a partir de 2 de mar\u00e7o e \u201cintegram o processo de planejamento sucess\u00f3rio e de fortalecimento da governan\u00e7a corporativa da companhia\u201d, afirmou a Smartfit em fato relevante.<\/p>\n<aside class=\"content_modules\">\n<h2 class=\"block_label\">Leia Tamb\u00e9m<\/h2>\n<\/aside>\n<aside class=\"newsletter content_modules\">&#13;<br \/>\n  &#13;<br \/>\n<\/aside>\n<\/p>\n<aside class=\"web-story content_modules\">&#13;<br \/>\n  &#13;<br \/>\n<\/aside>\n<aside class=\"content_modules\">\n<h2 class=\"block_label\">Escolhas Editor<\/h2>\n<\/aside>\n<div class=\"follow-us\">Siga o canal da <a href=\"https:\/\/whatsapp.com\/channel\/0029VaAZk57JuyA9F4UwQc2I\" target=\"_blank\" rel=\"noopener noreferrer nofollow\" title=\"Grupo da Forbes Money no WhatsApp\">Forbes Money<\/a> no WhatsApp e receba as principais not\u00edcias de economia e mercado financeiro.<\/div>\n<\/p><\/div>\n<p><br \/>\n<br \/><a href=\"https:\/\/forbes.com.br\/carreira\/2026\/02\/fundador-da-smart-fit-deixa-o-cargo-de-ceo-e-passa-bastao-para-o-filho\/\">Source link <\/a><\/p>\n<div class='code-block code-block-4' style='margin: 8px auto 8px 0; text-align: left; display: block; clear: both;'>\n\ud83d\udce2 Aviso Legal\n\nO site ismaelcolosi.com.br atua apenas como um canal de divulga\u00e7\u00e3o de oportunidades de emprego e n\u00e3o se responsabiliza pelo processo seletivo, contrata\u00e7\u00e3o ou qualquer outra etapa relacionada \u00e0s vagas publicadas. Todas as informa\u00e7\u00f5es s\u00e3o de responsabilidade dos anunciantes.\n\n\u26a0\ufe0f Aten\u00e7\u00e3o! Nunca pague por promessas de emprego nem compre cursos que garantam contrata\u00e7\u00e3o. Desconfie de qualquer cobran\u00e7a para participar de sele\u00e7\u00f5es.\n\n\n\n<\/div>\n<!-- CONTENT END 1 -->\n","protected":false},"excerpt":{"rendered":"<p>O conselho de administra\u00e7\u00e3o da Smart Fit aprovou na ter\u00e7a-feira (10) a substitui\u00e7\u00e3o do presidente-executivo e do diretor financeiro da companhia, segundo documentos enviados ao&#8230;<\/p>\n","protected":false},"author":1,"featured_media":89110,"comment_status":"","ping_status":"open","sticky":false,"template":"","format":"standard","meta":{"_uag_custom_page_level_css":"","advanced_seo_description":"","jetpack_seo_html_title":"","jetpack_seo_noindex":false,"jetpack_post_was_ever_published":false,"_jetpack_newsletter_access":"","_jetpack_dont_email_post_to_subs":false,"_jetpack_newsletter_tier_id":0,"_jetpack_memberships_contains_paywalled_content":false,"_jetpack_memberships_contains_paid_content":false,"footnotes":"","jetpack_publicize_message":"","jetpack_publicize_feature_enabled":true,"jetpack_social_post_already_shared":true,"jetpack_social_options":{"image_generator_settings":{"template":"highway","default_image_id":0,"font":"","enabled":false},"version":2}},"categories":[1964],"tags":[],"class_list":["post-89109","post","type-post","status-publish","format-standard","has-post-thumbnail","hentry","category-carreira-e-sucesso-dicas-para-carreira"],"jetpack_publicize_connections":[],"jetpack_featured_media_url":"https:\/\/i0.wp.com\/ismaelcolosi.com.br\/wp-content\/uploads\/2026\/02\/carreira-edgard-corona-smart-fit-1200x675.jpg?fit=1200%2C675&ssl=1","uagb_featured_image_src":{"full":["https:\/\/i0.wp.com\/ismaelcolosi.com.br\/wp-content\/uploads\/2026\/02\/carreira-edgard-corona-smart-fit-1200x675.jpg?fit=1200%2C675&ssl=1",1200,675,false],"thumbnail":["https:\/\/i0.wp.com\/ismaelcolosi.com.br\/wp-content\/uploads\/2026\/02\/carreira-edgard-corona-smart-fit-1200x675.jpg?resize=150%2C150&ssl=1",150,150,true],"medium":["https:\/\/i0.wp.com\/ismaelcolosi.com.br\/wp-content\/uploads\/2026\/02\/carreira-edgard-corona-smart-fit-1200x675.jpg?fit=300%2C169&ssl=1",300,169,true],"medium_large":["https:\/\/i0.wp.com\/ismaelcolosi.com.br\/wp-content\/uploads\/2026\/02\/carreira-edgard-corona-smart-fit-1200x675.jpg?fit=768%2C432&ssl=1",768,432,true],"large":["https:\/\/i0.wp.com\/ismaelcolosi.com.br\/wp-content\/uploads\/2026\/02\/carreira-edgard-corona-smart-fit-1200x675.jpg?fit=1024%2C576&ssl=1",1024,576,true],"1536x1536":["https:\/\/i0.wp.com\/ismaelcolosi.com.br\/wp-content\/uploads\/2026\/02\/carreira-edgard-corona-smart-fit-1200x675.jpg?fit=1200%2C675&ssl=1",1200,675,true],"2048x2048":["https:\/\/i0.wp.com\/ismaelcolosi.com.br\/wp-content\/uploads\/2026\/02\/carreira-edgard-corona-smart-fit-1200x675.jpg?fit=1200%2C675&ssl=1",1200,675,true],"really-simple-thumb":["https:\/\/i0.wp.com\/ismaelcolosi.com.br\/wp-content\/uploads\/2026\/02\/carreira-edgard-corona-smart-fit-1200x675.jpg?resize=370%2C247&ssl=1",370,247,true]},"uagb_author_info":{"display_name":"ismaelcolosi.com.br","author_link":"https:\/\/ismaelcolosi.com.br\/index.php\/author\/vidareal-online\/"},"uagb_comment_info":0,"uagb_excerpt":"O conselho de administra\u00e7\u00e3o da Smart Fit aprovou na ter\u00e7a-feira (10) a substitui\u00e7\u00e3o do presidente-executivo e do diretor financeiro da companhia, segundo documentos enviados ao...","jetpack-related-posts":[{"id":90054,"url":"https:\/\/ismaelcolosi.com.br\/index.php\/2026\/04\/27\/oncoclinicas-elege-marcos-grodetzky-presidente-do-conselho-ate-assembleia-extraordinaria\/","url_meta":{"origin":89109,"position":0},"title":"Oncocl\u00ednicas Elege Marcos Grodetzky Presidente do Conselho at\u00e9 Assembleia Extraordin\u00e1ria","author":"ismaelcolosi.com.br","date":"27 de April de 2026","format":false,"excerpt":"O conselho de administra\u00e7\u00e3o da Oncocl\u00ednicas aprovou a elei\u00e7\u00e3o de Marcos Grodetzky para presidente do conselho da empresa, informou a companhia em fato relevante enviado ao mercado na noite de sexta-feira (24). O documento diz que Grodetzky permanecer\u00e1 no cargo at\u00e9 a assembleia extraordin\u00e1ria da companhia em 30 de abril.\u2026","rel":"","context":"In &quot;Carreira e Sucesso&quot;","block_context":{"text":"Carreira e Sucesso","link":"https:\/\/ismaelcolosi.com.br\/index.php\/category\/carreira-e-sucesso-dicas-para-carreira\/"},"img":{"alt_text":"","src":"https:\/\/i0.wp.com\/ismaelcolosi.com.br\/wp-content\/uploads\/2026\/04\/Oncoclinicas-1-1-1200x675.jpg?fit=1200%2C675&ssl=1&resize=350%2C200","width":350,"height":200,"srcset":"https:\/\/i0.wp.com\/ismaelcolosi.com.br\/wp-content\/uploads\/2026\/04\/Oncoclinicas-1-1-1200x675.jpg?fit=1200%2C675&ssl=1&resize=350%2C200 1x, https:\/\/i0.wp.com\/ismaelcolosi.com.br\/wp-content\/uploads\/2026\/04\/Oncoclinicas-1-1-1200x675.jpg?fit=1200%2C675&ssl=1&resize=525%2C300 1.5x, https:\/\/i0.wp.com\/ismaelcolosi.com.br\/wp-content\/uploads\/2026\/04\/Oncoclinicas-1-1-1200x675.jpg?fit=1200%2C675&ssl=1&resize=700%2C400 2x, https:\/\/i0.wp.com\/ismaelcolosi.com.br\/wp-content\/uploads\/2026\/04\/Oncoclinicas-1-1-1200x675.jpg?fit=1200%2C675&ssl=1&resize=1050%2C600 3x"},"classes":[]},{"id":43997,"url":"https:\/\/ismaelcolosi.com.br\/index.php\/2024\/03\/25\/nelson-kaufman-renuncia-como-ceo-da-vivara-e-ocupara-presidencia-do-conselho\/","url_meta":{"origin":89109,"position":1},"title":"Nelson Kaufman renuncia como CEO da Vivara e ocupar\u00e1 presid\u00eancia do conselho","author":"ismaelcolosi.com.br","date":"25 de March de 2024","format":false,"excerpt":"Foto: Reprodu\u00e7\u00e3o\/Itaja\u00ed ShoppingLoja da Vivara A Vivara comunicou nesta segunda-feira (25) que o conselho de administra\u00e7\u00e3o da companhia decidiu que o fundador e principal acionista da empresa, Nelson Kaufman, passar\u00e1 a desempenhar a fun\u00e7\u00e3o de presidente do colegiado. Em raz\u00e3o disso, ele renunciou ao cargo de diretor presidente da rede\u2026","rel":"","context":"In &quot;Carreira e Sucesso&quot;","block_context":{"text":"Carreira e Sucesso","link":"https:\/\/ismaelcolosi.com.br\/index.php\/category\/carreira-e-sucesso-dicas-para-carreira\/"},"img":{"alt_text":"","src":"https:\/\/i0.wp.com\/ismaelcolosi.com.br\/wp-content\/uploads\/2024\/03\/vivara-loja-shopping-1024x683.jpg?fit=1024%2C683&ssl=1&resize=350%2C200","width":350,"height":200,"srcset":"https:\/\/i0.wp.com\/ismaelcolosi.com.br\/wp-content\/uploads\/2024\/03\/vivara-loja-shopping-1024x683.jpg?fit=1024%2C683&ssl=1&resize=350%2C200 1x, https:\/\/i0.wp.com\/ismaelcolosi.com.br\/wp-content\/uploads\/2024\/03\/vivara-loja-shopping-1024x683.jpg?fit=1024%2C683&ssl=1&resize=525%2C300 1.5x, https:\/\/i0.wp.com\/ismaelcolosi.com.br\/wp-content\/uploads\/2024\/03\/vivara-loja-shopping-1024x683.jpg?fit=1024%2C683&ssl=1&resize=700%2C400 2x"},"classes":[]},{"id":89775,"url":"https:\/\/ismaelcolosi.com.br\/index.php\/2026\/04\/07\/petrobras-elege-novo-presidente-do-conselho-de-administracao\/","url_meta":{"origin":89109,"position":2},"title":"Petrobras Elege Novo Presidente do Conselho de Administra\u00e7\u00e3o","author":"ismaelcolosi.com.br","date":"7 de April de 2026","format":false,"excerpt":"A Petrobras informou na segunda-feira (6) que seu conselho de administra\u00e7\u00e3o aprovou o encerramento antecipado do mandato do diretor-executivo de log\u00edstica, comercializa\u00e7\u00e3o e mercados, Claudio Romeo Schlosser, al\u00e9m da elei\u00e7\u00e3o de um novo presidente para o colegiado. Na mesma ocasi\u00e3o, o conselho aprovou a nomea\u00e7\u00e3o de Ang\u00e9lica Laureano para o\u2026","rel":"","context":"In &quot;Carreira e Sucesso&quot;","block_context":{"text":"Carreira e Sucesso","link":"https:\/\/ismaelcolosi.com.br\/index.php\/category\/carreira-e-sucesso-dicas-para-carreira\/"},"img":{"alt_text":"","src":"https:\/\/i0.wp.com\/ismaelcolosi.com.br\/wp-content\/uploads\/2026\/04\/petrobras-1200x675.jpg?fit=1200%2C675&ssl=1&resize=350%2C200","width":350,"height":200,"srcset":"https:\/\/i0.wp.com\/ismaelcolosi.com.br\/wp-content\/uploads\/2026\/04\/petrobras-1200x675.jpg?fit=1200%2C675&ssl=1&resize=350%2C200 1x, https:\/\/i0.wp.com\/ismaelcolosi.com.br\/wp-content\/uploads\/2026\/04\/petrobras-1200x675.jpg?fit=1200%2C675&ssl=1&resize=525%2C300 1.5x, https:\/\/i0.wp.com\/ismaelcolosi.com.br\/wp-content\/uploads\/2026\/04\/petrobras-1200x675.jpg?fit=1200%2C675&ssl=1&resize=700%2C400 2x, https:\/\/i0.wp.com\/ismaelcolosi.com.br\/wp-content\/uploads\/2026\/04\/petrobras-1200x675.jpg?fit=1200%2C675&ssl=1&resize=1050%2C600 3x"},"classes":[]},{"id":87286,"url":"https:\/\/ismaelcolosi.com.br\/index.php\/2025\/08\/29\/fertilizantes-heringer-anuncia-troca-de-presidente-e-diretor-financeiro-em-meio-a-mudancas-no-alto-escalao\/","url_meta":{"origin":89109,"position":3},"title":"Fertilizantes Heringer Anuncia Troca de Presidente e Diretor Financeiro em Meio a Mudan\u00e7as no Alto Escal\u00e3o","author":"ismaelcolosi.com.br","date":"29 de August de 2025","format":false,"excerpt":"\r \r \r \r A companhia tamb\u00e9m anunciou a sa\u00edda do presidente do conselho de administra\u00e7\u00e3o e dos diretores comercial e de opera\u00e7\u00f5es \r \r \r \r Getty Images\r Fertilizantes Heringer promove mudan\u00e7as na alta lideran\u00e7a\r Acessibilidade \r L\r L\r A-\r A+\r \r \u25d0\r \r A Fertilizantes Heringer anunciou na\u2026","rel":"","context":"In &quot;Carreira e Sucesso&quot;","block_context":{"text":"Carreira e Sucesso","link":"https:\/\/ismaelcolosi.com.br\/index.php\/category\/carreira-e-sucesso-dicas-para-carreira\/"},"img":{"alt_text":"","src":"https:\/\/i0.wp.com\/ismaelcolosi.com.br\/wp-content\/uploads\/2025\/08\/carreira-agro-fertilizantes-heringer-1200x675.jpg?fit=1200%2C675&ssl=1&resize=350%2C200","width":350,"height":200,"srcset":"https:\/\/i0.wp.com\/ismaelcolosi.com.br\/wp-content\/uploads\/2025\/08\/carreira-agro-fertilizantes-heringer-1200x675.jpg?fit=1200%2C675&ssl=1&resize=350%2C200 1x, https:\/\/i0.wp.com\/ismaelcolosi.com.br\/wp-content\/uploads\/2025\/08\/carreira-agro-fertilizantes-heringer-1200x675.jpg?fit=1200%2C675&ssl=1&resize=525%2C300 1.5x, https:\/\/i0.wp.com\/ismaelcolosi.com.br\/wp-content\/uploads\/2025\/08\/carreira-agro-fertilizantes-heringer-1200x675.jpg?fit=1200%2C675&ssl=1&resize=700%2C400 2x, https:\/\/i0.wp.com\/ismaelcolosi.com.br\/wp-content\/uploads\/2025\/08\/carreira-agro-fertilizantes-heringer-1200x675.jpg?fit=1200%2C675&ssl=1&resize=1050%2C600 3x"},"classes":[]},{"id":87691,"url":"https:\/\/ismaelcolosi.com.br\/index.php\/2025\/09\/25\/quem-sao-os-10-melhores-ceos-do-brasil-2\/","url_meta":{"origin":89109,"position":4},"title":"Quem S\u00e3o os 10 Melhores CEOs do Brasil","author":"ismaelcolosi.com.br","date":"25 de September de 2025","format":false,"excerpt":"\r Victor Affaro\r Edgard Corona, CEO da Smart Fit, \u00e9 capa da edi\u00e7\u00e3o 134 da Forbes Brasil\r Acessibilidade \r L\r L\r A-\r A+\r \r \u25d0\r \r Os perfis, as forma\u00e7\u00f5es, as trajet\u00f3rias e as experi\u00eancias variam. S\u00e3o t\u00edmidos ou extrovertidos, intuitivos ou racionais, corporais ou intelectuais. Por\u00e9m, os homens e\u2026","rel":"","context":"In &quot;Carreira e Sucesso&quot;","block_context":{"text":"Carreira e Sucesso","link":"https:\/\/ismaelcolosi.com.br\/index.php\/category\/carreira-e-sucesso-dicas-para-carreira\/"},"img":{"alt_text":"","src":"https:\/\/i0.wp.com\/ismaelcolosi.com.br\/wp-content\/uploads\/2025\/09\/carreira-melhores-ceos-edgard-corona-smart-fit-1200x675.jpg?fit=1200%2C675&ssl=1&resize=350%2C200","width":350,"height":200,"srcset":"https:\/\/i0.wp.com\/ismaelcolosi.com.br\/wp-content\/uploads\/2025\/09\/carreira-melhores-ceos-edgard-corona-smart-fit-1200x675.jpg?fit=1200%2C675&ssl=1&resize=350%2C200 1x, https:\/\/i0.wp.com\/ismaelcolosi.com.br\/wp-content\/uploads\/2025\/09\/carreira-melhores-ceos-edgard-corona-smart-fit-1200x675.jpg?fit=1200%2C675&ssl=1&resize=525%2C300 1.5x, https:\/\/i0.wp.com\/ismaelcolosi.com.br\/wp-content\/uploads\/2025\/09\/carreira-melhores-ceos-edgard-corona-smart-fit-1200x675.jpg?fit=1200%2C675&ssl=1&resize=700%2C400 2x, https:\/\/i0.wp.com\/ismaelcolosi.com.br\/wp-content\/uploads\/2025\/09\/carreira-melhores-ceos-edgard-corona-smart-fit-1200x675.jpg?fit=1200%2C675&ssl=1&resize=1050%2C600 3x"},"classes":[]},{"id":89504,"url":"https:\/\/ismaelcolosi.com.br\/index.php\/2026\/03\/16\/oncoclinicas-elege-marcel-vieira-como-novo-cfo-apos-renuncia-de-camille-faria\/","url_meta":{"origin":89109,"position":5},"title":"Oncocl\u00ednicas Elege Marcel Vieira Como Novo CFO ap\u00f3s Ren\u00fancia de Camille Faria","author":"ismaelcolosi.com.br","date":"16 de March de 2026","format":false,"excerpt":"A Oncocl\u00ednicas disse na noite de domingo (15) que o seu conselho aprovou por maioria a elei\u00e7\u00e3o de Marcel Cecchi Vieira para os cargos de vice-presidente executivo, diretor executivo financeiro e diretor executivo de rela\u00e7\u00f5es com investidores, conforme ata do conselho de administra\u00e7\u00e3o da companhia. A elei\u00e7\u00e3o do novo CFO\u2026","rel":"","context":"In &quot;Carreira e Sucesso&quot;","block_context":{"text":"Carreira e Sucesso","link":"https:\/\/ismaelcolosi.com.br\/index.php\/category\/carreira-e-sucesso-dicas-para-carreira\/"},"img":{"alt_text":"","src":"https:\/\/i0.wp.com\/ismaelcolosi.com.br\/wp-content\/uploads\/2026\/03\/Oncoclinicas-1200x675.jpg?fit=1200%2C675&ssl=1&resize=350%2C200","width":350,"height":200,"srcset":"https:\/\/i0.wp.com\/ismaelcolosi.com.br\/wp-content\/uploads\/2026\/03\/Oncoclinicas-1200x675.jpg?fit=1200%2C675&ssl=1&resize=350%2C200 1x, https:\/\/i0.wp.com\/ismaelcolosi.com.br\/wp-content\/uploads\/2026\/03\/Oncoclinicas-1200x675.jpg?fit=1200%2C675&ssl=1&resize=525%2C300 1.5x, https:\/\/i0.wp.com\/ismaelcolosi.com.br\/wp-content\/uploads\/2026\/03\/Oncoclinicas-1200x675.jpg?fit=1200%2C675&ssl=1&resize=700%2C400 2x, https:\/\/i0.wp.com\/ismaelcolosi.com.br\/wp-content\/uploads\/2026\/03\/Oncoclinicas-1200x675.jpg?fit=1200%2C675&ssl=1&resize=1050%2C600 3x"},"classes":[]}],"jetpack_sharing_enabled":true,"jetpack_shortlink":"https:\/\/wp.me\/pfMlyK-nbf","_links":{"self":[{"href":"https:\/\/ismaelcolosi.com.br\/index.php\/wp-json\/wp\/v2\/posts\/89109","targetHints":{"allow":["GET"]}}],"collection":[{"href":"https:\/\/ismaelcolosi.com.br\/index.php\/wp-json\/wp\/v2\/posts"}],"about":[{"href":"https:\/\/ismaelcolosi.com.br\/index.php\/wp-json\/wp\/v2\/types\/post"}],"author":[{"embeddable":true,"href":"https:\/\/ismaelcolosi.com.br\/index.php\/wp-json\/wp\/v2\/users\/1"}],"replies":[{"embeddable":true,"href":"https:\/\/ismaelcolosi.com.br\/index.php\/wp-json\/wp\/v2\/comments?post=89109"}],"version-history":[{"count":0,"href":"https:\/\/ismaelcolosi.com.br\/index.php\/wp-json\/wp\/v2\/posts\/89109\/revisions"}],"wp:featuredmedia":[{"embeddable":true,"href":"https:\/\/ismaelcolosi.com.br\/index.php\/wp-json\/wp\/v2\/media\/89110"}],"wp:attachment":[{"href":"https:\/\/ismaelcolosi.com.br\/index.php\/wp-json\/wp\/v2\/media?parent=89109"}],"wp:term":[{"taxonomy":"category","embeddable":true,"href":"https:\/\/ismaelcolosi.com.br\/index.php\/wp-json\/wp\/v2\/categories?post=89109"},{"taxonomy":"post_tag","embeddable":true,"href":"https:\/\/ismaelcolosi.com.br\/index.php\/wp-json\/wp\/v2\/tags?post=89109"}],"curies":[{"name":"wp","href":"https:\/\/api.w.org\/{rel}","templated":true}]}}