{"id":88647,"date":"2025-12-24T05:14:59","date_gmt":"2025-12-24T08:14:59","guid":{"rendered":"https:\/\/ismaelcolosi.com.br\/index.php\/2025\/12\/24\/melhores-ceos-de-2025-indicam-seus-livros-preferidos-do-ano\/"},"modified":"2025-12-24T05:14:59","modified_gmt":"2025-12-24T08:14:59","slug":"melhores-ceos-de-2025-indicam-seus-livros-preferidos-do-ano","status":"publish","type":"post","link":"https:\/\/ismaelcolosi.com.br\/index.php\/2025\/12\/24\/melhores-ceos-de-2025-indicam-seus-livros-preferidos-do-ano\/","title":{"rendered":"Melhores CEOs de 2025 Indicam Seus Livros Preferidos do Ano"},"content":{"rendered":"<p> <br \/>\n<\/p>\n<div>\n<figure class=\"destaque wp-caption\">&#13;<br \/>\n\t\t<img data-recalc-dims=\"1\" width=\"678\" height=\"452\" src=\"https:\/\/i0.wp.com\/forbes.com.br\/wp-content\/uploads\/2025\/12\/melhores-ceos-livros-forbes-768x512.jpg?resize=678%2C452&#038;ssl=1\" class=\"attachment-medium_large size-medium_large wp-post-image\" alt=\"melhores ceos livros forbes\" decoding=\"async\" fetchpriority=\"high\"\/>\t\t<\/p>\n<p>Getty Images<\/p>\n<p>&#13;<figcaption class=\"wp-caption-text\">Obras de Clarice Lispector, Nelson Mandela e Matthew McConaughey est\u00e3o entre os melhores livros lidos pelos CEOs em 2025<\/figcaption>&#13;<br \/>\n\t<\/figure>\n<div class=\"accessibility\">\n<p>Acessibilidade<\/p>\n<p>&#13;<br \/>\n\t\t\t<button onclick=\"alterFont1()\" id=\"btn1\" class=\"btn\">L<\/button>&#13;<br \/>\n\t\t\t<button onclick=\"alterFont2()\" id=\"btn2\" class=\"btn\" style=\"font-family:Merriweather\">L<\/button>&#13;<br \/>\n\t\t\t<button onclick=\"alterFontSmallerSize()\" id=\"btn3\" class=\"btn\">A-<\/button>&#13;<br \/>\n\t\t\t<button onclick=\"alterFontBiggerSize()\" id=\"btn4\" class=\"btn\">A+<\/button>&#13;<br \/>\n\t\t\t<!--<button onclick='alterFontBolder()' id='btn5' class=\"btn\" >B<\/button>-->&#13;<br \/>\n\t\t\t<button onclick=\"alterBackground()\" id=\"btn6\" class=\"btn\">\u25d0<\/button>&#13;<br \/>\n\t\t\t<!--<button onclick='clean()' id='btn7' class=\"btn\" >Limpar<\/button>-->&#13;\n\t\t<\/p><div class='code-block code-block-8' style='margin: 8px auto; text-align: center; display: block; clear: both;'>\n<script>\n  atOptions = {\n    'key' : '66e2e2111ca34da796271819fc334058',\n    'format' : 'iframe',\n    'height' : 250,\n    'width' : 300,\n    'params' : {}\n  };\n<\/script>\n<script src=\"https:\/\/www.highperformanceformat.com\/66e2e2111ca34da796271819fc334058\/invoke.js\"><\/script>\n<\/div>\n\n<\/p><\/div>\n<p>No balan\u00e7o final de <strong>2025<\/strong>, quando a agenda desacelera e as metas d\u00e3o lugar \u00e0s retrospectivas, muitos l\u00edderes encontram nos <strong>livros<\/strong> um espa\u00e7o de pausa e reflex\u00e3o. Para os executivos que integram a lista Forbes Melhores CEOs de 2025, mais do que h\u00e1bito, a <strong>leitura<\/strong> \u00e9 uma ferramenta estrat\u00e9gica de desenvolvimento, autoconhecimento e apoio para a tomada de decis\u00e3o.<\/p>\n<p>Entre cl\u00e1ssicos da literatura brasileira, biografias de grandes empreendedores e reflex\u00f5es sobre lideran\u00e7a, prop\u00f3sito e resili\u00eancia, essas obras ajudaram a organizar ideias, ampliar repert\u00f3rios e olhar para o futuro com mais clareza.<\/p>\n<aside>\n<h2>Leia tamb\u00e9m<\/h2>\n<\/aside>\n<p>A seguir, confira os melhores livros que acompanharam esses l\u00edderes ao longo do ano, e que servem de inspira\u00e7\u00e3o para fechar 2025 ou come\u00e7ar 2026 com novas perguntas, e n\u00e3o apenas respostas.<\/p>\n<h2>CEOs indicam seus livros favoritos do ano<\/h2>\n<h3>Adriana Aroulho, CEO da SAP para Am\u00e9rica Latina e Caribe<\/h3>\n<div id=\"attachment_713642\" class=\"wp-caption alignnone size768 aligncenter style=\" max-width:=\"\"><img data-recalc-dims=\"1\" loading=\"lazy\" decoding=\"async\" class=\"alignnone size-medium wp-image-713642\" src=\"https:\/\/i0.wp.com\/forbes.com.br\/wp-content\/uploads\/2025\/09\/Adriana-Aroulho-768x512.jpg?resize=768%2C512&#038;ssl=1\" alt=\"Adriana Aroulho, CEO da SAP para Am\u00e9rica Latina e Caribe\" width=\"768\" height=\"512\"\/><\/p>\n<p>Divulga\u00e7\u00e3o<\/p>\n<p class=\"wp-caption-text\">Adriana Aroulho, CEO da SAP para Am\u00e9rica Latina e Caribe<\/p>\n<\/div>\n<h4><em>\u201cConversas que tive comigo\u201d<\/em>, de Nelson Mandela<\/h4>\n<p>\u201cEle oferece uma vis\u00e3o \u00edntima e profunda sobre a jornada de Nelson Mandela, n\u00e3o apenas como l\u00edder pol\u00edtico, mas como ser humano. A obra re\u00fane reflex\u00f5es pessoais, cartas e pensamentos que revelam coragem, resili\u00eancia e a capacidade de manter princ\u00edpios mesmo diante das maiores adversidades. Para mim, \u00e9 um lembrete poderoso de que lideran\u00e7a n\u00e3o se resume a autoridade, mas sim a empatia, integridade e prop\u00f3sito. Em um mundo que muda t\u00e3o r\u00e1pido, essas li\u00e7\u00f5es continuam atuais e essenciais.\u201d<\/p>\n<h3>Alberto Kuba, CEO da WEG<\/h3>\n<div id=\"attachment_713641\" class=\"wp-caption alignnone size768 aligncenter style=\" max-width:=\"\"><img data-recalc-dims=\"1\" loading=\"lazy\" decoding=\"async\" class=\"alignnone size-medium wp-image-713641\" src=\"https:\/\/i0.wp.com\/forbes.com.br\/wp-content\/uploads\/2025\/09\/Alberto-Kuba-768x512.jpg?resize=768%2C512&#038;ssl=1\" alt=\"Alberto Kuba, CEO da WEG\" width=\"768\" height=\"512\"\/><\/p>\n<p>Divulga\u00e7\u00e3o\/Raphael Gunther<\/p>\n<p class=\"wp-caption-text\">Alberto Kuba, CEO da WEG<\/p>\n<\/div>\n<h4><em>\u201cAmbidestria Corporativa\u201d<\/em>, de Luis Rasquilha e Marcelo Veras<\/h4>\n<p>\u201cO livro traz uma reflex\u00e3o essencial: efici\u00eancia operacional e inova\u00e7\u00e3o s\u00e3o for\u00e7as complementares e indissoci\u00e1veis. Essa abordagem traduz com precis\u00e3o o que vivemos na WEG: excel\u00eancia no presente com olhos atentos ao futuro. \u00c9 uma leitura que inspira l\u00edderes a conciliar entrega e transforma\u00e7\u00e3o com consist\u00eancia, responsabilidade e vis\u00e3o de longo prazo.\u201d<\/p>\n<h3>Ana C\u00e9lia Biondi, CEO da JCDecaux Brasil<\/h3>\n<div id=\"attachment_713640\" class=\"wp-caption alignnone size768 aligncenter style=\" max-width:=\"\"><img data-recalc-dims=\"1\" loading=\"lazy\" decoding=\"async\" class=\"alignnone size-medium wp-image-713640\" src=\"https:\/\/i0.wp.com\/forbes.com.br\/wp-content\/uploads\/2025\/09\/Ana-Celia-Biondi-768x512.jpg?resize=768%2C512&#038;ssl=1\" alt=\"Ana C\u00e9lia Biondi\" width=\"768\" height=\"512\"\/><\/p>\n<p>Victor Affaro<\/p>\n<p class=\"wp-caption-text\">Ana C\u00e9lia Biondi, CEO da JCDecaux Brasil<\/p>\n<\/div>\n<h4><em>\u201cOs Flamingos\u201d<\/em>, de Rodrigo Duarte Garcia<\/h4>\n<p>\u201c\u00c9 uma del\u00edcia para come\u00e7ar o ano viajando por lugares incr\u00edveis em diferentes \u00e9pocas. Vale a leitura.\u201d<\/p>\n<h3>Augusto Martins, CEO da JHSF<\/h3>\n<div id=\"attachment_713639\" class=\"wp-caption alignnone size768 aligncenter style=\" max-width:=\"\"><img data-recalc-dims=\"1\" loading=\"lazy\" decoding=\"async\" class=\"alignnone size-medium wp-image-713639\" src=\"https:\/\/i0.wp.com\/forbes.com.br\/wp-content\/uploads\/2025\/09\/Augusto-Martins-768x512.jpg?resize=768%2C512&#038;ssl=1\" alt=\"Augusto Martins, CEO da JHSF\" width=\"768\" height=\"512\"\/><\/p>\n<p>Diego Mello<\/p>\n<p class=\"wp-caption-text\">Augusto Martins, CEO da JHSF<\/p>\n<\/div>\n<h4><em>\u201cSame as Ever\u201d<\/em>, de Morgan Housel<\/h4>\n<p>\u201cEm um mundo obcecado por prever o futuro, o livro refor\u00e7a algo em que acredito: os grandes resultados v\u00eam principalmente da compreens\u00e3o do que n\u00e3o muda. Disciplina, vis\u00e3o de longo prazo, qualidade, forma\u00e7\u00e3o cont\u00ednua e decis\u00f5es bem fundamentadas atravessam qualquer ciclo. Na JHSF, crescemos e inovamos constantemente, mas sempre sustentados por valores inegoci\u00e1veis. Esse livro traduz bem essa filosofia de construir com planejamento, coer\u00eancia e foco no que \u00e9 dur\u00e1vel.\u201d<\/p>\n<h3>Diego Barreto, CEO do iFood<\/h3>\n<div id=\"attachment_713638\" class=\"wp-caption alignnone size768 aligncenter style=\" max-width:=\"\"><img data-recalc-dims=\"1\" loading=\"lazy\" decoding=\"async\" class=\"alignnone size-medium wp-image-713638\" src=\"https:\/\/i0.wp.com\/forbes.com.br\/wp-content\/uploads\/2025\/09\/Diego-Barreto-768x512.jpg?resize=768%2C512&#038;ssl=1\" alt=\"Diego Barreto, CEO do iFood\" width=\"768\" height=\"512\"\/><\/p>\n<p>Divulga\u00e7\u00e3o<\/p>\n<p class=\"wp-caption-text\">Diego Barreto, CEO do iFood<\/p>\n<\/div>\n<h4><em>\u201cO Lado Dif\u00edcil das Situa\u00e7\u00f5es Dif\u00edceis\u201d<\/em>, de Ben Horowitz<\/h4>\n<p>\u201cO livro nos ajuda a refletir sobre os desafios da jornada empreendedora e como, nas situa\u00e7\u00f5es dif\u00edceis enquanto empreendemos, \u00e9 essencial ter uma vis\u00e3o clara, usar a transpar\u00eancia e o conflito produtivo para alcan\u00e7ar o que voc\u00ea deseja e vai atr\u00e1s para conquistar.\u201d<\/p>\n<h3>Edgard Corona, CEO da SmartFit<\/h3>\n<div id=\"attachment_713643\" class=\"wp-caption alignnone size768 aligncenter style=\" max-width:=\"\"><img data-recalc-dims=\"1\" loading=\"lazy\" decoding=\"async\" class=\"alignnone size-medium wp-image-713643\" src=\"https:\/\/i0.wp.com\/forbes.com.br\/wp-content\/uploads\/2025\/09\/Edgard-Corona-768x512.jpg?resize=768%2C512&#038;ssl=1\" alt=\"Edgard Corona\" width=\"768\" height=\"512\"\/><\/p>\n<p>Diego Mello<\/p>\n<p class=\"wp-caption-text\">Edgard Corona, CEO da SmartFit<\/p>\n<\/div>\n<h4><em>\u201cA m\u00e1quina que pensa: Jensen Huang, Nvidia e o microchip mais cobi\u00e7ado do mundo\u201d<\/em>, de Stephen Witt<\/h4>\n<p>\u201c\u00c9 um livro que fala sobre a resili\u00eancia de um empreendedor. Uma hist\u00f3ria de supera\u00e7\u00e3o.\u201d<\/p>\n<h3>Fernanda Hoe, CEO da Elanco Brasil<\/h3>\n<div id=\"attachment_713637\" class=\"wp-caption alignnone size768 aligncenter style=\" max-width:=\"\"><img data-recalc-dims=\"1\" loading=\"lazy\" decoding=\"async\" class=\"alignnone size-medium wp-image-713637\" src=\"https:\/\/i0.wp.com\/forbes.com.br\/wp-content\/uploads\/2025\/09\/Fernanda-Hoe-768x512.jpg?resize=768%2C512&#038;ssl=1\" alt=\"Fernanda Hoe, CEO da Elanco Brasil\" width=\"768\" height=\"512\"\/><\/p>\n<p>Diego Mello<\/p>\n<p class=\"wp-caption-text\">Fernanda Hoe, CEO da Elanco Brasil<\/p>\n<\/div>\n<h4><em>\u201c\u00c1gua Viva\u201d<\/em>, de Clarice Lispector<\/h4>\n<p>\u201c\u00c9 uma obra profundamente marcante, composta por uma sucess\u00e3o de pensamentos, sensa\u00e7\u00f5es e reflex\u00f5es sobre a vida, o tempo e a cria\u00e7\u00e3o art\u00edstica. Com uma escrita que parece \u2018pintar com palavras\u2019, Clarice traduz sentimentos complexos com precis\u00e3o e intensidade. \u00c9 um livro que n\u00e3o oferece respostas prontas, mas amplia a escuta interna e nos reconecta com o instante.\u201d<\/p>\n<h3>Lorice Scalise, CEO da Roche Farma Brasil<\/h3>\n<div id=\"attachment_713636\" class=\"wp-caption alignnone size768 aligncenter style=\" max-width:=\"\"><img data-recalc-dims=\"1\" loading=\"lazy\" decoding=\"async\" class=\"alignnone size-medium wp-image-713636\" src=\"https:\/\/i0.wp.com\/forbes.com.br\/wp-content\/uploads\/2025\/09\/Lorice-Scalise-768x512.jpg?resize=768%2C512&#038;ssl=1\" alt=\"Lorice Scalise\" width=\"768\" height=\"512\"\/><\/p>\n<p>Divulga\u00e7\u00e3o\/Vivian Koblinsky<\/p>\n<p class=\"wp-caption-text\">Lorice Scalise, CEO da Roche Farma Brasil<\/p>\n<\/div>\n<h4><em>\u201cSuor\u201d<\/em>, de Jorge Amado<\/h4>\n<p>\u201c\u00c9 incr\u00edvel como um livro de quase 100 anos, escrito por um jovem de 22 anos, pode ser ainda t\u00e3o atual, um retrato t\u00e3o verdadeiro das multifacetas deste pa\u00eds-continente. Naquele corti\u00e7o do Pelourinho, cada personagem \u00e9, at\u00e9 hoje, um representante fiel da nossa sociedade. E s\u00f3 quando entendemos nossa sociedade, quando somos curiosos em compreend\u00ea-la, \u00e9 que podemos pensar em contribuir para as mudan\u00e7as que desejamos ver.\u201d<\/p>\n<h3>Pedro Zannoni, CEO da Lacoste<\/h3>\n<div id=\"attachment_713635\" class=\"wp-caption alignnone size768 aligncenter style=\" max-width:=\"\"><img data-recalc-dims=\"1\" loading=\"lazy\" decoding=\"async\" class=\"alignnone size-medium wp-image-713635\" src=\"https:\/\/i0.wp.com\/forbes.com.br\/wp-content\/uploads\/2025\/09\/Pedro-Zannoni-768x512.jpg?resize=768%2C512&#038;ssl=1\" alt=\"Pedro Zannoni, CEO da Lacoste\" width=\"768\" height=\"512\"\/><\/p>\n<p>Diego Mello<\/p>\n<p class=\"wp-caption-text\">Pedro Zannoni, CEO da Lacoste<\/p>\n<\/div>\n<h4><em>\u201cFrom Strength to Strength\u201d<\/em>, de Arthur C. Brooks<\/h4>\n<p>\u201c\u00c9 uma leitura muito acess\u00edvel e que pode ajudar bastante executivos e empreendedores a se prepararem para a segunda metade da vida. O livro fala sobre como nossas capacidades e habilidades mudam com o tempo e como \u00e9 essencial entender isso e se adaptar para continuar tendo sucesso \u2014 e tamb\u00e9m prazer \u2014 no que fazemos. Ele traz a ideia de transi\u00e7\u00e3o do sucesso baseado em performance para um sucesso mais ligado a significado e impacto.\u201d<\/p>\n<h4><em>\u201cGreenlights\u201d<\/em>, de Matthew McConaughey<\/h4>\n<p>\u201cAinda estou terminando, mas tamb\u00e9m me marcou bastante. Gostei muito da forma como ele escreve \u2014 direta, honesta e cheia de hist\u00f3rias de vida. O livro traz a ideia de \u2018greenlights\u2019 como sinais de avan\u00e7o que surgem mesmo ap\u00f3s momentos dif\u00edceis. \u00c9 uma leitura f\u00e1cil, mas que faz pensar bastante sobre decis\u00f5es, persist\u00eancia e autoconhecimento.\u201d<\/p>\n<h3>Sergio Zimmermann, CEO da Petz<\/h3>\n<div id=\"attachment_713634\" class=\"wp-caption alignnone size768 aligncenter style=\" max-width:=\"\"><img data-recalc-dims=\"1\" loading=\"lazy\" decoding=\"async\" class=\"alignnone size-medium wp-image-713634\" src=\"https:\/\/i0.wp.com\/forbes.com.br\/wp-content\/uploads\/2025\/09\/Sergio-Zimerman-768x512.jpg?resize=768%2C512&#038;ssl=1\" alt=\"Sergio Zimerman, CEO da Petz\" width=\"768\" height=\"512\"\/><\/p>\n<p>Victor Affaro<\/p>\n<p class=\"wp-caption-text\">Sergio Zimerman, CEO da Petz<\/p>\n<\/div>\n<h4><em>\u201cUm caf\u00e9 com S\u00eaneca: Um guia estoico para a arte de viver\u201d<\/em>, de David Fideler<\/h4>\n<p>\u201cAchei o livro muito interessante por tratar do estoicismo, uma filosofia antiga que, de certa forma, sigo intuitivamente na minha vida. Ver que essas ideias j\u00e1 eram pensadas h\u00e1 tanto tempo gera uma identifica\u00e7\u00e3o para mim.\u201d<\/p>\n<aside>\n<h2>Escolhas do editor<\/h2>\n<\/aside>\n<div class=\"follow-us\">Siga o canal da <a href=\"https:\/\/whatsapp.com\/channel\/0029Va9gQKwBFLgM96cJnu0u\" target=\"_blank\" rel=\"noopener noreferrer nofollow\" title=\"Grupo da Forbes no WhatsApp\">Forbes<\/a> no WhatsApp e receba as principais not\u00edcias de empreendedorismo, carreira, tecnologia, agro e lifestyle.<\/div>\n<\/p><\/div>\n<p><script data-debloat-delay=\"1\" type=\"text\/debloat-script\">\n\t\t\t\t(function(d, s, id){\n\t\t\t\t\tvar js, fjs = d.getElementsByTagName(s)[0];\n\t\t\t\t\tif (d.getElementById(id)) return;\n\t\t\t\t\tjs = d.createElement(s); js.id = id;\n\t\t\t\t\tjs.src = \"\/\/connect.facebook.net\/pt_BR\/sdk.js#xfbml=1&version=v2.9\";\n\t\t\t\t\tfjs.parentNode.insertBefore(js, fjs);\n\t\t\t\t}(document, 'script', 'facebook-jssdk'));\n\t\t\t<\/script><br \/>\n<br \/><br \/>\n<br \/><a href=\"https:\/\/forbes.com.br\/carreira\/2025\/12\/melhores-ceos-de-2025-indicam-seus-livros-preferidos-do-ano\/\">Source link <\/a><\/p>\n<div class='code-block code-block-4' style='margin: 8px auto 8px 0; text-align: left; display: block; clear: both;'>\n\ud83d\udce2 Aviso Legal\n\nO site ismaelcolosi.com.br atua apenas como um canal de divulga\u00e7\u00e3o de oportunidades de emprego e n\u00e3o se responsabiliza pelo processo seletivo, contrata\u00e7\u00e3o ou qualquer outra etapa relacionada \u00e0s vagas publicadas. Todas as informa\u00e7\u00f5es s\u00e3o de responsabilidade dos anunciantes.\n\n\u26a0\ufe0f Aten\u00e7\u00e3o! Nunca pague por promessas de emprego nem compre cursos que garantam contrata\u00e7\u00e3o. Desconfie de qualquer cobran\u00e7a para participar de sele\u00e7\u00f5es.\n\n\n\n<\/div>\n<!-- CONTENT END 1 -->\n","protected":false},"excerpt":{"rendered":"<p>&#13; Getty Images &#13;Obras de Clarice Lispector, Nelson Mandela e Matthew McConaughey est\u00e3o entre os melhores livros lidos pelos CEOs em 2025&#13; Acessibilidade &#13; L&#13;&#8230;<\/p>\n","protected":false},"author":1,"featured_media":88648,"comment_status":"","ping_status":"open","sticky":false,"template":"","format":"standard","meta":{"_uag_custom_page_level_css":"","advanced_seo_description":"","jetpack_seo_html_title":"","jetpack_seo_noindex":false,"jetpack_post_was_ever_published":false,"_jetpack_newsletter_access":"","_jetpack_dont_email_post_to_subs":false,"_jetpack_newsletter_tier_id":0,"_jetpack_memberships_contains_paywalled_content":false,"_jetpack_memberships_contains_paid_content":false,"footnotes":"","jetpack_publicize_message":"","jetpack_publicize_feature_enabled":true,"jetpack_social_post_already_shared":true,"jetpack_social_options":{"image_generator_settings":{"template":"highway","default_image_id":0,"font":"","enabled":false},"version":2}},"categories":[1964],"tags":[],"class_list":["post-88647","post","type-post","status-publish","format-standard","has-post-thumbnail","hentry","category-carreira-e-sucesso-dicas-para-carreira"],"jetpack_publicize_connections":[],"jetpack_featured_media_url":"https:\/\/i0.wp.com\/ismaelcolosi.com.br\/wp-content\/uploads\/2025\/12\/melhores-ceos-livros-forbes-1200x675.jpg?fit=1200%2C675&ssl=1","uagb_featured_image_src":{"full":["https:\/\/i0.wp.com\/ismaelcolosi.com.br\/wp-content\/uploads\/2025\/12\/melhores-ceos-livros-forbes-1200x675.jpg?fit=1200%2C675&ssl=1",1200,675,false],"thumbnail":["https:\/\/i0.wp.com\/ismaelcolosi.com.br\/wp-content\/uploads\/2025\/12\/melhores-ceos-livros-forbes-1200x675.jpg?resize=150%2C150&ssl=1",150,150,true],"medium":["https:\/\/i0.wp.com\/ismaelcolosi.com.br\/wp-content\/uploads\/2025\/12\/melhores-ceos-livros-forbes-1200x675.jpg?fit=300%2C169&ssl=1",300,169,true],"medium_large":["https:\/\/i0.wp.com\/ismaelcolosi.com.br\/wp-content\/uploads\/2025\/12\/melhores-ceos-livros-forbes-1200x675.jpg?fit=768%2C432&ssl=1",768,432,true],"large":["https:\/\/i0.wp.com\/ismaelcolosi.com.br\/wp-content\/uploads\/2025\/12\/melhores-ceos-livros-forbes-1200x675.jpg?fit=1024%2C576&ssl=1",1024,576,true],"1536x1536":["https:\/\/i0.wp.com\/ismaelcolosi.com.br\/wp-content\/uploads\/2025\/12\/melhores-ceos-livros-forbes-1200x675.jpg?fit=1200%2C675&ssl=1",1200,675,true],"2048x2048":["https:\/\/i0.wp.com\/ismaelcolosi.com.br\/wp-content\/uploads\/2025\/12\/melhores-ceos-livros-forbes-1200x675.jpg?fit=1200%2C675&ssl=1",1200,675,true],"really-simple-thumb":["https:\/\/i0.wp.com\/ismaelcolosi.com.br\/wp-content\/uploads\/2025\/12\/melhores-ceos-livros-forbes-1200x675.jpg?resize=370%2C247&ssl=1",370,247,true]},"uagb_author_info":{"display_name":"ismaelcolosi.com.br","author_link":"https:\/\/ismaelcolosi.com.br\/index.php\/author\/vidareal-online\/"},"uagb_comment_info":0,"uagb_excerpt":"&#13; Getty Images &#13;Obras de Clarice Lispector, Nelson Mandela e Matthew McConaughey est\u00e3o entre os melhores livros lidos pelos CEOs em 2025&#13; Acessibilidade &#13; L&#13;...","jetpack-related-posts":[{"id":67969,"url":"https:\/\/ismaelcolosi.com.br\/index.php\/2024\/09\/26\/quem-sao-os-10-melhores-ceos-do-brasil\/","url_meta":{"origin":88647,"position":0},"title":"Quem S\u00e3o os 10 Melhores CEOs do Brasil","author":"ismaelcolosi.com.br","date":"26 de September de 2024","format":false,"excerpt":"Victor AffaroAlexandre Birman \u00e9 capa da edi\u00e7\u00e3o 123 da Forbes Brasil, que traz lista de Melhores CEOs Acessibilidade L L A- A+ \u25d0 A Lista Forbes Melhores CEOs do Brasil\u00a0traz uma sele\u00e7\u00e3o de l\u00edderes que t\u00eam conduzido suas empresas de forma diferenciada, sejam eles donos do neg\u00f3cio ou executivos ou\u2026","rel":"","context":"In &quot;Carreira e Sucesso&quot;","block_context":{"text":"Carreira e Sucesso","link":"https:\/\/ismaelcolosi.com.br\/index.php\/category\/carreira-e-sucesso-dicas-para-carreira\/"},"img":{"alt_text":"","src":"https:\/\/i0.wp.com\/ismaelcolosi.com.br\/wp-content\/uploads\/2024\/09\/carreira-alexandre-birman-1-1024x683.jpg?fit=1024%2C683&ssl=1&resize=350%2C200","width":350,"height":200,"srcset":"https:\/\/i0.wp.com\/ismaelcolosi.com.br\/wp-content\/uploads\/2024\/09\/carreira-alexandre-birman-1-1024x683.jpg?fit=1024%2C683&ssl=1&resize=350%2C200 1x, https:\/\/i0.wp.com\/ismaelcolosi.com.br\/wp-content\/uploads\/2024\/09\/carreira-alexandre-birman-1-1024x683.jpg?fit=1024%2C683&ssl=1&resize=525%2C300 1.5x, https:\/\/i0.wp.com\/ismaelcolosi.com.br\/wp-content\/uploads\/2024\/09\/carreira-alexandre-birman-1-1024x683.jpg?fit=1024%2C683&ssl=1&resize=700%2C400 2x"},"classes":[]},{"id":67903,"url":"https:\/\/ismaelcolosi.com.br\/index.php\/2024\/09\/26\/lista-forbes-melhores-ceos-do-brasil-2024-e-destaque-da-nova-edicao\/","url_meta":{"origin":88647,"position":1},"title":"Lista Forbes Melhores CEOs do Brasil 2024 \u00e9 destaque da nova edi\u00e7\u00e3o","author":"ismaelcolosi.com.br","date":"26 de September de 2024","format":false,"excerpt":"Foto: Victor AffaroAlexandre Birman \u00e9 capa da edi\u00e7\u00e3o 123 da Forbes Brasil, que traz lista de Melhores CEOs Acessibilidade L L A- A+ \u25d0 A edi\u00e7\u00e3o 123 da Forbes Brasil, que traz a Lista Forbes Melhores CEOs do Brasil 2024, j\u00e1 est\u00e1 dispon\u00edvel no aplicativo da Forbes. Esta edi\u00e7\u00e3o traz\u2026","rel":"","context":"In &quot;Carreira e Sucesso&quot;","block_context":{"text":"Carreira e Sucesso","link":"https:\/\/ismaelcolosi.com.br\/index.php\/category\/carreira-e-sucesso-dicas-para-carreira\/"},"img":{"alt_text":"","src":"https:\/\/i0.wp.com\/ismaelcolosi.com.br\/wp-content\/uploads\/2024\/09\/Capa123_alexandre-birman-1024x683.png?fit=1024%2C683&ssl=1&resize=350%2C200","width":350,"height":200,"srcset":"https:\/\/i0.wp.com\/ismaelcolosi.com.br\/wp-content\/uploads\/2024\/09\/Capa123_alexandre-birman-1024x683.png?fit=1024%2C683&ssl=1&resize=350%2C200 1x, https:\/\/i0.wp.com\/ismaelcolosi.com.br\/wp-content\/uploads\/2024\/09\/Capa123_alexandre-birman-1024x683.png?fit=1024%2C683&ssl=1&resize=525%2C300 1.5x, https:\/\/i0.wp.com\/ismaelcolosi.com.br\/wp-content\/uploads\/2024\/09\/Capa123_alexandre-birman-1024x683.png?fit=1024%2C683&ssl=1&resize=700%2C400 2x"},"classes":[]},{"id":87687,"url":"https:\/\/ismaelcolosi.com.br\/index.php\/2025\/09\/25\/lista-forbes-melhores-ceos-do-brasil-2025-e-destaque-da-nova-edicao-da-revista\/","url_meta":{"origin":88647,"position":2},"title":"Lista Forbes Melhores CEOs do Brasil 2025 \u00c9 Destaque da Nova Edi\u00e7\u00e3o da Revista","author":"ismaelcolosi.com.br","date":"25 de September de 2025","format":false,"excerpt":"\r Foto: Diego Mello\r Edgard Corona, CEO da Smart Fit, \u00e9 capa da edi\u00e7\u00e3o 134 da Forbes Brasil\r Acessibilidade \r L\r L\r A-\r A+\r \r \u25d0\r \r A edi\u00e7\u00e3o 134 da Forbes Brasil, que traz a Lista Forbes Melhores CEOs do Brasil 2025, j\u00e1 est\u00e1 dispon\u00edvel no app da Forbes.\u2026","rel":"","context":"In &quot;Carreira e Sucesso&quot;","block_context":{"text":"Carreira e Sucesso","link":"https:\/\/ismaelcolosi.com.br\/index.php\/category\/carreira-e-sucesso-dicas-para-carreira\/"},"img":{"alt_text":"","src":"https:\/\/i0.wp.com\/ismaelcolosi.com.br\/wp-content\/uploads\/2025\/09\/IMG_1371-1200x675.jpg?fit=1200%2C675&ssl=1&resize=350%2C200","width":350,"height":200,"srcset":"https:\/\/i0.wp.com\/ismaelcolosi.com.br\/wp-content\/uploads\/2025\/09\/IMG_1371-1200x675.jpg?fit=1200%2C675&ssl=1&resize=350%2C200 1x, https:\/\/i0.wp.com\/ismaelcolosi.com.br\/wp-content\/uploads\/2025\/09\/IMG_1371-1200x675.jpg?fit=1200%2C675&ssl=1&resize=525%2C300 1.5x, https:\/\/i0.wp.com\/ismaelcolosi.com.br\/wp-content\/uploads\/2025\/09\/IMG_1371-1200x675.jpg?fit=1200%2C675&ssl=1&resize=700%2C400 2x, https:\/\/i0.wp.com\/ismaelcolosi.com.br\/wp-content\/uploads\/2025\/09\/IMG_1371-1200x675.jpg?fit=1200%2C675&ssl=1&resize=1050%2C600 3x"},"classes":[]},{"id":87926,"url":"https:\/\/ismaelcolosi.com.br\/index.php\/2025\/10\/14\/forbes-reune-liderancas-e-premia-melhores-ceos-do-brasil\/","url_meta":{"origin":88647,"position":3},"title":"Forbes Re\u00fane Lideran\u00e7as e Premia Melhores CEOs do Brasil","author":"ismaelcolosi.com.br","date":"14 de October de 2025","format":false,"excerpt":"\r Jo\u00e3o Sal\r Antonio e Katarina Camarotti (ao centro) com os homenageados da lista Forbes Melhores CEOs 2025 durante evento em S\u00e3o Paulo\r A Forbes reuniu lideran\u00e7as de diferentes segmentos para celebrar os homenageados da lista anual dos Melhores CEOs do Brasil nesta ter\u00e7a-feira (14). O almo\u00e7o no Pal\u00e1cio Tangar\u00e1\u2026","rel":"","context":"In &quot;Carreira e Sucesso&quot;","block_context":{"text":"Carreira e Sucesso","link":"https:\/\/ismaelcolosi.com.br\/index.php\/category\/carreira-e-sucesso-dicas-para-carreira\/"},"img":{"alt_text":"","src":"https:\/\/i0.wp.com\/ismaelcolosi.com.br\/wp-content\/uploads\/2025\/10\/forbes-melhores-ceos-2025-1200x675.jpg?fit=1200%2C675&ssl=1&resize=350%2C200","width":350,"height":200,"srcset":"https:\/\/i0.wp.com\/ismaelcolosi.com.br\/wp-content\/uploads\/2025\/10\/forbes-melhores-ceos-2025-1200x675.jpg?fit=1200%2C675&ssl=1&resize=350%2C200 1x, https:\/\/i0.wp.com\/ismaelcolosi.com.br\/wp-content\/uploads\/2025\/10\/forbes-melhores-ceos-2025-1200x675.jpg?fit=1200%2C675&ssl=1&resize=525%2C300 1.5x, https:\/\/i0.wp.com\/ismaelcolosi.com.br\/wp-content\/uploads\/2025\/10\/forbes-melhores-ceos-2025-1200x675.jpg?fit=1200%2C675&ssl=1&resize=700%2C400 2x, https:\/\/i0.wp.com\/ismaelcolosi.com.br\/wp-content\/uploads\/2025\/10\/forbes-melhores-ceos-2025-1200x675.jpg?fit=1200%2C675&ssl=1&resize=1050%2C600 3x"},"classes":[]},{"id":81227,"url":"https:\/\/ismaelcolosi.com.br\/index.php\/2025\/01\/09\/demissao-por-vinganca-deve-alcancar-seu-pico-em-2025\/","url_meta":{"origin":88647,"position":4},"title":"&#8220;Demiss\u00e3o por Vingan\u00e7a&#8221; Deve Alcan\u00e7ar Seu Pico em 2025","author":"ismaelcolosi.com.br","date":"9 de January de 2025","format":false,"excerpt":"\r Getty Images\r Na esteira da \u201cdemiss\u00e3o por vingan\u00e7a\u201d, especialistas afirmam que empresas que persistem em modelos de trabalho ultrapassados ou desconsideram as opini\u00f5es de seus funcion\u00e1rios s\u00e3o as que mais sofrer\u00e3o \r \u00a0 Acessibilidade \r L\r L\r A-\r A+\r \r \u25d0\r \r \u00a0 O mundo do trabalho est\u00e1 agitado\u2026","rel":"","context":"In &quot;Carreira e Sucesso&quot;","block_context":{"text":"Carreira e Sucesso","link":"https:\/\/ismaelcolosi.com.br\/index.php\/category\/carreira-e-sucesso-dicas-para-carreira\/"},"img":{"alt_text":"","src":"https:\/\/i0.wp.com\/ismaelcolosi.com.br\/wp-content\/uploads\/2025\/01\/demissao-carreira-forbes-1200x675.jpg?fit=1200%2C675&ssl=1&resize=350%2C200","width":350,"height":200,"srcset":"https:\/\/i0.wp.com\/ismaelcolosi.com.br\/wp-content\/uploads\/2025\/01\/demissao-carreira-forbes-1200x675.jpg?fit=1200%2C675&ssl=1&resize=350%2C200 1x, https:\/\/i0.wp.com\/ismaelcolosi.com.br\/wp-content\/uploads\/2025\/01\/demissao-carreira-forbes-1200x675.jpg?fit=1200%2C675&ssl=1&resize=525%2C300 1.5x, https:\/\/i0.wp.com\/ismaelcolosi.com.br\/wp-content\/uploads\/2025\/01\/demissao-carreira-forbes-1200x675.jpg?fit=1200%2C675&ssl=1&resize=700%2C400 2x, https:\/\/i0.wp.com\/ismaelcolosi.com.br\/wp-content\/uploads\/2025\/01\/demissao-carreira-forbes-1200x675.jpg?fit=1200%2C675&ssl=1&resize=1050%2C600 3x"},"classes":[]},{"id":87774,"url":"https:\/\/ismaelcolosi.com.br\/index.php\/2025\/10\/01\/por-que-grandes-empresas-apostam-na-lideranca-compartilhada\/","url_meta":{"origin":88647,"position":5},"title":"Por Que Grandes Empresas Apostam na Lideran\u00e7a Compartilhada","author":"ismaelcolosi.com.br","date":"1 de October de 2025","format":false,"excerpt":"\r Emma McIntyre\/Equipe\/Getty\r Ted Sarandos e Greg Peters, co-CEOs da Netflix\r Acessibilidade \r L\r L\r A-\r A+\r \r \u25d0\r \r Empresas bilion\u00e1rias como Netflix, Oracle e Comcast est\u00e3o apostando que dois l\u00edderes no topo podem ser melhores do que um, um modelo que vem ganhando cada vez mais espa\u00e7o no\u2026","rel":"","context":"In &quot;Carreira e Sucesso&quot;","block_context":{"text":"Carreira e Sucesso","link":"https:\/\/ismaelcolosi.com.br\/index.php\/category\/carreira-e-sucesso-dicas-para-carreira\/"},"img":{"alt_text":"","src":"https:\/\/i0.wp.com\/ismaelcolosi.com.br\/wp-content\/uploads\/2025\/10\/carreira-co-ceos-netflix-1-1200x675.jpg?fit=1200%2C675&ssl=1&resize=350%2C200","width":350,"height":200,"srcset":"https:\/\/i0.wp.com\/ismaelcolosi.com.br\/wp-content\/uploads\/2025\/10\/carreira-co-ceos-netflix-1-1200x675.jpg?fit=1200%2C675&ssl=1&resize=350%2C200 1x, https:\/\/i0.wp.com\/ismaelcolosi.com.br\/wp-content\/uploads\/2025\/10\/carreira-co-ceos-netflix-1-1200x675.jpg?fit=1200%2C675&ssl=1&resize=525%2C300 1.5x, https:\/\/i0.wp.com\/ismaelcolosi.com.br\/wp-content\/uploads\/2025\/10\/carreira-co-ceos-netflix-1-1200x675.jpg?fit=1200%2C675&ssl=1&resize=700%2C400 2x, https:\/\/i0.wp.com\/ismaelcolosi.com.br\/wp-content\/uploads\/2025\/10\/carreira-co-ceos-netflix-1-1200x675.jpg?fit=1200%2C675&ssl=1&resize=1050%2C600 3x"},"classes":[]}],"jetpack_sharing_enabled":true,"jetpack_shortlink":"https:\/\/wp.me\/pfMlyK-n3N","_links":{"self":[{"href":"https:\/\/ismaelcolosi.com.br\/index.php\/wp-json\/wp\/v2\/posts\/88647","targetHints":{"allow":["GET"]}}],"collection":[{"href":"https:\/\/ismaelcolosi.com.br\/index.php\/wp-json\/wp\/v2\/posts"}],"about":[{"href":"https:\/\/ismaelcolosi.com.br\/index.php\/wp-json\/wp\/v2\/types\/post"}],"author":[{"embeddable":true,"href":"https:\/\/ismaelcolosi.com.br\/index.php\/wp-json\/wp\/v2\/users\/1"}],"replies":[{"embeddable":true,"href":"https:\/\/ismaelcolosi.com.br\/index.php\/wp-json\/wp\/v2\/comments?post=88647"}],"version-history":[{"count":0,"href":"https:\/\/ismaelcolosi.com.br\/index.php\/wp-json\/wp\/v2\/posts\/88647\/revisions"}],"wp:featuredmedia":[{"embeddable":true,"href":"https:\/\/ismaelcolosi.com.br\/index.php\/wp-json\/wp\/v2\/media\/88648"}],"wp:attachment":[{"href":"https:\/\/ismaelcolosi.com.br\/index.php\/wp-json\/wp\/v2\/media?parent=88647"}],"wp:term":[{"taxonomy":"category","embeddable":true,"href":"https:\/\/ismaelcolosi.com.br\/index.php\/wp-json\/wp\/v2\/categories?post=88647"},{"taxonomy":"post_tag","embeddable":true,"href":"https:\/\/ismaelcolosi.com.br\/index.php\/wp-json\/wp\/v2\/tags?post=88647"}],"curies":[{"name":"wp","href":"https:\/\/api.w.org\/{rel}","templated":true}]}}