{"id":88639,"date":"2025-12-23T09:40:35","date_gmt":"2025-12-23T12:40:35","guid":{"rendered":"https:\/\/ismaelcolosi.com.br\/index.php\/2025\/12\/23\/hapvida-anuncia-novo-ceo-em-meio-a-pressao-da-divida-de-r-425-bilhoes\/"},"modified":"2025-12-23T09:40:35","modified_gmt":"2025-12-23T12:40:35","slug":"hapvida-anuncia-novo-ceo-em-meio-a-pressao-da-divida-de-r-425-bilhoes","status":"publish","type":"post","link":"https:\/\/ismaelcolosi.com.br\/index.php\/2025\/12\/23\/hapvida-anuncia-novo-ceo-em-meio-a-pressao-da-divida-de-r-425-bilhoes\/","title":{"rendered":"Hapvida Anuncia Novo CEO Em Meio a Press\u00e3o da D\u00edvida de R$ 4,25 Bilh\u00f5es"},"content":{"rendered":"<p> <br \/>\n<\/p>\n<div>\n<div class=\"accessibility\">\n<p>Acessibilidade<\/p>\n<p>&#13;<br \/>\n\t\t\t<button onclick=\"alterFont1()\" id=\"btn1\" class=\"btn\">L<\/button>&#13;<br \/>\n\t\t\t<button onclick=\"alterFont2()\" id=\"btn2\" class=\"btn\" style=\"font-family:Merriweather\">L<\/button>&#13;<br \/>\n\t\t\t<button onclick=\"alterFontSmallerSize()\" id=\"btn3\" class=\"btn\">A-<\/button>&#13;<br \/>\n\t\t\t<button onclick=\"alterFontBiggerSize()\" id=\"btn4\" class=\"btn\">A+<\/button>&#13;<br \/>\n\t\t\t<!--<button onclick='alterFontBolder()' id='btn5' class=\"btn\" >B<\/button>-->&#13;<br \/>\n\t\t\t<button onclick=\"alterBackground()\" id=\"btn6\" class=\"btn\">\u25d0<\/button>&#13;<br \/>\n\t\t\t<!--<button onclick='clean()' id='btn7' class=\"btn\" >Limpar<\/button>-->&#13;\n\t\t<\/p><div class='code-block code-block-8' style='margin: 8px auto; text-align: center; display: block; clear: both;'>\n<script>\n  atOptions = {\n    'key' : '66e2e2111ca34da796271819fc334058',\n    'format' : 'iframe',\n    'height' : 250,\n    'width' : 300,\n    'params' : {}\n  };\n<\/script>\n<script src=\"https:\/\/www.highperformanceformat.com\/66e2e2111ca34da796271819fc334058\/invoke.js\"><\/script>\n<\/div>\n\n<\/p><\/div>\n<p><span style=\"font-weight: 400;\">A <strong>Hapvida<\/strong> anunciou, nesta segunda-feira (22), que o atual vice-presidente financeiro, <strong>Luccas Augusto Adib<\/strong>, assumir\u00e1 a presid\u00eancia da companhia no lugar de <strong>Jorge Pinheiro<\/strong>. A transi\u00e7\u00e3o no comando ser\u00e1 realizada de forma gradual ao longo de 2026, conforme fato relevante divulgado ao mercado.<\/span><\/p>\n<p><span style=\"font-weight: 400;\">Com a mudan\u00e7a, Jorge Pinheiro deixar\u00e1 a posi\u00e7\u00e3o de CEO e passar\u00e1 a atuar exclusivamente como chairman executivo do grupo, substituindo Candido Pinheiro, tamb\u00e9m dentro do cronograma previsto para 2026.<\/span><\/p>\n<aside>\n<h2>Leia tamb\u00e9m<\/h2>\n<\/aside>\n<p><span style=\"font-weight: 400;\">Segundo a empresa, a escolha de Adib est\u00e1 alinhada ao plano de acelerar as transforma\u00e7\u00f5es estrat\u00e9gicas da Hapvida. Entre as prioridades do novo presidente est\u00e3o a revis\u00e3o do portf\u00f3lio de produtos, o aumento da efici\u00eancia operacional e o refor\u00e7o da disciplina na aloca\u00e7\u00e3o de capital, com foco na gera\u00e7\u00e3o de valor e na sustentabilidade dos resultados.<\/span><\/p>\n<p><span style=\"font-weight: 400;\">A companhia destacou ainda que o processo de sucess\u00e3o foi planejado e conduzido pelo conselho de administra\u00e7\u00e3o, garantindo continuidade estrat\u00e9gica e estabilidade na gest\u00e3o.<\/span><\/p>\n<h2>Quem \u00e9 o novo presidente<\/h2>\n<p><span style=\"font-weight: 400;\">Adib est\u00e1 na Hapvida h\u00e1 seis anos e construiu uma trajet\u00f3ria de crescimento marcada por entregas consistentes em \u00e1reas e projetos estrat\u00e9gicos, segundo a Hapvida. Ele assumiu o cargo de diretor financeiro em dezembro de 2023 e passou a acumular tamb\u00e9m a fun\u00e7\u00e3o de diretor de tecnologia a partir de abril de 2025, liderando reestrutura\u00e7\u00f5es profundas com foco em pessoas, processos e tecnologia.<\/span><\/p>\n<aside>\n<h2>Escolhas do editor<\/h2>\n<\/aside>\n<p><span style=\"font-weight: 400;\">Segundo o fato relevante, na presid\u00eancia, Adib ter\u00e1 como miss\u00e3o acelerar as transforma\u00e7\u00f5es que a companhia vem conduzindo nos \u00faltimos anos, com \u00eanfase na constru\u00e7\u00e3o de uma cultura organizacional de alta performance.\u00a0<\/span><\/p>\n<p><span style=\"font-weight: 400;\">\u201cDentre as prioridades de seu mandato, est\u00e3o a centralidade na experi\u00eancia do usu\u00e1rio, a revis\u00e3o de produtos, o posicionamento estrat\u00e9gico e a transforma\u00e7\u00e3o digital, bem como o extremo rigor e a disciplina na aloca\u00e7\u00e3o de capital\u201d, diz o texto.<\/span><\/p>\n<h2>D\u00edvida<\/h2>\n<p>Apesar de registrar lucro l\u00edquido de R$ 337,7 milh\u00f5es no terceiro trimestre de 2025, a operadora segue pressionada por um passivo bilion\u00e1rio que continua a crescer. A d\u00edvida l\u00edquida da companhia alcan\u00e7ou R$ 4,25 bilh\u00f5es, avan\u00e7o de 3,7% na compara\u00e7\u00e3o anual.<\/p>\n<p>O elevado n\u00edvel de endividamento pesou fortemente sobre a percep\u00e7\u00e3o do mercado, levando as <strong>a\u00e7\u00f5es da empresa a recuarem quase 40% logo ap\u00f3s a divulga\u00e7\u00e3o dos resultados<\/strong>.<\/p>\n<p>A press\u00e3o financeira \u00e9 refor\u00e7ada pela queda de 2,1% no Ebitda ajustado, que totalizou R$ 746,4 milh\u00f5es no trimestre. O desempenho operacional foi impactado pelo aumento da sinistralidade, que chegou a 75,2%, refletindo custos mais elevados com a utiliza\u00e7\u00e3o dos servi\u00e7os e a expans\u00e3o da rede pr\u00f3pria.<\/p>\n<p>Embora a Hapvida tenha apresentado crescimento de receita e do t\u00edquete m\u00e9dio, a manuten\u00e7\u00e3o da alavancagem em 1 vez a rela\u00e7\u00e3o d\u00edvida\/Ebitda indica que o equil\u00edbrio entre a expans\u00e3o da opera\u00e7\u00e3o e o peso da d\u00edvida segue como um ponto cr\u00edtico para a gest\u00e3o.<\/p>\n<aside class=\"web-story\">&#13;<br \/>\n  &#13;<br \/>\n<\/aside>\n<div class=\"follow-us\">Siga o canal da <a href=\"https:\/\/whatsapp.com\/channel\/0029VaAZk57JuyA9F4UwQc2I\" target=\"_blank\" rel=\"noopener noreferrer nofollow\" title=\"Grupo da Forbes Money no WhatsApp\">Forbes Money<\/a> no WhatsApp e receba as principais not\u00edcias de economia e mercado financeiro.<\/div>\n<\/p><\/div>\n<p><script data-debloat-delay=\"1\" type=\"text\/debloat-script\">\n\t\t\t\t(function(d, s, id){\n\t\t\t\t\tvar js, fjs = d.getElementsByTagName(s)[0];\n\t\t\t\t\tif (d.getElementById(id)) return;\n\t\t\t\t\tjs = d.createElement(s); js.id = id;\n\t\t\t\t\tjs.src = \"\/\/connect.facebook.net\/pt_BR\/sdk.js#xfbml=1&version=v2.9\";\n\t\t\t\t\tfjs.parentNode.insertBefore(js, fjs);\n\t\t\t\t}(document, 'script', 'facebook-jssdk'));\n\t\t\t<\/script><br \/>\n<br \/><br \/>\n<br \/><a href=\"https:\/\/forbes.com.br\/carreira\/2025\/12\/hapvida-anuncia-novo-ceo-em-meio-a-pressao-da-divida-de-r-425-bilhoes\/\">Source link <\/a><\/p>\n<div class='code-block code-block-4' style='margin: 8px auto 8px 0; text-align: left; display: block; clear: both;'>\n\ud83d\udce2 Aviso Legal\n\nO site ismaelcolosi.com.br atua apenas como um canal de divulga\u00e7\u00e3o de oportunidades de emprego e n\u00e3o se responsabiliza pelo processo seletivo, contrata\u00e7\u00e3o ou qualquer outra etapa relacionada \u00e0s vagas publicadas. Todas as informa\u00e7\u00f5es s\u00e3o de responsabilidade dos anunciantes.\n\n\u26a0\ufe0f Aten\u00e7\u00e3o! Nunca pague por promessas de emprego nem compre cursos que garantam contrata\u00e7\u00e3o. Desconfie de qualquer cobran\u00e7a para participar de sele\u00e7\u00f5es.\n\n\n\n<\/div>\n<!-- CONTENT END 1 -->\n","protected":false},"excerpt":{"rendered":"<p>Acessibilidade &#13; L&#13; L&#13; A-&#13; A+&#13; &#13; \u25d0&#13; &#13; A Hapvida anunciou, nesta segunda-feira (22), que o atual vice-presidente financeiro, Luccas Augusto Adib, assumir\u00e1 a&#8230;<\/p>\n","protected":false},"author":1,"featured_media":88640,"comment_status":"","ping_status":"open","sticky":false,"template":"","format":"standard","meta":{"_uag_custom_page_level_css":"","advanced_seo_description":"","jetpack_seo_html_title":"","jetpack_seo_noindex":false,"jetpack_post_was_ever_published":false,"_jetpack_newsletter_access":"","_jetpack_dont_email_post_to_subs":false,"_jetpack_newsletter_tier_id":0,"_jetpack_memberships_contains_paywalled_content":false,"_jetpack_memberships_contains_paid_content":false,"footnotes":"","jetpack_publicize_message":"","jetpack_publicize_feature_enabled":true,"jetpack_social_post_already_shared":true,"jetpack_social_options":{"image_generator_settings":{"template":"highway","default_image_id":0,"font":"","enabled":false},"version":2}},"categories":[1964],"tags":[],"class_list":["post-88639","post","type-post","status-publish","format-standard","has-post-thumbnail","hentry","category-carreira-e-sucesso-dicas-para-carreira"],"jetpack_publicize_connections":[],"jetpack_featured_media_url":"https:\/\/i0.wp.com\/ismaelcolosi.com.br\/wp-content\/uploads\/2025\/12\/1766493637_forbes-og.png?fit=1200%2C675&ssl=1","uagb_featured_image_src":{"full":["https:\/\/i0.wp.com\/ismaelcolosi.com.br\/wp-content\/uploads\/2025\/12\/1766493637_forbes-og.png?fit=1200%2C675&ssl=1",1200,675,false],"thumbnail":["https:\/\/i0.wp.com\/ismaelcolosi.com.br\/wp-content\/uploads\/2025\/12\/1766493637_forbes-og.png?resize=150%2C150&ssl=1",150,150,true],"medium":["https:\/\/i0.wp.com\/ismaelcolosi.com.br\/wp-content\/uploads\/2025\/12\/1766493637_forbes-og.png?fit=300%2C169&ssl=1",300,169,true],"medium_large":["https:\/\/i0.wp.com\/ismaelcolosi.com.br\/wp-content\/uploads\/2025\/12\/1766493637_forbes-og.png?fit=768%2C432&ssl=1",768,432,true],"large":["https:\/\/i0.wp.com\/ismaelcolosi.com.br\/wp-content\/uploads\/2025\/12\/1766493637_forbes-og.png?fit=1024%2C576&ssl=1",1024,576,true],"1536x1536":["https:\/\/i0.wp.com\/ismaelcolosi.com.br\/wp-content\/uploads\/2025\/12\/1766493637_forbes-og.png?fit=1200%2C675&ssl=1",1200,675,true],"2048x2048":["https:\/\/i0.wp.com\/ismaelcolosi.com.br\/wp-content\/uploads\/2025\/12\/1766493637_forbes-og.png?fit=1200%2C675&ssl=1",1200,675,true],"really-simple-thumb":["https:\/\/i0.wp.com\/ismaelcolosi.com.br\/wp-content\/uploads\/2025\/12\/1766493637_forbes-og.png?resize=370%2C247&ssl=1",370,247,true]},"uagb_author_info":{"display_name":"ismaelcolosi.com.br","author_link":"https:\/\/ismaelcolosi.com.br\/index.php\/author\/vidareal-online\/"},"uagb_comment_info":0,"uagb_excerpt":"Acessibilidade &#13; L&#13; L&#13; A-&#13; A+&#13; &#13; \u25d0&#13; &#13; A Hapvida anunciou, nesta segunda-feira (22), que o atual vice-presidente financeiro, Luccas Augusto Adib, assumir\u00e1 a...","jetpack-related-posts":[{"id":14680,"url":"https:\/\/ismaelcolosi.com.br\/index.php\/2023\/12\/12\/cfo-da-hapvida-deixa-cargo-e-vai-para-o-conselho-luccas-adib-assumira-interinamente\/","url_meta":{"origin":88639,"position":0},"title":"CFO da Hapvida deixa cargo e vai para o conselho; Luccas Adib assumir\u00e1 interinamente","author":"ismaelcolosi.com.br","date":"12 de December de 2023","format":false,"excerpt":"A operadora de sa\u00fade Hapvida (HAPV3) informou na \u00faltima segunda-feira (11) que seu diretor financeiro e de rela\u00e7\u00f5es com investidores, Mauricio Fernandes Teixeira, renunciou ao cargo e foi eleito membro do Conselho de Administra\u00e7\u00e3o da empresa, conforme fato relevante. O atual diretor de mercado de capitais, Luccas Augusto Adib, que\u2026","rel":"","context":"In &quot;Carreira e Sucesso&quot;","block_context":{"text":"Carreira e Sucesso","link":"https:\/\/ismaelcolosi.com.br\/index.php\/category\/carreira-e-sucesso-dicas-para-carreira\/"},"img":{"alt_text":"","src":"https:\/\/i0.wp.com\/ismaelcolosi.com.br\/wp-content\/uploads\/2023\/12\/hapvida-divulgacao-1024x683.jpg?fit=1024%2C683&ssl=1&resize=350%2C200","width":350,"height":200,"srcset":"https:\/\/i0.wp.com\/ismaelcolosi.com.br\/wp-content\/uploads\/2023\/12\/hapvida-divulgacao-1024x683.jpg?fit=1024%2C683&ssl=1&resize=350%2C200 1x, https:\/\/i0.wp.com\/ismaelcolosi.com.br\/wp-content\/uploads\/2023\/12\/hapvida-divulgacao-1024x683.jpg?fit=1024%2C683&ssl=1&resize=525%2C300 1.5x, https:\/\/i0.wp.com\/ismaelcolosi.com.br\/wp-content\/uploads\/2023\/12\/hapvida-divulgacao-1024x683.jpg?fit=1024%2C683&ssl=1&resize=700%2C400 2x"},"classes":[]},{"id":65575,"url":"https:\/\/ismaelcolosi.com.br\/index.php\/2024\/09\/12\/vagas-de-emprego-para-enfermagem-em-ribeirao-preto-sp-6\/","url_meta":{"origin":88639,"position":1},"title":"Vagas de emprego para Enfermagem em Ribeir\u00e3o Preto-SP","author":"ismaelcolosi.com.br","date":"12 de September de 2024","format":false,"excerpt":"TECNICO ENFERMAGEM HOSPITALAR Ribeir\u00e3o Preto - SP Efetivo AUXILIAR ENFERMAGEM HOSPITALAR Ribeir\u00e3o Preto - SP Efetivo TECNICO ENFERMAGEM HOSPITALAR Ribeir\u00e3o Preto - SP Efetivo AUXILIAR ENFERMAGEM HOSPITALAR - CLINICA MEDICA Ribeir\u00e3o Preto - SP Efetivo AUXILIAR ENFERMAGEM HOSPITALAR - CLINICA MEDICA Ribeir\u00e3o Preto - SP Efetivo TECNICO ENFERMAGEM HOSPITALAR Ribeir\u00e3o\u2026","rel":"","context":"In &quot;Vagas de Emprego em Ribeir\u00e3o Preto-SP&quot;","block_context":{"text":"Vagas de Emprego em Ribeir\u00e3o Preto-SP","link":"https:\/\/ismaelcolosi.com.br\/index.php\/category\/empregos-classificados-vagas-trabalho\/vagas-de-empregos-em-ribeirao-preto-regiao-brasil\/"},"img":{"alt_text":"","src":"https:\/\/i0.wp.com\/ismaelcolosi.com.br\/wp-content\/uploads\/2024\/09\/matriz-de-bordado-simbolo-enfermagem-matriz-emb.jpg?fit=1200%2C900&ssl=1&resize=350%2C200","width":350,"height":200,"srcset":"https:\/\/i0.wp.com\/ismaelcolosi.com.br\/wp-content\/uploads\/2024\/09\/matriz-de-bordado-simbolo-enfermagem-matriz-emb.jpg?fit=1200%2C900&ssl=1&resize=350%2C200 1x, https:\/\/i0.wp.com\/ismaelcolosi.com.br\/wp-content\/uploads\/2024\/09\/matriz-de-bordado-simbolo-enfermagem-matriz-emb.jpg?fit=1200%2C900&ssl=1&resize=525%2C300 1.5x, https:\/\/i0.wp.com\/ismaelcolosi.com.br\/wp-content\/uploads\/2024\/09\/matriz-de-bordado-simbolo-enfermagem-matriz-emb.jpg?fit=1200%2C900&ssl=1&resize=700%2C400 2x, https:\/\/i0.wp.com\/ismaelcolosi.com.br\/wp-content\/uploads\/2024\/09\/matriz-de-bordado-simbolo-enfermagem-matriz-emb.jpg?fit=1200%2C900&ssl=1&resize=1050%2C600 3x"},"classes":[]},{"id":62303,"url":"https:\/\/ismaelcolosi.com.br\/index.php\/2024\/08\/26\/vagas-de-emprego-para-enfermagem-em-ribeirao-preto-sp-5\/","url_meta":{"origin":88639,"position":2},"title":"Vagas de emprego para Enfermagem em Ribeir\u00e3o Preto-SP","author":"ismaelcolosi.com.br","date":"26 de August de 2024","format":false,"excerpt":"AUXILIAR ENFERMAGEM HOSPITALAR - CLINICA MEDICA Ribeir\u00e3o Preto - SP Efetivo AUXILIAR COLETA- RIBEIR\u00c3O PRETO RIBEIR\u00c3O PRETO - SP Efetivo ATENDENTE DE CLIENTE - RIBP AUXILIAR DE LABORAT\u00d3RIO - RIBP AUXILIAR DE LABORAT\u00d3RIO - RIBP AUXILIAR FARMACIA Ribeir\u00e3o Preto - SP Banco de talentos TECNICO ENFERMAGEM HOSPITALAR LABORATORIO IMAGENS RIBEIR\u00c3O\u2026","rel":"","context":"In &quot;Vagas de Emprego em Ribeir\u00e3o Preto-SP&quot;","block_context":{"text":"Vagas de Emprego em Ribeir\u00e3o Preto-SP","link":"https:\/\/ismaelcolosi.com.br\/index.php\/category\/empregos-classificados-vagas-trabalho\/vagas-de-empregos-em-ribeirao-preto-regiao-brasil\/"},"img":{"alt_text":"","src":"https:\/\/i0.wp.com\/ismaelcolosi.com.br\/wp-content\/uploads\/2024\/08\/matriz-de-bordado-simbolo-enfermagem-matriz-emb.jpg?fit=1200%2C900&ssl=1&resize=350%2C200","width":350,"height":200,"srcset":"https:\/\/i0.wp.com\/ismaelcolosi.com.br\/wp-content\/uploads\/2024\/08\/matriz-de-bordado-simbolo-enfermagem-matriz-emb.jpg?fit=1200%2C900&ssl=1&resize=350%2C200 1x, https:\/\/i0.wp.com\/ismaelcolosi.com.br\/wp-content\/uploads\/2024\/08\/matriz-de-bordado-simbolo-enfermagem-matriz-emb.jpg?fit=1200%2C900&ssl=1&resize=525%2C300 1.5x, https:\/\/i0.wp.com\/ismaelcolosi.com.br\/wp-content\/uploads\/2024\/08\/matriz-de-bordado-simbolo-enfermagem-matriz-emb.jpg?fit=1200%2C900&ssl=1&resize=700%2C400 2x, https:\/\/i0.wp.com\/ismaelcolosi.com.br\/wp-content\/uploads\/2024\/08\/matriz-de-bordado-simbolo-enfermagem-matriz-emb.jpg?fit=1200%2C900&ssl=1&resize=1050%2C600 3x"},"classes":[]},{"id":58524,"url":"https:\/\/ismaelcolosi.com.br\/index.php\/2024\/07\/31\/pronto-atendimento-e-evacuado-apos-fumaca-em-subestacao-de-energia-na-regiao-de-ribeirao\/","url_meta":{"origin":88639,"position":3},"title":"Pronto Atendimento \u00e9 evacuado ap\u00f3s fuma\u00e7a em subesta\u00e7\u00e3o de energia na regi\u00e3o de Ribeir\u00e3o","author":"ismaelcolosi.com.br","date":"31 de July de 2024","format":false,"excerpt":"O Pronto Atendimento da Hapvida foi evacuado na manh\u00e3 desta quarta-feira (31), no Jardim S\u00e3o Marcos, em Jaboticabal, cidade a aproximdamente 50 quil\u00f4metros de Ribeir\u00e3o Preto, depois de um incidente com fuma\u00e7a em uma subesta\u00e7\u00e3o el\u00e9trica na parte externa. A empresa informou, por meio de nota de imprensa, que o\u2026","rel":"","context":"In &quot;Not\u00edcias de Ribeir\u00e3o Preto-SP e Regi\u00e3o&quot;","block_context":{"text":"Not\u00edcias de Ribeir\u00e3o Preto-SP e Regi\u00e3o","link":"https:\/\/ismaelcolosi.com.br\/index.php\/category\/noticias-de-ribeirao-preto-sp-e-regiao-ismael-colosi\/"},"img":{"alt_text":"","src":"https:\/\/i0.wp.com\/ismaelcolosi.com.br\/wp-content\/uploads\/2024\/07\/INCENDIO_2024-07-31_17-09-37_jpg_2024-07-31_17-09-38.webp.webp?fit=1200%2C682&ssl=1&resize=350%2C200","width":350,"height":200,"srcset":"https:\/\/i0.wp.com\/ismaelcolosi.com.br\/wp-content\/uploads\/2024\/07\/INCENDIO_2024-07-31_17-09-37_jpg_2024-07-31_17-09-38.webp.webp?fit=1200%2C682&ssl=1&resize=350%2C200 1x, https:\/\/i0.wp.com\/ismaelcolosi.com.br\/wp-content\/uploads\/2024\/07\/INCENDIO_2024-07-31_17-09-37_jpg_2024-07-31_17-09-38.webp.webp?fit=1200%2C682&ssl=1&resize=525%2C300 1.5x, https:\/\/i0.wp.com\/ismaelcolosi.com.br\/wp-content\/uploads\/2024\/07\/INCENDIO_2024-07-31_17-09-37_jpg_2024-07-31_17-09-38.webp.webp?fit=1200%2C682&ssl=1&resize=700%2C400 2x, https:\/\/i0.wp.com\/ismaelcolosi.com.br\/wp-content\/uploads\/2024\/07\/INCENDIO_2024-07-31_17-09-37_jpg_2024-07-31_17-09-38.webp.webp?fit=1200%2C682&ssl=1&resize=1050%2C600 3x"},"classes":[]},{"id":57694,"url":"https:\/\/ismaelcolosi.com.br\/index.php\/2024\/07\/23\/vagas-de-emprego-para-enfermagem-em-ribeirao-preto-sp-4\/","url_meta":{"origin":88639,"position":4},"title":"Vagas de emprego para Enfermagem em Ribeir\u00e3o Preto-SP","author":"ismaelcolosi.com.br","date":"23 de July de 2024","format":false,"excerpt":"T\u00e9cnico de Enfermagem Ribeir\u00e3o Preto - SP Efetivo TECNICO ENFERMAGEM - UNIDADE TERAPIA INTENSIVA - HOSPITAL RIBEIRAO PRETO RIBEIR\u00c3O PRETO - SP Efetivo TECNICO ENFERMAGEM - PRONTO SOCORRO ADULTO - HOSPITAL RIBEIRAO PRETO RIBEIR\u00c3O PRETO - SP Efetivo AUXILIAR DE LABORAT\u00d3RIO - RIBP AUXILIAR DE LABORAT\u00d3RIO - RIBP AUXILIAR FARMACIA\u2026","rel":"","context":"In &quot;Vagas de Emprego em Ribeir\u00e3o Preto-SP&quot;","block_context":{"text":"Vagas de Emprego em Ribeir\u00e3o Preto-SP","link":"https:\/\/ismaelcolosi.com.br\/index.php\/category\/empregos-classificados-vagas-trabalho\/vagas-de-empregos-em-ribeirao-preto-regiao-brasil\/"},"img":{"alt_text":"","src":"https:\/\/i0.wp.com\/ismaelcolosi.com.br\/wp-content\/uploads\/2024\/07\/1721768081_matriz-de-bordado-simbolo-enfermagem-matriz-emb.jpg?fit=1200%2C900&ssl=1&resize=350%2C200","width":350,"height":200,"srcset":"https:\/\/i0.wp.com\/ismaelcolosi.com.br\/wp-content\/uploads\/2024\/07\/1721768081_matriz-de-bordado-simbolo-enfermagem-matriz-emb.jpg?fit=1200%2C900&ssl=1&resize=350%2C200 1x, https:\/\/i0.wp.com\/ismaelcolosi.com.br\/wp-content\/uploads\/2024\/07\/1721768081_matriz-de-bordado-simbolo-enfermagem-matriz-emb.jpg?fit=1200%2C900&ssl=1&resize=525%2C300 1.5x, https:\/\/i0.wp.com\/ismaelcolosi.com.br\/wp-content\/uploads\/2024\/07\/1721768081_matriz-de-bordado-simbolo-enfermagem-matriz-emb.jpg?fit=1200%2C900&ssl=1&resize=700%2C400 2x, https:\/\/i0.wp.com\/ismaelcolosi.com.br\/wp-content\/uploads\/2024\/07\/1721768081_matriz-de-bordado-simbolo-enfermagem-matriz-emb.jpg?fit=1200%2C900&ssl=1&resize=1050%2C600 3x"},"classes":[]},{"id":53830,"url":"https:\/\/ismaelcolosi.com.br\/index.php\/2024\/06\/19\/vagas-de-emprego-para-enfermagem-em-ribeirao-preto-sp-2\/","url_meta":{"origin":88639,"position":5},"title":"Vagas de emprego para Enfermagem em Ribeir\u00e3o Preto-SP","author":"ismaelcolosi.com.br","date":"19 de June de 2024","format":false,"excerpt":"SESI - T\u00e9cnico de Enfermagem - Ribeir\u00e3o Preto | 348-2024 TECNICO ENFERMAGEM - PRONTO SOCORRO ADULTO - HOSPITAL RIBEIRAO PRETO RIBEIR\u00c3O PRETO - SP Efetivo Colhedor Ribeir\u00e3o Preto - SP Efetivo Colhedor Colhedor Auxiliar \/ T\u00e9cnico de Enfermagem - Enfermaria HSL REPOSITOR ATIVADOR - RIBP ASSISTENTE ADM I - RIBP\u2026","rel":"","context":"In &quot;Vagas de Emprego em Ribeir\u00e3o Preto-SP&quot;","block_context":{"text":"Vagas de Emprego em Ribeir\u00e3o Preto-SP","link":"https:\/\/ismaelcolosi.com.br\/index.php\/category\/empregos-classificados-vagas-trabalho\/vagas-de-empregos-em-ribeirao-preto-regiao-brasil\/"},"img":{"alt_text":"","src":"https:\/\/i0.wp.com\/ismaelcolosi.com.br\/wp-content\/uploads\/2024\/06\/matriz-de-bordado-simbolo-enfermagem-matriz-emb.jpg?fit=1200%2C900&ssl=1&resize=350%2C200","width":350,"height":200,"srcset":"https:\/\/i0.wp.com\/ismaelcolosi.com.br\/wp-content\/uploads\/2024\/06\/matriz-de-bordado-simbolo-enfermagem-matriz-emb.jpg?fit=1200%2C900&ssl=1&resize=350%2C200 1x, https:\/\/i0.wp.com\/ismaelcolosi.com.br\/wp-content\/uploads\/2024\/06\/matriz-de-bordado-simbolo-enfermagem-matriz-emb.jpg?fit=1200%2C900&ssl=1&resize=525%2C300 1.5x, https:\/\/i0.wp.com\/ismaelcolosi.com.br\/wp-content\/uploads\/2024\/06\/matriz-de-bordado-simbolo-enfermagem-matriz-emb.jpg?fit=1200%2C900&ssl=1&resize=700%2C400 2x, https:\/\/i0.wp.com\/ismaelcolosi.com.br\/wp-content\/uploads\/2024\/06\/matriz-de-bordado-simbolo-enfermagem-matriz-emb.jpg?fit=1200%2C900&ssl=1&resize=1050%2C600 3x"},"classes":[]}],"jetpack_sharing_enabled":true,"jetpack_shortlink":"https:\/\/wp.me\/pfMlyK-n3F","_links":{"self":[{"href":"https:\/\/ismaelcolosi.com.br\/index.php\/wp-json\/wp\/v2\/posts\/88639","targetHints":{"allow":["GET"]}}],"collection":[{"href":"https:\/\/ismaelcolosi.com.br\/index.php\/wp-json\/wp\/v2\/posts"}],"about":[{"href":"https:\/\/ismaelcolosi.com.br\/index.php\/wp-json\/wp\/v2\/types\/post"}],"author":[{"embeddable":true,"href":"https:\/\/ismaelcolosi.com.br\/index.php\/wp-json\/wp\/v2\/users\/1"}],"replies":[{"embeddable":true,"href":"https:\/\/ismaelcolosi.com.br\/index.php\/wp-json\/wp\/v2\/comments?post=88639"}],"version-history":[{"count":0,"href":"https:\/\/ismaelcolosi.com.br\/index.php\/wp-json\/wp\/v2\/posts\/88639\/revisions"}],"wp:featuredmedia":[{"embeddable":true,"href":"https:\/\/ismaelcolosi.com.br\/index.php\/wp-json\/wp\/v2\/media\/88640"}],"wp:attachment":[{"href":"https:\/\/ismaelcolosi.com.br\/index.php\/wp-json\/wp\/v2\/media?parent=88639"}],"wp:term":[{"taxonomy":"category","embeddable":true,"href":"https:\/\/ismaelcolosi.com.br\/index.php\/wp-json\/wp\/v2\/categories?post=88639"},{"taxonomy":"post_tag","embeddable":true,"href":"https:\/\/ismaelcolosi.com.br\/index.php\/wp-json\/wp\/v2\/tags?post=88639"}],"curies":[{"name":"wp","href":"https:\/\/api.w.org\/{rel}","templated":true}]}}