{"id":88633,"date":"2025-12-22T05:10:38","date_gmt":"2025-12-22T08:10:38","guid":{"rendered":"https:\/\/ismaelcolosi.com.br\/index.php\/2025\/12\/22\/como-lideres-podem-usar-dezembro-como-um-reset-estrategico-para-2026\/"},"modified":"2025-12-22T05:10:38","modified_gmt":"2025-12-22T08:10:38","slug":"como-lideres-podem-usar-dezembro-como-um-reset-estrategico-para-2026","status":"publish","type":"post","link":"https:\/\/ismaelcolosi.com.br\/index.php\/2025\/12\/22\/como-lideres-podem-usar-dezembro-como-um-reset-estrategico-para-2026\/","title":{"rendered":"Como L\u00edderes Podem Usar Dezembro Como um Reset Estrat\u00e9gico para 2026"},"content":{"rendered":"<p> <br \/>\n<\/p>\n<div>\n<figure class=\"destaque wp-caption\">&#13;<br \/>\n\t\t<img data-recalc-dims=\"1\" width=\"678\" height=\"452\" src=\"https:\/\/i0.wp.com\/forbes.com.br\/wp-content\/uploads\/2025\/12\/carreira-organizacao-escrita-lideranca-768x512.jpg?resize=678%2C452&#038;ssl=1\" class=\"attachment-medium_large size-medium_large wp-post-image\" alt=\"\" decoding=\"async\" fetchpriority=\"high\"\/>\t\t<\/p>\n<p>Getty Images<\/p>\n<p>&#13;<figcaption class=\"wp-caption-text\">A lideran\u00e7a precisa refletir sobre o que deve permanecer e o que deve ficar para tr\u00e1s no pr\u00f3ximo ano<\/figcaption>&#13;<br \/>\n\t<\/figure>\n<div class=\"accessibility\">\n<p>Acessibilidade<\/p>\n<p>&#13;<br \/>\n\t\t\t<button onclick=\"alterFont1()\" id=\"btn1\" class=\"btn\">L<\/button>&#13;<br \/>\n\t\t\t<button onclick=\"alterFont2()\" id=\"btn2\" class=\"btn\" style=\"font-family:Merriweather\">L<\/button>&#13;<br \/>\n\t\t\t<button onclick=\"alterFontSmallerSize()\" id=\"btn3\" class=\"btn\">A-<\/button>&#13;<br \/>\n\t\t\t<button onclick=\"alterFontBiggerSize()\" id=\"btn4\" class=\"btn\">A+<\/button>&#13;<br \/>\n\t\t\t<!--<button onclick='alterFontBolder()' id='btn5' class=\"btn\" >B<\/button>-->&#13;<br \/>\n\t\t\t<button onclick=\"alterBackground()\" id=\"btn6\" class=\"btn\">\u25d0<\/button>&#13;<br \/>\n\t\t\t<!--<button onclick='clean()' id='btn7' class=\"btn\" >Limpar<\/button>-->&#13;\n\t\t<\/p><div class='code-block code-block-8' style='margin: 8px auto; text-align: center; display: block; clear: both;'>\n<script>\n  atOptions = {\n    'key' : '66e2e2111ca34da796271819fc334058',\n    'format' : 'iframe',\n    'height' : 250,\n    'width' : 300,\n    'params' : {}\n  };\n<\/script>\n<script src=\"https:\/\/www.highperformanceformat.com\/66e2e2111ca34da796271819fc334058\/invoke.js\"><\/script>\n<\/div>\n\n<\/p><\/div>\n<p>Para a maioria das pessoas, o p\u00e9 j\u00e1 est\u00e1 no freio. Outros reduziram a marcha inconscientemente. E alguns poucos ainda est\u00e3o com o p\u00e9 cravado no acelerador. Na reta final do ano, dezembro vira um m\u00eas sonolento: metas s\u00e3o abandonadas, rotinas de sa\u00fade ficam pelo caminho no meio de infinitas confraterniza\u00e7\u00f5es, e a promessa de <strong>\u201ccome\u00e7o com tudo em janeiro\u201d<\/strong> se torna o roteiro padr\u00e3o.<\/p>\n<p>Mas, para<strong> l\u00edderes de alta performance<\/strong> \u2013 e para qualquer pessoa que queira entrar em 2026 como uma vers\u00e3o diferente de si mesma \u2013 dezembro tem um papel importante. Essas \u00faltimas semanas est\u00e3o longe de ser um per\u00edodo de espera passiva.<\/p>\n<aside>\n<h2>Leia tamb\u00e9m<\/h2>\n<\/aside>\n<p>\u00c9 verdade que as agendas ficam mais leves, as confraterniza\u00e7\u00f5es e viagens aumentam e o ritmo geral dos neg\u00f3cios desacelera. Mas \u00e9 exatamente isso que torna dezembro t\u00e3o valioso. \u00c9 uma oportunidade de recalibrar seu \u201csistema operacional\u201d interno e ganhar vantagem competitiva.<\/p>\n<p>\u00c0 medida que 2026 se aproxima, os l\u00edderes que saem na frente s\u00e3o aqueles que encaram dezembro como um reset estrat\u00e9gico, e n\u00e3o como uma pausa total. Isso come\u00e7a com quatro mudan\u00e7as fundamentais:<\/p>\n<h2>Troque o foco em metas pelo foco em voc\u00ea<\/h2>\n<p>Dezembro \u00e9 um m\u00eas precioso para <strong>dar um passo atr\u00e1s<\/strong>, avaliar o ano que passou e deixar claro quem voc\u00ea pretende ser em 2026. Sua identidade manda nos padr\u00f5es que voc\u00ea sustenta, na energia que protege, na qualidade das suas decis\u00f5es e, no fim das contas, no resultado dos seus objetivos.<\/p>\n<p>A identidade que uma pessoa assume \u2014 como \u201cestou sobrecarregado\u201d, \u201cdou conta\u201d ou \u201csou resiliente\u201d \u2014 influencia como ela dorme, como se recupera e como lida com os desafios do dia a dia. Uma identidade desalinhada cria, com o tempo, um descasamento biol\u00f3gico e reduz a sua capacidade como l\u00edder.<\/p>\n<p>Essa mudan\u00e7a pode come\u00e7ar com duas perguntas simples:<\/p>\n<ul>\n<li>Que vers\u00e3o de mim gerou os melhores resultados neste ano?<\/li>\n<li>Como preciso me desenvolver para alcan\u00e7ar os resultados que desejo no pr\u00f3ximo ano?<\/li>\n<\/ul>\n<h2>Troque intensidade por alinhamento<\/h2>\n<p>L\u00edderes de alta performance n\u00e3o evitam trabalhar duro. Mas existe uma armadilha comum: confundir progresso com mais esfor\u00e7o e mais horas trabalhadas. Intensidade m\u00e1xima sem alinhamento raramente gera resultados sustent\u00e1veis \u2014 e frequentemente aumenta o risco de esgotamento.<\/p>\n<p>Dezembro oferece uma pausa estrat\u00e9gica para refletir se os comportamentos, compromissos e rotinas atuais realmente correspondem ao que voc\u00ea quer levar para 2026. O alinhamento funciona como um multiplicador de for\u00e7a: quando padr\u00f5es, agenda e fisiologia apontam na mesma dire\u00e7\u00e3o, a execu\u00e7\u00e3o flui com muito mais facilidade.<\/p>\n<p>A falta de congru\u00eancia, por outro lado, costuma aparecer primeiro na sa\u00fade e no desempenho. O desalinhamento frequentemente se manifesta no corpo e na mente: sono irregular, reatividade emocional elevada, pensamentos dispersos, dificuldade para perder peso ou exames que trazem resultados indesejados.<\/p>\n<p>Para caminhar em dire\u00e7\u00e3o a mais alinhamento, comece se perguntando:<\/p>\n<ul>\n<li>O que realmente precisa permanecer?<\/li>\n<li>O que preciso deixar?<\/li>\n<li>O que precisa ser redesenhado para alinhar meus h\u00e1bitos \u00e0 identidade que estou assumindo?<\/li>\n<\/ul>\n<h2>Troque a obsess\u00e3o por resultados pela constru\u00e7\u00e3o de capacidade<\/h2>\n<p>Resultados importam, mas a capacidade \u00e9 o fator limitante do quanto um l\u00edder consegue sustentar esses resultados ao longo do tempo. N\u00e3o importa o qu\u00e3o disciplinado algu\u00e9m seja: ningu\u00e9m pensa com clareza, toma boas decis\u00f5es, se conecta de forma profunda, convence ou atua de forma estrat\u00e9gica quando suas reservas biol\u00f3gicas est\u00e3o esgotadas.<\/p>\n<p>Dezembro \u00e9 um momento ideal para reconstruir essa capacidade. O ritmo dos neg\u00f3cios desacelera naturalmente, mas isso n\u00e3o significa inatividade. Significa restaurar os sistemas que determinam seu desempenho cognitivo e f\u00edsico: regularidade do sono, ritmos circadianos adequados, pr\u00e1ticas de recupera\u00e7\u00e3o e renova\u00e7\u00e3o, al\u00e9m de cuidados preventivos com a sa\u00fade.<\/p>\n<p>Encare dezembro como um reset fisiol\u00f3gico. Rotinas que se perderam s\u00e3o ajustadas, fontes ocultas de estresse e compromissos excessivos s\u00e3o eliminadas, e assim voc\u00ea reconstr\u00f3i a base que o sustentar\u00e1 no primeiro trimestre do pr\u00f3ximo ano.<\/p>\n<h2>Troque a presen\u00e7a constante pela presen\u00e7a onde importa<\/h2>\n<p>A lideran\u00e7a moderna recompensa a visibilidade, mas sem inten\u00e7\u00e3o, isso pode ter um custo. Quando um l\u00edder tenta estar em todos os lugares, acaba diluindo seu impacto e sua energia. Dezembro \u00e9 uma oportunidade para se recalibrar e entender onde sua presen\u00e7a realmente \u00e9 necess\u00e1ria, e onde n\u00e3o \u00e9.<\/p>\n<p>A presen\u00e7a de um l\u00edder carrega peso: influencia a cultura, molda expectativas, atrai talentos e direciona o ritmo da organiza\u00e7\u00e3o. Mas presen\u00e7a \u00e9 compromisso. Cada reuni\u00e3o, conversa e decis\u00e3o consome da mesma reserva de energia. Quando essa reserva se espalha demais, o desempenho cai.<\/p>\n<p>Algumas perguntas podem ajudar:<\/p>\n<ul>\n<li>Onde meu envolvimento realmente fez diferen\u00e7a?<\/li>\n<li>Onde eu estava apenas ocupando espa\u00e7o?<\/li>\n<li>Quais rela\u00e7\u00f5es, equipes ou iniciativas merecem mais da minha aten\u00e7\u00e3o em 2026 \u2014 e quais exigem limites mais firmes?<\/li>\n<\/ul>\n<h2>L\u00edderes colocam intencionalidade<\/h2>\n<p>Se este ano n\u00e3o saiu como o esperado \u2014 seja na sa\u00fade ou nos neg\u00f3cios \u2014, ainda h\u00e1 tempo de sobra. Embora fatores externos sejam importantes, o primeiro passo para se destacar \u00e9 decidir quais condi\u00e7\u00f5es internas voc\u00ea est\u00e1 disposto a levar para 2026.<\/p>\n<p>Muitos v\u00e3o aliviar o ritmo agora. Voc\u00ea pode fazer diferente e usar essas \u00faltimas semanas para focar em sua sa\u00fade f\u00edsica e mental e assumir um compromisso firme com a identidade que levar\u00e1 para o novo ano.<\/p>\n<p>Intencionalidade \u00e9 o h\u00e1bito que faz a diferen\u00e7a. Quem entende isso n\u00e3o fica esperando um novo dia, m\u00eas ou ano para come\u00e7ar.<\/p>\n<p><em>*Julian Hayes II \u00e9 colaborador da Forbes USA. Fundador da consultoria Executive Health, especializada em sa\u00fade de l\u00edderes, ele escreve sobre bem-estar, neg\u00f3cios e lideran\u00e7a.<\/em><\/p>\n<aside>\n<h2>Escolhas do editor<\/h2>\n<\/aside>\n<div class=\"follow-us\">Siga o canal da <a href=\"https:\/\/whatsapp.com\/channel\/0029Va9gQKwBFLgM96cJnu0u\" target=\"_blank\" rel=\"noopener noreferrer nofollow\" title=\"Grupo da Forbes no WhatsApp\">Forbes<\/a> no WhatsApp e receba as principais not\u00edcias de empreendedorismo, carreira, tecnologia, agro e lifestyle.<\/div>\n<\/p><\/div>\n<p><script data-debloat-delay=\"1\" type=\"text\/debloat-script\">\n\t\t\t\t(function(d, s, id){\n\t\t\t\t\tvar js, fjs = d.getElementsByTagName(s)[0];\n\t\t\t\t\tif (d.getElementById(id)) return;\n\t\t\t\t\tjs = d.createElement(s); js.id = id;\n\t\t\t\t\tjs.src = \"\/\/connect.facebook.net\/pt_BR\/sdk.js#xfbml=1&version=v2.9\";\n\t\t\t\t\tfjs.parentNode.insertBefore(js, fjs);\n\t\t\t\t}(document, 'script', 'facebook-jssdk'));\n\t\t\t<\/script><br \/>\n<br \/><br \/>\n<br \/><a href=\"https:\/\/forbes.com.br\/carreira\/2025\/12\/como-lideres-podem-usar-dezembro-como-um-reset-estrategico-para-2026\/\">Source link <\/a><\/p>\n<div class='code-block code-block-4' style='margin: 8px auto 8px 0; text-align: left; display: block; clear: both;'>\n\ud83d\udce2 Aviso Legal\n\nO site ismaelcolosi.com.br atua apenas como um canal de divulga\u00e7\u00e3o de oportunidades de emprego e n\u00e3o se responsabiliza pelo processo seletivo, contrata\u00e7\u00e3o ou qualquer outra etapa relacionada \u00e0s vagas publicadas. Todas as informa\u00e7\u00f5es s\u00e3o de responsabilidade dos anunciantes.\n\n\u26a0\ufe0f Aten\u00e7\u00e3o! Nunca pague por promessas de emprego nem compre cursos que garantam contrata\u00e7\u00e3o. Desconfie de qualquer cobran\u00e7a para participar de sele\u00e7\u00f5es.\n\n\n\n<\/div>\n<!-- CONTENT END 1 -->\n","protected":false},"excerpt":{"rendered":"<p>&#13; Getty Images &#13;A lideran\u00e7a precisa refletir sobre o que deve permanecer e o que deve ficar para tr\u00e1s no pr\u00f3ximo ano&#13; Acessibilidade &#13; L&#13;&#8230;<\/p>\n","protected":false},"author":1,"featured_media":88634,"comment_status":"","ping_status":"open","sticky":false,"template":"","format":"standard","meta":{"_uag_custom_page_level_css":"","advanced_seo_description":"","jetpack_seo_html_title":"","jetpack_seo_noindex":false,"jetpack_post_was_ever_published":false,"_jetpack_newsletter_access":"","_jetpack_dont_email_post_to_subs":false,"_jetpack_newsletter_tier_id":0,"_jetpack_memberships_contains_paywalled_content":false,"_jetpack_memberships_contains_paid_content":false,"footnotes":"","jetpack_publicize_message":"","jetpack_publicize_feature_enabled":true,"jetpack_social_post_already_shared":true,"jetpack_social_options":{"image_generator_settings":{"template":"highway","default_image_id":0,"font":"","enabled":false},"version":2}},"categories":[1964],"tags":[],"class_list":["post-88633","post","type-post","status-publish","format-standard","has-post-thumbnail","hentry","category-carreira-e-sucesso-dicas-para-carreira"],"jetpack_publicize_connections":[],"jetpack_featured_media_url":"https:\/\/i0.wp.com\/ismaelcolosi.com.br\/wp-content\/uploads\/2025\/12\/carreira-organizacao-escrita-lideranca-1200x675.jpg?fit=1200%2C675&ssl=1","uagb_featured_image_src":{"full":["https:\/\/i0.wp.com\/ismaelcolosi.com.br\/wp-content\/uploads\/2025\/12\/carreira-organizacao-escrita-lideranca-1200x675.jpg?fit=1200%2C675&ssl=1",1200,675,false],"thumbnail":["https:\/\/i0.wp.com\/ismaelcolosi.com.br\/wp-content\/uploads\/2025\/12\/carreira-organizacao-escrita-lideranca-1200x675.jpg?resize=150%2C150&ssl=1",150,150,true],"medium":["https:\/\/i0.wp.com\/ismaelcolosi.com.br\/wp-content\/uploads\/2025\/12\/carreira-organizacao-escrita-lideranca-1200x675.jpg?fit=300%2C169&ssl=1",300,169,true],"medium_large":["https:\/\/i0.wp.com\/ismaelcolosi.com.br\/wp-content\/uploads\/2025\/12\/carreira-organizacao-escrita-lideranca-1200x675.jpg?fit=768%2C432&ssl=1",768,432,true],"large":["https:\/\/i0.wp.com\/ismaelcolosi.com.br\/wp-content\/uploads\/2025\/12\/carreira-organizacao-escrita-lideranca-1200x675.jpg?fit=1024%2C576&ssl=1",1024,576,true],"1536x1536":["https:\/\/i0.wp.com\/ismaelcolosi.com.br\/wp-content\/uploads\/2025\/12\/carreira-organizacao-escrita-lideranca-1200x675.jpg?fit=1200%2C675&ssl=1",1200,675,true],"2048x2048":["https:\/\/i0.wp.com\/ismaelcolosi.com.br\/wp-content\/uploads\/2025\/12\/carreira-organizacao-escrita-lideranca-1200x675.jpg?fit=1200%2C675&ssl=1",1200,675,true],"really-simple-thumb":["https:\/\/i0.wp.com\/ismaelcolosi.com.br\/wp-content\/uploads\/2025\/12\/carreira-organizacao-escrita-lideranca-1200x675.jpg?resize=370%2C247&ssl=1",370,247,true]},"uagb_author_info":{"display_name":"ismaelcolosi.com.br","author_link":"https:\/\/ismaelcolosi.com.br\/index.php\/author\/vidareal-online\/"},"uagb_comment_info":0,"uagb_excerpt":"&#13; Getty Images &#13;A lideran\u00e7a precisa refletir sobre o que deve permanecer e o que deve ficar para tr\u00e1s no pr\u00f3ximo ano&#13; Acessibilidade &#13; L&#13;...","jetpack-related-posts":[{"id":88774,"url":"https:\/\/ismaelcolosi.com.br\/index.php\/2026\/01\/07\/stone-anuncia-troca-de-ceo-e-reorganiza-alta-lideranca\/","url_meta":{"origin":88633,"position":0},"title":"Stone Anuncia Troca de CEO e Reorganiza Alta Lideran\u00e7a","author":"ismaelcolosi.com.br","date":"7 de January de 2026","format":false,"excerpt":"\r \r \r \r Pedro Zinner deixa cargo ap\u00f3s tr\u00eas anos e deve assumir a presid\u00eancia do conselho; CFO Mateus Scherer ser\u00e1 o novo CEO a partir de mar\u00e7o de 2026 \r \r \r \r Divulga\u00e7\u00e3o\/Stone\r Mateus Scherer e Pedro Zinner\r Acessibilidade \r L\r L\r A-\r A+\r \r \u25d0\r \r\u2026","rel":"","context":"In &quot;Carreira e Sucesso&quot;","block_context":{"text":"Carreira e Sucesso","link":"https:\/\/ismaelcolosi.com.br\/index.php\/category\/carreira-e-sucesso-dicas-para-carreira\/"},"img":{"alt_text":"","src":"https:\/\/i0.wp.com\/ismaelcolosi.com.br\/wp-content\/uploads\/2026\/01\/ceo-stone-1200x675.jpg?fit=1200%2C675&ssl=1&resize=350%2C200","width":350,"height":200,"srcset":"https:\/\/i0.wp.com\/ismaelcolosi.com.br\/wp-content\/uploads\/2026\/01\/ceo-stone-1200x675.jpg?fit=1200%2C675&ssl=1&resize=350%2C200 1x, https:\/\/i0.wp.com\/ismaelcolosi.com.br\/wp-content\/uploads\/2026\/01\/ceo-stone-1200x675.jpg?fit=1200%2C675&ssl=1&resize=525%2C300 1.5x, https:\/\/i0.wp.com\/ismaelcolosi.com.br\/wp-content\/uploads\/2026\/01\/ceo-stone-1200x675.jpg?fit=1200%2C675&ssl=1&resize=700%2C400 2x, https:\/\/i0.wp.com\/ismaelcolosi.com.br\/wp-content\/uploads\/2026\/01\/ceo-stone-1200x675.jpg?fit=1200%2C675&ssl=1&resize=1050%2C600 3x"},"classes":[]},{"id":85243,"url":"https:\/\/ismaelcolosi.com.br\/index.php\/2025\/05\/06\/ex-presidente-do-bc-campos-neto-sera-vice-chairman-do-nubank\/","url_meta":{"origin":88633,"position":1},"title":"Ex-Presidente do BC, Campos Neto Ser\u00e1 Vice-Chairman do Nubank","author":"ismaelcolosi.com.br","date":"6 de May de 2025","format":false,"excerpt":"\r \r \r \r Executivo tamb\u00e9m assumir\u00e1 posi\u00e7\u00e3o de chefe global de pol\u00edticas p\u00fablicas a partir de 1\u00ba de julho \r \r \r \r Reuters\r Roberto Campos Neto, ex-presidente do Banco Central, deve ingressar no Nubank ap\u00f3s completar seu per\u00edodo de quarentena em julho\r Acessibilidade \r L\r L\r A-\r A+\r\u2026","rel":"","context":"In &quot;Carreira e Sucesso&quot;","block_context":{"text":"Carreira e Sucesso","link":"https:\/\/ismaelcolosi.com.br\/index.php\/category\/carreira-e-sucesso-dicas-para-carreira\/"},"img":{"alt_text":"","src":"https:\/\/i0.wp.com\/ismaelcolosi.com.br\/wp-content\/uploads\/2025\/05\/forbes-campos-neto-1200x675.jpg?fit=1200%2C675&ssl=1&resize=350%2C200","width":350,"height":200,"srcset":"https:\/\/i0.wp.com\/ismaelcolosi.com.br\/wp-content\/uploads\/2025\/05\/forbes-campos-neto-1200x675.jpg?fit=1200%2C675&ssl=1&resize=350%2C200 1x, https:\/\/i0.wp.com\/ismaelcolosi.com.br\/wp-content\/uploads\/2025\/05\/forbes-campos-neto-1200x675.jpg?fit=1200%2C675&ssl=1&resize=525%2C300 1.5x, https:\/\/i0.wp.com\/ismaelcolosi.com.br\/wp-content\/uploads\/2025\/05\/forbes-campos-neto-1200x675.jpg?fit=1200%2C675&ssl=1&resize=700%2C400 2x, https:\/\/i0.wp.com\/ismaelcolosi.com.br\/wp-content\/uploads\/2025\/05\/forbes-campos-neto-1200x675.jpg?fit=1200%2C675&ssl=1&resize=1050%2C600 3x"},"classes":[]},{"id":85203,"url":"https:\/\/ismaelcolosi.com.br\/index.php\/2025\/05\/05\/ex-nubank-e-o-novo-ceo-do-magalubank\/","url_meta":{"origin":88633,"position":2},"title":"Ex-Nubank \u00c9 o Novo CEO do MagaluBank","author":"ismaelcolosi.com.br","date":"5 de May de 2025","format":false,"excerpt":"\r \r \r \r J\u00f6rg Friedemann, at\u00e9 ent\u00e3o diretor de RI do unic\u00f3rnio brasileiro, acumula passagens por Citi e Goldman Sachs em 25 anos de carreira\r \r \r \r \r \r \r \r \r \r Divulga\u00e7\u00e3o\r J\u00f6rg Friedemann ter\u00e1 como foco a expans\u00e3o da oferta de produtos do MagaluBank\r Acessibilidade\u2026","rel":"","context":"In &quot;Carreira e Sucesso&quot;","block_context":{"text":"Carreira e Sucesso","link":"https:\/\/ismaelcolosi.com.br\/index.php\/category\/carreira-e-sucesso-dicas-para-carreira\/"},"img":{"alt_text":"","src":"https:\/\/i0.wp.com\/ismaelcolosi.com.br\/wp-content\/uploads\/2025\/05\/forbes-Jorg-Friedemann-magalubank-1200x675.jpg?fit=1200%2C675&ssl=1&resize=350%2C200","width":350,"height":200,"srcset":"https:\/\/i0.wp.com\/ismaelcolosi.com.br\/wp-content\/uploads\/2025\/05\/forbes-Jorg-Friedemann-magalubank-1200x675.jpg?fit=1200%2C675&ssl=1&resize=350%2C200 1x, https:\/\/i0.wp.com\/ismaelcolosi.com.br\/wp-content\/uploads\/2025\/05\/forbes-Jorg-Friedemann-magalubank-1200x675.jpg?fit=1200%2C675&ssl=1&resize=525%2C300 1.5x, https:\/\/i0.wp.com\/ismaelcolosi.com.br\/wp-content\/uploads\/2025\/05\/forbes-Jorg-Friedemann-magalubank-1200x675.jpg?fit=1200%2C675&ssl=1&resize=700%2C400 2x, https:\/\/i0.wp.com\/ismaelcolosi.com.br\/wp-content\/uploads\/2025\/05\/forbes-Jorg-Friedemann-magalubank-1200x675.jpg?fit=1200%2C675&ssl=1&resize=1050%2C600 3x"},"classes":[]},{"id":3810,"url":"https:\/\/ismaelcolosi.com.br\/index.php\/2023\/11\/20\/veja-como-fica-o-tempo-no-interior-de-sp-neste-feriado\/","url_meta":{"origin":88633,"position":3},"title":"Veja como fica o tempo no interior de SP neste feriado","author":"ismaelcolosi.com.br","date":"20 de November de 2023","format":false,"excerpt":"O feriado da Consci\u00eancia Negra, celebrado nesta segunda-feira (20), deve ter chuva no interior de S\u00e3o Paulo. Mesmo assim, as temperaturas podem chegar aos 31\u00b0C em algumas cidades como Ribeir\u00e3o Preto, segundo a Climatempo. O interior de S\u00e3o Paulo est\u00e1 em alerta de \u201cperigo\u201d de tempestades emitido pelo Inmet (Instituto\u2026","rel":"","context":"In &quot;Not\u00edcias de Ribeir\u00e3o Preto-SP e Regi\u00e3o&quot;","block_context":{"text":"Not\u00edcias de Ribeir\u00e3o Preto-SP e Regi\u00e3o","link":"https:\/\/ismaelcolosi.com.br\/index.php\/category\/noticias-de-ribeirao-preto-sp-e-regiao-ismael-colosi\/"},"img":{"alt_text":"","src":"https:\/\/i0.wp.com\/ismaelcolosi.com.br\/wp-content\/uploads\/2023\/11\/1700477848_WhatsApp-Image-2023-11-15-at-18.38.17.jpeg?fit=1200%2C709&ssl=1&resize=350%2C200","width":350,"height":200,"srcset":"https:\/\/i0.wp.com\/ismaelcolosi.com.br\/wp-content\/uploads\/2023\/11\/1700477848_WhatsApp-Image-2023-11-15-at-18.38.17.jpeg?fit=1200%2C709&ssl=1&resize=350%2C200 1x, https:\/\/i0.wp.com\/ismaelcolosi.com.br\/wp-content\/uploads\/2023\/11\/1700477848_WhatsApp-Image-2023-11-15-at-18.38.17.jpeg?fit=1200%2C709&ssl=1&resize=525%2C300 1.5x, https:\/\/i0.wp.com\/ismaelcolosi.com.br\/wp-content\/uploads\/2023\/11\/1700477848_WhatsApp-Image-2023-11-15-at-18.38.17.jpeg?fit=1200%2C709&ssl=1&resize=700%2C400 2x, https:\/\/i0.wp.com\/ismaelcolosi.com.br\/wp-content\/uploads\/2023\/11\/1700477848_WhatsApp-Image-2023-11-15-at-18.38.17.jpeg?fit=1200%2C709&ssl=1&resize=1050%2C600 3x"},"classes":[]},{"id":4787,"url":"https:\/\/ismaelcolosi.com.br\/index.php\/2023\/11\/22\/7-perguntas-que-voce-deve-fazer-aos-recrutadores-nas-entrevistas\/","url_meta":{"origin":88633,"position":4},"title":"7 perguntas que voc\u00ea deve fazer aos recrutadores nas entrevistas","author":"ismaelcolosi.com.br","date":"22 de November de 2023","format":false,"excerpt":"Uma entrevista de emprego \u00e9 uma oportunidade de mostrar suas habilidades e compet\u00eancias para um poss\u00edvel empregador, mas tamb\u00e9m de conhecer melhor a empresa e o cargo que voc\u00ea est\u00e1 buscando. Por isso, \u00e9 importante que voc\u00ea n\u00e3o apenas responda \u00e0s perguntas dos recrutadores, mas tamb\u00e9m fa\u00e7a as suas pr\u00f3prias\u2026","rel":"","context":"In &quot;Variedades&quot;","block_context":{"text":"Variedades","link":"https:\/\/ismaelcolosi.com.br\/index.php\/category\/variedades\/"},"img":{"alt_text":"","src":"https:\/\/i0.wp.com\/ismaelcolosi.com.br\/wp-content\/uploads\/2023\/11\/7-perguntas-recrutadores.jpg?fit=1200%2C638&ssl=1&resize=350%2C200","width":350,"height":200,"srcset":"https:\/\/i0.wp.com\/ismaelcolosi.com.br\/wp-content\/uploads\/2023\/11\/7-perguntas-recrutadores.jpg?fit=1200%2C638&ssl=1&resize=350%2C200 1x, https:\/\/i0.wp.com\/ismaelcolosi.com.br\/wp-content\/uploads\/2023\/11\/7-perguntas-recrutadores.jpg?fit=1200%2C638&ssl=1&resize=525%2C300 1.5x, https:\/\/i0.wp.com\/ismaelcolosi.com.br\/wp-content\/uploads\/2023\/11\/7-perguntas-recrutadores.jpg?fit=1200%2C638&ssl=1&resize=700%2C400 2x, https:\/\/i0.wp.com\/ismaelcolosi.com.br\/wp-content\/uploads\/2023\/11\/7-perguntas-recrutadores.jpg?fit=1200%2C638&ssl=1&resize=1050%2C600 3x"},"classes":[]},{"id":60242,"url":"https:\/\/ismaelcolosi.com.br\/index.php\/2024\/08\/15\/startup-tem-vaga-de-emprego-para-testar-sofa-por-r-14-mil\/","url_meta":{"origin":88633,"position":5},"title":"Startup tem vaga de emprego para testar sof\u00e1 por R$ 14 mil","author":"ismaelcolosi.com.br","date":"15 de August de 2024","format":false,"excerpt":"\u00a0 Acessibilidade L L A- A+ \u25d0 \u00a0 J\u00e1 imaginou ser pago para dormir? A startup Sof\u00e1 na Caixa, do Forbes Under 30 Rubens Stuque, est\u00e1 procurando algu\u00e9m para testar o novo sof\u00e1-cama da marca durante 30 dias. E vai oferecer um sal\u00e1rio de R$ 14 mil para o selecionado.\u2026","rel":"","context":"In &quot;Carreira e Sucesso&quot;","block_context":{"text":"Carreira e Sucesso","link":"https:\/\/ismaelcolosi.com.br\/index.php\/category\/carreira-e-sucesso-dicas-para-carreira\/"},"img":{"alt_text":"","src":"https:\/\/i0.wp.com\/ismaelcolosi.com.br\/wp-content\/uploads\/2024\/08\/vaga-dos-sonhos-sofa-1024x683.jpg?fit=1024%2C683&ssl=1&resize=350%2C200","width":350,"height":200,"srcset":"https:\/\/i0.wp.com\/ismaelcolosi.com.br\/wp-content\/uploads\/2024\/08\/vaga-dos-sonhos-sofa-1024x683.jpg?fit=1024%2C683&ssl=1&resize=350%2C200 1x, https:\/\/i0.wp.com\/ismaelcolosi.com.br\/wp-content\/uploads\/2024\/08\/vaga-dos-sonhos-sofa-1024x683.jpg?fit=1024%2C683&ssl=1&resize=525%2C300 1.5x, https:\/\/i0.wp.com\/ismaelcolosi.com.br\/wp-content\/uploads\/2024\/08\/vaga-dos-sonhos-sofa-1024x683.jpg?fit=1024%2C683&ssl=1&resize=700%2C400 2x"},"classes":[]}],"jetpack_sharing_enabled":true,"jetpack_shortlink":"https:\/\/wp.me\/pfMlyK-n3z","_links":{"self":[{"href":"https:\/\/ismaelcolosi.com.br\/index.php\/wp-json\/wp\/v2\/posts\/88633","targetHints":{"allow":["GET"]}}],"collection":[{"href":"https:\/\/ismaelcolosi.com.br\/index.php\/wp-json\/wp\/v2\/posts"}],"about":[{"href":"https:\/\/ismaelcolosi.com.br\/index.php\/wp-json\/wp\/v2\/types\/post"}],"author":[{"embeddable":true,"href":"https:\/\/ismaelcolosi.com.br\/index.php\/wp-json\/wp\/v2\/users\/1"}],"replies":[{"embeddable":true,"href":"https:\/\/ismaelcolosi.com.br\/index.php\/wp-json\/wp\/v2\/comments?post=88633"}],"version-history":[{"count":0,"href":"https:\/\/ismaelcolosi.com.br\/index.php\/wp-json\/wp\/v2\/posts\/88633\/revisions"}],"wp:featuredmedia":[{"embeddable":true,"href":"https:\/\/ismaelcolosi.com.br\/index.php\/wp-json\/wp\/v2\/media\/88634"}],"wp:attachment":[{"href":"https:\/\/ismaelcolosi.com.br\/index.php\/wp-json\/wp\/v2\/media?parent=88633"}],"wp:term":[{"taxonomy":"category","embeddable":true,"href":"https:\/\/ismaelcolosi.com.br\/index.php\/wp-json\/wp\/v2\/categories?post=88633"},{"taxonomy":"post_tag","embeddable":true,"href":"https:\/\/ismaelcolosi.com.br\/index.php\/wp-json\/wp\/v2\/tags?post=88633"}],"curies":[{"name":"wp","href":"https:\/\/api.w.org\/{rel}","templated":true}]}}