{"id":88627,"date":"2025-12-21T10:45:42","date_gmt":"2025-12-21T13:45:42","guid":{"rendered":"https:\/\/ismaelcolosi.com.br\/index.php\/2025\/12\/21\/6-em-cada-10-brasileiros-tem-no-maximo-3-horas-livres-no-dia\/"},"modified":"2025-12-21T10:45:42","modified_gmt":"2025-12-21T13:45:42","slug":"6-em-cada-10-brasileiros-tem-no-maximo-3-horas-livres-no-dia","status":"publish","type":"post","link":"https:\/\/ismaelcolosi.com.br\/index.php\/2025\/12\/21\/6-em-cada-10-brasileiros-tem-no-maximo-3-horas-livres-no-dia\/","title":{"rendered":"6 em Cada 10 Brasileiros T\u00eam no M\u00e1ximo 3 Horas Livres no Dia"},"content":{"rendered":"<p> <br \/>\n<\/p>\n<div>\n<figure class=\"destaque wp-caption\">&#13;<br \/>\n\t\t<img data-recalc-dims=\"1\" width=\"678\" height=\"452\" src=\"https:\/\/i0.wp.com\/forbes.com.br\/wp-content\/uploads\/2025\/12\/tempo-livre-forbes-768x512.jpg?resize=678%2C452&#038;ssl=1\" class=\"attachment-medium_large size-medium_large wp-post-image\" alt=\"Estudo aponta que 59% dos brasileiros dedicam pelo menos duas horas por dia para tarefas n\u00e3o remuneradas dentro de casa\" decoding=\"async\" fetchpriority=\"high\"\/>\t\t<\/p>\n<p>Getty Images<\/p>\n<p>&#13;<figcaption class=\"wp-caption-text\">Estudo aponta que 59% dos brasileiros dedicam pelo menos duas horas por dia para tarefas de cuidado n\u00e3o remuneradas dentro de casa<\/figcaption>&#13;<br \/>\n\t<\/figure>\n<div class=\"accessibility\">\n<p>Acessibilidade<\/p>\n<p>&#13;<br \/>\n\t\t\t<button onclick=\"alterFont1()\" id=\"btn1\" class=\"btn\">L<\/button>&#13;<br \/>\n\t\t\t<button onclick=\"alterFont2()\" id=\"btn2\" class=\"btn\" style=\"font-family:Merriweather\">L<\/button>&#13;<br \/>\n\t\t\t<button onclick=\"alterFontSmallerSize()\" id=\"btn3\" class=\"btn\">A-<\/button>&#13;<br \/>\n\t\t\t<button onclick=\"alterFontBiggerSize()\" id=\"btn4\" class=\"btn\">A+<\/button>&#13;<br \/>\n\t\t\t<!--<button onclick='alterFontBolder()' id='btn5' class=\"btn\" >B<\/button>-->&#13;<br \/>\n\t\t\t<button onclick=\"alterBackground()\" id=\"btn6\" class=\"btn\">\u25d0<\/button>&#13;<br \/>\n\t\t\t<!--<button onclick='clean()' id='btn7' class=\"btn\" >Limpar<\/button>-->&#13;\n\t\t<\/p><div class='code-block code-block-8' style='margin: 8px auto; text-align: center; display: block; clear: both;'>\n<script>\n  atOptions = {\n    'key' : '66e2e2111ca34da796271819fc334058',\n    'format' : 'iframe',\n    'height' : 250,\n    'width' : 300,\n    'params' : {}\n  };\n<\/script>\n<script src=\"https:\/\/www.highperformanceformat.com\/66e2e2111ca34da796271819fc334058\/invoke.js\"><\/script>\n<\/div>\n\n<\/p><\/div>\n<p>Ter <strong>tempo livre<\/strong> suficiente para descansar, praticar um hobby ou simplesmente n\u00e3o fazer nada tem se tornado um privil\u00e9gio para poucos brasileiros. Um levantamento da Futuros Poss\u00edveis, empresa de pesquisa e consultoria em comunica\u00e7\u00e3o estrat\u00e9gica, revela que <strong>66%<\/strong> da popula\u00e7\u00e3o afirma ter no m\u00e1ximo <strong>tr\u00eas horas<\/strong> de tempo livre por dia.<\/p>\n<p>Dentro desse grupo,<strong> 26%<\/strong> dizem ter <strong>menos de uma hora \u2014 ou nenhuma<\/strong> \u2014 de tempo livre di\u00e1rio. A pesquisa ouviu 1.037 pessoas com mais de 18 anos, de todas as classes sociais e regi\u00f5es do pa\u00eds. \u201cVivemos uma crise de tempo livre no Brasil, o que torna esse recurso um artigo de luxo reservado a uma parcela privilegiada da popula\u00e7\u00e3o\u201d, afirma <strong>Marcelo Gripa<\/strong>, cofundador e CEO da Futuros Poss\u00edveis.<\/p>\n<aside>\n<h2>Leia tamb\u00e9m<\/h2>\n<\/aside>\n<h2>O peso do trabalho invis\u00edvel<\/h2>\n<p>Al\u00e9m do trabalho, um dos principais fatores que comprimem o tempo dos profissionais \u00e9 o volume de <strong>tarefas n\u00e3o remuneradas dentro de casa<\/strong>. Segundo o estudo, <strong>59%<\/strong> dos brasileiros dedicam pelo menos duas horas por dia a esse tipo de atividade, e, para 25%, esse tempo ultrapassa quatro horas di\u00e1rias.<\/p>\n<p>Esse peso recai desproporcionalmente sobre as mulheres, que s\u00e3o respons\u00e1veis por 75% do trabalho de cuidado n\u00e3o remunerado (com a casa, filhos, idosos e outros familiares e pessoas doentes),\u00a0segundo a organiza\u00e7\u00e3o global contra as desigualdades Oxfam (Comit\u00ea de Oxford para o Al\u00edvio da Fome).<\/p>\n<p>Ainda segundo o relat\u00f3rio da Futuros Poss\u00edveis, <strong>28%<\/strong> das mulheres passam mais de quatro horas por dia realizando tarefas dom\u00e9sticas, contra <strong>21%<\/strong> dos homens. \u201cNa pr\u00e1tica, o tempo que sobra para algumas mulheres s\u00f3 existe porque outra mulher assume o trabalho do cuidado\u201d, diz a cofundadora <strong>Andreza Maia<\/strong>. \u201cEssa conta quase sempre recai sobre mulheres negras, que vivem m\u00faltiplas jornadas de trabalho.\u201d<\/p>\n<h2>Tecnologia vai liberar mais tempo?<\/h2>\n<p>Mesmo quando h\u00e1 algum tempo dispon\u00edvel, ele nem sempre se traduz em descanso, lazer ou requalifica\u00e7\u00e3o profissional. \u201cNotifica\u00e7\u00f5es, mensagens e atualiza\u00e7\u00f5es nos colocam em modo permanente de checagem\u201d, explica <strong>Angelica Mari<\/strong>, especialista em comportamento digital e tamb\u00e9m cofundadora da empresa. \u201cEssa din\u00e2mica fragmenta o descanso e mant\u00e9m a mente em estado de aten\u00e7\u00e3o cont\u00ednua.\u201d<\/p>\n<p>Embora estudos indiquem que os avan\u00e7os da tecnologia e da<strong> intelig\u00eancia artificial<\/strong> poderiam liberar mais tempo livre para os profissionais \u2014 argumento refor\u00e7ado por empres\u00e1rios como Bill Gates, que prev\u00ea uma semana de trabalho de apenas tr\u00eas dias \u2014, na pr\u00e1tica isso ainda n\u00e3o se concretizou.\u00a0\u201cHistoricamente, a tecnologia n\u00e3o liberou o trabalhador para se divertir\u201d, afirma <strong>Ma\u00edra Blasi<\/strong>, especialista em futuro do trabalho, indicando que esses ganhos de produtividade nem sempre se convertem em mais tempo para atividades fora do trabalho.<\/p>\n<p>Os dados mostram que o tempo se tornou um artigo de luxo. No Brasil, 44% afirmam ter controle frequente sobre o uso do pr\u00f3prio tempo; menos de um ter\u00e7o (31%) dizem ter controle apenas ocasional, e 10% raramente ou nunca conseguem decidir sobre a pr\u00f3pria rotina.<\/p>\n<h2>Como aproveitar melhor o tempo livre<\/h2>\n<p>Um <a href=\"https:\/\/hbr.org\/2025\/04\/research-how-leisure-crafting-can-help-you-recharge?ab=HP-hero-latest-3\" target=\"_blank\" rel=\"noopener\">estudo publicado pela Harvard Business Review<\/a> sugere que a solu\u00e7\u00e3o para aproveitar melhor o tempo livre tem menos rela\u00e7\u00e3o com a quantidade de horas dispon\u00edveis e mais com a forma como elas s\u00e3o usadas. Pesquisadores de universidades americanas e europeias defendem uma abordagem mais ativa e intencional do lazer, conceito chamado de \u201cleisure crafting\u201d \u2014 ou planejamento intencional do tempo livre.<\/p>\n<p>A proposta \u00e9 substituir o <strong>uso passivo do tempo<\/strong>, como assistir \u00e0 TV sem crit\u00e9rio ou rolar o feed infinitamente, por atividades que gerem <strong>prazer, prop\u00f3sito e crescimento pessoal.<\/strong><\/p>\n<p>Essa transforma\u00e7\u00e3o n\u00e3o exige mais horas no dia \u2014 apenas uma mudan\u00e7a de postura. \u201cUm f\u00e3 de cinema, por exemplo, pode trocar a rolagem aleat\u00f3ria no streaming por um plano de assistir aos 100 melhores filmes do Instituto Brit\u00e2nico de Cinema, escrevendo resenhas para exercitar o pensamento cr\u00edtico\u201d, explicam os autores. \u201cJ\u00e1 quem gosta de se exercitar pode entrar em um grupo de corrida e estabelecer metas de desempenho.\u201d<\/p>\n<p>Alguns podem argumentar que isso significaria levar a <strong>l\u00f3gica da produtividade<\/strong> \u2014 que j\u00e1 domina a rotina profissional \u2014 tamb\u00e9m para os momentos de folga. No entanto, para os autores, o segredo est\u00e1 em enxergar o tempo livre n\u00e3o apenas como uma pausa, mas como uma<strong> oportunidade de crescimento,<\/strong> capaz de gerar impactos positivos tamb\u00e9m na vida profissional.<\/p>\n<aside>\n<h2>Escolhas do editor<\/h2>\n<\/aside>\n<div class=\"follow-us\">Siga o canal da <a href=\"https:\/\/whatsapp.com\/channel\/0029Va9gQKwBFLgM96cJnu0u\" target=\"_blank\" rel=\"noopener noreferrer nofollow\" title=\"Grupo da Forbes no WhatsApp\">Forbes<\/a> no WhatsApp e receba as principais not\u00edcias de empreendedorismo, carreira, tecnologia, agro e lifestyle.<\/div>\n<\/p><\/div>\n<p><script data-debloat-delay=\"1\" type=\"text\/debloat-script\">\n\t\t\t\t(function(d, s, id){\n\t\t\t\t\tvar js, fjs = d.getElementsByTagName(s)[0];\n\t\t\t\t\tif (d.getElementById(id)) return;\n\t\t\t\t\tjs = d.createElement(s); js.id = id;\n\t\t\t\t\tjs.src = \"\/\/connect.facebook.net\/pt_BR\/sdk.js#xfbml=1&version=v2.9\";\n\t\t\t\t\tfjs.parentNode.insertBefore(js, fjs);\n\t\t\t\t}(document, 'script', 'facebook-jssdk'));\n\t\t\t<\/script><br \/>\n<br \/><br \/>\n<br \/><a href=\"https:\/\/forbes.com.br\/carreira\/2025\/12\/tempo-e-o-novo-luxo-6-em-cada-10-brasileiros-tem-no-maximo-3-horas-livres-no-dia\/\">Source link <\/a><\/p>\n<div class='code-block code-block-4' style='margin: 8px auto 8px 0; text-align: left; display: block; clear: both;'>\n\ud83d\udce2 Aviso Legal\n\nO site ismaelcolosi.com.br atua apenas como um canal de divulga\u00e7\u00e3o de oportunidades de emprego e n\u00e3o se responsabiliza pelo processo seletivo, contrata\u00e7\u00e3o ou qualquer outra etapa relacionada \u00e0s vagas publicadas. Todas as informa\u00e7\u00f5es s\u00e3o de responsabilidade dos anunciantes.\n\n\u26a0\ufe0f Aten\u00e7\u00e3o! Nunca pague por promessas de emprego nem compre cursos que garantam contrata\u00e7\u00e3o. Desconfie de qualquer cobran\u00e7a para participar de sele\u00e7\u00f5es.\n\n\n\n<\/div>\n<!-- CONTENT END 1 -->\n","protected":false},"excerpt":{"rendered":"<p>&#13; Getty Images &#13;Estudo aponta que 59% dos brasileiros dedicam pelo menos duas horas por dia para tarefas de cuidado n\u00e3o remuneradas dentro de casa&#13;&#8230;<\/p>\n","protected":false},"author":1,"featured_media":88628,"comment_status":"","ping_status":"open","sticky":false,"template":"","format":"standard","meta":{"_uag_custom_page_level_css":"","advanced_seo_description":"","jetpack_seo_html_title":"","jetpack_seo_noindex":false,"jetpack_post_was_ever_published":false,"_jetpack_newsletter_access":"","_jetpack_dont_email_post_to_subs":false,"_jetpack_newsletter_tier_id":0,"_jetpack_memberships_contains_paywalled_content":false,"_jetpack_memberships_contains_paid_content":false,"footnotes":"","jetpack_publicize_message":"","jetpack_publicize_feature_enabled":true,"jetpack_social_post_already_shared":true,"jetpack_social_options":{"image_generator_settings":{"template":"highway","default_image_id":0,"font":"","enabled":false},"version":2}},"categories":[1964],"tags":[],"class_list":["post-88627","post","type-post","status-publish","format-standard","has-post-thumbnail","hentry","category-carreira-e-sucesso-dicas-para-carreira"],"jetpack_publicize_connections":[],"jetpack_featured_media_url":"https:\/\/i0.wp.com\/ismaelcolosi.com.br\/wp-content\/uploads\/2025\/12\/tempo-livre-forbes-1200x675.jpg?fit=1200%2C675&ssl=1","uagb_featured_image_src":{"full":["https:\/\/i0.wp.com\/ismaelcolosi.com.br\/wp-content\/uploads\/2025\/12\/tempo-livre-forbes-1200x675.jpg?fit=1200%2C675&ssl=1",1200,675,false],"thumbnail":["https:\/\/i0.wp.com\/ismaelcolosi.com.br\/wp-content\/uploads\/2025\/12\/tempo-livre-forbes-1200x675.jpg?resize=150%2C150&ssl=1",150,150,true],"medium":["https:\/\/i0.wp.com\/ismaelcolosi.com.br\/wp-content\/uploads\/2025\/12\/tempo-livre-forbes-1200x675.jpg?fit=300%2C169&ssl=1",300,169,true],"medium_large":["https:\/\/i0.wp.com\/ismaelcolosi.com.br\/wp-content\/uploads\/2025\/12\/tempo-livre-forbes-1200x675.jpg?fit=768%2C432&ssl=1",768,432,true],"large":["https:\/\/i0.wp.com\/ismaelcolosi.com.br\/wp-content\/uploads\/2025\/12\/tempo-livre-forbes-1200x675.jpg?fit=1024%2C576&ssl=1",1024,576,true],"1536x1536":["https:\/\/i0.wp.com\/ismaelcolosi.com.br\/wp-content\/uploads\/2025\/12\/tempo-livre-forbes-1200x675.jpg?fit=1200%2C675&ssl=1",1200,675,true],"2048x2048":["https:\/\/i0.wp.com\/ismaelcolosi.com.br\/wp-content\/uploads\/2025\/12\/tempo-livre-forbes-1200x675.jpg?fit=1200%2C675&ssl=1",1200,675,true],"really-simple-thumb":["https:\/\/i0.wp.com\/ismaelcolosi.com.br\/wp-content\/uploads\/2025\/12\/tempo-livre-forbes-1200x675.jpg?resize=370%2C247&ssl=1",370,247,true]},"uagb_author_info":{"display_name":"ismaelcolosi.com.br","author_link":"https:\/\/ismaelcolosi.com.br\/index.php\/author\/vidareal-online\/"},"uagb_comment_info":0,"uagb_excerpt":"&#13; Getty Images &#13;Estudo aponta que 59% dos brasileiros dedicam pelo menos duas horas por dia para tarefas de cuidado n\u00e3o remuneradas dentro de casa&#13;...","jetpack-related-posts":[{"id":23584,"url":"https:\/\/ismaelcolosi.com.br\/index.php\/2024\/01\/02\/trabalhe-de-casa-amazon-esta-contratando-brasileiros-para-trabalhar-em-home-office-06-horas-por-dia\/","url_meta":{"origin":88627,"position":0},"title":"Trabalhe de Casa! Amazon est\u00e1 contratando Brasileiros para trabalhar em HOME OFFICE 06 horas por dia","author":"ismaelcolosi.com.br","date":"2 de January de 2024","format":false,"excerpt":"Trabalhe de Casa! Amazon est\u00e1 contratando Brasileiros para trabalhar em HOME OFFICE 06 horas por dia Trabalhando em casa para o Amazon Customer Service em todo o Brasil ID do cargo: 230104461 | Amazon Servicos de Varejo do Brasil Ltda. DESCRI\u00c7\u00c3O Trabalhe em casa com o Leia mais","rel":"","context":"In &quot;Vagas de Emprego Remoto - Home Office&quot;","block_context":{"text":"Vagas de Emprego Remoto - Home Office","link":"https:\/\/ismaelcolosi.com.br\/index.php\/category\/empregos-classificados-vagas-trabalho\/vagas-de-empregos-em-ribeirao-preto-regiao-brasil\/vagas-de-emprego-para-trabalhar-de-casa-home-office-remoto\/"},"img":{"alt_text":"","src":"","width":0,"height":0},"classes":[]},{"id":76534,"url":"https:\/\/ismaelcolosi.com.br\/index.php\/2024\/11\/14\/semana-de-quatro-dias-so-com-negociacao-diz-professor-da-usp\/","url_meta":{"origin":88627,"position":1},"title":"Semana de quatro dias s\u00f3 com negocia\u00e7\u00e3o, diz professor da USP","author":"ismaelcolosi.com.br","date":"14 de November de 2024","format":false,"excerpt":"\u00a0 Acessibilidade \r L\r L\r A-\r A+\r \r \u25d0\r \r \u00a0 Para al\u00e9m dos canais e moinhos de vento, uma caracter\u00edstica da paisagem holandesa \u00e9 a produtividade elevada do trabalho, apesar de as jornadas de trabalho de menos de 32 horas semanais estarem entre as mais curtas do mundo. Segundo\u2026","rel":"","context":"In &quot;Carreira e Sucesso&quot;","block_context":{"text":"Carreira e Sucesso","link":"https:\/\/ismaelcolosi.com.br\/index.php\/category\/carreira-e-sucesso-dicas-para-carreira\/"},"img":{"alt_text":"","src":"https:\/\/i0.wp.com\/ismaelcolosi.com.br\/wp-content\/uploads\/2024\/11\/carreira-semana-4-dias-trabalho-1030x438.jpg?fit=1030%2C438&ssl=1&resize=350%2C200","width":350,"height":200,"srcset":"https:\/\/i0.wp.com\/ismaelcolosi.com.br\/wp-content\/uploads\/2024\/11\/carreira-semana-4-dias-trabalho-1030x438.jpg?fit=1030%2C438&ssl=1&resize=350%2C200 1x, https:\/\/i0.wp.com\/ismaelcolosi.com.br\/wp-content\/uploads\/2024\/11\/carreira-semana-4-dias-trabalho-1030x438.jpg?fit=1030%2C438&ssl=1&resize=525%2C300 1.5x, https:\/\/i0.wp.com\/ismaelcolosi.com.br\/wp-content\/uploads\/2024\/11\/carreira-semana-4-dias-trabalho-1030x438.jpg?fit=1030%2C438&ssl=1&resize=700%2C400 2x"},"classes":[]},{"id":84408,"url":"https:\/\/ismaelcolosi.com.br\/index.php\/2025\/04\/09\/maioria-dos-brasileiros-apoia-reducao-da-jornada-de-trabalho\/","url_meta":{"origin":88627,"position":2},"title":"Maioria dos Brasileiros Apoia Redu\u00e7\u00e3o da Jornada de Trabalho","author":"ismaelcolosi.com.br","date":"9 de April de 2025","format":false,"excerpt":"\r Getty Images\r Brasileiros citam a melhoria na qualidade de vida e na produtividade como benef\u00edcios da redu\u00e7\u00e3o da jornada de trabalho \r Acessibilidade \r L\r L\r A-\r A+\r \r \u25d0\r \r \u00a0 Um levantamento feito pela Nexus Pesquisa e Intelig\u00eancia de Dados mostra que 65% dos brasileiros s\u00e3o favor\u00e1veis\u2026","rel":"","context":"In &quot;Carreira e Sucesso&quot;","block_context":{"text":"Carreira e Sucesso","link":"https:\/\/ismaelcolosi.com.br\/index.php\/category\/carreira-e-sucesso-dicas-para-carreira\/"},"img":{"alt_text":"","src":"https:\/\/i0.wp.com\/ismaelcolosi.com.br\/wp-content\/uploads\/2025\/04\/forbes-carreira-jornada-de-trabalho-1200x675.jpg?fit=1200%2C675&ssl=1&resize=350%2C200","width":350,"height":200,"srcset":"https:\/\/i0.wp.com\/ismaelcolosi.com.br\/wp-content\/uploads\/2025\/04\/forbes-carreira-jornada-de-trabalho-1200x675.jpg?fit=1200%2C675&ssl=1&resize=350%2C200 1x, https:\/\/i0.wp.com\/ismaelcolosi.com.br\/wp-content\/uploads\/2025\/04\/forbes-carreira-jornada-de-trabalho-1200x675.jpg?fit=1200%2C675&ssl=1&resize=525%2C300 1.5x, https:\/\/i0.wp.com\/ismaelcolosi.com.br\/wp-content\/uploads\/2025\/04\/forbes-carreira-jornada-de-trabalho-1200x675.jpg?fit=1200%2C675&ssl=1&resize=700%2C400 2x, https:\/\/i0.wp.com\/ismaelcolosi.com.br\/wp-content\/uploads\/2025\/04\/forbes-carreira-jornada-de-trabalho-1200x675.jpg?fit=1200%2C675&ssl=1&resize=1050%2C600 3x"},"classes":[]},{"id":12118,"url":"https:\/\/ismaelcolosi.com.br\/index.php\/2023\/12\/07\/voo-de-repatriacao-de-brasileiros-em-gaza-aguarda-autorizacao\/","url_meta":{"origin":88627,"position":3},"title":"Voo de repatria\u00e7\u00e3o de brasileiros em Gaza aguarda autoriza\u00e7\u00e3o","author":"ismaelcolosi.com.br","date":"7 de December de 2023","format":false,"excerpt":"7 de dezembro de 2023 | 13:007 de dezembro de 2023 | 9:03 0Uma aeronave KC-30 (Airbus A330 200) aguarda autoriza\u00e7\u00e3o para decolar da Base A\u00e9rea do Gale\u00e3o, no Rio de Janeiro, para fazer a repatria\u00e7\u00e3o de mais brasileiros que est\u00e3o na Faixa de Gaza. De acordo com a For\u00e7a\u2026","rel":"","context":"In &quot;Not\u00edcias de Ribeir\u00e3o Preto-SP e Regi\u00e3o&quot;","block_context":{"text":"Not\u00edcias de Ribeir\u00e3o Preto-SP e Regi\u00e3o","link":"https:\/\/ismaelcolosi.com.br\/index.php\/category\/noticias-de-ribeirao-preto-sp-e-regiao-ismael-colosi\/"},"img":{"alt_text":"","src":"https:\/\/i0.wp.com\/ismaelcolosi.com.br\/wp-content\/uploads\/2023\/12\/fab-scaled.jpg?fit=1000%2C598&ssl=1&resize=350%2C200","width":350,"height":200,"srcset":"https:\/\/i0.wp.com\/ismaelcolosi.com.br\/wp-content\/uploads\/2023\/12\/fab-scaled.jpg?fit=1000%2C598&ssl=1&resize=350%2C200 1x, https:\/\/i0.wp.com\/ismaelcolosi.com.br\/wp-content\/uploads\/2023\/12\/fab-scaled.jpg?fit=1000%2C598&ssl=1&resize=525%2C300 1.5x, https:\/\/i0.wp.com\/ismaelcolosi.com.br\/wp-content\/uploads\/2023\/12\/fab-scaled.jpg?fit=1000%2C598&ssl=1&resize=700%2C400 2x"},"classes":[]},{"id":13142,"url":"https:\/\/ismaelcolosi.com.br\/index.php\/2023\/12\/09\/voo-para-resgate-de-mais-brasileiros-em-gaza-decola-para-o-egito\/","url_meta":{"origin":88627,"position":4},"title":"Voo para resgate de mais brasileiros em Gaza decola para o Egito","author":"ismaelcolosi.com.br","date":"9 de December de 2023","format":false,"excerpt":"9 de dezembro de 2023 | 10:18 0O voo que aguardava no Rio de Janeiro\u00a0para resgatar mais brasileiros que est\u00e3o na Faixa de Gaza decolou no in\u00edcio da manh\u00e3 deste s\u00e1bado (9)\u00a0em dire\u00e7\u00e3o ao Egito, informou a For\u00e7a A\u00e9rea Brasileira (FAB). Este ser\u00e1 o 11\u00ba\u00a0voo de repatria\u00e7\u00e3o de brasileiros em\u2026","rel":"","context":"In &quot;Not\u00edcias de Ribeir\u00e3o Preto-SP e Regi\u00e3o&quot;","block_context":{"text":"Not\u00edcias de Ribeir\u00e3o Preto-SP e Regi\u00e3o","link":"https:\/\/ismaelcolosi.com.br\/index.php\/category\/noticias-de-ribeirao-preto-sp-e-regiao-ismael-colosi\/"},"img":{"alt_text":"","src":"https:\/\/i0.wp.com\/ismaelcolosi.com.br\/wp-content\/uploads\/2023\/12\/fab-1-scaled.jpg?fit=1000%2C598&ssl=1&resize=350%2C200","width":350,"height":200,"srcset":"https:\/\/i0.wp.com\/ismaelcolosi.com.br\/wp-content\/uploads\/2023\/12\/fab-1-scaled.jpg?fit=1000%2C598&ssl=1&resize=350%2C200 1x, https:\/\/i0.wp.com\/ismaelcolosi.com.br\/wp-content\/uploads\/2023\/12\/fab-1-scaled.jpg?fit=1000%2C598&ssl=1&resize=525%2C300 1.5x, https:\/\/i0.wp.com\/ismaelcolosi.com.br\/wp-content\/uploads\/2023\/12\/fab-1-scaled.jpg?fit=1000%2C598&ssl=1&resize=700%2C400 2x"},"classes":[]},{"id":1101,"url":"https:\/\/ismaelcolosi.com.br\/index.php\/2023\/11\/10\/fronteira-de-gaza-com-egito-e-fechada-e-brasileiros-ficam-retidos\/","url_meta":{"origin":88627,"position":5},"title":"Fronteira de Gaza com Egito \u00e9 fechada e brasileiros ficam retidos","author":"ismaelcolosi.com.br","date":"10 de November de 2023","format":false,"excerpt":"10 de novembro de 2023 | 12:0510 de novembro de 2023 | 11:58 0O ministro das Rela\u00e7\u00f5es Exteriores, Mauro Vieira, confirmou nesta sexta-feira (10) o fechamento da fronteira entre a Faixa de Gaza e o Egito \u2013 antes que o grupo\u00a0de 34 brasileiros pudesse\u00a0deixar o local.Ap\u00f3s mais de um m\u00eas\u2026","rel":"","context":"In &quot;Not\u00edcias de Ribeir\u00e3o Preto-SP e Regi\u00e3o&quot;","block_context":{"text":"Not\u00edcias de Ribeir\u00e3o Preto-SP e Regi\u00e3o","link":"https:\/\/ismaelcolosi.com.br\/index.php\/category\/noticias-de-ribeirao-preto-sp-e-regiao-ismael-colosi\/"},"img":{"alt_text":"","src":"https:\/\/i0.wp.com\/ismaelcolosi.com.br\/wp-content\/uploads\/2023\/11\/brasileirogaza1-scaled.jpg?fit=1000%2C598&ssl=1&resize=350%2C200","width":350,"height":200,"srcset":"https:\/\/i0.wp.com\/ismaelcolosi.com.br\/wp-content\/uploads\/2023\/11\/brasileirogaza1-scaled.jpg?fit=1000%2C598&ssl=1&resize=350%2C200 1x, https:\/\/i0.wp.com\/ismaelcolosi.com.br\/wp-content\/uploads\/2023\/11\/brasileirogaza1-scaled.jpg?fit=1000%2C598&ssl=1&resize=525%2C300 1.5x, https:\/\/i0.wp.com\/ismaelcolosi.com.br\/wp-content\/uploads\/2023\/11\/brasileirogaza1-scaled.jpg?fit=1000%2C598&ssl=1&resize=700%2C400 2x"},"classes":[]}],"jetpack_sharing_enabled":true,"jetpack_shortlink":"https:\/\/wp.me\/pfMlyK-n3t","_links":{"self":[{"href":"https:\/\/ismaelcolosi.com.br\/index.php\/wp-json\/wp\/v2\/posts\/88627","targetHints":{"allow":["GET"]}}],"collection":[{"href":"https:\/\/ismaelcolosi.com.br\/index.php\/wp-json\/wp\/v2\/posts"}],"about":[{"href":"https:\/\/ismaelcolosi.com.br\/index.php\/wp-json\/wp\/v2\/types\/post"}],"author":[{"embeddable":true,"href":"https:\/\/ismaelcolosi.com.br\/index.php\/wp-json\/wp\/v2\/users\/1"}],"replies":[{"embeddable":true,"href":"https:\/\/ismaelcolosi.com.br\/index.php\/wp-json\/wp\/v2\/comments?post=88627"}],"version-history":[{"count":0,"href":"https:\/\/ismaelcolosi.com.br\/index.php\/wp-json\/wp\/v2\/posts\/88627\/revisions"}],"wp:featuredmedia":[{"embeddable":true,"href":"https:\/\/ismaelcolosi.com.br\/index.php\/wp-json\/wp\/v2\/media\/88628"}],"wp:attachment":[{"href":"https:\/\/ismaelcolosi.com.br\/index.php\/wp-json\/wp\/v2\/media?parent=88627"}],"wp:term":[{"taxonomy":"category","embeddable":true,"href":"https:\/\/ismaelcolosi.com.br\/index.php\/wp-json\/wp\/v2\/categories?post=88627"},{"taxonomy":"post_tag","embeddable":true,"href":"https:\/\/ismaelcolosi.com.br\/index.php\/wp-json\/wp\/v2\/tags?post=88627"}],"curies":[{"name":"wp","href":"https:\/\/api.w.org\/{rel}","templated":true}]}}