{"id":88615,"date":"2025-12-20T10:08:21","date_gmt":"2025-12-20T13:08:21","guid":{"rendered":"https:\/\/ismaelcolosi.com.br\/index.php\/2025\/12\/20\/vagas-de-estagios-e-jovem-aprendiz-classificados-tribuna-ribeirao-26\/"},"modified":"2025-12-20T10:08:21","modified_gmt":"2025-12-20T13:08:21","slug":"vagas-de-estagios-e-jovem-aprendiz-classificados-tribuna-ribeirao-26","status":"publish","type":"post","link":"https:\/\/ismaelcolosi.com.br\/index.php\/2025\/12\/20\/vagas-de-estagios-e-jovem-aprendiz-classificados-tribuna-ribeirao-26\/","title":{"rendered":"Vagas de Est\u00e1gios e Jovem Aprendiz &#8211; Classificados Tribuna Ribeir\u00e3o"},"content":{"rendered":"<div id=\"main\">\n<h5>An\u00fancios<\/h5>\n<ul class=\"listing-card-list \" id=\"listing-card-list\">\n<li class=\"listing-card \">\n                <a class=\"listing-thumb\" href=\"https:\/\/tribunaribeirao.com.br\/classificadostribuna\/index.php?page=item&amp;id=5359\" title=\"Vaga Est\u00e1gio - Recursos Humanos\"><img data-recalc-dims=\"1\" loading=\"lazy\" decoding=\"async\" src=\"https:\/\/i0.wp.com\/tribunaribeirao.com.br\/classificadostribuna\/oc-content\/uploads\/53\/6111_thumbnail.jpg?resize=240%2C200&#038;ssl=1\" title=\"\" alt=\"Vaga Est\u00e1gio - Recursos Humanos\" width=\"240\" height=\"200\" \/><\/a><\/p>\n<div class=\"listing-detail\">\n<div class=\"listing-cell\">\n<div class=\"listing-data\">\n<div class=\"listing-basicinfo\">\n                    <a href=\"https:\/\/tribunaribeirao.com.br\/classificadostribuna\/index.php?page=item&amp;id=5359\" class=\"title\" title=\"Vaga Est\u00e1gio - Recursos Humanos\">Vaga Est\u00e1gio &#8211; Recursos Humanos<\/a><\/p>\n<p>\n                        <span class=\"category\">Est\u00e1gios<\/span> &#8211;<br \/>\n                        <span class=\"location\"> <\/span> <span class=\"g-hide\">&#8211;<\/span> 10\/12\/2025                                            <\/p>\n<p>\u00a0Vaga de Est\u00e1gio &#8211; Recursos Humanos C\u00f3digo da Vaga: 5855160;Programa: Est\u00e1gio;Vaga para o Curso: Estudantes do Ensino Superior em Recursos Humanos- A partir do 1\u00b0 ano;Idade: A partir dos 18 anos;Hor\u00e1rio da Vaga: \u00c1 combinar\/ 6 horas di\u00e1rias; \u00c1rea de A&#8230;<\/p>\n<\/p><\/div>\n<\/p><\/div>\n<\/p><\/div>\n<\/p><\/div>\n<\/li>\n<li class=\"listing-card \">\n                <a class=\"listing-thumb\" href=\"https:\/\/tribunaribeirao.com.br\/classificadostribuna\/index.php?page=item&amp;id=5358\" title=\"Vaga Est\u00e1gio - Constru\u00e7\u00e3o Civil\"><img data-recalc-dims=\"1\" loading=\"lazy\" decoding=\"async\" src=\"https:\/\/i0.wp.com\/tribunaribeirao.com.br\/classificadostribuna\/oc-content\/uploads\/53\/6110_thumbnail.jpg?resize=240%2C200&#038;ssl=1\" title=\"\" alt=\"Vaga Est\u00e1gio - Constru\u00e7\u00e3o Civil\" width=\"240\" height=\"200\" \/><\/a><\/p>\n<div class=\"listing-detail\">\n<div class=\"listing-cell\">\n<div class=\"listing-data\">\n<div class=\"listing-basicinfo\">\n                    <a href=\"https:\/\/tribunaribeirao.com.br\/classificadostribuna\/index.php?page=item&amp;id=5358\" class=\"title\" title=\"Vaga Est\u00e1gio - Constru\u00e7\u00e3o Civil\">Vaga Est\u00e1gio &#8211; Constru\u00e7\u00e3o Civil<\/a><\/p>\n<p>\n                        <span class=\"category\">Est\u00e1gios<\/span> &#8211;<br \/>\n                        <span class=\"location\"> <\/span> <span class=\"g-hide\">&#8211;<\/span> 10\/12\/2025                                            <\/p>\n<p>\u00a0Vaga de Est\u00e1gio &#8211; Constru\u00e7\u00e3o CivilC\u00f3digo da Vaga: 5842002;Programa: Est\u00e1gio;Vaga para o Curso: Estudantes do Ensino Superior em Constru\u00e7\u00e3o Civil &#8211; A partir do 1\u00b0 ano;Idade: A partir dos 16 anos;Hor\u00e1rio da Vaga: Das 09:00 \u00e1s 16:00;\u00c1rea de Atua\u00e7\u00e3o: Co&#8230;<\/p>\n<\/p><\/div>\n<\/p><\/div>\n<\/p><\/div>\n<\/p><\/div>\n<\/li>\n<li class=\"listing-card \">\n                <a class=\"listing-thumb\" href=\"https:\/\/tribunaribeirao.com.br\/classificadostribuna\/index.php?page=item&amp;id=5357\" title=\"Vaga Est\u00e1gio - Superior Administrativo\"><img data-recalc-dims=\"1\" loading=\"lazy\" decoding=\"async\" src=\"https:\/\/i0.wp.com\/tribunaribeirao.com.br\/classificadostribuna\/oc-content\/uploads\/53\/6109_thumbnail.jpg?resize=240%2C200&#038;ssl=1\" title=\"\" alt=\"Vaga Est\u00e1gio - Superior Administrativo\" width=\"240\" height=\"200\" \/><\/a><\/p>\n<div class=\"listing-detail\">\n<div class=\"listing-cell\">\n<div class=\"listing-data\">\n<div class=\"listing-basicinfo\">\n                    <a href=\"https:\/\/tribunaribeirao.com.br\/classificadostribuna\/index.php?page=item&amp;id=5357\" class=\"title\" title=\"Vaga Est\u00e1gio - Superior Administrativo\">Vaga Est\u00e1gio &#8211; Superior Administrativo<\/a><\/p>\n<p>\n                        <span class=\"category\">Est\u00e1gios<\/span> &#8211;<br \/>\n                        <span class=\"location\"> <\/span> <span class=\"g-hide\">&#8211;<\/span> 10\/12\/2025                                            <\/p>\n<p>\u00a0Vaga de Est\u00e1gio &#8211; Superior Administrativo C\u00f3digo da Vaga: 5806095;Programa: Est\u00e1gio;Vaga para o Curso: Estudantes do Ensino Superior em Administra\u00e7\u00e3o &#8211; A partir do 1\u00b0 semestre; Idade: A partir de 16 anos;Hor\u00e1rio da Vaga: Das 10:30 \u00e1s 17:30; \u00c1rea de &#8230;<\/p>\n<\/p><\/div>\n<\/p><\/div>\n<\/p><\/div>\n<\/p><\/div>\n<\/li>\n<li class=\"listing-card last\">\n                <a class=\"listing-thumb\" href=\"https:\/\/tribunaribeirao.com.br\/classificadostribuna\/index.php?page=item&amp;id=5356\" title=\"Vaga Est\u00e1gio - Superior Marketing\"><img data-recalc-dims=\"1\" loading=\"lazy\" decoding=\"async\" src=\"https:\/\/i0.wp.com\/tribunaribeirao.com.br\/classificadostribuna\/oc-content\/uploads\/53\/6108_thumbnail.jpg?resize=240%2C200&#038;ssl=1\" title=\"\" alt=\"Vaga Est\u00e1gio - Superior Marketing\" width=\"240\" height=\"200\" \/><\/a><\/p>\n<div class=\"listing-detail\">\n<div class=\"listing-cell\">\n<div class=\"listing-data\">\n<div class=\"listing-basicinfo\">\n                    <a href=\"https:\/\/tribunaribeirao.com.br\/classificadostribuna\/index.php?page=item&amp;id=5356\" class=\"title\" title=\"Vaga Est\u00e1gio - Superior Marketing\">Vaga Est\u00e1gio &#8211; Superior Marketing<\/a><\/p>\n<p>\n                        <span class=\"category\">Est\u00e1gios<\/span> &#8211;<br \/>\n                        <span class=\"location\"> <\/span> <span class=\"g-hide\">&#8211;<\/span> 10\/12\/2025                                            <\/p>\n<p>\u00a0Vaga de Est\u00e1gio &#8211; Superior Marketing C\u00f3digo da Vaga: 5866263;Programa: Est\u00e1gio;Vaga para o Curso: Estudantes do ensino Superior em Marketing &#8211; A partir do 1\u00b0 semestre;Idade: A partir dos 18 anos;Hor\u00e1rio da Vaga: Das 08:00 \u00e0s 13:00;\u00c1rea de Atua\u00e7\u00e3o: M&#8230;<\/p>\n<\/p><\/div>\n<\/p><\/div>\n<\/p><\/div>\n<\/p><\/div>\n<\/li>\n<li class=\"listing-card \">\n                <a class=\"listing-thumb\" href=\"https:\/\/tribunaribeirao.com.br\/classificadostribuna\/index.php?page=item&amp;id=5355\" title=\"Vaga Est\u00e1gio - Ensino M\u00e9dio\"><img data-recalc-dims=\"1\" loading=\"lazy\" decoding=\"async\" src=\"https:\/\/i0.wp.com\/tribunaribeirao.com.br\/classificadostribuna\/oc-content\/uploads\/53\/6107_thumbnail.jpg?resize=240%2C200&#038;ssl=1\" title=\"\" alt=\"Vaga Est\u00e1gio - Ensino M\u00e9dio\" width=\"240\" height=\"200\" \/><\/a><\/p>\n<div class=\"listing-detail\">\n<div class=\"listing-cell\">\n<div class=\"listing-data\">\n<div class=\"listing-basicinfo\">\n                    <a href=\"https:\/\/tribunaribeirao.com.br\/classificadostribuna\/index.php?page=item&amp;id=5355\" class=\"title\" title=\"Vaga Est\u00e1gio - Ensino M\u00e9dio\">Vaga Est\u00e1gio &#8211; Ensino M\u00e9dio<\/a><\/p>\n<p>\n                        <span class=\"category\">Est\u00e1gios<\/span> &#8211;<br \/>\n                        <span class=\"location\"> <\/span> <span class=\"g-hide\">&#8211;<\/span> 10\/12\/2025                                            <\/p>\n<p>\u00a0Vaga de Est\u00e1gio &#8211; Ensino M\u00e9dio C\u00f3digo da Vaga: 5846247; Programa: Est\u00e1gio;Vaga para o Curso: Estudantes do Ensino m\u00e9dio, a partir do 1\u00b0 ano; Idade: \u00a0De 16 \u00e0 18 anos; Hor\u00e1rio da Vaga: Das 06:00 \u00e1s 12:00;\u00c1rea de Atua\u00e7\u00e3o: Ensino m\u00e9dio\/ Administra\u00e7\u00e3o;Lo&#8230;<\/p>\n<\/p><\/div>\n<\/p><\/div>\n<\/p><\/div>\n<\/p><\/div>\n<\/li>\n<li class=\"listing-card \">\n                <a class=\"listing-thumb\" href=\"https:\/\/tribunaribeirao.com.br\/classificadostribuna\/index.php?page=item&amp;id=5268\" title=\"PROCESSO P\u00daBLICO: TRIBUNAL DE JUSTI\u00c7A - VAGAS DE EST\u00c1GIO ENSINO M\u00c9DIO\"><img data-recalc-dims=\"1\" loading=\"lazy\" decoding=\"async\" src=\"https:\/\/i0.wp.com\/tribunaribeirao.com.br\/classificadostribuna\/oc-content\/uploads\/52\/6019_thumbnail.jpg?resize=240%2C200&#038;ssl=1\" title=\"\" alt=\"PROCESSO P\u00daBLICO: TRIBUNAL DE JUSTI\u00c7A - VAGAS DE EST\u00c1GIO ENSINO M\u00c9DIO\" width=\"240\" height=\"200\" \/><\/a><\/p>\n<div class=\"listing-detail\">\n<div class=\"listing-cell\">\n<div class=\"listing-data\">\n<div class=\"listing-basicinfo\">\n                    <a href=\"https:\/\/tribunaribeirao.com.br\/classificadostribuna\/index.php?page=item&amp;id=5268\" class=\"title\" title=\"PROCESSO P\u00daBLICO: TRIBUNAL DE JUSTI\u00c7A - VAGAS DE EST\u00c1GIO ENSINO M\u00c9DIO\">PROCESSO P\u00daBLICO: TRIBUNAL DE JUSTI\u00c7A &#8211; VAGAS DE EST\u00c1GIO ENSINO M\u00c9DIO<\/a><\/p>\n<p>\n                        <span class=\"category\">Est\u00e1gios<\/span> &#8211;<br \/>\n                        <span class=\"location\"> <\/span> <span class=\"g-hide\">&#8211;<\/span> 31\/10\/2025                                            <\/p>\n<p>Programa: Est\u00e1gio \u00c1rea de Atua\u00e7\u00e3o:\u00a0AdministrativaEscolaridade:\u00a0Ensino M\u00e9dioAno ou Semestre da Vaga:\u00a0Do 1\u00ba ao 2\u00ba anoLocal da Vaga:\u00a0Ribeir\u00e3o Preto e regi\u00e3oHor\u00e1rio da Vaga:\u00a09h &#8211; 13h ou 13h &#8211; 17hValor da Bolsa ou Sal\u00e1rio:\u00a0R$ 600,00Benef\u00edcios:\u00a0R$ 185,27Pr&#8230;<\/p>\n<\/p><\/div>\n<\/p><\/div>\n<\/p><\/div>\n<\/p><\/div>\n<\/li>\n<p>\n<script async=\"\" src=\"https:\/\/pagead2.googlesyndication.com\/pagead\/js\/adsbygoogle.js\"><\/script>&#13;<br \/>\n<!-- Anuncio Horizontal -->&#13;<br \/>\n<ins class=\"adsbygoogle\" style=\"display:block\" data-ad-client=\"ca-pub-6472940315473977\" data-ad-slot=\"9527135572\" data-ad-format=\"auto\" data-full-width-responsive=\"true\"><\/ins>&#13;<br \/>\n<script><![CDATA[\n     (adsbygoogle = window.adsbygoogle || []).push({});\n]]><\/script><\/p>\n<li class=\"listing-card \">\n                <a class=\"listing-thumb\" href=\"https:\/\/tribunaribeirao.com.br\/classificadostribuna\/index.php?page=item&amp;id=5267\" title=\"VAGA EST\u00c1GIO ENSINO M\u00c9DIO\"><img data-recalc-dims=\"1\" loading=\"lazy\" decoding=\"async\" src=\"https:\/\/i0.wp.com\/tribunaribeirao.com.br\/classificadostribuna\/oc-content\/uploads\/52\/6018_thumbnail.jpg?resize=240%2C200&#038;ssl=1\" title=\"\" alt=\"VAGA EST\u00c1GIO ENSINO M\u00c9DIO\" width=\"240\" height=\"200\" \/><\/a><\/p>\n<div class=\"listing-detail\">\n<div class=\"listing-cell\">\n<div class=\"listing-data\">\n<div class=\"listing-basicinfo\">\n                    <a href=\"https:\/\/tribunaribeirao.com.br\/classificadostribuna\/index.php?page=item&amp;id=5267\" class=\"title\" title=\"VAGA EST\u00c1GIO ENSINO M\u00c9DIO\">VAGA EST\u00c1GIO ENSINO M\u00c9DIO<\/a><\/p>\n<p>\n                        <span class=\"category\">Est\u00e1gios<\/span> &#8211;<br \/>\n                        <span class=\"location\"> <\/span> <span class=\"g-hide\">&#8211;<\/span> 31\/10\/2025                                            <\/p>\n<p>\u00a0C\u00f3digo da Vaga:\u00a05841189 Programa:\u00a0Est\u00e1gio Vaga para o Curso:\u00a0Estudantes de Ensino m\u00e9dio\u00a0 &#8211; A partir do 1\u00b0 ano Idade:\u00a0A partir dos 16 anos Hor\u00e1rio da Vaga:\u00a0Das\u00a008:00:00 \u00e0s 15:00:00\u00c1rea de Atua\u00e7\u00e3o:\u00a0Administrativo\/Ensino m\u00e9dioLocal da Vaga:\u00a0Dom Bernard&#8230;<\/p>\n<\/p><\/div>\n<\/p><\/div>\n<\/p><\/div>\n<\/p><\/div>\n<\/li>\n<li class=\"listing-card last\">\n                <a class=\"listing-thumb\" href=\"https:\/\/tribunaribeirao.com.br\/classificadostribuna\/index.php?page=item&amp;id=5265\" title=\"VAGA EST\u00c1GIO ENGENHARIA CIVIL\"><img data-recalc-dims=\"1\" loading=\"lazy\" decoding=\"async\" src=\"https:\/\/i0.wp.com\/tribunaribeirao.com.br\/classificadostribuna\/oc-content\/uploads\/52\/6016_thumbnail.jpg?resize=240%2C200&#038;ssl=1\" title=\"\" alt=\"VAGA EST\u00c1GIO ENGENHARIA CIVIL\" width=\"240\" height=\"200\" \/><\/a><\/p>\n<div class=\"listing-detail\">\n<div class=\"listing-cell\">\n<div class=\"listing-data\">\n<div class=\"listing-basicinfo\">\n                    <a href=\"https:\/\/tribunaribeirao.com.br\/classificadostribuna\/index.php?page=item&amp;id=5265\" class=\"title\" title=\"VAGA EST\u00c1GIO ENGENHARIA CIVIL\">VAGA EST\u00c1GIO ENGENHARIA CIVIL<\/a><\/p>\n<p>\n                        <span class=\"category\">Est\u00e1gios<\/span> &#8211;<br \/>\n                        <span class=\"location\"> <\/span> <span class=\"g-hide\">&#8211;<\/span> 31\/10\/2025                                            <\/p>\n<p>\u00a0C\u00f3digo da Vaga:\u00a05842002 Programa:\u00a0Est\u00e1gio Vaga para o Curso:\u00a0Estudantes de ensino superior em Engenharia Civil &#8211; A partir do 6\u00b0 semestre Idade:\u00a0A partir dos 18 anos Hor\u00e1rio da Vaga:\u00a0Das\u00a009:00:00 \u00e0s 16:00:00\u00c1rea de Atua\u00e7\u00e3o: Engenharia CivilLocal da V&#8230;<\/p>\n<\/p><\/div>\n<\/p><\/div>\n<\/p><\/div>\n<\/p><\/div>\n<\/li>\n<li class=\"listing-card \">\n                <a class=\"listing-thumb\" href=\"https:\/\/tribunaribeirao.com.br\/classificadostribuna\/index.php?page=item&amp;id=5264\" title=\"VAGA EST\u00c1GIO ADMINISTRA\u00c7\u00c3O\"><img data-recalc-dims=\"1\" loading=\"lazy\" decoding=\"async\" src=\"https:\/\/i0.wp.com\/tribunaribeirao.com.br\/classificadostribuna\/oc-content\/uploads\/52\/6015_thumbnail.jpg?resize=240%2C200&#038;ssl=1\" title=\"\" alt=\"VAGA EST\u00c1GIO ADMINISTRA\u00c7\u00c3O\" width=\"240\" height=\"200\" \/><\/a><\/p>\n<div class=\"listing-detail\">\n<div class=\"listing-cell\">\n<div class=\"listing-data\">\n<div class=\"listing-basicinfo\">\n                    <a href=\"https:\/\/tribunaribeirao.com.br\/classificadostribuna\/index.php?page=item&amp;id=5264\" class=\"title\" title=\"VAGA EST\u00c1GIO ADMINISTRA\u00c7\u00c3O\">VAGA EST\u00c1GIO ADMINISTRA\u00c7\u00c3O<\/a><\/p>\n<p>\n                        <span class=\"category\">Est\u00e1gios<\/span> &#8211;<br \/>\n                        <span class=\"location\"> <\/span> <span class=\"g-hide\">&#8211;<\/span> 31\/10\/2025                                            <\/p>\n<p>\u00a0C\u00f3digo da Vaga:\u00a05843738 Programa:\u00a0Est\u00e1gio Vaga para o Curso:\u00a0Estudantes de Ensino superior em Administra\u00e7\u00e3o ou afins &#8211; A partir do 1\u00b0 ano Idade:\u00a0A partir dos 16 anos Hor\u00e1rio da Vaga:\u00a0Das\u00a008:00:00 \u00e0s 14:00:00\u00c1rea de Atua\u00e7\u00e3o:\u00a0AdministrativoLocal da Va&#8230;<\/p>\n<\/p><\/div>\n<\/p><\/div>\n<\/p><\/div>\n<\/p><\/div>\n<\/li>\n<li class=\"listing-card \">\n                <a class=\"listing-thumb\" href=\"https:\/\/tribunaribeirao.com.br\/classificadostribuna\/index.php?page=item&amp;id=5262\" title=\"VAGA EST\u00c1GIO ENSINO M\u00c9DIO\"><img data-recalc-dims=\"1\" loading=\"lazy\" decoding=\"async\" src=\"https:\/\/i0.wp.com\/tribunaribeirao.com.br\/classificadostribuna\/oc-content\/uploads\/52\/6013_thumbnail.jpg?resize=240%2C200&#038;ssl=1\" title=\"\" alt=\"VAGA EST\u00c1GIO ENSINO M\u00c9DIO\" width=\"240\" height=\"200\" \/><\/a><\/p>\n<div class=\"listing-detail\">\n<div class=\"listing-cell\">\n<div class=\"listing-data\">\n<div class=\"listing-basicinfo\">\n                    <a href=\"https:\/\/tribunaribeirao.com.br\/classificadostribuna\/index.php?page=item&amp;id=5262\" class=\"title\" title=\"VAGA EST\u00c1GIO ENSINO M\u00c9DIO\">VAGA EST\u00c1GIO ENSINO M\u00c9DIO<\/a><\/p>\n<p>\n                        <span class=\"category\">Est\u00e1gios<\/span> &#8211;<br \/>\n                        <span class=\"location\"> <\/span> <span class=\"g-hide\">&#8211;<\/span> 31\/10\/2025                                            <\/p>\n<p>\u00a0C\u00f3digo da Vaga:\u00a05843973 Programa:\u00a0Est\u00e1gio Vaga para o Curso: Estudantes do Ensino m\u00e9dio, a partir do 1\u00b0 ano Idade: a partir dos 16 anos Hor\u00e1rio da Vaga:\u00a012:45:00 \u00e1s 18:00:00\u00c1rea de Atua\u00e7\u00e3o: Ensino m\u00e9dio\/Administra\u00e7\u00e3oLocal da Vaga:\u00a0Campos El\u00edseos, Ri&#8230;<\/p>\n<\/p><\/div>\n<\/p><\/div>\n<\/p><\/div>\n<\/p><\/div>\n<\/li>\n<\/ul><\/div>\n<div class='code-block code-block-4' style='margin: 8px auto 8px 0; text-align: left; display: block; clear: both;'>\n\ud83d\udce2 Aviso Legal\n\nO site ismaelcolosi.com.br atua apenas como um canal de divulga\u00e7\u00e3o de oportunidades de emprego e n\u00e3o se responsabiliza pelo processo seletivo, contrata\u00e7\u00e3o ou qualquer outra etapa relacionada \u00e0s vagas publicadas. Todas as informa\u00e7\u00f5es s\u00e3o de responsabilidade dos anunciantes.\n\n\u26a0\ufe0f Aten\u00e7\u00e3o! Nunca pague por promessas de emprego nem compre cursos que garantam contrata\u00e7\u00e3o. Desconfie de qualquer cobran\u00e7a para participar de sele\u00e7\u00f5es.\n\n\n\n<\/div>\n<!-- CONTENT END 1 -->\n","protected":false},"excerpt":{"rendered":"<p>An\u00fancios Vaga Est\u00e1gio &#8211; Recursos Humanos Est\u00e1gios &#8211; &#8211; 10\/12\/2025 \u00a0Vaga de Est\u00e1gio &#8211; Recursos Humanos C\u00f3digo da Vaga: 5855160;Programa: Est\u00e1gio;Vaga para o Curso: Estudantes&#8230;<\/p>\n","protected":false},"author":1,"featured_media":0,"comment_status":"","ping_status":"open","sticky":false,"template":"","format":"standard","meta":{"_uag_custom_page_level_css":"","advanced_seo_description":"","jetpack_seo_html_title":"","jetpack_seo_noindex":false,"jetpack_post_was_ever_published":false,"_jetpack_newsletter_access":"","_jetpack_dont_email_post_to_subs":false,"_jetpack_newsletter_tier_id":0,"_jetpack_memberships_contains_paywalled_content":false,"_jetpack_memberships_contains_paid_content":false,"footnotes":"","jetpack_publicize_message":"","jetpack_publicize_feature_enabled":true,"jetpack_social_post_already_shared":true,"jetpack_social_options":{"image_generator_settings":{"template":"highway","default_image_id":0,"font":"","enabled":false},"version":2}},"categories":[7],"tags":[],"class_list":["post-88615","post","type-post","status-publish","format-standard","hentry","category-vagas-de-empregos-em-ribeirao-preto-regiao-brasil"],"jetpack_publicize_connections":[],"jetpack_featured_media_url":"","uagb_featured_image_src":{"full":false,"thumbnail":false,"medium":false,"medium_large":false,"large":false,"1536x1536":false,"2048x2048":false,"really-simple-thumb":false},"uagb_author_info":{"display_name":"ismaelcolosi.com.br","author_link":"https:\/\/ismaelcolosi.com.br\/index.php\/author\/vidareal-online\/"},"uagb_comment_info":0,"uagb_excerpt":"An\u00fancios Vaga Est\u00e1gio &#8211; Recursos Humanos Est\u00e1gios &#8211; &#8211; 10\/12\/2025 \u00a0Vaga de Est\u00e1gio &#8211; Recursos Humanos C\u00f3digo da Vaga: 5855160;Programa: Est\u00e1gio;Vaga para o Curso: Estudantes...","jetpack-related-posts":[{"id":45564,"url":"https:\/\/ismaelcolosi.com.br\/index.php\/2024\/04\/05\/vagas-de-estagios-e-jovem-aprendiz-classificados-tribuna-ribeirao-6\/","url_meta":{"origin":88615,"position":0},"title":"Vagas de Est\u00e1gios e Jovem Aprendiz &#8211; Classificados Tribuna Ribeir\u00e3o","author":"ismaelcolosi.com.br","date":"5 de April de 2024","format":false,"excerpt":"Est\u00e1gios - Classificados Tribuna Ribeir\u00e3o","rel":"","context":"In &quot;Vagas de Emprego em Ribeir\u00e3o Preto-SP&quot;","block_context":{"text":"Vagas de Emprego em Ribeir\u00e3o Preto-SP","link":"https:\/\/ismaelcolosi.com.br\/index.php\/category\/empregos-classificados-vagas-trabalho\/vagas-de-empregos-em-ribeirao-preto-regiao-brasil\/"},"img":{"alt_text":"","src":"","width":0,"height":0},"classes":[]},{"id":43562,"url":"https:\/\/ismaelcolosi.com.br\/index.php\/2024\/03\/22\/vagas-de-estagios-e-jovem-aprendiz-classificados-tribuna-ribeirao-4\/","url_meta":{"origin":88615,"position":1},"title":"Vagas de Est\u00e1gios e Jovem Aprendiz &#8211; Classificados Tribuna Ribeir\u00e3o","author":"ismaelcolosi.com.br","date":"22 de March de 2024","format":false,"excerpt":"Est\u00e1gios - Classificados Tribuna Ribeir\u00e3o","rel":"","context":"In &quot;Vagas de Emprego em Ribeir\u00e3o Preto-SP&quot;","block_context":{"text":"Vagas de Emprego em Ribeir\u00e3o Preto-SP","link":"https:\/\/ismaelcolosi.com.br\/index.php\/category\/empregos-classificados-vagas-trabalho\/vagas-de-empregos-em-ribeirao-preto-regiao-brasil\/"},"img":{"alt_text":"","src":"","width":0,"height":0},"classes":[]},{"id":44645,"url":"https:\/\/ismaelcolosi.com.br\/index.php\/2024\/03\/29\/vagas-de-estagios-e-jovem-aprendiz-classificados-tribuna-ribeirao-5\/","url_meta":{"origin":88615,"position":2},"title":"Vagas de Est\u00e1gios e Jovem Aprendiz &#8211; Classificados Tribuna Ribeir\u00e3o","author":"ismaelcolosi.com.br","date":"29 de March de 2024","format":false,"excerpt":"Est\u00e1gios - Classificados Tribuna Ribeir\u00e3o","rel":"","context":"In &quot;Vagas de Emprego em Ribeir\u00e3o Preto-SP&quot;","block_context":{"text":"Vagas de Emprego em Ribeir\u00e3o Preto-SP","link":"https:\/\/ismaelcolosi.com.br\/index.php\/category\/empregos-classificados-vagas-trabalho\/vagas-de-empregos-em-ribeirao-preto-regiao-brasil\/"},"img":{"alt_text":"","src":"","width":0,"height":0},"classes":[]},{"id":53917,"url":"https:\/\/ismaelcolosi.com.br\/index.php\/2024\/06\/20\/vagas-de-estagios-e-jovem-aprendiz-classificados-tribuna-ribeirao-10\/","url_meta":{"origin":88615,"position":3},"title":"Vagas de Est\u00e1gios e Jovem Aprendiz &#8211; Classificados Tribuna Ribeir\u00e3o","author":"ismaelcolosi.com.br","date":"20 de June de 2024","format":false,"excerpt":"\r \r \r \r Est\u00e1gios - Classificados Tribuna Ribeir\u00e3o\r \r \r \r \r \r \r \r \r \r \r \r \r \r \r \r \r \r \r \r \r \r","rel":"","context":"In &quot;Vagas de Emprego em Ribeir\u00e3o Preto-SP&quot;","block_context":{"text":"Vagas de Emprego em Ribeir\u00e3o Preto-SP","link":"https:\/\/ismaelcolosi.com.br\/index.php\/category\/empregos-classificados-vagas-trabalho\/vagas-de-empregos-em-ribeirao-preto-regiao-brasil\/"},"img":{"alt_text":"","src":"","width":0,"height":0},"classes":[]},{"id":50420,"url":"https:\/\/ismaelcolosi.com.br\/index.php\/2024\/05\/16\/vagas-de-estagios-e-jovem-aprendiz-classificados-tribuna-ribeirao-8\/","url_meta":{"origin":88615,"position":4},"title":"Vagas de Est\u00e1gios e Jovem Aprendiz &#8211; Classificados Tribuna Ribeir\u00e3o","author":"ismaelcolosi.com.br","date":"16 de May de 2024","format":false,"excerpt":"Est\u00e1gios - Classificados Tribuna Ribeir\u00e3o","rel":"","context":"In &quot;Vagas de Emprego em Ribeir\u00e3o Preto-SP&quot;","block_context":{"text":"Vagas de Emprego em Ribeir\u00e3o Preto-SP","link":"https:\/\/ismaelcolosi.com.br\/index.php\/category\/empregos-classificados-vagas-trabalho\/vagas-de-empregos-em-ribeirao-preto-regiao-brasil\/"},"img":{"alt_text":"","src":"","width":0,"height":0},"classes":[]},{"id":51120,"url":"https:\/\/ismaelcolosi.com.br\/index.php\/2024\/05\/23\/vagas-de-estagios-e-jovem-aprendiz-classificados-tribuna-ribeirao-9\/","url_meta":{"origin":88615,"position":5},"title":"Vagas de Est\u00e1gios e Jovem Aprendiz &#8211; Classificados Tribuna Ribeir\u00e3o","author":"ismaelcolosi.com.br","date":"23 de May de 2024","format":false,"excerpt":"Est\u00e1gios - Classificados Tribuna Ribeir\u00e3o","rel":"","context":"In &quot;Vagas de Emprego em Ribeir\u00e3o Preto-SP&quot;","block_context":{"text":"Vagas de Emprego em Ribeir\u00e3o Preto-SP","link":"https:\/\/ismaelcolosi.com.br\/index.php\/category\/empregos-classificados-vagas-trabalho\/vagas-de-empregos-em-ribeirao-preto-regiao-brasil\/"},"img":{"alt_text":"","src":"","width":0,"height":0},"classes":[]}],"jetpack_sharing_enabled":true,"jetpack_shortlink":"https:\/\/wp.me\/pfMlyK-n3h","_links":{"self":[{"href":"https:\/\/ismaelcolosi.com.br\/index.php\/wp-json\/wp\/v2\/posts\/88615","targetHints":{"allow":["GET"]}}],"collection":[{"href":"https:\/\/ismaelcolosi.com.br\/index.php\/wp-json\/wp\/v2\/posts"}],"about":[{"href":"https:\/\/ismaelcolosi.com.br\/index.php\/wp-json\/wp\/v2\/types\/post"}],"author":[{"embeddable":true,"href":"https:\/\/ismaelcolosi.com.br\/index.php\/wp-json\/wp\/v2\/users\/1"}],"replies":[{"embeddable":true,"href":"https:\/\/ismaelcolosi.com.br\/index.php\/wp-json\/wp\/v2\/comments?post=88615"}],"version-history":[{"count":0,"href":"https:\/\/ismaelcolosi.com.br\/index.php\/wp-json\/wp\/v2\/posts\/88615\/revisions"}],"wp:attachment":[{"href":"https:\/\/ismaelcolosi.com.br\/index.php\/wp-json\/wp\/v2\/media?parent=88615"}],"wp:term":[{"taxonomy":"category","embeddable":true,"href":"https:\/\/ismaelcolosi.com.br\/index.php\/wp-json\/wp\/v2\/categories?post=88615"},{"taxonomy":"post_tag","embeddable":true,"href":"https:\/\/ismaelcolosi.com.br\/index.php\/wp-json\/wp\/v2\/tags?post=88615"}],"curies":[{"name":"wp","href":"https:\/\/api.w.org\/{rel}","templated":true}]}}