{"id":88511,"date":"2025-12-12T14:40:20","date_gmt":"2025-12-12T17:40:20","guid":{"rendered":"https:\/\/ismaelcolosi.com.br\/?p=88511"},"modified":"2025-12-12T14:40:20","modified_gmt":"2025-12-12T17:40:20","slug":"grande-oportunidade-de-trabalho-em-ribeirao-preto-para-atuar-como-calheiro-com-excelente-remuneracao-e-beneficios","status":"publish","type":"post","link":"https:\/\/ismaelcolosi.com.br\/index.php\/2025\/12\/12\/grande-oportunidade-de-trabalho-em-ribeirao-preto-para-atuar-como-calheiro-com-excelente-remuneracao-e-beneficios\/","title":{"rendered":"Grande oportunidade de trabalho em Ribeir\u00e3o Preto para atuar como Calheiro, com excelente remunera\u00e7\u00e3o e benef\u00edcios."},"content":{"rendered":"<h2>\ud83d\udce3 Vaga Aberta para Calheiro\/Duteiro Ribeir\u00e3o Preto\/SP<\/h2>\n<h3>\ud83c\udfe2 Fun\u00e7\u00e3o<\/h3>\n<p>Profissional para atuar na <strong>montagem e instala\u00e7\u00e3o de dutos de ar-condicionado<\/strong>.<\/p>\n<h3>\ud83d\udcb0 Sal\u00e1rio<\/h3>\n<ul>\n<li><strong>R$ 5.000,00<\/strong><\/li>\n<\/ul>\n<h3>\ud83d\ude8d Benef\u00edcios<\/h3>\n<ul>\n<li>Vale-transporte<\/li>\n<\/ul>\n<h3>\u23f1\ufe0f Hor\u00e1rio<\/h3>\n<ul>\n<li>Segunda a Sexta: 07h30 \u00e0s 17h30<\/li>\n<li>S\u00e1bado: 08h00 \u00e0s 12h00<\/li>\n<\/ul>\n<h3>\ud83d\udccd Local<\/h3>\n<ul>\n<li>Ribeir\u00e3o Preto\/SP<\/li>\n<\/ul>\n<h3>\u2705 Requisitos<\/h3>\n<ul>\n<li>Experi\u00eancia anterior na fun\u00e7\u00e3o<\/li>\n<li>Leitura e interpreta\u00e7\u00e3o de desenhos t\u00e9cnicos<\/li>\n<li>Habilidade com ferramentas manuais e el\u00e9tricas<\/li>\n<li>Desej\u00e1vel: certifica\u00e7\u00f5es <strong>NR-35<\/strong> e <strong>NR-33<\/strong><\/li>\n<\/ul>\n<h3>\ud83d\udee0\ufe0f Atividades<\/h3>\n<ul>\n<li>Fabrica\u00e7\u00e3o e montagem de dutos met\u00e1licos<\/li>\n<li>Instala\u00e7\u00e3o de dutos r\u00edgidos, flex\u00edveis e MPU<\/li>\n<li>Corte, dobra e montagem de materiais<\/li>\n<li>Veda\u00e7\u00e3o, fixa\u00e7\u00e3o, suspens\u00e3o e isolamento de dutos<\/li>\n<li>Montagem de acess\u00f3rios (curvas, redu\u00e7\u00f5es, registros, dampers etc.)<\/li>\n<li>Inspe\u00e7\u00f5es, testes, ajustes e reparos<\/li>\n<li>Organiza\u00e7\u00e3o e seguran\u00e7a no ambiente de trabalho<\/li>\n<\/ul>\n<h3>\ud83d\udce9 Como se candidatar<\/h3>\n<p>Envie seu curr\u00edculo pelo site: \ud83d\udc49 <a href=\"https:\/\/otieu.com\/4\/9273740\"><strong><span tabindex=\"0\" role=\"button\" data-url=\"https:\/\/www.parmaconsultoria.com.br\" aria-label=\"www.parmaconsultoria.com.br, isso levar\u00e1 voc\u00ea para www.parmaconsultoria.com.br\">www.parmaconsultoria.com.br<\/span><\/strong><\/a><\/p>\n<hr \/>\n<p><span style=\"font-size: 12pt;\"><strong>\ud83c\udf1f iBEE convida \ud83c\udf1f<br \/>\n\ud83e\udd1d Mutir\u00e3o do Emprego iBEE<br \/>\n\u00daLTIMO DE 2025<br \/>\n\ud83d\udcca 1.000 vagas<br \/>\n\ud83d\uddd3 Data: 16 de dezembro de 2025 (Ter\u00e7a-Feira)<br \/>\n\ud83d\udd59 Hor\u00e1rio: 10h \u00e0s 13h<br \/>\n\ud83d\udccd Local: Terminal Rodovi\u00e1rio de Ribeir\u00e3o Preto (Av. Jer\u00f4nimo Gon\u00e7alves, 640)<\/strong><\/span><\/p>\n<p><strong>Confira outras vaga aqui:<\/strong><br \/>\n<span style=\"font-size: 12pt;\">\u00a0*Auxiliar Administrativo* e de Faturamento R$ 2.500,00<\/span><br \/>\n<span style=\"font-size: 12pt;\">Cadastrar curr\u00edculo aqui:\u00a0<a href=\"https:\/\/forms.gle\/LPwsb65mhv3jnzXg8\">https:\/\/forms.gle\/LPwsb65mhv3jnzXg8<\/a><\/span><\/p>\n<p><span style=\"font-size: 12pt;\">\u00a0*Est\u00e1gio de Log\u00edstica*<\/span><br \/>\n<span style=\"font-size: 12pt;\">Cadastrar curr\u00edculo aqui:\u00a0<a href=\"https:\/\/forms.gle\/JAiUWqkWEGQEHV6dA\">https:\/\/forms.gle\/JAiUWqkWEGQEHV6dA<\/a><\/span><\/p>\n<p><span style=\"font-size: 12pt;\">\u00a0*Operador de Produ\u00e7\u00e3o* \u2013 R$ 2.800,00<\/span><br \/>\n<span style=\"font-size: 12pt;\">Cadastrar curr\u00edculo aqui:\u00a0<a href=\"https:\/\/forms.gle\/zDQ8xWzzAehdQcT4A\">https:\/\/forms.gle\/zDQ8xWzzAehdQcT4A<\/a><\/span><\/p>\n<p><span style=\"font-size: 12pt;\">\u00a0*Vendedor(a)\/Consultor(a) de Vendas* \u2013 R$ 2.000<\/span><br \/>\n<span style=\"font-size: 12pt;\">Cadastrar curr\u00edculo aqui:\u00a0<a href=\"https:\/\/forms.gle\/ufULrkLBSeKuRMqx5\">https:\/\/forms.gle\/ufULrkLBSeKuRMqx5<\/a><\/span><\/p>\n<p><span style=\"font-size: 12pt;\">\u00a0*Consultor (a) de LOCA\u00c7\u00c3O* \u2013 R$ 2.000,00<\/span><br \/>\n<span style=\"font-size: 12pt;\">Cadastrar curr\u00edculo aqui:\u00a0<a href=\"https:\/\/forms.gle\/57nT9fzq9xUWS8mA9\">https:\/\/forms.gle\/57nT9fzq9xUWS8mA9<\/a><\/span><\/p>\n<p><span style=\"font-size: 12pt;\">\u00a0*Auxiliar de Cozinheira* \u2013 R$ 2.000,00<\/span><br \/>\n<span style=\"font-size: 12pt;\">Cadastrar curr\u00edculo aqui:\u00a0<a href=\"https:\/\/wa.me\/5516991268411\">https:\/\/wa.me\/5516991268411<\/a><\/span><\/p>\n<p><span style=\"font-size: 12pt;\">\u00a0*Carregador de Frutas, Verduras e Legumes* \u2013 R$ 1.750,00 (CLT)<\/span><br \/>\n<span style=\"font-size: 12pt;\">Cadastrar curr\u00edculo aqui:\u00a0<a href=\"https:\/\/wa.me\/5516991268411\">https:\/\/wa.me\/5516991268411<\/a><\/span><\/p>\n<p><span style=\"font-size: 12pt;\">\u00a0*Assistente de Montagem* \u2013 R$ 1.800,00 (SEM EXPERI\u00caNCIA)<\/span><br \/>\n<span style=\"font-size: 12pt;\">Cadastrar curr\u00edculo aqui:\u00a0<a href=\"https:\/\/forms.gle\/19ug8Hc29nRB1C8t7\">https:\/\/forms.gle\/19ug8Hc29nRB1C8t7<\/a><\/span><\/p>\n<p><span style=\"font-size: 12pt;\">\u00a0*Analista Cont\u00e1bil *R$ 3.200,00*<\/span><br \/>\n<span style=\"font-size: 12pt;\">Cadastrar curr\u00edculo aqui:\u00a0<a href=\"https:\/\/forms.gle\/EM1Z5SgSbkaK91WA8\">https:\/\/forms.gle\/EM1Z5SgSbkaK91WA8<\/a><\/span><\/p>\n<p><span style=\"font-size: 12pt;\">\u00a0*Designer Gr\u00e1fico\/Atendimento* R$ 2.000<\/span><br \/>\n<span style=\"font-size: 12pt;\">Cadastrar curr\u00edculo aqui:\u00a0<a href=\"https:\/\/forms.gle\/vq2fknFJa4PW1kWf9\">https:\/\/forms.gle\/vq2fknFJa4PW1kWf9<\/a><\/span><\/p>\n<p><span style=\"font-size: 12pt;\">\u00a0*Executivo de Contas* +R$2.000<\/span><br \/>\n<span style=\"font-size: 12pt;\">Cadastrar curr\u00edculo aqui:\u00a0<a href=\"https:\/\/forms.gle\/CemMGJJRnWfUFL6D8\">https:\/\/forms.gle\/CemMGJJRnWfUFL6D8<\/a><\/span><\/p>\n<p><span style=\"font-size: 12pt;\">\u00a0*Vendedor(a) \u2013 Est\u00e9tica Automotiva* 2.000,00 +Comiss\u00e3o:<\/span><br \/>\n<span style=\"font-size: 12pt;\">Cadastrar curr\u00edculo aqui:\u00a0<a href=\"https:\/\/forms.gle\/iGSQxLPWjEAwfZp5A\">https:\/\/forms.gle\/iGSQxLPWjEAwfZp5A<\/a><\/span><\/p>\n<p><span style=\"font-size: 12pt;\">Vaga: Meio Oficial de Manuten\u00e7\u00e3o R$ 2.427+R$700 Campinas \u2013 SP<\/span><br \/>\n<span style=\"font-size: 12pt;\">Cadastrar curr\u00edculo aqui:\u00a0<a href=\"https:\/\/forms.gle\/NNqxqnyrAYeMPcVZA\">https:\/\/forms.gle\/NNqxqnyrAYeMPcVZA<\/a><\/span><\/p>\n<p><span style=\"font-size: 12pt;\">\u00a0Atendimento e Vendas (Uniformes Profissionais) 2.000,00 + 3% de comiss\u00e3o (sem teto!) Franca-SP<\/span><br \/>\n<span style=\"font-size: 12pt;\">Cadastrar curr\u00edculo aqui:\u00a0<a href=\"https:\/\/forms.gle\/mUCo3M9LVsgLR2bf8\">https:\/\/forms.gle\/mUCo3M9LVsgLR2bf8<\/a><\/span><\/p>\n<p><span style=\"font-size: 12pt;\">\u00a0Auxiliar de Corte \u2013 F\u00e1brica de Uniformes 2.000 Franca-SP<\/span><br \/>\n<span style=\"font-size: 12pt;\">Cadastrar curr\u00edculo aqui:\u00a0<a href=\"https:\/\/wa.me\/5516991268411\">https:\/\/wa.me\/5516991268411<\/a><\/span><\/p>\n<p><span style=\"font-size: 12pt;\">Cozinheiro (a) 2.000 a 3.000 Franca-SP<\/span><br \/>\n<span style=\"font-size: 12pt;\">Cadastrar curr\u00edculo aqui:\u00a0<a href=\"https:\/\/wa.me\/5516991268411\">https:\/\/wa.me\/5516991268411<\/a><\/span><\/p>\n<p><span style=\"font-size: 12pt;\">Auxiliar de Cozinha 2.000 Franca-SP<\/span><br \/>\n<span style=\"font-size: 12pt;\">Cadastrar curr\u00edculo aqui:\u00a0<a href=\"https:\/\/wa.me\/5516991268411\">https:\/\/wa.me\/5516991268411<\/a><\/span><\/p>\n<p><span style=\"font-size: 12pt;\">Lavador de pratos 2.000 Franca-SP<\/span><br \/>\n<span style=\"font-size: 12pt;\">Cadastrar curr\u00edculo aqui:\u00a0<a href=\"https:\/\/wa.me\/5516991268411\">https:\/\/wa.me\/5516991268411<\/a><\/span><\/p>\n<p><span style=\"font-size: 12pt;\">\u00a0VAGA DISPON\u00cdVEL \u2013 Auxiliar de M\u00eddias Sociais<\/span><br \/>\n<span style=\"font-size: 12pt;\">\u00a0Local: Franca-SP<\/span><br \/>\n<span style=\"font-size: 12pt;\">\u00a0Hor\u00e1rio: Segunda a Sexta, das 8h \u00e0s 18h<\/span><br \/>\n<span style=\"font-size: 12pt;\">\u00a0Sal\u00e1rio: R$ 2.200,00<\/span><br \/>\n<span style=\"font-size: 12pt;\">\u00a0Benef\u00edcios: Cesta b\u00e1sica, vale transporte e todos os direitos da CLT<\/span><br \/>\n<span style=\"font-size: 12pt;\">Enviar curr\u00edculo aqui:\u00a0<a href=\"https:\/\/forms.gle\/X6mK922oZZPinbXK9\">https:\/\/forms.gle\/X6mK922oZZPinbXK9<\/a><\/span><\/p>\n<p><span style=\"font-size: 12pt;\">\u00a0VAGA DISPON\u00cdVEL \u2013 Atendimento e Vendas (Uniformes Profissionais)<\/span><br \/>\n<span style=\"font-size: 12pt;\">\u00a0Local: Franca-SP<\/span><br \/>\n<span style=\"font-size: 12pt;\">\u00a0Hor\u00e1rio: Segunda a Sexta, das 8h \u00e0s 18h<\/span><br \/>\n<span style=\"font-size: 12pt;\">\u00a0Sal\u00e1rio: R$ 2.000,00 + 3% de comiss\u00e3o (sem teto!)<\/span><br \/>\n<span style=\"font-size: 12pt;\">\u00a0Interessados, enviem curr\u00edculo aqui: <a href=\"https:\/\/forms.gle\/mUCo3M9LVsgLR2bf8\">https:\/\/forms.gle\/mUCo3M9LVsgLR2bf8<\/a><\/span><\/p>\n<p><span style=\"font-size: 12pt;\">Vendedora Vaga Vendedora e-commerce<\/span><br \/>\n<span style=\"font-size: 12pt;\">Vaga feminina em S\u00e3o Paulo<\/span><br \/>\n<span style=\"font-size: 12pt;\">Pagamento: R$2.000,00 por m\u00eas<\/span><br \/>\n<span style=\"font-size: 12pt;\">Enviar curr\u00edculo aqui:\u00a0<a href=\"https:\/\/forms.gle\/uzMPDFF7ufBWZRGq5\">https:\/\/forms.gle\/uzMPDFF7ufBWZRGq5<\/a><\/span><\/p>\n<p><span style=\"font-size: 12pt;\">Estilista \/ Designer de Moda<\/span><br \/>\n<span style=\"font-size: 12pt;\">\u2022 Sal\u00e1rio: R$ 3.000,00<\/span><br \/>\n<span style=\"font-size: 12pt;\">\u2022 Bonifica\u00e7\u00e3o m\u00e9dia de R$ 400,00 (paga em dinheiro)<\/span><br \/>\n<span style=\"font-size: 12pt;\">\u2022 Vale-transporte: R$ 200,00 (pago em dinheiro)<\/span><br \/>\n<span style=\"font-size: 12pt;\">Enviar curr\u00edculo:\u00a0<a href=\"https:\/\/forms.gle\/grD4vRAi5m4FSg3N7\">https:\/\/forms.gle\/grD4vRAi5m4FSg3N7<\/a><\/span><\/p>\n<p><span style=\"font-size: 12pt;\">Vaga de Est\u00e1gio em Marketing Digital<\/span><br \/>\n<span style=\"font-size: 12pt;\">Bolsa: R$ 1.000,00<\/span><br \/>\n<span style=\"font-size: 12pt;\">Enviar curr\u00edculo:\u00a0<a href=\"https:\/\/forms.gle\/9xJD4EqaxoeFg8LH6\">https:\/\/forms.gle\/9xJD4EqaxoeFg8LH6<\/a><\/span><\/p>\n<p><span style=\"font-size: 12pt;\">Auxiliar de Vendas<\/span><br \/>\n<span style=\"font-size: 12pt;\">Local: Vila Virg\u00ednia (mudan\u00e7a prevista para Bonfim Paulista at\u00e9 novembro\/25) \u2013 trabalho presencial<\/span><br \/>\n<span style=\"font-size: 12pt;\">Hor\u00e1rio: 8h \u00e0s 17:48 (1h de almo\u00e7o)<\/span><br \/>\n<span style=\"font-size: 12pt;\">Sal\u00e1rio: R$ 2.011,00 + benef\u00edcios (vale alimenta\u00e7\u00e3o R$ 110,00, plano de sa\u00fade, vale academia, caf\u00e9 da manh\u00e3 e frutas no local)<\/span><br \/>\n<span style=\"font-size: 12pt;\">Enviar curr\u00edculo aqui:\u00a0<a href=\"https:\/\/forms.gle\/ahkGizQTycFJxFvV9\">https:\/\/forms.gle\/ahkGizQTycFJxFvV9<\/a><\/span><\/p>\n<p><span style=\"font-size: 12pt;\">Vaga para Social Media<\/span><br \/>\n<span style=\"font-size: 12pt;\">Sal\u00e1rio R$ 2.000,00<\/span><br \/>\n<span style=\"font-size: 12pt;\">Enviar curr\u00edculo:\u00a0<a href=\"https:\/\/forms.gle\/ZvhFMfFH9keDprHDA\">https:\/\/forms.gle\/ZvhFMfFH9keDprHDA<\/a><\/span><\/p>\n<p><span style=\"font-size: 12pt;\">VAGA PARA VIDEOMAKER<\/span><br \/>\n<span style=\"font-size: 12pt;\">Sal\u00e1rio: \u2013 R$ 2.000,00<\/span><br \/>\n<span style=\"font-size: 12pt;\">Enviar curr\u00edculo aqui:\u00a0<a href=\"https:\/\/forms.gle\/zHpyYFnahUWPiNfP9\">https:\/\/forms.gle\/zHpyYFnahUWPiNfP9<\/a><\/span><\/p>\n<p><span style=\"font-size: 12pt;\">VAGA PARA ATENDENTE \u2013 (Ribeir\u00e3o Preto\/SP)<\/span><br \/>\n<span style=\"font-size: 12pt;\">\u00a0Sal\u00e1rio: R$ 1.921,00 + R$ 335,00 (vale-alimenta\u00e7\u00e3o)<\/span><br \/>\n<span style=\"font-size: 12pt;\">N\u00e3o precisa de experi\u00eancia<\/span><br \/>\n<span style=\"font-size: 12pt;\">Enviar curriculo aqui:\u00a0<a href=\"https:\/\/forms.gle\/bFb65LzbaFpag1zX7\">https:\/\/forms.gle\/bFb65LzbaFpag1zX7<\/a><\/span><\/p>\n<p><span style=\"font-size: 12pt;\">Gerente de Relacionamento PJ*<\/span><br \/>\n<span style=\"font-size: 12pt;\">*Remunera\u00e7\u00e3o: R$ 6.300,00 + pacote de benef\u00edcios* * S\u00f3lida experi\u00eancia no atendimento e relacionamento com clientes empresariais (PJ ou Agro) \u00a0Interessados devem fazer a inscri\u00e7\u00e3o no site\u00a0<a href=\"https:\/\/forms.gle\/KqZGQU6Gx6dm4ZA19\">https:\/\/forms.gle\/KqZGQU6Gx6dm4ZA19<\/a><\/span><\/p>\n<p><span style=\"font-size: 12pt;\">\u00a0VAGA ABERTA \u2013 CONSULTOR(A) DE VIAGEM (LAZER)<\/span><br \/>\n<span style=\"font-size: 12pt;\">\u00a0Remunera\u00e7\u00e3o: R$ 2.000,00 fixo + R$ 300,00 de VR + Comiss\u00f5es<\/span><br \/>\n<span style=\"font-size: 12pt;\">Enviar aqui:\u00a0<a href=\"https:\/\/forms.gle\/7MH5caBz9sNScMnY8\">https:\/\/forms.gle\/7MH5caBz9sNScMnY8<\/a><\/span><\/p>\n<p><span style=\"font-size: 12pt;\">\u00a0VAGA PARA AUXILIAR DE IMPRESS\u00c3O \u2013 *SEM EXPERI\u00caNCIA*<\/span><br \/>\n<span style=\"font-size: 12pt;\">\u00a0F\u00e1brica de Uniformes Esportivos \u2013 Ribeir\u00e3o Preto\/SP<\/span><br \/>\n<span style=\"font-size: 12pt;\">\u00a0Sal\u00e1rio: 1.518<\/span><br \/>\n<span style=\"font-size: 12pt;\">Mandar curr\u00edculo aqui:<a href=\"https:\/\/forms.gle\/BoqaQucqsWyt1jPYA\">\u00a0https:\/\/forms.gle\/BoqaQucqsWyt1jPYA<\/a><\/span><\/p>\n<p><span style=\"font-size: 12pt;\">Vaga para *Dom\u00e9stica em Ribeir\u00e3o Preto \u2013 SP*<\/span><br \/>\n<span style=\"font-size: 12pt;\">Sal\u00e1rio: *R$ 2.000,00 mensais* + vale-transporte.<\/span><br \/>\n<span style=\"font-size: 12pt;\">Enviar curr\u00edculo aqui:\u00a0<a href=\"https:\/\/forms.gle\/1LRajPW6Vavj2aUp8\">https:\/\/forms.gle\/1LRajPW6Vavj2aUp8<\/a><\/span><\/p>\n<p data-start=\"837\" data-end=\"872\"><span style=\"font-size: 12pt;\">VAGA PARA DOM\u00c9STICA \u2013 CASA DE FAM\u00cdLIA (R$ 2.500,00)<\/span><br \/>\n<span style=\"font-size: 12pt;\"><a href=\"https:\/\/forms.gle\/CVMR1w9dhdAL2mEA6\">https:\/\/forms.gle\/CVMR1w9dhdAL2mEA6<\/a><\/span><\/p>\n<p data-start=\"1141\" data-end=\"1365\"><span style=\"font-size: 12pt;\">\u00a0Acompanhe tamb\u00e9m pelo Instagram: <a href=\"https:\/\/www.instagram.com\/ismaelcolosi\/\" target=\"_new\" rel=\"noopener\" data-start=\"1177\" data-end=\"1233\">@ismaelcolosi<\/a><\/span><br data-start=\"1233\" data-end=\"1236\" \/><span style=\"font-size: 12pt;\">\u00a0Entre no nosso <strong data-start=\"1254\" data-end=\"1284\">Grupo de Vagas no WhatsApp<\/strong>:\u00a0<a href=\"https:\/\/chat.whatsapp.com\/BqP1oF0kIW4843Ko1qXXaO\" target=\"_new\" rel=\"noopener\" data-start=\"1286\" data-end=\"1365\">Clique aqui para participar<\/a><\/span><\/p>\n<div class='code-block code-block-4' style='margin: 8px auto 8px 0; text-align: left; display: block; clear: both;'>\n\ud83d\udce2 Aviso Legal\n\nO site ismaelcolosi.com.br atua apenas como um canal de divulga\u00e7\u00e3o de oportunidades de emprego e n\u00e3o se responsabiliza pelo processo seletivo, contrata\u00e7\u00e3o ou qualquer outra etapa relacionada \u00e0s vagas publicadas. Todas as informa\u00e7\u00f5es s\u00e3o de responsabilidade dos anunciantes.\n\n\u26a0\ufe0f Aten\u00e7\u00e3o! Nunca pague por promessas de emprego nem compre cursos que garantam contrata\u00e7\u00e3o. Desconfie de qualquer cobran\u00e7a para participar de sele\u00e7\u00f5es.\n\n\n\n<\/div>\n<!-- CONTENT END 1 -->\n","protected":false},"excerpt":{"rendered":"<p>\ud83d\udce3 Vaga Aberta para Calheiro\/Duteiro Ribeir\u00e3o Preto\/SP \ud83c\udfe2 Fun\u00e7\u00e3o Profissional para atuar na montagem e instala\u00e7\u00e3o de dutos de ar-condicionado. \ud83d\udcb0 Sal\u00e1rio R$ 5.000,00 \ud83d\ude8d&#8230;<\/p>\n","protected":false},"author":5,"featured_media":88512,"comment_status":"closed","ping_status":"open","sticky":false,"template":"","format":"standard","meta":{"_uag_custom_page_level_css":"","advanced_seo_description":"","jetpack_seo_html_title":"","jetpack_seo_noindex":false,"jetpack_post_was_ever_published":false,"_jetpack_newsletter_access":"","_jetpack_dont_email_post_to_subs":false,"_jetpack_newsletter_tier_id":0,"_jetpack_memberships_contains_paywalled_content":false,"_jetpack_memberships_contains_paid_content":false,"footnotes":"","jetpack_publicize_message":"","jetpack_publicize_feature_enabled":true,"jetpack_social_post_already_shared":true,"jetpack_social_options":{"image_generator_settings":{"template":"highway","default_image_id":0,"font":"","enabled":false},"version":2}},"categories":[7],"tags":[],"class_list":["post-88511","post","type-post","status-publish","format-standard","has-post-thumbnail","hentry","category-vagas-de-empregos-em-ribeirao-preto-regiao-brasil"],"jetpack_publicize_connections":[],"jetpack_featured_media_url":"https:\/\/i0.wp.com\/ismaelcolosi.com.br\/wp-content\/uploads\/2025\/12\/473993910_1954187575105248_4478482114597808139_n.jpg?fit=971%2C737&ssl=1","uagb_featured_image_src":{"full":["https:\/\/i0.wp.com\/ismaelcolosi.com.br\/wp-content\/uploads\/2025\/12\/473993910_1954187575105248_4478482114597808139_n.jpg?fit=971%2C737&ssl=1",971,737,false],"thumbnail":["https:\/\/i0.wp.com\/ismaelcolosi.com.br\/wp-content\/uploads\/2025\/12\/473993910_1954187575105248_4478482114597808139_n.jpg?resize=150%2C150&ssl=1",150,150,true],"medium":["https:\/\/i0.wp.com\/ismaelcolosi.com.br\/wp-content\/uploads\/2025\/12\/473993910_1954187575105248_4478482114597808139_n.jpg?fit=300%2C228&ssl=1",300,228,true],"medium_large":["https:\/\/i0.wp.com\/ismaelcolosi.com.br\/wp-content\/uploads\/2025\/12\/473993910_1954187575105248_4478482114597808139_n.jpg?fit=768%2C583&ssl=1",768,583,true],"large":["https:\/\/i0.wp.com\/ismaelcolosi.com.br\/wp-content\/uploads\/2025\/12\/473993910_1954187575105248_4478482114597808139_n.jpg?fit=971%2C737&ssl=1",971,737,true],"1536x1536":["https:\/\/i0.wp.com\/ismaelcolosi.com.br\/wp-content\/uploads\/2025\/12\/473993910_1954187575105248_4478482114597808139_n.jpg?fit=971%2C737&ssl=1",971,737,true],"2048x2048":["https:\/\/i0.wp.com\/ismaelcolosi.com.br\/wp-content\/uploads\/2025\/12\/473993910_1954187575105248_4478482114597808139_n.jpg?fit=971%2C737&ssl=1",971,737,true],"really-simple-thumb":["https:\/\/i0.wp.com\/ismaelcolosi.com.br\/wp-content\/uploads\/2025\/12\/473993910_1954187575105248_4478482114597808139_n.jpg?resize=370%2C247&ssl=1",370,247,true]},"uagb_author_info":{"display_name":"Arthur Tijolo","author_link":"https:\/\/ismaelcolosi.com.br\/index.php\/author\/autor-2024\/"},"uagb_comment_info":0,"uagb_excerpt":"\ud83d\udce3 Vaga Aberta para Calheiro\/Duteiro Ribeir\u00e3o Preto\/SP \ud83c\udfe2 Fun\u00e7\u00e3o Profissional para atuar na montagem e instala\u00e7\u00e3o de dutos de ar-condicionado. \ud83d\udcb0 Sal\u00e1rio R$ 5.000,00 \ud83d\ude8d...","jetpack-related-posts":[{"id":88223,"url":"https:\/\/ismaelcolosi.com.br\/index.php\/2025\/11\/12\/30-vagas-em-ribeirao-preto-sp-5\/","url_meta":{"origin":88511,"position":0},"title":"30 vagas em Ribeir\u00e3o Preto\/SP","author":"ismaelcolosi.com.br","date":"12 de November de 2025","format":false,"excerpt":"30 vagas em Ribeir\u00e3o Preto\/SPAnalista PCPRibeir\u00e3o Preto, SPSal\u00e1rioA combinarContratoCLT (Efetivo)Analise capacidade de fabrica controle de prazos de cliente rotina PCPCOMPRADOR TECNICORibeir\u00e3o Preto, SPSal\u00e1rioA combinarContratoCLT (Efetivo)COMPRAS TECNICAS PARA INDUSTRIA DE FABRICACAO DE EQUIPAMENTOS FOLLOW UP EM FORNECEDORES DESENVOLVIMENTOS DE NOVOS FORNECEDORESENCANADORMRVRibeir\u00e3o Preto, SPSal\u00e1rioR$2664,75Benef\u00edciosVale Transporte, Vale Refei\u00e7\u00e3oContratoCLT (Efetivo)Executar prumadas , distribui\u00e7\u00e3o e\u2026","rel":"","context":"In &quot;Vagas de Emprego em Ribeir\u00e3o Preto-SP&quot;","block_context":{"text":"Vagas de Emprego em Ribeir\u00e3o Preto-SP","link":"https:\/\/ismaelcolosi.com.br\/index.php\/category\/empregos-classificados-vagas-trabalho\/vagas-de-empregos-em-ribeirao-preto-regiao-brasil\/"},"img":{"alt_text":"","src":"https:\/\/i0.wp.com\/ismaelcolosi.com.br\/wp-content\/uploads\/2025\/11\/1762974942_a3e97088f30f8acd4c21ea69ffbecb43.jpg?fit=1080%2C981&ssl=1&resize=350%2C200","width":350,"height":200,"srcset":"https:\/\/i0.wp.com\/ismaelcolosi.com.br\/wp-content\/uploads\/2025\/11\/1762974942_a3e97088f30f8acd4c21ea69ffbecb43.jpg?fit=1080%2C981&ssl=1&resize=350%2C200 1x, https:\/\/i0.wp.com\/ismaelcolosi.com.br\/wp-content\/uploads\/2025\/11\/1762974942_a3e97088f30f8acd4c21ea69ffbecb43.jpg?fit=1080%2C981&ssl=1&resize=525%2C300 1.5x, https:\/\/i0.wp.com\/ismaelcolosi.com.br\/wp-content\/uploads\/2025\/11\/1762974942_a3e97088f30f8acd4c21ea69ffbecb43.jpg?fit=1080%2C981&ssl=1&resize=700%2C400 2x, https:\/\/i0.wp.com\/ismaelcolosi.com.br\/wp-content\/uploads\/2025\/11\/1762974942_a3e97088f30f8acd4c21ea69ffbecb43.jpg?fit=1080%2C981&ssl=1&resize=1050%2C600 3x"},"classes":[]},{"id":82262,"url":"https:\/\/ismaelcolosi.com.br\/index.php\/2025\/01\/27\/22-vagas-em-ribeirao-preto-sp-2\/","url_meta":{"origin":88511,"position":1},"title":"22 vagas em Ribeir\u00e3o Preto\/SP","author":"ismaelcolosi.com.br","date":"27 de January de 2025","format":false,"excerpt":"22 vagas em Ribeir\u00e3o Preto\/SPvendedorEuzebio AdvocaciaRibeir\u00e3o Preto, SPSal\u00e1riode R$2000,00 at\u00e9 R$10000,00ContratoCLT (Efetivo)N\u00f3s da Euz\u00e9bio Advocacia estamos em busca de um(a) Vendedor(a) para se juntar ao nosso time. Nosso ambiente de trabalho descontra\u00eddo, diversificado, profissional e gostamos de trabalhar com pessoas respons\u00e1veis e comprometidas Responsabilidades: - Receber e identificar necessidades dos\u2026","rel":"","context":"In &quot;Vagas de Emprego em Ribeir\u00e3o Preto-SP&quot;","block_context":{"text":"Vagas de Emprego em Ribeir\u00e3o Preto-SP","link":"https:\/\/ismaelcolosi.com.br\/index.php\/category\/empregos-classificados-vagas-trabalho\/vagas-de-empregos-em-ribeirao-preto-regiao-brasil\/"},"img":{"alt_text":"","src":"https:\/\/i0.wp.com\/ismaelcolosi.com.br\/wp-content\/uploads\/2025\/01\/1738011292_a3e97088f30f8acd4c21ea69ffbecb43.jpg?fit=1080%2C981&ssl=1&resize=350%2C200","width":350,"height":200,"srcset":"https:\/\/i0.wp.com\/ismaelcolosi.com.br\/wp-content\/uploads\/2025\/01\/1738011292_a3e97088f30f8acd4c21ea69ffbecb43.jpg?fit=1080%2C981&ssl=1&resize=350%2C200 1x, https:\/\/i0.wp.com\/ismaelcolosi.com.br\/wp-content\/uploads\/2025\/01\/1738011292_a3e97088f30f8acd4c21ea69ffbecb43.jpg?fit=1080%2C981&ssl=1&resize=525%2C300 1.5x, https:\/\/i0.wp.com\/ismaelcolosi.com.br\/wp-content\/uploads\/2025\/01\/1738011292_a3e97088f30f8acd4c21ea69ffbecb43.jpg?fit=1080%2C981&ssl=1&resize=700%2C400 2x, https:\/\/i0.wp.com\/ismaelcolosi.com.br\/wp-content\/uploads\/2025\/01\/1738011292_a3e97088f30f8acd4c21ea69ffbecb43.jpg?fit=1080%2C981&ssl=1&resize=1050%2C600 3x"},"classes":[]},{"id":80575,"url":"https:\/\/ismaelcolosi.com.br\/index.php\/2024\/12\/30\/22-vagas-em-ribeirao-preto-sp\/","url_meta":{"origin":88511,"position":2},"title":"22 vagas em Ribeir\u00e3o Preto\/SP","author":"ismaelcolosi.com.br","date":"30 de December de 2024","format":false,"excerpt":"22 vagas em Ribeir\u00e3o Preto\/SPvendedorEuzebio AdvocaciaRibeir\u00e3o Preto, SPSal\u00e1riode R$2000,00 at\u00e9 R$10000,00ContratoCLT (Efetivo)N\u00f3s da Euz\u00e9bio Advocacia estamos em busca de um(a) Vendedor(a) para se juntar ao nosso time. Nosso ambiente de trabalho descontra\u00eddo, diversificado, profissional e gostamos de trabalhar com pessoas respons\u00e1veis e comprometidas Responsabilidades: - Receber e identificar necessidades dos\u2026","rel":"","context":"In &quot;Vagas de Emprego em Ribeir\u00e3o Preto-SP&quot;","block_context":{"text":"Vagas de Emprego em Ribeir\u00e3o Preto-SP","link":"https:\/\/ismaelcolosi.com.br\/index.php\/category\/empregos-classificados-vagas-trabalho\/vagas-de-empregos-em-ribeirao-preto-regiao-brasil\/"},"img":{"alt_text":"","src":"https:\/\/i0.wp.com\/ismaelcolosi.com.br\/wp-content\/uploads\/2024\/12\/1735591063_a3e97088f30f8acd4c21ea69ffbecb43.jpg?fit=1080%2C981&ssl=1&resize=350%2C200","width":350,"height":200,"srcset":"https:\/\/i0.wp.com\/ismaelcolosi.com.br\/wp-content\/uploads\/2024\/12\/1735591063_a3e97088f30f8acd4c21ea69ffbecb43.jpg?fit=1080%2C981&ssl=1&resize=350%2C200 1x, https:\/\/i0.wp.com\/ismaelcolosi.com.br\/wp-content\/uploads\/2024\/12\/1735591063_a3e97088f30f8acd4c21ea69ffbecb43.jpg?fit=1080%2C981&ssl=1&resize=525%2C300 1.5x, https:\/\/i0.wp.com\/ismaelcolosi.com.br\/wp-content\/uploads\/2024\/12\/1735591063_a3e97088f30f8acd4c21ea69ffbecb43.jpg?fit=1080%2C981&ssl=1&resize=700%2C400 2x, https:\/\/i0.wp.com\/ismaelcolosi.com.br\/wp-content\/uploads\/2024\/12\/1735591063_a3e97088f30f8acd4c21ea69ffbecb43.jpg?fit=1080%2C981&ssl=1&resize=1050%2C600 3x"},"classes":[]},{"id":73448,"url":"https:\/\/ismaelcolosi.com.br\/index.php\/2024\/10\/26\/19-vagas-em-ribeirao-preto-sp-3\/","url_meta":{"origin":88511,"position":3},"title":"19 vagas em Ribeir\u00e3o Preto\/SP","author":"ismaelcolosi.com.br","date":"26 de October de 2024","format":false,"excerpt":"19 vagas em Ribeir\u00e3o Preto\/SPvendedorEuzebio AdvocaciaRibeir\u00e3o Preto, SPSal\u00e1riode R$2000,00 at\u00e9 R$10000,00ContratoCLT (Efetivo)N\u00f3s da Euz\u00e9bio Advocacia estamos em busca de um(a) Vendedor(a) para se juntar ao nosso time. Nosso ambiente de trabalho descontra\u00eddo, diversificado, profissional e gostamos de trabalhar com pessoas respons\u00e1veis e comprometidas Responsabilidades: - Receber e identificar necessidades dos\u2026","rel":"","context":"In &quot;Vagas de Emprego em Ribeir\u00e3o Preto-SP&quot;","block_context":{"text":"Vagas de Emprego em Ribeir\u00e3o Preto-SP","link":"https:\/\/ismaelcolosi.com.br\/index.php\/category\/empregos-classificados-vagas-trabalho\/vagas-de-empregos-em-ribeirao-preto-regiao-brasil\/"},"img":{"alt_text":"","src":"https:\/\/i0.wp.com\/ismaelcolosi.com.br\/wp-content\/uploads\/2024\/10\/1729974154_a3e97088f30f8acd4c21ea69ffbecb43.jpg?fit=1080%2C981&ssl=1&resize=350%2C200","width":350,"height":200,"srcset":"https:\/\/i0.wp.com\/ismaelcolosi.com.br\/wp-content\/uploads\/2024\/10\/1729974154_a3e97088f30f8acd4c21ea69ffbecb43.jpg?fit=1080%2C981&ssl=1&resize=350%2C200 1x, https:\/\/i0.wp.com\/ismaelcolosi.com.br\/wp-content\/uploads\/2024\/10\/1729974154_a3e97088f30f8acd4c21ea69ffbecb43.jpg?fit=1080%2C981&ssl=1&resize=525%2C300 1.5x, https:\/\/i0.wp.com\/ismaelcolosi.com.br\/wp-content\/uploads\/2024\/10\/1729974154_a3e97088f30f8acd4c21ea69ffbecb43.jpg?fit=1080%2C981&ssl=1&resize=700%2C400 2x, https:\/\/i0.wp.com\/ismaelcolosi.com.br\/wp-content\/uploads\/2024\/10\/1729974154_a3e97088f30f8acd4c21ea69ffbecb43.jpg?fit=1080%2C981&ssl=1&resize=1050%2C600 3x"},"classes":[]},{"id":81637,"url":"https:\/\/ismaelcolosi.com.br\/index.php\/2025\/01\/13\/21-vagas-em-ribeirao-preto-sp-2\/","url_meta":{"origin":88511,"position":4},"title":"21 vagas em Ribeir\u00e3o Preto\/SP","author":"ismaelcolosi.com.br","date":"13 de January de 2025","format":false,"excerpt":"21 vagas em Ribeir\u00e3o Preto\/SPvendedorEuzebio AdvocaciaRibeir\u00e3o Preto, SPSal\u00e1riode R$2000,00 at\u00e9 R$10000,00ContratoCLT (Efetivo)N\u00f3s da Euz\u00e9bio Advocacia estamos em busca de um(a) Vendedor(a) para se juntar ao nosso time. Nosso ambiente de trabalho descontra\u00eddo, diversificado, profissional e gostamos de trabalhar com pessoas respons\u00e1veis e comprometidas Responsabilidades: - Receber e identificar necessidades dos\u2026","rel":"","context":"In &quot;Vagas de Emprego em Ribeir\u00e3o Preto-SP&quot;","block_context":{"text":"Vagas de Emprego em Ribeir\u00e3o Preto-SP","link":"https:\/\/ismaelcolosi.com.br\/index.php\/category\/empregos-classificados-vagas-trabalho\/vagas-de-empregos-em-ribeirao-preto-regiao-brasil\/"},"img":{"alt_text":"","src":"https:\/\/i0.wp.com\/ismaelcolosi.com.br\/wp-content\/uploads\/2025\/01\/1736801118_a3e97088f30f8acd4c21ea69ffbecb43.jpg?fit=1080%2C981&ssl=1&resize=350%2C200","width":350,"height":200,"srcset":"https:\/\/i0.wp.com\/ismaelcolosi.com.br\/wp-content\/uploads\/2025\/01\/1736801118_a3e97088f30f8acd4c21ea69ffbecb43.jpg?fit=1080%2C981&ssl=1&resize=350%2C200 1x, https:\/\/i0.wp.com\/ismaelcolosi.com.br\/wp-content\/uploads\/2025\/01\/1736801118_a3e97088f30f8acd4c21ea69ffbecb43.jpg?fit=1080%2C981&ssl=1&resize=525%2C300 1.5x, https:\/\/i0.wp.com\/ismaelcolosi.com.br\/wp-content\/uploads\/2025\/01\/1736801118_a3e97088f30f8acd4c21ea69ffbecb43.jpg?fit=1080%2C981&ssl=1&resize=700%2C400 2x, https:\/\/i0.wp.com\/ismaelcolosi.com.br\/wp-content\/uploads\/2025\/01\/1736801118_a3e97088f30f8acd4c21ea69ffbecb43.jpg?fit=1080%2C981&ssl=1&resize=1050%2C600 3x"},"classes":[]},{"id":81920,"url":"https:\/\/ismaelcolosi.com.br\/index.php\/2025\/01\/20\/23-vagas-em-ribeirao-preto-sp\/","url_meta":{"origin":88511,"position":5},"title":"23 vagas em Ribeir\u00e3o Preto\/SP","author":"ismaelcolosi.com.br","date":"20 de January de 2025","format":false,"excerpt":"23 vagas em Ribeir\u00e3o Preto\/SPvendedorEuzebio AdvocaciaRibeir\u00e3o Preto, SPSal\u00e1riode R$2000,00 at\u00e9 R$10000,00ContratoCLT (Efetivo)N\u00f3s da Euz\u00e9bio Advocacia estamos em busca de um(a) Vendedor(a) para se juntar ao nosso time. Nosso ambiente de trabalho descontra\u00eddo, diversificado, profissional e gostamos de trabalhar com pessoas respons\u00e1veis e comprometidas Responsabilidades: - Receber e identificar necessidades dos\u2026","rel":"","context":"In &quot;Vagas de Emprego em Ribeir\u00e3o Preto-SP&quot;","block_context":{"text":"Vagas de Emprego em Ribeir\u00e3o Preto-SP","link":"https:\/\/ismaelcolosi.com.br\/index.php\/category\/empregos-classificados-vagas-trabalho\/vagas-de-empregos-em-ribeirao-preto-regiao-brasil\/"},"img":{"alt_text":"","src":"https:\/\/i0.wp.com\/ismaelcolosi.com.br\/wp-content\/uploads\/2025\/01\/1737406106_a3e97088f30f8acd4c21ea69ffbecb43.jpg?fit=1080%2C981&ssl=1&resize=350%2C200","width":350,"height":200,"srcset":"https:\/\/i0.wp.com\/ismaelcolosi.com.br\/wp-content\/uploads\/2025\/01\/1737406106_a3e97088f30f8acd4c21ea69ffbecb43.jpg?fit=1080%2C981&ssl=1&resize=350%2C200 1x, https:\/\/i0.wp.com\/ismaelcolosi.com.br\/wp-content\/uploads\/2025\/01\/1737406106_a3e97088f30f8acd4c21ea69ffbecb43.jpg?fit=1080%2C981&ssl=1&resize=525%2C300 1.5x, https:\/\/i0.wp.com\/ismaelcolosi.com.br\/wp-content\/uploads\/2025\/01\/1737406106_a3e97088f30f8acd4c21ea69ffbecb43.jpg?fit=1080%2C981&ssl=1&resize=700%2C400 2x, https:\/\/i0.wp.com\/ismaelcolosi.com.br\/wp-content\/uploads\/2025\/01\/1737406106_a3e97088f30f8acd4c21ea69ffbecb43.jpg?fit=1080%2C981&ssl=1&resize=1050%2C600 3x"},"classes":[]}],"jetpack_sharing_enabled":true,"jetpack_shortlink":"https:\/\/wp.me\/pfMlyK-n1B","_links":{"self":[{"href":"https:\/\/ismaelcolosi.com.br\/index.php\/wp-json\/wp\/v2\/posts\/88511","targetHints":{"allow":["GET"]}}],"collection":[{"href":"https:\/\/ismaelcolosi.com.br\/index.php\/wp-json\/wp\/v2\/posts"}],"about":[{"href":"https:\/\/ismaelcolosi.com.br\/index.php\/wp-json\/wp\/v2\/types\/post"}],"author":[{"embeddable":true,"href":"https:\/\/ismaelcolosi.com.br\/index.php\/wp-json\/wp\/v2\/users\/5"}],"replies":[{"embeddable":true,"href":"https:\/\/ismaelcolosi.com.br\/index.php\/wp-json\/wp\/v2\/comments?post=88511"}],"version-history":[{"count":1,"href":"https:\/\/ismaelcolosi.com.br\/index.php\/wp-json\/wp\/v2\/posts\/88511\/revisions"}],"predecessor-version":[{"id":88513,"href":"https:\/\/ismaelcolosi.com.br\/index.php\/wp-json\/wp\/v2\/posts\/88511\/revisions\/88513"}],"wp:featuredmedia":[{"embeddable":true,"href":"https:\/\/ismaelcolosi.com.br\/index.php\/wp-json\/wp\/v2\/media\/88512"}],"wp:attachment":[{"href":"https:\/\/ismaelcolosi.com.br\/index.php\/wp-json\/wp\/v2\/media?parent=88511"}],"wp:term":[{"taxonomy":"category","embeddable":true,"href":"https:\/\/ismaelcolosi.com.br\/index.php\/wp-json\/wp\/v2\/categories?post=88511"},{"taxonomy":"post_tag","embeddable":true,"href":"https:\/\/ismaelcolosi.com.br\/index.php\/wp-json\/wp\/v2\/tags?post=88511"}],"curies":[{"name":"wp","href":"https:\/\/api.w.org\/{rel}","templated":true}]}}