{"id":88503,"date":"2025-12-12T11:12:30","date_gmt":"2025-12-12T14:12:30","guid":{"rendered":"https:\/\/ismaelcolosi.com.br\/?p=88503"},"modified":"2025-12-12T12:56:23","modified_gmt":"2025-12-12T15:56:23","slug":"vaga-para-estagio-administrativo-com-bolsa-auxilio-de-r-1-20000-alem-de-vale-transporte-confira-mais-detalhes","status":"publish","type":"post","link":"https:\/\/ismaelcolosi.com.br\/index.php\/2025\/12\/12\/vaga-para-estagio-administrativo-com-bolsa-auxilio-de-r-1-20000-alem-de-vale-transporte-confira-mais-detalhes\/","title":{"rendered":"Vaga para Est\u00e1gio Administrativo com bolsa-aux\u00edlio de R$ 1.200,00, al\u00e9m de vale-transporte. Confira mais detalhes."},"content":{"rendered":"<h2>\ud83d\udccc Vaga de Est\u00e1gio \u2013 Administrativo<\/h2>\n<h3>\ud83c\udfe2 Oportunidade<\/h3>\n<p>Estagi\u00e1rio(a) Administrativo<\/p>\n<h3>\u2705 Requisitos<\/h3>\n<ul>\n<li>Cursando t\u00e9cnico em Administra\u00e7\u00e3o\/RH ou superior em Administra\u00e7\u00e3o\/RH<\/li>\n<li>Boa comunica\u00e7\u00e3o<\/li>\n<li>Ser organizado(a) e proativo(a)<\/li>\n<li>Ter disposi\u00e7\u00e3o para aprender e somar com a equipe<\/li>\n<\/ul>\n<h3>\ud83d\udcb0 Benef\u00edcios<\/h3>\n<ul>\n<li>Bolsa aux\u00edlio: <strong>R$ 1.200,00<\/strong><\/li>\n<li>Vale-transporte: <strong>R$ 200,00<\/strong><\/li>\n<li>Jornada: <strong>6 horas di\u00e1rias, de segunda a sexta-feira<\/strong><\/li>\n<\/ul>\n<div><\/div>\n<h3>\ud83d\udce9 Como se candidatar<\/h3>\n<p>Envie seu curr\u00edculo para:<a href=\"https:\/\/otieu.com\/4\/9273740\"> <strong>julia@institutomartec.org.br<\/strong><\/a><\/p>\n<hr \/>\n<p><span style=\"font-size: 12pt;\"><strong>\ud83c\udf1f iBEE convida \ud83c\udf1f<br \/>\n\ud83e\udd1d Mutir\u00e3o do Emprego iBEE<br \/>\n\u00daLTIMO DE 2025<br \/>\n\ud83d\udcca 1.000 vagas<br \/>\n\ud83d\uddd3 Data: 16 de dezembro de 2025 (Ter\u00e7a-Feira)<br \/>\n\ud83d\udd59 Hor\u00e1rio: 10h \u00e0s 13h<br \/>\n\ud83d\udccd Local: Terminal Rodovi\u00e1rio de Ribeir\u00e3o Preto (Av. Jer\u00f4nimo Gon\u00e7alves, 640)<\/strong><\/span><\/p><div class='code-block code-block-8' style='margin: 8px auto; text-align: center; display: block; clear: both;'>\n<script>\n  atOptions = {\n    'key' : '66e2e2111ca34da796271819fc334058',\n    'format' : 'iframe',\n    'height' : 250,\n    'width' : 300,\n    'params' : {}\n  };\n<\/script>\n<script src=\"https:\/\/www.highperformanceformat.com\/66e2e2111ca34da796271819fc334058\/invoke.js\"><\/script>\n<\/div>\n\n<p>Confira outras vaga aqui:<br \/>\n<span style=\"font-size: 12pt;\">\u00a0*Auxiliar Administrativo* e de Faturamento R$ 2.500,00<\/span><br \/>\n<span style=\"font-size: 12pt;\">Cadastrar curr\u00edculo aqui:\u00a0<a href=\"https:\/\/forms.gle\/LPwsb65mhv3jnzXg8\">https:\/\/forms.gle\/LPwsb65mhv3jnzXg8<\/a><\/span><\/p>\n<p><span style=\"font-size: 12pt;\">\u00a0*Est\u00e1gio de Log\u00edstica*<\/span><br \/>\n<span style=\"font-size: 12pt;\">Cadastrar curr\u00edculo aqui:\u00a0<a href=\"https:\/\/forms.gle\/JAiUWqkWEGQEHV6dA\">https:\/\/forms.gle\/JAiUWqkWEGQEHV6dA<\/a><\/span><\/p>\n<p><span style=\"font-size: 12pt;\">\u00a0*Operador de Produ\u00e7\u00e3o* \u2013 R$ 2.800,00<\/span><br \/>\n<span style=\"font-size: 12pt;\">Cadastrar curr\u00edculo aqui:\u00a0<a href=\"https:\/\/forms.gle\/zDQ8xWzzAehdQcT4A\">https:\/\/forms.gle\/zDQ8xWzzAehdQcT4A<\/a><\/span><\/p>\n<p><span style=\"font-size: 12pt;\">\u00a0*Vendedor(a)\/Consultor(a) de Vendas* \u2013 R$ 2.000<\/span><br \/>\n<span style=\"font-size: 12pt;\">Cadastrar curr\u00edculo aqui:\u00a0<a href=\"https:\/\/forms.gle\/ufULrkLBSeKuRMqx5\">https:\/\/forms.gle\/ufULrkLBSeKuRMqx5<\/a><\/span><\/p>\n<p><span style=\"font-size: 12pt;\">\u00a0*Consultor (a) de LOCA\u00c7\u00c3O* \u2013 R$ 2.000,00<\/span><br \/>\n<span style=\"font-size: 12pt;\">Cadastrar curr\u00edculo aqui:\u00a0<a href=\"https:\/\/forms.gle\/57nT9fzq9xUWS8mA9\">https:\/\/forms.gle\/57nT9fzq9xUWS8mA9<\/a><\/span><\/p>\n<p><span style=\"font-size: 12pt;\">\u00a0*Auxiliar de Cozinheira* \u2013 R$ 2.000,00<\/span><br \/>\n<span style=\"font-size: 12pt;\">Cadastrar curr\u00edculo aqui:\u00a0<a href=\"https:\/\/wa.me\/5516991268411\">https:\/\/wa.me\/5516991268411<\/a><\/span><\/p>\n<p><span style=\"font-size: 12pt;\">\u00a0*Carregador de Frutas, Verduras e Legumes* \u2013 R$ 1.750,00 (CLT)<\/span><br \/>\n<span style=\"font-size: 12pt;\">Cadastrar curr\u00edculo aqui:\u00a0<a href=\"https:\/\/wa.me\/5516991268411\">https:\/\/wa.me\/5516991268411<\/a><\/span><\/p>\n<p><span style=\"font-size: 12pt;\">\u00a0*Assistente de Montagem* \u2013 R$ 1.800,00 (SEM EXPERI\u00caNCIA)<\/span><br \/>\n<span style=\"font-size: 12pt;\">Cadastrar curr\u00edculo aqui:\u00a0<a href=\"https:\/\/forms.gle\/19ug8Hc29nRB1C8t7\">https:\/\/forms.gle\/19ug8Hc29nRB1C8t7<\/a><\/span><\/p>\n<p><span style=\"font-size: 12pt;\">\u00a0*Analista Cont\u00e1bil *R$ 3.200,00*<\/span><br \/>\n<span style=\"font-size: 12pt;\">Cadastrar curr\u00edculo aqui:\u00a0<a href=\"https:\/\/forms.gle\/EM1Z5SgSbkaK91WA8\">https:\/\/forms.gle\/EM1Z5SgSbkaK91WA8<\/a><\/span><\/p>\n<p><span style=\"font-size: 12pt;\">\u00a0*Designer Gr\u00e1fico\/Atendimento* R$ 2.000<\/span><br \/>\n<span style=\"font-size: 12pt;\">Cadastrar curr\u00edculo aqui:\u00a0<a href=\"https:\/\/forms.gle\/vq2fknFJa4PW1kWf9\">https:\/\/forms.gle\/vq2fknFJa4PW1kWf9<\/a><\/span><\/p>\n<p><span style=\"font-size: 12pt;\">\u00a0*Executivo de Contas* +R$2.000<\/span><br \/>\n<span style=\"font-size: 12pt;\">Cadastrar curr\u00edculo aqui:\u00a0<a href=\"https:\/\/forms.gle\/CemMGJJRnWfUFL6D8\">https:\/\/forms.gle\/CemMGJJRnWfUFL6D8<\/a><\/span><\/p>\n<p><span style=\"font-size: 12pt;\">\u00a0*Vendedor(a) \u2013 Est\u00e9tica Automotiva* 2.000,00 +Comiss\u00e3o:<\/span><br \/>\n<span style=\"font-size: 12pt;\">Cadastrar curr\u00edculo aqui:\u00a0<a href=\"https:\/\/forms.gle\/iGSQxLPWjEAwfZp5A\">https:\/\/forms.gle\/iGSQxLPWjEAwfZp5A<\/a><\/span><\/p>\n<p><span style=\"font-size: 12pt;\">Vaga: Meio Oficial de Manuten\u00e7\u00e3o R$ 2.427+R$700 Campinas \u2013 SP<\/span><br \/>\n<span style=\"font-size: 12pt;\">Cadastrar curr\u00edculo aqui:\u00a0<a href=\"https:\/\/forms.gle\/NNqxqnyrAYeMPcVZA\">https:\/\/forms.gle\/NNqxqnyrAYeMPcVZA<\/a><\/span><\/p>\n<p><span style=\"font-size: 12pt;\">\u00a0Atendimento e Vendas (Uniformes Profissionais) 2.000,00 + 3% de comiss\u00e3o (sem teto!) Franca-SP<\/span><br \/>\n<span style=\"font-size: 12pt;\">Cadastrar curr\u00edculo aqui:\u00a0<a href=\"https:\/\/forms.gle\/mUCo3M9LVsgLR2bf8\">https:\/\/forms.gle\/mUCo3M9LVsgLR2bf8<\/a><\/span><\/p>\n<p><span style=\"font-size: 12pt;\">\u00a0Auxiliar de Corte \u2013 F\u00e1brica de Uniformes 2.000 Franca-SP<\/span><br \/>\n<span style=\"font-size: 12pt;\">Cadastrar curr\u00edculo aqui:\u00a0<a href=\"https:\/\/wa.me\/5516991268411\">https:\/\/wa.me\/5516991268411<\/a><\/span><\/p>\n<p><span style=\"font-size: 12pt;\">Cozinheiro (a) 2.000 a 3.000 Franca-SP<\/span><br \/>\n<span style=\"font-size: 12pt;\">Cadastrar curr\u00edculo aqui:\u00a0<a href=\"https:\/\/wa.me\/5516991268411\">https:\/\/wa.me\/5516991268411<\/a><\/span><\/p>\n<p><span style=\"font-size: 12pt;\">Auxiliar de Cozinha 2.000 Franca-SP<\/span><br \/>\n<span style=\"font-size: 12pt;\">Cadastrar curr\u00edculo aqui:\u00a0<a href=\"https:\/\/wa.me\/5516991268411\">https:\/\/wa.me\/5516991268411<\/a><\/span><\/p>\n<p><span style=\"font-size: 12pt;\">Lavador de pratos 2.000 Franca-SP<\/span><br \/>\n<span style=\"font-size: 12pt;\">Cadastrar curr\u00edculo aqui:\u00a0<a href=\"https:\/\/wa.me\/5516991268411\">https:\/\/wa.me\/5516991268411<\/a><\/span><\/p>\n<p><span style=\"font-size: 12pt;\">\u00a0VAGA DISPON\u00cdVEL \u2013 Auxiliar de M\u00eddias Sociais<\/span><br \/>\n<span style=\"font-size: 12pt;\">\u00a0Local: Franca-SP<\/span><br \/>\n<span style=\"font-size: 12pt;\">\u00a0Hor\u00e1rio: Segunda a Sexta, das 8h \u00e0s 18h<\/span><br \/>\n<span style=\"font-size: 12pt;\">\u00a0Sal\u00e1rio: R$ 2.200,00<\/span><br \/>\n<span style=\"font-size: 12pt;\">\u00a0Benef\u00edcios: Cesta b\u00e1sica, vale transporte e todos os direitos da CLT<\/span><br \/>\n<span style=\"font-size: 12pt;\">Enviar curr\u00edculo aqui:\u00a0<a href=\"https:\/\/forms.gle\/X6mK922oZZPinbXK9\">https:\/\/forms.gle\/X6mK922oZZPinbXK9<\/a><\/span><\/p>\n<p><span style=\"font-size: 12pt;\">\u00a0VAGA DISPON\u00cdVEL \u2013 Atendimento e Vendas (Uniformes Profissionais)<\/span><br \/>\n<span style=\"font-size: 12pt;\">\u00a0Local: Franca-SP<\/span><br \/>\n<span style=\"font-size: 12pt;\">\u00a0Hor\u00e1rio: Segunda a Sexta, das 8h \u00e0s 18h<\/span><br \/>\n<span style=\"font-size: 12pt;\">\u00a0Sal\u00e1rio: R$ 2.000,00 + 3% de comiss\u00e3o (sem teto!)<\/span><br \/>\n<span style=\"font-size: 12pt;\">\u00a0Interessados, enviem curr\u00edculo aqui: <a href=\"https:\/\/forms.gle\/mUCo3M9LVsgLR2bf8\">https:\/\/forms.gle\/mUCo3M9LVsgLR2bf8<\/a><\/span><\/p>\n<p><span style=\"font-size: 12pt;\">Vendedora Vaga Vendedora e-commerce<\/span><br \/>\n<span style=\"font-size: 12pt;\">Vaga feminina em S\u00e3o Paulo<\/span><br \/>\n<span style=\"font-size: 12pt;\">Pagamento: R$2.000,00 por m\u00eas<\/span><br \/>\n<span style=\"font-size: 12pt;\">Enviar curr\u00edculo aqui:\u00a0<a href=\"https:\/\/forms.gle\/uzMPDFF7ufBWZRGq5\">https:\/\/forms.gle\/uzMPDFF7ufBWZRGq5<\/a><\/span><\/p>\n<p><span style=\"font-size: 12pt;\">Estilista \/ Designer de Moda<\/span><br \/>\n<span style=\"font-size: 12pt;\">\u2022 Sal\u00e1rio: R$ 3.000,00<\/span><br \/>\n<span style=\"font-size: 12pt;\">\u2022 Bonifica\u00e7\u00e3o m\u00e9dia de R$ 400,00 (paga em dinheiro)<\/span><br \/>\n<span style=\"font-size: 12pt;\">\u2022 Vale-transporte: R$ 200,00 (pago em dinheiro)<\/span><br \/>\n<span style=\"font-size: 12pt;\">Enviar curr\u00edculo:\u00a0<a href=\"https:\/\/forms.gle\/grD4vRAi5m4FSg3N7\">https:\/\/forms.gle\/grD4vRAi5m4FSg3N7<\/a><\/span><\/p>\n<p><span style=\"font-size: 12pt;\">Vaga de Est\u00e1gio em Marketing Digital<\/span><br \/>\n<span style=\"font-size: 12pt;\">Bolsa: R$ 1.000,00<\/span><br \/>\n<span style=\"font-size: 12pt;\">Enviar curr\u00edculo:\u00a0<a href=\"https:\/\/forms.gle\/9xJD4EqaxoeFg8LH6\">https:\/\/forms.gle\/9xJD4EqaxoeFg8LH6<\/a><\/span><\/p>\n<p><span style=\"font-size: 12pt;\">Auxiliar de Vendas<\/span><br \/>\n<span style=\"font-size: 12pt;\">Local: Vila Virg\u00ednia (mudan\u00e7a prevista para Bonfim Paulista at\u00e9 novembro\/25) \u2013 trabalho presencial<\/span><br \/>\n<span style=\"font-size: 12pt;\">Hor\u00e1rio: 8h \u00e0s 17:48 (1h de almo\u00e7o)<\/span><br \/>\n<span style=\"font-size: 12pt;\">Sal\u00e1rio: R$ 2.011,00 + benef\u00edcios (vale alimenta\u00e7\u00e3o R$ 110,00, plano de sa\u00fade, vale academia, caf\u00e9 da manh\u00e3 e frutas no local)<\/span><br \/>\n<span style=\"font-size: 12pt;\">Enviar curr\u00edculo aqui:\u00a0<a href=\"https:\/\/forms.gle\/ahkGizQTycFJxFvV9\">https:\/\/forms.gle\/ahkGizQTycFJxFvV9<\/a><\/span><\/p>\n<p><span style=\"font-size: 12pt;\">Vaga para Social Media<\/span><br \/>\n<span style=\"font-size: 12pt;\">Sal\u00e1rio R$ 2.000,00<\/span><br \/>\n<span style=\"font-size: 12pt;\">Enviar curr\u00edculo:\u00a0<a href=\"https:\/\/forms.gle\/ZvhFMfFH9keDprHDA\">https:\/\/forms.gle\/ZvhFMfFH9keDprHDA<\/a><\/span><\/p>\n<p><span style=\"font-size: 12pt;\">VAGA PARA VIDEOMAKER<\/span><br \/>\n<span style=\"font-size: 12pt;\">Sal\u00e1rio: \u2013 R$ 2.000,00<\/span><br \/>\n<span style=\"font-size: 12pt;\">Enviar curr\u00edculo aqui:\u00a0<a href=\"https:\/\/forms.gle\/zHpyYFnahUWPiNfP9\">https:\/\/forms.gle\/zHpyYFnahUWPiNfP9<\/a><\/span><\/p>\n<p><span style=\"font-size: 12pt;\">VAGA PARA ATENDENTE \u2013 (Ribeir\u00e3o Preto\/SP)<\/span><br \/>\n<span style=\"font-size: 12pt;\">\u00a0Sal\u00e1rio: R$ 1.921,00 + R$ 335,00 (vale-alimenta\u00e7\u00e3o)<\/span><br \/>\n<span style=\"font-size: 12pt;\">N\u00e3o precisa de experi\u00eancia<\/span><br \/>\n<span style=\"font-size: 12pt;\">Enviar curriculo aqui:\u00a0<a href=\"https:\/\/forms.gle\/bFb65LzbaFpag1zX7\">https:\/\/forms.gle\/bFb65LzbaFpag1zX7<\/a><\/span><\/p>\n<p><span style=\"font-size: 12pt;\">Gerente de Relacionamento PJ*<\/span><br \/>\n<span style=\"font-size: 12pt;\">*Remunera\u00e7\u00e3o: R$ 6.300,00 + pacote de benef\u00edcios* * S\u00f3lida experi\u00eancia no atendimento e relacionamento com clientes empresariais (PJ ou Agro) \u00a0Interessados devem fazer a inscri\u00e7\u00e3o no site\u00a0<a href=\"https:\/\/forms.gle\/KqZGQU6Gx6dm4ZA19\">https:\/\/forms.gle\/KqZGQU6Gx6dm4ZA19<\/a><\/span><\/p>\n<p><span style=\"font-size: 12pt;\">\u00a0VAGA ABERTA \u2013 CONSULTOR(A) DE VIAGEM (LAZER)<\/span><br \/>\n<span style=\"font-size: 12pt;\">\u00a0Remunera\u00e7\u00e3o: R$ 2.000,00 fixo + R$ 300,00 de VR + Comiss\u00f5es<\/span><br \/>\n<span style=\"font-size: 12pt;\">Enviar aqui:\u00a0<a href=\"https:\/\/forms.gle\/7MH5caBz9sNScMnY8\">https:\/\/forms.gle\/7MH5caBz9sNScMnY8<\/a><\/span><\/p>\n<p><span style=\"font-size: 12pt;\">\u00a0VAGA PARA AUXILIAR DE IMPRESS\u00c3O \u2013 *SEM EXPERI\u00caNCIA*<\/span><br \/>\n<span style=\"font-size: 12pt;\">\u00a0F\u00e1brica de Uniformes Esportivos \u2013 Ribeir\u00e3o Preto\/SP<\/span><br \/>\n<span style=\"font-size: 12pt;\">\u00a0Sal\u00e1rio: 1.518<\/span><br \/>\n<span style=\"font-size: 12pt;\">Mandar curr\u00edculo aqui:<a href=\"https:\/\/forms.gle\/BoqaQucqsWyt1jPYA\">\u00a0https:\/\/forms.gle\/BoqaQucqsWyt1jPYA<\/a><\/span><\/p>\n<p><span style=\"font-size: 12pt;\">Vaga para *Dom\u00e9stica em Ribeir\u00e3o Preto \u2013 SP*<\/span><br \/>\n<span style=\"font-size: 12pt;\">Sal\u00e1rio: *R$ 2.000,00 mensais* + vale-transporte.<\/span><br \/>\n<span style=\"font-size: 12pt;\">Enviar curr\u00edculo aqui:\u00a0<a href=\"https:\/\/forms.gle\/1LRajPW6Vavj2aUp8\">https:\/\/forms.gle\/1LRajPW6Vavj2aUp8<\/a><\/span><\/p>\n<p data-start=\"837\" data-end=\"872\"><span style=\"font-size: 12pt;\">VAGA PARA DOM\u00c9STICA \u2013 CASA DE FAM\u00cdLIA (R$ 2.500,00)<\/span><br \/>\n<span style=\"font-size: 12pt;\"><a href=\"https:\/\/forms.gle\/CVMR1w9dhdAL2mEA6\">https:\/\/forms.gle\/CVMR1w9dhdAL2mEA6<\/a><\/span><\/p>\n<p><span style=\"font-size: 12pt;\">\u00a0Assistente de Montagem,<\/span><br \/>\n<span style=\"font-size: 12pt;\"><a href=\"https:\/\/forms.gle\/JTpv9BXMmeQZrvLm7\">https:\/\/forms.gle\/JTpv9BXMmeQZrvLm7<\/a><\/span><\/p>\n<p><span style=\"font-size: 12pt;\">Eletricista Industrial<\/span><br \/>\n<span style=\"font-size: 12pt;\"><a href=\"https:\/\/forms.gle\/8nAoWg86DLUAdStB6\">https:\/\/forms.gle\/8nAoWg86DLUAdStB6<\/a><\/span><\/p>\n<p><span style=\"font-size: 12pt;\">\u00a0Mec\u00e2nico de Ar-Condicionado<\/span><br \/>\n<span style=\"font-size: 12pt;\"><a href=\"https:\/\/forms.gle\/txRdAQRiB8emfvsR8\">https:\/\/forms.gle\/txRdAQRiB8emfvsR8<\/a><\/span><\/p>\n<p><span style=\"font-size: 12pt;\">\u00a0Auxiliar de limpeza<\/span><br \/>\n<span style=\"font-size: 12pt;\"><a href=\"https:\/\/forms.gle\/99XnJsnzXx8BSBnu8\">https:\/\/forms.gle\/99XnJsnzXx8BSBnu8<\/a><\/span><\/p>\n<p><span style=\"font-size: 12pt;\">\u00a0Auxiliar Administrativo<\/span><br \/>\n<span style=\"font-size: 12pt;\"><a href=\"https:\/\/forms.gle\/99XnJsnzXx8BSBnu8\">https:\/\/forms.gle\/99XnJsnzXx8BSBnu8<\/a><\/span><\/p>\n<p><span style=\"font-size: 12pt;\">\u00a0Auxiliar de Produ\u00e7\u00e3o<\/span><br \/>\n<span style=\"font-size: 12pt;\"><a href=\"https:\/\/forms.gle\/99XnJsnzXx8BSBnu8\">https:\/\/forms.gle\/99XnJsnzXx8BSBnu8<\/a><\/span><\/p>\n<p><span style=\"font-size: 12pt;\">\u00a0Portaria<\/span><br \/>\n<span style=\"font-size: 12pt;\"><a href=\"https:\/\/forms.gle\/99XnJsnzXx8BSBnu8\">https:\/\/forms.gle\/99XnJsnzXx8BSBnu8<\/a><\/span><\/p>\n<p><span style=\"font-size: 12pt;\">\u00a0Vigilante<\/span><br \/>\n<span style=\"font-size: 12pt;\"><a href=\"https:\/\/forms.gle\/99XnJsnzXx8BSBnu8\">https:\/\/forms.gle\/99XnJsnzXx8BSBnu8<\/a><\/span><\/p>\n<p><span style=\"font-size: 12pt;\">\u00a0Atendente<\/span><br \/>\n<span style=\"font-size: 12pt;\"><a href=\"https:\/\/forms.gle\/99XnJsnzXx8BSBnu8\">https:\/\/forms.gle\/99XnJsnzXx8BSBnu8<\/a><\/span><\/p>\n<p><span style=\"font-size: 12pt;\">\u00a0Balconista<\/span><br \/>\n<span style=\"font-size: 12pt;\"><a href=\"https:\/\/forms.gle\/99XnJsnzXx8BSBnu8\">https:\/\/forms.gle\/99XnJsnzXx8BSBnu8<\/a><\/span><\/p>\n<p><span style=\"font-size: 12pt;\">\u00a0Cozinheira<\/span><br \/>\n<span style=\"font-size: 12pt;\"><a href=\"https:\/\/forms.gle\/99XnJsnzXx8BSBnu8\">https:\/\/forms.gle\/99XnJsnzXx8BSBnu8<\/a><\/span><\/p>\n<p><span style=\"font-size: 12pt;\">\u00a0Auxiliar de Log\u00edstica<\/span><br \/>\n<span style=\"font-size: 12pt;\"><a href=\"https:\/\/forms.gle\/99XnJsnzXx8BSBnu8\">https:\/\/forms.gle\/99XnJsnzXx8BSBnu8<\/a><\/span><\/p>\n<p><span style=\"font-size: 12pt;\">\u00a0Operadora de Caixa<\/span><br \/>\n<span style=\"font-size: 12pt;\"><a href=\"https:\/\/forms.gle\/99XnJsnzXx8BSBnu8\">https:\/\/forms.gle\/99XnJsnzXx8BSBnu8<\/a><\/span><\/p>\n<p><span style=\"font-size: 12pt;\">\u00a0Vaga\u00a0 para Analista de Departamento Pessoal<\/span><br \/>\n<span style=\"font-size: 12pt;\">Sal\u00e1rio: R$ 2.500,00 + R$ 500,00 de ajuda de custo + Vale Alimenta\u00e7\u00e3o de R$ 500,00<\/span><br \/>\n<span style=\"font-size: 12pt;\">Enviar curr\u00edculo aqui:\u00a0<a href=\"https:\/\/forms.gle\/CUoCh97UQQp3A5Jq8\">https:\/\/forms.gle\/CUoCh97UQQp3A5Jq8<\/a><\/span><\/p>\n<p><span style=\"font-size: 12pt;\">\u00a0Vaga\u00a0 para Analista de Marketing<\/span><br \/>\n<span style=\"font-size: 12pt;\"><a href=\"https:\/\/forms.gle\/BvjcQvCXUBLv9L3N8\">https:\/\/forms.gle\/BvjcQvCXUBLv9L3N8<\/a><\/span><\/p>\n<p><span style=\"font-size: 12pt;\">\u00a0Vaga\u00a0 para\u00a0 BAB\u00c1<\/span><br \/>\n<span style=\"font-size: 12pt;\"><a href=\"https:\/\/forms.gle\/Tc1yACuxMwoz4omk7\">https:\/\/forms.gle\/Tc1yACuxMwoz4omk7<\/a><\/span><\/p>\n<p><span style=\"font-size: 12pt;\">\u00a0Vaga\u00a0 para Auxiliar de Montagem,<\/span><br \/>\n<span style=\"font-size: 12pt;\"><a href=\"https:\/\/forms.gle\/JTpv9BXMmeQZrvLm7\">https:\/\/forms.gle\/JTpv9BXMmeQZrvLm7<\/a><\/span><\/p>\n<p><span style=\"font-size: 12pt;\">\u00a0Vaga\u00a0 para Eletricista Industrial<\/span><br \/>\n<span style=\"font-size: 12pt;\"><a href=\"https:\/\/forms.gle\/JTpv9BXMmeQZrvLm7\">https:\/\/forms.gle\/JTpv9BXMmeQZrvLm7<\/a><\/span><\/p>\n<p><span style=\"font-size: 12pt;\">\u00a0Vaga\u00a0 para Mec\u00e2nico de Ar-Condicionado<\/span><br \/>\n<span style=\"font-size: 12pt;\"><a href=\"https:\/\/forms.gle\/JTpv9BXMmeQZrvLm7\">https:\/\/forms.gle\/JTpv9BXMmeQZrvLm7<\/a><\/span><\/p>\n<p><span style=\"font-size: 12pt;\">\u00a0Vaga\u00a0 para Analista de Cobran\u00e7a e Atendimento a Clientes<\/span><br \/>\n<span style=\"font-size: 12pt;\">Sal\u00e1rio: R$ 2.300,00 + VA R$ 570,00 + Vale Transporte<\/span><br \/>\n<span style=\"font-size: 12pt;\"><a href=\"https:\/\/forms.gle\/djFwScRb1wvJ4wCx8\">https:\/\/forms.gle\/djFwScRb1wvJ4wCx8<\/a><\/span><\/p>\n<p><span style=\"font-size: 12pt;\">Vaga\u00a0 para Consultora de LOCA\u00c7\u00c3O<\/span><br \/>\n<span style=\"font-size: 12pt;\">\u00a0Sal\u00e1rio inicial: R$ 2.000,00 + VA R$ 570,00 + VT<\/span><br \/>\n<span style=\"font-size: 12pt;\"><a href=\"https:\/\/forms.gle\/57nT9fzq9xUWS8mA9\">https:\/\/forms.gle\/57nT9fzq9xUWS8mA9<\/a><\/span><\/p>\n<p><span style=\"font-size: 12pt;\">Vaga\u00a0 para\u00a0 Confeiteiro(a)<\/span><br \/>\n<span style=\"font-size: 12pt;\">Sal\u00e1rio: R$ 2.650,00 + Vale-Refei\u00e7\u00e3o de R$ 190,00<\/span><br \/>\n<span style=\"font-size: 12pt;\">Mandar curr\u00edculo aqui:\u00a0<a href=\"https:\/\/forms.gle\/Gi2bbdRn5WPywxSU7\">https:\/\/forms.gle\/Gi2bbdRn5WPywxSU7<\/a><\/span><\/p>\n<p><span style=\"font-size: 12pt;\">\u00a0Vaga\u00a0 para\u00a0 Balconista<\/span><br \/>\n<span style=\"font-size: 12pt;\">Sal\u00e1rio: R$ 1.945,00 + Vale-Refei\u00e7\u00e3o de R$ 190,00<\/span><br \/>\n<span style=\"font-size: 12pt;\">Enviar curr\u00edculo aqui:\u00a0<a href=\"https:\/\/forms.gle\/FwRCcEair8zLdRRV7\">https:\/\/forms.gle\/FwRCcEair8zLdRRV7<\/a><\/span><\/p>\n<p><span style=\"font-size: 12pt;\">\u00a0Vaga\u00a0 para Padeiro<\/span><br \/>\n<span style=\"font-size: 12pt;\">Sal\u00e1rio: R$ 2.750,00 + Vale-Refei\u00e7\u00e3o de R$ 350,00<\/span><br \/>\n<span style=\"font-size: 12pt;\">Enviar curr\u00edculo aqui:\u00a0<a href=\"https:\/\/forms.gle\/oCFWMWRoSSDvv8CdA\">https:\/\/forms.gle\/oCFWMWRoSSDvv8CdA<\/a><\/span><\/p>\n<p><span style=\"font-size: 12pt;\">Vaga de Est\u00e1gio Comercial Bolsa de R$ 1.000, clique aqui:<\/span><br \/>\n<span style=\"font-size: 12pt;\"><a href=\"https:\/\/forms.gle\/wXsx4QT5bw75jpvh9\">https:\/\/forms.gle\/wXsx4QT5bw75jpvh9<\/a><\/span><\/p>\n<p><span style=\"font-size: 12pt;\">Supervisora de Sal\u00e3o (Restaurante)em Franca Sal\u00e1rio de R$2,5 mil, clique aqui:<\/span><br \/>\n<span style=\"font-size: 12pt;\"><a href=\"https:\/\/forms.gle\/oRuov6MoNpSN3QfN9\">https:\/\/forms.gle\/oRuov6MoNpSN3QfN9<\/a><\/span><\/p>\n<p><span style=\"font-size: 12pt;\">Analista de Engenharia Sal\u00e1rio: R$ 3.500 a R$ 4.200, clique aqui:<\/span><br \/>\n<span style=\"font-size: 12pt;\"><a href=\"https:\/\/forms.gle\/jTaVAjymrWbBRm5k6\">https:\/\/forms.gle\/jTaVAjymrWbBRm5k6<\/a><\/span><\/p>\n<p><span style=\"font-size: 12pt;\">Recepcionista \u2013 Sal\u00e1rio R$ 2.000, clique aqui:<\/span><br \/>\n<span style=\"font-size: 12pt;\"><a href=\"https:\/\/forms.gle\/GG35ape6Ux6HrLy87\">https:\/\/forms.gle\/GG35ape6Ux6HrLy87<\/a><\/span><\/p>\n<p><span style=\"font-size: 12pt;\">BALCONISTA \u2013 *Sal\u00e1rio: R$ 1.202,40* Escala 5\u00d72 \u2013 Folga duas vez por semana conforme escala<\/span><br \/>\n<span style=\"font-size: 12pt;\">*PARA MORADORES DE RIBEIRAO PRETO, SERRANA E CRAVINHOS* clique aqui:<\/span><br \/>\n<span style=\"font-size: 12pt;\"><a href=\"https:\/\/forms.gle\/6XmBndWVvEwrqMtU7\">https:\/\/forms.gle\/6XmBndWVvEwrqMtU7<\/a><\/span><\/p>\n<p><span style=\"font-size: 12pt;\">AUXILIAR DE OPERA\u00c7\u00d5ES \u2013 Sal\u00e1rio R$ 2.224 +190 VA, clique aqui:<\/span><br \/>\n<span style=\"font-size: 12pt;\"><a href=\"https:\/\/forms.gle\/DTfr7CzzRHneD1a46\">https:\/\/forms.gle\/DTfr7CzzRHneD1a46<\/a><\/span><\/p>\n<p><span style=\"font-size: 12pt;\">Executivo de Vendas Interno<\/span><br \/>\n<span style=\"font-size: 12pt;\"><a href=\"https:\/\/forms.gle\/6AVDrb1tGXsqhm8G9\">https:\/\/forms.gle\/6AVDrb1tGXsqhm8G9<\/a><\/span><\/p>\n<p><span style=\"font-size: 12pt;\">Assistente ou Analista Cont\u00e1bil \u00a0\u00a0Sal\u00e1rio: R$ 3.000,00 a R$ 3.500,00<\/span><br \/>\n<span style=\"font-size: 12pt;\"><a href=\"https:\/\/forms.gle\/5UMXvnshuGxyRBqq9\">https:\/\/forms.gle\/5UMXvnshuGxyRBqq9<\/a><\/span><\/p>\n<p><span style=\"font-size: 12pt;\">VAGA DE JARDINEIRO OU AUXILIAR DE JARDINAGEM \u2013 IN\u00cdCIO IMEDIATO!\u00a0<\/span><br \/>\n<span style=\"font-size: 12pt;\">\u00a0Sal\u00e1rio inicial: R$ 1.800,00<\/span><br \/>\n<span style=\"font-size: 12pt;\">NECESS\u00c1RIO TER CNH AB ATIVA \u2013 SEM EXPERI\u00caNCIA<\/span><br \/>\n<span style=\"font-size: 12pt;\">Para moradores de Ribeir\u00e3o Preto, Cravinhos, Serrana, Jardin\u00f3polis<\/span><br \/>\n<span style=\"font-size: 12pt;\">Manda Curr\u00edculo aqui:\u00a0<a href=\"https:\/\/forms.gle\/gqa54rQkqfgPbhpu5\">https:\/\/forms.gle\/gqa54rQkqfgPbhpu5<\/a><\/span><\/p>\n<p><span style=\"font-size: 12pt;\">Carregador \u2013 Carga e Descarga<\/span><br \/>\n<span style=\"font-size: 12pt;\">Sal\u00e1rio: R$ 1.750,00 (CLT)<\/span><br \/>\n<span style=\"font-size: 12pt;\">Enviar curr\u00edculo para Ismael Colosi aqui:\u00a0<a href=\"https:\/\/forms.gle\/LxyJxvBsiBdtrreB9\">https:\/\/forms.gle\/LxyJxvBsiBdtrreB9<\/a><\/span><\/p>\n<p data-start=\"453\" data-end=\"1139\"><span style=\"font-size: 12pt;\">Assistente ou Analista Cont\u00e1bil \u00a0\u00a0Sal\u00e1rio: R$ 3.000,00 a R$ 3.500,00<\/span><br \/>\n<span style=\"font-size: 12pt;\"><a href=\"https:\/\/forms.gle\/5UMXvnshuGxyRBqq9\">https:\/\/forms.gle\/5UMXvnshuGxyRBqq9<\/a><\/span><\/p>\n<p data-start=\"1141\" data-end=\"1365\"><span style=\"font-size: 12pt;\">\u00a0Acompanhe tamb\u00e9m pelo Instagram: <a href=\"https:\/\/www.instagram.com\/ismaelcolosi\/\" target=\"_new\" rel=\"noopener\" data-start=\"1177\" data-end=\"1233\">@ismaelcolosi<\/a><\/span><br data-start=\"1233\" data-end=\"1236\" \/><span style=\"font-size: 12pt;\">\u00a0Entre no nosso <strong data-start=\"1254\" data-end=\"1284\">Grupo de Vagas no WhatsApp<\/strong>:\u00a0<a href=\"https:\/\/chat.whatsapp.com\/BqP1oF0kIW4843Ko1qXXaO\" target=\"_new\" rel=\"noopener\" data-start=\"1286\" data-end=\"1365\">Clique aqui para participar<\/a><\/span><\/p>\n<div class='code-block code-block-4' style='margin: 8px auto 8px 0; text-align: left; display: block; clear: both;'>\n\ud83d\udce2 Aviso Legal\n\nO site ismaelcolosi.com.br atua apenas como um canal de divulga\u00e7\u00e3o de oportunidades de emprego e n\u00e3o se responsabiliza pelo processo seletivo, contrata\u00e7\u00e3o ou qualquer outra etapa relacionada \u00e0s vagas publicadas. Todas as informa\u00e7\u00f5es s\u00e3o de responsabilidade dos anunciantes.\n\n\u26a0\ufe0f Aten\u00e7\u00e3o! Nunca pague por promessas de emprego nem compre cursos que garantam contrata\u00e7\u00e3o. Desconfie de qualquer cobran\u00e7a para participar de sele\u00e7\u00f5es.\n\n\n\n<\/div>\n<!-- CONTENT END 1 -->\n","protected":false},"excerpt":{"rendered":"<p>\ud83d\udccc Vaga de Est\u00e1gio \u2013 Administrativo \ud83c\udfe2 Oportunidade Estagi\u00e1rio(a) Administrativo \u2705 Requisitos Cursando t\u00e9cnico em Administra\u00e7\u00e3o\/RH ou superior em Administra\u00e7\u00e3o\/RH Boa comunica\u00e7\u00e3o Ser organizado(a) e&#8230;<\/p>\n","protected":false},"author":5,"featured_media":88504,"comment_status":"closed","ping_status":"open","sticky":false,"template":"","format":"standard","meta":{"_uag_custom_page_level_css":"","advanced_seo_description":"","jetpack_seo_html_title":"","jetpack_seo_noindex":false,"jetpack_post_was_ever_published":false,"_jetpack_newsletter_access":"","_jetpack_dont_email_post_to_subs":false,"_jetpack_newsletter_tier_id":0,"_jetpack_memberships_contains_paywalled_content":false,"_jetpack_memberships_contains_paid_content":false,"footnotes":"","jetpack_publicize_message":"","jetpack_publicize_feature_enabled":true,"jetpack_social_post_already_shared":true,"jetpack_social_options":{"image_generator_settings":{"template":"highway","default_image_id":0,"font":"","enabled":false},"version":2}},"categories":[3598],"tags":[],"class_list":["post-88503","post","type-post","status-publish","format-standard","has-post-thumbnail","hentry","category-empregos-classificados-vagas-trabalho"],"jetpack_publicize_connections":[],"jetpack_featured_media_url":"https:\/\/i0.wp.com\/ismaelcolosi.com.br\/wp-content\/uploads\/2025\/12\/474533593_1956390204884985_5258396150264523844_n.jpg?fit=640%2C427&ssl=1","uagb_featured_image_src":{"full":["https:\/\/i0.wp.com\/ismaelcolosi.com.br\/wp-content\/uploads\/2025\/12\/474533593_1956390204884985_5258396150264523844_n.jpg?fit=640%2C427&ssl=1",640,427,false],"thumbnail":["https:\/\/i0.wp.com\/ismaelcolosi.com.br\/wp-content\/uploads\/2025\/12\/474533593_1956390204884985_5258396150264523844_n.jpg?resize=150%2C150&ssl=1",150,150,true],"medium":["https:\/\/i0.wp.com\/ismaelcolosi.com.br\/wp-content\/uploads\/2025\/12\/474533593_1956390204884985_5258396150264523844_n.jpg?fit=300%2C200&ssl=1",300,200,true],"medium_large":["https:\/\/i0.wp.com\/ismaelcolosi.com.br\/wp-content\/uploads\/2025\/12\/474533593_1956390204884985_5258396150264523844_n.jpg?fit=640%2C427&ssl=1",640,427,true],"large":["https:\/\/i0.wp.com\/ismaelcolosi.com.br\/wp-content\/uploads\/2025\/12\/474533593_1956390204884985_5258396150264523844_n.jpg?fit=640%2C427&ssl=1",640,427,true],"1536x1536":["https:\/\/i0.wp.com\/ismaelcolosi.com.br\/wp-content\/uploads\/2025\/12\/474533593_1956390204884985_5258396150264523844_n.jpg?fit=640%2C427&ssl=1",640,427,true],"2048x2048":["https:\/\/i0.wp.com\/ismaelcolosi.com.br\/wp-content\/uploads\/2025\/12\/474533593_1956390204884985_5258396150264523844_n.jpg?fit=640%2C427&ssl=1",640,427,true],"really-simple-thumb":["https:\/\/i0.wp.com\/ismaelcolosi.com.br\/wp-content\/uploads\/2025\/12\/474533593_1956390204884985_5258396150264523844_n.jpg?resize=370%2C247&ssl=1",370,247,true]},"uagb_author_info":{"display_name":"Arthur Tijolo","author_link":"https:\/\/ismaelcolosi.com.br\/index.php\/author\/autor-2024\/"},"uagb_comment_info":0,"uagb_excerpt":"\ud83d\udccc Vaga de Est\u00e1gio \u2013 Administrativo \ud83c\udfe2 Oportunidade Estagi\u00e1rio(a) Administrativo \u2705 Requisitos Cursando t\u00e9cnico em Administra\u00e7\u00e3o\/RH ou superior em Administra\u00e7\u00e3o\/RH Boa comunica\u00e7\u00e3o Ser organizado(a) e...","jetpack-related-posts":[{"id":82804,"url":"https:\/\/ismaelcolosi.com.br\/index.php\/2025\/02\/11\/11-vagas-de-estagio-para-ribeirao-preto-e-regiao-com-salarios-de-r70000-a-r1-50000\/","url_meta":{"origin":88503,"position":0},"title":"11 Vagas de Est\u00e1gio para Ribeir\u00e3o Preto e Regi\u00e3o, com Sal\u00e1rios de R$700,00 a R$1.500,00","author":"Arthur Tijolo","date":"11 de February de 2025","format":false,"excerpt":"Desempenhar bem em um est\u00e1gio \u00e9 crucial para ganhar experi\u00eancia e abrir portas para futuras oportunidades. Aqui est\u00e3o tr\u00eas dicas para se destacar: Proatividade e Iniciativa: N\u00e3o espere que todas as tarefas sejam atribu\u00eddas a voc\u00ea. Mostre interesse em aprender e ofere\u00e7a-se para ajudar em diferentes projetos. Isso demonstra seu\u2026","rel":"","context":"In &quot;Entrevistas para est\u00e1gio e jovem aprendiz agendadas para hoje em Ribeir\u00e3o Preto-SP&quot;","block_context":{"text":"Entrevistas para est\u00e1gio e jovem aprendiz agendadas para hoje em Ribeir\u00e3o Preto-SP","link":"https:\/\/ismaelcolosi.com.br\/index.php\/category\/empregos-classificados-vagas-trabalho\/vagas-de-empregos-em-ribeirao-preto-regiao-brasil\/entrevistas-para-estagio-e-jovem-aprendiz-agendadas-para-hoje-em-ribeirao-preto-sp\/"},"img":{"alt_text":"","src":"https:\/\/i0.wp.com\/ismaelcolosi.com.br\/wp-content\/uploads\/2025\/02\/freepik__the-style-is-candid-image-photography-with-natural__72915.png?fit=896%2C1152&ssl=1&resize=350%2C200","width":350,"height":200,"srcset":"https:\/\/i0.wp.com\/ismaelcolosi.com.br\/wp-content\/uploads\/2025\/02\/freepik__the-style-is-candid-image-photography-with-natural__72915.png?fit=896%2C1152&ssl=1&resize=350%2C200 1x, https:\/\/i0.wp.com\/ismaelcolosi.com.br\/wp-content\/uploads\/2025\/02\/freepik__the-style-is-candid-image-photography-with-natural__72915.png?fit=896%2C1152&ssl=1&resize=525%2C300 1.5x, https:\/\/i0.wp.com\/ismaelcolosi.com.br\/wp-content\/uploads\/2025\/02\/freepik__the-style-is-candid-image-photography-with-natural__72915.png?fit=896%2C1152&ssl=1&resize=700%2C400 2x"},"classes":[]},{"id":89947,"url":"https:\/\/ismaelcolosi.com.br\/index.php\/2026\/04\/22\/vaga-de-estagio-na-area-de-tecnologia-com-r1-20000-exclusiva-para-home-office-mais-quase-mil-reais-em-beneficios-confira-mais-informacoes\/","url_meta":{"origin":88503,"position":1},"title":"[Vaga preenchida]Vaga de Est\u00e1gio em Tecnologia,Home Office, com bolsa de R$1.200 e quase R$1.000 de benef\u00edcios.","author":"Arthur Tijolo","date":"22 de April de 2026","format":false,"excerpt":"\ud83d\ude80 Est\u00e1gio em Projetos \u2013 Home Office\u00a0 \ud83d\udd39 O que voc\u00ea vai fazer: Apoiar na gest\u00e3o de projetos (cronogramas, custos, indicadores). Trabalhar com metodologias \u00e1geis (Scrum\/Kanban). Desenvolver planilhas e acompanhar fornecedores. Participar de um projeto de est\u00e1gio com mentoria. \ud83d\udd39 Requisitos: Estar cursando Administra\u00e7\u00e3o, Economia, Engenharias, Tecnologia ou \u00e1reas correlatas.\u2026","rel":"","context":"In &quot;Vagas de Emprego Remoto - Home Office&quot;","block_context":{"text":"Vagas de Emprego Remoto - Home Office","link":"https:\/\/ismaelcolosi.com.br\/index.php\/category\/empregos-classificados-vagas-trabalho\/vagas-de-empregos-em-ribeirao-preto-regiao-brasil\/vagas-de-emprego-para-trabalhar-de-casa-home-office-remoto\/"},"img":{"alt_text":"","src":"https:\/\/i0.wp.com\/ismaelcolosi.com.br\/wp-content\/uploads\/2026\/04\/20250612_1215_Mudanca-de-Cores_remix_01jxjb9g2genw9daxdvaf973a7.png?fit=800%2C1200&ssl=1&resize=350%2C200","width":350,"height":200,"srcset":"https:\/\/i0.wp.com\/ismaelcolosi.com.br\/wp-content\/uploads\/2026\/04\/20250612_1215_Mudanca-de-Cores_remix_01jxjb9g2genw9daxdvaf973a7.png?fit=800%2C1200&ssl=1&resize=350%2C200 1x, https:\/\/i0.wp.com\/ismaelcolosi.com.br\/wp-content\/uploads\/2026\/04\/20250612_1215_Mudanca-de-Cores_remix_01jxjb9g2genw9daxdvaf973a7.png?fit=800%2C1200&ssl=1&resize=525%2C300 1.5x, https:\/\/i0.wp.com\/ismaelcolosi.com.br\/wp-content\/uploads\/2026\/04\/20250612_1215_Mudanca-de-Cores_remix_01jxjb9g2genw9daxdvaf973a7.png?fit=800%2C1200&ssl=1&resize=700%2C400 2x"},"classes":[]},{"id":88516,"url":"https:\/\/ismaelcolosi.com.br\/index.php\/2025\/12\/12\/vaga-aberta-para-comprador-na-construcao-civil-com-salario-de-r3-500-e-chances-de-crescimento\/","url_meta":{"origin":88503,"position":2},"title":"Vaga aberta para Comprador na Constru\u00e7\u00e3o Civil, com salario de R$3.500 e chances de crescimento.","author":"Arthur Tijolo","date":"12 de December de 2025","format":false,"excerpt":"\ud83d\udccc Vaga para Comprador na \u00e1rea de Constru\u00e7\u00e3o Civil \ud83d\udee0 Responsabilidades Realizar negocia\u00e7\u00f5es com fornecedores e prestadores de servi\u00e7os Gerenciar processos de compras de materiais e insumos da constru\u00e7\u00e3o civil Controlar prazos de entrega e qualidade dos produtos adquiridos Apoiar o planejamento de obras, garantindo custo-benef\u00edcio e efici\u00eancia \ud83c\udfaf Requisitos\u2026","rel":"","context":"In &quot;Vagas de Emprego em Ribeir\u00e3o Preto-SP&quot;","block_context":{"text":"Vagas de Emprego em Ribeir\u00e3o Preto-SP","link":"https:\/\/ismaelcolosi.com.br\/index.php\/category\/empregos-classificados-vagas-trabalho\/vagas-de-empregos-em-ribeirao-preto-regiao-brasil\/"},"img":{"alt_text":"","src":"https:\/\/i0.wp.com\/ismaelcolosi.com.br\/wp-content\/uploads\/2025\/12\/474445751_1956389254885080_5015843430235700133_n.jpg?fit=1080%2C1068&ssl=1&resize=350%2C200","width":350,"height":200,"srcset":"https:\/\/i0.wp.com\/ismaelcolosi.com.br\/wp-content\/uploads\/2025\/12\/474445751_1956389254885080_5015843430235700133_n.jpg?fit=1080%2C1068&ssl=1&resize=350%2C200 1x, https:\/\/i0.wp.com\/ismaelcolosi.com.br\/wp-content\/uploads\/2025\/12\/474445751_1956389254885080_5015843430235700133_n.jpg?fit=1080%2C1068&ssl=1&resize=525%2C300 1.5x, https:\/\/i0.wp.com\/ismaelcolosi.com.br\/wp-content\/uploads\/2025\/12\/474445751_1956389254885080_5015843430235700133_n.jpg?fit=1080%2C1068&ssl=1&resize=700%2C400 2x, https:\/\/i0.wp.com\/ismaelcolosi.com.br\/wp-content\/uploads\/2025\/12\/474445751_1956389254885080_5015843430235700133_n.jpg?fit=1080%2C1068&ssl=1&resize=1050%2C600 3x"},"classes":[]},{"id":89071,"url":"https:\/\/ismaelcolosi.com.br\/index.php\/2026\/02\/05\/28-vagas-de-estagio-em-ribeirao-preto-para-ensino-medio-e-superior-com-salarios-de-ate-r-1-50000-mais-beneficios\/","url_meta":{"origin":88503,"position":3},"title":"28 Vagas de Est\u00e1gio em Ribeir\u00e3o Preto. Para ensino m\u00e9dio e superior com sal\u00e1rios de at\u00e9 R$ 1.500,00 mais benef\u00edcios","author":"Arthur Tijolo","date":"5 de February de 2026","format":false,"excerpt":"\ud83c\udf1f Novas Vagas de Est\u00e1gio \ud83c\udf1f \ud83c\udf93 Ensino Superior \/ T\u00e9cnico Assistente Fiscal e Cont\u00e1bil (Foco Tecnologia) \u23f0 09h \u00e0s 16h | \ud83d\udcb0 R$ 1.500,00 + Alimenta\u00e7\u00e3o R$ 250 + Transporte R$ 250 Engenharia de Produ\u00e7\u00e3o, ADM ou Economia (Vila Tib\u00e9rio) \u23f0 09h \u00e0s 16h | \ud83d\udcb0 R$ 1.500,00 +\u2026","rel":"","context":"In &quot;Entrevistas para est\u00e1gio e jovem aprendiz agendadas para hoje em Ribeir\u00e3o Preto-SP&quot;","block_context":{"text":"Entrevistas para est\u00e1gio e jovem aprendiz agendadas para hoje em Ribeir\u00e3o Preto-SP","link":"https:\/\/ismaelcolosi.com.br\/index.php\/category\/empregos-classificados-vagas-trabalho\/vagas-de-empregos-em-ribeirao-preto-regiao-brasil\/entrevistas-para-estagio-e-jovem-aprendiz-agendadas-para-hoje-em-ribeirao-preto-sp\/"},"img":{"alt_text":"","src":"https:\/\/i0.wp.com\/ismaelcolosi.com.br\/wp-content\/uploads\/2025\/12\/474533593_1956390204884985_5258396150264523844_n.jpg?fit=640%2C427&ssl=1&resize=350%2C200","width":350,"height":200,"srcset":"https:\/\/i0.wp.com\/ismaelcolosi.com.br\/wp-content\/uploads\/2025\/12\/474533593_1956390204884985_5258396150264523844_n.jpg?fit=640%2C427&ssl=1&resize=350%2C200 1x, https:\/\/i0.wp.com\/ismaelcolosi.com.br\/wp-content\/uploads\/2025\/12\/474533593_1956390204884985_5258396150264523844_n.jpg?fit=640%2C427&ssl=1&resize=525%2C300 1.5x"},"classes":[]},{"id":2169,"url":"https:\/\/ismaelcolosi.com.br\/index.php\/2023\/11\/14\/estagios-classificados-tribuna-ribeirao\/","url_meta":{"origin":88503,"position":4},"title":"Est\u00e1gios &#8211; Classificados Tribuna Ribeir\u00e3o","author":"ismaelcolosi.com.br","date":"14 de November de 2023","format":false,"excerpt":"An\u00fancios VAGA DE EST\u00c1GIO - PROJETOS Est\u00e1gios - - 14\/11\/2023 Cursando: Superior em Engenharia Mec\u00e2nicaSemestre\/ano:\u00a0do 6\u00ba ao 8\u00ba semestre Empresa localizada na cidade -\u00a0\u00a0Vila Carvalho, Ribeir\u00e3o Preto - SPHor\u00e1rio:\u00a0das 12:30 - 18:30Valor da Bolsa Aux\u00edlio:\u00a0R$ 1.700,00 reaisBenef\u00edcios: Aux\u00edlio Transporte - a combin... VAGA DE EST\u00c1GIO - PRODU\u00c7\u00c3O Est\u00e1gios - -\u2026","rel":"","context":"In &quot;Vagas de Emprego em Ribeir\u00e3o Preto-SP&quot;","block_context":{"text":"Vagas de Emprego em Ribeir\u00e3o Preto-SP","link":"https:\/\/ismaelcolosi.com.br\/index.php\/category\/empregos-classificados-vagas-trabalho\/vagas-de-empregos-em-ribeirao-preto-regiao-brasil\/"},"img":{"alt_text":"VAGA DE EST\u00c1GIO - PROJETOS","src":"https:\/\/i0.wp.com\/www.tribunaribeirao.com.br\/classificadostribuna\/oc-content\/uploads\/31\/3541_thumbnail.jpg?resize=350%2C200&ssl=1","width":350,"height":200},"classes":[]},{"id":88750,"url":"https:\/\/ismaelcolosi.com.br\/index.php\/2026\/01\/05\/ibee-divulga-vagas-de-emprego-em-ribeirao-preto-sp-e-franca-sp-salarios-chegam-a-r-4-mil\/","url_meta":{"origin":88503,"position":5},"title":"iBEE divulga vagas de emprego em Ribeir\u00e3o Preto-SP e Franca-SP; sal\u00e1rios chegam a R$ 4 mil","author":"ismaelcolosi.com.br","date":"5 de January de 2026","format":false,"excerpt":"iBEE divulga vagas de emprego em Ribeir\u00e3o Preto-SP e Franca-SP; sal\u00e1rios chegam a R$ 4 mil O iBEE - Instituto Brasileiro do Emprego e Empreendedorismo, entidade sem fins lucrativos, divulgou oportunidades para o mercado de trabalho em Ribeir\u00e3o Preto-SP e Franca-SP: s\u00e3o quase 30 vagas de trabalho que abrangem desde\u2026","rel":"","context":"In &quot;Vagas de Emprego em Franca-SP&quot;","block_context":{"text":"Vagas de Emprego em Franca-SP","link":"https:\/\/ismaelcolosi.com.br\/index.php\/category\/empregos-classificados-vagas-trabalho\/vagas-de-emprego-em-franca-sp-trabalho\/"},"img":{"alt_text":"","src":"https:\/\/i0.wp.com\/ismaelcolosi.com.br\/wp-content\/uploads\/2025\/12\/cropped-vagas-abertas-azul_widelg.jpg?fit=512%2C512&ssl=1&resize=350%2C200","width":350,"height":200},"classes":[]}],"jetpack_sharing_enabled":true,"jetpack_shortlink":"https:\/\/wp.me\/pfMlyK-n1t","_links":{"self":[{"href":"https:\/\/ismaelcolosi.com.br\/index.php\/wp-json\/wp\/v2\/posts\/88503","targetHints":{"allow":["GET"]}}],"collection":[{"href":"https:\/\/ismaelcolosi.com.br\/index.php\/wp-json\/wp\/v2\/posts"}],"about":[{"href":"https:\/\/ismaelcolosi.com.br\/index.php\/wp-json\/wp\/v2\/types\/post"}],"author":[{"embeddable":true,"href":"https:\/\/ismaelcolosi.com.br\/index.php\/wp-json\/wp\/v2\/users\/5"}],"replies":[{"embeddable":true,"href":"https:\/\/ismaelcolosi.com.br\/index.php\/wp-json\/wp\/v2\/comments?post=88503"}],"version-history":[{"count":3,"href":"https:\/\/ismaelcolosi.com.br\/index.php\/wp-json\/wp\/v2\/posts\/88503\/revisions"}],"predecessor-version":[{"id":88508,"href":"https:\/\/ismaelcolosi.com.br\/index.php\/wp-json\/wp\/v2\/posts\/88503\/revisions\/88508"}],"wp:featuredmedia":[{"embeddable":true,"href":"https:\/\/ismaelcolosi.com.br\/index.php\/wp-json\/wp\/v2\/media\/88504"}],"wp:attachment":[{"href":"https:\/\/ismaelcolosi.com.br\/index.php\/wp-json\/wp\/v2\/media?parent=88503"}],"wp:term":[{"taxonomy":"category","embeddable":true,"href":"https:\/\/ismaelcolosi.com.br\/index.php\/wp-json\/wp\/v2\/categories?post=88503"},{"taxonomy":"post_tag","embeddable":true,"href":"https:\/\/ismaelcolosi.com.br\/index.php\/wp-json\/wp\/v2\/tags?post=88503"}],"curies":[{"name":"wp","href":"https:\/\/api.w.org\/{rel}","templated":true}]}}