{"id":88132,"date":"2025-10-31T13:26:29","date_gmt":"2025-10-31T16:26:29","guid":{"rendered":"https:\/\/ismaelcolosi.com.br\/index.php\/2025\/10\/31\/desemprego-no-brasil-fica-em-56-no-3o-tri-com-menor-numero-de-desocupados-da-historia\/"},"modified":"2025-10-31T13:26:29","modified_gmt":"2025-10-31T16:26:29","slug":"desemprego-no-brasil-fica-em-56-no-3o-tri-com-menor-numero-de-desocupados-da-historia","status":"publish","type":"post","link":"https:\/\/ismaelcolosi.com.br\/index.php\/2025\/10\/31\/desemprego-no-brasil-fica-em-56-no-3o-tri-com-menor-numero-de-desocupados-da-historia\/","title":{"rendered":"Desemprego no Brasil Fica em 5,6% no 3\u00ba Tri com Menor N\u00famero de Desocupados da Hist\u00f3ria"},"content":{"rendered":"<p> <br \/>\n<\/p>\n<div>\n<figure class=\"destaque wp-caption\">&#13;<br \/>\n\t\t<img data-recalc-dims=\"1\" width=\"678\" height=\"452\" src=\"https:\/\/i0.wp.com\/forbes.com.br\/wp-content\/uploads\/2025\/10\/carreira-demissao-mudanca-de-emprego-768x512.jpg?resize=678%2C452&#038;ssl=1\" class=\"attachment-medium_large size-medium_large wp-post-image\" alt=\"desemprego\" decoding=\"async\" fetchpriority=\"high\"\/>\t\t<\/p>\n<p>RUNSTUDIO\/Getty Images<\/p>\n<p>&#13;<figcaption class=\"wp-caption-text\">No terceiro trimestre, o n\u00famero de desempregados caiu 3,3% em rela\u00e7\u00e3o aos tr\u00eas meses anteriores<\/figcaption>&#13;<br \/>\n\t<\/figure>\n<div class=\"accessibility\">\n<p>Acessibilidade<\/p>\n<p>&#13;<br \/>\n\t\t\t<button onclick=\"alterFont1()\" id=\"btn1\" class=\"btn\">L<\/button>&#13;<br \/>\n\t\t\t<button onclick=\"alterFont2()\" id=\"btn2\" class=\"btn\" style=\"font-family:Merriweather\">L<\/button>&#13;<br \/>\n\t\t\t<button onclick=\"alterFontSmallerSize()\" id=\"btn3\" class=\"btn\">A-<\/button>&#13;<br \/>\n\t\t\t<button onclick=\"alterFontBiggerSize()\" id=\"btn4\" class=\"btn\">A+<\/button>&#13;<br \/>\n\t\t\t<!--<button onclick='alterFontBolder()' id='btn5' class=\"btn\" >B<\/button>-->&#13;<br \/>\n\t\t\t<button onclick=\"alterBackground()\" id=\"btn6\" class=\"btn\">\u25d0<\/button>&#13;<br \/>\n\t\t\t<!--<button onclick='clean()' id='btn7' class=\"btn\" >Limpar<\/button>-->&#13;\n\t\t<\/p>\n<\/p><\/div>\n<p>A taxa de desemprego no Brasil encerrou o terceiro trimestre em 5,6%, repetindo a menor taxa da s\u00e9rie hist\u00f3rica do IBGE e com o menor contingente de pessoas sem trabalho, mostrando que o mercado de trabalho segue aquecido e resiliente.<\/p>\n<p>Segundo analistas, no entanto, ele pode estar come\u00e7ando a mostrar sinais de desacelera\u00e7\u00e3o.<\/p>\n<aside>\n<h2>Leia tamb\u00e9m<\/h2>\n<\/aside>\n<p>O resultado divulgado nesta sexta-feira (31) pelo Instituto Brasileiro de Geografia e Estat\u00edstica (IBGE) mostra queda em rela\u00e7\u00e3o aos 5,8% do segundo trimestre. No mesmo per\u00edodo do ano anterior a taxa de desemprego havia sido de 6,4%.<\/p>\n<p>Mas a taxa repetiu a leitura dos tr\u00eas meses encerrados em julho e do trimestre at\u00e9 agosto, e ficou um pouco acima da expectativa em pesquisa da Reuters de 5,5%.<\/p>\n<p>\u201cO fato de a taxa estar em 5,6% pela terceira vez n\u00e3o d\u00e1 para dizer que \u00e9 um piso, at\u00e9 porque h\u00e1 movimentos de mercado e ainda tem sazonalidade de mais contrata\u00e7\u00f5es para atender a demanda de fim de ano\u201d, afirmou Adriana Beringuy, coordenadora de pesquisas domiciliares do IBGE.<\/p>\n<p>No entanto, Andr\u00e9 Val\u00e9rio, economista s\u00eanior do Inter, ressalta que os tr\u00eas meses seguidos com a mesma taxa de desemprego podem indicar sim um pico.<\/p>\n<p>\u201cO cen\u00e1rio ainda \u00e9 de um mercado de trabalho bastante robusto. (Mas) h\u00e1 ind\u00edcios de que possamos estar pr\u00f3ximos a um ponto de virada no mercado de trabalho. A estabilidade pelo terceiro m\u00eas consecutivo na taxa de desocupa\u00e7\u00e3o sugere pico no indicador\u201d, disse ele.<\/p>\n<p>O mercado de trabalho brasileiro vem mostrando for\u00e7a, o que ajuda a amenizar a desacelera\u00e7\u00e3o econ\u00f4mica e mitigar os efeitos dos juros elevados, o que representa um desafio para o Banco Central j\u00e1 que ajuda a sustentar o consumo e dificulta o controle da infla\u00e7\u00e3o.<\/p>\n<p>\u201cOlhando \u00e0 frente, com base nos dados recentes e na natureza c\u00edclica do mercado de trabalho, esperamos que o aquecimento persista por um per\u00edodo prolongado, ainda que em meio a um processo gradual de desacelera\u00e7\u00e3o\u201d, disse Igor Cadilhac, economista do PicPay.<\/p>\n<p>Depois de manter a taxa b\u00e1sica de juros em 15%, o Banco Central afirmou que entrou agora em um novo est\u00e1gio da pol\u00edtica monet\u00e1ria que prev\u00ea a Selic inalterada por longo per\u00edodo para buscar a meta de infla\u00e7\u00e3o.<\/p>\n<p>No terceiro trimestre, o n\u00famero de desempregados caiu 3,3% em rela\u00e7\u00e3o aos tr\u00eas meses anteriores, chegando a 6,045 milh\u00f5es, o que representa ainda uma queda de 11,8% na compara\u00e7\u00e3o com o mesmo per\u00edodo do ano passado. Foi o menor contingente desde o in\u00edcio da pesquisa, em 2012.<\/p>\n<p>J\u00e1 o total de ocupados aumentou 0,1% na compara\u00e7\u00e3o trimestral e 1,4% na anual, atingindo 102,433 milh\u00f5es, ainda em patamar recorde.<\/p>\n<p>\u201cO n\u00edvel da ocupa\u00e7\u00e3o em patamares elevados nos \u00faltimos meses indica a sustentabilidade da retra\u00e7\u00e3o do desemprego ao longo de 2025\u201d, avaliou Beringuy.<\/p>\n<p>\u201cAinda continuamos com queda nos desocupados e isso tem a ver com abertura de vagas e postos no pa\u00eds. A sustentabilidade da abertura de vagas \u00e9 garantida por diversas atividades econ\u00f4micas\u201d, completou ela.<\/p>\n<p>Os trabalhadores com carteira assinada no setor privado aumentaram 0,5% no terceiro trimestre e renovaram o recorde, com 39,229 milh\u00f5es, enquanto os que n\u00e3o tinham carteira recuaram 0,3%.<\/p>\n<p>No per\u00edodo, a renda m\u00e9dia real habitual dos trabalhadores foi recorde a R$3.507, aumento de 0,3% no trimestre e 4,0% no ano.<\/p>\n<p>Dados do Caged mostraram na quinta-feira que o Brasil abriu 213.002 vagas formais de trabalho em setembro, maior saldo desde abril e acima do esperado.<\/p>\n<aside>\n<h2>Escolhas do editor<\/h2>\n<\/aside>\n<div class=\"follow-us\">Siga o canal da <a href=\"https:\/\/whatsapp.com\/channel\/0029VaAZk57JuyA9F4UwQc2I\" target=\"_blank\" rel=\"noopener noreferrer nofollow\" title=\"Grupo da Forbes Money no WhatsApp\">Forbes Money<\/a> no WhatsApp e receba as principais not\u00edcias de economia e mercado financeiro.<\/div>\n<\/p><\/div>\n<p><script data-debloat-delay=\"1\" type=\"text\/debloat-script\">\n\t\t\t\t(function(d, s, id){\n\t\t\t\t\tvar js, fjs = d.getElementsByTagName(s)[0];\n\t\t\t\t\tif (d.getElementById(id)) return;\n\t\t\t\t\tjs = d.createElement(s); js.id = id;\n\t\t\t\t\tjs.src = \"\/\/connect.facebook.net\/pt_BR\/sdk.js#xfbml=1&version=v2.9\";\n\t\t\t\t\tfjs.parentNode.insertBefore(js, fjs);\n\t\t\t\t}(document, 'script', 'facebook-jssdk'));\n\t\t\t<\/script><br \/>\n<br \/><br \/>\n<br \/><a href=\"https:\/\/forbes.com.br\/forbes-money\/2025\/10\/desemprego-no-brasil-fica-em-56-no-3o-tri-com-menor-numero-de-desocupados-da-historia\/\">Source link <\/a><\/p>\n<div class='code-block code-block-4' style='margin: 8px auto 8px 0; text-align: left; display: block; clear: both;'>\n\ud83d\udce2 Aviso Legal\n\nO site ismaelcolosi.com.br atua apenas como um canal de divulga\u00e7\u00e3o de oportunidades de emprego e n\u00e3o se responsabiliza pelo processo seletivo, contrata\u00e7\u00e3o ou qualquer outra etapa relacionada \u00e0s vagas publicadas. Todas as informa\u00e7\u00f5es s\u00e3o de responsabilidade dos anunciantes.\n\n\u26a0\ufe0f Aten\u00e7\u00e3o! Nunca pague por promessas de emprego nem compre cursos que garantam contrata\u00e7\u00e3o. Desconfie de qualquer cobran\u00e7a para participar de sele\u00e7\u00f5es.\n\n\n\n<\/div>\n<!-- CONTENT END 1 -->\n","protected":false},"excerpt":{"rendered":"<p>&#13; RUNSTUDIO\/Getty Images &#13;No terceiro trimestre, o n\u00famero de desempregados caiu 3,3% em rela\u00e7\u00e3o aos tr\u00eas meses anteriores&#13; Acessibilidade &#13; L&#13; L&#13; A-&#13; A+&#13; &#13;&#8230;<\/p>\n","protected":false},"author":1,"featured_media":88133,"comment_status":"","ping_status":"open","sticky":false,"template":"","format":"standard","meta":{"_uag_custom_page_level_css":"","advanced_seo_description":"","jetpack_seo_html_title":"","jetpack_seo_noindex":false,"jetpack_post_was_ever_published":false,"_jetpack_newsletter_access":"","_jetpack_dont_email_post_to_subs":false,"_jetpack_newsletter_tier_id":0,"_jetpack_memberships_contains_paywalled_content":false,"_jetpack_memberships_contains_paid_content":false,"footnotes":"","jetpack_publicize_message":"","jetpack_publicize_feature_enabled":true,"jetpack_social_post_already_shared":true,"jetpack_social_options":{"image_generator_settings":{"template":"highway","default_image_id":0,"font":"","enabled":false},"version":2}},"categories":[1964],"tags":[],"class_list":["post-88132","post","type-post","status-publish","format-standard","has-post-thumbnail","hentry","category-carreira-e-sucesso-dicas-para-carreira"],"jetpack_publicize_connections":[],"jetpack_featured_media_url":"https:\/\/i0.wp.com\/ismaelcolosi.com.br\/wp-content\/uploads\/2025\/10\/carreira-demissao-mudanca-de-emprego-1200x675.jpg?fit=1200%2C675&ssl=1","uagb_featured_image_src":{"full":["https:\/\/i0.wp.com\/ismaelcolosi.com.br\/wp-content\/uploads\/2025\/10\/carreira-demissao-mudanca-de-emprego-1200x675.jpg?fit=1200%2C675&ssl=1",1200,675,false],"thumbnail":["https:\/\/i0.wp.com\/ismaelcolosi.com.br\/wp-content\/uploads\/2025\/10\/carreira-demissao-mudanca-de-emprego-1200x675.jpg?resize=150%2C150&ssl=1",150,150,true],"medium":["https:\/\/i0.wp.com\/ismaelcolosi.com.br\/wp-content\/uploads\/2025\/10\/carreira-demissao-mudanca-de-emprego-1200x675.jpg?fit=300%2C169&ssl=1",300,169,true],"medium_large":["https:\/\/i0.wp.com\/ismaelcolosi.com.br\/wp-content\/uploads\/2025\/10\/carreira-demissao-mudanca-de-emprego-1200x675.jpg?fit=768%2C432&ssl=1",768,432,true],"large":["https:\/\/i0.wp.com\/ismaelcolosi.com.br\/wp-content\/uploads\/2025\/10\/carreira-demissao-mudanca-de-emprego-1200x675.jpg?fit=1024%2C576&ssl=1",1024,576,true],"1536x1536":["https:\/\/i0.wp.com\/ismaelcolosi.com.br\/wp-content\/uploads\/2025\/10\/carreira-demissao-mudanca-de-emprego-1200x675.jpg?fit=1200%2C675&ssl=1",1200,675,true],"2048x2048":["https:\/\/i0.wp.com\/ismaelcolosi.com.br\/wp-content\/uploads\/2025\/10\/carreira-demissao-mudanca-de-emprego-1200x675.jpg?fit=1200%2C675&ssl=1",1200,675,true],"really-simple-thumb":["https:\/\/i0.wp.com\/ismaelcolosi.com.br\/wp-content\/uploads\/2025\/10\/carreira-demissao-mudanca-de-emprego-1200x675.jpg?resize=370%2C247&ssl=1",370,247,true]},"uagb_author_info":{"display_name":"ismaelcolosi.com.br","author_link":"https:\/\/ismaelcolosi.com.br\/index.php\/author\/vidareal-online\/"},"uagb_comment_info":0,"uagb_excerpt":"&#13; RUNSTUDIO\/Getty Images &#13;No terceiro trimestre, o n\u00famero de desempregados caiu 3,3% em rela\u00e7\u00e3o aos tr\u00eas meses anteriores&#13; Acessibilidade &#13; L&#13; L&#13; A-&#13; A+&#13; &#13;...","jetpack-related-posts":[{"id":68130,"url":"https:\/\/ismaelcolosi.com.br\/index.php\/2024\/09\/27\/taxa-de-desemprego-no-brasil-cai-a-66-patamar-mais-baixo-desde-2014\/","url_meta":{"origin":88132,"position":0},"title":"Taxa de Desemprego no Brasil Cai a 6,6%, Patamar Mais Baixo desde 2014","author":"ismaelcolosi.com.br","date":"27 de September de 2024","format":false,"excerpt":"A taxa de desemprego no Brasil atingiu 6,6% nos tr\u00eas meses at\u00e9 agosto, o menor n\u00edvel desde o final de 2014, informou o Instituto Brasileiro de Geografia e Estat\u00edstica (IBGE) nesta sexta-feira (27). Al\u00e9m disso, o indicador aponta que o pa\u00eds alcan\u00e7ou um novo recorde no n\u00famero de pessoas ocupadas.\u00a0\u2026","rel":"","context":"In &quot;Carreira e Sucesso&quot;","block_context":{"text":"Carreira e Sucesso","link":"https:\/\/ismaelcolosi.com.br\/index.php\/category\/carreira-e-sucesso-dicas-para-carreira\/"},"img":{"alt_text":"","src":"https:\/\/i0.wp.com\/ismaelcolosi.com.br\/wp-content\/uploads\/2024\/09\/desemprego-brasil-carteira-de-trabalho-1024x683.jpg?fit=1024%2C683&ssl=1&resize=350%2C200","width":350,"height":200,"srcset":"https:\/\/i0.wp.com\/ismaelcolosi.com.br\/wp-content\/uploads\/2024\/09\/desemprego-brasil-carteira-de-trabalho-1024x683.jpg?fit=1024%2C683&ssl=1&resize=350%2C200 1x, https:\/\/i0.wp.com\/ismaelcolosi.com.br\/wp-content\/uploads\/2024\/09\/desemprego-brasil-carteira-de-trabalho-1024x683.jpg?fit=1024%2C683&ssl=1&resize=525%2C300 1.5x, https:\/\/i0.wp.com\/ismaelcolosi.com.br\/wp-content\/uploads\/2024\/09\/desemprego-brasil-carteira-de-trabalho-1024x683.jpg?fit=1024%2C683&ssl=1&resize=700%2C400 2x"},"classes":[]},{"id":77883,"url":"https:\/\/ismaelcolosi.com.br\/index.php\/2024\/11\/29\/brasil-tem-menos-pessoas-buscando-trabalho-em-uma-decada\/","url_meta":{"origin":88132,"position":1},"title":"Brasil tem menos pessoas buscando trabalho em uma d\u00e9cada","author":"ismaelcolosi.com.br","date":"29 de November de 2024","format":false,"excerpt":"\r \r O total de ocupados atingiu novo recorde, de 103,6 milh\u00f5es, o que representa alta de 1,5% na compara\u00e7\u00e3o trimestral e de 3,4% na base anual\r O Brasil registrou uma taxa de desemprego de 6,2% no trimestre at\u00e9 outubro, batendo a m\u00ednima recorde da s\u00e9rie hist\u00f3rica iniciada em 2012\u2026","rel":"","context":"In &quot;Carreira e Sucesso&quot;","block_context":{"text":"Carreira e Sucesso","link":"https:\/\/ismaelcolosi.com.br\/index.php\/category\/carreira-e-sucesso-dicas-para-carreira\/"},"img":{"alt_text":"","src":"https:\/\/i0.wp.com\/ismaelcolosi.com.br\/wp-content\/uploads\/2024\/11\/carreira-carteira-de-trabalho-1200x675.webp?fit=1200%2C675&ssl=1&resize=350%2C200","width":350,"height":200,"srcset":"https:\/\/i0.wp.com\/ismaelcolosi.com.br\/wp-content\/uploads\/2024\/11\/carreira-carteira-de-trabalho-1200x675.webp?fit=1200%2C675&ssl=1&resize=350%2C200 1x, https:\/\/i0.wp.com\/ismaelcolosi.com.br\/wp-content\/uploads\/2024\/11\/carreira-carteira-de-trabalho-1200x675.webp?fit=1200%2C675&ssl=1&resize=525%2C300 1.5x, https:\/\/i0.wp.com\/ismaelcolosi.com.br\/wp-content\/uploads\/2024\/11\/carreira-carteira-de-trabalho-1200x675.webp?fit=1200%2C675&ssl=1&resize=700%2C400 2x, https:\/\/i0.wp.com\/ismaelcolosi.com.br\/wp-content\/uploads\/2024\/11\/carreira-carteira-de-trabalho-1200x675.webp?fit=1200%2C675&ssl=1&resize=1050%2C600 3x"},"classes":[]},{"id":86948,"url":"https:\/\/ismaelcolosi.com.br\/index.php\/2025\/08\/07\/pedidos-de-auxilio-desemprego-nos-eua-sobem-na-ultima-semana\/","url_meta":{"origin":88132,"position":2},"title":"Pedidos de Aux\u00edlio-desemprego nos EUA Sobem na \u00daltima Semana","author":"ismaelcolosi.com.br","date":"7 de August de 2025","format":false,"excerpt":"\r \r Com o aumento do n\u00famero de pedidos, as solicita\u00e7\u00f5es de aux\u00edlio-desemprego chegaram a 226 mil na semana passada.\r Acessibilidade \r L\r L\r A-\r A+\r \r \u25d0\r \r O Departamento do Trabalho dos EUA informou que o n\u00famero de americanos que solicitaram o aux\u00edlio-desemprego na \u00faltima semana \u2014 encerrada\u2026","rel":"","context":"In &quot;Carreira e Sucesso&quot;","block_context":{"text":"Carreira e Sucesso","link":"https:\/\/ismaelcolosi.com.br\/index.php\/category\/carreira-e-sucesso-dicas-para-carreira\/"},"img":{"alt_text":"","src":"https:\/\/i0.wp.com\/ismaelcolosi.com.br\/wp-content\/uploads\/2025\/08\/auxilio-desemprego-EUA-economia-Money-1200x675.png?fit=1200%2C675&ssl=1&resize=350%2C200","width":350,"height":200,"srcset":"https:\/\/i0.wp.com\/ismaelcolosi.com.br\/wp-content\/uploads\/2025\/08\/auxilio-desemprego-EUA-economia-Money-1200x675.png?fit=1200%2C675&ssl=1&resize=350%2C200 1x, https:\/\/i0.wp.com\/ismaelcolosi.com.br\/wp-content\/uploads\/2025\/08\/auxilio-desemprego-EUA-economia-Money-1200x675.png?fit=1200%2C675&ssl=1&resize=525%2C300 1.5x, https:\/\/i0.wp.com\/ismaelcolosi.com.br\/wp-content\/uploads\/2025\/08\/auxilio-desemprego-EUA-economia-Money-1200x675.png?fit=1200%2C675&ssl=1&resize=700%2C400 2x, https:\/\/i0.wp.com\/ismaelcolosi.com.br\/wp-content\/uploads\/2025\/08\/auxilio-desemprego-EUA-economia-Money-1200x675.png?fit=1200%2C675&ssl=1&resize=1050%2C600 3x"},"classes":[]},{"id":86950,"url":"https:\/\/ismaelcolosi.com.br\/index.php\/2025\/08\/07\/pedidos-de-auxilio-desemprego-nos-eua-sobem-na-ultima-semana-2\/","url_meta":{"origin":88132,"position":3},"title":"Pedidos de Aux\u00edlio-desemprego nos EUA Sobem na \u00daltima Semana","author":"ismaelcolosi.com.br","date":"7 de August de 2025","format":false,"excerpt":"\r \r Com o aumento do n\u00famero de pedidos, as solicita\u00e7\u00f5es de aux\u00edlio-desemprego chegaram a 226 mil na semana passada.\r Acessibilidade \r L\r L\r A-\r A+\r \r \u25d0\r \r O Departamento do Trabalho dos EUA informou que o n\u00famero de americanos que solicitaram o aux\u00edlio-desemprego na \u00faltima semana \u2014 encerrada\u2026","rel":"","context":"In &quot;Carreira e Sucesso&quot;","block_context":{"text":"Carreira e Sucesso","link":"https:\/\/ismaelcolosi.com.br\/index.php\/category\/carreira-e-sucesso-dicas-para-carreira\/"},"img":{"alt_text":"","src":"https:\/\/i0.wp.com\/ismaelcolosi.com.br\/wp-content\/uploads\/2025\/08\/1754577933_auxilio-desemprego-EUA-economia-Money-1200x675.png?fit=1200%2C675&ssl=1&resize=350%2C200","width":350,"height":200,"srcset":"https:\/\/i0.wp.com\/ismaelcolosi.com.br\/wp-content\/uploads\/2025\/08\/1754577933_auxilio-desemprego-EUA-economia-Money-1200x675.png?fit=1200%2C675&ssl=1&resize=350%2C200 1x, https:\/\/i0.wp.com\/ismaelcolosi.com.br\/wp-content\/uploads\/2025\/08\/1754577933_auxilio-desemprego-EUA-economia-Money-1200x675.png?fit=1200%2C675&ssl=1&resize=525%2C300 1.5x, https:\/\/i0.wp.com\/ismaelcolosi.com.br\/wp-content\/uploads\/2025\/08\/1754577933_auxilio-desemprego-EUA-economia-Money-1200x675.png?fit=1200%2C675&ssl=1&resize=700%2C400 2x, https:\/\/i0.wp.com\/ismaelcolosi.com.br\/wp-content\/uploads\/2025\/08\/1754577933_auxilio-desemprego-EUA-economia-Money-1200x675.png?fit=1200%2C675&ssl=1&resize=1050%2C600 3x"},"classes":[]},{"id":87529,"url":"https:\/\/ismaelcolosi.com.br\/index.php\/2025\/09\/16\/desemprego-fica-abaixo-do-esperado-com-queda-de-56-entre-maio-e-julho\/","url_meta":{"origin":88132,"position":4},"title":"Desemprego Fica Abaixo do Esperado, com Queda de 5,6% entre Maio e Julho","author":"ismaelcolosi.com.br","date":"16 de September de 2025","format":false,"excerpt":"\r \r \r \r N\u00famero \u00e9 o menor da s\u00e9rie hist\u00f3rica do IBGE, que come\u00e7ou em 2012. Per\u00edodo registrou 102,4 milh\u00f5es de trabalhadores empregados \r \r \r \r Washington Alves\/Reuters\r rendimento m\u00e9dio real habitual dos trabalhadores cresceu 1,3% no trimestre.\r Acessibilidade \r L\r L\r A-\r A+\r \r \u25d0\r \r De\u2026","rel":"","context":"In &quot;Carreira e Sucesso&quot;","block_context":{"text":"Carreira e Sucesso","link":"https:\/\/ismaelcolosi.com.br\/index.php\/category\/carreira-e-sucesso-dicas-para-carreira\/"},"img":{"alt_text":"","src":"https:\/\/i0.wp.com\/ismaelcolosi.com.br\/wp-content\/uploads\/2025\/09\/Tamanho-site-Tech-6-2-1200x675.png?fit=1200%2C675&ssl=1&resize=350%2C200","width":350,"height":200,"srcset":"https:\/\/i0.wp.com\/ismaelcolosi.com.br\/wp-content\/uploads\/2025\/09\/Tamanho-site-Tech-6-2-1200x675.png?fit=1200%2C675&ssl=1&resize=350%2C200 1x, https:\/\/i0.wp.com\/ismaelcolosi.com.br\/wp-content\/uploads\/2025\/09\/Tamanho-site-Tech-6-2-1200x675.png?fit=1200%2C675&ssl=1&resize=525%2C300 1.5x, https:\/\/i0.wp.com\/ismaelcolosi.com.br\/wp-content\/uploads\/2025\/09\/Tamanho-site-Tech-6-2-1200x675.png?fit=1200%2C675&ssl=1&resize=700%2C400 2x, https:\/\/i0.wp.com\/ismaelcolosi.com.br\/wp-content\/uploads\/2025\/09\/Tamanho-site-Tech-6-2-1200x675.png?fit=1200%2C675&ssl=1&resize=1050%2C600 3x"},"classes":[]},{"id":88805,"url":"https:\/\/ismaelcolosi.com.br\/index.php\/2026\/01\/10\/numero-de-empregados-nas-fabricas-dos-eua-cai-apesar-da-promessa-de-trump-de-boom-na-producao\/","url_meta":{"origin":88132,"position":5},"title":"N\u00famero de Empregados nas F\u00e1bricas dos EUA Cai Apesar da Promessa de Trump de Boom na Produ\u00e7\u00e3o","author":"ismaelcolosi.com.br","date":"10 de January de 2026","format":false,"excerpt":"\r REUTERS\/Karen Pulfer Focht\r Funcion\u00e1rios em f\u00e1brica de a\u00e7o em Blytheville, Arkansas, nos Estados Unidos. \r Acessibilidade \r L\r L\r A-\r A+\r \r \u25d0\r \r Os empregos no setor de manufatura dos Estados Unidos em dezembro mantiveram uma sequ\u00eancia de oito meses de queda, ap\u00f3s o presidente Donald Trump lan\u00e7ar\u2026","rel":"","context":"In &quot;Carreira e Sucesso&quot;","block_context":{"text":"Carreira e Sucesso","link":"https:\/\/ismaelcolosi.com.br\/index.php\/category\/carreira-e-sucesso-dicas-para-carreira\/"},"img":{"alt_text":"","src":"https:\/\/i0.wp.com\/ismaelcolosi.com.br\/wp-content\/uploads\/2026\/01\/2026-01-09T235348Z_1_LYNXMPEM081A9_RTROPTP_4_USA-TRUMP-100-DAYS-STEEL-1200x675.jpg?fit=1200%2C675&ssl=1&resize=350%2C200","width":350,"height":200,"srcset":"https:\/\/i0.wp.com\/ismaelcolosi.com.br\/wp-content\/uploads\/2026\/01\/2026-01-09T235348Z_1_LYNXMPEM081A9_RTROPTP_4_USA-TRUMP-100-DAYS-STEEL-1200x675.jpg?fit=1200%2C675&ssl=1&resize=350%2C200 1x, https:\/\/i0.wp.com\/ismaelcolosi.com.br\/wp-content\/uploads\/2026\/01\/2026-01-09T235348Z_1_LYNXMPEM081A9_RTROPTP_4_USA-TRUMP-100-DAYS-STEEL-1200x675.jpg?fit=1200%2C675&ssl=1&resize=525%2C300 1.5x, https:\/\/i0.wp.com\/ismaelcolosi.com.br\/wp-content\/uploads\/2026\/01\/2026-01-09T235348Z_1_LYNXMPEM081A9_RTROPTP_4_USA-TRUMP-100-DAYS-STEEL-1200x675.jpg?fit=1200%2C675&ssl=1&resize=700%2C400 2x, https:\/\/i0.wp.com\/ismaelcolosi.com.br\/wp-content\/uploads\/2026\/01\/2026-01-09T235348Z_1_LYNXMPEM081A9_RTROPTP_4_USA-TRUMP-100-DAYS-STEEL-1200x675.jpg?fit=1200%2C675&ssl=1&resize=1050%2C600 3x"},"classes":[]}],"jetpack_sharing_enabled":true,"jetpack_shortlink":"https:\/\/wp.me\/pfMlyK-mVu","_links":{"self":[{"href":"https:\/\/ismaelcolosi.com.br\/index.php\/wp-json\/wp\/v2\/posts\/88132","targetHints":{"allow":["GET"]}}],"collection":[{"href":"https:\/\/ismaelcolosi.com.br\/index.php\/wp-json\/wp\/v2\/posts"}],"about":[{"href":"https:\/\/ismaelcolosi.com.br\/index.php\/wp-json\/wp\/v2\/types\/post"}],"author":[{"embeddable":true,"href":"https:\/\/ismaelcolosi.com.br\/index.php\/wp-json\/wp\/v2\/users\/1"}],"replies":[{"embeddable":true,"href":"https:\/\/ismaelcolosi.com.br\/index.php\/wp-json\/wp\/v2\/comments?post=88132"}],"version-history":[{"count":0,"href":"https:\/\/ismaelcolosi.com.br\/index.php\/wp-json\/wp\/v2\/posts\/88132\/revisions"}],"wp:featuredmedia":[{"embeddable":true,"href":"https:\/\/ismaelcolosi.com.br\/index.php\/wp-json\/wp\/v2\/media\/88133"}],"wp:attachment":[{"href":"https:\/\/ismaelcolosi.com.br\/index.php\/wp-json\/wp\/v2\/media?parent=88132"}],"wp:term":[{"taxonomy":"category","embeddable":true,"href":"https:\/\/ismaelcolosi.com.br\/index.php\/wp-json\/wp\/v2\/categories?post=88132"},{"taxonomy":"post_tag","embeddable":true,"href":"https:\/\/ismaelcolosi.com.br\/index.php\/wp-json\/wp\/v2\/tags?post=88132"}],"curies":[{"name":"wp","href":"https:\/\/api.w.org\/{rel}","templated":true}]}}