{"id":88111,"date":"2025-10-30T05:17:34","date_gmt":"2025-10-30T08:17:34","guid":{"rendered":"https:\/\/ismaelcolosi.com.br\/index.php\/2025\/10\/30\/intuicao-e-dado-interno-diz-brasileira-head-global-de-inovacao-do-google-media-lab\/"},"modified":"2025-10-30T05:17:34","modified_gmt":"2025-10-30T08:17:34","slug":"intuicao-e-dado-interno-diz-brasileira-head-global-de-inovacao-do-google-media-lab","status":"publish","type":"post","link":"https:\/\/ismaelcolosi.com.br\/index.php\/2025\/10\/30\/intuicao-e-dado-interno-diz-brasileira-head-global-de-inovacao-do-google-media-lab\/","title":{"rendered":"\u201cIntui\u00e7\u00e3o \u00c9 Dado Interno\u201d, Diz Brasileira Head Global de Inova\u00e7\u00e3o do Google Media Lab"},"content":{"rendered":"<p> <br \/>\n<\/p>\n<div>\n<figure class=\"destaque wp-caption\">&#13;<br \/>\n\t\t<img data-recalc-dims=\"1\" width=\"678\" height=\"452\" src=\"https:\/\/i0.wp.com\/forbes.com.br\/wp-content\/uploads\/2025\/10\/mulher-suzana-apelbaum-google-768x512.jpg?resize=678%2C452&#038;ssl=1\" class=\"attachment-medium_large size-medium_large wp-post-image\" alt=\"Suzana Apelbaum, Head Global de Cria\u00e7\u00e3o e Inova\u00e7\u00e3o do Google Media Lab.\" decoding=\"async\" fetchpriority=\"high\"\/>\t\t<\/p>\n<p>Divulga\u00e7\u00e3o\/Google<\/p>\n<p>&#13;<figcaption class=\"wp-caption-text\">Suzana Apelbaum trabalhou em ag\u00eancias como JWT e Africa antes de se mudar para Nova York h\u00e1 15 anos, onde atuou na StrawberryFrog, Anomaly e VML<\/figcaption>&#13;<br \/>\n\t<\/figure>\n<div class=\"accessibility\">\n<p>Acessibilidade<\/p>\n<p>&#13;<br \/>\n\t\t\t<button onclick=\"alterFont1()\" id=\"btn1\" class=\"btn\">L<\/button>&#13;<br \/>\n\t\t\t<button onclick=\"alterFont2()\" id=\"btn2\" class=\"btn\" style=\"font-family:Merriweather\">L<\/button>&#13;<br \/>\n\t\t\t<button onclick=\"alterFontSmallerSize()\" id=\"btn3\" class=\"btn\">A-<\/button>&#13;<br \/>\n\t\t\t<button onclick=\"alterFontBiggerSize()\" id=\"btn4\" class=\"btn\">A+<\/button>&#13;<br \/>\n\t\t\t<!--<button onclick='alterFontBolder()' id='btn5' class=\"btn\" >B<\/button>-->&#13;<br \/>\n\t\t\t<button onclick=\"alterBackground()\" id=\"btn6\" class=\"btn\">\u25d0<\/button>&#13;<br \/>\n\t\t\t<!--<button onclick='clean()' id='btn7' class=\"btn\" >Limpar<\/button>-->&#13;\n\t\t<\/p>\n<\/p><\/div>\n<p>Quando chegou a <strong>Nova York<\/strong>, 15 anos atr\u00e1s, como diretora de cria\u00e7\u00e3o da ag\u00eancia<strong> StrawberryFrog<\/strong>, a brasileira <strong>Suzana Apelbaum<\/strong> encontrou um universo paralelo, muito diferente daquele que dominava no Brasil. \u201cMeu estilo de lideran\u00e7a, que me levou ao topo, era completamente diferente do que aquelas pessoas estavam acostumadas\u201d, lembra. Al\u00e9m de encarar o frio do inverno e o dom\u00ednio do ingl\u00eas exigido de uma alta executiva nos Estados Unidos, tamb\u00e9m precisou reconstruir sua rede de contatos do zero. \u201cNo Brasil, eu tinha o telefone dos meus clientes e podia ligar tarde da noite para dar uma ideia. Perder os relacionamentos acabou comigo.\u201d<\/p>\n<p>Por aqui, a executiva havia constru\u00eddo uma trajet\u00f3ria bem-sucedida, do Rio de Janeiro a S\u00e3o Paulo, marcada por pr\u00eamios em <strong>Cannes<\/strong> e passagens por gigantes da propaganda, como <strong>Africa<\/strong> e <strong>JWT<\/strong>. \u201cA barra subiu loucamente, mas foi bom porque me trouxe humildade.\u201d<\/p>\n<aside>\n<h2>Leia tamb\u00e9m<\/h2>\n<\/aside>\n<p>Em Nova York, tamb\u00e9m trabalhou na <strong>VML<\/strong> e na <strong>Anomaly<\/strong>, sua empresa dos sonhos e inspira\u00e7\u00e3o para criar a <strong>Hello Interactive<\/strong>, breve experi\u00eancia empreendedora que teve ainda no Brasil, entre 2007 e 2009 \u2013 ou, como costuma dizer, o \u201cfracasso que deu mais orgulho\u201d.\u201cFoi quando eu sa\u00ed da minha \u2018casca de criativa\u2019 e evolu\u00ed para me tornar uma business leader.\u201d<\/p>\n<p>Sempre atenta a como usar a tecnologia como aliada, surfou a onda do digital no in\u00edcio da carreira e, h\u00e1 mais de 10 anos, respira o universo da inova\u00e7\u00e3o no <strong>Google<\/strong>, liderando n\u00e3o s\u00f3 criativos, mas tamb\u00e9m engenheiros e cientistas de dados. \u201cTive muita dificuldade, mas no fim foi um salto incr\u00edvel na minha carreira. A cria\u00e7\u00e3o s\u00f3 vai sobreviver se entregar resultados de neg\u00f3cio.\u201d<\/p>\n<p>Chegou \u00e0 posi\u00e7\u00e3o atual, como head global de cria\u00e7\u00e3o e inova\u00e7\u00e3o do Google Media Lab, bra\u00e7o de marketing, depois de vencer uma competi\u00e7\u00e3o na empresa. \u201cH\u00e1 muitos anos, tive a ideia de uma ferramenta que falaria o que est\u00e1 acontecendo no mundo e na cultura, conectando os posts de redes sociais.\u201d Na sua vis\u00e3o, esse \u00e9 o \u201cpulo do gato\u201d: aliar os dados \u00e0 criatividade. \u201cNo in\u00edcio, era uma criativa intoc\u00e1vel; a medida de sucesso era ganhar pr\u00eamio. Passei a ter um entendimento de como trazer a minha mente criativa para gerar neg\u00f3cios. O criativo n\u00e3o pode ignorar o que os dados est\u00e3o revelando. \u00c9 um superpoder.\u201d<\/p>\n<p>Enquanto os investimentos apontam para a <strong>intelig\u00eancia artificial<\/strong>, ela chama a aten\u00e7\u00e3o para o que realmente muda o ponteiro. \u201cMuitas vezes, as melhores ideias surgem quando questionamos os dados e trazemos a alma\u201d, diz. \u201cPrecisamos ouvir os dados internos, n\u00e3o s\u00f3 os externos. Intui\u00e7\u00e3o \u00e9 dado interno.\u201d<\/p>\n<p>A seguir, Suzana Apelbaum conta como construiu uma carreira internacional que combina publicidade e tecnologia, fala sobre a decis\u00e3o de deixar o prest\u00edgio da propaganda para atuar nos bastidores e reflete sobre os desafios de ser uma executiva imigrante.<\/p>\n<p><strong>Forbes: Como surgiu a oportunidade de ir para Nova York?<\/strong><\/p>\n<p><strong>Suzana Apelbaum:<\/strong> Foram dois gatilhos, pessoal e profissional. Eu recebi uma proposta para ir para a StrawberryFrog, que era um sonho de ag\u00eancia. Era super inovadora, foi uma das primeiras a falar sobre movimentos culturais para marcas, em vez de campanhas. Foi ali que o social media come\u00e7ou a se desenvolver e se tornar algo para as marcas investirem. Sempre quis abordar a propaganda de uma forma diferente. E, pessoalmente, Nova York era uma paix\u00e3o. Queria vir para fazer sapateado, ir na Broadway, tinha todos os meus interesses culturais e teatrais. Foi isso que me manteve de p\u00e9 porque o meu primeiro ano em Nova York foi muito dif\u00edcil.<\/p>\n<p><strong>Dif\u00edcil como?<\/strong><\/p>\n<p>Nos primeiros tr\u00eas meses, foi uma lua de mel. Morar em Nova York com dinheiro, estrutura e visto foi um sonho. Mas a\u00ed a realidade come\u00e7a a bater na porta. Meu estilo de lideran\u00e7a era completamente diferente do que aquelas pessoas estavam acostumadas. Eu era uma das poucas latinas e meu jeito de trabalhar, que sempre funcionou muito bem e me levou para o topo, n\u00e3o aterrissou. Tinha performance review a cada tr\u00eas meses e o sal\u00e1rio e o b\u00f4nus eram afetados por isso. Tomei muita porrada. N\u00e3o tinha namorado nem amigas, comecei a fazer tudo do zero. Tinha o frio, que \u00e9 muito dif\u00edcil. Eu tamb\u00e9m tive um choque de realidade do que era o meu talento. Tinham pessoas muito melhores que eu. Outra coisa \u00e9 a l\u00edngua, o vocabul\u00e1rio de business, de uma executiva. Eu sou para sempre agradecida ao Scott Goodson, que foi quem me trouxe. Eu acho que ele n\u00e3o sabia a roubada que estava se metendo (risos).<\/p>\n<p><strong>Quais os desafios de ser uma executiva imigrante?<\/strong><\/p>\n<p>A gente passa por muito mais desafios. A Indra Nooyi, que foi CEO da PepsiCo, fala que existe a s\u00edndrome do imigrante. A gente tem p\u00e2nico de perder o emprego. Tende a arriscar menos, porque tem muito mais a perder se n\u00e3o for bem-sucedido. N\u00e3o tem uma network constru\u00edda no come\u00e7o, n\u00e3o tem confian\u00e7a e deixou muita coisa para tr\u00e1s.<\/p>\n<p><strong>Como lidou com essa s\u00edndrome da impostora no come\u00e7o?<\/strong><\/p>\n<p>Nunca tinha tido isso, mas foi muito bom porque me trouxe humildade. Eu precisava dessa porrada. No Brasil, me sentia um peixe grande num aqu\u00e1rio pequeno. E a\u00ed, de repente, a barra subiu loucamente. Quando voc\u00ea vem para Nova York como executiva criativa, a barra sobe, mas foi incr\u00edvel. E a\u00ed depois teve a Anomaly, que foi ainda mais dif\u00edcil. Era o meu dream job, foi o meu benchmark quando eu criei a Hello Interactive. S\u00f3 melhorou quando eu entrei no Google. Eu me encaixei e tudo foi fazendo sentido. Dentro do Google s\u00e3o 11 anos e 5 vidas porque eles n\u00e3o te deixam quieta por um minuto. Quando voc\u00ea come\u00e7a a entender o seu papel, muda o gerente, muda o escopo, muda o papel completamente.<\/p>\n<p><strong>Qual \u00e9 seu momento na empresa hoje?<\/strong><\/p>\n<p>Agora, estou num centro de acelera\u00e7\u00e3o de AI para acelerar a transforma\u00e7\u00e3o do marketing, com foco em como a gente usa intelig\u00eancia artificial para cria\u00e7\u00e3o e estrat\u00e9gia. Eu n\u00e3o estou exatamente fazendo o trabalho criativo agora; eu crio ferramentas e processos para transformar como se faz o trabalho criativo. Estou no Google Marketing, trabalhando com Core Engineering. Ajudo a criar ferramentas e processos que v\u00e3o ser usados em escala para gerar economias de tempo, custo e ajudar os criativos a elevarem a qualidade do trabalho deles.<\/p>\n<p><strong>Pode contar um case bacana dessa rela\u00e7\u00e3o entre criatividade e tecnologia no Google?<\/strong><\/p>\n<p>Tem uma hist\u00f3ria legal, do Pixel Phone, concorrente do iPhone, que ainda n\u00e3o tem no Brasil. Saiu uma mat\u00e9ria no New York Times sobre como as c\u00e2meras fotogr\u00e1ficas t\u00eam um vi\u00e9s porque elas foram feitas e calibradas para pele branca. Teve uma conversa entre o New York Times e o Google e pensamos: ser\u00e1 que o Google n\u00e3o pode desenvolver uma tecnologia para resolver esse problema? Lan\u00e7amos uma campanha para o Pixel novo com a c\u00e2mera mais inclusiva do mundo, e o New York Times come\u00e7ou a usar o Pixel como c\u00e2mera para fazer mat\u00e9rias, porque ela conta melhor a verdade. Fizeram uma s\u00e9rie de document\u00e1rios e conte\u00fados sobre representatividade de pessoas pretas na m\u00eddia, o que \u00e9 muito mais impactante do que s\u00f3 uma publicidade do tipo \u2018compre o Pixel\u2019. Estava navegando no mundo de criatividade, mas sempre explorando como a tecnologia pode ajudar.<\/p>\n<aside>\n<h2>Escolhas do editor<\/h2>\n<\/aside>\n<p><strong>O que te trouxe para esse novo momento?<\/strong><\/p>\n<p>\u00c9 uma hist\u00f3ria do tipo \u201cbe careful what you wish for\u201d [cuidado com o que voc\u00ea deseja]. Tive uma ideia muitos anos atr\u00e1s de que a melhor coisa que os dados podem fazer para um criativo \u00e9 revelar o que as pessoas est\u00e3o pensando, sentindo e falando. Queria criar uma ferramenta para colocar um briefing e o p\u00fablico e pedir para ela falar o que est\u00e1 acontecendo no mundo, na cultura e o que as pessoas est\u00e3o falando sobre esse produto, conectando os posts de social media para ter um insight generator. Quando eu tentei fazer isso, me falaram que a tecnologia ainda n\u00e3o estava l\u00e1. Avan\u00e7a o tempo, e o Gemini \u00e9 lan\u00e7ado. Pensei \u2018chegou a hora\u2019. Comecei a fazer um prot\u00f3tipo, mas n\u00e3o tinha suporte de engenharia. Ent\u00e3o, h\u00e1 um ano e meio, teve uma competi\u00e7\u00e3o que \u00e9 tipo um Shark Tank que o Google Marketing faz e convida a toda a organiza\u00e7\u00e3o para ter ideias usando AI para um determinado prop\u00f3sito. Naquele ano, era para transformar o processo criativo. Me juntei com engenheiros para criar essa ferramenta e ganhamos a competi\u00e7\u00e3o. O time come\u00e7ou a se reorganizar e criaram esse centro de acelera\u00e7\u00e3o de AI Transformation, e eu fui trazida. O Google fala que \u00e9 AI First desde 2016, mas os investimentos come\u00e7aram a acelerar loucamente de um ano e meio para c\u00e1.<\/p>\n<p><strong>Quantas pessoas t\u00eam no seu time hoje?<\/strong><\/p>\n<p>\u00c9 uma tropa de elite, um time pequenininho de dez pessoas. \u00c9 um time de incubar, testar e fazer pilotos para escalar. Estou curtindo muito \u2013 e tamb\u00e9m enlouquecendo \u2013, porque preciso ter rela\u00e7\u00e3o com diferentes \u00e1reas. \u00c9 um ecossistema de uma complexidade enorme, mas \u00e9 legal. Estou aprendendo a \u201cinfluence without owning\u201d [liderar por influ\u00eancia], ou seja, tenho que garantir que aquele cara vai fazer aquele neg\u00f3cio para mim, embora eu n\u00e3o seja chefe dele. \u00c9 outro mundo. Era muito mais f\u00e1cil quando eu recebia um briefing, estava tudo escrito, tinha uma data para entregar e colocava no ar.<\/p>\n<p><strong>Por que voc\u00ea acredita que encaixou tanto no Google?<\/strong><\/p>\n<p>O Google tem duas coisas que eu acho muito importantes. Um desejo genu\u00edno de fazer o bem, de fazer o mundo um pouco melhor. A tecnologia \u00e9 s\u00f3 um canal, mas eu tenho esse desejo de fazer o mundo um pouco melhor. E \u00e9 muito baseado na mentalidade de inova\u00e7\u00e3o, curiosidade e criatividade. Embora seja uma empresa com uma responsabilidade gigante, ainda tem muito espa\u00e7o para experimenta\u00e7\u00e3o, para descobrir coisas e errar. Claro que \u00e9 dif\u00edcil tomar riscos, mas tem uma cultura de arriscar, de fazer o imposs\u00edvel. Toda a arquitetura f\u00edsica do Google \u00e9 desenhada para intera\u00e7\u00f5es humanas e para trocas de conhecimentos. Ent\u00e3o, acho que tocou em todos esses meus pontos. Quando eu vim para o Google, eu falei \u2018quero fazer coisas m\u00e1gicas\u2019.<\/p>\n<p><strong>O quanto a tecnologia amea\u00e7a os criativos?<\/strong><\/p>\n<p>Voc\u00ea pode pensar \u2018ai meu Deus, vai tirar o trabalho das pessoas\u2019. Mas na verdade est\u00e1 elevando a nossa barra e desafiando o criativo a ser mais criativo do que a m\u00e1quina. A IA est\u00e1 for\u00e7ando uma evolu\u00e7\u00e3o criativa e dando um superpoder de chegar em outros n\u00edveis de m\u00e1gica.<\/p>\n<p><strong>Voc\u00ea construiu uma carreira em ag\u00eancias. Como foi de repente estar no cliente?<\/strong><\/p>\n<p>Foi muito louco e estranho. Eu estava na Anomaly fazendo campanhas, uma delas era ligada ao YouTube e eu tinha um contato no Google que era um diretor de cria\u00e7\u00e3o super bacana. Eu era uma das poucas que estava interessada em digital, porque a Anomaly era aquela ag\u00eancia de Super Bowl. Acabei saindo de l\u00e1, e um tempo depois, recebo uma liga\u00e7\u00e3o desse cara, o Ben Jones, que estava montando um time de cria\u00e7\u00e3o no Google e queria que eu fosse uma das primeiras diretoras. Eu falei: \u2018o que uma diretora de cria\u00e7\u00e3o faz numa empresa de tecnologia?\u2019 Ele falou que esse time era como uma arma secreta para ajudar as ag\u00eancias digitais e os clientes a avan\u00e7arem em inova\u00e7\u00e3o, porque as ag\u00eancias tradicionais n\u00e3o faziam isso. E, de repente, os meus clientes eram todos os CCOs das grandes ag\u00eancias. Eu era como uma consultora que mostrava as novas tecnologias. Mas do\u00eda porque eu n\u00e3o tinha controle nenhum do que eles iam fazer com aquelas ideias. E o seu nome n\u00e3o aparece em lugar nenhum. Voc\u00ea desaparece. O primeiro choque foi sair da boca de cena e ir para o backstage.<\/p>\n<p><strong>Foi dif\u00edcil perder esse reconhecimento?<\/strong><\/p>\n<p>Lembrei do Oswaldo Montenegro: metade de mim \u00e9 ego e a outra \u00e9 altru\u00edsmo. Metade de mim era ego, hoje ele est\u00e1 muito melhor administrado. Eu levei muita porrada, mas foi \u00f3timo, eu precisava disso. Porque o sucesso \u00e9 uma droga. Subir no palco, receber um pr\u00eamio fruto de um trabalho t\u00e3o dif\u00edcil, com tantas adversidades, e com t\u00e3o poucos recursos d\u00e1 um barato. Toda vez que eu vejo algum brasileiro no palco, \u00e9 um tes\u00e3o, e \u00e9 dif\u00edcil perder isso. \u00c9 a mesma dor de quando voc\u00ea evolui de criativo para l\u00edder, aprende a sair de perto e ao inv\u00e9s de ter o seu impacto limitado ao que voc\u00ea pode fazer, voc\u00ea pode escalar atrav\u00e9s de outras pessoas. Sempre tenho os meus projetos, mas tamb\u00e9m tenho um puta tes\u00e3o de ver que o meu time est\u00e1 dizendo como fazer produ\u00e7\u00e3o criativa em escala, quais ag\u00eancias escolher, quais ferramentas usar, como medir resultado, eu tenho orgulho. \u00c9 isso, na verdade, que est\u00e1 pagando o sal\u00e1rio de todo mundo, n\u00e3o \u00e9 a minha ferramentinha que a gente nem sabe qual impacto vai ter.<\/p>\n<p><strong>Qual era seu estilo de lideran\u00e7a no Brasil e que n\u00e3o funcionava em Nova York?<\/strong><\/p>\n<p>Eu tenho um estilo direto. \u00c0s vezes, tentava traduzir umas express\u00f5es do portugu\u00eas para o ingl\u00eas, e era mal entendida. Tinha um ritmo muito mais acelerado do que o time estava acostumado, uma linguagem muito diferente. Precisei aprender a dizer \u201cyes, and\u2026\u201d. Descobri que d\u00e1 para falar \u201cn\u00e3o\u201d de uma forma super elegante e ser eficiente do mesmo jeito. E entendi que vender uma ideia precisa envolver os stakeholders, as pessoas certas, na hora certa, do jeito certo. Antes, eu era muito intuitiva, tinha um jeito brasileiro de contar a hist\u00f3ria, e eles eram sempre muito mais rigorosos. Minha presen\u00e7a executiva tamb\u00e9m estava desafiada porque eu n\u00e3o conhecia as pessoas. No Brasil, eu tinha o telefone dos meus clientes e podia ligar tarde da noite para dar uma ideia. Eu falava \u2018me d\u00e1 100 mil reais, isso vai ser muito legal\u2019, e eles confiavam em mim. Perder os relacionamentos acabou comigo. Tive que construir do zero. N\u00e3o senti tanto o preconceito internamente, mas dos clientes, tinha uma resist\u00eancia. At\u00e9 porque eu n\u00e3o estava t\u00e3o preparada. Minha jornada acabou me preparando.<\/p>\n<p><strong>Qual legado voc\u00ea quer deixar?<\/strong><\/p>\n<p>Meu legado \u00e9 trazer humanidade para dados e tecnologia. O Google \u00e9 uma empresa orientada por dados praticamente o tempo inteiro. E isso \u00e9 \u00f3timo, mas a verdade \u00e9 que muitas vezes as ideias mais incr\u00edveis, impactantes e transformadoras surgem quando a gente usa a ingenuidade, intui\u00e7\u00e3o, questiona os dados e traz essa alma. Isso faz toda a diferen\u00e7a. Eu vi isso acontecer muitas vezes. Precisamos ouvir os dados internos, n\u00e3o s\u00f3 os externos. Intui\u00e7\u00e3o \u00e9 dado interno. Essa coisa de trazer humanidade para a tecnologia tem a ver tamb\u00e9m com trazer humanidade para as rela\u00e7\u00f5es de trabalho. O Google vive sob press\u00e3o, todas as empresas vivem em um ritmo muito acelerado e \u00e9 muito f\u00e1cil voc\u00ea ser reativo e focar s\u00f3 no que vai gerar o resultado. Ent\u00e3o, nessas horas, trazer a humanidade de cuidar das pessoas, de ter certeza de que elas est\u00e3o sendo ouvidas, apoiadas, celebradas e incentivadas. Essa humanidade \u00e9 o que eu quero que fique depois que eu sair de l\u00e1.<\/p>\n<p><strong>Voltando para o in\u00edcio da sua carreira, por que decidiu fazer publicidade e propaganda?<\/strong><\/p>\n<p>Meu primeiro passo profissional foi como atriz. Tinha uns 10 anos de idade e j\u00e1 estava ali nos palcos, tendo contato com o mundo art\u00edstico, muito apaixonada por contar hist\u00f3rias e viver outras vidas. Fiz teatro por muito tempo no Tablado, no Rio de Janeiro. Quando chegou o momento de escolher uma carreira, eu queria no meu cora\u00e7\u00e3o fazer teatro, mas n\u00e3o tinha estrutura emocional para viver com instabilidade financeira. E era um momento em que ou voc\u00ea tinha cara de de gal\u00e3 ou era muito dif\u00edcil, as oportunidades eram muito limitadas. Escolhi a carreira de publicidade porque tinha a oportunidade de pensar em personagem, hist\u00f3ria, figurino, dire\u00e7\u00e3o, m\u00fasica, arte. Achei que a propaganda ia me dar esse canvas para brincar com todos os meus interesses art\u00edsticos.<\/p>\n<p><strong>Antes disso, voc\u00ea chegou a fazer jornalismo?<\/strong><\/p>\n<p>Sim, eu comecei no jornalismo porque adorava contar hist\u00f3rias e escrever. Me formei em jornalismo, mas era tudo muito comprometido com a realidade e pouco l\u00fadico. N\u00e3o estava alinhado com o meu modo de ver a vida e de onde eu tirava energia, que era contar as coisas de uma forma diferente e chegar na verdade de uma forma inusitada e com mais liberdade. Acabei mudando para a publicidade, mas o jornalismo foi fundamental na minha forma\u00e7\u00e3o. Mal sabia eu que estava praticando escrever briefings, ouvir clientes, apresentar uma hist\u00f3ria, resolver problemas. Intuitivamente, fui colecionando essas habilidades e experi\u00eancias, e quando chegou a hora de me comprometer com uma carreira, tudo se encaixou.<\/p>\n<p><strong>Quando foi seu primeiro contato com o digital na publicidade?<\/strong><\/p>\n<p>Comecei a trabalhar com propaganda em 1998. Naquele momento, n\u00e3o tinha internet, mas em 2000 um amigo que tinha uma ag\u00eancia me perguntou: \u2018Voc\u00ea sabe o que \u00e9 internet?\u2019 Eu entendi que era NET, da televis\u00e3o, e ele explicou: \u2018N\u00e3o, a rede mundial de computadores\u2019. Quando ele me apresentou para a internet, a minha cabe\u00e7a explodiu porque era uma linguagem de di\u00e1logo e voc\u00ea podia fazer a sua navega\u00e7\u00e3o a partir do seu interesse. Achei aquilo a coisa mais bacana e com mais textura que a comunica\u00e7\u00e3o podia fazer. Tive a sorte de estar no lugar certo, na hora certa, com as pessoas certas e ir para a Ag\u00eanciaClick, que foi uma das primeiras ag\u00eancias digitais que ganhou um dos primeiros Grand Prix de Cyber no mundo, trabalhando com PJ Pereira, que hoje \u00e9 uma refer\u00eancia. Comecei na internet quando s\u00f3 tinha mato e fui evoluindo, trabalhando tanto o lado jornal\u00edstico quanto de propaganda. Fiz um dos primeiros banners com \u00e1udio, para a revista Tpm, que ganhou Le\u00e3o em Cannes e era o meu voice-over, ent\u00e3o tamb\u00e9m coloquei toda a minha atriz para fora.<\/p>\n<p><strong>Mais tarde, o que te levou a empreender?<\/strong><\/p>\n<p>Trabalhei com o Nizan [Guanaes] por alguns anos. Ele queria criar a [Ag\u00eancia] Africa digital e eu falei que toparia digitalizar a Africa. Ao inv\u00e9s de contratar a turminha do digital, eu coloquei uma semente em todos os times. Em 2008, ele me chamou para abrir uma ag\u00eancia p\u00f3s-digital, que foi a Hello Interactive. Com dois anos de vida, teve uma confus\u00e3o do grupo ABC, teve que se desfazer e se juntar com outra ag\u00eancia que era maravilhosa criativamente, mas em termos de business n\u00e3o estava bem estruturada. Eu talvez n\u00e3o tivesse maturidade para tocar aquilo e n\u00e3o estava alinhada com o que a outra ag\u00eancia queria fazer. Acabamos fechando a Hello e foi um empurr\u00e3o para eu ir fazer minha carreira internacional.<\/p>\n<p><strong>Por que voc\u00ea costuma dizer que esse momento foi o fracasso que te d\u00e1 mais orgulho?<\/strong><\/p>\n<p>Eu tenho muito orgulho, porque ali foi quando eu sa\u00ed da minha \u201ccasca de criativa\u201d e evolu\u00ed para me tornar uma business leader, uma empreendedora. Numa reuni\u00e3o, eu era a pessoa de estrat\u00e9gia; na outra, era de vendas. Era uma startup, ent\u00e3o cad\u00ea o papel higi\u00eanico? Passei a ter uma variedade de conversas que me esticou para v\u00e1rios lados e me deu principalmente uma consci\u00eancia de business. Agora come\u00e7ou a mudar um pouco, mas o criativo vivia numa redoma e ningu\u00e9m tocava.<\/p>\n<p><strong>At\u00e9 ent\u00e3o, voc\u00ea era totalmente voltada para o criativo?<\/strong><\/p>\n<p>Era uma criativa intoc\u00e1vel; a medida de sucesso era ganhar pr\u00eamio. Passei a ter um entendimento de como trazer a minha mente criativa para gerar neg\u00f3cios. Vivi essa transforma\u00e7\u00e3o em outro momento da minha carreira, quando estava no Google h\u00e1 muitos anos trabalhando com cria\u00e7\u00e3o e um VP me falou \u2018Suzana, voc\u00ea tem que come\u00e7ar a trabalhar com dados\u2019. Ali eu percebi que esse \u00e9 o pulo do gato. Voc\u00ea n\u00e3o pode dissociar a cria\u00e7\u00e3o dos dados, n\u00e3o pode colocar o cientista de dados de um lado e o criativo de outro, eles t\u00eam que conversar o tempo inteiro e o criativo n\u00e3o pode ignorar o que os dados est\u00e3o revelando. \u00c9 um superpoder.<\/p>\n<p><strong>Como foi para voc\u00ea fazer a transi\u00e7\u00e3o de liderar equipes criativas para times de dados?<\/strong><\/p>\n<p>Eu era diretora de cria\u00e7\u00e3o, liderando criativos e estrategistas por anos. Mas, de repente, liderar cientistas de dados, que o barato deles s\u00e3o as planilhas, foi uma mudan\u00e7a radical. Tive muita dificuldade de alinhar a linguagem, mas no fim foi um salto incr\u00edvel na minha carreira. \u00c9 um chamado de sobreviv\u00eancia do mercado porque a cria\u00e7\u00e3o s\u00f3 vai sobreviver se come\u00e7ar a entregar resultados de neg\u00f3cio.<\/p>\n<p><strong>Voc\u00ea sente que o mercado mudou? Todo profissional hoje precisa ter esse olhar para o neg\u00f3cio?<\/strong><\/p>\n<p>Dentro do mercado publicit\u00e1rio, de modo geral, eu vejo uma evolu\u00e7\u00e3o de mais consci\u00eancia da import\u00e2ncia de gerar resultados no longo prazo. Antes, o CMO queria ganhar pr\u00eamio, era muito imediatista e isso afetava o desenvolvimento das estrat\u00e9gias. O mercado amadureceu de v\u00e1rias formas, e tamb\u00e9m na quest\u00e3o do work-life balance [equil\u00edbrio entre vida pessoal e profissional]. Eu venho de um tempo em que era escravid\u00e3o, e as pessoas tinham orgulho disso.<\/p>\n<p><strong>Tirando o crach\u00e1, quem \u00e9 a Suzana?<\/strong><\/p>\n<p>\u00c9 a m\u00e3e do Gael, de nove anos. Ele nasceu aqui [Nova York], mas fala um portugu\u00eas de gringuinho, eu fa\u00e7o quest\u00e3o. Tive o Gael com 42 anos, o que foi uma b\u00ean\u00e7\u00e3o, porque ele veio em um momento que eu queria muito, que eu tinha muito espa\u00e7o e desejo, tinha encontrado um \u00f3timo parceiro. E veio na hora certa, do jeito certo. Ele me deu de presente amar piano <span style=\"font-weight: 400;\">\u2013 <\/span>toco mal, mas toco.<\/p>\n<p><strong>Pensa em voltar para o Brasil?<\/strong><\/p>\n<p>Eu penso, mas n\u00e3o da forma tradicional. O nosso sonho \u00e9 passar seis meses nos Estados Unidos e seis meses no Brasil. Durante o inverno, a gente moraria no Brasil. Eu adoraria que o Gael tivesse a oportunidade de ficar um tempo l\u00e1. Na pandemia, foi maravilhoso para ele ter contato com a cultura brasileira. O Brasil est\u00e1 muito no meu cora\u00e7\u00e3o e em tudo o que eu fa\u00e7o. Falando de prop\u00f3sito, eu estou sentada num lugar muito privilegiado, numa empresa muito importante, numa cidade, num pa\u00eds que influencia o mundo. E eu sinto que tenho o dever de retribuir para o Brasil. \u00c9 por isso que palestrei no Rio Innovation Week este ano. Vivo enlouquecida, mas toda vez que me chamam para fazer um public speaking no Brasil, dou o meu jeito de ir, porque eu sinto que n\u00e3o posso guardar toda essa informa\u00e7\u00e3o s\u00f3 para mim.<\/p>\n<p><strong>Como voc\u00ea percebe o avan\u00e7o da lideran\u00e7a feminina no mercado?<\/strong><\/p>\n<p>A situa\u00e7\u00e3o n\u00e3o est\u00e1 legal. Existe um progresso em alguns pa\u00edses, mas \u00e9 muito pequeno e devagar. Se continuar nesse ritmo, vai levar mais de 100 anos para atingir a igualdade de g\u00eanero nas posi\u00e7\u00f5es de lideran\u00e7a. Algumas coisas muito legais est\u00e3o sendo feitas, mas eu sempre fico pensando o que mais d\u00e1 para fazer. Qual \u00e9 a parte que eu posso controlar? Essa \u00e9 outra raz\u00e3o das minhas palestras. Quero que as mulheres vejam que \u00e9 poss\u00edvel. E recebo muito esse feedback. Sempre recebo mensagens lindas das mulheres falando \u2018que bom ver uma brasileira no palco, nessa posi\u00e7\u00e3o de import\u00e2ncia e de impacto\u2019. Eu tenho que fazer isso, e eu fa\u00e7o. Tamb\u00e9m dou mentorias, abro a minha agenda, especialmente para meninas novas no in\u00edcio da carreira ou m\u00e9dia ger\u00eancia. O Google d\u00e1 muito treinamento e s\u00e3o informa\u00e7\u00f5es supervaliosas. Ent\u00e3o, essa \u00e9 a parte que eu posso fazer, ajudar a inspirar e mentorar. O que me d\u00e1 conforto \u00e9 saber que as mulheres, individualmente, est\u00e3o se ajudando. N\u00e3o sei quando isso vai fazer impacto em escala, mas se a gente fizer nosso movimento de formiguinha, uma hora a coisa vira.<\/p>\n<aside class=\"web-story\">&#13;<br \/>\n  &#13;<br \/>\n<\/aside>\n<div class=\"follow-us\">Siga o canal da <a href=\"https:\/\/whatsapp.com\/channel\/0029Va9gQKwBFLgM96cJnu0u\" target=\"_blank\" rel=\"noopener noreferrer nofollow\" title=\"Grupo da Forbes no WhatsApp\">Forbes<\/a> no WhatsApp e receba as principais not\u00edcias de empreendedorismo, carreira, tecnologia, agro e lifestyle.<\/div>\n<\/p><\/div>\n<p><script data-debloat-delay=\"1\" type=\"text\/debloat-script\">\n\t\t\t\t(function(d, s, id){\n\t\t\t\t\tvar js, fjs = d.getElementsByTagName(s)[0];\n\t\t\t\t\tif (d.getElementById(id)) return;\n\t\t\t\t\tjs = d.createElement(s); js.id = id;\n\t\t\t\t\tjs.src = \"\/\/connect.facebook.net\/pt_BR\/sdk.js#xfbml=1&version=v2.9\";\n\t\t\t\t\tfjs.parentNode.insertBefore(js, fjs);\n\t\t\t\t}(document, 'script', 'facebook-jssdk'));\n\t\t\t<\/script><br \/>\n<br \/><br \/>\n<br \/><a href=\"https:\/\/forbes.com.br\/carreira\/2025\/10\/intuicao-e-dado-interno-diz-brasileira-head-global-de-inovacao-do-google-media-lab\/\">Source link <\/a><\/p>\n<div class='code-block code-block-4' style='margin: 8px auto 8px 0; text-align: left; display: block; clear: both;'>\n\ud83d\udce2 Aviso Legal\n\nO site ismaelcolosi.com.br atua apenas como um canal de divulga\u00e7\u00e3o de oportunidades de emprego e n\u00e3o se responsabiliza pelo processo seletivo, contrata\u00e7\u00e3o ou qualquer outra etapa relacionada \u00e0s vagas publicadas. Todas as informa\u00e7\u00f5es s\u00e3o de responsabilidade dos anunciantes.\n\n\u26a0\ufe0f Aten\u00e7\u00e3o! Nunca pague por promessas de emprego nem compre cursos que garantam contrata\u00e7\u00e3o. Desconfie de qualquer cobran\u00e7a para participar de sele\u00e7\u00f5es.\n\n\n\n<\/div>\n<!-- CONTENT END 1 -->\n","protected":false},"excerpt":{"rendered":"<p>&#13; Divulga\u00e7\u00e3o\/Google &#13;Suzana Apelbaum trabalhou em ag\u00eancias como JWT e Africa antes de se mudar para Nova York h\u00e1 15 anos, onde atuou na StrawberryFrog,&#8230;<\/p>\n","protected":false},"author":1,"featured_media":88112,"comment_status":"","ping_status":"open","sticky":false,"template":"","format":"standard","meta":{"_uag_custom_page_level_css":"","advanced_seo_description":"","jetpack_seo_html_title":"","jetpack_seo_noindex":false,"jetpack_post_was_ever_published":false,"_jetpack_newsletter_access":"","_jetpack_dont_email_post_to_subs":false,"_jetpack_newsletter_tier_id":0,"_jetpack_memberships_contains_paywalled_content":false,"_jetpack_memberships_contains_paid_content":false,"footnotes":"","jetpack_publicize_message":"","jetpack_publicize_feature_enabled":true,"jetpack_social_post_already_shared":true,"jetpack_social_options":{"image_generator_settings":{"template":"highway","default_image_id":0,"font":"","enabled":false},"version":2}},"categories":[1964],"tags":[],"class_list":["post-88111","post","type-post","status-publish","format-standard","has-post-thumbnail","hentry","category-carreira-e-sucesso-dicas-para-carreira"],"jetpack_publicize_connections":[],"jetpack_featured_media_url":"https:\/\/i0.wp.com\/ismaelcolosi.com.br\/wp-content\/uploads\/2025\/10\/mulher-suzana-apelbaum-google-1200x675.jpg?fit=1200%2C675&ssl=1","uagb_featured_image_src":{"full":["https:\/\/i0.wp.com\/ismaelcolosi.com.br\/wp-content\/uploads\/2025\/10\/mulher-suzana-apelbaum-google-1200x675.jpg?fit=1200%2C675&ssl=1",1200,675,false],"thumbnail":["https:\/\/i0.wp.com\/ismaelcolosi.com.br\/wp-content\/uploads\/2025\/10\/mulher-suzana-apelbaum-google-1200x675.jpg?resize=150%2C150&ssl=1",150,150,true],"medium":["https:\/\/i0.wp.com\/ismaelcolosi.com.br\/wp-content\/uploads\/2025\/10\/mulher-suzana-apelbaum-google-1200x675.jpg?fit=300%2C169&ssl=1",300,169,true],"medium_large":["https:\/\/i0.wp.com\/ismaelcolosi.com.br\/wp-content\/uploads\/2025\/10\/mulher-suzana-apelbaum-google-1200x675.jpg?fit=768%2C432&ssl=1",768,432,true],"large":["https:\/\/i0.wp.com\/ismaelcolosi.com.br\/wp-content\/uploads\/2025\/10\/mulher-suzana-apelbaum-google-1200x675.jpg?fit=1024%2C576&ssl=1",1024,576,true],"1536x1536":["https:\/\/i0.wp.com\/ismaelcolosi.com.br\/wp-content\/uploads\/2025\/10\/mulher-suzana-apelbaum-google-1200x675.jpg?fit=1200%2C675&ssl=1",1200,675,true],"2048x2048":["https:\/\/i0.wp.com\/ismaelcolosi.com.br\/wp-content\/uploads\/2025\/10\/mulher-suzana-apelbaum-google-1200x675.jpg?fit=1200%2C675&ssl=1",1200,675,true],"really-simple-thumb":["https:\/\/i0.wp.com\/ismaelcolosi.com.br\/wp-content\/uploads\/2025\/10\/mulher-suzana-apelbaum-google-1200x675.jpg?resize=370%2C247&ssl=1",370,247,true]},"uagb_author_info":{"display_name":"ismaelcolosi.com.br","author_link":"https:\/\/ismaelcolosi.com.br\/index.php\/author\/vidareal-online\/"},"uagb_comment_info":0,"uagb_excerpt":"&#13; Divulga\u00e7\u00e3o\/Google &#13;Suzana Apelbaum trabalhou em ag\u00eancias como JWT e Africa antes de se mudar para Nova York h\u00e1 15 anos, onde atuou na StrawberryFrog,...","jetpack-related-posts":[{"id":88113,"url":"https:\/\/ismaelcolosi.com.br\/index.php\/2025\/10\/30\/mauricio-martiniano-assume-lideranca-do-google-campus-no-brasil\/","url_meta":{"origin":88111,"position":0},"title":"Maur\u00edcio Martiniano Assume Lideran\u00e7a do Google Campus no Brasil","author":"ismaelcolosi.com.br","date":"30 de October de 2025","format":false,"excerpt":"\r \r \r \r Ap\u00f3s 12 anos de carreira na companhia, executivo comandar\u00e1 opera\u00e7\u00e3o do espa\u00e7o de conex\u00e3o para startups em S\u00e3o Paulo \r \r \r \r Divulga\u00e7\u00e3o\r \r Acessibilidade \r L\r L\r A-\r A+\r \r \u25d0\r \r Maur\u00edcio Martiniano, executivo com 12 anos de trajet\u00f3ria no Google e atual\u2026","rel":"","context":"In &quot;Carreira e Sucesso&quot;","block_context":{"text":"Carreira e Sucesso","link":"https:\/\/ismaelcolosi.com.br\/index.php\/category\/carreira-e-sucesso-dicas-para-carreira\/"},"img":{"alt_text":"","src":"https:\/\/i0.wp.com\/ismaelcolosi.com.br\/wp-content\/uploads\/2025\/10\/Mauricio-Google-1200x675.png?fit=1200%2C675&ssl=1&resize=350%2C200","width":350,"height":200,"srcset":"https:\/\/i0.wp.com\/ismaelcolosi.com.br\/wp-content\/uploads\/2025\/10\/Mauricio-Google-1200x675.png?fit=1200%2C675&ssl=1&resize=350%2C200 1x, https:\/\/i0.wp.com\/ismaelcolosi.com.br\/wp-content\/uploads\/2025\/10\/Mauricio-Google-1200x675.png?fit=1200%2C675&ssl=1&resize=525%2C300 1.5x, https:\/\/i0.wp.com\/ismaelcolosi.com.br\/wp-content\/uploads\/2025\/10\/Mauricio-Google-1200x675.png?fit=1200%2C675&ssl=1&resize=700%2C400 2x, https:\/\/i0.wp.com\/ismaelcolosi.com.br\/wp-content\/uploads\/2025\/10\/Mauricio-Google-1200x675.png?fit=1200%2C675&ssl=1&resize=1050%2C600 3x"},"classes":[]},{"id":88762,"url":"https:\/\/ismaelcolosi.com.br\/index.php\/2026\/01\/06\/google-cloud-nomeia-milena-leal-como-country-manager-no-brasil\/","url_meta":{"origin":88111,"position":1},"title":"Google Cloud Nomeia Milena Leal Como Country Manager no Brasil","author":"ismaelcolosi.com.br","date":"6 de January de 2026","format":false,"excerpt":"\r \r \r \r Com passagens por SAP e Oracle, executiva \u00e9 promovida ao novo cargo ap\u00f3s cinco anos na companhia \r \r \r \r Divulga\u00e7\u00e3o\r Nova country manager do Google Cloud no Brasil, Milena Leal soma mais de 30 anos de experi\u00eancia no mercado de tecnologia\r Acessibilidade \r L\r\u2026","rel":"","context":"In &quot;Carreira e Sucesso&quot;","block_context":{"text":"Carreira e Sucesso","link":"https:\/\/ismaelcolosi.com.br\/index.php\/category\/carreira-e-sucesso-dicas-para-carreira\/"},"img":{"alt_text":"","src":"https:\/\/i0.wp.com\/ismaelcolosi.com.br\/wp-content\/uploads\/2026\/01\/Milena-Leal-Country-Manager-do-Google-Cloud-Brasil-1200x675.jpg?fit=1200%2C675&ssl=1&resize=350%2C200","width":350,"height":200,"srcset":"https:\/\/i0.wp.com\/ismaelcolosi.com.br\/wp-content\/uploads\/2026\/01\/Milena-Leal-Country-Manager-do-Google-Cloud-Brasil-1200x675.jpg?fit=1200%2C675&ssl=1&resize=350%2C200 1x, https:\/\/i0.wp.com\/ismaelcolosi.com.br\/wp-content\/uploads\/2026\/01\/Milena-Leal-Country-Manager-do-Google-Cloud-Brasil-1200x675.jpg?fit=1200%2C675&ssl=1&resize=525%2C300 1.5x, https:\/\/i0.wp.com\/ismaelcolosi.com.br\/wp-content\/uploads\/2026\/01\/Milena-Leal-Country-Manager-do-Google-Cloud-Brasil-1200x675.jpg?fit=1200%2C675&ssl=1&resize=700%2C400 2x, https:\/\/i0.wp.com\/ismaelcolosi.com.br\/wp-content\/uploads\/2026\/01\/Milena-Leal-Country-Manager-do-Google-Cloud-Brasil-1200x675.jpg?fit=1200%2C675&ssl=1&resize=1050%2C600 3x"},"classes":[]},{"id":88376,"url":"https:\/\/ismaelcolosi.com.br\/index.php\/2025\/12\/03\/google-oferece-plataforma-para-aprender-ia-e-tecnologia-do-zero\/","url_meta":{"origin":88111,"position":2},"title":"Google Oferece Plataforma para Aprender IA e Tecnologia do Zero","author":"ismaelcolosi.com.br","date":"3 de December de 2025","format":false,"excerpt":"\r Google Steve Marcus\/Reuters\r Cursos oferecidos pelo Google v\u00e3o desde p\u00edlulas de 10 minutos at\u00e9 forma\u00e7\u00f5es avan\u00e7adas \r Acessibilidade \r L\r L\r A-\r A+\r \r \u25d0\r \r O avan\u00e7o acelerado da intelig\u00eancia artificial transformou a qualifica\u00e7\u00e3o profissional em uma corrida contra o tempo. Hoje, especialistas em IA est\u00e3o entre os\u2026","rel":"","context":"In &quot;Carreira e Sucesso&quot;","block_context":{"text":"Carreira e Sucesso","link":"https:\/\/ismaelcolosi.com.br\/index.php\/category\/carreira-e-sucesso-dicas-para-carreira\/"},"img":{"alt_text":"","src":"https:\/\/i0.wp.com\/ismaelcolosi.com.br\/wp-content\/uploads\/2025\/12\/google-cursos-1200x675.jpg?fit=1200%2C675&ssl=1&resize=350%2C200","width":350,"height":200,"srcset":"https:\/\/i0.wp.com\/ismaelcolosi.com.br\/wp-content\/uploads\/2025\/12\/google-cursos-1200x675.jpg?fit=1200%2C675&ssl=1&resize=350%2C200 1x, https:\/\/i0.wp.com\/ismaelcolosi.com.br\/wp-content\/uploads\/2025\/12\/google-cursos-1200x675.jpg?fit=1200%2C675&ssl=1&resize=525%2C300 1.5x, https:\/\/i0.wp.com\/ismaelcolosi.com.br\/wp-content\/uploads\/2025\/12\/google-cursos-1200x675.jpg?fit=1200%2C675&ssl=1&resize=700%2C400 2x, https:\/\/i0.wp.com\/ismaelcolosi.com.br\/wp-content\/uploads\/2025\/12\/google-cursos-1200x675.jpg?fit=1200%2C675&ssl=1&resize=1050%2C600 3x"},"classes":[]},{"id":84996,"url":"https:\/\/ismaelcolosi.com.br\/index.php\/2025\/04\/30\/alura-e-google-abrem-vagas-para-capacitacao-em-ia\/","url_meta":{"origin":88111,"position":3},"title":"Alura e Google Abrem Vagas para Capacita\u00e7\u00e3o em IA","author":"ismaelcolosi.com.br","date":"30 de April de 2025","format":false,"excerpt":"\r \r \r \r A proposta da imers\u00e3o \u00e9 suprir a demanda crescente por profissionais com conhecimento em IA\r \r \r \r \r Canva Images\r \r Acessibilidade \r L\r L\r A-\r A+\r \r \u25d0\r \r De acordo com o F\u00f3rum Econ\u00f4mico Mundial, a demanda por profissionais com conhecimento em intelig\u00eancia\u2026","rel":"","context":"In &quot;Carreira e Sucesso&quot;","block_context":{"text":"Carreira e Sucesso","link":"https:\/\/ismaelcolosi.com.br\/index.php\/category\/carreira-e-sucesso-dicas-para-carreira\/"},"img":{"alt_text":"","src":"https:\/\/i0.wp.com\/ismaelcolosi.com.br\/wp-content\/uploads\/2025\/04\/alura-e-google-1200x675.png?fit=1200%2C675&ssl=1&resize=350%2C200","width":350,"height":200,"srcset":"https:\/\/i0.wp.com\/ismaelcolosi.com.br\/wp-content\/uploads\/2025\/04\/alura-e-google-1200x675.png?fit=1200%2C675&ssl=1&resize=350%2C200 1x, https:\/\/i0.wp.com\/ismaelcolosi.com.br\/wp-content\/uploads\/2025\/04\/alura-e-google-1200x675.png?fit=1200%2C675&ssl=1&resize=525%2C300 1.5x, https:\/\/i0.wp.com\/ismaelcolosi.com.br\/wp-content\/uploads\/2025\/04\/alura-e-google-1200x675.png?fit=1200%2C675&ssl=1&resize=700%2C400 2x, https:\/\/i0.wp.com\/ismaelcolosi.com.br\/wp-content\/uploads\/2025\/04\/alura-e-google-1200x675.png?fit=1200%2C675&ssl=1&resize=1050%2C600 3x"},"classes":[]},{"id":84463,"url":"https:\/\/ismaelcolosi.com.br\/index.php\/2025\/04\/11\/google-demite-funcionarios-de-android-e-pixel-diz-the-information\/","url_meta":{"origin":88111,"position":4},"title":"Google Demite Funcion\u00e1rios de Android e Pixel, Diz The Information","author":"ismaelcolosi.com.br","date":"11 de April de 2025","format":false,"excerpt":"\r REUTERS\/Paresh Dave\r Em janeiro de 2023, a Alphabet havia anunciado planos para cortar 12.000 empregos, ou 6% de sua for\u00e7a de trabalho global\r Acessibilidade \r L\r L\r A-\r A+\r \r \u25d0\r \r O Google, da Alphabet, demitiu centenas de funcion\u00e1rios de sua divis\u00e3o de plataformas e dispositivos, informou o\u2026","rel":"","context":"In &quot;Carreira e Sucesso&quot;","block_context":{"text":"Carreira e Sucesso","link":"https:\/\/ismaelcolosi.com.br\/index.php\/category\/carreira-e-sucesso-dicas-para-carreira\/"},"img":{"alt_text":"","src":"https:\/\/i0.wp.com\/ismaelcolosi.com.br\/wp-content\/uploads\/2025\/04\/2025-04-11T155528Z_1_LYNXNPEL3A0VN_RTROPTP_4_WIZ-M-A-ALPHABET-1200x675.jpg?fit=1200%2C675&ssl=1&resize=350%2C200","width":350,"height":200,"srcset":"https:\/\/i0.wp.com\/ismaelcolosi.com.br\/wp-content\/uploads\/2025\/04\/2025-04-11T155528Z_1_LYNXNPEL3A0VN_RTROPTP_4_WIZ-M-A-ALPHABET-1200x675.jpg?fit=1200%2C675&ssl=1&resize=350%2C200 1x, https:\/\/i0.wp.com\/ismaelcolosi.com.br\/wp-content\/uploads\/2025\/04\/2025-04-11T155528Z_1_LYNXNPEL3A0VN_RTROPTP_4_WIZ-M-A-ALPHABET-1200x675.jpg?fit=1200%2C675&ssl=1&resize=525%2C300 1.5x, https:\/\/i0.wp.com\/ismaelcolosi.com.br\/wp-content\/uploads\/2025\/04\/2025-04-11T155528Z_1_LYNXNPEL3A0VN_RTROPTP_4_WIZ-M-A-ALPHABET-1200x675.jpg?fit=1200%2C675&ssl=1&resize=700%2C400 2x, https:\/\/i0.wp.com\/ismaelcolosi.com.br\/wp-content\/uploads\/2025\/04\/2025-04-11T155528Z_1_LYNXNPEL3A0VN_RTROPTP_4_WIZ-M-A-ALPHABET-1200x675.jpg?fit=1200%2C675&ssl=1&resize=1050%2C600 3x"},"classes":[]},{"id":84916,"url":"https:\/\/ismaelcolosi.com.br\/index.php\/2025\/04\/29\/google-abre-inscricoes-para-programa-de-estagio\/","url_meta":{"origin":88111,"position":5},"title":"Google Abre Inscri\u00e7\u00f5es para Programa de Est\u00e1gio","author":"ismaelcolosi.com.br","date":"29 de April de 2025","format":false,"excerpt":"\r Divulga\u00e7\u00e3o\/Google\r Processo seletivo do Google inclui triagem de perfil e entrevistas com foco t\u00e9cnico e comportamental\r Acessibilidade \r L\r L\r A-\r A+\r \r \u25d0\r \r \u00a0 O Google est\u00e1 com inscri\u00e7\u00f5es abertas para seu programa de est\u00e1gio na \u00e1rea de neg\u00f3cios. Com in\u00edcio previsto para agosto de 2025, as\u2026","rel":"","context":"In &quot;Carreira e Sucesso&quot;","block_context":{"text":"Carreira e Sucesso","link":"https:\/\/ismaelcolosi.com.br\/index.php\/category\/carreira-e-sucesso-dicas-para-carreira\/"},"img":{"alt_text":"","src":"https:\/\/i0.wp.com\/ismaelcolosi.com.br\/wp-content\/uploads\/2025\/04\/forbes-google-trabalho-estagio-1200x675.jpg?fit=1200%2C675&ssl=1&resize=350%2C200","width":350,"height":200,"srcset":"https:\/\/i0.wp.com\/ismaelcolosi.com.br\/wp-content\/uploads\/2025\/04\/forbes-google-trabalho-estagio-1200x675.jpg?fit=1200%2C675&ssl=1&resize=350%2C200 1x, https:\/\/i0.wp.com\/ismaelcolosi.com.br\/wp-content\/uploads\/2025\/04\/forbes-google-trabalho-estagio-1200x675.jpg?fit=1200%2C675&ssl=1&resize=525%2C300 1.5x, https:\/\/i0.wp.com\/ismaelcolosi.com.br\/wp-content\/uploads\/2025\/04\/forbes-google-trabalho-estagio-1200x675.jpg?fit=1200%2C675&ssl=1&resize=700%2C400 2x, https:\/\/i0.wp.com\/ismaelcolosi.com.br\/wp-content\/uploads\/2025\/04\/forbes-google-trabalho-estagio-1200x675.jpg?fit=1200%2C675&ssl=1&resize=1050%2C600 3x"},"classes":[]}],"jetpack_sharing_enabled":true,"jetpack_shortlink":"https:\/\/wp.me\/pfMlyK-mV9","_links":{"self":[{"href":"https:\/\/ismaelcolosi.com.br\/index.php\/wp-json\/wp\/v2\/posts\/88111","targetHints":{"allow":["GET"]}}],"collection":[{"href":"https:\/\/ismaelcolosi.com.br\/index.php\/wp-json\/wp\/v2\/posts"}],"about":[{"href":"https:\/\/ismaelcolosi.com.br\/index.php\/wp-json\/wp\/v2\/types\/post"}],"author":[{"embeddable":true,"href":"https:\/\/ismaelcolosi.com.br\/index.php\/wp-json\/wp\/v2\/users\/1"}],"replies":[{"embeddable":true,"href":"https:\/\/ismaelcolosi.com.br\/index.php\/wp-json\/wp\/v2\/comments?post=88111"}],"version-history":[{"count":0,"href":"https:\/\/ismaelcolosi.com.br\/index.php\/wp-json\/wp\/v2\/posts\/88111\/revisions"}],"wp:featuredmedia":[{"embeddable":true,"href":"https:\/\/ismaelcolosi.com.br\/index.php\/wp-json\/wp\/v2\/media\/88112"}],"wp:attachment":[{"href":"https:\/\/ismaelcolosi.com.br\/index.php\/wp-json\/wp\/v2\/media?parent=88111"}],"wp:term":[{"taxonomy":"category","embeddable":true,"href":"https:\/\/ismaelcolosi.com.br\/index.php\/wp-json\/wp\/v2\/categories?post=88111"},{"taxonomy":"post_tag","embeddable":true,"href":"https:\/\/ismaelcolosi.com.br\/index.php\/wp-json\/wp\/v2\/tags?post=88111"}],"curies":[{"name":"wp","href":"https:\/\/api.w.org\/{rel}","templated":true}]}}