{"id":88109,"date":"2025-10-30T05:12:00","date_gmt":"2025-10-30T08:12:00","guid":{"rendered":"https:\/\/ismaelcolosi.com.br\/index.php\/2025\/10\/30\/ibm-lanca-programa-gratuito-para-formar-novos-talentos-em-tecnologia\/"},"modified":"2025-10-30T05:12:00","modified_gmt":"2025-10-30T08:12:00","slug":"ibm-lanca-programa-gratuito-para-formar-novos-talentos-em-tecnologia","status":"publish","type":"post","link":"https:\/\/ismaelcolosi.com.br\/index.php\/2025\/10\/30\/ibm-lanca-programa-gratuito-para-formar-novos-talentos-em-tecnologia\/","title":{"rendered":"IBM Lan\u00e7a Programa Gratuito para Formar Novos Talentos em Tecnologia"},"content":{"rendered":"<p> <br \/>\n<\/p>\n<div id=\"post-721278\">&#13;<\/p>\n<header>&#13;<\/p>\n<p>&#13;<\/p>\n<h2 class=\"post__excerpt\">&#13;<br \/>\n            Iniciativa oferece mais de mil cursos online em \u00e1reas como intelig\u00eancia artificial, computa\u00e7\u00e3o em nuvem e ciberseguran\u00e7a    <\/h2>\n<\/p>\n<p>&#13;<br \/>\n\t\t\t\t\t\t&#13;<br \/>\n\t\t\t\t\t<\/header>\n<p>&#13;<\/p>\n<div class=\"entry-content\">\n<figure class=\"destaque wp-caption\">&#13;<br \/>\n\t\t<img data-recalc-dims=\"1\" width=\"678\" height=\"452\" src=\"https:\/\/i0.wp.com\/forbes.com.br\/wp-content\/uploads\/2025\/10\/cursos-ibm-768x512.jpg?resize=678%2C452&#038;ssl=1\" class=\"attachment-medium_large size-medium_large wp-post-image\" alt=\"mulher fazendo cursos no computador\" decoding=\"async\" fetchpriority=\"high\"\/>\t\t<\/p>\n<p>massimo colombo\/Getty Images<\/p>\n<p>&#13;<figcaption class=\"wp-caption-text\">Participantes ter\u00e3o acesso a mentorias com especialistas da IBM<\/figcaption>&#13;<br \/>\n\t<\/figure>\n<div class=\"accessibility\">\n<p>Acessibilidade<\/p>\n<p>&#13;<br \/>\n\t\t\t<button onclick=\"alterFont1()\" id=\"btn1\" class=\"btn\">L<\/button>&#13;<br \/>\n\t\t\t<button onclick=\"alterFont2()\" id=\"btn2\" class=\"btn\" style=\"font-family:Merriweather\">L<\/button>&#13;<br \/>\n\t\t\t<button onclick=\"alterFontSmallerSize()\" id=\"btn3\" class=\"btn\">A-<\/button>&#13;<br \/>\n\t\t\t<button onclick=\"alterFontBiggerSize()\" id=\"btn4\" class=\"btn\">A+<\/button>&#13;<br \/>\n\t\t\t<!--<button onclick='alterFontBolder()' id='btn5' class=\"btn\" >B<\/button>-->&#13;<br \/>\n\t\t\t<button onclick=\"alterBackground()\" id=\"btn6\" class=\"btn\">\u25d0<\/button>&#13;<br \/>\n\t\t\t<!--<button onclick='clean()' id='btn7' class=\"btn\" >Limpar<\/button>-->&#13;\n\t\t<\/p>\n<\/p><\/div>\n<p>A <strong>IBM<\/strong>, em parceria com o <strong>CIEE<\/strong> (Centro de Integra\u00e7\u00e3o Empresa-Escola), lan\u00e7ou um programa gratuito para estudantes e educadores desenvolverem habilidades em \u00e1reas como<strong> intelig\u00eancia artificial, computa\u00e7\u00e3o em nuvem e ciberseguran\u00e7a.<\/strong><\/p>\n<p>Por meio da plataforma <strong>IBM SkillsBuild,<\/strong> a iniciativa oferece mais de 1.000 cursos online e gratuitos, dispon\u00edveis em 20 idiomas, com trilhas de aprendizagem personalizadas e emiss\u00e3o de credenciais. Os participantes ter\u00e3o acesso a <strong>atividades pr\u00e1ticas<\/strong>, <strong>mentoria com especialistas<\/strong> <strong>da IBM<\/strong> e caminhos que conectam o aprendizado a oportunidades de carreira.<\/p>\n<aside>\n<h2>Leia tamb\u00e9m<\/h2>\n<\/aside>\n<blockquote>\n<p>\u201cO objetivo \u00e9 n\u00e3o apenas preparar jovens para carreiras no setor de tecnologia, mas tamb\u00e9m criar mais oportunidades que promovam o desenvolvimento social e econ\u00f4mico.\u201d<br \/>Fl\u00e1via Freitas, l\u00edder de responsabilidade social corporativa da IBM Am\u00e9rica Latina<\/p>\n<\/blockquote>\n<p>O programa \u00e9 voltado a estudantes e professores do ensino m\u00e9dio, universit\u00e1rios, educadores e profissionais em busca de qualifica\u00e7\u00e3o.<\/p>\n<p>Os cursos gratuitos podem ser acessados <strong><a href=\"https:\/\/students-auth.skillsbuild.org\/signup?learning_path=https:%2F%2Fstudents.yourlearning.ibm.com%2Factivity%2FPLAN-1D80AE80D41D%3Flang%3Dpt-br%26mgr%3D3504267REG%26org%3D6224%26utm_campaign%3Dciee-all&amp;mgr=3504267REG&amp;org=6224&amp;utm_campaign=ciee-all\" target=\"_blank\" rel=\"noopener\">aqui<\/a><\/strong>.<\/p>\n<aside>\n<h2>Escolhas do editor<\/h2>\n<\/aside>\n<div class=\"follow-us\">Siga o canal da <a href=\"https:\/\/whatsapp.com\/channel\/0029Va9gQKwBFLgM96cJnu0u\" target=\"_blank\" rel=\"noopener noreferrer nofollow\" title=\"Grupo da Forbes no WhatsApp\">Forbes<\/a> no WhatsApp e receba as principais not\u00edcias de empreendedorismo, carreira, tecnologia, agro e lifestyle.<\/div>\n<\/p><\/div>\n<p>&#13;<br \/>\n\t\t\t\t\t \t\t\t\t\t  &#13;\n\t\t\t\t<\/p><\/div>\n<p><script data-debloat-delay=\"1\" type=\"text\/debloat-script\">\n\t\t\t\t(function(d, s, id){\n\t\t\t\t\tvar js, fjs = d.getElementsByTagName(s)[0];\n\t\t\t\t\tif (d.getElementById(id)) return;\n\t\t\t\t\tjs = d.createElement(s); js.id = id;\n\t\t\t\t\tjs.src = \"\/\/connect.facebook.net\/pt_BR\/sdk.js#xfbml=1&version=v2.9\";\n\t\t\t\t\tfjs.parentNode.insertBefore(js, fjs);\n\t\t\t\t}(document, 'script', 'facebook-jssdk'));\n\t\t\t<\/script><br \/>\n<br \/><br \/>\n<br \/><a href=\"https:\/\/forbes.com.br\/carreira\/2025\/10\/ibm-lanca-programa-gratuito-para-formar-novos-talentos-em-tecnologia\/\">Source link <\/a><\/p>\n<div class='code-block code-block-4' style='margin: 8px auto 8px 0; text-align: left; display: block; clear: both;'>\n\ud83d\udce2 Aviso Legal\n\nO site ismaelcolosi.com.br atua apenas como um canal de divulga\u00e7\u00e3o de oportunidades de emprego e n\u00e3o se responsabiliza pelo processo seletivo, contrata\u00e7\u00e3o ou qualquer outra etapa relacionada \u00e0s vagas publicadas. Todas as informa\u00e7\u00f5es s\u00e3o de responsabilidade dos anunciantes.\n\n\u26a0\ufe0f Aten\u00e7\u00e3o! Nunca pague por promessas de emprego nem compre cursos que garantam contrata\u00e7\u00e3o. Desconfie de qualquer cobran\u00e7a para participar de sele\u00e7\u00f5es.\n\n\n\n<\/div>\n<!-- CONTENT END 1 -->\n","protected":false},"excerpt":{"rendered":"<p>&#13; &#13; &#13; &#13; Iniciativa oferece mais de mil cursos online em \u00e1reas como intelig\u00eancia artificial, computa\u00e7\u00e3o em nuvem e ciberseguran\u00e7a &#13; &#13; &#13; &#13;&#8230;<\/p>\n","protected":false},"author":1,"featured_media":88110,"comment_status":"","ping_status":"open","sticky":false,"template":"","format":"standard","meta":{"_uag_custom_page_level_css":"","advanced_seo_description":"","jetpack_seo_html_title":"","jetpack_seo_noindex":false,"jetpack_post_was_ever_published":false,"_jetpack_newsletter_access":"","_jetpack_dont_email_post_to_subs":false,"_jetpack_newsletter_tier_id":0,"_jetpack_memberships_contains_paywalled_content":false,"_jetpack_memberships_contains_paid_content":false,"footnotes":"","jetpack_publicize_message":"","jetpack_publicize_feature_enabled":true,"jetpack_social_post_already_shared":true,"jetpack_social_options":{"image_generator_settings":{"template":"highway","default_image_id":0,"font":"","enabled":false},"version":2}},"categories":[1964],"tags":[],"class_list":["post-88109","post","type-post","status-publish","format-standard","has-post-thumbnail","hentry","category-carreira-e-sucesso-dicas-para-carreira"],"jetpack_publicize_connections":[],"jetpack_featured_media_url":"https:\/\/i0.wp.com\/ismaelcolosi.com.br\/wp-content\/uploads\/2025\/10\/cursos-ibm-1200x675.jpg?fit=1200%2C675&ssl=1","uagb_featured_image_src":{"full":["https:\/\/i0.wp.com\/ismaelcolosi.com.br\/wp-content\/uploads\/2025\/10\/cursos-ibm-1200x675.jpg?fit=1200%2C675&ssl=1",1200,675,false],"thumbnail":["https:\/\/i0.wp.com\/ismaelcolosi.com.br\/wp-content\/uploads\/2025\/10\/cursos-ibm-1200x675.jpg?resize=150%2C150&ssl=1",150,150,true],"medium":["https:\/\/i0.wp.com\/ismaelcolosi.com.br\/wp-content\/uploads\/2025\/10\/cursos-ibm-1200x675.jpg?fit=300%2C169&ssl=1",300,169,true],"medium_large":["https:\/\/i0.wp.com\/ismaelcolosi.com.br\/wp-content\/uploads\/2025\/10\/cursos-ibm-1200x675.jpg?fit=768%2C432&ssl=1",768,432,true],"large":["https:\/\/i0.wp.com\/ismaelcolosi.com.br\/wp-content\/uploads\/2025\/10\/cursos-ibm-1200x675.jpg?fit=1024%2C576&ssl=1",1024,576,true],"1536x1536":["https:\/\/i0.wp.com\/ismaelcolosi.com.br\/wp-content\/uploads\/2025\/10\/cursos-ibm-1200x675.jpg?fit=1200%2C675&ssl=1",1200,675,true],"2048x2048":["https:\/\/i0.wp.com\/ismaelcolosi.com.br\/wp-content\/uploads\/2025\/10\/cursos-ibm-1200x675.jpg?fit=1200%2C675&ssl=1",1200,675,true],"really-simple-thumb":["https:\/\/i0.wp.com\/ismaelcolosi.com.br\/wp-content\/uploads\/2025\/10\/cursos-ibm-1200x675.jpg?resize=370%2C247&ssl=1",370,247,true]},"uagb_author_info":{"display_name":"ismaelcolosi.com.br","author_link":"https:\/\/ismaelcolosi.com.br\/index.php\/author\/vidareal-online\/"},"uagb_comment_info":0,"uagb_excerpt":"&#13; &#13; &#13; &#13; Iniciativa oferece mais de mil cursos online em \u00e1reas como intelig\u00eancia artificial, computa\u00e7\u00e3o em nuvem e ciberseguran\u00e7a &#13; &#13; &#13; &#13;...","jetpack-related-posts":[{"id":88161,"url":"https:\/\/ismaelcolosi.com.br\/index.php\/2025\/11\/06\/ibm-brasil-nomeia-fabricio-lira-como-diretor-de-inteligencia-artificial-e-dados\/","url_meta":{"origin":88109,"position":0},"title":"IBM Brasil nomeia Fabr\u00edcio Lira como Diretor de Intelig\u00eancia Artificial e Dados","author":"ismaelcolosi.com.br","date":"6 de November de 2025","format":false,"excerpt":"\r \r Com mais de 30 anos de experi\u00eancia, sendo 15 deles na IBM, Lira j\u00e1 liderou frentes nas \u00e1reas de Vendas, Ecossistema e Client Engineering,\r Acessibilidade \r L\r L\r A-\r A+\r \r \u25d0\r \r A IBM Brasil anunciou a nomea\u00e7\u00e3o de Fabr\u00edcio Lira como novo Diretor de Intelig\u00eancia Artificial\u2026","rel":"","context":"In &quot;Carreira e Sucesso&quot;","block_context":{"text":"Carreira e Sucesso","link":"https:\/\/ismaelcolosi.com.br\/index.php\/category\/carreira-e-sucesso-dicas-para-carreira\/"},"img":{"alt_text":"","src":"https:\/\/i0.wp.com\/ismaelcolosi.com.br\/wp-content\/uploads\/2025\/11\/Fabricio-Lira_2025-1-1200x675.jpg?fit=1200%2C675&ssl=1&resize=350%2C200","width":350,"height":200,"srcset":"https:\/\/i0.wp.com\/ismaelcolosi.com.br\/wp-content\/uploads\/2025\/11\/Fabricio-Lira_2025-1-1200x675.jpg?fit=1200%2C675&ssl=1&resize=350%2C200 1x, https:\/\/i0.wp.com\/ismaelcolosi.com.br\/wp-content\/uploads\/2025\/11\/Fabricio-Lira_2025-1-1200x675.jpg?fit=1200%2C675&ssl=1&resize=525%2C300 1.5x, https:\/\/i0.wp.com\/ismaelcolosi.com.br\/wp-content\/uploads\/2025\/11\/Fabricio-Lira_2025-1-1200x675.jpg?fit=1200%2C675&ssl=1&resize=700%2C400 2x, https:\/\/i0.wp.com\/ismaelcolosi.com.br\/wp-content\/uploads\/2025\/11\/Fabricio-Lira_2025-1-1200x675.jpg?fit=1200%2C675&ssl=1&resize=1050%2C600 3x"},"classes":[]},{"id":66091,"url":"https:\/\/ismaelcolosi.com.br\/index.php\/2024\/09\/16\/novo-cfo-da-ibm-fala-sobre-o-impacto-da-ia-na-gestao-financeira\/","url_meta":{"origin":88109,"position":1},"title":"Novo CFO da IBM fala sobre o impacto da IA na gest\u00e3o financeira","author":"ismaelcolosi.com.br","date":"16 de September de 2024","format":false,"excerpt":"Leonardo Dias possui doutorado em administra\u00e7\u00e3o de empresas pela Universidade de Bordeaux, al\u00e9m de MBA pela Funda\u00e7\u00e3o Get\u00falio Vargas. Acessibilidade L L A- A+ \u25d0 A IBM tem um novo Chief Financial Officer (CFO). Com 22 anos de companhia, Leonardo Dias assume a cadeira em um momento importante para a\u2026","rel":"","context":"In &quot;Carreira e Sucesso&quot;","block_context":{"text":"Carreira e Sucesso","link":"https:\/\/ismaelcolosi.com.br\/index.php\/category\/carreira-e-sucesso-dicas-para-carreira\/"},"img":{"alt_text":"","src":"https:\/\/i0.wp.com\/ismaelcolosi.com.br\/wp-content\/uploads\/2024\/09\/CFO_Leonardo-Dias-2-1024x683.jpg?fit=1024%2C683&ssl=1&resize=350%2C200","width":350,"height":200,"srcset":"https:\/\/i0.wp.com\/ismaelcolosi.com.br\/wp-content\/uploads\/2024\/09\/CFO_Leonardo-Dias-2-1024x683.jpg?fit=1024%2C683&ssl=1&resize=350%2C200 1x, https:\/\/i0.wp.com\/ismaelcolosi.com.br\/wp-content\/uploads\/2024\/09\/CFO_Leonardo-Dias-2-1024x683.jpg?fit=1024%2C683&ssl=1&resize=525%2C300 1.5x, https:\/\/i0.wp.com\/ismaelcolosi.com.br\/wp-content\/uploads\/2024\/09\/CFO_Leonardo-Dias-2-1024x683.jpg?fit=1024%2C683&ssl=1&resize=700%2C400 2x"},"classes":[]},{"id":82266,"url":"https:\/\/ismaelcolosi.com.br\/index.php\/2025\/01\/28\/cursos-gratuitos-para-comecar-a-trabalhar-com-ti-em-2025\/","url_meta":{"origin":88109,"position":2},"title":"Cursos Gratuitos para Come\u00e7ar a Trabalhar com TI em 2025","author":"ismaelcolosi.com.br","date":"28 de January de 2025","format":false,"excerpt":"\r \r \r \r Segundo a plataforma Glassdoor, os cargos de entrada no setor oferecem uma remunera\u00e7\u00e3o que pode chegar a R$ 14 mil \r \r \r \r Canva\r Apesar dos benef\u00edcios, apenas 53 mil pessoas se formam em cursos relacionados \u00e0 tecnologia anualmente.\r Acessibilidade \r L\r L\r A-\r A+\r\u2026","rel":"","context":"In &quot;Carreira e Sucesso&quot;","block_context":{"text":"Carreira e Sucesso","link":"https:\/\/ismaelcolosi.com.br\/index.php\/category\/carreira-e-sucesso-dicas-para-carreira\/"},"img":{"alt_text":"","src":"https:\/\/i0.wp.com\/ismaelcolosi.com.br\/wp-content\/uploads\/2025\/01\/online-curso-ti-1200x675.png?fit=1200%2C675&ssl=1&resize=350%2C200","width":350,"height":200,"srcset":"https:\/\/i0.wp.com\/ismaelcolosi.com.br\/wp-content\/uploads\/2025\/01\/online-curso-ti-1200x675.png?fit=1200%2C675&ssl=1&resize=350%2C200 1x, https:\/\/i0.wp.com\/ismaelcolosi.com.br\/wp-content\/uploads\/2025\/01\/online-curso-ti-1200x675.png?fit=1200%2C675&ssl=1&resize=525%2C300 1.5x, https:\/\/i0.wp.com\/ismaelcolosi.com.br\/wp-content\/uploads\/2025\/01\/online-curso-ti-1200x675.png?fit=1200%2C675&ssl=1&resize=700%2C400 2x, https:\/\/i0.wp.com\/ismaelcolosi.com.br\/wp-content\/uploads\/2025\/01\/online-curso-ti-1200x675.png?fit=1200%2C675&ssl=1&resize=1050%2C600 3x"},"classes":[]},{"id":82356,"url":"https:\/\/ismaelcolosi.com.br\/index.php\/2025\/01\/29\/cursos-gratuitos-para-comecar-a-trabalhar-com-ti-em-2025-2\/","url_meta":{"origin":88109,"position":3},"title":"Cursos Gratuitos para Come\u00e7ar a Trabalhar com TI em 2025","author":"ismaelcolosi.com.br","date":"29 de January de 2025","format":false,"excerpt":"\r \r \r \r Segundo a plataforma Glassdoor, os cargos de entrada no setor oferecem uma remunera\u00e7\u00e3o que pode chegar a R$ 14 mil \r \r \r \r Canva\r Apesar dos benef\u00edcios, apenas 53 mil pessoas se formam em cursos relacionados \u00e0 tecnologia anualmente.\r Acessibilidade \r L\r L\r A-\r A+\r\u2026","rel":"","context":"In &quot;Carreira e Sucesso&quot;","block_context":{"text":"Carreira e Sucesso","link":"https:\/\/ismaelcolosi.com.br\/index.php\/category\/carreira-e-sucesso-dicas-para-carreira\/"},"img":{"alt_text":"","src":"https:\/\/i0.wp.com\/ismaelcolosi.com.br\/wp-content\/uploads\/2025\/01\/1738139014_online-curso-ti-1200x675.png?fit=1200%2C675&ssl=1&resize=350%2C200","width":350,"height":200,"srcset":"https:\/\/i0.wp.com\/ismaelcolosi.com.br\/wp-content\/uploads\/2025\/01\/1738139014_online-curso-ti-1200x675.png?fit=1200%2C675&ssl=1&resize=350%2C200 1x, https:\/\/i0.wp.com\/ismaelcolosi.com.br\/wp-content\/uploads\/2025\/01\/1738139014_online-curso-ti-1200x675.png?fit=1200%2C675&ssl=1&resize=525%2C300 1.5x, https:\/\/i0.wp.com\/ismaelcolosi.com.br\/wp-content\/uploads\/2025\/01\/1738139014_online-curso-ti-1200x675.png?fit=1200%2C675&ssl=1&resize=700%2C400 2x, https:\/\/i0.wp.com\/ismaelcolosi.com.br\/wp-content\/uploads\/2025\/01\/1738139014_online-curso-ti-1200x675.png?fit=1200%2C675&ssl=1&resize=1050%2C600 3x"},"classes":[]},{"id":85448,"url":"https:\/\/ismaelcolosi.com.br\/index.php\/2025\/05\/21\/mari-pinudo-assume-lideranca-da-companhia-no-brasil\/","url_meta":{"origin":88109,"position":4},"title":"Mari Pinudo Assume Lideran\u00e7a da Companhia no Brasil","author":"ismaelcolosi.com.br","date":"21 de May de 2025","format":false,"excerpt":"\r \r \r \r Com mais de 25 anos de carreira e passagens por empresas como IBM, Deloitte e Gartner, executiva \u00e9 a primeira mulher a ocupar o cargo \r \r \r \r Divulga\u00e7\u00e3o\r Antes de assumir a lideran\u00e7a da Adobe no Brasil, Mari Pinudo ocupava o cargo de country\u2026","rel":"","context":"In &quot;Carreira e Sucesso&quot;","block_context":{"text":"Carreira e Sucesso","link":"https:\/\/ismaelcolosi.com.br\/index.php\/category\/carreira-e-sucesso-dicas-para-carreira\/"},"img":{"alt_text":"","src":"https:\/\/i0.wp.com\/ismaelcolosi.com.br\/wp-content\/uploads\/2025\/05\/forbes-mari-pinudo-adobe-1200x675.jpg?fit=1200%2C675&ssl=1&resize=350%2C200","width":350,"height":200,"srcset":"https:\/\/i0.wp.com\/ismaelcolosi.com.br\/wp-content\/uploads\/2025\/05\/forbes-mari-pinudo-adobe-1200x675.jpg?fit=1200%2C675&ssl=1&resize=350%2C200 1x, https:\/\/i0.wp.com\/ismaelcolosi.com.br\/wp-content\/uploads\/2025\/05\/forbes-mari-pinudo-adobe-1200x675.jpg?fit=1200%2C675&ssl=1&resize=525%2C300 1.5x, https:\/\/i0.wp.com\/ismaelcolosi.com.br\/wp-content\/uploads\/2025\/05\/forbes-mari-pinudo-adobe-1200x675.jpg?fit=1200%2C675&ssl=1&resize=700%2C400 2x, https:\/\/i0.wp.com\/ismaelcolosi.com.br\/wp-content\/uploads\/2025\/05\/forbes-mari-pinudo-adobe-1200x675.jpg?fit=1200%2C675&ssl=1&resize=1050%2C600 3x"},"classes":[]},{"id":33685,"url":"https:\/\/ismaelcolosi.com.br\/index.php\/2024\/01\/30\/ibm-da-ultimato-para-funcionarios-voltarem-ao-escritorio\/","url_meta":{"origin":88109,"position":5},"title":"IBM d\u00e1 ultimato para funcion\u00e1rios voltarem ao escrit\u00f3rio","author":"ismaelcolosi.com.br","date":"30 de January de 2024","format":false,"excerpt":"Todos os gestores da IBM nos EUA devem ir a um escrit\u00f3rio pr\u00f3prio ou de cliente da companhia pelo menos tr\u00eas vezes por semana A ibm (International Business Machines Corp.) deu um ultimato aos seus gerentes e exigiu que os funcion\u00e1rios se mudem para perto de um escrit\u00f3rio e cumpram\u2026","rel":"","context":"In &quot;Carreira e Sucesso&quot;","block_context":{"text":"Carreira e Sucesso","link":"https:\/\/ismaelcolosi.com.br\/index.php\/category\/carreira-e-sucesso-dicas-para-carreira\/"},"img":{"alt_text":"","src":"https:\/\/i0.wp.com\/ismaelcolosi.com.br\/wp-content\/uploads\/2024\/01\/ibm-1024x683.jpg?fit=1024%2C683&ssl=1&resize=350%2C200","width":350,"height":200,"srcset":"https:\/\/i0.wp.com\/ismaelcolosi.com.br\/wp-content\/uploads\/2024\/01\/ibm-1024x683.jpg?fit=1024%2C683&ssl=1&resize=350%2C200 1x, https:\/\/i0.wp.com\/ismaelcolosi.com.br\/wp-content\/uploads\/2024\/01\/ibm-1024x683.jpg?fit=1024%2C683&ssl=1&resize=525%2C300 1.5x, https:\/\/i0.wp.com\/ismaelcolosi.com.br\/wp-content\/uploads\/2024\/01\/ibm-1024x683.jpg?fit=1024%2C683&ssl=1&resize=700%2C400 2x"},"classes":[]}],"jetpack_sharing_enabled":true,"jetpack_shortlink":"https:\/\/wp.me\/pfMlyK-mV7","_links":{"self":[{"href":"https:\/\/ismaelcolosi.com.br\/index.php\/wp-json\/wp\/v2\/posts\/88109","targetHints":{"allow":["GET"]}}],"collection":[{"href":"https:\/\/ismaelcolosi.com.br\/index.php\/wp-json\/wp\/v2\/posts"}],"about":[{"href":"https:\/\/ismaelcolosi.com.br\/index.php\/wp-json\/wp\/v2\/types\/post"}],"author":[{"embeddable":true,"href":"https:\/\/ismaelcolosi.com.br\/index.php\/wp-json\/wp\/v2\/users\/1"}],"replies":[{"embeddable":true,"href":"https:\/\/ismaelcolosi.com.br\/index.php\/wp-json\/wp\/v2\/comments?post=88109"}],"version-history":[{"count":0,"href":"https:\/\/ismaelcolosi.com.br\/index.php\/wp-json\/wp\/v2\/posts\/88109\/revisions"}],"wp:featuredmedia":[{"embeddable":true,"href":"https:\/\/ismaelcolosi.com.br\/index.php\/wp-json\/wp\/v2\/media\/88110"}],"wp:attachment":[{"href":"https:\/\/ismaelcolosi.com.br\/index.php\/wp-json\/wp\/v2\/media?parent=88109"}],"wp:term":[{"taxonomy":"category","embeddable":true,"href":"https:\/\/ismaelcolosi.com.br\/index.php\/wp-json\/wp\/v2\/categories?post=88109"},{"taxonomy":"post_tag","embeddable":true,"href":"https:\/\/ismaelcolosi.com.br\/index.php\/wp-json\/wp\/v2\/tags?post=88109"}],"curies":[{"name":"wp","href":"https:\/\/api.w.org\/{rel}","templated":true}]}}