{"id":88100,"date":"2025-10-29T13:46:13","date_gmt":"2025-10-29T16:46:13","guid":{"rendered":"https:\/\/ismaelcolosi.com.br\/?p=88100"},"modified":"2025-10-30T13:23:24","modified_gmt":"2025-10-30T16:23:24","slug":"vagas-quentissimas-em-ribeirao-preto-confira-as-vagas-de-atendente-de-restaurante-e-cafeteria-padeiroa-candidate-se","status":"publish","type":"post","link":"https:\/\/ismaelcolosi.com.br\/index.php\/2025\/10\/29\/vagas-quentissimas-em-ribeirao-preto-confira-as-vagas-de-atendente-de-restaurante-e-cafeteria-padeiroa-candidate-se\/","title":{"rendered":"Confira as vagas de Atendente de Restaurante e cafeteria; Padeiro(a) Candidate-se!"},"content":{"rendered":"<h2 data-start=\"163\" data-end=\"239\"><span style=\"font-size: 14pt;\">\ud83c\udf54 <strong data-start=\"169\" data-end=\"237\">Atendente de Restaurante \u2013 Ribeir\u00e3o Preto (Campos El\u00edsios)<\/strong><\/span><\/h2>\n<p data-start=\"241\" data-end=\"409\"><strong data-start=\"241\" data-end=\"305\">Venha fazer parte de uma equipe din\u00e2mica e cheia de energia!<\/strong><br data-start=\"305\" data-end=\"308\" \/>Estamos em busca de pessoas comunicativas, respons\u00e1veis e com vontade de crescer profissionalmente.<\/p>\n<h3 data-start=\"411\" data-end=\"434\">\u2705 <strong data-start=\"417\" data-end=\"432\">Requisitos:<\/strong><\/h3>\n<ul data-start=\"435\" data-end=\"561\">\n<li data-start=\"435\" data-end=\"490\">\n<p data-start=\"437\" data-end=\"490\">Estar cursando ou ter conclu\u00eddo o <strong data-start=\"471\" data-end=\"487\">ensino m\u00e9dio<\/strong>;<\/p>\n<\/li>\n<li data-start=\"491\" data-end=\"561\">\n<p data-start=\"493\" data-end=\"561\">Ter <strong data-start=\"497\" data-end=\"520\">vontade de aprender<\/strong>, se desenvolver e trabalhar em equipe.<\/p>\n<\/li>\n<\/ul>\n<h3 data-start=\"563\" data-end=\"587\">\ud83c\udf81 <strong data-start=\"570\" data-end=\"585\">Benef\u00edcios:<\/strong><\/h3>\n<ul data-start=\"588\" data-end=\"969\">\n<li data-start=\"588\" data-end=\"622\">\n<p data-start=\"590\" data-end=\"622\">Participa\u00e7\u00e3o nos lucros (PPR);<\/p>\n<\/li>\n<li data-start=\"623\" data-end=\"651\">\n<p data-start=\"625\" data-end=\"651\">B\u00f4nus \u201cDestaque do M\u00eas\u201d;<\/p>\n<\/li>\n<li data-start=\"652\" data-end=\"679\">\n<p data-start=\"654\" data-end=\"679\">Conv\u00eanio com academias;<\/p>\n<\/li>\n<li data-start=\"680\" data-end=\"745\">\n<p data-start=\"682\" data-end=\"745\">Programa de desenvolvimento profissional (plano de carreira);<\/p>\n<\/li>\n<li data-start=\"746\" data-end=\"807\">\n<p data-start=\"748\" data-end=\"807\">Plataforma de descontos para cursos, gradua\u00e7\u00e3o e idiomas;<\/p>\n<\/li>\n<li data-start=\"808\" data-end=\"866\">\n<p data-start=\"810\" data-end=\"866\">Consultas com m\u00e9dicos e psic\u00f3logos online (gratuitas);<\/p>\n<\/li>\n<li data-start=\"867\" data-end=\"889\">\n<p data-start=\"869\" data-end=\"889\">Refei\u00e7\u00e3o no local;<\/p>\n<\/li>\n<li data-start=\"890\" data-end=\"928\">\n<p data-start=\"892\" data-end=\"928\">Assist\u00eancia m\u00e9dica e odontol\u00f3gica;<\/p>\n<\/li>\n<li data-start=\"929\" data-end=\"949\">\n<p data-start=\"931\" data-end=\"949\">Vale-transporte;<\/p>\n<\/li>\n<li data-start=\"950\" data-end=\"969\">\n<p data-start=\"952\" data-end=\"969\">Seguro de vida.<\/p>\n<\/li>\n<\/ul>\n<p data-start=\"971\" data-end=\"1091\">\ud83d\udccd <strong data-start=\"974\" data-end=\"984\">Local:<\/strong> Rua Capit\u00e3o Salom\u00e3o, 2340 \u2013 Campos El\u00edsios, Ribeir\u00e3o Preto\/SP<br data-start=\"1046\" data-end=\"1049\" \/>\ud83d\udcde <strong data-start=\"1052\" data-end=\"1064\">Contato:<\/strong> Thiago \u2013 <a href=\"https:\/\/otieu.com\/4\/9273740\">(16) 99145-2479<\/a><\/p>\n<hr data-start=\"1093\" data-end=\"1096\" \/>\n<h2 data-start=\"1098\" data-end=\"1144\">\ud83e\udd56 <span style=\"font-size: 14pt;\"><strong data-start=\"1104\" data-end=\"1142\">Padeiro(a) e Confeiteiro(a)<\/strong><\/span><\/h2>\n<p data-start=\"1146\" data-end=\"1375\"><strong data-start=\"1146\" data-end=\"1247\">Se voc\u00ea ama transformar ingredientes simples em produtos incr\u00edveis, essa oportunidade \u00e9 pra voc\u00ea!<\/strong><br data-start=\"1247\" data-end=\"1250\" \/>Buscamos profissionais criativos, \u00e1geis e atentos aos detalhes, que tenham paix\u00e3o pela panifica\u00e7\u00e3o e confeitaria artesanal.<\/p>\n<h3 data-start=\"1377\" data-end=\"1400\">\u2705 <strong data-start=\"1383\" data-end=\"1398\">Requisitos:<\/strong><\/h3>\n<ul data-start=\"1401\" data-end=\"1578\">\n<li data-start=\"1401\" data-end=\"1476\">\n<p data-start=\"1403\" data-end=\"1476\">Experi\u00eancia na <strong data-start=\"1418\" data-end=\"1473\">produ\u00e7\u00e3o de p\u00e3es, bolos, doces, sobremesas e massas<\/strong>;<\/p>\n<\/li>\n<li data-start=\"1477\" data-end=\"1531\">\n<p data-start=\"1479\" data-end=\"1531\"><strong data-start=\"1479\" data-end=\"1505\">Agilidade, organiza\u00e7\u00e3o<\/strong> e aten\u00e7\u00e3o aos detalhes;<\/p>\n<\/li>\n<li data-start=\"1532\" data-end=\"1578\">\n<p data-start=\"1534\" data-end=\"1578\"><strong data-start=\"1534\" data-end=\"1550\">Criatividade<\/strong> e capricho no acabamento.<\/p>\n<\/li>\n<\/ul>\n<h3 data-start=\"1580\" data-end=\"1609\">\ud83d\udca1 <strong data-start=\"1587\" data-end=\"1607\">O que esperamos:<\/strong><\/h3>\n<p data-start=\"1610\" data-end=\"1733\">Um(a) padeiro(a) experiente que tamb\u00e9m saiba atuar na confeitaria, com dedica\u00e7\u00e3o e vontade de crescer junto com a equipe.<\/p>\n<p data-start=\"1735\" data-end=\"1807\">\ud83d\udce7 <strong data-start=\"1738\" data-end=\"1767\">Envie seu curr\u00edculo para:<\/strong><br data-start=\"1767\" data-end=\"1770\" \/>\ud83d\udcf1 <a href=\"https:\/\/otieu.com\/4\/9273740\">(75) 9231-3425<\/a> \/<a href=\"https:\/\/otieu.com\/4\/9273740\"> (16) 97407-2229<\/a><\/p>\n<hr \/>\n<h3>\ud83c\udf6a Vaga de Atendente \u2013 Ribeir\u00e3o Shopping<\/h3>\n<p>Est\u00e1 em busca de uma oportunidade saborosa? A opera\u00e7\u00e3o da cafeteria Mr. Cheney Cookies no Ribeir\u00e3o Shopping est\u00e1 contratando!<\/p>\n<p>\ud83e\uddd1\u200d\ud83c\udf73 <strong><span style=\"font-size: 14pt;\">Fun\u00e7\u00f5es<\/span>:<\/strong><\/p>\n<ul>\n<li>Atendimento ao cliente com simpatia e agilidade<\/li>\n<li>Prepara\u00e7\u00e3o de produtos e cuidados com a apresenta\u00e7\u00e3o<\/li>\n<li>Organiza\u00e7\u00e3o e limpeza do ambiente de trabalho<\/li>\n<li>Cumprimento dos padr\u00f5es da Franqueadora<\/li>\n<li>Abertura e fechamento da loja<\/li>\n<\/ul>\n<p><span style=\"font-size: 14pt;\">\ud83d\udcb0 <strong>Remunera\u00e7\u00e3o e Benef\u00edcios:<\/strong><\/span><\/p>\n<ul>\n<li>Sal\u00e1rio: R$ 2.150,00<\/li>\n<li>Vale-transporte: R$ 250,00 (pago em dinheiro, sem desconto)<\/li>\n<li>Vale-refei\u00e7\u00e3o: R$ 280,00<\/li>\n<\/ul>\n<p><span style=\"font-size: 14pt;\">\ud83d\udd52 <strong>Hor\u00e1rio de Trabalho:<\/strong><\/span><\/p>\n<ul>\n<li>Das 9h40 \u00e0s 18h, com 1h de almo\u00e7o<\/li>\n<li>1 folga semanal + 1 domingo de folga por m\u00eas<\/li>\n<\/ul>\n<p><span style=\"font-size: 14pt;\">\ud83c\udfaf <strong>Perfil desejado:<\/strong><\/span><\/p>\n<ul>\n<li>Organiza\u00e7\u00e3o, pontualidade e boa comunica\u00e7\u00e3o<\/li>\n<li>Comprometimento com o trabalho<\/li>\n<li>Ensino m\u00e9dio completo \u00e9 um diferencial<\/li>\n<\/ul>\n<p>\ud83d\udcde <strong>Interessados devem entrar em contato pelo WhatsApp:<\/strong><a href=\"https:\/\/otieu.com\/4\/9273740\"> (16) 99798-7637<\/a><\/p>\n<hr \/>\n<p><span style=\"font-size: 12pt;\"><strong>Confira outras vaga aqui:<\/strong><\/span><br \/>\n<span style=\"font-size: 12pt;\">\u00a0*Auxiliar Administrativo* e de Faturamento R$ 2.500,00<\/span><br \/>\n<span style=\"font-size: 12pt;\">Cadastrar curr\u00edculo aqui:\u00a0<a href=\"https:\/\/forms.gle\/LPwsb65mhv3jnzXg8\">https:\/\/forms.gle\/LPwsb65mhv3jnzXg8<\/a><\/span><\/p>\n<p><span style=\"font-size: 12pt;\">\u00a0*Est\u00e1gio de Log\u00edstica*<\/span><br \/>\n<span style=\"font-size: 12pt;\">Cadastrar curr\u00edculo aqui:\u00a0<a href=\"https:\/\/forms.gle\/JAiUWqkWEGQEHV6dA\">https:\/\/forms.gle\/JAiUWqkWEGQEHV6dA<\/a><\/span><\/p>\n<p><span style=\"font-size: 12pt;\">\u00a0*Operador de Produ\u00e7\u00e3o* \u2013 R$ 2.800,00<\/span><br \/>\n<span style=\"font-size: 12pt;\">Cadastrar curr\u00edculo aqui:\u00a0<a href=\"https:\/\/forms.gle\/zDQ8xWzzAehdQcT4A\">https:\/\/forms.gle\/zDQ8xWzzAehdQcT4A<\/a><\/span><\/p>\n<p><span style=\"font-size: 12pt;\">\u00a0*Vendedor(a)\/Consultor(a) de Vendas* \u2013 R$ 2.000<\/span><br \/>\n<span style=\"font-size: 12pt;\">Cadastrar curr\u00edculo aqui:\u00a0<a href=\"https:\/\/forms.gle\/ufULrkLBSeKuRMqx5\">https:\/\/forms.gle\/ufULrkLBSeKuRMqx5<\/a><\/span><\/p>\n<p><span style=\"font-size: 12pt;\">\u00a0*Consultor (a) de LOCA\u00c7\u00c3O* \u2013 R$ 2.000,00<\/span><br \/>\n<span style=\"font-size: 12pt;\">Cadastrar curr\u00edculo aqui:\u00a0<a href=\"https:\/\/forms.gle\/57nT9fzq9xUWS8mA9\">https:\/\/forms.gle\/57nT9fzq9xUWS8mA9<\/a><\/span><\/p>\n<p><span style=\"font-size: 12pt;\">\u00a0*Auxiliar de Cozinheira* \u2013 R$ 2.000,00<\/span><br \/>\n<span style=\"font-size: 12pt;\">Cadastrar curr\u00edculo aqui:\u00a0<a href=\"https:\/\/wa.me\/5516991268411\">https:\/\/wa.me\/5516991268411<\/a><\/span><\/p>\n<p><span style=\"font-size: 12pt;\">\u00a0*Carregador de Frutas, Verduras e Legumes* \u2013 R$ 1.750,00 (CLT)<\/span><br \/>\n<span style=\"font-size: 12pt;\">Cadastrar curr\u00edculo aqui:\u00a0<a href=\"https:\/\/wa.me\/5516991268411\">https:\/\/wa.me\/5516991268411<\/a><\/span><\/p>\n<p><span style=\"font-size: 12pt;\">\u00a0*Assistente de Montagem* \u2013 R$ 1.800,00 (SEM EXPERI\u00caNCIA)<\/span><br \/>\n<span style=\"font-size: 12pt;\">Cadastrar curr\u00edculo aqui:\u00a0<a href=\"https:\/\/forms.gle\/19ug8Hc29nRB1C8t7\">https:\/\/forms.gle\/19ug8Hc29nRB1C8t7<\/a><\/span><\/p>\n<p><span style=\"font-size: 12pt;\">\u00a0*Analista Cont\u00e1bil *R$ 3.200,00*<\/span><br \/>\n<span style=\"font-size: 12pt;\">Cadastrar curr\u00edculo aqui:\u00a0<a href=\"https:\/\/forms.gle\/EM1Z5SgSbkaK91WA8\">https:\/\/forms.gle\/EM1Z5SgSbkaK91WA8<\/a><\/span><\/p>\n<p><span style=\"font-size: 12pt;\">\u00a0*Designer Gr\u00e1fico\/Atendimento* R$ 2.000<\/span><br \/>\n<span style=\"font-size: 12pt;\">Cadastrar curr\u00edculo aqui:\u00a0<a href=\"https:\/\/forms.gle\/vq2fknFJa4PW1kWf9\">https:\/\/forms.gle\/vq2fknFJa4PW1kWf9<\/a><\/span><\/p>\n<p><span style=\"font-size: 12pt;\">\u00a0*Executivo de Contas* +R$2.000<\/span><br \/>\n<span style=\"font-size: 12pt;\">Cadastrar curr\u00edculo aqui:\u00a0<a href=\"https:\/\/forms.gle\/CemMGJJRnWfUFL6D8\">https:\/\/forms.gle\/CemMGJJRnWfUFL6D8<\/a><\/span><\/p>\n<p><span style=\"font-size: 12pt;\">\u00a0*Vendedor(a) \u2013 Est\u00e9tica Automotiva* 2.000,00 +Comiss\u00e3o:<\/span><br \/>\n<span style=\"font-size: 12pt;\">Cadastrar curr\u00edculo aqui:\u00a0<a href=\"https:\/\/forms.gle\/iGSQxLPWjEAwfZp5A\">https:\/\/forms.gle\/iGSQxLPWjEAwfZp5A<\/a><\/span><\/p>\n<p><span style=\"font-size: 12pt;\">Vaga: Meio Oficial de Manuten\u00e7\u00e3o R$ 2.427+R$700 Campinas \u2013 SP<\/span><br \/>\n<span style=\"font-size: 12pt;\">Cadastrar curr\u00edculo aqui:\u00a0<a href=\"https:\/\/forms.gle\/NNqxqnyrAYeMPcVZA\">https:\/\/forms.gle\/NNqxqnyrAYeMPcVZA<\/a><\/span><\/p>\n<p><span style=\"font-size: 12pt;\">\u00a0Atendimento e Vendas (Uniformes Profissionais) 2.000,00 + 3% de comiss\u00e3o (sem teto!) Franca-SP<\/span><br \/>\n<span style=\"font-size: 12pt;\">Cadastrar curr\u00edculo aqui:\u00a0<a href=\"https:\/\/forms.gle\/mUCo3M9LVsgLR2bf8\">https:\/\/forms.gle\/mUCo3M9LVsgLR2bf8<\/a><\/span><\/p>\n<p><span style=\"font-size: 12pt;\">\u00a0Auxiliar de Corte \u2013 F\u00e1brica de Uniformes 2.000 Franca-SP<\/span><br \/>\n<span style=\"font-size: 12pt;\">Cadastrar curr\u00edculo aqui:\u00a0<a href=\"https:\/\/wa.me\/5516991268411\">https:\/\/wa.me\/5516991268411<\/a><\/span><\/p>\n<p><span style=\"font-size: 12pt;\">Cozinheiro (a) 2.000 a 3.000 Franca-SP<\/span><br \/>\n<span style=\"font-size: 12pt;\">Cadastrar curr\u00edculo aqui:\u00a0<a href=\"https:\/\/wa.me\/5516991268411\">https:\/\/wa.me\/5516991268411<\/a><\/span><\/p>\n<p><span style=\"font-size: 12pt;\">Auxiliar de Cozinha 2.000 Franca-SP<\/span><br \/>\n<span style=\"font-size: 12pt;\">Cadastrar curr\u00edculo aqui:\u00a0<a href=\"https:\/\/wa.me\/5516991268411\">https:\/\/wa.me\/5516991268411<\/a><\/span><\/p>\n<p><span style=\"font-size: 12pt;\">Lavador de pratos 2.000 Franca-SP<\/span><br \/>\n<span style=\"font-size: 12pt;\">Cadastrar curr\u00edculo aqui:\u00a0<a href=\"https:\/\/wa.me\/5516991268411\">https:\/\/wa.me\/5516991268411<\/a><\/span><\/p>\n<p><span style=\"font-size: 12pt;\">\u00a0VAGA DISPON\u00cdVEL \u2013 Auxiliar de M\u00eddias Sociais<\/span><br \/>\n<span style=\"font-size: 12pt;\">\u00a0Local: Franca-SP<\/span><br \/>\n<span style=\"font-size: 12pt;\">\u00a0Hor\u00e1rio: Segunda a Sexta, das 8h \u00e0s 18h<\/span><br \/>\n<span style=\"font-size: 12pt;\">\u00a0Sal\u00e1rio: R$ 2.200,00<\/span><br \/>\n<span style=\"font-size: 12pt;\">\u00a0Benef\u00edcios: Cesta b\u00e1sica, vale transporte e todos os direitos da CLT<\/span><br \/>\n<span style=\"font-size: 12pt;\">Enviar curr\u00edculo aqui:\u00a0<a href=\"https:\/\/forms.gle\/X6mK922oZZPinbXK9\">https:\/\/forms.gle\/X6mK922oZZPinbXK9<\/a><\/span><\/p>\n<p><span style=\"font-size: 12pt;\">\u00a0VAGA DISPON\u00cdVEL \u2013 Atendimento e Vendas (Uniformes Profissionais)<\/span><br \/>\n<span style=\"font-size: 12pt;\">\u00a0Local: Franca-SP<\/span><br \/>\n<span style=\"font-size: 12pt;\">\u00a0Hor\u00e1rio: Segunda a Sexta, das 8h \u00e0s 18h<\/span><br \/>\n<span style=\"font-size: 12pt;\">\u00a0Sal\u00e1rio: R$ 2.000,00 + 3% de comiss\u00e3o (sem teto!)<\/span><br \/>\n<span style=\"font-size: 12pt;\">\u00a0Interessados, enviem curr\u00edculo aqui: <a href=\"https:\/\/forms.gle\/mUCo3M9LVsgLR2bf8\">https:\/\/forms.gle\/mUCo3M9LVsgLR2bf8<\/a><\/span><\/p>\n<p><span style=\"font-size: 12pt;\">Vendedora Vaga Vendedora e-commerce<\/span><br \/>\n<span style=\"font-size: 12pt;\">Vaga feminina em S\u00e3o Paulo<\/span><br \/>\n<span style=\"font-size: 12pt;\">Pagamento: R$2.000,00 por m\u00eas<\/span><br \/>\n<span style=\"font-size: 12pt;\">Enviar curr\u00edculo aqui:\u00a0<a href=\"https:\/\/forms.gle\/uzMPDFF7ufBWZRGq5\">https:\/\/forms.gle\/uzMPDFF7ufBWZRGq5<\/a><\/span><\/p>\n<p><span style=\"font-size: 12pt;\">Estilista \/ Designer de Moda<\/span><br \/>\n<span style=\"font-size: 12pt;\">\u2022 Sal\u00e1rio: R$ 3.000,00<\/span><br \/>\n<span style=\"font-size: 12pt;\">\u2022 Bonifica\u00e7\u00e3o m\u00e9dia de R$ 400,00 (paga em dinheiro)<\/span><br \/>\n<span style=\"font-size: 12pt;\">\u2022 Vale-transporte: R$ 200,00 (pago em dinheiro)<\/span><br \/>\n<span style=\"font-size: 12pt;\">Enviar curr\u00edculo:\u00a0<a href=\"https:\/\/forms.gle\/grD4vRAi5m4FSg3N7\">https:\/\/forms.gle\/grD4vRAi5m4FSg3N7<\/a><\/span><\/p>\n<p><span style=\"font-size: 12pt;\">Vaga de Est\u00e1gio em Marketing Digital<\/span><br \/>\n<span style=\"font-size: 12pt;\">Bolsa: R$ 1.000,00<\/span><br \/>\n<span style=\"font-size: 12pt;\">Enviar curr\u00edculo:\u00a0<a href=\"https:\/\/forms.gle\/9xJD4EqaxoeFg8LH6\">https:\/\/forms.gle\/9xJD4EqaxoeFg8LH6<\/a><\/span><\/p>\n<p><span style=\"font-size: 12pt;\">Auxiliar de Vendas<\/span><br \/>\n<span style=\"font-size: 12pt;\">Local: Vila Virg\u00ednia (mudan\u00e7a prevista para Bonfim Paulista at\u00e9 novembro\/25) \u2013 trabalho presencial<\/span><br \/>\n<span style=\"font-size: 12pt;\">Hor\u00e1rio: 8h \u00e0s 17:48 (1h de almo\u00e7o)<\/span><br \/>\n<span style=\"font-size: 12pt;\">Sal\u00e1rio: R$ 2.011,00 + benef\u00edcios (vale alimenta\u00e7\u00e3o R$ 110,00, plano de sa\u00fade, vale academia, caf\u00e9 da manh\u00e3 e frutas no local)<\/span><br \/>\n<span style=\"font-size: 12pt;\">Enviar curr\u00edculo aqui:\u00a0<a href=\"https:\/\/forms.gle\/ahkGizQTycFJxFvV9\">https:\/\/forms.gle\/ahkGizQTycFJxFvV9<\/a><\/span><\/p>\n<p><span style=\"font-size: 12pt;\">Vaga para Social Media<\/span><br \/>\n<span style=\"font-size: 12pt;\">Sal\u00e1rio R$ 2.000,00<\/span><br \/>\n<span style=\"font-size: 12pt;\">Enviar curr\u00edculo:\u00a0<a href=\"https:\/\/forms.gle\/ZvhFMfFH9keDprHDA\">https:\/\/forms.gle\/ZvhFMfFH9keDprHDA<\/a><\/span><\/p>\n<p><span style=\"font-size: 12pt;\">VAGA PARA VIDEOMAKER<\/span><br \/>\n<span style=\"font-size: 12pt;\">Sal\u00e1rio: \u2013 R$ 2.000,00<\/span><br \/>\n<span style=\"font-size: 12pt;\">Enviar curr\u00edculo aqui:\u00a0<a href=\"https:\/\/forms.gle\/zHpyYFnahUWPiNfP9\">https:\/\/forms.gle\/zHpyYFnahUWPiNfP9<\/a><\/span><\/p>\n<p><span style=\"font-size: 12pt;\">VAGA PARA ATENDENTE \u2013 (Ribeir\u00e3o Preto\/SP)<\/span><br \/>\n<span style=\"font-size: 12pt;\">\u00a0Sal\u00e1rio: R$ 1.921,00 + R$ 335,00 (vale-alimenta\u00e7\u00e3o)<\/span><br \/>\n<span style=\"font-size: 12pt;\">N\u00e3o precisa de experi\u00eancia<\/span><br \/>\n<span style=\"font-size: 12pt;\">Enviar curriculo aqui:\u00a0<a href=\"https:\/\/forms.gle\/bFb65LzbaFpag1zX7\">https:\/\/forms.gle\/bFb65LzbaFpag1zX7<\/a><\/span><\/p>\n<p><span style=\"font-size: 12pt;\">Gerente de Relacionamento PJ*<\/span><br \/>\n<span style=\"font-size: 12pt;\">*Remunera\u00e7\u00e3o: R$ 6.300,00 + pacote de benef\u00edcios* * S\u00f3lida experi\u00eancia no atendimento e relacionamento com clientes empresariais (PJ ou Agro) \u00a0Interessados devem fazer a inscri\u00e7\u00e3o no site\u00a0<a href=\"https:\/\/forms.gle\/KqZGQU6Gx6dm4ZA19\">https:\/\/forms.gle\/KqZGQU6Gx6dm4ZA19<\/a><\/span><\/p>\n<p><span style=\"font-size: 12pt;\">\u00a0VAGA ABERTA \u2013 CONSULTOR(A) DE VIAGEM (LAZER)<\/span><br \/>\n<span style=\"font-size: 12pt;\">\u00a0Remunera\u00e7\u00e3o: R$ 2.000,00 fixo + R$ 300,00 de VR + Comiss\u00f5es<\/span><br \/>\n<span style=\"font-size: 12pt;\">Enviar aqui:\u00a0<a href=\"https:\/\/forms.gle\/7MH5caBz9sNScMnY8\">https:\/\/forms.gle\/7MH5caBz9sNScMnY8<\/a><\/span><\/p>\n<p><span style=\"font-size: 12pt;\">\u00a0VAGA PARA AUXILIAR DE IMPRESS\u00c3O \u2013 *SEM EXPERI\u00caNCIA*<\/span><br \/>\n<span style=\"font-size: 12pt;\">\u00a0F\u00e1brica de Uniformes Esportivos \u2013 Ribeir\u00e3o Preto\/SP<\/span><br \/>\n<span style=\"font-size: 12pt;\">\u00a0Sal\u00e1rio: 1.518<\/span><br \/>\n<span style=\"font-size: 12pt;\">Mandar curr\u00edculo aqui:<a href=\"https:\/\/forms.gle\/BoqaQucqsWyt1jPYA\">\u00a0https:\/\/forms.gle\/BoqaQucqsWyt1jPYA<\/a><\/span><\/p>\n<p><span style=\"font-size: 12pt;\">Vaga para *Dom\u00e9stica em Ribeir\u00e3o Preto \u2013 SP*<\/span><br \/>\n<span style=\"font-size: 12pt;\">Sal\u00e1rio: *R$ 2.000,00 mensais* + vale-transporte.<\/span><br \/>\n<span style=\"font-size: 12pt;\">Enviar curr\u00edculo aqui:\u00a0<a href=\"https:\/\/forms.gle\/1LRajPW6Vavj2aUp8\">https:\/\/forms.gle\/1LRajPW6Vavj2aUp8<\/a><\/span><\/p>\n<p data-start=\"837\" data-end=\"872\"><span style=\"font-size: 12pt;\">VAGA PARA DOM\u00c9STICA \u2013 CASA DE FAM\u00cdLIA (R$ 2.500,00)<\/span><br \/>\n<span style=\"font-size: 12pt;\"><a href=\"https:\/\/forms.gle\/CVMR1w9dhdAL2mEA6\">https:\/\/forms.gle\/CVMR1w9dhdAL2mEA6<\/a><\/span><\/p>\n<p><span style=\"font-size: 12pt;\">\u00a0Assistente de Montagem,<\/span><br \/>\n<span style=\"font-size: 12pt;\"><a href=\"https:\/\/forms.gle\/JTpv9BXMmeQZrvLm7\">https:\/\/forms.gle\/JTpv9BXMmeQZrvLm7<\/a><\/span><\/p>\n<p><span style=\"font-size: 12pt;\">Eletricista Industrial<\/span><br \/>\n<span style=\"font-size: 12pt;\"><a href=\"https:\/\/forms.gle\/8nAoWg86DLUAdStB6\">https:\/\/forms.gle\/8nAoWg86DLUAdStB6<\/a><\/span><\/p>\n<p><span style=\"font-size: 12pt;\">\u00a0Mec\u00e2nico de Ar-Condicionado<\/span><br \/>\n<span style=\"font-size: 12pt;\"><a href=\"https:\/\/forms.gle\/txRdAQRiB8emfvsR8\">https:\/\/forms.gle\/txRdAQRiB8emfvsR8<\/a><\/span><\/p>\n<p><span style=\"font-size: 12pt;\">\u00a0Auxiliar de limpeza<\/span><br \/>\n<span style=\"font-size: 12pt;\"><a href=\"https:\/\/forms.gle\/99XnJsnzXx8BSBnu8\">https:\/\/forms.gle\/99XnJsnzXx8BSBnu8<\/a><\/span><\/p>\n<p><span style=\"font-size: 12pt;\">\u00a0Auxiliar Administrativo<\/span><br \/>\n<span style=\"font-size: 12pt;\"><a href=\"https:\/\/forms.gle\/99XnJsnzXx8BSBnu8\">https:\/\/forms.gle\/99XnJsnzXx8BSBnu8<\/a><\/span><\/p>\n<p><span style=\"font-size: 12pt;\">\u00a0Auxiliar de Produ\u00e7\u00e3o<\/span><br \/>\n<span style=\"font-size: 12pt;\"><a href=\"https:\/\/forms.gle\/99XnJsnzXx8BSBnu8\">https:\/\/forms.gle\/99XnJsnzXx8BSBnu8<\/a><\/span><\/p>\n<p><span style=\"font-size: 12pt;\">\u00a0Portaria<\/span><br \/>\n<span style=\"font-size: 12pt;\"><a href=\"https:\/\/forms.gle\/99XnJsnzXx8BSBnu8\">https:\/\/forms.gle\/99XnJsnzXx8BSBnu8<\/a><\/span><\/p>\n<p><span style=\"font-size: 12pt;\">\u00a0Vigilante<\/span><br \/>\n<span style=\"font-size: 12pt;\"><a href=\"https:\/\/forms.gle\/99XnJsnzXx8BSBnu8\">https:\/\/forms.gle\/99XnJsnzXx8BSBnu8<\/a><\/span><\/p>\n<p><span style=\"font-size: 12pt;\">\u00a0Atendente<\/span><br \/>\n<span style=\"font-size: 12pt;\"><a href=\"https:\/\/forms.gle\/99XnJsnzXx8BSBnu8\">https:\/\/forms.gle\/99XnJsnzXx8BSBnu8<\/a><\/span><\/p>\n<p><span style=\"font-size: 12pt;\">\u00a0Balconista<\/span><br \/>\n<span style=\"font-size: 12pt;\"><a href=\"https:\/\/forms.gle\/99XnJsnzXx8BSBnu8\">https:\/\/forms.gle\/99XnJsnzXx8BSBnu8<\/a><\/span><\/p>\n<p><span style=\"font-size: 12pt;\">\u00a0Cozinheira<\/span><br \/>\n<span style=\"font-size: 12pt;\"><a href=\"https:\/\/forms.gle\/99XnJsnzXx8BSBnu8\">https:\/\/forms.gle\/99XnJsnzXx8BSBnu8<\/a><\/span><\/p>\n<p><span style=\"font-size: 12pt;\">\u00a0Auxiliar de Log\u00edstica<\/span><br \/>\n<span style=\"font-size: 12pt;\"><a href=\"https:\/\/forms.gle\/99XnJsnzXx8BSBnu8\">https:\/\/forms.gle\/99XnJsnzXx8BSBnu8<\/a><\/span><\/p>\n<p><span style=\"font-size: 12pt;\">\u00a0Operadora de Caixa<\/span><br \/>\n<span style=\"font-size: 12pt;\"><a href=\"https:\/\/forms.gle\/99XnJsnzXx8BSBnu8\">https:\/\/forms.gle\/99XnJsnzXx8BSBnu8<\/a><\/span><\/p>\n<p><span style=\"font-size: 12pt;\">\u00a0Vaga\u00a0 para Analista de Departamento Pessoal<\/span><br \/>\n<span style=\"font-size: 12pt;\">Sal\u00e1rio: R$ 2.500,00 + R$ 500,00 de ajuda de custo + Vale Alimenta\u00e7\u00e3o de R$ 500,00<\/span><br \/>\n<span style=\"font-size: 12pt;\">Enviar curr\u00edculo aqui:\u00a0<a href=\"https:\/\/forms.gle\/CUoCh97UQQp3A5Jq8\">https:\/\/forms.gle\/CUoCh97UQQp3A5Jq8<\/a><\/span><\/p>\n<p><span style=\"font-size: 12pt;\">\u00a0Vaga\u00a0 para Analista de Marketing<\/span><br \/>\n<span style=\"font-size: 12pt;\"><a href=\"https:\/\/forms.gle\/BvjcQvCXUBLv9L3N8\">https:\/\/forms.gle\/BvjcQvCXUBLv9L3N8<\/a><\/span><\/p>\n<p><span style=\"font-size: 12pt;\">\u00a0Vaga\u00a0 para\u00a0 BAB\u00c1<\/span><br \/>\n<span style=\"font-size: 12pt;\"><a href=\"https:\/\/forms.gle\/Tc1yACuxMwoz4omk7\">https:\/\/forms.gle\/Tc1yACuxMwoz4omk7<\/a><\/span><\/p>\n<p><span style=\"font-size: 12pt;\">\u00a0Vaga\u00a0 para Auxiliar de Montagem,<\/span><br \/>\n<span style=\"font-size: 12pt;\"><a href=\"https:\/\/forms.gle\/JTpv9BXMmeQZrvLm7\">https:\/\/forms.gle\/JTpv9BXMmeQZrvLm7<\/a><\/span><\/p>\n<p><span style=\"font-size: 12pt;\">\u00a0Vaga\u00a0 para Eletricista Industrial<\/span><br \/>\n<span style=\"font-size: 12pt;\"><a href=\"https:\/\/forms.gle\/JTpv9BXMmeQZrvLm7\">https:\/\/forms.gle\/JTpv9BXMmeQZrvLm7<\/a><\/span><\/p>\n<p><span style=\"font-size: 12pt;\">\u00a0Vaga\u00a0 para Mec\u00e2nico de Ar-Condicionado<\/span><br \/>\n<span style=\"font-size: 12pt;\"><a href=\"https:\/\/forms.gle\/JTpv9BXMmeQZrvLm7\">https:\/\/forms.gle\/JTpv9BXMmeQZrvLm7<\/a><\/span><\/p>\n<p><span style=\"font-size: 12pt;\">\u00a0Vaga\u00a0 para Analista de Cobran\u00e7a e Atendimento a Clientes<\/span><br \/>\n<span style=\"font-size: 12pt;\">Sal\u00e1rio: R$ 2.300,00 + VA R$ 570,00 + Vale Transporte<\/span><br \/>\n<span style=\"font-size: 12pt;\"><a href=\"https:\/\/forms.gle\/djFwScRb1wvJ4wCx8\">https:\/\/forms.gle\/djFwScRb1wvJ4wCx8<\/a><\/span><\/p>\n<p><span style=\"font-size: 12pt;\">Vaga\u00a0 para Consultora de LOCA\u00c7\u00c3O<\/span><br \/>\n<span style=\"font-size: 12pt;\">\u00a0Sal\u00e1rio inicial: R$ 2.000,00 + VA R$ 570,00 + VT<\/span><br \/>\n<span style=\"font-size: 12pt;\"><a href=\"https:\/\/forms.gle\/57nT9fzq9xUWS8mA9\">https:\/\/forms.gle\/57nT9fzq9xUWS8mA9<\/a><\/span><\/p>\n<p><span style=\"font-size: 12pt;\">Vaga\u00a0 para\u00a0 Confeiteiro(a)<\/span><br \/>\n<span style=\"font-size: 12pt;\">Sal\u00e1rio: R$ 2.650,00 + Vale-Refei\u00e7\u00e3o de R$ 190,00<\/span><br \/>\n<span style=\"font-size: 12pt;\">Mandar curr\u00edculo aqui:\u00a0<a href=\"https:\/\/forms.gle\/Gi2bbdRn5WPywxSU7\">https:\/\/forms.gle\/Gi2bbdRn5WPywxSU7<\/a><\/span><\/p>\n<p><span style=\"font-size: 12pt;\">\u00a0Vaga\u00a0 para\u00a0 Balconista<\/span><br \/>\n<span style=\"font-size: 12pt;\">Sal\u00e1rio: R$ 1.945,00 + Vale-Refei\u00e7\u00e3o de R$ 190,00<\/span><br \/>\n<span style=\"font-size: 12pt;\">Enviar curr\u00edculo aqui:\u00a0<a href=\"https:\/\/forms.gle\/FwRCcEair8zLdRRV7\">https:\/\/forms.gle\/FwRCcEair8zLdRRV7<\/a><\/span><\/p>\n<p><span style=\"font-size: 12pt;\">\u00a0Vaga\u00a0 para Padeiro<\/span><br \/>\n<span style=\"font-size: 12pt;\">Sal\u00e1rio: R$ 2.750,00 + Vale-Refei\u00e7\u00e3o de R$ 350,00<\/span><br \/>\n<span style=\"font-size: 12pt;\">Enviar curr\u00edculo aqui:\u00a0<a href=\"https:\/\/forms.gle\/oCFWMWRoSSDvv8CdA\">https:\/\/forms.gle\/oCFWMWRoSSDvv8CdA<\/a><\/span><\/p>\n<p><span style=\"font-size: 12pt;\">Vaga de Est\u00e1gio Comercial Bolsa de R$ 1.000, clique aqui:<\/span><br \/>\n<span style=\"font-size: 12pt;\"><a href=\"https:\/\/forms.gle\/wXsx4QT5bw75jpvh9\">https:\/\/forms.gle\/wXsx4QT5bw75jpvh9<\/a><\/span><\/p>\n<p><span style=\"font-size: 12pt;\">Supervisora de Sal\u00e3o (Restaurante)em Franca Sal\u00e1rio de R$2,5 mil, clique aqui:<\/span><br \/>\n<span style=\"font-size: 12pt;\"><a href=\"https:\/\/forms.gle\/oRuov6MoNpSN3QfN9\">https:\/\/forms.gle\/oRuov6MoNpSN3QfN9<\/a><\/span><\/p>\n<p><span style=\"font-size: 12pt;\">Analista de Engenharia Sal\u00e1rio: R$ 3.500 a R$ 4.200, clique aqui:<\/span><br \/>\n<span style=\"font-size: 12pt;\"><a href=\"https:\/\/forms.gle\/jTaVAjymrWbBRm5k6\">https:\/\/forms.gle\/jTaVAjymrWbBRm5k6<\/a><\/span><\/p>\n<p><span style=\"font-size: 12pt;\">Recepcionista \u2013 Sal\u00e1rio R$ 2.000, clique aqui:<\/span><br \/>\n<span style=\"font-size: 12pt;\"><a href=\"https:\/\/forms.gle\/GG35ape6Ux6HrLy87\">https:\/\/forms.gle\/GG35ape6Ux6HrLy87<\/a><\/span><\/p>\n<p><span style=\"font-size: 12pt;\">BALCONISTA \u2013 *Sal\u00e1rio: R$ 1.202,40* Escala 5\u00d72 \u2013 Folga duas vez por semana conforme escala<\/span><br \/>\n<span style=\"font-size: 12pt;\">*PARA MORADORES DE RIBEIRAO PRETO, SERRANA E CRAVINHOS* clique aqui:<\/span><br \/>\n<span style=\"font-size: 12pt;\"><a href=\"https:\/\/forms.gle\/6XmBndWVvEwrqMtU7\">https:\/\/forms.gle\/6XmBndWVvEwrqMtU7<\/a><\/span><\/p>\n<p><span style=\"font-size: 12pt;\">AUXILIAR DE OPERA\u00c7\u00d5ES \u2013 Sal\u00e1rio R$ 2.224 +190 VA, clique aqui:<\/span><br \/>\n<span style=\"font-size: 12pt;\"><a href=\"https:\/\/forms.gle\/DTfr7CzzRHneD1a46\">https:\/\/forms.gle\/DTfr7CzzRHneD1a46<\/a><\/span><\/p>\n<p><span style=\"font-size: 12pt;\">Executivo de Vendas Interno<\/span><br \/>\n<span style=\"font-size: 12pt;\"><a href=\"https:\/\/forms.gle\/6AVDrb1tGXsqhm8G9\">https:\/\/forms.gle\/6AVDrb1tGXsqhm8G9<\/a><\/span><\/p>\n<p><span style=\"font-size: 12pt;\">Assistente ou Analista Cont\u00e1bil \u00a0\u00a0Sal\u00e1rio: R$ 3.000,00 a R$ 3.500,00<\/span><br \/>\n<span style=\"font-size: 12pt;\"><a href=\"https:\/\/forms.gle\/5UMXvnshuGxyRBqq9\">https:\/\/forms.gle\/5UMXvnshuGxyRBqq9<\/a><\/span><\/p>\n<p><span style=\"font-size: 12pt;\">VAGA DE JARDINEIRO OU AUXILIAR DE JARDINAGEM \u2013 IN\u00cdCIO IMEDIATO!\u00a0<\/span><br \/>\n<span style=\"font-size: 12pt;\">\u00a0Sal\u00e1rio inicial: R$ 1.800,00<\/span><br \/>\n<span style=\"font-size: 12pt;\">NECESS\u00c1RIO TER CNH AB ATIVA \u2013 SEM EXPERI\u00caNCIA<\/span><br \/>\n<span style=\"font-size: 12pt;\">Para moradores de Ribeir\u00e3o Preto, Cravinhos, Serrana, Jardin\u00f3polis<\/span><br \/>\n<span style=\"font-size: 12pt;\">Manda Curr\u00edculo aqui:\u00a0<a href=\"https:\/\/forms.gle\/gqa54rQkqfgPbhpu5\">https:\/\/forms.gle\/gqa54rQkqfgPbhpu5<\/a><\/span><\/p>\n<p><span style=\"font-size: 12pt;\">Carregador \u2013 Carga e Descarga<\/span><br \/>\n<span style=\"font-size: 12pt;\">Sal\u00e1rio: R$ 1.750,00 (CLT)<\/span><br \/>\n<span style=\"font-size: 12pt;\">Enviar curr\u00edculo para Ismael Colosi aqui:\u00a0<a href=\"https:\/\/forms.gle\/LxyJxvBsiBdtrreB9\">https:\/\/forms.gle\/LxyJxvBsiBdtrreB9<\/a><\/span><\/p>\n<p data-start=\"453\" data-end=\"1139\"><span style=\"font-size: 12pt;\">Assistente ou Analista Cont\u00e1bil \u00a0\u00a0Sal\u00e1rio: R$ 3.000,00 a R$ 3.500,00<\/span><br \/>\n<span style=\"font-size: 12pt;\"><a href=\"https:\/\/forms.gle\/5UMXvnshuGxyRBqq9\">https:\/\/forms.gle\/5UMXvnshuGxyRBqq9<\/a><\/span><\/p>\n<p data-start=\"1141\" data-end=\"1365\"><span style=\"font-size: 12pt;\">\u00a0Acompanhe tamb\u00e9m pelo Instagram: <a href=\"https:\/\/www.instagram.com\/ismaelcolosi\/\" target=\"_new\" rel=\"noopener\" data-start=\"1177\" data-end=\"1233\">@ismaelcolosi<\/a><\/span><br data-start=\"1233\" data-end=\"1236\" \/><span style=\"font-size: 12pt;\">\u00a0Entre no nosso <strong data-start=\"1254\" data-end=\"1284\">Grupo de Vagas no WhatsApp<\/strong>:\u00a0<a href=\"https:\/\/chat.whatsapp.com\/BqP1oF0kIW4843Ko1qXXaO\" target=\"_new\" rel=\"noopener\" data-start=\"1286\" data-end=\"1365\">Clique aqui para participar<\/a><\/span><\/p>\n<div class='code-block code-block-4' style='margin: 8px auto 8px 0; text-align: left; display: block; clear: both;'>\n\ud83d\udce2 Aviso Legal\n\nO site ismaelcolosi.com.br atua apenas como um canal de divulga\u00e7\u00e3o de oportunidades de emprego e n\u00e3o se responsabiliza pelo processo seletivo, contrata\u00e7\u00e3o ou qualquer outra etapa relacionada \u00e0s vagas publicadas. Todas as informa\u00e7\u00f5es s\u00e3o de responsabilidade dos anunciantes.\n\n\u26a0\ufe0f Aten\u00e7\u00e3o! Nunca pague por promessas de emprego nem compre cursos que garantam contrata\u00e7\u00e3o. Desconfie de qualquer cobran\u00e7a para participar de sele\u00e7\u00f5es.\n\n\n\n<\/div>\n<!-- CONTENT END 1 -->\n","protected":false},"excerpt":{"rendered":"<p>\ud83c\udf54 Atendente de Restaurante \u2013 Ribeir\u00e3o Preto (Campos El\u00edsios) Venha fazer parte de uma equipe din\u00e2mica e cheia de energia!Estamos em busca de pessoas comunicativas,&#8230;<\/p>\n","protected":false},"author":5,"featured_media":88101,"comment_status":"closed","ping_status":"open","sticky":false,"template":"","format":"standard","meta":{"_uag_custom_page_level_css":"","advanced_seo_description":"","jetpack_seo_html_title":"","jetpack_seo_noindex":false,"jetpack_post_was_ever_published":false,"_jetpack_newsletter_access":"","_jetpack_dont_email_post_to_subs":false,"_jetpack_newsletter_tier_id":0,"_jetpack_memberships_contains_paywalled_content":false,"_jetpack_memberships_contains_paid_content":false,"footnotes":"","jetpack_publicize_message":"","jetpack_publicize_feature_enabled":true,"jetpack_social_post_already_shared":true,"jetpack_social_options":{"image_generator_settings":{"template":"highway","default_image_id":0,"font":"","enabled":false},"version":2}},"categories":[7],"tags":[],"class_list":["post-88100","post","type-post","status-publish","format-standard","has-post-thumbnail","hentry","category-vagas-de-empregos-em-ribeirao-preto-regiao-brasil"],"jetpack_publicize_connections":[],"jetpack_featured_media_url":"https:\/\/i0.wp.com\/ismaelcolosi.com.br\/wp-content\/uploads\/2025\/10\/Captura-de-tela-2025-10-29-134325.png?fit=260%2C224&ssl=1","uagb_featured_image_src":{"full":["https:\/\/i0.wp.com\/ismaelcolosi.com.br\/wp-content\/uploads\/2025\/10\/Captura-de-tela-2025-10-29-134325.png?fit=260%2C224&ssl=1",260,224,false],"thumbnail":["https:\/\/i0.wp.com\/ismaelcolosi.com.br\/wp-content\/uploads\/2025\/10\/Captura-de-tela-2025-10-29-134325.png?resize=150%2C150&ssl=1",150,150,true],"medium":["https:\/\/i0.wp.com\/ismaelcolosi.com.br\/wp-content\/uploads\/2025\/10\/Captura-de-tela-2025-10-29-134325.png?fit=260%2C224&ssl=1",260,224,true],"medium_large":["https:\/\/i0.wp.com\/ismaelcolosi.com.br\/wp-content\/uploads\/2025\/10\/Captura-de-tela-2025-10-29-134325.png?fit=260%2C224&ssl=1",260,224,true],"large":["https:\/\/i0.wp.com\/ismaelcolosi.com.br\/wp-content\/uploads\/2025\/10\/Captura-de-tela-2025-10-29-134325.png?fit=260%2C224&ssl=1",260,224,true],"1536x1536":["https:\/\/i0.wp.com\/ismaelcolosi.com.br\/wp-content\/uploads\/2025\/10\/Captura-de-tela-2025-10-29-134325.png?fit=260%2C224&ssl=1",260,224,true],"2048x2048":["https:\/\/i0.wp.com\/ismaelcolosi.com.br\/wp-content\/uploads\/2025\/10\/Captura-de-tela-2025-10-29-134325.png?fit=260%2C224&ssl=1",260,224,true],"really-simple-thumb":["https:\/\/i0.wp.com\/ismaelcolosi.com.br\/wp-content\/uploads\/2025\/10\/Captura-de-tela-2025-10-29-134325.png?resize=260%2C224&ssl=1",260,224,true]},"uagb_author_info":{"display_name":"Arthur Tijolo","author_link":"https:\/\/ismaelcolosi.com.br\/index.php\/author\/autor-2024\/"},"uagb_comment_info":0,"uagb_excerpt":"\ud83c\udf54 Atendente de Restaurante \u2013 Ribeir\u00e3o Preto (Campos El\u00edsios) Venha fazer parte de uma equipe din\u00e2mica e cheia de energia!Estamos em busca de pessoas comunicativas,...","jetpack-related-posts":[{"id":89384,"url":"https:\/\/ismaelcolosi.com.br\/index.php\/2026\/03\/04\/vagas-de-emprego-para-atendente-em-ribeirao-preto-sp-30\/","url_meta":{"origin":88100,"position":0},"title":"Vagas de emprego para Atendente em Ribeir\u00e3o Preto-SP","author":"ismaelcolosi.com.br","date":"4 de March de 2026","format":false,"excerpt":"ATENDENTE DE LOJA - BALC\u00c3O ATENDENTE REPOSITOR ATENDENTE REPOSITOR ATENDENTE REPOSITOR Atendente de Ag\u00eancia | Ag\u00eancia de Ribeir\u00e3o Preto\/SP Atendente de Lanchonete - Loja Ribeir\u00e3o Preto ATENDENTE DE RESTAURANTE - RIBEIR\u00c3O PRETO Atendente de Lanchonete - Loja Ribeir\u00e3o Preto Atendente de Lanchonete - Loja Ribeir\u00e3o Preto","rel":"","context":"In &quot;Vagas de Emprego em Ribeir\u00e3o Preto-SP&quot;","block_context":{"text":"Vagas de Emprego em Ribeir\u00e3o Preto-SP","link":"https:\/\/ismaelcolosi.com.br\/index.php\/category\/empregos-classificados-vagas-trabalho\/vagas-de-empregos-em-ribeirao-preto-regiao-brasil\/"},"img":{"alt_text":"","src":"https:\/\/i0.wp.com\/ismaelcolosi.com.br\/wp-content\/uploads\/2026\/03\/Randstad-2-1024x683.jpg?fit=1024%2C683&ssl=1&resize=350%2C200","width":350,"height":200,"srcset":"https:\/\/i0.wp.com\/ismaelcolosi.com.br\/wp-content\/uploads\/2026\/03\/Randstad-2-1024x683.jpg?fit=1024%2C683&ssl=1&resize=350%2C200 1x, https:\/\/i0.wp.com\/ismaelcolosi.com.br\/wp-content\/uploads\/2026\/03\/Randstad-2-1024x683.jpg?fit=1024%2C683&ssl=1&resize=525%2C300 1.5x, https:\/\/i0.wp.com\/ismaelcolosi.com.br\/wp-content\/uploads\/2026\/03\/Randstad-2-1024x683.jpg?fit=1024%2C683&ssl=1&resize=700%2C400 2x"},"classes":[]},{"id":89178,"url":"https:\/\/ismaelcolosi.com.br\/index.php\/2026\/02\/14\/vagas-de-emprego-para-atendente-em-ribeirao-preto-sp-29\/","url_meta":{"origin":88100,"position":1},"title":"Vagas de emprego para Atendente em Ribeir\u00e3o Preto-SP","author":"ismaelcolosi.com.br","date":"14 de February de 2026","format":false,"excerpt":"Atendente | Cin\u00e9polis Iguatemi Ribeir\u00e3o Preto Atendente de Restaurante - KFC - Ribeir\u00e3o Preto\/SP ATENDENTE REPOSITOR ATENDENTE REPOSITOR ATENDENTE REPOSITOR ATENDENTE REPOSITOR ATENDENTE REPOSITOR ATENDENTE REPOSITOR ATENDENTE REPOSITOR","rel":"","context":"In &quot;Vagas de Emprego em Ribeir\u00e3o Preto-SP&quot;","block_context":{"text":"Vagas de Emprego em Ribeir\u00e3o Preto-SP","link":"https:\/\/ismaelcolosi.com.br\/index.php\/category\/empregos-classificados-vagas-trabalho\/vagas-de-empregos-em-ribeirao-preto-regiao-brasil\/"},"img":{"alt_text":"","src":"https:\/\/i0.wp.com\/ismaelcolosi.com.br\/wp-content\/uploads\/2026\/02\/Randstad-2-1024x683.jpg?fit=1024%2C683&ssl=1&resize=350%2C200","width":350,"height":200,"srcset":"https:\/\/i0.wp.com\/ismaelcolosi.com.br\/wp-content\/uploads\/2026\/02\/Randstad-2-1024x683.jpg?fit=1024%2C683&ssl=1&resize=350%2C200 1x, https:\/\/i0.wp.com\/ismaelcolosi.com.br\/wp-content\/uploads\/2026\/02\/Randstad-2-1024x683.jpg?fit=1024%2C683&ssl=1&resize=525%2C300 1.5x, https:\/\/i0.wp.com\/ismaelcolosi.com.br\/wp-content\/uploads\/2026\/02\/Randstad-2-1024x683.jpg?fit=1024%2C683&ssl=1&resize=700%2C400 2x"},"classes":[]},{"id":55908,"url":"https:\/\/ismaelcolosi.com.br\/index.php\/2024\/07\/08\/vagas-de-emprego-para-atendente-em-ribeirao-preto-sp-5\/","url_meta":{"origin":88100,"position":2},"title":"Vagas de emprego para Atendente em Ribeir\u00e3o Preto-SP","author":"ismaelcolosi.com.br","date":"8 de July de 2024","format":false,"excerpt":"Atendente de Loja - Fast Food - Ribeir\u00e3o Preto Ribeir\u00e3o Preto - SP Efetivo Atendente de Polo - Ribeir\u00e3o Preto\/SP Atendente de Restaurante ATENDENTE REPOSITOR ATENDENTE REPOSITOR Atendente de Loja - Fast Food - Ribeir\u00e3o Preto Atendente de Recep\u00e7\u00e3o\/ Comercial - Ribeir\u00e3o Preto Atendente de Loja - Fast Food -\u2026","rel":"","context":"In &quot;Vagas de Emprego em Ribeir\u00e3o Preto-SP&quot;","block_context":{"text":"Vagas de Emprego em Ribeir\u00e3o Preto-SP","link":"https:\/\/ismaelcolosi.com.br\/index.php\/category\/empregos-classificados-vagas-trabalho\/vagas-de-empregos-em-ribeirao-preto-regiao-brasil\/"},"img":{"alt_text":"","src":"https:\/\/i0.wp.com\/ismaelcolosi.com.br\/wp-content\/uploads\/2024\/07\/latest.jpeg?fit=1200%2C675&ssl=1&resize=350%2C200","width":350,"height":200,"srcset":"https:\/\/i0.wp.com\/ismaelcolosi.com.br\/wp-content\/uploads\/2024\/07\/latest.jpeg?fit=1200%2C675&ssl=1&resize=350%2C200 1x, https:\/\/i0.wp.com\/ismaelcolosi.com.br\/wp-content\/uploads\/2024\/07\/latest.jpeg?fit=1200%2C675&ssl=1&resize=525%2C300 1.5x, https:\/\/i0.wp.com\/ismaelcolosi.com.br\/wp-content\/uploads\/2024\/07\/latest.jpeg?fit=1200%2C675&ssl=1&resize=700%2C400 2x, https:\/\/i0.wp.com\/ismaelcolosi.com.br\/wp-content\/uploads\/2024\/07\/latest.jpeg?fit=1200%2C675&ssl=1&resize=1050%2C600 3x"},"classes":[]},{"id":53856,"url":"https:\/\/ismaelcolosi.com.br\/index.php\/2024\/06\/20\/vagas-de-emprego-para-atendente-em-ribeirao-preto-sp-4\/","url_meta":{"origin":88100,"position":3},"title":"Vagas de emprego para Atendente em Ribeir\u00e3o Preto-SP","author":"ismaelcolosi.com.br","date":"20 de June de 2024","format":false,"excerpt":"Atendente de Loja - Presidente Vargas ATENDENTE DE CAIXA Atendente de Restaurante ATENDENTE REPOSITOR ATENDENTE REPOSITOR Camareira \/ Camarista (Escala 6x1) Atendente de Loja - Fast Food - Ribeir\u00e3o Preto Ribeir\u00e3o Preto - SP Efetivo Camareira \/ Camarista (Escala 6x1) Camareira \/ Camarista (Escala 6x1)","rel":"","context":"In &quot;Vagas de Emprego em Ribeir\u00e3o Preto-SP&quot;","block_context":{"text":"Vagas de Emprego em Ribeir\u00e3o Preto-SP","link":"https:\/\/ismaelcolosi.com.br\/index.php\/category\/empregos-classificados-vagas-trabalho\/vagas-de-empregos-em-ribeirao-preto-regiao-brasil\/"},"img":{"alt_text":"","src":"https:\/\/i0.wp.com\/ismaelcolosi.com.br\/wp-content\/uploads\/2024\/06\/latest.jpeg?fit=1200%2C675&ssl=1&resize=350%2C200","width":350,"height":200,"srcset":"https:\/\/i0.wp.com\/ismaelcolosi.com.br\/wp-content\/uploads\/2024\/06\/latest.jpeg?fit=1200%2C675&ssl=1&resize=350%2C200 1x, https:\/\/i0.wp.com\/ismaelcolosi.com.br\/wp-content\/uploads\/2024\/06\/latest.jpeg?fit=1200%2C675&ssl=1&resize=525%2C300 1.5x, https:\/\/i0.wp.com\/ismaelcolosi.com.br\/wp-content\/uploads\/2024\/06\/latest.jpeg?fit=1200%2C675&ssl=1&resize=700%2C400 2x, https:\/\/i0.wp.com\/ismaelcolosi.com.br\/wp-content\/uploads\/2024\/06\/latest.jpeg?fit=1200%2C675&ssl=1&resize=1050%2C600 3x"},"classes":[]},{"id":55534,"url":"https:\/\/ismaelcolosi.com.br\/index.php\/2024\/07\/03\/1o-feirao-das-entrevistas-100-vagas-para-atendente-de-restaurante-com-entrevistas-no-local-e-inicio-imediato\/","url_meta":{"origin":88100,"position":4},"title":"1\u00ba Feir\u00e3o das Entrevistas: 100 Vagas para Atendente de Restaurante com Entrevistas no Local e In\u00edcio Imediato!","author":"ismaelcolosi.com.br","date":"3 de July de 2024","format":false,"excerpt":"1\u00ba Feir\u00e3o das Entrevistas: 100 Vagas para Atendente de Restaurante com Entrevistas no Local e In\u00edcio Imediato! Ribeir\u00e3o Preto, SP - No dia 5 de julho, o Cal\u00e7ad\u00e3o de Ribeir\u00e3o Preto vai sediar o 1\u00ba Feir\u00e3o das Entrevistas, organizado e realizado pelo Instituto Brasileiro do Emprego e Empreendedorismo - iBEE.\u2026","rel":"","context":"In &quot;Vagas de Emprego em Ribeir\u00e3o Preto-SP&quot;","block_context":{"text":"Vagas de Emprego em Ribeir\u00e3o Preto-SP","link":"https:\/\/ismaelcolosi.com.br\/index.php\/category\/empregos-classificados-vagas-trabalho\/vagas-de-empregos-em-ribeirao-preto-regiao-brasil\/"},"img":{"alt_text":"","src":"https:\/\/i0.wp.com\/ismaelcolosi.com.br\/wp-content\/uploads\/2024\/07\/HIRING-AD-6-Feito-com-PosterMyWall.jpg?fit=1080%2C1080&ssl=1&resize=350%2C200","width":350,"height":200,"srcset":"https:\/\/i0.wp.com\/ismaelcolosi.com.br\/wp-content\/uploads\/2024\/07\/HIRING-AD-6-Feito-com-PosterMyWall.jpg?fit=1080%2C1080&ssl=1&resize=350%2C200 1x, https:\/\/i0.wp.com\/ismaelcolosi.com.br\/wp-content\/uploads\/2024\/07\/HIRING-AD-6-Feito-com-PosterMyWall.jpg?fit=1080%2C1080&ssl=1&resize=525%2C300 1.5x, https:\/\/i0.wp.com\/ismaelcolosi.com.br\/wp-content\/uploads\/2024\/07\/HIRING-AD-6-Feito-com-PosterMyWall.jpg?fit=1080%2C1080&ssl=1&resize=700%2C400 2x, https:\/\/i0.wp.com\/ismaelcolosi.com.br\/wp-content\/uploads\/2024\/07\/HIRING-AD-6-Feito-com-PosterMyWall.jpg?fit=1080%2C1080&ssl=1&resize=1050%2C600 3x"},"classes":[]},{"id":50906,"url":"https:\/\/ismaelcolosi.com.br\/index.php\/2024\/05\/20\/mcdonalds-oferece-80-vagas-de-emprego-em-ribeirao-preto-e-regiao-saiba-mais\/","url_meta":{"origin":88100,"position":5},"title":"McDonald\u2019s oferece 80 vagas de emprego em Ribeir\u00e3o Preto e regi\u00e3o; Saiba mais","author":"ismaelcolosi.com.br","date":"20 de May de 2024","format":false,"excerpt":"O McDonald\u2019s est\u00e1 oferecendo 80 vagas de emprego, para candidatos interessados em trabalhar em um dos 14 restaurantes da rede, que ficam em Ribeir\u00e3o Preto e Sert\u00e3ozinho. As oportunidades s\u00e3o para os cargos de atendente de restaurante e n\u00e3o \u00e9 preciso ter experi\u00eancia. Al\u00e9m disso, as vagas tamb\u00e9m s\u00e3o destinadas\u2026","rel":"","context":"In &quot;Not\u00edcias de Ribeir\u00e3o Preto-SP e Regi\u00e3o&quot;","block_context":{"text":"Not\u00edcias de Ribeir\u00e3o Preto-SP e Regi\u00e3o","link":"https:\/\/ismaelcolosi.com.br\/index.php\/category\/noticias-de-ribeirao-preto-sp-e-regiao-ismael-colosi\/"},"img":{"alt_text":"","src":"https:\/\/i0.wp.com\/ismaelcolosi.com.br\/wp-content\/uploads\/2024\/05\/Copia-de-Copia-de-TAMANHO-EXATO-PARA-FOTOS-NO-SISTEMA-NOVO-20_2024-05-20_21-25-42_jpg_2024-05-20_21-25-42.webp.webp?fit=1200%2C675&ssl=1&resize=350%2C200","width":350,"height":200,"srcset":"https:\/\/i0.wp.com\/ismaelcolosi.com.br\/wp-content\/uploads\/2024\/05\/Copia-de-Copia-de-TAMANHO-EXATO-PARA-FOTOS-NO-SISTEMA-NOVO-20_2024-05-20_21-25-42_jpg_2024-05-20_21-25-42.webp.webp?fit=1200%2C675&ssl=1&resize=350%2C200 1x, https:\/\/i0.wp.com\/ismaelcolosi.com.br\/wp-content\/uploads\/2024\/05\/Copia-de-Copia-de-TAMANHO-EXATO-PARA-FOTOS-NO-SISTEMA-NOVO-20_2024-05-20_21-25-42_jpg_2024-05-20_21-25-42.webp.webp?fit=1200%2C675&ssl=1&resize=525%2C300 1.5x, https:\/\/i0.wp.com\/ismaelcolosi.com.br\/wp-content\/uploads\/2024\/05\/Copia-de-Copia-de-TAMANHO-EXATO-PARA-FOTOS-NO-SISTEMA-NOVO-20_2024-05-20_21-25-42_jpg_2024-05-20_21-25-42.webp.webp?fit=1200%2C675&ssl=1&resize=700%2C400 2x, https:\/\/i0.wp.com\/ismaelcolosi.com.br\/wp-content\/uploads\/2024\/05\/Copia-de-Copia-de-TAMANHO-EXATO-PARA-FOTOS-NO-SISTEMA-NOVO-20_2024-05-20_21-25-42_jpg_2024-05-20_21-25-42.webp.webp?fit=1200%2C675&ssl=1&resize=1050%2C600 3x"},"classes":[]}],"jetpack_sharing_enabled":true,"jetpack_shortlink":"https:\/\/wp.me\/pfMlyK-mUY","_links":{"self":[{"href":"https:\/\/ismaelcolosi.com.br\/index.php\/wp-json\/wp\/v2\/posts\/88100","targetHints":{"allow":["GET"]}}],"collection":[{"href":"https:\/\/ismaelcolosi.com.br\/index.php\/wp-json\/wp\/v2\/posts"}],"about":[{"href":"https:\/\/ismaelcolosi.com.br\/index.php\/wp-json\/wp\/v2\/types\/post"}],"author":[{"embeddable":true,"href":"https:\/\/ismaelcolosi.com.br\/index.php\/wp-json\/wp\/v2\/users\/5"}],"replies":[{"embeddable":true,"href":"https:\/\/ismaelcolosi.com.br\/index.php\/wp-json\/wp\/v2\/comments?post=88100"}],"version-history":[{"count":2,"href":"https:\/\/ismaelcolosi.com.br\/index.php\/wp-json\/wp\/v2\/posts\/88100\/revisions"}],"predecessor-version":[{"id":88119,"href":"https:\/\/ismaelcolosi.com.br\/index.php\/wp-json\/wp\/v2\/posts\/88100\/revisions\/88119"}],"wp:featuredmedia":[{"embeddable":true,"href":"https:\/\/ismaelcolosi.com.br\/index.php\/wp-json\/wp\/v2\/media\/88101"}],"wp:attachment":[{"href":"https:\/\/ismaelcolosi.com.br\/index.php\/wp-json\/wp\/v2\/media?parent=88100"}],"wp:term":[{"taxonomy":"category","embeddable":true,"href":"https:\/\/ismaelcolosi.com.br\/index.php\/wp-json\/wp\/v2\/categories?post=88100"},{"taxonomy":"post_tag","embeddable":true,"href":"https:\/\/ismaelcolosi.com.br\/index.php\/wp-json\/wp\/v2\/tags?post=88100"}],"curies":[{"name":"wp","href":"https:\/\/api.w.org\/{rel}","templated":true}]}}