{"id":88087,"date":"2025-10-29T05:06:32","date_gmt":"2025-10-29T08:06:32","guid":{"rendered":"https:\/\/ismaelcolosi.com.br\/index.php\/2025\/10\/29\/microsoft-teams-vai-mostrar-quando-voce-nao-esta-no-escritorio\/"},"modified":"2025-10-29T05:06:32","modified_gmt":"2025-10-29T08:06:32","slug":"microsoft-teams-vai-mostrar-quando-voce-nao-esta-no-escritorio","status":"publish","type":"post","link":"https:\/\/ismaelcolosi.com.br\/index.php\/2025\/10\/29\/microsoft-teams-vai-mostrar-quando-voce-nao-esta-no-escritorio\/","title":{"rendered":"Microsoft Teams Vai Mostrar Quando Voc\u00ea N\u00e3o Est\u00e1 no Escrit\u00f3rio"},"content":{"rendered":"<p> <br \/>\n<\/p>\n<div id=\"post-721140\">&#13;<\/p>\n<header>&#13;<\/p>\n<p>&#13;<\/p>\n<h2 class=\"post__excerpt\">&#13;<br \/>\n            Atualiza\u00e7\u00e3o chega em meio \u00e0 acelera\u00e7\u00e3o do retorno ao presencial; segundo a big tech, o objetivo \u00e9 facilitar a colabora\u00e7\u00e3o e reduzir a confus\u00e3o sobre quem est\u00e1 fisicamente na empresa    <\/h2>\n<\/p>\n<p>&#13;<br \/>\n\t\t\t\t\t\t&#13;<br \/>\n\t\t\t\t\t<\/header>\n<p>&#13;<\/p>\n<div class=\"entry-content\">\n<figure class=\"destaque wp-caption\">&#13;<br \/>\n\t\t<img data-recalc-dims=\"1\" width=\"678\" height=\"452\" src=\"https:\/\/i0.wp.com\/forbes.com.br\/wp-content\/uploads\/2025\/10\/carreira-trabalho-praia-anywhere-office-nomade-digital-768x512.jpg?resize=678%2C452&#038;ssl=1\" class=\"attachment-medium_large size-medium_large wp-post-image\" alt=\"\" decoding=\"async\" fetchpriority=\"high\"\/>\t\t<\/p>\n<p>Getty Images<\/p>\n<p>&#13;<figcaption class=\"wp-caption-text\">Atualiza\u00e7\u00e3o ser\u00e1 disponibilizada para usu\u00e1rios do Microsoft Teams em Windows e Mac, no mundo todo<\/figcaption>&#13;<br \/>\n\t<\/figure>\n<div class=\"accessibility\">\n<p>Acessibilidade<\/p>\n<p>&#13;<br \/>\n\t\t\t<button onclick=\"alterFont1()\" id=\"btn1\" class=\"btn\">L<\/button>&#13;<br \/>\n\t\t\t<button onclick=\"alterFont2()\" id=\"btn2\" class=\"btn\" style=\"font-family:Merriweather\">L<\/button>&#13;<br \/>\n\t\t\t<button onclick=\"alterFontSmallerSize()\" id=\"btn3\" class=\"btn\">A-<\/button>&#13;<br \/>\n\t\t\t<button onclick=\"alterFontBiggerSize()\" id=\"btn4\" class=\"btn\">A+<\/button>&#13;<br \/>\n\t\t\t<!--<button onclick='alterFontBolder()' id='btn5' class=\"btn\" >B<\/button>-->&#13;<br \/>\n\t\t\t<button onclick=\"alterBackground()\" id=\"btn6\" class=\"btn\">\u25d0<\/button>&#13;<br \/>\n\t\t\t<!--<button onclick='clean()' id='btn7' class=\"btn\" >Limpar<\/button>-->&#13;\n\t\t<\/p>\n<\/p><\/div>\n<p>O <strong>Microsoft Teams<\/strong> ter\u00e1 um novo recurso que atualiza automaticamente a localiza\u00e7\u00e3o do usu\u00e1rio sempre que ele se conectar ao Wi-Fi da empresa, indicando se est\u00e1 no escrit\u00f3rio ou n\u00e3o.<\/p>\n<p>Segundo a Microsoft, o objetivo \u00e9<strong> facilitar a colabora\u00e7\u00e3o<\/strong> e reduzir a confus\u00e3o sobre quem est\u00e1 fisicamente presente na empresa.<\/p>\n<aside>\n<h2>Leia tamb\u00e9m<\/h2>\n<\/aside>\n<p>A atualiza\u00e7\u00e3o, que deve come\u00e7ar a ser implementada em dezembro, ser\u00e1 disponibilizada para usu\u00e1rios do Teams em <strong>Windows e Mac<\/strong>, no mundo todo. N\u00e3o h\u00e1 previs\u00e3o de lan\u00e7amento nos apps para Android e iOS.<\/p>\n<p>Al\u00e9m disso, a companhia confirmou que o mesmo tipo de rastreamento ser\u00e1 aplicado quando o usu\u00e1rio se conectar a perif\u00e9ricos (como teclado e monitor) em ambientes em que o funcion\u00e1rio usa seu pr\u00f3prio dispositivo ou em espa\u00e7os e mesas reservados.<\/p>\n<p>A Microsoft informou que a <strong>detec\u00e7\u00e3o autom\u00e1tica de localiza\u00e7\u00e3o<\/strong> vir\u00e1 desabilitada por padr\u00e3o, mas ainda n\u00e3o esclareceu se o usu\u00e1rio poder\u00e1 escolher se deseja compartilhar essas informa\u00e7\u00f5es.<\/p>\n<p>A novidade chega em um momento em que muitas empresas aceleram o retorno ao <strong>trabalho presencial<\/strong> e buscam novas formas de <strong>monitorar a presen\u00e7a<\/strong> dos funcion\u00e1rios, refor\u00e7ando o debate sobre os limites entre <strong>produtividade e privacidade<\/strong>.<\/p>\n<p><em>*Zak Doffman \u00e9 colaborador da Forbes USA. Ele cobre temas de seguran\u00e7a, vigil\u00e2ncia e privacidade na Forbes desde 2018 e trabalha nessa ind\u00fastria h\u00e1 mais de 20 anos, com experi\u00eancia nos EUA, Europa e \u00c1sia. \u00a0<\/em><\/p>\n<aside>\n<h2>Escolhas do editor<\/h2>\n<\/aside>\n<div class=\"follow-us\">Siga o canal da <a href=\"https:\/\/whatsapp.com\/channel\/0029Va9gQKwBFLgM96cJnu0u\" target=\"_blank\" rel=\"noopener noreferrer nofollow\" title=\"Grupo da Forbes no WhatsApp\">Forbes<\/a> no WhatsApp e receba as principais not\u00edcias de empreendedorismo, carreira, tecnologia, agro e lifestyle.<\/div>\n<\/p><\/div>\n<p>&#13;<br \/>\n\t\t\t\t\t \t\t\t\t\t  &#13;\n\t\t\t\t<\/p><\/div>\n<p><script data-debloat-delay=\"1\" type=\"text\/debloat-script\">\n\t\t\t\t(function(d, s, id){\n\t\t\t\t\tvar js, fjs = d.getElementsByTagName(s)[0];\n\t\t\t\t\tif (d.getElementById(id)) return;\n\t\t\t\t\tjs = d.createElement(s); js.id = id;\n\t\t\t\t\tjs.src = \"\/\/connect.facebook.net\/pt_BR\/sdk.js#xfbml=1&version=v2.9\";\n\t\t\t\t\tfjs.parentNode.insertBefore(js, fjs);\n\t\t\t\t}(document, 'script', 'facebook-jssdk'));\n\t\t\t<\/script><br \/>\n<br \/><br \/>\n<br \/><a href=\"https:\/\/forbes.com.br\/carreira\/2025\/10\/microsoft-teams-vai-mostrar-quando-voce-nao-esta-no-escritorio\/\">Source link <\/a><\/p>\n<div class='code-block code-block-4' style='margin: 8px auto 8px 0; text-align: left; display: block; clear: both;'>\n\ud83d\udce2 Aviso Legal\n\nO site ismaelcolosi.com.br atua apenas como um canal de divulga\u00e7\u00e3o de oportunidades de emprego e n\u00e3o se responsabiliza pelo processo seletivo, contrata\u00e7\u00e3o ou qualquer outra etapa relacionada \u00e0s vagas publicadas. Todas as informa\u00e7\u00f5es s\u00e3o de responsabilidade dos anunciantes.\n\n\u26a0\ufe0f Aten\u00e7\u00e3o! Nunca pague por promessas de emprego nem compre cursos que garantam contrata\u00e7\u00e3o. Desconfie de qualquer cobran\u00e7a para participar de sele\u00e7\u00f5es.\n\n\n\n<\/div>\n<!-- CONTENT END 1 -->\n","protected":false},"excerpt":{"rendered":"<p>&#13; &#13; &#13; &#13; Atualiza\u00e7\u00e3o chega em meio \u00e0 acelera\u00e7\u00e3o do retorno ao presencial; segundo a big tech, o objetivo \u00e9 facilitar a colabora\u00e7\u00e3o e&#8230;<\/p>\n","protected":false},"author":1,"featured_media":88088,"comment_status":"","ping_status":"open","sticky":false,"template":"","format":"standard","meta":{"_uag_custom_page_level_css":"","advanced_seo_description":"","jetpack_seo_html_title":"","jetpack_seo_noindex":false,"jetpack_post_was_ever_published":false,"_jetpack_newsletter_access":"","_jetpack_dont_email_post_to_subs":false,"_jetpack_newsletter_tier_id":0,"_jetpack_memberships_contains_paywalled_content":false,"_jetpack_memberships_contains_paid_content":false,"footnotes":"","jetpack_publicize_message":"","jetpack_publicize_feature_enabled":true,"jetpack_social_post_already_shared":true,"jetpack_social_options":{"image_generator_settings":{"template":"highway","default_image_id":0,"font":"","enabled":false},"version":2}},"categories":[1964],"tags":[],"class_list":["post-88087","post","type-post","status-publish","format-standard","has-post-thumbnail","hentry","category-carreira-e-sucesso-dicas-para-carreira"],"jetpack_publicize_connections":[],"jetpack_featured_media_url":"https:\/\/i0.wp.com\/ismaelcolosi.com.br\/wp-content\/uploads\/2025\/10\/carreira-trabalho-praia-anywhere-office-nomade-digital-1200x675.jpg?fit=1200%2C675&ssl=1","uagb_featured_image_src":{"full":["https:\/\/i0.wp.com\/ismaelcolosi.com.br\/wp-content\/uploads\/2025\/10\/carreira-trabalho-praia-anywhere-office-nomade-digital-1200x675.jpg?fit=1200%2C675&ssl=1",1200,675,false],"thumbnail":["https:\/\/i0.wp.com\/ismaelcolosi.com.br\/wp-content\/uploads\/2025\/10\/carreira-trabalho-praia-anywhere-office-nomade-digital-1200x675.jpg?resize=150%2C150&ssl=1",150,150,true],"medium":["https:\/\/i0.wp.com\/ismaelcolosi.com.br\/wp-content\/uploads\/2025\/10\/carreira-trabalho-praia-anywhere-office-nomade-digital-1200x675.jpg?fit=300%2C169&ssl=1",300,169,true],"medium_large":["https:\/\/i0.wp.com\/ismaelcolosi.com.br\/wp-content\/uploads\/2025\/10\/carreira-trabalho-praia-anywhere-office-nomade-digital-1200x675.jpg?fit=768%2C432&ssl=1",768,432,true],"large":["https:\/\/i0.wp.com\/ismaelcolosi.com.br\/wp-content\/uploads\/2025\/10\/carreira-trabalho-praia-anywhere-office-nomade-digital-1200x675.jpg?fit=1024%2C576&ssl=1",1024,576,true],"1536x1536":["https:\/\/i0.wp.com\/ismaelcolosi.com.br\/wp-content\/uploads\/2025\/10\/carreira-trabalho-praia-anywhere-office-nomade-digital-1200x675.jpg?fit=1200%2C675&ssl=1",1200,675,true],"2048x2048":["https:\/\/i0.wp.com\/ismaelcolosi.com.br\/wp-content\/uploads\/2025\/10\/carreira-trabalho-praia-anywhere-office-nomade-digital-1200x675.jpg?fit=1200%2C675&ssl=1",1200,675,true],"really-simple-thumb":["https:\/\/i0.wp.com\/ismaelcolosi.com.br\/wp-content\/uploads\/2025\/10\/carreira-trabalho-praia-anywhere-office-nomade-digital-1200x675.jpg?resize=370%2C247&ssl=1",370,247,true]},"uagb_author_info":{"display_name":"ismaelcolosi.com.br","author_link":"https:\/\/ismaelcolosi.com.br\/index.php\/author\/vidareal-online\/"},"uagb_comment_info":0,"uagb_excerpt":"&#13; &#13; &#13; &#13; Atualiza\u00e7\u00e3o chega em meio \u00e0 acelera\u00e7\u00e3o do retorno ao presencial; segundo a big tech, o objetivo \u00e9 facilitar a colabora\u00e7\u00e3o e...","jetpack-related-posts":[{"id":17832,"url":"https:\/\/ismaelcolosi.com.br\/index.php\/2023\/12\/19\/whatsapp-recebe-atualizacao-essencial-para-organizar-conversas\/","url_meta":{"origin":88087,"position":0},"title":"WhatsApp recebe atualiza\u00e7\u00e3o essencial para organizar conversas","author":"ismaelcolosi.com.br","date":"19 de December de 2023","format":false,"excerpt":"Cr\u00e9ditos: Depositphotos\/rafapressWhatsApp Web ganha recurso para ajudar na organiza\u00e7\u00e3o das conversas Em uma era onde a comunica\u00e7\u00e3o constante \u00e9 necess\u00e1ria, o WhatsApp tem se tornado cada vez mais essencial. Mas, a not\u00edcia mais recente \u00e9 que, ap\u00f3s uma longa espera, o WhatsApp Web finalmente est\u00e1 atualizando suas funcionalidades para alguns\u2026","rel":"","context":"In &quot;Variedades&quot;","block_context":{"text":"Variedades","link":"https:\/\/ismaelcolosi.com.br\/index.php\/category\/variedades\/"},"img":{"alt_text":"","src":"https:\/\/i0.wp.com\/ismaelcolosi.com.br\/wp-content\/uploads\/2023\/12\/depositphotos-394158558-xl-scaled.jpg?fit=1200%2C638&ssl=1&resize=350%2C200","width":350,"height":200,"srcset":"https:\/\/i0.wp.com\/ismaelcolosi.com.br\/wp-content\/uploads\/2023\/12\/depositphotos-394158558-xl-scaled.jpg?fit=1200%2C638&ssl=1&resize=350%2C200 1x, https:\/\/i0.wp.com\/ismaelcolosi.com.br\/wp-content\/uploads\/2023\/12\/depositphotos-394158558-xl-scaled.jpg?fit=1200%2C638&ssl=1&resize=525%2C300 1.5x, https:\/\/i0.wp.com\/ismaelcolosi.com.br\/wp-content\/uploads\/2023\/12\/depositphotos-394158558-xl-scaled.jpg?fit=1200%2C638&ssl=1&resize=700%2C400 2x, https:\/\/i0.wp.com\/ismaelcolosi.com.br\/wp-content\/uploads\/2023\/12\/depositphotos-394158558-xl-scaled.jpg?fit=1200%2C638&ssl=1&resize=1050%2C600 3x"},"classes":[]},{"id":10520,"url":"https:\/\/ismaelcolosi.com.br\/index.php\/2023\/12\/04\/whatsapp-libera-atualizacao-muito-aguardada-por-usuarios-fotogenicos\/","url_meta":{"origin":88087,"position":1},"title":"WhatsApp libera atualiza\u00e7\u00e3o muito aguardada por usu\u00e1rios fotog\u00eanicos","author":"ismaelcolosi.com.br","date":"4 de December de 2023","format":false,"excerpt":"Cr\u00e9ditos: Depositphotos\/BongkarnGraphicAgora \u00e9 poss\u00edvel enviar fotos e v\u00eddeos com a qualidade original no WhatsApp Em uma novidade que deve agradar a todos que prezam pela qualidade de suas imagens e v\u00eddeos, o WhatsApp atualizou recentemente sua vers\u00e3o para iOS (iPhone), permitindo o envio de fotos e v\u00eddeos em sua qualidade\u2026","rel":"","context":"In &quot;Variedades&quot;","block_context":{"text":"Variedades","link":"https:\/\/ismaelcolosi.com.br\/index.php\/category\/variedades\/"},"img":{"alt_text":"","src":"https:\/\/i0.wp.com\/ismaelcolosi.com.br\/wp-content\/uploads\/2023\/12\/depositphotos-656898632-xl-scaled-e1701717889853.jpg?fit=1200%2C638&ssl=1&resize=350%2C200","width":350,"height":200,"srcset":"https:\/\/i0.wp.com\/ismaelcolosi.com.br\/wp-content\/uploads\/2023\/12\/depositphotos-656898632-xl-scaled-e1701717889853.jpg?fit=1200%2C638&ssl=1&resize=350%2C200 1x, https:\/\/i0.wp.com\/ismaelcolosi.com.br\/wp-content\/uploads\/2023\/12\/depositphotos-656898632-xl-scaled-e1701717889853.jpg?fit=1200%2C638&ssl=1&resize=525%2C300 1.5x, https:\/\/i0.wp.com\/ismaelcolosi.com.br\/wp-content\/uploads\/2023\/12\/depositphotos-656898632-xl-scaled-e1701717889853.jpg?fit=1200%2C638&ssl=1&resize=700%2C400 2x, https:\/\/i0.wp.com\/ismaelcolosi.com.br\/wp-content\/uploads\/2023\/12\/depositphotos-656898632-xl-scaled-e1701717889853.jpg?fit=1200%2C638&ssl=1&resize=1050%2C600 3x"},"classes":[]},{"id":5911,"url":"https:\/\/ismaelcolosi.com.br\/index.php\/2023\/11\/24\/whatsapp-libera-importante-atualizacao-de-seguranca-entenda\/","url_meta":{"origin":88087,"position":2},"title":"WhatsApp libera importante atualiza\u00e7\u00e3o de seguran\u00e7a; entenda","author":"ismaelcolosi.com.br","date":"24 de November de 2023","format":false,"excerpt":"Cr\u00e9ditos: Reprodu\u00e7\u00e3o\/WhatsApp WhatsApp libera recurso para melhorar seguran\u00e7a no iOS Os usu\u00e1rios do iOS (iPhone) agora t\u00eam uma nova maneira de redefinir e verificar suas contas no WhatsApp. N\u00e3o, voc\u00ea n\u00e3o precisa mais depender do seu n\u00famero de telefone \u2013 pois o e-mail far\u00e1 o trabalho. O mensageiro lan\u00e7a uma\u2026","rel":"","context":"In &quot;Variedades&quot;","block_context":{"text":"Variedades","link":"https:\/\/ismaelcolosi.com.br\/index.php\/category\/variedades\/"},"img":{"alt_text":"","src":"https:\/\/i0.wp.com\/ismaelcolosi.com.br\/wp-content\/uploads\/2023\/11\/fotos-catraca-2023-09-28t171035402.png?fit=1200%2C638&ssl=1&resize=350%2C200","width":350,"height":200,"srcset":"https:\/\/i0.wp.com\/ismaelcolosi.com.br\/wp-content\/uploads\/2023\/11\/fotos-catraca-2023-09-28t171035402.png?fit=1200%2C638&ssl=1&resize=350%2C200 1x, https:\/\/i0.wp.com\/ismaelcolosi.com.br\/wp-content\/uploads\/2023\/11\/fotos-catraca-2023-09-28t171035402.png?fit=1200%2C638&ssl=1&resize=525%2C300 1.5x, https:\/\/i0.wp.com\/ismaelcolosi.com.br\/wp-content\/uploads\/2023\/11\/fotos-catraca-2023-09-28t171035402.png?fit=1200%2C638&ssl=1&resize=700%2C400 2x, https:\/\/i0.wp.com\/ismaelcolosi.com.br\/wp-content\/uploads\/2023\/11\/fotos-catraca-2023-09-28t171035402.png?fit=1200%2C638&ssl=1&resize=1050%2C600 3x"},"classes":[]},{"id":19355,"url":"https:\/\/ismaelcolosi.com.br\/index.php\/2023\/12\/22\/instagram-libera-nova-atualizacao-para-publicacoes-no-feed\/","url_meta":{"origin":88087,"position":3},"title":"Instagram libera nova atualiza\u00e7\u00e3o para publica\u00e7\u00f5es no Feed","author":"ismaelcolosi.com.br","date":"22 de December de 2023","format":false,"excerpt":"Cr\u00e9ditos: Depositphotos\/AlisonnunesNova atualiza\u00e7\u00e3o do Instagram para publica\u00e7\u00f5es Se voc\u00ea \u00e9 um entusiasta do Instagram ou gerencia uma conta comercial na plataforma, uma nova atualiza\u00e7\u00e3o pode ser de grande interesse para voc\u00ea. O popular aplicativo de compartilhamento de fotos e v\u00eddeos agora permite aos usu\u00e1rios ter uma pr\u00e9-visualiza\u00e7\u00e3o de como seus\u2026","rel":"","context":"In &quot;Variedades&quot;","block_context":{"text":"Variedades","link":"https:\/\/ismaelcolosi.com.br\/index.php\/category\/variedades\/"},"img":{"alt_text":"","src":"https:\/\/i0.wp.com\/ismaelcolosi.com.br\/wp-content\/uploads\/2023\/12\/depositphotos-608943124-xl-scaled.jpg?fit=1200%2C638&ssl=1&resize=350%2C200","width":350,"height":200,"srcset":"https:\/\/i0.wp.com\/ismaelcolosi.com.br\/wp-content\/uploads\/2023\/12\/depositphotos-608943124-xl-scaled.jpg?fit=1200%2C638&ssl=1&resize=350%2C200 1x, https:\/\/i0.wp.com\/ismaelcolosi.com.br\/wp-content\/uploads\/2023\/12\/depositphotos-608943124-xl-scaled.jpg?fit=1200%2C638&ssl=1&resize=525%2C300 1.5x, https:\/\/i0.wp.com\/ismaelcolosi.com.br\/wp-content\/uploads\/2023\/12\/depositphotos-608943124-xl-scaled.jpg?fit=1200%2C638&ssl=1&resize=700%2C400 2x, https:\/\/i0.wp.com\/ismaelcolosi.com.br\/wp-content\/uploads\/2023\/12\/depositphotos-608943124-xl-scaled.jpg?fit=1200%2C638&ssl=1&resize=1050%2C600 3x"},"classes":[]},{"id":16880,"url":"https:\/\/ismaelcolosi.com.br\/index.php\/2023\/12\/16\/whatsapp-ganha-opcao-para-desativar-emojis-automaticos-entenda\/","url_meta":{"origin":88087,"position":4},"title":"WhatsApp ganha op\u00e7\u00e3o para desativar emojis autom\u00e1ticos; entenda","author":"ismaelcolosi.com.br","date":"16 de December de 2023","format":false,"excerpt":"Cr\u00e9ditos: Depositphotos\/diego_cervoAprenda a desativar a substitui\u00e7\u00e3o de texto por emojis no WhatsApp Cada vez mais a plataforma de mensagens instant\u00e2neas, WhatsApp, tem trazido novidades que visam aprimorar a experi\u00eancia do usu\u00e1rio. A mais recente delas, \u00e9 o recurso que permite a desativa\u00e7\u00e3o da substitui\u00e7\u00e3o de texto por emojis no aplicativo\u2026","rel":"","context":"In &quot;Variedades&quot;","block_context":{"text":"Variedades","link":"https:\/\/ismaelcolosi.com.br\/index.php\/category\/variedades\/"},"img":{"alt_text":"","src":"https:\/\/i0.wp.com\/ismaelcolosi.com.br\/wp-content\/uploads\/2023\/12\/depositphotos-122333624-xl-1-scaled.jpg?fit=1200%2C638&ssl=1&resize=350%2C200","width":350,"height":200,"srcset":"https:\/\/i0.wp.com\/ismaelcolosi.com.br\/wp-content\/uploads\/2023\/12\/depositphotos-122333624-xl-1-scaled.jpg?fit=1200%2C638&ssl=1&resize=350%2C200 1x, https:\/\/i0.wp.com\/ismaelcolosi.com.br\/wp-content\/uploads\/2023\/12\/depositphotos-122333624-xl-1-scaled.jpg?fit=1200%2C638&ssl=1&resize=525%2C300 1.5x, https:\/\/i0.wp.com\/ismaelcolosi.com.br\/wp-content\/uploads\/2023\/12\/depositphotos-122333624-xl-1-scaled.jpg?fit=1200%2C638&ssl=1&resize=700%2C400 2x, https:\/\/i0.wp.com\/ismaelcolosi.com.br\/wp-content\/uploads\/2023\/12\/depositphotos-122333624-xl-1-scaled.jpg?fit=1200%2C638&ssl=1&resize=1050%2C600 3x"},"classes":[]},{"id":57265,"url":"https:\/\/ismaelcolosi.com.br\/index.php\/2024\/07\/19\/apagao-cibernetico-global-afeta-servicos-bancarios-na-manha-desta-sexta\/","url_meta":{"origin":88087,"position":5},"title":"Apag\u00e3o cibern\u00e9tico global afeta servi\u00e7os banc\u00e1rios na manh\u00e3 desta sexta","author":"ismaelcolosi.com.br","date":"19 de July de 2024","format":false,"excerpt":"Um apag\u00e3o cibern\u00e9tico est\u00e1 provocando atrasos em voos, al\u00e9m de prejudicar servi\u00e7os banc\u00e1rios e de comunica\u00e7\u00e3o ao redor do mundo, nesta sexta-feira (19). O aplicativo do Bradesco, por exemplo, apresenta falhas nesta manh\u00e3. O banco publicou um aviso que cita que seus canais digitais apresentam indisponibilidade e relaciona o fato\u2026","rel":"","context":"In &quot;Not\u00edcias de Ribeir\u00e3o Preto-SP e Regi\u00e3o&quot;","block_context":{"text":"Not\u00edcias de Ribeir\u00e3o Preto-SP e Regi\u00e3o","link":"https:\/\/ismaelcolosi.com.br\/index.php\/category\/noticias-de-ribeirao-preto-sp-e-regiao-ismael-colosi\/"},"img":{"alt_text":"","src":"https:\/\/i0.wp.com\/ismaelcolosi.com.br\/wp-content\/uploads\/2024\/07\/20220619_113047810_celular_telefone_1200x675_10032022080644.jpg?fit=1200%2C675&ssl=1&resize=350%2C200","width":350,"height":200,"srcset":"https:\/\/i0.wp.com\/ismaelcolosi.com.br\/wp-content\/uploads\/2024\/07\/20220619_113047810_celular_telefone_1200x675_10032022080644.jpg?fit=1200%2C675&ssl=1&resize=350%2C200 1x, https:\/\/i0.wp.com\/ismaelcolosi.com.br\/wp-content\/uploads\/2024\/07\/20220619_113047810_celular_telefone_1200x675_10032022080644.jpg?fit=1200%2C675&ssl=1&resize=525%2C300 1.5x, https:\/\/i0.wp.com\/ismaelcolosi.com.br\/wp-content\/uploads\/2024\/07\/20220619_113047810_celular_telefone_1200x675_10032022080644.jpg?fit=1200%2C675&ssl=1&resize=700%2C400 2x, https:\/\/i0.wp.com\/ismaelcolosi.com.br\/wp-content\/uploads\/2024\/07\/20220619_113047810_celular_telefone_1200x675_10032022080644.jpg?fit=1200%2C675&ssl=1&resize=1050%2C600 3x"},"classes":[]}],"jetpack_sharing_enabled":true,"jetpack_shortlink":"https:\/\/wp.me\/pfMlyK-mUL","_links":{"self":[{"href":"https:\/\/ismaelcolosi.com.br\/index.php\/wp-json\/wp\/v2\/posts\/88087","targetHints":{"allow":["GET"]}}],"collection":[{"href":"https:\/\/ismaelcolosi.com.br\/index.php\/wp-json\/wp\/v2\/posts"}],"about":[{"href":"https:\/\/ismaelcolosi.com.br\/index.php\/wp-json\/wp\/v2\/types\/post"}],"author":[{"embeddable":true,"href":"https:\/\/ismaelcolosi.com.br\/index.php\/wp-json\/wp\/v2\/users\/1"}],"replies":[{"embeddable":true,"href":"https:\/\/ismaelcolosi.com.br\/index.php\/wp-json\/wp\/v2\/comments?post=88087"}],"version-history":[{"count":0,"href":"https:\/\/ismaelcolosi.com.br\/index.php\/wp-json\/wp\/v2\/posts\/88087\/revisions"}],"wp:featuredmedia":[{"embeddable":true,"href":"https:\/\/ismaelcolosi.com.br\/index.php\/wp-json\/wp\/v2\/media\/88088"}],"wp:attachment":[{"href":"https:\/\/ismaelcolosi.com.br\/index.php\/wp-json\/wp\/v2\/media?parent=88087"}],"wp:term":[{"taxonomy":"category","embeddable":true,"href":"https:\/\/ismaelcolosi.com.br\/index.php\/wp-json\/wp\/v2\/categories?post=88087"},{"taxonomy":"post_tag","embeddable":true,"href":"https:\/\/ismaelcolosi.com.br\/index.php\/wp-json\/wp\/v2\/tags?post=88087"}],"curies":[{"name":"wp","href":"https:\/\/api.w.org\/{rel}","templated":true}]}}