{"id":88034,"date":"2025-10-24T05:02:06","date_gmt":"2025-10-24T08:02:06","guid":{"rendered":"https:\/\/ismaelcolosi.com.br\/index.php\/2025\/10\/24\/como-grandes-lideres-evitam-o-esgotamento-mental\/"},"modified":"2025-10-24T05:02:06","modified_gmt":"2025-10-24T08:02:06","slug":"como-grandes-lideres-evitam-o-esgotamento-mental","status":"publish","type":"post","link":"https:\/\/ismaelcolosi.com.br\/index.php\/2025\/10\/24\/como-grandes-lideres-evitam-o-esgotamento-mental\/","title":{"rendered":"Como Grandes L\u00edderes Evitam o Esgotamento Mental"},"content":{"rendered":"<p> <br \/>\n<\/p>\n<div>\n<figure class=\"destaque wp-caption\">&#13;<br \/>\n\t\t<img data-recalc-dims=\"1\" width=\"678\" height=\"452\" src=\"https:\/\/i0.wp.com\/forbes.com.br\/wp-content\/uploads\/2025\/10\/carreira-steve-jobs-apple-768x512.jpg?resize=678%2C452&#038;ssl=1\" class=\"attachment-medium_large size-medium_large wp-post-image\" alt=\"steve jobs\" decoding=\"async\" fetchpriority=\"high\"\/>\t\t<\/p>\n<p>GettyImages\/Justin Sullivan<\/p>\n<p>&#13;<figcaption class=\"wp-caption-text\">Para preservar energia mental, Steve Jobs eliminava pequenas decis\u00f5es, como escolher o que vestir, e colocava foco total para as escolhas que realmente faziam diferen\u00e7a<\/figcaption>&#13;<br \/>\n\t<\/figure>\n<div class=\"accessibility\">\n<p>Acessibilidade<\/p>\n<p>&#13;<br \/>\n\t\t\t<button onclick=\"alterFont1()\" id=\"btn1\" class=\"btn\">L<\/button>&#13;<br \/>\n\t\t\t<button onclick=\"alterFont2()\" id=\"btn2\" class=\"btn\" style=\"font-family:Merriweather\">L<\/button>&#13;<br \/>\n\t\t\t<button onclick=\"alterFontSmallerSize()\" id=\"btn3\" class=\"btn\">A-<\/button>&#13;<br \/>\n\t\t\t<button onclick=\"alterFontBiggerSize()\" id=\"btn4\" class=\"btn\">A+<\/button>&#13;<br \/>\n\t\t\t<!--<button onclick='alterFontBolder()' id='btn5' class=\"btn\" >B<\/button>-->&#13;<br \/>\n\t\t\t<button onclick=\"alterBackground()\" id=\"btn6\" class=\"btn\">\u25d0<\/button>&#13;<br \/>\n\t\t\t<!--<button onclick='clean()' id='btn7' class=\"btn\" >Limpar<\/button>-->&#13;\n\t\t<\/p>\n<\/p><\/div>\n<p>Um adulto toma, em m\u00e9dia, <strong>entre 33 mil e 35 mil decis\u00f5es por dia<\/strong>, segundo um <a href=\"https:\/\/pmc.ncbi.nlm.nih.gov\/articles\/PMC6119549\/\" target=\"_blank\" rel=\"noopener\">estudo conduzido por pesquisadores de universidades americanas<\/a>. Muitas dessas escolhas acontecem no <strong>modo autom\u00e1tico<\/strong>, com base em informa\u00e7\u00f5es j\u00e1 armazenadas sobre como agir. No entanto, chega um ponto em que esse processo deixa de ser eficiente: o c\u00e9rebro, <strong>sobrecarregado<\/strong> e incapaz de lidar com tantas decis\u00f5es individuais, entra em pane, interrompendo a tomada de decis\u00e3o.<\/p>\n<p>Ap\u00f3s dias consecutivos de trabalho e centenas de milhares de decis\u00f5es tomadas, o c\u00e9rebro tende a fazer escolhas diferentes daquelas que faria <b>se estivesse descansado<\/b>. Esse fen\u00f4meno \u00e9 chamado de<strong> \u201cfadiga de decis\u00e3o\u201d<\/strong>: quando o c\u00e9rebro est\u00e1 esgotado e privado de energia mental.<\/p>\n<p>Para concentr\u00e1-la nas decis\u00f5es mais relevantes, muitos l\u00edderes optam por usar praticamente a mesma roupa todos os dias. <strong>Mark Zuckerberg<\/strong> se inspirou em <strong>Steve Jobs<\/strong>, conhecido por sempre usar uma camiseta preta e jeans. Em diversas entrevistas, o fundador do Facebook explicou que prefere reservar sua capacidade mental para as decis\u00f5es mais relevantes de sua empresa, em vez de gast\u00e1-la com escolhas triviais, como o que vestir.<\/p>\n<aside>\n<h2>Leia tamb\u00e9m<\/h2>\n<\/aside>\n<h2>O que \u00e9 a fadiga de decis\u00e3o?<\/h2>\n<p>O que vou almo\u00e7ar? Devo aceitar aquela proposta de emprego? Est\u00e1 na hora de trocar o ar-condicionado, ou devo continuar consertando? No fim das contas, 35 mil decis\u00f5es por dia significam uma decis\u00e3o a cada 2,46 segundos. N\u00e3o \u00e9 \u00e0 toa que estamos exaustos.<\/p>\n<p>A fadiga decis\u00f3ria compromete a clareza mental e explica por que muitos profissionais t\u00eam pouca energia restante para atividades fora do escrit\u00f3rio ap\u00f3s um longo dia de trabalho. Depois de horas de <strong>trabalho ininterrupto<\/strong>, o c\u00e9rebro pode sofrer <strong>sobrecarga cognitiva<\/strong>. Quanto mais tempo voc\u00ea trabalha e mais decis\u00f5es toma nesse per\u00edodo prolongado, mais dif\u00edcil se torna para sua mente sobrecarregada tomar decis\u00f5es acertadas.<\/p>\n<p>Escolhas simples, como decidir o prato que vai pedir no restaurante, n\u00e3o exigem tanto esfor\u00e7o cognitivo quanto decis\u00f5es mais impactantes, como manter ou demitir um funcion\u00e1rio.\u00a0Quanto mais escolhas fazem parte do seu dia, mais dif\u00edcil fica decidir at\u00e9 mesmo sobre coisas simples, como o que vestir, onde comer, quanto gastar ou como priorizar projetos no trabalho. O cansa\u00e7o mental pode levar a<strong> atalhos perigosos,<\/strong> como n\u00e3o revisar um e-mail importante, evitar participar de decis\u00f5es em equipe, ser r\u00edspido com colegas, optar por fast food em vez de refei\u00e7\u00f5es saud\u00e1veis ou abandonar a pr\u00e1tica de exerc\u00edcios f\u00edsicos.<\/p>\n<h2>Sinais da fadiga de decis\u00e3o<\/h2>\n<p>A fadiga decis\u00f3ria geralmente aparece de forma sutil e f\u00e1cil de ignorar. Veja como reconhec\u00ea-la antes que afete seu desempenho e sua sa\u00fade mental:<\/p>\n<h3>Como identificar em voc\u00ea<\/h3>\n<ul>\n<li>Voc\u00ea adia decis\u00f5es simples ou delega tudo, sem distinguir o que \u00e9 importante do que n\u00e3o \u00e9;<\/li>\n<li>Sente-se mentalmente exausto antes do meio-dia, mesmo sem esfor\u00e7o f\u00edsico;<\/li>\n<li>Evita conversas dif\u00edceis ou responde apenas \u201csim\u201d ou \u201cn\u00e3o\u201d para se livrar rapidamente da decis\u00e3o.<\/li>\n<\/ul>\n<h3>Como identificar na sua equipe<\/h3>\n<ul>\n<li>Membros do time pedem opini\u00e3o sobre decis\u00f5es que normalmente tomariam sozinhos;<\/li>\n<li>Projetos travam, n\u00e3o pela complexidade, mas porque ningu\u00e9m quer tomar a decis\u00e3o final;<\/li>\n<li>Aumento de erros, esquecimento de detalhes e maior resist\u00eancia a mudan\u00e7as.<\/li>\n<\/ul>\n<h2>Estrat\u00e9gias para evitar a fadiga de decis\u00e3o<\/h2>\n<p><strong>Victoria Grinman<\/strong>, psicoterapeuta e fundadora da Growing Kind Minds LLC, empresa de solu\u00e7\u00f5es de gest\u00e3o emocional para organiza\u00e7\u00f5es, destaca a import\u00e2ncia de criar e manter <strong>rotinas intencionais.<\/strong><\/p>\n<h3>Decida apenas uma vez<\/h3>\n<p>Empres\u00e1rios como <strong>Steve Jobs, Mark Zuckerberg e Jeff Bezos <\/strong>usavam roupas iguais todos os dias para preservar energia mental. \u201cL\u00edderes frequentemente desperdi\u00e7am energia refazendo as mesmas decis\u00f5es\u201d, afirma Grinman. \u201cCrie microestruturas para tarefas recorrentes, como o que vestir, quando checar e-mails ou como come\u00e7ar reuni\u00f5es. <strong>Decidir uma vez e manter o padr\u00e3o<\/strong> conserva energia mental para o que realmente precisa de aten\u00e7\u00e3o.\u201d<\/p>\n<h3>Proteja os primeiros 90 minutos do dia<\/h3>\n<p>\u201cEsse per\u00edodo concentra o maior potencial cognitivo\u201d, explica. \u201cUse-o para planejar e tomar decis\u00f5es estrat\u00e9gicas. Evite tarefas reativas logo cedo para definir o tom do restante do dia.\u201d<\/p>\n<h3>Delegue decis\u00f5es<\/h3>\n<p>Quanto menos escolhas voc\u00ea precisar fazer, mais energia cognitiva conseguir\u00e1 preservar ao longo do dia. Encontre algu\u00e9m de confian\u00e7a, reduza o controle e delegue parte das suas decis\u00f5es a essa pessoa.<\/p>\n<h3>Tome as decis\u00f5es mais dif\u00edceis primeiro<\/h3>\n<p>Se o dia promete decis\u00f5es complexas, encare-as nas primeiras horas, quando estiver mais descansado. Classifique as decis\u00f5es do dia da mais \u00e0 menos importante e deixe as menos relevantes para o final.<\/p>\n<h3>Aproveite o fim de semana<\/h3>\n<p>Voc\u00ea n\u00e3o estar\u00e1 biologicamente preparado para manter o equil\u00edbrio em seu processo de tomada de decis\u00f5es sem descanso e est\u00edmulo adequados fora do seu ambiente de trabalho.<\/p>\n<p><em>*As informa\u00e7\u00f5es foram retiradas de textos dos colaboradores da Forbes USA Bryan Robinson e Cheryl Robinson.<\/em><\/p>\n<aside>\n<h2>Escolhas do editor<\/h2>\n<\/aside>\n<div class=\"follow-us\">Siga o canal da <a href=\"https:\/\/whatsapp.com\/channel\/0029Va9gQKwBFLgM96cJnu0u\" target=\"_blank\" rel=\"noopener noreferrer nofollow\" title=\"Grupo da Forbes no WhatsApp\">Forbes<\/a> no WhatsApp e receba as principais not\u00edcias de empreendedorismo, carreira, tecnologia, agro e lifestyle.<\/div>\n<\/p><\/div>\n<p><script data-debloat-delay=\"1\" type=\"text\/debloat-script\">\n\t\t\t\t(function(d, s, id){\n\t\t\t\t\tvar js, fjs = d.getElementsByTagName(s)[0];\n\t\t\t\t\tif (d.getElementById(id)) return;\n\t\t\t\t\tjs = d.createElement(s); js.id = id;\n\t\t\t\t\tjs.src = \"\/\/connect.facebook.net\/pt_BR\/sdk.js#xfbml=1&version=v2.9\";\n\t\t\t\t\tfjs.parentNode.insertBefore(js, fjs);\n\t\t\t\t}(document, 'script', 'facebook-jssdk'));\n\t\t\t<\/script><br \/>\n<br \/><br \/>\n<br \/><a href=\"https:\/\/forbes.com.br\/carreira\/2025\/10\/fadiga-de-decisao-como-grandes-lideres-evitam-o-esgotamento-mental\/\">Source link <\/a><\/p>\n<div class='code-block code-block-4' style='margin: 8px auto 8px 0; text-align: left; display: block; clear: both;'>\n\ud83d\udce2 Aviso Legal\n\nO site ismaelcolosi.com.br atua apenas como um canal de divulga\u00e7\u00e3o de oportunidades de emprego e n\u00e3o se responsabiliza pelo processo seletivo, contrata\u00e7\u00e3o ou qualquer outra etapa relacionada \u00e0s vagas publicadas. Todas as informa\u00e7\u00f5es s\u00e3o de responsabilidade dos anunciantes.\n\n\u26a0\ufe0f Aten\u00e7\u00e3o! Nunca pague por promessas de emprego nem compre cursos que garantam contrata\u00e7\u00e3o. Desconfie de qualquer cobran\u00e7a para participar de sele\u00e7\u00f5es.\n\n\n\n<\/div>\n<!-- CONTENT END 1 -->\n","protected":false},"excerpt":{"rendered":"<p>&#13; GettyImages\/Justin Sullivan &#13;Para preservar energia mental, Steve Jobs eliminava pequenas decis\u00f5es, como escolher o que vestir, e colocava foco total para as escolhas que&#8230;<\/p>\n","protected":false},"author":1,"featured_media":88035,"comment_status":"","ping_status":"open","sticky":false,"template":"","format":"standard","meta":{"_uag_custom_page_level_css":"","advanced_seo_description":"","jetpack_seo_html_title":"","jetpack_seo_noindex":false,"jetpack_post_was_ever_published":false,"_jetpack_newsletter_access":"","_jetpack_dont_email_post_to_subs":false,"_jetpack_newsletter_tier_id":0,"_jetpack_memberships_contains_paywalled_content":false,"_jetpack_memberships_contains_paid_content":false,"footnotes":"","jetpack_publicize_message":"","jetpack_publicize_feature_enabled":true,"jetpack_social_post_already_shared":true,"jetpack_social_options":{"image_generator_settings":{"template":"highway","default_image_id":0,"font":"","enabled":false},"version":2}},"categories":[1964],"tags":[],"class_list":["post-88034","post","type-post","status-publish","format-standard","has-post-thumbnail","hentry","category-carreira-e-sucesso-dicas-para-carreira"],"jetpack_publicize_connections":[],"jetpack_featured_media_url":"https:\/\/i0.wp.com\/ismaelcolosi.com.br\/wp-content\/uploads\/2025\/10\/carreira-steve-jobs-apple-1200x675.jpg?fit=1200%2C675&ssl=1","uagb_featured_image_src":{"full":["https:\/\/i0.wp.com\/ismaelcolosi.com.br\/wp-content\/uploads\/2025\/10\/carreira-steve-jobs-apple-1200x675.jpg?fit=1200%2C675&ssl=1",1200,675,false],"thumbnail":["https:\/\/i0.wp.com\/ismaelcolosi.com.br\/wp-content\/uploads\/2025\/10\/carreira-steve-jobs-apple-1200x675.jpg?resize=150%2C150&ssl=1",150,150,true],"medium":["https:\/\/i0.wp.com\/ismaelcolosi.com.br\/wp-content\/uploads\/2025\/10\/carreira-steve-jobs-apple-1200x675.jpg?fit=300%2C169&ssl=1",300,169,true],"medium_large":["https:\/\/i0.wp.com\/ismaelcolosi.com.br\/wp-content\/uploads\/2025\/10\/carreira-steve-jobs-apple-1200x675.jpg?fit=768%2C432&ssl=1",768,432,true],"large":["https:\/\/i0.wp.com\/ismaelcolosi.com.br\/wp-content\/uploads\/2025\/10\/carreira-steve-jobs-apple-1200x675.jpg?fit=1024%2C576&ssl=1",1024,576,true],"1536x1536":["https:\/\/i0.wp.com\/ismaelcolosi.com.br\/wp-content\/uploads\/2025\/10\/carreira-steve-jobs-apple-1200x675.jpg?fit=1200%2C675&ssl=1",1200,675,true],"2048x2048":["https:\/\/i0.wp.com\/ismaelcolosi.com.br\/wp-content\/uploads\/2025\/10\/carreira-steve-jobs-apple-1200x675.jpg?fit=1200%2C675&ssl=1",1200,675,true],"really-simple-thumb":["https:\/\/i0.wp.com\/ismaelcolosi.com.br\/wp-content\/uploads\/2025\/10\/carreira-steve-jobs-apple-1200x675.jpg?resize=370%2C247&ssl=1",370,247,true]},"uagb_author_info":{"display_name":"ismaelcolosi.com.br","author_link":"https:\/\/ismaelcolosi.com.br\/index.php\/author\/vidareal-online\/"},"uagb_comment_info":0,"uagb_excerpt":"&#13; GettyImages\/Justin Sullivan &#13;Para preservar energia mental, Steve Jobs eliminava pequenas decis\u00f5es, como escolher o que vestir, e colocava foco total para as escolhas que...","jetpack-related-posts":[{"id":85492,"url":"https:\/\/ismaelcolosi.com.br\/index.php\/2025\/05\/21\/desemprego-afeta-a-saude-mental-eis-o-que-fazer-para-minimizar-esse-impacto\/","url_meta":{"origin":88034,"position":0},"title":"Desemprego Afeta a Sa\u00fade Mental; Eis o Que Fazer para Minimizar Esse Impacto","author":"ismaelcolosi.com.br","date":"21 de May de 2025","format":false,"excerpt":"\r Getty Images\r Desemprego tamb\u00e9m \u00e9 uma forma de luto \u2014 e respeitar o pr\u00f3prio tempo \u00e9 essencial para lidar com essa transi\u00e7\u00e3o\r Acessibilidade \r L\r L\r A-\r A+\r \r \u25d0\r \r Se voc\u00ea tem mais de 30 anos, dificilmente n\u00e3o conhece algu\u00e9m que foi desligado da empresa em que\u2026","rel":"","context":"In &quot;Carreira e Sucesso&quot;","block_context":{"text":"Carreira e Sucesso","link":"https:\/\/ismaelcolosi.com.br\/index.php\/category\/carreira-e-sucesso-dicas-para-carreira\/"},"img":{"alt_text":"","src":"https:\/\/i0.wp.com\/ismaelcolosi.com.br\/wp-content\/uploads\/2025\/05\/carreira-desemprego-1200x675.jpg?fit=1200%2C675&ssl=1&resize=350%2C200","width":350,"height":200,"srcset":"https:\/\/i0.wp.com\/ismaelcolosi.com.br\/wp-content\/uploads\/2025\/05\/carreira-desemprego-1200x675.jpg?fit=1200%2C675&ssl=1&resize=350%2C200 1x, https:\/\/i0.wp.com\/ismaelcolosi.com.br\/wp-content\/uploads\/2025\/05\/carreira-desemprego-1200x675.jpg?fit=1200%2C675&ssl=1&resize=525%2C300 1.5x, https:\/\/i0.wp.com\/ismaelcolosi.com.br\/wp-content\/uploads\/2025\/05\/carreira-desemprego-1200x675.jpg?fit=1200%2C675&ssl=1&resize=700%2C400 2x, https:\/\/i0.wp.com\/ismaelcolosi.com.br\/wp-content\/uploads\/2025\/05\/carreira-desemprego-1200x675.jpg?fit=1200%2C675&ssl=1&resize=1050%2C600 3x"},"classes":[]},{"id":74859,"url":"https:\/\/ismaelcolosi.com.br\/index.php\/2024\/11\/03\/ela-deixou-wall-street-para-defender-a-saude-mental-no-trabalho\/","url_meta":{"origin":88034,"position":1},"title":"Ela Deixou Wall Street para Defender a Sa\u00fade Mental no Trabalho","author":"ismaelcolosi.com.br","date":"3 de November de 2024","format":false,"excerpt":"\u00a0 Acessibilidade \r L\r L\r A-\r A+\r \r \u25d0\r \r \u00a0 Dilan Gomih, fundadora da consultoria Dilagence, est\u00e1 em uma miss\u00e3o para mudar a maneira como os benef\u00edcios de sa\u00fade mental s\u00e3o incorporados no ambiente de trabalho. S\u00f3 no Brasil, mais da metade das companhias pretende investir em programas ligados\u2026","rel":"","context":"In &quot;Carreira e Sucesso&quot;","block_context":{"text":"Carreira e Sucesso","link":"https:\/\/ismaelcolosi.com.br\/index.php\/category\/carreira-e-sucesso-dicas-para-carreira\/"},"img":{"alt_text":"","src":"https:\/\/i0.wp.com\/ismaelcolosi.com.br\/wp-content\/uploads\/2024\/11\/Design-sem-nome-23-1200x675.jpg?fit=1200%2C675&ssl=1&resize=350%2C200","width":350,"height":200,"srcset":"https:\/\/i0.wp.com\/ismaelcolosi.com.br\/wp-content\/uploads\/2024\/11\/Design-sem-nome-23-1200x675.jpg?fit=1200%2C675&ssl=1&resize=350%2C200 1x, https:\/\/i0.wp.com\/ismaelcolosi.com.br\/wp-content\/uploads\/2024\/11\/Design-sem-nome-23-1200x675.jpg?fit=1200%2C675&ssl=1&resize=525%2C300 1.5x, https:\/\/i0.wp.com\/ismaelcolosi.com.br\/wp-content\/uploads\/2024\/11\/Design-sem-nome-23-1200x675.jpg?fit=1200%2C675&ssl=1&resize=700%2C400 2x, https:\/\/i0.wp.com\/ismaelcolosi.com.br\/wp-content\/uploads\/2024\/11\/Design-sem-nome-23-1200x675.jpg?fit=1200%2C675&ssl=1&resize=1050%2C600 3x"},"classes":[]},{"id":74889,"url":"https:\/\/ismaelcolosi.com.br\/index.php\/2024\/11\/03\/ela-deixou-wall-street-para-defender-a-saude-mental-no-trabalho-2\/","url_meta":{"origin":88034,"position":2},"title":"Ela Deixou Wall Street para Defender a Sa\u00fade Mental no Trabalho","author":"ismaelcolosi.com.br","date":"3 de November de 2024","format":false,"excerpt":"\u00a0 Acessibilidade \r L\r L\r A-\r A+\r \r \u25d0\r \r \u00a0 Dilan Gomih, fundadora da consultoria Dilagence, est\u00e1 em uma miss\u00e3o para mudar a maneira como os benef\u00edcios de sa\u00fade mental s\u00e3o incorporados no ambiente de trabalho. S\u00f3 no Brasil, mais da metade das companhias pretende investir em programas ligados\u2026","rel":"","context":"In &quot;Carreira e Sucesso&quot;","block_context":{"text":"Carreira e Sucesso","link":"https:\/\/ismaelcolosi.com.br\/index.php\/category\/carreira-e-sucesso-dicas-para-carreira\/"},"img":{"alt_text":"","src":"https:\/\/i0.wp.com\/ismaelcolosi.com.br\/wp-content\/uploads\/2024\/11\/1730654240_Design-sem-nome-23-1200x675.jpg?fit=1200%2C675&ssl=1&resize=350%2C200","width":350,"height":200,"srcset":"https:\/\/i0.wp.com\/ismaelcolosi.com.br\/wp-content\/uploads\/2024\/11\/1730654240_Design-sem-nome-23-1200x675.jpg?fit=1200%2C675&ssl=1&resize=350%2C200 1x, https:\/\/i0.wp.com\/ismaelcolosi.com.br\/wp-content\/uploads\/2024\/11\/1730654240_Design-sem-nome-23-1200x675.jpg?fit=1200%2C675&ssl=1&resize=525%2C300 1.5x, https:\/\/i0.wp.com\/ismaelcolosi.com.br\/wp-content\/uploads\/2024\/11\/1730654240_Design-sem-nome-23-1200x675.jpg?fit=1200%2C675&ssl=1&resize=700%2C400 2x, https:\/\/i0.wp.com\/ismaelcolosi.com.br\/wp-content\/uploads\/2024\/11\/1730654240_Design-sem-nome-23-1200x675.jpg?fit=1200%2C675&ssl=1&resize=1050%2C600 3x"},"classes":[]},{"id":69084,"url":"https:\/\/ismaelcolosi.com.br\/index.php\/2024\/10\/03\/entenda-como-funciona-a-licenca-por-infelicidade\/","url_meta":{"origin":88034,"position":3},"title":"Entenda Como Funciona a \u201cLicen\u00e7a por Infelicidade\u201d","author":"ismaelcolosi.com.br","date":"3 de October de 2024","format":false,"excerpt":"\u00a0 Acessibilidade L L A- A+ \u25d0 \u00a0 Se voc\u00ea est\u00e1 ou j\u00e1 se sentiu sobrecarregado no trabalho, a \u201clicen\u00e7a por infelicidade\u201c, criada por um empres\u00e1rio chin\u00eas, poderia oferecer uma solu\u00e7\u00e3o. Enquanto a sa\u00fade mental ganha destaque nas conversas corporativas e nas reuni\u00f5es de lideran\u00e7a, Yu Donglai, fundador e presidente\u2026","rel":"","context":"In &quot;Carreira e Sucesso&quot;","block_context":{"text":"Carreira e Sucesso","link":"https:\/\/ismaelcolosi.com.br\/index.php\/category\/carreira-e-sucesso-dicas-para-carreira\/"},"img":{"alt_text":"","src":"https:\/\/i0.wp.com\/ismaelcolosi.com.br\/wp-content\/uploads\/2024\/10\/trabalho-estresse-dopamina-1024x683.jpg?fit=1024%2C683&ssl=1&resize=350%2C200","width":350,"height":200,"srcset":"https:\/\/i0.wp.com\/ismaelcolosi.com.br\/wp-content\/uploads\/2024\/10\/trabalho-estresse-dopamina-1024x683.jpg?fit=1024%2C683&ssl=1&resize=350%2C200 1x, https:\/\/i0.wp.com\/ismaelcolosi.com.br\/wp-content\/uploads\/2024\/10\/trabalho-estresse-dopamina-1024x683.jpg?fit=1024%2C683&ssl=1&resize=525%2C300 1.5x, https:\/\/i0.wp.com\/ismaelcolosi.com.br\/wp-content\/uploads\/2024\/10\/trabalho-estresse-dopamina-1024x683.jpg?fit=1024%2C683&ssl=1&resize=700%2C400 2x"},"classes":[]},{"id":85743,"url":"https:\/\/ismaelcolosi.com.br\/index.php\/2025\/05\/27\/3-razoes-pelas-quais-a-desorganizacao-pode-estar-destruindo-sua-saude-mental-e-como-a-ordem-pode-salvar-voce\/","url_meta":{"origin":88034,"position":4},"title":"3 Raz\u00f5es Pelas Quais a Desorganiza\u00e7\u00e3o Pode Estar Destruindo Sua Sa\u00fade Mental (e Como a Ordem Pode Salvar Voc\u00ea)","author":"ismaelcolosi.com.br","date":"27 de May de 2025","format":false,"excerpt":"\r Getty Images\r Organizar a vida e o ambiente faz bem para a mente, o corpo e as rela\u00e7\u00f5es\r Acessibilidade \r L\r L\r A-\r A+\r \r \u25d0\r \r Voc\u00ea provavelmente j\u00e1 chegou em casa depois de uma semana exaustiva de trabalho e, constatando que mal teve tempo de organizar a\u2026","rel":"","context":"In &quot;Carreira e Sucesso&quot;","block_context":{"text":"Carreira e Sucesso","link":"https:\/\/ismaelcolosi.com.br\/index.php\/category\/carreira-e-sucesso-dicas-para-carreira\/"},"img":{"alt_text":"","src":"https:\/\/i0.wp.com\/ismaelcolosi.com.br\/wp-content\/uploads\/2025\/05\/GettyImages-868899628-1200x675.jpg?fit=1200%2C675&ssl=1&resize=350%2C200","width":350,"height":200,"srcset":"https:\/\/i0.wp.com\/ismaelcolosi.com.br\/wp-content\/uploads\/2025\/05\/GettyImages-868899628-1200x675.jpg?fit=1200%2C675&ssl=1&resize=350%2C200 1x, https:\/\/i0.wp.com\/ismaelcolosi.com.br\/wp-content\/uploads\/2025\/05\/GettyImages-868899628-1200x675.jpg?fit=1200%2C675&ssl=1&resize=525%2C300 1.5x, https:\/\/i0.wp.com\/ismaelcolosi.com.br\/wp-content\/uploads\/2025\/05\/GettyImages-868899628-1200x675.jpg?fit=1200%2C675&ssl=1&resize=700%2C400 2x, https:\/\/i0.wp.com\/ismaelcolosi.com.br\/wp-content\/uploads\/2025\/05\/GettyImages-868899628-1200x675.jpg?fit=1200%2C675&ssl=1&resize=1050%2C600 3x"},"classes":[]},{"id":85772,"url":"https:\/\/ismaelcolosi.com.br\/index.php\/2025\/05\/28\/3-razoes-pelas-quais-a-desorganizacao-pode-estar-destruindo-sua-saude-mental-e-como-a-ordem-pode-salvar-voce-2\/","url_meta":{"origin":88034,"position":5},"title":"3 Raz\u00f5es Pelas Quais a Desorganiza\u00e7\u00e3o Pode Estar Destruindo Sua Sa\u00fade Mental (e Como a Ordem Pode Salvar Voc\u00ea)","author":"ismaelcolosi.com.br","date":"28 de May de 2025","format":false,"excerpt":"\r Getty Images\r Organizar a vida e o ambiente faz bem para a mente, o corpo e as rela\u00e7\u00f5es\r Acessibilidade \r L\r L\r A-\r A+\r \r \u25d0\r \r Voc\u00ea provavelmente j\u00e1 chegou em casa depois de uma semana exaustiva de trabalho e, constatando que mal teve tempo de organizar a\u2026","rel":"","context":"In &quot;Carreira e Sucesso&quot;","block_context":{"text":"Carreira e Sucesso","link":"https:\/\/ismaelcolosi.com.br\/index.php\/category\/carreira-e-sucesso-dicas-para-carreira\/"},"img":{"alt_text":"","src":"https:\/\/i0.wp.com\/ismaelcolosi.com.br\/wp-content\/uploads\/2025\/05\/1748419597_GettyImages-868899628-1200x675.jpg?fit=1200%2C675&ssl=1&resize=350%2C200","width":350,"height":200,"srcset":"https:\/\/i0.wp.com\/ismaelcolosi.com.br\/wp-content\/uploads\/2025\/05\/1748419597_GettyImages-868899628-1200x675.jpg?fit=1200%2C675&ssl=1&resize=350%2C200 1x, https:\/\/i0.wp.com\/ismaelcolosi.com.br\/wp-content\/uploads\/2025\/05\/1748419597_GettyImages-868899628-1200x675.jpg?fit=1200%2C675&ssl=1&resize=525%2C300 1.5x, https:\/\/i0.wp.com\/ismaelcolosi.com.br\/wp-content\/uploads\/2025\/05\/1748419597_GettyImages-868899628-1200x675.jpg?fit=1200%2C675&ssl=1&resize=700%2C400 2x, https:\/\/i0.wp.com\/ismaelcolosi.com.br\/wp-content\/uploads\/2025\/05\/1748419597_GettyImages-868899628-1200x675.jpg?fit=1200%2C675&ssl=1&resize=1050%2C600 3x"},"classes":[]}],"jetpack_sharing_enabled":true,"jetpack_shortlink":"https:\/\/wp.me\/pfMlyK-mTU","_links":{"self":[{"href":"https:\/\/ismaelcolosi.com.br\/index.php\/wp-json\/wp\/v2\/posts\/88034","targetHints":{"allow":["GET"]}}],"collection":[{"href":"https:\/\/ismaelcolosi.com.br\/index.php\/wp-json\/wp\/v2\/posts"}],"about":[{"href":"https:\/\/ismaelcolosi.com.br\/index.php\/wp-json\/wp\/v2\/types\/post"}],"author":[{"embeddable":true,"href":"https:\/\/ismaelcolosi.com.br\/index.php\/wp-json\/wp\/v2\/users\/1"}],"replies":[{"embeddable":true,"href":"https:\/\/ismaelcolosi.com.br\/index.php\/wp-json\/wp\/v2\/comments?post=88034"}],"version-history":[{"count":0,"href":"https:\/\/ismaelcolosi.com.br\/index.php\/wp-json\/wp\/v2\/posts\/88034\/revisions"}],"wp:featuredmedia":[{"embeddable":true,"href":"https:\/\/ismaelcolosi.com.br\/index.php\/wp-json\/wp\/v2\/media\/88035"}],"wp:attachment":[{"href":"https:\/\/ismaelcolosi.com.br\/index.php\/wp-json\/wp\/v2\/media?parent=88034"}],"wp:term":[{"taxonomy":"category","embeddable":true,"href":"https:\/\/ismaelcolosi.com.br\/index.php\/wp-json\/wp\/v2\/categories?post=88034"},{"taxonomy":"post_tag","embeddable":true,"href":"https:\/\/ismaelcolosi.com.br\/index.php\/wp-json\/wp\/v2\/tags?post=88034"}],"curies":[{"name":"wp","href":"https:\/\/api.w.org\/{rel}","templated":true}]}}