{"id":88026,"date":"2025-10-23T10:02:31","date_gmt":"2025-10-23T13:02:31","guid":{"rendered":"https:\/\/ismaelcolosi.com.br\/index.php\/2025\/10\/23\/carlo-alberto-sisto-e-nomeado-novo-ceo-da-azimut-yachts-brasil\/"},"modified":"2025-10-23T10:02:31","modified_gmt":"2025-10-23T13:02:31","slug":"carlo-alberto-sisto-e-nomeado-novo-ceo-da-azimut-yachts-brasil","status":"publish","type":"post","link":"https:\/\/ismaelcolosi.com.br\/index.php\/2025\/10\/23\/carlo-alberto-sisto-e-nomeado-novo-ceo-da-azimut-yachts-brasil\/","title":{"rendered":"Carlo Alberto Sisto \u00c9 Nomeado Novo Ceo da Azimut Yachts Brasil"},"content":{"rendered":"<p> <br \/>\n<\/p>\n<div>\n<figure class=\"destaque wp-caption\">&#13;<br \/>\n\t\t<img data-recalc-dims=\"1\" width=\"678\" height=\"541\" src=\"https:\/\/i0.wp.com\/forbes.com.br\/wp-content\/uploads\/2025\/10\/Carlo-Alberto-Sisto_CEO-Azimut-do-Brasil_3-1-768x613.jpg?resize=678%2C541&#038;ssl=1\" class=\"attachment-medium_large size-medium_large wp-post-image\" alt=\"\" decoding=\"async\" fetchpriority=\"high\"\/>\t\t<\/p>\n<p>Divulga\u00e7\u00e3o<\/p>\n<p>&#13;<figcaption class=\"wp-caption-text\">Carlo Alberto Sisto: novo Chief Executive Officer (CEO) da Azimut do Brasil.<\/figcaption>&#13;<br \/>\n\t<\/figure>\n<div class=\"accessibility\">\n<p>Acessibilidade<\/p>\n<p>&#13;<br \/>\n\t\t\t<button onclick=\"alterFont1()\" id=\"btn1\" class=\"btn\">L<\/button>&#13;<br \/>\n\t\t\t<button onclick=\"alterFont2()\" id=\"btn2\" class=\"btn\" style=\"font-family:Merriweather\">L<\/button>&#13;<br \/>\n\t\t\t<button onclick=\"alterFontSmallerSize()\" id=\"btn3\" class=\"btn\">A-<\/button>&#13;<br \/>\n\t\t\t<button onclick=\"alterFontBiggerSize()\" id=\"btn4\" class=\"btn\">A+<\/button>&#13;<br \/>\n\t\t\t<!--<button onclick='alterFontBolder()' id='btn5' class=\"btn\" >B<\/button>-->&#13;<br \/>\n\t\t\t<button onclick=\"alterBackground()\" id=\"btn6\" class=\"btn\">\u25d0<\/button>&#13;<br \/>\n\t\t\t<!--<button onclick='clean()' id='btn7' class=\"btn\" >Limpar<\/button>-->&#13;\n\t\t<\/p>\n<\/p><\/div>\n<p data-start=\"0\" data-end=\"510\">O grupo italiano Azimut Benetti nomeou Carlo Alberto Sisto como novo CEO da Azimut Yachts Brasil. O an\u00fancio foi feito na noite de quarta-feira, 22. Roy Capasso permanece no cargo de diretor comercial, movimenta\u00e7\u00e3o j\u00e1 anunciada h\u00e1 alguns dias, e Andrea Consolini, que at\u00e9 ent\u00e3o estava como CEO interino, volta \u00e0 sua posi\u00e7\u00e3o original de CFO. As mudan\u00e7as ocorrem depois que o italiano Francesco Caputo, que estava no comando da marca no Brasil desde 2021, foi desligado da companhia ap\u00f3s quase 20 anos no grupo.<\/p>\n<p data-start=\"512\" data-end=\"879\">Sisto chega com a miss\u00e3o de definir a rota estrat\u00e9gica e industrial da subsidi\u00e1ria. De acordo com um comunicado oficial, \u201ca empresa acelerar\u00e1 a execu\u00e7\u00e3o do plano de desenvolvimento e investimentos j\u00e1 aprovado, com foco em ampliar a capacidade produtiva, sustentar a expans\u00e3o da marca e trazer inova\u00e7\u00e3o ao mercado por meio da renova\u00e7\u00e3o progressiva da linha de produtos\u201d.<\/p>\n<p data-start=\"512\" data-end=\"879\">\n<aside>\n<h2>Leia tamb\u00e9m<\/h2>\n<\/aside>\n<p data-start=\"881\" data-end=\"1205\">Sisto traz para a Azimut um s\u00f3lido perfil internacional, com mais de 25 anos de experi\u00eancia na CNH Industrial, l\u00edder global no setor de bens de capital, onde ocupou cargos de lideran\u00e7a na Am\u00e9rica do Norte, Europa, Am\u00e9rica Latina e \u00c1sia-Pac\u00edfico, desenvolvendo ampla expertise nas \u00e1reas financeira, operacional e estrat\u00e9gica.<\/p>\n<h2 data-start=\"1207\" data-end=\"1219\">Expans\u00e3o<\/h2>\n<p data-start=\"1221\" data-end=\"1679\">A Azimut est\u00e1 presente no Brasil h\u00e1 15 anos. A unidade produtiva no pa\u00eds conta com cerca de 600 colaboradores e um valor de produ\u00e7\u00e3o em torno de R$ 600 milh\u00f5es na \u00faltima temporada. A planta produz embarca\u00e7\u00f5es de 51 a 100 p\u00e9s.<\/p>\n<p data-start=\"1221\" data-end=\"1679\">O plano que o novo CEO vai executar prev\u00ea ampliar a capacidade da f\u00e1brica em Santa Catarina para atender \u00e0 demanda, especialmente por embarca\u00e7\u00f5es acima de 25 metros, como o Azimut Grande 25 Metri, um dos grandes sucessos da empresa.<\/p>\n<p data-start=\"1681\" data-end=\"1874\">Lan\u00e7ada neste ano, a embarca\u00e7\u00e3o foi a primeira da fabricante italiana totalmente projetada e constru\u00edda no Brasil para atender aos mercados nacional e internacional. Tem custo de R$ 45 milh\u00f5es.<\/p>\n<p data-start=\"1876\" data-end=\"2212\">A expectativa \u00e9 de crescer 20% no n\u00famero de funcion\u00e1rios nos pr\u00f3ximos tr\u00eas anos, consolidando o pa\u00eds como centro de refer\u00eancia. Para a empresa, o Brasil deixou de ser apenas consumidor e passou a ser refer\u00eancia dentro do grupo tamb\u00e9m na produ\u00e7\u00e3o. O setor n\u00e1utico representa R$ 12,6 bilh\u00f5es do Produto Interno Bruto (PIB) brasileiro.<\/p>\n<p data-start=\"2214\" data-end=\"2471\">\u201cSob a nova lideran\u00e7a de Sisto, a empresa continuar\u00e1 investindo em desenvolvimento industrial, qualidade e capacita\u00e7\u00e3o, refor\u00e7ando o papel da Azimut como protagonista da n\u00e1utica de alto padr\u00e3o em escala global\u201d, diz Marco Valle, CEO do Grupo Azimut-Benetti.<\/p>\n<p data-start=\"2214\" data-end=\"2471\">\n<aside>\n<h2>Escolhas do editor<\/h2>\n<\/aside>\n<div class=\"follow-us\">Siga o canal da <a href=\"https:\/\/whatsapp.com\/channel\/0029Va9gQKwBFLgM96cJnu0u\" target=\"_blank\" rel=\"noopener noreferrer nofollow\" title=\"Grupo da Forbes no WhatsApp\">Forbes<\/a> no WhatsApp e receba as principais not\u00edcias de empreendedorismo, carreira, tecnologia, agro e lifestyle.<\/div>\n<\/p><\/div>\n<p><script data-debloat-delay=\"1\" type=\"text\/debloat-script\">\n\t\t\t\t(function(d, s, id){\n\t\t\t\t\tvar js, fjs = d.getElementsByTagName(s)[0];\n\t\t\t\t\tif (d.getElementById(id)) return;\n\t\t\t\t\tjs = d.createElement(s); js.id = id;\n\t\t\t\t\tjs.src = \"\/\/connect.facebook.net\/pt_BR\/sdk.js#xfbml=1&version=v2.9\";\n\t\t\t\t\tfjs.parentNode.insertBefore(js, fjs);\n\t\t\t\t}(document, 'script', 'facebook-jssdk'));\n\t\t\t<\/script><br \/>\n<br \/><br \/>\n<br \/><a href=\"https:\/\/forbes.com.br\/forbeslife\/forbes-motors\/2025\/10\/carlo-alberto-sisto-e-nomeado-novo-ceo-da-azimut-yachts-brasil\/\">Source link <\/a><\/p>\n<div class='code-block code-block-4' style='margin: 8px auto 8px 0; text-align: left; display: block; clear: both;'>\n\ud83d\udce2 Aviso Legal\n\nO site ismaelcolosi.com.br atua apenas como um canal de divulga\u00e7\u00e3o de oportunidades de emprego e n\u00e3o se responsabiliza pelo processo seletivo, contrata\u00e7\u00e3o ou qualquer outra etapa relacionada \u00e0s vagas publicadas. Todas as informa\u00e7\u00f5es s\u00e3o de responsabilidade dos anunciantes.\n\n\u26a0\ufe0f Aten\u00e7\u00e3o! Nunca pague por promessas de emprego nem compre cursos que garantam contrata\u00e7\u00e3o. Desconfie de qualquer cobran\u00e7a para participar de sele\u00e7\u00f5es.\n\n\n\n<\/div>\n<!-- CONTENT END 1 -->\n","protected":false},"excerpt":{"rendered":"<p>&#13; Divulga\u00e7\u00e3o &#13;Carlo Alberto Sisto: novo Chief Executive Officer (CEO) da Azimut do Brasil.&#13; Acessibilidade &#13; L&#13; L&#13; A-&#13; A+&#13; &#13; \u25d0&#13; &#13; O grupo&#8230;<\/p>\n","protected":false},"author":1,"featured_media":88027,"comment_status":"","ping_status":"open","sticky":false,"template":"","format":"standard","meta":{"_uag_custom_page_level_css":"","advanced_seo_description":"","jetpack_seo_html_title":"","jetpack_seo_noindex":false,"jetpack_post_was_ever_published":false,"_jetpack_newsletter_access":"","_jetpack_dont_email_post_to_subs":false,"_jetpack_newsletter_tier_id":0,"_jetpack_memberships_contains_paywalled_content":false,"_jetpack_memberships_contains_paid_content":false,"footnotes":"","jetpack_publicize_message":"","jetpack_publicize_feature_enabled":true,"jetpack_social_post_already_shared":true,"jetpack_social_options":{"image_generator_settings":{"template":"highway","default_image_id":0,"font":"","enabled":false},"version":2}},"categories":[1964],"tags":[],"class_list":["post-88026","post","type-post","status-publish","format-standard","has-post-thumbnail","hentry","category-carreira-e-sucesso-dicas-para-carreira"],"jetpack_publicize_connections":[],"jetpack_featured_media_url":"https:\/\/i0.wp.com\/ismaelcolosi.com.br\/wp-content\/uploads\/2025\/10\/Carlo-Alberto-Sisto_CEO-Azimut-do-Brasil_3-1-1066x675.jpg?fit=1066%2C675&ssl=1","uagb_featured_image_src":{"full":["https:\/\/i0.wp.com\/ismaelcolosi.com.br\/wp-content\/uploads\/2025\/10\/Carlo-Alberto-Sisto_CEO-Azimut-do-Brasil_3-1-1066x675.jpg?fit=1066%2C675&ssl=1",1066,675,false],"thumbnail":["https:\/\/i0.wp.com\/ismaelcolosi.com.br\/wp-content\/uploads\/2025\/10\/Carlo-Alberto-Sisto_CEO-Azimut-do-Brasil_3-1-1066x675.jpg?resize=150%2C150&ssl=1",150,150,true],"medium":["https:\/\/i0.wp.com\/ismaelcolosi.com.br\/wp-content\/uploads\/2025\/10\/Carlo-Alberto-Sisto_CEO-Azimut-do-Brasil_3-1-1066x675.jpg?fit=300%2C190&ssl=1",300,190,true],"medium_large":["https:\/\/i0.wp.com\/ismaelcolosi.com.br\/wp-content\/uploads\/2025\/10\/Carlo-Alberto-Sisto_CEO-Azimut-do-Brasil_3-1-1066x675.jpg?fit=768%2C486&ssl=1",768,486,true],"large":["https:\/\/i0.wp.com\/ismaelcolosi.com.br\/wp-content\/uploads\/2025\/10\/Carlo-Alberto-Sisto_CEO-Azimut-do-Brasil_3-1-1066x675.jpg?fit=1024%2C648&ssl=1",1024,648,true],"1536x1536":["https:\/\/i0.wp.com\/ismaelcolosi.com.br\/wp-content\/uploads\/2025\/10\/Carlo-Alberto-Sisto_CEO-Azimut-do-Brasil_3-1-1066x675.jpg?fit=1066%2C675&ssl=1",1066,675,true],"2048x2048":["https:\/\/i0.wp.com\/ismaelcolosi.com.br\/wp-content\/uploads\/2025\/10\/Carlo-Alberto-Sisto_CEO-Azimut-do-Brasil_3-1-1066x675.jpg?fit=1066%2C675&ssl=1",1066,675,true],"really-simple-thumb":["https:\/\/i0.wp.com\/ismaelcolosi.com.br\/wp-content\/uploads\/2025\/10\/Carlo-Alberto-Sisto_CEO-Azimut-do-Brasil_3-1-1066x675.jpg?resize=370%2C247&ssl=1",370,247,true]},"uagb_author_info":{"display_name":"ismaelcolosi.com.br","author_link":"https:\/\/ismaelcolosi.com.br\/index.php\/author\/vidareal-online\/"},"uagb_comment_info":0,"uagb_excerpt":"&#13; Divulga\u00e7\u00e3o &#13;Carlo Alberto Sisto: novo Chief Executive Officer (CEO) da Azimut do Brasil.&#13; Acessibilidade &#13; L&#13; L&#13; A-&#13; A+&#13; &#13; \u25d0&#13; &#13; O grupo...","jetpack-related-posts":[{"id":21118,"url":"https:\/\/ismaelcolosi.com.br\/index.php\/2023\/12\/27\/ceo-da-novo-nordisk-do-ozempic-lidera-crescimento\/","url_meta":{"origin":88026,"position":0},"title":"CEO da Novo Nordisk, do Ozempic, lidera crescimento","author":"ismaelcolosi.com.br","date":"27 de December de 2023","format":false,"excerpt":"Victor AffaroIsabella Wanderley, CEO da Novo Nordisk, traz na sua gest\u00e3o a experi\u00eancia em gigantes de bens de consumo Vinda de uma fam\u00edlia de m\u00e9dicos e nascida em Niter\u00f3i (RJ), Isabella Wanderley nunca foi incentivada pelo pai a seguir carreira em medicina. Formou-se em economia e transitou em grandes empresas\u2026","rel":"","context":"In &quot;Carreira e Sucesso&quot;","block_context":{"text":"Carreira e Sucesso","link":"https:\/\/ismaelcolosi.com.br\/index.php\/category\/carreira-e-sucesso-dicas-para-carreira\/"},"img":{"alt_text":"","src":"https:\/\/i0.wp.com\/ismaelcolosi.com.br\/wp-content\/uploads\/2023\/12\/mulher-isabella-wanderley-novo-nordisk-1024x683.jpg?fit=1024%2C683&ssl=1&resize=350%2C200","width":350,"height":200,"srcset":"https:\/\/i0.wp.com\/ismaelcolosi.com.br\/wp-content\/uploads\/2023\/12\/mulher-isabella-wanderley-novo-nordisk-1024x683.jpg?fit=1024%2C683&ssl=1&resize=350%2C200 1x, https:\/\/i0.wp.com\/ismaelcolosi.com.br\/wp-content\/uploads\/2023\/12\/mulher-isabella-wanderley-novo-nordisk-1024x683.jpg?fit=1024%2C683&ssl=1&resize=525%2C300 1.5x, https:\/\/i0.wp.com\/ismaelcolosi.com.br\/wp-content\/uploads\/2023\/12\/mulher-isabella-wanderley-novo-nordisk-1024x683.jpg?fit=1024%2C683&ssl=1&resize=700%2C400 2x"},"classes":[]},{"id":89093,"url":"https:\/\/ismaelcolosi.com.br\/index.php\/2026\/02\/09\/roche-farma-nomeia-alberto-dangelo-como-cfo-no-brasil\/","url_meta":{"origin":88026,"position":1},"title":"Roche Farma Nomeia Alberto D\u2019Angelo Como CFO no Brasil","author":"ismaelcolosi.com.br","date":"9 de February de 2026","format":false,"excerpt":"A Roche Farma Brasil anunciou Alberto D\u2019Angelo como novo diretor de finan\u00e7as e servi\u00e7os. Com mais de 25 anos de experi\u00eancia no setor financeiro, o executivo trabalhou por 18 anos na Roche e construiu uma carreira internacional, com passagens pelo Brasil, Am\u00e9rica Latina, Su\u00ed\u00e7a, Alemanha e Estados Unidos. Nos \u00faltimos\u2026","rel":"","context":"In &quot;Carreira e Sucesso&quot;","block_context":{"text":"Carreira e Sucesso","link":"https:\/\/ismaelcolosi.com.br\/index.php\/category\/carreira-e-sucesso-dicas-para-carreira\/"},"img":{"alt_text":"","src":"https:\/\/i0.wp.com\/ismaelcolosi.com.br\/wp-content\/uploads\/2026\/02\/Roche-Farma-anuncia-novo-diretor-de-financas-e-servicos-1200x675.jpg?fit=1200%2C675&ssl=1&resize=350%2C200","width":350,"height":200,"srcset":"https:\/\/i0.wp.com\/ismaelcolosi.com.br\/wp-content\/uploads\/2026\/02\/Roche-Farma-anuncia-novo-diretor-de-financas-e-servicos-1200x675.jpg?fit=1200%2C675&ssl=1&resize=350%2C200 1x, https:\/\/i0.wp.com\/ismaelcolosi.com.br\/wp-content\/uploads\/2026\/02\/Roche-Farma-anuncia-novo-diretor-de-financas-e-servicos-1200x675.jpg?fit=1200%2C675&ssl=1&resize=525%2C300 1.5x, https:\/\/i0.wp.com\/ismaelcolosi.com.br\/wp-content\/uploads\/2026\/02\/Roche-Farma-anuncia-novo-diretor-de-financas-e-servicos-1200x675.jpg?fit=1200%2C675&ssl=1&resize=700%2C400 2x, https:\/\/i0.wp.com\/ismaelcolosi.com.br\/wp-content\/uploads\/2026\/02\/Roche-Farma-anuncia-novo-diretor-de-financas-e-servicos-1200x675.jpg?fit=1200%2C675&ssl=1&resize=1050%2C600 3x"},"classes":[]},{"id":89803,"url":"https:\/\/ismaelcolosi.com.br\/index.php\/2026\/04\/09\/canva-anuncia-novo-country-manager-no-brasil\/","url_meta":{"origin":88026,"position":2},"title":"Canva Anuncia Novo Country Manager no Brasil","author":"ismaelcolosi.com.br","date":"9 de April de 2026","format":false,"excerpt":"O Canva, plataforma global de comunica\u00e7\u00e3o visual, anunciou Alberto Ceresa como novo country manager no Brasil. O executivo assume o desafio de acelerar o crescimento da marca em solo brasileiro, com foco em inova\u00e7\u00e3o e escalonamento de opera\u00e7\u00f5es. Com mais de 15 anos de carreira, Ceresa soma passagens por empresas\u2026","rel":"","context":"In &quot;Carreira e Sucesso&quot;","block_context":{"text":"Carreira e Sucesso","link":"https:\/\/ismaelcolosi.com.br\/index.php\/category\/carreira-e-sucesso-dicas-para-carreira\/"},"img":{"alt_text":"","src":"https:\/\/i0.wp.com\/ismaelcolosi.com.br\/wp-content\/uploads\/2026\/04\/Canva-anuncia-Alberto-Ceresa-como-novo-Country-Manager-no-Brasil-1200x675.jpg?fit=1200%2C675&ssl=1&resize=350%2C200","width":350,"height":200,"srcset":"https:\/\/i0.wp.com\/ismaelcolosi.com.br\/wp-content\/uploads\/2026\/04\/Canva-anuncia-Alberto-Ceresa-como-novo-Country-Manager-no-Brasil-1200x675.jpg?fit=1200%2C675&ssl=1&resize=350%2C200 1x, https:\/\/i0.wp.com\/ismaelcolosi.com.br\/wp-content\/uploads\/2026\/04\/Canva-anuncia-Alberto-Ceresa-como-novo-Country-Manager-no-Brasil-1200x675.jpg?fit=1200%2C675&ssl=1&resize=525%2C300 1.5x, https:\/\/i0.wp.com\/ismaelcolosi.com.br\/wp-content\/uploads\/2026\/04\/Canva-anuncia-Alberto-Ceresa-como-novo-Country-Manager-no-Brasil-1200x675.jpg?fit=1200%2C675&ssl=1&resize=700%2C400 2x, https:\/\/i0.wp.com\/ismaelcolosi.com.br\/wp-content\/uploads\/2026\/04\/Canva-anuncia-Alberto-Ceresa-como-novo-Country-Manager-no-Brasil-1200x675.jpg?fit=1200%2C675&ssl=1&resize=1050%2C600 3x"},"classes":[]},{"id":22633,"url":"https:\/\/ismaelcolosi.com.br\/index.php\/2023\/12\/30\/melhores-ceos-do-brasil-ricardo-mussa-da-raizen\/","url_meta":{"origin":88026,"position":3},"title":"Melhores CEOs do Brasil: Ricardo Mussa, da Ra\u00edzen","author":"ismaelcolosi.com.br","date":"30 de December de 2023","format":false,"excerpt":"Victor AffaroRicardo Mussa tamb\u00e9m foi CEO da Radar (que tamb\u00e9m cofundou) e da Moove, do grupo Cosan, e passou por multinacionais como Unilever e Danone Ricardo Mussa assumiu a lideran\u00e7a de uma empresa com mais de 45 mil funcion\u00e1rios em uma \u00e9poca em que n\u00e3o podia se encontrar com nenhum\u2026","rel":"","context":"In &quot;Carreira e Sucesso&quot;","block_context":{"text":"Carreira e Sucesso","link":"https:\/\/ismaelcolosi.com.br\/index.php\/category\/carreira-e-sucesso-dicas-para-carreira\/"},"img":{"alt_text":"","src":"https:\/\/i0.wp.com\/ismaelcolosi.com.br\/wp-content\/uploads\/2023\/12\/agro-ricardo-mussa-1024x683.jpg?fit=1024%2C683&ssl=1&resize=350%2C200","width":350,"height":200,"srcset":"https:\/\/i0.wp.com\/ismaelcolosi.com.br\/wp-content\/uploads\/2023\/12\/agro-ricardo-mussa-1024x683.jpg?fit=1024%2C683&ssl=1&resize=350%2C200 1x, https:\/\/i0.wp.com\/ismaelcolosi.com.br\/wp-content\/uploads\/2023\/12\/agro-ricardo-mussa-1024x683.jpg?fit=1024%2C683&ssl=1&resize=525%2C300 1.5x, https:\/\/i0.wp.com\/ismaelcolosi.com.br\/wp-content\/uploads\/2023\/12\/agro-ricardo-mussa-1024x683.jpg?fit=1024%2C683&ssl=1&resize=700%2C400 2x"},"classes":[]},{"id":87691,"url":"https:\/\/ismaelcolosi.com.br\/index.php\/2025\/09\/25\/quem-sao-os-10-melhores-ceos-do-brasil-2\/","url_meta":{"origin":88026,"position":4},"title":"Quem S\u00e3o os 10 Melhores CEOs do Brasil","author":"ismaelcolosi.com.br","date":"25 de September de 2025","format":false,"excerpt":"\r Victor Affaro\r Edgard Corona, CEO da Smart Fit, \u00e9 capa da edi\u00e7\u00e3o 134 da Forbes Brasil\r Acessibilidade \r L\r L\r A-\r A+\r \r \u25d0\r \r Os perfis, as forma\u00e7\u00f5es, as trajet\u00f3rias e as experi\u00eancias variam. S\u00e3o t\u00edmidos ou extrovertidos, intuitivos ou racionais, corporais ou intelectuais. Por\u00e9m, os homens e\u2026","rel":"","context":"In &quot;Carreira e Sucesso&quot;","block_context":{"text":"Carreira e Sucesso","link":"https:\/\/ismaelcolosi.com.br\/index.php\/category\/carreira-e-sucesso-dicas-para-carreira\/"},"img":{"alt_text":"","src":"https:\/\/i0.wp.com\/ismaelcolosi.com.br\/wp-content\/uploads\/2025\/09\/carreira-melhores-ceos-edgard-corona-smart-fit-1200x675.jpg?fit=1200%2C675&ssl=1&resize=350%2C200","width":350,"height":200,"srcset":"https:\/\/i0.wp.com\/ismaelcolosi.com.br\/wp-content\/uploads\/2025\/09\/carreira-melhores-ceos-edgard-corona-smart-fit-1200x675.jpg?fit=1200%2C675&ssl=1&resize=350%2C200 1x, https:\/\/i0.wp.com\/ismaelcolosi.com.br\/wp-content\/uploads\/2025\/09\/carreira-melhores-ceos-edgard-corona-smart-fit-1200x675.jpg?fit=1200%2C675&ssl=1&resize=525%2C300 1.5x, https:\/\/i0.wp.com\/ismaelcolosi.com.br\/wp-content\/uploads\/2025\/09\/carreira-melhores-ceos-edgard-corona-smart-fit-1200x675.jpg?fit=1200%2C675&ssl=1&resize=700%2C400 2x, https:\/\/i0.wp.com\/ismaelcolosi.com.br\/wp-content\/uploads\/2025\/09\/carreira-melhores-ceos-edgard-corona-smart-fit-1200x675.jpg?fit=1200%2C675&ssl=1&resize=1050%2C600 3x"},"classes":[]},{"id":20336,"url":"https:\/\/ismaelcolosi.com.br\/index.php\/2023\/12\/25\/ceo-da-oncoclinicas-construiu-uma-gigante-da-oncologia\/","url_meta":{"origin":88026,"position":5},"title":"CEO da Oncocl\u00ednicas construiu uma gigante da oncologia","author":"ismaelcolosi.com.br","date":"25 de December de 2023","format":false,"excerpt":"Divulga\u00e7\u00e3o\/Cl\u00e1udio GattiM\u00e9dico pela UFMG, Ferrari se especializou em oncologia nos Estados Unidos e voltou ao Brasil para fundar a Oncocl\u00ednicas Em 2010, Bruno Ferrari abriu uma cl\u00ednica em Belo Horizonte com nove profissionais e\u00a010 cadeiras de tratamento. Hoje, a Oncocl\u00ednicas &Co \u00e9 considerada a maior institui\u00e7\u00e3o privada de oncologia da\u2026","rel":"","context":"In &quot;Carreira e Sucesso&quot;","block_context":{"text":"Carreira e Sucesso","link":"https:\/\/ismaelcolosi.com.br\/index.php\/category\/carreira-e-sucesso-dicas-para-carreira\/"},"img":{"alt_text":"","src":"https:\/\/i0.wp.com\/ismaelcolosi.com.br\/wp-content\/uploads\/2023\/12\/money-bruno-ferrari-oncoclinicas-melhores-ceos-1024x683.jpg?fit=1024%2C683&ssl=1&resize=350%2C200","width":350,"height":200,"srcset":"https:\/\/i0.wp.com\/ismaelcolosi.com.br\/wp-content\/uploads\/2023\/12\/money-bruno-ferrari-oncoclinicas-melhores-ceos-1024x683.jpg?fit=1024%2C683&ssl=1&resize=350%2C200 1x, https:\/\/i0.wp.com\/ismaelcolosi.com.br\/wp-content\/uploads\/2023\/12\/money-bruno-ferrari-oncoclinicas-melhores-ceos-1024x683.jpg?fit=1024%2C683&ssl=1&resize=525%2C300 1.5x, https:\/\/i0.wp.com\/ismaelcolosi.com.br\/wp-content\/uploads\/2023\/12\/money-bruno-ferrari-oncoclinicas-melhores-ceos-1024x683.jpg?fit=1024%2C683&ssl=1&resize=700%2C400 2x"},"classes":[]}],"jetpack_sharing_enabled":true,"jetpack_shortlink":"https:\/\/wp.me\/pfMlyK-mTM","_links":{"self":[{"href":"https:\/\/ismaelcolosi.com.br\/index.php\/wp-json\/wp\/v2\/posts\/88026","targetHints":{"allow":["GET"]}}],"collection":[{"href":"https:\/\/ismaelcolosi.com.br\/index.php\/wp-json\/wp\/v2\/posts"}],"about":[{"href":"https:\/\/ismaelcolosi.com.br\/index.php\/wp-json\/wp\/v2\/types\/post"}],"author":[{"embeddable":true,"href":"https:\/\/ismaelcolosi.com.br\/index.php\/wp-json\/wp\/v2\/users\/1"}],"replies":[{"embeddable":true,"href":"https:\/\/ismaelcolosi.com.br\/index.php\/wp-json\/wp\/v2\/comments?post=88026"}],"version-history":[{"count":0,"href":"https:\/\/ismaelcolosi.com.br\/index.php\/wp-json\/wp\/v2\/posts\/88026\/revisions"}],"wp:featuredmedia":[{"embeddable":true,"href":"https:\/\/ismaelcolosi.com.br\/index.php\/wp-json\/wp\/v2\/media\/88027"}],"wp:attachment":[{"href":"https:\/\/ismaelcolosi.com.br\/index.php\/wp-json\/wp\/v2\/media?parent=88026"}],"wp:term":[{"taxonomy":"category","embeddable":true,"href":"https:\/\/ismaelcolosi.com.br\/index.php\/wp-json\/wp\/v2\/categories?post=88026"},{"taxonomy":"post_tag","embeddable":true,"href":"https:\/\/ismaelcolosi.com.br\/index.php\/wp-json\/wp\/v2\/tags?post=88026"}],"curies":[{"name":"wp","href":"https:\/\/api.w.org\/{rel}","templated":true}]}}