{"id":87963,"date":"2025-10-18T15:49:49","date_gmt":"2025-10-18T18:49:49","guid":{"rendered":"https:\/\/ismaelcolosi.com.br\/index.php\/2025\/10\/18\/contrata-se-para-atendimento-ao-cliente\/"},"modified":"2025-10-18T15:49:49","modified_gmt":"2025-10-18T18:49:49","slug":"contrata-se-para-atendimento-ao-cliente","status":"publish","type":"post","link":"https:\/\/ismaelcolosi.com.br\/index.php\/2025\/10\/18\/contrata-se-para-atendimento-ao-cliente\/","title":{"rendered":"CONTRATA-SE PARA ATENDIMENTO AO CLIENTE"},"content":{"rendered":"<div id=\"main\">\n<h5>An\u00fancios<\/h5>\n<ul class=\"listing-card-list \" id=\"listing-card-list\">\n<li class=\"listing-card \">\n                <a class=\"listing-thumb\" href=\"https:\/\/tribunaribeirao.com.br\/classificadostribuna\/index.php?page=item&amp;id=5224\" title=\"CONTRATA-SE PARA ATENDIMENTO AO CLIENTE\"><img data-recalc-dims=\"1\" loading=\"lazy\" decoding=\"async\" src=\"https:\/\/i0.wp.com\/tribunaribeirao.com.br\/classificadostribuna\/oc-content\/uploads\/52\/5965_thumbnail.jpg?resize=240%2C200&#038;ssl=1\" title=\"\" alt=\"CONTRATA-SE PARA ATENDIMENTO AO CLIENTE\" width=\"240\" height=\"200\" \/><\/a><\/p>\n<div class=\"listing-detail\">\n<div class=\"listing-cell\">\n<div class=\"listing-data\">\n<div class=\"listing-basicinfo\">\n                    <a href=\"https:\/\/tribunaribeirao.com.br\/classificadostribuna\/index.php?page=item&amp;id=5224\" class=\"title\" title=\"CONTRATA-SE PARA ATENDIMENTO AO CLIENTE\">CONTRATA-SE PARA ATENDIMENTO AO CLIENTE<\/a><\/p>\n<p>\n                        <span class=\"category\">Empregos<\/span> &#8211;<br \/>\n                        <span class=\"location\"> <\/span> <span class=\"g-hide\">&#8211;<\/span> 17\/10\/2025                                            <\/p>\n<p>\u00a0A vaga \u00e9 para atendimento ao cliente, nosso escrit\u00f3rio fica em Ribeir\u00e3o Preto. Trabalhamos no ramo de transporte\/log\u00edstica O trabalho \u00e9 de segunda a sexta, das 8h \u00e0s 17h, com 1h de almo\u00e7o.A fun\u00e7\u00e3o \u00e9 atender e orientar clientes que entram em contato &#8230;<\/p>\n<\/p><\/div>\n<\/p><\/div>\n<\/p><\/div>\n<\/p><\/div>\n<\/li>\n<li class=\"listing-card \">\n                <a class=\"listing-thumb\" href=\"https:\/\/tribunaribeirao.com.br\/classificadostribuna\/index.php?page=item&amp;id=5202\" title=\"CONTRATA-SE OPERADOR DE TORNO CNC\"><img data-recalc-dims=\"1\" loading=\"lazy\" decoding=\"async\" src=\"https:\/\/i0.wp.com\/tribunaribeirao.com.br\/classificadostribuna\/oc-content\/uploads\/52\/5943_thumbnail.jpg?resize=240%2C200&#038;ssl=1\" title=\"\" alt=\"CONTRATA-SE OPERADOR DE TORNO CNC\" width=\"240\" height=\"200\" \/><\/a><\/p>\n<\/li>\n<li class=\"listing-card \">\n                <a class=\"listing-thumb\" href=\"https:\/\/tribunaribeirao.com.br\/classificadostribuna\/index.php?page=item&amp;id=5172\" title=\"CONTRATA-SE ENCARREGADO DE LIMPEZA\"><img data-recalc-dims=\"1\" loading=\"lazy\" decoding=\"async\" src=\"https:\/\/i0.wp.com\/tribunaribeirao.com.br\/classificadostribuna\/oc-content\/uploads\/51\/5910_thumbnail.jpg?resize=240%2C200&#038;ssl=1\" title=\"\" alt=\"CONTRATA-SE ENCARREGADO DE LIMPEZA\" width=\"240\" height=\"200\" \/><\/a><\/p>\n<div class=\"listing-detail\">\n<div class=\"listing-cell\">\n<div class=\"listing-data\">\n<div class=\"listing-basicinfo\">\n                    <a href=\"https:\/\/tribunaribeirao.com.br\/classificadostribuna\/index.php?page=item&amp;id=5172\" class=\"title\" title=\"CONTRATA-SE ENCARREGADO DE LIMPEZA\">CONTRATA-SE ENCARREGADO DE LIMPEZA<\/a><\/p>\n<p>\n                        <span class=\"category\">Empregos<\/span> &#8211;<br \/>\n                        <span class=\"location\"> <\/span> <span class=\"g-hide\">&#8211;<\/span> 25\/09\/2025                                            <\/p>\n<p>\u00a0Estamos contratando Encarregado de Limpeza vaga 6&#215;2. Exige-se experi\u00eancia na fun\u00e7\u00e3o comprovada em carteira de trabalho.\u00a0 Contrato CLT, oferecemos VT, VA, VR. In\u00edcio imediato. Favor enviar no e-mail: <a href=\"https:\/\/www.tribunaribeirao.com.br\/cdn-cgi\/l\/email-protection\" class=\"__cf_email__\" data-cfemail=\"43312b03222f2526316d202c2e6d2131\">[email\u00a0protected]<\/a> \u00a0<\/p>\n<\/p><\/div>\n<\/p><\/div>\n<\/p><\/div>\n<\/p><\/div>\n<\/li>\n<li class=\"listing-card last\">\n                <a class=\"listing-thumb\" href=\"https:\/\/tribunaribeirao.com.br\/classificadostribuna\/index.php?page=item&amp;id=5169\" title=\"CONTRATA-SE ASSISTENTE CONT\u00c1BIL\"><img data-recalc-dims=\"1\" loading=\"lazy\" decoding=\"async\" src=\"https:\/\/i0.wp.com\/tribunaribeirao.com.br\/classificadostribuna\/oc-content\/uploads\/51\/5907_thumbnail.jpg?resize=240%2C200&#038;ssl=1\" title=\"\" alt=\"CONTRATA-SE ASSISTENTE CONT\u00c1BIL\" width=\"240\" height=\"200\" \/><\/a><\/p>\n<\/li>\n<li class=\"listing-card \">\n                <a class=\"listing-thumb\" href=\"https:\/\/tribunaribeirao.com.br\/classificadostribuna\/index.php?page=item&amp;id=5165\" title=\"CONTRATA-SE CAIXA\/ ATENDENTE SEM EXPERI\u00caNCIA\"><img data-recalc-dims=\"1\" loading=\"lazy\" decoding=\"async\" src=\"https:\/\/i0.wp.com\/tribunaribeirao.com.br\/classificadostribuna\/oc-content\/uploads\/51\/5901_thumbnail.jpg?resize=240%2C200&#038;ssl=1\" title=\"\" alt=\"CONTRATA-SE CAIXA\/ ATENDENTE SEM EXPERI\u00caNCIA\" width=\"240\" height=\"200\" \/><\/a><\/p>\n<div class=\"listing-detail\">\n<div class=\"listing-cell\">\n<div class=\"listing-data\">\n<div class=\"listing-basicinfo\">\n                    <a href=\"https:\/\/tribunaribeirao.com.br\/classificadostribuna\/index.php?page=item&amp;id=5165\" class=\"title\" title=\"CONTRATA-SE CAIXA\/ ATENDENTE SEM EXPERI\u00caNCIA\">CONTRATA-SE CAIXA\/ ATENDENTE SEM EXPERI\u00caNCIA<\/a><\/p>\n<p>\n                        <span class=\"category\">Empregos<\/span> &#8211;<br \/>\n                        <span class=\"location\"> <\/span> <span class=\"g-hide\">&#8211;<\/span> 19\/09\/2025                                            <\/p>\n<p>\u00a0Local: Shopping Iguatemi \/ Ribeir\u00e3o Preto \u2013 SP. Valor da Di\u00e1ria R$ 100,00. Requisitos: Ter Documento com foto. Experi\u00eancia com atendimento e gostar de crian\u00e7as. Interessados, entrar em contato ou enviar curr\u00edculo para Ana no e-mail: 244ana027@gmail&#8230;.<\/p>\n<\/p><\/div>\n<\/p><\/div>\n<\/p><\/div>\n<\/p><\/div>\n<\/li>\n<li class=\"listing-card \">\n                <a class=\"listing-thumb\" href=\"https:\/\/tribunaribeirao.com.br\/classificadostribuna\/index.php?page=item&amp;id=5152\" title=\"Vaga de Aprendiz - Arco Administrativo\"><img data-recalc-dims=\"1\" loading=\"lazy\" decoding=\"async\" src=\"https:\/\/i0.wp.com\/tribunaribeirao.com.br\/classificadostribuna\/oc-content\/uploads\/51\/5888_thumbnail.jpg?resize=240%2C200&#038;ssl=1\" title=\"\" alt=\"Vaga de Aprendiz - Arco Administrativo\" width=\"240\" height=\"200\" \/><\/a><\/p>\n<div class=\"listing-detail\">\n<div class=\"listing-cell\">\n<div class=\"listing-data\">\n<div class=\"listing-basicinfo\">\n                    <a href=\"https:\/\/tribunaribeirao.com.br\/classificadostribuna\/index.php?page=item&amp;id=5152\" class=\"title\" title=\"Vaga de Aprendiz - Arco Administrativo\">Vaga de Aprendiz &#8211; Arco Administrativo<\/a><\/p>\n<p>\n                        <span class=\"category\">Empregos<\/span> &#8211;<br \/>\n                        <span class=\"location\"> <\/span> <span class=\"g-hide\">&#8211;<\/span> 15\/09\/2025                                            <\/p>\n<p>C\u00f3digo da Vaga: 5781284 Programa: Aprendiz Vaga para o Curso:\u00a0Estudando no Ensino m\u00e9dio, do 1\u00ba ao 3\u00ba do ensino m\u00e9dio ou formado no ensino m\u00e9dio. Idade:\u00a0de 16 \u00e0 22 anos Hor\u00e1rio da Vaga:\u00a0Das 07h30 \u00e0s 11h30\u00c1rea de Atua\u00e7\u00e3o:\u00a0Arco Administrativo &#8211; Capacita&#8230;<\/p>\n<\/p><\/div>\n<\/p><\/div>\n<\/p><\/div>\n<\/p><\/div>\n<\/li>\n<p>\n<script data-cfasync=\"false\" src=\"https:\/\/www.tribunaribeirao.com.br\/cdn-cgi\/scripts\/5c5dd728\/cloudflare-static\/email-decode.min.js\"><\/script><script async=\"\" src=\"https:\/\/pagead2.googlesyndication.com\/pagead\/js\/adsbygoogle.js\"><\/script>&#13;<br \/>\n<!-- Anuncio Horizontal -->&#13;<br \/>\n<ins class=\"adsbygoogle\" style=\"display:block\" data-ad-client=\"ca-pub-6472940315473977\" data-ad-slot=\"9527135572\" data-ad-format=\"auto\" data-full-width-responsive=\"true\"><\/ins>&#13;<br \/>\n<script><![CDATA[\n     (adsbygoogle = window.adsbygoogle || []).push({});\n]]><\/script><\/p>\n<li class=\"listing-card \">\n                <a class=\"listing-thumb\" href=\"https:\/\/tribunaribeirao.com.br\/classificadostribuna\/index.php?page=item&amp;id=5150\" title=\"Vaga de Aprendiz - Arco Administrativo\"><img data-recalc-dims=\"1\" loading=\"lazy\" decoding=\"async\" src=\"https:\/\/i0.wp.com\/tribunaribeirao.com.br\/classificadostribuna\/oc-content\/uploads\/51\/5886_thumbnail.jpg?resize=240%2C200&#038;ssl=1\" title=\"\" alt=\"Vaga de Aprendiz - Arco Administrativo\" width=\"240\" height=\"200\" \/><\/a><\/p>\n<div class=\"listing-detail\">\n<div class=\"listing-cell\">\n<div class=\"listing-data\">\n<div class=\"listing-basicinfo\">\n                    <a href=\"https:\/\/tribunaribeirao.com.br\/classificadostribuna\/index.php?page=item&amp;id=5150\" class=\"title\" title=\"Vaga de Aprendiz - Arco Administrativo\">Vaga de Aprendiz &#8211; Arco Administrativo<\/a><\/p>\n<p>\n                        <span class=\"category\">Empregos<\/span> &#8211;<br \/>\n                        <span class=\"location\"> <\/span> <span class=\"g-hide\">&#8211;<\/span> 15\/09\/2025                                            <\/p>\n<p>C\u00f3digo da Vaga:\u00a0 5776607 Programa: Aprendiz Vaga para o Curso:\u00a0Do 1\u00ba ao 3\u00ba do ensino m\u00e9dio ou formado no ensino m\u00e9dio. Idade:\u00a0de 18 \u00e0 22 anos Hor\u00e1rio da Vaga:\u00a0Das 13h \u00e0s 17h\u00c1rea de Atua\u00e7\u00e3o:\u00a0JAC Arco Alimenta\u00e7\u00e3o\u00a0&#8211; Capacita\u00e7\u00e3o no CIEE Local da Vaga:\u00a0Ce&#8230;<\/p>\n<\/p><\/div>\n<\/p><\/div>\n<\/p><\/div>\n<\/p><\/div>\n<\/li>\n<li class=\"listing-card last\">\n                <a class=\"listing-thumb\" href=\"https:\/\/tribunaribeirao.com.br\/classificadostribuna\/index.php?page=item&amp;id=5138\" title=\"CONTRATA-SE VENDEDOR\"><img data-recalc-dims=\"1\" loading=\"lazy\" decoding=\"async\" src=\"https:\/\/i0.wp.com\/tribunaribeirao.com.br\/classificadostribuna\/oc-content\/uploads\/51\/5872_thumbnail.jpg?resize=240%2C200&#038;ssl=1\" title=\"\" alt=\"CONTRATA-SE VENDEDOR\" width=\"240\" height=\"200\" \/><\/a><\/p>\n<div class=\"listing-detail\">\n<div class=\"listing-cell\">\n<div class=\"listing-data\">\n<div class=\"listing-basicinfo\">\n                    <a href=\"https:\/\/tribunaribeirao.com.br\/classificadostribuna\/index.php?page=item&amp;id=5138\" class=\"title\" title=\"CONTRATA-SE VENDEDOR\">CONTRATA-SE VENDEDOR<\/a><\/p>\n<p>\n                        <span class=\"category\">Empregos<\/span> &#8211;<br \/>\n                        <span class=\"location\"> <\/span> <span class=\"g-hide\">&#8211;<\/span> 10\/09\/2025                                            <\/p>\n<p>Empresa de uniforme contrata Vendedor. Requisitos: experi\u00eancias em vendas, CNH AB, carro pr\u00f3prio, disponibilidade para viagens.\u00a0Benef\u00edcios: sal\u00e1rio + vari\u00e1veis, conv\u00eanio m\u00e9dico e odontol\u00f3gico, ajuda de custo e VT.\u00a0Envie seu curr\u00edculo para: rh@golfecl&#8230;<\/p>\n<\/p><\/div>\n<\/p><\/div>\n<\/p><\/div>\n<\/p><\/div>\n<\/li>\n<li class=\"listing-card \">\n                <a class=\"listing-thumb\" href=\"https:\/\/tribunaribeirao.com.br\/classificadostribuna\/index.php?page=item&amp;id=5133\" title=\"CONTRATA-SE MARMORISTA COM EXPERI\u00caNCIA\"><img data-recalc-dims=\"1\" loading=\"lazy\" decoding=\"async\" src=\"https:\/\/i0.wp.com\/tribunaribeirao.com.br\/classificadostribuna\/oc-content\/uploads\/51\/5860_thumbnail.jpg?resize=240%2C200&#038;ssl=1\" title=\"\" alt=\"CONTRATA-SE MARMORISTA COM EXPERI\u00caNCIA\" width=\"240\" height=\"200\" \/><\/a><\/p>\n<div class=\"listing-detail\">\n<div class=\"listing-cell\">\n<div class=\"listing-data\">\n<div class=\"listing-basicinfo\">\n                    <a href=\"https:\/\/tribunaribeirao.com.br\/classificadostribuna\/index.php?page=item&amp;id=5133\" class=\"title\" title=\"CONTRATA-SE MARMORISTA COM EXPERI\u00caNCIA\">CONTRATA-SE MARMORISTA COM EXPERI\u00caNCIA<\/a><\/p>\n<p>\n                        <span class=\"category\">Empregos<\/span> &#8211;<br \/>\n                        <span class=\"location\"> <\/span> <span class=\"g-hide\">&#8211;<\/span> 08\/09\/2025                                            <\/p>\n<p>Contrata-se acabador com experi\u00eancia para trabalhar em marmoraria situada na cidade de Cravinhos\/SP. Sal\u00e1rio inicial R$ 2.800,00 + vale transporte. Interessados falar com Marcos Paulo atrav\u00e9s do n\u00ba (16) 99609-6888 &#8211; Cravimar M\u00e1rmores e Granitos.<\/p>\n<\/p><\/div>\n<\/p><\/div>\n<\/p><\/div>\n<\/p><\/div>\n<\/li>\n<li class=\"listing-card \">\n                <a class=\"listing-thumb\" href=\"https:\/\/tribunaribeirao.com.br\/classificadostribuna\/index.php?page=item&amp;id=5126\" title=\"CONTRATA-SE TOSADORA PARA PETSHOP\"><img data-recalc-dims=\"1\" loading=\"lazy\" decoding=\"async\" src=\"https:\/\/i0.wp.com\/tribunaribeirao.com.br\/classificadostribuna\/oc-content\/uploads\/51\/5853_thumbnail.jpg?resize=240%2C200&#038;ssl=1\" title=\"\" alt=\"CONTRATA-SE TOSADORA PARA PETSHOP\" width=\"240\" height=\"200\" \/><\/a><\/p>\n<\/li>\n<\/ul><\/div>\n<div class='code-block code-block-4' style='margin: 8px auto 8px 0; text-align: left; display: block; clear: both;'>\n\ud83d\udce2 Aviso Legal\n\nO site ismaelcolosi.com.br atua apenas como um canal de divulga\u00e7\u00e3o de oportunidades de emprego e n\u00e3o se responsabiliza pelo processo seletivo, contrata\u00e7\u00e3o ou qualquer outra etapa relacionada \u00e0s vagas publicadas. Todas as informa\u00e7\u00f5es s\u00e3o de responsabilidade dos anunciantes.\n\n\u26a0\ufe0f Aten\u00e7\u00e3o! Nunca pague por promessas de emprego nem compre cursos que garantam contrata\u00e7\u00e3o. Desconfie de qualquer cobran\u00e7a para participar de sele\u00e7\u00f5es.\n\n\n\n<\/div>\n<!-- CONTENT END 1 -->\n","protected":false},"excerpt":{"rendered":"<p>An\u00fancios CONTRATA-SE PARA ATENDIMENTO AO CLIENTE Empregos &#8211; &#8211; 17\/10\/2025 \u00a0A vaga \u00e9 para atendimento ao cliente, nosso escrit\u00f3rio fica em Ribeir\u00e3o Preto. Trabalhamos no&#8230;<\/p>\n","protected":false},"author":1,"featured_media":87964,"comment_status":"","ping_status":"open","sticky":false,"template":"","format":"standard","meta":{"_uag_custom_page_level_css":"","advanced_seo_description":"","jetpack_seo_html_title":"","jetpack_seo_noindex":false,"jetpack_post_was_ever_published":false,"_jetpack_newsletter_access":"","_jetpack_dont_email_post_to_subs":false,"_jetpack_newsletter_tier_id":0,"_jetpack_memberships_contains_paywalled_content":false,"_jetpack_memberships_contains_paid_content":false,"footnotes":"","jetpack_publicize_message":"","jetpack_publicize_feature_enabled":true,"jetpack_social_post_already_shared":true,"jetpack_social_options":{"image_generator_settings":{"template":"highway","default_image_id":0,"font":"","enabled":false},"version":2}},"categories":[7],"tags":[],"class_list":["post-87963","post","type-post","status-publish","format-standard","has-post-thumbnail","hentry","category-vagas-de-empregos-em-ribeirao-preto-regiao-brasil"],"jetpack_publicize_connections":[],"jetpack_featured_media_url":"https:\/\/i0.wp.com\/ismaelcolosi.com.br\/wp-content\/uploads\/2025\/10\/5965_thumbnail.jpg?fit=240%2C200&ssl=1","uagb_featured_image_src":{"full":["https:\/\/i0.wp.com\/ismaelcolosi.com.br\/wp-content\/uploads\/2025\/10\/5965_thumbnail.jpg?fit=240%2C200&ssl=1",240,200,false],"thumbnail":["https:\/\/i0.wp.com\/ismaelcolosi.com.br\/wp-content\/uploads\/2025\/10\/5965_thumbnail.jpg?resize=150%2C150&ssl=1",150,150,true],"medium":["https:\/\/i0.wp.com\/ismaelcolosi.com.br\/wp-content\/uploads\/2025\/10\/5965_thumbnail.jpg?fit=240%2C200&ssl=1",240,200,true],"medium_large":["https:\/\/i0.wp.com\/ismaelcolosi.com.br\/wp-content\/uploads\/2025\/10\/5965_thumbnail.jpg?fit=240%2C200&ssl=1",240,200,true],"large":["https:\/\/i0.wp.com\/ismaelcolosi.com.br\/wp-content\/uploads\/2025\/10\/5965_thumbnail.jpg?fit=240%2C200&ssl=1",240,200,true],"1536x1536":["https:\/\/i0.wp.com\/ismaelcolosi.com.br\/wp-content\/uploads\/2025\/10\/5965_thumbnail.jpg?fit=240%2C200&ssl=1",240,200,true],"2048x2048":["https:\/\/i0.wp.com\/ismaelcolosi.com.br\/wp-content\/uploads\/2025\/10\/5965_thumbnail.jpg?fit=240%2C200&ssl=1",240,200,true],"really-simple-thumb":["https:\/\/i0.wp.com\/ismaelcolosi.com.br\/wp-content\/uploads\/2025\/10\/5965_thumbnail.jpg?resize=240%2C200&ssl=1",240,200,true]},"uagb_author_info":{"display_name":"ismaelcolosi.com.br","author_link":"https:\/\/ismaelcolosi.com.br\/index.php\/author\/vidareal-online\/"},"uagb_comment_info":0,"uagb_excerpt":"An\u00fancios CONTRATA-SE PARA ATENDIMENTO AO CLIENTE Empregos &#8211; &#8211; 17\/10\/2025 \u00a0A vaga \u00e9 para atendimento ao cliente, nosso escrit\u00f3rio fica em Ribeir\u00e3o Preto. Trabalhamos no...","jetpack-related-posts":[{"id":28356,"url":"https:\/\/ismaelcolosi.com.br\/index.php\/2024\/01\/15\/trabalhe-da-sua-casa-enjoei-contrata-para-atendimento-ao-cliente-online-em-home-office\/","url_meta":{"origin":87963,"position":0},"title":"Trabalhe da sua Casa: Enjoei Contrata para Atendimento ao Cliente Online em HOME OFFICE","author":"ismaelcolosi.com.br","date":"15 de January de 2024","format":false,"excerpt":"Trabalhe da sua Casa: Enjoei Contrata para Atendimento ao Cliente Online em HOME OFFICE Trabalhe da sua Casa: Enjoei Contrata para Atendimento ao Cliente Online em HOME OFFICE Analista de Experi\u00eancia do Cliente JR. \u2013 Home Office Efetivo | Remoto | Vaga tamb\u00e9m para Leia mais","rel":"","context":"In &quot;Vagas de Emprego Remoto - Home Office&quot;","block_context":{"text":"Vagas de Emprego Remoto - Home Office","link":"https:\/\/ismaelcolosi.com.br\/index.php\/category\/empregos-classificados-vagas-trabalho\/vagas-de-empregos-em-ribeirao-preto-regiao-brasil\/vagas-de-emprego-para-trabalhar-de-casa-home-office-remoto\/"},"img":{"alt_text":"","src":"","width":0,"height":0},"classes":[]},{"id":88085,"url":"https:\/\/ismaelcolosi.com.br\/index.php\/2025\/10\/28\/contrata-se-auxiliar-de-faturamento-noturno\/","url_meta":{"origin":87963,"position":1},"title":"CONTRATA-SE AUXILIAR DE FATURAMENTO NOTURNO","author":"ismaelcolosi.com.br","date":"28 de October de 2025","format":false,"excerpt":"An\u00fancios CONTRATA-SE AUXILIAR DE FATURAMENTO NOTURNO Empregos - - 27\/10\/2025 \u00a0Requisitos: ensino m\u00e9dio, experi\u00eancia na fun\u00e7\u00e3o, disponibilidade seg a sex 24h \u00e0s 9h48.\u00a0Atribui\u00e7\u00f5es: emiss\u00e3o e controle de documentos fiscais (CTE, manifestos, ETC), suporto ai motorista em rota, controle de documenta\u00e7\u00e3o, suporte ao time de contas a... CONTRATA-SE AUXILIAR DE FATURAMENTO\u2026","rel":"","context":"In &quot;Vagas de Emprego em Ribeir\u00e3o Preto-SP&quot;","block_context":{"text":"Vagas de Emprego em Ribeir\u00e3o Preto-SP","link":"https:\/\/ismaelcolosi.com.br\/index.php\/category\/empregos-classificados-vagas-trabalho\/vagas-de-empregos-em-ribeirao-preto-regiao-brasil\/"},"img":{"alt_text":"CONTRATA-SE AUXILIAR DE FATURAMENTO NOTURNO","src":"https:\/\/i0.wp.com\/tribunaribeirao.com.br\/classificadostribuna\/oc-content\/uploads\/52\/6004_thumbnail.jpg?resize=350%2C200&ssl=1","width":350,"height":200},"classes":[]},{"id":42025,"url":"https:\/\/ismaelcolosi.com.br\/index.php\/2024\/03\/12\/chatguru-abriu-vaga-sem-experiencia-para-home-office-com-salario-de-r-2-50000-com-atendimento-ao-cliente\/","url_meta":{"origin":87963,"position":2},"title":"ChatGuru abriu vaga SEM EXPERI\u00caNCIA para HOME OFFICE com sal\u00e1rio de R$ 2.500,00 com Atendimento ao Cliente","author":"ismaelcolosi.com.br","date":"12 de March de 2024","format":false,"excerpt":"Home Office ChatGuru abriu vaga SEM EXPERI\u00caNCIA para HOME OFFICE com sal\u00e1rio de R$ 2.500,00 com Atendimento ao Cliente Home Office Home Office SEM EXPERI\u00caNCIA para Auxiliar Financeiro de 8h00 \u00e0s 17h48 segunda a sexta-feira. Home Office Home Office: Trabalhe de Casa das 07h \u00e0 15h para a empresa Farm\u00e1cias\u2026","rel":"","context":"In &quot;Vagas de Emprego Remoto - Home Office&quot;","block_context":{"text":"Vagas de Emprego Remoto - Home Office","link":"https:\/\/ismaelcolosi.com.br\/index.php\/category\/empregos-classificados-vagas-trabalho\/vagas-de-empregos-em-ribeirao-preto-regiao-brasil\/vagas-de-emprego-para-trabalhar-de-casa-home-office-remoto\/"},"img":{"alt_text":"","src":"https:\/\/i0.wp.com\/ismaelcolosi.com.br\/wp-content\/uploads\/2024\/03\/chatguru-761x492.webp?fit=761%2C492&ssl=1&resize=350%2C200","width":350,"height":200,"srcset":"https:\/\/i0.wp.com\/ismaelcolosi.com.br\/wp-content\/uploads\/2024\/03\/chatguru-761x492.webp?fit=761%2C492&ssl=1&resize=350%2C200 1x, https:\/\/i0.wp.com\/ismaelcolosi.com.br\/wp-content\/uploads\/2024\/03\/chatguru-761x492.webp?fit=761%2C492&ssl=1&resize=525%2C300 1.5x, https:\/\/i0.wp.com\/ismaelcolosi.com.br\/wp-content\/uploads\/2024\/03\/chatguru-761x492.webp?fit=761%2C492&ssl=1&resize=700%2C400 2x"},"classes":[]},{"id":6775,"url":"https:\/\/ismaelcolosi.com.br\/index.php\/2023\/11\/26\/home-agent-contrata-para-trabalhar-de-casa-em-home-office-e-ainda-fornece-notebook-mouse-e-headset\/","url_meta":{"origin":87963,"position":3},"title":"Home Agent contrata para trabalhar de casa em HOME OFFICE e ainda Fornece notebook, mouse e headset.","author":"ismaelcolosi.com.br","date":"26 de November de 2023","format":false,"excerpt":"Home Agent contrata para trabalhar de casa em HOME OFFICE e ainda Fornece notebook, mouse e headset. Agente de Atendimento I \u2013 Preven\u00e7\u00e3o a Fraude \u2013 Home Office Efetivo Remoto Vaga tamb\u00e9m para PcD DESCRI\u00c7\u00c3O DA VAGA Vaga de atendimento ao cliente B2B (Pequenas e M\u00e9dias empresas), Leia mais","rel":"","context":"In &quot;Vagas de Emprego Remoto - Home Office&quot;","block_context":{"text":"Vagas de Emprego Remoto - Home Office","link":"https:\/\/ismaelcolosi.com.br\/index.php\/category\/empregos-classificados-vagas-trabalho\/vagas-de-empregos-em-ribeirao-preto-regiao-brasil\/vagas-de-emprego-para-trabalhar-de-casa-home-office-remoto\/"},"img":{"alt_text":"","src":"","width":0,"height":0},"classes":[]},{"id":35755,"url":"https:\/\/ismaelcolosi.com.br\/index.php\/2024\/02\/07\/unimed-contrata-para-trabalhar-de-casa-com-salario-de-r-4-10169-e-alimentacao-r-80000\/","url_meta":{"origin":87963,"position":4},"title":"Unimed contrata para TRABALHAR DE CASA com sal\u00e1rio de R$ 4.101,69 e Alimenta\u00e7\u00e3o R$ 800,00","author":"ismaelcolosi.com.br","date":"7 de February de 2024","format":false,"excerpt":"Home Office Unimed contrata para TRABALHAR DE CASA com sal\u00e1rio de R$ 4.101,69 e Alimenta\u00e7\u00e3o R$ 800,00 Home Office Vaga para Analista de Folha e DP HOME OFFICE com sal\u00e1rio de R$ 2.200,00 Home Office Trabalhe de Casa: Projedata Inform\u00e1tica contrata Assistente de Atendimento HOME OFFICE Home Office O Senai\u2026","rel":"","context":"In &quot;Vagas de Emprego Remoto - Home Office&quot;","block_context":{"text":"Vagas de Emprego Remoto - Home Office","link":"https:\/\/ismaelcolosi.com.br\/index.php\/category\/empregos-classificados-vagas-trabalho\/vagas-de-empregos-em-ribeirao-preto-regiao-brasil\/vagas-de-emprego-para-trabalhar-de-casa-home-office-remoto\/"},"img":{"alt_text":"","src":"https:\/\/i0.wp.com\/ismaelcolosi.com.br\/wp-content\/uploads\/2024\/02\/UNIMED-1-761x492.webp?fit=761%2C492&ssl=1&resize=350%2C200","width":350,"height":200,"srcset":"https:\/\/i0.wp.com\/ismaelcolosi.com.br\/wp-content\/uploads\/2024\/02\/UNIMED-1-761x492.webp?fit=761%2C492&ssl=1&resize=350%2C200 1x, https:\/\/i0.wp.com\/ismaelcolosi.com.br\/wp-content\/uploads\/2024\/02\/UNIMED-1-761x492.webp?fit=761%2C492&ssl=1&resize=525%2C300 1.5x, https:\/\/i0.wp.com\/ismaelcolosi.com.br\/wp-content\/uploads\/2024\/02\/UNIMED-1-761x492.webp?fit=761%2C492&ssl=1&resize=700%2C400 2x"},"classes":[]},{"id":88276,"url":"https:\/\/ismaelcolosi.com.br\/index.php\/2025\/11\/17\/contrata-se-auxiliar-de-mecanico-de-manutencao\/","url_meta":{"origin":87963,"position":5},"title":"CONTRATA-SE AUXILIAR DE MEC\u00c2NICO DE MANUTEN\u00c7\u00c3O","author":"ismaelcolosi.com.br","date":"17 de November de 2025","format":false,"excerpt":"An\u00fancios CONTRATA-SE GERENTE DE PRODU\u00c7\u00c3O DE ALIMENTOS Empregos - - 08\/11\/2025 Planejamento da produ\u00e7\u00e3o e logistica, conforme demanda de eventos. Acompanhamento da produ\u00e7\u00e3o: garantir o correto armazenamento dos produtos, considerando apar\u00eancia, qualidade e tempo de preparo. Expedi\u00e7\u00e3o de produtos e eventos: confer\u00eancia de itens ... CONTRATA-SE DIVERSAS VAGAS Empregos -\u2026","rel":"","context":"In &quot;Vagas de Emprego em Ribeir\u00e3o Preto-SP&quot;","block_context":{"text":"Vagas de Emprego em Ribeir\u00e3o Preto-SP","link":"https:\/\/ismaelcolosi.com.br\/index.php\/category\/empregos-classificados-vagas-trabalho\/vagas-de-empregos-em-ribeirao-preto-regiao-brasil\/"},"img":{"alt_text":"CONTRATA-SE AUXILIAR DE MEC\u00c2NICO DE MANUTEN\u00c7\u00c3O","src":"https:\/\/i0.wp.com\/tribunaribeirao.com.br\/classificadostribuna\/oc-content\/uploads\/52\/6044_thumbnail.jpg?resize=350%2C200&ssl=1","width":350,"height":200},"classes":[]}],"jetpack_sharing_enabled":true,"jetpack_shortlink":"https:\/\/wp.me\/pfMlyK-mSL","_links":{"self":[{"href":"https:\/\/ismaelcolosi.com.br\/index.php\/wp-json\/wp\/v2\/posts\/87963","targetHints":{"allow":["GET"]}}],"collection":[{"href":"https:\/\/ismaelcolosi.com.br\/index.php\/wp-json\/wp\/v2\/posts"}],"about":[{"href":"https:\/\/ismaelcolosi.com.br\/index.php\/wp-json\/wp\/v2\/types\/post"}],"author":[{"embeddable":true,"href":"https:\/\/ismaelcolosi.com.br\/index.php\/wp-json\/wp\/v2\/users\/1"}],"replies":[{"embeddable":true,"href":"https:\/\/ismaelcolosi.com.br\/index.php\/wp-json\/wp\/v2\/comments?post=87963"}],"version-history":[{"count":0,"href":"https:\/\/ismaelcolosi.com.br\/index.php\/wp-json\/wp\/v2\/posts\/87963\/revisions"}],"wp:featuredmedia":[{"embeddable":true,"href":"https:\/\/ismaelcolosi.com.br\/index.php\/wp-json\/wp\/v2\/media\/87964"}],"wp:attachment":[{"href":"https:\/\/ismaelcolosi.com.br\/index.php\/wp-json\/wp\/v2\/media?parent=87963"}],"wp:term":[{"taxonomy":"category","embeddable":true,"href":"https:\/\/ismaelcolosi.com.br\/index.php\/wp-json\/wp\/v2\/categories?post=87963"},{"taxonomy":"post_tag","embeddable":true,"href":"https:\/\/ismaelcolosi.com.br\/index.php\/wp-json\/wp\/v2\/tags?post=87963"}],"curies":[{"name":"wp","href":"https:\/\/api.w.org\/{rel}","templated":true}]}}