{"id":87955,"date":"2025-10-18T05:07:36","date_gmt":"2025-10-18T08:07:36","guid":{"rendered":"https:\/\/ismaelcolosi.com.br\/index.php\/2025\/10\/18\/como-lideres-podem-oferecer-apoio-para-mulheres\/"},"modified":"2025-10-18T05:07:36","modified_gmt":"2025-10-18T08:07:36","slug":"como-lideres-podem-oferecer-apoio-para-mulheres","status":"publish","type":"post","link":"https:\/\/ismaelcolosi.com.br\/index.php\/2025\/10\/18\/como-lideres-podem-oferecer-apoio-para-mulheres\/","title":{"rendered":"Como L\u00edderes Podem Oferecer Apoio Para Mulheres"},"content":{"rendered":"<p> <br \/>\n<\/p>\n<div>\n<figure class=\"destaque wp-caption\">&#13;<br \/>\n\t\t<img data-recalc-dims=\"1\" width=\"678\" height=\"452\" src=\"https:\/\/i0.wp.com\/forbes.com.br\/wp-content\/uploads\/2025\/10\/menopausa-no-trabalho-768x512.jpg?resize=678%2C452&#038;ssl=1\" class=\"attachment-medium_large size-medium_large wp-post-image\" alt=\"menopausa no trabalho\" decoding=\"async\" fetchpriority=\"high\"\/>\t\t<\/p>\n<p>RealPeopleGroup\/Getty Images<\/p>\n<p>&#13;<figcaption class=\"wp-caption-text\">Evitar o tema da menopausa no ambiente de trabalho pode levar \u00e0 sa\u00edda de lideran\u00e7as femininas<\/figcaption>&#13;<br \/>\n\t<\/figure>\n<div class=\"accessibility\">\n<p>Acessibilidade<\/p>\n<p>&#13;<br \/>\n\t\t\t<button onclick=\"alterFont1()\" id=\"btn1\" class=\"btn\">L<\/button>&#13;<br \/>\n\t\t\t<button onclick=\"alterFont2()\" id=\"btn2\" class=\"btn\" style=\"font-family:Merriweather\">L<\/button>&#13;<br \/>\n\t\t\t<button onclick=\"alterFontSmallerSize()\" id=\"btn3\" class=\"btn\">A-<\/button>&#13;<br \/>\n\t\t\t<button onclick=\"alterFontBiggerSize()\" id=\"btn4\" class=\"btn\">A+<\/button>&#13;<br \/>\n\t\t\t<!--<button onclick='alterFontBolder()' id='btn5' class=\"btn\" >B<\/button>-->&#13;<br \/>\n\t\t\t<button onclick=\"alterBackground()\" id=\"btn6\" class=\"btn\">\u25d0<\/button>&#13;<br \/>\n\t\t\t<!--<button onclick='clean()' id='btn7' class=\"btn\" >Limpar<\/button>-->&#13;\n\t\t<\/p>\n<\/p><\/div>\n<p>At\u00e9 2030, 1,2 bilh\u00e3o de mulheres estar\u00e3o na <strong>menopausa<\/strong> ou<strong> p\u00f3s-menopausa<\/strong>, com 47 milh\u00f5es entrando anualmente nesse per\u00edodo. No Brasil, cerca de 30 milh\u00f5es de mulheres vivem essa fase. Entre as que est\u00e3o no <strong>mercado de trabalho<\/strong>, <strong>74%<\/strong> enfrentam ou j\u00e1 enfrentaram desafios f\u00edsicos e emocionais em sil\u00eancio, com medo de discrimina\u00e7\u00e3o ou demiss\u00e3o, segundo levantamento do Talenses Group.<\/p>\n<p>A consultoria americana Frost &amp; Sullivan estima que a falta de informa\u00e7\u00e3o e apoio \u00e0s mulheres nessa fase gera perdas globais de produtividade superiores a<strong> US$ 150 bilh\u00f5es (R$ 815,7 bilh\u00f5es) por ano.<\/strong><\/p>\n<aside>\n<h2>Leia tamb\u00e9m<\/h2>\n<\/aside>\n<p>\u00c0 medida que milh\u00f5es de mulheres enfrentam as mudan\u00e7as f\u00edsicas e emocionais da menopausa, cresce a demanda para que os ambientes de trabalho se tornem mais acolhedores. A mensagem \u00e9 clara: a menopausa n\u00e3o \u00e9 apenas uma experi\u00eancia pessoal, \u00e9 tamb\u00e9m uma quest\u00e3o que envolve o ambiente profissional. \u201cN\u00e3o h\u00e1 exig\u00eancia espec\u00edfica para que os empregadores acomodem os sintomas da menopausa de um funcion\u00e1rio\u201d, afirma a americana<strong>\u00a0Emily Gold Waldman<\/strong>, professora de direito trabalhista na Pace University e coautora do livro \u201cMenstruation Matters\u201d. O mesmo vale para o Brasil.<\/p>\n<p>Mesmo sem obriga\u00e7\u00e3o legal, empresas ao redor do mundo passam a adotar medidas para ajudar as funcion\u00e1rias\u00a0a lidar com sintomas como\u00a0<strong>ondas de calor, confus\u00e3o mental e dist\u00farbios do sono<\/strong>. Um estudo da Universidade de Stanford mostrou que mulheres que buscaram atendimento m\u00e9dico para sintomas relacionados \u00e0 menopausa estavam ganhando, em m\u00e9dia, 10% menos quatro anos depois. Muitas reduziram a jornada ou deixaram o trabalho.<\/p>\n<h2>Neste Dia Mundial da Menopausa, veja o que as empresas podem fazer sobre o tema<\/h2>\n<h3>1. Normalizar a conversa<\/h3>\n<p>Segundo um estudo do <strong>Bank of America<\/strong>, 80% das mulheres sentem que a menopausa \u00e9 \u201calgo pessoal demais para ser discutido no trabalho\u201d. Os empregadores devem incentivar um <strong>di\u00e1logo aberto<\/strong>, oferecer educa\u00e7\u00e3o para reduzir o estigma e criar uma cultura aberta e acolhedora. Mulheres em posi\u00e7\u00f5es de lideran\u00e7a podem compartilhar suas pr\u00f3prias experi\u00eancias com a menopausa, enquanto profissionais podem criar <strong>grupos de apoio<\/strong> pr\u00f3prios.<\/p>\n<p>Algumas empresas, incluindo <strong>Nvidia<\/strong> e <strong>Genentech<\/strong>, desenvolveram <strong>programas de suporte \u00e0 menopausa<\/strong> que incluem informa\u00e7\u00f5es e consultas m\u00e9dicas especializadas.<\/p>\n<h3>2. Oferecer ambientes acolhedores<\/h3>\n<p>Os empregadores devem fornecer ambientes com melhor ventila\u00e7\u00e3o, espa\u00e7os com temperatura controlada e uniformes respir\u00e1veis para ajudar a aliviar os sintomas, especialmente para profissionais que trabalham em f\u00e1bricas.<\/p>\n<h3>3. Treinar gestores e profissionais de RH<\/h3>\n<p>Para garantir que os l\u00edderes compreendam a menopausa, as empresas podem oferecer treinamentos e assegurar que recursos estejam dispon\u00edveis nos departamentos de RH.<\/p>\n<h3>4. Proteger dados de sa\u00fade<\/h3>\n<p>Empregadores podem usar aplicativos para ajudar as profissionais a gerenciar sintomas, mas com cautela. \u201cAplicativos geralmente coletam informa\u00e7\u00f5es de sa\u00fade sens\u00edveis que podem estar vulner\u00e1veis\u201d, alerta <strong>Bridget Crawford<\/strong>, professora de direito na Pace University e coautora do livro \u201cMenstruation Matters. \u201cOs funcion\u00e1rios precisam ter certeza de que seus dados estar\u00e3o seguros.\u201d<\/p>\n<p>\u00c0 medida que a menopausa se torna mais vis\u00edvel, o ambiente de trabalho tamb\u00e9m precisa evoluir. Em \u00faltima medida, apoiar mulheres na menopausa n\u00e3o \u00e9 apenas \u00e9tica, \u00e9 uma estrat\u00e9gia econ\u00f4mica inteligente.<\/p>\n<aside>\n<h2>Escolhas do editor<\/h2>\n<\/aside>\n<div class=\"follow-us\">Siga o canal da <a href=\"https:\/\/whatsapp.com\/channel\/0029Va9gQKwBFLgM96cJnu0u\" target=\"_blank\" rel=\"noopener noreferrer nofollow\" title=\"Grupo da Forbes no WhatsApp\">Forbes<\/a> no WhatsApp e receba as principais not\u00edcias de empreendedorismo, carreira, tecnologia, agro e lifestyle.<\/div>\n<\/p><\/div>\n<p><script data-debloat-delay=\"1\" type=\"text\/debloat-script\">\n\t\t\t\t(function(d, s, id){\n\t\t\t\t\tvar js, fjs = d.getElementsByTagName(s)[0];\n\t\t\t\t\tif (d.getElementById(id)) return;\n\t\t\t\t\tjs = d.createElement(s); js.id = id;\n\t\t\t\t\tjs.src = \"\/\/connect.facebook.net\/pt_BR\/sdk.js#xfbml=1&version=v2.9\";\n\t\t\t\t\tfjs.parentNode.insertBefore(js, fjs);\n\t\t\t\t}(document, 'script', 'facebook-jssdk'));\n\t\t\t<\/script><br \/>\n<br \/><br \/>\n<br \/><a href=\"https:\/\/forbes.com.br\/carreira\/2025\/10\/menopausa-no-trabalho-como-lideres-podem-oferecer-apoio-para-mulheres\/\">Source link <\/a><\/p>\n<div class='code-block code-block-4' style='margin: 8px auto 8px 0; text-align: left; display: block; clear: both;'>\n\ud83d\udce2 Aviso Legal\n\nO site ismaelcolosi.com.br atua apenas como um canal de divulga\u00e7\u00e3o de oportunidades de emprego e n\u00e3o se responsabiliza pelo processo seletivo, contrata\u00e7\u00e3o ou qualquer outra etapa relacionada \u00e0s vagas publicadas. Todas as informa\u00e7\u00f5es s\u00e3o de responsabilidade dos anunciantes.\n\n\u26a0\ufe0f Aten\u00e7\u00e3o! Nunca pague por promessas de emprego nem compre cursos que garantam contrata\u00e7\u00e3o. Desconfie de qualquer cobran\u00e7a para participar de sele\u00e7\u00f5es.\n\n\n\n<\/div>\n<!-- CONTENT END 1 -->\n","protected":false},"excerpt":{"rendered":"<p>&#13; RealPeopleGroup\/Getty Images &#13;Evitar o tema da menopausa no ambiente de trabalho pode levar \u00e0 sa\u00edda de lideran\u00e7as femininas&#13; Acessibilidade &#13; L&#13; L&#13; A-&#13; A+&#13;&#8230;<\/p>\n","protected":false},"author":1,"featured_media":87956,"comment_status":"","ping_status":"open","sticky":false,"template":"","format":"standard","meta":{"_uag_custom_page_level_css":"","advanced_seo_description":"","jetpack_seo_html_title":"","jetpack_seo_noindex":false,"jetpack_post_was_ever_published":false,"_jetpack_newsletter_access":"","_jetpack_dont_email_post_to_subs":false,"_jetpack_newsletter_tier_id":0,"_jetpack_memberships_contains_paywalled_content":false,"_jetpack_memberships_contains_paid_content":false,"footnotes":"","jetpack_publicize_message":"","jetpack_publicize_feature_enabled":true,"jetpack_social_post_already_shared":true,"jetpack_social_options":{"image_generator_settings":{"template":"highway","default_image_id":0,"font":"","enabled":false},"version":2}},"categories":[1964],"tags":[],"class_list":["post-87955","post","type-post","status-publish","format-standard","has-post-thumbnail","hentry","category-carreira-e-sucesso-dicas-para-carreira"],"jetpack_publicize_connections":[],"jetpack_featured_media_url":"https:\/\/i0.wp.com\/ismaelcolosi.com.br\/wp-content\/uploads\/2025\/10\/menopausa-no-trabalho-1200x675.jpg?fit=1200%2C675&ssl=1","uagb_featured_image_src":{"full":["https:\/\/i0.wp.com\/ismaelcolosi.com.br\/wp-content\/uploads\/2025\/10\/menopausa-no-trabalho-1200x675.jpg?fit=1200%2C675&ssl=1",1200,675,false],"thumbnail":["https:\/\/i0.wp.com\/ismaelcolosi.com.br\/wp-content\/uploads\/2025\/10\/menopausa-no-trabalho-1200x675.jpg?resize=150%2C150&ssl=1",150,150,true],"medium":["https:\/\/i0.wp.com\/ismaelcolosi.com.br\/wp-content\/uploads\/2025\/10\/menopausa-no-trabalho-1200x675.jpg?fit=300%2C169&ssl=1",300,169,true],"medium_large":["https:\/\/i0.wp.com\/ismaelcolosi.com.br\/wp-content\/uploads\/2025\/10\/menopausa-no-trabalho-1200x675.jpg?fit=768%2C432&ssl=1",768,432,true],"large":["https:\/\/i0.wp.com\/ismaelcolosi.com.br\/wp-content\/uploads\/2025\/10\/menopausa-no-trabalho-1200x675.jpg?fit=1024%2C576&ssl=1",1024,576,true],"1536x1536":["https:\/\/i0.wp.com\/ismaelcolosi.com.br\/wp-content\/uploads\/2025\/10\/menopausa-no-trabalho-1200x675.jpg?fit=1200%2C675&ssl=1",1200,675,true],"2048x2048":["https:\/\/i0.wp.com\/ismaelcolosi.com.br\/wp-content\/uploads\/2025\/10\/menopausa-no-trabalho-1200x675.jpg?fit=1200%2C675&ssl=1",1200,675,true],"really-simple-thumb":["https:\/\/i0.wp.com\/ismaelcolosi.com.br\/wp-content\/uploads\/2025\/10\/menopausa-no-trabalho-1200x675.jpg?resize=370%2C247&ssl=1",370,247,true]},"uagb_author_info":{"display_name":"ismaelcolosi.com.br","author_link":"https:\/\/ismaelcolosi.com.br\/index.php\/author\/vidareal-online\/"},"uagb_comment_info":0,"uagb_excerpt":"&#13; RealPeopleGroup\/Getty Images &#13;Evitar o tema da menopausa no ambiente de trabalho pode levar \u00e0 sa\u00edda de lideran\u00e7as femininas&#13; Acessibilidade &#13; L&#13; L&#13; A-&#13; A+&#13;...","jetpack-related-posts":[{"id":71983,"url":"https:\/\/ismaelcolosi.com.br\/index.php\/2024\/10\/18\/vagas-de-empregos-na-microset-tecnologia-para-trabalhar-em-ribeirao-preto-sp-16\/","url_meta":{"origin":87955,"position":0},"title":"Vagas de empregos na Microset Tecnologia  para trabalhar em Ribeir\u00e3o Preto-SP","author":"ismaelcolosi.com.br","date":"18 de October de 2024","format":false,"excerpt":"Assistente de Service Desk lRibeir\u00e3o Preto - SPEfetivo Microset Tecnologia Assistente de Service Desk lRibeir\u00e3o Preto - SPEfetivo V\u00eddeos","rel":"","context":"In &quot;Vagas de Emprego em Ribeir\u00e3o Preto-SP&quot;","block_context":{"text":"Vagas de Emprego em Ribeir\u00e3o Preto-SP","link":"https:\/\/ismaelcolosi.com.br\/index.php\/category\/empregos-classificados-vagas-trabalho\/vagas-de-empregos-em-ribeirao-preto-regiao-brasil\/"},"img":{"alt_text":"","src":"https:\/\/i0.wp.com\/ismaelcolosi.com.br\/wp-content\/uploads\/2024\/10\/1729282097_2023-03-15_13-45_bannerUrl.png?fit=1080%2C327&ssl=1&resize=350%2C200","width":350,"height":200,"srcset":"https:\/\/i0.wp.com\/ismaelcolosi.com.br\/wp-content\/uploads\/2024\/10\/1729282097_2023-03-15_13-45_bannerUrl.png?fit=1080%2C327&ssl=1&resize=350%2C200 1x, https:\/\/i0.wp.com\/ismaelcolosi.com.br\/wp-content\/uploads\/2024\/10\/1729282097_2023-03-15_13-45_bannerUrl.png?fit=1080%2C327&ssl=1&resize=525%2C300 1.5x, https:\/\/i0.wp.com\/ismaelcolosi.com.br\/wp-content\/uploads\/2024\/10\/1729282097_2023-03-15_13-45_bannerUrl.png?fit=1080%2C327&ssl=1&resize=700%2C400 2x, https:\/\/i0.wp.com\/ismaelcolosi.com.br\/wp-content\/uploads\/2024\/10\/1729282097_2023-03-15_13-45_bannerUrl.png?fit=1080%2C327&ssl=1&resize=1050%2C600 3x"},"classes":[]},{"id":74915,"url":"https:\/\/ismaelcolosi.com.br\/index.php\/2024\/11\/03\/vagas-de-empregos-na-microset-tecnologia-para-trabalhar-em-ribeirao-preto-sp-17\/","url_meta":{"origin":87955,"position":1},"title":"Vagas de empregos na Microset Tecnologia  para trabalhar em Ribeir\u00e3o Preto-SP","author":"ismaelcolosi.com.br","date":"3 de November de 2024","format":false,"excerpt":"Assistente de Service Desk lRibeir\u00e3o Preto - SPEfetivo Microset Tecnologia Assistente de Service Desk lRibeir\u00e3o Preto - SPEfetivo V\u00eddeos","rel":"","context":"In &quot;Vagas de Emprego em Ribeir\u00e3o Preto-SP&quot;","block_context":{"text":"Vagas de Emprego em Ribeir\u00e3o Preto-SP","link":"https:\/\/ismaelcolosi.com.br\/index.php\/category\/empregos-classificados-vagas-trabalho\/vagas-de-empregos-em-ribeirao-preto-regiao-brasil\/"},"img":{"alt_text":"","src":"https:\/\/i0.wp.com\/ismaelcolosi.com.br\/wp-content\/uploads\/2024\/11\/2023-03-15_13-45_bannerUrl.png?fit=1080%2C327&ssl=1&resize=350%2C200","width":350,"height":200,"srcset":"https:\/\/i0.wp.com\/ismaelcolosi.com.br\/wp-content\/uploads\/2024\/11\/2023-03-15_13-45_bannerUrl.png?fit=1080%2C327&ssl=1&resize=350%2C200 1x, https:\/\/i0.wp.com\/ismaelcolosi.com.br\/wp-content\/uploads\/2024\/11\/2023-03-15_13-45_bannerUrl.png?fit=1080%2C327&ssl=1&resize=525%2C300 1.5x, https:\/\/i0.wp.com\/ismaelcolosi.com.br\/wp-content\/uploads\/2024\/11\/2023-03-15_13-45_bannerUrl.png?fit=1080%2C327&ssl=1&resize=700%2C400 2x, https:\/\/i0.wp.com\/ismaelcolosi.com.br\/wp-content\/uploads\/2024\/11\/2023-03-15_13-45_bannerUrl.png?fit=1080%2C327&ssl=1&resize=1050%2C600 3x"},"classes":[]},{"id":82676,"url":"https:\/\/ismaelcolosi.com.br\/index.php\/2025\/02\/07\/vagas-de-empregos-na-microset-tecnologia-para-trabalhar-em-ribeirao-preto-sp-23\/","url_meta":{"origin":87955,"position":2},"title":"Vagas de empregos na Microset Tecnologia  para trabalhar em Ribeir\u00e3o Preto-SP","author":"ismaelcolosi.com.br","date":"7 de February de 2025","format":false,"excerpt":"Assistente de Service Desk l Ribeir\u00e3o Preto - SPEfetivo Auxiliar T\u00e9cnico de Redes Ribeir\u00e3o Preto - SPEfetivo Gerente de Neg\u00f3cios - Campinas e regi\u00e3o Ribeir\u00e3o Preto - SPPessoa jur\u00eddica Microset Tecnologia Assistente de Service Desk l Ribeir\u00e3o Preto - SPEfetivo V\u00eddeos","rel":"","context":"In &quot;Vagas de Emprego em Ribeir\u00e3o Preto-SP&quot;","block_context":{"text":"Vagas de Emprego em Ribeir\u00e3o Preto-SP","link":"https:\/\/ismaelcolosi.com.br\/index.php\/category\/empregos-classificados-vagas-trabalho\/vagas-de-empregos-em-ribeirao-preto-regiao-brasil\/"},"img":{"alt_text":"","src":"https:\/\/i0.wp.com\/ismaelcolosi.com.br\/wp-content\/uploads\/2025\/02\/2023-03-15_13-45_bannerUrl.png?fit=1080%2C327&ssl=1&resize=350%2C200","width":350,"height":200,"srcset":"https:\/\/i0.wp.com\/ismaelcolosi.com.br\/wp-content\/uploads\/2025\/02\/2023-03-15_13-45_bannerUrl.png?fit=1080%2C327&ssl=1&resize=350%2C200 1x, https:\/\/i0.wp.com\/ismaelcolosi.com.br\/wp-content\/uploads\/2025\/02\/2023-03-15_13-45_bannerUrl.png?fit=1080%2C327&ssl=1&resize=525%2C300 1.5x, https:\/\/i0.wp.com\/ismaelcolosi.com.br\/wp-content\/uploads\/2025\/02\/2023-03-15_13-45_bannerUrl.png?fit=1080%2C327&ssl=1&resize=700%2C400 2x, https:\/\/i0.wp.com\/ismaelcolosi.com.br\/wp-content\/uploads\/2025\/02\/2023-03-15_13-45_bannerUrl.png?fit=1080%2C327&ssl=1&resize=1050%2C600 3x"},"classes":[]},{"id":76947,"url":"https:\/\/ismaelcolosi.com.br\/index.php\/2024\/11\/19\/vagas-de-empregos-na-microset-tecnologia-para-trabalhar-em-ribeirao-preto-sp-18\/","url_meta":{"origin":87955,"position":3},"title":"Vagas de empregos na Microset Tecnologia  para trabalhar em Ribeir\u00e3o Preto-SP","author":"ismaelcolosi.com.br","date":"19 de November de 2024","format":false,"excerpt":"Assistente de Service Desk lRibeir\u00e3o Preto - SPEfetivo Auxiliar Administrativo Ribeir\u00e3o Preto - SPEfetivo Auxiliar T\u00e9cnico de RedesRibeir\u00e3o Preto - SPEfetivo Microset Tecnologia Assistente de Service Desk lRibeir\u00e3o Preto - SPEfetivo V\u00eddeos","rel":"","context":"In &quot;Vagas de Emprego em Ribeir\u00e3o Preto-SP&quot;","block_context":{"text":"Vagas de Emprego em Ribeir\u00e3o Preto-SP","link":"https:\/\/ismaelcolosi.com.br\/index.php\/category\/empregos-classificados-vagas-trabalho\/vagas-de-empregos-em-ribeirao-preto-regiao-brasil\/"},"img":{"alt_text":"","src":"https:\/\/i0.wp.com\/ismaelcolosi.com.br\/wp-content\/uploads\/2024\/11\/1732047822_2023-03-15_13-45_bannerUrl.png?fit=1080%2C327&ssl=1&resize=350%2C200","width":350,"height":200,"srcset":"https:\/\/i0.wp.com\/ismaelcolosi.com.br\/wp-content\/uploads\/2024\/11\/1732047822_2023-03-15_13-45_bannerUrl.png?fit=1080%2C327&ssl=1&resize=350%2C200 1x, https:\/\/i0.wp.com\/ismaelcolosi.com.br\/wp-content\/uploads\/2024\/11\/1732047822_2023-03-15_13-45_bannerUrl.png?fit=1080%2C327&ssl=1&resize=525%2C300 1.5x, https:\/\/i0.wp.com\/ismaelcolosi.com.br\/wp-content\/uploads\/2024\/11\/1732047822_2023-03-15_13-45_bannerUrl.png?fit=1080%2C327&ssl=1&resize=700%2C400 2x, https:\/\/i0.wp.com\/ismaelcolosi.com.br\/wp-content\/uploads\/2024\/11\/1732047822_2023-03-15_13-45_bannerUrl.png?fit=1080%2C327&ssl=1&resize=1050%2C600 3x"},"classes":[]},{"id":51227,"url":"https:\/\/ismaelcolosi.com.br\/index.php\/2024\/05\/24\/conselho-da-petrobras-aprova-magda-chambriard-como-ceo\/","url_meta":{"origin":87955,"position":4},"title":"Conselho da Petrobras aprova Magda Chambriard como CEO","author":"ismaelcolosi.com.br","date":"24 de May de 2024","format":false,"excerpt":"\u00a0 Acessibilidade L L A- A+ \u25d0 A Petrobras informou que seu conselho de administra\u00e7\u00e3o aprovou nesta sexta-feira (24) Magda Chambriard como nova presidente-executiva e conselheira da companhia. Segundo fato relevante, Chambriard tomou posse em ambos os cargos nesta sexta-feira e passou a integrar o conselho imediatamente, n\u00e3o sendo necess\u00e1ria\u2026","rel":"","context":"In &quot;Carreira e Sucesso&quot;","block_context":{"text":"Carreira e Sucesso","link":"https:\/\/ismaelcolosi.com.br\/index.php\/category\/carreira-e-sucesso-dicas-para-carreira\/"},"img":{"alt_text":"","src":"https:\/\/i0.wp.com\/ismaelcolosi.com.br\/wp-content\/uploads\/2024\/05\/Money_Magda-Chambriard_AgenciaBrasil-1024x683.jpg?fit=1024%2C683&ssl=1&resize=350%2C200","width":350,"height":200,"srcset":"https:\/\/i0.wp.com\/ismaelcolosi.com.br\/wp-content\/uploads\/2024\/05\/Money_Magda-Chambriard_AgenciaBrasil-1024x683.jpg?fit=1024%2C683&ssl=1&resize=350%2C200 1x, https:\/\/i0.wp.com\/ismaelcolosi.com.br\/wp-content\/uploads\/2024\/05\/Money_Magda-Chambriard_AgenciaBrasil-1024x683.jpg?fit=1024%2C683&ssl=1&resize=525%2C300 1.5x, https:\/\/i0.wp.com\/ismaelcolosi.com.br\/wp-content\/uploads\/2024\/05\/Money_Magda-Chambriard_AgenciaBrasil-1024x683.jpg?fit=1024%2C683&ssl=1&resize=700%2C400 2x"},"classes":[]},{"id":55226,"url":"https:\/\/ismaelcolosi.com.br\/index.php\/2024\/07\/01\/conselheira-da-vale-vera-marie-inkster-renuncia-ao-cargo\/","url_meta":{"origin":87955,"position":5},"title":"Conselheira da Vale Vera Marie Inkster renuncia ao cargo","author":"ismaelcolosi.com.br","date":"1 de July de 2024","format":false,"excerpt":"A mineradora Vale informou ao mercado em nota que Vera Marie Inkster apresentou sua ren\u00fancia ao cargo de membro do conselho de administra\u00e7\u00e3o da companhia nesta segunda-feira. Acessibilidade L L A- A+ \u25d0 Diante disso, a companhia afirmou que o colegiado \u201cest\u00e1 trabalhando em sua recomposi\u00e7\u00e3o e que, em momento\u2026","rel":"","context":"In &quot;Carreira e Sucesso&quot;","block_context":{"text":"Carreira e Sucesso","link":"https:\/\/ismaelcolosi.com.br\/index.php\/category\/carreira-e-sucesso-dicas-para-carreira\/"},"img":{"alt_text":"","src":"https:\/\/i0.wp.com\/ismaelcolosi.com.br\/wp-content\/uploads\/2024\/07\/Totem-com-logo-da-Vale-Foto-Washington-Alves-Reuters-1024x683.png?fit=1024%2C683&ssl=1&resize=350%2C200","width":350,"height":200,"srcset":"https:\/\/i0.wp.com\/ismaelcolosi.com.br\/wp-content\/uploads\/2024\/07\/Totem-com-logo-da-Vale-Foto-Washington-Alves-Reuters-1024x683.png?fit=1024%2C683&ssl=1&resize=350%2C200 1x, https:\/\/i0.wp.com\/ismaelcolosi.com.br\/wp-content\/uploads\/2024\/07\/Totem-com-logo-da-Vale-Foto-Washington-Alves-Reuters-1024x683.png?fit=1024%2C683&ssl=1&resize=525%2C300 1.5x, https:\/\/i0.wp.com\/ismaelcolosi.com.br\/wp-content\/uploads\/2024\/07\/Totem-com-logo-da-Vale-Foto-Washington-Alves-Reuters-1024x683.png?fit=1024%2C683&ssl=1&resize=700%2C400 2x"},"classes":[]}],"jetpack_sharing_enabled":true,"jetpack_shortlink":"https:\/\/wp.me\/pfMlyK-mSD","_links":{"self":[{"href":"https:\/\/ismaelcolosi.com.br\/index.php\/wp-json\/wp\/v2\/posts\/87955","targetHints":{"allow":["GET"]}}],"collection":[{"href":"https:\/\/ismaelcolosi.com.br\/index.php\/wp-json\/wp\/v2\/posts"}],"about":[{"href":"https:\/\/ismaelcolosi.com.br\/index.php\/wp-json\/wp\/v2\/types\/post"}],"author":[{"embeddable":true,"href":"https:\/\/ismaelcolosi.com.br\/index.php\/wp-json\/wp\/v2\/users\/1"}],"replies":[{"embeddable":true,"href":"https:\/\/ismaelcolosi.com.br\/index.php\/wp-json\/wp\/v2\/comments?post=87955"}],"version-history":[{"count":0,"href":"https:\/\/ismaelcolosi.com.br\/index.php\/wp-json\/wp\/v2\/posts\/87955\/revisions"}],"wp:featuredmedia":[{"embeddable":true,"href":"https:\/\/ismaelcolosi.com.br\/index.php\/wp-json\/wp\/v2\/media\/87956"}],"wp:attachment":[{"href":"https:\/\/ismaelcolosi.com.br\/index.php\/wp-json\/wp\/v2\/media?parent=87955"}],"wp:term":[{"taxonomy":"category","embeddable":true,"href":"https:\/\/ismaelcolosi.com.br\/index.php\/wp-json\/wp\/v2\/categories?post=87955"},{"taxonomy":"post_tag","embeddable":true,"href":"https:\/\/ismaelcolosi.com.br\/index.php\/wp-json\/wp\/v2\/tags?post=87955"}],"curies":[{"name":"wp","href":"https:\/\/api.w.org\/{rel}","templated":true}]}}