{"id":8788,"date":"2023-11-30T14:33:47","date_gmt":"2023-11-30T17:33:47","guid":{"rendered":"https:\/\/ismaelcolosi.com.br\/index.php\/2023\/11\/30\/cop28-aprova-fundo-climatico-para-paises-vulneraveis\/"},"modified":"2023-11-30T14:33:47","modified_gmt":"2023-11-30T17:33:47","slug":"cop28-aprova-fundo-climatico-para-paises-vulneraveis","status":"publish","type":"post","link":"https:\/\/ismaelcolosi.com.br\/index.php\/2023\/11\/30\/cop28-aprova-fundo-climatico-para-paises-vulneraveis\/","title":{"rendered":"COP28 aprova fundo clim\u00e1tico para pa\u00edses vulner\u00e1veis"},"content":{"rendered":"<p> <br \/>\n<\/p>\n<div id=\"post-365816\">\n<header class=\"entry-header penci-entry-header penci-title-center\">\n<p> <span class=\"entry-meta-item penci-posted-on\"><i class=\"fa fa-clock-o\"\/><time class=\"entry-date published updated\" datetime=\"2023-11-30T14:33:47-03:00\">30 de novembro de 2023 | 14:33<\/time><\/span><\/p>\n<p> <span class=\"penci-social-buttons penci-social-share-footer\"><a href=\"#\" class=\"penci-post-like penci_post-meta_item  single-like-button penci-social-item like\" data-post_id=\"365816\" title=\"Like\" data-like=\"Like\" data-unlike=\"Unlike\"><i class=\"fa fa-thumbs-o-up\"\/><span class=\"penci-share-number\">0<\/span><\/a><i class=\"fa fa-facebook\"\/><a class=\"penci-social-item twitter\" target=\"_blank\" rel=\"noopener\" title=\"\" href=\"https:\/\/twitter.com\/intent\/tweet?text=COP28%20aprova%20fundo%20clim\u00e1tico%20para%20pa\u00edses%20vulner\u00e1veis%20-%20https:\/\/www.tribunaribeirao.com.br\/site\/cop28-aprova-fundo-climatico-para-paises-vulneraveis\/\"><i class=\"fa fa-twitter\"\/><\/a><i class=\"fa fa-whatsapp\"\/><\/span><\/header>\n<div class=\"penci-entry-content entry-content\">\n<p>Em seu primeiro dia, a Confer\u00eancia das Na\u00e7\u00f5es Unidas sobre Mudan\u00e7as Clim\u00e1ticas (COP28),\u00a0realizada\u00a0em Dubai, nos Emirados \u00c1rabes, aprovou nesta quinta-feira (30) um fundo clim\u00e1tico para financiar perdas e danos de pa\u00edses vulner\u00e1veis. \u00a0<noscript><img data-recalc-dims=\"1\" decoding=\"async\" src=\"https:\/\/i0.wp.com\/agenciabrasil.ebc.com.br\/ebc.png?ssl=1\"\/><\/noscript><img data-recalc-dims=\"1\" decoding=\"async\" src=\"https:\/\/i0.wp.com\/agenciabrasil.ebc.com.br\/ebc.gif?ssl=1\" class=\"lazyload\"\/><noscript><img data-recalc-dims=\"1\" decoding=\"async\" src=\"https:\/\/i0.wp.com\/agenciabrasil.ebc.com.br\/ebc.gif?ssl=1\"\/><\/noscript><\/p>\n<p>Os Emirados \u00c1rabes anunciaram imediatamente uma contribui\u00e7\u00e3o de US$ 100 milh\u00f5es. Em seguida, a Alemanha tamb\u00e9m anunciou uma contribui\u00e7\u00e3o de US$ 100 milh\u00f5es ao fundo, seguida pelo Jap\u00e3o, que disponibilizou\u00a0US$ 10 milh\u00f5es, e o Reino Unido, US$ 75 milh\u00f5es.<\/p>\n<p>\u201cEntregamos hist\u00f3ria hoje. Esta \u00e9 a primeira vez que uma decis\u00e3o foi adotada no primeiro dia de qualquer COP. E a velocidade com que o fizemos tamb\u00e9m \u00e9 hist\u00f3rica\u201d, afirmou o presidente da COP28, Sultan Al Jaber.<\/p>\n<p>\u201cEsta \u00e9 uma prova de que podemos entregar. A COP28 pode entregar. E, colegas, isso agora estabelece uma ambi\u00e7\u00e3o clara para que possamos apresentar uma decis\u00e3o abrangente nos pr\u00f3ximos 12 dias\u201d, concluiu.<\/p>\n<\/div>\n<footer class=\"penci-entry-footer\"\/><\/div>\n<p><script async src=\"\/\/platform.twitter.com\/widgets.js\" charset=\"utf-8\"><\/script><br \/>\n<br \/><br \/>\n<br \/><a href=\"https:\/\/www.tribunaribeirao.com.br\/site\/cop28-aprova-fundo-climatico-para-paises-vulneraveis\/\">Source link <\/a><\/p>\n<div class='code-block code-block-4' style='margin: 8px auto 8px 0; text-align: left; display: block; clear: both;'>\n\ud83d\udce2 Aviso Legal\n\nO site ismaelcolosi.com.br atua apenas como um canal de divulga\u00e7\u00e3o de oportunidades de emprego e n\u00e3o se responsabiliza pelo processo seletivo, contrata\u00e7\u00e3o ou qualquer outra etapa relacionada \u00e0s vagas publicadas. Todas as informa\u00e7\u00f5es s\u00e3o de responsabilidade dos anunciantes.\n\n\u26a0\ufe0f Aten\u00e7\u00e3o! Nunca pague por promessas de emprego nem compre cursos que garantam contrata\u00e7\u00e3o. Desconfie de qualquer cobran\u00e7a para participar de sele\u00e7\u00f5es.\n\n\n\n<\/div>\n<!-- CONTENT END 1 -->\n","protected":false},"excerpt":{"rendered":"<p>30 de novembro de 2023 | 14:33 0 Em seu primeiro dia, a Confer\u00eancia das Na\u00e7\u00f5es Unidas sobre Mudan\u00e7as Clim\u00e1ticas (COP28),\u00a0realizada\u00a0em Dubai, nos Emirados \u00c1rabes,&#8230;<\/p>\n","protected":false},"author":1,"featured_media":8789,"comment_status":"open","ping_status":"open","sticky":false,"template":"","format":"standard","meta":{"_uag_custom_page_level_css":"","advanced_seo_description":"","jetpack_seo_html_title":"","jetpack_seo_noindex":false,"jetpack_post_was_ever_published":false,"_jetpack_newsletter_access":"","_jetpack_dont_email_post_to_subs":false,"_jetpack_newsletter_tier_id":0,"_jetpack_memberships_contains_paywalled_content":false,"_jetpack_memberships_contains_paid_content":false,"footnotes":"","jetpack_publicize_message":"","jetpack_publicize_feature_enabled":true,"jetpack_social_post_already_shared":true,"jetpack_social_options":{"image_generator_settings":{"template":"highway","default_image_id":0,"font":"","enabled":false},"version":2}},"categories":[11],"tags":[155,1183,1021,1182,1184,71,1185],"class_list":["post-8788","post","type-post","status-publish","format-standard","has-post-thumbnail","hentry","category-noticias-de-ribeirao-preto-sp-e-regiao-ismael-colosi","tag-aprova","tag-climatico","tag-cop28","tag-fundo","tag-paises","tag-para","tag-vulneraveis"],"jetpack_publicize_connections":[],"jetpack_featured_media_url":"https:\/\/i0.wp.com\/ismaelcolosi.com.br\/wp-content\/uploads\/2023\/11\/fundo-scaled.jpg?fit=1000%2C598&ssl=1","uagb_featured_image_src":{"full":["https:\/\/i0.wp.com\/ismaelcolosi.com.br\/wp-content\/uploads\/2023\/11\/fundo-scaled.jpg?fit=1000%2C598&ssl=1",1000,598,false],"thumbnail":["https:\/\/i0.wp.com\/ismaelcolosi.com.br\/wp-content\/uploads\/2023\/11\/fundo-scaled.jpg?resize=150%2C150&ssl=1",150,150,true],"medium":["https:\/\/i0.wp.com\/ismaelcolosi.com.br\/wp-content\/uploads\/2023\/11\/fundo-scaled.jpg?fit=300%2C179&ssl=1",300,179,true],"medium_large":["https:\/\/i0.wp.com\/ismaelcolosi.com.br\/wp-content\/uploads\/2023\/11\/fundo-scaled.jpg?fit=768%2C459&ssl=1",768,459,true],"large":["https:\/\/i0.wp.com\/ismaelcolosi.com.br\/wp-content\/uploads\/2023\/11\/fundo-scaled.jpg?fit=1000%2C598&ssl=1",1000,598,true],"1536x1536":["https:\/\/i0.wp.com\/ismaelcolosi.com.br\/wp-content\/uploads\/2023\/11\/fundo-scaled.jpg?fit=1000%2C598&ssl=1",1000,598,true],"2048x2048":["https:\/\/i0.wp.com\/ismaelcolosi.com.br\/wp-content\/uploads\/2023\/11\/fundo-scaled.jpg?fit=1000%2C598&ssl=1",1000,598,true],"really-simple-thumb":["https:\/\/i0.wp.com\/ismaelcolosi.com.br\/wp-content\/uploads\/2023\/11\/fundo-scaled.jpg?resize=370%2C247&ssl=1",370,247,true]},"uagb_author_info":{"display_name":"ismaelcolosi.com.br","author_link":"https:\/\/ismaelcolosi.com.br\/index.php\/author\/vidareal-online\/"},"uagb_comment_info":0,"uagb_excerpt":"30 de novembro de 2023 | 14:33 0 Em seu primeiro dia, a Confer\u00eancia das Na\u00e7\u00f5es Unidas sobre Mudan\u00e7as Clim\u00e1ticas (COP28),\u00a0realizada\u00a0em Dubai, nos Emirados \u00c1rabes,...","jetpack-related-posts":[{"id":71220,"url":"https:\/\/ismaelcolosi.com.br\/index.php\/2024\/10\/15\/bndes-aprova-r-500-milhoes-para-fabricacao-de-carro-voador-no-interior-de-sp\/","url_meta":{"origin":8788,"position":0},"title":"BNDES aprova R$ 500 milh\u00f5es para fabrica\u00e7\u00e3o de carro voador no interior de SP","author":"ismaelcolosi.com.br","date":"15 de October de 2024","format":false,"excerpt":"O BNDES aprovou financiamento no valor de R$ 500 milh\u00f5es para a Eve (Eve Air Mobility) desenvolver a unidade de produ\u00e7\u00e3o do eVTOL (carro voador). O ve\u00edculo ser\u00e1 produzido na f\u00e1brica da Embraer em Taubat\u00e9, no interior de S\u00e3o Paulo. O financiamento espera uma produ\u00e7\u00e3o de at\u00e9 480 aeronaves por\u2026","rel":"","context":"In &quot;Not\u00edcias de Ribeir\u00e3o Preto-SP e Regi\u00e3o&quot;","block_context":{"text":"Not\u00edcias de Ribeir\u00e3o Preto-SP e Regi\u00e3o","link":"https:\/\/ismaelcolosi.com.br\/index.php\/category\/noticias-de-ribeirao-preto-sp-e-regiao-ismael-colosi\/"},"img":{"alt_text":"","src":"https:\/\/i0.wp.com\/ismaelcolosi.com.br\/wp-content\/uploads\/2024\/07\/carro-voador-3_2024-07-23_12-41-20_jpg_2024-07-23_12-41-21.webp.webp?fit=1200%2C900&ssl=1&resize=350%2C200","width":350,"height":200,"srcset":"https:\/\/i0.wp.com\/ismaelcolosi.com.br\/wp-content\/uploads\/2024\/07\/carro-voador-3_2024-07-23_12-41-20_jpg_2024-07-23_12-41-21.webp.webp?fit=1200%2C900&ssl=1&resize=350%2C200 1x, https:\/\/i0.wp.com\/ismaelcolosi.com.br\/wp-content\/uploads\/2024\/07\/carro-voador-3_2024-07-23_12-41-20_jpg_2024-07-23_12-41-21.webp.webp?fit=1200%2C900&ssl=1&resize=525%2C300 1.5x, https:\/\/i0.wp.com\/ismaelcolosi.com.br\/wp-content\/uploads\/2024\/07\/carro-voador-3_2024-07-23_12-41-20_jpg_2024-07-23_12-41-21.webp.webp?fit=1200%2C900&ssl=1&resize=700%2C400 2x, https:\/\/i0.wp.com\/ismaelcolosi.com.br\/wp-content\/uploads\/2024\/07\/carro-voador-3_2024-07-23_12-41-20_jpg_2024-07-23_12-41-21.webp.webp?fit=1200%2C900&ssl=1&resize=1050%2C600 3x"},"classes":[]},{"id":44561,"url":"https:\/\/ismaelcolosi.com.br\/index.php\/2024\/03\/28\/camara-aprova-loteria-municipal\/","url_meta":{"origin":8788,"position":1},"title":"C\u00e2mara aprova loteria municipal\u00a0 &#8211; Jornal Tribuna Ribeir\u00e3o","author":"ismaelcolosi.com.br","date":"28 de March de 2024","format":false,"excerpt":"28 de mar\u00e7o de 2024 | 14:0028 de mar\u00e7o de 2024 | 12:01 0 A C\u00e2mara de Vereadores aprovou, na sess\u00e3o da \u00faltima ter\u00e7a-feira, 26 de mar\u00e7o, projeto de lei que pretende quer criar, em Ribeir\u00e3o Preto, o servi\u00e7o p\u00fablico de loteria municipal. Apesar da aprova\u00e7\u00e3o, a lei precisa ser\u2026","rel":"","context":"In &quot;Not\u00edcias de Ribeir\u00e3o Preto-SP e Regi\u00e3o&quot;","block_context":{"text":"Not\u00edcias de Ribeir\u00e3o Preto-SP e Regi\u00e3o","link":"https:\/\/ismaelcolosi.com.br\/index.php\/category\/noticias-de-ribeirao-preto-sp-e-regiao-ismael-colosi\/"},"img":{"alt_text":"","src":"https:\/\/i0.wp.com\/ismaelcolosi.com.br\/wp-content\/uploads\/2024\/03\/Loteria-Thaisa-Coroado-Camara.jpg?fit=750%2C500&ssl=1&resize=350%2C200","width":350,"height":200,"srcset":"https:\/\/i0.wp.com\/ismaelcolosi.com.br\/wp-content\/uploads\/2024\/03\/Loteria-Thaisa-Coroado-Camara.jpg?fit=750%2C500&ssl=1&resize=350%2C200 1x, https:\/\/i0.wp.com\/ismaelcolosi.com.br\/wp-content\/uploads\/2024\/03\/Loteria-Thaisa-Coroado-Camara.jpg?fit=750%2C500&ssl=1&resize=525%2C300 1.5x, https:\/\/i0.wp.com\/ismaelcolosi.com.br\/wp-content\/uploads\/2024\/03\/Loteria-Thaisa-Coroado-Camara.jpg?fit=750%2C500&ssl=1&resize=700%2C400 2x"},"classes":[]},{"id":76560,"url":"https:\/\/ismaelcolosi.com.br\/index.php\/2024\/11\/14\/senado-aprova-regulacao-do-mercado-de-carbono\/","url_meta":{"origin":8788,"position":2},"title":"Senado aprova regula\u00e7\u00e3o do mercado de carbono","author":"ismaelcolosi.com.br","date":"14 de November de 2024","format":false,"excerpt":"O Senado aprovou nesta quarta-feira, 13, o projeto de lei de regulamenta\u00e7\u00e3o do mercado de cr\u00e9dito de carbono no Pa\u00eds. A vota\u00e7\u00e3o foi simb\u00f3lica \u2013 ou seja, sem o registro do voto de cada parlamentar. Os senadores ainda analisar\u00e3o destaques feitos ao texto. A vota\u00e7\u00e3o ocorre depois de meses de\u2026","rel":"","context":"In &quot;Not\u00edcias de Ribeir\u00e3o Preto-SP e Regi\u00e3o&quot;","block_context":{"text":"Not\u00edcias de Ribeir\u00e3o Preto-SP e Regi\u00e3o","link":"https:\/\/ismaelcolosi.com.br\/index.php\/category\/noticias-de-ribeirao-preto-sp-e-regiao-ismael-colosi\/"},"img":{"alt_text":"","src":"","width":0,"height":0},"classes":[]},{"id":46249,"url":"https:\/\/ismaelcolosi.com.br\/index.php\/2024\/04\/10\/dpvat-vai-voltar-camara-aprova-projeto-que-recria-o-seguro-obrigatorio\/","url_meta":{"origin":8788,"position":3},"title":"DPVAT vai voltar? C\u00e2mara aprova projeto que recria o seguro obrigat\u00f3rio","author":"ismaelcolosi.com.br","date":"10 de April de 2024","format":false,"excerpt":"A C\u00e2mara dos Deputados aprovou na ter\u00e7a-feira (9) projeto de lei complementar que recria o DPVAT, o seguro para v\u00edtimas de acidentes de tr\u00e2nsito. O projeto \u00e9 de autoria do governo Lula (PT), e muda no nome do seguro para SPVAT (Seguro Obrigat\u00f3rio para Prote\u00e7\u00e3o de V\u00edtimas de Acidentes de\u2026","rel":"","context":"In &quot;Not\u00edcias de Ribeir\u00e3o Preto-SP e Regi\u00e3o&quot;","block_context":{"text":"Not\u00edcias de Ribeir\u00e3o Preto-SP e Regi\u00e3o","link":"https:\/\/ismaelcolosi.com.br\/index.php\/category\/noticias-de-ribeirao-preto-sp-e-regiao-ismael-colosi\/"},"img":{"alt_text":"","src":"https:\/\/i0.wp.com\/ismaelcolosi.com.br\/wp-content\/uploads\/2024\/04\/AnyConv.com__dpvat.webp.webp?fit=1112%2C651&ssl=1&resize=350%2C200","width":350,"height":200,"srcset":"https:\/\/i0.wp.com\/ismaelcolosi.com.br\/wp-content\/uploads\/2024\/04\/AnyConv.com__dpvat.webp.webp?fit=1112%2C651&ssl=1&resize=350%2C200 1x, https:\/\/i0.wp.com\/ismaelcolosi.com.br\/wp-content\/uploads\/2024\/04\/AnyConv.com__dpvat.webp.webp?fit=1112%2C651&ssl=1&resize=525%2C300 1.5x, https:\/\/i0.wp.com\/ismaelcolosi.com.br\/wp-content\/uploads\/2024\/04\/AnyConv.com__dpvat.webp.webp?fit=1112%2C651&ssl=1&resize=700%2C400 2x, https:\/\/i0.wp.com\/ismaelcolosi.com.br\/wp-content\/uploads\/2024\/04\/AnyConv.com__dpvat.webp.webp?fit=1112%2C651&ssl=1&resize=1050%2C600 3x"},"classes":[]},{"id":15404,"url":"https:\/\/ismaelcolosi.com.br\/index.php\/2023\/12\/13\/comissao-aprova-reducao-de-jornada\/","url_meta":{"origin":8788,"position":4},"title":"Comiss\u00e3o aprova redu\u00e7\u00e3o de jornada \u00a0","author":"ismaelcolosi.com.br","date":"13 de December de 2023","format":false,"excerpt":"13 de dezembro de 2023 | 17:0013 de dezembro de 2023 | 9:55 0A Comiss\u00e3o de Assuntos Sociais (CAS) do Senado aprovou, nesta ter\u00e7a-feira (12), por dez votos contra dois, projeto de lei que permite a redu\u00e7\u00e3o da jornada de trabalho sem diminuir o sal\u00e1rio do trabalhador. A proposta, por\u00e9m,\u2026","rel":"","context":"In &quot;Not\u00edcias de Ribeir\u00e3o Preto-SP e Regi\u00e3o&quot;","block_context":{"text":"Not\u00edcias de Ribeir\u00e3o Preto-SP e Regi\u00e3o","link":"https:\/\/ismaelcolosi.com.br\/index.php\/category\/noticias-de-ribeirao-preto-sp-e-regiao-ismael-colosi\/"},"img":{"alt_text":"","src":"https:\/\/i0.wp.com\/ismaelcolosi.com.br\/wp-content\/uploads\/2023\/12\/paulo-paim-scaled.jpg?fit=1000%2C604&ssl=1&resize=350%2C200","width":350,"height":200,"srcset":"https:\/\/i0.wp.com\/ismaelcolosi.com.br\/wp-content\/uploads\/2023\/12\/paulo-paim-scaled.jpg?fit=1000%2C604&ssl=1&resize=350%2C200 1x, https:\/\/i0.wp.com\/ismaelcolosi.com.br\/wp-content\/uploads\/2023\/12\/paulo-paim-scaled.jpg?fit=1000%2C604&ssl=1&resize=525%2C300 1.5x, https:\/\/i0.wp.com\/ismaelcolosi.com.br\/wp-content\/uploads\/2023\/12\/paulo-paim-scaled.jpg?fit=1000%2C604&ssl=1&resize=700%2C400 2x"},"classes":[]},{"id":38903,"url":"https:\/\/ismaelcolosi.com.br\/index.php\/2024\/02\/22\/camara-de-ribeirao-preto-aprova-mocao-contra-lula-entenda\/","url_meta":{"origin":8788,"position":5},"title":"C\u00e2mara de Ribeir\u00e3o Preto aprova mo\u00e7\u00e3o contra Lula; Entenda","author":"ismaelcolosi.com.br","date":"22 de February de 2024","format":false,"excerpt":"A C\u00e2mara de Ribeir\u00e3o Preto aprovou na \u00faltima ter\u00e7a-feira (20) uma mo\u00e7\u00e3o de rep\u00fadio contra o presidente Luiz In\u00e1cio Lula da Silva (PT), por conta das declara\u00e7\u00f5es sobre a guerra entre Israel e o Hamas. A mo\u00e7\u00e3o foi aprovada com13 votos favor\u00e1veis, com 3 votos contr\u00e1rios e uma absten\u00e7\u00e3o \u2013\u2026","rel":"","context":"In &quot;Not\u00edcias de Ribeir\u00e3o Preto-SP e Regi\u00e3o&quot;","block_context":{"text":"Not\u00edcias de Ribeir\u00e3o Preto-SP e Regi\u00e3o","link":"https:\/\/ismaelcolosi.com.br\/index.php\/category\/noticias-de-ribeirao-preto-sp-e-regiao-ismael-colosi\/"},"img":{"alt_text":"","src":"https:\/\/i0.wp.com\/ismaelcolosi.com.br\/wp-content\/uploads\/2024\/02\/lula-1.jpg?fit=1038%2C700&ssl=1&resize=350%2C200","width":350,"height":200,"srcset":"https:\/\/i0.wp.com\/ismaelcolosi.com.br\/wp-content\/uploads\/2024\/02\/lula-1.jpg?fit=1038%2C700&ssl=1&resize=350%2C200 1x, https:\/\/i0.wp.com\/ismaelcolosi.com.br\/wp-content\/uploads\/2024\/02\/lula-1.jpg?fit=1038%2C700&ssl=1&resize=525%2C300 1.5x, https:\/\/i0.wp.com\/ismaelcolosi.com.br\/wp-content\/uploads\/2024\/02\/lula-1.jpg?fit=1038%2C700&ssl=1&resize=700%2C400 2x"},"classes":[]}],"jetpack_sharing_enabled":true,"jetpack_shortlink":"https:\/\/wp.me\/pfMlyK-2hK","_links":{"self":[{"href":"https:\/\/ismaelcolosi.com.br\/index.php\/wp-json\/wp\/v2\/posts\/8788","targetHints":{"allow":["GET"]}}],"collection":[{"href":"https:\/\/ismaelcolosi.com.br\/index.php\/wp-json\/wp\/v2\/posts"}],"about":[{"href":"https:\/\/ismaelcolosi.com.br\/index.php\/wp-json\/wp\/v2\/types\/post"}],"author":[{"embeddable":true,"href":"https:\/\/ismaelcolosi.com.br\/index.php\/wp-json\/wp\/v2\/users\/1"}],"replies":[{"embeddable":true,"href":"https:\/\/ismaelcolosi.com.br\/index.php\/wp-json\/wp\/v2\/comments?post=8788"}],"version-history":[{"count":0,"href":"https:\/\/ismaelcolosi.com.br\/index.php\/wp-json\/wp\/v2\/posts\/8788\/revisions"}],"wp:featuredmedia":[{"embeddable":true,"href":"https:\/\/ismaelcolosi.com.br\/index.php\/wp-json\/wp\/v2\/media\/8789"}],"wp:attachment":[{"href":"https:\/\/ismaelcolosi.com.br\/index.php\/wp-json\/wp\/v2\/media?parent=8788"}],"wp:term":[{"taxonomy":"category","embeddable":true,"href":"https:\/\/ismaelcolosi.com.br\/index.php\/wp-json\/wp\/v2\/categories?post=8788"},{"taxonomy":"post_tag","embeddable":true,"href":"https:\/\/ismaelcolosi.com.br\/index.php\/wp-json\/wp\/v2\/tags?post=8788"}],"curies":[{"name":"wp","href":"https:\/\/api.w.org\/{rel}","templated":true}]}}