{"id":87822,"date":"2025-10-03T05:20:05","date_gmt":"2025-10-03T08:20:05","guid":{"rendered":"https:\/\/ismaelcolosi.com.br\/index.php\/2025\/10\/03\/ceo-dos-studios-da-smart-fit-surfa-no-boom-do-mercado-wellness\/"},"modified":"2025-10-03T05:20:05","modified_gmt":"2025-10-03T08:20:05","slug":"ceo-dos-studios-da-smart-fit-surfa-no-boom-do-mercado-wellness","status":"publish","type":"post","link":"https:\/\/ismaelcolosi.com.br\/index.php\/2025\/10\/03\/ceo-dos-studios-da-smart-fit-surfa-no-boom-do-mercado-wellness\/","title":{"rendered":"CEO dos Studios da Smart Fit Surfa no Boom do Mercado Wellness"},"content":{"rendered":"<p> <br \/>\n<\/p>\n<div>\n<figure class=\"destaque wp-caption\">&#13;<br \/>\n\t\t<img data-recalc-dims=\"1\" width=\"678\" height=\"452\" src=\"https:\/\/i0.wp.com\/forbes.com.br\/wp-content\/uploads\/2025\/10\/mulher-carolina-corona-smart-fit-768x512.jpg?resize=678%2C452&#038;ssl=1\" class=\"attachment-medium_large size-medium_large wp-post-image\" alt=\"carolina corona, diretora da smart fit\" decoding=\"async\" fetchpriority=\"high\"\/>\t\t<\/p>\n<p>Divulga\u00e7\u00e3o<\/p>\n<p>&#13;<figcaption class=\"wp-caption-text\">CEO dos studios da Smart Fit, Carolina Corona lidera sete marcas do grupo, entre elas Race Bootcamp, as rec\u00e9m-adquiridas Kore e Velocity e a ca\u00e7ula, Aera<\/figcaption>&#13;<br \/>\n\t<\/figure>\n<div class=\"accessibility\">\n<p>Acessibilidade<\/p>\n<p>&#13;<br \/>\n\t\t\t<button onclick=\"alterFont1()\" id=\"btn1\" class=\"btn\">L<\/button>&#13;<br \/>\n\t\t\t<button onclick=\"alterFont2()\" id=\"btn2\" class=\"btn\" style=\"font-family:Merriweather\">L<\/button>&#13;<br \/>\n\t\t\t<button onclick=\"alterFontSmallerSize()\" id=\"btn3\" class=\"btn\">A-<\/button>&#13;<br \/>\n\t\t\t<button onclick=\"alterFontBiggerSize()\" id=\"btn4\" class=\"btn\">A+<\/button>&#13;<br \/>\n\t\t\t<!--<button onclick='alterFontBolder()' id='btn5' class=\"btn\" >B<\/button>-->&#13;<br \/>\n\t\t\t<button onclick=\"alterBackground()\" id=\"btn6\" class=\"btn\">\u25d0<\/button>&#13;<br \/>\n\t\t\t<!--<button onclick='clean()' id='btn7' class=\"btn\" >Limpar<\/button>-->&#13;\n\t\t<\/p>\n<\/p><\/div>\n<p>Quando assumiu a lideran\u00e7a dos studios da <strong>Smart Fit<\/strong>, <strong>Ana Carolina Corona<\/strong> voltava do M\u00e9xico, onde havia inaugurado mais de 100 unidades da rede. Era a primeira experi\u00eancia de internacionaliza\u00e7\u00e3o do grupo, que hoje tem 1.818 academias espalhadas por 15 pa\u00edses.<\/p>\n<p>De volta ao Brasil, no fim de 2017, o instinto da executiva era aplicar tudo aquilo que havia aprendido nos \u00faltimos quatro anos. \u201cTive que dar v\u00e1rios passos para tr\u00e1s. Na Smart, o foco \u00e9 expans\u00e3o, pre\u00e7o e tecnologia. Nos studios, \u00e9 individualiza\u00e7\u00e3o, comunidade e, principalmente, o professor.\u201d<\/p>\n<aside>\n<h2>Leia tamb\u00e9m<\/h2>\n<\/aside>\n<p>De l\u00e1 para c\u00e1, liderou a expans\u00e3o dessa unidade de neg\u00f3cios. No in\u00edcio, o grupo testou o modelo dentro da academia <strong>Bio Ritmo<\/strong>. \u201cQueria colocar uma marca na rua, n\u00e3o criar uma aula.\u201d Hoje, s\u00e3o 242 salas abertas das sete marcas sob o seu guarda-chuva: <strong>Race Bootcamp, Vidya, Tonus Gym, Jab House, as rec\u00e9m-adquiridas Kore e Velocity e a ca\u00e7ula, Aera<\/strong> \u2013 que em breve tamb\u00e9m abrigar\u00e1 uma nova marca dedicada \u00e0 recupera\u00e7\u00e3o p\u00f3s-exerc\u00edcio. \u201cO que eu fa\u00e7o? Absolutamente tudo. Do marketing ao financeiro. \u00c9 como se fosse uma empresa separada.\u201d<\/p>\n<p>No primeiro semestre de 2025, a Smart Fit registrou faturamento de R$ 3,49 bilh\u00f5es e lucro l\u00edquido recorrente de R$ 330 milh\u00f5es. \u201cOs studios s\u00e3o relevantes como unidade de neg\u00f3cio, mas dentro do grupo ainda somos pequenos\u201d, diz. O\u00a0peso vai al\u00e9m do caixa. \u201cOs studios representam a <strong>capacidade de inova\u00e7\u00e3o do grupo<\/strong>. Quantas empresas grandes conseguem lan\u00e7ar novas marcas e ser vencedor em v\u00e1rias delas?\u201d<\/p>\n<p>\u00c9 tamb\u00e9m a consolida\u00e7\u00e3o de um ecossistema, que inclui o produto B2B <strong>TotalPass<\/strong> e outras frentes. \u201cQueremos estar presentes em toda a jornada do cliente fitness. \u00c9 um ciclo que se retroalimenta.\u201d<\/p>\n<h2>Trabalho em fam\u00edlia<\/h2>\n<p>Carolina herdou esse esp\u00edrito empreendedor do pai, <strong>Edgard Corona, fundador e CEO da Smart Fit<\/strong>. \u201cMeu pai empreende no mercado fitness desde 1996. Eu era muito nova na \u00e9poca, mas o fitness faz parte da minha vida desde sempre.\u201d<\/p>\n<p>No in\u00edcio da carreira, trabalhar na Smart Fit n\u00e3o estava nos planos da empres\u00e1ria. \u201cQueria ter a <em>minha<\/em> hist\u00f3ria. Meu pai \u00e9 um homem muito forte, e eu, muito jovem, pensava que poderia ficar na sombra dele. Hoje vejo que isso era bobagem.\u201d<\/p>\n<blockquote>\n<p>\u201cO fruto n\u00e3o cai longe da \u00e1rvore. Por mais que voc\u00ea tente se afastar das suas ra\u00edzes, acaba puxando muitas coisas, e comigo n\u00e3o foi diferente. Eu e meu pai somos muito en\u00e9rgicos. Muitas das coisas que ele faz ou \u00e9, eu repito.\u201d<br \/>Carolina Corona<\/p>\n<\/blockquote>\n<p>O irm\u00e3o, Diogo, tamb\u00e9m atua na empresa, como COO e membro do conselho de administra\u00e7\u00e3o. \u201cAprendemos a trabalhar juntos de uma forma muito respeitosa, cada um com seu papel, objetivos e resultados\u201d, diz Carolina. \u201cN\u00e3o tem muito passar a m\u00e3o na cabe\u00e7a. A pior pancada que eu posso tomar com certeza \u00e9 a do meu pai. E \u00e9 a que eu mais tomo\u201d, diz, rindo.<\/p>\n<div id=\"attachment_714972\" class=\"wp-caption alignnone size768 aligncenter style=\" max-width:=\"\"><img data-recalc-dims=\"1\" loading=\"lazy\" decoding=\"async\" class=\"alignnone size-medium wp-image-714972\" src=\"https:\/\/i0.wp.com\/forbes.com.br\/wp-content\/uploads\/2025\/10\/mulher-carolina-corona-smart-fit-aera-768x512.jpg?resize=768%2C512&#038;ssl=1\" alt=\"carolina corona\" width=\"768\" height=\"512\"\/><\/p>\n<p>Divulga\u00e7\u00e3o<\/p>\n<p class=\"wp-caption-text\">Carolina Corona no evento de inaugura\u00e7\u00e3o do Aera Pilates, em setembro, ap\u00f3s o rebranding da marca para se conectar com a gera\u00e7\u00e3o Z<\/p>\n<\/div>\n<h2>Nova Aera<\/h2>\n<p>N\u00e3o \u00e9 de hoje que ela encara o risco de testar, sem medo de errar e dar um passo para tr\u00e1s, se necess\u00e1rio. \u201cJ\u00e1 tive que descontinuar marca, ajustar a rota e reposicionar, como fizemos agora com o pilates.\u201d<\/p>\n<p>Ap\u00f3s uma viagem de pesquisa a Nova York, onde viu o boom dos studios da modalidade, decidiu implementar o modelo no Brasil. Nascia o <strong>One Pilates<\/strong>, no final do ano passado. \u201cPensamos que o p\u00fablico seria de 35 a 40 mais, mas acabou sendo nossa marca mais jovem.\u201d De olho na <strong>gera\u00e7\u00e3o Z<\/strong>, em setembro deste ano veio o <strong>rebranding<\/strong>, com investimento de cerca de R$ 1,5 milh\u00e3o. Novos reformers \u2013 aparelho como uma cama deslizante, com molas e al\u00e7as \u2013, uma aula com mais cara de treino e uma identidade mais jovem, nas cores, no nome e no posicionamento. Rebatizado de <strong>Aera Pilates<\/strong>, j\u00e1 soma 7 salas abertas e 23 unidades em implanta\u00e7\u00e3o. \u201cO Pilates trabalha o corpo todo e busca longevidade, que \u00e9 a palavra da moda.\u201d<\/p>\n<p>O novo formato \u2013 e os olhares da empres\u00e1ria, de maneira geral \u2013 est\u00e3o voltados para esse novo p\u00fablico que valoriza sa\u00fade e bem-estar como nunca antes. \u201cA gera\u00e7\u00e3o Z j\u00e1 pensa em como vai envelhecer. Eles bebem menos, tomam mais vitaminas, se alimentam melhor, se exercitam mais, saem menos. Trazemos o pilates surfando essa onda.\u201d<\/p>\n<h2>Desafio de gest\u00e3o<\/h2>\n<p>Formada em administra\u00e7\u00e3o de empresas pela FGV (Funda\u00e7\u00e3o Getulio Vargas), Carolina Corona trabalhou no <strong>mercado financeiro<\/strong>, na <strong>Endeavor<\/strong> e empreendeu antes de liderar a <strong>expans\u00e3o do grupo no M\u00e9xico<\/strong>, aos 26 anos. \u201cEstava em transi\u00e7\u00e3o de carreira e meu pai come\u00e7ava a internacionaliza\u00e7\u00e3o. Ningu\u00e9m queria ou podia ir para o M\u00e9xico naquele momento. Eu falei \u2018eu vou\u2019. E na primeira viagem, j\u00e1 fui direto ver minha casa.\u201d<\/p>\n<p>A pequena opera\u00e7\u00e3o mexicana era uma joint venture com um s\u00f3cio local. Antes de embarcar, Carolina fez uma imers\u00e3o na cultura e nos processos da Smart Fit. Quando chegou ao M\u00e9xico, n\u00e3o encontrou a companhia que seu pai havia constru\u00eddo. \u201cEra burocr\u00e1tica, hier\u00e1rquica, e a Smart Fit sempre foi muito horizontal\u201d, lembra. \u201cCultura \u00e9 muito dif\u00edcil de mudar. De duas ou uma: ou voc\u00ea faz uma mescla cultural ou demite e contrata tudo de novo.\u201d Ela escolheu o segundo caminho. \u201cComo experi\u00eancia de gest\u00e3o, de cultura, de crescimento pessoal e profissional, o M\u00e9xico foi o maior presente que eu j\u00e1 tive na minha vida.\u201d<\/p>\n<p>N\u00e3o foi o \u00fanico obst\u00e1culo: \u201cEra uma cultura super machista. Uma mulher jovem n\u00e3o tinha vez. Um dos meus maiores desafios foi entender, aceitar e aos poucos ir contornando.\u201d<\/p>\n<h2>Mercado trilion\u00e1rio<\/h2>\n<p>O balan\u00e7o dos \u00faltimos sete anos, com uma <strong>pandemia<\/strong> no meio do caminho, \u00e9 de crescimento, mas ela quer ir al\u00e9m. \u201cTemos um horizonte de expans\u00e3o nos pr\u00f3ximos anos. A ideia \u00e9 <strong>consolidar as marcas no Brasil e tamb\u00e9m crescer fora<\/strong> \u2013 em pa\u00edses onde a gente j\u00e1 est\u00e1, como Guatemala, Portugal e Espanha, e avaliar outras geografias.\u201d<\/p>\n<p>A nova fase dos studios tamb\u00e9m envolve a sua imagem pessoal nas redes sociais. \u201cAs pessoas se conectam com as marcas por causa de quem est\u00e1 por tr\u00e1s. Isso reverbera nos neg\u00f3cios.\u201d<\/p>\n<blockquote>\n<p>\u201cOs studios s\u00e3o um neg\u00f3cio de comunidade, assim como as redes sociais. Estamos falando basicamente da mesma coisa.\u201d<br \/>Carolina Corona<\/p>\n<\/blockquote>\n<p>Carolina n\u00e3o se considera influencer e at\u00e9 recusa convites para publicidade, mas aproxima naturalmente as marcas que lidera do seu cotidiano. \u201cSou uma pessoa extremamente focada em sa\u00fade e apaixonada por esse mercado.\u201d No meio da rotina corporativa, at\u00e9 o treino vira trabalho. \u201cTenho um perfil mais controlador, mas quando eu confio, eu delego. Tenho regras muito claras para ter momentos com as minhas filhas. Desligo o celular e ningu\u00e9m fala comigo.\u201d<\/p>\n<p>Com a proje\u00e7\u00e3o de<a href=\"https:\/\/globalwellnessinstitute.org\/press-room\/press-releases\/the-global-wellness-economy-reaches-a-new-peak-of-6-3-trillion-and-is-forecast-to-hit-9-trillion-by-2028\/\" target=\"_blank\" rel=\"noopener\"> crescimento do mercado global de wellness, que deve atingir US$ 9 trilh\u00f5es at\u00e9 2028<\/a>, ela acredita que o jogo ser\u00e1 cada vez mais competitivo. \u201cO brasileiro \u00e9 muito exigente quando se trata de academia porque a nossa oferta \u00e9 muito boa em compara\u00e7\u00e3o ao que existe l\u00e1 fora. Quem faz muito bem vai ficar.\u201d<\/p>\n<aside>\n<h2>Escolhas do editor<\/h2>\n<\/aside>\n<div class=\"follow-us\">Siga o canal da <a href=\"https:\/\/whatsapp.com\/channel\/0029Va9gQKwBFLgM96cJnu0u\" target=\"_blank\" rel=\"noopener noreferrer nofollow\" title=\"Grupo da Forbes no WhatsApp\">Forbes<\/a> no WhatsApp e receba as principais not\u00edcias de empreendedorismo, carreira, tecnologia, agro e lifestyle.<\/div>\n<\/p><\/div>\n<p><script data-debloat-delay=\"1\" type=\"text\/debloat-script\">\n\t\t\t\t(function(d, s, id){\n\t\t\t\t\tvar js, fjs = d.getElementsByTagName(s)[0];\n\t\t\t\t\tif (d.getElementById(id)) return;\n\t\t\t\t\tjs = d.createElement(s); js.id = id;\n\t\t\t\t\tjs.src = \"\/\/connect.facebook.net\/pt_BR\/sdk.js#xfbml=1&version=v2.9\";\n\t\t\t\t\tfjs.parentNode.insertBefore(js, fjs);\n\t\t\t\t}(document, 'script', 'facebook-jssdk'));\n\t\t\t<\/script><br \/>\n<br \/><br \/>\n<br \/><a href=\"https:\/\/forbes.com.br\/carreira\/2025\/10\/diretora-dos-studios-da-smart-fit-surfa-no-boom-do-mercado-wellness\/\">Source link <\/a><\/p>\n<div class='code-block code-block-4' style='margin: 8px auto 8px 0; text-align: left; display: block; clear: both;'>\n\ud83d\udce2 Aviso Legal\n\nO site ismaelcolosi.com.br atua apenas como um canal de divulga\u00e7\u00e3o de oportunidades de emprego e n\u00e3o se responsabiliza pelo processo seletivo, contrata\u00e7\u00e3o ou qualquer outra etapa relacionada \u00e0s vagas publicadas. Todas as informa\u00e7\u00f5es s\u00e3o de responsabilidade dos anunciantes.\n\n\u26a0\ufe0f Aten\u00e7\u00e3o! Nunca pague por promessas de emprego nem compre cursos que garantam contrata\u00e7\u00e3o. Desconfie de qualquer cobran\u00e7a para participar de sele\u00e7\u00f5es.\n\n\n\n<\/div>\n<!-- CONTENT END 1 -->\n","protected":false},"excerpt":{"rendered":"<p>&#13; Divulga\u00e7\u00e3o &#13;CEO dos studios da Smart Fit, Carolina Corona lidera sete marcas do grupo, entre elas Race Bootcamp, as rec\u00e9m-adquiridas Kore e Velocity e&#8230;<\/p>\n","protected":false},"author":1,"featured_media":87823,"comment_status":"","ping_status":"open","sticky":false,"template":"","format":"standard","meta":{"_uag_custom_page_level_css":"","advanced_seo_description":"","jetpack_seo_html_title":"","jetpack_seo_noindex":false,"jetpack_post_was_ever_published":false,"_jetpack_newsletter_access":"","_jetpack_dont_email_post_to_subs":false,"_jetpack_newsletter_tier_id":0,"_jetpack_memberships_contains_paywalled_content":false,"_jetpack_memberships_contains_paid_content":false,"footnotes":"","jetpack_publicize_message":"","jetpack_publicize_feature_enabled":true,"jetpack_social_post_already_shared":true,"jetpack_social_options":{"image_generator_settings":{"template":"highway","default_image_id":0,"font":"","enabled":false},"version":2}},"categories":[1964],"tags":[],"class_list":["post-87822","post","type-post","status-publish","format-standard","has-post-thumbnail","hentry","category-carreira-e-sucesso-dicas-para-carreira"],"jetpack_publicize_connections":[],"jetpack_featured_media_url":"https:\/\/i0.wp.com\/ismaelcolosi.com.br\/wp-content\/uploads\/2025\/10\/1759479605_mulher-carolina-corona-smart-fit-1200x675.jpg?fit=1200%2C675&ssl=1","uagb_featured_image_src":{"full":["https:\/\/i0.wp.com\/ismaelcolosi.com.br\/wp-content\/uploads\/2025\/10\/1759479605_mulher-carolina-corona-smart-fit-1200x675.jpg?fit=1200%2C675&ssl=1",1200,675,false],"thumbnail":["https:\/\/i0.wp.com\/ismaelcolosi.com.br\/wp-content\/uploads\/2025\/10\/1759479605_mulher-carolina-corona-smart-fit-1200x675.jpg?resize=150%2C150&ssl=1",150,150,true],"medium":["https:\/\/i0.wp.com\/ismaelcolosi.com.br\/wp-content\/uploads\/2025\/10\/1759479605_mulher-carolina-corona-smart-fit-1200x675.jpg?fit=300%2C169&ssl=1",300,169,true],"medium_large":["https:\/\/i0.wp.com\/ismaelcolosi.com.br\/wp-content\/uploads\/2025\/10\/1759479605_mulher-carolina-corona-smart-fit-1200x675.jpg?fit=768%2C432&ssl=1",768,432,true],"large":["https:\/\/i0.wp.com\/ismaelcolosi.com.br\/wp-content\/uploads\/2025\/10\/1759479605_mulher-carolina-corona-smart-fit-1200x675.jpg?fit=1024%2C576&ssl=1",1024,576,true],"1536x1536":["https:\/\/i0.wp.com\/ismaelcolosi.com.br\/wp-content\/uploads\/2025\/10\/1759479605_mulher-carolina-corona-smart-fit-1200x675.jpg?fit=1200%2C675&ssl=1",1200,675,true],"2048x2048":["https:\/\/i0.wp.com\/ismaelcolosi.com.br\/wp-content\/uploads\/2025\/10\/1759479605_mulher-carolina-corona-smart-fit-1200x675.jpg?fit=1200%2C675&ssl=1",1200,675,true],"really-simple-thumb":["https:\/\/i0.wp.com\/ismaelcolosi.com.br\/wp-content\/uploads\/2025\/10\/1759479605_mulher-carolina-corona-smart-fit-1200x675.jpg?resize=370%2C247&ssl=1",370,247,true]},"uagb_author_info":{"display_name":"ismaelcolosi.com.br","author_link":"https:\/\/ismaelcolosi.com.br\/index.php\/author\/vidareal-online\/"},"uagb_comment_info":0,"uagb_excerpt":"&#13; Divulga\u00e7\u00e3o &#13;CEO dos studios da Smart Fit, Carolina Corona lidera sete marcas do grupo, entre elas Race Bootcamp, as rec\u00e9m-adquiridas Kore e Velocity e...","jetpack-related-posts":[{"id":87801,"url":"https:\/\/ismaelcolosi.com.br\/index.php\/2025\/10\/02\/diretora-dos-studios-da-smart-fit-surfa-no-boom-do-mercado-wellness\/","url_meta":{"origin":87822,"position":0},"title":"Diretora dos Studios da Smart Fit Surfa no Boom do Mercado Wellness","author":"ismaelcolosi.com.br","date":"2 de October de 2025","format":false,"excerpt":"\r Divulga\u00e7\u00e3o\r Diretora dos studios da Smart Fit, Carolina Corona lidera sete marcas, como Race Bootcamp, as rec\u00e9m-adquiridas Kore e Velocity e a ca\u00e7ula Aera\r Acessibilidade \r L\r L\r A-\r A+\r \r \u25d0\r \r Quando assumiu a lideran\u00e7a dos studios da Smart Fit, Ana Carolina Corona voltava do M\u00e9xico, onde\u2026","rel":"","context":"In &quot;Carreira e Sucesso&quot;","block_context":{"text":"Carreira e Sucesso","link":"https:\/\/ismaelcolosi.com.br\/index.php\/category\/carreira-e-sucesso-dicas-para-carreira\/"},"img":{"alt_text":"","src":"https:\/\/i0.wp.com\/ismaelcolosi.com.br\/wp-content\/uploads\/2025\/10\/mulher-carolina-corona-smart-fit-1200x675.jpg?fit=1200%2C675&ssl=1&resize=350%2C200","width":350,"height":200,"srcset":"https:\/\/i0.wp.com\/ismaelcolosi.com.br\/wp-content\/uploads\/2025\/10\/mulher-carolina-corona-smart-fit-1200x675.jpg?fit=1200%2C675&ssl=1&resize=350%2C200 1x, https:\/\/i0.wp.com\/ismaelcolosi.com.br\/wp-content\/uploads\/2025\/10\/mulher-carolina-corona-smart-fit-1200x675.jpg?fit=1200%2C675&ssl=1&resize=525%2C300 1.5x, https:\/\/i0.wp.com\/ismaelcolosi.com.br\/wp-content\/uploads\/2025\/10\/mulher-carolina-corona-smart-fit-1200x675.jpg?fit=1200%2C675&ssl=1&resize=700%2C400 2x, https:\/\/i0.wp.com\/ismaelcolosi.com.br\/wp-content\/uploads\/2025\/10\/mulher-carolina-corona-smart-fit-1200x675.jpg?fit=1200%2C675&ssl=1&resize=1050%2C600 3x"},"classes":[]},{"id":87926,"url":"https:\/\/ismaelcolosi.com.br\/index.php\/2025\/10\/14\/forbes-reune-liderancas-e-premia-melhores-ceos-do-brasil\/","url_meta":{"origin":87822,"position":1},"title":"Forbes Re\u00fane Lideran\u00e7as e Premia Melhores CEOs do Brasil","author":"ismaelcolosi.com.br","date":"14 de October de 2025","format":false,"excerpt":"\r Jo\u00e3o Sal\r Antonio e Katarina Camarotti (ao centro) com os homenageados da lista Forbes Melhores CEOs 2025 durante evento em S\u00e3o Paulo\r A Forbes reuniu lideran\u00e7as de diferentes segmentos para celebrar os homenageados da lista anual dos Melhores CEOs do Brasil nesta ter\u00e7a-feira (14). O almo\u00e7o no Pal\u00e1cio Tangar\u00e1\u2026","rel":"","context":"In &quot;Carreira e Sucesso&quot;","block_context":{"text":"Carreira e Sucesso","link":"https:\/\/ismaelcolosi.com.br\/index.php\/category\/carreira-e-sucesso-dicas-para-carreira\/"},"img":{"alt_text":"","src":"https:\/\/i0.wp.com\/ismaelcolosi.com.br\/wp-content\/uploads\/2025\/10\/forbes-melhores-ceos-2025-1200x675.jpg?fit=1200%2C675&ssl=1&resize=350%2C200","width":350,"height":200,"srcset":"https:\/\/i0.wp.com\/ismaelcolosi.com.br\/wp-content\/uploads\/2025\/10\/forbes-melhores-ceos-2025-1200x675.jpg?fit=1200%2C675&ssl=1&resize=350%2C200 1x, https:\/\/i0.wp.com\/ismaelcolosi.com.br\/wp-content\/uploads\/2025\/10\/forbes-melhores-ceos-2025-1200x675.jpg?fit=1200%2C675&ssl=1&resize=525%2C300 1.5x, https:\/\/i0.wp.com\/ismaelcolosi.com.br\/wp-content\/uploads\/2025\/10\/forbes-melhores-ceos-2025-1200x675.jpg?fit=1200%2C675&ssl=1&resize=700%2C400 2x, https:\/\/i0.wp.com\/ismaelcolosi.com.br\/wp-content\/uploads\/2025\/10\/forbes-melhores-ceos-2025-1200x675.jpg?fit=1200%2C675&ssl=1&resize=1050%2C600 3x"},"classes":[]},{"id":88196,"url":"https:\/\/ismaelcolosi.com.br\/index.php\/2025\/11\/10\/como-edgard-corona-transformou-a-smart-fit-na-maior-rede-de-academias-da-america-latina\/","url_meta":{"origin":87822,"position":2},"title":"Como Edgard Corona Transformou a Smart Fit na Maior Rede de Academias da Am\u00e9rica Latina","author":"ismaelcolosi.com.br","date":"10 de November de 2025","format":false,"excerpt":"\r Diego Mello\r CEO da Smart Fit, Edgard Corona levou seu neg\u00f3cio para quase todos os pa\u00edses da Am\u00e9rica Latina e tamb\u00e9m para o Marrocos\r Acessibilidade \r L\r L\r A-\r A+\r \r \u25d0\r \r Ao relembrar suas trajet\u00f3rias, muitos CEOs recorrem a uma figura de linguagem e afirmam que escolheram\u2026","rel":"","context":"In &quot;Carreira e Sucesso&quot;","block_context":{"text":"Carreira e Sucesso","link":"https:\/\/ismaelcolosi.com.br\/index.php\/category\/carreira-e-sucesso-dicas-para-carreira\/"},"img":{"alt_text":"","src":"https:\/\/i0.wp.com\/ismaelcolosi.com.br\/wp-content\/uploads\/2025\/11\/Edgard-Corona-1200x675.jpg?fit=1200%2C675&ssl=1&resize=350%2C200","width":350,"height":200,"srcset":"https:\/\/i0.wp.com\/ismaelcolosi.com.br\/wp-content\/uploads\/2025\/11\/Edgard-Corona-1200x675.jpg?fit=1200%2C675&ssl=1&resize=350%2C200 1x, https:\/\/i0.wp.com\/ismaelcolosi.com.br\/wp-content\/uploads\/2025\/11\/Edgard-Corona-1200x675.jpg?fit=1200%2C675&ssl=1&resize=525%2C300 1.5x, https:\/\/i0.wp.com\/ismaelcolosi.com.br\/wp-content\/uploads\/2025\/11\/Edgard-Corona-1200x675.jpg?fit=1200%2C675&ssl=1&resize=700%2C400 2x, https:\/\/i0.wp.com\/ismaelcolosi.com.br\/wp-content\/uploads\/2025\/11\/Edgard-Corona-1200x675.jpg?fit=1200%2C675&ssl=1&resize=1050%2C600 3x"},"classes":[]},{"id":89109,"url":"https:\/\/ismaelcolosi.com.br\/index.php\/2026\/02\/11\/fundador-da-smart-fit-deixa-o-cargo-de-ceo-e-passa-bastao-para-o-filho\/","url_meta":{"origin":87822,"position":3},"title":"Fundador da Smart Fit Deixa o Cargo de CEO e Passa Bast\u00e3o para o Filho","author":"ismaelcolosi.com.br","date":"11 de February de 2026","format":false,"excerpt":"O conselho de administra\u00e7\u00e3o da Smart Fit aprovou na ter\u00e7a-feira (10) a substitui\u00e7\u00e3o do presidente-executivo e do diretor financeiro da companhia, segundo documentos enviados ao mercado. Para o lugar de Edgard Corona na presid\u00eancia-executiva, o conselho da rede de academias de gin\u00e1sticas aprovou a indica\u00e7\u00e3o de Diogo Corona, filho do\u2026","rel":"","context":"In &quot;Carreira e Sucesso&quot;","block_context":{"text":"Carreira e Sucesso","link":"https:\/\/ismaelcolosi.com.br\/index.php\/category\/carreira-e-sucesso-dicas-para-carreira\/"},"img":{"alt_text":"","src":"https:\/\/i0.wp.com\/ismaelcolosi.com.br\/wp-content\/uploads\/2026\/02\/carreira-edgard-corona-smart-fit-1200x675.jpg?fit=1200%2C675&ssl=1&resize=350%2C200","width":350,"height":200,"srcset":"https:\/\/i0.wp.com\/ismaelcolosi.com.br\/wp-content\/uploads\/2026\/02\/carreira-edgard-corona-smart-fit-1200x675.jpg?fit=1200%2C675&ssl=1&resize=350%2C200 1x, https:\/\/i0.wp.com\/ismaelcolosi.com.br\/wp-content\/uploads\/2026\/02\/carreira-edgard-corona-smart-fit-1200x675.jpg?fit=1200%2C675&ssl=1&resize=525%2C300 1.5x, https:\/\/i0.wp.com\/ismaelcolosi.com.br\/wp-content\/uploads\/2026\/02\/carreira-edgard-corona-smart-fit-1200x675.jpg?fit=1200%2C675&ssl=1&resize=700%2C400 2x, https:\/\/i0.wp.com\/ismaelcolosi.com.br\/wp-content\/uploads\/2026\/02\/carreira-edgard-corona-smart-fit-1200x675.jpg?fit=1200%2C675&ssl=1&resize=1050%2C600 3x"},"classes":[]},{"id":87691,"url":"https:\/\/ismaelcolosi.com.br\/index.php\/2025\/09\/25\/quem-sao-os-10-melhores-ceos-do-brasil-2\/","url_meta":{"origin":87822,"position":4},"title":"Quem S\u00e3o os 10 Melhores CEOs do Brasil","author":"ismaelcolosi.com.br","date":"25 de September de 2025","format":false,"excerpt":"\r Victor Affaro\r Edgard Corona, CEO da Smart Fit, \u00e9 capa da edi\u00e7\u00e3o 134 da Forbes Brasil\r Acessibilidade \r L\r L\r A-\r A+\r \r \u25d0\r \r Os perfis, as forma\u00e7\u00f5es, as trajet\u00f3rias e as experi\u00eancias variam. S\u00e3o t\u00edmidos ou extrovertidos, intuitivos ou racionais, corporais ou intelectuais. Por\u00e9m, os homens e\u2026","rel":"","context":"In &quot;Carreira e Sucesso&quot;","block_context":{"text":"Carreira e Sucesso","link":"https:\/\/ismaelcolosi.com.br\/index.php\/category\/carreira-e-sucesso-dicas-para-carreira\/"},"img":{"alt_text":"","src":"https:\/\/i0.wp.com\/ismaelcolosi.com.br\/wp-content\/uploads\/2025\/09\/carreira-melhores-ceos-edgard-corona-smart-fit-1200x675.jpg?fit=1200%2C675&ssl=1&resize=350%2C200","width":350,"height":200,"srcset":"https:\/\/i0.wp.com\/ismaelcolosi.com.br\/wp-content\/uploads\/2025\/09\/carreira-melhores-ceos-edgard-corona-smart-fit-1200x675.jpg?fit=1200%2C675&ssl=1&resize=350%2C200 1x, https:\/\/i0.wp.com\/ismaelcolosi.com.br\/wp-content\/uploads\/2025\/09\/carreira-melhores-ceos-edgard-corona-smart-fit-1200x675.jpg?fit=1200%2C675&ssl=1&resize=525%2C300 1.5x, https:\/\/i0.wp.com\/ismaelcolosi.com.br\/wp-content\/uploads\/2025\/09\/carreira-melhores-ceos-edgard-corona-smart-fit-1200x675.jpg?fit=1200%2C675&ssl=1&resize=700%2C400 2x, https:\/\/i0.wp.com\/ismaelcolosi.com.br\/wp-content\/uploads\/2025\/09\/carreira-melhores-ceos-edgard-corona-smart-fit-1200x675.jpg?fit=1200%2C675&ssl=1&resize=1050%2C600 3x"},"classes":[]},{"id":87687,"url":"https:\/\/ismaelcolosi.com.br\/index.php\/2025\/09\/25\/lista-forbes-melhores-ceos-do-brasil-2025-e-destaque-da-nova-edicao-da-revista\/","url_meta":{"origin":87822,"position":5},"title":"Lista Forbes Melhores CEOs do Brasil 2025 \u00c9 Destaque da Nova Edi\u00e7\u00e3o da Revista","author":"ismaelcolosi.com.br","date":"25 de September de 2025","format":false,"excerpt":"\r Foto: Diego Mello\r Edgard Corona, CEO da Smart Fit, \u00e9 capa da edi\u00e7\u00e3o 134 da Forbes Brasil\r Acessibilidade \r L\r L\r A-\r A+\r \r \u25d0\r \r A edi\u00e7\u00e3o 134 da Forbes Brasil, que traz a Lista Forbes Melhores CEOs do Brasil 2025, j\u00e1 est\u00e1 dispon\u00edvel no app da Forbes.\u2026","rel":"","context":"In &quot;Carreira e Sucesso&quot;","block_context":{"text":"Carreira e Sucesso","link":"https:\/\/ismaelcolosi.com.br\/index.php\/category\/carreira-e-sucesso-dicas-para-carreira\/"},"img":{"alt_text":"","src":"https:\/\/i0.wp.com\/ismaelcolosi.com.br\/wp-content\/uploads\/2025\/09\/IMG_1371-1200x675.jpg?fit=1200%2C675&ssl=1&resize=350%2C200","width":350,"height":200,"srcset":"https:\/\/i0.wp.com\/ismaelcolosi.com.br\/wp-content\/uploads\/2025\/09\/IMG_1371-1200x675.jpg?fit=1200%2C675&ssl=1&resize=350%2C200 1x, https:\/\/i0.wp.com\/ismaelcolosi.com.br\/wp-content\/uploads\/2025\/09\/IMG_1371-1200x675.jpg?fit=1200%2C675&ssl=1&resize=525%2C300 1.5x, https:\/\/i0.wp.com\/ismaelcolosi.com.br\/wp-content\/uploads\/2025\/09\/IMG_1371-1200x675.jpg?fit=1200%2C675&ssl=1&resize=700%2C400 2x, https:\/\/i0.wp.com\/ismaelcolosi.com.br\/wp-content\/uploads\/2025\/09\/IMG_1371-1200x675.jpg?fit=1200%2C675&ssl=1&resize=1050%2C600 3x"},"classes":[]}],"jetpack_sharing_enabled":true,"jetpack_shortlink":"https:\/\/wp.me\/pfMlyK-mQu","_links":{"self":[{"href":"https:\/\/ismaelcolosi.com.br\/index.php\/wp-json\/wp\/v2\/posts\/87822","targetHints":{"allow":["GET"]}}],"collection":[{"href":"https:\/\/ismaelcolosi.com.br\/index.php\/wp-json\/wp\/v2\/posts"}],"about":[{"href":"https:\/\/ismaelcolosi.com.br\/index.php\/wp-json\/wp\/v2\/types\/post"}],"author":[{"embeddable":true,"href":"https:\/\/ismaelcolosi.com.br\/index.php\/wp-json\/wp\/v2\/users\/1"}],"replies":[{"embeddable":true,"href":"https:\/\/ismaelcolosi.com.br\/index.php\/wp-json\/wp\/v2\/comments?post=87822"}],"version-history":[{"count":0,"href":"https:\/\/ismaelcolosi.com.br\/index.php\/wp-json\/wp\/v2\/posts\/87822\/revisions"}],"wp:featuredmedia":[{"embeddable":true,"href":"https:\/\/ismaelcolosi.com.br\/index.php\/wp-json\/wp\/v2\/media\/87823"}],"wp:attachment":[{"href":"https:\/\/ismaelcolosi.com.br\/index.php\/wp-json\/wp\/v2\/media?parent=87822"}],"wp:term":[{"taxonomy":"category","embeddable":true,"href":"https:\/\/ismaelcolosi.com.br\/index.php\/wp-json\/wp\/v2\/categories?post=87822"},{"taxonomy":"post_tag","embeddable":true,"href":"https:\/\/ismaelcolosi.com.br\/index.php\/wp-json\/wp\/v2\/tags?post=87822"}],"curies":[{"name":"wp","href":"https:\/\/api.w.org\/{rel}","templated":true}]}}