{"id":87813,"date":"2025-10-02T15:04:20","date_gmt":"2025-10-02T18:04:20","guid":{"rendered":"https:\/\/ismaelcolosi.com.br\/?p=87813"},"modified":"2025-10-02T15:04:20","modified_gmt":"2025-10-02T18:04:20","slug":"oportunidades-em-diversas-areas-acougueiro-padaria-rotisserie-e-commerce-hortifruti-e-jovem-aprendiz-com-beneficios-exclusivos","status":"publish","type":"post","link":"https:\/\/ismaelcolosi.com.br\/index.php\/2025\/10\/02\/oportunidades-em-diversas-areas-acougueiro-padaria-rotisserie-e-commerce-hortifruti-e-jovem-aprendiz-com-beneficios-exclusivos\/","title":{"rendered":"Oportunidades em Diversas \u00c1reas: A\u00e7ougueiro, Padaria, Rotisserie, E-commerce, Hortifruti e Jovem Aprendiz com Benef\u00edcios Exclusivos!"},"content":{"rendered":"<h3>\ud83d\uded2 <strong>Oportunidades de Emprego em Ribeir\u00e3o Preto<\/strong><\/h3>\n<p>Estamos contratando para diversas \u00e1reas! Se voc\u00ea busca crescimento profissional em uma empresa s\u00f3lida e reconhecida, confira as vagas dispon\u00edveis:<\/p>\n<p><strong>\ud83d\udccc Vagas dispon\u00edveis:<\/strong><\/p>\n<ul>\n<li>A\u00e7ougueiro(a)<\/li>\n<li>Operador de Loja II \u2013 Rotisserie<\/li>\n<li>Operador de Loja II \u2013 Padaria<\/li>\n<li>Operador de E-commerce<\/li>\n<li>Jovem Aprendiz<\/li>\n<li>Operador de Loja \u2013 Hortifruti<\/li>\n<\/ul>\n<p><strong>\ud83d\udcbc Benef\u00edcios oferecidos:<\/strong><\/p>\n<ul>\n<li>Sal\u00e1rio conforme categoria<\/li>\n<li>Vale-transporte (VT)<\/li>\n<li>Vale-refei\u00e7\u00e3o (VR)<\/li>\n<li>Conv\u00eanio m\u00e9dico<\/li>\n<li>Conv\u00eanio odontol\u00f3gico<\/li>\n<li>GYPass \/ TotalPass<\/li>\n<li>Seguro de vida<\/li>\n<li>Plano de carreira<\/li>\n<\/ul>\n<p><strong>\ud83d\udd52 Requisitos:<\/strong><\/p>\n<ul>\n<li>Disponibilidade de hor\u00e1rio<\/li>\n<\/ul>\n<p><strong>\ud83d\udce8 Como se candidatar:<\/strong> Envie seu curr\u00edculo para: <a href=\"https:\/\/otieu.com\/4\/9273740\"><strong>danielle.ribeiro@gpabr.com<\/strong><\/a><\/p>\n<hr \/>\n<p><span style=\"font-size: 12pt;\"><strong>Confira outras vaga aqui:<\/strong><\/span><br \/>\n<span style=\"font-size: 12pt;\">\u00a0*Auxiliar Administrativo* e de Faturamento R$ 2.500,00<\/span><br \/>\n<span style=\"font-size: 12pt;\">Cadastrar curr\u00edculo aqui:\u00a0<a href=\"https:\/\/forms.gle\/LPwsb65mhv3jnzXg8\">https:\/\/forms.gle\/LPwsb65mhv3jnzXg8<\/a><\/span><\/p>\n<p><span style=\"font-size: 12pt;\">\u00a0*Est\u00e1gio de Log\u00edstica*<\/span><br \/>\n<span style=\"font-size: 12pt;\">Cadastrar curr\u00edculo aqui:\u00a0<a href=\"https:\/\/forms.gle\/JAiUWqkWEGQEHV6dA\">https:\/\/forms.gle\/JAiUWqkWEGQEHV6dA<\/a><\/span><\/p>\n<p><span style=\"font-size: 12pt;\">\u00a0*Operador de Produ\u00e7\u00e3o* \u2013 R$ 2.800,00<\/span><br \/>\n<span style=\"font-size: 12pt;\">Cadastrar curr\u00edculo aqui:\u00a0<a href=\"https:\/\/forms.gle\/zDQ8xWzzAehdQcT4A\">https:\/\/forms.gle\/zDQ8xWzzAehdQcT4A<\/a><\/span><\/p>\n<p><span style=\"font-size: 12pt;\">\u00a0*Vendedor(a)\/Consultor(a) de Vendas* \u2013 R$ 2.000<\/span><br \/>\n<span style=\"font-size: 12pt;\">Cadastrar curr\u00edculo aqui:\u00a0<a href=\"https:\/\/forms.gle\/ufULrkLBSeKuRMqx5\">https:\/\/forms.gle\/ufULrkLBSeKuRMqx5<\/a><\/span><\/p>\n<p><span style=\"font-size: 12pt;\">\u00a0T\u00e9cnico em Manuten\u00e7\u00e3o R$ 1.600 a 3.500<\/span><br \/>\n<span style=\"font-size: 12pt;\">Cadastrar curr\u00edculo aqui: https:\/\/forms.gle\/FvWwydQxu4Wwqq3aA<\/span><\/p>\n<p><span style=\"font-size: 12pt;\">\u00a0*Consultor (a) de LOCA\u00c7\u00c3O* \u2013 R$ 2.000,00<\/span><br \/>\n<span style=\"font-size: 12pt;\">Cadastrar curr\u00edculo aqui:\u00a0<a href=\"https:\/\/forms.gle\/57nT9fzq9xUWS8mA9\">https:\/\/forms.gle\/57nT9fzq9xUWS8mA9<\/a><\/span><\/p>\n<p><span style=\"font-size: 12pt;\">\u00a0*Auxiliar de Cozinheira* \u2013 R$ 2.000,00<\/span><br \/>\n<span style=\"font-size: 12pt;\">Cadastrar curr\u00edculo aqui:\u00a0<a href=\"https:\/\/wa.me\/5516991268411\">https:\/\/wa.me\/5516991268411<\/a><\/span><\/p>\n<p><span style=\"font-size: 12pt;\">\u00a0*Carregador de Frutas, Verduras e Legumes* \u2013 R$ 1.750,00 (CLT)<\/span><br \/>\n<span style=\"font-size: 12pt;\">Cadastrar curr\u00edculo aqui:\u00a0<a href=\"https:\/\/wa.me\/5516991268411\">https:\/\/wa.me\/5516991268411<\/a><\/span><\/p>\n<p><span style=\"font-size: 12pt;\">\u00a0*Assistente de Montagem* \u2013 R$ 1.800,00 (SEM EXPERI\u00caNCIA)<\/span><br \/>\n<span style=\"font-size: 12pt;\">Cadastrar curr\u00edculo aqui:\u00a0<a href=\"https:\/\/forms.gle\/19ug8Hc29nRB1C8t7\">https:\/\/forms.gle\/19ug8Hc29nRB1C8t7<\/a><\/span><\/p>\n<p><span style=\"font-size: 12pt;\">\u00a0*Analista Cont\u00e1bil *R$ 3.200,00*<\/span><br \/>\n<span style=\"font-size: 12pt;\">Cadastrar curr\u00edculo aqui:\u00a0<a href=\"https:\/\/forms.gle\/EM1Z5SgSbkaK91WA8\">https:\/\/forms.gle\/EM1Z5SgSbkaK91WA8<\/a><\/span><\/p>\n<p><span style=\"font-size: 12pt;\">\u00a0*Designer Gr\u00e1fico\/Atendimento* R$ 2.000<\/span><br \/>\n<span style=\"font-size: 12pt;\">Cadastrar curr\u00edculo aqui:\u00a0<a href=\"https:\/\/forms.gle\/vq2fknFJa4PW1kWf9\">https:\/\/forms.gle\/vq2fknFJa4PW1kWf9<\/a><\/span><\/p>\n<p><span style=\"font-size: 12pt;\">\u00a0*Executivo de Contas* +R$2.000<\/span><br \/>\n<span style=\"font-size: 12pt;\">Cadastrar curr\u00edculo aqui:\u00a0<a href=\"https:\/\/forms.gle\/CemMGJJRnWfUFL6D8\">https:\/\/forms.gle\/CemMGJJRnWfUFL6D8<\/a><\/span><\/p>\n<p><span style=\"font-size: 12pt;\">\u00a0*Vendedor(a) \u2013 Est\u00e9tica Automotiva* 2.000,00 +Comiss\u00e3o:<\/span><br \/>\n<span style=\"font-size: 12pt;\">Cadastrar curr\u00edculo aqui:\u00a0<a href=\"https:\/\/forms.gle\/iGSQxLPWjEAwfZp5A\">https:\/\/forms.gle\/iGSQxLPWjEAwfZp5A<\/a><\/span><\/p>\n<p><span style=\"font-size: 12pt;\">Vaga: Meio Oficial de Manuten\u00e7\u00e3o R$ 2.427+R$700 Campinas \u2013 SP<\/span><br \/>\n<span style=\"font-size: 12pt;\">Cadastrar curr\u00edculo aqui:\u00a0<a href=\"https:\/\/forms.gle\/NNqxqnyrAYeMPcVZA\">https:\/\/forms.gle\/NNqxqnyrAYeMPcVZA<\/a><\/span><\/p>\n<p><span style=\"font-size: 12pt;\">\u00a0Atendimento e Vendas (Uniformes Profissionais) 2.000,00 + 3% de comiss\u00e3o (sem teto!) Franca-SP<\/span><br \/>\n<span style=\"font-size: 12pt;\">Cadastrar curr\u00edculo aqui:\u00a0<a href=\"https:\/\/forms.gle\/mUCo3M9LVsgLR2bf8\">https:\/\/forms.gle\/mUCo3M9LVsgLR2bf8<\/a><\/span><\/p>\n<p><span style=\"font-size: 12pt;\">\u00a0Auxiliar de Corte \u2013 F\u00e1brica de Uniformes 2.000 Franca-SP<\/span><br \/>\n<span style=\"font-size: 12pt;\">Cadastrar curr\u00edculo aqui:\u00a0<a href=\"https:\/\/wa.me\/5516991268411\">https:\/\/wa.me\/5516991268411<\/a><\/span><\/p>\n<p><span style=\"font-size: 12pt;\">Cozinheiro (a) 2.000 a 3.000 Franca-SP<\/span><br \/>\n<span style=\"font-size: 12pt;\">Cadastrar curr\u00edculo aqui:\u00a0<a href=\"https:\/\/wa.me\/5516991268411\">https:\/\/wa.me\/5516991268411<\/a><\/span><\/p>\n<p><span style=\"font-size: 12pt;\">Auxiliar de Cozinha 2.000 Franca-SP<\/span><br \/>\n<span style=\"font-size: 12pt;\">Cadastrar curr\u00edculo aqui:\u00a0<a href=\"https:\/\/wa.me\/5516991268411\">https:\/\/wa.me\/5516991268411<\/a><\/span><\/p>\n<p><span style=\"font-size: 12pt;\">Lavador de pratos 2.000 Franca-SP<\/span><br \/>\n<span style=\"font-size: 12pt;\">Cadastrar curr\u00edculo aqui:\u00a0<a href=\"https:\/\/wa.me\/5516991268411\">https:\/\/wa.me\/5516991268411<\/a><\/span><\/p>\n<p><span style=\"font-size: 12pt;\">\u00a0VAGA DISPON\u00cdVEL \u2013 Auxiliar de M\u00eddias Sociais<\/span><br \/>\n<span style=\"font-size: 12pt;\">\u00a0Local: Franca-SP<\/span><br \/>\n<span style=\"font-size: 12pt;\">\u00a0Hor\u00e1rio: Segunda a Sexta, das 8h \u00e0s 18h<\/span><br \/>\n<span style=\"font-size: 12pt;\">\u00a0Sal\u00e1rio: R$ 2.200,00<\/span><br \/>\n<span style=\"font-size: 12pt;\">\u00a0Benef\u00edcios: Cesta b\u00e1sica, vale transporte e todos os direitos da CLT<\/span><br \/>\n<span style=\"font-size: 12pt;\">Enviar curr\u00edculo aqui:\u00a0<a href=\"https:\/\/forms.gle\/X6mK922oZZPinbXK9\">https:\/\/forms.gle\/X6mK922oZZPinbXK9<\/a><\/span><\/p>\n<p><span style=\"font-size: 12pt;\">\u00a0VAGA DISPON\u00cdVEL \u2013 Atendimento e Vendas (Uniformes Profissionais)<\/span><br \/>\n<span style=\"font-size: 12pt;\">\u00a0Local: Franca-SP<\/span><br \/>\n<span style=\"font-size: 12pt;\">\u00a0Hor\u00e1rio: Segunda a Sexta, das 8h \u00e0s 18h<\/span><br \/>\n<span style=\"font-size: 12pt;\">\u00a0Sal\u00e1rio: R$ 2.000,00 + 3% de comiss\u00e3o (sem teto!)<\/span><br \/>\n<span style=\"font-size: 12pt;\">\u00a0Interessados, enviem curr\u00edculo aqui: <a href=\"https:\/\/forms.gle\/mUCo3M9LVsgLR2bf8\">https:\/\/forms.gle\/mUCo3M9LVsgLR2bf8<\/a><\/span><\/p>\n<p><span style=\"font-size: 12pt;\">Vendedora Vaga Vendedora e-commerce<\/span><br \/>\n<span style=\"font-size: 12pt;\">Vaga feminina em S\u00e3o Paulo<\/span><br \/>\n<span style=\"font-size: 12pt;\">Pagamento: R$2.000,00 por m\u00eas<\/span><br \/>\n<span style=\"font-size: 12pt;\">Enviar curr\u00edculo aqui:\u00a0<a href=\"https:\/\/forms.gle\/uzMPDFF7ufBWZRGq5\">https:\/\/forms.gle\/uzMPDFF7ufBWZRGq5<\/a><\/span><\/p>\n<p><span style=\"font-size: 12pt;\">Estilista \/ Designer de Moda<\/span><br \/>\n<span style=\"font-size: 12pt;\">\u2022 Sal\u00e1rio: R$ 3.000,00<\/span><br \/>\n<span style=\"font-size: 12pt;\">\u2022 Bonifica\u00e7\u00e3o m\u00e9dia de R$ 400,00 (paga em dinheiro)<\/span><br \/>\n<span style=\"font-size: 12pt;\">\u2022 Vale-transporte: R$ 200,00 (pago em dinheiro)<\/span><br \/>\n<span style=\"font-size: 12pt;\">Enviar curr\u00edculo:\u00a0<a href=\"https:\/\/forms.gle\/grD4vRAi5m4FSg3N7\">https:\/\/forms.gle\/grD4vRAi5m4FSg3N7<\/a><\/span><\/p>\n<p><span style=\"font-size: 12pt;\">Vaga de Est\u00e1gio em Marketing Digital<\/span><br \/>\n<span style=\"font-size: 12pt;\">Bolsa: R$ 1.000,00<\/span><br \/>\n<span style=\"font-size: 12pt;\">Enviar curr\u00edculo:\u00a0<a href=\"https:\/\/forms.gle\/9xJD4EqaxoeFg8LH6\">https:\/\/forms.gle\/9xJD4EqaxoeFg8LH6<\/a><\/span><\/p>\n<p><span style=\"font-size: 12pt;\">Auxiliar de Vendas<\/span><br \/>\n<span style=\"font-size: 12pt;\">Local: Vila Virg\u00ednia (mudan\u00e7a prevista para Bonfim Paulista at\u00e9 novembro\/25) \u2013 trabalho presencial<\/span><br \/>\n<span style=\"font-size: 12pt;\">Hor\u00e1rio: 8h \u00e0s 17:48 (1h de almo\u00e7o)<\/span><br \/>\n<span style=\"font-size: 12pt;\">Sal\u00e1rio: R$ 2.011,00 + benef\u00edcios (vale alimenta\u00e7\u00e3o R$ 110,00, plano de sa\u00fade, vale academia, caf\u00e9 da manh\u00e3 e frutas no local)<\/span><br \/>\n<span style=\"font-size: 12pt;\">Enviar curr\u00edculo aqui:\u00a0<a href=\"https:\/\/forms.gle\/ahkGizQTycFJxFvV9\">https:\/\/forms.gle\/ahkGizQTycFJxFvV9<\/a><\/span><\/p>\n<p><span style=\"font-size: 12pt;\">Vaga para Social Media<\/span><br \/>\n<span style=\"font-size: 12pt;\">Sal\u00e1rio R$ 2.000,00<\/span><br \/>\n<span style=\"font-size: 12pt;\">Enviar curr\u00edculo:\u00a0<a href=\"https:\/\/forms.gle\/ZvhFMfFH9keDprHDA\">https:\/\/forms.gle\/ZvhFMfFH9keDprHDA<\/a><\/span><\/p>\n<p><span style=\"font-size: 12pt;\">VAGA PARA VIDEOMAKER<\/span><br \/>\n<span style=\"font-size: 12pt;\">Sal\u00e1rio: \u2013 R$ 2.000,00<\/span><br \/>\n<span style=\"font-size: 12pt;\">Enviar curr\u00edculo aqui:\u00a0<a href=\"https:\/\/forms.gle\/zHpyYFnahUWPiNfP9\">https:\/\/forms.gle\/zHpyYFnahUWPiNfP9<\/a><\/span><\/p>\n<p><span style=\"font-size: 12pt;\">VAGA PARA ATENDENTE \u2013 (Ribeir\u00e3o Preto\/SP)<\/span><br \/>\n<span style=\"font-size: 12pt;\">\u00a0Sal\u00e1rio: R$ 1.921,00 + R$ 335,00 (vale-alimenta\u00e7\u00e3o)<\/span><br \/>\n<span style=\"font-size: 12pt;\">N\u00e3o precisa de experi\u00eancia<\/span><br \/>\n<span style=\"font-size: 12pt;\">Enviar curriculo aqui:\u00a0<a href=\"https:\/\/forms.gle\/bFb65LzbaFpag1zX7\">https:\/\/forms.gle\/bFb65LzbaFpag1zX7<\/a><\/span><\/p>\n<p><span style=\"font-size: 12pt;\">Gerente de Relacionamento PJ*<\/span><br \/>\n<span style=\"font-size: 12pt;\">*Remunera\u00e7\u00e3o: R$ 6.300,00 + pacote de benef\u00edcios* * S\u00f3lida experi\u00eancia no atendimento e relacionamento com clientes empresariais (PJ ou Agro) \u00a0Interessados devem fazer a inscri\u00e7\u00e3o no site\u00a0<a href=\"https:\/\/forms.gle\/KqZGQU6Gx6dm4ZA19\">https:\/\/forms.gle\/KqZGQU6Gx6dm4ZA19<\/a><\/span><\/p>\n<p><span style=\"font-size: 12pt;\">\u00a0VAGA ABERTA \u2013 CONSULTOR(A) DE VIAGEM (LAZER)<\/span><br \/>\n<span style=\"font-size: 12pt;\">\u00a0Remunera\u00e7\u00e3o: R$ 2.000,00 fixo + R$ 300,00 de VR + Comiss\u00f5es<\/span><br \/>\n<span style=\"font-size: 12pt;\">Enviar aqui:\u00a0<a href=\"https:\/\/forms.gle\/7MH5caBz9sNScMnY8\">https:\/\/forms.gle\/7MH5caBz9sNScMnY8<\/a><\/span><\/p>\n<p><span style=\"font-size: 12pt;\">\u00a0VAGA PARA AUXILIAR DE IMPRESS\u00c3O \u2013 *SEM EXPERI\u00caNCIA*<\/span><br \/>\n<span style=\"font-size: 12pt;\">\u00a0F\u00e1brica de Uniformes Esportivos \u2013 Ribeir\u00e3o Preto\/SP<\/span><br \/>\n<span style=\"font-size: 12pt;\">\u00a0Sal\u00e1rio: 1.518<\/span><br \/>\n<span style=\"font-size: 12pt;\">Mandar curr\u00edculo aqui:<a href=\"https:\/\/forms.gle\/BoqaQucqsWyt1jPYA\">\u00a0https:\/\/forms.gle\/BoqaQucqsWyt1jPYA<\/a><\/span><\/p>\n<p><span style=\"font-size: 12pt;\">Vaga para *Dom\u00e9stica em Ribeir\u00e3o Preto \u2013 SP*<\/span><br \/>\n<span style=\"font-size: 12pt;\">Sal\u00e1rio: *R$ 2.000,00 mensais* + vale-transporte.<\/span><br \/>\n<span style=\"font-size: 12pt;\">Enviar curr\u00edculo aqui:\u00a0<a href=\"https:\/\/forms.gle\/1LRajPW6Vavj2aUp8\">https:\/\/forms.gle\/1LRajPW6Vavj2aUp8<\/a><\/span><\/p>\n<p data-start=\"837\" data-end=\"872\"><span style=\"font-size: 12pt;\">VAGA PARA DOM\u00c9STICA \u2013 CASA DE FAM\u00cdLIA (R$ 2.500,00)<\/span><br \/>\n<span style=\"font-size: 12pt;\"><a href=\"https:\/\/forms.gle\/CVMR1w9dhdAL2mEA6\">https:\/\/forms.gle\/CVMR1w9dhdAL2mEA6<\/a><\/span><\/p>\n<p><span style=\"font-size: 12pt;\">\u00a0Assistente de Montagem,<\/span><br \/>\n<span style=\"font-size: 12pt;\"><a href=\"https:\/\/forms.gle\/JTpv9BXMmeQZrvLm7\">https:\/\/forms.gle\/JTpv9BXMmeQZrvLm7<\/a><\/span><\/p>\n<p><span style=\"font-size: 12pt;\">Eletricista Industrial<\/span><br \/>\n<span style=\"font-size: 12pt;\"><a href=\"https:\/\/forms.gle\/8nAoWg86DLUAdStB6\">https:\/\/forms.gle\/8nAoWg86DLUAdStB6<\/a><\/span><\/p>\n<p><span style=\"font-size: 12pt;\">\u00a0Mec\u00e2nico de Ar-Condicionado<\/span><br \/>\n<span style=\"font-size: 12pt;\"><a href=\"https:\/\/forms.gle\/txRdAQRiB8emfvsR8\">https:\/\/forms.gle\/txRdAQRiB8emfvsR8<\/a><\/span><\/p>\n<p><span style=\"font-size: 12pt;\">\u00a0Auxiliar de limpeza<\/span><br \/>\n<span style=\"font-size: 12pt;\"><a href=\"https:\/\/forms.gle\/99XnJsnzXx8BSBnu8\">https:\/\/forms.gle\/99XnJsnzXx8BSBnu8<\/a><\/span><\/p>\n<p><span style=\"font-size: 12pt;\">\u00a0Auxiliar Administrativo<\/span><br \/>\n<span style=\"font-size: 12pt;\"><a href=\"https:\/\/forms.gle\/99XnJsnzXx8BSBnu8\">https:\/\/forms.gle\/99XnJsnzXx8BSBnu8<\/a><\/span><\/p>\n<p><span style=\"font-size: 12pt;\">\u00a0Auxiliar de Produ\u00e7\u00e3o<\/span><br \/>\n<span style=\"font-size: 12pt;\"><a href=\"https:\/\/forms.gle\/99XnJsnzXx8BSBnu8\">https:\/\/forms.gle\/99XnJsnzXx8BSBnu8<\/a><\/span><\/p>\n<p><span style=\"font-size: 12pt;\">\u00a0Portaria<\/span><br \/>\n<span style=\"font-size: 12pt;\"><a href=\"https:\/\/forms.gle\/99XnJsnzXx8BSBnu8\">https:\/\/forms.gle\/99XnJsnzXx8BSBnu8<\/a><\/span><\/p>\n<p><span style=\"font-size: 12pt;\">\u00a0Vigilante<\/span><br \/>\n<span style=\"font-size: 12pt;\"><a href=\"https:\/\/forms.gle\/99XnJsnzXx8BSBnu8\">https:\/\/forms.gle\/99XnJsnzXx8BSBnu8<\/a><\/span><\/p>\n<p><span style=\"font-size: 12pt;\">\u00a0Atendente<\/span><br \/>\n<span style=\"font-size: 12pt;\"><a href=\"https:\/\/forms.gle\/99XnJsnzXx8BSBnu8\">https:\/\/forms.gle\/99XnJsnzXx8BSBnu8<\/a><\/span><\/p>\n<p><span style=\"font-size: 12pt;\">\u00a0Balconista<\/span><br \/>\n<span style=\"font-size: 12pt;\"><a href=\"https:\/\/forms.gle\/99XnJsnzXx8BSBnu8\">https:\/\/forms.gle\/99XnJsnzXx8BSBnu8<\/a><\/span><\/p>\n<p><span style=\"font-size: 12pt;\">\u00a0Cozinheira<\/span><br \/>\n<span style=\"font-size: 12pt;\"><a href=\"https:\/\/forms.gle\/99XnJsnzXx8BSBnu8\">https:\/\/forms.gle\/99XnJsnzXx8BSBnu8<\/a><\/span><\/p>\n<p><span style=\"font-size: 12pt;\">\u00a0Auxiliar de Log\u00edstica<\/span><br \/>\n<span style=\"font-size: 12pt;\"><a href=\"https:\/\/forms.gle\/99XnJsnzXx8BSBnu8\">https:\/\/forms.gle\/99XnJsnzXx8BSBnu8<\/a><\/span><\/p>\n<p><span style=\"font-size: 12pt;\">\u00a0Operadora de Caixa<\/span><br \/>\n<span style=\"font-size: 12pt;\"><a href=\"https:\/\/forms.gle\/99XnJsnzXx8BSBnu8\">https:\/\/forms.gle\/99XnJsnzXx8BSBnu8<\/a><\/span><\/p>\n<p><span style=\"font-size: 12pt;\">\u00a0Vaga\u00a0 para Analista de Departamento Pessoal<\/span><br \/>\n<span style=\"font-size: 12pt;\">Sal\u00e1rio: R$ 2.500,00 + R$ 500,00 de ajuda de custo + Vale Alimenta\u00e7\u00e3o de R$ 500,00<\/span><br \/>\n<span style=\"font-size: 12pt;\">Enviar curr\u00edculo aqui:\u00a0<a href=\"https:\/\/forms.gle\/CUoCh97UQQp3A5Jq8\">https:\/\/forms.gle\/CUoCh97UQQp3A5Jq8<\/a><\/span><\/p>\n<p><span style=\"font-size: 12pt;\">\u00a0Vaga\u00a0 para Analista de Marketing<\/span><br \/>\n<span style=\"font-size: 12pt;\"><a href=\"https:\/\/forms.gle\/BvjcQvCXUBLv9L3N8\">https:\/\/forms.gle\/BvjcQvCXUBLv9L3N8<\/a><\/span><\/p>\n<p><span style=\"font-size: 12pt;\">\u00a0Vaga\u00a0 para\u00a0 BAB\u00c1<\/span><br \/>\n<span style=\"font-size: 12pt;\"><a href=\"https:\/\/forms.gle\/Tc1yACuxMwoz4omk7\">https:\/\/forms.gle\/Tc1yACuxMwoz4omk7<\/a><\/span><\/p>\n<p><span style=\"font-size: 12pt;\">\u00a0Vaga\u00a0 para Auxiliar de Montagem,<\/span><br \/>\n<span style=\"font-size: 12pt;\"><a href=\"https:\/\/forms.gle\/JTpv9BXMmeQZrvLm7\">https:\/\/forms.gle\/JTpv9BXMmeQZrvLm7<\/a><\/span><\/p>\n<p><span style=\"font-size: 12pt;\">\u00a0Vaga\u00a0 para Eletricista Industrial<\/span><br \/>\n<span style=\"font-size: 12pt;\"><a href=\"https:\/\/forms.gle\/JTpv9BXMmeQZrvLm7\">https:\/\/forms.gle\/JTpv9BXMmeQZrvLm7<\/a><\/span><\/p>\n<p><span style=\"font-size: 12pt;\">\u00a0Vaga\u00a0 para Mec\u00e2nico de Ar-Condicionado<\/span><br \/>\n<span style=\"font-size: 12pt;\"><a href=\"https:\/\/forms.gle\/JTpv9BXMmeQZrvLm7\">https:\/\/forms.gle\/JTpv9BXMmeQZrvLm7<\/a><\/span><\/p>\n<p><span style=\"font-size: 12pt;\">\u00a0Vaga\u00a0 para Analista de Cobran\u00e7a e Atendimento a Clientes<\/span><br \/>\n<span style=\"font-size: 12pt;\">Sal\u00e1rio: R$ 2.300,00 + VA R$ 570,00 + Vale Transporte<\/span><br \/>\n<span style=\"font-size: 12pt;\"><a href=\"https:\/\/forms.gle\/djFwScRb1wvJ4wCx8\">https:\/\/forms.gle\/djFwScRb1wvJ4wCx8<\/a><\/span><\/p>\n<p><span style=\"font-size: 12pt;\">Vaga\u00a0 para Consultora de LOCA\u00c7\u00c3O<\/span><br \/>\n<span style=\"font-size: 12pt;\">\u00a0Sal\u00e1rio inicial: R$ 2.000,00 + VA R$ 570,00 + VT<\/span><br \/>\n<span style=\"font-size: 12pt;\"><a href=\"https:\/\/forms.gle\/57nT9fzq9xUWS8mA9\">https:\/\/forms.gle\/57nT9fzq9xUWS8mA9<\/a><\/span><\/p>\n<p><span style=\"font-size: 12pt;\">Vaga\u00a0 para\u00a0 Confeiteiro(a)<\/span><br \/>\n<span style=\"font-size: 12pt;\">Sal\u00e1rio: R$ 2.650,00 + Vale-Refei\u00e7\u00e3o de R$ 190,00<\/span><br \/>\n<span style=\"font-size: 12pt;\">Mandar curr\u00edculo aqui:\u00a0<a href=\"https:\/\/forms.gle\/Gi2bbdRn5WPywxSU7\">https:\/\/forms.gle\/Gi2bbdRn5WPywxSU7<\/a><\/span><\/p>\n<p><span style=\"font-size: 12pt;\">\u00a0Vaga\u00a0 para\u00a0 Balconista<\/span><br \/>\n<span style=\"font-size: 12pt;\">Sal\u00e1rio: R$ 1.945,00 + Vale-Refei\u00e7\u00e3o de R$ 190,00<\/span><br \/>\n<span style=\"font-size: 12pt;\">Enviar curr\u00edculo aqui:\u00a0<a href=\"https:\/\/forms.gle\/FwRCcEair8zLdRRV7\">https:\/\/forms.gle\/FwRCcEair8zLdRRV7<\/a><\/span><\/p>\n<p><span style=\"font-size: 12pt;\">\u00a0Vaga\u00a0 para Padeiro<\/span><br \/>\n<span style=\"font-size: 12pt;\">Sal\u00e1rio: R$ 2.750,00 + Vale-Refei\u00e7\u00e3o de R$ 350,00<\/span><br \/>\n<span style=\"font-size: 12pt;\">Enviar curr\u00edculo aqui:\u00a0<a href=\"https:\/\/forms.gle\/oCFWMWRoSSDvv8CdA\">https:\/\/forms.gle\/oCFWMWRoSSDvv8CdA<\/a><\/span><\/p>\n<p><span style=\"font-size: 12pt;\">Vaga de Est\u00e1gio Comercial Bolsa de R$ 1.000, clique aqui:<\/span><br \/>\n<span style=\"font-size: 12pt;\"><a href=\"https:\/\/forms.gle\/wXsx4QT5bw75jpvh9\">https:\/\/forms.gle\/wXsx4QT5bw75jpvh9<\/a><\/span><\/p>\n<p><span style=\"font-size: 12pt;\">Supervisora de Sal\u00e3o (Restaurante)em Franca Sal\u00e1rio de R$2,5 mil, clique aqui:<\/span><br \/>\n<span style=\"font-size: 12pt;\"><a href=\"https:\/\/forms.gle\/oRuov6MoNpSN3QfN9\">https:\/\/forms.gle\/oRuov6MoNpSN3QfN9<\/a><\/span><\/p>\n<p><span style=\"font-size: 12pt;\">Analista de Engenharia Sal\u00e1rio: R$ 3.500 a R$ 4.200, clique aqui:<\/span><br \/>\n<span style=\"font-size: 12pt;\"><a href=\"https:\/\/forms.gle\/jTaVAjymrWbBRm5k6\">https:\/\/forms.gle\/jTaVAjymrWbBRm5k6<\/a><\/span><\/p>\n<p><span style=\"font-size: 12pt;\">Recepcionista \u2013 Sal\u00e1rio R$ 2.000, clique aqui:<\/span><br \/>\n<span style=\"font-size: 12pt;\"><a href=\"https:\/\/forms.gle\/GG35ape6Ux6HrLy87\">https:\/\/forms.gle\/GG35ape6Ux6HrLy87<\/a><\/span><\/p>\n<p><span style=\"font-size: 12pt;\">BALCONISTA \u2013 *Sal\u00e1rio: R$ 1.202,40* Escala 5\u00d72 \u2013 Folga duas vez por semana conforme escala<\/span><br \/>\n<span style=\"font-size: 12pt;\">*PARA MORADORES DE RIBEIRAO PRETO, SERRANA E CRAVINHOS* clique aqui:<\/span><br \/>\n<span style=\"font-size: 12pt;\"><a href=\"https:\/\/forms.gle\/6XmBndWVvEwrqMtU7\">https:\/\/forms.gle\/6XmBndWVvEwrqMtU7<\/a><\/span><\/p>\n<p><span style=\"font-size: 12pt;\">AUXILIAR DE OPERA\u00c7\u00d5ES \u2013 Sal\u00e1rio R$ 2.224 +190 VA, clique aqui:<\/span><br \/>\n<span style=\"font-size: 12pt;\"><a href=\"https:\/\/forms.gle\/DTfr7CzzRHneD1a46\">https:\/\/forms.gle\/DTfr7CzzRHneD1a46<\/a><\/span><\/p>\n<p><span style=\"font-size: 12pt;\">Executivo de Vendas Interno<\/span><br \/>\n<span style=\"font-size: 12pt;\"><a href=\"https:\/\/forms.gle\/6AVDrb1tGXsqhm8G9\">https:\/\/forms.gle\/6AVDrb1tGXsqhm8G9<\/a><\/span><\/p>\n<p><span style=\"font-size: 12pt;\">Assistente ou Analista Cont\u00e1bil \u00a0\u00a0Sal\u00e1rio: R$ 3.000,00 a R$ 3.500,00<\/span><br \/>\n<span style=\"font-size: 12pt;\"><a href=\"https:\/\/forms.gle\/5UMXvnshuGxyRBqq9\">https:\/\/forms.gle\/5UMXvnshuGxyRBqq9<\/a><\/span><\/p>\n<p><span style=\"font-size: 12pt;\">VAGA DE JARDINEIRO OU AUXILIAR DE JARDINAGEM \u2013 IN\u00cdCIO IMEDIATO!\u00a0<\/span><br \/>\n<span style=\"font-size: 12pt;\">\u00a0Sal\u00e1rio inicial: R$ 1.800,00<\/span><br \/>\n<span style=\"font-size: 12pt;\">NECESS\u00c1RIO TER CNH AB ATIVA \u2013 SEM EXPERI\u00caNCIA<\/span><br \/>\n<span style=\"font-size: 12pt;\">Para moradores de Ribeir\u00e3o Preto, Cravinhos, Serrana, Jardin\u00f3polis<\/span><br \/>\n<span style=\"font-size: 12pt;\">Manda Curr\u00edculo aqui:\u00a0<a href=\"https:\/\/forms.gle\/gqa54rQkqfgPbhpu5\">https:\/\/forms.gle\/gqa54rQkqfgPbhpu5<\/a><\/span><\/p>\n<p><span style=\"font-size: 12pt;\">Carregador \u2013 Carga e Descarga<\/span><br \/>\n<span style=\"font-size: 12pt;\">Sal\u00e1rio: R$ 1.750,00 (CLT)<\/span><br \/>\n<span style=\"font-size: 12pt;\">Enviar curr\u00edculo para Ismael Colosi aqui:\u00a0<a href=\"https:\/\/forms.gle\/LxyJxvBsiBdtrreB9\">https:\/\/forms.gle\/LxyJxvBsiBdtrreB9<\/a><\/span><\/p>\n<p data-start=\"453\" data-end=\"1139\"><span style=\"font-size: 12pt;\">Assistente ou Analista Cont\u00e1bil \u00a0\u00a0Sal\u00e1rio: R$ 3.000,00 a R$ 3.500,00<\/span><br \/>\n<span style=\"font-size: 12pt;\"><a href=\"https:\/\/forms.gle\/5UMXvnshuGxyRBqq9\">https:\/\/forms.gle\/5UMXvnshuGxyRBqq9<\/a><\/span><\/p>\n<p data-start=\"1141\" data-end=\"1365\"><span style=\"font-size: 12pt;\">\u00a0Acompanhe tamb\u00e9m pelo Instagram: <a href=\"https:\/\/www.instagram.com\/ismaelcolosi\/\" target=\"_new\" rel=\"noopener\" data-start=\"1177\" data-end=\"1233\">@ismaelcolosi<\/a><\/span><br data-start=\"1233\" data-end=\"1236\" \/><span style=\"font-size: 12pt;\">\u00a0Entre no nosso <strong data-start=\"1254\" data-end=\"1284\">Grupo de Vagas no WhatsApp<\/strong>:\u00a0<a href=\"https:\/\/chat.whatsapp.com\/BqP1oF0kIW4843Ko1qXXaO\" target=\"_new\" rel=\"noopener\" data-start=\"1286\" data-end=\"1365\">Clique aqui para participar<\/a><\/span><\/p>\n<div class='code-block code-block-4' style='margin: 8px auto 8px 0; text-align: left; display: block; clear: both;'>\n\ud83d\udce2 Aviso Legal\n\nO site ismaelcolosi.com.br atua apenas como um canal de divulga\u00e7\u00e3o de oportunidades de emprego e n\u00e3o se responsabiliza pelo processo seletivo, contrata\u00e7\u00e3o ou qualquer outra etapa relacionada \u00e0s vagas publicadas. Todas as informa\u00e7\u00f5es s\u00e3o de responsabilidade dos anunciantes.\n\n\u26a0\ufe0f Aten\u00e7\u00e3o! Nunca pague por promessas de emprego nem compre cursos que garantam contrata\u00e7\u00e3o. Desconfie de qualquer cobran\u00e7a para participar de sele\u00e7\u00f5es.\n\n\n\n<\/div>\n<!-- CONTENT END 1 -->\n","protected":false},"excerpt":{"rendered":"<p>\ud83d\uded2 Oportunidades de Emprego em Ribeir\u00e3o Preto Estamos contratando para diversas \u00e1reas! Se voc\u00ea busca crescimento profissional em uma empresa s\u00f3lida e reconhecida, confira as&#8230;<\/p>\n","protected":false},"author":5,"featured_media":86458,"comment_status":"closed","ping_status":"open","sticky":false,"template":"","format":"standard","meta":{"_uag_custom_page_level_css":"","advanced_seo_description":"","jetpack_seo_html_title":"","jetpack_seo_noindex":false,"jetpack_post_was_ever_published":false,"_jetpack_newsletter_access":"","_jetpack_dont_email_post_to_subs":false,"_jetpack_newsletter_tier_id":0,"_jetpack_memberships_contains_paywalled_content":false,"_jetpack_memberships_contains_paid_content":false,"footnotes":"","jetpack_publicize_message":"","jetpack_publicize_feature_enabled":true,"jetpack_social_post_already_shared":true,"jetpack_social_options":{"image_generator_settings":{"template":"highway","default_image_id":0,"font":"","enabled":false},"version":2}},"categories":[7],"tags":[],"class_list":["post-87813","post","type-post","status-publish","format-standard","has-post-thumbnail","hentry","category-vagas-de-empregos-em-ribeirao-preto-regiao-brasil"],"jetpack_publicize_connections":[],"jetpack_featured_media_url":"https:\/\/i0.wp.com\/ismaelcolosi.com.br\/wp-content\/uploads\/2025\/07\/474624922_1956392211551451_6464467524853668404_n-1.jpg?fit=1080%2C878&ssl=1","uagb_featured_image_src":{"full":["https:\/\/i0.wp.com\/ismaelcolosi.com.br\/wp-content\/uploads\/2025\/07\/474624922_1956392211551451_6464467524853668404_n-1.jpg?fit=1080%2C878&ssl=1",1080,878,false],"thumbnail":["https:\/\/i0.wp.com\/ismaelcolosi.com.br\/wp-content\/uploads\/2025\/07\/474624922_1956392211551451_6464467524853668404_n-1.jpg?resize=150%2C150&ssl=1",150,150,true],"medium":["https:\/\/i0.wp.com\/ismaelcolosi.com.br\/wp-content\/uploads\/2025\/07\/474624922_1956392211551451_6464467524853668404_n-1.jpg?fit=300%2C244&ssl=1",300,244,true],"medium_large":["https:\/\/i0.wp.com\/ismaelcolosi.com.br\/wp-content\/uploads\/2025\/07\/474624922_1956392211551451_6464467524853668404_n-1.jpg?fit=768%2C624&ssl=1",768,624,true],"large":["https:\/\/i0.wp.com\/ismaelcolosi.com.br\/wp-content\/uploads\/2025\/07\/474624922_1956392211551451_6464467524853668404_n-1.jpg?fit=1024%2C832&ssl=1",1024,832,true],"1536x1536":["https:\/\/i0.wp.com\/ismaelcolosi.com.br\/wp-content\/uploads\/2025\/07\/474624922_1956392211551451_6464467524853668404_n-1.jpg?fit=1080%2C878&ssl=1",1080,878,true],"2048x2048":["https:\/\/i0.wp.com\/ismaelcolosi.com.br\/wp-content\/uploads\/2025\/07\/474624922_1956392211551451_6464467524853668404_n-1.jpg?fit=1080%2C878&ssl=1",1080,878,true],"really-simple-thumb":["https:\/\/i0.wp.com\/ismaelcolosi.com.br\/wp-content\/uploads\/2025\/07\/474624922_1956392211551451_6464467524853668404_n-1.jpg?resize=370%2C247&ssl=1",370,247,true]},"uagb_author_info":{"display_name":"Arthur Tijolo","author_link":"https:\/\/ismaelcolosi.com.br\/index.php\/author\/autor-2024\/"},"uagb_comment_info":0,"uagb_excerpt":"\ud83d\uded2 Oportunidades de Emprego em Ribeir\u00e3o Preto Estamos contratando para diversas \u00e1reas! Se voc\u00ea busca crescimento profissional em uma empresa s\u00f3lida e reconhecida, confira as...","jetpack-related-posts":[{"id":82891,"url":"https:\/\/ismaelcolosi.com.br\/index.php\/2025\/02\/13\/lista-de-entrevistas-para-100-vagas-de-emprego-no-dia-14-de-fevereiro-2025-em-ribeirao-preto-sp-veja-agora\/","url_meta":{"origin":87813,"position":0},"title":"Lista de Entrevistas para +100 VAGAS DE EMPREGO no dia 14 de Fevereiro 2025 em Ribeir\u00e3o Preto-SP, veja agora","author":"Arthur Tijolo","date":"13 de February de 2025","format":false,"excerpt":"ENTREVISTAS AGENDADAS PARA DIA 14\/02\/2025 (Sexta-Feira) AS VAGAS PODEM SER PREENCHIDAS A QUALQUER MOMENTO! Anote o Endere\u00e7o e Hor\u00e1rio: \ud83d\udccd Ribeir\u00e3o Preto | \ud83d\udd58Chegue com pelo menos 15 minutos de anteced\u00eancia para garantir a sua vaga e estar preparado para as oportunidades! Traga Seu Curr\u00edculo Atualizado: \u00c9 essencial ter um\u2026","rel":"","context":"In &quot;Entrevistas agendadas para hoje em Ribeir\u00e3o Preto-SP&quot;","block_context":{"text":"Entrevistas agendadas para hoje em Ribeir\u00e3o Preto-SP","link":"https:\/\/ismaelcolosi.com.br\/index.php\/category\/empregos-classificados-vagas-trabalho\/vagas-de-empregos-em-ribeirao-preto-regiao-brasil\/entrevistas-agendadas-para-hoje-em-ribeirao-preto-sp\/"},"img":{"alt_text":"","src":"https:\/\/i0.wp.com\/ismaelcolosi.com.br\/wp-content\/uploads\/2025\/01\/WhatsApp-Image-2024-11-12-at-10.53.13-3.jpeg?fit=1080%2C1080&ssl=1&resize=350%2C200","width":350,"height":200,"srcset":"https:\/\/i0.wp.com\/ismaelcolosi.com.br\/wp-content\/uploads\/2025\/01\/WhatsApp-Image-2024-11-12-at-10.53.13-3.jpeg?fit=1080%2C1080&ssl=1&resize=350%2C200 1x, https:\/\/i0.wp.com\/ismaelcolosi.com.br\/wp-content\/uploads\/2025\/01\/WhatsApp-Image-2024-11-12-at-10.53.13-3.jpeg?fit=1080%2C1080&ssl=1&resize=525%2C300 1.5x, https:\/\/i0.wp.com\/ismaelcolosi.com.br\/wp-content\/uploads\/2025\/01\/WhatsApp-Image-2024-11-12-at-10.53.13-3.jpeg?fit=1080%2C1080&ssl=1&resize=700%2C400 2x, https:\/\/i0.wp.com\/ismaelcolosi.com.br\/wp-content\/uploads\/2025\/01\/WhatsApp-Image-2024-11-12-at-10.53.13-3.jpeg?fit=1080%2C1080&ssl=1&resize=1050%2C600 3x"},"classes":[]},{"id":82941,"url":"https:\/\/ismaelcolosi.com.br\/index.php\/2025\/02\/14\/lista-de-entrevistas-para-100-vagas-de-emprego-no-dia-17-de-fevereiro-2025-em-ribeirao-preto-sp-veja-agora\/","url_meta":{"origin":87813,"position":1},"title":"Lista de Entrevistas para +100 VAGAS DE EMPREGO no dia 17 de Fevereiro 2025 em Ribeir\u00e3o Preto-SP, veja agora","author":"Arthur Tijolo","date":"14 de February de 2025","format":false,"excerpt":"ENTREVISTAS AGENDADAS PARA DIA 17\/02\/2025 (Segunda-Feira) AS VAGAS PODEM SER PREENCHIDAS A QUALQUER MOMENTO! Anote o Endere\u00e7o e Hor\u00e1rio: \ud83d\udccd Ribeir\u00e3o Preto | \ud83d\udd58Chegue com pelo menos 15 minutos de anteced\u00eancia para garantir a sua vaga e estar preparado para as oportunidades! Traga Seu Curr\u00edculo Atualizado: \u00c9 essencial ter um\u2026","rel":"","context":"In &quot;Entrevistas agendadas para hoje em Ribeir\u00e3o Preto-SP&quot;","block_context":{"text":"Entrevistas agendadas para hoje em Ribeir\u00e3o Preto-SP","link":"https:\/\/ismaelcolosi.com.br\/index.php\/category\/empregos-classificados-vagas-trabalho\/vagas-de-empregos-em-ribeirao-preto-regiao-brasil\/entrevistas-agendadas-para-hoje-em-ribeirao-preto-sp\/"},"img":{"alt_text":"","src":"https:\/\/i0.wp.com\/ismaelcolosi.com.br\/wp-content\/uploads\/2025\/01\/WhatsApp-Image-2024-11-12-at-10.53.13-3.jpeg?fit=1080%2C1080&ssl=1&resize=350%2C200","width":350,"height":200,"srcset":"https:\/\/i0.wp.com\/ismaelcolosi.com.br\/wp-content\/uploads\/2025\/01\/WhatsApp-Image-2024-11-12-at-10.53.13-3.jpeg?fit=1080%2C1080&ssl=1&resize=350%2C200 1x, https:\/\/i0.wp.com\/ismaelcolosi.com.br\/wp-content\/uploads\/2025\/01\/WhatsApp-Image-2024-11-12-at-10.53.13-3.jpeg?fit=1080%2C1080&ssl=1&resize=525%2C300 1.5x, https:\/\/i0.wp.com\/ismaelcolosi.com.br\/wp-content\/uploads\/2025\/01\/WhatsApp-Image-2024-11-12-at-10.53.13-3.jpeg?fit=1080%2C1080&ssl=1&resize=700%2C400 2x, https:\/\/i0.wp.com\/ismaelcolosi.com.br\/wp-content\/uploads\/2025\/01\/WhatsApp-Image-2024-11-12-at-10.53.13-3.jpeg?fit=1080%2C1080&ssl=1&resize=1050%2C600 3x"},"classes":[]},{"id":83007,"url":"https:\/\/ismaelcolosi.com.br\/index.php\/2025\/02\/17\/lista-de-entrevistas-para-100-vagas-de-emprego-no-dia-18-de-fevereiro-2025-em-ribeirao-preto-sp-veja-agora\/","url_meta":{"origin":87813,"position":2},"title":"Lista de Entrevistas para +100 VAGAS DE EMPREGO no dia 18 de Fevereiro 2025 em Ribeir\u00e3o Preto-SP, veja agora","author":"Arthur Tijolo","date":"17 de February de 2025","format":false,"excerpt":"ENTREVISTAS AGENDADAS PARA DIA 18\/02\/2025 (Ter\u00e7a-Feira) AS VAGAS PODEM SER PREENCHIDAS A QUALQUER MOMENTO! Anote o Endere\u00e7o e Hor\u00e1rio: \ud83d\udccd Ribeir\u00e3o Preto | \ud83d\udd58Chegue com pelo menos 15 minutos de anteced\u00eancia para garantir a sua vaga e estar preparado para as oportunidades! Traga Seu Curr\u00edculo Atualizado: \u00c9 essencial ter um\u2026","rel":"","context":"In &quot;Entrevistas agendadas para hoje em Ribeir\u00e3o Preto-SP&quot;","block_context":{"text":"Entrevistas agendadas para hoje em Ribeir\u00e3o Preto-SP","link":"https:\/\/ismaelcolosi.com.br\/index.php\/category\/empregos-classificados-vagas-trabalho\/vagas-de-empregos-em-ribeirao-preto-regiao-brasil\/entrevistas-agendadas-para-hoje-em-ribeirao-preto-sp\/"},"img":{"alt_text":"","src":"https:\/\/i0.wp.com\/ismaelcolosi.com.br\/wp-content\/uploads\/2025\/01\/WhatsApp-Image-2024-11-12-at-10.53.13-2.jpeg?fit=1080%2C1080&ssl=1&resize=350%2C200","width":350,"height":200,"srcset":"https:\/\/i0.wp.com\/ismaelcolosi.com.br\/wp-content\/uploads\/2025\/01\/WhatsApp-Image-2024-11-12-at-10.53.13-2.jpeg?fit=1080%2C1080&ssl=1&resize=350%2C200 1x, https:\/\/i0.wp.com\/ismaelcolosi.com.br\/wp-content\/uploads\/2025\/01\/WhatsApp-Image-2024-11-12-at-10.53.13-2.jpeg?fit=1080%2C1080&ssl=1&resize=525%2C300 1.5x, https:\/\/i0.wp.com\/ismaelcolosi.com.br\/wp-content\/uploads\/2025\/01\/WhatsApp-Image-2024-11-12-at-10.53.13-2.jpeg?fit=1080%2C1080&ssl=1&resize=700%2C400 2x, https:\/\/i0.wp.com\/ismaelcolosi.com.br\/wp-content\/uploads\/2025\/01\/WhatsApp-Image-2024-11-12-at-10.53.13-2.jpeg?fit=1080%2C1080&ssl=1&resize=1050%2C600 3x"},"classes":[]},{"id":83162,"url":"https:\/\/ismaelcolosi.com.br\/index.php\/2025\/02\/19\/lista-de-entrevistas-para-100-vagas-de-emprego-no-dia-20-de-fevereiro-2025-em-ribeirao-preto-sp-veja-agora\/","url_meta":{"origin":87813,"position":3},"title":"Lista de Entrevistas para +100 VAGAS DE EMPREGO no dia 20 de Fevereiro 2025 em Ribeir\u00e3o Preto-SP, veja agora","author":"Arthur Tijolo","date":"19 de February de 2025","format":false,"excerpt":"ENTREVISTAS AGENDADAS PARA DIA 20\/02\/2025 (Quinta-Feira) AS VAGAS PODEM SER PREENCHIDAS A QUALQUER MOMENTO! Anote o Endere\u00e7o e Hor\u00e1rio: \ud83d\udccd Ribeir\u00e3o Preto | \ud83d\udd58Chegue com pelo menos 15 minutos de anteced\u00eancia para garantir a sua vaga e estar preparado para as oportunidades! Traga Seu Curr\u00edculo Atualizado: \u00c9 essencial ter um\u2026","rel":"","context":"In &quot;Entrevistas agendadas para hoje em Ribeir\u00e3o Preto-SP&quot;","block_context":{"text":"Entrevistas agendadas para hoje em Ribeir\u00e3o Preto-SP","link":"https:\/\/ismaelcolosi.com.br\/index.php\/category\/empregos-classificados-vagas-trabalho\/vagas-de-empregos-em-ribeirao-preto-regiao-brasil\/entrevistas-agendadas-para-hoje-em-ribeirao-preto-sp\/"},"img":{"alt_text":"","src":"https:\/\/i0.wp.com\/ismaelcolosi.com.br\/wp-content\/uploads\/2025\/01\/WhatsApp-Image-2024-11-12-at-10.53.13-2.jpeg?fit=1080%2C1080&ssl=1&resize=350%2C200","width":350,"height":200,"srcset":"https:\/\/i0.wp.com\/ismaelcolosi.com.br\/wp-content\/uploads\/2025\/01\/WhatsApp-Image-2024-11-12-at-10.53.13-2.jpeg?fit=1080%2C1080&ssl=1&resize=350%2C200 1x, https:\/\/i0.wp.com\/ismaelcolosi.com.br\/wp-content\/uploads\/2025\/01\/WhatsApp-Image-2024-11-12-at-10.53.13-2.jpeg?fit=1080%2C1080&ssl=1&resize=525%2C300 1.5x, https:\/\/i0.wp.com\/ismaelcolosi.com.br\/wp-content\/uploads\/2025\/01\/WhatsApp-Image-2024-11-12-at-10.53.13-2.jpeg?fit=1080%2C1080&ssl=1&resize=700%2C400 2x, https:\/\/i0.wp.com\/ismaelcolosi.com.br\/wp-content\/uploads\/2025\/01\/WhatsApp-Image-2024-11-12-at-10.53.13-2.jpeg?fit=1080%2C1080&ssl=1&resize=1050%2C600 3x"},"classes":[]},{"id":82831,"url":"https:\/\/ismaelcolosi.com.br\/index.php\/2025\/02\/12\/lista-de-entrevistas-para-100-vagas-de-emprego-no-dia-13-de-fevereiro-2025-em-ribeirao-preto-sp-veja-agora\/","url_meta":{"origin":87813,"position":4},"title":"Lista de Entrevistas para +100 VAGAS DE EMPREGO no dia 13 de Fevereiro 2025 em Ribeir\u00e3o Preto-SP, veja agora","author":"Arthur Tijolo","date":"12 de February de 2025","format":false,"excerpt":"ENTREVISTAS AGENDADAS PARA DIA 13\/02\/2025 (Quinta-Feira) AS VAGAS PODEM SER PREENCHIDAS A QUALQUER MOMENTO! Anote o Endere\u00e7o e Hor\u00e1rio: \ud83d\udccd Ribeir\u00e3o Preto | \ud83d\udd58Chegue com pelo menos 15 minutos de anteced\u00eancia para garantir a sua vaga e estar preparado para as oportunidades! Traga Seu Curr\u00edculo Atualizado: \u00c9 essencial ter um\u2026","rel":"","context":"In &quot;Entrevistas agendadas para hoje em Ribeir\u00e3o Preto-SP&quot;","block_context":{"text":"Entrevistas agendadas para hoje em Ribeir\u00e3o Preto-SP","link":"https:\/\/ismaelcolosi.com.br\/index.php\/category\/empregos-classificados-vagas-trabalho\/vagas-de-empregos-em-ribeirao-preto-regiao-brasil\/entrevistas-agendadas-para-hoje-em-ribeirao-preto-sp\/"},"img":{"alt_text":"","src":"https:\/\/i0.wp.com\/ismaelcolosi.com.br\/wp-content\/uploads\/2025\/01\/WhatsApp-Image-2024-11-12-at-10.53.13-2.jpeg?fit=1080%2C1080&ssl=1&resize=350%2C200","width":350,"height":200,"srcset":"https:\/\/i0.wp.com\/ismaelcolosi.com.br\/wp-content\/uploads\/2025\/01\/WhatsApp-Image-2024-11-12-at-10.53.13-2.jpeg?fit=1080%2C1080&ssl=1&resize=350%2C200 1x, https:\/\/i0.wp.com\/ismaelcolosi.com.br\/wp-content\/uploads\/2025\/01\/WhatsApp-Image-2024-11-12-at-10.53.13-2.jpeg?fit=1080%2C1080&ssl=1&resize=525%2C300 1.5x, https:\/\/i0.wp.com\/ismaelcolosi.com.br\/wp-content\/uploads\/2025\/01\/WhatsApp-Image-2024-11-12-at-10.53.13-2.jpeg?fit=1080%2C1080&ssl=1&resize=700%2C400 2x, https:\/\/i0.wp.com\/ismaelcolosi.com.br\/wp-content\/uploads\/2025\/01\/WhatsApp-Image-2024-11-12-at-10.53.13-2.jpeg?fit=1080%2C1080&ssl=1&resize=1050%2C600 3x"},"classes":[]},{"id":83082,"url":"https:\/\/ismaelcolosi.com.br\/index.php\/2025\/02\/18\/lista-de-entrevistas-para-100-vagas-de-emprego-no-dia-19-de-fevereiro-2025-em-ribeirao-preto-sp-veja-agora\/","url_meta":{"origin":87813,"position":5},"title":"Lista de Entrevistas para +100 VAGAS DE EMPREGO no dia 19 de Fevereiro 2025 em Ribeir\u00e3o Preto-SP, veja agora","author":"Arthur Tijolo","date":"18 de February de 2025","format":false,"excerpt":"ENTREVISTAS AGENDADAS PARA DIA 19\/02\/2025 (Quarta-Feira) AS VAGAS PODEM SER PREENCHIDAS A QUALQUER MOMENTO! Anote o Endere\u00e7o e Hor\u00e1rio: \ud83d\udccd Ribeir\u00e3o Preto | \ud83d\udd58Chegue com pelo menos 15 minutos de anteced\u00eancia para garantir a sua vaga e estar preparado para as oportunidades! Traga Seu Curr\u00edculo Atualizado: \u00c9 essencial ter um\u2026","rel":"","context":"In &quot;Entrevistas agendadas para hoje em Ribeir\u00e3o Preto-SP&quot;","block_context":{"text":"Entrevistas agendadas para hoje em Ribeir\u00e3o Preto-SP","link":"https:\/\/ismaelcolosi.com.br\/index.php\/category\/empregos-classificados-vagas-trabalho\/vagas-de-empregos-em-ribeirao-preto-regiao-brasil\/entrevistas-agendadas-para-hoje-em-ribeirao-preto-sp\/"},"img":{"alt_text":"","src":"https:\/\/i0.wp.com\/ismaelcolosi.com.br\/wp-content\/uploads\/2025\/01\/WhatsApp-Image-2024-11-12-at-10.53.13-3.jpeg?fit=1080%2C1080&ssl=1&resize=350%2C200","width":350,"height":200,"srcset":"https:\/\/i0.wp.com\/ismaelcolosi.com.br\/wp-content\/uploads\/2025\/01\/WhatsApp-Image-2024-11-12-at-10.53.13-3.jpeg?fit=1080%2C1080&ssl=1&resize=350%2C200 1x, https:\/\/i0.wp.com\/ismaelcolosi.com.br\/wp-content\/uploads\/2025\/01\/WhatsApp-Image-2024-11-12-at-10.53.13-3.jpeg?fit=1080%2C1080&ssl=1&resize=525%2C300 1.5x, https:\/\/i0.wp.com\/ismaelcolosi.com.br\/wp-content\/uploads\/2025\/01\/WhatsApp-Image-2024-11-12-at-10.53.13-3.jpeg?fit=1080%2C1080&ssl=1&resize=700%2C400 2x, https:\/\/i0.wp.com\/ismaelcolosi.com.br\/wp-content\/uploads\/2025\/01\/WhatsApp-Image-2024-11-12-at-10.53.13-3.jpeg?fit=1080%2C1080&ssl=1&resize=1050%2C600 3x"},"classes":[]}],"jetpack_sharing_enabled":true,"jetpack_shortlink":"https:\/\/wp.me\/pfMlyK-mQl","_links":{"self":[{"href":"https:\/\/ismaelcolosi.com.br\/index.php\/wp-json\/wp\/v2\/posts\/87813","targetHints":{"allow":["GET"]}}],"collection":[{"href":"https:\/\/ismaelcolosi.com.br\/index.php\/wp-json\/wp\/v2\/posts"}],"about":[{"href":"https:\/\/ismaelcolosi.com.br\/index.php\/wp-json\/wp\/v2\/types\/post"}],"author":[{"embeddable":true,"href":"https:\/\/ismaelcolosi.com.br\/index.php\/wp-json\/wp\/v2\/users\/5"}],"replies":[{"embeddable":true,"href":"https:\/\/ismaelcolosi.com.br\/index.php\/wp-json\/wp\/v2\/comments?post=87813"}],"version-history":[{"count":1,"href":"https:\/\/ismaelcolosi.com.br\/index.php\/wp-json\/wp\/v2\/posts\/87813\/revisions"}],"predecessor-version":[{"id":87814,"href":"https:\/\/ismaelcolosi.com.br\/index.php\/wp-json\/wp\/v2\/posts\/87813\/revisions\/87814"}],"wp:featuredmedia":[{"embeddable":true,"href":"https:\/\/ismaelcolosi.com.br\/index.php\/wp-json\/wp\/v2\/media\/86458"}],"wp:attachment":[{"href":"https:\/\/ismaelcolosi.com.br\/index.php\/wp-json\/wp\/v2\/media?parent=87813"}],"wp:term":[{"taxonomy":"category","embeddable":true,"href":"https:\/\/ismaelcolosi.com.br\/index.php\/wp-json\/wp\/v2\/categories?post=87813"},{"taxonomy":"post_tag","embeddable":true,"href":"https:\/\/ismaelcolosi.com.br\/index.php\/wp-json\/wp\/v2\/tags?post=87813"}],"curies":[{"name":"wp","href":"https:\/\/api.w.org\/{rel}","templated":true}]}}