{"id":87811,"date":"2025-10-02T13:56:20","date_gmt":"2025-10-02T16:56:20","guid":{"rendered":"https:\/\/ismaelcolosi.com.br\/?p=87811"},"modified":"2025-10-02T13:56:20","modified_gmt":"2025-10-02T16:56:20","slug":"vagas-em-ribeirao-preto-com-salario-de-r2-000-mais-va-vt-comissao-e-convenio-confira-mais-informacoes","status":"publish","type":"post","link":"https:\/\/ismaelcolosi.com.br\/index.php\/2025\/10\/02\/vagas-em-ribeirao-preto-com-salario-de-r2-000-mais-va-vt-comissao-e-convenio-confira-mais-informacoes\/","title":{"rendered":"Vagas em Ribeir\u00e3o Preto com Sal\u00e1rio de R$2.000 mais VA, VT, Comiss\u00e3o e Conv\u00eanio. Confira mais informa\u00e7\u00f5es!"},"content":{"rendered":"<h2>O Poder de uma Equipe Bem Integrada<\/h2>\n<p>A habilidade para trabalhar em equipe \u00e9 uma das compet\u00eancias mais valorizadas no ambiente profissional atual. Ela envolve saber ouvir, colaborar, respeitar diferentes pontos de vista e contribuir para o sucesso coletivo. Em equipes bem integradas, os resultados s\u00e3o potencializados, pois cada membro traz suas experi\u00eancias e talentos para somar, criando solu\u00e7\u00f5es mais completas e eficazes.<\/p>\n<p>Al\u00e9m disso, trabalhar em equipe exige empatia e comunica\u00e7\u00e3o clara. Saber se posicionar com respeito, oferecer ajuda quando necess\u00e1rio e manter um clima positivo s\u00e3o atitudes que fortalecem os v\u00ednculos entre colegas e aumentam a produtividade. A confian\u00e7a m\u00fatua e o senso de responsabilidade compartilhada tornam o ambiente mais leve e motivador.<\/p>\n<p>Por fim, quem desenvolve essa habilidade demonstra maturidade profissional e est\u00e1 mais preparado para lidar com desafios. Em qualquer \u00e1rea \u2014 seja vendas, atendimento, sa\u00fade ou tecnologia \u2014 o trabalho em equipe \u00e9 essencial para alcan\u00e7ar metas, superar obst\u00e1culos e crescer junto com a empresa. \u00c9 uma compet\u00eancia que n\u00e3o apenas melhora o desempenho individual, mas tamb\u00e9m eleva o padr\u00e3o do grupo como um todo.<\/p>\n<hr \/>\n<h3>\ud83d\udecd\ufe0f <strong>Vaga de Atendente de Loja em Ribeir\u00e3o Preto\/SP<\/strong><\/h3>\n<p>Estamos com uma oportunidade dispon\u00edvel para atuar como <strong>Atendente de Loja<\/strong>. Se voc\u00ea atende aos requisitos e busca uma coloca\u00e7\u00e3o com sal\u00e1rio competitivo e hor\u00e1rio fixo, confira os detalhes:<\/p>\n<p><strong>\ud83d\udccc Requisitos:<\/strong><\/p>\n<ul>\n<li><strong>Sexo masculino<\/strong><\/li>\n<li>CNH categoria B (carteira de carro)<\/li>\n<\/ul>\n<p><strong>\ud83d\udcbc Detalhes da vaga:<\/strong><\/p>\n<ul>\n<li><strong>Cargo:<\/strong> Atendente de Loja<\/li>\n<li><strong>Sal\u00e1rio inicial:<\/strong> R$ 2.000,00<\/li>\n<li><strong>Hor\u00e1rio de trabalho:<\/strong> das 14h \u00e0s 22h<\/li>\n<li><strong>Folga semanal:<\/strong> \u00e0s segundas-feiras<\/li>\n<\/ul>\n<p><strong>\ud83d\udcf2 Contato para candidatura:<\/strong> Interessados devem entrar em contato com <strong>Ismael Colosi<\/strong> pelo WhatsApp: \ud83d\udcf1 <a href=\"https:\/\/otieu.com\/4\/9273740\"><strong>(16) 99328-2717<\/strong><\/a><\/p>\n<hr \/>\n<h3>\ud83c\udf38 <strong>Vaga para Vendedor em Ribeir\u00e3o Preto\/SP<\/strong><\/h3>\n<p>Se voc\u00ea gosta de trabalhar com atendimento ao p\u00fablico e tem paix\u00e3o por ambientes criativos e acolhedores, essa oportunidade \u00e9 para voc\u00ea!<\/p>\n<p><strong>\ud83d\udecd\ufe0f Principais Atividades:<\/strong><\/p>\n<ul>\n<li>Atendimento ao cliente presencial, por telefone e WhatsApp<\/li>\n<li>Realiza\u00e7\u00e3o de vendas e fechamento de caixa<\/li>\n<li>Embalagem de produtos com cuidado e aten\u00e7\u00e3o<\/li>\n<li>Organiza\u00e7\u00e3o e limpeza da loja, garantindo um ambiente agrad\u00e1vel<\/li>\n<\/ul>\n<p><strong>\ud83d\udd52 Hor\u00e1rio de Trabalho:<\/strong><\/p>\n<ul>\n<li>Segunda a sexta: das 10h \u00e0s 19h<\/li>\n<li>S\u00e1bado: das 9h \u00e0s 18h<\/li>\n<li>Domingo: das 9h \u00e0s 13h<\/li>\n<li>Escala de 44h semanais<\/li>\n<li>Folga fixa na semana + s\u00e1bado ou domingo (em sistema de rod\u00edzio)<\/li>\n<\/ul>\n<p><strong>\ud83d\udcb0 Oferecemos:<\/strong><\/p>\n<ul>\n<li>Sal\u00e1rio: R$ 2.000,00<\/li>\n<li>Vale-alimenta\u00e7\u00e3o: R$ 300,00<\/li>\n<li>Conv\u00eanio m\u00e9dico<\/li>\n<li>Vale-transporte ou aux\u00edlio mobilidade: R$ 185,00<\/li>\n<li>Comiss\u00e3o sobre vendas<\/li>\n<\/ul>\n<p><strong>\ud83d\udccc Requisitos:<\/strong><\/p>\n<ul>\n<li>Experi\u00eancia anterior com atendimento ao cliente (diferencial)<\/li>\n<li>Proatividade, responsabilidade e organiza\u00e7\u00e3o<\/li>\n<li>Habilidade para trabalhar em equipe<\/li>\n<li>Disponibilidade para cumprir os hor\u00e1rios estabelecidos<\/li>\n<\/ul>\n<p><strong>\ud83d\udce8 Como se candidatar:<\/strong> Envie seu curr\u00edculo para: <a href=\"https:\/\/otieu.com\/4\/9273740\"><strong>atelierfloralvagas@gmail.com<\/strong><\/a><\/p>\n<hr \/>\n<p><span style=\"font-size: 12pt;\"><strong>Confira outras vaga aqui:<\/strong><\/span><br \/>\n<span style=\"font-size: 12pt;\">\u00a0*Auxiliar Administrativo* e de Faturamento R$ 2.500,00<\/span><br \/>\n<span style=\"font-size: 12pt;\">Cadastrar curr\u00edculo aqui:\u00a0<a href=\"https:\/\/forms.gle\/LPwsb65mhv3jnzXg8\">https:\/\/forms.gle\/LPwsb65mhv3jnzXg8<\/a><\/span><\/p>\n<p><span style=\"font-size: 12pt;\">\u00a0*Est\u00e1gio de Log\u00edstica*<\/span><br \/>\n<span style=\"font-size: 12pt;\">Cadastrar curr\u00edculo aqui:\u00a0<a href=\"https:\/\/forms.gle\/JAiUWqkWEGQEHV6dA\">https:\/\/forms.gle\/JAiUWqkWEGQEHV6dA<\/a><\/span><\/p>\n<p><span style=\"font-size: 12pt;\">\u00a0*Operador de Produ\u00e7\u00e3o* \u2013 R$ 2.800,00<\/span><br \/>\n<span style=\"font-size: 12pt;\">Cadastrar curr\u00edculo aqui:\u00a0<a href=\"https:\/\/forms.gle\/zDQ8xWzzAehdQcT4A\">https:\/\/forms.gle\/zDQ8xWzzAehdQcT4A<\/a><\/span><\/p>\n<p><span style=\"font-size: 12pt;\">\u00a0*Vendedor(a)\/Consultor(a) de Vendas* \u2013 R$ 2.000<\/span><br \/>\n<span style=\"font-size: 12pt;\">Cadastrar curr\u00edculo aqui:\u00a0<a href=\"https:\/\/forms.gle\/ufULrkLBSeKuRMqx5\">https:\/\/forms.gle\/ufULrkLBSeKuRMqx5<\/a><\/span><\/p>\n<p><span style=\"font-size: 12pt;\">\u00a0T\u00e9cnico em Manuten\u00e7\u00e3o R$ 1.600 a 3.500<\/span><br \/>\n<span style=\"font-size: 12pt;\">Cadastrar curr\u00edculo aqui: https:\/\/forms.gle\/FvWwydQxu4Wwqq3aA<\/span><\/p>\n<p><span style=\"font-size: 12pt;\">\u00a0*Consultor (a) de LOCA\u00c7\u00c3O* \u2013 R$ 2.000,00<\/span><br \/>\n<span style=\"font-size: 12pt;\">Cadastrar curr\u00edculo aqui:\u00a0<a href=\"https:\/\/forms.gle\/57nT9fzq9xUWS8mA9\">https:\/\/forms.gle\/57nT9fzq9xUWS8mA9<\/a><\/span><\/p>\n<p><span style=\"font-size: 12pt;\">\u00a0*Auxiliar de Cozinheira* \u2013 R$ 2.000,00<\/span><br \/>\n<span style=\"font-size: 12pt;\">Cadastrar curr\u00edculo aqui:\u00a0<a href=\"https:\/\/wa.me\/5516991268411\">https:\/\/wa.me\/5516991268411<\/a><\/span><\/p>\n<p><span style=\"font-size: 12pt;\">\u00a0*Carregador de Frutas, Verduras e Legumes* \u2013 R$ 1.750,00 (CLT)<\/span><br \/>\n<span style=\"font-size: 12pt;\">Cadastrar curr\u00edculo aqui:\u00a0<a href=\"https:\/\/wa.me\/5516991268411\">https:\/\/wa.me\/5516991268411<\/a><\/span><\/p>\n<p><span style=\"font-size: 12pt;\">\u00a0*Assistente de Montagem* \u2013 R$ 1.800,00 (SEM EXPERI\u00caNCIA)<\/span><br \/>\n<span style=\"font-size: 12pt;\">Cadastrar curr\u00edculo aqui:\u00a0<a href=\"https:\/\/forms.gle\/19ug8Hc29nRB1C8t7\">https:\/\/forms.gle\/19ug8Hc29nRB1C8t7<\/a><\/span><\/p>\n<p><span style=\"font-size: 12pt;\">\u00a0*Analista Cont\u00e1bil *R$ 3.200,00*<\/span><br \/>\n<span style=\"font-size: 12pt;\">Cadastrar curr\u00edculo aqui:\u00a0<a href=\"https:\/\/forms.gle\/EM1Z5SgSbkaK91WA8\">https:\/\/forms.gle\/EM1Z5SgSbkaK91WA8<\/a><\/span><\/p>\n<p><span style=\"font-size: 12pt;\">\u00a0*Designer Gr\u00e1fico\/Atendimento* R$ 2.000<\/span><br \/>\n<span style=\"font-size: 12pt;\">Cadastrar curr\u00edculo aqui:\u00a0<a href=\"https:\/\/forms.gle\/vq2fknFJa4PW1kWf9\">https:\/\/forms.gle\/vq2fknFJa4PW1kWf9<\/a><\/span><\/p>\n<p><span style=\"font-size: 12pt;\">\u00a0*Executivo de Contas* +R$2.000<\/span><br \/>\n<span style=\"font-size: 12pt;\">Cadastrar curr\u00edculo aqui:\u00a0<a href=\"https:\/\/forms.gle\/CemMGJJRnWfUFL6D8\">https:\/\/forms.gle\/CemMGJJRnWfUFL6D8<\/a><\/span><\/p>\n<p><span style=\"font-size: 12pt;\">\u00a0*Vendedor(a) \u2013 Est\u00e9tica Automotiva* 2.000,00 +Comiss\u00e3o:<\/span><br \/>\n<span style=\"font-size: 12pt;\">Cadastrar curr\u00edculo aqui:\u00a0<a href=\"https:\/\/forms.gle\/iGSQxLPWjEAwfZp5A\">https:\/\/forms.gle\/iGSQxLPWjEAwfZp5A<\/a><\/span><\/p>\n<p><span style=\"font-size: 12pt;\">Vaga: Meio Oficial de Manuten\u00e7\u00e3o R$ 2.427+R$700 Campinas \u2013 SP<\/span><br \/>\n<span style=\"font-size: 12pt;\">Cadastrar curr\u00edculo aqui:\u00a0<a href=\"https:\/\/forms.gle\/NNqxqnyrAYeMPcVZA\">https:\/\/forms.gle\/NNqxqnyrAYeMPcVZA<\/a><\/span><\/p>\n<p><span style=\"font-size: 12pt;\">\u00a0Atendimento e Vendas (Uniformes Profissionais) 2.000,00 + 3% de comiss\u00e3o (sem teto!) Franca-SP<\/span><br \/>\n<span style=\"font-size: 12pt;\">Cadastrar curr\u00edculo aqui:\u00a0<a href=\"https:\/\/forms.gle\/mUCo3M9LVsgLR2bf8\">https:\/\/forms.gle\/mUCo3M9LVsgLR2bf8<\/a><\/span><\/p>\n<p><span style=\"font-size: 12pt;\">\u00a0Auxiliar de Corte \u2013 F\u00e1brica de Uniformes 2.000 Franca-SP<\/span><br \/>\n<span style=\"font-size: 12pt;\">Cadastrar curr\u00edculo aqui:\u00a0<a href=\"https:\/\/wa.me\/5516991268411\">https:\/\/wa.me\/5516991268411<\/a><\/span><\/p>\n<p><span style=\"font-size: 12pt;\">Cozinheiro (a) 2.000 a 3.000 Franca-SP<\/span><br \/>\n<span style=\"font-size: 12pt;\">Cadastrar curr\u00edculo aqui:\u00a0<a href=\"https:\/\/wa.me\/5516991268411\">https:\/\/wa.me\/5516991268411<\/a><\/span><\/p>\n<p><span style=\"font-size: 12pt;\">Auxiliar de Cozinha 2.000 Franca-SP<\/span><br \/>\n<span style=\"font-size: 12pt;\">Cadastrar curr\u00edculo aqui:\u00a0<a href=\"https:\/\/wa.me\/5516991268411\">https:\/\/wa.me\/5516991268411<\/a><\/span><\/p>\n<p><span style=\"font-size: 12pt;\">Lavador de pratos 2.000 Franca-SP<\/span><br \/>\n<span style=\"font-size: 12pt;\">Cadastrar curr\u00edculo aqui:\u00a0<a href=\"https:\/\/wa.me\/5516991268411\">https:\/\/wa.me\/5516991268411<\/a><\/span><\/p>\n<p><span style=\"font-size: 12pt;\">\u00a0VAGA DISPON\u00cdVEL \u2013 Auxiliar de M\u00eddias Sociais<\/span><br \/>\n<span style=\"font-size: 12pt;\">\u00a0Local: Franca-SP<\/span><br \/>\n<span style=\"font-size: 12pt;\">\u00a0Hor\u00e1rio: Segunda a Sexta, das 8h \u00e0s 18h<\/span><br \/>\n<span style=\"font-size: 12pt;\">\u00a0Sal\u00e1rio: R$ 2.200,00<\/span><br \/>\n<span style=\"font-size: 12pt;\">\u00a0Benef\u00edcios: Cesta b\u00e1sica, vale transporte e todos os direitos da CLT<\/span><br \/>\n<span style=\"font-size: 12pt;\">Enviar curr\u00edculo aqui:\u00a0<a href=\"https:\/\/forms.gle\/X6mK922oZZPinbXK9\">https:\/\/forms.gle\/X6mK922oZZPinbXK9<\/a><\/span><\/p>\n<p><span style=\"font-size: 12pt;\">\u00a0VAGA DISPON\u00cdVEL \u2013 Atendimento e Vendas (Uniformes Profissionais)<\/span><br \/>\n<span style=\"font-size: 12pt;\">\u00a0Local: Franca-SP<\/span><br \/>\n<span style=\"font-size: 12pt;\">\u00a0Hor\u00e1rio: Segunda a Sexta, das 8h \u00e0s 18h<\/span><br \/>\n<span style=\"font-size: 12pt;\">\u00a0Sal\u00e1rio: R$ 2.000,00 + 3% de comiss\u00e3o (sem teto!)<\/span><br \/>\n<span style=\"font-size: 12pt;\">\u00a0Interessados, enviem curr\u00edculo aqui: <a href=\"https:\/\/forms.gle\/mUCo3M9LVsgLR2bf8\">https:\/\/forms.gle\/mUCo3M9LVsgLR2bf8<\/a><\/span><\/p>\n<p><span style=\"font-size: 12pt;\">Vendedora Vaga Vendedora e-commerce<\/span><br \/>\n<span style=\"font-size: 12pt;\">Vaga feminina em S\u00e3o Paulo<\/span><br \/>\n<span style=\"font-size: 12pt;\">Pagamento: R$2.000,00 por m\u00eas<\/span><br \/>\n<span style=\"font-size: 12pt;\">Enviar curr\u00edculo aqui:\u00a0<a href=\"https:\/\/forms.gle\/uzMPDFF7ufBWZRGq5\">https:\/\/forms.gle\/uzMPDFF7ufBWZRGq5<\/a><\/span><\/p>\n<p><span style=\"font-size: 12pt;\">Estilista \/ Designer de Moda<\/span><br \/>\n<span style=\"font-size: 12pt;\">\u2022 Sal\u00e1rio: R$ 3.000,00<\/span><br \/>\n<span style=\"font-size: 12pt;\">\u2022 Bonifica\u00e7\u00e3o m\u00e9dia de R$ 400,00 (paga em dinheiro)<\/span><br \/>\n<span style=\"font-size: 12pt;\">\u2022 Vale-transporte: R$ 200,00 (pago em dinheiro)<\/span><br \/>\n<span style=\"font-size: 12pt;\">Enviar curr\u00edculo:\u00a0<a href=\"https:\/\/forms.gle\/grD4vRAi5m4FSg3N7\">https:\/\/forms.gle\/grD4vRAi5m4FSg3N7<\/a><\/span><\/p>\n<p><span style=\"font-size: 12pt;\">Vaga de Est\u00e1gio em Marketing Digital<\/span><br \/>\n<span style=\"font-size: 12pt;\">Bolsa: R$ 1.000,00<\/span><br \/>\n<span style=\"font-size: 12pt;\">Enviar curr\u00edculo:\u00a0<a href=\"https:\/\/forms.gle\/9xJD4EqaxoeFg8LH6\">https:\/\/forms.gle\/9xJD4EqaxoeFg8LH6<\/a><\/span><\/p>\n<p><span style=\"font-size: 12pt;\">Auxiliar de Vendas<\/span><br \/>\n<span style=\"font-size: 12pt;\">Local: Vila Virg\u00ednia (mudan\u00e7a prevista para Bonfim Paulista at\u00e9 novembro\/25) \u2013 trabalho presencial<\/span><br \/>\n<span style=\"font-size: 12pt;\">Hor\u00e1rio: 8h \u00e0s 17:48 (1h de almo\u00e7o)<\/span><br \/>\n<span style=\"font-size: 12pt;\">Sal\u00e1rio: R$ 2.011,00 + benef\u00edcios (vale alimenta\u00e7\u00e3o R$ 110,00, plano de sa\u00fade, vale academia, caf\u00e9 da manh\u00e3 e frutas no local)<\/span><br \/>\n<span style=\"font-size: 12pt;\">Enviar curr\u00edculo aqui:\u00a0<a href=\"https:\/\/forms.gle\/ahkGizQTycFJxFvV9\">https:\/\/forms.gle\/ahkGizQTycFJxFvV9<\/a><\/span><\/p>\n<p><span style=\"font-size: 12pt;\">Vaga para Social Media<\/span><br \/>\n<span style=\"font-size: 12pt;\">Sal\u00e1rio R$ 2.000,00<\/span><br \/>\n<span style=\"font-size: 12pt;\">Enviar curr\u00edculo:\u00a0<a href=\"https:\/\/forms.gle\/ZvhFMfFH9keDprHDA\">https:\/\/forms.gle\/ZvhFMfFH9keDprHDA<\/a><\/span><\/p>\n<p><span style=\"font-size: 12pt;\">VAGA PARA VIDEOMAKER<\/span><br \/>\n<span style=\"font-size: 12pt;\">Sal\u00e1rio: \u2013 R$ 2.000,00<\/span><br \/>\n<span style=\"font-size: 12pt;\">Enviar curr\u00edculo aqui:\u00a0<a href=\"https:\/\/forms.gle\/zHpyYFnahUWPiNfP9\">https:\/\/forms.gle\/zHpyYFnahUWPiNfP9<\/a><\/span><\/p>\n<p><span style=\"font-size: 12pt;\">VAGA PARA ATENDENTE \u2013 (Ribeir\u00e3o Preto\/SP)<\/span><br \/>\n<span style=\"font-size: 12pt;\">\u00a0Sal\u00e1rio: R$ 1.921,00 + R$ 335,00 (vale-alimenta\u00e7\u00e3o)<\/span><br \/>\n<span style=\"font-size: 12pt;\">N\u00e3o precisa de experi\u00eancia<\/span><br \/>\n<span style=\"font-size: 12pt;\">Enviar curriculo aqui:\u00a0<a href=\"https:\/\/forms.gle\/bFb65LzbaFpag1zX7\">https:\/\/forms.gle\/bFb65LzbaFpag1zX7<\/a><\/span><\/p>\n<p><span style=\"font-size: 12pt;\">Gerente de Relacionamento PJ*<\/span><br \/>\n<span style=\"font-size: 12pt;\">*Remunera\u00e7\u00e3o: R$ 6.300,00 + pacote de benef\u00edcios* * S\u00f3lida experi\u00eancia no atendimento e relacionamento com clientes empresariais (PJ ou Agro) \u00a0Interessados devem fazer a inscri\u00e7\u00e3o no site\u00a0<a href=\"https:\/\/forms.gle\/KqZGQU6Gx6dm4ZA19\">https:\/\/forms.gle\/KqZGQU6Gx6dm4ZA19<\/a><\/span><\/p>\n<p><span style=\"font-size: 12pt;\">\u00a0VAGA ABERTA \u2013 CONSULTOR(A) DE VIAGEM (LAZER)<\/span><br \/>\n<span style=\"font-size: 12pt;\">\u00a0Remunera\u00e7\u00e3o: R$ 2.000,00 fixo + R$ 300,00 de VR + Comiss\u00f5es<\/span><br \/>\n<span style=\"font-size: 12pt;\">Enviar aqui:\u00a0<a href=\"https:\/\/forms.gle\/7MH5caBz9sNScMnY8\">https:\/\/forms.gle\/7MH5caBz9sNScMnY8<\/a><\/span><\/p>\n<p><span style=\"font-size: 12pt;\">\u00a0VAGA PARA AUXILIAR DE IMPRESS\u00c3O \u2013 *SEM EXPERI\u00caNCIA*<\/span><br \/>\n<span style=\"font-size: 12pt;\">\u00a0F\u00e1brica de Uniformes Esportivos \u2013 Ribeir\u00e3o Preto\/SP<\/span><br \/>\n<span style=\"font-size: 12pt;\">\u00a0Sal\u00e1rio: 1.518<\/span><br \/>\n<span style=\"font-size: 12pt;\">Mandar curr\u00edculo aqui:<a href=\"https:\/\/forms.gle\/BoqaQucqsWyt1jPYA\">\u00a0https:\/\/forms.gle\/BoqaQucqsWyt1jPYA<\/a><\/span><\/p>\n<p><span style=\"font-size: 12pt;\">Vaga para *Dom\u00e9stica em Ribeir\u00e3o Preto \u2013 SP*<\/span><br \/>\n<span style=\"font-size: 12pt;\">Sal\u00e1rio: *R$ 2.000,00 mensais* + vale-transporte.<\/span><br \/>\n<span style=\"font-size: 12pt;\">Enviar curr\u00edculo aqui:\u00a0<a href=\"https:\/\/forms.gle\/1LRajPW6Vavj2aUp8\">https:\/\/forms.gle\/1LRajPW6Vavj2aUp8<\/a><\/span><\/p>\n<p data-start=\"837\" data-end=\"872\"><span style=\"font-size: 12pt;\">VAGA PARA DOM\u00c9STICA \u2013 CASA DE FAM\u00cdLIA (R$ 2.500,00)<\/span><br \/>\n<span style=\"font-size: 12pt;\"><a href=\"https:\/\/forms.gle\/CVMR1w9dhdAL2mEA6\">https:\/\/forms.gle\/CVMR1w9dhdAL2mEA6<\/a><\/span><\/p>\n<p><span style=\"font-size: 12pt;\">\u00a0Assistente de Montagem,<\/span><br \/>\n<span style=\"font-size: 12pt;\"><a href=\"https:\/\/forms.gle\/JTpv9BXMmeQZrvLm7\">https:\/\/forms.gle\/JTpv9BXMmeQZrvLm7<\/a><\/span><\/p>\n<p><span style=\"font-size: 12pt;\">Eletricista Industrial<\/span><br \/>\n<span style=\"font-size: 12pt;\"><a href=\"https:\/\/forms.gle\/8nAoWg86DLUAdStB6\">https:\/\/forms.gle\/8nAoWg86DLUAdStB6<\/a><\/span><\/p>\n<p><span style=\"font-size: 12pt;\">\u00a0Mec\u00e2nico de Ar-Condicionado<\/span><br \/>\n<span style=\"font-size: 12pt;\"><a href=\"https:\/\/forms.gle\/txRdAQRiB8emfvsR8\">https:\/\/forms.gle\/txRdAQRiB8emfvsR8<\/a><\/span><\/p>\n<p><span style=\"font-size: 12pt;\">\u00a0Auxiliar de limpeza<\/span><br \/>\n<span style=\"font-size: 12pt;\"><a href=\"https:\/\/forms.gle\/99XnJsnzXx8BSBnu8\">https:\/\/forms.gle\/99XnJsnzXx8BSBnu8<\/a><\/span><\/p>\n<p><span style=\"font-size: 12pt;\">\u00a0Auxiliar Administrativo<\/span><br \/>\n<span style=\"font-size: 12pt;\"><a href=\"https:\/\/forms.gle\/99XnJsnzXx8BSBnu8\">https:\/\/forms.gle\/99XnJsnzXx8BSBnu8<\/a><\/span><\/p>\n<p><span style=\"font-size: 12pt;\">\u00a0Auxiliar de Produ\u00e7\u00e3o<\/span><br \/>\n<span style=\"font-size: 12pt;\"><a href=\"https:\/\/forms.gle\/99XnJsnzXx8BSBnu8\">https:\/\/forms.gle\/99XnJsnzXx8BSBnu8<\/a><\/span><\/p>\n<p><span style=\"font-size: 12pt;\">\u00a0Portaria<\/span><br \/>\n<span style=\"font-size: 12pt;\"><a href=\"https:\/\/forms.gle\/99XnJsnzXx8BSBnu8\">https:\/\/forms.gle\/99XnJsnzXx8BSBnu8<\/a><\/span><\/p>\n<p><span style=\"font-size: 12pt;\">\u00a0Vigilante<\/span><br \/>\n<span style=\"font-size: 12pt;\"><a href=\"https:\/\/forms.gle\/99XnJsnzXx8BSBnu8\">https:\/\/forms.gle\/99XnJsnzXx8BSBnu8<\/a><\/span><\/p>\n<p><span style=\"font-size: 12pt;\">\u00a0Atendente<\/span><br \/>\n<span style=\"font-size: 12pt;\"><a href=\"https:\/\/forms.gle\/99XnJsnzXx8BSBnu8\">https:\/\/forms.gle\/99XnJsnzXx8BSBnu8<\/a><\/span><\/p>\n<p><span style=\"font-size: 12pt;\">\u00a0Balconista<\/span><br \/>\n<span style=\"font-size: 12pt;\"><a href=\"https:\/\/forms.gle\/99XnJsnzXx8BSBnu8\">https:\/\/forms.gle\/99XnJsnzXx8BSBnu8<\/a><\/span><\/p>\n<p><span style=\"font-size: 12pt;\">\u00a0Cozinheira<\/span><br \/>\n<span style=\"font-size: 12pt;\"><a href=\"https:\/\/forms.gle\/99XnJsnzXx8BSBnu8\">https:\/\/forms.gle\/99XnJsnzXx8BSBnu8<\/a><\/span><\/p>\n<p><span style=\"font-size: 12pt;\">\u00a0Auxiliar de Log\u00edstica<\/span><br \/>\n<span style=\"font-size: 12pt;\"><a href=\"https:\/\/forms.gle\/99XnJsnzXx8BSBnu8\">https:\/\/forms.gle\/99XnJsnzXx8BSBnu8<\/a><\/span><\/p>\n<p><span style=\"font-size: 12pt;\">\u00a0Operadora de Caixa<\/span><br \/>\n<span style=\"font-size: 12pt;\"><a href=\"https:\/\/forms.gle\/99XnJsnzXx8BSBnu8\">https:\/\/forms.gle\/99XnJsnzXx8BSBnu8<\/a><\/span><\/p>\n<p><span style=\"font-size: 12pt;\">\u00a0Vaga\u00a0 para Analista de Departamento Pessoal<\/span><br \/>\n<span style=\"font-size: 12pt;\">Sal\u00e1rio: R$ 2.500,00 + R$ 500,00 de ajuda de custo + Vale Alimenta\u00e7\u00e3o de R$ 500,00<\/span><br \/>\n<span style=\"font-size: 12pt;\">Enviar curr\u00edculo aqui:\u00a0<a href=\"https:\/\/forms.gle\/CUoCh97UQQp3A5Jq8\">https:\/\/forms.gle\/CUoCh97UQQp3A5Jq8<\/a><\/span><\/p>\n<p><span style=\"font-size: 12pt;\">\u00a0Vaga\u00a0 para Analista de Marketing<\/span><br \/>\n<span style=\"font-size: 12pt;\"><a href=\"https:\/\/forms.gle\/BvjcQvCXUBLv9L3N8\">https:\/\/forms.gle\/BvjcQvCXUBLv9L3N8<\/a><\/span><\/p>\n<p><span style=\"font-size: 12pt;\">\u00a0Vaga\u00a0 para\u00a0 BAB\u00c1<\/span><br \/>\n<span style=\"font-size: 12pt;\"><a href=\"https:\/\/forms.gle\/Tc1yACuxMwoz4omk7\">https:\/\/forms.gle\/Tc1yACuxMwoz4omk7<\/a><\/span><\/p>\n<p><span style=\"font-size: 12pt;\">\u00a0Vaga\u00a0 para Auxiliar de Montagem,<\/span><br \/>\n<span style=\"font-size: 12pt;\"><a href=\"https:\/\/forms.gle\/JTpv9BXMmeQZrvLm7\">https:\/\/forms.gle\/JTpv9BXMmeQZrvLm7<\/a><\/span><\/p>\n<p><span style=\"font-size: 12pt;\">\u00a0Vaga\u00a0 para Eletricista Industrial<\/span><br \/>\n<span style=\"font-size: 12pt;\"><a href=\"https:\/\/forms.gle\/JTpv9BXMmeQZrvLm7\">https:\/\/forms.gle\/JTpv9BXMmeQZrvLm7<\/a><\/span><\/p>\n<p><span style=\"font-size: 12pt;\">\u00a0Vaga\u00a0 para Mec\u00e2nico de Ar-Condicionado<\/span><br \/>\n<span style=\"font-size: 12pt;\"><a href=\"https:\/\/forms.gle\/JTpv9BXMmeQZrvLm7\">https:\/\/forms.gle\/JTpv9BXMmeQZrvLm7<\/a><\/span><\/p>\n<p><span style=\"font-size: 12pt;\">\u00a0Vaga\u00a0 para Analista de Cobran\u00e7a e Atendimento a Clientes<\/span><br \/>\n<span style=\"font-size: 12pt;\">Sal\u00e1rio: R$ 2.300,00 + VA R$ 570,00 + Vale Transporte<\/span><br \/>\n<span style=\"font-size: 12pt;\"><a href=\"https:\/\/forms.gle\/djFwScRb1wvJ4wCx8\">https:\/\/forms.gle\/djFwScRb1wvJ4wCx8<\/a><\/span><\/p>\n<p><span style=\"font-size: 12pt;\">Vaga\u00a0 para Consultora de LOCA\u00c7\u00c3O<\/span><br \/>\n<span style=\"font-size: 12pt;\">\u00a0Sal\u00e1rio inicial: R$ 2.000,00 + VA R$ 570,00 + VT<\/span><br \/>\n<span style=\"font-size: 12pt;\"><a href=\"https:\/\/forms.gle\/57nT9fzq9xUWS8mA9\">https:\/\/forms.gle\/57nT9fzq9xUWS8mA9<\/a><\/span><\/p>\n<p><span style=\"font-size: 12pt;\">Vaga\u00a0 para\u00a0 Confeiteiro(a)<\/span><br \/>\n<span style=\"font-size: 12pt;\">Sal\u00e1rio: R$ 2.650,00 + Vale-Refei\u00e7\u00e3o de R$ 190,00<\/span><br \/>\n<span style=\"font-size: 12pt;\">Mandar curr\u00edculo aqui:\u00a0<a href=\"https:\/\/forms.gle\/Gi2bbdRn5WPywxSU7\">https:\/\/forms.gle\/Gi2bbdRn5WPywxSU7<\/a><\/span><\/p>\n<p><span style=\"font-size: 12pt;\">\u00a0Vaga\u00a0 para\u00a0 Balconista<\/span><br \/>\n<span style=\"font-size: 12pt;\">Sal\u00e1rio: R$ 1.945,00 + Vale-Refei\u00e7\u00e3o de R$ 190,00<\/span><br \/>\n<span style=\"font-size: 12pt;\">Enviar curr\u00edculo aqui:\u00a0<a href=\"https:\/\/forms.gle\/FwRCcEair8zLdRRV7\">https:\/\/forms.gle\/FwRCcEair8zLdRRV7<\/a><\/span><\/p>\n<p><span style=\"font-size: 12pt;\">\u00a0Vaga\u00a0 para Padeiro<\/span><br \/>\n<span style=\"font-size: 12pt;\">Sal\u00e1rio: R$ 2.750,00 + Vale-Refei\u00e7\u00e3o de R$ 350,00<\/span><br \/>\n<span style=\"font-size: 12pt;\">Enviar curr\u00edculo aqui:\u00a0<a href=\"https:\/\/forms.gle\/oCFWMWRoSSDvv8CdA\">https:\/\/forms.gle\/oCFWMWRoSSDvv8CdA<\/a><\/span><\/p>\n<p><span style=\"font-size: 12pt;\">Vaga de Est\u00e1gio Comercial Bolsa de R$ 1.000, clique aqui:<\/span><br \/>\n<span style=\"font-size: 12pt;\"><a href=\"https:\/\/forms.gle\/wXsx4QT5bw75jpvh9\">https:\/\/forms.gle\/wXsx4QT5bw75jpvh9<\/a><\/span><\/p>\n<p><span style=\"font-size: 12pt;\">Supervisora de Sal\u00e3o (Restaurante)em Franca Sal\u00e1rio de R$2,5 mil, clique aqui:<\/span><br \/>\n<span style=\"font-size: 12pt;\"><a href=\"https:\/\/forms.gle\/oRuov6MoNpSN3QfN9\">https:\/\/forms.gle\/oRuov6MoNpSN3QfN9<\/a><\/span><\/p>\n<p><span style=\"font-size: 12pt;\">Analista de Engenharia Sal\u00e1rio: R$ 3.500 a R$ 4.200, clique aqui:<\/span><br \/>\n<span style=\"font-size: 12pt;\"><a href=\"https:\/\/forms.gle\/jTaVAjymrWbBRm5k6\">https:\/\/forms.gle\/jTaVAjymrWbBRm5k6<\/a><\/span><\/p>\n<p><span style=\"font-size: 12pt;\">Recepcionista \u2013 Sal\u00e1rio R$ 2.000, clique aqui:<\/span><br \/>\n<span style=\"font-size: 12pt;\"><a href=\"https:\/\/forms.gle\/GG35ape6Ux6HrLy87\">https:\/\/forms.gle\/GG35ape6Ux6HrLy87<\/a><\/span><\/p>\n<p><span style=\"font-size: 12pt;\">BALCONISTA \u2013 *Sal\u00e1rio: R$ 1.202,40* Escala 5\u00d72 \u2013 Folga duas vez por semana conforme escala<\/span><br \/>\n<span style=\"font-size: 12pt;\">*PARA MORADORES DE RIBEIRAO PRETO, SERRANA E CRAVINHOS* clique aqui:<\/span><br \/>\n<span style=\"font-size: 12pt;\"><a href=\"https:\/\/forms.gle\/6XmBndWVvEwrqMtU7\">https:\/\/forms.gle\/6XmBndWVvEwrqMtU7<\/a><\/span><\/p>\n<p><span style=\"font-size: 12pt;\">AUXILIAR DE OPERA\u00c7\u00d5ES \u2013 Sal\u00e1rio R$ 2.224 +190 VA, clique aqui:<\/span><br \/>\n<span style=\"font-size: 12pt;\"><a href=\"https:\/\/forms.gle\/DTfr7CzzRHneD1a46\">https:\/\/forms.gle\/DTfr7CzzRHneD1a46<\/a><\/span><\/p>\n<p><span style=\"font-size: 12pt;\">Executivo de Vendas Interno<\/span><br \/>\n<span style=\"font-size: 12pt;\"><a href=\"https:\/\/forms.gle\/6AVDrb1tGXsqhm8G9\">https:\/\/forms.gle\/6AVDrb1tGXsqhm8G9<\/a><\/span><\/p>\n<p><span style=\"font-size: 12pt;\">Assistente ou Analista Cont\u00e1bil \u00a0\u00a0Sal\u00e1rio: R$ 3.000,00 a R$ 3.500,00<\/span><br \/>\n<span style=\"font-size: 12pt;\"><a href=\"https:\/\/forms.gle\/5UMXvnshuGxyRBqq9\">https:\/\/forms.gle\/5UMXvnshuGxyRBqq9<\/a><\/span><\/p>\n<p><span style=\"font-size: 12pt;\">VAGA DE JARDINEIRO OU AUXILIAR DE JARDINAGEM \u2013 IN\u00cdCIO IMEDIATO!\u00a0<\/span><br \/>\n<span style=\"font-size: 12pt;\">\u00a0Sal\u00e1rio inicial: R$ 1.800,00<\/span><br \/>\n<span style=\"font-size: 12pt;\">NECESS\u00c1RIO TER CNH AB ATIVA \u2013 SEM EXPERI\u00caNCIA<\/span><br \/>\n<span style=\"font-size: 12pt;\">Para moradores de Ribeir\u00e3o Preto, Cravinhos, Serrana, Jardin\u00f3polis<\/span><br \/>\n<span style=\"font-size: 12pt;\">Manda Curr\u00edculo aqui:\u00a0<a href=\"https:\/\/forms.gle\/gqa54rQkqfgPbhpu5\">https:\/\/forms.gle\/gqa54rQkqfgPbhpu5<\/a><\/span><\/p>\n<p><span style=\"font-size: 12pt;\">Carregador \u2013 Carga e Descarga<\/span><br \/>\n<span style=\"font-size: 12pt;\">Sal\u00e1rio: R$ 1.750,00 (CLT)<\/span><br \/>\n<span style=\"font-size: 12pt;\">Enviar curr\u00edculo para Ismael Colosi aqui:\u00a0<a href=\"https:\/\/forms.gle\/LxyJxvBsiBdtrreB9\">https:\/\/forms.gle\/LxyJxvBsiBdtrreB9<\/a><\/span><\/p>\n<p data-start=\"453\" data-end=\"1139\"><span style=\"font-size: 12pt;\">Assistente ou Analista Cont\u00e1bil \u00a0\u00a0Sal\u00e1rio: R$ 3.000,00 a R$ 3.500,00<\/span><br \/>\n<span style=\"font-size: 12pt;\"><a href=\"https:\/\/forms.gle\/5UMXvnshuGxyRBqq9\">https:\/\/forms.gle\/5UMXvnshuGxyRBqq9<\/a><\/span><\/p>\n<p data-start=\"1141\" data-end=\"1365\"><span style=\"font-size: 12pt;\">\u00a0Acompanhe tamb\u00e9m pelo Instagram: <a href=\"https:\/\/www.instagram.com\/ismaelcolosi\/\" target=\"_new\" rel=\"noopener\" data-start=\"1177\" data-end=\"1233\">@ismaelcolosi<\/a><\/span><br data-start=\"1233\" data-end=\"1236\" \/><span style=\"font-size: 12pt;\">\u00a0Entre no nosso <strong data-start=\"1254\" data-end=\"1284\">Grupo de Vagas no WhatsApp<\/strong>:\u00a0<a href=\"https:\/\/chat.whatsapp.com\/BqP1oF0kIW4843Ko1qXXaO\" target=\"_new\" rel=\"noopener\" data-start=\"1286\" data-end=\"1365\">Clique aqui para participar<\/a><\/span><\/p>\n<div class='code-block code-block-4' style='margin: 8px auto 8px 0; text-align: left; display: block; clear: both;'>\n\ud83d\udce2 Aviso Legal\n\nO site ismaelcolosi.com.br atua apenas como um canal de divulga\u00e7\u00e3o de oportunidades de emprego e n\u00e3o se responsabiliza pelo processo seletivo, contrata\u00e7\u00e3o ou qualquer outra etapa relacionada \u00e0s vagas publicadas. Todas as informa\u00e7\u00f5es s\u00e3o de responsabilidade dos anunciantes.\n\n\u26a0\ufe0f Aten\u00e7\u00e3o! Nunca pague por promessas de emprego nem compre cursos que garantam contrata\u00e7\u00e3o. Desconfie de qualquer cobran\u00e7a para participar de sele\u00e7\u00f5es.\n\n\n\n<\/div>\n<!-- CONTENT END 1 -->\n","protected":false},"excerpt":{"rendered":"<p>O Poder de uma Equipe Bem Integrada A habilidade para trabalhar em equipe \u00e9 uma das compet\u00eancias mais valorizadas no ambiente profissional atual. Ela envolve&#8230;<\/p>\n","protected":false},"author":5,"featured_media":87335,"comment_status":"closed","ping_status":"open","sticky":false,"template":"","format":"standard","meta":{"_uag_custom_page_level_css":"","advanced_seo_description":"","jetpack_seo_html_title":"","jetpack_seo_noindex":false,"jetpack_post_was_ever_published":false,"_jetpack_newsletter_access":"","_jetpack_dont_email_post_to_subs":false,"_jetpack_newsletter_tier_id":0,"_jetpack_memberships_contains_paywalled_content":false,"_jetpack_memberships_contains_paid_content":false,"footnotes":"","jetpack_publicize_message":"","jetpack_publicize_feature_enabled":true,"jetpack_social_post_already_shared":true,"jetpack_social_options":{"image_generator_settings":{"template":"highway","default_image_id":0,"font":"","enabled":false},"version":2}},"categories":[7],"tags":[],"class_list":["post-87811","post","type-post","status-publish","format-standard","has-post-thumbnail","hentry","category-vagas-de-empregos-em-ribeirao-preto-regiao-brasil"],"jetpack_publicize_connections":[],"jetpack_featured_media_url":"https:\/\/i0.wp.com\/ismaelcolosi.com.br\/wp-content\/uploads\/2025\/09\/a3e97088f30f8acd4c21ea69ffbecb43.jpg?fit=1080%2C981&ssl=1","uagb_featured_image_src":{"full":["https:\/\/i0.wp.com\/ismaelcolosi.com.br\/wp-content\/uploads\/2025\/09\/a3e97088f30f8acd4c21ea69ffbecb43.jpg?fit=1080%2C981&ssl=1",1080,981,false],"thumbnail":["https:\/\/i0.wp.com\/ismaelcolosi.com.br\/wp-content\/uploads\/2025\/09\/a3e97088f30f8acd4c21ea69ffbecb43.jpg?resize=150%2C150&ssl=1",150,150,true],"medium":["https:\/\/i0.wp.com\/ismaelcolosi.com.br\/wp-content\/uploads\/2025\/09\/a3e97088f30f8acd4c21ea69ffbecb43.jpg?fit=300%2C273&ssl=1",300,273,true],"medium_large":["https:\/\/i0.wp.com\/ismaelcolosi.com.br\/wp-content\/uploads\/2025\/09\/a3e97088f30f8acd4c21ea69ffbecb43.jpg?fit=768%2C698&ssl=1",768,698,true],"large":["https:\/\/i0.wp.com\/ismaelcolosi.com.br\/wp-content\/uploads\/2025\/09\/a3e97088f30f8acd4c21ea69ffbecb43.jpg?fit=1024%2C930&ssl=1",1024,930,true],"1536x1536":["https:\/\/i0.wp.com\/ismaelcolosi.com.br\/wp-content\/uploads\/2025\/09\/a3e97088f30f8acd4c21ea69ffbecb43.jpg?fit=1080%2C981&ssl=1",1080,981,true],"2048x2048":["https:\/\/i0.wp.com\/ismaelcolosi.com.br\/wp-content\/uploads\/2025\/09\/a3e97088f30f8acd4c21ea69ffbecb43.jpg?fit=1080%2C981&ssl=1",1080,981,true],"really-simple-thumb":["https:\/\/i0.wp.com\/ismaelcolosi.com.br\/wp-content\/uploads\/2025\/09\/a3e97088f30f8acd4c21ea69ffbecb43.jpg?resize=370%2C247&ssl=1",370,247,true]},"uagb_author_info":{"display_name":"Arthur Tijolo","author_link":"https:\/\/ismaelcolosi.com.br\/index.php\/author\/autor-2024\/"},"uagb_comment_info":0,"uagb_excerpt":"O Poder de uma Equipe Bem Integrada A habilidade para trabalhar em equipe \u00e9 uma das compet\u00eancias mais valorizadas no ambiente profissional atual. Ela envolve...","jetpack-related-posts":[{"id":84945,"url":"https:\/\/ismaelcolosi.com.br\/index.php\/2025\/04\/29\/curso-gratuito-com-240-vagas-em-ribeirao-preto-para-estudantes-de-escolas-publicas-beneficios-incluem-vale-transporte-alimentacao-e-apostilas-gratuitas\/","url_meta":{"origin":87811,"position":0},"title":"Curso gratuito com 240 vagas em Ribeir\u00e3o Preto para estudantes de escolas p\u00fablicas. Benef\u00edcios incluem vale-transporte, alimenta\u00e7\u00e3o e apostilas gratuitas.","author":"Arthur Tijolo","date":"29 de April de 2025","format":false,"excerpt":"\"Projete o Futuro\", que \u00e9 gratuito e feito especialmente para estudantes do ensino m\u00e9dio de escolas p\u00fablicas em Ribeir\u00e3o Preto. Ele ajuda jovens a se prepararem para o mercado de trabalho, ensinando coisas como como cuidar do dinheiro, se comunicar bem, trabalhar em equipe e entender como funcionam neg\u00f3cios e\u2026","rel":"","context":"In &quot;Cursos Gratuitos e Bolsas de Estudos&quot;","block_context":{"text":"Cursos Gratuitos e Bolsas de Estudos","link":"https:\/\/ismaelcolosi.com.br\/index.php\/category\/cursos-gratuitos-e-bolsas-de-estudos-ribeirao-preto\/"},"img":{"alt_text":"","src":"https:\/\/i0.wp.com\/ismaelcolosi.com.br\/wp-content\/uploads\/2025\/04\/colleagues-studying-together-college-exam-scaled.jpg?fit=1200%2C798&ssl=1&resize=350%2C200","width":350,"height":200,"srcset":"https:\/\/i0.wp.com\/ismaelcolosi.com.br\/wp-content\/uploads\/2025\/04\/colleagues-studying-together-college-exam-scaled.jpg?fit=1200%2C798&ssl=1&resize=350%2C200 1x, https:\/\/i0.wp.com\/ismaelcolosi.com.br\/wp-content\/uploads\/2025\/04\/colleagues-studying-together-college-exam-scaled.jpg?fit=1200%2C798&ssl=1&resize=525%2C300 1.5x, https:\/\/i0.wp.com\/ismaelcolosi.com.br\/wp-content\/uploads\/2025\/04\/colleagues-studying-together-college-exam-scaled.jpg?fit=1200%2C798&ssl=1&resize=700%2C400 2x, https:\/\/i0.wp.com\/ismaelcolosi.com.br\/wp-content\/uploads\/2025\/04\/colleagues-studying-together-college-exam-scaled.jpg?fit=1200%2C798&ssl=1&resize=1050%2C600 3x"},"classes":[]},{"id":80476,"url":"https:\/\/ismaelcolosi.com.br\/index.php\/2024\/12\/26\/recepcionista-hospitalar-ribeirao-preto-4\/","url_meta":{"origin":87811,"position":1},"title":"Recepcionista Hospitalar (Ribeir\u00e3o Preto)","author":"ismaelcolosi.com.br","date":"26 de December de 2024","format":false,"excerpt":"Recepcionista Hospitalar (Ribeir\u00e3o Preto) Publicada em 09 de outubro de 2024 Inscri\u00e7\u00f5es abertas at\u00e9 31 de janeiro de 2025 Local de trabalho: Ribeir\u00e3o Preto - SPRibeir\u00e3o Preto - SP Tipo de vaga: EfetivoEfetivo Modelo de trabalho: PresencialPresencial Descri\u00e7\u00e3o da vaga \ud83c\udfe5O Hospital VFP \u00e9 tido como refer\u00eancia na medicina veterin\u00e1ria\u2026","rel":"","context":"In &quot;Blog&quot;","block_context":{"text":"Blog","link":"https:\/\/ismaelcolosi.com.br\/index.php\/category\/blog\/"},"img":{"alt_text":"","src":"https:\/\/i0.wp.com\/ismaelcolosi.com.br\/wp-content\/uploads\/2023\/12\/Recepcionista-1.webp.webp?fit=1200%2C675&ssl=1&resize=350%2C200","width":350,"height":200,"srcset":"https:\/\/i0.wp.com\/ismaelcolosi.com.br\/wp-content\/uploads\/2023\/12\/Recepcionista-1.webp.webp?fit=1200%2C675&ssl=1&resize=350%2C200 1x, https:\/\/i0.wp.com\/ismaelcolosi.com.br\/wp-content\/uploads\/2023\/12\/Recepcionista-1.webp.webp?fit=1200%2C675&ssl=1&resize=525%2C300 1.5x, https:\/\/i0.wp.com\/ismaelcolosi.com.br\/wp-content\/uploads\/2023\/12\/Recepcionista-1.webp.webp?fit=1200%2C675&ssl=1&resize=700%2C400 2x, https:\/\/i0.wp.com\/ismaelcolosi.com.br\/wp-content\/uploads\/2023\/12\/Recepcionista-1.webp.webp?fit=1200%2C675&ssl=1&resize=1050%2C600 3x"},"classes":[]},{"id":1148,"url":"https:\/\/ismaelcolosi.com.br\/index.php\/2023\/11\/10\/como-contratar-para-o-trabalho-remoto-home-office\/","url_meta":{"origin":87811,"position":2},"title":"Como Contratar para o Trabalho Remoto (Home Office)","author":"ismaelcolosi.com.br","date":"10 de November de 2023","format":false,"excerpt":"Contratar bons profissionais \u00e9 fundamental, mas tamb\u00e9m extremamente dificil. Contratar trabalhadores remotos, realizando a entrevista por videochamada, pode parecer ainda mais dif\u00edcil. Mas na verdade n\u00e3o \u00e9. Seguindo algumas melhores pr\u00e1ticas, \u00e9 poss\u00edvel montar uma equipe remota altamente motivada e produtiva. Por isso desenvolvemos esse guia completo, que voc\u00ea poder\u00e1\u2026","rel":"","context":"In &quot;Vagas de Emprego em Ribeir\u00e3o Preto-SP&quot;","block_context":{"text":"Vagas de Emprego em Ribeir\u00e3o Preto-SP","link":"https:\/\/ismaelcolosi.com.br\/index.php\/category\/empregos-classificados-vagas-trabalho\/vagas-de-empregos-em-ribeirao-preto-regiao-brasil\/"},"img":{"alt_text":"","src":"https:\/\/i0.wp.com\/ismaelcolosi.com.br\/wp-content\/uploads\/2023\/11\/contratar-trabalho-home-office.jpg?fit=400%2C267&ssl=1&resize=350%2C200","width":350,"height":200},"classes":[]},{"id":82946,"url":"https:\/\/ismaelcolosi.com.br\/index.php\/2025\/02\/14\/hospital-sao-lucas-de-rib-preto-abre-varias-vagas-para-area-de-enfermagem-desde-tecnico-de-enfermagem-a-ate-estagiario-venha-conferir\/","url_meta":{"origin":87811,"position":3},"title":"Hospital S\u00e3o Lucas de Ribeir\u00e3o Preto est\u00e1 abrindo v\u00e1rias vagas para a \u00e1rea de enfermagem, desde T\u00e9cnico de Enfermagem at\u00e9 Estagi\u00e1rio. Venha conferir!","author":"Arthur Tijolo","date":"14 de February de 2025","format":false,"excerpt":"Os T\u00e9cnicos de Enfermagem s\u00e3o profissionais essenciais que contribuem significativamente para a qualidade e efici\u00eancia do atendimento em sa\u00fade, proporcionando cuidados diretos e humanizados aos pacientes e colaborando com a equipe m\u00e9dica na realiza\u00e7\u00e3o dos procedimentos necess\u00e1rios. Aqui est\u00e3o algumas raz\u00f5es que destacam a import\u00e2ncia dos T\u00e9cnicos de Enfermagem: Apoio\u2026","rel":"","context":"In &quot;Vagas de Emprego em Ribeir\u00e3o Preto-SP&quot;","block_context":{"text":"Vagas de Emprego em Ribeir\u00e3o Preto-SP","link":"https:\/\/ismaelcolosi.com.br\/index.php\/category\/empregos-classificados-vagas-trabalho\/vagas-de-empregos-em-ribeirao-preto-regiao-brasil\/"},"img":{"alt_text":"","src":"https:\/\/i0.wp.com\/ismaelcolosi.com.br\/wp-content\/uploads\/2025\/02\/female-nurse-practicing-medicine-clinic-scaled.jpg?fit=1200%2C798&ssl=1&resize=350%2C200","width":350,"height":200,"srcset":"https:\/\/i0.wp.com\/ismaelcolosi.com.br\/wp-content\/uploads\/2025\/02\/female-nurse-practicing-medicine-clinic-scaled.jpg?fit=1200%2C798&ssl=1&resize=350%2C200 1x, https:\/\/i0.wp.com\/ismaelcolosi.com.br\/wp-content\/uploads\/2025\/02\/female-nurse-practicing-medicine-clinic-scaled.jpg?fit=1200%2C798&ssl=1&resize=525%2C300 1.5x, https:\/\/i0.wp.com\/ismaelcolosi.com.br\/wp-content\/uploads\/2025\/02\/female-nurse-practicing-medicine-clinic-scaled.jpg?fit=1200%2C798&ssl=1&resize=700%2C400 2x, https:\/\/i0.wp.com\/ismaelcolosi.com.br\/wp-content\/uploads\/2025\/02\/female-nurse-practicing-medicine-clinic-scaled.jpg?fit=1200%2C798&ssl=1&resize=1050%2C600 3x"},"classes":[]},{"id":50906,"url":"https:\/\/ismaelcolosi.com.br\/index.php\/2024\/05\/20\/mcdonalds-oferece-80-vagas-de-emprego-em-ribeirao-preto-e-regiao-saiba-mais\/","url_meta":{"origin":87811,"position":4},"title":"McDonald\u2019s oferece 80 vagas de emprego em Ribeir\u00e3o Preto e regi\u00e3o; Saiba mais","author":"ismaelcolosi.com.br","date":"20 de May de 2024","format":false,"excerpt":"O McDonald\u2019s est\u00e1 oferecendo 80 vagas de emprego, para candidatos interessados em trabalhar em um dos 14 restaurantes da rede, que ficam em Ribeir\u00e3o Preto e Sert\u00e3ozinho. As oportunidades s\u00e3o para os cargos de atendente de restaurante e n\u00e3o \u00e9 preciso ter experi\u00eancia. Al\u00e9m disso, as vagas tamb\u00e9m s\u00e3o destinadas\u2026","rel":"","context":"In &quot;Not\u00edcias de Ribeir\u00e3o Preto-SP e Regi\u00e3o&quot;","block_context":{"text":"Not\u00edcias de Ribeir\u00e3o Preto-SP e Regi\u00e3o","link":"https:\/\/ismaelcolosi.com.br\/index.php\/category\/noticias-de-ribeirao-preto-sp-e-regiao-ismael-colosi\/"},"img":{"alt_text":"","src":"https:\/\/i0.wp.com\/ismaelcolosi.com.br\/wp-content\/uploads\/2024\/05\/Copia-de-Copia-de-TAMANHO-EXATO-PARA-FOTOS-NO-SISTEMA-NOVO-20_2024-05-20_21-25-42_jpg_2024-05-20_21-25-42.webp.webp?fit=1200%2C675&ssl=1&resize=350%2C200","width":350,"height":200,"srcset":"https:\/\/i0.wp.com\/ismaelcolosi.com.br\/wp-content\/uploads\/2024\/05\/Copia-de-Copia-de-TAMANHO-EXATO-PARA-FOTOS-NO-SISTEMA-NOVO-20_2024-05-20_21-25-42_jpg_2024-05-20_21-25-42.webp.webp?fit=1200%2C675&ssl=1&resize=350%2C200 1x, https:\/\/i0.wp.com\/ismaelcolosi.com.br\/wp-content\/uploads\/2024\/05\/Copia-de-Copia-de-TAMANHO-EXATO-PARA-FOTOS-NO-SISTEMA-NOVO-20_2024-05-20_21-25-42_jpg_2024-05-20_21-25-42.webp.webp?fit=1200%2C675&ssl=1&resize=525%2C300 1.5x, https:\/\/i0.wp.com\/ismaelcolosi.com.br\/wp-content\/uploads\/2024\/05\/Copia-de-Copia-de-TAMANHO-EXATO-PARA-FOTOS-NO-SISTEMA-NOVO-20_2024-05-20_21-25-42_jpg_2024-05-20_21-25-42.webp.webp?fit=1200%2C675&ssl=1&resize=700%2C400 2x, https:\/\/i0.wp.com\/ismaelcolosi.com.br\/wp-content\/uploads\/2024\/05\/Copia-de-Copia-de-TAMANHO-EXATO-PARA-FOTOS-NO-SISTEMA-NOVO-20_2024-05-20_21-25-42_jpg_2024-05-20_21-25-42.webp.webp?fit=1200%2C675&ssl=1&resize=1050%2C600 3x"},"classes":[]},{"id":83258,"url":"https:\/\/ismaelcolosi.com.br\/index.php\/2025\/02\/21\/vagas-para-equipe-de-bar-em-eventos-em-ribeirao-preto\/","url_meta":{"origin":87811,"position":5},"title":"VAGAS PARA EQUIPE DE BAR EM EVENTOS EM RIBEIR\u00c3O PRETO","author":"ismaelcolosi.com.br","date":"21 de February de 2025","format":false,"excerpt":"BTRENDS GROUP ABRE VAGAS PARA EQUIPE DE BAR EM EVENTOS EM RIBEIR\u00c3O PRETO A empresa BTrends Group est\u00e1 com vagas abertas para quem deseja trabalhar nos dias 22 e 23 de fevereiro (s\u00e1bado e domingo) em dois grandes eventos na cidade de Ribeir\u00e3o Preto. As oportunidades s\u00e3o para a equipe\u2026","rel":"","context":"In &quot;Vagas de Emprego em Ribeir\u00e3o Preto-SP&quot;","block_context":{"text":"Vagas de Emprego em Ribeir\u00e3o Preto-SP","link":"https:\/\/ismaelcolosi.com.br\/index.php\/category\/empregos-classificados-vagas-trabalho\/vagas-de-empregos-em-ribeirao-preto-regiao-brasil\/"},"img":{"alt_text":"","src":"https:\/\/i0.wp.com\/ismaelcolosi.com.br\/wp-content\/uploads\/2025\/02\/1739916624_VAGA-DE-EMPREGO-URGENTE.jpg?fit=1000%2C563&ssl=1&resize=350%2C200","width":350,"height":200,"srcset":"https:\/\/i0.wp.com\/ismaelcolosi.com.br\/wp-content\/uploads\/2025\/02\/1739916624_VAGA-DE-EMPREGO-URGENTE.jpg?fit=1000%2C563&ssl=1&resize=350%2C200 1x, https:\/\/i0.wp.com\/ismaelcolosi.com.br\/wp-content\/uploads\/2025\/02\/1739916624_VAGA-DE-EMPREGO-URGENTE.jpg?fit=1000%2C563&ssl=1&resize=525%2C300 1.5x, https:\/\/i0.wp.com\/ismaelcolosi.com.br\/wp-content\/uploads\/2025\/02\/1739916624_VAGA-DE-EMPREGO-URGENTE.jpg?fit=1000%2C563&ssl=1&resize=700%2C400 2x"},"classes":[]}],"jetpack_sharing_enabled":true,"jetpack_shortlink":"https:\/\/wp.me\/pfMlyK-mQj","_links":{"self":[{"href":"https:\/\/ismaelcolosi.com.br\/index.php\/wp-json\/wp\/v2\/posts\/87811","targetHints":{"allow":["GET"]}}],"collection":[{"href":"https:\/\/ismaelcolosi.com.br\/index.php\/wp-json\/wp\/v2\/posts"}],"about":[{"href":"https:\/\/ismaelcolosi.com.br\/index.php\/wp-json\/wp\/v2\/types\/post"}],"author":[{"embeddable":true,"href":"https:\/\/ismaelcolosi.com.br\/index.php\/wp-json\/wp\/v2\/users\/5"}],"replies":[{"embeddable":true,"href":"https:\/\/ismaelcolosi.com.br\/index.php\/wp-json\/wp\/v2\/comments?post=87811"}],"version-history":[{"count":1,"href":"https:\/\/ismaelcolosi.com.br\/index.php\/wp-json\/wp\/v2\/posts\/87811\/revisions"}],"predecessor-version":[{"id":87812,"href":"https:\/\/ismaelcolosi.com.br\/index.php\/wp-json\/wp\/v2\/posts\/87811\/revisions\/87812"}],"wp:featuredmedia":[{"embeddable":true,"href":"https:\/\/ismaelcolosi.com.br\/index.php\/wp-json\/wp\/v2\/media\/87335"}],"wp:attachment":[{"href":"https:\/\/ismaelcolosi.com.br\/index.php\/wp-json\/wp\/v2\/media?parent=87811"}],"wp:term":[{"taxonomy":"category","embeddable":true,"href":"https:\/\/ismaelcolosi.com.br\/index.php\/wp-json\/wp\/v2\/categories?post=87811"},{"taxonomy":"post_tag","embeddable":true,"href":"https:\/\/ismaelcolosi.com.br\/index.php\/wp-json\/wp\/v2\/tags?post=87811"}],"curies":[{"name":"wp","href":"https:\/\/api.w.org\/{rel}","templated":true}]}}