{"id":87809,"date":"2025-10-02T12:54:54","date_gmt":"2025-10-02T15:54:54","guid":{"rendered":"https:\/\/ismaelcolosi.com.br\/index.php\/2025\/10\/02\/governo-dos-eua-propoe-compromissos-sobre-ideologia-e-limites-de-alunos-estrangeiros-para-universidades-acessarem-recursos-federais\/"},"modified":"2025-10-02T12:54:54","modified_gmt":"2025-10-02T15:54:54","slug":"governo-dos-eua-propoe-compromissos-sobre-ideologia-e-limites-de-alunos-estrangeiros-para-universidades-acessarem-recursos-federais","status":"publish","type":"post","link":"https:\/\/ismaelcolosi.com.br\/index.php\/2025\/10\/02\/governo-dos-eua-propoe-compromissos-sobre-ideologia-e-limites-de-alunos-estrangeiros-para-universidades-acessarem-recursos-federais\/","title":{"rendered":"Governo dos EUA Prop\u00f5e Compromissos sobre Ideologia e Limites de Alunos Estrangeiros para Universidades Acessarem Recursos Federais"},"content":{"rendered":"<p> <br \/>\n<\/p>\n<div>\n<figure class=\"destaque wp-caption\">&#13;<br \/>\n\t\t<img data-recalc-dims=\"1\" width=\"678\" height=\"452\" src=\"https:\/\/i0.wp.com\/forbes.com.br\/wp-content\/uploads\/2025\/10\/casa-branca-768x512.jpg?resize=678%2C452&#038;ssl=1\" class=\"attachment-medium_large size-medium_large wp-post-image\" alt=\"Casa Branca, em Washington, EUA\" decoding=\"async\" fetchpriority=\"high\"\/>\t\t<\/p>\n<p>REUTERS\/Kevin Mohat<\/p>\n<p>&#13;<figcaption class=\"wp-caption-text\">Casa Branca, em Washington, EUA<\/figcaption>&#13;<br \/>\n\t<\/figure>\n<div class=\"accessibility\">\n<p>Acessibilidade<\/p>\n<p>&#13;<br \/>\n\t\t\t<button onclick=\"alterFont1()\" id=\"btn1\" class=\"btn\">L<\/button>&#13;<br \/>\n\t\t\t<button onclick=\"alterFont2()\" id=\"btn2\" class=\"btn\" style=\"font-family:Merriweather\">L<\/button>&#13;<br \/>\n\t\t\t<button onclick=\"alterFontSmallerSize()\" id=\"btn3\" class=\"btn\">A-<\/button>&#13;<br \/>\n\t\t\t<button onclick=\"alterFontBiggerSize()\" id=\"btn4\" class=\"btn\">A+<\/button>&#13;<br \/>\n\t\t\t<!--<button onclick='alterFontBolder()' id='btn5' class=\"btn\" >B<\/button>-->&#13;<br \/>\n\t\t\t<button onclick=\"alterBackground()\" id=\"btn6\" class=\"btn\">\u25d0<\/button>&#13;<br \/>\n\t\t\t<!--<button onclick='clean()' id='btn7' class=\"btn\" >Limpar<\/button>-->&#13;\n\t\t<\/p>\n<\/p><\/div>\n<p>O governo do presidente Donald Trump pediu que as universidades americanas assinem um acordo de termos abrangentes \u2014 que v\u00e3o desde matr\u00edculas de estrangeiros e diversidade at\u00e9 valores ideol\u00f3gicos de alunos e funcion\u00e1rios \u2014 para obter acesso preferencial a recursos federais, de acordo com um memorando de 10 pontos encaminhado na quarta-feira (1) pelo governo.<\/p>\n<p>O memorando, compartilhado com a Reuters por um funcion\u00e1rio da Casa Branca, exige que as faculdades limitem as matr\u00edculas internacionais a 15%, pro\u00edbam o uso de crit\u00e9rios de ra\u00e7a ou sexo em contrata\u00e7\u00f5es e admiss\u00f5es, congelem as mensalidades por cinco anos, exijam que os candidatos fa\u00e7am o exame SAT ou um teste semelhante e acabem com a infla\u00e7\u00e3o das notas.<\/p>\n<aside>\n<h2>Leia tamb\u00e9m<\/h2>\n<\/aside>\n<p>Trump j\u00e1 amea\u00e7ou cortar o financiamento federal para as universidades devido a uma s\u00e9rie de quest\u00f5es, como protestos pr\u00f3-palestinos contra a guerra de Israel, aliado dos EUA, em Gaza, pol\u00edticas para transg\u00eaneros, iniciativas clim\u00e1ticas e programas de diversidade, equidade e inclus\u00e3o.<\/p>\n<p>Os defensores dos direitos humanos levantaram preocupa\u00e7\u00f5es sobre a liberdade de express\u00e3o e a liberdade acad\u00eamica em rela\u00e7\u00e3o a a\u00e7\u00f5es que, segundo eles, visam alinhar as universidades \u00e0 agenda pol\u00edtica de Trump.<\/p>\n<p>O presidente argumenta que as universidades abrigam valores \u201cantiamericanos\u201d e anticonservadores.<\/p>\n<h2>Detalhes do memorando<\/h2>\n<p>O memorando de 10 pontos recomenda a diversidade de pontos de vista do corpo docente, dos alunos e da equipe, incluindo a revis\u00e3o das estruturas de governan\u00e7a e a \u201ctransforma\u00e7\u00e3o ou aboli\u00e7\u00e3o de unidades institucionais que propositalmente punem, menosprezam e at\u00e9 mesmo provocam viol\u00eancia contra ideias conservadoras\u201d.<\/p>\n<p>O documento diz que os estudantes estrangeiros devem apoiar os \u201cvalores norte-americanos e ocidentais\u201d e pede que as faculdades \u201cexcluam os estudantes que demonstrem hostilidade aos Estados Unidos, seus aliados ou seus valores\u201d.<\/p>\n<p>Tamb\u00e9m diz que as universidades devem compartilhar todas as informa\u00e7\u00f5es conhecidas sobre os alunos estrangeiros, inclusive registros disciplinares, mediante solicita\u00e7\u00e3o do Departamento de Seguran\u00e7a Interna e ao Departamento de Estado.<\/p>\n<p>\u00c9 prov\u00e1vel que a orienta\u00e7\u00e3o suscite preocupa\u00e7\u00f5es com o devido processo legal e a privacidade \u00e0 luz de recentes tentativas do governo Trump de deportar estudantes pr\u00f3-palestinos. As tentativas enfrentaram desafios legais.<\/p>\n<p>O memorando diz que \u201cn\u00e3o mais do que 15% da popula\u00e7\u00e3o de estudantes de gradua\u00e7\u00e3o de uma universidade devem ser participantes do Programa de Interc\u00e2mbio de Visto Estudantil, e n\u00e3o mais do que 5% devem ser um pa\u00eds espec\u00edfico.\u201d Para as escolas que atualmente ultrapassam a popula\u00e7\u00e3o de 15%, as novas turmas de matr\u00edculas devem atender ao limite de 15%, acrescenta.<\/p>\n<p>Cartas foram enviadas na quarta-feira para solicitar a concord\u00e2ncia e o feedback da Universidade de Vanderbilt, do Dartmouth College, da Universidade da Pensilv\u00e2nia, da Universidade do Sul da Calif\u00f3rnia, do Instituto de Tecnologia de Massachusetts, da Universidade do Texas, da Universidade do Arizona, da Universidade Brown e da Universidade da Virg\u00ednia, disse o funcion\u00e1rio da Casa Branca.<\/p>\n<p>As universidades que assinarem o acordo obter\u00e3o \u201cv\u00e1rios benef\u00edcios positivos\u201d, incluindo \u201csubs\u00eddios federais substanciais e significativos\u201d, segundo uma carta endere\u00e7ada aos l\u00edderes universit\u00e1rios. O Wall Street Journal foi o primeiro a divulgar a not\u00edcia.<\/p>\n<p>O memorando diz que a ades\u00e3o ao acordo estar\u00e1 sujeita \u00e0 an\u00e1lise do Departamento de Justi\u00e7a dos EUA e que as universidades que violarem o acordo \u201cperder\u00e3o o acesso aos benef\u00edcios do mesmo\u201d.<\/p>\n<aside>\n<h2>Escolhas do editor<\/h2>\n<\/aside>\n<div class=\"follow-us\">Siga o canal da <a href=\"https:\/\/whatsapp.com\/channel\/0029Va9gQKwBFLgM96cJnu0u\" target=\"_blank\" rel=\"noopener noreferrer nofollow\" title=\"Grupo da Forbes no WhatsApp\">Forbes<\/a> no WhatsApp e receba as principais not\u00edcias de empreendedorismo, carreira, tecnologia, agro e lifestyle.<\/div>\n<\/p><\/div>\n<p><script data-debloat-delay=\"1\" type=\"text\/debloat-script\">\n\t\t\t\t(function(d, s, id){\n\t\t\t\t\tvar js, fjs = d.getElementsByTagName(s)[0];\n\t\t\t\t\tif (d.getElementById(id)) return;\n\t\t\t\t\tjs = d.createElement(s); js.id = id;\n\t\t\t\t\tjs.src = \"\/\/connect.facebook.net\/pt_BR\/sdk.js#xfbml=1&version=v2.9\";\n\t\t\t\t\tfjs.parentNode.insertBefore(js, fjs);\n\t\t\t\t}(document, 'script', 'facebook-jssdk'));\n\t\t\t<\/script><br \/>\n<br \/><br \/>\n<br \/><a href=\"https:\/\/forbes.com.br\/carreira\/2025\/10\/governo-dos-eua-propoe-compromissos-sobre-ideologia-e-limites-de-alunos-estrangeiros-para-universidades-acessarem-recursos-federais\/\">Source link <\/a><\/p>\n<div class='code-block code-block-4' style='margin: 8px auto 8px 0; text-align: left; display: block; clear: both;'>\n\ud83d\udce2 Aviso Legal\n\nO site ismaelcolosi.com.br atua apenas como um canal de divulga\u00e7\u00e3o de oportunidades de emprego e n\u00e3o se responsabiliza pelo processo seletivo, contrata\u00e7\u00e3o ou qualquer outra etapa relacionada \u00e0s vagas publicadas. Todas as informa\u00e7\u00f5es s\u00e3o de responsabilidade dos anunciantes.\n\n\u26a0\ufe0f Aten\u00e7\u00e3o! Nunca pague por promessas de emprego nem compre cursos que garantam contrata\u00e7\u00e3o. Desconfie de qualquer cobran\u00e7a para participar de sele\u00e7\u00f5es.\n\n\n\n<\/div>\n<!-- CONTENT END 1 -->\n","protected":false},"excerpt":{"rendered":"<p>&#13; REUTERS\/Kevin Mohat &#13;Casa Branca, em Washington, EUA&#13; Acessibilidade &#13; L&#13; L&#13; A-&#13; A+&#13; &#13; \u25d0&#13; &#13; O governo do presidente Donald Trump pediu que&#8230;<\/p>\n","protected":false},"author":1,"featured_media":87810,"comment_status":"","ping_status":"open","sticky":false,"template":"","format":"standard","meta":{"_uag_custom_page_level_css":"","advanced_seo_description":"","jetpack_seo_html_title":"","jetpack_seo_noindex":false,"jetpack_post_was_ever_published":false,"_jetpack_newsletter_access":"","_jetpack_dont_email_post_to_subs":false,"_jetpack_newsletter_tier_id":0,"_jetpack_memberships_contains_paywalled_content":false,"_jetpack_memberships_contains_paid_content":false,"footnotes":"","jetpack_publicize_message":"","jetpack_publicize_feature_enabled":true,"jetpack_social_post_already_shared":true,"jetpack_social_options":{"image_generator_settings":{"template":"highway","default_image_id":0,"font":"","enabled":false},"version":2}},"categories":[1964],"tags":[],"class_list":["post-87809","post","type-post","status-publish","format-standard","has-post-thumbnail","hentry","category-carreira-e-sucesso-dicas-para-carreira"],"jetpack_publicize_connections":[],"jetpack_featured_media_url":"https:\/\/i0.wp.com\/ismaelcolosi.com.br\/wp-content\/uploads\/2025\/10\/casa-branca-1200x675.jpg?fit=1200%2C675&ssl=1","uagb_featured_image_src":{"full":["https:\/\/i0.wp.com\/ismaelcolosi.com.br\/wp-content\/uploads\/2025\/10\/casa-branca-1200x675.jpg?fit=1200%2C675&ssl=1",1200,675,false],"thumbnail":["https:\/\/i0.wp.com\/ismaelcolosi.com.br\/wp-content\/uploads\/2025\/10\/casa-branca-1200x675.jpg?resize=150%2C150&ssl=1",150,150,true],"medium":["https:\/\/i0.wp.com\/ismaelcolosi.com.br\/wp-content\/uploads\/2025\/10\/casa-branca-1200x675.jpg?fit=300%2C169&ssl=1",300,169,true],"medium_large":["https:\/\/i0.wp.com\/ismaelcolosi.com.br\/wp-content\/uploads\/2025\/10\/casa-branca-1200x675.jpg?fit=768%2C432&ssl=1",768,432,true],"large":["https:\/\/i0.wp.com\/ismaelcolosi.com.br\/wp-content\/uploads\/2025\/10\/casa-branca-1200x675.jpg?fit=1024%2C576&ssl=1",1024,576,true],"1536x1536":["https:\/\/i0.wp.com\/ismaelcolosi.com.br\/wp-content\/uploads\/2025\/10\/casa-branca-1200x675.jpg?fit=1200%2C675&ssl=1",1200,675,true],"2048x2048":["https:\/\/i0.wp.com\/ismaelcolosi.com.br\/wp-content\/uploads\/2025\/10\/casa-branca-1200x675.jpg?fit=1200%2C675&ssl=1",1200,675,true],"really-simple-thumb":["https:\/\/i0.wp.com\/ismaelcolosi.com.br\/wp-content\/uploads\/2025\/10\/casa-branca-1200x675.jpg?resize=370%2C247&ssl=1",370,247,true]},"uagb_author_info":{"display_name":"ismaelcolosi.com.br","author_link":"https:\/\/ismaelcolosi.com.br\/index.php\/author\/vidareal-online\/"},"uagb_comment_info":0,"uagb_excerpt":"&#13; REUTERS\/Kevin Mohat &#13;Casa Branca, em Washington, EUA&#13; Acessibilidade &#13; L&#13; L&#13; A-&#13; A+&#13; &#13; \u25d0&#13; &#13; O governo do presidente Donald Trump pediu que...","jetpack-related-posts":[{"id":83585,"url":"https:\/\/ismaelcolosi.com.br\/index.php\/2025\/03\/07\/oms-implementa-aposentadoria-antecipada-para-reduzir-custos-antes-da-saida-dos-eua\/","url_meta":{"origin":87809,"position":0},"title":"OMS Implementa Aposentadoria Antecipada para Reduzir Custos Antes da Sa\u00edda dos EUA","author":"ismaelcolosi.com.br","date":"7 de March de 2025","format":false,"excerpt":"\r \r \r \r Op\u00e7\u00e3o ser\u00e1 oferecida juntamente com o pagamento de quatro meses aos funcion\u00e1rios que completarem 55 anos ou mais no m\u00eas de junho \r \r \r \r \r Estados Unidos s\u00e3o o maior doador governamental da OMS\r Acessibilidade \r L\r L\r A-\r A+\r \r \u25d0\r \r \u00a0\u2026","rel":"","context":"In &quot;Carreira e Sucesso&quot;","block_context":{"text":"Carreira e Sucesso","link":"https:\/\/ismaelcolosi.com.br\/index.php\/category\/carreira-e-sucesso-dicas-para-carreira\/"},"img":{"alt_text":"","src":"https:\/\/i0.wp.com\/ismaelcolosi.com.br\/wp-content\/uploads\/2025\/03\/2025-03-07T145258Z_1_LYNXNPEL260PU_RTROPTP_4_HEALTH-USA-WHO-1200x675.jpg?fit=1200%2C675&ssl=1&resize=350%2C200","width":350,"height":200,"srcset":"https:\/\/i0.wp.com\/ismaelcolosi.com.br\/wp-content\/uploads\/2025\/03\/2025-03-07T145258Z_1_LYNXNPEL260PU_RTROPTP_4_HEALTH-USA-WHO-1200x675.jpg?fit=1200%2C675&ssl=1&resize=350%2C200 1x, https:\/\/i0.wp.com\/ismaelcolosi.com.br\/wp-content\/uploads\/2025\/03\/2025-03-07T145258Z_1_LYNXNPEL260PU_RTROPTP_4_HEALTH-USA-WHO-1200x675.jpg?fit=1200%2C675&ssl=1&resize=525%2C300 1.5x, https:\/\/i0.wp.com\/ismaelcolosi.com.br\/wp-content\/uploads\/2025\/03\/2025-03-07T145258Z_1_LYNXNPEL260PU_RTROPTP_4_HEALTH-USA-WHO-1200x675.jpg?fit=1200%2C675&ssl=1&resize=700%2C400 2x, https:\/\/i0.wp.com\/ismaelcolosi.com.br\/wp-content\/uploads\/2025\/03\/2025-03-07T145258Z_1_LYNXNPEL260PU_RTROPTP_4_HEALTH-USA-WHO-1200x675.jpg?fit=1200%2C675&ssl=1&resize=1050%2C600 3x"},"classes":[]},{"id":87273,"url":"https:\/\/ismaelcolosi.com.br\/index.php\/2025\/08\/27\/governo-trump-adota-medidas-para-restringir-duracao-de-vistos-para-estudantes-e-imprensa\/","url_meta":{"origin":87809,"position":1},"title":"Governo Trump Adota Medidas para Restringir Dura\u00e7\u00e3o de Vistos para Estudantes e Imprensa","author":"ismaelcolosi.com.br","date":"27 de August de 2025","format":false,"excerpt":"\r Getty Images\r \r Acessibilidade \r L\r L\r A-\r A+\r \r \u25d0\r \r O governo Trump pretende restringir a dura\u00e7\u00e3o dos vistos para estudantes, visitantes de interc\u00e2mbio cultural e membros da imprensa, de acordo com uma proposta de regulamenta\u00e7\u00e3o do governo publicada nesta quarta-feira, parte de uma pol\u00edtica de repress\u00e3o\u2026","rel":"","context":"In &quot;Carreira e Sucesso&quot;","block_context":{"text":"Carreira e Sucesso","link":"https:\/\/ismaelcolosi.com.br\/index.php\/category\/carreira-e-sucesso-dicas-para-carreira\/"},"img":{"alt_text":"","src":"https:\/\/i0.wp.com\/ismaelcolosi.com.br\/wp-content\/uploads\/2025\/08\/eua-5-1200x675.jpg?fit=1200%2C675&ssl=1&resize=350%2C200","width":350,"height":200,"srcset":"https:\/\/i0.wp.com\/ismaelcolosi.com.br\/wp-content\/uploads\/2025\/08\/eua-5-1200x675.jpg?fit=1200%2C675&ssl=1&resize=350%2C200 1x, https:\/\/i0.wp.com\/ismaelcolosi.com.br\/wp-content\/uploads\/2025\/08\/eua-5-1200x675.jpg?fit=1200%2C675&ssl=1&resize=525%2C300 1.5x, https:\/\/i0.wp.com\/ismaelcolosi.com.br\/wp-content\/uploads\/2025\/08\/eua-5-1200x675.jpg?fit=1200%2C675&ssl=1&resize=700%2C400 2x, https:\/\/i0.wp.com\/ismaelcolosi.com.br\/wp-content\/uploads\/2025\/08\/eua-5-1200x675.jpg?fit=1200%2C675&ssl=1&resize=1050%2C600 3x"},"classes":[]},{"id":88805,"url":"https:\/\/ismaelcolosi.com.br\/index.php\/2026\/01\/10\/numero-de-empregados-nas-fabricas-dos-eua-cai-apesar-da-promessa-de-trump-de-boom-na-producao\/","url_meta":{"origin":87809,"position":2},"title":"N\u00famero de Empregados nas F\u00e1bricas dos EUA Cai Apesar da Promessa de Trump de Boom na Produ\u00e7\u00e3o","author":"ismaelcolosi.com.br","date":"10 de January de 2026","format":false,"excerpt":"\r REUTERS\/Karen Pulfer Focht\r Funcion\u00e1rios em f\u00e1brica de a\u00e7o em Blytheville, Arkansas, nos Estados Unidos. \r Acessibilidade \r L\r L\r A-\r A+\r \r \u25d0\r \r Os empregos no setor de manufatura dos Estados Unidos em dezembro mantiveram uma sequ\u00eancia de oito meses de queda, ap\u00f3s o presidente Donald Trump lan\u00e7ar\u2026","rel":"","context":"In &quot;Carreira e Sucesso&quot;","block_context":{"text":"Carreira e Sucesso","link":"https:\/\/ismaelcolosi.com.br\/index.php\/category\/carreira-e-sucesso-dicas-para-carreira\/"},"img":{"alt_text":"","src":"https:\/\/i0.wp.com\/ismaelcolosi.com.br\/wp-content\/uploads\/2026\/01\/2026-01-09T235348Z_1_LYNXMPEM081A9_RTROPTP_4_USA-TRUMP-100-DAYS-STEEL-1200x675.jpg?fit=1200%2C675&ssl=1&resize=350%2C200","width":350,"height":200,"srcset":"https:\/\/i0.wp.com\/ismaelcolosi.com.br\/wp-content\/uploads\/2026\/01\/2026-01-09T235348Z_1_LYNXMPEM081A9_RTROPTP_4_USA-TRUMP-100-DAYS-STEEL-1200x675.jpg?fit=1200%2C675&ssl=1&resize=350%2C200 1x, https:\/\/i0.wp.com\/ismaelcolosi.com.br\/wp-content\/uploads\/2026\/01\/2026-01-09T235348Z_1_LYNXMPEM081A9_RTROPTP_4_USA-TRUMP-100-DAYS-STEEL-1200x675.jpg?fit=1200%2C675&ssl=1&resize=525%2C300 1.5x, https:\/\/i0.wp.com\/ismaelcolosi.com.br\/wp-content\/uploads\/2026\/01\/2026-01-09T235348Z_1_LYNXMPEM081A9_RTROPTP_4_USA-TRUMP-100-DAYS-STEEL-1200x675.jpg?fit=1200%2C675&ssl=1&resize=700%2C400 2x, https:\/\/i0.wp.com\/ismaelcolosi.com.br\/wp-content\/uploads\/2026\/01\/2026-01-09T235348Z_1_LYNXMPEM081A9_RTROPTP_4_USA-TRUMP-100-DAYS-STEEL-1200x675.jpg?fit=1200%2C675&ssl=1&resize=1050%2C600 3x"},"classes":[]},{"id":86948,"url":"https:\/\/ismaelcolosi.com.br\/index.php\/2025\/08\/07\/pedidos-de-auxilio-desemprego-nos-eua-sobem-na-ultima-semana\/","url_meta":{"origin":87809,"position":3},"title":"Pedidos de Aux\u00edlio-desemprego nos EUA Sobem na \u00daltima Semana","author":"ismaelcolosi.com.br","date":"7 de August de 2025","format":false,"excerpt":"\r \r Com o aumento do n\u00famero de pedidos, as solicita\u00e7\u00f5es de aux\u00edlio-desemprego chegaram a 226 mil na semana passada.\r Acessibilidade \r L\r L\r A-\r A+\r \r \u25d0\r \r O Departamento do Trabalho dos EUA informou que o n\u00famero de americanos que solicitaram o aux\u00edlio-desemprego na \u00faltima semana \u2014 encerrada\u2026","rel":"","context":"In &quot;Carreira e Sucesso&quot;","block_context":{"text":"Carreira e Sucesso","link":"https:\/\/ismaelcolosi.com.br\/index.php\/category\/carreira-e-sucesso-dicas-para-carreira\/"},"img":{"alt_text":"","src":"https:\/\/i0.wp.com\/ismaelcolosi.com.br\/wp-content\/uploads\/2025\/08\/auxilio-desemprego-EUA-economia-Money-1200x675.png?fit=1200%2C675&ssl=1&resize=350%2C200","width":350,"height":200,"srcset":"https:\/\/i0.wp.com\/ismaelcolosi.com.br\/wp-content\/uploads\/2025\/08\/auxilio-desemprego-EUA-economia-Money-1200x675.png?fit=1200%2C675&ssl=1&resize=350%2C200 1x, https:\/\/i0.wp.com\/ismaelcolosi.com.br\/wp-content\/uploads\/2025\/08\/auxilio-desemprego-EUA-economia-Money-1200x675.png?fit=1200%2C675&ssl=1&resize=525%2C300 1.5x, https:\/\/i0.wp.com\/ismaelcolosi.com.br\/wp-content\/uploads\/2025\/08\/auxilio-desemprego-EUA-economia-Money-1200x675.png?fit=1200%2C675&ssl=1&resize=700%2C400 2x, https:\/\/i0.wp.com\/ismaelcolosi.com.br\/wp-content\/uploads\/2025\/08\/auxilio-desemprego-EUA-economia-Money-1200x675.png?fit=1200%2C675&ssl=1&resize=1050%2C600 3x"},"classes":[]},{"id":86950,"url":"https:\/\/ismaelcolosi.com.br\/index.php\/2025\/08\/07\/pedidos-de-auxilio-desemprego-nos-eua-sobem-na-ultima-semana-2\/","url_meta":{"origin":87809,"position":4},"title":"Pedidos de Aux\u00edlio-desemprego nos EUA Sobem na \u00daltima Semana","author":"ismaelcolosi.com.br","date":"7 de August de 2025","format":false,"excerpt":"\r \r Com o aumento do n\u00famero de pedidos, as solicita\u00e7\u00f5es de aux\u00edlio-desemprego chegaram a 226 mil na semana passada.\r Acessibilidade \r L\r L\r A-\r A+\r \r \u25d0\r \r O Departamento do Trabalho dos EUA informou que o n\u00famero de americanos que solicitaram o aux\u00edlio-desemprego na \u00faltima semana \u2014 encerrada\u2026","rel":"","context":"In &quot;Carreira e Sucesso&quot;","block_context":{"text":"Carreira e Sucesso","link":"https:\/\/ismaelcolosi.com.br\/index.php\/category\/carreira-e-sucesso-dicas-para-carreira\/"},"img":{"alt_text":"","src":"https:\/\/i0.wp.com\/ismaelcolosi.com.br\/wp-content\/uploads\/2025\/08\/1754577933_auxilio-desemprego-EUA-economia-Money-1200x675.png?fit=1200%2C675&ssl=1&resize=350%2C200","width":350,"height":200,"srcset":"https:\/\/i0.wp.com\/ismaelcolosi.com.br\/wp-content\/uploads\/2025\/08\/1754577933_auxilio-desemprego-EUA-economia-Money-1200x675.png?fit=1200%2C675&ssl=1&resize=350%2C200 1x, https:\/\/i0.wp.com\/ismaelcolosi.com.br\/wp-content\/uploads\/2025\/08\/1754577933_auxilio-desemprego-EUA-economia-Money-1200x675.png?fit=1200%2C675&ssl=1&resize=525%2C300 1.5x, https:\/\/i0.wp.com\/ismaelcolosi.com.br\/wp-content\/uploads\/2025\/08\/1754577933_auxilio-desemprego-EUA-economia-Money-1200x675.png?fit=1200%2C675&ssl=1&resize=700%2C400 2x, https:\/\/i0.wp.com\/ismaelcolosi.com.br\/wp-content\/uploads\/2025\/08\/1754577933_auxilio-desemprego-EUA-economia-Money-1200x675.png?fit=1200%2C675&ssl=1&resize=1050%2C600 3x"},"classes":[]},{"id":61415,"url":"https:\/\/ismaelcolosi.com.br\/index.php\/2024\/08\/21\/eua-criaram-bem-menos-empregos-no-ano-do-que-o-divulgado-anteriormente\/","url_meta":{"origin":87809,"position":5},"title":"EUA criaram bem menos empregos no ano do que o divulgado anteriormente","author":"ismaelcolosi.com.br","date":"21 de August de 2024","format":false,"excerpt":"\u00a0 Acessibilidade L L A- A+ \u25d0 \u00a0 Os empregadores norte-americanos criaram muito menos empregos do que o originalmente divulgado no ano at\u00e9 mar\u00e7o, informou o Departamento do Trabalho nesta quarta-feira (21), pondo em evid\u00eancia as preocupa\u00e7\u00f5es crescentes do Federal Reserve sobre o estado do mercado de trabalho, enquanto se\u2026","rel":"","context":"In &quot;Carreira e Sucesso&quot;","block_context":{"text":"Carreira e Sucesso","link":"https:\/\/ismaelcolosi.com.br\/index.php\/category\/carreira-e-sucesso-dicas-para-carreira\/"},"img":{"alt_text":"","src":"https:\/\/i0.wp.com\/ismaelcolosi.com.br\/wp-content\/uploads\/2024\/08\/Cartaz-de-contrata-se-e-exibido-em-frente-a-loja-na-cidade-de-Somerville-EUA-1024x683.jpg?fit=1024%2C683&ssl=1&resize=350%2C200","width":350,"height":200,"srcset":"https:\/\/i0.wp.com\/ismaelcolosi.com.br\/wp-content\/uploads\/2024\/08\/Cartaz-de-contrata-se-e-exibido-em-frente-a-loja-na-cidade-de-Somerville-EUA-1024x683.jpg?fit=1024%2C683&ssl=1&resize=350%2C200 1x, https:\/\/i0.wp.com\/ismaelcolosi.com.br\/wp-content\/uploads\/2024\/08\/Cartaz-de-contrata-se-e-exibido-em-frente-a-loja-na-cidade-de-Somerville-EUA-1024x683.jpg?fit=1024%2C683&ssl=1&resize=525%2C300 1.5x, https:\/\/i0.wp.com\/ismaelcolosi.com.br\/wp-content\/uploads\/2024\/08\/Cartaz-de-contrata-se-e-exibido-em-frente-a-loja-na-cidade-de-Somerville-EUA-1024x683.jpg?fit=1024%2C683&ssl=1&resize=700%2C400 2x"},"classes":[]}],"jetpack_sharing_enabled":true,"jetpack_shortlink":"https:\/\/wp.me\/pfMlyK-mQh","_links":{"self":[{"href":"https:\/\/ismaelcolosi.com.br\/index.php\/wp-json\/wp\/v2\/posts\/87809","targetHints":{"allow":["GET"]}}],"collection":[{"href":"https:\/\/ismaelcolosi.com.br\/index.php\/wp-json\/wp\/v2\/posts"}],"about":[{"href":"https:\/\/ismaelcolosi.com.br\/index.php\/wp-json\/wp\/v2\/types\/post"}],"author":[{"embeddable":true,"href":"https:\/\/ismaelcolosi.com.br\/index.php\/wp-json\/wp\/v2\/users\/1"}],"replies":[{"embeddable":true,"href":"https:\/\/ismaelcolosi.com.br\/index.php\/wp-json\/wp\/v2\/comments?post=87809"}],"version-history":[{"count":0,"href":"https:\/\/ismaelcolosi.com.br\/index.php\/wp-json\/wp\/v2\/posts\/87809\/revisions"}],"wp:featuredmedia":[{"embeddable":true,"href":"https:\/\/ismaelcolosi.com.br\/index.php\/wp-json\/wp\/v2\/media\/87810"}],"wp:attachment":[{"href":"https:\/\/ismaelcolosi.com.br\/index.php\/wp-json\/wp\/v2\/media?parent=87809"}],"wp:term":[{"taxonomy":"category","embeddable":true,"href":"https:\/\/ismaelcolosi.com.br\/index.php\/wp-json\/wp\/v2\/categories?post=87809"},{"taxonomy":"post_tag","embeddable":true,"href":"https:\/\/ismaelcolosi.com.br\/index.php\/wp-json\/wp\/v2\/tags?post=87809"}],"curies":[{"name":"wp","href":"https:\/\/api.w.org\/{rel}","templated":true}]}}