{"id":87772,"date":"2025-09-30T20:46:29","date_gmt":"2025-09-30T23:46:29","guid":{"rendered":"https:\/\/ismaelcolosi.com.br\/index.php\/2025\/09\/30\/50-vagas-para-jovem-aprendiz-em-ribeirao-preto-sp-veja-agora-47\/"},"modified":"2025-09-30T20:46:29","modified_gmt":"2025-09-30T23:46:29","slug":"50-vagas-para-jovem-aprendiz-em-ribeirao-preto-sp-veja-agora-47","status":"publish","type":"post","link":"https:\/\/ismaelcolosi.com.br\/index.php\/2025\/09\/30\/50-vagas-para-jovem-aprendiz-em-ribeirao-preto-sp-veja-agora-47\/","title":{"rendered":"50 vagas para Jovem Aprendiz em Ribeir\u00e3o Preto-SP, veja agora"},"content":{"rendered":"<p><main id=\"main-content\" class=\"two-pane-serp-page__results\" role=\"main\"><\/p>\n<section class=\"two-pane-serp-page__search-header\">\n<p><!----><\/p>\n<section class=\"job-alert-redirect-section job-alert-redirect-section--jserp\">\n        <icon class=\"job-alert-redirect-section__icon\" data-delayed-url=\"https:\/\/static.licdn.com\/aero-v1\/sc\/h\/dd4yq8pu9gycnw9c7p5uro8qn\"><\/icon><\/p>\n<div class=\"job-alert-redirect-section__container\">\n<p>\n            Get notified about new <span class=\"break-words t-bold\">Jovem Aprendiz<\/span> jobs in <strong>Ribeir\u00e3o Preto<\/strong>.\n          <\/p>\n<p>          <a class=\"job-alert-redirect-section__cta\" href=\"https:\/\/www.linkedin.com\/login?emailAddress=&amp;fromSignIn=&amp;session_redirect=https%3A%2F%2Fwww.linkedin.com%2Fjobs%2Fsearch%2F%3FcurrentJobId%3D3741597240%26f_E%3D1%26geoId%3D100030857%26keywords%3Djovem%2520Aprendiz%26location%3DRibeir%25C3%25A3o%2520Preto%252C%2520S%25C3%25A3o%2520Paulo%252C%2520Brasil%26origin%3DJOB_SEARCH_PAGE_JOB_FILTER%26originalSubdomain%3Dbr%26refresh%3Dtrue&amp;trk=public_jobs_job-alert-guest-redirect-cta\" data-impression-id=\"public_jobs_job-alert-guest-redirect-cta\" data-tracking-control-name=\"public_jobs_job-alert-guest-redirect-cta\" data-tracking-will-navigate><br \/>\n            Sign in to create job alert<br \/>\n          <\/a>\n        <\/div>\n<\/section>\n<\/section>\n<p><!----><\/p>\n<div class=\"results-context-header\">\n<h1 class=\"results-context-header__context\">\n          <span class=\"results-context-header__job-count\">90<\/span> <span class=\"results-context-header__query-search\">Jovem Aprendiz Jobs in Ribeir\u00e3o Preto<\/span><br \/>\n      <\/h1>\n<\/p><\/div>\n<section class=\"two-pane-serp-page__results-list\">\n<ul class=\"jobs-search__results-list\">\n<li>\n<div class=\"base-card relative w-full hover:no-underline focus:no-underline\n        base-card--link\n         base-search-card base-search-card--link job-search-card\" data-entity-urn=\"urn:li:jobPosting:4305398189\" data-impression-id=\"jobs-search-desktop-0\" data-reference-id=\"BGC7AasWG8ZDeJIfEGdaIw==\" data-tracking-id=\"hNDtCc6\/3cvYSVdYtvCqsg==\" data-column=\"1\" data-row=\"1\"><\/p>\n<p>        <a class=\"base-card__full-link absolute top-0 right-0 bottom-0 left-0 p-0 z-[2] outline-offset-[4px]\" href=\"https:\/\/br.linkedin.com\/jobs\/view\/est%C3%A1gio-em-planejamento-sucess%C3%B3rio-at-hernandez-e-ferreira-advocacia-4305398189?position=1&amp;pageNum=0&amp;refId=BGC7AasWG8ZDeJIfEGdaIw%3D%3D&amp;trackingId=hNDtCc6%2F3cvYSVdYtvCqsg%3D%3D\" data-tracking-control-name=\"public_jobs_jserp-result_search-card\" data-tracking-client-ingraph data-tracking-will-navigate><\/p>\n<p>          <span class=\"sr-only\"><\/p>\n<p>        Est\u00e1gio em Planejamento Sucess\u00f3rio<\/p>\n<p>          <\/span><br \/>\n        <\/a><\/p>\n<div class=\"search-entity-media\">\n<p>      <img class=\"artdeco-entity-image artdeco-entity-image--square-4\n          \" data-delayed-url=\"https:\/\/media.licdn.com\/dms\/image\/v2\/C560BAQFwSKVTNLt0Hg\/company-logo_100_100\/company-logo_100_100\/0\/1673300898511\/hernandez_e_ferreira_logo?e=2147483647&amp;v=beta&amp;t=YDqHCzO_fr5R3cU2UL296snxPUxZg_QEVSUZJ3OI_do\" data-ghost-classes=\"artdeco-entity-image--ghost\" data-ghost-url=\"https:\/\/static.licdn.com\/aero-v1\/sc\/h\/6puxblwmhnodu6fjircz4dn4h\" alt><\/p><\/div>\n<div class=\"base-search-card__info\">\n<h3 class=\"base-search-card__title\">\n<p>        Est\u00e1gio em Planejamento Sucess\u00f3rio<\/p>\n<\/h3>\n<h4 class=\"base-search-card__subtitle\">\n<p>          <a class=\"hidden-nested-link\" data-tracking-client-ingraph data-tracking-control-name=\"public_jobs_jserp-result_job-search-card-subtitle\" data-tracking-will-navigate href=\"https:\/\/br.linkedin.com\/company\/hernandez-e-ferreira?trk=public_jobs_jserp-result_job-search-card-subtitle\"><br \/>\n            Hernandez e Ferreira Advocacia<br \/>\n          <\/a><\/p>\n<\/h4>\n<p><!----><\/p>\n<div class=\"base-search-card__metadata\">\n<p>          <span class=\"job-search-card__location\"><br \/>\n            Ribeir\u00e3o Preto, S\u00e3o Paulo, Brazil<br \/>\n          <\/span><\/p>\n<div class=\"job-posting-benefits text-sm\">\n        <icon class=\"job-posting-benefits__icon\" data-delayed-url=\"https:\/\/static.licdn.com\/aero-v1\/sc\/h\/8zmuwb93gzlb935fk4ao4z779\" data-svg-class-name=\"job-posting-benefits__icon-svg\"><\/icon><br \/>\n        <span class=\"job-posting-benefits__text\"><br \/>\n          Be an early applicant<br \/>\n<!---->        <\/span>\n      <\/div>\n<p>          <time class=\"job-search-card__listdate\" datetime=\"2025-09-29\"><\/p>\n<p>      1 day ago<\/p>\n<p>          <\/time><\/p>\n<p><!---->\n            <\/div>\n<\/p><\/div>\n<p><!---->      <\/p><\/div>\n<\/li>\n<li>\n<div class=\"base-card relative w-full hover:no-underline focus:no-underline\n        base-card--link\n         base-search-card base-search-card--link job-search-card\" data-entity-urn=\"urn:li:jobPosting:4305858423\" data-impression-id=\"jobs-search-desktop-1\" data-reference-id=\"BGC7AasWG8ZDeJIfEGdaIw==\" data-tracking-id=\"9GGNQghbCqFD\/ZYay\/EuXA==\" data-column=\"1\" data-row=\"2\"><\/p>\n<p>        <a class=\"base-card__full-link absolute top-0 right-0 bottom-0 left-0 p-0 z-[2] outline-offset-[4px]\" href=\"https:\/\/br.linkedin.com\/jobs\/view\/est%C3%A1gio-comercial-home-office-at-alpha-est%C3%A1gio-4305858423?position=2&amp;pageNum=0&amp;refId=BGC7AasWG8ZDeJIfEGdaIw%3D%3D&amp;trackingId=9GGNQghbCqFD%2FZYay%2FEuXA%3D%3D\" data-tracking-control-name=\"public_jobs_jserp-result_search-card\" data-tracking-client-ingraph data-tracking-will-navigate><\/p>\n<p>          <span class=\"sr-only\"><\/p>\n<p>        Est\u00e1gio Comercial &#8211; Home Office<\/p>\n<p>          <\/span><br \/>\n        <\/a><\/p>\n<div class=\"search-entity-media\">\n<p>      <img class=\"artdeco-entity-image artdeco-entity-image--square-4\n          \" data-delayed-url=\"https:\/\/media.licdn.com\/dms\/image\/v2\/C4D0BAQFxt3oY3Ni2lg\/company-logo_100_100\/company-logo_100_100\/0\/1642101002803\/alpha_estgio_logo?e=2147483647&amp;v=beta&amp;t=66-I5JWllCyRvhelbWtpaHMXnaAhGJYAe1VElpYTK0I\" data-ghost-classes=\"artdeco-entity-image--ghost\" data-ghost-url=\"https:\/\/static.licdn.com\/aero-v1\/sc\/h\/6puxblwmhnodu6fjircz4dn4h\" alt><\/p><\/div>\n<div class=\"base-search-card__info\">\n<h3 class=\"base-search-card__title\">\n<p>        Est\u00e1gio Comercial &#8211; Home Office<\/p>\n<\/h3>\n<h4 class=\"base-search-card__subtitle\">\n<p>          <a class=\"hidden-nested-link\" data-tracking-client-ingraph data-tracking-control-name=\"public_jobs_jserp-result_job-search-card-subtitle\" data-tracking-will-navigate href=\"https:\/\/br.linkedin.com\/company\/alpha-est%C3%A1gio?trk=public_jobs_jserp-result_job-search-card-subtitle\"><br \/>\n            Alpha Est\u00e1gio<br \/>\n          <\/a><\/p>\n<\/h4>\n<p><!----><\/p>\n<div class=\"base-search-card__metadata\">\n<p>          <span class=\"job-search-card__location\"><br \/>\n            Greater Ribeir\u00e3o Preto<br \/>\n          <\/span><\/p>\n<div class=\"job-posting-benefits text-sm\">\n        <icon class=\"job-posting-benefits__icon\" data-delayed-url=\"https:\/\/static.licdn.com\/aero-v1\/sc\/h\/8zmuwb93gzlb935fk4ao4z779\" data-svg-class-name=\"job-posting-benefits__icon-svg\"><\/icon><br \/>\n        <span class=\"job-posting-benefits__text\"><br \/>\n          Be an early applicant<br \/>\n<!---->        <\/span>\n      <\/div>\n<p>          <time class=\"job-search-card__listdate--new\" datetime=\"2025-09-30\"><\/p>\n<p>      20 hours ago<\/p>\n<p>          <\/time><\/p>\n<p><!---->\n            <\/div>\n<\/p><\/div>\n<p><!---->      <\/p><\/div>\n<\/li>\n<li>\n<div class=\"base-card relative w-full hover:no-underline focus:no-underline\n        base-card--link\n         base-search-card base-search-card--link job-search-card\" data-entity-urn=\"urn:li:jobPosting:4296231879\" data-impression-id=\"jobs-search-desktop-2\" data-reference-id=\"BGC7AasWG8ZDeJIfEGdaIw==\" data-tracking-id=\"y5+Cd8QyEHdMcswoehyp9g==\" data-column=\"1\" data-row=\"3\"><\/p>\n<p>        <a class=\"base-card__full-link absolute top-0 right-0 bottom-0 left-0 p-0 z-[2] outline-offset-[4px]\" href=\"https:\/\/br.linkedin.com\/jobs\/view\/estagi%C3%A1rio-at-rede-inicial-de-postos-e-servi%C3%A7os-4296231879?position=3&amp;pageNum=0&amp;refId=BGC7AasWG8ZDeJIfEGdaIw%3D%3D&amp;trackingId=y5%2BCd8QyEHdMcswoehyp9g%3D%3D\" data-tracking-control-name=\"public_jobs_jserp-result_search-card\" data-tracking-client-ingraph data-tracking-will-navigate><\/p>\n<p>          <span class=\"sr-only\"><\/p>\n<p>        Estagi\u00e1rio<\/p>\n<p>          <\/span><br \/>\n        <\/a><\/p>\n<div class=\"search-entity-media\">\n<p>      <img class=\"artdeco-entity-image artdeco-entity-image--square-4\n          \" data-delayed-url=\"https:\/\/media.licdn.com\/dms\/image\/v2\/D4D0BAQE3hm-ttUc8SA\/company-logo_100_100\/B4DZkvGIxyGgAQ-\/0\/1757431762536\/rede_inicial_de_postos_e_servios_logo?e=2147483647&amp;v=beta&amp;t=3qcgal5Bvv_mKRs6C4mlnKMyRY9V4sYvuxxso9VWpHQ\" data-ghost-classes=\"artdeco-entity-image--ghost\" data-ghost-url=\"https:\/\/static.licdn.com\/aero-v1\/sc\/h\/6puxblwmhnodu6fjircz4dn4h\" alt><\/p><\/div>\n<div class=\"base-search-card__info\">\n<h3 class=\"base-search-card__title\">\n<p>        Estagi\u00e1rio<\/p>\n<\/h3>\n<h4 class=\"base-search-card__subtitle\">\n<p>          <a class=\"hidden-nested-link\" data-tracking-client-ingraph data-tracking-control-name=\"public_jobs_jserp-result_job-search-card-subtitle\" data-tracking-will-navigate href=\"https:\/\/www.linkedin.com\/company\/rede-inicial-de-postos-e-servi%C3%A7os?trk=public_jobs_jserp-result_job-search-card-subtitle\"><br \/>\n            Rede Inicial de Postos e Servi\u00e7os<br \/>\n          <\/a><\/p>\n<\/h4>\n<p><!----><\/p>\n<div class=\"base-search-card__metadata\">\n<p>          <span class=\"job-search-card__location\"><br \/>\n            Greater Ribeir\u00e3o Preto<br \/>\n          <\/span><\/p>\n<div class=\"job-posting-benefits text-sm\">\n        <icon class=\"job-posting-benefits__icon\" data-delayed-url=\"https:\/\/static.licdn.com\/aero-v1\/sc\/h\/8zmuwb93gzlb935fk4ao4z779\" data-svg-class-name=\"job-posting-benefits__icon-svg\"><\/icon><br \/>\n        <span class=\"job-posting-benefits__text\"><br \/>\n          Be an early applicant<br \/>\n<!---->        <\/span>\n      <\/div>\n<p>          <time class=\"job-search-card__listdate\" datetime=\"2025-09-09\"><\/p>\n<p>      3 weeks ago<\/p>\n<p>          <\/time><\/p>\n<p><!---->\n            <\/div>\n<\/p><\/div>\n<p><!---->      <\/p><\/div>\n<\/li>\n<li>\n<div class=\"base-card relative w-full hover:no-underline focus:no-underline\n        base-card--link\n         base-search-card base-search-card--link job-search-card\" data-entity-urn=\"urn:li:jobPosting:4302458642\" data-impression-id=\"jobs-search-desktop-3\" data-reference-id=\"BGC7AasWG8ZDeJIfEGdaIw==\" data-tracking-id=\"hjAZjpmDcGVETF10NgTr1A==\" data-column=\"1\" data-row=\"4\"><\/p>\n<p>        <a class=\"base-card__full-link absolute top-0 right-0 bottom-0 left-0 p-0 z-[2] outline-offset-[4px]\" href=\"https:\/\/br.linkedin.com\/jobs\/view\/est%C3%A1gio-em-marketing-%E2%80%93-revenda-de-ve%C3%ADculos-at-seu-est%C3%A1gio-4302458642?position=4&amp;pageNum=0&amp;refId=BGC7AasWG8ZDeJIfEGdaIw%3D%3D&amp;trackingId=hjAZjpmDcGVETF10NgTr1A%3D%3D\" data-tracking-control-name=\"public_jobs_jserp-result_search-card\" data-tracking-client-ingraph data-tracking-will-navigate><\/p>\n<p>          <span class=\"sr-only\"><\/p>\n<p>        Est\u00e1gio em Marketing \u2013 Revenda de Ve\u00edculos<\/p>\n<p>          <\/span><br \/>\n        <\/a><\/p>\n<div class=\"search-entity-media\">\n<p>      <img class=\"artdeco-entity-image artdeco-entity-image--square-4\n          \" data-delayed-url=\"https:\/\/media.licdn.com\/dms\/image\/v2\/D4D0BAQHTyx9p0Ik2YQ\/company-logo_100_100\/company-logo_100_100\/0\/1733407939950?e=2147483647&amp;v=beta&amp;t=Syp_JD6jwBhlKDhs8HkRGBhzocLE3t5YVDC0GewSnWE\" data-ghost-classes=\"artdeco-entity-image--ghost\" data-ghost-url=\"https:\/\/static.licdn.com\/aero-v1\/sc\/h\/6puxblwmhnodu6fjircz4dn4h\" alt><\/p><\/div>\n<div class=\"base-search-card__info\">\n<h3 class=\"base-search-card__title\">\n<p>        Est\u00e1gio em Marketing \u2013 Revenda de Ve\u00edculos<\/p>\n<\/h3>\n<h4 class=\"base-search-card__subtitle\">\n<p>          <a class=\"hidden-nested-link\" data-tracking-client-ingraph data-tracking-control-name=\"public_jobs_jserp-result_job-search-card-subtitle\" data-tracking-will-navigate href=\"https:\/\/www.linkedin.com\/company\/seuestagio?trk=public_jobs_jserp-result_job-search-card-subtitle\"><br \/>\n            Seu Est\u00e1gio<br \/>\n          <\/a><\/p>\n<\/h4>\n<p><!----><\/p>\n<div class=\"base-search-card__metadata\">\n<p>          <span class=\"job-search-card__location\"><br \/>\n            Ribeir\u00e3o Preto, S\u00e3o Paulo, Brazil<br \/>\n          <\/span><\/p>\n<div class=\"job-posting-benefits text-sm\">\n        <icon class=\"job-posting-benefits__icon\" data-delayed-url=\"https:\/\/static.licdn.com\/aero-v1\/sc\/h\/8zmuwb93gzlb935fk4ao4z779\" data-svg-class-name=\"job-posting-benefits__icon-svg\"><\/icon><br \/>\n        <span class=\"job-posting-benefits__text\"><br \/>\n          Be an early applicant<br \/>\n<!---->        <\/span>\n      <\/div>\n<p>          <time class=\"job-search-card__listdate\" datetime=\"2025-08-24\"><\/p>\n<p>      1 month ago<\/p>\n<p>          <\/time><\/p>\n<p><!---->\n            <\/div>\n<\/p><\/div>\n<p><!---->      <\/p><\/div>\n<\/li>\n<li>\n<div class=\"base-card relative w-full hover:no-underline focus:no-underline\n        base-card--link\n         base-search-card base-search-card--link job-search-card\" data-entity-urn=\"urn:li:jobPosting:4302940057\" data-impression-id=\"jobs-search-desktop-4\" data-reference-id=\"BGC7AasWG8ZDeJIfEGdaIw==\" data-tracking-id=\"KG3rPztU63NHFJcsnui+gg==\" data-column=\"1\" data-row=\"5\"><\/p>\n<p>        <a class=\"base-card__full-link absolute top-0 right-0 bottom-0 left-0 p-0 z-[2] outline-offset-[4px]\" href=\"https:\/\/br.linkedin.com\/jobs\/view\/est%C3%A1gio-em-pedagogia-vgapqn809-at-alpha-est%C3%A1gio-4302940057?position=5&amp;pageNum=0&amp;refId=BGC7AasWG8ZDeJIfEGdaIw%3D%3D&amp;trackingId=KG3rPztU63NHFJcsnui%2Bgg%3D%3D\" data-tracking-control-name=\"public_jobs_jserp-result_search-card\" data-tracking-client-ingraph data-tracking-will-navigate><\/p>\n<p>          <span class=\"sr-only\"><\/p>\n<p>        Est\u00e1gio em Pedagogia Vgapqn809<\/p>\n<p>          <\/span><br \/>\n        <\/a><\/p>\n<div class=\"search-entity-media\">\n<p>      <img class=\"artdeco-entity-image artdeco-entity-image--square-4\n          \" data-delayed-url=\"https:\/\/media.licdn.com\/dms\/image\/v2\/C4D0BAQFxt3oY3Ni2lg\/company-logo_100_100\/company-logo_100_100\/0\/1642101002803\/alpha_estgio_logo?e=2147483647&amp;v=beta&amp;t=66-I5JWllCyRvhelbWtpaHMXnaAhGJYAe1VElpYTK0I\" data-ghost-classes=\"artdeco-entity-image--ghost\" data-ghost-url=\"https:\/\/static.licdn.com\/aero-v1\/sc\/h\/6puxblwmhnodu6fjircz4dn4h\" alt><\/p><\/div>\n<div class=\"base-search-card__info\">\n<h3 class=\"base-search-card__title\">\n<p>        Est\u00e1gio em Pedagogia Vgapqn809<\/p>\n<\/h3>\n<h4 class=\"base-search-card__subtitle\">\n<p>          <a class=\"hidden-nested-link\" data-tracking-client-ingraph data-tracking-control-name=\"public_jobs_jserp-result_job-search-card-subtitle\" data-tracking-will-navigate href=\"https:\/\/br.linkedin.com\/company\/alpha-est%C3%A1gio?trk=public_jobs_jserp-result_job-search-card-subtitle\"><br \/>\n            Alpha Est\u00e1gio<br \/>\n          <\/a><\/p>\n<\/h4>\n<p><!----><\/p>\n<div class=\"base-search-card__metadata\">\n<p>          <span class=\"job-search-card__location\"><br \/>\n            Greater Ribeir\u00e3o Preto<br \/>\n          <\/span><\/p>\n<div class=\"job-posting-benefits text-sm\">\n        <icon class=\"job-posting-benefits__icon\" data-delayed-url=\"https:\/\/static.licdn.com\/aero-v1\/sc\/h\/8zmuwb93gzlb935fk4ao4z779\" data-svg-class-name=\"job-posting-benefits__icon-svg\"><\/icon><br \/>\n        <span class=\"job-posting-benefits__text\"><br \/>\n          Be an early applicant<br \/>\n<!---->        <\/span>\n      <\/div>\n<p>          <time class=\"job-search-card__listdate\" datetime=\"2025-09-24\"><\/p>\n<p>      6 days ago<\/p>\n<p>          <\/time><\/p>\n<p><!---->\n            <\/div>\n<\/p><\/div>\n<p><!---->      <\/p><\/div>\n<\/li>\n<li>\n<div class=\"base-card relative w-full hover:no-underline focus:no-underline\n        base-card--link\n         base-search-card base-search-card--link job-search-card\" data-entity-urn=\"urn:li:jobPosting:4305393352\" data-impression-id=\"jobs-search-desktop-5\" data-reference-id=\"BGC7AasWG8ZDeJIfEGdaIw==\" data-tracking-id=\"fqXyMVzyfSsf16fl\/yu6WQ==\" data-column=\"1\" data-row=\"6\"><\/p>\n<p>        <a class=\"base-card__full-link absolute top-0 right-0 bottom-0 left-0 p-0 z-[2] outline-offset-[4px]\" href=\"https:\/\/br.linkedin.com\/jobs\/view\/est%C3%A1gio-em-direito-civil-empresarial-at-hernandez-e-ferreira-advocacia-4305393352?position=6&amp;pageNum=0&amp;refId=BGC7AasWG8ZDeJIfEGdaIw%3D%3D&amp;trackingId=fqXyMVzyfSsf16fl%2Fyu6WQ%3D%3D\" data-tracking-control-name=\"public_jobs_jserp-result_search-card\" data-tracking-client-ingraph data-tracking-will-navigate><\/p>\n<p>          <span class=\"sr-only\"><\/p>\n<p>        Est\u00e1gio em Direito Civil\/Empresarial<\/p>\n<p>          <\/span><br \/>\n        <\/a><\/p>\n<div class=\"search-entity-media\">\n<p>      <img class=\"artdeco-entity-image artdeco-entity-image--square-4\n          \" data-delayed-url=\"https:\/\/media.licdn.com\/dms\/image\/v2\/C560BAQFwSKVTNLt0Hg\/company-logo_100_100\/company-logo_100_100\/0\/1673300898511\/hernandez_e_ferreira_logo?e=2147483647&amp;v=beta&amp;t=YDqHCzO_fr5R3cU2UL296snxPUxZg_QEVSUZJ3OI_do\" data-ghost-classes=\"artdeco-entity-image--ghost\" data-ghost-url=\"https:\/\/static.licdn.com\/aero-v1\/sc\/h\/6puxblwmhnodu6fjircz4dn4h\" alt><\/p><\/div>\n<div class=\"base-search-card__info\">\n<h3 class=\"base-search-card__title\">\n<p>        Est\u00e1gio em Direito Civil\/Empresarial<\/p>\n<\/h3>\n<h4 class=\"base-search-card__subtitle\">\n<p>          <a class=\"hidden-nested-link\" data-tracking-client-ingraph data-tracking-control-name=\"public_jobs_jserp-result_job-search-card-subtitle\" data-tracking-will-navigate href=\"https:\/\/br.linkedin.com\/company\/hernandez-e-ferreira?trk=public_jobs_jserp-result_job-search-card-subtitle\"><br \/>\n            Hernandez e Ferreira Advocacia<br \/>\n          <\/a><\/p>\n<\/h4>\n<p><!----><\/p>\n<div class=\"base-search-card__metadata\">\n<p>          <span class=\"job-search-card__location\"><br \/>\n            Ribeir\u00e3o Preto, S\u00e3o Paulo, Brazil<br \/>\n          <\/span><\/p>\n<div class=\"job-posting-benefits text-sm\">\n        <icon class=\"job-posting-benefits__icon\" data-delayed-url=\"https:\/\/static.licdn.com\/aero-v1\/sc\/h\/8zmuwb93gzlb935fk4ao4z779\" data-svg-class-name=\"job-posting-benefits__icon-svg\"><\/icon><br \/>\n        <span class=\"job-posting-benefits__text\"><br \/>\n          Be an early applicant<br \/>\n<!---->        <\/span>\n      <\/div>\n<p>          <time class=\"job-search-card__listdate\" datetime=\"2025-09-29\"><\/p>\n<p>      1 day ago<\/p>\n<p>          <\/time><\/p>\n<p><!---->\n            <\/div>\n<\/p><\/div>\n<p><!---->      <\/p><\/div>\n<\/li>\n<li>\n<div class=\"base-card relative w-full hover:no-underline focus:no-underline\n        base-card--link\n         base-search-card base-search-card--link job-search-card\" data-entity-urn=\"urn:li:jobPosting:4296357563\" data-impression-id=\"jobs-search-desktop-6\" data-reference-id=\"BGC7AasWG8ZDeJIfEGdaIw==\" data-tracking-id=\"JT1sWncO907975+5vskL9A==\" data-column=\"1\" data-row=\"7\"><\/p>\n<p>        <a class=\"base-card__full-link absolute top-0 right-0 bottom-0 left-0 p-0 z-[2] outline-offset-[4px]\" href=\"https:\/\/br.linkedin.com\/jobs\/view\/renner-jovem-aprendiz-at-lojas-renner-s-a-4296357563?position=7&amp;pageNum=0&amp;refId=BGC7AasWG8ZDeJIfEGdaIw%3D%3D&amp;trackingId=JT1sWncO907975%2B5vskL9A%3D%3D\" data-tracking-control-name=\"public_jobs_jserp-result_search-card\" data-tracking-client-ingraph data-tracking-will-navigate><\/p>\n<p>          <span class=\"sr-only\"><\/p>\n<p>        Renner &#8211; Jovem Aprendiz<\/p>\n<p>          <\/span><br \/>\n        <\/a><\/p>\n<div class=\"search-entity-media\">\n<p>      <img class=\"artdeco-entity-image artdeco-entity-image--square-4\n          \" data-delayed-url=\"https:\/\/media.licdn.com\/dms\/image\/v2\/D4D0BAQFD9bHi3LlGKA\/company-logo_100_100\/B4DZbJ.Cf6G0AQ-\/0\/1747145206237\/lojas_renner_logo?e=2147483647&amp;v=beta&amp;t=6HgGE6V5jLTjkjlCS73MmjNGO2HMTYgIbnY13A_eUXo\" data-ghost-classes=\"artdeco-entity-image--ghost\" data-ghost-url=\"https:\/\/static.licdn.com\/aero-v1\/sc\/h\/6puxblwmhnodu6fjircz4dn4h\" alt><\/p><\/div>\n<div class=\"base-search-card__info\">\n<h3 class=\"base-search-card__title\">\n<p>        Renner &#8211; Jovem Aprendiz<\/p>\n<\/h3>\n<h4 class=\"base-search-card__subtitle\">\n<p>          <a class=\"hidden-nested-link\" data-tracking-client-ingraph data-tracking-control-name=\"public_jobs_jserp-result_job-search-card-subtitle\" data-tracking-will-navigate href=\"https:\/\/br.linkedin.com\/company\/lojas-renner?trk=public_jobs_jserp-result_job-search-card-subtitle\"><br \/>\n            Lojas Renner S.A.<br \/>\n          <\/a><\/p>\n<\/h4>\n<p><!----><\/p>\n<div class=\"base-search-card__metadata\">\n<p>          <span class=\"job-search-card__location\"><br \/>\n            Ribeir\u00e3o Preto, S\u00e3o Paulo, Brazil<br \/>\n          <\/span><\/p>\n<p><!---->  <\/p>\n<p>          <time class=\"job-search-card__listdate\" datetime=\"2025-09-27\"><\/p>\n<p>      3 days ago<\/p>\n<p>          <\/time><\/p>\n<p><!---->\n            <\/div>\n<\/p><\/div>\n<p><!---->      <\/p><\/div>\n<\/li>\n<li>\n<div class=\"base-card relative w-full hover:no-underline focus:no-underline\n        base-card--link\n         base-search-card base-search-card--link job-search-card\" data-entity-urn=\"urn:li:jobPosting:4280987043\" data-impression-id=\"jobs-search-desktop-7\" data-reference-id=\"BGC7AasWG8ZDeJIfEGdaIw==\" data-tracking-id=\"afBQLcBVZa\/8k2gVe7hY2w==\" data-column=\"1\" data-row=\"8\"><\/p>\n<p>        <a class=\"base-card__full-link absolute top-0 right-0 bottom-0 left-0 p-0 z-[2] outline-offset-[4px]\" href=\"https:\/\/br.linkedin.com\/jobs\/view\/aprendiz-at-base-qu%C3%ADmica-4280987043?position=8&amp;pageNum=0&amp;refId=BGC7AasWG8ZDeJIfEGdaIw%3D%3D&amp;trackingId=afBQLcBVZa%2F8k2gVe7hY2w%3D%3D\" data-tracking-control-name=\"public_jobs_jserp-result_search-card\" data-tracking-client-ingraph data-tracking-will-navigate><\/p>\n<p>          <span class=\"sr-only\"><\/p>\n<p>        Aprendiz<\/p>\n<p>          <\/span><br \/>\n        <\/a><\/p>\n<div class=\"search-entity-media\">\n<p>      <img class=\"artdeco-entity-image artdeco-entity-image--square-4\n          \" data-delayed-url=\"https:\/\/media.licdn.com\/dms\/image\/v2\/C4D0BAQHTMlnRWDAAzg\/company-logo_100_100\/company-logo_100_100\/0\/1631358956998\/base_quimica_logo?e=2147483647&amp;v=beta&amp;t=Z3JTrig7wmQAkDZfzsyehe7nK9cnMpqSYAJgx5d0p8s\" data-ghost-classes=\"artdeco-entity-image--ghost\" data-ghost-url=\"https:\/\/static.licdn.com\/aero-v1\/sc\/h\/6puxblwmhnodu6fjircz4dn4h\" alt><\/p><\/div>\n<div class=\"base-search-card__info\">\n<h3 class=\"base-search-card__title\">\n<p>        Aprendiz<\/p>\n<\/h3>\n<h4 class=\"base-search-card__subtitle\">\n<p>          <a class=\"hidden-nested-link\" data-tracking-client-ingraph data-tracking-control-name=\"public_jobs_jserp-result_job-search-card-subtitle\" data-tracking-will-navigate href=\"https:\/\/br.linkedin.com\/company\/base-quimica?trk=public_jobs_jserp-result_job-search-card-subtitle\"><br \/>\n            Base Qu\u00edmica<br \/>\n          <\/a><\/p>\n<\/h4>\n<p><!----><\/p>\n<div class=\"base-search-card__metadata\">\n<p>          <span class=\"job-search-card__location\"><br \/>\n            Ribeir\u00e3o Preto, S\u00e3o Paulo, Brazil<br \/>\n          <\/span><\/p>\n<p><!---->  <\/p>\n<p>          <time class=\"job-search-card__listdate\" datetime=\"2025-08-06\"><\/p>\n<p>      1 month ago<\/p>\n<p>          <\/time><\/p>\n<p><!---->\n            <\/div>\n<\/p><\/div>\n<p><!---->      <\/p><\/div>\n<\/li>\n<li>\n<div class=\"base-card relative w-full hover:no-underline focus:no-underline\n        base-card--link\n         base-search-card base-search-card--link job-search-card\" data-entity-urn=\"urn:li:jobPosting:4302865511\" data-impression-id=\"jobs-search-desktop-8\" data-reference-id=\"BGC7AasWG8ZDeJIfEGdaIw==\" data-tracking-id=\"U4\/mpfwSAw0Q2WEtNDpUWQ==\" data-column=\"1\" data-row=\"9\"><\/p>\n<p>        <a class=\"base-card__full-link absolute top-0 right-0 bottom-0 left-0 p-0 z-[2] outline-offset-[4px]\" href=\"https:\/\/br.linkedin.com\/jobs\/view\/jovem-aprendiz-ribeir%C3%A3o-preto-at-zinho-4302865511?position=9&amp;pageNum=0&amp;refId=BGC7AasWG8ZDeJIfEGdaIw%3D%3D&amp;trackingId=U4%2FmpfwSAw0Q2WEtNDpUWQ%3D%3D\" data-tracking-control-name=\"public_jobs_jserp-result_search-card\" data-tracking-client-ingraph data-tracking-will-navigate><\/p>\n<p>          <span class=\"sr-only\"><\/p>\n<p>        JOVEM APRENDIZ | RIBEIR\u00c3O PRETO<\/p>\n<p>          <\/span><br \/>\n        <\/a><\/p>\n<div class=\"search-entity-media\">\n<p>      <img class=\"artdeco-entity-image artdeco-entity-image--square-4\n          \" data-delayed-url=\"https:\/\/media.licdn.com\/dms\/image\/v2\/D4D0BAQGbJ32gmGsXew\/company-logo_100_100\/company-logo_100_100\/0\/1730741191146\/zinhooriginal_logo?e=2147483647&amp;v=beta&amp;t=IQD589Rl3QL7gbFRVFEHq5MMa_gah-3fBuS1tDwpieU\" data-ghost-classes=\"artdeco-entity-image--ghost\" data-ghost-url=\"https:\/\/static.licdn.com\/aero-v1\/sc\/h\/6puxblwmhnodu6fjircz4dn4h\" alt><\/p><\/div>\n<div class=\"base-search-card__info\">\n<h3 class=\"base-search-card__title\">\n<p>        JOVEM APRENDIZ | RIBEIR\u00c3O PRETO<\/p>\n<\/h3>\n<h4 class=\"base-search-card__subtitle\">\n<p>          <a class=\"hidden-nested-link\" data-tracking-client-ingraph data-tracking-control-name=\"public_jobs_jserp-result_job-search-card-subtitle\" data-tracking-will-navigate href=\"https:\/\/br.linkedin.com\/company\/zinhooriginal?trk=public_jobs_jserp-result_job-search-card-subtitle\"><br \/>\n            Zinho<br \/>\n          <\/a><\/p>\n<\/h4>\n<p><!----><\/p>\n<div class=\"base-search-card__metadata\">\n<p>          <span class=\"job-search-card__location\"><br \/>\n            Ribeir\u00e3o Preto, S\u00e3o Paulo, Brazil<br \/>\n          <\/span><\/p>\n<p><!---->  <\/p>\n<p>          <time class=\"job-search-card__listdate\" datetime=\"2025-09-19\"><\/p>\n<p>      1 week ago<\/p>\n<p>          <\/time><\/p>\n<p><!---->\n            <\/div>\n<\/p><\/div>\n<p><!---->      <\/p><\/div>\n<\/li>\n<li>\n<div class=\"base-card relative w-full hover:no-underline focus:no-underline\n        base-card--link\n         base-search-card base-search-card--link job-search-card\" data-entity-urn=\"urn:li:jobPosting:4306260866\" data-impression-id=\"jobs-search-desktop-9\" data-reference-id=\"BGC7AasWG8ZDeJIfEGdaIw==\" data-tracking-id=\"EOm\/DUxzsrn6Gc2h2OMGUQ==\" data-column=\"1\" data-row=\"10\"><\/p>\n<p>        <a class=\"base-card__full-link absolute top-0 right-0 bottom-0 left-0 p-0 z-[2] outline-offset-[4px]\" href=\"https:\/\/br.linkedin.com\/jobs\/view\/jovem-aprendiz-linha-agr%C3%ADcola-at-grupo-tracbel-4306260866?position=10&amp;pageNum=0&amp;refId=BGC7AasWG8ZDeJIfEGdaIw%3D%3D&amp;trackingId=EOm%2FDUxzsrn6Gc2h2OMGUQ%3D%3D\" data-tracking-control-name=\"public_jobs_jserp-result_search-card\" data-tracking-client-ingraph data-tracking-will-navigate><\/p>\n<p>          <span class=\"sr-only\"><\/p>\n<p>        Jovem Aprendiz &#8211; Linha agr\u00edcola<\/p>\n<p>          <\/span><br \/>\n        <\/a><\/p>\n<div class=\"search-entity-media\">\n<p>      <img class=\"artdeco-entity-image artdeco-entity-image--square-4\n          \" data-delayed-url=\"https:\/\/media.licdn.com\/dms\/image\/v2\/C4D0BAQHKKR6cZpiYkQ\/company-logo_100_100\/company-logo_100_100\/0\/1669932590783\/tracbel_s_a_logo?e=2147483647&amp;v=beta&amp;t=8RzYmaG5EDNNMsp5EyKYawTlX5cMmJlSZZ2Ncdtri8c\" data-ghost-classes=\"artdeco-entity-image--ghost\" data-ghost-url=\"https:\/\/static.licdn.com\/aero-v1\/sc\/h\/6puxblwmhnodu6fjircz4dn4h\" alt><\/p><\/div>\n<div class=\"base-search-card__info\">\n<h3 class=\"base-search-card__title\">\n<p>        Jovem Aprendiz &#8211; Linha agr\u00edcola<\/p>\n<\/h3>\n<h4 class=\"base-search-card__subtitle\">\n<p>          <a class=\"hidden-nested-link\" data-tracking-client-ingraph data-tracking-control-name=\"public_jobs_jserp-result_job-search-card-subtitle\" data-tracking-will-navigate href=\"https:\/\/br.linkedin.com\/company\/grupotracbel?trk=public_jobs_jserp-result_job-search-card-subtitle\"><br \/>\n            Grupo Tracbel<br \/>\n          <\/a><\/p>\n<\/h4>\n<p><!----><\/p>\n<div class=\"base-search-card__metadata\">\n<p>          <span class=\"job-search-card__location\"><br \/>\n            Ribeir\u00e3o Preto, S\u00e3o Paulo, Brazil<br \/>\n          <\/span><\/p>\n<div class=\"job-posting-benefits text-sm\">\n        <icon class=\"job-posting-benefits__icon\" data-delayed-url=\"https:\/\/static.licdn.com\/aero-v1\/sc\/h\/8zmuwb93gzlb935fk4ao4z779\" data-svg-class-name=\"job-posting-benefits__icon-svg\"><\/icon><br \/>\n        <span class=\"job-posting-benefits__text\"><br \/>\n          Be an early applicant<br \/>\n<!---->        <\/span>\n      <\/div>\n<p>          <time class=\"job-search-card__listdate\" datetime=\"2025-09-25\"><\/p>\n<p>      5 days ago<\/p>\n<p>          <\/time><\/p>\n<p><!---->\n            <\/div>\n<\/p><\/div>\n<p><!---->      <\/p><\/div>\n<\/li>\n<li>\n<div class=\"base-card relative w-full hover:no-underline focus:no-underline\n        base-card--link\n         base-search-card base-search-card--link job-search-card\" data-entity-urn=\"urn:li:jobPosting:4300772594\" data-impression-id=\"jobs-search-desktop-10\" data-reference-id=\"BGC7AasWG8ZDeJIfEGdaIw==\" data-tracking-id=\"Tb4pN4kMDnPaWAn4xlw5EQ==\" data-column=\"1\" data-row=\"11\"><\/p>\n<p>        <a class=\"base-card__full-link absolute top-0 right-0 bottom-0 left-0 p-0 z-[2] outline-offset-[4px]\" href=\"https:\/\/br.linkedin.com\/jobs\/view\/programa-jovem-aprendiz-loja-novo-shopping-ribeirao-preto-at-tim-brasil-4300772594?position=11&amp;pageNum=0&amp;refId=BGC7AasWG8ZDeJIfEGdaIw%3D%3D&amp;trackingId=Tb4pN4kMDnPaWAn4xlw5EQ%3D%3D\" data-tracking-control-name=\"public_jobs_jserp-result_search-card\" data-tracking-client-ingraph data-tracking-will-navigate><\/p>\n<p>          <span class=\"sr-only\"><\/p>\n<p>        Programa Jovem Aprendiz &#8211; Loja Novo Shopping Ribeirao Preto<\/p>\n<p>          <\/span><br \/>\n        <\/a><\/p>\n<div class=\"search-entity-media\">\n<p>      <img class=\"artdeco-entity-image artdeco-entity-image--square-4\n          \" data-delayed-url=\"https:\/\/media.licdn.com\/dms\/image\/v2\/D4D0BAQFwXfPWpaGjVg\/company-logo_100_100\/B4DZfQrsg4HkAY-\/0\/1751552805510\/timbrasil_logo?e=2147483647&amp;v=beta&amp;t=5sgr4fZF43y98Z8QUxnPDXObkcSKdZcrqWS-oFLqsh0\" data-ghost-classes=\"artdeco-entity-image--ghost\" data-ghost-url=\"https:\/\/static.licdn.com\/aero-v1\/sc\/h\/6puxblwmhnodu6fjircz4dn4h\" alt><\/p><\/div>\n<div class=\"base-search-card__info\">\n<h3 class=\"base-search-card__title\">\n<p>        Programa Jovem Aprendiz &#8211; Loja Novo Shopping Ribeirao Preto<\/p>\n<\/h3>\n<h4 class=\"base-search-card__subtitle\">\n<p>          <a class=\"hidden-nested-link\" data-tracking-client-ingraph data-tracking-control-name=\"public_jobs_jserp-result_job-search-card-subtitle\" data-tracking-will-navigate href=\"https:\/\/br.linkedin.com\/company\/timbrasil?trk=public_jobs_jserp-result_job-search-card-subtitle\"><br \/>\n            TIM Brasil<br \/>\n          <\/a><\/p>\n<\/h4>\n<p><!----><\/p>\n<div class=\"base-search-card__metadata\">\n<p>          <span class=\"job-search-card__location\"><br \/>\n            Ribeir\u00e3o Preto, S\u00e3o Paulo, Brazil<br \/>\n          <\/span><\/p>\n<div class=\"job-posting-benefits text-sm\">\n        <icon class=\"job-posting-benefits__icon\" data-delayed-url=\"https:\/\/static.licdn.com\/aero-v1\/sc\/h\/8zmuwb93gzlb935fk4ao4z779\" data-svg-class-name=\"job-posting-benefits__icon-svg\"><\/icon><br \/>\n        <span class=\"job-posting-benefits__text\"><br \/>\n          Be an early applicant<br \/>\n<!---->        <\/span>\n      <\/div>\n<p>          <time class=\"job-search-card__listdate\" datetime=\"2025-09-15\"><\/p>\n<p>      2 weeks ago<\/p>\n<p>          <\/time><\/p>\n<p><!---->\n            <\/div>\n<\/p><\/div>\n<p><!---->      <\/p><\/div>\n<\/li>\n<li>\n<div class=\"base-card relative w-full hover:no-underline focus:no-underline\n        base-card--link\n         base-search-card base-search-card--link job-search-card\" data-entity-urn=\"urn:li:jobPosting:4298950515\" data-impression-id=\"jobs-search-desktop-11\" data-reference-id=\"BGC7AasWG8ZDeJIfEGdaIw==\" data-tracking-id=\"OZO+owWfF6RgQgXP\/aJUXg==\" data-column=\"1\" data-row=\"12\"><\/p>\n<p>        <a class=\"base-card__full-link absolute top-0 right-0 bottom-0 left-0 p-0 z-[2] outline-offset-[4px]\" href=\"https:\/\/br.linkedin.com\/jobs\/view\/jovem-aprendiz-unidade-ribeir%C3%A3o-preto-at-atento-4298950515?position=12&amp;pageNum=0&amp;refId=BGC7AasWG8ZDeJIfEGdaIw%3D%3D&amp;trackingId=OZO%2BowWfF6RgQgXP%2FaJUXg%3D%3D\" data-tracking-control-name=\"public_jobs_jserp-result_search-card\" data-tracking-client-ingraph data-tracking-will-navigate><\/p>\n<p>          <span class=\"sr-only\"><\/p>\n<p>        Jovem Aprendiz &#8211; Unidade Ribeir\u00e3o Preto<\/p>\n<p>          <\/span><br \/>\n        <\/a><\/p>\n<div class=\"search-entity-media\">\n<p>      <img class=\"artdeco-entity-image artdeco-entity-image--square-4\n          \" data-delayed-url=\"https:\/\/media.licdn.com\/dms\/image\/v2\/D4E0BAQESO84diFbM9w\/company-logo_100_100\/B4EZma6yHiIIAQ-\/0\/1759240725373\/atento_logo?e=2147483647&amp;v=beta&amp;t=jHoJG_B74TPDXNZsBzNNZBKH8TkqxNKzu4VFY5y37SY\" data-ghost-classes=\"artdeco-entity-image--ghost\" data-ghost-url=\"https:\/\/static.licdn.com\/aero-v1\/sc\/h\/6puxblwmhnodu6fjircz4dn4h\" alt><\/p><\/div>\n<div class=\"base-search-card__info\">\n<h3 class=\"base-search-card__title\">\n<p>        Jovem Aprendiz &#8211; Unidade Ribeir\u00e3o Preto<\/p>\n<\/h3>\n<h4 class=\"base-search-card__subtitle\">\n<p>          <a class=\"hidden-nested-link\" data-tracking-client-ingraph data-tracking-control-name=\"public_jobs_jserp-result_job-search-card-subtitle\" data-tracking-will-navigate href=\"https:\/\/es.linkedin.com\/company\/atento?trk=public_jobs_jserp-result_job-search-card-subtitle\"><br \/>\n            Atento<br \/>\n          <\/a><\/p>\n<\/h4>\n<p><!----><\/p>\n<div class=\"base-search-card__metadata\">\n<p>          <span class=\"job-search-card__location\"><br \/>\n            Ribeir\u00e3o Preto, S\u00e3o Paulo, Brazil<br \/>\n          <\/span><\/p>\n<div class=\"job-posting-benefits text-sm\">\n        <icon class=\"job-posting-benefits__icon\" data-delayed-url=\"https:\/\/static.licdn.com\/aero-v1\/sc\/h\/8zmuwb93gzlb935fk4ao4z779\" data-svg-class-name=\"job-posting-benefits__icon-svg\"><\/icon><br \/>\n        <span class=\"job-posting-benefits__text\"><br \/>\n          Be an early applicant<br \/>\n<!---->        <\/span>\n      <\/div>\n<p>          <time class=\"job-search-card__listdate\" datetime=\"2025-09-10\"><\/p>\n<p>      2 weeks ago<\/p>\n<p>          <\/time><\/p>\n<p><!---->\n            <\/div>\n<\/p><\/div>\n<p><!---->      <\/p><\/div>\n<\/li>\n<li>\n<div class=\"base-card relative w-full hover:no-underline focus:no-underline\n        base-card--link\n         base-search-card base-search-card--link job-search-card\" data-entity-urn=\"urn:li:jobPosting:4304289843\" data-impression-id=\"jobs-search-desktop-12\" data-reference-id=\"BGC7AasWG8ZDeJIfEGdaIw==\" data-tracking-id=\"r8RNYMjsssBXEQMCKRbuFw==\" data-column=\"1\" data-row=\"13\"><\/p>\n<p>        <a class=\"base-card__full-link absolute top-0 right-0 bottom-0 left-0 p-0 z-[2] outline-offset-[4px]\" href=\"https:\/\/br.linkedin.com\/jobs\/view\/jovem-aprendiz-com%C3%A9rcio-at-leroy-merlin-4304289843?position=13&amp;pageNum=0&amp;refId=BGC7AasWG8ZDeJIfEGdaIw%3D%3D&amp;trackingId=r8RNYMjsssBXEQMCKRbuFw%3D%3D\" data-tracking-control-name=\"public_jobs_jserp-result_search-card\" data-tracking-client-ingraph data-tracking-will-navigate><\/p>\n<p>          <span class=\"sr-only\"><\/p>\n<p>        Jovem Aprendiz &#8211; Com\u00e9rcio<\/p>\n<p>          <\/span><br \/>\n        <\/a><\/p>\n<div class=\"search-entity-media\">\n<p>      <img class=\"artdeco-entity-image artdeco-entity-image--square-4\n          \" data-delayed-url=\"https:\/\/media.licdn.com\/dms\/image\/v2\/D4D0BAQEWDbY13kn7qw\/company-logo_100_100\/company-logo_100_100\/0\/1685006143140\/leroy_merlin_logo?e=2147483647&amp;v=beta&amp;t=2f-z-Mwhm7MAJh4iOiKZv63-r0agiHEzRWGZWPv78gc\" data-ghost-classes=\"artdeco-entity-image--ghost\" data-ghost-url=\"https:\/\/static.licdn.com\/aero-v1\/sc\/h\/6puxblwmhnodu6fjircz4dn4h\" alt><\/p><\/div>\n<div class=\"base-search-card__info\">\n<h3 class=\"base-search-card__title\">\n<p>        Jovem Aprendiz &#8211; Com\u00e9rcio<\/p>\n<\/h3>\n<h4 class=\"base-search-card__subtitle\">\n<p>          <a class=\"hidden-nested-link\" data-tracking-client-ingraph data-tracking-control-name=\"public_jobs_jserp-result_job-search-card-subtitle\" data-tracking-will-navigate href=\"https:\/\/es.linkedin.com\/company\/leroy-merlin?trk=public_jobs_jserp-result_job-search-card-subtitle\"><br \/>\n            Leroy Merlin<br \/>\n          <\/a><\/p>\n<\/h4>\n<p><!----><\/p>\n<div class=\"base-search-card__metadata\">\n<p>          <span class=\"job-search-card__location\"><br \/>\n            Ribeir\u00e3o Preto, S\u00e3o Paulo, Brazil<br \/>\n          <\/span><\/p>\n<div class=\"job-posting-benefits text-sm\">\n        <icon class=\"job-posting-benefits__icon\" data-delayed-url=\"https:\/\/static.licdn.com\/aero-v1\/sc\/h\/8zmuwb93gzlb935fk4ao4z779\" data-svg-class-name=\"job-posting-benefits__icon-svg\"><\/icon><br \/>\n        <span class=\"job-posting-benefits__text\"><br \/>\n          Be an early applicant<br \/>\n<!---->        <\/span>\n      <\/div>\n<p>          <time class=\"job-search-card__listdate\" datetime=\"2025-09-26\"><\/p>\n<p>      4 days ago<\/p>\n<p>          <\/time><\/p>\n<p><!---->\n            <\/div>\n<\/p><\/div>\n<p><!---->      <\/p><\/div>\n<\/li>\n<li>\n<div class=\"base-card relative w-full hover:no-underline focus:no-underline\n        base-card--link\n         base-search-card base-search-card--link job-search-card\" data-entity-urn=\"urn:li:jobPosting:4290786113\" data-impression-id=\"jobs-search-desktop-13\" data-reference-id=\"BGC7AasWG8ZDeJIfEGdaIw==\" data-tracking-id=\"\/1kXlAD1pDexagqGFRW3rQ==\" data-column=\"1\" data-row=\"14\"><\/p>\n<p>        <a class=\"base-card__full-link absolute top-0 right-0 bottom-0 left-0 p-0 z-[2] outline-offset-[4px]\" href=\"https:\/\/br.linkedin.com\/jobs\/view\/jovem-aprendiz-ribeir%C3%A3o-preto-at-verisure-4290786113?position=14&amp;pageNum=0&amp;refId=BGC7AasWG8ZDeJIfEGdaIw%3D%3D&amp;trackingId=%2F1kXlAD1pDexagqGFRW3rQ%3D%3D\" data-tracking-control-name=\"public_jobs_jserp-result_search-card\" data-tracking-client-ingraph data-tracking-will-navigate><\/p>\n<p>          <span class=\"sr-only\"><\/p>\n<p>        Jovem Aprendiz &#8211; Ribeir\u00e3o Preto<\/p>\n<p>          <\/span><br \/>\n        <\/a><\/p>\n<div class=\"search-entity-media\">\n<p>      <img class=\"artdeco-entity-image artdeco-entity-image--square-4\n          \" data-delayed-url=\"https:\/\/media.licdn.com\/dms\/image\/v2\/D4D0BAQFzt8xtrvaTDg\/company-logo_100_100\/B4DZYkbQG4HIAQ-\/0\/1744367846197\/verisure_logo?e=2147483647&amp;v=beta&amp;t=TPrqEDUSCQjvD_8dctda9Ba_RQjXdZnBWSTA0cL-LPs\" data-ghost-classes=\"artdeco-entity-image--ghost\" data-ghost-url=\"https:\/\/static.licdn.com\/aero-v1\/sc\/h\/6puxblwmhnodu6fjircz4dn4h\" alt><\/p><\/div>\n<div class=\"base-search-card__info\">\n<h3 class=\"base-search-card__title\">\n<p>        Jovem Aprendiz &#8211; Ribeir\u00e3o Preto<\/p>\n<\/h3>\n<h4 class=\"base-search-card__subtitle\">\n<p>          <a class=\"hidden-nested-link\" data-tracking-client-ingraph data-tracking-control-name=\"public_jobs_jserp-result_job-search-card-subtitle\" data-tracking-will-navigate href=\"https:\/\/ch.linkedin.com\/company\/verisure?trk=public_jobs_jserp-result_job-search-card-subtitle\"><br \/>\n            Verisure<br \/>\n          <\/a><\/p>\n<\/h4>\n<p><!----><\/p>\n<div class=\"base-search-card__metadata\">\n<p>          <span class=\"job-search-card__location\"><br \/>\n            Ribeir\u00e3o Preto, S\u00e3o Paulo, Brazil<br \/>\n          <\/span><\/p>\n<p><!---->  <\/p>\n<p>          <time class=\"job-search-card__listdate\" datetime=\"2025-08-29\"><\/p>\n<p>      1 month ago<\/p>\n<p>          <\/time><\/p>\n<p><!---->\n            <\/div>\n<\/p><\/div>\n<p><!---->      <\/p><\/div>\n<\/li>\n<li>\n<div class=\"base-card relative w-full hover:no-underline focus:no-underline\n        base-card--link\n         base-search-card base-search-card--link job-search-card\" data-entity-urn=\"urn:li:jobPosting:4300082348\" data-impression-id=\"jobs-search-desktop-14\" data-reference-id=\"BGC7AasWG8ZDeJIfEGdaIw==\" data-tracking-id=\"sGSKUrKyM+WnV\/q4rPBWUA==\" data-column=\"1\" data-row=\"15\"><\/p>\n<p>        <a class=\"base-card__full-link absolute top-0 right-0 bottom-0 left-0 p-0 z-[2] outline-offset-[4px]\" href=\"https:\/\/br.linkedin.com\/jobs\/view\/jovem-aprendiz-at-rede-oba-de-hortifruti-4300082348?position=15&amp;pageNum=0&amp;refId=BGC7AasWG8ZDeJIfEGdaIw%3D%3D&amp;trackingId=sGSKUrKyM%2BWnV%2Fq4rPBWUA%3D%3D\" data-tracking-control-name=\"public_jobs_jserp-result_search-card\" data-tracking-client-ingraph data-tracking-will-navigate><\/p>\n<p>          <span class=\"sr-only\"><\/p>\n<p>        JOVEM APRENDIZ<\/p>\n<p>          <\/span><br \/>\n        <\/a><\/p>\n<div class=\"search-entity-media\">\n<p>      <img class=\"artdeco-entity-image artdeco-entity-image--square-4\n          \" data-delayed-url=\"https:\/\/media.licdn.com\/dms\/image\/v2\/D4D0BAQEqg2MFuggG2A\/company-logo_100_100\/company-logo_100_100\/0\/1735817849538\/obahortifruti_logo?e=2147483647&amp;v=beta&amp;t=X1UyDCjV-V15ZLeVsjUKxxfjS_RUKui4xwPiDmXp_Hg\" data-ghost-classes=\"artdeco-entity-image--ghost\" data-ghost-url=\"https:\/\/static.licdn.com\/aero-v1\/sc\/h\/6puxblwmhnodu6fjircz4dn4h\" alt><\/p><\/div>\n<div class=\"base-search-card__info\">\n<h3 class=\"base-search-card__title\">\n<p>        JOVEM APRENDIZ<\/p>\n<\/h3>\n<h4 class=\"base-search-card__subtitle\">\n<p>          <a class=\"hidden-nested-link\" data-tracking-client-ingraph data-tracking-control-name=\"public_jobs_jserp-result_job-search-card-subtitle\" data-tracking-will-navigate href=\"https:\/\/br.linkedin.com\/company\/obahortifruti?trk=public_jobs_jserp-result_job-search-card-subtitle\"><br \/>\n            Rede Oba De Hortifruti<br \/>\n          <\/a><\/p>\n<\/h4>\n<p><!----><\/p>\n<div class=\"base-search-card__metadata\">\n<p>          <span class=\"job-search-card__location\"><br \/>\n            Ribeir\u00e3o Preto, S\u00e3o Paulo, Brazil<br \/>\n          <\/span><\/p>\n<div class=\"job-posting-benefits text-sm\">\n        <icon class=\"job-posting-benefits__icon\" data-delayed-url=\"https:\/\/static.licdn.com\/aero-v1\/sc\/h\/8zmuwb93gzlb935fk4ao4z779\" data-svg-class-name=\"job-posting-benefits__icon-svg\"><\/icon><br \/>\n        <span class=\"job-posting-benefits__text\"><br \/>\n          Be an early applicant<br \/>\n<!---->        <\/span>\n      <\/div>\n<p>          <time class=\"job-search-card__listdate\" datetime=\"2025-09-12\"><\/p>\n<p>      2 weeks ago<\/p>\n<p>          <\/time><\/p>\n<p><!---->\n            <\/div>\n<\/p><\/div>\n<p><!---->      <\/p><\/div>\n<\/li>\n<li>\n<div class=\"base-card relative w-full hover:no-underline focus:no-underline\n        base-card--link\n         base-search-card base-search-card--link job-search-card\" data-entity-urn=\"urn:li:jobPosting:4305394805\" data-impression-id=\"jobs-search-desktop-15\" data-reference-id=\"BGC7AasWG8ZDeJIfEGdaIw==\" data-tracking-id=\"0mYMJPZt6Sn5ajiwJMczSA==\" data-column=\"1\" data-row=\"16\"><\/p>\n<p>        <a class=\"base-card__full-link absolute top-0 right-0 bottom-0 left-0 p-0 z-[2] outline-offset-[4px]\" href=\"https:\/\/br.linkedin.com\/jobs\/view\/jovem-aprendiz-e-estagi%C3%A1rio-em-supermercado-ribeirao-preto-sp-at-checkout-rh-4305394805?position=16&amp;pageNum=0&amp;refId=BGC7AasWG8ZDeJIfEGdaIw%3D%3D&amp;trackingId=0mYMJPZt6Sn5ajiwJMczSA%3D%3D\" data-tracking-control-name=\"public_jobs_jserp-result_search-card\" data-tracking-client-ingraph data-tracking-will-navigate><\/p>\n<p>          <span class=\"sr-only\"><\/p>\n<p>        Jovem Aprendiz e Estagi\u00e1rio em Supermercado  &#8211; Ribeirao Preto \/ SP<\/p>\n<p>          <\/span><br \/>\n        <\/a><\/p>\n<div class=\"search-entity-media\">\n<p>      <img class=\"artdeco-entity-image artdeco-entity-image--square-4\n          \" data-delayed-url=\"https:\/\/media.licdn.com\/dms\/image\/v2\/C4D0BAQGWtdA-7GEIeg\/company-logo_100_100\/company-logo_100_100\/0\/1630525053815\/checkout_rh_logo?e=2147483647&amp;v=beta&amp;t=qT3G2D99OLvMwP-BwUPd08MoxBiLx5p-9G_0OSftd9o\" data-ghost-classes=\"artdeco-entity-image--ghost\" data-ghost-url=\"https:\/\/static.licdn.com\/aero-v1\/sc\/h\/6puxblwmhnodu6fjircz4dn4h\" alt><\/p><\/div>\n<div class=\"base-search-card__info\">\n<h3 class=\"base-search-card__title\">\n<p>        Jovem Aprendiz e Estagi\u00e1rio em Supermercado  &#8211; Ribeirao Preto \/ SP<\/p>\n<\/h3>\n<h4 class=\"base-search-card__subtitle\">\n<p>          <a class=\"hidden-nested-link\" data-tracking-client-ingraph data-tracking-control-name=\"public_jobs_jserp-result_job-search-card-subtitle\" data-tracking-will-navigate href=\"https:\/\/br.linkedin.com\/company\/checkout-rh?trk=public_jobs_jserp-result_job-search-card-subtitle\"><br \/>\n            Checkout RH<br \/>\n          <\/a><\/p>\n<\/h4>\n<p><!----><\/p>\n<div class=\"base-search-card__metadata\">\n<p>          <span class=\"job-search-card__location\"><br \/>\n            Ribeir\u00e3o Preto, S\u00e3o Paulo, Brazil<br \/>\n          <\/span><\/p>\n<div class=\"job-posting-benefits text-sm\">\n        <icon class=\"job-posting-benefits__icon\" data-delayed-url=\"https:\/\/static.licdn.com\/aero-v1\/sc\/h\/8zmuwb93gzlb935fk4ao4z779\" data-svg-class-name=\"job-posting-benefits__icon-svg\"><\/icon><br \/>\n        <span class=\"job-posting-benefits__text\"><br \/>\n          Be an early applicant<br \/>\n<!---->        <\/span>\n      <\/div>\n<p>          <time class=\"job-search-card__listdate\" datetime=\"2025-09-29\"><\/p>\n<p>      1 day ago<\/p>\n<p>          <\/time><\/p>\n<p><!---->\n            <\/div>\n<\/p><\/div>\n<p><!---->      <\/p><\/div>\n<\/li>\n<li>\n<div class=\"base-card relative w-full hover:no-underline focus:no-underline\n        base-card--link\n         base-search-card base-search-card--link job-search-card\" data-entity-urn=\"urn:li:jobPosting:4302056784\" data-impression-id=\"jobs-search-desktop-16\" data-reference-id=\"BGC7AasWG8ZDeJIfEGdaIw==\" data-tracking-id=\"XCnKrg1iiKDLgAAYqkvJjw==\" data-column=\"1\" data-row=\"17\"><\/p>\n<p>        <a class=\"base-card__full-link absolute top-0 right-0 bottom-0 left-0 p-0 z-[2] outline-offset-[4px]\" href=\"https:\/\/br.linkedin.com\/jobs\/view\/jovem-aprendiz-ribeir%C3%A3o-preto-at-unifisa-adm-nacional-de-consorcios-ltda-4302056784?position=17&amp;pageNum=0&amp;refId=BGC7AasWG8ZDeJIfEGdaIw%3D%3D&amp;trackingId=XCnKrg1iiKDLgAAYqkvJjw%3D%3D\" data-tracking-control-name=\"public_jobs_jserp-result_search-card\" data-tracking-client-ingraph data-tracking-will-navigate><\/p>\n<p>          <span class=\"sr-only\"><\/p>\n<p>        Jovem Aprendiz &#8211; Ribeir\u00e3o Preto<\/p>\n<p>          <\/span><br \/>\n        <\/a><\/p>\n<div class=\"search-entity-media\">\n<p>      <img class=\"artdeco-entity-image artdeco-entity-image--square-4\n          \" data-delayed-url=\"https:\/\/media.licdn.com\/dms\/image\/v2\/D4E0BAQHWWkXG6Hnn-Q\/company-logo_100_100\/B4EZVMdqQLG0AQ-\/0\/1740744599245\/unifisa_logo?e=2147483647&amp;v=beta&amp;t=NH2GhvrNVPyv_vjyJM4MQgpl_ZnfUW5bCmpkQCNwrYQ\" data-ghost-classes=\"artdeco-entity-image--ghost\" data-ghost-url=\"https:\/\/static.licdn.com\/aero-v1\/sc\/h\/6puxblwmhnodu6fjircz4dn4h\" alt><\/p><\/div>\n<div class=\"base-search-card__info\">\n<h3 class=\"base-search-card__title\">\n<p>        Jovem Aprendiz &#8211; Ribeir\u00e3o Preto<\/p>\n<\/h3>\n<h4 class=\"base-search-card__subtitle\">\n<p>          <a class=\"hidden-nested-link\" data-tracking-client-ingraph data-tracking-control-name=\"public_jobs_jserp-result_job-search-card-subtitle\" data-tracking-will-navigate href=\"https:\/\/br.linkedin.com\/company\/unifisa?trk=public_jobs_jserp-result_job-search-card-subtitle\"><br \/>\n            UNIFISA ADM NACIONAL DE CONSORCIOS LTDA.<br \/>\n          <\/a><\/p>\n<\/h4>\n<p><!----><\/p>\n<div class=\"base-search-card__metadata\">\n<p>          <span class=\"job-search-card__location\"><br \/>\n            Ribeir\u00e3o Preto, S\u00e3o Paulo, Brazil<br \/>\n          <\/span><\/p>\n<div class=\"job-posting-benefits text-sm\">\n        <icon class=\"job-posting-benefits__icon\" data-delayed-url=\"https:\/\/static.licdn.com\/aero-v1\/sc\/h\/8zmuwb93gzlb935fk4ao4z779\" data-svg-class-name=\"job-posting-benefits__icon-svg\"><\/icon><br \/>\n        <span class=\"job-posting-benefits__text\"><br \/>\n          Be an early applicant<br \/>\n<!---->        <\/span>\n      <\/div>\n<p>          <time class=\"job-search-card__listdate\" datetime=\"2025-09-17\"><\/p>\n<p>      1 week ago<\/p>\n<p>          <\/time><\/p>\n<p><!---->\n            <\/div>\n<\/p><\/div>\n<p><!---->      <\/p><\/div>\n<\/li>\n<li>\n<div class=\"base-card relative w-full hover:no-underline focus:no-underline\n        base-card--link\n         base-search-card base-search-card--link job-search-card\" data-entity-urn=\"urn:li:jobPosting:4302934323\" data-impression-id=\"jobs-search-desktop-17\" data-reference-id=\"BGC7AasWG8ZDeJIfEGdaIw==\" data-tracking-id=\"od7JB2gOqoRrumjtD9Zr3g==\" data-column=\"1\" data-row=\"18\"><\/p>\n<p>        <a class=\"base-card__full-link absolute top-0 right-0 bottom-0 left-0 p-0 z-[2] outline-offset-[4px]\" href=\"https:\/\/br.linkedin.com\/jobs\/view\/jovem-aprendiz-marketing-at-riberfoods-4302934323?position=18&amp;pageNum=0&amp;refId=BGC7AasWG8ZDeJIfEGdaIw%3D%3D&amp;trackingId=od7JB2gOqoRrumjtD9Zr3g%3D%3D\" data-tracking-control-name=\"public_jobs_jserp-result_search-card\" data-tracking-client-ingraph data-tracking-will-navigate><\/p>\n<p>          <span class=\"sr-only\"><\/p>\n<p>        Jovem Aprendiz &#8211; Marketing<\/p>\n<p>          <\/span><br \/>\n        <\/a><\/p>\n<div class=\"search-entity-media\">\n<p>      <img class=\"artdeco-entity-image artdeco-entity-image--square-4\n          \" data-delayed-url=\"https:\/\/media.licdn.com\/dms\/image\/v2\/C4E0BAQHexJh_WQV6aw\/company-logo_100_100\/company-logo_100_100\/0\/1630570276433\/riberdoces_logo?e=2147483647&amp;v=beta&amp;t=EJv7y7wega2jBTKfM01cNVwlZkY4p4KyLeTyt8PaxmQ\" data-ghost-classes=\"artdeco-entity-image--ghost\" data-ghost-url=\"https:\/\/static.licdn.com\/aero-v1\/sc\/h\/6puxblwmhnodu6fjircz4dn4h\" alt><\/p><\/div>\n<div class=\"base-search-card__info\">\n<h3 class=\"base-search-card__title\">\n<p>        Jovem Aprendiz &#8211; Marketing<\/p>\n<\/h3>\n<h4 class=\"base-search-card__subtitle\">\n<p>          <a class=\"hidden-nested-link\" data-tracking-client-ingraph data-tracking-control-name=\"public_jobs_jserp-result_job-search-card-subtitle\" data-tracking-will-navigate href=\"https:\/\/br.linkedin.com\/company\/riberfoods?trk=public_jobs_jserp-result_job-search-card-subtitle\"><br \/>\n            Riberfoods<br \/>\n          <\/a><\/p>\n<\/h4>\n<p><!----><\/p>\n<div class=\"base-search-card__metadata\">\n<p>          <span class=\"job-search-card__location\"><br \/>\n            Greater Ribeir\u00e3o Preto<br \/>\n          <\/span><\/p>\n<div class=\"job-posting-benefits text-sm\">\n        <icon class=\"job-posting-benefits__icon\" data-delayed-url=\"https:\/\/static.licdn.com\/aero-v1\/sc\/h\/8zmuwb93gzlb935fk4ao4z779\" data-svg-class-name=\"job-posting-benefits__icon-svg\"><\/icon><br \/>\n        <span class=\"job-posting-benefits__text\"><br \/>\n          Be an early applicant<br \/>\n<!---->        <\/span>\n      <\/div>\n<p>          <time class=\"job-search-card__listdate\" datetime=\"2025-09-24\"><\/p>\n<p>      6 days ago<\/p>\n<p>          <\/time><\/p>\n<p><!---->\n            <\/div>\n<\/p><\/div>\n<p><!---->      <\/p><\/div>\n<\/li>\n<li>\n<div class=\"base-card relative w-full hover:no-underline focus:no-underline\n        base-card--link\n         base-search-card base-search-card--link job-search-card\" data-entity-urn=\"urn:li:jobPosting:4297294468\" data-impression-id=\"jobs-search-desktop-18\" data-reference-id=\"BGC7AasWG8ZDeJIfEGdaIw==\" data-tracking-id=\"axHEF9R44p7u0smc95WBtA==\" data-column=\"1\" data-row=\"19\"><\/p>\n<p>        <a class=\"base-card__full-link absolute top-0 right-0 bottom-0 left-0 p-0 z-[2] outline-offset-[4px]\" href=\"https:\/\/br.linkedin.com\/jobs\/view\/aprendiz-operador-a-de-caixa-ribeir%C3%A3o-preto-551879-at-gpa-4297294468?position=19&amp;pageNum=0&amp;refId=BGC7AasWG8ZDeJIfEGdaIw%3D%3D&amp;trackingId=axHEF9R44p7u0smc95WBtA%3D%3D\" data-tracking-control-name=\"public_jobs_jserp-result_search-card\" data-tracking-client-ingraph data-tracking-will-navigate><\/p>\n<p>          <span class=\"sr-only\"><\/p>\n<p>        Aprendiz Operador(a) de Caixa &#8211; Ribeir\u00e3o Preto (551879)<\/p>\n<p>          <\/span><br \/>\n        <\/a><\/p>\n<div class=\"search-entity-media\">\n<p>      <img class=\"artdeco-entity-image artdeco-entity-image--square-4\n          \" data-delayed-url=\"https:\/\/media.licdn.com\/dms\/image\/v2\/D4D0BAQG9DuX6AU4qHA\/company-logo_100_100\/company-logo_100_100\/0\/1727809723578\/gpabr_logo?e=2147483647&amp;v=beta&amp;t=QeyzqoGEakaHl5Z_zTc8I-s_rjPh9TLBonuRcoKqzIs\" data-ghost-classes=\"artdeco-entity-image--ghost\" data-ghost-url=\"https:\/\/static.licdn.com\/aero-v1\/sc\/h\/6puxblwmhnodu6fjircz4dn4h\" alt><\/p><\/div>\n<div class=\"base-search-card__info\">\n<h3 class=\"base-search-card__title\">\n<p>        Aprendiz Operador(a) de Caixa &#8211; Ribeir\u00e3o Preto (551879)<\/p>\n<\/h3>\n<h4 class=\"base-search-card__subtitle\">\n<p>          <a class=\"hidden-nested-link\" data-tracking-client-ingraph data-tracking-control-name=\"public_jobs_jserp-result_job-search-card-subtitle\" data-tracking-will-navigate href=\"https:\/\/br.linkedin.com\/company\/gpabr?trk=public_jobs_jserp-result_job-search-card-subtitle\"><br \/>\n            GPA<br \/>\n          <\/a><\/p>\n<\/h4>\n<p><!----><\/p>\n<div class=\"base-search-card__metadata\">\n<p>          <span class=\"job-search-card__location\"><br \/>\n            Ribeir\u00e3o Preto, S\u00e3o Paulo, Brazil<br \/>\n          <\/span><\/p>\n<div class=\"job-posting-benefits text-sm\">\n        <icon class=\"job-posting-benefits__icon\" data-delayed-url=\"https:\/\/static.licdn.com\/aero-v1\/sc\/h\/8zmuwb93gzlb935fk4ao4z779\" data-svg-class-name=\"job-posting-benefits__icon-svg\"><\/icon><br \/>\n        <span class=\"job-posting-benefits__text\"><br \/>\n          Be an early applicant<br \/>\n<!---->        <\/span>\n      <\/div>\n<p>          <time class=\"job-search-card__listdate\" datetime=\"2025-09-08\"><\/p>\n<p>      3 weeks ago<\/p>\n<p>          <\/time><\/p>\n<p><!---->\n            <\/div>\n<\/p><\/div>\n<p><!---->      <\/p><\/div>\n<\/li>\n<li>\n<div class=\"base-card relative w-full hover:no-underline focus:no-underline\n        base-card--link\n         base-search-card base-search-card--link job-search-card\" data-entity-urn=\"urn:li:jobPosting:4296488354\" data-impression-id=\"jobs-search-desktop-19\" data-reference-id=\"BGC7AasWG8ZDeJIfEGdaIw==\" data-tracking-id=\"t4GmqbQ83j4sQJ98S2A0og==\" data-column=\"1\" data-row=\"20\"><\/p>\n<p>        <a class=\"base-card__full-link absolute top-0 right-0 bottom-0 left-0 p-0 z-[2] outline-offset-[4px]\" href=\"https:\/\/br.linkedin.com\/jobs\/view\/aprendiz-operador-a-de-caixa-ribeir%C3%A3o-preto-550477-at-gpa-4296488354?position=20&amp;pageNum=0&amp;refId=BGC7AasWG8ZDeJIfEGdaIw%3D%3D&amp;trackingId=t4GmqbQ83j4sQJ98S2A0og%3D%3D\" data-tracking-control-name=\"public_jobs_jserp-result_search-card\" data-tracking-client-ingraph data-tracking-will-navigate><\/p>\n<p>          <span class=\"sr-only\"><\/p>\n<p>        Aprendiz Operador(a) de Caixa &#8211; Ribeir\u00e3o Preto (550477)<\/p>\n<p>          <\/span><br \/>\n        <\/a><\/p>\n<div class=\"search-entity-media\">\n<p>      <img class=\"artdeco-entity-image artdeco-entity-image--square-4\n          \" data-delayed-url=\"https:\/\/media.licdn.com\/dms\/image\/v2\/D4D0BAQG9DuX6AU4qHA\/company-logo_100_100\/company-logo_100_100\/0\/1727809723578\/gpabr_logo?e=2147483647&amp;v=beta&amp;t=QeyzqoGEakaHl5Z_zTc8I-s_rjPh9TLBonuRcoKqzIs\" data-ghost-classes=\"artdeco-entity-image--ghost\" data-ghost-url=\"https:\/\/static.licdn.com\/aero-v1\/sc\/h\/6puxblwmhnodu6fjircz4dn4h\" alt><\/p><\/div>\n<div class=\"base-search-card__info\">\n<h3 class=\"base-search-card__title\">\n<p>        Aprendiz Operador(a) de Caixa &#8211; Ribeir\u00e3o Preto (550477)<\/p>\n<\/h3>\n<h4 class=\"base-search-card__subtitle\">\n<p>          <a class=\"hidden-nested-link\" data-tracking-client-ingraph data-tracking-control-name=\"public_jobs_jserp-result_job-search-card-subtitle\" data-tracking-will-navigate href=\"https:\/\/br.linkedin.com\/company\/gpabr?trk=public_jobs_jserp-result_job-search-card-subtitle\"><br \/>\n            GPA<br \/>\n          <\/a><\/p>\n<\/h4>\n<p><!----><\/p>\n<div class=\"base-search-card__metadata\">\n<p>          <span class=\"job-search-card__location\"><br \/>\n            Ribeir\u00e3o Preto, S\u00e3o Paulo, Brazil<br \/>\n          <\/span><\/p>\n<div class=\"job-posting-benefits text-sm\">\n        <icon class=\"job-posting-benefits__icon\" data-delayed-url=\"https:\/\/static.licdn.com\/aero-v1\/sc\/h\/8zmuwb93gzlb935fk4ao4z779\" data-svg-class-name=\"job-posting-benefits__icon-svg\"><\/icon><br \/>\n        <span class=\"job-posting-benefits__text\"><br \/>\n          Be an early applicant<br \/>\n<!---->        <\/span>\n      <\/div>\n<p>          <time class=\"job-search-card__listdate\" datetime=\"2025-09-05\"><\/p>\n<p>      3 weeks ago<\/p>\n<p>          <\/time><\/p>\n<p><!---->\n            <\/div>\n<\/p><\/div>\n<p><!---->      <\/p><\/div>\n<\/li>\n<li>\n<div class=\"base-card relative w-full hover:no-underline focus:no-underline\n        base-card--link\n         base-search-card base-search-card--link job-search-card\" data-entity-urn=\"urn:li:jobPosting:4296481967\" data-impression-id=\"jobs-search-desktop-20\" data-reference-id=\"BGC7AasWG8ZDeJIfEGdaIw==\" data-tracking-id=\"Q4TqDMXVerbzyViqhqpKbw==\" data-column=\"1\" data-row=\"21\"><\/p>\n<p>        <a class=\"base-card__full-link absolute top-0 right-0 bottom-0 left-0 p-0 z-[2] outline-offset-[4px]\" href=\"https:\/\/br.linkedin.com\/jobs\/view\/aprendiz-operador-a-de-caixa-ribeir%C3%A3o-preto-550545-at-gpa-4296481967?position=21&amp;pageNum=0&amp;refId=BGC7AasWG8ZDeJIfEGdaIw%3D%3D&amp;trackingId=Q4TqDMXVerbzyViqhqpKbw%3D%3D\" data-tracking-control-name=\"public_jobs_jserp-result_search-card\" data-tracking-client-ingraph data-tracking-will-navigate><\/p>\n<p>          <span class=\"sr-only\"><\/p>\n<p>        Aprendiz Operador(a) de Caixa &#8211; Ribeir\u00e3o Preto (550545)<\/p>\n<p>          <\/span><br \/>\n        <\/a><\/p>\n<div class=\"search-entity-media\">\n<p>      <img class=\"artdeco-entity-image artdeco-entity-image--square-4\n          \" data-delayed-url=\"https:\/\/media.licdn.com\/dms\/image\/v2\/D4D0BAQG9DuX6AU4qHA\/company-logo_100_100\/company-logo_100_100\/0\/1727809723578\/gpabr_logo?e=2147483647&amp;v=beta&amp;t=QeyzqoGEakaHl5Z_zTc8I-s_rjPh9TLBonuRcoKqzIs\" data-ghost-classes=\"artdeco-entity-image--ghost\" data-ghost-url=\"https:\/\/static.licdn.com\/aero-v1\/sc\/h\/6puxblwmhnodu6fjircz4dn4h\" alt><\/p><\/div>\n<div class=\"base-search-card__info\">\n<h3 class=\"base-search-card__title\">\n<p>        Aprendiz Operador(a) de Caixa &#8211; Ribeir\u00e3o Preto (550545)<\/p>\n<\/h3>\n<h4 class=\"base-search-card__subtitle\">\n<p>          <a class=\"hidden-nested-link\" data-tracking-client-ingraph data-tracking-control-name=\"public_jobs_jserp-result_job-search-card-subtitle\" data-tracking-will-navigate href=\"https:\/\/br.linkedin.com\/company\/gpabr?trk=public_jobs_jserp-result_job-search-card-subtitle\"><br \/>\n            GPA<br \/>\n          <\/a><\/p>\n<\/h4>\n<p><!----><\/p>\n<div class=\"base-search-card__metadata\">\n<p>          <span class=\"job-search-card__location\"><br \/>\n            Ribeir\u00e3o Preto, S\u00e3o Paulo, Brazil<br \/>\n          <\/span><\/p>\n<div class=\"job-posting-benefits text-sm\">\n        <icon class=\"job-posting-benefits__icon\" data-delayed-url=\"https:\/\/static.licdn.com\/aero-v1\/sc\/h\/8zmuwb93gzlb935fk4ao4z779\" data-svg-class-name=\"job-posting-benefits__icon-svg\"><\/icon><br \/>\n        <span class=\"job-posting-benefits__text\"><br \/>\n          Be an early applicant<br \/>\n<!---->        <\/span>\n      <\/div>\n<p>          <time class=\"job-search-card__listdate\" datetime=\"2025-09-05\"><\/p>\n<p>      3 weeks ago<\/p>\n<p>          <\/time><\/p>\n<p><!---->\n            <\/div>\n<\/p><\/div>\n<p><!---->      <\/p><\/div>\n<\/li>\n<li>\n<div class=\"base-card relative w-full hover:no-underline focus:no-underline\n        base-card--link\n         base-search-card base-search-card--link job-search-card\" data-entity-urn=\"urn:li:jobPosting:4308149339\" data-impression-id=\"jobs-search-desktop-21\" data-reference-id=\"BGC7AasWG8ZDeJIfEGdaIw==\" data-tracking-id=\"g55E8Oc+lMgwBTAYDFzSMA==\" data-column=\"1\" data-row=\"22\"><\/p>\n<p>        <a class=\"base-card__full-link absolute top-0 right-0 bottom-0 left-0 p-0 z-[2] outline-offset-[4px]\" href=\"https:\/\/br.linkedin.com\/jobs\/view\/jovem-aprendiz-e-estagi%C3%A1rio-em-supermercado-sert%C3%A3ozinho-sp-at-checkout-rh-4308149339?position=22&amp;pageNum=0&amp;refId=BGC7AasWG8ZDeJIfEGdaIw%3D%3D&amp;trackingId=g55E8Oc%2BlMgwBTAYDFzSMA%3D%3D\" data-tracking-control-name=\"public_jobs_jserp-result_search-card\" data-tracking-client-ingraph data-tracking-will-navigate><\/p>\n<p>          <span class=\"sr-only\"><\/p>\n<p>        Jovem Aprendiz e Estagi\u00e1rio em Supermercado &#8211; Sert\u00e3ozinho \/ SP<\/p>\n<p>          <\/span><br \/>\n        <\/a><\/p>\n<div class=\"search-entity-media\">\n<p>      <img class=\"artdeco-entity-image artdeco-entity-image--square-4\n          \" data-delayed-url=\"https:\/\/media.licdn.com\/dms\/image\/v2\/C4D0BAQGWtdA-7GEIeg\/company-logo_100_100\/company-logo_100_100\/0\/1630525053815\/checkout_rh_logo?e=2147483647&amp;v=beta&amp;t=qT3G2D99OLvMwP-BwUPd08MoxBiLx5p-9G_0OSftd9o\" data-ghost-classes=\"artdeco-entity-image--ghost\" data-ghost-url=\"https:\/\/static.licdn.com\/aero-v1\/sc\/h\/6puxblwmhnodu6fjircz4dn4h\" alt><\/p><\/div>\n<div class=\"base-search-card__info\">\n<h3 class=\"base-search-card__title\">\n<p>        Jovem Aprendiz e Estagi\u00e1rio em Supermercado &#8211; Sert\u00e3ozinho \/ SP<\/p>\n<\/h3>\n<h4 class=\"base-search-card__subtitle\">\n<p>          <a class=\"hidden-nested-link\" data-tracking-client-ingraph data-tracking-control-name=\"public_jobs_jserp-result_job-search-card-subtitle\" data-tracking-will-navigate href=\"https:\/\/br.linkedin.com\/company\/checkout-rh?trk=public_jobs_jserp-result_job-search-card-subtitle\"><br \/>\n            Checkout RH<br \/>\n          <\/a><\/p>\n<\/h4>\n<p><!----><\/p>\n<div class=\"base-search-card__metadata\">\n<p>          <span class=\"job-search-card__location\"><br \/>\n            Sert\u00e3ozinho, S\u00e3o Paulo, Brazil<br \/>\n          <\/span><\/p>\n<div class=\"job-posting-benefits text-sm\">\n        <icon class=\"job-posting-benefits__icon\" data-delayed-url=\"https:\/\/static.licdn.com\/aero-v1\/sc\/h\/8zmuwb93gzlb935fk4ao4z779\" data-svg-class-name=\"job-posting-benefits__icon-svg\"><\/icon><br \/>\n        <span class=\"job-posting-benefits__text\"><br \/>\n          Be an early applicant<br \/>\n<!---->        <\/span>\n      <\/div>\n<p>          <time class=\"job-search-card__listdate--new\" datetime=\"2025-09-30\"><\/p>\n<p>      20 hours ago<\/p>\n<p>          <\/time><\/p>\n<p><!---->\n            <\/div>\n<\/p><\/div>\n<p><!---->      <\/p><\/div>\n<\/li>\n<li>\n<div class=\"base-card relative w-full hover:no-underline focus:no-underline\n        base-card--link\n         base-search-card base-search-card--link job-search-card\" data-entity-urn=\"urn:li:jobPosting:4306648742\" data-impression-id=\"jobs-search-desktop-22\" data-reference-id=\"BGC7AasWG8ZDeJIfEGdaIw==\" data-tracking-id=\"ZXTspqARSSlMxrCN9u1Ofw==\" data-column=\"1\" data-row=\"23\"><\/p>\n<p>        <a class=\"base-card__full-link absolute top-0 right-0 bottom-0 left-0 p-0 z-[2] outline-offset-[4px]\" href=\"https:\/\/br.linkedin.com\/jobs\/view\/aprendiz-operador-a-de-loja-ribeir%C3%A3o-preto-553800-at-gpa-4306648742?position=23&amp;pageNum=0&amp;refId=BGC7AasWG8ZDeJIfEGdaIw%3D%3D&amp;trackingId=ZXTspqARSSlMxrCN9u1Ofw%3D%3D\" data-tracking-control-name=\"public_jobs_jserp-result_search-card\" data-tracking-client-ingraph data-tracking-will-navigate><\/p>\n<p>          <span class=\"sr-only\"><\/p>\n<p>        Aprendiz Operador(a) de Loja &#8211; Ribeir\u00e3o Preto (553800)<\/p>\n<p>          <\/span><br \/>\n        <\/a><\/p>\n<div class=\"search-entity-media\">\n<p>      <img class=\"artdeco-entity-image artdeco-entity-image--square-4\n          \" data-delayed-url=\"https:\/\/media.licdn.com\/dms\/image\/v2\/D4D0BAQG9DuX6AU4qHA\/company-logo_100_100\/company-logo_100_100\/0\/1727809723578\/gpabr_logo?e=2147483647&amp;v=beta&amp;t=QeyzqoGEakaHl5Z_zTc8I-s_rjPh9TLBonuRcoKqzIs\" data-ghost-classes=\"artdeco-entity-image--ghost\" data-ghost-url=\"https:\/\/static.licdn.com\/aero-v1\/sc\/h\/6puxblwmhnodu6fjircz4dn4h\" alt><\/p><\/div>\n<div class=\"base-search-card__info\">\n<h3 class=\"base-search-card__title\">\n<p>        Aprendiz Operador(a) de Loja &#8211; Ribeir\u00e3o Preto (553800)<\/p>\n<\/h3>\n<h4 class=\"base-search-card__subtitle\">\n<p>          <a class=\"hidden-nested-link\" data-tracking-client-ingraph data-tracking-control-name=\"public_jobs_jserp-result_job-search-card-subtitle\" data-tracking-will-navigate href=\"https:\/\/br.linkedin.com\/company\/gpabr?trk=public_jobs_jserp-result_job-search-card-subtitle\"><br \/>\n            GPA<br \/>\n          <\/a><\/p>\n<\/h4>\n<p><!----><\/p>\n<div class=\"base-search-card__metadata\">\n<p>          <span class=\"job-search-card__location\"><br \/>\n            Ribeir\u00e3o Preto, S\u00e3o Paulo, Brazil<br \/>\n          <\/span><\/p>\n<div class=\"job-posting-benefits text-sm\">\n        <icon class=\"job-posting-benefits__icon\" data-delayed-url=\"https:\/\/static.licdn.com\/aero-v1\/sc\/h\/8zmuwb93gzlb935fk4ao4z779\" data-svg-class-name=\"job-posting-benefits__icon-svg\"><\/icon><br \/>\n        <span class=\"job-posting-benefits__text\"><br \/>\n          Be an early applicant<br \/>\n<!---->        <\/span>\n      <\/div>\n<p>          <time class=\"job-search-card__listdate\" datetime=\"2025-09-29\"><\/p>\n<p>      1 day ago<\/p>\n<p>          <\/time><\/p>\n<p><!---->\n            <\/div>\n<\/p><\/div>\n<p><!---->      <\/p><\/div>\n<\/li>\n<li>\n<div class=\"base-card relative w-full hover:no-underline focus:no-underline\n        base-card--link\n         base-search-card base-search-card--link job-search-card\" data-entity-urn=\"urn:li:jobPosting:4306255846\" data-impression-id=\"jobs-search-desktop-23\" data-reference-id=\"BGC7AasWG8ZDeJIfEGdaIw==\" data-tracking-id=\"3h1tFFm3UuGecnBeUDJvxg==\" data-column=\"1\" data-row=\"24\"><\/p>\n<p>        <a class=\"base-card__full-link absolute top-0 right-0 bottom-0 left-0 p-0 z-[2] outline-offset-[4px]\" href=\"https:\/\/br.linkedin.com\/jobs\/view\/jovem-aprendiz-mec%C3%A2nico-linha-agr%C3%ADcola-at-grupo-tracbel-4306255846?position=24&amp;pageNum=0&amp;refId=BGC7AasWG8ZDeJIfEGdaIw%3D%3D&amp;trackingId=3h1tFFm3UuGecnBeUDJvxg%3D%3D\" data-tracking-control-name=\"public_jobs_jserp-result_search-card\" data-tracking-client-ingraph data-tracking-will-navigate><\/p>\n<p>          <span class=\"sr-only\"><\/p>\n<p>        Jovem Aprendiz (Mec\u00e2nico) &#8211; Linha agr\u00edcola<\/p>\n<p>          <\/span><br \/>\n        <\/a><\/p>\n<div class=\"search-entity-media\">\n<p>      <img class=\"artdeco-entity-image artdeco-entity-image--square-4\n          \" data-delayed-url=\"https:\/\/media.licdn.com\/dms\/image\/v2\/C4D0BAQHKKR6cZpiYkQ\/company-logo_100_100\/company-logo_100_100\/0\/1669932590783\/tracbel_s_a_logo?e=2147483647&amp;v=beta&amp;t=8RzYmaG5EDNNMsp5EyKYawTlX5cMmJlSZZ2Ncdtri8c\" data-ghost-classes=\"artdeco-entity-image--ghost\" data-ghost-url=\"https:\/\/static.licdn.com\/aero-v1\/sc\/h\/6puxblwmhnodu6fjircz4dn4h\" alt><\/p><\/div>\n<div class=\"base-search-card__info\">\n<h3 class=\"base-search-card__title\">\n<p>        Jovem Aprendiz (Mec\u00e2nico) &#8211; Linha agr\u00edcola<\/p>\n<\/h3>\n<h4 class=\"base-search-card__subtitle\">\n<p>          <a class=\"hidden-nested-link\" data-tracking-client-ingraph data-tracking-control-name=\"public_jobs_jserp-result_job-search-card-subtitle\" data-tracking-will-navigate href=\"https:\/\/br.linkedin.com\/company\/grupotracbel?trk=public_jobs_jserp-result_job-search-card-subtitle\"><br \/>\n            Grupo Tracbel<br \/>\n          <\/a><\/p>\n<\/h4>\n<p><!----><\/p>\n<div class=\"base-search-card__metadata\">\n<p>          <span class=\"job-search-card__location\"><br \/>\n            Ribeir\u00e3o Preto, S\u00e3o Paulo, Brazil<br \/>\n          <\/span><\/p>\n<div class=\"job-posting-benefits text-sm\">\n        <icon class=\"job-posting-benefits__icon\" data-delayed-url=\"https:\/\/static.licdn.com\/aero-v1\/sc\/h\/8zmuwb93gzlb935fk4ao4z779\" data-svg-class-name=\"job-posting-benefits__icon-svg\"><\/icon><br \/>\n        <span class=\"job-posting-benefits__text\"><br \/>\n          Be an early applicant<br \/>\n<!---->        <\/span>\n      <\/div>\n<p>          <time class=\"job-search-card__listdate\" datetime=\"2025-09-25\"><\/p>\n<p>      5 days ago<\/p>\n<p>          <\/time><\/p>\n<p><!---->\n            <\/div>\n<\/p><\/div>\n<p><!---->      <\/p><\/div>\n<\/li>\n<li>\n<div class=\"base-card relative w-full hover:no-underline focus:no-underline\n        base-card--link\n         base-search-card base-search-card--link job-search-card\" data-entity-urn=\"urn:li:jobPosting:4282224631\" data-impression-id=\"jobs-search-desktop-24\" data-reference-id=\"BGC7AasWG8ZDeJIfEGdaIw==\" data-tracking-id=\"iU2C58JGLAGJmhlu\/A1xtw==\" data-column=\"1\" data-row=\"25\"><\/p>\n<p>        <a class=\"base-card__full-link absolute top-0 right-0 bottom-0 left-0 p-0 z-[2] outline-offset-[4px]\" href=\"https:\/\/br.linkedin.com\/jobs\/view\/jovem-aprendiz-facilities-at-adm-4282224631?position=25&amp;pageNum=0&amp;refId=BGC7AasWG8ZDeJIfEGdaIw%3D%3D&amp;trackingId=iU2C58JGLAGJmhlu%2FA1xtw%3D%3D\" data-tracking-control-name=\"public_jobs_jserp-result_search-card\" data-tracking-client-ingraph data-tracking-will-navigate><\/p>\n<p>          <span class=\"sr-only\"><\/p>\n<p>        Jovem Aprendiz Facilities<\/p>\n<p>          <\/span><br \/>\n        <\/a><\/p>\n<div class=\"search-entity-media\">\n<p>      <img class=\"artdeco-entity-image artdeco-entity-image--square-4\n          \" data-delayed-url=\"https:\/\/media.licdn.com\/dms\/image\/v2\/C560BAQG0X_qChwy0vg\/company-logo_100_100\/company-logo_100_100\/0\/1656694101135\/adm_logo?e=2147483647&amp;v=beta&amp;t=f0QK4otPEW3pj6Np_rtYfMvaKkzVSn-1zQJB54Q1kHQ\" data-ghost-classes=\"artdeco-entity-image--ghost\" data-ghost-url=\"https:\/\/static.licdn.com\/aero-v1\/sc\/h\/6puxblwmhnodu6fjircz4dn4h\" alt><\/p><\/div>\n<div class=\"base-search-card__info\">\n<h3 class=\"base-search-card__title\">\n<p>        Jovem Aprendiz Facilities<\/p>\n<\/h3>\n<h4 class=\"base-search-card__subtitle\">\n<p>          <a class=\"hidden-nested-link\" data-tracking-client-ingraph data-tracking-control-name=\"public_jobs_jserp-result_job-search-card-subtitle\" data-tracking-will-navigate href=\"https:\/\/www.linkedin.com\/company\/adm?trk=public_jobs_jserp-result_job-search-card-subtitle\"><br \/>\n            ADM<br \/>\n          <\/a><\/p>\n<\/h4>\n<p><!----><\/p>\n<div class=\"base-search-card__metadata\">\n<p>          <span class=\"job-search-card__location\"><br \/>\n            Ribeir\u00e3o Preto, S\u00e3o Paulo, Brazil<br \/>\n          <\/span><\/p>\n<p><!---->  <\/p>\n<p>          <time class=\"job-search-card__listdate\" datetime=\"2025-09-26\"><\/p>\n<p>      4 days ago<\/p>\n<p>          <\/time><\/p>\n<p><!---->\n            <\/div>\n<\/p><\/div>\n<p><!---->      <\/p><\/div>\n<\/li>\n<li>\n<div class=\"base-card relative w-full hover:no-underline focus:no-underline\n        base-card--link\n         base-search-card base-search-card--link job-search-card\" data-entity-urn=\"urn:li:jobPosting:4304428891\" data-impression-id=\"jobs-search-desktop-25\" data-reference-id=\"BGC7AasWG8ZDeJIfEGdaIw==\" data-tracking-id=\"RbBfB+iUto6v1rbW+l\/Hyg==\" data-column=\"1\" data-row=\"26\"><\/p>\n<p>        <a class=\"base-card__full-link absolute top-0 right-0 bottom-0 left-0 p-0 z-[2] outline-offset-[4px]\" href=\"https:\/\/br.linkedin.com\/jobs\/view\/aprendiz-em-atendimento-e-vendas-fl-1053-at-grupo-casas-bahia-4304428891?position=26&amp;pageNum=0&amp;refId=BGC7AasWG8ZDeJIfEGdaIw%3D%3D&amp;trackingId=RbBfB%2BiUto6v1rbW%2Bl%2FHyg%3D%3D\" data-tracking-control-name=\"public_jobs_jserp-result_search-card\" data-tracking-client-ingraph data-tracking-will-navigate><\/p>\n<p>          <span class=\"sr-only\"><\/p>\n<p>        Aprendiz em Atendimento e Vendas &#8211; Fl 1053<\/p>\n<p>          <\/span><br \/>\n        <\/a><\/p>\n<div class=\"search-entity-media\">\n<p>      <img class=\"artdeco-entity-image artdeco-entity-image--square-4\n          \" data-delayed-url=\"https:\/\/media.licdn.com\/dms\/image\/v2\/D4D0BAQFbr9CklvtFUQ\/company-logo_100_100\/company-logo_100_100\/0\/1735854764145\/grupocasasbahia_logo?e=2147483647&amp;v=beta&amp;t=3MBnHP58AcVOoexu91XoHG4kJgNPXxgPiq8VINRQZfU\" data-ghost-classes=\"artdeco-entity-image--ghost\" data-ghost-url=\"https:\/\/static.licdn.com\/aero-v1\/sc\/h\/6puxblwmhnodu6fjircz4dn4h\" alt><\/p><\/div>\n<div class=\"base-search-card__info\">\n<h3 class=\"base-search-card__title\">\n<p>        Aprendiz em Atendimento e Vendas &#8211; Fl 1053<\/p>\n<\/h3>\n<h4 class=\"base-search-card__subtitle\">\n<p>          <a class=\"hidden-nested-link\" data-tracking-client-ingraph data-tracking-control-name=\"public_jobs_jserp-result_job-search-card-subtitle\" data-tracking-will-navigate href=\"https:\/\/br.linkedin.com\/company\/grupocasasbahia?trk=public_jobs_jserp-result_job-search-card-subtitle\"><br \/>\n            Grupo Casas Bahia<br \/>\n          <\/a><\/p>\n<\/h4>\n<p><!----><\/p>\n<div class=\"base-search-card__metadata\">\n<p>          <span class=\"job-search-card__location\"><br \/>\n            Sert\u00e3ozinho, S\u00e3o Paulo, Brazil<br \/>\n          <\/span><\/p>\n<div class=\"job-posting-benefits text-sm\">\n        <icon class=\"job-posting-benefits__icon\" data-delayed-url=\"https:\/\/static.licdn.com\/aero-v1\/sc\/h\/8zmuwb93gzlb935fk4ao4z779\" data-svg-class-name=\"job-posting-benefits__icon-svg\"><\/icon><br \/>\n        <span class=\"job-posting-benefits__text\"><br \/>\n          Be an early applicant<br \/>\n<!---->        <\/span>\n      <\/div>\n<p>          <time class=\"job-search-card__listdate\" datetime=\"2025-09-22\"><\/p>\n<p>      1 week ago<\/p>\n<p>          <\/time><\/p>\n<p><!---->\n            <\/div>\n<\/p><\/div>\n<p><!---->      <\/p><\/div>\n<\/li>\n<li>\n<div class=\"base-card relative w-full hover:no-underline focus:no-underline\n        base-card--link\n         base-search-card base-search-card--link job-search-card\" data-entity-urn=\"urn:li:jobPosting:4302422773\" data-impression-id=\"jobs-search-desktop-26\" data-reference-id=\"BGC7AasWG8ZDeJIfEGdaIw==\" data-tracking-id=\"FZ67mpiMAvSXvSQXYq3E8Q==\" data-column=\"1\" data-row=\"27\"><\/p>\n<p>        <a class=\"base-card__full-link absolute top-0 right-0 bottom-0 left-0 p-0 z-[2] outline-offset-[4px]\" href=\"https:\/\/br.linkedin.com\/jobs\/view\/est%C3%A1gio-de-atendimento-ribeir%C3%A3o-preto-at-seu-est%C3%A1gio-4302422773?position=27&amp;pageNum=0&amp;refId=BGC7AasWG8ZDeJIfEGdaIw%3D%3D&amp;trackingId=FZ67mpiMAvSXvSQXYq3E8Q%3D%3D\" data-tracking-control-name=\"public_jobs_jserp-result_search-card\" data-tracking-client-ingraph data-tracking-will-navigate><\/p>\n<p>          <span class=\"sr-only\"><\/p>\n<p>        Est\u00e1gio de Atendimento &#8211; Ribeir\u00e3o Preto<\/p>\n<p>          <\/span><br \/>\n        <\/a><\/p>\n<div class=\"search-entity-media\">\n<p>      <img class=\"artdeco-entity-image artdeco-entity-image--square-4\n          \" data-delayed-url=\"https:\/\/media.licdn.com\/dms\/image\/v2\/D4D0BAQHTyx9p0Ik2YQ\/company-logo_100_100\/company-logo_100_100\/0\/1733407939950?e=2147483647&amp;v=beta&amp;t=Syp_JD6jwBhlKDhs8HkRGBhzocLE3t5YVDC0GewSnWE\" data-ghost-classes=\"artdeco-entity-image--ghost\" data-ghost-url=\"https:\/\/static.licdn.com\/aero-v1\/sc\/h\/6puxblwmhnodu6fjircz4dn4h\" alt><\/p><\/div>\n<div class=\"base-search-card__info\">\n<h3 class=\"base-search-card__title\">\n<p>        Est\u00e1gio de Atendimento &#8211; Ribeir\u00e3o Preto<\/p>\n<\/h3>\n<h4 class=\"base-search-card__subtitle\">\n<p>          <a class=\"hidden-nested-link\" data-tracking-client-ingraph data-tracking-control-name=\"public_jobs_jserp-result_job-search-card-subtitle\" data-tracking-will-navigate href=\"https:\/\/www.linkedin.com\/company\/seuestagio?trk=public_jobs_jserp-result_job-search-card-subtitle\"><br \/>\n            Seu Est\u00e1gio<br \/>\n          <\/a><\/p>\n<\/h4>\n<p><!----><\/p>\n<div class=\"base-search-card__metadata\">\n<p>          <span class=\"job-search-card__location\"><br \/>\n            Ribeir\u00e3o Preto, S\u00e3o Paulo, Brazil<br \/>\n          <\/span><\/p>\n<div class=\"job-posting-benefits text-sm\">\n        <icon class=\"job-posting-benefits__icon\" data-delayed-url=\"https:\/\/static.licdn.com\/aero-v1\/sc\/h\/8zmuwb93gzlb935fk4ao4z779\" data-svg-class-name=\"job-posting-benefits__icon-svg\"><\/icon><br \/>\n        <span class=\"job-posting-benefits__text\"><br \/>\n          Be an early applicant<br \/>\n<!---->        <\/span>\n      <\/div>\n<p>          <time class=\"job-search-card__listdate\" datetime=\"2025-09-18\"><\/p>\n<p>      1 week ago<\/p>\n<p>          <\/time><\/p>\n<p><!---->\n            <\/div>\n<\/p><\/div>\n<p><!---->      <\/p><\/div>\n<\/li>\n<li>\n<div class=\"base-card relative w-full hover:no-underline focus:no-underline\n        base-card--link\n         base-search-card base-search-card--link job-search-card\" data-entity-urn=\"urn:li:jobPosting:4302946275\" data-impression-id=\"jobs-search-desktop-27\" data-reference-id=\"BGC7AasWG8ZDeJIfEGdaIw==\" data-tracking-id=\"oP0IyKMXzv8h7C3q3VPYdg==\" data-column=\"1\" data-row=\"28\"><\/p>\n<p>        <a class=\"base-card__full-link absolute top-0 right-0 bottom-0 left-0 p-0 z-[2] outline-offset-[4px]\" href=\"https:\/\/br.linkedin.com\/jobs\/view\/est%C3%A1gio-ensino-m%C3%A9dio-4-horas-di%C3%A1rias-at-alpha-est%C3%A1gio-4302946275?position=28&amp;pageNum=0&amp;refId=BGC7AasWG8ZDeJIfEGdaIw%3D%3D&amp;trackingId=oP0IyKMXzv8h7C3q3VPYdg%3D%3D\" data-tracking-control-name=\"public_jobs_jserp-result_search-card\" data-tracking-client-ingraph data-tracking-will-navigate><\/p>\n<p>          <span class=\"sr-only\"><\/p>\n<p>        Est\u00e1gio Ensino M\u00e9dio &#8211; 4 Horas Di\u00e1rias<\/p>\n<p>          <\/span><br \/>\n        <\/a><\/p>\n<div class=\"search-entity-media\">\n<p>      <img class=\"artdeco-entity-image artdeco-entity-image--square-4\n          \" data-delayed-url=\"https:\/\/media.licdn.com\/dms\/image\/v2\/C4D0BAQFxt3oY3Ni2lg\/company-logo_100_100\/company-logo_100_100\/0\/1642101002803\/alpha_estgio_logo?e=2147483647&amp;v=beta&amp;t=66-I5JWllCyRvhelbWtpaHMXnaAhGJYAe1VElpYTK0I\" data-ghost-classes=\"artdeco-entity-image--ghost\" data-ghost-url=\"https:\/\/static.licdn.com\/aero-v1\/sc\/h\/6puxblwmhnodu6fjircz4dn4h\" alt><\/p><\/div>\n<div class=\"base-search-card__info\">\n<h3 class=\"base-search-card__title\">\n<p>        Est\u00e1gio Ensino M\u00e9dio &#8211; 4 Horas Di\u00e1rias<\/p>\n<\/h3>\n<h4 class=\"base-search-card__subtitle\">\n<p>          <a class=\"hidden-nested-link\" data-tracking-client-ingraph data-tracking-control-name=\"public_jobs_jserp-result_job-search-card-subtitle\" data-tracking-will-navigate href=\"https:\/\/br.linkedin.com\/company\/alpha-est%C3%A1gio?trk=public_jobs_jserp-result_job-search-card-subtitle\"><br \/>\n            Alpha Est\u00e1gio<br \/>\n          <\/a><\/p>\n<\/h4>\n<p><!----><\/p>\n<div class=\"base-search-card__metadata\">\n<p>          <span class=\"job-search-card__location\"><br \/>\n            Greater Ribeir\u00e3o Preto<br \/>\n          <\/span><\/p>\n<div class=\"job-posting-benefits text-sm\">\n        <icon class=\"job-posting-benefits__icon\" data-delayed-url=\"https:\/\/static.licdn.com\/aero-v1\/sc\/h\/8zmuwb93gzlb935fk4ao4z779\" data-svg-class-name=\"job-posting-benefits__icon-svg\"><\/icon><br \/>\n        <span class=\"job-posting-benefits__text\"><br \/>\n          Be an early applicant<br \/>\n<!---->        <\/span>\n      <\/div>\n<p>          <time class=\"job-search-card__listdate\" datetime=\"2025-09-24\"><\/p>\n<p>      6 days ago<\/p>\n<p>          <\/time><\/p>\n<p><!---->\n            <\/div>\n<\/p><\/div>\n<p><!---->      <\/p><\/div>\n<\/li>\n<li>\n<div class=\"base-card relative w-full hover:no-underline focus:no-underline\n        base-card--link\n         base-search-card base-search-card--link job-search-card\" data-entity-urn=\"urn:li:jobPosting:4293869107\" data-impression-id=\"jobs-search-desktop-28\" data-reference-id=\"BGC7AasWG8ZDeJIfEGdaIw==\" data-tracking-id=\"g30cFRXI\/Y21yci5DFVtAQ==\" data-column=\"1\" data-row=\"29\"><\/p>\n<p>        <a class=\"base-card__full-link absolute top-0 right-0 bottom-0 left-0 p-0 z-[2] outline-offset-[4px]\" href=\"https:\/\/br.linkedin.com\/jobs\/view\/est%C3%A1gio-e-commerce-ribeir%C3%A3o-preto-at-seu-est%C3%A1gio-4293869107?position=29&amp;pageNum=0&amp;refId=BGC7AasWG8ZDeJIfEGdaIw%3D%3D&amp;trackingId=g30cFRXI%2FY21yci5DFVtAQ%3D%3D\" data-tracking-control-name=\"public_jobs_jserp-result_search-card\" data-tracking-client-ingraph data-tracking-will-navigate><\/p>\n<p>          <span class=\"sr-only\"><\/p>\n<p>        Est\u00e1gio E-Commerce &#8211; Ribeir\u00e3o Preto<\/p>\n<p>          <\/span><br \/>\n        <\/a><\/p>\n<div class=\"search-entity-media\">\n<p>      <img class=\"artdeco-entity-image artdeco-entity-image--square-4\n          \" data-delayed-url=\"https:\/\/media.licdn.com\/dms\/image\/v2\/D4D0BAQHTyx9p0Ik2YQ\/company-logo_100_100\/company-logo_100_100\/0\/1733407939950?e=2147483647&amp;v=beta&amp;t=Syp_JD6jwBhlKDhs8HkRGBhzocLE3t5YVDC0GewSnWE\" data-ghost-classes=\"artdeco-entity-image--ghost\" data-ghost-url=\"https:\/\/static.licdn.com\/aero-v1\/sc\/h\/6puxblwmhnodu6fjircz4dn4h\" alt><\/p><\/div>\n<div class=\"base-search-card__info\">\n<h3 class=\"base-search-card__title\">\n<p>        Est\u00e1gio E-Commerce &#8211; Ribeir\u00e3o Preto<\/p>\n<\/h3>\n<h4 class=\"base-search-card__subtitle\">\n<p>          <a class=\"hidden-nested-link\" data-tracking-client-ingraph data-tracking-control-name=\"public_jobs_jserp-result_job-search-card-subtitle\" data-tracking-will-navigate href=\"https:\/\/www.linkedin.com\/company\/seuestagio?trk=public_jobs_jserp-result_job-search-card-subtitle\"><br \/>\n            Seu Est\u00e1gio<br \/>\n          <\/a><\/p>\n<\/h4>\n<p><!----><\/p>\n<div class=\"base-search-card__metadata\">\n<p>          <span class=\"job-search-card__location\"><br \/>\n            Ribeir\u00e3o Preto, S\u00e3o Paulo, Brazil<br \/>\n          <\/span><\/p>\n<div class=\"job-posting-benefits text-sm\">\n        <icon class=\"job-posting-benefits__icon\" data-delayed-url=\"https:\/\/static.licdn.com\/aero-v1\/sc\/h\/8zmuwb93gzlb935fk4ao4z779\" data-svg-class-name=\"job-posting-benefits__icon-svg\"><\/icon><br \/>\n        <span class=\"job-posting-benefits__text\"><br \/>\n          Be an early applicant<br \/>\n<!---->        <\/span>\n      <\/div>\n<p>          <time class=\"job-search-card__listdate\" datetime=\"2025-08-29\"><\/p>\n<p>      1 month ago<\/p>\n<p>          <\/time><\/p>\n<p><!---->\n            <\/div>\n<\/p><\/div>\n<p><!---->      <\/p><\/div>\n<\/li>\n<li>\n<div class=\"base-card relative w-full hover:no-underline focus:no-underline\n        base-card--link\n         base-search-card base-search-card--link job-search-card\" data-entity-urn=\"urn:li:jobPosting:4279089223\" data-impression-id=\"jobs-search-desktop-29\" data-reference-id=\"BGC7AasWG8ZDeJIfEGdaIw==\" data-tracking-id=\"AHx1x7W5a8LXsdfjHMZKCA==\" data-column=\"1\" data-row=\"30\"><\/p>\n<p>        <a class=\"base-card__full-link absolute top-0 right-0 bottom-0 left-0 p-0 z-[2] outline-offset-[4px]\" href=\"https:\/\/br.linkedin.com\/jobs\/view\/est%C3%A1gio-de-laborat%C3%B3rio-ribeir%C3%A3o-preto-sp-at-rehagro-4279089223?position=30&amp;pageNum=0&amp;refId=BGC7AasWG8ZDeJIfEGdaIw%3D%3D&amp;trackingId=AHx1x7W5a8LXsdfjHMZKCA%3D%3D\" data-tracking-control-name=\"public_jobs_jserp-result_search-card\" data-tracking-client-ingraph data-tracking-will-navigate><\/p>\n<p>          <span class=\"sr-only\"><\/p>\n<p>        Est\u00e1gio de Laborat\u00f3rio (Ribeir\u00e3o Preto\/SP)<\/p>\n<p>          <\/span><br \/>\n        <\/a><\/p>\n<div class=\"search-entity-media\">\n<p>      <img class=\"artdeco-entity-image artdeco-entity-image--square-4\n          \" data-delayed-url=\"https:\/\/media.licdn.com\/dms\/image\/v2\/C560BAQF8_WPrPJAnUA\/company-logo_100_100\/company-logo_100_100\/0\/1630582662672\/rehagro_logo?e=2147483647&amp;v=beta&amp;t=rR6A-DmriAd8sgoTQMzWzuQT_hRlXLCRmX3wcIqb17M\" data-ghost-classes=\"artdeco-entity-image--ghost\" data-ghost-url=\"https:\/\/static.licdn.com\/aero-v1\/sc\/h\/6puxblwmhnodu6fjircz4dn4h\" alt><\/p><\/div>\n<div class=\"base-search-card__info\">\n<h3 class=\"base-search-card__title\">\n<p>        Est\u00e1gio de Laborat\u00f3rio (Ribeir\u00e3o Preto\/SP)<\/p>\n<\/h3>\n<h4 class=\"base-search-card__subtitle\">\n<p>          <a class=\"hidden-nested-link\" data-tracking-client-ingraph data-tracking-control-name=\"public_jobs_jserp-result_job-search-card-subtitle\" data-tracking-will-navigate href=\"https:\/\/br.linkedin.com\/school\/rehagro\/?trk=public_jobs_jserp-result_job-search-card-subtitle\"><br \/>\n            Rehagro<br \/>\n          <\/a><\/p>\n<\/h4>\n<p><!----><\/p>\n<div class=\"base-search-card__metadata\">\n<p>          <span class=\"job-search-card__location\"><br \/>\n            Ribeir\u00e3o Preto, S\u00e3o Paulo, Brazil<br \/>\n          <\/span><\/p>\n<p><!---->  <\/p>\n<p>          <time class=\"job-search-card__listdate\" datetime=\"2025-08-02\"><\/p>\n<p>      1 month ago<\/p>\n<p>          <\/time><\/p>\n<p><!---->\n            <\/div>\n<\/p><\/div>\n<p><!---->      <\/p><\/div>\n<\/li>\n<li>\n<div class=\"base-card relative w-full hover:no-underline focus:no-underline\n        base-card--link\n         base-search-card base-search-card--link job-search-card\" data-entity-urn=\"urn:li:jobPosting:4302943283\" data-impression-id=\"jobs-search-desktop-30\" data-reference-id=\"BGC7AasWG8ZDeJIfEGdaIw==\" data-tracking-id=\"3cmSqEsnKS5z0hOUkYsUjA==\" data-column=\"1\" data-row=\"31\"><\/p>\n<p>        <a class=\"base-card__full-link absolute top-0 right-0 bottom-0 left-0 p-0 z-[2] outline-offset-[4px]\" href=\"https:\/\/br.linkedin.com\/jobs\/view\/est%C3%A1gio-ensino-m%C3%A9dio-auxiliar-administrativo-at-alpha-est%C3%A1gio-4302943283?position=31&amp;pageNum=0&amp;refId=BGC7AasWG8ZDeJIfEGdaIw%3D%3D&amp;trackingId=3cmSqEsnKS5z0hOUkYsUjA%3D%3D\" data-tracking-control-name=\"public_jobs_jserp-result_search-card\" data-tracking-client-ingraph data-tracking-will-navigate><\/p>\n<p>          <span class=\"sr-only\"><\/p>\n<p>        Est\u00e1gio Ensino M\u00e9dio &#8211; Auxiliar Administrativo<\/p>\n<p>          <\/span><br \/>\n        <\/a><\/p>\n<div class=\"search-entity-media\">\n<p>      <img class=\"artdeco-entity-image artdeco-entity-image--square-4\n          \" data-delayed-url=\"https:\/\/media.licdn.com\/dms\/image\/v2\/C4D0BAQFxt3oY3Ni2lg\/company-logo_100_100\/company-logo_100_100\/0\/1642101002803\/alpha_estgio_logo?e=2147483647&amp;v=beta&amp;t=66-I5JWllCyRvhelbWtpaHMXnaAhGJYAe1VElpYTK0I\" data-ghost-classes=\"artdeco-entity-image--ghost\" data-ghost-url=\"https:\/\/static.licdn.com\/aero-v1\/sc\/h\/6puxblwmhnodu6fjircz4dn4h\" alt><\/p><\/div>\n<div class=\"base-search-card__info\">\n<h3 class=\"base-search-card__title\">\n<p>        Est\u00e1gio Ensino M\u00e9dio &#8211; Auxiliar Administrativo<\/p>\n<\/h3>\n<h4 class=\"base-search-card__subtitle\">\n<p>          <a class=\"hidden-nested-link\" data-tracking-client-ingraph data-tracking-control-name=\"public_jobs_jserp-result_job-search-card-subtitle\" data-tracking-will-navigate href=\"https:\/\/br.linkedin.com\/company\/alpha-est%C3%A1gio?trk=public_jobs_jserp-result_job-search-card-subtitle\"><br \/>\n            Alpha Est\u00e1gio<br \/>\n          <\/a><\/p>\n<\/h4>\n<p><!----><\/p>\n<div class=\"base-search-card__metadata\">\n<p>          <span class=\"job-search-card__location\"><br \/>\n            Greater Ribeir\u00e3o Preto<br \/>\n          <\/span><\/p>\n<div class=\"job-posting-benefits text-sm\">\n        <icon class=\"job-posting-benefits__icon\" data-delayed-url=\"https:\/\/static.licdn.com\/aero-v1\/sc\/h\/8zmuwb93gzlb935fk4ao4z779\" data-svg-class-name=\"job-posting-benefits__icon-svg\"><\/icon><br \/>\n        <span class=\"job-posting-benefits__text\"><br \/>\n          Be an early applicant<br \/>\n<!---->        <\/span>\n      <\/div>\n<p>          <time class=\"job-search-card__listdate\" datetime=\"2025-09-24\"><\/p>\n<p>      6 days ago<\/p>\n<p>          <\/time><\/p>\n<p><!---->\n            <\/div>\n<\/p><\/div>\n<p><!---->      <\/p><\/div>\n<\/li>\n<li>\n<div class=\"base-card relative w-full hover:no-underline focus:no-underline\n        base-card--link\n         base-search-card base-search-card--link job-search-card\" data-entity-urn=\"urn:li:jobPosting:4270753340\" data-impression-id=\"jobs-search-desktop-31\" data-reference-id=\"BGC7AasWG8ZDeJIfEGdaIw==\" data-tracking-id=\"o99Hh2oWoHkByhBW4gbzOQ==\" data-column=\"1\" data-row=\"32\"><\/p>\n<p>        <a class=\"base-card__full-link absolute top-0 right-0 bottom-0 left-0 p-0 z-[2] outline-offset-[4px]\" href=\"https:\/\/br.linkedin.com\/jobs\/view\/est%C3%A1gio-administrativo-ribeir%C3%A3o-preto-segmento-da-empresa-eletrodom%C3%A9sticos-at-seu-est%C3%A1gio-4270753340?position=32&amp;pageNum=0&amp;refId=BGC7AasWG8ZDeJIfEGdaIw%3D%3D&amp;trackingId=o99Hh2oWoHkByhBW4gbzOQ%3D%3D\" data-tracking-control-name=\"public_jobs_jserp-result_search-card\" data-tracking-client-ingraph data-tracking-will-navigate><\/p>\n<p>          <span class=\"sr-only\"><\/p>\n<p>        (Est\u00e1gio) Administrativo &#8211; Ribeir\u00e3o Preto &#8211; Segmento da Empresa: Eletrodom\u00e9sticos<\/p>\n<p>          <\/span><br \/>\n        <\/a><\/p>\n<div class=\"search-entity-media\">\n<p>      <img class=\"artdeco-entity-image artdeco-entity-image--square-4\n          \" data-delayed-url=\"https:\/\/media.licdn.com\/dms\/image\/v2\/D4D0BAQHTyx9p0Ik2YQ\/company-logo_100_100\/company-logo_100_100\/0\/1733407939950?e=2147483647&amp;v=beta&amp;t=Syp_JD6jwBhlKDhs8HkRGBhzocLE3t5YVDC0GewSnWE\" data-ghost-classes=\"artdeco-entity-image--ghost\" data-ghost-url=\"https:\/\/static.licdn.com\/aero-v1\/sc\/h\/6puxblwmhnodu6fjircz4dn4h\" alt><\/p><\/div>\n<div class=\"base-search-card__info\">\n<h3 class=\"base-search-card__title\">\n<p>        (Est\u00e1gio) Administrativo &#8211; Ribeir\u00e3o Preto &#8211; Segmento da Empresa: Eletrodom\u00e9sticos<\/p>\n<\/h3>\n<h4 class=\"base-search-card__subtitle\">\n<p>          <a class=\"hidden-nested-link\" data-tracking-client-ingraph data-tracking-control-name=\"public_jobs_jserp-result_job-search-card-subtitle\" data-tracking-will-navigate href=\"https:\/\/www.linkedin.com\/company\/seuestagio?trk=public_jobs_jserp-result_job-search-card-subtitle\"><br \/>\n            Seu Est\u00e1gio<br \/>\n          <\/a><\/p>\n<\/h4>\n<p><!----><\/p>\n<div class=\"base-search-card__metadata\">\n<p>          <span class=\"job-search-card__location\"><br \/>\n            Ribeir\u00e3o Preto, S\u00e3o Paulo, Brazil<br \/>\n          <\/span><\/p>\n<div class=\"job-posting-benefits text-sm\">\n        <icon class=\"job-posting-benefits__icon\" data-delayed-url=\"https:\/\/static.licdn.com\/aero-v1\/sc\/h\/8zmuwb93gzlb935fk4ao4z779\" data-svg-class-name=\"job-posting-benefits__icon-svg\"><\/icon><br \/>\n        <span class=\"job-posting-benefits__text\"><br \/>\n          Be an early applicant<br \/>\n<!---->        <\/span>\n      <\/div>\n<p>          <time class=\"job-search-card__listdate\" datetime=\"2025-07-22\"><\/p>\n<p>      2 months ago<\/p>\n<p>          <\/time><\/p>\n<p><!---->\n            <\/div>\n<\/p><\/div>\n<p><!---->      <\/p><\/div>\n<\/li>\n<li>\n<div class=\"base-card relative w-full hover:no-underline focus:no-underline\n        base-card--link\n         base-search-card base-search-card--link job-search-card\" data-entity-urn=\"urn:li:jobPosting:4294836663\" data-impression-id=\"jobs-search-desktop-32\" data-reference-id=\"BGC7AasWG8ZDeJIfEGdaIw==\" data-tracking-id=\"aSohcQjq3J7+5i\/zX2StQw==\" data-column=\"1\" data-row=\"33\"><\/p>\n<p>        <a class=\"base-card__full-link absolute top-0 right-0 bottom-0 left-0 p-0 z-[2] outline-offset-[4px]\" href=\"https:\/\/br.linkedin.com\/jobs\/view\/est%C3%A1gio-administra%C3%A7%C3%A3o-ensino-m%C3%A9dio-at-seu-est%C3%A1gio-4294836663?position=33&amp;pageNum=0&amp;refId=BGC7AasWG8ZDeJIfEGdaIw%3D%3D&amp;trackingId=aSohcQjq3J7%2B5i%2FzX2StQw%3D%3D\" data-tracking-control-name=\"public_jobs_jserp-result_search-card\" data-tracking-client-ingraph data-tracking-will-navigate><\/p>\n<p>          <span class=\"sr-only\"><\/p>\n<p>        Est\u00e1gio Administra\u00e7\u00e3o &#8211; Ensino M\u00e9dio<\/p>\n<p>          <\/span><br \/>\n        <\/a><\/p>\n<div class=\"search-entity-media\">\n<p>      <img class=\"artdeco-entity-image artdeco-entity-image--square-4\n          \" data-delayed-url=\"https:\/\/media.licdn.com\/dms\/image\/v2\/D4D0BAQHTyx9p0Ik2YQ\/company-logo_100_100\/company-logo_100_100\/0\/1733407939950?e=2147483647&amp;v=beta&amp;t=Syp_JD6jwBhlKDhs8HkRGBhzocLE3t5YVDC0GewSnWE\" data-ghost-classes=\"artdeco-entity-image--ghost\" data-ghost-url=\"https:\/\/static.licdn.com\/aero-v1\/sc\/h\/6puxblwmhnodu6fjircz4dn4h\" alt><\/p><\/div>\n<div class=\"base-search-card__info\">\n<h3 class=\"base-search-card__title\">\n<p>        Est\u00e1gio Administra\u00e7\u00e3o &#8211; Ensino M\u00e9dio<\/p>\n<\/h3>\n<h4 class=\"base-search-card__subtitle\">\n<p>          <a class=\"hidden-nested-link\" data-tracking-client-ingraph data-tracking-control-name=\"public_jobs_jserp-result_job-search-card-subtitle\" data-tracking-will-navigate href=\"https:\/\/www.linkedin.com\/company\/seuestagio?trk=public_jobs_jserp-result_job-search-card-subtitle\"><br \/>\n            Seu Est\u00e1gio<br \/>\n          <\/a><\/p>\n<\/h4>\n<p><!----><\/p>\n<div class=\"base-search-card__metadata\">\n<p>          <span class=\"job-search-card__location\"><br \/>\n            Ribeir\u00e3o Preto, S\u00e3o Paulo, Brazil<br \/>\n          <\/span><\/p>\n<div class=\"job-posting-benefits text-sm\">\n        <icon class=\"job-posting-benefits__icon\" data-delayed-url=\"https:\/\/static.licdn.com\/aero-v1\/sc\/h\/8zmuwb93gzlb935fk4ao4z779\" data-svg-class-name=\"job-posting-benefits__icon-svg\"><\/icon><br \/>\n        <span class=\"job-posting-benefits__text\"><br \/>\n          Be an early applicant<br \/>\n<!---->        <\/span>\n      <\/div>\n<p>          <time class=\"job-search-card__listdate\" datetime=\"2025-09-03\"><\/p>\n<p>      3 weeks ago<\/p>\n<p>          <\/time><\/p>\n<p><!---->\n            <\/div>\n<\/p><\/div>\n<p><!---->      <\/p><\/div>\n<\/li>\n<li>\n<div class=\"base-card relative w-full hover:no-underline focus:no-underline\n        base-card--link\n         base-search-card base-search-card--link job-search-card\" data-entity-urn=\"urn:li:jobPosting:4294267901\" data-impression-id=\"jobs-search-desktop-33\" data-reference-id=\"BGC7AasWG8ZDeJIfEGdaIw==\" data-tracking-id=\"AkoKykfJ9tk4Oofdan30hw==\" data-column=\"1\" data-row=\"34\"><\/p>\n<p>        <a class=\"base-card__full-link absolute top-0 right-0 bottom-0 left-0 p-0 z-[2] outline-offset-[4px]\" href=\"https:\/\/br.linkedin.com\/jobs\/view\/est%C3%A1gio-administra%C3%A7%C3%A3o-ensino-m%C3%A9dio-at-seu-est%C3%A1gio-4294267901?position=34&amp;pageNum=0&amp;refId=BGC7AasWG8ZDeJIfEGdaIw%3D%3D&amp;trackingId=AkoKykfJ9tk4Oofdan30hw%3D%3D\" data-tracking-control-name=\"public_jobs_jserp-result_search-card\" data-tracking-client-ingraph data-tracking-will-navigate><\/p>\n<p>          <span class=\"sr-only\"><\/p>\n<p>        Est\u00e1gio Administra\u00e7\u00e3o &#8211; Ensino M\u00e9dio<\/p>\n<p>          <\/span><br \/>\n        <\/a><\/p>\n<div class=\"search-entity-media\">\n<p>      <img class=\"artdeco-entity-image artdeco-entity-image--square-4\n          \" data-delayed-url=\"https:\/\/media.licdn.com\/dms\/image\/v2\/D4D0BAQHTyx9p0Ik2YQ\/company-logo_100_100\/company-logo_100_100\/0\/1733407939950?e=2147483647&amp;v=beta&amp;t=Syp_JD6jwBhlKDhs8HkRGBhzocLE3t5YVDC0GewSnWE\" data-ghost-classes=\"artdeco-entity-image--ghost\" data-ghost-url=\"https:\/\/static.licdn.com\/aero-v1\/sc\/h\/6puxblwmhnodu6fjircz4dn4h\" alt><\/p><\/div>\n<div class=\"base-search-card__info\">\n<h3 class=\"base-search-card__title\">\n<p>        Est\u00e1gio Administra\u00e7\u00e3o &#8211; Ensino M\u00e9dio<\/p>\n<\/h3>\n<h4 class=\"base-search-card__subtitle\">\n<p>          <a class=\"hidden-nested-link\" data-tracking-client-ingraph data-tracking-control-name=\"public_jobs_jserp-result_job-search-card-subtitle\" data-tracking-will-navigate href=\"https:\/\/www.linkedin.com\/company\/seuestagio?trk=public_jobs_jserp-result_job-search-card-subtitle\"><br \/>\n            Seu Est\u00e1gio<br \/>\n          <\/a><\/p>\n<\/h4>\n<p><!----><\/p>\n<div class=\"base-search-card__metadata\">\n<p>          <span class=\"job-search-card__location\"><br \/>\n            Ribeir\u00e3o Preto, S\u00e3o Paulo, Brazil<br \/>\n          <\/span><\/p>\n<div class=\"job-posting-benefits text-sm\">\n        <icon class=\"job-posting-benefits__icon\" data-delayed-url=\"https:\/\/static.licdn.com\/aero-v1\/sc\/h\/8zmuwb93gzlb935fk4ao4z779\" data-svg-class-name=\"job-posting-benefits__icon-svg\"><\/icon><br \/>\n        <span class=\"job-posting-benefits__text\"><br \/>\n          Be an early applicant<br \/>\n<!---->        <\/span>\n      <\/div>\n<p>          <time class=\"job-search-card__listdate\" datetime=\"2025-09-02\"><\/p>\n<p>      4 weeks ago<\/p>\n<p>          <\/time><\/p>\n<p><!---->\n            <\/div>\n<\/p><\/div>\n<p><!---->      <\/p><\/div>\n<\/li>\n<li>\n<div class=\"base-card relative w-full hover:no-underline focus:no-underline\n        base-card--link\n         base-search-card base-search-card--link job-search-card\" data-entity-urn=\"urn:li:jobPosting:4305851614\" data-impression-id=\"jobs-search-desktop-34\" data-reference-id=\"BGC7AasWG8ZDeJIfEGdaIw==\" data-tracking-id=\"qwqXukXsxE8wp6GPQEf4hg==\" data-column=\"1\" data-row=\"35\"><\/p>\n<p>        <a class=\"base-card__full-link absolute top-0 right-0 bottom-0 left-0 p-0 z-[2] outline-offset-[4px]\" href=\"https:\/\/br.linkedin.com\/jobs\/view\/est%C3%A1gio-ensino-m%C3%A9dio-vgabma249-at-alpha-est%C3%A1gio-4305851614?position=35&amp;pageNum=0&amp;refId=BGC7AasWG8ZDeJIfEGdaIw%3D%3D&amp;trackingId=qwqXukXsxE8wp6GPQEf4hg%3D%3D\" data-tracking-control-name=\"public_jobs_jserp-result_search-card\" data-tracking-client-ingraph data-tracking-will-navigate><\/p>\n<p>          <span class=\"sr-only\"><\/p>\n<p>        Est\u00e1gio Ensino M\u00e9dio Vgabma249<\/p>\n<p>          <\/span><br \/>\n        <\/a><\/p>\n<div class=\"search-entity-media\">\n<p>      <img class=\"artdeco-entity-image artdeco-entity-image--square-4\n          \" data-delayed-url=\"https:\/\/media.licdn.com\/dms\/image\/v2\/C4D0BAQFxt3oY3Ni2lg\/company-logo_100_100\/company-logo_100_100\/0\/1642101002803\/alpha_estgio_logo?e=2147483647&amp;v=beta&amp;t=66-I5JWllCyRvhelbWtpaHMXnaAhGJYAe1VElpYTK0I\" data-ghost-classes=\"artdeco-entity-image--ghost\" data-ghost-url=\"https:\/\/static.licdn.com\/aero-v1\/sc\/h\/6puxblwmhnodu6fjircz4dn4h\" alt><\/p><\/div>\n<div class=\"base-search-card__info\">\n<h3 class=\"base-search-card__title\">\n<p>        Est\u00e1gio Ensino M\u00e9dio Vgabma249<\/p>\n<\/h3>\n<h4 class=\"base-search-card__subtitle\">\n<p>          <a class=\"hidden-nested-link\" data-tracking-client-ingraph data-tracking-control-name=\"public_jobs_jserp-result_job-search-card-subtitle\" data-tracking-will-navigate href=\"https:\/\/br.linkedin.com\/company\/alpha-est%C3%A1gio?trk=public_jobs_jserp-result_job-search-card-subtitle\"><br \/>\n            Alpha Est\u00e1gio<br \/>\n          <\/a><\/p>\n<\/h4>\n<p><!----><\/p>\n<div class=\"base-search-card__metadata\">\n<p>          <span class=\"job-search-card__location\"><br \/>\n            Greater Ribeir\u00e3o Preto<br \/>\n          <\/span><\/p>\n<div class=\"job-posting-benefits text-sm\">\n        <icon class=\"job-posting-benefits__icon\" data-delayed-url=\"https:\/\/static.licdn.com\/aero-v1\/sc\/h\/8zmuwb93gzlb935fk4ao4z779\" data-svg-class-name=\"job-posting-benefits__icon-svg\"><\/icon><br \/>\n        <span class=\"job-posting-benefits__text\"><br \/>\n          Be an early applicant<br \/>\n<!---->        <\/span>\n      <\/div>\n<p>          <time class=\"job-search-card__listdate--new\" datetime=\"2025-09-30\"><\/p>\n<p>      20 hours ago<\/p>\n<p>          <\/time><\/p>\n<p><!---->\n            <\/div>\n<\/p><\/div>\n<p><!---->      <\/p><\/div>\n<\/li>\n<li>\n<div class=\"base-card relative w-full hover:no-underline focus:no-underline\n        base-card--link\n         base-search-card base-search-card--link job-search-card\" data-entity-urn=\"urn:li:jobPosting:4305862185\" data-impression-id=\"jobs-search-desktop-35\" data-reference-id=\"BGC7AasWG8ZDeJIfEGdaIw==\" data-tracking-id=\"hjXxi2XbMA\/8SYqSEtCscQ==\" data-column=\"1\" data-row=\"36\"><\/p>\n<p>        <a class=\"base-card__full-link absolute top-0 right-0 bottom-0 left-0 p-0 z-[2] outline-offset-[4px]\" href=\"https:\/\/br.linkedin.com\/jobs\/view\/est%C3%A1gio-em-marketing-publicidade-e-propaganda-vgabmr250-at-alpha-est%C3%A1gio-4305862185?position=36&amp;pageNum=0&amp;refId=BGC7AasWG8ZDeJIfEGdaIw%3D%3D&amp;trackingId=hjXxi2XbMA%2F8SYqSEtCscQ%3D%3D\" data-tracking-control-name=\"public_jobs_jserp-result_search-card\" data-tracking-client-ingraph data-tracking-will-navigate><\/p>\n<p>          <span class=\"sr-only\"><\/p>\n<p>        Est\u00e1gio em Marketing\/Publicidade e Propaganda Vgabmr250<\/p>\n<p>          <\/span><br \/>\n        <\/a><\/p>\n<div class=\"search-entity-media\">\n<p>      <img class=\"artdeco-entity-image artdeco-entity-image--square-4\n          \" data-delayed-url=\"https:\/\/media.licdn.com\/dms\/image\/v2\/C4D0BAQFxt3oY3Ni2lg\/company-logo_100_100\/company-logo_100_100\/0\/1642101002803\/alpha_estgio_logo?e=2147483647&amp;v=beta&amp;t=66-I5JWllCyRvhelbWtpaHMXnaAhGJYAe1VElpYTK0I\" data-ghost-classes=\"artdeco-entity-image--ghost\" data-ghost-url=\"https:\/\/static.licdn.com\/aero-v1\/sc\/h\/6puxblwmhnodu6fjircz4dn4h\" alt><\/p><\/div>\n<div class=\"base-search-card__info\">\n<h3 class=\"base-search-card__title\">\n<p>        Est\u00e1gio em Marketing\/Publicidade e Propaganda Vgabmr250<\/p>\n<\/h3>\n<h4 class=\"base-search-card__subtitle\">\n<p>          <a class=\"hidden-nested-link\" data-tracking-client-ingraph data-tracking-control-name=\"public_jobs_jserp-result_job-search-card-subtitle\" data-tracking-will-navigate href=\"https:\/\/br.linkedin.com\/company\/alpha-est%C3%A1gio?trk=public_jobs_jserp-result_job-search-card-subtitle\"><br \/>\n            Alpha Est\u00e1gio<br \/>\n          <\/a><\/p>\n<\/h4>\n<p><!----><\/p>\n<div class=\"base-search-card__metadata\">\n<p>          <span class=\"job-search-card__location\"><br \/>\n            Greater Ribeir\u00e3o Preto<br \/>\n          <\/span><\/p>\n<div class=\"job-posting-benefits text-sm\">\n        <icon class=\"job-posting-benefits__icon\" data-delayed-url=\"https:\/\/static.licdn.com\/aero-v1\/sc\/h\/8zmuwb93gzlb935fk4ao4z779\" data-svg-class-name=\"job-posting-benefits__icon-svg\"><\/icon><br \/>\n        <span class=\"job-posting-benefits__text\"><br \/>\n          Be an early applicant<br \/>\n<!---->        <\/span>\n      <\/div>\n<p>          <time class=\"job-search-card__listdate--new\" datetime=\"2025-09-30\"><\/p>\n<p>      20 hours ago<\/p>\n<p>          <\/time><\/p>\n<p><!---->\n            <\/div>\n<\/p><\/div>\n<p><!---->      <\/p><\/div>\n<\/li>\n<li>\n<div class=\"base-card relative w-full hover:no-underline focus:no-underline\n        base-card--link\n         base-search-card base-search-card--link job-search-card\" data-entity-urn=\"urn:li:jobPosting:4293867309\" data-impression-id=\"jobs-search-desktop-36\" data-reference-id=\"BGC7AasWG8ZDeJIfEGdaIw==\" data-tracking-id=\"r2+Fz03jXhGyndPJZlrKfg==\" data-column=\"1\" data-row=\"37\"><\/p>\n<p>        <a class=\"base-card__full-link absolute top-0 right-0 bottom-0 left-0 p-0 z-[2] outline-offset-[4px]\" href=\"https:\/\/br.linkedin.com\/jobs\/view\/vaga-de-est%C3%A1gio-em-administra%C3%A7%C3%A3o-ribeir%C3%A3o-preto-at-seu-est%C3%A1gio-4293867309?position=37&amp;pageNum=0&amp;refId=BGC7AasWG8ZDeJIfEGdaIw%3D%3D&amp;trackingId=r2%2BFz03jXhGyndPJZlrKfg%3D%3D\" data-tracking-control-name=\"public_jobs_jserp-result_search-card\" data-tracking-client-ingraph data-tracking-will-navigate><\/p>\n<p>          <span class=\"sr-only\"><\/p>\n<p>        Vaga de Est\u00e1gio em Administra\u00e7\u00e3o &#8211; Ribeir\u00e3o Preto<\/p>\n<p>          <\/span><br \/>\n        <\/a><\/p>\n<div class=\"search-entity-media\">\n<p>      <img class=\"artdeco-entity-image artdeco-entity-image--square-4\n          \" data-delayed-url=\"https:\/\/media.licdn.com\/dms\/image\/v2\/D4D0BAQHTyx9p0Ik2YQ\/company-logo_100_100\/company-logo_100_100\/0\/1733407939950?e=2147483647&amp;v=beta&amp;t=Syp_JD6jwBhlKDhs8HkRGBhzocLE3t5YVDC0GewSnWE\" data-ghost-classes=\"artdeco-entity-image--ghost\" data-ghost-url=\"https:\/\/static.licdn.com\/aero-v1\/sc\/h\/6puxblwmhnodu6fjircz4dn4h\" alt><\/p><\/div>\n<div class=\"base-search-card__info\">\n<h3 class=\"base-search-card__title\">\n<p>        Vaga de Est\u00e1gio em Administra\u00e7\u00e3o &#8211; Ribeir\u00e3o Preto<\/p>\n<\/h3>\n<h4 class=\"base-search-card__subtitle\">\n<p>          <a class=\"hidden-nested-link\" data-tracking-client-ingraph data-tracking-control-name=\"public_jobs_jserp-result_job-search-card-subtitle\" data-tracking-will-navigate href=\"https:\/\/www.linkedin.com\/company\/seuestagio?trk=public_jobs_jserp-result_job-search-card-subtitle\"><br \/>\n            Seu Est\u00e1gio<br \/>\n          <\/a><\/p>\n<\/h4>\n<p><!----><\/p>\n<div class=\"base-search-card__metadata\">\n<p>          <span class=\"job-search-card__location\"><br \/>\n            Ribeir\u00e3o Preto, S\u00e3o Paulo, Brazil<br \/>\n          <\/span><\/p>\n<div class=\"job-posting-benefits text-sm\">\n        <icon class=\"job-posting-benefits__icon\" data-delayed-url=\"https:\/\/static.licdn.com\/aero-v1\/sc\/h\/8zmuwb93gzlb935fk4ao4z779\" data-svg-class-name=\"job-posting-benefits__icon-svg\"><\/icon><br \/>\n        <span class=\"job-posting-benefits__text\"><br \/>\n          Be an early applicant<br \/>\n<!---->        <\/span>\n      <\/div>\n<p>          <time class=\"job-search-card__listdate\" datetime=\"2025-08-29\"><\/p>\n<p>      1 month ago<\/p>\n<p>          <\/time><\/p>\n<p><!---->\n            <\/div>\n<\/p><\/div>\n<p><!---->      <\/p><\/div>\n<\/li>\n<li>\n<div class=\"base-card relative w-full hover:no-underline focus:no-underline\n        base-card--link\n         base-search-card base-search-card--link job-search-card\" data-entity-urn=\"urn:li:jobPosting:4305853559\" data-impression-id=\"jobs-search-desktop-37\" data-reference-id=\"BGC7AasWG8ZDeJIfEGdaIw==\" data-tracking-id=\"kn4t8XYVI1qQ3XWv678z6Q==\" data-column=\"1\" data-row=\"38\"><\/p>\n<p>        <a class=\"base-card__full-link absolute top-0 right-0 bottom-0 left-0 p-0 z-[2] outline-offset-[4px]\" href=\"https:\/\/br.linkedin.com\/jobs\/view\/est%C3%A1gio-ensino-m%C3%A9dio-vgasdd237-at-alpha-est%C3%A1gio-4305853559?position=38&amp;pageNum=0&amp;refId=BGC7AasWG8ZDeJIfEGdaIw%3D%3D&amp;trackingId=kn4t8XYVI1qQ3XWv678z6Q%3D%3D\" data-tracking-control-name=\"public_jobs_jserp-result_search-card\" data-tracking-client-ingraph data-tracking-will-navigate><\/p>\n<p>          <span class=\"sr-only\"><\/p>\n<p>        Est\u00e1gio Ensino M\u00e9dio Vgasdd237<\/p>\n<p>          <\/span><br \/>\n        <\/a><\/p>\n<div class=\"search-entity-media\">\n<p>      <img class=\"artdeco-entity-image artdeco-entity-image--square-4\n          \" data-delayed-url=\"https:\/\/media.licdn.com\/dms\/image\/v2\/C4D0BAQFxt3oY3Ni2lg\/company-logo_100_100\/company-logo_100_100\/0\/1642101002803\/alpha_estgio_logo?e=2147483647&amp;v=beta&amp;t=66-I5JWllCyRvhelbWtpaHMXnaAhGJYAe1VElpYTK0I\" data-ghost-classes=\"artdeco-entity-image--ghost\" data-ghost-url=\"https:\/\/static.licdn.com\/aero-v1\/sc\/h\/6puxblwmhnodu6fjircz4dn4h\" alt><\/p><\/div>\n<div class=\"base-search-card__info\">\n<h3 class=\"base-search-card__title\">\n<p>        Est\u00e1gio Ensino M\u00e9dio Vgasdd237<\/p>\n<\/h3>\n<h4 class=\"base-search-card__subtitle\">\n<p>          <a class=\"hidden-nested-link\" data-tracking-client-ingraph data-tracking-control-name=\"public_jobs_jserp-result_job-search-card-subtitle\" data-tracking-will-navigate href=\"https:\/\/br.linkedin.com\/company\/alpha-est%C3%A1gio?trk=public_jobs_jserp-result_job-search-card-subtitle\"><br \/>\n            Alpha Est\u00e1gio<br \/>\n          <\/a><\/p>\n<\/h4>\n<p><!----><\/p>\n<div class=\"base-search-card__metadata\">\n<p>          <span class=\"job-search-card__location\"><br \/>\n            Greater Ribeir\u00e3o Preto<br \/>\n          <\/span><\/p>\n<div class=\"job-posting-benefits text-sm\">\n        <icon class=\"job-posting-benefits__icon\" data-delayed-url=\"https:\/\/static.licdn.com\/aero-v1\/sc\/h\/8zmuwb93gzlb935fk4ao4z779\" data-svg-class-name=\"job-posting-benefits__icon-svg\"><\/icon><br \/>\n        <span class=\"job-posting-benefits__text\"><br \/>\n          Be an early applicant<br \/>\n<!---->        <\/span>\n      <\/div>\n<p>          <time class=\"job-search-card__listdate--new\" datetime=\"2025-09-30\"><\/p>\n<p>      20 hours ago<\/p>\n<p>          <\/time><\/p>\n<p><!---->\n            <\/div>\n<\/p><\/div>\n<p><!---->      <\/p><\/div>\n<\/li>\n<li>\n<div class=\"base-card relative w-full hover:no-underline focus:no-underline\n        base-card--link\n         base-search-card base-search-card--link job-search-card\" data-entity-urn=\"urn:li:jobPosting:4302913701\" data-impression-id=\"jobs-search-desktop-38\" data-reference-id=\"BGC7AasWG8ZDeJIfEGdaIw==\" data-tracking-id=\"qOnnTOuvVFowL9xjOfO+Bg==\" data-column=\"1\" data-row=\"39\"><\/p>\n<p>        <a class=\"base-card__full-link absolute top-0 right-0 bottom-0 left-0 p-0 z-[2] outline-offset-[4px]\" href=\"https:\/\/br.linkedin.com\/jobs\/view\/est%C3%A1gio-em-programa%C3%A7%C3%A3o-at-parma-consultoria-em-rh-4302913701?position=39&amp;pageNum=0&amp;refId=BGC7AasWG8ZDeJIfEGdaIw%3D%3D&amp;trackingId=qOnnTOuvVFowL9xjOfO%2BBg%3D%3D\" data-tracking-control-name=\"public_jobs_jserp-result_search-card\" data-tracking-client-ingraph data-tracking-will-navigate><\/p>\n<p>          <span class=\"sr-only\"><\/p>\n<p>        Est\u00e1gio em Programa\u00e7\u00e3o<\/p>\n<p>          <\/span><br \/>\n        <\/a><\/p>\n<div class=\"search-entity-media\">\n<p>      <img class=\"artdeco-entity-image artdeco-entity-image--square-4\n          \" data-delayed-url=\"https:\/\/media.licdn.com\/dms\/image\/v2\/C4D0BAQGd11_tmkrzRQ\/company-logo_100_100\/company-logo_100_100\/0\/1630507530506\/parma_consultoria_logo?e=2147483647&amp;v=beta&amp;t=gGFa8-meoOF7EyQ4IIdWaM2BZB7lFePmllm8a13n0pk\" data-ghost-classes=\"artdeco-entity-image--ghost\" data-ghost-url=\"https:\/\/static.licdn.com\/aero-v1\/sc\/h\/6puxblwmhnodu6fjircz4dn4h\" alt><\/p><\/div>\n<div class=\"base-search-card__info\">\n<h3 class=\"base-search-card__title\">\n<p>        Est\u00e1gio em Programa\u00e7\u00e3o<\/p>\n<\/h3>\n<h4 class=\"base-search-card__subtitle\">\n<p>          <a class=\"hidden-nested-link\" data-tracking-client-ingraph data-tracking-control-name=\"public_jobs_jserp-result_job-search-card-subtitle\" data-tracking-will-navigate href=\"https:\/\/br.linkedin.com\/company\/parma-consultoria?trk=public_jobs_jserp-result_job-search-card-subtitle\"><br \/>\n            Parma Consultoria em RH<br \/>\n          <\/a><\/p>\n<\/h4>\n<p><!----><\/p>\n<div class=\"base-search-card__metadata\">\n<p>          <span class=\"job-search-card__location\"><br \/>\n            Greater Ribeir\u00e3o Preto<br \/>\n          <\/span><\/p>\n<div class=\"job-posting-benefits text-sm\">\n        <icon class=\"job-posting-benefits__icon\" data-delayed-url=\"https:\/\/static.licdn.com\/aero-v1\/sc\/h\/8zmuwb93gzlb935fk4ao4z779\" data-svg-class-name=\"job-posting-benefits__icon-svg\"><\/icon><br \/>\n        <span class=\"job-posting-benefits__text\"><br \/>\n          Be an early applicant<br \/>\n<!---->        <\/span>\n      <\/div>\n<p>          <time class=\"job-search-card__listdate\" datetime=\"2025-09-24\"><\/p>\n<p>      6 days ago<\/p>\n<p>          <\/time><\/p>\n<p><!---->\n            <\/div>\n<\/p><\/div>\n<p><!---->      <\/p><\/div>\n<\/li>\n<li>\n<div class=\"base-card relative w-full hover:no-underline focus:no-underline\n        base-card--link\n         base-search-card base-search-card--link job-search-card\" data-entity-urn=\"urn:li:jobPosting:4305858331\" data-impression-id=\"jobs-search-desktop-39\" data-reference-id=\"BGC7AasWG8ZDeJIfEGdaIw==\" data-tracking-id=\"CTqgwGcEoi1IcTCQgejplg==\" data-column=\"1\" data-row=\"40\"><\/p>\n<p>        <a class=\"base-card__full-link absolute top-0 right-0 bottom-0 left-0 p-0 z-[2] outline-offset-[4px]\" href=\"https:\/\/br.linkedin.com\/jobs\/view\/est%C3%A1gio-em-marketing-publicidade-e-propaganda-vgaflr409-at-alpha-est%C3%A1gio-4305858331?position=40&amp;pageNum=0&amp;refId=BGC7AasWG8ZDeJIfEGdaIw%3D%3D&amp;trackingId=CTqgwGcEoi1IcTCQgejplg%3D%3D\" data-tracking-control-name=\"public_jobs_jserp-result_search-card\" data-tracking-client-ingraph data-tracking-will-navigate><\/p>\n<p>          <span class=\"sr-only\"><\/p>\n<p>        Est\u00e1gio em Marketing\/Publicidade e Propaganda Vgaflr409<\/p>\n<p>          <\/span><br \/>\n        <\/a><\/p>\n<div class=\"search-entity-media\">\n<p>      <img class=\"artdeco-entity-image artdeco-entity-image--square-4\n          \" data-delayed-url=\"https:\/\/media.licdn.com\/dms\/image\/v2\/C4D0BAQFxt3oY3Ni2lg\/company-logo_100_100\/company-logo_100_100\/0\/1642101002803\/alpha_estgio_logo?e=2147483647&amp;v=beta&amp;t=66-I5JWllCyRvhelbWtpaHMXnaAhGJYAe1VElpYTK0I\" data-ghost-classes=\"artdeco-entity-image--ghost\" data-ghost-url=\"https:\/\/static.licdn.com\/aero-v1\/sc\/h\/6puxblwmhnodu6fjircz4dn4h\" alt><\/p><\/div>\n<div class=\"base-search-card__info\">\n<h3 class=\"base-search-card__title\">\n<p>        Est\u00e1gio em Marketing\/Publicidade e Propaganda Vgaflr409<\/p>\n<\/h3>\n<h4 class=\"base-search-card__subtitle\">\n<p>          <a class=\"hidden-nested-link\" data-tracking-client-ingraph data-tracking-control-name=\"public_jobs_jserp-result_job-search-card-subtitle\" data-tracking-will-navigate href=\"https:\/\/br.linkedin.com\/company\/alpha-est%C3%A1gio?trk=public_jobs_jserp-result_job-search-card-subtitle\"><br \/>\n            Alpha Est\u00e1gio<br \/>\n          <\/a><\/p>\n<\/h4>\n<p><!----><\/p>\n<div class=\"base-search-card__metadata\">\n<p>          <span class=\"job-search-card__location\"><br \/>\n            Greater Ribeir\u00e3o Preto<br \/>\n          <\/span><\/p>\n<div class=\"job-posting-benefits text-sm\">\n        <icon class=\"job-posting-benefits__icon\" data-delayed-url=\"https:\/\/static.licdn.com\/aero-v1\/sc\/h\/8zmuwb93gzlb935fk4ao4z779\" data-svg-class-name=\"job-posting-benefits__icon-svg\"><\/icon><br \/>\n        <span class=\"job-posting-benefits__text\"><br \/>\n          Be an early applicant<br \/>\n<!---->        <\/span>\n      <\/div>\n<p>          <time class=\"job-search-card__listdate--new\" datetime=\"2025-09-30\"><\/p>\n<p>      20 hours ago<\/p>\n<p>          <\/time><\/p>\n<p><!---->\n            <\/div>\n<\/p><\/div>\n<p><!---->      <\/p><\/div>\n<\/li>\n<li>\n<div class=\"base-card relative w-full hover:no-underline focus:no-underline\n        base-card--link\n         base-search-card base-search-card--link job-search-card\" data-entity-urn=\"urn:li:jobPosting:4199231446\" data-impression-id=\"jobs-search-desktop-40\" data-reference-id=\"BGC7AasWG8ZDeJIfEGdaIw==\" data-tracking-id=\"El8293DGkaSparPgV9DgmQ==\" data-column=\"1\" data-row=\"41\"><\/p>\n<p>        <a class=\"base-card__full-link absolute top-0 right-0 bottom-0 left-0 p-0 z-[2] outline-offset-[4px]\" href=\"https:\/\/br.linkedin.com\/jobs\/view\/est%C3%A1gio-acompanhamento-pr%C3%A1tico-veterin%C3%A1rio-fisiatria-e-acupuntura-unidade-ribeir%C3%A3o-preto-at-fisio-care-pet-4199231446?position=41&amp;pageNum=0&amp;refId=BGC7AasWG8ZDeJIfEGdaIw%3D%3D&amp;trackingId=El8293DGkaSparPgV9DgmQ%3D%3D\" data-tracking-control-name=\"public_jobs_jserp-result_search-card\" data-tracking-client-ingraph data-tracking-will-navigate><\/p>\n<p>          <span class=\"sr-only\"><\/p>\n<p>        Est\u00e1gio\/Acompanhamento pr\u00e1tico veterin\u00e1rio &#8211; Fisiatria e Acupuntura &#8211; Unidade Ribeir\u00e3o Preto<\/p>\n<p>          <\/span><br \/>\n        <\/a><\/p>\n<div class=\"search-entity-media\">\n<p>      <img class=\"artdeco-entity-image artdeco-entity-image--square-4\n          \" data-delayed-url=\"https:\/\/media.licdn.com\/dms\/image\/v2\/D4D0BAQFoKPZ8aZ3JFA\/company-logo_100_100\/company-logo_100_100\/0\/1737059165043\/fisio_care_pet_logo?e=2147483647&amp;v=beta&amp;t=SreggsPr6fY0vFbkKAKDdtRBvPr7xKbrI8W0-RL1z3A\" data-ghost-classes=\"artdeco-entity-image--ghost\" data-ghost-url=\"https:\/\/static.licdn.com\/aero-v1\/sc\/h\/6puxblwmhnodu6fjircz4dn4h\" alt><\/p><\/div>\n<div class=\"base-search-card__info\">\n<h3 class=\"base-search-card__title\">\n<p>        Est\u00e1gio\/Acompanhamento pr\u00e1tico veterin\u00e1rio &#8211; Fisiatria e Acupuntura &#8211; Unidade Ribeir\u00e3o Preto<\/p>\n<\/h3>\n<h4 class=\"base-search-card__subtitle\">\n<p>          <a class=\"hidden-nested-link\" data-tracking-client-ingraph data-tracking-control-name=\"public_jobs_jserp-result_job-search-card-subtitle\" data-tracking-will-navigate href=\"https:\/\/br.linkedin.com\/company\/fisio-care-pet?trk=public_jobs_jserp-result_job-search-card-subtitle\"><br \/>\n            Fisio Care Pet<br \/>\n          <\/a><\/p>\n<\/h4>\n<p><!----><\/p>\n<div class=\"base-search-card__metadata\">\n<p>          <span class=\"job-search-card__location\"><br \/>\n            Ribeir\u00e3o Preto, S\u00e3o Paulo, Brazil<br \/>\n          <\/span><\/p>\n<p><!---->  <\/p>\n<p>          <time class=\"job-search-card__listdate\" datetime=\"2025-04-02\"><\/p>\n<p>      6 months ago<\/p>\n<p>          <\/time><\/p>\n<p><!---->\n            <\/div>\n<\/p><\/div>\n<p><!---->      <\/p><\/div>\n<\/li>\n<li>\n<div class=\"base-card relative w-full hover:no-underline focus:no-underline\n        base-card--link\n         base-search-card base-search-card--link job-search-card\" data-entity-urn=\"urn:li:jobPosting:4298975366\" data-impression-id=\"jobs-search-desktop-41\" data-reference-id=\"BGC7AasWG8ZDeJIfEGdaIw==\" data-tracking-id=\"HyfeInkVZd5JSVdwa8A9EA==\" data-column=\"1\" data-row=\"42\"><\/p>\n<p>        <a class=\"base-card__full-link absolute top-0 right-0 bottom-0 left-0 p-0 z-[2] outline-offset-[4px]\" href=\"https:\/\/br.linkedin.com\/jobs\/view\/est%C3%A1gio-em-administra%C3%A7%C3%A3o-ribeir%C3%A3o-preto-sp-at-rehagro-4298975366?position=42&amp;pageNum=0&amp;refId=BGC7AasWG8ZDeJIfEGdaIw%3D%3D&amp;trackingId=HyfeInkVZd5JSVdwa8A9EA%3D%3D\" data-tracking-control-name=\"public_jobs_jserp-result_search-card\" data-tracking-client-ingraph data-tracking-will-navigate><\/p>\n<p>          <span class=\"sr-only\"><\/p>\n<p>        Est\u00e1gio em Administra\u00e7\u00e3o (Ribeir\u00e3o Preto\/SP)<\/p>\n<p>          <\/span><br \/>\n        <\/a><\/p>\n<div class=\"search-entity-media\">\n<p>      <img class=\"artdeco-entity-image artdeco-entity-image--square-4\n          \" data-delayed-url=\"https:\/\/media.licdn.com\/dms\/image\/v2\/C560BAQF8_WPrPJAnUA\/company-logo_100_100\/company-logo_100_100\/0\/1630582662672\/rehagro_logo?e=2147483647&amp;v=beta&amp;t=rR6A-DmriAd8sgoTQMzWzuQT_hRlXLCRmX3wcIqb17M\" data-ghost-classes=\"artdeco-entity-image--ghost\" data-ghost-url=\"https:\/\/static.licdn.com\/aero-v1\/sc\/h\/6puxblwmhnodu6fjircz4dn4h\" alt><\/p><\/div>\n<div class=\"base-search-card__info\">\n<h3 class=\"base-search-card__title\">\n<p>        Est\u00e1gio em Administra\u00e7\u00e3o (Ribeir\u00e3o Preto\/SP)<\/p>\n<\/h3>\n<h4 class=\"base-search-card__subtitle\">\n<p>          <a class=\"hidden-nested-link\" data-tracking-client-ingraph data-tracking-control-name=\"public_jobs_jserp-result_job-search-card-subtitle\" data-tracking-will-navigate href=\"https:\/\/br.linkedin.com\/school\/rehagro\/?trk=public_jobs_jserp-result_job-search-card-subtitle\"><br \/>\n            Rehagro<br \/>\n          <\/a><\/p>\n<\/h4>\n<p><!----><\/p>\n<div class=\"base-search-card__metadata\">\n<p>          <span class=\"job-search-card__location\"><br \/>\n            Ribeir\u00e3o Preto, S\u00e3o Paulo, Brazil<br \/>\n          <\/span><\/p>\n<p><!---->  <\/p>\n<p>          <time class=\"job-search-card__listdate\" datetime=\"2025-09-11\"><\/p>\n<p>      2 weeks ago<\/p>\n<p>          <\/time><\/p>\n<p><!---->\n            <\/div>\n<\/p><\/div>\n<p><!---->      <\/p><\/div>\n<\/li>\n<li>\n<div class=\"base-card relative w-full hover:no-underline focus:no-underline\n        base-card--link\n         base-search-card base-search-card--link job-search-card\" data-entity-urn=\"urn:li:jobPosting:4302947217\" data-impression-id=\"jobs-search-desktop-42\" data-reference-id=\"BGC7AasWG8ZDeJIfEGdaIw==\" data-tracking-id=\"PTopuAvretfIDCgy5xy50A==\" data-column=\"1\" data-row=\"43\"><\/p>\n<p>        <a class=\"base-card__full-link absolute top-0 right-0 bottom-0 left-0 p-0 z-[2] outline-offset-[4px]\" href=\"https:\/\/br.linkedin.com\/jobs\/view\/est%C3%A1gio-ensino-m%C3%A9dio-vgadrd288-at-alpha-est%C3%A1gio-4302947217?position=43&amp;pageNum=0&amp;refId=BGC7AasWG8ZDeJIfEGdaIw%3D%3D&amp;trackingId=PTopuAvretfIDCgy5xy50A%3D%3D\" data-tracking-control-name=\"public_jobs_jserp-result_search-card\" data-tracking-client-ingraph data-tracking-will-navigate><\/p>\n<p>          <span class=\"sr-only\"><\/p>\n<p>        Est\u00e1gio Ensino M\u00e9dio Vgadrd288<\/p>\n<p>          <\/span><br \/>\n        <\/a><\/p>\n<div class=\"search-entity-media\">\n<p>      <img class=\"artdeco-entity-image artdeco-entity-image--square-4\n          \" data-delayed-url=\"https:\/\/media.licdn.com\/dms\/image\/v2\/C4D0BAQFxt3oY3Ni2lg\/company-logo_100_100\/company-logo_100_100\/0\/1642101002803\/alpha_estgio_logo?e=2147483647&amp;v=beta&amp;t=66-I5JWllCyRvhelbWtpaHMXnaAhGJYAe1VElpYTK0I\" data-ghost-classes=\"artdeco-entity-image--ghost\" data-ghost-url=\"https:\/\/static.licdn.com\/aero-v1\/sc\/h\/6puxblwmhnodu6fjircz4dn4h\" alt><\/p><\/div>\n<div class=\"base-search-card__info\">\n<h3 class=\"base-search-card__title\">\n<p>        Est\u00e1gio Ensino M\u00e9dio Vgadrd288<\/p>\n<\/h3>\n<h4 class=\"base-search-card__subtitle\">\n<p>          <a class=\"hidden-nested-link\" data-tracking-client-ingraph data-tracking-control-name=\"public_jobs_jserp-result_job-search-card-subtitle\" data-tracking-will-navigate href=\"https:\/\/br.linkedin.com\/company\/alpha-est%C3%A1gio?trk=public_jobs_jserp-result_job-search-card-subtitle\"><br \/>\n            Alpha Est\u00e1gio<br \/>\n          <\/a><\/p>\n<\/h4>\n<p><!----><\/p>\n<div class=\"base-search-card__metadata\">\n<p>          <span class=\"job-search-card__location\"><br \/>\n            Greater Ribeir\u00e3o Preto<br \/>\n          <\/span><\/p>\n<div class=\"job-posting-benefits text-sm\">\n        <icon class=\"job-posting-benefits__icon\" data-delayed-url=\"https:\/\/static.licdn.com\/aero-v1\/sc\/h\/8zmuwb93gzlb935fk4ao4z779\" data-svg-class-name=\"job-posting-benefits__icon-svg\"><\/icon><br \/>\n        <span class=\"job-posting-benefits__text\"><br \/>\n          Be an early applicant<br \/>\n<!---->        <\/span>\n      <\/div>\n<p>          <time class=\"job-search-card__listdate\" datetime=\"2025-09-24\"><\/p>\n<p>      6 days ago<\/p>\n<p>          <\/time><\/p>\n<p><!---->\n            <\/div>\n<\/p><\/div>\n<p><!---->      <\/p><\/div>\n<\/li>\n<li>\n<div class=\"base-card relative w-full hover:no-underline focus:no-underline\n        base-card--link\n         base-search-card base-search-card--link job-search-card\" data-entity-urn=\"urn:li:jobPosting:4302948236\" data-impression-id=\"jobs-search-desktop-43\" data-reference-id=\"BGC7AasWG8ZDeJIfEGdaIw==\" data-tracking-id=\"0tsuBDej6vg7nMWBoKEsYA==\" data-column=\"1\" data-row=\"44\"><\/p>\n<p>        <a class=\"base-card__full-link absolute top-0 right-0 bottom-0 left-0 p-0 z-[2] outline-offset-[4px]\" href=\"https:\/\/br.linkedin.com\/jobs\/view\/est%C3%A1gio-ensino-m%C3%A9dio-vgamrz109-at-alpha-est%C3%A1gio-4302948236?position=44&amp;pageNum=0&amp;refId=BGC7AasWG8ZDeJIfEGdaIw%3D%3D&amp;trackingId=0tsuBDej6vg7nMWBoKEsYA%3D%3D\" data-tracking-control-name=\"public_jobs_jserp-result_search-card\" data-tracking-client-ingraph data-tracking-will-navigate><\/p>\n<p>          <span class=\"sr-only\"><\/p>\n<p>        Est\u00e1gio Ensino M\u00e9dio Vgamrz109<\/p>\n<p>          <\/span><br \/>\n        <\/a><\/p>\n<div class=\"search-entity-media\">\n<p>      <img class=\"artdeco-entity-image artdeco-entity-image--square-4\n          \" data-delayed-url=\"https:\/\/media.licdn.com\/dms\/image\/v2\/C4D0BAQFxt3oY3Ni2lg\/company-logo_100_100\/company-logo_100_100\/0\/1642101002803\/alpha_estgio_logo?e=2147483647&amp;v=beta&amp;t=66-I5JWllCyRvhelbWtpaHMXnaAhGJYAe1VElpYTK0I\" data-ghost-classes=\"artdeco-entity-image--ghost\" data-ghost-url=\"https:\/\/static.licdn.com\/aero-v1\/sc\/h\/6puxblwmhnodu6fjircz4dn4h\" alt><\/p><\/div>\n<div class=\"base-search-card__info\">\n<h3 class=\"base-search-card__title\">\n<p>        Est\u00e1gio Ensino M\u00e9dio Vgamrz109<\/p>\n<\/h3>\n<h4 class=\"base-search-card__subtitle\">\n<p>          <a class=\"hidden-nested-link\" data-tracking-client-ingraph data-tracking-control-name=\"public_jobs_jserp-result_job-search-card-subtitle\" data-tracking-will-navigate href=\"https:\/\/br.linkedin.com\/company\/alpha-est%C3%A1gio?trk=public_jobs_jserp-result_job-search-card-subtitle\"><br \/>\n            Alpha Est\u00e1gio<br \/>\n          <\/a><\/p>\n<\/h4>\n<p><!----><\/p>\n<div class=\"base-search-card__metadata\">\n<p>          <span class=\"job-search-card__location\"><br \/>\n            Greater Ribeir\u00e3o Preto<br \/>\n          <\/span><\/p>\n<div class=\"job-posting-benefits text-sm\">\n        <icon class=\"job-posting-benefits__icon\" data-delayed-url=\"https:\/\/static.licdn.com\/aero-v1\/sc\/h\/8zmuwb93gzlb935fk4ao4z779\" data-svg-class-name=\"job-posting-benefits__icon-svg\"><\/icon><br \/>\n        <span class=\"job-posting-benefits__text\"><br \/>\n          Be an early applicant<br \/>\n<!---->        <\/span>\n      <\/div>\n<p>          <time class=\"job-search-card__listdate\" datetime=\"2025-09-24\"><\/p>\n<p>      6 days ago<\/p>\n<p>          <\/time><\/p>\n<p><!---->\n            <\/div>\n<\/p><\/div>\n<p><!---->      <\/p><\/div>\n<\/li>\n<li>\n<div class=\"base-card relative w-full hover:no-underline focus:no-underline\n        base-card--link\n         base-search-card base-search-card--link job-search-card\" data-entity-urn=\"urn:li:jobPosting:4281677912\" data-impression-id=\"jobs-search-desktop-44\" data-reference-id=\"BGC7AasWG8ZDeJIfEGdaIw==\" data-tracking-id=\"S10\/uLbL5u4DljCPp1x\/gA==\" data-column=\"1\" data-row=\"45\"><\/p>\n<p>        <a class=\"base-card__full-link absolute top-0 right-0 bottom-0 left-0 p-0 z-[2] outline-offset-[4px]\" href=\"https:\/\/br.linkedin.com\/jobs\/view\/est%C3%A1gi%C3%A1rio-de-automa%C3%A7%C3%A3o-industrial-at-kostal-group-4281677912?position=45&amp;pageNum=0&amp;refId=BGC7AasWG8ZDeJIfEGdaIw%3D%3D&amp;trackingId=S10%2FuLbL5u4DljCPp1x%2FgA%3D%3D\" data-tracking-control-name=\"public_jobs_jserp-result_search-card\" data-tracking-client-ingraph data-tracking-will-navigate><\/p>\n<p>          <span class=\"sr-only\"><\/p>\n<p>        Est\u00e1gi\u00e1rio de Automa\u00e7\u00e3o Industrial<\/p>\n<p>          <\/span><br \/>\n        <\/a><\/p>\n<div class=\"search-entity-media\">\n<p>      <img class=\"artdeco-entity-image artdeco-entity-image--square-4\n          \" data-delayed-url=\"https:\/\/media.licdn.com\/dms\/image\/v2\/C560BAQGchiTIektNrg\/company-logo_100_100\/company-logo_100_100\/0\/1631324954163?e=2147483647&amp;v=beta&amp;t=sbnVXVFLf38zNqGue7fPmMcVBgf63XGOh_GNbILwWQs\" data-ghost-classes=\"artdeco-entity-image--ghost\" data-ghost-url=\"https:\/\/static.licdn.com\/aero-v1\/sc\/h\/6puxblwmhnodu6fjircz4dn4h\" alt><\/p><\/div>\n<div class=\"base-search-card__info\">\n<h3 class=\"base-search-card__title\">\n<p>        Est\u00e1gi\u00e1rio de Automa\u00e7\u00e3o Industrial<\/p>\n<\/h3>\n<h4 class=\"base-search-card__subtitle\">\n<p>          <a class=\"hidden-nested-link\" data-tracking-client-ingraph data-tracking-control-name=\"public_jobs_jserp-result_job-search-card-subtitle\" data-tracking-will-navigate href=\"https:\/\/de.linkedin.com\/company\/kostal-group?trk=public_jobs_jserp-result_job-search-card-subtitle\"><br \/>\n            KOSTAL Group<br \/>\n          <\/a><\/p>\n<\/h4>\n<p><!----><\/p>\n<div class=\"base-search-card__metadata\">\n<p>          <span class=\"job-search-card__location\"><br \/>\n            Cravinhos, S\u00e3o Paulo, Brazil<br \/>\n          <\/span><\/p>\n<p><!---->  <\/p>\n<p>          <time class=\"job-search-card__listdate\" datetime=\"2025-09-27\"><\/p>\n<p>      3 days ago<\/p>\n<p>          <\/time><\/p>\n<p><!---->\n            <\/div>\n<\/p><\/div>\n<p><!---->      <\/p><\/div>\n<\/li>\n<li>\n<div class=\"base-card relative w-full hover:no-underline focus:no-underline\n        base-card--link\n         base-search-card base-search-card--link job-search-card\" data-entity-urn=\"urn:li:jobPosting:4302929211\" data-impression-id=\"jobs-search-desktop-45\" data-reference-id=\"BGC7AasWG8ZDeJIfEGdaIw==\" data-tracking-id=\"AB1e0u0JKcg0pIY1c8rPgg==\" data-column=\"1\" data-row=\"46\"><\/p>\n<p>        <a class=\"base-card__full-link absolute top-0 right-0 bottom-0 left-0 p-0 z-[2] outline-offset-[4px]\" href=\"https:\/\/br.linkedin.com\/jobs\/view\/est%C3%A1gio-em-marketing-vgaclr189-at-alpha-est%C3%A1gio-4302929211?position=46&amp;pageNum=0&amp;refId=BGC7AasWG8ZDeJIfEGdaIw%3D%3D&amp;trackingId=AB1e0u0JKcg0pIY1c8rPgg%3D%3D\" data-tracking-control-name=\"public_jobs_jserp-result_search-card\" data-tracking-client-ingraph data-tracking-will-navigate><\/p>\n<p>          <span class=\"sr-only\"><\/p>\n<p>        Est\u00e1gio em Marketing Vgaclr189<\/p>\n<p>          <\/span><br \/>\n        <\/a><\/p>\n<div class=\"search-entity-media\">\n<p>      <img class=\"artdeco-entity-image artdeco-entity-image--square-4\n          \" data-delayed-url=\"https:\/\/media.licdn.com\/dms\/image\/v2\/C4D0BAQFxt3oY3Ni2lg\/company-logo_100_100\/company-logo_100_100\/0\/1642101002803\/alpha_estgio_logo?e=2147483647&amp;v=beta&amp;t=66-I5JWllCyRvhelbWtpaHMXnaAhGJYAe1VElpYTK0I\" data-ghost-classes=\"artdeco-entity-image--ghost\" data-ghost-url=\"https:\/\/static.licdn.com\/aero-v1\/sc\/h\/6puxblwmhnodu6fjircz4dn4h\" alt><\/p><\/div>\n<div class=\"base-search-card__info\">\n<h3 class=\"base-search-card__title\">\n<p>        Est\u00e1gio em Marketing Vgaclr189<\/p>\n<\/h3>\n<h4 class=\"base-search-card__subtitle\">\n<p>          <a class=\"hidden-nested-link\" data-tracking-client-ingraph data-tracking-control-name=\"public_jobs_jserp-result_job-search-card-subtitle\" data-tracking-will-navigate href=\"https:\/\/br.linkedin.com\/company\/alpha-est%C3%A1gio?trk=public_jobs_jserp-result_job-search-card-subtitle\"><br \/>\n            Alpha Est\u00e1gio<br \/>\n          <\/a><\/p>\n<\/h4>\n<p><!----><\/p>\n<div class=\"base-search-card__metadata\">\n<p>          <span class=\"job-search-card__location\"><br \/>\n            Greater Ribeir\u00e3o Preto<br \/>\n          <\/span><\/p>\n<div class=\"job-posting-benefits text-sm\">\n        <icon class=\"job-posting-benefits__icon\" data-delayed-url=\"https:\/\/static.licdn.com\/aero-v1\/sc\/h\/8zmuwb93gzlb935fk4ao4z779\" data-svg-class-name=\"job-posting-benefits__icon-svg\"><\/icon><br \/>\n        <span class=\"job-posting-benefits__text\"><br \/>\n          Be an early applicant<br \/>\n<!---->        <\/span>\n      <\/div>\n<p>          <time class=\"job-search-card__listdate\" datetime=\"2025-09-24\"><\/p>\n<p>      6 days ago<\/p>\n<p>          <\/time><\/p>\n<p><!---->\n            <\/div>\n<\/p><\/div>\n<p><!---->      <\/p><\/div>\n<\/li>\n<li>\n<div class=\"base-card relative w-full hover:no-underline focus:no-underline\n        base-card--link\n         base-search-card base-search-card--link job-search-card\" data-entity-urn=\"urn:li:jobPosting:4305354393\" data-impression-id=\"jobs-search-desktop-46\" data-reference-id=\"BGC7AasWG8ZDeJIfEGdaIw==\" data-tracking-id=\"15zdALb7V7vu1wsADqSMWw==\" data-column=\"1\" data-row=\"47\"><\/p>\n<p>        <a class=\"base-card__full-link absolute top-0 right-0 bottom-0 left-0 p-0 z-[2] outline-offset-[4px]\" href=\"https:\/\/br.linkedin.com\/jobs\/view\/est%C3%A1gio-em-ci%C3%AAncias-cont%C3%A1beis-faturamento-at-alpha-est%C3%A1gio-4305354393?position=47&amp;pageNum=0&amp;refId=BGC7AasWG8ZDeJIfEGdaIw%3D%3D&amp;trackingId=15zdALb7V7vu1wsADqSMWw%3D%3D\" data-tracking-control-name=\"public_jobs_jserp-result_search-card\" data-tracking-client-ingraph data-tracking-will-navigate><\/p>\n<p>          <span class=\"sr-only\"><\/p>\n<p>        EST\u00c1GIO EM CI\u00caNCIAS CONT\u00c1BEIS (FATURAMENTO)<\/p>\n<p>          <\/span><br \/>\n        <\/a><\/p>\n<div class=\"search-entity-media\">\n<p>      <img class=\"artdeco-entity-image artdeco-entity-image--square-4\n          \" data-delayed-url=\"https:\/\/media.licdn.com\/dms\/image\/v2\/C4D0BAQFxt3oY3Ni2lg\/company-logo_100_100\/company-logo_100_100\/0\/1642101002803\/alpha_estgio_logo?e=2147483647&amp;v=beta&amp;t=66-I5JWllCyRvhelbWtpaHMXnaAhGJYAe1VElpYTK0I\" data-ghost-classes=\"artdeco-entity-image--ghost\" data-ghost-url=\"https:\/\/static.licdn.com\/aero-v1\/sc\/h\/6puxblwmhnodu6fjircz4dn4h\" alt><\/p><\/div>\n<div class=\"base-search-card__info\">\n<h3 class=\"base-search-card__title\">\n<p>        EST\u00c1GIO EM CI\u00caNCIAS CONT\u00c1BEIS (FATURAMENTO)<\/p>\n<\/h3>\n<h4 class=\"base-search-card__subtitle\">\n<p>          <a class=\"hidden-nested-link\" data-tracking-client-ingraph data-tracking-control-name=\"public_jobs_jserp-result_job-search-card-subtitle\" data-tracking-will-navigate href=\"https:\/\/br.linkedin.com\/company\/alpha-est%C3%A1gio?trk=public_jobs_jserp-result_job-search-card-subtitle\"><br \/>\n            Alpha Est\u00e1gio<br \/>\n          <\/a><\/p>\n<\/h4>\n<p><!----><\/p>\n<div class=\"base-search-card__metadata\">\n<p>          <span class=\"job-search-card__location\"><br \/>\n            Ribeir\u00e3o Preto, S\u00e3o Paulo, Brazil<br \/>\n          <\/span><\/p>\n<div class=\"job-posting-benefits text-sm\">\n        <icon class=\"job-posting-benefits__icon\" data-delayed-url=\"https:\/\/static.licdn.com\/aero-v1\/sc\/h\/8zmuwb93gzlb935fk4ao4z779\" data-svg-class-name=\"job-posting-benefits__icon-svg\"><\/icon><br \/>\n        <span class=\"job-posting-benefits__text\"><br \/>\n          Be an early applicant<br \/>\n<!---->        <\/span>\n      <\/div>\n<p>          <time class=\"job-search-card__listdate\" datetime=\"2025-09-29\"><\/p>\n<p>      1 day ago<\/p>\n<p>          <\/time><\/p>\n<p><!---->\n            <\/div>\n<\/p><\/div>\n<p><!---->      <\/p><\/div>\n<\/li>\n<li>\n<div class=\"base-card relative w-full hover:no-underline focus:no-underline\n        base-card--link\n         base-search-card base-search-card--link job-search-card\" data-entity-urn=\"urn:li:jobPosting:4291802911\" data-impression-id=\"jobs-search-desktop-47\" data-reference-id=\"BGC7AasWG8ZDeJIfEGdaIw==\" data-tracking-id=\"fDrvUJkMASjIKF07d208Wg==\" data-column=\"1\" data-row=\"48\"><\/p>\n<p>        <a class=\"base-card__full-link absolute top-0 right-0 bottom-0 left-0 p-0 z-[2] outline-offset-[4px]\" href=\"https:\/\/br.linkedin.com\/jobs\/view\/estagi%C3%A1ria-cl%C3%ADnica-de-est%C3%A9tica-ribeir%C3%A3o-preto-sp-at-ad-clinic-4291802911?position=48&amp;pageNum=0&amp;refId=BGC7AasWG8ZDeJIfEGdaIw%3D%3D&amp;trackingId=fDrvUJkMASjIKF07d208Wg%3D%3D\" data-tracking-control-name=\"public_jobs_jserp-result_search-card\" data-tracking-client-ingraph data-tracking-will-navigate><\/p>\n<p>          <span class=\"sr-only\"><\/p>\n<p>        Estagi\u00e1ria Cl\u00ednica de Est\u00e9tica &#8211; Ribeir\u00e3o Preto SP<\/p>\n<p>          <\/span><br \/>\n        <\/a><\/p>\n<div class=\"search-entity-media\">\n<p>      <img class=\"artdeco-entity-image artdeco-entity-image--square-4\n          \" data-delayed-url=\"https:\/\/media.licdn.com\/dms\/image\/v2\/D4D0BAQFQq2u3lj12BQ\/company-logo_100_100\/company-logo_100_100\/0\/1733234366237?e=2147483647&amp;v=beta&amp;t=vZbsf4P-mfevWrKw0KuXVg27Q4DxqC-702k262UYxWM\" data-ghost-classes=\"artdeco-entity-image--ghost\" data-ghost-url=\"https:\/\/static.licdn.com\/aero-v1\/sc\/h\/6puxblwmhnodu6fjircz4dn4h\" alt><\/p><\/div>\n<div class=\"base-search-card__info\">\n<h3 class=\"base-search-card__title\">\n<p>        Estagi\u00e1ria Cl\u00ednica de Est\u00e9tica &#8211; Ribeir\u00e3o Preto SP<\/p>\n<\/h3>\n<h4 class=\"base-search-card__subtitle\">\n<p>          <a class=\"hidden-nested-link\" data-tracking-client-ingraph data-tracking-control-name=\"public_jobs_jserp-result_job-search-card-subtitle\" data-tracking-will-navigate href=\"https:\/\/br.linkedin.com\/company\/ad-clinic-clinica-de-estetica?trk=public_jobs_jserp-result_job-search-card-subtitle\"><br \/>\n            AD Clinic<br \/>\n          <\/a><\/p>\n<\/h4>\n<p><!----><\/p>\n<div class=\"base-search-card__metadata\">\n<p>          <span class=\"job-search-card__location\"><br \/>\n            Ribeir\u00e3o Preto, S\u00e3o Paulo, Brazil<br \/>\n          <\/span><\/p>\n<p><!---->  <\/p>\n<p>          <time class=\"job-search-card__listdate\" datetime=\"2025-08-27\"><\/p>\n<p>      1 month ago<\/p>\n<p>          <\/time><\/p>\n<p><!---->\n            <\/div>\n<\/p><\/div>\n<p><!---->      <\/p><\/div>\n<\/li>\n<li>\n<div class=\"base-card relative w-full hover:no-underline focus:no-underline\n        base-card--link\n         base-search-card base-search-card--link job-search-card\" data-entity-urn=\"urn:li:jobPosting:4302943272\" data-impression-id=\"jobs-search-desktop-48\" data-reference-id=\"BGC7AasWG8ZDeJIfEGdaIw==\" data-tracking-id=\"c1bT0LJ1JOHAAyk7\/hzoJg==\" data-column=\"1\" data-row=\"49\"><\/p>\n<p>        <a class=\"base-card__full-link absolute top-0 right-0 bottom-0 left-0 p-0 z-[2] outline-offset-[4px]\" href=\"https:\/\/br.linkedin.com\/jobs\/view\/est%C3%A1gio-ensino-m%C3%A9dio-vgaifr288-at-alpha-est%C3%A1gio-4302943272?position=49&amp;pageNum=0&amp;refId=BGC7AasWG8ZDeJIfEGdaIw%3D%3D&amp;trackingId=c1bT0LJ1JOHAAyk7%2FhzoJg%3D%3D\" data-tracking-control-name=\"public_jobs_jserp-result_search-card\" data-tracking-client-ingraph data-tracking-will-navigate><\/p>\n<p>          <span class=\"sr-only\"><\/p>\n<p>        Est\u00e1gio Ensino M\u00e9dio Vgaifr288<\/p>\n<p>          <\/span><br \/>\n        <\/a><\/p>\n<div class=\"search-entity-media\">\n<p>      <img class=\"artdeco-entity-image artdeco-entity-image--square-4\n          \" data-delayed-url=\"https:\/\/media.licdn.com\/dms\/image\/v2\/C4D0BAQFxt3oY3Ni2lg\/company-logo_100_100\/company-logo_100_100\/0\/1642101002803\/alpha_estgio_logo?e=2147483647&amp;v=beta&amp;t=66-I5JWllCyRvhelbWtpaHMXnaAhGJYAe1VElpYTK0I\" data-ghost-classes=\"artdeco-entity-image--ghost\" data-ghost-url=\"https:\/\/static.licdn.com\/aero-v1\/sc\/h\/6puxblwmhnodu6fjircz4dn4h\" alt><\/p><\/div>\n<div class=\"base-search-card__info\">\n<h3 class=\"base-search-card__title\">\n<p>        Est\u00e1gio Ensino M\u00e9dio Vgaifr288<\/p>\n<\/h3>\n<h4 class=\"base-search-card__subtitle\">\n<p>          <a class=\"hidden-nested-link\" data-tracking-client-ingraph data-tracking-control-name=\"public_jobs_jserp-result_job-search-card-subtitle\" data-tracking-will-navigate href=\"https:\/\/br.linkedin.com\/company\/alpha-est%C3%A1gio?trk=public_jobs_jserp-result_job-search-card-subtitle\"><br \/>\n            Alpha Est\u00e1gio<br \/>\n          <\/a><\/p>\n<\/h4>\n<p><!----><\/p>\n<div class=\"base-search-card__metadata\">\n<p>          <span class=\"job-search-card__location\"><br \/>\n            Greater Ribeir\u00e3o Preto<br \/>\n          <\/span><\/p>\n<div class=\"job-posting-benefits text-sm\">\n        <icon class=\"job-posting-benefits__icon\" data-delayed-url=\"https:\/\/static.licdn.com\/aero-v1\/sc\/h\/8zmuwb93gzlb935fk4ao4z779\" data-svg-class-name=\"job-posting-benefits__icon-svg\"><\/icon><br \/>\n        <span class=\"job-posting-benefits__text\"><br \/>\n          Be an early applicant<br \/>\n<!---->        <\/span>\n      <\/div>\n<p>          <time class=\"job-search-card__listdate\" datetime=\"2025-09-24\"><\/p>\n<p>      6 days ago<\/p>\n<p>          <\/time><\/p>\n<p><!---->\n            <\/div>\n<\/p><\/div>\n<p><!---->      <\/p><\/div>\n<\/li>\n<li>\n<div class=\"base-card relative w-full hover:no-underline focus:no-underline\n        base-card--link\n         base-search-card base-search-card--link job-search-card\" data-entity-urn=\"urn:li:jobPosting:4293861633\" data-impression-id=\"jobs-search-desktop-49\" data-reference-id=\"BGC7AasWG8ZDeJIfEGdaIw==\" data-tracking-id=\"pI3TQlZ8H4jNMvdPPX\/G9A==\" data-column=\"1\" data-row=\"50\"><\/p>\n<p>        <a class=\"base-card__full-link absolute top-0 right-0 bottom-0 left-0 p-0 z-[2] outline-offset-[4px]\" href=\"https:\/\/br.linkedin.com\/jobs\/view\/est%C3%A1gio-administrativo-e-comercial-%E2%80%93-est%C3%BAdio-de-pilates-e-fisioterapia-at-seu-est%C3%A1gio-4293861633?position=50&amp;pageNum=0&amp;refId=BGC7AasWG8ZDeJIfEGdaIw%3D%3D&amp;trackingId=pI3TQlZ8H4jNMvdPPX%2FG9A%3D%3D\" data-tracking-control-name=\"public_jobs_jserp-result_search-card\" data-tracking-client-ingraph data-tracking-will-navigate><\/p>\n<p>          <span class=\"sr-only\"><\/p>\n<p>        Est\u00e1gio Administrativo e Comercial \u2013 Est\u00fadio de Pilates e Fisioterapia<\/p>\n<p>          <\/span><br \/>\n        <\/a><\/p>\n<div class=\"search-entity-media\">\n<p>      <img class=\"artdeco-entity-image artdeco-entity-image--square-4\n          \" data-delayed-url=\"https:\/\/media.licdn.com\/dms\/image\/v2\/D4D0BAQHTyx9p0Ik2YQ\/company-logo_100_100\/company-logo_100_100\/0\/1733407939950?e=2147483647&amp;v=beta&amp;t=Syp_JD6jwBhlKDhs8HkRGBhzocLE3t5YVDC0GewSnWE\" data-ghost-classes=\"artdeco-entity-image--ghost\" data-ghost-url=\"https:\/\/static.licdn.com\/aero-v1\/sc\/h\/6puxblwmhnodu6fjircz4dn4h\" alt><\/p><\/div>\n<div class=\"base-search-card__info\">\n<h3 class=\"base-search-card__title\">\n<p>        Est\u00e1gio Administrativo e Comercial \u2013 Est\u00fadio de Pilates e Fisioterapia<\/p>\n<\/h3>\n<h4 class=\"base-search-card__subtitle\">\n<p>          <a class=\"hidden-nested-link\" data-tracking-client-ingraph data-tracking-control-name=\"public_jobs_jserp-result_job-search-card-subtitle\" data-tracking-will-navigate href=\"https:\/\/www.linkedin.com\/company\/seuestagio?trk=public_jobs_jserp-result_job-search-card-subtitle\"><br \/>\n            Seu Est\u00e1gio<br \/>\n          <\/a><\/p>\n<\/h4>\n<p><!----><\/p>\n<div class=\"base-search-card__metadata\">\n<p>          <span class=\"job-search-card__location\"><br \/>\n            Ribeir\u00e3o Preto, S\u00e3o Paulo, Brazil<br \/>\n          <\/span><\/p>\n<div class=\"job-posting-benefits text-sm\">\n        <icon class=\"job-posting-benefits__icon\" data-delayed-url=\"https:\/\/static.licdn.com\/aero-v1\/sc\/h\/8zmuwb93gzlb935fk4ao4z779\" data-svg-class-name=\"job-posting-benefits__icon-svg\"><\/icon><br \/>\n        <span class=\"job-posting-benefits__text\"><br \/>\n          Be an early applicant<br \/>\n<!---->        <\/span>\n      <\/div>\n<p>          <time class=\"job-search-card__listdate\" datetime=\"2025-08-07\"><\/p>\n<p>      1 month ago<\/p>\n<p>          <\/time><\/p>\n<p><!---->\n            <\/div>\n<\/p><\/div>\n<p><!---->      <\/p><\/div>\n<\/li>\n<li>\n<div class=\"base-card relative w-full hover:no-underline focus:no-underline\n        base-card--link\n         base-search-card base-search-card--link job-search-card\" data-entity-urn=\"urn:li:jobPosting:4302918913\" data-impression-id=\"jobs-search-desktop-50\" data-reference-id=\"BGC7AasWG8ZDeJIfEGdaIw==\" data-tracking-id=\"pbuxAiWGNC\/SwkYaC0jKFA==\" data-column=\"1\" data-row=\"51\"><\/p>\n<p>        <a class=\"base-card__full-link absolute top-0 right-0 bottom-0 left-0 p-0 z-[2] outline-offset-[4px]\" href=\"https:\/\/br.linkedin.com\/jobs\/view\/est%C3%A1gio-em-marketing-vgaoli907-at-alpha-est%C3%A1gio-4302918913?position=51&amp;pageNum=0&amp;refId=BGC7AasWG8ZDeJIfEGdaIw%3D%3D&amp;trackingId=pbuxAiWGNC%2FSwkYaC0jKFA%3D%3D\" data-tracking-control-name=\"public_jobs_jserp-result_search-card\" data-tracking-client-ingraph data-tracking-will-navigate><\/p>\n<p>          <span class=\"sr-only\"><\/p>\n<p>        Est\u00e1gio em Marketing Vgaoli907<\/p>\n<p>          <\/span><br \/>\n        <\/a><\/p>\n<div class=\"search-entity-media\">\n<p>      <img class=\"artdeco-entity-image artdeco-entity-image--square-4\n          \" data-delayed-url=\"https:\/\/media.licdn.com\/dms\/image\/v2\/C4D0BAQFxt3oY3Ni2lg\/company-logo_100_100\/company-logo_100_100\/0\/1642101002803\/alpha_estgio_logo?e=2147483647&amp;v=beta&amp;t=66-I5JWllCyRvhelbWtpaHMXnaAhGJYAe1VElpYTK0I\" data-ghost-classes=\"artdeco-entity-image--ghost\" data-ghost-url=\"https:\/\/static.licdn.com\/aero-v1\/sc\/h\/6puxblwmhnodu6fjircz4dn4h\" alt><\/p><\/div>\n<div class=\"base-search-card__info\">\n<h3 class=\"base-search-card__title\">\n<p>        Est\u00e1gio em Marketing Vgaoli907<\/p>\n<\/h3>\n<h4 class=\"base-search-card__subtitle\">\n<p>          <a class=\"hidden-nested-link\" data-tracking-client-ingraph data-tracking-control-name=\"public_jobs_jserp-result_job-search-card-subtitle\" data-tracking-will-navigate href=\"https:\/\/br.linkedin.com\/company\/alpha-est%C3%A1gio?trk=public_jobs_jserp-result_job-search-card-subtitle\"><br \/>\n            Alpha Est\u00e1gio<br \/>\n          <\/a><\/p>\n<\/h4>\n<p><!----><\/p>\n<div class=\"base-search-card__metadata\">\n<p>          <span class=\"job-search-card__location\"><br \/>\n            Greater Ribeir\u00e3o Preto<br \/>\n          <\/span><\/p>\n<div class=\"job-posting-benefits text-sm\">\n        <icon class=\"job-posting-benefits__icon\" data-delayed-url=\"https:\/\/static.licdn.com\/aero-v1\/sc\/h\/8zmuwb93gzlb935fk4ao4z779\" data-svg-class-name=\"job-posting-benefits__icon-svg\"><\/icon><br \/>\n        <span class=\"job-posting-benefits__text\"><br \/>\n          Be an early applicant<br \/>\n<!---->        <\/span>\n      <\/div>\n<p>          <time class=\"job-search-card__listdate\" datetime=\"2025-09-24\"><\/p>\n<p>      6 days ago<\/p>\n<p>          <\/time><\/p>\n<p><!---->\n            <\/div>\n<\/p><\/div>\n<p><!---->      <\/p><\/div>\n<\/li>\n<li>\n<div class=\"base-card relative w-full hover:no-underline focus:no-underline\n        base-card--link\n         base-search-card base-search-card--link job-search-card\" data-entity-urn=\"urn:li:jobPosting:4302938370\" data-impression-id=\"jobs-search-desktop-51\" data-reference-id=\"BGC7AasWG8ZDeJIfEGdaIw==\" data-tracking-id=\"0KykVsNVr\/kulHhjDBnTEg==\" data-column=\"1\" data-row=\"52\"><\/p>\n<p>        <a class=\"base-card__full-link absolute top-0 right-0 bottom-0 left-0 p-0 z-[2] outline-offset-[4px]\" href=\"https:\/\/br.linkedin.com\/jobs\/view\/est%C3%A1gio-administrativo-pcp-ensino-m%C3%A9dio-at-alpha-est%C3%A1gio-4302938370?position=52&amp;pageNum=0&amp;refId=BGC7AasWG8ZDeJIfEGdaIw%3D%3D&amp;trackingId=0KykVsNVr%2FkulHhjDBnTEg%3D%3D\" data-tracking-control-name=\"public_jobs_jserp-result_search-card\" data-tracking-client-ingraph data-tracking-will-navigate><\/p>\n<p>          <span class=\"sr-only\"><\/p>\n<p>        Est\u00e1gio Administrativo PCP &#8211; Ensino M\u00e9dio<\/p>\n<p>          <\/span><br \/>\n        <\/a><\/p>\n<div class=\"search-entity-media\">\n<p>      <img class=\"artdeco-entity-image artdeco-entity-image--square-4\n          \" data-delayed-url=\"https:\/\/media.licdn.com\/dms\/image\/v2\/C4D0BAQFxt3oY3Ni2lg\/company-logo_100_100\/company-logo_100_100\/0\/1642101002803\/alpha_estgio_logo?e=2147483647&amp;v=beta&amp;t=66-I5JWllCyRvhelbWtpaHMXnaAhGJYAe1VElpYTK0I\" data-ghost-classes=\"artdeco-entity-image--ghost\" data-ghost-url=\"https:\/\/static.licdn.com\/aero-v1\/sc\/h\/6puxblwmhnodu6fjircz4dn4h\" alt><\/p><\/div>\n<div class=\"base-search-card__info\">\n<h3 class=\"base-search-card__title\">\n<p>        Est\u00e1gio Administrativo PCP &#8211; Ensino M\u00e9dio<\/p>\n<\/h3>\n<h4 class=\"base-search-card__subtitle\">\n<p>          <a class=\"hidden-nested-link\" data-tracking-client-ingraph data-tracking-control-name=\"public_jobs_jserp-result_job-search-card-subtitle\" data-tracking-will-navigate href=\"https:\/\/br.linkedin.com\/company\/alpha-est%C3%A1gio?trk=public_jobs_jserp-result_job-search-card-subtitle\"><br \/>\n            Alpha Est\u00e1gio<br \/>\n          <\/a><\/p>\n<\/h4>\n<p><!----><\/p>\n<div class=\"base-search-card__metadata\">\n<p>          <span class=\"job-search-card__location\"><br \/>\n            Greater Ribeir\u00e3o Preto<br \/>\n          <\/span><\/p>\n<div class=\"job-posting-benefits text-sm\">\n        <icon class=\"job-posting-benefits__icon\" data-delayed-url=\"https:\/\/static.licdn.com\/aero-v1\/sc\/h\/8zmuwb93gzlb935fk4ao4z779\" data-svg-class-name=\"job-posting-benefits__icon-svg\"><\/icon><br \/>\n        <span class=\"job-posting-benefits__text\"><br \/>\n          Be an early applicant<br \/>\n<!---->        <\/span>\n      <\/div>\n<p>          <time class=\"job-search-card__listdate\" datetime=\"2025-09-24\"><\/p>\n<p>      6 days ago<\/p>\n<p>          <\/time><\/p>\n<p><!---->\n            <\/div>\n<\/p><\/div>\n<p><!---->      <\/p><\/div>\n<\/li>\n<li>\n<div class=\"base-card relative w-full hover:no-underline focus:no-underline\n        base-card--link\n         base-search-card base-search-card--link job-search-card\" data-entity-urn=\"urn:li:jobPosting:4304206925\" data-impression-id=\"jobs-search-desktop-52\" data-reference-id=\"BGC7AasWG8ZDeJIfEGdaIw==\" data-tracking-id=\"A+Ga8Icfzu3u8mfDC3Ik6Q==\" data-column=\"1\" data-row=\"53\"><\/p>\n<p>        <a class=\"base-card__full-link absolute top-0 right-0 bottom-0 left-0 p-0 z-[2] outline-offset-[4px]\" href=\"https:\/\/br.linkedin.com\/jobs\/view\/est%C3%A1gi%C3%A1rio-de-automa%C3%A7%C3%A3o-industrial-at-kostal-brasil-4304206925?position=53&amp;pageNum=0&amp;refId=BGC7AasWG8ZDeJIfEGdaIw%3D%3D&amp;trackingId=A%2BGa8Icfzu3u8mfDC3Ik6Q%3D%3D\" data-tracking-control-name=\"public_jobs_jserp-result_search-card\" data-tracking-client-ingraph data-tracking-will-navigate><\/p>\n<p>          <span class=\"sr-only\"><\/p>\n<p>        Est\u00e1gi\u00e1rio de Automa\u00e7\u00e3o Industrial<\/p>\n<p>          <\/span><br \/>\n        <\/a><\/p>\n<div class=\"search-entity-media\">\n<p>      <img class=\"artdeco-entity-image artdeco-entity-image--square-4\n          \" data-delayed-url=\"https:\/\/media.licdn.com\/dms\/image\/v2\/C560BAQGGp-1LCPJMrg\/company-logo_100_100\/company-logo_100_100\/0\/1631365355313?e=2147483647&amp;v=beta&amp;t=AtgIZkJVDThokVzhgr5l1T9sAy_AqocxQYfLTiKhF6A\" data-ghost-classes=\"artdeco-entity-image--ghost\" data-ghost-url=\"https:\/\/static.licdn.com\/aero-v1\/sc\/h\/6puxblwmhnodu6fjircz4dn4h\" alt><\/p><\/div>\n<div class=\"base-search-card__info\">\n<h3 class=\"base-search-card__title\">\n<p>        Est\u00e1gi\u00e1rio de Automa\u00e7\u00e3o Industrial<\/p>\n<\/h3>\n<h4 class=\"base-search-card__subtitle\">\n<p>          <a class=\"hidden-nested-link\" data-tracking-client-ingraph data-tracking-control-name=\"public_jobs_jserp-result_job-search-card-subtitle\" data-tracking-will-navigate href=\"https:\/\/br.linkedin.com\/company\/kostal-brasil?trk=public_jobs_jserp-result_job-search-card-subtitle\"><br \/>\n            KOSTAL Brasil<br \/>\n          <\/a><\/p>\n<\/h4>\n<p><!----><\/p>\n<div class=\"base-search-card__metadata\">\n<p>          <span class=\"job-search-card__location\"><br \/>\n            Cravinhos, S\u00e3o Paulo, Brazil<br \/>\n          <\/span><\/p>\n<div class=\"job-posting-benefits text-sm\">\n        <icon class=\"job-posting-benefits__icon\" data-delayed-url=\"https:\/\/static.licdn.com\/aero-v1\/sc\/h\/8zmuwb93gzlb935fk4ao4z779\" data-svg-class-name=\"job-posting-benefits__icon-svg\"><\/icon><br \/>\n        <span class=\"job-posting-benefits__text\"><br \/>\n          Be an early applicant<br \/>\n<!---->        <\/span>\n      <\/div>\n<p>          <time class=\"job-search-card__listdate\" datetime=\"2025-09-26\"><\/p>\n<p>      4 days ago<\/p>\n<p>          <\/time><\/p>\n<p><!---->\n            <\/div>\n<\/p><\/div>\n<p><!---->      <\/p><\/div>\n<\/li>\n<li>\n<div class=\"base-card relative w-full hover:no-underline focus:no-underline\n        base-card--link\n         base-search-card base-search-card--link job-search-card\" data-entity-urn=\"urn:li:jobPosting:4303264300\" data-impression-id=\"jobs-search-desktop-53\" data-reference-id=\"BGC7AasWG8ZDeJIfEGdaIw==\" data-tracking-id=\"K5RqoM5gIxrCyksI8BJSDQ==\" data-column=\"1\" data-row=\"54\"><\/p>\n<p>        <a class=\"base-card__full-link absolute top-0 right-0 bottom-0 left-0 p-0 z-[2] outline-offset-[4px]\" href=\"https:\/\/br.linkedin.com\/jobs\/view\/est%C3%A1gio-administrativo-at-healthink-4303264300?position=54&amp;pageNum=0&amp;refId=BGC7AasWG8ZDeJIfEGdaIw%3D%3D&amp;trackingId=K5RqoM5gIxrCyksI8BJSDQ%3D%3D\" data-tracking-control-name=\"public_jobs_jserp-result_search-card\" data-tracking-client-ingraph data-tracking-will-navigate><\/p>\n<p>          <span class=\"sr-only\"><\/p>\n<p>        Est\u00e1gio Administrativo<\/p>\n<p>          <\/span><br \/>\n        <\/a><\/p>\n<div class=\"search-entity-media\">\n<p>      <img class=\"artdeco-entity-image artdeco-entity-image--square-4\n          \" data-delayed-url=\"https:\/\/media.licdn.com\/dms\/image\/v2\/D4D0BAQFPAOd2AqX-Hg\/company-logo_100_100\/company-logo_100_100\/0\/1699636972097\/healthinksaude_logo?e=2147483647&amp;v=beta&amp;t=jUJsmhGuDgZ3m-lH1Di75L3-PcDDcc7IhJN3zBZGjzk\" data-ghost-classes=\"artdeco-entity-image--ghost\" data-ghost-url=\"https:\/\/static.licdn.com\/aero-v1\/sc\/h\/6puxblwmhnodu6fjircz4dn4h\" alt><\/p><\/div>\n<div class=\"base-search-card__info\">\n<h3 class=\"base-search-card__title\">\n<p>        Est\u00e1gio Administrativo<\/p>\n<\/h3>\n<h4 class=\"base-search-card__subtitle\">\n<p>          <a class=\"hidden-nested-link\" data-tracking-client-ingraph data-tracking-control-name=\"public_jobs_jserp-result_job-search-card-subtitle\" data-tracking-will-navigate href=\"https:\/\/br.linkedin.com\/company\/healthinksaude?trk=public_jobs_jserp-result_job-search-card-subtitle\"><br \/>\n            Healthink<br \/>\n          <\/a><\/p>\n<\/h4>\n<p><!----><\/p>\n<div class=\"base-search-card__metadata\">\n<p>          <span class=\"job-search-card__location\"><br \/>\n            Ribeir\u00e3o Preto, S\u00e3o Paulo, Brazil<br \/>\n          <\/span><\/p>\n<div class=\"job-posting-benefits text-sm\">\n        <icon class=\"job-posting-benefits__icon\" data-delayed-url=\"https:\/\/static.licdn.com\/aero-v1\/sc\/h\/8zmuwb93gzlb935fk4ao4z779\" data-svg-class-name=\"job-posting-benefits__icon-svg\"><\/icon><br \/>\n        <span class=\"job-posting-benefits__text\"><br \/>\n          Be an early applicant<br \/>\n<!---->        <\/span>\n      <\/div>\n<p>          <time class=\"job-search-card__listdate\" datetime=\"2025-09-20\"><\/p>\n<p>      1 week ago<\/p>\n<p>          <\/time><\/p>\n<p><!---->\n            <\/div>\n<\/p><\/div>\n<p><!---->      <\/p><\/div>\n<\/li>\n<li>\n<div class=\"base-card relative w-full hover:no-underline focus:no-underline\n        base-card--link\n         base-search-card base-search-card--link job-search-card\" data-entity-urn=\"urn:li:jobPosting:4301092868\" data-impression-id=\"jobs-search-desktop-54\" data-reference-id=\"BGC7AasWG8ZDeJIfEGdaIw==\" data-tracking-id=\"D7jo\/p4B5mKFL2Mq1ZxGGQ==\" data-column=\"1\" data-row=\"55\"><\/p>\n<p>        <a class=\"base-card__full-link absolute top-0 right-0 bottom-0 left-0 p-0 z-[2] outline-offset-[4px]\" href=\"https:\/\/br.linkedin.com\/jobs\/view\/est%C3%A1gio-em-assessoria-at-setup-capital-4301092868?position=55&amp;pageNum=0&amp;refId=BGC7AasWG8ZDeJIfEGdaIw%3D%3D&amp;trackingId=D7jo%2Fp4B5mKFL2Mq1ZxGGQ%3D%3D\" data-tracking-control-name=\"public_jobs_jserp-result_search-card\" data-tracking-client-ingraph data-tracking-will-navigate><\/p>\n<p>          <span class=\"sr-only\"><\/p>\n<p>        Est\u00e1gio em Assessoria<\/p>\n<p>          <\/span><br \/>\n        <\/a><\/p>\n<div class=\"search-entity-media\">\n<p>      <img class=\"artdeco-entity-image artdeco-entity-image--square-4\n          \" data-delayed-url=\"https:\/\/media.licdn.com\/dms\/image\/v2\/C4E0BAQE6JlAezkfa4w\/company-logo_100_100\/company-logo_100_100\/0\/1656620931159?e=2147483647&amp;v=beta&amp;t=TZE2MVKUuy_nus5pKMB3cKXnJdPBWyOg7yKQOWfpziM\" data-ghost-classes=\"artdeco-entity-image--ghost\" data-ghost-url=\"https:\/\/static.licdn.com\/aero-v1\/sc\/h\/6puxblwmhnodu6fjircz4dn4h\" alt><\/p><\/div>\n<div class=\"base-search-card__info\">\n<h3 class=\"base-search-card__title\">\n<p>        Est\u00e1gio em Assessoria<\/p>\n<\/h3>\n<h4 class=\"base-search-card__subtitle\">\n<p>          <a class=\"hidden-nested-link\" data-tracking-client-ingraph data-tracking-control-name=\"public_jobs_jserp-result_job-search-card-subtitle\" data-tracking-will-navigate href=\"https:\/\/www.linkedin.com\/company\/setup-capital?trk=public_jobs_jserp-result_job-search-card-subtitle\"><br \/>\n            SETUP Capital<br \/>\n          <\/a><\/p>\n<\/h4>\n<p><!----><\/p>\n<div class=\"base-search-card__metadata\">\n<p>          <span class=\"job-search-card__location\"><br \/>\n            Ribeir\u00e3o Preto, S\u00e3o Paulo, Brazil<br \/>\n          <\/span><\/p>\n<div class=\"job-posting-benefits text-sm\">\n        <icon class=\"job-posting-benefits__icon\" data-delayed-url=\"https:\/\/static.licdn.com\/aero-v1\/sc\/h\/8zmuwb93gzlb935fk4ao4z779\" data-svg-class-name=\"job-posting-benefits__icon-svg\"><\/icon><br \/>\n        <span class=\"job-posting-benefits__text\"><br \/>\n          Be an early applicant<br \/>\n<!---->        <\/span>\n      <\/div>\n<p>          <time class=\"job-search-card__listdate\" datetime=\"2025-09-19\"><\/p>\n<p>      1 week ago<\/p>\n<p>          <\/time><\/p>\n<p><!---->\n            <\/div>\n<\/p><\/div>\n<p><!---->      <\/p><\/div>\n<\/li>\n<li>\n<div class=\"base-card relative w-full hover:no-underline focus:no-underline\n        base-card--link\n         base-search-card base-search-card--link job-search-card\" data-entity-urn=\"urn:li:jobPosting:4062226825\" data-impression-id=\"jobs-search-desktop-55\" data-reference-id=\"BGC7AasWG8ZDeJIfEGdaIw==\" data-tracking-id=\"VON9EX9I3ByxLtg5dseYMw==\" data-column=\"1\" data-row=\"56\"><\/p>\n<p>        <a class=\"base-card__full-link absolute top-0 right-0 bottom-0 left-0 p-0 z-[2] outline-offset-[4px]\" href=\"https:\/\/br.linkedin.com\/jobs\/view\/est%C3%A1gio-administrativo-at-nova-digitalizacao-4062226825?position=56&amp;pageNum=0&amp;refId=BGC7AasWG8ZDeJIfEGdaIw%3D%3D&amp;trackingId=VON9EX9I3ByxLtg5dseYMw%3D%3D\" data-tracking-control-name=\"public_jobs_jserp-result_search-card\" data-tracking-client-ingraph data-tracking-will-navigate><\/p>\n<p>          <span class=\"sr-only\"><\/p>\n<p>        Est\u00e1gio Administrativo<\/p>\n<p>          <\/span><br \/>\n        <\/a><\/p>\n<div class=\"search-entity-media\">\n<p>      <img class=\"artdeco-entity-image artdeco-entity-image--square-4\n          \" data-delayed-url=\"https:\/\/media.licdn.com\/dms\/image\/v2\/C560BAQE0eMJ406WHqw\/company-logo_100_100\/company-logo_100_100\/0\/1649360806713\/nova_digitalizacao_logo?e=2147483647&amp;v=beta&amp;t=dyZUopZ2GYm35dkhU9KedaCiKVY3ilJm7-xGQ7vjG34\" data-ghost-classes=\"artdeco-entity-image--ghost\" data-ghost-url=\"https:\/\/static.licdn.com\/aero-v1\/sc\/h\/6puxblwmhnodu6fjircz4dn4h\" alt><\/p><\/div>\n<div class=\"base-search-card__info\">\n<h3 class=\"base-search-card__title\">\n<p>        Est\u00e1gio Administrativo<\/p>\n<\/h3>\n<h4 class=\"base-search-card__subtitle\">\n<p>          <a class=\"hidden-nested-link\" data-tracking-client-ingraph data-tracking-control-name=\"public_jobs_jserp-result_job-search-card-subtitle\" data-tracking-will-navigate href=\"https:\/\/br.linkedin.com\/company\/nova-digitalizacao?trk=public_jobs_jserp-result_job-search-card-subtitle\"><br \/>\n            Nova Digitalizacao<br \/>\n          <\/a><\/p>\n<\/h4>\n<p><!----><\/p>\n<div class=\"base-search-card__metadata\">\n<p>          <span class=\"job-search-card__location\"><br \/>\n            Ribeir\u00e3o Preto, S\u00e3o Paulo, Brazil<br \/>\n          <\/span><\/p>\n<p><!---->  <\/p>\n<p>          <time class=\"job-search-card__listdate\" datetime=\"2024-10-29\"><\/p>\n<p>      11 months ago<\/p>\n<p>          <\/time><\/p>\n<p><!---->\n            <\/div>\n<\/p><\/div>\n<p><!---->      <\/p><\/div>\n<\/li>\n<li>\n<div class=\"base-card relative w-full hover:no-underline focus:no-underline\n        base-card--link\n         base-search-card base-search-card--link job-search-card\" data-entity-urn=\"urn:li:jobPosting:4290831255\" data-impression-id=\"jobs-search-desktop-56\" data-reference-id=\"BGC7AasWG8ZDeJIfEGdaIw==\" data-tracking-id=\"r4FwZZfP9K9zVABHoRV2Ag==\" data-column=\"1\" data-row=\"57\"><\/p>\n<p>        <a class=\"base-card__full-link absolute top-0 right-0 bottom-0 left-0 p-0 z-[2] outline-offset-[4px]\" href=\"https:\/\/br.linkedin.com\/jobs\/view\/est%C3%A1gio-administrativo-at-priner-4290831255?position=57&amp;pageNum=0&amp;refId=BGC7AasWG8ZDeJIfEGdaIw%3D%3D&amp;trackingId=r4FwZZfP9K9zVABHoRV2Ag%3D%3D\" data-tracking-control-name=\"public_jobs_jserp-result_search-card\" data-tracking-client-ingraph data-tracking-will-navigate><\/p>\n<p>          <span class=\"sr-only\"><\/p>\n<p>        EST\u00c1GIO ADMINISTRATIVO<\/p>\n<p>          <\/span><br \/>\n        <\/a><\/p>\n<div class=\"search-entity-media\">\n<p>      <img class=\"artdeco-entity-image artdeco-entity-image--square-4\n          \" data-delayed-url=\"https:\/\/media.licdn.com\/dms\/image\/v2\/C4E0BAQGM78qiQnDCXA\/company-logo_100_100\/company-logo_100_100\/0\/1649946356365\/priner_servios_industriais_logo?e=2147483647&amp;v=beta&amp;t=icK_th-iI0Q0c_fz5o0a-BXEdHxqG49JKYFnYqCME50\" data-ghost-classes=\"artdeco-entity-image--ghost\" data-ghost-url=\"https:\/\/static.licdn.com\/aero-v1\/sc\/h\/6puxblwmhnodu6fjircz4dn4h\" alt><\/p><\/div>\n<div class=\"base-search-card__info\">\n<h3 class=\"base-search-card__title\">\n<p>        EST\u00c1GIO ADMINISTRATIVO<\/p>\n<\/h3>\n<h4 class=\"base-search-card__subtitle\">\n<p>          <a class=\"hidden-nested-link\" data-tracking-client-ingraph data-tracking-control-name=\"public_jobs_jserp-result_job-search-card-subtitle\" data-tracking-will-navigate href=\"https:\/\/br.linkedin.com\/company\/priner?trk=public_jobs_jserp-result_job-search-card-subtitle\"><br \/>\n            Priner<br \/>\n          <\/a><\/p>\n<\/h4>\n<p><!----><\/p>\n<div class=\"base-search-card__metadata\">\n<p>          <span class=\"job-search-card__location\"><br \/>\n            Sert\u00e3ozinho, S\u00e3o Paulo, Brazil<br \/>\n          <\/span><\/p>\n<p><!---->  <\/p>\n<p>          <time class=\"job-search-card__listdate\" datetime=\"2025-07-31\"><\/p>\n<p>      2 months ago<\/p>\n<p>          <\/time><\/p>\n<p><!---->\n            <\/div>\n<\/p><\/div>\n<p><!---->      <\/p><\/div>\n<\/li>\n<li>\n<div class=\"base-card relative w-full hover:no-underline focus:no-underline\n        base-card--link\n         base-search-card base-search-card--link job-search-card\" data-entity-urn=\"urn:li:jobPosting:4079622269\" data-impression-id=\"jobs-search-desktop-57\" data-reference-id=\"BGC7AasWG8ZDeJIfEGdaIw==\" data-tracking-id=\"rYGZ1e5PxNd9dBZPnBUknA==\" data-column=\"1\" data-row=\"58\"><\/p>\n<p>        <a class=\"base-card__full-link absolute top-0 right-0 bottom-0 left-0 p-0 z-[2] outline-offset-[4px]\" href=\"https:\/\/br.linkedin.com\/jobs\/view\/est%C3%A1gio-administrativo-at-nova-digitalizacao-4079622269?position=58&amp;pageNum=0&amp;refId=BGC7AasWG8ZDeJIfEGdaIw%3D%3D&amp;trackingId=rYGZ1e5PxNd9dBZPnBUknA%3D%3D\" data-tracking-control-name=\"public_jobs_jserp-result_search-card\" data-tracking-client-ingraph data-tracking-will-navigate><\/p>\n<p>          <span class=\"sr-only\"><\/p>\n<p>        Est\u00e1gio Administrativo<\/p>\n<p>          <\/span><br \/>\n        <\/a><\/p>\n<div class=\"search-entity-media\">\n<p>      <img class=\"artdeco-entity-image artdeco-entity-image--square-4\n          \" data-delayed-url=\"https:\/\/media.licdn.com\/dms\/image\/v2\/C560BAQE0eMJ406WHqw\/company-logo_100_100\/company-logo_100_100\/0\/1649360806713\/nova_digitalizacao_logo?e=2147483647&amp;v=beta&amp;t=dyZUopZ2GYm35dkhU9KedaCiKVY3ilJm7-xGQ7vjG34\" data-ghost-classes=\"artdeco-entity-image--ghost\" data-ghost-url=\"https:\/\/static.licdn.com\/aero-v1\/sc\/h\/6puxblwmhnodu6fjircz4dn4h\" alt><\/p><\/div>\n<div class=\"base-search-card__info\">\n<h3 class=\"base-search-card__title\">\n<p>        Est\u00e1gio Administrativo<\/p>\n<\/h3>\n<h4 class=\"base-search-card__subtitle\">\n<p>          <a class=\"hidden-nested-link\" data-tracking-client-ingraph data-tracking-control-name=\"public_jobs_jserp-result_job-search-card-subtitle\" data-tracking-will-navigate href=\"https:\/\/br.linkedin.com\/company\/nova-digitalizacao?trk=public_jobs_jserp-result_job-search-card-subtitle\"><br \/>\n            Nova Digitalizacao<br \/>\n          <\/a><\/p>\n<\/h4>\n<p><!----><\/p>\n<div class=\"base-search-card__metadata\">\n<p>          <span class=\"job-search-card__location\"><br \/>\n            Ribeir\u00e3o Preto, S\u00e3o Paulo, Brazil<br \/>\n          <\/span><\/p>\n<p><!---->  <\/p>\n<p>          <time class=\"job-search-card__listdate\" datetime=\"2024-11-21\"><\/p>\n<p>      10 months ago<\/p>\n<p>          <\/time><\/p>\n<p><!---->\n            <\/div>\n<\/p><\/div>\n<p><!---->      <\/p><\/div>\n<\/li>\n<li>\n<div class=\"base-card relative w-full hover:no-underline focus:no-underline\n        base-card--link\n         base-search-card base-search-card--link job-search-card\" data-entity-urn=\"urn:li:jobPosting:4303421021\" data-impression-id=\"jobs-search-desktop-58\" data-reference-id=\"BGC7AasWG8ZDeJIfEGdaIw==\" data-tracking-id=\"7BMdMQcyCYEfliesVjnhCw==\" data-column=\"1\" data-row=\"59\"><\/p>\n<p>        <a class=\"base-card__full-link absolute top-0 right-0 bottom-0 left-0 p-0 z-[2] outline-offset-[4px]\" href=\"https:\/\/br.linkedin.com\/jobs\/view\/est%C3%A1gio-sdr-at-vendas-de-alto-impacto-4303421021?position=59&amp;pageNum=0&amp;refId=BGC7AasWG8ZDeJIfEGdaIw%3D%3D&amp;trackingId=7BMdMQcyCYEfliesVjnhCw%3D%3D\" data-tracking-control-name=\"public_jobs_jserp-result_search-card\" data-tracking-client-ingraph data-tracking-will-navigate><\/p>\n<p>          <span class=\"sr-only\"><\/p>\n<p>        Est\u00e1gio SDR<\/p>\n<p>          <\/span><br \/>\n        <\/a><\/p>\n<div class=\"search-entity-media\">\n<p>      <img class=\"artdeco-entity-image artdeco-entity-image--square-4\n          \" data-delayed-url=\"https:\/\/media.licdn.com\/dms\/image\/v2\/D4D0BAQEVLvpMvDuXcw\/company-logo_100_100\/company-logo_100_100\/0\/1725307727130?e=2147483647&amp;v=beta&amp;t=EEyyUG_MyCXcMqQvaAcwYcEreQ-3obRR3FYGUldZNjk\" data-ghost-classes=\"artdeco-entity-image--ghost\" data-ghost-url=\"https:\/\/static.licdn.com\/aero-v1\/sc\/h\/6puxblwmhnodu6fjircz4dn4h\" alt><\/p><\/div>\n<div class=\"base-search-card__info\">\n<h3 class=\"base-search-card__title\">\n<p>        Est\u00e1gio SDR<\/p>\n<\/h3>\n<h4 class=\"base-search-card__subtitle\">\n<p>          <a class=\"hidden-nested-link\" data-tracking-client-ingraph data-tracking-control-name=\"public_jobs_jserp-result_job-search-card-subtitle\" data-tracking-will-navigate href=\"https:\/\/br.linkedin.com\/company\/vendas-de-alto-impacto?trk=public_jobs_jserp-result_job-search-card-subtitle\"><br \/>\n            Vendas de Alto Impacto<br \/>\n          <\/a><\/p>\n<\/h4>\n<p><!----><\/p>\n<div class=\"base-search-card__metadata\">\n<p>          <span class=\"job-search-card__location\"><br \/>\n            Ribeir\u00e3o Preto, S\u00e3o Paulo, Brazil<br \/>\n          <\/span><\/p>\n<div class=\"job-posting-benefits text-sm\">\n        <icon class=\"job-posting-benefits__icon\" data-delayed-url=\"https:\/\/static.licdn.com\/aero-v1\/sc\/h\/8zmuwb93gzlb935fk4ao4z779\" data-svg-class-name=\"job-posting-benefits__icon-svg\"><\/icon><br \/>\n        <span class=\"job-posting-benefits__text\"><br \/>\n          Be an early applicant<br \/>\n<!---->        <\/span>\n      <\/div>\n<p>          <time class=\"job-search-card__listdate\" datetime=\"2025-09-24\"><\/p>\n<p>      6 days ago<\/p>\n<p>          <\/time><\/p>\n<p><!---->\n            <\/div>\n<\/p><\/div>\n<p><!---->      <\/p><\/div>\n<\/li>\n<li>\n<div class=\"base-card relative w-full hover:no-underline focus:no-underline\n        base-card--link\n         base-search-card base-search-card--link job-search-card\" data-entity-urn=\"urn:li:jobPosting:4302913985\" data-impression-id=\"jobs-search-desktop-59\" data-reference-id=\"BGC7AasWG8ZDeJIfEGdaIw==\" data-tracking-id=\"5sDd+FdMK4XvpsHOBnctWg==\" data-column=\"1\" data-row=\"60\"><\/p>\n<p>        <a class=\"base-card__full-link absolute top-0 right-0 bottom-0 left-0 p-0 z-[2] outline-offset-[4px]\" href=\"https:\/\/br.linkedin.com\/jobs\/view\/est%C3%A1gio-em-administra%C3%A7%C3%A3o-ci%C3%AAncias-cont%C3%A1beis-financeiro-at-alpha-est%C3%A1gio-4302913985?position=60&amp;pageNum=0&amp;refId=BGC7AasWG8ZDeJIfEGdaIw%3D%3D&amp;trackingId=5sDd%2BFdMK4XvpsHOBnctWg%3D%3D\" data-tracking-control-name=\"public_jobs_jserp-result_search-card\" data-tracking-client-ingraph data-tracking-will-navigate><\/p>\n<p>          <span class=\"sr-only\"><\/p>\n<p>        Est\u00e1gio em Administra\u00e7\u00e3o\/Ci\u00eancias Cont\u00e1beis &#8211; Financeiro<\/p>\n<p>          <\/span><br \/>\n        <\/a><\/p>\n<div class=\"search-entity-media\">\n<p>      <img class=\"artdeco-entity-image artdeco-entity-image--square-4\n          \" data-delayed-url=\"https:\/\/media.licdn.com\/dms\/image\/v2\/C4D0BAQFxt3oY3Ni2lg\/company-logo_100_100\/company-logo_100_100\/0\/1642101002803\/alpha_estgio_logo?e=2147483647&amp;v=beta&amp;t=66-I5JWllCyRvhelbWtpaHMXnaAhGJYAe1VElpYTK0I\" data-ghost-classes=\"artdeco-entity-image--ghost\" data-ghost-url=\"https:\/\/static.licdn.com\/aero-v1\/sc\/h\/6puxblwmhnodu6fjircz4dn4h\" alt><\/p><\/div>\n<div class=\"base-search-card__info\">\n<h3 class=\"base-search-card__title\">\n<p>        Est\u00e1gio em Administra\u00e7\u00e3o\/Ci\u00eancias Cont\u00e1beis &#8211; Financeiro<\/p>\n<\/h3>\n<h4 class=\"base-search-card__subtitle\">\n<p>          <a class=\"hidden-nested-link\" data-tracking-client-ingraph data-tracking-control-name=\"public_jobs_jserp-result_job-search-card-subtitle\" data-tracking-will-navigate href=\"https:\/\/br.linkedin.com\/company\/alpha-est%C3%A1gio?trk=public_jobs_jserp-result_job-search-card-subtitle\"><br \/>\n            Alpha Est\u00e1gio<br \/>\n          <\/a><\/p>\n<\/h4>\n<p><!----><\/p>\n<div class=\"base-search-card__metadata\">\n<p>          <span class=\"job-search-card__location\"><br \/>\n            Greater Ribeir\u00e3o Preto<br \/>\n          <\/span><\/p>\n<div class=\"job-posting-benefits text-sm\">\n        <icon class=\"job-posting-benefits__icon\" data-delayed-url=\"https:\/\/static.licdn.com\/aero-v1\/sc\/h\/8zmuwb93gzlb935fk4ao4z779\" data-svg-class-name=\"job-posting-benefits__icon-svg\"><\/icon><br \/>\n        <span class=\"job-posting-benefits__text\"><br \/>\n          Be an early applicant<br \/>\n<!---->        <\/span>\n      <\/div>\n<p>          <time class=\"job-search-card__listdate\" datetime=\"2025-09-24\"><\/p>\n<p>      6 days ago<\/p>\n<p>          <\/time><\/p>\n<p><!---->\n            <\/div>\n<\/p><\/div>\n<p><!---->      <\/p><\/div>\n<\/li>\n<\/ul>\n<div class=\"loader\">\n<div class=\"loader__container mb-2 overflow-hidden\">\n        <icon class=\"loader__icon inline-block loader__icon--default text-color-progress-loading\" data-delayed-url=\"https:\/\/static.licdn.com\/aero-v1\/sc\/h\/ddi43qwelxeqjxdd45pe3fvs1\" data-svg-class-name=\"loader__icon-svg--small fill-currentColor h-[30px] min-h-[30px] w-[30px] min-w-[30px]\"><\/icon>\n      <\/div>\n<\/p><\/div>\n<p>      <button aria-label=\"See more jobs\" class=\"infinite-scroller__show-more-button\" data-tracking-control-name=\"infinite-scroller_show-more\"><\/p>\n<p>                See more jobs<\/p>\n<p>      <\/button><\/p>\n<div class=\"px-1.5 flex inline-notification hidden text-color-signal-positive see-more-jobs__viewed-all\" role=\"alert\" type=\"success\">\n      <icon class=\"inline-notification__icon w-[20px] h-[20px] shrink-0 mr-[10px] inline-block\" data-delayed-url=\"https:\/\/static.licdn.com\/aero-v1\/sc\/h\/9zhm3eh2dq7vh2muo8xnfikxh\"><\/icon><\/p>\n<p class=\"inline-notification__text text-sm leading-regular\">\n        You&#8217;ve viewed all jobs for this search<br \/>\n<!---->      <\/p>\n<\/p><\/div>\n<section class=\"similar-titles\">\n<h3 class=\"similar-titles__heading\">\n          Search similar titles<br \/>\n        <\/h3>\n<ul class=\"similar-titles__list\">\n<li class=\"similar-titles__title\">\n              <a class=\"similar-titles__link\" data-tracking-control-name=\"public_jobs_similar-title\" data-tracking-will-navigate href=\"https:\/\/www.linkedin.com\/jobs\/renapsi-jobs?trk=public_jobs_similar-title\"><br \/>\n                RENAPSI jobs<br \/>\n              <\/a>\n            <\/li>\n<li class=\"similar-titles__title\">\n              <a class=\"similar-titles__link\" data-tracking-control-name=\"public_jobs_similar-title\" data-tracking-will-navigate href=\"https:\/\/www.linkedin.com\/jobs\/cia%2E-do-rh-jobs?trk=public_jobs_similar-title\"><br \/>\n                Cia. do RH jobs<br \/>\n              <\/a>\n            <\/li>\n<li class=\"similar-titles__title\">\n              <a class=\"similar-titles__link\" data-tracking-control-name=\"public_jobs_similar-title\" data-tracking-will-navigate href=\"https:\/\/www.linkedin.com\/jobs\/itemm-instituto-t%C3%A9cnico-educacional-mirian-menchini-jobs?trk=public_jobs_similar-title\"><br \/>\n                ITEMM &#8211; Instituto T\u00e9cnico Educacional Mirian Menchini jobs<br \/>\n              <\/a>\n            <\/li>\n<\/ul>\n<\/section>\n<\/section>\n<p>        <\/main><\/p>\n<div class='code-block code-block-4' style='margin: 8px auto 8px 0; text-align: left; display: block; clear: both;'>\n\ud83d\udce2 Aviso Legal\n\nO site ismaelcolosi.com.br atua apenas como um canal de divulga\u00e7\u00e3o de oportunidades de emprego e n\u00e3o se responsabiliza pelo processo seletivo, contrata\u00e7\u00e3o ou qualquer outra etapa relacionada \u00e0s vagas publicadas. Todas as informa\u00e7\u00f5es s\u00e3o de responsabilidade dos anunciantes.\n\n\u26a0\ufe0f Aten\u00e7\u00e3o! Nunca pague por promessas de emprego nem compre cursos que garantam contrata\u00e7\u00e3o. Desconfie de qualquer cobran\u00e7a para participar de sele\u00e7\u00f5es.\n\n\n\n<\/div>\n<!-- CONTENT END 1 -->\n","protected":false},"excerpt":{"rendered":"<p>Get notified about new Jovem Aprendiz jobs in Ribeir\u00e3o Preto. Sign in to create job alert 90 Jovem Aprendiz Jobs in Ribeir\u00e3o Preto Est\u00e1gio em&#8230;<\/p>\n","protected":false},"author":1,"featured_media":87773,"comment_status":"","ping_status":"open","sticky":false,"template":"","format":"standard","meta":{"_uag_custom_page_level_css":"","advanced_seo_description":"","jetpack_seo_html_title":"","jetpack_seo_noindex":false,"jetpack_post_was_ever_published":false,"_jetpack_newsletter_access":"","_jetpack_dont_email_post_to_subs":false,"_jetpack_newsletter_tier_id":0,"_jetpack_memberships_contains_paywalled_content":false,"_jetpack_memberships_contains_paid_content":false,"footnotes":"","jetpack_publicize_message":"","jetpack_publicize_feature_enabled":true,"jetpack_social_post_already_shared":true,"jetpack_social_options":{"image_generator_settings":{"template":"highway","default_image_id":0,"font":"","enabled":false},"version":2}},"categories":[7],"tags":[414,412,411,71,413,26,143,48],"class_list":["post-87772","post","type-post","status-publish","format-standard","has-post-thumbnail","hentry","category-vagas-de-empregos-em-ribeirao-preto-regiao-brasil","tag-agora","tag-aprendiz","tag-jovem","tag-para","tag-pretosp","tag-ribeirao","tag-vagas","tag-veja"],"jetpack_publicize_connections":[],"jetpack_featured_media_url":"https:\/\/i0.wp.com\/ismaelcolosi.com.br\/wp-content\/uploads\/2025\/09\/9ed641fa6f5a21c18ae5c5e9f6944ce2.jpg?fit=500%2C350&ssl=1","uagb_featured_image_src":{"full":["https:\/\/i0.wp.com\/ismaelcolosi.com.br\/wp-content\/uploads\/2025\/09\/9ed641fa6f5a21c18ae5c5e9f6944ce2.jpg?fit=500%2C350&ssl=1",500,350,false],"thumbnail":["https:\/\/i0.wp.com\/ismaelcolosi.com.br\/wp-content\/uploads\/2025\/09\/9ed641fa6f5a21c18ae5c5e9f6944ce2.jpg?resize=150%2C150&ssl=1",150,150,true],"medium":["https:\/\/i0.wp.com\/ismaelcolosi.com.br\/wp-content\/uploads\/2025\/09\/9ed641fa6f5a21c18ae5c5e9f6944ce2.jpg?fit=300%2C210&ssl=1",300,210,true],"medium_large":["https:\/\/i0.wp.com\/ismaelcolosi.com.br\/wp-content\/uploads\/2025\/09\/9ed641fa6f5a21c18ae5c5e9f6944ce2.jpg?fit=500%2C350&ssl=1",500,350,true],"large":["https:\/\/i0.wp.com\/ismaelcolosi.com.br\/wp-content\/uploads\/2025\/09\/9ed641fa6f5a21c18ae5c5e9f6944ce2.jpg?fit=500%2C350&ssl=1",500,350,true],"1536x1536":["https:\/\/i0.wp.com\/ismaelcolosi.com.br\/wp-content\/uploads\/2025\/09\/9ed641fa6f5a21c18ae5c5e9f6944ce2.jpg?fit=500%2C350&ssl=1",500,350,true],"2048x2048":["https:\/\/i0.wp.com\/ismaelcolosi.com.br\/wp-content\/uploads\/2025\/09\/9ed641fa6f5a21c18ae5c5e9f6944ce2.jpg?fit=500%2C350&ssl=1",500,350,true],"really-simple-thumb":["https:\/\/i0.wp.com\/ismaelcolosi.com.br\/wp-content\/uploads\/2025\/09\/9ed641fa6f5a21c18ae5c5e9f6944ce2.jpg?resize=370%2C247&ssl=1",370,247,true]},"uagb_author_info":{"display_name":"ismaelcolosi.com.br","author_link":"https:\/\/ismaelcolosi.com.br\/index.php\/author\/vidareal-online\/"},"uagb_comment_info":0,"uagb_excerpt":"Get notified about new Jovem Aprendiz jobs in Ribeir\u00e3o Preto. Sign in to create job alert 90 Jovem Aprendiz Jobs in Ribeir\u00e3o Preto Est\u00e1gio em...","jetpack-related-posts":[{"id":80227,"url":"https:\/\/ismaelcolosi.com.br\/index.php\/2024\/12\/21\/50-vagas-para-jovem-aprendiz-em-ribeirao-preto-sp-veja-agora-34\/","url_meta":{"origin":87772,"position":0},"title":"50 vagas para Jovem Aprendiz em Ribeir\u00e3o Preto-SP, veja agora","author":"ismaelcolosi.com.br","date":"21 de December de 2024","format":false,"excerpt":"Get notified about new Jovem Aprendiz jobs in Ribeir\u00e3o Preto. Sign in to create job alert 21 Jovem Aprendiz Jobs in Ribeir\u00e3o Preto Aprendiz - SP Aprendiz - SP Unimed Ribeir\u00e3o Preto Greater Ribeir\u00e3o Preto Be an early applicant 20 hours ago Aprendiz Aprendiz Handle Ribeir\u00e3o Preto, S\u00e3o Paulo, Brazil\u2026","rel":"","context":"In &quot;Vagas de Emprego em Ribeir\u00e3o Preto-SP&quot;","block_context":{"text":"Vagas de Emprego em Ribeir\u00e3o Preto-SP","link":"https:\/\/ismaelcolosi.com.br\/index.php\/category\/empregos-classificados-vagas-trabalho\/vagas-de-empregos-em-ribeirao-preto-regiao-brasil\/"},"img":{"alt_text":"","src":"https:\/\/i0.wp.com\/ismaelcolosi.com.br\/wp-content\/uploads\/2024\/12\/9ed641fa6f5a21c18ae5c5e9f6944ce2.jpg?fit=500%2C350&ssl=1&resize=350%2C200","width":350,"height":200},"classes":[]},{"id":88528,"url":"https:\/\/ismaelcolosi.com.br\/index.php\/2025\/12\/14\/50-vagas-para-jovem-aprendiz-em-ribeirao-preto-sp-veja-agora-50\/","url_meta":{"origin":87772,"position":1},"title":"50 vagas para Jovem Aprendiz em Ribeir\u00e3o Preto-SP, veja agora","author":"ismaelcolosi.com.br","date":"14 de December de 2025","format":false,"excerpt":"Get notified about new Jovem Aprendiz jobs in Ribeir\u00e3o Preto. Sign in to create job alert 82 Jovem Aprendiz Jobs in Ribeir\u00e3o Preto Jovem Aprendiz | Cin\u00e9polis Iguatemi Ribeir\u00e3o Preto Jovem Aprendiz | Cin\u00e9polis Iguatemi Ribeir\u00e3o Preto Cin\u00e9polis Brasil Ribeir\u00e3o Preto, S\u00e3o Paulo, Brazil 1 month ago Aprendiz (UNIDADE) Aprendiz\u2026","rel":"","context":"In &quot;Vagas de Emprego em Ribeir\u00e3o Preto-SP&quot;","block_context":{"text":"Vagas de Emprego em Ribeir\u00e3o Preto-SP","link":"https:\/\/ismaelcolosi.com.br\/index.php\/category\/empregos-classificados-vagas-trabalho\/vagas-de-empregos-em-ribeirao-preto-regiao-brasil\/"},"img":{"alt_text":"","src":"https:\/\/i0.wp.com\/ismaelcolosi.com.br\/wp-content\/uploads\/2025\/12\/9ed641fa6f5a21c18ae5c5e9f6944ce2.jpg?fit=500%2C350&ssl=1&resize=350%2C200","width":350,"height":200},"classes":[]},{"id":88786,"url":"https:\/\/ismaelcolosi.com.br\/index.php\/2026\/01\/08\/50-vagas-para-jovem-aprendiz-em-ribeirao-preto-sp-veja-agora-51\/","url_meta":{"origin":87772,"position":2},"title":"50 vagas para Jovem Aprendiz em Ribeir\u00e3o Preto-SP, veja agora","author":"ismaelcolosi.com.br","date":"8 de January de 2026","format":false,"excerpt":"Get notified about new Jovem Aprendiz jobs in Ribeir\u00e3o Preto. Sign in to create job alert 72 Jovem Aprendiz Jobs in Ribeir\u00e3o Preto Jovem Aprendiz Jovem Aprendiz Santa Em\u00edlia Caminh\u00f5es e \u00d4nibus Greater Ribeir\u00e3o Preto Be an early applicant 2 days ago Estagi\u00e1rio Veronica Andrade neuroarquitetura e interiores Ribeir\u00e3o Preto,\u2026","rel":"","context":"In &quot;Vagas de Emprego em Ribeir\u00e3o Preto-SP&quot;","block_context":{"text":"Vagas de Emprego em Ribeir\u00e3o Preto-SP","link":"https:\/\/ismaelcolosi.com.br\/index.php\/category\/empregos-classificados-vagas-trabalho\/vagas-de-empregos-em-ribeirao-preto-regiao-brasil\/"},"img":{"alt_text":"","src":"https:\/\/i0.wp.com\/ismaelcolosi.com.br\/wp-content\/uploads\/2026\/01\/9ed641fa6f5a21c18ae5c5e9f6944ce2.jpg?fit=500%2C350&ssl=1&resize=350%2C200","width":350,"height":200},"classes":[]},{"id":24602,"url":"https:\/\/ismaelcolosi.com.br\/index.php\/2024\/01\/04\/50-vagas-para-jovem-aprendiz-em-ribeirao-preto-sp-veja-agora-16\/","url_meta":{"origin":87772,"position":3},"title":"50 vagas para Jovem Aprendiz em Ribeir\u00e3o Preto-SP, veja agora","author":"ismaelcolosi.com.br","date":"4 de January de 2024","format":false,"excerpt":"Get notified about new Jovem Aprendiz jobs in Ribeir\u00e3o Preto, S\u00e3o Paulo, Brazil. Sign in to create job alert 228 Jovem Aprendiz Jobs in Ribeir\u00e3o Preto, S\u00e3o Paulo, Brazil (6\u00a0new) Aprendiz Aprendiz Grupo Passalacqua Ribeir\u00e3o Preto, S\u00e3o Paulo, Brazil Be an early applicant 1 day ago Jovem Aprendiz Jovem Aprendiz\u2026","rel":"","context":"In &quot;Vagas de Emprego em Ribeir\u00e3o Preto-SP&quot;","block_context":{"text":"Vagas de Emprego em Ribeir\u00e3o Preto-SP","link":"https:\/\/ismaelcolosi.com.br\/index.php\/category\/empregos-classificados-vagas-trabalho\/vagas-de-empregos-em-ribeirao-preto-regiao-brasil\/"},"img":{"alt_text":"","src":"https:\/\/i0.wp.com\/ismaelcolosi.com.br\/wp-content\/uploads\/2024\/01\/1704402141_9ed641fa6f5a21c18ae5c5e9f6944ce2.jpg?fit=500%2C350&ssl=1&resize=350%2C200","width":350,"height":200},"classes":[]},{"id":9674,"url":"https:\/\/ismaelcolosi.com.br\/index.php\/2023\/12\/02\/50-vagas-para-jovem-aprendiz-em-ribeirao-preto-sp-veja-agora-6\/","url_meta":{"origin":87772,"position":4},"title":"50 vagas para Jovem Aprendiz em Ribeir\u00e3o Preto-SP, veja agora","author":"ismaelcolosi.com.br","date":"2 de December de 2023","format":false,"excerpt":"Get notified about new Jovem Aprendiz jobs in Ribeir\u00e3o Preto, S\u00e3o Paulo, Brazil. Sign in to create job alert 242 Jovem Aprendiz Jobs in Ribeir\u00e3o Preto, S\u00e3o Paulo, Brazil (10\u00a0new) Aprendiz Aprendiz Resolv Ribeir\u00e3o Preto, S\u00e3o Paulo, Brazil Actively Hiring 2 months ago Aprendiz Loja Oper - 125 H Aprendiz\u2026","rel":"","context":"In &quot;Vagas de Emprego em Ribeir\u00e3o Preto-SP&quot;","block_context":{"text":"Vagas de Emprego em Ribeir\u00e3o Preto-SP","link":"https:\/\/ismaelcolosi.com.br\/index.php\/category\/empregos-classificados-vagas-trabalho\/vagas-de-empregos-em-ribeirao-preto-regiao-brasil\/"},"img":{"alt_text":"","src":"https:\/\/i0.wp.com\/ismaelcolosi.com.br\/wp-content\/uploads\/2023\/12\/eddd344102207150476e63cfa19d06d97410ddf0.png?fit=600%2C315&ssl=1&resize=350%2C200","width":350,"height":200,"srcset":"https:\/\/i0.wp.com\/ismaelcolosi.com.br\/wp-content\/uploads\/2023\/12\/eddd344102207150476e63cfa19d06d97410ddf0.png?fit=600%2C315&ssl=1&resize=350%2C200 1x, https:\/\/i0.wp.com\/ismaelcolosi.com.br\/wp-content\/uploads\/2023\/12\/eddd344102207150476e63cfa19d06d97410ddf0.png?fit=600%2C315&ssl=1&resize=525%2C300 1.5x"},"classes":[]},{"id":85112,"url":"https:\/\/ismaelcolosi.com.br\/index.php\/2025\/05\/03\/50-vagas-para-jovem-aprendiz-em-ribeirao-preto-sp-veja-agora-41\/","url_meta":{"origin":87772,"position":5},"title":"50 vagas para Jovem Aprendiz em Ribeir\u00e3o Preto-SP, veja agora","author":"ismaelcolosi.com.br","date":"3 de May de 2025","format":false,"excerpt":"Get notified about new Jovem Aprendiz jobs in Ribeir\u00e3o Preto. Sign in to create job alert 88 Jovem Aprendiz Jobs in Ribeir\u00e3o Preto Maior Aprendiz Maior Aprendiz Banco Bradesco Ribeir\u00e3o Preto, S\u00e3o Paulo, Brazil Actively Hiring 1 week ago BANCO DE TALENTOS | JOVEM APRENDIZ E EST\u00c1GIO | WELDING, GRUPO\u2026","rel":"","context":"In &quot;Vagas de Emprego em Ribeir\u00e3o Preto-SP&quot;","block_context":{"text":"Vagas de Emprego em Ribeir\u00e3o Preto-SP","link":"https:\/\/ismaelcolosi.com.br\/index.php\/category\/empregos-classificados-vagas-trabalho\/vagas-de-empregos-em-ribeirao-preto-regiao-brasil\/"},"img":{"alt_text":"","src":"https:\/\/i0.wp.com\/ismaelcolosi.com.br\/wp-content\/uploads\/2025\/05\/eddd344102207150476e63cfa19d06d97410ddf0.png?fit=600%2C315&ssl=1&resize=350%2C200","width":350,"height":200,"srcset":"https:\/\/i0.wp.com\/ismaelcolosi.com.br\/wp-content\/uploads\/2025\/05\/eddd344102207150476e63cfa19d06d97410ddf0.png?fit=600%2C315&ssl=1&resize=350%2C200 1x, https:\/\/i0.wp.com\/ismaelcolosi.com.br\/wp-content\/uploads\/2025\/05\/eddd344102207150476e63cfa19d06d97410ddf0.png?fit=600%2C315&ssl=1&resize=525%2C300 1.5x"},"classes":[]}],"jetpack_sharing_enabled":true,"jetpack_shortlink":"https:\/\/wp.me\/pfMlyK-mPG","_links":{"self":[{"href":"https:\/\/ismaelcolosi.com.br\/index.php\/wp-json\/wp\/v2\/posts\/87772","targetHints":{"allow":["GET"]}}],"collection":[{"href":"https:\/\/ismaelcolosi.com.br\/index.php\/wp-json\/wp\/v2\/posts"}],"about":[{"href":"https:\/\/ismaelcolosi.com.br\/index.php\/wp-json\/wp\/v2\/types\/post"}],"author":[{"embeddable":true,"href":"https:\/\/ismaelcolosi.com.br\/index.php\/wp-json\/wp\/v2\/users\/1"}],"replies":[{"embeddable":true,"href":"https:\/\/ismaelcolosi.com.br\/index.php\/wp-json\/wp\/v2\/comments?post=87772"}],"version-history":[{"count":0,"href":"https:\/\/ismaelcolosi.com.br\/index.php\/wp-json\/wp\/v2\/posts\/87772\/revisions"}],"wp:featuredmedia":[{"embeddable":true,"href":"https:\/\/ismaelcolosi.com.br\/index.php\/wp-json\/wp\/v2\/media\/87773"}],"wp:attachment":[{"href":"https:\/\/ismaelcolosi.com.br\/index.php\/wp-json\/wp\/v2\/media?parent=87772"}],"wp:term":[{"taxonomy":"category","embeddable":true,"href":"https:\/\/ismaelcolosi.com.br\/index.php\/wp-json\/wp\/v2\/categories?post=87772"},{"taxonomy":"post_tag","embeddable":true,"href":"https:\/\/ismaelcolosi.com.br\/index.php\/wp-json\/wp\/v2\/tags?post=87772"}],"curies":[{"name":"wp","href":"https:\/\/api.w.org\/{rel}","templated":true}]}}