{"id":8734,"date":"2023-11-30T18:20:38","date_gmt":"2023-11-30T21:20:38","guid":{"rendered":"https:\/\/ismaelcolosi.com.br\/index.php\/2023\/11\/30\/consumo-dos-brasileiros-medido-pela-abras-registrou-alta-de-289-em-outubro\/"},"modified":"2023-11-30T18:20:38","modified_gmt":"2023-11-30T21:20:38","slug":"consumo-dos-brasileiros-medido-pela-abras-registrou-alta-de-289-em-outubro","status":"publish","type":"post","link":"https:\/\/ismaelcolosi.com.br\/index.php\/2023\/11\/30\/consumo-dos-brasileiros-medido-pela-abras-registrou-alta-de-289-em-outubro\/","title":{"rendered":"Consumo dos brasileiros medido pela Abras, registrou alta de 2,89% em outubro"},"content":{"rendered":"<p> <br \/>\n<\/p>\n<div>\n<p>O consumo nos lares brasileiros, medido pela Associa\u00e7\u00e3o Brasileira de Supermercados (Abras), registrou alta de 2,89% em outubro, na compara\u00e7\u00e3o com o m\u00eas anterior. Na compara\u00e7\u00e3o com outubro do ano passado, a alta \u00e9 de 0,61%. No acumulado do ano, a alta \u00e9 de 2,64%. O resultado contempla os formatos de loja atacarejo, supermercado convencional, loja de vizinhan\u00e7a, hipermercado, minimercado e\u00a0<em>e-commerc<\/em>e. Todos os indicadores s\u00e3o deflacionados pelo \u00cdndice Nacional de Pre\u00e7os ao Consumidor Amplo (IPCA), medido pelo Instituto Brasileiro de Geografia e Estat\u00edstica (IBGE).<noscript><img data-recalc-dims=\"1\" decoding=\"async\" src=\"https:\/\/i0.wp.com\/agenciabrasil.ebc.com.br\/ebc.png?ssl=1\"\/><\/noscript><img data-recalc-dims=\"1\" decoding=\"async\" src=\"https:\/\/i0.wp.com\/agenciabrasil.ebc.com.br\/ebc.gif?ssl=1\" class=\"lazyload\"\/><noscript><img data-recalc-dims=\"1\" decoding=\"async\" src=\"https:\/\/i0.wp.com\/agenciabrasil.ebc.com.br\/ebc.gif?ssl=1\"\/><\/noscript><\/p>\n<p>Segundo o vice-presidente da Abras, Marcio Milan, a alta pode ser atribu\u00edda \u00e0 inaugura\u00e7\u00e3o de novas lojas e promo\u00e7\u00f5es. \u201cAs atividades promocionais tradicionalmente se intensificam no segundo semestre, combinados com renda mais est\u00e1vel e a menor varia\u00e7\u00e3o nos pre\u00e7os da cesta de abastecimento dos lares\u201d, analisou Milan. De janeiro a novembro, entraram em opera\u00e7\u00e3o 573 lojas, das quais 306 s\u00e3o novas e 267 reinauguradas. Os principais formatos de lojas s\u00e3o os supermercados (185) e os atacarejos (121).<\/p><div class='code-block code-block-8' style='margin: 8px auto; text-align: center; display: block; clear: both;'>\n<script>\n  atOptions = {\n    'key' : '66e2e2111ca34da796271819fc334058',\n    'format' : 'iframe',\n    'height' : 250,\n    'width' : 300,\n    'params' : {}\n  };\n<\/script>\n<script src=\"https:\/\/www.highperformanceformat.com\/66e2e2111ca34da796271819fc334058\/invoke.js\"><\/script>\n<\/div>\n\n<p>Segundo a Abras, apesar da alta registrada no m\u00eas, as quedas nos pre\u00e7os foram expressivas de janeiro a outubro (-6,43%) e nos \u00faltimos 12 meses (-5,08%), influenciadas principalmente pelos pre\u00e7os do \u00f3leo de soja (-30,94%), do feij\u00e3o (-23,12%), dos cortes bovinos do dianteiro (-12,61%) e do traseiro (-12,44%), do frango congelado (-9,55%), do leite longa vida (-6,10%). Os pre\u00e7os dessa cesta ca\u00edram de R$ 754,98 em janeiro para R$ 705,93 em outubro, varia\u00e7\u00e3o de -6,43% equivalente a cerca de R$ 50.<\/p>\n<p>De acordo com os dados da Abras, o valor da cesta de 35 produtos de largo consumo (alimentos, bebidas, carnes, produtos de limpeza, itens de higiene e beleza) teve alta de 0,10% em outubro na compara\u00e7\u00e3o com setembro.<\/p>\n<p>Segundo o levantamento, as principais altas do m\u00eas foram batata (11,23%), cebola (8,46%), arroz (2,99%), carne bovina \u2013 corte traseiro (1,94%), a\u00e7\u00facar refinado (1,88%), tomate (0,97%), extrato de tomate (0,83%), pernil (0,57%).<\/p>\n<p>A maior retra\u00e7\u00e3o em outubro foi registrada na cesta de l\u00e1cteos com leite longa vida (-5,48%), queijos mu\u00e7arela e prato (-1,14%), leite em p\u00f3\u00a0(-0,87%), margarina cremosa (-0,60%).<\/p>\n<p>Na cesta de produtos b\u00e1sicos, as principais quedas vieram do feij\u00e3o (-4,67%), do \u00f3leo de soja (-1,77%), do caf\u00e9 torrado e mo\u00eddo (-1,23%), da farinha de mandioca (-0,65%), da farinha de trigo (-0,56%).<\/p>\n<p>Entre as prote\u00ednas que mantiveram a tend\u00eancia de queda nos pre\u00e7os est\u00e3o ovos (-2,85%), carne bovina \u2013 corte do dianteiro (-0,30%). As altas foram registradas na carne bovina \u2013 corte do traseiro (1,94%), pernil (0,57%), frango congelado (0,54%).<\/p>\n<p>Na cesta de higiene e beleza, as principais quedas foram registradas no sabonete (-0,78%), xampu (-0,08%) e as altas no papel higi\u00eanico (+0,99%) e no creme dental (+0,22%). Em limpeza, houve recuo em sab\u00e3o em p\u00f3 (-1,03%), detergente l\u00edquido para lou\u00e7as (-0,42%), \u00e1gua sanit\u00e1ria (-0,04%).<\/p>\n<\/div>\n<p><br \/>\n<br \/><a href=\"https:\/\/www.tribunaribeirao.com.br\/site\/consumo-dos-brasileiros-medido-pela-abras-registrou-alta-de-289-em-outubro\/\">Source link <\/a><\/p>\n<div class='code-block code-block-4' style='margin: 8px auto 8px 0; text-align: left; display: block; clear: both;'>\n\ud83d\udce2 Aviso Legal\n\nO site ismaelcolosi.com.br atua apenas como um canal de divulga\u00e7\u00e3o de oportunidades de emprego e n\u00e3o se responsabiliza pelo processo seletivo, contrata\u00e7\u00e3o ou qualquer outra etapa relacionada \u00e0s vagas publicadas. Todas as informa\u00e7\u00f5es s\u00e3o de responsabilidade dos anunciantes.\n\n\u26a0\ufe0f Aten\u00e7\u00e3o! Nunca pague por promessas de emprego nem compre cursos que garantam contrata\u00e7\u00e3o. Desconfie de qualquer cobran\u00e7a para participar de sele\u00e7\u00f5es.\n\n\n\n<\/div>\n<!-- CONTENT END 1 -->\n","protected":false},"excerpt":{"rendered":"<p>O consumo nos lares brasileiros, medido pela Associa\u00e7\u00e3o Brasileira de Supermercados (Abras), registrou alta de 2,89% em outubro, na compara\u00e7\u00e3o com o m\u00eas anterior. Na&#8230;<\/p>\n","protected":false},"author":1,"featured_media":8735,"comment_status":"open","ping_status":"open","sticky":false,"template":"","format":"standard","meta":{"_uag_custom_page_level_css":"","advanced_seo_description":"","jetpack_seo_html_title":"","jetpack_seo_noindex":false,"jetpack_post_was_ever_published":false,"_jetpack_newsletter_access":"","_jetpack_dont_email_post_to_subs":false,"_jetpack_newsletter_tier_id":0,"_jetpack_memberships_contains_paywalled_content":false,"_jetpack_memberships_contains_paid_content":false,"footnotes":"","jetpack_publicize_message":"","jetpack_publicize_feature_enabled":true,"jetpack_social_post_already_shared":true,"jetpack_social_options":{"image_generator_settings":{"template":"highway","default_image_id":0,"font":"","enabled":false},"version":2}},"categories":[11],"tags":[1163,898,200,31,470,1162,187,188,1164],"class_list":["post-8734","post","type-post","status-publish","format-standard","has-post-thumbnail","hentry","category-noticias-de-ribeirao-preto-sp-e-regiao-ismael-colosi","tag-abras","tag-alta","tag-brasileiros","tag-consumo","tag-dos","tag-medido","tag-outubro","tag-pela","tag-registrou"],"jetpack_publicize_connections":[],"jetpack_featured_media_url":"https:\/\/i0.wp.com\/ismaelcolosi.com.br\/wp-content\/uploads\/2023\/11\/consumo-scaled.jpg?fit=1000%2C598&ssl=1","uagb_featured_image_src":{"full":["https:\/\/i0.wp.com\/ismaelcolosi.com.br\/wp-content\/uploads\/2023\/11\/consumo-scaled.jpg?fit=1000%2C598&ssl=1",1000,598,false],"thumbnail":["https:\/\/i0.wp.com\/ismaelcolosi.com.br\/wp-content\/uploads\/2023\/11\/consumo-scaled.jpg?resize=150%2C150&ssl=1",150,150,true],"medium":["https:\/\/i0.wp.com\/ismaelcolosi.com.br\/wp-content\/uploads\/2023\/11\/consumo-scaled.jpg?fit=300%2C179&ssl=1",300,179,true],"medium_large":["https:\/\/i0.wp.com\/ismaelcolosi.com.br\/wp-content\/uploads\/2023\/11\/consumo-scaled.jpg?fit=768%2C459&ssl=1",768,459,true],"large":["https:\/\/i0.wp.com\/ismaelcolosi.com.br\/wp-content\/uploads\/2023\/11\/consumo-scaled.jpg?fit=1000%2C598&ssl=1",1000,598,true],"1536x1536":["https:\/\/i0.wp.com\/ismaelcolosi.com.br\/wp-content\/uploads\/2023\/11\/consumo-scaled.jpg?fit=1000%2C598&ssl=1",1000,598,true],"2048x2048":["https:\/\/i0.wp.com\/ismaelcolosi.com.br\/wp-content\/uploads\/2023\/11\/consumo-scaled.jpg?fit=1000%2C598&ssl=1",1000,598,true],"really-simple-thumb":["https:\/\/i0.wp.com\/ismaelcolosi.com.br\/wp-content\/uploads\/2023\/11\/consumo-scaled.jpg?resize=370%2C247&ssl=1",370,247,true]},"uagb_author_info":{"display_name":"ismaelcolosi.com.br","author_link":"https:\/\/ismaelcolosi.com.br\/index.php\/author\/vidareal-online\/"},"uagb_comment_info":0,"uagb_excerpt":"O consumo nos lares brasileiros, medido pela Associa\u00e7\u00e3o Brasileira de Supermercados (Abras), registrou alta de 2,89% em outubro, na compara\u00e7\u00e3o com o m\u00eas anterior. Na...","jetpack-related-posts":[{"id":40218,"url":"https:\/\/ismaelcolosi.com.br\/index.php\/2024\/03\/01\/consumo-na-pascoa-deve-crescer-entre-13-a-15\/","url_meta":{"origin":8734,"position":0},"title":"Consumo na P\u00e1scoa deve crescer entre 13% a 15% \u00a0","author":"ismaelcolosi.com.br","date":"1 de March de 2024","format":false,"excerpt":"1 de mar\u00e7o de 2024 | 16:001 de mar\u00e7o de 2024 | 16:09 0O bom desempenho do consumo de itens t\u00edpicos de P\u00e1scoa registrado no ano passado deve se repetir neste ano, de acordo com 85% dos supermercadistas que participaram do estudo feito pela Associa\u00e7\u00e3o Brasileira de Supermercados (Abras), em\u2026","rel":"","context":"In &quot;Not\u00edcias de Ribeir\u00e3o Preto-SP e Regi\u00e3o&quot;","block_context":{"text":"Not\u00edcias de Ribeir\u00e3o Preto-SP e Regi\u00e3o","link":"https:\/\/ismaelcolosi.com.br\/index.php\/category\/noticias-de-ribeirao-preto-sp-e-regiao-ismael-colosi\/"},"img":{"alt_text":"","src":"https:\/\/i0.wp.com\/ismaelcolosi.com.br\/wp-content\/uploads\/2024\/03\/Abras-Box-Agencia-Brasil-scaled.jpg?fit=1000%2C598&ssl=1&resize=350%2C200","width":350,"height":200,"srcset":"https:\/\/i0.wp.com\/ismaelcolosi.com.br\/wp-content\/uploads\/2024\/03\/Abras-Box-Agencia-Brasil-scaled.jpg?fit=1000%2C598&ssl=1&resize=350%2C200 1x, https:\/\/i0.wp.com\/ismaelcolosi.com.br\/wp-content\/uploads\/2024\/03\/Abras-Box-Agencia-Brasil-scaled.jpg?fit=1000%2C598&ssl=1&resize=525%2C300 1.5x, https:\/\/i0.wp.com\/ismaelcolosi.com.br\/wp-content\/uploads\/2024\/03\/Abras-Box-Agencia-Brasil-scaled.jpg?fit=1000%2C598&ssl=1&resize=700%2C400 2x"},"classes":[]},{"id":73166,"url":"https:\/\/ismaelcolosi.com.br\/index.php\/2024\/10\/25\/inflacao-atinge-054-em-outubro-e-pressiona-orcamento-das-familias-brasileiras\/","url_meta":{"origin":8734,"position":1},"title":"Infla\u00e7\u00e3o Atinge 0,54% em Outubro e Pressiona Or\u00e7amento das Fam\u00edlias Brasileiras","author":"ismaelcolosi.com.br","date":"25 de October de 2024","format":false,"excerpt":"O \u00edndice de infla\u00e7\u00e3o, medido pelo IPCA-15, registrou uma varia\u00e7\u00e3o de 0,54% em outubro, conforme divulgado pelo Instituto Brasileiro de Geografia e Estat\u00edstica (IBGE). Este aumento \u00e9 considerado significativo e traz impactos diretos no or\u00e7amento das fam\u00edlias brasileiras, que t\u00eam sentido o peso da alta nos pre\u00e7os de itens essenciais,\u2026","rel":"","context":"In &quot;Not\u00edcias de Ribeir\u00e3o Preto-SP e Regi\u00e3o&quot;","block_context":{"text":"Not\u00edcias de Ribeir\u00e3o Preto-SP e Regi\u00e3o","link":"https:\/\/ismaelcolosi.com.br\/index.php\/category\/noticias-de-ribeirao-preto-sp-e-regiao-ismael-colosi\/"},"img":{"alt_text":"","src":"https:\/\/i0.wp.com\/ismaelcolosi.com.br\/wp-content\/uploads\/2024\/10\/supermercado_economia_20220729_0889.webp.webp?fit=1170%2C700&ssl=1&resize=350%2C200","width":350,"height":200,"srcset":"https:\/\/i0.wp.com\/ismaelcolosi.com.br\/wp-content\/uploads\/2024\/10\/supermercado_economia_20220729_0889.webp.webp?fit=1170%2C700&ssl=1&resize=350%2C200 1x, https:\/\/i0.wp.com\/ismaelcolosi.com.br\/wp-content\/uploads\/2024\/10\/supermercado_economia_20220729_0889.webp.webp?fit=1170%2C700&ssl=1&resize=525%2C300 1.5x, https:\/\/i0.wp.com\/ismaelcolosi.com.br\/wp-content\/uploads\/2024\/10\/supermercado_economia_20220729_0889.webp.webp?fit=1170%2C700&ssl=1&resize=700%2C400 2x, https:\/\/i0.wp.com\/ismaelcolosi.com.br\/wp-content\/uploads\/2024\/10\/supermercado_economia_20220729_0889.webp.webp?fit=1170%2C700&ssl=1&resize=1050%2C600 3x"},"classes":[]},{"id":32399,"url":"https:\/\/ismaelcolosi.com.br\/index.php\/2024\/01\/25\/vendas-de-supermercados-tem-alta-de-3-em-2023\/","url_meta":{"origin":8734,"position":2},"title":"Vendas de supermercados t\u00eam alta de 3% em 2023","author":"ismaelcolosi.com.br","date":"25 de January de 2024","format":false,"excerpt":"24 de janeiro de 2024 | 16:46 0As vendas dos supermercados registraram crescimento de 3,09% em 2023 na compara\u00e7\u00e3o com o ano anterior, segundo levantamento Associa\u00e7\u00e3o Brasileira de Supermercados (Abras) divulgado nesta quarta-feira (24). Em dezembro do ano passado, o setor teve alta de 10,73% em compara\u00e7\u00e3o com o mesmo\u2026","rel":"","context":"In &quot;Not\u00edcias de Ribeir\u00e3o Preto-SP e Regi\u00e3o&quot;","block_context":{"text":"Not\u00edcias de Ribeir\u00e3o Preto-SP e Regi\u00e3o","link":"https:\/\/ismaelcolosi.com.br\/index.php\/category\/noticias-de-ribeirao-preto-sp-e-regiao-ismael-colosi\/"},"img":{"alt_text":"","src":"https:\/\/i0.wp.com\/ismaelcolosi.com.br\/wp-content\/uploads\/2024\/01\/72d3c957-50e3-4d17-94d8-55387f212d7f-scaled.jpg?fit=1000%2C598&ssl=1&resize=350%2C200","width":350,"height":200,"srcset":"https:\/\/i0.wp.com\/ismaelcolosi.com.br\/wp-content\/uploads\/2024\/01\/72d3c957-50e3-4d17-94d8-55387f212d7f-scaled.jpg?fit=1000%2C598&ssl=1&resize=350%2C200 1x, https:\/\/i0.wp.com\/ismaelcolosi.com.br\/wp-content\/uploads\/2024\/01\/72d3c957-50e3-4d17-94d8-55387f212d7f-scaled.jpg?fit=1000%2C598&ssl=1&resize=525%2C300 1.5x, https:\/\/i0.wp.com\/ismaelcolosi.com.br\/wp-content\/uploads\/2024\/01\/72d3c957-50e3-4d17-94d8-55387f212d7f-scaled.jpg?fit=1000%2C598&ssl=1&resize=700%2C400 2x"},"classes":[]},{"id":32650,"url":"https:\/\/ismaelcolosi.com.br\/index.php\/2024\/01\/25\/abrasmercado-tem-deflacao-de-422\/","url_meta":{"origin":8734,"position":3},"title":"Abrasmercado tem defla\u00e7\u00e3o de 4,22% \u00a0","author":"ismaelcolosi.com.br","date":"25 de January de 2024","format":false,"excerpt":"A Abrasmercado \u2013 indicador que mede a varia\u00e7\u00e3o de pre\u00e7os nos supermercados \u2013, cesta composta por 35 produtos de largo consumo, dentre eles alimentos, bebidas, carnes, produtos de limpeza, itens de higiene e beleza, fechou o ano passado com defla\u00e7\u00e3o de 4,22% em doze meses, maior queda anual registrada desde\u2026","rel":"","context":"In &quot;Not\u00edcias de Ribeir\u00e3o Preto-SP e Regi\u00e3o&quot;","block_context":{"text":"Not\u00edcias de Ribeir\u00e3o Preto-SP e Regi\u00e3o","link":"https:\/\/ismaelcolosi.com.br\/index.php\/category\/noticias-de-ribeirao-preto-sp-e-regiao-ismael-colosi\/"},"img":{"alt_text":"","src":"https:\/\/i0.wp.com\/ismaelcolosi.com.br\/wp-content\/uploads\/2024\/01\/Abras-Acu-Alfredo-Risk-scaled.jpg?fit=860%2C645&ssl=1&resize=350%2C200","width":350,"height":200,"srcset":"https:\/\/i0.wp.com\/ismaelcolosi.com.br\/wp-content\/uploads\/2024\/01\/Abras-Acu-Alfredo-Risk-scaled.jpg?fit=860%2C645&ssl=1&resize=350%2C200 1x, https:\/\/i0.wp.com\/ismaelcolosi.com.br\/wp-content\/uploads\/2024\/01\/Abras-Acu-Alfredo-Risk-scaled.jpg?fit=860%2C645&ssl=1&resize=525%2C300 1.5x, https:\/\/i0.wp.com\/ismaelcolosi.com.br\/wp-content\/uploads\/2024\/01\/Abras-Acu-Alfredo-Risk-scaled.jpg?fit=860%2C645&ssl=1&resize=700%2C400 2x"},"classes":[]},{"id":40172,"url":"https:\/\/ismaelcolosi.com.br\/index.php\/2024\/03\/01\/abrasmercado-tem-inflacao-de-140\/","url_meta":{"origin":8734,"position":4},"title":"Abrasmercado tem infla\u00e7\u00e3o de 1,40% \u00a0","author":"ismaelcolosi.com.br","date":"1 de March de 2024","format":false,"excerpt":"A Abrasmercado \u2013 indicador que mede a varia\u00e7\u00e3o de pre\u00e7os nos supermercados \u2013, cesta composta por 35 produtos de largo consumo, dentre eles alimentos, bebidas, carnes, produtos de limpeza, itens de higiene e beleza, subiu 1,40% na passagem de dezembro para janeiro, de R$ 722,57 para R$ 732,69, acr\u00e9scimo de\u2026","rel":"","context":"In &quot;Not\u00edcias de Ribeir\u00e3o Preto-SP e Regi\u00e3o&quot;","block_context":{"text":"Not\u00edcias de Ribeir\u00e3o Preto-SP e Regi\u00e3o","link":"https:\/\/ismaelcolosi.com.br\/index.php\/category\/noticias-de-ribeirao-preto-sp-e-regiao-ismael-colosi\/"},"img":{"alt_text":"","src":"https:\/\/i0.wp.com\/ismaelcolosi.com.br\/wp-content\/uploads\/2024\/03\/Abras-Pra-Redes-sociais-Reproducao-scaled.jpg?fit=966%2C645&ssl=1&resize=350%2C200","width":350,"height":200,"srcset":"https:\/\/i0.wp.com\/ismaelcolosi.com.br\/wp-content\/uploads\/2024\/03\/Abras-Pra-Redes-sociais-Reproducao-scaled.jpg?fit=966%2C645&ssl=1&resize=350%2C200 1x, https:\/\/i0.wp.com\/ismaelcolosi.com.br\/wp-content\/uploads\/2024\/03\/Abras-Pra-Redes-sociais-Reproducao-scaled.jpg?fit=966%2C645&ssl=1&resize=525%2C300 1.5x, https:\/\/i0.wp.com\/ismaelcolosi.com.br\/wp-content\/uploads\/2024\/03\/Abras-Pra-Redes-sociais-Reproducao-scaled.jpg?fit=966%2C645&ssl=1&resize=700%2C400 2x"},"classes":[]},{"id":22944,"url":"https:\/\/ismaelcolosi.com.br\/index.php\/2023\/12\/31\/brasil-bate-recorde-de-consumo-de-energia-eletrica-pelo-segundo-mes-consecutivo-em-novembro\/","url_meta":{"origin":8734,"position":5},"title":"Brasil bate recorde de consumo de energia el\u00e9trica pelo segundo m\u00eas consecutivo em novembro","author":"ismaelcolosi.com.br","date":"31 de December de 2023","format":false,"excerpt":"31 de dezembro de 2023 | 15:0030 de dezembro de 2023 | 17:07 0O Brasil bateu o segundo recorde consecutivo de consumo de energia el\u00e9trica em novembro, atingindo 46.407 gigawatts-hora (GWh), alta de 8,5% em compara\u00e7\u00e3o com novembro de 2022, informou a Empresa de Pesquisa Energ\u00e9tica (EPE). Segundo a autarquia,\u2026","rel":"","context":"In &quot;Not\u00edcias de Ribeir\u00e3o Preto-SP e Regi\u00e3o&quot;","block_context":{"text":"Not\u00edcias de Ribeir\u00e3o Preto-SP e Regi\u00e3o","link":"https:\/\/ismaelcolosi.com.br\/index.php\/category\/noticias-de-ribeirao-preto-sp-e-regiao-ismael-colosi\/"},"img":{"alt_text":"","src":"https:\/\/i0.wp.com\/ismaelcolosi.com.br\/wp-content\/uploads\/2023\/12\/35353960-6181-460a-bf82-25eb45dff665-1.jpg?fit=684%2C460&ssl=1&resize=350%2C200","width":350,"height":200,"srcset":"https:\/\/i0.wp.com\/ismaelcolosi.com.br\/wp-content\/uploads\/2023\/12\/35353960-6181-460a-bf82-25eb45dff665-1.jpg?fit=684%2C460&ssl=1&resize=350%2C200 1x, https:\/\/i0.wp.com\/ismaelcolosi.com.br\/wp-content\/uploads\/2023\/12\/35353960-6181-460a-bf82-25eb45dff665-1.jpg?fit=684%2C460&ssl=1&resize=525%2C300 1.5x"},"classes":[]}],"jetpack_sharing_enabled":true,"jetpack_shortlink":"https:\/\/wp.me\/pfMlyK-2gS","_links":{"self":[{"href":"https:\/\/ismaelcolosi.com.br\/index.php\/wp-json\/wp\/v2\/posts\/8734","targetHints":{"allow":["GET"]}}],"collection":[{"href":"https:\/\/ismaelcolosi.com.br\/index.php\/wp-json\/wp\/v2\/posts"}],"about":[{"href":"https:\/\/ismaelcolosi.com.br\/index.php\/wp-json\/wp\/v2\/types\/post"}],"author":[{"embeddable":true,"href":"https:\/\/ismaelcolosi.com.br\/index.php\/wp-json\/wp\/v2\/users\/1"}],"replies":[{"embeddable":true,"href":"https:\/\/ismaelcolosi.com.br\/index.php\/wp-json\/wp\/v2\/comments?post=8734"}],"version-history":[{"count":0,"href":"https:\/\/ismaelcolosi.com.br\/index.php\/wp-json\/wp\/v2\/posts\/8734\/revisions"}],"wp:featuredmedia":[{"embeddable":true,"href":"https:\/\/ismaelcolosi.com.br\/index.php\/wp-json\/wp\/v2\/media\/8735"}],"wp:attachment":[{"href":"https:\/\/ismaelcolosi.com.br\/index.php\/wp-json\/wp\/v2\/media?parent=8734"}],"wp:term":[{"taxonomy":"category","embeddable":true,"href":"https:\/\/ismaelcolosi.com.br\/index.php\/wp-json\/wp\/v2\/categories?post=8734"},{"taxonomy":"post_tag","embeddable":true,"href":"https:\/\/ismaelcolosi.com.br\/index.php\/wp-json\/wp\/v2\/tags?post=8734"}],"curies":[{"name":"wp","href":"https:\/\/api.w.org\/{rel}","templated":true}]}}