{"id":87267,"date":"2025-08-27T14:29:02","date_gmt":"2025-08-27T17:29:02","guid":{"rendered":"https:\/\/ismaelcolosi.com.br\/index.php\/2025\/08\/27\/smart-vacation-veja-opcoes-e-valores-para-intercambio-de-1-mes-para-estudar-ingles-ou-espanhol\/"},"modified":"2025-08-27T14:29:02","modified_gmt":"2025-08-27T17:29:02","slug":"smart-vacation-veja-opcoes-e-valores-para-intercambio-de-1-mes-para-estudar-ingles-ou-espanhol","status":"publish","type":"post","link":"https:\/\/ismaelcolosi.com.br\/index.php\/2025\/08\/27\/smart-vacation-veja-opcoes-e-valores-para-intercambio-de-1-mes-para-estudar-ingles-ou-espanhol\/","title":{"rendered":"\u2018Smart Vacation\u2019: veja op\u00e7\u00f5es e valores para interc\u00e2mbio de 1 m\u00eas para estudar ingl\u00eas ou espanhol"},"content":{"rendered":"<p> <br \/>\n<\/p>\n<div id=\"\">\n<div class=\"content-infos\">\n<div class=\"texts\">\n<p class=\"author tooltip-comp\"> Da reda\u00e7\u00e3o<span class=\"icon-i\">i<\/span><span class=\"tooltiptext\"> <span class=\"author\"><span>Da reda\u00e7\u00e3o<\/span> <\/span><span class=\"desc\"\/> <\/span><\/p>\n<p>27\/08\/2025 &#8211; 8:00<\/p><div class='code-block code-block-8' style='margin: 8px auto; text-align: center; display: block; clear: both;'>\n<script>\n  atOptions = {\n    'key' : '66e2e2111ca34da796271819fc334058',\n    'format' : 'iframe',\n    'height' : 250,\n    'width' : 300,\n    'params' : {}\n  };\n<\/script>\n<script src=\"https:\/\/www.highperformanceformat.com\/66e2e2111ca34da796271819fc334058\/invoke.js\"><\/script>\n<\/div>\n\n<\/div>\n<div id=\"share-modal\" class=\"share-modal\"> <button class=\"box-close btn-share\"> <img decoding=\"async\" src=\"https:\/\/istoedinheiro.com.br\/wp-content\/themes\/dinheiro-wp-theme\/assets\/img\/svg\/closeIcon.svg?x46096\" alt=\"Close icon\" class=\"close-btn\"\/> <\/button><\/div>\n<\/p><\/div>\n<p>Uma <strong>experi\u00eancia internacional<\/strong> pode fazer a diferen\u00e7a no curr\u00edculo. Mas nem todos os profissionais t\u00eam tempo ou recursos financeiros para ficar meses em viv\u00eancia fora do pa\u00eds. Uma alternativa s\u00e3o os interc\u00e2mbios de curta dura\u00e7\u00e3o, que podem ser feitos no per\u00edodo de f\u00e9rias. O movimento ganhou at\u00e9 um nome, a \u2018smart vacation\u2019, que otimiza o tempo entre f\u00e9rias e estudos.<\/p>\n<p><strong>+ Quais s\u00e3o os pa\u00edses que mais recebem turistas no mundo?<\/strong><\/p>\n<p>Segundo a Associa\u00e7\u00e3o Brasileira das Ag\u00eancias de Interc\u00e2mbio (Belta), viagens de at\u00e9 tr\u00eas meses s\u00e3o as preferidas pelos brasileiros, com\u00a0 48,1%. \u201cEm apenas algumas semanas, \u00e9 poss\u00edvel sair da zona de conforto, conhecer uma nova cultura e, o mais importante, dar um salto significativo na flu\u00eancia\u201d, aponta Denis Buzzi, diretor nacional da EF Interc\u00e2mbios.<\/p>\n<p>Entre os destinos mais procurados na EF, est\u00e3o Estados Unidos e Reino Unido, mas h\u00e1 outras op\u00e7\u00f5es como Malta, M\u00e1laga e Africa do Sul.<\/p>\n<h2>Veja o custo dos destinos mais procurados para curso de ingl\u00eas<\/h2>\n<h2>Estados Unidos<\/h2>\n<h3>Nova York (NY)<\/h3>\n<ul>\n<li>Geral: 26 Aulas\/semana (40 Minutos\/aula); US$ 4.120,00 para 4 semanas<\/li>\n<li>50+: 26 Aulas\/semana (40 Minutos\/aula); US$ 4.360,00 para 4 semanas<\/li>\n<li>Business: 32 Aulas\/semana (40 Minutos\/aula); US$ 4.520,00 para 4 semanas<\/li>\n<\/ul>\n<p>Acomoda\u00e7\u00e3o: campus da AF<\/p>\n<h2>Reino Unido<\/h2>\n<h3>Londres<\/h3>\n<ul>\n<li>Geral: 26 aulas\/semana (40 minutos\/aula); US$ 3.240,00 para 4 semanas<\/li>\n<li>Business English: 32 Aulas\/semana (40 minutos\/aula); US$ 3.440,00 para 4 semanas<\/li>\n<li>50+: 26 Aulas\/semana (40 Minutos\/aula); US$ 3.480,00 para 4 semanas<\/li>\n<\/ul>\n<p>Acomoda\u00e7\u00e3o: homestay ou resid\u00eancia estudantil<\/p>\n<h3>Manchester<\/h3>\n<p>Geral: 26 aulas\/semana (40 minutos\/aula); US$ 2.940,00 para 4 semanas<br \/>50+: 26 aulas\/semana (40 minutos\/aula); US$ 3.180,00 para 4 semanas<br \/>Acomoda\u00e7\u00e3o: homestay ou resid\u00eancia estudantil<\/p>\n<h2>Destinos alternativos<\/h2>\n<h3>Malta<\/h3>\n<ul>\n<li>Geral: 26 aulas\/semana (40 minutos\/aula); US$2.680,00 para 4 semanas<\/li>\n<li>50+: 26 aulas\/semana (40 minutos\/aula); US$ 2.920,00 para 4 semanas<\/li>\n<li>Business: 32 aulas\/semana (40 minutos\/aula); US$ 2.960,00 para 4 semanas<br \/>Acomoda\u00e7\u00e3o: homestay ou resid\u00eancia estudantil<\/li>\n<\/ul>\n<h3>Cape Town \u2013 \u00c1frica do Sul<\/h3>\n<ul>\n<li>Cursos dispon\u00edveis (Idioma \u2013 Ingl\u00eas):<\/li>\n<li>Geral: 26 aulas\/semana (40 minutos\/aula); US$ 2.560,00 para 4 semanas<\/li>\n<li>50+: 26 aulas\/semana (40 minutos\/aula); US$ 2.800,00 para 4 semanas<\/li>\n<\/ul>\n<p>Acomoda\u00e7\u00e3o: homestay ou resid\u00eancia estudantil<\/p>\n<h2>Para curso de espanhol<\/h2>\n<h3>M\u00e1laga \u2013 Espanha<\/h3>\n<ul>\n<li>Geral: 26 aulas\/semana (40 minutos\/aula); US$ 2.960,00 para 4 semanas<\/li>\n<li>50+: 26 aulas\/semana (40 minutos\/aula); US$ 3.200,00 para 4 semanas<\/li>\n<\/ul>\n<p>Acomoda\u00e7\u00e3o: homestay ou resid\u00eancia estudantil ou campus universit\u00e1rio<\/p>\n<h2>Falando sobre interc\u00e2mbio<\/h2>\n<p>Neste s\u00e1bado, 30, ser\u00e1 realizada em S\u00e3o Paulo um evento sobre interc\u00e2mbios, com workshops, viv\u00eancias sobre idiomas e carreira, bate-papos sobre estudo no exterior e a participa\u00e7\u00e3o de influenciadores, como Giulia Benite, Bella Benite, Julinha Gomes, Marianna Santos, Fabiana Landim, B\u00e1rbara Cruz, Juz\u00e3o, Tammy Silva Nina Miano e JP Mota.<\/p>\n<p>O evento gratuito, organizado pela EF Interc\u00e2mbios, ocorrer\u00e1 no Pocket House \u2013 Villa Lobos, em S\u00e3o Paulo, das 10h \u00e0s 17h.<\/p>\n<p><strong>SERVI\u00c7O<\/strong><\/p>\n<p><a href=\"https:\/\/www.ef.com.br\/local-campaign\/br\/25\/live-the-language-agora-vai\/\" target=\"_blank\" rel=\"noopener\">Agora Vai \u2013 Um evento imersivo sobre vida &amp; interc\u00e2mbios<\/a><\/p>\n<p>Data: 30 de agosto (s\u00e1bado)<\/p>\n<p>Hor\u00e1rio: das 10h \u00e0s 17h<\/p>\n<p>Local: Pocket House \u2013 Villa Lobos, S\u00e3o Paulo, SP (ao lado do Parque Vila Lobos e a 4 minutos da Pra\u00e7a Panamericana)<\/p>\n<p>Endere\u00e7o: Av. Prof. Fonseca Rodrigues, 689 \u2013 Alto de Pinheiros<\/p>\n<p>Entrada gratuita | Vagas limitadas<\/p>\n<div id=\"share-modal\" class=\"share-modal\"> <button class=\"box-close btn-share\"> <img decoding=\"async\" src=\"https:\/\/istoedinheiro.com.br\/wp-content\/themes\/dinheiro-wp-theme\/assets\/img\/svg\/closeIcon.svg?x46096\" alt=\"Close icon\" class=\"close-btn\"\/> <\/button><\/div>\n<\/p><\/div>\n<p><script>!function(f,b,e,v,n,t,s){if(f.fbq)return;n=f.fbq=function(){n.callMethod?n.callMethod.apply(n,arguments):n.queue.push(arguments)};if(!f._fbq)f._fbq=n;n.push=n;n.loaded=!0;n.version='2.0';n.queue=[];t=b.createElement(e);t.async=!0;t.src=v;s=b.getElementsByTagName(e)[0];s.parentNode.insertBefore(t,s)}(window,document,'script','<\/script><br \/>\n<br \/><br \/>\n<br \/><a href=\"https:\/\/istoedinheiro.com.br\/smart-vacation-veja-opcoes-e-valores-para-intercambio-de-1-mes-para-estudar-ingles-ou-espanhol\">Source link <\/a><\/p>\n<div class='code-block code-block-4' style='margin: 8px auto 8px 0; text-align: left; display: block; clear: both;'>\n\ud83d\udce2 Aviso Legal\n\nO site ismaelcolosi.com.br atua apenas como um canal de divulga\u00e7\u00e3o de oportunidades de emprego e n\u00e3o se responsabiliza pelo processo seletivo, contrata\u00e7\u00e3o ou qualquer outra etapa relacionada \u00e0s vagas publicadas. Todas as informa\u00e7\u00f5es s\u00e3o de responsabilidade dos anunciantes.\n\n\u26a0\ufe0f Aten\u00e7\u00e3o! Nunca pague por promessas de emprego nem compre cursos que garantam contrata\u00e7\u00e3o. Desconfie de qualquer cobran\u00e7a para participar de sele\u00e7\u00f5es.\n\n\n\n<\/div>\n<!-- CONTENT END 1 -->\n","protected":false},"excerpt":{"rendered":"<p>Da reda\u00e7\u00e3oi Da reda\u00e7\u00e3o 27\/08\/2025 &#8211; 8:00 Uma experi\u00eancia internacional pode fazer a diferen\u00e7a no curr\u00edculo. Mas nem todos os profissionais t\u00eam tempo ou recursos&#8230;<\/p>\n","protected":false},"author":1,"featured_media":87268,"comment_status":"","ping_status":"open","sticky":false,"template":"","format":"standard","meta":{"_uag_custom_page_level_css":"","advanced_seo_description":"","jetpack_seo_html_title":"","jetpack_seo_noindex":false,"jetpack_post_was_ever_published":false,"_jetpack_newsletter_access":"","_jetpack_dont_email_post_to_subs":false,"_jetpack_newsletter_tier_id":0,"_jetpack_memberships_contains_paywalled_content":false,"_jetpack_memberships_contains_paid_content":false,"footnotes":"","jetpack_publicize_message":"","jetpack_publicize_feature_enabled":true,"jetpack_social_post_already_shared":true,"jetpack_social_options":{"image_generator_settings":{"template":"highway","default_image_id":0,"font":"","enabled":false},"version":2}},"categories":[3598],"tags":[],"class_list":["post-87267","post","type-post","status-publish","format-standard","has-post-thumbnail","hentry","category-empregos-classificados-vagas-trabalho"],"jetpack_publicize_connections":[],"jetpack_featured_media_url":"https:\/\/i0.wp.com\/ismaelcolosi.com.br\/wp-content\/uploads\/2025\/08\/viagem-intercambio.jpg?fit=1397%2C932&ssl=1","uagb_featured_image_src":{"full":["https:\/\/i0.wp.com\/ismaelcolosi.com.br\/wp-content\/uploads\/2025\/08\/viagem-intercambio.jpg?fit=1397%2C932&ssl=1",1397,932,false],"thumbnail":["https:\/\/i0.wp.com\/ismaelcolosi.com.br\/wp-content\/uploads\/2025\/08\/viagem-intercambio.jpg?resize=150%2C150&ssl=1",150,150,true],"medium":["https:\/\/i0.wp.com\/ismaelcolosi.com.br\/wp-content\/uploads\/2025\/08\/viagem-intercambio.jpg?fit=300%2C200&ssl=1",300,200,true],"medium_large":["https:\/\/i0.wp.com\/ismaelcolosi.com.br\/wp-content\/uploads\/2025\/08\/viagem-intercambio.jpg?fit=768%2C512&ssl=1",768,512,true],"large":["https:\/\/i0.wp.com\/ismaelcolosi.com.br\/wp-content\/uploads\/2025\/08\/viagem-intercambio.jpg?fit=1024%2C683&ssl=1",1024,683,true],"1536x1536":["https:\/\/i0.wp.com\/ismaelcolosi.com.br\/wp-content\/uploads\/2025\/08\/viagem-intercambio.jpg?fit=1397%2C932&ssl=1",1397,932,true],"2048x2048":["https:\/\/i0.wp.com\/ismaelcolosi.com.br\/wp-content\/uploads\/2025\/08\/viagem-intercambio.jpg?fit=1397%2C932&ssl=1",1397,932,true],"really-simple-thumb":["https:\/\/i0.wp.com\/ismaelcolosi.com.br\/wp-content\/uploads\/2025\/08\/viagem-intercambio.jpg?resize=370%2C247&ssl=1",370,247,true]},"uagb_author_info":{"display_name":"ismaelcolosi.com.br","author_link":"https:\/\/ismaelcolosi.com.br\/index.php\/author\/vidareal-online\/"},"uagb_comment_info":0,"uagb_excerpt":"Da reda\u00e7\u00e3oi Da reda\u00e7\u00e3o 27\/08\/2025 &#8211; 8:00 Uma experi\u00eancia internacional pode fazer a diferen\u00e7a no curr\u00edculo. Mas nem todos os profissionais t\u00eam tempo ou recursos...","jetpack-related-posts":[{"id":67963,"url":"https:\/\/ismaelcolosi.com.br\/index.php\/2024\/09\/26\/estudantes-de-escola-publica-de-ribeirao-participam-de-intercambio-no-exterior\/","url_meta":{"origin":87267,"position":0},"title":"Estudantes de escola p\u00fablica de Ribeir\u00e3o participam de interc\u00e2mbio no exterior","author":"ismaelcolosi.com.br","date":"26 de September de 2024","format":false,"excerpt":"O programa in\u00e9dito de interc\u00e2mbio do Governo do Estado de S\u00e3o Paulo, levar\u00e1 estudantes da rede estadual para Austr\u00e1lia, Canad\u00e1, Nova Zel\u00e2ndia e Reino Unido na primeira turma do Prontos pro Mundo. Na regi\u00e3o de Ribeir\u00e3o Preto, s\u00e3o 16 estudantes selecionados. O interc\u00e2mbio ter\u00e1 dura\u00e7\u00e3o de tr\u00eas meses, ser\u00e1 100%\u2026","rel":"","context":"In &quot;Not\u00edcias de Ribeir\u00e3o Preto-SP e Regi\u00e3o&quot;","block_context":{"text":"Not\u00edcias de Ribeir\u00e3o Preto-SP e Regi\u00e3o","link":"https:\/\/ismaelcolosi.com.br\/index.php\/category\/noticias-de-ribeirao-preto-sp-e-regiao-ismael-colosi\/"},"img":{"alt_text":"","src":"https:\/\/i0.wp.com\/ismaelcolosi.com.br\/wp-content\/uploads\/2024\/09\/Copia-de-Copia-de-Copia-de-TAMANHO-EXATO-PARA-FOTOS-NO-SISTEMA-NOVO-46_2024-09-26_14-52-20_png_2024-09-26_14-52-20.webp.webp?fit=1200%2C675&ssl=1&resize=350%2C200","width":350,"height":200,"srcset":"https:\/\/i0.wp.com\/ismaelcolosi.com.br\/wp-content\/uploads\/2024\/09\/Copia-de-Copia-de-Copia-de-TAMANHO-EXATO-PARA-FOTOS-NO-SISTEMA-NOVO-46_2024-09-26_14-52-20_png_2024-09-26_14-52-20.webp.webp?fit=1200%2C675&ssl=1&resize=350%2C200 1x, https:\/\/i0.wp.com\/ismaelcolosi.com.br\/wp-content\/uploads\/2024\/09\/Copia-de-Copia-de-Copia-de-TAMANHO-EXATO-PARA-FOTOS-NO-SISTEMA-NOVO-46_2024-09-26_14-52-20_png_2024-09-26_14-52-20.webp.webp?fit=1200%2C675&ssl=1&resize=525%2C300 1.5x, https:\/\/i0.wp.com\/ismaelcolosi.com.br\/wp-content\/uploads\/2024\/09\/Copia-de-Copia-de-Copia-de-TAMANHO-EXATO-PARA-FOTOS-NO-SISTEMA-NOVO-46_2024-09-26_14-52-20_png_2024-09-26_14-52-20.webp.webp?fit=1200%2C675&ssl=1&resize=700%2C400 2x, https:\/\/i0.wp.com\/ismaelcolosi.com.br\/wp-content\/uploads\/2024\/09\/Copia-de-Copia-de-Copia-de-TAMANHO-EXATO-PARA-FOTOS-NO-SISTEMA-NOVO-46_2024-09-26_14-52-20_png_2024-09-26_14-52-20.webp.webp?fit=1200%2C675&ssl=1&resize=1050%2C600 3x"},"classes":[]},{"id":55719,"url":"https:\/\/ismaelcolosi.com.br\/index.php\/2024\/07\/05\/por-que-empresarios-nao-conseguem-aproveitar-as-ferias\/","url_meta":{"origin":87267,"position":1},"title":"Por que empres\u00e1rios n\u00e3o conseguem aproveitar as f\u00e9rias?","author":"ismaelcolosi.com.br","date":"5 de July de 2024","format":false,"excerpt":"Julho chegou e v\u00e1rios profissionais v\u00e3o aproveitar o m\u00eas para tirar f\u00e9rias, mas muitos tamb\u00e9m est\u00e3o vendo suas agendas se preencherem e encontrando raz\u00f5es para n\u00e3o tirar uma folga. Alguns recusam f\u00e9rias pagas porque \u00e9 muito estressante planejar uma grande viagem. Outros est\u00e3o preocupados sobre a percep\u00e7\u00e3o do seu gerente.\u2026","rel":"","context":"In &quot;Carreira e Sucesso&quot;","block_context":{"text":"Carreira e Sucesso","link":"https:\/\/ismaelcolosi.com.br\/index.php\/category\/carreira-e-sucesso-dicas-para-carreira\/"},"img":{"alt_text":"","src":"https:\/\/i0.wp.com\/ismaelcolosi.com.br\/wp-content\/uploads\/2024\/07\/carreira-ferias-trabalho-1024x683.jpg?fit=1024%2C683&ssl=1&resize=350%2C200","width":350,"height":200,"srcset":"https:\/\/i0.wp.com\/ismaelcolosi.com.br\/wp-content\/uploads\/2024\/07\/carreira-ferias-trabalho-1024x683.jpg?fit=1024%2C683&ssl=1&resize=350%2C200 1x, https:\/\/i0.wp.com\/ismaelcolosi.com.br\/wp-content\/uploads\/2024\/07\/carreira-ferias-trabalho-1024x683.jpg?fit=1024%2C683&ssl=1&resize=525%2C300 1.5x, https:\/\/i0.wp.com\/ismaelcolosi.com.br\/wp-content\/uploads\/2024\/07\/carreira-ferias-trabalho-1024x683.jpg?fit=1024%2C683&ssl=1&resize=700%2C400 2x"},"classes":[]},{"id":39702,"url":"https:\/\/ismaelcolosi.com.br\/index.php\/2024\/02\/27\/alunos-da-regiao-de-ribeirao-preto-passam-por-seletiva-para-intercambio\/","url_meta":{"origin":87267,"position":2},"title":"Alunos da regi\u00e3o de Ribeir\u00e3o Preto passam por seletiva para interc\u00e2mbio","author":"ismaelcolosi.com.br","date":"27 de February de 2024","format":false,"excerpt":"O programa \u201cProntos pro Mundo\u201d do Governo do Estado de S\u00e3o Paulo selecionou 1.497 alunos da regi\u00e3o de Ribeir\u00e3o Preto para participarem de aulas intensivas de ingl\u00eas como prepara\u00e7\u00e3o para disputarem uma vaga para fazer interc\u00e2mbio em 2025. Dos 72 mil estudantes selecionados em todo estado, apenas 1.000 ser\u00e3o beneficiados\u2026","rel":"","context":"In &quot;Not\u00edcias de Ribeir\u00e3o Preto-SP e Regi\u00e3o&quot;","block_context":{"text":"Not\u00edcias de Ribeir\u00e3o Preto-SP e Regi\u00e3o","link":"https:\/\/ismaelcolosi.com.br\/index.php\/category\/noticias-de-ribeirao-preto-sp-e-regiao-ismael-colosi\/"},"img":{"alt_text":"","src":"https:\/\/i0.wp.com\/ismaelcolosi.com.br\/wp-content\/uploads\/2024\/02\/Copia-de-Copia-de-TAMANHO-EXATO-PARA-FOTOS-NO-SISTEMA-NOVO-17-1.jpg?fit=1200%2C675&ssl=1&resize=350%2C200","width":350,"height":200,"srcset":"https:\/\/i0.wp.com\/ismaelcolosi.com.br\/wp-content\/uploads\/2024\/02\/Copia-de-Copia-de-TAMANHO-EXATO-PARA-FOTOS-NO-SISTEMA-NOVO-17-1.jpg?fit=1200%2C675&ssl=1&resize=350%2C200 1x, https:\/\/i0.wp.com\/ismaelcolosi.com.br\/wp-content\/uploads\/2024\/02\/Copia-de-Copia-de-TAMANHO-EXATO-PARA-FOTOS-NO-SISTEMA-NOVO-17-1.jpg?fit=1200%2C675&ssl=1&resize=525%2C300 1.5x, https:\/\/i0.wp.com\/ismaelcolosi.com.br\/wp-content\/uploads\/2024\/02\/Copia-de-Copia-de-TAMANHO-EXATO-PARA-FOTOS-NO-SISTEMA-NOVO-17-1.jpg?fit=1200%2C675&ssl=1&resize=700%2C400 2x, https:\/\/i0.wp.com\/ismaelcolosi.com.br\/wp-content\/uploads\/2024\/02\/Copia-de-Copia-de-TAMANHO-EXATO-PARA-FOTOS-NO-SISTEMA-NOVO-17-1.jpg?fit=1200%2C675&ssl=1&resize=1050%2C600 3x"},"classes":[]},{"id":88248,"url":"https:\/\/ismaelcolosi.com.br\/index.php\/2025\/11\/14\/a-tendencia-de-usar-as-ferias-para-desenvolver-novas-habilidades\/","url_meta":{"origin":87267,"position":3},"title":"A Tend\u00eancia de Usar as F\u00e9rias para Desenvolver Novas Habilidades","author":"ismaelcolosi.com.br","date":"14 de November de 2025","format":false,"excerpt":"\r Thomas Barwick\/Getty Images\r Tend\u00eancia que combina descanso e aprendizado nas f\u00e9rias ganha popularidade entre profissionais, mas especialistas alertam para o risco de esgotamento\r Acessibilidade \r L\r L\r A-\r A+\r \r \u25d0\r \r Se voc\u00ea \u00e9 como a maioria dos profissionais, provavelmente j\u00e1 est\u00e1 planejando as f\u00e9rias do pr\u00f3ximo ano.\u2026","rel":"","context":"In &quot;Carreira e Sucesso&quot;","block_context":{"text":"Carreira e Sucesso","link":"https:\/\/ismaelcolosi.com.br\/index.php\/category\/carreira-e-sucesso-dicas-para-carreira\/"},"img":{"alt_text":"","src":"https:\/\/i0.wp.com\/ismaelcolosi.com.br\/wp-content\/uploads\/2025\/11\/AULA-DE-CULINARIA-SKILLCATIONS-FERIAS-1200x675.jpg?fit=1200%2C675&ssl=1&resize=350%2C200","width":350,"height":200,"srcset":"https:\/\/i0.wp.com\/ismaelcolosi.com.br\/wp-content\/uploads\/2025\/11\/AULA-DE-CULINARIA-SKILLCATIONS-FERIAS-1200x675.jpg?fit=1200%2C675&ssl=1&resize=350%2C200 1x, https:\/\/i0.wp.com\/ismaelcolosi.com.br\/wp-content\/uploads\/2025\/11\/AULA-DE-CULINARIA-SKILLCATIONS-FERIAS-1200x675.jpg?fit=1200%2C675&ssl=1&resize=525%2C300 1.5x, https:\/\/i0.wp.com\/ismaelcolosi.com.br\/wp-content\/uploads\/2025\/11\/AULA-DE-CULINARIA-SKILLCATIONS-FERIAS-1200x675.jpg?fit=1200%2C675&ssl=1&resize=700%2C400 2x, https:\/\/i0.wp.com\/ismaelcolosi.com.br\/wp-content\/uploads\/2025\/11\/AULA-DE-CULINARIA-SKILLCATIONS-FERIAS-1200x675.jpg?fit=1200%2C675&ssl=1&resize=1050%2C600 3x"},"classes":[]},{"id":83876,"url":"https:\/\/ismaelcolosi.com.br\/index.php\/2025\/03\/19\/empresas-incentivam-trabalho-com-clima-de-ferias\/","url_meta":{"origin":87267,"position":4},"title":"empresas incentivam trabalho com clima de f\u00e9rias","author":"ismaelcolosi.com.br","date":"19 de March de 2025","format":false,"excerpt":"\r Getty Images\r Possibilidade de viajar durante o trabalho \u00e9 um benef\u00edcio fundamental para a maioria dos profissionais remotos\r Acessibilidade \r L\r L\r A-\r A+\r \r \u25d0\r \r \u00a0 No mundo conectado de hoje, a press\u00e3o para permanecer online pode dificultar o desligamento total do trabalho. Surgem ent\u00e3o tend\u00eancias como\u2026","rel":"","context":"In &quot;Carreira e Sucesso&quot;","block_context":{"text":"Carreira e Sucesso","link":"https:\/\/ismaelcolosi.com.br\/index.php\/category\/carreira-e-sucesso-dicas-para-carreira\/"},"img":{"alt_text":"","src":"https:\/\/i0.wp.com\/ismaelcolosi.com.br\/wp-content\/uploads\/2025\/03\/forbes-viagem-carreira-trabalho-blended-travel-1200x675.jpg?fit=1200%2C675&ssl=1&resize=350%2C200","width":350,"height":200,"srcset":"https:\/\/i0.wp.com\/ismaelcolosi.com.br\/wp-content\/uploads\/2025\/03\/forbes-viagem-carreira-trabalho-blended-travel-1200x675.jpg?fit=1200%2C675&ssl=1&resize=350%2C200 1x, https:\/\/i0.wp.com\/ismaelcolosi.com.br\/wp-content\/uploads\/2025\/03\/forbes-viagem-carreira-trabalho-blended-travel-1200x675.jpg?fit=1200%2C675&ssl=1&resize=525%2C300 1.5x, https:\/\/i0.wp.com\/ismaelcolosi.com.br\/wp-content\/uploads\/2025\/03\/forbes-viagem-carreira-trabalho-blended-travel-1200x675.jpg?fit=1200%2C675&ssl=1&resize=700%2C400 2x, https:\/\/i0.wp.com\/ismaelcolosi.com.br\/wp-content\/uploads\/2025\/03\/forbes-viagem-carreira-trabalho-blended-travel-1200x675.jpg?fit=1200%2C675&ssl=1&resize=1050%2C600 3x"},"classes":[]},{"id":54982,"url":"https:\/\/ismaelcolosi.com.br\/index.php\/2024\/06\/28\/veja-quando-sao-as-ferias-escolares-na-rede-publica-em-ribeirao-preto\/","url_meta":{"origin":87267,"position":5},"title":"Veja quando s\u00e3o as f\u00e9rias escolares na rede p\u00fablica em Ribeir\u00e3o Preto","author":"ismaelcolosi.com.br","date":"28 de June de 2024","format":false,"excerpt":"Os estudantes da rede p\u00fablica Ribeir\u00e3o Preto ter\u00e3o 15 dias de f\u00e9rias durante o m\u00eas de julho. O recesso escolar tem in\u00edcio na rede municipal, com cerca de 50 mil alunos, o descanso acontece, de 4 a 19 de julho. J\u00e1, os quase 40 mil alunos do estado ficar\u00e3o sem\u2026","rel":"","context":"In &quot;Not\u00edcias de Ribeir\u00e3o Preto-SP e Regi\u00e3o&quot;","block_context":{"text":"Not\u00edcias de Ribeir\u00e3o Preto-SP e Regi\u00e3o","link":"https:\/\/ismaelcolosi.com.br\/index.php\/category\/noticias-de-ribeirao-preto-sp-e-regiao-ismael-colosi\/"},"img":{"alt_text":"","src":"https:\/\/i0.wp.com\/ismaelcolosi.com.br\/wp-content\/uploads\/2024\/06\/Copia-de-Copia-de-TAMANHO-EXATO-PARA-FOTOS-NO-SISTEMA-NOVO-24_2024-06-28_20-15-56_jpg_2024-06-28_20-15-56.webp.webp?fit=1200%2C675&ssl=1&resize=350%2C200","width":350,"height":200,"srcset":"https:\/\/i0.wp.com\/ismaelcolosi.com.br\/wp-content\/uploads\/2024\/06\/Copia-de-Copia-de-TAMANHO-EXATO-PARA-FOTOS-NO-SISTEMA-NOVO-24_2024-06-28_20-15-56_jpg_2024-06-28_20-15-56.webp.webp?fit=1200%2C675&ssl=1&resize=350%2C200 1x, https:\/\/i0.wp.com\/ismaelcolosi.com.br\/wp-content\/uploads\/2024\/06\/Copia-de-Copia-de-TAMANHO-EXATO-PARA-FOTOS-NO-SISTEMA-NOVO-24_2024-06-28_20-15-56_jpg_2024-06-28_20-15-56.webp.webp?fit=1200%2C675&ssl=1&resize=525%2C300 1.5x, https:\/\/i0.wp.com\/ismaelcolosi.com.br\/wp-content\/uploads\/2024\/06\/Copia-de-Copia-de-TAMANHO-EXATO-PARA-FOTOS-NO-SISTEMA-NOVO-24_2024-06-28_20-15-56_jpg_2024-06-28_20-15-56.webp.webp?fit=1200%2C675&ssl=1&resize=700%2C400 2x, https:\/\/i0.wp.com\/ismaelcolosi.com.br\/wp-content\/uploads\/2024\/06\/Copia-de-Copia-de-TAMANHO-EXATO-PARA-FOTOS-NO-SISTEMA-NOVO-24_2024-06-28_20-15-56_jpg_2024-06-28_20-15-56.webp.webp?fit=1200%2C675&ssl=1&resize=1050%2C600 3x"},"classes":[]}],"jetpack_sharing_enabled":true,"jetpack_shortlink":"https:\/\/wp.me\/pfMlyK-mHx","_links":{"self":[{"href":"https:\/\/ismaelcolosi.com.br\/index.php\/wp-json\/wp\/v2\/posts\/87267","targetHints":{"allow":["GET"]}}],"collection":[{"href":"https:\/\/ismaelcolosi.com.br\/index.php\/wp-json\/wp\/v2\/posts"}],"about":[{"href":"https:\/\/ismaelcolosi.com.br\/index.php\/wp-json\/wp\/v2\/types\/post"}],"author":[{"embeddable":true,"href":"https:\/\/ismaelcolosi.com.br\/index.php\/wp-json\/wp\/v2\/users\/1"}],"replies":[{"embeddable":true,"href":"https:\/\/ismaelcolosi.com.br\/index.php\/wp-json\/wp\/v2\/comments?post=87267"}],"version-history":[{"count":0,"href":"https:\/\/ismaelcolosi.com.br\/index.php\/wp-json\/wp\/v2\/posts\/87267\/revisions"}],"wp:featuredmedia":[{"embeddable":true,"href":"https:\/\/ismaelcolosi.com.br\/index.php\/wp-json\/wp\/v2\/media\/87268"}],"wp:attachment":[{"href":"https:\/\/ismaelcolosi.com.br\/index.php\/wp-json\/wp\/v2\/media?parent=87267"}],"wp:term":[{"taxonomy":"category","embeddable":true,"href":"https:\/\/ismaelcolosi.com.br\/index.php\/wp-json\/wp\/v2\/categories?post=87267"},{"taxonomy":"post_tag","embeddable":true,"href":"https:\/\/ismaelcolosi.com.br\/index.php\/wp-json\/wp\/v2\/tags?post=87267"}],"curies":[{"name":"wp","href":"https:\/\/api.w.org\/{rel}","templated":true}]}}