{"id":87265,"date":"2025-08-27T05:12:35","date_gmt":"2025-08-27T08:12:35","guid":{"rendered":"https:\/\/ismaelcolosi.com.br\/index.php\/2025\/08\/27\/mariana-dias-ceo-da-gupy-onde-tem-problema-tem-oportunidade\/"},"modified":"2025-08-27T05:12:35","modified_gmt":"2025-08-27T08:12:35","slug":"mariana-dias-ceo-da-gupy-onde-tem-problema-tem-oportunidade","status":"publish","type":"post","link":"https:\/\/ismaelcolosi.com.br\/index.php\/2025\/08\/27\/mariana-dias-ceo-da-gupy-onde-tem-problema-tem-oportunidade\/","title":{"rendered":"Mariana Dias, CEO da Gupy: \u201cOnde Tem Problema, Tem Oportunidade&quot;"},"content":{"rendered":"<p> <br \/>\n<\/p>\n<p>Forbes, a mais conceituada revista de neg\u00f3cios e economia do mundo.<\/p>\n<p>Quando entrou no programa de trainee da <strong>Ambev<\/strong>, <strong>Mariana Dias<\/strong> estava certa de que queria trabalhar com vendas, n\u00e3o com recursos humanos. \u201cSe n\u00e3o tivesse me permitido testar, n\u00e3o estaria aqui hoje\u201d, diz a cofundadora e<strong> CEO<\/strong> da <strong>Gupy<\/strong>, empresa l\u00edder em tecnologia para RH no Brasil. Na f\u00e1brica da gigante de bebidas, teve uma experi\u00eancia que mudaria os rumos da sua carreira. \u201cF\u00e1bricas s\u00e3o ambientes fechados. Para quem trabalha com RH, \u00e9 m\u00e1gico: d\u00e1 para testar todas as vari\u00e1veis poss\u00edveis, e os dados mostram que o ativo mais importante de qualquer empresa s\u00e3o as pessoas.\u201d<\/p><div class='code-block code-block-8' style='margin: 8px auto; text-align: center; display: block; clear: both;'>\n<script>\n  atOptions = {\n    'key' : '66e2e2111ca34da796271819fc334058',\n    'format' : 'iframe',\n    'height' : 250,\n    'width' : 300,\n    'params' : {}\n  };\n<\/script>\n<script src=\"https:\/\/www.highperformanceformat.com\/66e2e2111ca34da796271819fc334058\/invoke.js\"><\/script>\n<\/div>\n\n<h2>13\u00ba e f\u00e9rias remuneradas<\/h2>\n<p>Filha de pequenos empres\u00e1rios, ela cresceu em meio ao dia a dia do neg\u00f3cio. Seu pai, filho de pedreiro, teve os estudos bancados pelo dono da imobili\u00e1ria onde trabalhava como office boy e, anos depois, acabou comprando a empresa. \u201cVi esse neg\u00f3cio quase quebrar v\u00e1rias vezes. S\u00f3 tinha uma certeza: queria trabalhar em uma grande empresa, com 13\u00ba sal\u00e1rio e f\u00e9rias remuneradas.\u201d<\/p>\n<aside>\n<h2>Leia tamb\u00e9m<\/h2>\n<div class=\"swiper swpr_leiatambem mod-leia-tambem\" style=\"overflow:hidden\">\n<ul class=\"swiper-wrapper\">\n<li class=\"swiper-slide\">\n<figure class=\"leia-tambem-thumb\">\n\t\t<img data-recalc-dims=\"1\" decoding=\"async\" width=\"300\" height=\"200\" src=\"https:\/\/i0.wp.com\/forbes.com.br\/wp-content\/uploads\/2025\/08\/1500x1000-04-300x200.png?resize=300%2C200&#038;ssl=1\" class=\"attachment-cb-medium size-cb-medium wp-post-image\" alt=\"daniel castanho\" loading=\"lazy\" \/>\t\t<\/figure>\n<div class=\"leia-tambem-caption\">\n\t\t\tCarreira\t\t<\/div>\n<h3 class=\"leia-tambem-title\">Daniel Castanho, da \u00c2nima Educa\u00e7\u00e3o: \u201cEmpreender N\u00e3o \u00e9 sobre Ter, \u00e9 sobre Fazer\u201d<\/h3>\n<\/li>\n<li class=\"swiper-slide\">\n<figure class=\"leia-tambem-thumb\">\n\t\t<img data-recalc-dims=\"1\" decoding=\"async\" width=\"300\" height=\"200\" src=\"https:\/\/i0.wp.com\/forbes.com.br\/wp-content\/uploads\/2025\/08\/mulher-evento-poderosas-300x200.jpg?resize=300%2C200&#038;ssl=1\" class=\"attachment-cb-medium size-cb-medium wp-post-image\" alt=\"Ana Oliva e Bia Souza\" loading=\"lazy\" \/>\t\t<\/figure>\n<div class=\"leia-tambem-caption\">\n\t\t\tEventos\t\t<\/div>\n<h3 class=\"leia-tambem-title\">Forbes Re\u00fane Lideran\u00e7as e Debate Sustentabilidade e Alta Performance<\/h3>\n<\/li>\n<li class=\"swiper-slide\">\n<figure class=\"leia-tambem-thumb\">\n\t\t<img data-recalc-dims=\"1\" decoding=\"async\" width=\"300\" height=\"200\" src=\"https:\/\/i0.wp.com\/forbes.com.br\/wp-content\/uploads\/2025\/08\/mulher-carolina-matsuse-300x200.jpg?resize=300%2C200&#038;ssl=1\" class=\"attachment-cb-medium size-cb-medium wp-post-image\" alt=\"Carolina Matsuse, fundadora da Insider\" loading=\"lazy\" \/>\t\t<\/figure>\n<div class=\"leia-tambem-caption\">\n\t\t\tCarreira\t\t<\/div>\n<h3 class=\"leia-tambem-title\">Como a Cofundadora da Insider Construiu um Neg\u00f3cio de R$ 400 Milh\u00f5es<\/h3>\n<\/li>\n<li class=\"swiper-slide\">\n<figure class=\"leia-tambem-thumb\">\n\t\t<img data-recalc-dims=\"1\" decoding=\"async\" width=\"300\" height=\"200\" src=\"https:\/\/i0.wp.com\/forbes.com.br\/wp-content\/uploads\/2025\/08\/Web_Abre-R1-300x200.png?resize=300%2C200&#038;ssl=1\" class=\"attachment-cb-medium size-cb-medium wp-post-image\" alt=\"Fernanda Ribeiro, Fl\u00e1vio Augusto e Cesar Carvalho - Victor Affaro e Divulga\u00e7\u00e3o\" loading=\"lazy\" \/>\t\t<\/figure>\n<div class=\"leia-tambem-caption\">\n\t\t\tCarreira\t\t<\/div>\n<h3 class=\"leia-tambem-title\">Forbes The Founders 2025: Empreendedores que Fazem a Diferen\u00e7a<\/h3>\n<\/li>\n<li class=\"swiper-slide\">\n<figure class=\"leia-tambem-thumb\">\n\t\t<img data-recalc-dims=\"1\" decoding=\"async\" width=\"300\" height=\"200\" src=\"https:\/\/i0.wp.com\/forbes.com.br\/wp-content\/uploads\/2025\/07\/Empreendedorismo-3-1-300x200.jpg?resize=300%2C200&#038;ssl=1\" class=\"attachment-cb-medium size-cb-medium wp-post-image\" alt=\"Desde sua cria\u00e7\u00e3o, em 2022, o Decola Garota j\u00e1 capacitou mais de 80 empreendedoras em quatro turmas empreendedorismo feminino\" loading=\"lazy\" \/>\t\t<\/figure>\n<div class=\"leia-tambem-caption\">\n\t\t\tCarreira\t\t<\/div>\n<h3 class=\"leia-tambem-title\">Amazon Abre Vagas Para Curso de Empreendedorismo Feminino<\/h3>\n<\/li>\n<li class=\"swiper-slide\">\n<figure class=\"leia-tambem-thumb\">\n\t\t<img data-recalc-dims=\"1\" decoding=\"async\" width=\"300\" height=\"200\" src=\"https:\/\/i0.wp.com\/forbes.com.br\/wp-content\/uploads\/2025\/07\/Gisele_Bundchen-_-19jul2025-James-DevaneyGC-ImagesGetty-300x200.jpg?resize=300%2C200&#038;ssl=1\" class=\"attachment-cb-medium size-cb-medium wp-post-image\" alt=\"\" loading=\"lazy\" \/>\t\t<\/figure>\n<div class=\"leia-tambem-caption\">\n\t\t\tEscolhas do editor\t\t<\/div>\n<h3 class=\"leia-tambem-title\">Gisele B\u00fcndchen Aos 45 Anos: Como a Brasileira Construiu um Imp\u00e9rio e Revolucionou a Moda Mundial<\/h3>\n<\/li>\n<\/ul>\n<div class=\"swiper-pagination\"><\/div>\n<\/div>\n<\/aside>\n<p>Foi ao encarar uma pilha de curr\u00edculos e buscar uma solu\u00e7\u00e3o para o recrutamento na Ambev que surgiu a ideia do que viria a ser a Gupy. \u201cQueria tornar o processo de contrata\u00e7\u00e3o mais assertivo, mais diverso e com uma experi\u00eancia melhor para os dois lados\u201d, diz. \u201cO empreendedorismo apareceu como uma forma de resolver um problema, n\u00e3o como um sonho.\u201d<\/p>\n<blockquote>\n<p>\u201cO \u00f3timo \u00e9 inimigo do bom. Se voc\u00ea esperar ter o produto 100% pronto, algu\u00e9m pode sair na frente.\u201d<br \/>\nMariana Dias, cofundadora da Gupy<\/p>\n<\/blockquote>\n<p>Muito antes do surgimento do ChatGPT e do boom da intelig\u00eancia artificial, a administradora, hoje com 38 anos, j\u00e1 estudava maneiras de aplic\u00e1-la ao RH. \u201cDa meia-noite \u00e0s seis da manh\u00e3, eu olhava a Gupy. No restante do tempo, estava na Ambev.\u201d<\/p>\n<p>Seis meses depois, em 2015, deixou uma carreira est\u00e1vel para come\u00e7ar um neg\u00f3cio do zero. \u201cN\u00e3o tem f\u00f3rmula m\u00e1gica, tem que se arriscar.\u201d A primeira venda da Gupy foi feita apenas com uma apresenta\u00e7\u00e3o de slides, sem a plataforma pronta \u2013 e o cliente j\u00e1 queria levar a solu\u00e7\u00e3o para toda a Am\u00e9rica Latina. \u201cO \u00f3timo \u00e9 inimigo do bom. Se voc\u00ea esperar ter o produto 100% pronto, algu\u00e9m pode sair na frente.\u201d<\/p>\n<h2>Dois a tr\u00eas anos sem ganhar um real<\/h2>\n<p>Sem business plan, a empreendedora vendeu seu carro e, junto com os tr\u00eas s\u00f3cios, planejou-se financeiramente para apostar no neg\u00f3cio. \u201cFizemos uma conta para ficar de dois a tr\u00eas anos sem ganhar nenhum real. Essa \u00e9 a parte mais dif\u00edcil.\u201d<\/p>\n<p>De l\u00e1 para c\u00e1, conquistou mais de 80% das empresas do Ibovespa como clientes, com solu\u00e7\u00f5es para toda a cadeia do RH. O carro-chefe \u00e9 o recrutamento: s\u00e3o mais de 100 mil novas posi\u00e7\u00f5es abertas todos os meses e 12 milh\u00f5es de inscri\u00e7\u00f5es mensais. Em 2022, Dias liderou a empresa em uma rodada de investimento de R$ 500 milh\u00f5es, o maior aporte j\u00e1 feito em uma startup de RH na Am\u00e9rica Latina e tamb\u00e9m o maior do Brasil em uma empresa fundada por mulheres. \u201cTive muito mais oferta do que pude pegar, o que foi um bom sinal.\u201d<\/p>\n<p>No processo, conversou com cerca de 70 fundos do Brasil e do exterior. \u201cNa grande maioria das vezes, n\u00e3o havia uma mulher na sala. Nessas horas a gente se questiona, mas \u00e9 a\u00ed que me d\u00e1 coragem.\u201d<\/p>\n<p>Hoje, com uma beb\u00ea de 9 meses, ela quer mostrar para seus quase 800 funcion\u00e1rios \u2013 60% mulheres \u2013 que maternidade e lideran\u00e7a caminham juntas. \u201cN\u00e3o posso romantizar, \u00e9 muito desafiador, mas com exemplos vamos tornando cada vez mais poss\u00edvel.\u201d<\/p>\n<p>As licen\u00e7as da CEO e da COO \u2013 sua cofundadora e, mais tarde, tamb\u00e9m esposa \u2013, foram bem planejadas. \u201cNingu\u00e9m \u00e9 insubstitu\u00edvel. Eu tenho um impacto importante na Gupy, mas se isso fosse um problema, j\u00e1 diria muito sobre a minha lideran\u00e7a.\u201d Ela gosta de desafiar o time e n\u00e3o hesita em chorar em uma reuni\u00e3o. \u201cAmo ser a pessoa da vis\u00e3o e combinar o lado vision\u00e1rio com o humano. \u00c9 da\u00ed que vem minha maior pot\u00eancia.\u201d<\/p>\n<h2>Reinven\u00e7\u00e3o constante<\/h2>\n<p>A empreendedora se provoca para buscar reinven\u00e7\u00e3o o tempo todo \u2013 e puxa o time para fazer o mesmo. \u201cSou a maior entusiasta da IA, mas da IA regulada\u201d, pondera. \u201cMais do que nunca, o humano ser\u00e1 essencial. Porque, em um mundo onde a tecnologia se torna mais acess\u00edvel, o que vai diferenciar as empresas? As pessoas.\u201d<\/p>\n<p>Mariana tamb\u00e9m \u00e9 conselheira da <strong>Endeavor<\/strong> e cofundadora da M\u00e1fia do Moscatel, iniciativa que apoia mais de 100 mulheres fundadoras. \u201cAgora, com uma menininha, tenho me desafiado ainda mais a criar um mundo melhor.\u201d<\/p>\n<p>Em uma jornada recheada de desafios, entre convencer o mercado e captar investimentos, ficou uma li\u00e7\u00e3o: \u201cN\u00e3o desperdice uma crise. O que voc\u00ea faz nos momentos dif\u00edceis \u00e9 o que te diferencia\u201d, diz ela, ao contar como dobrou o tamanho da empresa ap\u00f3s perder 70% dos clientes durante a pandemia. \u201cEu gosto do problema. Se pudesse escolher um pa\u00eds para empreender, mesmo com todos os desafios, ainda escolheria o Brasil. Porque onde tem problema, tem oportunidade.\u201d<\/p>\n<p><strong><em>*Mat\u00e9ria originalmente publicada na lista Forbes The Founders 2025.<\/em><\/strong><\/p>\n<aside>\n<h2>Escolhas do editor<\/h2>\n<div class=\"swiper swpr_escolhaseditor mod-leia-tambem\" style=\"overflow:hidden\">\n<ul class=\"swiper-wrapper\">\n<li class=\"swiper-slide\">\n<figure class=\"leia-tambem-thumb\">\n\t\t<img data-recalc-dims=\"1\" decoding=\"async\" width=\"300\" height=\"200\" src=\"https:\/\/i0.wp.com\/forbes.com.br\/wp-content\/uploads\/2025\/08\/O-decantador-Port-Ellen-Prism-projetado-pelo-artista-Wilfried-Grootens-captura-camadas-giratorias-de-fumaca-no-vidro-para-refletir-a-profundidade-e-o-carater-do-uisque-300x200.jpg?resize=300%2C200&#038;ssl=1\" class=\"attachment-cb-medium size-cb-medium wp-post-image\" alt=\"\" loading=\"lazy\" \/>\t\t<\/figure>\n<div class=\"leia-tambem-caption\">\n\t\t\tEscolhas do editor\t\t<\/div>\n<h3 class=\"leia-tambem-title\">Este U\u00edsque de 46 Anos Pode Alcan\u00e7ar US$ 400 Mil em Leil\u00e3o<\/h3>\n<\/li>\n<li class=\"swiper-slide\">\n<figure class=\"leia-tambem-thumb\">\n\t\t<img data-recalc-dims=\"1\" decoding=\"async\" width=\"300\" height=\"200\" src=\"https:\/\/i0.wp.com\/forbes.com.br\/wp-content\/uploads\/2025\/08\/Life_El-Cellar-de-Can-Roca-300x200.jpg?resize=300%2C200&#038;ssl=1\" class=\"attachment-cb-medium size-cb-medium wp-post-image\" alt=\"\" loading=\"lazy\" \/>\t\t<\/figure>\n<div class=\"leia-tambem-caption\">\n\t\t\tEscolhas do editor\t\t<\/div>\n<h3 class=\"leia-tambem-title\">Os Restaurantes Mais Dif\u00edceis de Reservar no Mundo<\/h3>\n<\/li>\n<li class=\"swiper-slide\">\n<figure class=\"leia-tambem-thumb\">\n\t\t<img data-recalc-dims=\"1\" decoding=\"async\" width=\"300\" height=\"200\" src=\"https:\/\/i0.wp.com\/forbes.com.br\/wp-content\/uploads\/2025\/08\/alberto-bertone-acqua-sant-anna_20ago25_AS__Divulg-300x200.jpg?resize=300%2C200&#038;ssl=1\" class=\"attachment-cb-medium size-cb-medium wp-post-image\" alt=\"\" loading=\"lazy\" \/>\t\t<\/figure>\n<div class=\"leia-tambem-caption\">\n\t\t\tEscolhas do editor\t\t<\/div>\n<h3 class=\"leia-tambem-title\">Produtor de \u00c1gua Faz um Imp\u00e9rio a Partir de uma Fonte<\/h3>\n<\/li>\n<li class=\"swiper-slide\">\n<figure class=\"leia-tambem-thumb\">\n\t\t<img data-recalc-dims=\"1\" decoding=\"async\" width=\"300\" height=\"200\" src=\"https:\/\/i0.wp.com\/forbes.com.br\/wp-content\/uploads\/2025\/07\/Life_0.Craiova-Art-Museum-300x200.jpg?resize=300%2C200&#038;ssl=1\" class=\"attachment-cb-medium size-cb-medium wp-post-image\" alt=\"\" loading=\"lazy\" \/>\t\t<\/figure>\n<div class=\"leia-tambem-caption\">\n\t\t\tEscolhas do editor\t\t<\/div>\n<h3 class=\"leia-tambem-title\">10 Cidades Europeias Ideais para Passeios Culturais em 2025<\/h3>\n<\/li>\n<li class=\"swiper-slide\">\n<figure class=\"leia-tambem-thumb\">\n\t\t<img data-recalc-dims=\"1\" decoding=\"async\" width=\"300\" height=\"200\" src=\"https:\/\/i0.wp.com\/forbes.com.br\/wp-content\/uploads\/2025\/08\/Nasa-Robo-300x200.jpg?resize=300%2C200&#038;ssl=1\" class=\"attachment-cb-medium size-cb-medium wp-post-image\" alt=\"\" loading=\"lazy\" \/>\t\t<\/figure>\n<div class=\"leia-tambem-caption\">\n\t\t\tEscolhas do editor\t\t<\/div>\n<h3 class=\"leia-tambem-title\">Ex-engenheiro da Nasa Treina Rob\u00f4s para Empresas de Cannabis<\/h3>\n<\/li>\n<li class=\"swiper-slide\">\n<figure class=\"leia-tambem-thumb\">\n\t\t<img data-recalc-dims=\"1\" decoding=\"async\" width=\"300\" height=\"200\" src=\"https:\/\/i0.wp.com\/forbes.com.br\/wp-content\/uploads\/2025\/08\/criancas-redes-sociais-capa-300x200.png?resize=300%2C200&#038;ssl=1\" class=\"attachment-cb-medium size-cb-medium wp-post-image\" alt=\"Crian\u00e7a utilizando um celular\" loading=\"lazy\" \/>\t\t<\/figure>\n<div class=\"leia-tambem-caption\">\n\t\t\tEscolhas do editor\t\t<\/div>\n<h3 class=\"leia-tambem-title\">Crian\u00e7as e Redes: Como Enfrentar os Dilemas Dessa Rela\u00e7\u00e3o<\/h3>\n<\/li>\n<\/ul>\n<div class=\"swiper-pagination\"><\/div>\n<\/div>\n<\/aside>\n<p>O post Mariana Dias, CEO da Gupy: \u201cOnde Tem Problema, Tem Oportunidade&quot; apareceu primeiro em Forbes Brasil.<\/p>\n<p><br \/>\n<br \/><a href=\"https:\/\/forbes.com.br\/carreira\/2025\/08\/mariana-dias-ceo-da-gupy-onde-tem-problema-tem-oportunidade\/\">Source link <\/a><\/p>\n<div class='code-block code-block-4' style='margin: 8px auto 8px 0; text-align: left; display: block; clear: both;'>\n\ud83d\udce2 Aviso Legal\n\nO site ismaelcolosi.com.br atua apenas como um canal de divulga\u00e7\u00e3o de oportunidades de emprego e n\u00e3o se responsabiliza pelo processo seletivo, contrata\u00e7\u00e3o ou qualquer outra etapa relacionada \u00e0s vagas publicadas. Todas as informa\u00e7\u00f5es s\u00e3o de responsabilidade dos anunciantes.\n\n\u26a0\ufe0f Aten\u00e7\u00e3o! Nunca pague por promessas de emprego nem compre cursos que garantam contrata\u00e7\u00e3o. Desconfie de qualquer cobran\u00e7a para participar de sele\u00e7\u00f5es.\n\n\n\n<\/div>\n<!-- CONTENT END 1 -->\n","protected":false},"excerpt":{"rendered":"<p>Forbes, a mais conceituada revista de neg\u00f3cios e economia do mundo. Quando entrou no programa de trainee da Ambev, Mariana Dias estava certa de que&#8230;<\/p>\n","protected":false},"author":1,"featured_media":87266,"comment_status":"","ping_status":"open","sticky":false,"template":"","format":"standard","meta":{"_uag_custom_page_level_css":"","advanced_seo_description":"","jetpack_seo_html_title":"","jetpack_seo_noindex":false,"jetpack_post_was_ever_published":false,"_jetpack_newsletter_access":"","_jetpack_dont_email_post_to_subs":false,"_jetpack_newsletter_tier_id":0,"_jetpack_memberships_contains_paywalled_content":false,"_jetpack_memberships_contains_paid_content":false,"footnotes":"","jetpack_publicize_message":"","jetpack_publicize_feature_enabled":true,"jetpack_social_post_already_shared":true,"jetpack_social_options":{"image_generator_settings":{"template":"highway","default_image_id":0,"font":"","enabled":false},"version":2}},"categories":[1964],"tags":[],"class_list":["post-87265","post","type-post","status-publish","format-standard","has-post-thumbnail","hentry","category-carreira-e-sucesso-dicas-para-carreira"],"jetpack_publicize_connections":[],"jetpack_featured_media_url":"https:\/\/i0.wp.com\/ismaelcolosi.com.br\/wp-content\/uploads\/2025\/08\/mulher-mariana-dias-gupy-1200x675.png?fit=1200%2C675&ssl=1","uagb_featured_image_src":{"full":["https:\/\/i0.wp.com\/ismaelcolosi.com.br\/wp-content\/uploads\/2025\/08\/mulher-mariana-dias-gupy-1200x675.png?fit=1200%2C675&ssl=1",1200,675,false],"thumbnail":["https:\/\/i0.wp.com\/ismaelcolosi.com.br\/wp-content\/uploads\/2025\/08\/mulher-mariana-dias-gupy-1200x675.png?resize=150%2C150&ssl=1",150,150,true],"medium":["https:\/\/i0.wp.com\/ismaelcolosi.com.br\/wp-content\/uploads\/2025\/08\/mulher-mariana-dias-gupy-1200x675.png?fit=300%2C169&ssl=1",300,169,true],"medium_large":["https:\/\/i0.wp.com\/ismaelcolosi.com.br\/wp-content\/uploads\/2025\/08\/mulher-mariana-dias-gupy-1200x675.png?fit=768%2C432&ssl=1",768,432,true],"large":["https:\/\/i0.wp.com\/ismaelcolosi.com.br\/wp-content\/uploads\/2025\/08\/mulher-mariana-dias-gupy-1200x675.png?fit=1024%2C576&ssl=1",1024,576,true],"1536x1536":["https:\/\/i0.wp.com\/ismaelcolosi.com.br\/wp-content\/uploads\/2025\/08\/mulher-mariana-dias-gupy-1200x675.png?fit=1200%2C675&ssl=1",1200,675,true],"2048x2048":["https:\/\/i0.wp.com\/ismaelcolosi.com.br\/wp-content\/uploads\/2025\/08\/mulher-mariana-dias-gupy-1200x675.png?fit=1200%2C675&ssl=1",1200,675,true],"really-simple-thumb":["https:\/\/i0.wp.com\/ismaelcolosi.com.br\/wp-content\/uploads\/2025\/08\/mulher-mariana-dias-gupy-1200x675.png?resize=370%2C247&ssl=1",370,247,true]},"uagb_author_info":{"display_name":"ismaelcolosi.com.br","author_link":"https:\/\/ismaelcolosi.com.br\/index.php\/author\/vidareal-online\/"},"uagb_comment_info":0,"uagb_excerpt":"Forbes, a mais conceituada revista de neg\u00f3cios e economia do mundo. Quando entrou no programa de trainee da Ambev, Mariana Dias estava certa de que...","jetpack-related-posts":[{"id":89662,"url":"https:\/\/ismaelcolosi.com.br\/index.php\/2026\/03\/27\/na-era-da-ia-rh-vira-rha-e-ganha-papel-mais-estrategico-diz-ceo-da-gupy\/","url_meta":{"origin":87265,"position":0},"title":"Na Era da IA, RH Vira RHA e Ganha Papel Mais Estrat\u00e9gico, diz CEO da Gupy","author":"ismaelcolosi.com.br","date":"27 de March de 2026","format":false,"excerpt":"O RH morreu. \u00c9 o que diz a fundadora e CEO da Gupy, Mariana Dias. \u201cO que existe agora \u00e9 a \u00e1rea de recursos humanos e aut\u00f4nomos, que estamos chamando de RHA\u201d, explicou \u00e0 Forbes durante o HR4 Results, evento que reuniu cerca de sete mil pessoas na \u00faltima semana.\u2026","rel":"","context":"In &quot;Carreira e Sucesso&quot;","block_context":{"text":"Carreira e Sucesso","link":"https:\/\/ismaelcolosi.com.br\/index.php\/category\/carreira-e-sucesso-dicas-para-carreira\/"},"img":{"alt_text":"","src":"https:\/\/i0.wp.com\/ismaelcolosi.com.br\/wp-content\/uploads\/2026\/03\/carreira-mariana-dias-gupy-1200x675.jpg?fit=1200%2C675&ssl=1&resize=350%2C200","width":350,"height":200,"srcset":"https:\/\/i0.wp.com\/ismaelcolosi.com.br\/wp-content\/uploads\/2026\/03\/carreira-mariana-dias-gupy-1200x675.jpg?fit=1200%2C675&ssl=1&resize=350%2C200 1x, https:\/\/i0.wp.com\/ismaelcolosi.com.br\/wp-content\/uploads\/2026\/03\/carreira-mariana-dias-gupy-1200x675.jpg?fit=1200%2C675&ssl=1&resize=525%2C300 1.5x, https:\/\/i0.wp.com\/ismaelcolosi.com.br\/wp-content\/uploads\/2026\/03\/carreira-mariana-dias-gupy-1200x675.jpg?fit=1200%2C675&ssl=1&resize=700%2C400 2x, https:\/\/i0.wp.com\/ismaelcolosi.com.br\/wp-content\/uploads\/2026\/03\/carreira-mariana-dias-gupy-1200x675.jpg?fit=1200%2C675&ssl=1&resize=1050%2C600 3x"},"classes":[]},{"id":31813,"url":"https:\/\/ismaelcolosi.com.br\/index.php\/2024\/01\/23\/gupy-admite-desafios-da-ia-e-lanca-compromisso-focado-em-etica-e-transparencia\/","url_meta":{"origin":87265,"position":1},"title":"Gupy admite desafios da IA e lan\u00e7a compromisso focado em \u00e9tica e transpar\u00eancia","author":"ismaelcolosi.com.br","date":"23 de January de 2024","format":false,"excerpt":"Mariana Dias: \u201ca Gupy destaca a transforma\u00e7\u00e3o positiva no cen\u00e1rio de RH desde o surgimento de novas tecnologia\u201d A Gupy, HR Tech l\u00edder no segmento de recrutamento via intelig\u00eancia artificial, lan\u00e7ou, na noite desta segunda-feira, 22, em um evento interno, um posicionamento para o uso \u00e9tico da IA. O compromisso,\u2026","rel":"","context":"In &quot;Carreira e Sucesso&quot;","block_context":{"text":"Carreira e Sucesso","link":"https:\/\/ismaelcolosi.com.br\/index.php\/category\/carreira-e-sucesso-dicas-para-carreira\/"},"img":{"alt_text":"","src":"https:\/\/i0.wp.com\/ismaelcolosi.com.br\/wp-content\/uploads\/2024\/01\/Gupy_MarianaDiasCEO-1024x683.jpg?fit=1024%2C683&ssl=1&resize=350%2C200","width":350,"height":200,"srcset":"https:\/\/i0.wp.com\/ismaelcolosi.com.br\/wp-content\/uploads\/2024\/01\/Gupy_MarianaDiasCEO-1024x683.jpg?fit=1024%2C683&ssl=1&resize=350%2C200 1x, https:\/\/i0.wp.com\/ismaelcolosi.com.br\/wp-content\/uploads\/2024\/01\/Gupy_MarianaDiasCEO-1024x683.jpg?fit=1024%2C683&ssl=1&resize=525%2C300 1.5x, https:\/\/i0.wp.com\/ismaelcolosi.com.br\/wp-content\/uploads\/2024\/01\/Gupy_MarianaDiasCEO-1024x683.jpg?fit=1024%2C683&ssl=1&resize=700%2C400 2x"},"classes":[]},{"id":89293,"url":"https:\/\/ismaelcolosi.com.br\/index.php\/2026\/02\/26\/conheca-os-fundadores-por-tras-da-hrtech-brasileira-que-levantou-r-90-milhoes\/","url_meta":{"origin":87265,"position":2},"title":"Conhe\u00e7a os Fundadores por tr\u00e1s da HRtech Brasileira Que Levantou R$ 90 Milh\u00f5es","author":"ismaelcolosi.com.br","date":"26 de February de 2026","format":false,"excerpt":"A Comp, HRtech brasileira que usa intelig\u00eancia artificial para melhorar processos de gest\u00e3o de pessoas nas empresas, levantou US$ 17,5 milh\u00f5es (R$ 90 milh\u00f5es) em uma rodada liderada pela americana Khosla Ventures na \u00faltima semana. A startup de RH, que cresceu 400% em faturamento em 2025 e tem clientes como\u2026","rel":"","context":"In &quot;Carreira e Sucesso&quot;","block_context":{"text":"Carreira e Sucesso","link":"https:\/\/ismaelcolosi.com.br\/index.php\/category\/carreira-e-sucesso-dicas-para-carreira\/"},"img":{"alt_text":"","src":"https:\/\/i0.wp.com\/ismaelcolosi.com.br\/wp-content\/uploads\/2026\/02\/fundadores-da-comp-1200x675.jpg?fit=1200%2C675&ssl=1&resize=350%2C200","width":350,"height":200,"srcset":"https:\/\/i0.wp.com\/ismaelcolosi.com.br\/wp-content\/uploads\/2026\/02\/fundadores-da-comp-1200x675.jpg?fit=1200%2C675&ssl=1&resize=350%2C200 1x, https:\/\/i0.wp.com\/ismaelcolosi.com.br\/wp-content\/uploads\/2026\/02\/fundadores-da-comp-1200x675.jpg?fit=1200%2C675&ssl=1&resize=525%2C300 1.5x, https:\/\/i0.wp.com\/ismaelcolosi.com.br\/wp-content\/uploads\/2026\/02\/fundadores-da-comp-1200x675.jpg?fit=1200%2C675&ssl=1&resize=700%2C400 2x, https:\/\/i0.wp.com\/ismaelcolosi.com.br\/wp-content\/uploads\/2026\/02\/fundadores-da-comp-1200x675.jpg?fit=1200%2C675&ssl=1&resize=1050%2C600 3x"},"classes":[]},{"id":89299,"url":"https:\/\/ismaelcolosi.com.br\/index.php\/2026\/02\/26\/conheca-os-fundadores-por-tras-da-hrtech-brasileira-que-levantou-r-100-milhoes\/","url_meta":{"origin":87265,"position":3},"title":"Conhe\u00e7a os Fundadores por tr\u00e1s da HRtech Brasileira Que Levantou R$ 100 Milh\u00f5es","author":"ismaelcolosi.com.br","date":"26 de February de 2026","format":false,"excerpt":"A Comp, HRtech brasileira que usa intelig\u00eancia artificial para melhorar processos de gest\u00e3o de pessoas nas empresas, levantou mais US$ 20 milh\u00f5es (R$ 100 milh\u00f5es considerando a taxa de c\u00e2mbio no momento em que trouxeram o capital) em uma rodada liderada pela americana Khosla Ventures na \u00faltima semana. A startup\u2026","rel":"","context":"In &quot;Carreira e Sucesso&quot;","block_context":{"text":"Carreira e Sucesso","link":"https:\/\/ismaelcolosi.com.br\/index.php\/category\/carreira-e-sucesso-dicas-para-carreira\/"},"img":{"alt_text":"","src":"https:\/\/i0.wp.com\/ismaelcolosi.com.br\/wp-content\/uploads\/2026\/02\/1772127397_fundadores-da-comp-1200x675.jpg?fit=1200%2C675&ssl=1&resize=350%2C200","width":350,"height":200,"srcset":"https:\/\/i0.wp.com\/ismaelcolosi.com.br\/wp-content\/uploads\/2026\/02\/1772127397_fundadores-da-comp-1200x675.jpg?fit=1200%2C675&ssl=1&resize=350%2C200 1x, https:\/\/i0.wp.com\/ismaelcolosi.com.br\/wp-content\/uploads\/2026\/02\/1772127397_fundadores-da-comp-1200x675.jpg?fit=1200%2C675&ssl=1&resize=525%2C300 1.5x, https:\/\/i0.wp.com\/ismaelcolosi.com.br\/wp-content\/uploads\/2026\/02\/1772127397_fundadores-da-comp-1200x675.jpg?fit=1200%2C675&ssl=1&resize=700%2C400 2x, https:\/\/i0.wp.com\/ismaelcolosi.com.br\/wp-content\/uploads\/2026\/02\/1772127397_fundadores-da-comp-1200x675.jpg?fit=1200%2C675&ssl=1&resize=1050%2C600 3x"},"classes":[]},{"id":89295,"url":"https:\/\/ismaelcolosi.com.br\/index.php\/2026\/02\/26\/o-dado-que-esta-forcando-os-ceos-a-repensar-a-gestao-de-pessoas\/","url_meta":{"origin":87265,"position":4},"title":"o dado que est\u00e1 for\u00e7ando os CEOs a repensar a gest\u00e3o de pessoas","author":"ismaelcolosi.com.br","date":"26 de February de 2026","format":false,"excerpt":"A era das m\u00e9tricas isoladas de RH chegou ao fim. Em um mercado onde a rotatividade \u00e9 apenas o sintoma vis\u00edvel de um ecossistema pressionado por burnout, lacunas de atratividade e a complexidade do trabalho h\u00edbrido, a gest\u00e3o de talentos migrou definitivamente para o centro da tomada de decis\u00f5es. Hoje,\u2026","rel":"","context":"In &quot;Carreira e Sucesso&quot;","block_context":{"text":"Carreira e Sucesso","link":"https:\/\/ismaelcolosi.com.br\/index.php\/category\/carreira-e-sucesso-dicas-para-carreira\/"},"img":{"alt_text":"","src":"https:\/\/i0.wp.com\/ismaelcolosi.com.br\/wp-content\/uploads\/2026\/02\/gupy-1200x675.jpg?fit=1200%2C675&ssl=1&resize=350%2C200","width":350,"height":200,"srcset":"https:\/\/i0.wp.com\/ismaelcolosi.com.br\/wp-content\/uploads\/2026\/02\/gupy-1200x675.jpg?fit=1200%2C675&ssl=1&resize=350%2C200 1x, https:\/\/i0.wp.com\/ismaelcolosi.com.br\/wp-content\/uploads\/2026\/02\/gupy-1200x675.jpg?fit=1200%2C675&ssl=1&resize=525%2C300 1.5x, https:\/\/i0.wp.com\/ismaelcolosi.com.br\/wp-content\/uploads\/2026\/02\/gupy-1200x675.jpg?fit=1200%2C675&ssl=1&resize=700%2C400 2x, https:\/\/i0.wp.com\/ismaelcolosi.com.br\/wp-content\/uploads\/2026\/02\/gupy-1200x675.jpg?fit=1200%2C675&ssl=1&resize=1050%2C600 3x"},"classes":[]},{"id":14107,"url":"https:\/\/ismaelcolosi.com.br\/index.php\/2023\/12\/11\/setor-agropecuario-tem-os-maiores-salarios-diz-pesquisa\/","url_meta":{"origin":87265,"position":5},"title":"Setor agropecu\u00e1rio tem os maiores sal\u00e1rios, diz pesquisa","author":"ismaelcolosi.com.br","date":"11 de December de 2023","format":false,"excerpt":"Getty ImagesO aprendizado constante ao longo da carreira se mostra fundamental para a valoriza\u00e7\u00e3o salarial O setor agropecu\u00e1rio foi o que apresentou as maiores m\u00e9dias salariais em 42,8% dos 14 cargos dentro de 5 setores analisados pela empresa de tecnologia para RH Gupy. Um diretor de empresa agropecu\u00e1ria tem uma\u2026","rel":"","context":"In &quot;Carreira e Sucesso&quot;","block_context":{"text":"Carreira e Sucesso","link":"https:\/\/ismaelcolosi.com.br\/index.php\/category\/carreira-e-sucesso-dicas-para-carreira\/"},"img":{"alt_text":"","src":"https:\/\/i0.wp.com\/ismaelcolosi.com.br\/wp-content\/uploads\/2023\/12\/carreira-cargos-agro-1024x683.jpg?fit=1024%2C683&ssl=1&resize=350%2C200","width":350,"height":200,"srcset":"https:\/\/i0.wp.com\/ismaelcolosi.com.br\/wp-content\/uploads\/2023\/12\/carreira-cargos-agro-1024x683.jpg?fit=1024%2C683&ssl=1&resize=350%2C200 1x, https:\/\/i0.wp.com\/ismaelcolosi.com.br\/wp-content\/uploads\/2023\/12\/carreira-cargos-agro-1024x683.jpg?fit=1024%2C683&ssl=1&resize=525%2C300 1.5x, https:\/\/i0.wp.com\/ismaelcolosi.com.br\/wp-content\/uploads\/2023\/12\/carreira-cargos-agro-1024x683.jpg?fit=1024%2C683&ssl=1&resize=700%2C400 2x"},"classes":[]}],"jetpack_sharing_enabled":true,"jetpack_shortlink":"https:\/\/wp.me\/pfMlyK-mHv","_links":{"self":[{"href":"https:\/\/ismaelcolosi.com.br\/index.php\/wp-json\/wp\/v2\/posts\/87265","targetHints":{"allow":["GET"]}}],"collection":[{"href":"https:\/\/ismaelcolosi.com.br\/index.php\/wp-json\/wp\/v2\/posts"}],"about":[{"href":"https:\/\/ismaelcolosi.com.br\/index.php\/wp-json\/wp\/v2\/types\/post"}],"author":[{"embeddable":true,"href":"https:\/\/ismaelcolosi.com.br\/index.php\/wp-json\/wp\/v2\/users\/1"}],"replies":[{"embeddable":true,"href":"https:\/\/ismaelcolosi.com.br\/index.php\/wp-json\/wp\/v2\/comments?post=87265"}],"version-history":[{"count":0,"href":"https:\/\/ismaelcolosi.com.br\/index.php\/wp-json\/wp\/v2\/posts\/87265\/revisions"}],"wp:featuredmedia":[{"embeddable":true,"href":"https:\/\/ismaelcolosi.com.br\/index.php\/wp-json\/wp\/v2\/media\/87266"}],"wp:attachment":[{"href":"https:\/\/ismaelcolosi.com.br\/index.php\/wp-json\/wp\/v2\/media?parent=87265"}],"wp:term":[{"taxonomy":"category","embeddable":true,"href":"https:\/\/ismaelcolosi.com.br\/index.php\/wp-json\/wp\/v2\/categories?post=87265"},{"taxonomy":"post_tag","embeddable":true,"href":"https:\/\/ismaelcolosi.com.br\/index.php\/wp-json\/wp\/v2\/tags?post=87265"}],"curies":[{"name":"wp","href":"https:\/\/api.w.org\/{rel}","templated":true}]}}