{"id":8726,"date":"2023-11-30T18:38:04","date_gmt":"2023-11-30T21:38:04","guid":{"rendered":"https:\/\/ismaelcolosi.com.br\/index.php\/2023\/11\/30\/esta-dor-pouco-conhecida-pode-ser-sinal-de-cancer-de-prostata\/"},"modified":"2023-11-30T18:38:04","modified_gmt":"2023-11-30T21:38:04","slug":"esta-dor-pouco-conhecida-pode-ser-sinal-de-cancer-de-prostata","status":"publish","type":"post","link":"https:\/\/ismaelcolosi.com.br\/index.php\/2023\/11\/30\/esta-dor-pouco-conhecida-pode-ser-sinal-de-cancer-de-prostata\/","title":{"rendered":"Esta dor pouco conhecida pode ser sinal de c\u00e2ncer de pr\u00f3stata"},"content":{"rendered":"<p> <br \/>\n<\/p>\n<div id=\"attachment_2315700\">\n<div class=\"d-flex justify-content-center\" data-attachment-id=\"2315700\">\n<div class=\"position-relative d-inline-block\"><img data-recalc-dims=\"1\" data-portal-copyright=\"bymuratdeniz\/istock\" fetchpriority=\"high\" decoding=\"async\" class=\"size-large wp-image-2315700\" src=\"https:\/\/i0.wp.com\/catracalivre.com.br\/wp-content\/uploads\/2023\/11\/istock-1188260566-910x607.jpg?resize=910%2C607&#038;ssl=1\" alt=\"Conhe\u00e7a um sintoma pouco relacionado ao c\u00e2ncer de pr\u00f3stata\" width=\"910\" height=\"607\" srcset=\"https:\/\/catracalivre.com.br\/wp-content\/uploads\/2023\/11\/istock-1188260566-910x607.jpg 910w, https:\/\/catracalivre.com.br\/wp-content\/uploads\/2023\/11\/istock-1188260566-450x300.jpg 450w, https:\/\/catracalivre.com.br\/wp-content\/uploads\/2023\/11\/istock-1188260566-768x512.jpg 768w\" sizes=\"(max-width: 910px) 100vw, 910px\"\/><\/p>\n<p>Cr\u00e9ditos: bymuratdeniz\/istock<\/p><div class='code-block code-block-8' style='margin: 8px auto; text-align: center; display: block; clear: both;'>\n<script>\n  atOptions = {\n    'key' : '66e2e2111ca34da796271819fc334058',\n    'format' : 'iframe',\n    'height' : 250,\n    'width' : 300,\n    'params' : {}\n  };\n<\/script>\n<script src=\"https:\/\/www.highperformanceformat.com\/66e2e2111ca34da796271819fc334058\/invoke.js\"><\/script>\n<\/div>\n\n<\/div>\n<\/div>\n<p><span class=\"post-imagem__legenda\">Conhe\u00e7a um sintoma pouco relacionado ao c\u00e2ncer de pr\u00f3stata<\/span><\/p>\n<\/div>\n<p>Mas um sintoma pouco conhecido que tamb\u00e9m pode ocorrer \u00e9 dor lombar, que ocorre em caso de met\u00e1stase para a coluna e a pelve.<\/p>\n<p>\u00c9 claro que a dor lombar isolada n\u00e3o necessariamente \u00e9 resultado do c\u00e2ncer. Ela pode ser causada por v\u00e1rias outras condi\u00e7\u00f5es.<\/p>\n<p>Mas quando essa dor vem acompanhada de perda de apetite ou perda de peso n\u00e3o intencional deve ser motivo de investiga\u00e7\u00e3o.<\/p>\n<p>O c\u00e2ncer da pr\u00f3stata \u00e9 dif\u00edcil de detectar, pois geralmente n\u00e3o causa dor ou outro sintoma nos est\u00e1gios iniciais.<\/p>\n<p>A pr\u00f3stata \u00e9 uma pequena gl\u00e2ndula localizada abaixo da bexiga e na frente do reto que transporta a urina e o s\u00eamen para fora do corpo.<\/p>\n<p>O diagn\u00f3stico do c\u00e2ncer de pr\u00f3stata pode variar em termos de complexidade, mas geralmente envolve uma combina\u00e7\u00e3o de exames cl\u00ednicos, testes laboratoriais e, em alguns casos, bi\u00f3psia. Vou explicar alguns dos m\u00e9todos de diagn\u00f3stico comuns:<\/p>\n<p><script>\n\t\t! function(f, b, e, v, n, t, s) {\n\t\t\tif (f.fbq) return;\n\t\t\tn = f.fbq = function() {\n\t\t\t\tn.callMethod ?\n\t\t\t\t\tn.callMethod.apply(n, arguments) : n.queue.push(arguments)\n\t\t\t};\n\t\t\tif (!f._fbq) f._fbq = n;\n\t\t\tn.push = n;\n\t\t\tn.loaded = !0;\n\t\t\tn.version = '2.0';\n\t\t\tn.queue = [];\n\t\t\tt = b.createElement(e);\n\t\t\tt.async = !0;\n\t\t\tt.src = v;\n\t\t\ts = b.getElementsByTagName(e)[0];\n\t\t\ts.parentNode.insertBefore(t, s)\n\t\t}(window, document, 'script',\n\t\t\t'https:\/\/connect.facebook.net\/en_US\/fbevents.js');\n\t\tfbq('init', '338315473262380');\n\t\tfbq('track', 'PageView');\n\t<\/script><br \/>\n<br \/><br \/>\n<br \/><a href=\"https:\/\/catracalivre.com.br\/saude-bem-estar\/esta-dor-pouco-conhecida-pode-ser-sinal-de-cancer-de-prostata\/\">Source link <\/a><\/p>\n<div class='code-block code-block-4' style='margin: 8px auto 8px 0; text-align: left; display: block; clear: both;'>\n\ud83d\udce2 Aviso Legal\n\nO site ismaelcolosi.com.br atua apenas como um canal de divulga\u00e7\u00e3o de oportunidades de emprego e n\u00e3o se responsabiliza pelo processo seletivo, contrata\u00e7\u00e3o ou qualquer outra etapa relacionada \u00e0s vagas publicadas. Todas as informa\u00e7\u00f5es s\u00e3o de responsabilidade dos anunciantes.\n\n\u26a0\ufe0f Aten\u00e7\u00e3o! Nunca pague por promessas de emprego nem compre cursos que garantam contrata\u00e7\u00e3o. Desconfie de qualquer cobran\u00e7a para participar de sele\u00e7\u00f5es.\n\n\n\n<\/div>\n<!-- CONTENT END 1 -->\n","protected":false},"excerpt":{"rendered":"<p>Cr\u00e9ditos: bymuratdeniz\/istock Conhe\u00e7a um sintoma pouco relacionado ao c\u00e2ncer de pr\u00f3stata Mas um sintoma pouco conhecido que tamb\u00e9m pode ocorrer \u00e9 dor lombar, que ocorre&#8230;<\/p>\n","protected":false},"author":1,"featured_media":8727,"comment_status":"open","ping_status":"open","sticky":false,"template":"","format":"standard","meta":{"_uag_custom_page_level_css":"","advanced_seo_description":"","jetpack_seo_html_title":"","jetpack_seo_noindex":false,"jetpack_post_was_ever_published":false,"_jetpack_newsletter_access":"","_jetpack_dont_email_post_to_subs":false,"_jetpack_newsletter_tier_id":0,"_jetpack_memberships_contains_paywalled_content":false,"_jetpack_memberships_contains_paid_content":false,"footnotes":"","jetpack_publicize_message":"","jetpack_publicize_feature_enabled":true,"jetpack_social_post_already_shared":true,"jetpack_social_options":{"image_generator_settings":{"template":"highway","default_image_id":0,"font":"","enabled":false},"version":2}},"categories":[19],"tags":[],"class_list":["post-8726","post","type-post","status-publish","format-standard","has-post-thumbnail","hentry","category-variedades"],"jetpack_publicize_connections":[],"jetpack_featured_media_url":"https:\/\/i0.wp.com\/ismaelcolosi.com.br\/wp-content\/uploads\/2023\/11\/istock-1188260566.jpg?fit=1200%2C638&ssl=1","uagb_featured_image_src":{"full":["https:\/\/i0.wp.com\/ismaelcolosi.com.br\/wp-content\/uploads\/2023\/11\/istock-1188260566.jpg?fit=1200%2C638&ssl=1",1200,638,false],"thumbnail":["https:\/\/i0.wp.com\/ismaelcolosi.com.br\/wp-content\/uploads\/2023\/11\/istock-1188260566.jpg?resize=150%2C150&ssl=1",150,150,true],"medium":["https:\/\/i0.wp.com\/ismaelcolosi.com.br\/wp-content\/uploads\/2023\/11\/istock-1188260566.jpg?fit=300%2C160&ssl=1",300,160,true],"medium_large":["https:\/\/i0.wp.com\/ismaelcolosi.com.br\/wp-content\/uploads\/2023\/11\/istock-1188260566.jpg?fit=768%2C408&ssl=1",768,408,true],"large":["https:\/\/i0.wp.com\/ismaelcolosi.com.br\/wp-content\/uploads\/2023\/11\/istock-1188260566.jpg?fit=1024%2C544&ssl=1",1024,544,true],"1536x1536":["https:\/\/i0.wp.com\/ismaelcolosi.com.br\/wp-content\/uploads\/2023\/11\/istock-1188260566.jpg?fit=1200%2C638&ssl=1",1200,638,true],"2048x2048":["https:\/\/i0.wp.com\/ismaelcolosi.com.br\/wp-content\/uploads\/2023\/11\/istock-1188260566.jpg?fit=1200%2C638&ssl=1",1200,638,true],"really-simple-thumb":["https:\/\/i0.wp.com\/ismaelcolosi.com.br\/wp-content\/uploads\/2023\/11\/istock-1188260566.jpg?resize=370%2C247&ssl=1",370,247,true]},"uagb_author_info":{"display_name":"ismaelcolosi.com.br","author_link":"https:\/\/ismaelcolosi.com.br\/index.php\/author\/vidareal-online\/"},"uagb_comment_info":0,"uagb_excerpt":"Cr\u00e9ditos: bymuratdeniz\/istock Conhe\u00e7a um sintoma pouco relacionado ao c\u00e2ncer de pr\u00f3stata Mas um sintoma pouco conhecido que tamb\u00e9m pode ocorrer \u00e9 dor lombar, que ocorre...","jetpack-related-posts":[{"id":9877,"url":"https:\/\/ismaelcolosi.com.br\/index.php\/2023\/12\/03\/sintoma-pouco-conhecido-pode-indicar-depressao-alertam-especialistas\/","url_meta":{"origin":8726,"position":0},"title":"Sintoma pouco conhecido pode indicar depress\u00e3o, alertam especialistas","author":"ismaelcolosi.com.br","date":"3 de December de 2023","format":false,"excerpt":"Cr\u00e9ditos: Getty Images\/iStockphotoSintoma pouco conhecido da depress\u00e3o, a anedonia n\u00e3o est\u00e1 associada apenas \u00e0 perda da alegria, mas tamb\u00e9m \u00e0 redu\u00e7\u00e3o da motiva\u00e7\u00e3o para realizar atividades \u2013 iStock\/Getty Images Considerada a principal causa de incapacidade dos dias atuais, a depress\u00e3o atinge mais de 300 milh\u00f5es pessoas, de todas as idades,\u2026","rel":"","context":"In &quot;Variedades&quot;","block_context":{"text":"Variedades","link":"https:\/\/ismaelcolosi.com.br\/index.php\/category\/variedades\/"},"img":{"alt_text":"","src":"https:\/\/i0.wp.com\/ismaelcolosi.com.br\/wp-content\/uploads\/2023\/12\/istock-1433282948.jpg?fit=1200%2C638&ssl=1&resize=350%2C200","width":350,"height":200,"srcset":"https:\/\/i0.wp.com\/ismaelcolosi.com.br\/wp-content\/uploads\/2023\/12\/istock-1433282948.jpg?fit=1200%2C638&ssl=1&resize=350%2C200 1x, https:\/\/i0.wp.com\/ismaelcolosi.com.br\/wp-content\/uploads\/2023\/12\/istock-1433282948.jpg?fit=1200%2C638&ssl=1&resize=525%2C300 1.5x, https:\/\/i0.wp.com\/ismaelcolosi.com.br\/wp-content\/uploads\/2023\/12\/istock-1433282948.jpg?fit=1200%2C638&ssl=1&resize=700%2C400 2x, https:\/\/i0.wp.com\/ismaelcolosi.com.br\/wp-content\/uploads\/2023\/12\/istock-1433282948.jpg?fit=1200%2C638&ssl=1&resize=1050%2C600 3x"},"classes":[]},{"id":6453,"url":"https:\/\/ismaelcolosi.com.br\/index.php\/2023\/11\/25\/sintoma-pouco-conhecido-pode-ser-percebido-no-banho\/","url_meta":{"origin":8726,"position":1},"title":"sintoma pouco conhecido pode ser percebido no banho","author":"ismaelcolosi.com.br","date":"25 de November de 2023","format":false,"excerpt":"Cr\u00e9ditos: haydenbird\/istockEm todo o mundo, em torno de 50 milh\u00f5es de pessoas est\u00e3o vivendo com dem\u00eancia. Saiba os sintomas \u2013 iStock\/Getty Images O envelhecimento \u00e9 um dos principais fatores de risco para a dem\u00eancia, doen\u00e7a que afeta o c\u00e9rebro e \u00e9 uma das principais causas de morte em todo o\u2026","rel":"","context":"In &quot;Variedades&quot;","block_context":{"text":"Variedades","link":"https:\/\/ismaelcolosi.com.br\/index.php\/category\/variedades\/"},"img":{"alt_text":"","src":"https:\/\/i0.wp.com\/ismaelcolosi.com.br\/wp-content\/uploads\/2023\/11\/istock-97873871-1.jpg?fit=1200%2C638&ssl=1&resize=350%2C200","width":350,"height":200,"srcset":"https:\/\/i0.wp.com\/ismaelcolosi.com.br\/wp-content\/uploads\/2023\/11\/istock-97873871-1.jpg?fit=1200%2C638&ssl=1&resize=350%2C200 1x, https:\/\/i0.wp.com\/ismaelcolosi.com.br\/wp-content\/uploads\/2023\/11\/istock-97873871-1.jpg?fit=1200%2C638&ssl=1&resize=525%2C300 1.5x, https:\/\/i0.wp.com\/ismaelcolosi.com.br\/wp-content\/uploads\/2023\/11\/istock-97873871-1.jpg?fit=1200%2C638&ssl=1&resize=700%2C400 2x, https:\/\/i0.wp.com\/ismaelcolosi.com.br\/wp-content\/uploads\/2023\/11\/istock-97873871-1.jpg?fit=1200%2C638&ssl=1&resize=1050%2C600 3x"},"classes":[]},{"id":19850,"url":"https:\/\/ismaelcolosi.com.br\/index.php\/2023\/12\/23\/problema-nos-olhos-pode-ser-sintoma-de-assassino-silencioso\/","url_meta":{"origin":8726,"position":2},"title":"Problema nos olhos pode ser sintoma de assassino silencioso","author":"ismaelcolosi.com.br","date":"23 de December de 2023","format":false,"excerpt":"Apelidada de assassina silenciosa, a press\u00e3o alta muitas vezes se estabelece sem chamar muita aten\u00e7\u00e3o. Os sintomas nem sempre s\u00e3o evidentes, mas um sinal revelador pode estar relacionado aos olhos. Os efeitos da hipertens\u00e3o na sa\u00fade ocular dependem inteiramente de qu\u00e3o alta ou descontrolada est\u00e1 a press\u00e3o arterial. A condi\u00e7\u00e3o\u2026","rel":"","context":"In &quot;Variedades&quot;","block_context":{"text":"Variedades","link":"https:\/\/ismaelcolosi.com.br\/index.php\/category\/variedades\/"},"img":{"alt_text":"","src":"https:\/\/i0.wp.com\/ismaelcolosi.com.br\/wp-content\/uploads\/2023\/12\/depositphotos-574322494-l.jpg?fit=1200%2C638&ssl=1&resize=350%2C200","width":350,"height":200,"srcset":"https:\/\/i0.wp.com\/ismaelcolosi.com.br\/wp-content\/uploads\/2023\/12\/depositphotos-574322494-l.jpg?fit=1200%2C638&ssl=1&resize=350%2C200 1x, https:\/\/i0.wp.com\/ismaelcolosi.com.br\/wp-content\/uploads\/2023\/12\/depositphotos-574322494-l.jpg?fit=1200%2C638&ssl=1&resize=525%2C300 1.5x, https:\/\/i0.wp.com\/ismaelcolosi.com.br\/wp-content\/uploads\/2023\/12\/depositphotos-574322494-l.jpg?fit=1200%2C638&ssl=1&resize=700%2C400 2x, https:\/\/i0.wp.com\/ismaelcolosi.com.br\/wp-content\/uploads\/2023\/12\/depositphotos-574322494-l.jpg?fit=1200%2C638&ssl=1&resize=1050%2C600 3x"},"classes":[]},{"id":13667,"url":"https:\/\/ismaelcolosi.com.br\/index.php\/2023\/12\/10\/perda-de-peso-e-um-dos-principais-sintomas-ignorados-do-cancer\/","url_meta":{"origin":8726,"position":3},"title":"Perda de peso \u00e9 um dos principais sintomas ignorados do c\u00e2ncer","author":"ismaelcolosi.com.br","date":"10 de December de 2023","format":false,"excerpt":"Cr\u00e9ditos: Getty ImagesPerda de peso se torna mais ainda mais preocupante quando associada a tumores s\u00f3lidos \u2013 iStock\/Getty Images Embora algumas pessoas enxerguem a perda de peso como algo positivo, estudos mostram que 40% das pessoas diagnosticadas com c\u00e2ncer apresentam esse sintoma quando recebem o diagn\u00f3stico. Sendo assim, perder muito\u2026","rel":"","context":"In &quot;Variedades&quot;","block_context":{"text":"Variedades","link":"https:\/\/ismaelcolosi.com.br\/index.php\/category\/variedades\/"},"img":{"alt_text":"","src":"https:\/\/i0.wp.com\/ismaelcolosi.com.br\/wp-content\/uploads\/2023\/12\/istock-1352225167.jpg?fit=1200%2C638&ssl=1&resize=350%2C200","width":350,"height":200,"srcset":"https:\/\/i0.wp.com\/ismaelcolosi.com.br\/wp-content\/uploads\/2023\/12\/istock-1352225167.jpg?fit=1200%2C638&ssl=1&resize=350%2C200 1x, https:\/\/i0.wp.com\/ismaelcolosi.com.br\/wp-content\/uploads\/2023\/12\/istock-1352225167.jpg?fit=1200%2C638&ssl=1&resize=525%2C300 1.5x, https:\/\/i0.wp.com\/ismaelcolosi.com.br\/wp-content\/uploads\/2023\/12\/istock-1352225167.jpg?fit=1200%2C638&ssl=1&resize=700%2C400 2x, https:\/\/i0.wp.com\/ismaelcolosi.com.br\/wp-content\/uploads\/2023\/12\/istock-1352225167.jpg?fit=1200%2C638&ssl=1&resize=1050%2C600 3x"},"classes":[]},{"id":21643,"url":"https:\/\/ismaelcolosi.com.br\/index.php\/2023\/12\/28\/sintoma-frequente-pode-indicar-aneurisma-cerebral\/","url_meta":{"origin":8726,"position":4},"title":"Sintoma frequente pode indicar aneurisma cerebral","author":"ismaelcolosi.com.br","date":"28 de December de 2023","format":false,"excerpt":"Cr\u00e9ditos: mr.suphachai praserdumrongchai\/istockOs aneurismas apresentam uma mortalidade de at\u00e9 40% em seu estado mais grave, alertam especialistas. Descubra alguns sintomas \u2013 iStock\/Getty Images Condi\u00e7\u00e3o de sa\u00fade potencialmente fatal, o aneurisma cerebral se caracteriza principalmente por uma dilata\u00e7\u00e3o anormal em uma das art\u00e9rias do c\u00e9rebro, criando uma esp\u00e9cie de \u201cbolsa\u201dque pode\u2026","rel":"","context":"In &quot;Variedades&quot;","block_context":{"text":"Variedades","link":"https:\/\/ismaelcolosi.com.br\/index.php\/category\/variedades\/"},"img":{"alt_text":"","src":"https:\/\/i0.wp.com\/ismaelcolosi.com.br\/wp-content\/uploads\/2023\/12\/aneurisma.jpg?fit=1200%2C638&ssl=1&resize=350%2C200","width":350,"height":200,"srcset":"https:\/\/i0.wp.com\/ismaelcolosi.com.br\/wp-content\/uploads\/2023\/12\/aneurisma.jpg?fit=1200%2C638&ssl=1&resize=350%2C200 1x, https:\/\/i0.wp.com\/ismaelcolosi.com.br\/wp-content\/uploads\/2023\/12\/aneurisma.jpg?fit=1200%2C638&ssl=1&resize=525%2C300 1.5x, https:\/\/i0.wp.com\/ismaelcolosi.com.br\/wp-content\/uploads\/2023\/12\/aneurisma.jpg?fit=1200%2C638&ssl=1&resize=700%2C400 2x, https:\/\/i0.wp.com\/ismaelcolosi.com.br\/wp-content\/uploads\/2023\/12\/aneurisma.jpg?fit=1200%2C638&ssl=1&resize=1050%2C600 3x"},"classes":[]},{"id":5372,"url":"https:\/\/ismaelcolosi.com.br\/index.php\/2023\/11\/23\/saiba-quando-e-onde-fazer-o-exame-de-prostata-gratuito\/","url_meta":{"origin":8726,"position":5},"title":"Saiba quando e onde fazer o exame de pr\u00f3stata gratuito","author":"ismaelcolosi.com.br","date":"23 de November de 2023","format":false,"excerpt":"O c\u00e2ncer de pr\u00f3stata \u00e9 o mais frequente entre os homens brasileiros depois do c\u00e2ncer de pele. A doen\u00e7a tem cura, e \u2013 assim como outros c\u00e2nceres, as chances s\u00e3o maiores quando detectada no in\u00edcio. Por isso a import\u00e2ncia da realiza\u00e7\u00e3o do exame preventivo. O toque retal ainda \u00e9 considerado\u2026","rel":"","context":"In &quot;Variedades&quot;","block_context":{"text":"Variedades","link":"https:\/\/ismaelcolosi.com.br\/index.php\/category\/variedades\/"},"img":{"alt_text":"","src":"https:\/\/i0.wp.com\/ismaelcolosi.com.br\/wp-content\/uploads\/2023\/11\/istock-1397034037.jpg?fit=1200%2C638&ssl=1&resize=350%2C200","width":350,"height":200,"srcset":"https:\/\/i0.wp.com\/ismaelcolosi.com.br\/wp-content\/uploads\/2023\/11\/istock-1397034037.jpg?fit=1200%2C638&ssl=1&resize=350%2C200 1x, https:\/\/i0.wp.com\/ismaelcolosi.com.br\/wp-content\/uploads\/2023\/11\/istock-1397034037.jpg?fit=1200%2C638&ssl=1&resize=525%2C300 1.5x, https:\/\/i0.wp.com\/ismaelcolosi.com.br\/wp-content\/uploads\/2023\/11\/istock-1397034037.jpg?fit=1200%2C638&ssl=1&resize=700%2C400 2x, https:\/\/i0.wp.com\/ismaelcolosi.com.br\/wp-content\/uploads\/2023\/11\/istock-1397034037.jpg?fit=1200%2C638&ssl=1&resize=1050%2C600 3x"},"classes":[]}],"jetpack_sharing_enabled":true,"jetpack_shortlink":"https:\/\/wp.me\/pfMlyK-2gK","_links":{"self":[{"href":"https:\/\/ismaelcolosi.com.br\/index.php\/wp-json\/wp\/v2\/posts\/8726","targetHints":{"allow":["GET"]}}],"collection":[{"href":"https:\/\/ismaelcolosi.com.br\/index.php\/wp-json\/wp\/v2\/posts"}],"about":[{"href":"https:\/\/ismaelcolosi.com.br\/index.php\/wp-json\/wp\/v2\/types\/post"}],"author":[{"embeddable":true,"href":"https:\/\/ismaelcolosi.com.br\/index.php\/wp-json\/wp\/v2\/users\/1"}],"replies":[{"embeddable":true,"href":"https:\/\/ismaelcolosi.com.br\/index.php\/wp-json\/wp\/v2\/comments?post=8726"}],"version-history":[{"count":0,"href":"https:\/\/ismaelcolosi.com.br\/index.php\/wp-json\/wp\/v2\/posts\/8726\/revisions"}],"wp:featuredmedia":[{"embeddable":true,"href":"https:\/\/ismaelcolosi.com.br\/index.php\/wp-json\/wp\/v2\/media\/8727"}],"wp:attachment":[{"href":"https:\/\/ismaelcolosi.com.br\/index.php\/wp-json\/wp\/v2\/media?parent=8726"}],"wp:term":[{"taxonomy":"category","embeddable":true,"href":"https:\/\/ismaelcolosi.com.br\/index.php\/wp-json\/wp\/v2\/categories?post=8726"},{"taxonomy":"post_tag","embeddable":true,"href":"https:\/\/ismaelcolosi.com.br\/index.php\/wp-json\/wp\/v2\/tags?post=8726"}],"curies":[{"name":"wp","href":"https:\/\/api.w.org\/{rel}","templated":true}]}}