{"id":8726,"date":"2023-11-30T18:38:04","date_gmt":"2023-11-30T21:38:04","guid":{"rendered":"https:\/\/ismaelcolosi.com.br\/index.php\/2023\/11\/30\/esta-dor-pouco-conhecida-pode-ser-sinal-de-cancer-de-prostata\/"},"modified":"2023-11-30T18:38:04","modified_gmt":"2023-11-30T21:38:04","slug":"esta-dor-pouco-conhecida-pode-ser-sinal-de-cancer-de-prostata","status":"publish","type":"post","link":"https:\/\/ismaelcolosi.com.br\/index.php\/2023\/11\/30\/esta-dor-pouco-conhecida-pode-ser-sinal-de-cancer-de-prostata\/","title":{"rendered":"Esta dor pouco conhecida pode ser sinal de c\u00e2ncer de pr\u00f3stata"},"content":{"rendered":"<p> [ad_1]<br \/>\n<\/p>\n<div id=\"attachment_2315700\">\n<div class=\"d-flex justify-content-center\" data-attachment-id=\"2315700\">\n<div class=\"position-relative d-inline-block\"><img data-recalc-dims=\"1\" data-portal-copyright=\"bymuratdeniz\/istock\" fetchpriority=\"high\" decoding=\"async\" class=\"size-large wp-image-2315700\" src=\"https:\/\/i0.wp.com\/catracalivre.com.br\/wp-content\/uploads\/2023\/11\/istock-1188260566-910x607.jpg?resize=910%2C607&#038;ssl=1\" alt=\"Conhe\u00e7a um sintoma pouco relacionado ao c\u00e2ncer de pr\u00f3stata\" width=\"910\" height=\"607\" srcset=\"https:\/\/catracalivre.com.br\/wp-content\/uploads\/2023\/11\/istock-1188260566-910x607.jpg 910w, https:\/\/catracalivre.com.br\/wp-content\/uploads\/2023\/11\/istock-1188260566-450x300.jpg 450w, https:\/\/catracalivre.com.br\/wp-content\/uploads\/2023\/11\/istock-1188260566-768x512.jpg 768w\" sizes=\"(max-width: 910px) 100vw, 910px\"\/><\/p>\n<p>Cr\u00e9ditos: bymuratdeniz\/istock<\/p>\n<\/div>\n<\/div>\n<p><span class=\"post-imagem__legenda\">Conhe\u00e7a um sintoma pouco relacionado ao c\u00e2ncer de pr\u00f3stata<\/span><\/p>\n<\/div>\n<p>Mas um sintoma pouco conhecido que tamb\u00e9m pode ocorrer \u00e9 dor lombar, que ocorre em caso de met\u00e1stase para a coluna e a pelve.<\/p>\n<p>\u00c9 claro que a dor lombar isolada n\u00e3o necessariamente \u00e9 resultado do c\u00e2ncer. Ela pode ser causada por v\u00e1rias outras condi\u00e7\u00f5es.<\/p>\n<p>Mas quando essa dor vem acompanhada de perda de apetite ou perda de peso n\u00e3o intencional deve ser motivo de investiga\u00e7\u00e3o.<\/p>\n<p>O c\u00e2ncer da pr\u00f3stata \u00e9 dif\u00edcil de detectar, pois geralmente n\u00e3o causa dor ou outro sintoma nos est\u00e1gios iniciais.<\/p>\n<p>A pr\u00f3stata \u00e9 uma pequena gl\u00e2ndula localizada abaixo da bexiga e na frente do reto que transporta a urina e o s\u00eamen para fora do corpo.<\/p>\n<p>O diagn\u00f3stico do c\u00e2ncer de pr\u00f3stata pode variar em termos de complexidade, mas geralmente envolve uma combina\u00e7\u00e3o de exames cl\u00ednicos, testes laboratoriais e, em alguns casos, bi\u00f3psia. Vou explicar alguns dos m\u00e9todos de diagn\u00f3stico comuns:<\/p>\n<p><script>\n\t\t! function(f, b, e, v, n, t, s) {\n\t\t\tif (f.fbq) return;\n\t\t\tn = f.fbq = function() {\n\t\t\t\tn.callMethod ?\n\t\t\t\t\tn.callMethod.apply(n, arguments) : n.queue.push(arguments)\n\t\t\t};\n\t\t\tif (!f._fbq) f._fbq = n;\n\t\t\tn.push = n;\n\t\t\tn.loaded = !0;\n\t\t\tn.version = '2.0';\n\t\t\tn.queue = [];\n\t\t\tt = b.createElement(e);\n\t\t\tt.async = !0;\n\t\t\tt.src = v;\n\t\t\ts = b.getElementsByTagName(e)[0];\n\t\t\ts.parentNode.insertBefore(t, s)\n\t\t}(window, document, 'script',\n\t\t\t'https:\/\/connect.facebook.net\/en_US\/fbevents.js');\n\t\tfbq('init', '338315473262380');\n\t\tfbq('track', 'PageView');\n\t<\/script><br \/>\n<br \/>[ad_2]<br \/>\n<br \/><a href=\"https:\/\/catracalivre.com.br\/saude-bem-estar\/esta-dor-pouco-conhecida-pode-ser-sinal-de-cancer-de-prostata\/\" target=\"_blank\" rel=\"noopener\">Source link <\/a><\/p>\n<div class='code-block code-block-4' style='margin: 8px auto 8px 0; text-align: left; display: block; clear: both;'>\n\ud83d\udce2 Aviso Legal\n\nO site ismaelcolosi.com.br atua apenas como um canal de divulga\u00e7\u00e3o de oportunidades de emprego e n\u00e3o se responsabiliza pelo processo seletivo, contrata\u00e7\u00e3o ou qualquer outra etapa relacionada \u00e0s vagas publicadas. Todas as informa\u00e7\u00f5es s\u00e3o de responsabilidade dos anunciantes.\n\n\u26a0\ufe0f Aten\u00e7\u00e3o! Nunca pague por promessas de emprego nem compre cursos que garantam contrata\u00e7\u00e3o. Desconfie de qualquer cobran\u00e7a para participar de sele\u00e7\u00f5es.\n\n\n\n<\/div>\n<!-- CONTENT END 1 -->\n","protected":false},"excerpt":{"rendered":"<p>[ad_1] Cr\u00e9ditos: bymuratdeniz\/istock Conhe\u00e7a um sintoma pouco relacionado ao c\u00e2ncer de pr\u00f3stata Mas um sintoma pouco conhecido que tamb\u00e9m pode ocorrer \u00e9 dor lombar, que ocorre em caso de met\u00e1stase para a coluna e a pelve. \u00c9 claro que a dor lombar isolada n\u00e3o necessariamente \u00e9 resultado do c\u00e2ncer. Ela pode ser causada por v\u00e1rias&hellip;&nbsp;<\/p>\n","protected":false},"author":1,"featured_media":8727,"comment_status":"open","ping_status":"open","sticky":false,"template":"","format":"standard","meta":{"_uag_custom_page_level_css":"","neve_meta_sidebar":"","neve_meta_container":"","neve_meta_enable_content_width":"","neve_meta_content_width":0,"neve_meta_title_alignment":"","neve_meta_author_avatar":"","neve_post_elements_order":"","neve_meta_disable_header":"","neve_meta_disable_footer":"","neve_meta_disable_title":"","_jetpack_newsletter_access":"","_jetpack_dont_email_post_to_subs":false,"_jetpack_newsletter_tier_id":0,"_jetpack_memberships_contains_paywalled_content":false,"_jetpack_memberships_contains_paid_content":false,"footnotes":""},"categories":[19],"tags":[],"class_list":["post-8726","post","type-post","status-publish","format-standard","has-post-thumbnail","hentry","category-variedades"],"uagb_featured_image_src":{"full":["https:\/\/i0.wp.com\/ismaelcolosi.com.br\/wp-content\/uploads\/2023\/11\/istock-1188260566.jpg?fit=1200%2C638&ssl=1",1200,638,false],"thumbnail":["https:\/\/i0.wp.com\/ismaelcolosi.com.br\/wp-content\/uploads\/2023\/11\/istock-1188260566.jpg?resize=150%2C150&ssl=1",150,150,true],"medium":["https:\/\/i0.wp.com\/ismaelcolosi.com.br\/wp-content\/uploads\/2023\/11\/istock-1188260566.jpg?fit=300%2C160&ssl=1",300,160,true],"medium_large":["https:\/\/i0.wp.com\/ismaelcolosi.com.br\/wp-content\/uploads\/2023\/11\/istock-1188260566.jpg?fit=768%2C408&ssl=1",768,408,true],"large":["https:\/\/i0.wp.com\/ismaelcolosi.com.br\/wp-content\/uploads\/2023\/11\/istock-1188260566.jpg?fit=1024%2C544&ssl=1",1024,544,true],"1536x1536":["https:\/\/i0.wp.com\/ismaelcolosi.com.br\/wp-content\/uploads\/2023\/11\/istock-1188260566.jpg?fit=1200%2C638&ssl=1",1200,638,true],"2048x2048":["https:\/\/i0.wp.com\/ismaelcolosi.com.br\/wp-content\/uploads\/2023\/11\/istock-1188260566.jpg?fit=1200%2C638&ssl=1",1200,638,true],"neve-blog":["https:\/\/i0.wp.com\/ismaelcolosi.com.br\/wp-content\/uploads\/2023\/11\/istock-1188260566.jpg?resize=930%2C620&ssl=1",930,620,true]},"uagb_author_info":{"display_name":"ismaelcolosi.com.br","author_link":"https:\/\/ismaelcolosi.com.br\/author\/vidareal-online\/"},"uagb_comment_info":0,"uagb_excerpt":"[ad_1] Cr\u00e9ditos: bymuratdeniz\/istock Conhe\u00e7a um sintoma pouco relacionado ao c\u00e2ncer de pr\u00f3stata Mas um sintoma pouco conhecido que tamb\u00e9m pode ocorrer \u00e9 dor lombar, que ocorre em caso de met\u00e1stase para a coluna e a pelve. \u00c9 claro que a dor lombar isolada n\u00e3o necessariamente \u00e9 resultado do c\u00e2ncer. Ela pode ser causada por v\u00e1rias&hellip;&nbsp;","jetpack-related-posts":[{"id":17391,"url":"https:\/\/ismaelcolosi.com.br\/index.php\/2023\/12\/18\/sinais-que-aparecem-ao-comer-e-podem-indicar-cancer-de-pancreas\/","url_meta":{"origin":8726,"position":0},"title":"Sinais que aparecem ao comer e podem indicar c\u00e2ncer de p\u00e2ncreas","author":"ismaelcolosi.com.br","date":"18 de Dezembro de 2023","format":false,"excerpt":"[ad_1] Os est\u00e1gios iniciais do c\u00e2ncer de p\u00e2ncreas podem ser dif\u00edceis de reconhecer simplesmente porque geralmente n\u00e3o h\u00e1 sintomas espec\u00edficos presentes. Como resultado, o diagn\u00f3stico precoce desafiador. No entanto, \u00e0 medida que o tamanho do tumor aumenta, os sintomas tamb\u00e9m tendem a tornar-se mais percept\u00edveis. Dependem de muitos fatores, incluindo\u2026","rel":"","context":"In &quot;Variedades&quot;","block_context":{"text":"Variedades","link":"https:\/\/ismaelcolosi.com.br\/index.php\/category\/variedades\/"},"img":{"alt_text":"","src":"https:\/\/i0.wp.com\/ismaelcolosi.com.br\/wp-content\/uploads\/2023\/12\/depositphotos-325119004-l.jpg?fit=1200%2C638&ssl=1&resize=350%2C200","width":350,"height":200,"srcset":"https:\/\/i0.wp.com\/ismaelcolosi.com.br\/wp-content\/uploads\/2023\/12\/depositphotos-325119004-l.jpg?fit=1200%2C638&ssl=1&resize=350%2C200 1x, https:\/\/i0.wp.com\/ismaelcolosi.com.br\/wp-content\/uploads\/2023\/12\/depositphotos-325119004-l.jpg?fit=1200%2C638&ssl=1&resize=525%2C300 1.5x, https:\/\/i0.wp.com\/ismaelcolosi.com.br\/wp-content\/uploads\/2023\/12\/depositphotos-325119004-l.jpg?fit=1200%2C638&ssl=1&resize=700%2C400 2x, https:\/\/i0.wp.com\/ismaelcolosi.com.br\/wp-content\/uploads\/2023\/12\/depositphotos-325119004-l.jpg?fit=1200%2C638&ssl=1&resize=1050%2C600 3x"},"classes":[]},{"id":20350,"url":"https:\/\/ismaelcolosi.com.br\/index.php\/2023\/12\/25\/3-sintomas-ignorados-pela-maioria-das-mulheres\/","url_meta":{"origin":8726,"position":1},"title":"3 sintomas ignorados pela maioria das mulheres","author":"ismaelcolosi.com.br","date":"25 de Dezembro de 2023","format":false,"excerpt":"[ad_1] Cr\u00e9ditos: pepifoto\/istockDiagn\u00f3stico precoce do c\u00e2ncer de \u00fatero est\u00e1 diretamente ligado \u00e0 maior taxa de sobreviv\u00eancia. Descubra os sintomas \u2013 iStock\/Getty Images O c\u00e2ncer de \u00fatero foi respons\u00e1vel por 17 mil novos casos no Brasil em 2022, apontam n\u00fameros divulgados pelo Instituto Nacional do C\u00e2ncer (INCA). O alto n\u00famero de\u2026","rel":"","context":"In &quot;Variedades&quot;","block_context":{"text":"Variedades","link":"https:\/\/ismaelcolosi.com.br\/index.php\/category\/variedades\/"},"img":{"alt_text":"","src":"https:\/\/i0.wp.com\/ismaelcolosi.com.br\/wp-content\/uploads\/2023\/12\/istock-1369349748.jpg?fit=1200%2C638&ssl=1&resize=350%2C200","width":350,"height":200,"srcset":"https:\/\/i0.wp.com\/ismaelcolosi.com.br\/wp-content\/uploads\/2023\/12\/istock-1369349748.jpg?fit=1200%2C638&ssl=1&resize=350%2C200 1x, https:\/\/i0.wp.com\/ismaelcolosi.com.br\/wp-content\/uploads\/2023\/12\/istock-1369349748.jpg?fit=1200%2C638&ssl=1&resize=525%2C300 1.5x, https:\/\/i0.wp.com\/ismaelcolosi.com.br\/wp-content\/uploads\/2023\/12\/istock-1369349748.jpg?fit=1200%2C638&ssl=1&resize=700%2C400 2x, https:\/\/i0.wp.com\/ismaelcolosi.com.br\/wp-content\/uploads\/2023\/12\/istock-1369349748.jpg?fit=1200%2C638&ssl=1&resize=1050%2C600 3x"},"classes":[]},{"id":6427,"url":"https:\/\/ismaelcolosi.com.br\/index.php\/2023\/11\/25\/5-sinais-da-doenca-que-os-homens-mais-ignoram\/","url_meta":{"origin":8726,"position":2},"title":"5 sinais da doen\u00e7a que os homens mais ignoram","author":"ismaelcolosi.com.br","date":"25 de Novembro de 2023","format":false,"excerpt":"[ad_1] Cr\u00e9ditos: Getty Images\/iStockphotoSinais de c\u00e2ncer podem se manifestar por meio de dores e queixas do dia a dia, alertam especialistas \u2013 iStock\/Getty Images O avan\u00e7o da medicina permitiu compreender que, eventualmente, alguns sinais que se manifestam em nosso corpo podem indicar sintomas de doen\u00e7as graves, como o c\u00e2ncer. Sobretudo\u2026","rel":"","context":"In &quot;Variedades&quot;","block_context":{"text":"Variedades","link":"https:\/\/ismaelcolosi.com.br\/index.php\/category\/variedades\/"},"img":{"alt_text":"","src":"https:\/\/i0.wp.com\/ismaelcolosi.com.br\/wp-content\/uploads\/2023\/11\/istock-1417310641.jpg?fit=1200%2C638&ssl=1&resize=350%2C200","width":350,"height":200,"srcset":"https:\/\/i0.wp.com\/ismaelcolosi.com.br\/wp-content\/uploads\/2023\/11\/istock-1417310641.jpg?fit=1200%2C638&ssl=1&resize=350%2C200 1x, https:\/\/i0.wp.com\/ismaelcolosi.com.br\/wp-content\/uploads\/2023\/11\/istock-1417310641.jpg?fit=1200%2C638&ssl=1&resize=525%2C300 1.5x, https:\/\/i0.wp.com\/ismaelcolosi.com.br\/wp-content\/uploads\/2023\/11\/istock-1417310641.jpg?fit=1200%2C638&ssl=1&resize=700%2C400 2x, https:\/\/i0.wp.com\/ismaelcolosi.com.br\/wp-content\/uploads\/2023\/11\/istock-1417310641.jpg?fit=1200%2C638&ssl=1&resize=1050%2C600 3x"},"classes":[]},{"id":19387,"url":"https:\/\/ismaelcolosi.com.br\/index.php\/2023\/12\/22\/a-cor-das-suas-fezes-pode-indicar-cancer-de-intestino\/","url_meta":{"origin":8726,"position":3},"title":"A cor das suas fezes pode indicar c\u00e2ncer de intestino","author":"ismaelcolosi.com.br","date":"22 de Dezembro de 2023","format":false,"excerpt":"[ad_1] \u00c9 menos prov\u00e1vel que uma mudan\u00e7a nos seus h\u00e1bitos intestinais seja c\u00e2ncer, mas \u00e9 importante ficar atento a quaisquer mudan\u00e7as. Um dos sinais de c\u00e2ncer de intestino pode se manifestar nas fezes. Altera\u00e7\u00e3o da cor deve ser observada. Normalmente, as fezes t\u00eam uma cor marrom devido \u00e0 presen\u00e7a da\u2026","rel":"","context":"In &quot;Variedades&quot;","block_context":{"text":"Variedades","link":"https:\/\/ismaelcolosi.com.br\/index.php\/category\/variedades\/"},"img":{"alt_text":"","src":"https:\/\/i0.wp.com\/ismaelcolosi.com.br\/wp-content\/uploads\/2023\/12\/depositphotos-39414421-l.jpg?fit=1200%2C638&ssl=1&resize=350%2C200","width":350,"height":200,"srcset":"https:\/\/i0.wp.com\/ismaelcolosi.com.br\/wp-content\/uploads\/2023\/12\/depositphotos-39414421-l.jpg?fit=1200%2C638&ssl=1&resize=350%2C200 1x, https:\/\/i0.wp.com\/ismaelcolosi.com.br\/wp-content\/uploads\/2023\/12\/depositphotos-39414421-l.jpg?fit=1200%2C638&ssl=1&resize=525%2C300 1.5x, https:\/\/i0.wp.com\/ismaelcolosi.com.br\/wp-content\/uploads\/2023\/12\/depositphotos-39414421-l.jpg?fit=1200%2C638&ssl=1&resize=700%2C400 2x, https:\/\/i0.wp.com\/ismaelcolosi.com.br\/wp-content\/uploads\/2023\/12\/depositphotos-39414421-l.jpg?fit=1200%2C638&ssl=1&resize=1050%2C600 3x"},"classes":[]},{"id":9749,"url":"https:\/\/ismaelcolosi.com.br\/index.php\/2023\/12\/02\/tres-tipos-de-cancer-que-podem-surgir-sem-dar-sinal\/","url_meta":{"origin":8726,"position":4},"title":"Tr\u00eas tipos de c\u00e2ncer que podem surgir sem dar sinal","author":"ismaelcolosi.com.br","date":"2 de Dezembro de 2023","format":false,"excerpt":"[ad_1] Cr\u00e9ditos: Getty ImagesMais de 10 milh\u00f5es de pessoas morrem todos os anos por c\u00e2ncer, segundo n\u00fameros divulgados pela Organiza\u00e7\u00e3o Mundial da Sa\u00fade (OMS) \u2013 iStock\/Getty Images Todos os anos, o c\u00e2ncer afeta milh\u00f5es de pessoas em todo o mundo e, muitas vezes, alguns sinais da doen\u00e7a podem ser silenciosos\u2026","rel":"","context":"In &quot;Variedades&quot;","block_context":{"text":"Variedades","link":"https:\/\/ismaelcolosi.com.br\/index.php\/category\/variedades\/"},"img":{"alt_text":"","src":"https:\/\/i0.wp.com\/ismaelcolosi.com.br\/wp-content\/uploads\/2023\/12\/istock-1124543330-1.jpg?fit=1200%2C638&ssl=1&resize=350%2C200","width":350,"height":200,"srcset":"https:\/\/i0.wp.com\/ismaelcolosi.com.br\/wp-content\/uploads\/2023\/12\/istock-1124543330-1.jpg?fit=1200%2C638&ssl=1&resize=350%2C200 1x, https:\/\/i0.wp.com\/ismaelcolosi.com.br\/wp-content\/uploads\/2023\/12\/istock-1124543330-1.jpg?fit=1200%2C638&ssl=1&resize=525%2C300 1.5x, https:\/\/i0.wp.com\/ismaelcolosi.com.br\/wp-content\/uploads\/2023\/12\/istock-1124543330-1.jpg?fit=1200%2C638&ssl=1&resize=700%2C400 2x, https:\/\/i0.wp.com\/ismaelcolosi.com.br\/wp-content\/uploads\/2023\/12\/istock-1124543330-1.jpg?fit=1200%2C638&ssl=1&resize=1050%2C600 3x"},"classes":[]},{"id":19163,"url":"https:\/\/ismaelcolosi.com.br\/index.php\/2023\/12\/21\/barriga-inchada-e-mais-7-sintomas-da-doenca\/","url_meta":{"origin":8726,"position":5},"title":"barriga inchada e mais 7 sintomas da doen\u00e7a","author":"ismaelcolosi.com.br","date":"21 de Dezembro de 2023","format":false,"excerpt":"[ad_1] O c\u00e2ncer de f\u00edgado \u00e9 o 6\u00ba c\u00e2ncer mais comum em todo o mundo. Ele pode come\u00e7ar \u00a0no pr\u00f3prio \u00f3rg\u00e3o (prim\u00e1rio), ou ter origem em outro \u00f3rg\u00e3o (secund\u00e1rio ou metast\u00e1tico). O tipo secund\u00e1rio \u00e9 mais frequentemente decorrente de um tumor maligno no intestino grosso ou no reto. Cr\u00e9ditos: Satjawat\u2026","rel":"","context":"In &quot;Variedades&quot;","block_context":{"text":"Variedades","link":"https:\/\/ismaelcolosi.com.br\/index.php\/category\/variedades\/"},"img":{"alt_text":"","src":"https:\/\/i0.wp.com\/ismaelcolosi.com.br\/wp-content\/uploads\/2023\/12\/istock-1345447265.jpg?fit=1200%2C638&ssl=1&resize=350%2C200","width":350,"height":200,"srcset":"https:\/\/i0.wp.com\/ismaelcolosi.com.br\/wp-content\/uploads\/2023\/12\/istock-1345447265.jpg?fit=1200%2C638&ssl=1&resize=350%2C200 1x, https:\/\/i0.wp.com\/ismaelcolosi.com.br\/wp-content\/uploads\/2023\/12\/istock-1345447265.jpg?fit=1200%2C638&ssl=1&resize=525%2C300 1.5x, https:\/\/i0.wp.com\/ismaelcolosi.com.br\/wp-content\/uploads\/2023\/12\/istock-1345447265.jpg?fit=1200%2C638&ssl=1&resize=700%2C400 2x, https:\/\/i0.wp.com\/ismaelcolosi.com.br\/wp-content\/uploads\/2023\/12\/istock-1345447265.jpg?fit=1200%2C638&ssl=1&resize=1050%2C600 3x"},"classes":[]}],"jetpack_sharing_enabled":true,"jetpack_shortlink":"https:\/\/wp.me\/pfMlyK-2gK","jetpack_featured_media_url":"https:\/\/i0.wp.com\/ismaelcolosi.com.br\/wp-content\/uploads\/2023\/11\/istock-1188260566.jpg?fit=1200%2C638&ssl=1","_links":{"self":[{"href":"https:\/\/ismaelcolosi.com.br\/index.php\/wp-json\/wp\/v2\/posts\/8726","targetHints":{"allow":["GET"]}}],"collection":[{"href":"https:\/\/ismaelcolosi.com.br\/index.php\/wp-json\/wp\/v2\/posts"}],"about":[{"href":"https:\/\/ismaelcolosi.com.br\/index.php\/wp-json\/wp\/v2\/types\/post"}],"author":[{"embeddable":true,"href":"https:\/\/ismaelcolosi.com.br\/index.php\/wp-json\/wp\/v2\/users\/1"}],"replies":[{"embeddable":true,"href":"https:\/\/ismaelcolosi.com.br\/index.php\/wp-json\/wp\/v2\/comments?post=8726"}],"version-history":[{"count":0,"href":"https:\/\/ismaelcolosi.com.br\/index.php\/wp-json\/wp\/v2\/posts\/8726\/revisions"}],"wp:featuredmedia":[{"embeddable":true,"href":"https:\/\/ismaelcolosi.com.br\/index.php\/wp-json\/wp\/v2\/media\/8727"}],"wp:attachment":[{"href":"https:\/\/ismaelcolosi.com.br\/index.php\/wp-json\/wp\/v2\/media?parent=8726"}],"wp:term":[{"taxonomy":"category","embeddable":true,"href":"https:\/\/ismaelcolosi.com.br\/index.php\/wp-json\/wp\/v2\/categories?post=8726"},{"taxonomy":"post_tag","embeddable":true,"href":"https:\/\/ismaelcolosi.com.br\/index.php\/wp-json\/wp\/v2\/tags?post=8726"}],"curies":[{"name":"wp","href":"https:\/\/api.w.org\/{rel}","templated":true}]}}