{"id":87259,"date":"2025-08-26T11:11:11","date_gmt":"2025-08-26T14:11:11","guid":{"rendered":"https:\/\/ismaelcolosi.com.br\/index.php\/2025\/08\/26\/so-12-dos-jovens-querem-cursar-engenharia-49-preferem-area-de-humanas\/"},"modified":"2025-08-26T11:11:11","modified_gmt":"2025-08-26T14:11:11","slug":"so-12-dos-jovens-querem-cursar-engenharia-49-preferem-area-de-humanas","status":"publish","type":"post","link":"https:\/\/ismaelcolosi.com.br\/index.php\/2025\/08\/26\/so-12-dos-jovens-querem-cursar-engenharia-49-preferem-area-de-humanas\/","title":{"rendered":"S\u00f3 12% dos jovens querem cursar Engenharia; 49% preferem \u00e1rea de Humanas"},"content":{"rendered":"<p> <br \/>\n<\/p>\n<p>Um levantamento do Centro de Integra\u00e7\u00e3o Empresa-Escola (<a href=\"https:\/\/portal.ciee.org.br\/\" target=\"_blank\" rel=\"noopener\">CIEE<\/a>) apontou que os cursos de Engenharia n\u00e3o est\u00e3o entre os desejados quanto antes. O estudo feito em parceria com o Instituto Locomotiva mostrou uma redu\u00e7\u00e3o no interesse dos jovens em seguir carreira na \u00e1rea, com 12% dos estudantes entrevistados respondendo ter interesse em cursar Engenharia (considerando todas as \u00e1reas).<\/p>\n<p><strong>+Pesquisa revela que mais empresas reduzir\u00e3o as contrata\u00e7\u00f5es no 2\u00ba semestre nos EUA<\/strong><\/p><div class='code-block code-block-8' style='margin: 8px auto; text-align: center; display: block; clear: both;'>\n<script>\n  atOptions = {\n    'key' : '66e2e2111ca34da796271819fc334058',\n    'format' : 'iframe',\n    'height' : 250,\n    'width' : 300,\n    'params' : {}\n  };\n<\/script>\n<script src=\"https:\/\/www.highperformanceformat.com\/66e2e2111ca34da796271819fc334058\/invoke.js\"><\/script>\n<\/div>\n\n<p>O percentual equivale a cerca de 2,3 milh\u00f5es de jovens no Brasil, segundo estimativas baseadas na PNAD 2024, do IBGE. Mais de um ter\u00e7o dos entrevistados afirmam sentir inseguran\u00e7a com mat\u00e9rias que envolvem matem\u00e1tica. Participaram da pesquisa 1.150 estudantes do Ensino M\u00e9dio.<\/p>\n<p>A pesquisa tamb\u00e9m revela que 79% dos estudantes acreditam que falhas na educa\u00e7\u00e3o b\u00e1sica desmotivam o in\u00edcio ou a continuidade de cursos de gradua\u00e7\u00e3o. Entre aqueles que pretendem cursar Engenharia, as dificuldades financeiras e o interesse por outras \u00e1reas aparecem como principais motivos para uma poss\u00edvel desist\u00eancia. A \u00e1rea de Exatas, no geral, foi apontada como prefer\u00eancia de 28% dos estudantes.<\/p>\n<p>Dados da Confedera\u00e7\u00e3o Nacional da Ind\u00fastria (CNI) indicam que o Brasil enfrenta uma crise na forma\u00e7\u00e3o desses profissionais, com um d\u00e9ficit estimado em 75 mil engenheiros.<\/p>\n<p>J\u00e1 49% dos pesquisados disseram ter prefer\u00eancia por Humanas, desses, 53% s\u00e3o mulheres e 45% homens. E outros 23% citaram as Ci\u00eancias Biol\u00f3gicas como priorit\u00e1ria.<\/p>\n<h2>Ci\u00eancias Humanas na dianteira<\/h2>\n<ul>\n<li><strong>Ci\u00eancias Exatas<\/strong> perdem espa\u00e7o para Humanas na prefer\u00eancia por cursos superiores<\/li>\n<li>49% preferem disciplinas de <strong>Humanas<\/strong>, contra 28% que optam por <strong>Exatas<\/strong>.<\/li>\n<li>O n\u00edvel m\u00e9dio de seguran\u00e7a com matem\u00e1tica \u00e9 de apenas 5,2 (em uma escala de 0 a 10)<\/li>\n<\/ul>\n<figure id=\"attachment_3386775\" class=\"wp-caption alignnone\" style=\"max-width: 1100px\"><img data-recalc-dims=\"1\" loading=\"lazy\" decoding=\"async\" class=\"wp-image-3386775 size-full\" src=\"https:\/\/i0.wp.com\/istoedinheiro.com.br\/wp-content\/uploads\/sites\/17\/2025\/08\/captura-de-tela-2025-08-25-194347.png?resize=1090%2C530&#038;ssl=1\" alt=\"\" width=\"1090\" height=\"530\" \/><figcaption class=\"wp-caption-text\">Fonte: CIEE<\/figcaption><\/figure>\n<h2>Matem\u00e1tica e custos afastam jovens da Engenharia<\/h2>\n<p>Segundo o estudo, 22% dos que disseram rejeitar a \u00e1rea cataram dificuldades com matem\u00e1tica como principal motivo. Entre os interessados em cursar Engenharia, apenas 16% se sentem \u201cmuito seguros\u201d com c\u00e1lculos. 8 em cada 10 estudantes consideram os cursos de Engenharia caros, fator que pode levar \u00e0 desist\u00eancia. 23% dos interessados no curso apontam dificuldades financeiras como o principal motivo para eventual abandono.<\/p>\n<h2><img data-recalc-dims=\"1\" loading=\"lazy\" decoding=\"async\" class=\"alignnone wp-image-3386778 size-full\" src=\"https:\/\/i0.wp.com\/istoedinheiro.com.br\/wp-content\/uploads\/sites\/17\/2025\/08\/captura-de-tela-2025-08-25-194712.png?resize=1098%2C552&#038;ssl=1\" alt=\"\" width=\"1098\" height=\"552\" \/><\/h2>\n<p>O post S\u00f3 12% dos jovens querem cursar Engenharia; 49% preferem \u00e1rea de Humanas apareceu primeiro em ISTO\u00c9 DINHEIRO.<\/p>\n<p><br \/>\n<br \/><a href=\"https:\/\/istoedinheiro.com.br\/so-12-dos-jovens-querem-cursar-engenharia-49-preferem-area-de-humanas\">Source link <\/a><\/p>\n<div class='code-block code-block-4' style='margin: 8px auto 8px 0; text-align: left; display: block; clear: both;'>\n\ud83d\udce2 Aviso Legal\n\nO site ismaelcolosi.com.br atua apenas como um canal de divulga\u00e7\u00e3o de oportunidades de emprego e n\u00e3o se responsabiliza pelo processo seletivo, contrata\u00e7\u00e3o ou qualquer outra etapa relacionada \u00e0s vagas publicadas. Todas as informa\u00e7\u00f5es s\u00e3o de responsabilidade dos anunciantes.\n\n\u26a0\ufe0f Aten\u00e7\u00e3o! Nunca pague por promessas de emprego nem compre cursos que garantam contrata\u00e7\u00e3o. Desconfie de qualquer cobran\u00e7a para participar de sele\u00e7\u00f5es.\n\n\n\n<\/div>\n<!-- CONTENT END 1 -->\n","protected":false},"excerpt":{"rendered":"<p>Um levantamento do Centro de Integra\u00e7\u00e3o Empresa-Escola (CIEE) apontou que os cursos de Engenharia n\u00e3o est\u00e3o entre os desejados quanto antes. O estudo feito em&#8230;<\/p>\n","protected":false},"author":1,"featured_media":87260,"comment_status":"","ping_status":"open","sticky":false,"template":"","format":"standard","meta":{"_uag_custom_page_level_css":"","advanced_seo_description":"","jetpack_seo_html_title":"","jetpack_seo_noindex":false,"jetpack_post_was_ever_published":false,"_jetpack_newsletter_access":"","_jetpack_dont_email_post_to_subs":false,"_jetpack_newsletter_tier_id":0,"_jetpack_memberships_contains_paywalled_content":false,"_jetpack_memberships_contains_paid_content":false,"footnotes":"","jetpack_publicize_message":"","jetpack_publicize_feature_enabled":true,"jetpack_social_post_already_shared":true,"jetpack_social_options":{"image_generator_settings":{"template":"highway","default_image_id":0,"font":"","enabled":false},"version":2}},"categories":[3598],"tags":[],"class_list":["post-87259","post","type-post","status-publish","format-standard","has-post-thumbnail","hentry","category-empregos-classificados-vagas-trabalho"],"jetpack_publicize_connections":[],"jetpack_featured_media_url":"https:\/\/i0.wp.com\/ismaelcolosi.com.br\/wp-content\/uploads\/2025\/08\/captura-de-tela-2025-08-25-194347.png?fit=1090%2C530&ssl=1","uagb_featured_image_src":{"full":["https:\/\/i0.wp.com\/ismaelcolosi.com.br\/wp-content\/uploads\/2025\/08\/captura-de-tela-2025-08-25-194347.png?fit=1090%2C530&ssl=1",1090,530,false],"thumbnail":["https:\/\/i0.wp.com\/ismaelcolosi.com.br\/wp-content\/uploads\/2025\/08\/captura-de-tela-2025-08-25-194347.png?resize=150%2C150&ssl=1",150,150,true],"medium":["https:\/\/i0.wp.com\/ismaelcolosi.com.br\/wp-content\/uploads\/2025\/08\/captura-de-tela-2025-08-25-194347.png?fit=300%2C146&ssl=1",300,146,true],"medium_large":["https:\/\/i0.wp.com\/ismaelcolosi.com.br\/wp-content\/uploads\/2025\/08\/captura-de-tela-2025-08-25-194347.png?fit=768%2C373&ssl=1",768,373,true],"large":["https:\/\/i0.wp.com\/ismaelcolosi.com.br\/wp-content\/uploads\/2025\/08\/captura-de-tela-2025-08-25-194347.png?fit=1024%2C498&ssl=1",1024,498,true],"1536x1536":["https:\/\/i0.wp.com\/ismaelcolosi.com.br\/wp-content\/uploads\/2025\/08\/captura-de-tela-2025-08-25-194347.png?fit=1090%2C530&ssl=1",1090,530,true],"2048x2048":["https:\/\/i0.wp.com\/ismaelcolosi.com.br\/wp-content\/uploads\/2025\/08\/captura-de-tela-2025-08-25-194347.png?fit=1090%2C530&ssl=1",1090,530,true],"really-simple-thumb":["https:\/\/i0.wp.com\/ismaelcolosi.com.br\/wp-content\/uploads\/2025\/08\/captura-de-tela-2025-08-25-194347.png?resize=370%2C247&ssl=1",370,247,true]},"uagb_author_info":{"display_name":"ismaelcolosi.com.br","author_link":"https:\/\/ismaelcolosi.com.br\/index.php\/author\/vidareal-online\/"},"uagb_comment_info":0,"uagb_excerpt":"Um levantamento do Centro de Integra\u00e7\u00e3o Empresa-Escola (CIEE) apontou que os cursos de Engenharia n\u00e3o est\u00e3o entre os desejados quanto antes. O estudo feito em...","jetpack-related-posts":[{"id":17891,"url":"https:\/\/ismaelcolosi.com.br\/index.php\/2023\/12\/19\/novo-ensino-medio-nao-agrada-maioria-dos-estudantes-e-professores\/","url_meta":{"origin":87259,"position":0},"title":"Novo Ensino M\u00e9dio n\u00e3o agrada maioria dos estudantes e professores \u2013 Folha de Ribeir\u00e3o","author":"ismaelcolosi.com.br","date":"19 de December de 2023","format":false,"excerpt":"A maioria dos estudantes, professores e gestores de escolas que come\u00e7aram a implementar o Novo Ensino M\u00e9dio disse estar insatisfeita com o novo modelo. Os jovens tamb\u00e9m reclamam que o ofertado pelas redes de ensino n\u00e3o tem correspondido ao que \u00e9 demandado. Os resultados fazem parte de pesquisa que est\u00e1\u2026","rel":"","context":"In &quot;Not\u00edcias de Ribeir\u00e3o Preto-SP e Regi\u00e3o&quot;","block_context":{"text":"Not\u00edcias de Ribeir\u00e3o Preto-SP e Regi\u00e3o","link":"https:\/\/ismaelcolosi.com.br\/index.php\/category\/noticias-de-ribeirao-preto-sp-e-regiao-ismael-colosi\/"},"img":{"alt_text":"","src":"","width":0,"height":0},"classes":[]},{"id":88366,"url":"https:\/\/ismaelcolosi.com.br\/index.php\/2025\/12\/03\/as-empresas-dos-sonhos-para-trabalhar-nos-eua\/","url_meta":{"origin":87259,"position":1},"title":"As Empresas dos Sonhos para Trabalhar nos EUA","author":"ismaelcolosi.com.br","date":"3 de December de 2025","format":false,"excerpt":"\r Getty Images\r Google, IBM e Apple est\u00e3o entre as empresas dos sonhos para trabalhar nos EUA\r Acessibilidade \r L\r L\r A-\r A+\r \r \u25d0\r \r J\u00e1 se foram os dias em que os jovens esperavam conseguir um emprego e trabalhar para a mesma empresa por d\u00e9cadas at\u00e9 alcan\u00e7ar um\u2026","rel":"","context":"In &quot;Carreira e Sucesso&quot;","block_context":{"text":"Carreira e Sucesso","link":"https:\/\/ismaelcolosi.com.br\/index.php\/category\/carreira-e-sucesso-dicas-para-carreira\/"},"img":{"alt_text":"","src":"https:\/\/i0.wp.com\/ismaelcolosi.com.br\/wp-content\/uploads\/2025\/12\/geracao-z-empresas-dos-sonhos-1-1200x675.jpg?fit=1200%2C675&ssl=1&resize=350%2C200","width":350,"height":200,"srcset":"https:\/\/i0.wp.com\/ismaelcolosi.com.br\/wp-content\/uploads\/2025\/12\/geracao-z-empresas-dos-sonhos-1-1200x675.jpg?fit=1200%2C675&ssl=1&resize=350%2C200 1x, https:\/\/i0.wp.com\/ismaelcolosi.com.br\/wp-content\/uploads\/2025\/12\/geracao-z-empresas-dos-sonhos-1-1200x675.jpg?fit=1200%2C675&ssl=1&resize=525%2C300 1.5x, https:\/\/i0.wp.com\/ismaelcolosi.com.br\/wp-content\/uploads\/2025\/12\/geracao-z-empresas-dos-sonhos-1-1200x675.jpg?fit=1200%2C675&ssl=1&resize=700%2C400 2x, https:\/\/i0.wp.com\/ismaelcolosi.com.br\/wp-content\/uploads\/2025\/12\/geracao-z-empresas-dos-sonhos-1-1200x675.jpg?fit=1200%2C675&ssl=1&resize=1050%2C600 3x"},"classes":[]},{"id":87022,"url":"https:\/\/ismaelcolosi.com.br\/index.php\/2025\/08\/12\/medo-da-superinteligencia-artificial-faz-estudantes-abandonarem-harvard-e-mit\/","url_meta":{"origin":87259,"position":2},"title":"Medo da Superintelig\u00eancia Artificial Faz Estudantes Abandonarem Harvard e MIT","author":"ismaelcolosi.com.br","date":"12 de August de 2025","format":false,"excerpt":"\r Getty Images\r Metade dos alunos de Harvard entrevistados por uma pesquisa est\u00e3o preocupados com o impacto da IA no mercado de trabalho\r Acessibilidade \r L\r L\r A-\r A+\r \r \u25d0\r \r Quando Alice Blair ingressou no MIT (Massachusetts Institute of Technology) como caloura em 2023, estava empolgada para cursar\u2026","rel":"","context":"In &quot;Carreira e Sucesso&quot;","block_context":{"text":"Carreira e Sucesso","link":"https:\/\/ismaelcolosi.com.br\/index.php\/category\/carreira-e-sucesso-dicas-para-carreira\/"},"img":{"alt_text":"","src":"https:\/\/i0.wp.com\/ismaelcolosi.com.br\/wp-content\/uploads\/2025\/08\/carreira-inteligencia-artificial-geral-1200x675.jpg?fit=1200%2C675&ssl=1&resize=350%2C200","width":350,"height":200,"srcset":"https:\/\/i0.wp.com\/ismaelcolosi.com.br\/wp-content\/uploads\/2025\/08\/carreira-inteligencia-artificial-geral-1200x675.jpg?fit=1200%2C675&ssl=1&resize=350%2C200 1x, https:\/\/i0.wp.com\/ismaelcolosi.com.br\/wp-content\/uploads\/2025\/08\/carreira-inteligencia-artificial-geral-1200x675.jpg?fit=1200%2C675&ssl=1&resize=525%2C300 1.5x, https:\/\/i0.wp.com\/ismaelcolosi.com.br\/wp-content\/uploads\/2025\/08\/carreira-inteligencia-artificial-geral-1200x675.jpg?fit=1200%2C675&ssl=1&resize=700%2C400 2x, https:\/\/i0.wp.com\/ismaelcolosi.com.br\/wp-content\/uploads\/2025\/08\/carreira-inteligencia-artificial-geral-1200x675.jpg?fit=1200%2C675&ssl=1&resize=1050%2C600 3x"},"classes":[]},{"id":16894,"url":"https:\/\/ismaelcolosi.com.br\/index.php\/2023\/12\/16\/catraca-livre-revela-quais-sao-os-10-destinos-de-viagem-favoritos-dos-brasileiros\/","url_meta":{"origin":87259,"position":3},"title":"Catraca Livre revela quais s\u00e3o os 10 destinos de viagem favoritos dos brasileiros","author":"ismaelcolosi.com.br","date":"16 de December de 2023","format":false,"excerpt":"Fernando de Noronha, Pantanal ou Amaz\u00f4nia? A Preply, plataforma de estudos de idiomas online, fez uma pesquisa para descobrir quais s\u00e3o os destinos favorito dos brasileiros? Esque\u00e7a as tr\u00eas op\u00e7\u00f5es listadas no come\u00e7o. A queridinha da vez \u00e9 a Bahia! Destino multicultural, o estado nordestino lidera a prefer\u00eancia dos brasileiros\u2026","rel":"","context":"In &quot;Variedades&quot;","block_context":{"text":"Variedades","link":"https:\/\/ismaelcolosi.com.br\/index.php\/category\/variedades\/"},"img":{"alt_text":"","src":"https:\/\/i0.wp.com\/ismaelcolosi.com.br\/wp-content\/uploads\/2023\/12\/itacare-bahia.jpg?fit=1200%2C638&ssl=1&resize=350%2C200","width":350,"height":200,"srcset":"https:\/\/i0.wp.com\/ismaelcolosi.com.br\/wp-content\/uploads\/2023\/12\/itacare-bahia.jpg?fit=1200%2C638&ssl=1&resize=350%2C200 1x, https:\/\/i0.wp.com\/ismaelcolosi.com.br\/wp-content\/uploads\/2023\/12\/itacare-bahia.jpg?fit=1200%2C638&ssl=1&resize=525%2C300 1.5x, https:\/\/i0.wp.com\/ismaelcolosi.com.br\/wp-content\/uploads\/2023\/12\/itacare-bahia.jpg?fit=1200%2C638&ssl=1&resize=700%2C400 2x, https:\/\/i0.wp.com\/ismaelcolosi.com.br\/wp-content\/uploads\/2023\/12\/itacare-bahia.jpg?fit=1200%2C638&ssl=1&resize=1050%2C600 3x"},"classes":[]},{"id":44136,"url":"https:\/\/ismaelcolosi.com.br\/index.php\/2024\/03\/26\/geracao-z-se-sente-culpada-por-usar-chatgpt-no-trabalho\/","url_meta":{"origin":87259,"position":4},"title":"Gera\u00e7\u00e3o Z se sente culpada por usar ChatGPT no trabalho","author":"ismaelcolosi.com.br","date":"26 de March de 2024","format":false,"excerpt":"Getty ImagesMergulhados na tecnologia, jovens da Gera\u00e7\u00e3o Z usam ferramentas como o ChatGPT para fazer pesquisas e melhorar seus curr\u00edculos Nos \u00faltimos anos, profissionais t\u00eam se preocupado cada vez mais com o impacto da intelig\u00eancia artificial no futuro do trabalho. Enquanto alguns argumentam que a IA vai substituir empregos e\u2026","rel":"","context":"In &quot;Carreira e Sucesso&quot;","block_context":{"text":"Carreira e Sucesso","link":"https:\/\/ismaelcolosi.com.br\/index.php\/category\/carreira-e-sucesso-dicas-para-carreira\/"},"img":{"alt_text":"","src":"https:\/\/i0.wp.com\/ismaelcolosi.com.br\/wp-content\/uploads\/2024\/03\/carreira-trabalho-inteligencia-artificial-1024x683.jpg?fit=1024%2C683&ssl=1&resize=350%2C200","width":350,"height":200,"srcset":"https:\/\/i0.wp.com\/ismaelcolosi.com.br\/wp-content\/uploads\/2024\/03\/carreira-trabalho-inteligencia-artificial-1024x683.jpg?fit=1024%2C683&ssl=1&resize=350%2C200 1x, https:\/\/i0.wp.com\/ismaelcolosi.com.br\/wp-content\/uploads\/2024\/03\/carreira-trabalho-inteligencia-artificial-1024x683.jpg?fit=1024%2C683&ssl=1&resize=525%2C300 1.5x, https:\/\/i0.wp.com\/ismaelcolosi.com.br\/wp-content\/uploads\/2024\/03\/carreira-trabalho-inteligencia-artificial-1024x683.jpg?fit=1024%2C683&ssl=1&resize=700%2C400 2x"},"classes":[]},{"id":49373,"url":"https:\/\/ismaelcolosi.com.br\/index.php\/2024\/05\/10\/etarismo-no-mercado-de-trabalho-pesquisa-2024-da-catho\/","url_meta":{"origin":87259,"position":5},"title":"Etarismo no mercado de trabalho: pesquisa 2024 da Catho","author":"ismaelcolosi.com.br","date":"10 de May de 2024","format":false,"excerpt":"Segundo a edi\u00e7\u00e3o mais recente da Pesquisa Nacional por Amostra de Domic\u00edlios (PNAD), a parcela de pessoas com 60 anos ou mais j\u00e1 \u00e9 de 16% da popula\u00e7\u00e3o brasileira (2023). A partir disso, percebe-se que o etarismo no mercado de trabalho \u00e9 uma pauta muito relevante! Com este cen\u00e1rio, muitos\u2026","rel":"","context":"In &quot;Carreira e Sucesso&quot;","block_context":{"text":"Carreira e Sucesso","link":"https:\/\/ismaelcolosi.com.br\/index.php\/category\/carreira-e-sucesso-dicas-para-carreira\/"},"img":{"alt_text":"","src":"https:\/\/i0.wp.com\/ismaelcolosi.com.br\/wp-content\/uploads\/2024\/05\/etarismo-no-mercado-de-trabalho.jpg?fit=1200%2C675&ssl=1&resize=350%2C200","width":350,"height":200,"srcset":"https:\/\/i0.wp.com\/ismaelcolosi.com.br\/wp-content\/uploads\/2024\/05\/etarismo-no-mercado-de-trabalho.jpg?fit=1200%2C675&ssl=1&resize=350%2C200 1x, https:\/\/i0.wp.com\/ismaelcolosi.com.br\/wp-content\/uploads\/2024\/05\/etarismo-no-mercado-de-trabalho.jpg?fit=1200%2C675&ssl=1&resize=525%2C300 1.5x, https:\/\/i0.wp.com\/ismaelcolosi.com.br\/wp-content\/uploads\/2024\/05\/etarismo-no-mercado-de-trabalho.jpg?fit=1200%2C675&ssl=1&resize=700%2C400 2x, https:\/\/i0.wp.com\/ismaelcolosi.com.br\/wp-content\/uploads\/2024\/05\/etarismo-no-mercado-de-trabalho.jpg?fit=1200%2C675&ssl=1&resize=1050%2C600 3x"},"classes":[]}],"jetpack_sharing_enabled":true,"jetpack_shortlink":"https:\/\/wp.me\/pfMlyK-mHp","_links":{"self":[{"href":"https:\/\/ismaelcolosi.com.br\/index.php\/wp-json\/wp\/v2\/posts\/87259","targetHints":{"allow":["GET"]}}],"collection":[{"href":"https:\/\/ismaelcolosi.com.br\/index.php\/wp-json\/wp\/v2\/posts"}],"about":[{"href":"https:\/\/ismaelcolosi.com.br\/index.php\/wp-json\/wp\/v2\/types\/post"}],"author":[{"embeddable":true,"href":"https:\/\/ismaelcolosi.com.br\/index.php\/wp-json\/wp\/v2\/users\/1"}],"replies":[{"embeddable":true,"href":"https:\/\/ismaelcolosi.com.br\/index.php\/wp-json\/wp\/v2\/comments?post=87259"}],"version-history":[{"count":0,"href":"https:\/\/ismaelcolosi.com.br\/index.php\/wp-json\/wp\/v2\/posts\/87259\/revisions"}],"wp:featuredmedia":[{"embeddable":true,"href":"https:\/\/ismaelcolosi.com.br\/index.php\/wp-json\/wp\/v2\/media\/87260"}],"wp:attachment":[{"href":"https:\/\/ismaelcolosi.com.br\/index.php\/wp-json\/wp\/v2\/media?parent=87259"}],"wp:term":[{"taxonomy":"category","embeddable":true,"href":"https:\/\/ismaelcolosi.com.br\/index.php\/wp-json\/wp\/v2\/categories?post=87259"},{"taxonomy":"post_tag","embeddable":true,"href":"https:\/\/ismaelcolosi.com.br\/index.php\/wp-json\/wp\/v2\/tags?post=87259"}],"curies":[{"name":"wp","href":"https:\/\/api.w.org\/{rel}","templated":true}]}}