{"id":87257,"date":"2025-08-26T10:50:48","date_gmt":"2025-08-26T13:50:48","guid":{"rendered":"https:\/\/ismaelcolosi.com.br\/index.php\/2025\/08\/26\/quem-e-o-novo-presidente-da-americanas\/"},"modified":"2025-08-26T10:50:48","modified_gmt":"2025-08-26T13:50:48","slug":"quem-e-o-novo-presidente-da-americanas","status":"publish","type":"post","link":"https:\/\/ismaelcolosi.com.br\/index.php\/2025\/08\/26\/quem-e-o-novo-presidente-da-americanas\/","title":{"rendered":"Quem \u00e9 o Novo Presidente da Americanas"},"content":{"rendered":"<p> <br \/>\n<\/p>\n<div id=\"post-707613\">&#13;<\/p>\n<header>&#13;<\/p><div class='code-block code-block-8' style='margin: 8px auto; text-align: center; display: block; clear: both;'>\n<script>\n  atOptions = {\n    'key' : '66e2e2111ca34da796271819fc334058',\n    'format' : 'iframe',\n    'height' : 250,\n    'width' : 300,\n    'params' : {}\n  };\n<\/script>\n<script src=\"https:\/\/www.highperformanceformat.com\/66e2e2111ca34da796271819fc334058\/invoke.js\"><\/script>\n<\/div>\n\n<p>&#13;<\/p>\n<h2 class=\"post__excerpt\">&#13;<br \/>\n            Fernando Dias Soares, at\u00e9 ent\u00e3o vice-presidente de opera\u00e7\u00f5es da companhia, substitui Leonardo Coelho, que passar\u00e1 a integrar o Comit\u00ea Financeiro    <\/h2>\n<\/p>\n<p>&#13;<br \/>\n\t\t\t\t\t\t&#13;<br \/>\n\t\t\t\t\t<\/header>\n<p>&#13;<\/p>\n<div class=\"entry-content\">\n<figure class=\"destaque wp-caption\">&#13;<br \/>\n\t\t<img data-recalc-dims=\"1\" width=\"678\" height=\"452\" src=\"https:\/\/i0.wp.com\/forbes.com.br\/wp-content\/uploads\/2025\/08\/carreira-presidente-americanas-fernando-soares-768x512.jpg?resize=678%2C452&#038;ssl=1\" class=\"attachment-medium_large size-medium_large wp-post-image\" alt=\"fernando soares, novo presidente da americanas\" decoding=\"async\" fetchpriority=\"high\"\/>\t\t<\/p>\n<p>Reprodu\u00e7\u00e3o\/LinkedIn<\/p>\n<p>&#13;<figcaption class=\"wp-caption-text\">Novo CEO da Americanas, Fernando Soares j\u00e1 esteve \u00e0 frente de companhias como Ambev e Domino\u2019s<\/figcaption>&#13;<br \/>\n\t<\/figure>\n<div class=\"accessibility\">\n<p>Acessibilidade<\/p>\n<p>&#13;<br \/>\n\t\t\t<button onclick=\"alterFont1()\" id=\"btn1\" class=\"btn\">L<\/button>&#13;<br \/>\n\t\t\t<button onclick=\"alterFont2()\" id=\"btn2\" class=\"btn\" style=\"font-family:Merriweather\">L<\/button>&#13;<br \/>\n\t\t\t<button onclick=\"alterFontSmallerSize()\" id=\"btn3\" class=\"btn\">A-<\/button>&#13;<br \/>\n\t\t\t<button onclick=\"alterFontBiggerSize()\" id=\"btn4\" class=\"btn\">A+<\/button>&#13;<br \/>\n\t\t\t<!--<button onclick='alterFontBolder()' id='btn5' class=\"btn\" >B<\/button>-->&#13;<br \/>\n\t\t\t<button onclick=\"alterBackground()\" id=\"btn6\" class=\"btn\">\u25d0<\/button>&#13;<br \/>\n\t\t\t<!--<button onclick='clean()' id='btn7' class=\"btn\" >Limpar<\/button>-->&#13;\n\t\t<\/p>\n<\/p><\/div>\n<p>A <strong>Americanas<\/strong> informou na segunda-feira (26) que seu conselho de administra\u00e7\u00e3o aprovou a elei\u00e7\u00e3o de <strong>Fernando Dias Soares<\/strong> como novo presidente-executivo da varejista a partir de 1\u00ba de outubro, de acordo com fato relevante ao mercado.<\/p>\n<p>Com mais de 25 anos de experi\u00eancia nos setores de bens de consumo e varejo, Soares atuou nas gigantes <strong>Unilever, Ambev<\/strong>, onde foi presidente da divis\u00e3o de bebidas n\u00e3o alco\u00f3licas, e <strong>Anheuser-Busch InBev<\/strong>, liderando unidades de neg\u00f3cios na Col\u00f4mbia, Peru e M\u00e9xico. De volta ao Brasil, assumiu como <strong>CEO da Domino\u2019s Pizza<\/strong>, cargo que ocupou por tr\u00eas anos.<\/p>\n<aside>\n<h2>Leia tamb\u00e9m<\/h2>\n<\/aside>\n<p>O executivo substituir\u00e1 o atual presidente-executivo da Americanas, <strong>Leonardo Coelho<\/strong>, que passar\u00e1 a integrar o Comit\u00ea Financeiro da companhia, disse a varejista no documento.<\/p>\n<p>A Americanas est\u00e1 em recupera\u00e7\u00e3o judicial desde o in\u00edcio de 2023, ap\u00f3s revelar um esc\u00e2ndalo cont\u00e1bil que levou a acusa\u00e7\u00f5es legais e a uma arbitragem contra v\u00e1rios de seus ex-executivos.<\/p>\n<p>Coelho havia sido eleito CEO cerca de um m\u00eas ap\u00f3s a Americanas entrar com pedido de recupera\u00e7\u00e3o judicial na Justi\u00e7a.<\/p>\n<p>A Americanas afirmou que Soares \u201cdar\u00e1 continuidade ao plano estrat\u00e9gico da companhia com foco em crescimento, baseado em produtividade e rentabilidade, para atender todos os stakeholders\u201d.<\/p>\n<aside>\n<h2>Escolhas do editor<\/h2>\n<\/aside>\n<div class=\"follow-us\">Siga o canal da <a href=\"https:\/\/whatsapp.com\/channel\/0029VaAZk57JuyA9F4UwQc2I\" target=\"_blank\" rel=\"noopener noreferrer nofollow\" title=\"Grupo da Forbes Money no WhatsApp\">Forbes Money<\/a> no WhatsApp e receba as principais not\u00edcias de economia e mercado financeiro.<\/div>\n<\/p><\/div>\n<p>&#13;<br \/>\n\t\t\t\t\t \t\t\t\t\t  &#13;\n\t\t\t\t<\/p><\/div>\n<p><script data-debloat-delay=\"1\" type=\"text\/debloat-script\">\n\t\t\t\t(function(d, s, id){\n\t\t\t\t\tvar js, fjs = d.getElementsByTagName(s)[0];\n\t\t\t\t\tif (d.getElementById(id)) return;\n\t\t\t\t\tjs = d.createElement(s); js.id = id;\n\t\t\t\t\tjs.src = \"\/\/connect.facebook.net\/pt_BR\/sdk.js#xfbml=1&version=v2.9\";\n\t\t\t\t\tfjs.parentNode.insertBefore(js, fjs);\n\t\t\t\t}(document, 'script', 'facebook-jssdk'));\n\t\t\t<\/script><br \/>\n<br \/><br \/>\n<br \/><a href=\"https:\/\/forbes.com.br\/carreira\/2025\/08\/quem-e-o-novo-presidente-da-americanas\/\">Source link <\/a><\/p>\n<div class='code-block code-block-4' style='margin: 8px auto 8px 0; text-align: left; display: block; clear: both;'>\n\ud83d\udce2 Aviso Legal\n\nO site ismaelcolosi.com.br atua apenas como um canal de divulga\u00e7\u00e3o de oportunidades de emprego e n\u00e3o se responsabiliza pelo processo seletivo, contrata\u00e7\u00e3o ou qualquer outra etapa relacionada \u00e0s vagas publicadas. Todas as informa\u00e7\u00f5es s\u00e3o de responsabilidade dos anunciantes.\n\n\u26a0\ufe0f Aten\u00e7\u00e3o! Nunca pague por promessas de emprego nem compre cursos que garantam contrata\u00e7\u00e3o. Desconfie de qualquer cobran\u00e7a para participar de sele\u00e7\u00f5es.\n\n\n\n<\/div>\n<!-- CONTENT END 1 -->\n","protected":false},"excerpt":{"rendered":"<p>&#13; &#13; &#13; &#13; Fernando Dias Soares, at\u00e9 ent\u00e3o vice-presidente de opera\u00e7\u00f5es da companhia, substitui Leonardo Coelho, que passar\u00e1 a integrar o Comit\u00ea Financeiro &#13;&#8230;<\/p>\n","protected":false},"author":1,"featured_media":87258,"comment_status":"","ping_status":"open","sticky":false,"template":"","format":"standard","meta":{"_uag_custom_page_level_css":"","advanced_seo_description":"","jetpack_seo_html_title":"","jetpack_seo_noindex":false,"jetpack_post_was_ever_published":false,"_jetpack_newsletter_access":"","_jetpack_dont_email_post_to_subs":false,"_jetpack_newsletter_tier_id":0,"_jetpack_memberships_contains_paywalled_content":false,"_jetpack_memberships_contains_paid_content":false,"footnotes":"","jetpack_publicize_message":"","jetpack_publicize_feature_enabled":true,"jetpack_social_post_already_shared":true,"jetpack_social_options":{"image_generator_settings":{"template":"highway","default_image_id":0,"font":"","enabled":false},"version":2}},"categories":[1964],"tags":[],"class_list":["post-87257","post","type-post","status-publish","format-standard","has-post-thumbnail","hentry","category-carreira-e-sucesso-dicas-para-carreira"],"jetpack_publicize_connections":[],"jetpack_featured_media_url":"https:\/\/i0.wp.com\/ismaelcolosi.com.br\/wp-content\/uploads\/2025\/08\/carreira-presidente-americanas-fernando-soares-1200x675.jpg?fit=1200%2C675&ssl=1","uagb_featured_image_src":{"full":["https:\/\/i0.wp.com\/ismaelcolosi.com.br\/wp-content\/uploads\/2025\/08\/carreira-presidente-americanas-fernando-soares-1200x675.jpg?fit=1200%2C675&ssl=1",1200,675,false],"thumbnail":["https:\/\/i0.wp.com\/ismaelcolosi.com.br\/wp-content\/uploads\/2025\/08\/carreira-presidente-americanas-fernando-soares-1200x675.jpg?resize=150%2C150&ssl=1",150,150,true],"medium":["https:\/\/i0.wp.com\/ismaelcolosi.com.br\/wp-content\/uploads\/2025\/08\/carreira-presidente-americanas-fernando-soares-1200x675.jpg?fit=300%2C169&ssl=1",300,169,true],"medium_large":["https:\/\/i0.wp.com\/ismaelcolosi.com.br\/wp-content\/uploads\/2025\/08\/carreira-presidente-americanas-fernando-soares-1200x675.jpg?fit=768%2C432&ssl=1",768,432,true],"large":["https:\/\/i0.wp.com\/ismaelcolosi.com.br\/wp-content\/uploads\/2025\/08\/carreira-presidente-americanas-fernando-soares-1200x675.jpg?fit=1024%2C576&ssl=1",1024,576,true],"1536x1536":["https:\/\/i0.wp.com\/ismaelcolosi.com.br\/wp-content\/uploads\/2025\/08\/carreira-presidente-americanas-fernando-soares-1200x675.jpg?fit=1200%2C675&ssl=1",1200,675,true],"2048x2048":["https:\/\/i0.wp.com\/ismaelcolosi.com.br\/wp-content\/uploads\/2025\/08\/carreira-presidente-americanas-fernando-soares-1200x675.jpg?fit=1200%2C675&ssl=1",1200,675,true],"really-simple-thumb":["https:\/\/i0.wp.com\/ismaelcolosi.com.br\/wp-content\/uploads\/2025\/08\/carreira-presidente-americanas-fernando-soares-1200x675.jpg?resize=370%2C247&ssl=1",370,247,true]},"uagb_author_info":{"display_name":"ismaelcolosi.com.br","author_link":"https:\/\/ismaelcolosi.com.br\/index.php\/author\/vidareal-online\/"},"uagb_comment_info":0,"uagb_excerpt":"&#13; &#13; &#13; &#13; Fernando Dias Soares, at\u00e9 ent\u00e3o vice-presidente de opera\u00e7\u00f5es da companhia, substitui Leonardo Coelho, que passar\u00e1 a integrar o Comit\u00ea Financeiro &#13;...","jetpack-related-posts":[{"id":15819,"url":"https:\/\/ismaelcolosi.com.br\/index.php\/2023\/12\/14\/alpargatas-nomeia-liel-miranda-da-mondelez-como-ceo\/","url_meta":{"origin":87257,"position":0},"title":"Alpargatas nomeia Liel Miranda, da Mondel\u0113z, como CEO","author":"ismaelcolosi.com.br","date":"14 de December de 2023","format":false,"excerpt":"Liel Miranda substituir\u00e1 Luiz Fernando Edmond, que ocupava a presid\u00eancia da\u00a0Alpargatas\u00a0interinamente desde que Roberto Funari anunciou sua sa\u00edda em abril A empresa de cal\u00e7ados\u00a0Alpargatas, dona da marca Havaianas, anunciou na quarta-feira (13) Liel Miranda como seu novo presidente-executivo, a partir de 1\u00b0 de fevereiro de 2024. \u201cLiel ter\u00e1 um importante\u2026","rel":"","context":"In &quot;Carreira e Sucesso&quot;","block_context":{"text":"Carreira e Sucesso","link":"https:\/\/ismaelcolosi.com.br\/index.php\/category\/carreira-e-sucesso-dicas-para-carreira\/"},"img":{"alt_text":"","src":"https:\/\/i0.wp.com\/ismaelcolosi.com.br\/wp-content\/uploads\/2023\/12\/carreira-liel-miranda-mondelez-ceo-1024x683.jpg?fit=1024%2C683&ssl=1&resize=350%2C200","width":350,"height":200,"srcset":"https:\/\/i0.wp.com\/ismaelcolosi.com.br\/wp-content\/uploads\/2023\/12\/carreira-liel-miranda-mondelez-ceo-1024x683.jpg?fit=1024%2C683&ssl=1&resize=350%2C200 1x, https:\/\/i0.wp.com\/ismaelcolosi.com.br\/wp-content\/uploads\/2023\/12\/carreira-liel-miranda-mondelez-ceo-1024x683.jpg?fit=1024%2C683&ssl=1&resize=525%2C300 1.5x, https:\/\/i0.wp.com\/ismaelcolosi.com.br\/wp-content\/uploads\/2023\/12\/carreira-liel-miranda-mondelez-ceo-1024x683.jpg?fit=1024%2C683&ssl=1&resize=700%2C400 2x"},"classes":[]},{"id":42456,"url":"https:\/\/ismaelcolosi.com.br\/index.php\/2024\/03\/14\/novo-livro-de-assis-soares-e-semiramis-paterno-fala-de-sonho-e-perseveranca\/","url_meta":{"origin":87257,"position":1},"title":"Novo livro de Assis Soares e Sem\u00edramis Paterno fala de sonho e perseveran\u00e7a","author":"ismaelcolosi.com.br","date":"14 de March de 2024","format":false,"excerpt":"14 de mar\u00e7o de 2024 | 16:44 0A girafa que queria voar \u00e9 o novo t\u00edtulo infantil que ser\u00e1 lan\u00e7ado na Biblioteca Padre Euclides. A hist\u00f3ria nasceu de uma troca de ideias entre os dois autores, inspirando um tratamento diferente para as ilustra\u00e7\u00f5es de Sem\u00edramis Paterno. \u201c\u00c9 bom deixarmos um\u2026","rel":"","context":"In &quot;Not\u00edcias de Ribeir\u00e3o Preto-SP e Regi\u00e3o&quot;","block_context":{"text":"Not\u00edcias de Ribeir\u00e3o Preto-SP e Regi\u00e3o","link":"https:\/\/ismaelcolosi.com.br\/index.php\/category\/noticias-de-ribeirao-preto-sp-e-regiao-ismael-colosi\/"},"img":{"alt_text":"","src":"https:\/\/i0.wp.com\/ismaelcolosi.com.br\/wp-content\/uploads\/2024\/03\/download-1.png?fit=674%2C379&ssl=1&resize=350%2C200","width":350,"height":200,"srcset":"https:\/\/i0.wp.com\/ismaelcolosi.com.br\/wp-content\/uploads\/2024\/03\/download-1.png?fit=674%2C379&ssl=1&resize=350%2C200 1x, https:\/\/i0.wp.com\/ismaelcolosi.com.br\/wp-content\/uploads\/2024\/03\/download-1.png?fit=674%2C379&ssl=1&resize=525%2C300 1.5x"},"classes":[]},{"id":88841,"url":"https:\/\/ismaelcolosi.com.br\/index.php\/2026\/01\/13\/oracle-nomeia-novo-diretor-senior-de-marketing-para-a-america-latina\/","url_meta":{"origin":87257,"position":2},"title":"Oracle Nomeia Novo Diretor S\u00eanior de Marketing para a Am\u00e9rica Latina","author":"ismaelcolosi.com.br","date":"13 de January de 2026","format":false,"excerpt":"\r \r \r \r Com mais de 20 anos de carreira, Paulo Ribeiro soma passagens por empresas como AWS, WeWork, Wellhub e IBM \r \r \r \r Divulga\u00e7\u00e3o\/Oracle\r Novo executivo da Oracle, Paulo Ribeiro iniciou a carreira como estagi\u00e1rio na Americanas\r Acessibilidade \r L\r L\r A-\r A+\r \r \u25d0\r \r\u2026","rel":"","context":"In &quot;Carreira e Sucesso&quot;","block_context":{"text":"Carreira e Sucesso","link":"https:\/\/ismaelcolosi.com.br\/index.php\/category\/carreira-e-sucesso-dicas-para-carreira\/"},"img":{"alt_text":"","src":"https:\/\/i0.wp.com\/ismaelcolosi.com.br\/wp-content\/uploads\/2026\/01\/Paulo-Ribeiro-oracle-1200x675.jpg?fit=1200%2C675&ssl=1&resize=350%2C200","width":350,"height":200,"srcset":"https:\/\/i0.wp.com\/ismaelcolosi.com.br\/wp-content\/uploads\/2026\/01\/Paulo-Ribeiro-oracle-1200x675.jpg?fit=1200%2C675&ssl=1&resize=350%2C200 1x, https:\/\/i0.wp.com\/ismaelcolosi.com.br\/wp-content\/uploads\/2026\/01\/Paulo-Ribeiro-oracle-1200x675.jpg?fit=1200%2C675&ssl=1&resize=525%2C300 1.5x, https:\/\/i0.wp.com\/ismaelcolosi.com.br\/wp-content\/uploads\/2026\/01\/Paulo-Ribeiro-oracle-1200x675.jpg?fit=1200%2C675&ssl=1&resize=700%2C400 2x, https:\/\/i0.wp.com\/ismaelcolosi.com.br\/wp-content\/uploads\/2026\/01\/Paulo-Ribeiro-oracle-1200x675.jpg?fit=1200%2C675&ssl=1&resize=1050%2C600 3x"},"classes":[]},{"id":59307,"url":"https:\/\/ismaelcolosi.com.br\/index.php\/2024\/08\/07\/novo-presidente-da-marca-e-ex-ceo-da-kraft-heinz\/","url_meta":{"origin":87257,"position":3},"title":"novo presidente da marca \u00e9 ex-CEO da Kraft Heinz","author":"ismaelcolosi.com.br","date":"7 de August de 2024","format":false,"excerpt":"Reprodu\u00e7\u00e3o\/LinkedInAntes da Havaianas, Fernando Rosa foi presidente da Kraft Heinz no Brasil por quase quatro anos Acessibilidade L L A- A+ \u25d0 A Alpargatas, propriet\u00e1ria da Havaianas, acaba de anunciar o novo l\u00edder da marca de cal\u00e7ados no Brasil. A partir de 16 de setembro, Fernando Rosa assume a presid\u00eancia\u2026","rel":"","context":"In &quot;Carreira e Sucesso&quot;","block_context":{"text":"Carreira e Sucesso","link":"https:\/\/ismaelcolosi.com.br\/index.php\/category\/carreira-e-sucesso-dicas-para-carreira\/"},"img":{"alt_text":"","src":"https:\/\/i0.wp.com\/ismaelcolosi.com.br\/wp-content\/uploads\/2024\/08\/fernando-rosa-1024x683.jpg?fit=1024%2C683&ssl=1&resize=350%2C200","width":350,"height":200,"srcset":"https:\/\/i0.wp.com\/ismaelcolosi.com.br\/wp-content\/uploads\/2024\/08\/fernando-rosa-1024x683.jpg?fit=1024%2C683&ssl=1&resize=350%2C200 1x, https:\/\/i0.wp.com\/ismaelcolosi.com.br\/wp-content\/uploads\/2024\/08\/fernando-rosa-1024x683.jpg?fit=1024%2C683&ssl=1&resize=525%2C300 1.5x, https:\/\/i0.wp.com\/ismaelcolosi.com.br\/wp-content\/uploads\/2024\/08\/fernando-rosa-1024x683.jpg?fit=1024%2C683&ssl=1&resize=700%2C400 2x"},"classes":[]},{"id":84312,"url":"https:\/\/ismaelcolosi.com.br\/index.php\/2025\/04\/07\/tudo-o-que-voce-precisa-saber-para-se-tornar-um\/","url_meta":{"origin":87257,"position":4},"title":"tudo o que voc\u00ea precisa saber para se tornar um","author":"ismaelcolosi.com.br","date":"7 de April de 2025","format":false,"excerpt":"\r Getty Images\r Ter um trabalho remoto \u00e9 o ponto de partida para quem quer viver como um n\u00f4made digital\r Acessibilidade \r L\r L\r A-\r A+\r \r \u25d0\r \r \u00a0 Em busca de mais flexibilidade e da liberdade de trabalhar de qualquer lugar do mundo, muitos profissionais est\u00e3o adotando ou\u2026","rel":"","context":"In &quot;Carreira e Sucesso&quot;","block_context":{"text":"Carreira e Sucesso","link":"https:\/\/ismaelcolosi.com.br\/index.php\/category\/carreira-e-sucesso-dicas-para-carreira\/"},"img":{"alt_text":"","src":"https:\/\/i0.wp.com\/ismaelcolosi.com.br\/wp-content\/uploads\/2025\/04\/carreira-nomade-digital-1200x675.jpg?fit=1200%2C675&ssl=1&resize=350%2C200","width":350,"height":200,"srcset":"https:\/\/i0.wp.com\/ismaelcolosi.com.br\/wp-content\/uploads\/2025\/04\/carreira-nomade-digital-1200x675.jpg?fit=1200%2C675&ssl=1&resize=350%2C200 1x, https:\/\/i0.wp.com\/ismaelcolosi.com.br\/wp-content\/uploads\/2025\/04\/carreira-nomade-digital-1200x675.jpg?fit=1200%2C675&ssl=1&resize=525%2C300 1.5x, https:\/\/i0.wp.com\/ismaelcolosi.com.br\/wp-content\/uploads\/2025\/04\/carreira-nomade-digital-1200x675.jpg?fit=1200%2C675&ssl=1&resize=700%2C400 2x, https:\/\/i0.wp.com\/ismaelcolosi.com.br\/wp-content\/uploads\/2025\/04\/carreira-nomade-digital-1200x675.jpg?fit=1200%2C675&ssl=1&resize=1050%2C600 3x"},"classes":[]},{"id":37664,"url":"https:\/\/ismaelcolosi.com.br\/index.php\/2024\/02\/17\/americanas-abre-mais-de-6-mil-vagas-temporarias-para-a-pascoa\/","url_meta":{"origin":87257,"position":5},"title":"Americanas abre mais de 6 mil vagas tempor\u00e1rias para a P\u00e1scoa","author":"ismaelcolosi.com.br","date":"17 de February de 2024","format":false,"excerpt":"Da reda\u00e7\u00e3oi Da reda\u00e7\u00e3o 17\/02\/2024 - 15:00 A Americanas est\u00e1 contratando mais de seis mil profissionais tempor\u00e1rios para refor\u00e7ar sua opera\u00e7\u00e3o de P\u00e1scoa. Do total, 1.120 vagas s\u00e3o para atua\u00e7\u00e3o em lojas de S\u00e3o Paulo, distribu\u00eddas em diversas cidades.A companhia est\u00e1 em busca de pessoas com idade a partir de\u2026","rel":"","context":"In &quot;Empregos - Classificados&quot;","block_context":{"text":"Empregos - Classificados","link":"https:\/\/ismaelcolosi.com.br\/index.php\/category\/empregos-classificados-vagas-trabalho\/"},"img":{"alt_text":"","src":"https:\/\/i0.wp.com\/ismaelcolosi.com.br\/wp-content\/uploads\/2024\/02\/unnamed-6.jpg?fit=800%2C533&ssl=1&resize=350%2C200","width":350,"height":200,"srcset":"https:\/\/i0.wp.com\/ismaelcolosi.com.br\/wp-content\/uploads\/2024\/02\/unnamed-6.jpg?fit=800%2C533&ssl=1&resize=350%2C200 1x, https:\/\/i0.wp.com\/ismaelcolosi.com.br\/wp-content\/uploads\/2024\/02\/unnamed-6.jpg?fit=800%2C533&ssl=1&resize=525%2C300 1.5x, https:\/\/i0.wp.com\/ismaelcolosi.com.br\/wp-content\/uploads\/2024\/02\/unnamed-6.jpg?fit=800%2C533&ssl=1&resize=700%2C400 2x"},"classes":[]}],"jetpack_sharing_enabled":true,"jetpack_shortlink":"https:\/\/wp.me\/pfMlyK-mHn","_links":{"self":[{"href":"https:\/\/ismaelcolosi.com.br\/index.php\/wp-json\/wp\/v2\/posts\/87257","targetHints":{"allow":["GET"]}}],"collection":[{"href":"https:\/\/ismaelcolosi.com.br\/index.php\/wp-json\/wp\/v2\/posts"}],"about":[{"href":"https:\/\/ismaelcolosi.com.br\/index.php\/wp-json\/wp\/v2\/types\/post"}],"author":[{"embeddable":true,"href":"https:\/\/ismaelcolosi.com.br\/index.php\/wp-json\/wp\/v2\/users\/1"}],"replies":[{"embeddable":true,"href":"https:\/\/ismaelcolosi.com.br\/index.php\/wp-json\/wp\/v2\/comments?post=87257"}],"version-history":[{"count":0,"href":"https:\/\/ismaelcolosi.com.br\/index.php\/wp-json\/wp\/v2\/posts\/87257\/revisions"}],"wp:featuredmedia":[{"embeddable":true,"href":"https:\/\/ismaelcolosi.com.br\/index.php\/wp-json\/wp\/v2\/media\/87258"}],"wp:attachment":[{"href":"https:\/\/ismaelcolosi.com.br\/index.php\/wp-json\/wp\/v2\/media?parent=87257"}],"wp:term":[{"taxonomy":"category","embeddable":true,"href":"https:\/\/ismaelcolosi.com.br\/index.php\/wp-json\/wp\/v2\/categories?post=87257"},{"taxonomy":"post_tag","embeddable":true,"href":"https:\/\/ismaelcolosi.com.br\/index.php\/wp-json\/wp\/v2\/tags?post=87257"}],"curies":[{"name":"wp","href":"https:\/\/api.w.org\/{rel}","templated":true}]}}