{"id":87234,"date":"2025-08-25T05:10:54","date_gmt":"2025-08-25T08:10:54","guid":{"rendered":"https:\/\/ismaelcolosi.com.br\/index.php\/2025\/08\/25\/empreender-nao-e-sobre-ter-e-sobre-fazer\/"},"modified":"2025-08-25T05:10:54","modified_gmt":"2025-08-25T08:10:54","slug":"empreender-nao-e-sobre-ter-e-sobre-fazer","status":"publish","type":"post","link":"https:\/\/ismaelcolosi.com.br\/index.php\/2025\/08\/25\/empreender-nao-e-sobre-ter-e-sobre-fazer\/","title":{"rendered":"\u201cEmpreender N\u00e3o \u00e9 sobre Ter, \u00e9 sobre Fazer\u201d"},"content":{"rendered":"<p> <br \/>\n<\/p>\n<div>\n<figure class=\"destaque wp-caption\">&#13;<br \/>\n\t\t<img data-recalc-dims=\"1\" width=\"678\" height=\"452\" src=\"https:\/\/i0.wp.com\/forbes.com.br\/wp-content\/uploads\/2025\/08\/1500x1000-04-768x512.png?resize=678%2C452&#038;ssl=1\" class=\"attachment-medium_large size-medium_large wp-post-image\" alt=\"daniel castanho\" decoding=\"async\" fetchpriority=\"high\"\/>\t\t<\/p>\n<p>Victor Affaro<\/p>\n<p>&#13;<figcaption class=\"wp-caption-text\">Daniel Castanho, fundador e presidente do conselho da \u00c2nima Educa\u00e7\u00e3o, \u00e9 um dos destaques da lista in\u00e9dita Forbes The Founders 2025<\/figcaption>&#13;<br \/>\n\t<\/figure>\n<div class=\"accessibility\">\n<p>Acessibilidade<\/p>\n<p>&#13;<br \/>\n\t\t\t<button onclick=\"alterFont1()\" id=\"btn1\" class=\"btn\">L<\/button>&#13;<br \/>\n\t\t\t<button onclick=\"alterFont2()\" id=\"btn2\" class=\"btn\" style=\"font-family:Merriweather\">L<\/button>&#13;<br \/>\n\t\t\t<button onclick=\"alterFontSmallerSize()\" id=\"btn3\" class=\"btn\">A-<\/button>&#13;<br \/>\n\t\t\t<button onclick=\"alterFontBiggerSize()\" id=\"btn4\" class=\"btn\">A+<\/button>&#13;<br \/>\n\t\t\t<!--<button onclick='alterFontBolder()' id='btn5' class=\"btn\" >B<\/button>-->&#13;<br \/>\n\t\t\t<button onclick=\"alterBackground()\" id=\"btn6\" class=\"btn\">\u25d0<\/button>&#13;<br \/>\n\t\t\t<!--<button onclick='clean()' id='btn7' class=\"btn\" >Limpar<\/button>-->&#13;\n\t\t<\/p><div class='code-block code-block-8' style='margin: 8px auto; text-align: center; display: block; clear: both;'>\n<script>\n  atOptions = {\n    'key' : '66e2e2111ca34da796271819fc334058',\n    'format' : 'iframe',\n    'height' : 250,\n    'width' : 300,\n    'params' : {}\n  };\n<\/script>\n<script src=\"https:\/\/www.highperformanceformat.com\/66e2e2111ca34da796271819fc334058\/invoke.js\"><\/script>\n<\/div>\n\n<\/p><\/div>\n<p><strong>Daniel Castanho<\/strong> costuma dizer que nasceu dentro de uma escola. Filho do diretor e dono do col\u00e9gio onde estudava, at\u00e9 tentou seguir outros caminhos antes de dar in\u00edcio \u00e0 constru\u00e7\u00e3o do que se tornaria um dos maiores ecossistemas educacionais do pa\u00eds \u2013 com mais de 480 mil alunos, 16 mil funcion\u00e1rios e R$ 3,8 bilh\u00f5es em receitas no acumulado de 2024. \u201cN\u00e3o sou movido pelo neg\u00f3cio\u201d, diz o cofundador e presidente do conselho da<strong> \u00c2nima Educa\u00e7\u00e3o<\/strong>. \u201cEmpreender n\u00e3o \u00e9 sobre ter, \u00e9 sobre fazer.\u201d<\/p>\n<p>O grupo liderado por Castanho, que atuou como CEO por 15 anos, re\u00fane 18 institui\u00e7\u00f5es de ensino superior \u2013 entre elas, <strong>Anhembi Morumbi<\/strong> e <strong>S\u00e3o Judas<\/strong> \u2013, al\u00e9m de marcas como <strong>HSM<\/strong>, <strong>Le Cordon Bleu<\/strong> e <strong>SingularityU<\/strong>. \u201c\u00c9 dif\u00edcil encontrar um brasileiro que n\u00e3o tenha passado ou sido influenciado pela \u00c2nima.\u201d<\/p>\n<h2>Curr\u00edculo de duas linhas<\/h2>\n<p>Graduado em Administra\u00e7\u00e3o de Empresas pela Funda\u00e7\u00e3o Getulio Vargas e com extens\u00e3o na Harvard Business School, Castanho trilhou uma jornada marcada por negativas e reveses. \u201cSempre tive esse esp\u00edrito empreendedor\u201d, diz o paulista de 50 anos, contando como foi influenciado pelo ambiente familiar. Aos 18 anos, ainda calouro da faculdade de administra\u00e7\u00e3o, conheceu a rede Subway durante uma viagem ao M\u00e9xico e decidiu trazer a marca para o Brasil. \u201cEnviei o meu curr\u00edculo de duas linhas junto com o do meu pai. N\u00e3o pude abrir a franquia naquele momento, mas consegui um ano depois.\u201d O neg\u00f3cio quebrou e, mais tarde, o empreendedor seguiu no segmento de restaurantes ao abrir o Varanda Grill, em S\u00e3o Paulo. \u201cDepois, eu e meu s\u00f3cio entramos no mercado de internet, e quebramos tr\u00eas empresas quando a bolha estourou.\u201d<\/p>\n<p>Mas ele n\u00e3o enxerga esses epis\u00f3dios como fracassos. \u201cSimplesmente aconteceu algo diferente do que eu planejei\u201d, afirma. Para Castanho, cada trope\u00e7o o aproximou do momento que vive hoje: \u201cToda dor que te faz crescer, evoluir e entender o porqu\u00ea das coisas te transforma em uma pessoa melhor e mais forte.\u201d<\/p>\n<h2>De volta \u00e0 educa\u00e7\u00e3o<\/h2>\n<p>Em 2003, depois de quebrar, voltou o olhar para o setor de educa\u00e7\u00e3o. \u201cNos anos 2000, menos de 4% da popula\u00e7\u00e3o entre 18 e 24 anos estava na universidade, e esse mercado precisava mudar de maneira radical.\u201d<\/p>\n<p>Sem recursos para grandes investimentos naquele momento, ele e os s\u00f3cios decidiram comprar uma escola endividada em Belo Horizonte. \u201cA Una faturava R$ 30 milh\u00f5es e devia R$ 35 milh\u00f5es\u201d, lembra. \u201cO prop\u00f3sito era, primeiro, salvar a escola. Depois, criar um ambiente incr\u00edvel para se trabalhar. E, depois, transformar o Brasil pela educa\u00e7\u00e3o.\u201d<\/p>\n<p>De l\u00e1 para c\u00e1, vieram novas aquisi\u00e7\u00f5es \u2013 incluindo a compra da opera\u00e7\u00e3o brasileira da americana Laureate por R$ 4,6 bilh\u00f5es \u2013 e a abertura de capital em 2013. Em 2018, Castanho deixou o cargo de CEO para se dedicar apenas ao conselho. \u201cO cargo n\u00e3o estava mais cabendo no que eu queria fazer e onde eu agrego mais valor\u201d, explica. \u201cEu gosto de pensar na inova\u00e7\u00e3o e nas barreiras da transforma\u00e7\u00e3o.\u201d<\/p>\n<h2>Duas intelig\u00eancias<\/h2>\n<p>Bem antes de liderar um ecossistema de ensino, o empreendedor tamb\u00e9m foi professor de matem\u00e1tica. \u201cEstar em uma sala de aula me deu a real dimens\u00e3o do papel de uma universidade ou de uma escola.\u201d Ainda hoje, ele se v\u00ea como professor \u2013 e tamb\u00e9m como aluno. \u201cNa \u00c2nima, todo funcion\u00e1rio \u00e9 um educador\u201d, diz. \u201cNuma escola, at\u00e9 as paredes educam.\u201d<\/p>\n<p>Na sua vis\u00e3o, o futuro da educa\u00e7\u00e3o transitar\u00e1 entre duas \u201cIAs\u201d: a intelig\u00eancia artificial e a intelig\u00eancia ancestral. \u201cA escola n\u00e3o deve ser um espa\u00e7o de memoriza\u00e7\u00e3o. Ela precisa ser o ambiente de despertar o desejo de aprender e ajudar o aluno a entender quem ele \u00e9.\u201d<\/p>\n<p>Castanho se define como um \u201cinconformado por natureza\u201d, caracter\u00edstica que considera essencial para um empreendedor de sucesso, assim como um bom equil\u00edbrio entre autoestima elevada e humildade. \u201cPrecisamos olhar pra tr\u00e1s e pensar: \u2018Por que eu fiz tudo isso?\u2019 e \u2018Por que eu fiz s\u00f3 isso?\u2019 O \u2018tudo isso\u2019 te encoraja a fazer mais, e o \u2018s\u00f3 isso\u2019 traz humildade para reconhecer que voc\u00ea errou e que poderia ter feito muito mais.\u201d<\/p>\n<p>O empreendedorismo, segundo ele, envolve raz\u00e3o, emo\u00e7\u00e3o e, sobretudo, intui\u00e7\u00e3o \u2013 \u201caquilo que n\u00e3o cabe em uma planilha\u201d, define. \u201cPara mim, existe uma diferen\u00e7a entre empres\u00e1rio e empreendedor. O empres\u00e1rio corre risco, arrisca capital. J\u00e1 o empreendedor descobre algo que incomoda, tira o sono e faz ele acordar todos os dias. Eu sou um empreendedor.\u201d<\/p>\n<p><em>*Mat\u00e9ria originalmente publicada na lista Forbes The Founders 2025.<\/em><\/p>\n<aside>\n<h2>Escolhas do editor<\/h2>\n<\/aside>\n<div class=\"follow-us\">Siga o canal da <a href=\"https:\/\/whatsapp.com\/channel\/0029VaAZk57JuyA9F4UwQc2I\" target=\"_blank\" rel=\"noopener noreferrer nofollow\" title=\"Grupo da Forbes Money no WhatsApp\">Forbes Money<\/a> no WhatsApp e receba as principais not\u00edcias de economia e mercado financeiro.<\/div>\n<\/p><\/div>\n<p><script data-debloat-delay=\"1\" type=\"text\/debloat-script\">\n\t\t\t\t(function(d, s, id){\n\t\t\t\t\tvar js, fjs = d.getElementsByTagName(s)[0];\n\t\t\t\t\tif (d.getElementById(id)) return;\n\t\t\t\t\tjs = d.createElement(s); js.id = id;\n\t\t\t\t\tjs.src = \"\/\/connect.facebook.net\/pt_BR\/sdk.js#xfbml=1&version=v2.9\";\n\t\t\t\t\tfjs.parentNode.insertBefore(js, fjs);\n\t\t\t\t}(document, 'script', 'facebook-jssdk'));\n\t\t\t<\/script><br \/>\n<br \/><br \/>\n<br \/><a href=\"https:\/\/forbes.com.br\/carreira\/2025\/08\/daniel-castanho-presidente-do-conselho-da-anima-educacao-empreender-nao-e-sobre-ter-e-sobre-fazer\/\">Source link <\/a><\/p>\n<div class='code-block code-block-4' style='margin: 8px auto 8px 0; text-align: left; display: block; clear: both;'>\n\ud83d\udce2 Aviso Legal\n\nO site ismaelcolosi.com.br atua apenas como um canal de divulga\u00e7\u00e3o de oportunidades de emprego e n\u00e3o se responsabiliza pelo processo seletivo, contrata\u00e7\u00e3o ou qualquer outra etapa relacionada \u00e0s vagas publicadas. Todas as informa\u00e7\u00f5es s\u00e3o de responsabilidade dos anunciantes.\n\n\u26a0\ufe0f Aten\u00e7\u00e3o! Nunca pague por promessas de emprego nem compre cursos que garantam contrata\u00e7\u00e3o. Desconfie de qualquer cobran\u00e7a para participar de sele\u00e7\u00f5es.\n\n\n\n<\/div>\n<!-- CONTENT END 1 -->\n","protected":false},"excerpt":{"rendered":"<p>&#13; Victor Affaro &#13;Daniel Castanho, fundador e presidente do conselho da \u00c2nima Educa\u00e7\u00e3o, \u00e9 um dos destaques da lista in\u00e9dita Forbes The Founders 2025&#13; Acessibilidade&#8230;<\/p>\n","protected":false},"author":1,"featured_media":87235,"comment_status":"","ping_status":"open","sticky":false,"template":"","format":"standard","meta":{"_uag_custom_page_level_css":"","advanced_seo_description":"","jetpack_seo_html_title":"","jetpack_seo_noindex":false,"jetpack_post_was_ever_published":false,"_jetpack_newsletter_access":"","_jetpack_dont_email_post_to_subs":false,"_jetpack_newsletter_tier_id":0,"_jetpack_memberships_contains_paywalled_content":false,"_jetpack_memberships_contains_paid_content":false,"footnotes":"","jetpack_publicize_message":"","jetpack_publicize_feature_enabled":true,"jetpack_social_post_already_shared":true,"jetpack_social_options":{"image_generator_settings":{"template":"highway","default_image_id":0,"font":"","enabled":false},"version":2}},"categories":[1964],"tags":[],"class_list":["post-87234","post","type-post","status-publish","format-standard","has-post-thumbnail","hentry","category-carreira-e-sucesso-dicas-para-carreira"],"jetpack_publicize_connections":[],"jetpack_featured_media_url":"https:\/\/i0.wp.com\/ismaelcolosi.com.br\/wp-content\/uploads\/2025\/08\/1500x1000-04-1200x675.png?fit=1200%2C675&ssl=1","uagb_featured_image_src":{"full":["https:\/\/i0.wp.com\/ismaelcolosi.com.br\/wp-content\/uploads\/2025\/08\/1500x1000-04-1200x675.png?fit=1200%2C675&ssl=1",1200,675,false],"thumbnail":["https:\/\/i0.wp.com\/ismaelcolosi.com.br\/wp-content\/uploads\/2025\/08\/1500x1000-04-1200x675.png?resize=150%2C150&ssl=1",150,150,true],"medium":["https:\/\/i0.wp.com\/ismaelcolosi.com.br\/wp-content\/uploads\/2025\/08\/1500x1000-04-1200x675.png?fit=300%2C169&ssl=1",300,169,true],"medium_large":["https:\/\/i0.wp.com\/ismaelcolosi.com.br\/wp-content\/uploads\/2025\/08\/1500x1000-04-1200x675.png?fit=768%2C432&ssl=1",768,432,true],"large":["https:\/\/i0.wp.com\/ismaelcolosi.com.br\/wp-content\/uploads\/2025\/08\/1500x1000-04-1200x675.png?fit=1024%2C576&ssl=1",1024,576,true],"1536x1536":["https:\/\/i0.wp.com\/ismaelcolosi.com.br\/wp-content\/uploads\/2025\/08\/1500x1000-04-1200x675.png?fit=1200%2C675&ssl=1",1200,675,true],"2048x2048":["https:\/\/i0.wp.com\/ismaelcolosi.com.br\/wp-content\/uploads\/2025\/08\/1500x1000-04-1200x675.png?fit=1200%2C675&ssl=1",1200,675,true],"really-simple-thumb":["https:\/\/i0.wp.com\/ismaelcolosi.com.br\/wp-content\/uploads\/2025\/08\/1500x1000-04-1200x675.png?resize=370%2C247&ssl=1",370,247,true]},"uagb_author_info":{"display_name":"ismaelcolosi.com.br","author_link":"https:\/\/ismaelcolosi.com.br\/index.php\/author\/vidareal-online\/"},"uagb_comment_info":0,"uagb_excerpt":"&#13; Victor Affaro &#13;Daniel Castanho, fundador e presidente do conselho da \u00c2nima Educa\u00e7\u00e3o, \u00e9 um dos destaques da lista in\u00e9dita Forbes The Founders 2025&#13; Acessibilidade...","jetpack-related-posts":[{"id":82713,"url":"https:\/\/ismaelcolosi.com.br\/index.php\/2025\/02\/09\/boeing-alerta-400-funcionarios-sobre-demissoes\/","url_meta":{"origin":87234,"position":0},"title":"Boeing Alerta 400 Funcion\u00e1rios sobre Demiss\u00f5es","author":"ismaelcolosi.com.br","date":"9 de February de 2025","format":false,"excerpt":"\r \r \r \r A empresa disse que emitir\u00e1 avisos aos 400 funcion\u00e1rios afetados com 60 dias de anteced\u00eancia \r \r \r \r Getty Images\r \r Acessibilidade \r L\r L\r A-\r A+\r \r \u25d0\r \r \u00a0 \u00a0 A Boeing alertou neste s\u00e1bado (8) sobre demiss\u00f5es em seu programa de foguetes\u2026","rel":"","context":"In &quot;Carreira e Sucesso&quot;","block_context":{"text":"Carreira e Sucesso","link":"https:\/\/ismaelcolosi.com.br\/index.php\/category\/carreira-e-sucesso-dicas-para-carreira\/"},"img":{"alt_text":"","src":"https:\/\/i0.wp.com\/ismaelcolosi.com.br\/wp-content\/uploads\/2025\/02\/Boeing-737-Max-Imagem-GettyImages-1030x438.png?fit=1030%2C438&ssl=1&resize=350%2C200","width":350,"height":200,"srcset":"https:\/\/i0.wp.com\/ismaelcolosi.com.br\/wp-content\/uploads\/2025\/02\/Boeing-737-Max-Imagem-GettyImages-1030x438.png?fit=1030%2C438&ssl=1&resize=350%2C200 1x, https:\/\/i0.wp.com\/ismaelcolosi.com.br\/wp-content\/uploads\/2025\/02\/Boeing-737-Max-Imagem-GettyImages-1030x438.png?fit=1030%2C438&ssl=1&resize=525%2C300 1.5x, https:\/\/i0.wp.com\/ismaelcolosi.com.br\/wp-content\/uploads\/2025\/02\/Boeing-737-Max-Imagem-GettyImages-1030x438.png?fit=1030%2C438&ssl=1&resize=700%2C400 2x"},"classes":[]},{"id":67548,"url":"https:\/\/ismaelcolosi.com.br\/index.php\/2024\/09\/24\/cursos-gratuitos-para-aprender-sobre-ia-ciberseguranca-e-analise-de-dados\/","url_meta":{"origin":87234,"position":1},"title":"Cursos Gratuitos para Aprender sobre IA, Ciberseguran\u00e7a e An\u00e1lise de Dados","author":"ismaelcolosi.com.br","date":"24 de September de 2024","format":false,"excerpt":"A pesquisa CEO Study, realizada pela IBM, aponta que 35% da for\u00e7a de trabalho brasileira precisar\u00e1 ser requalificada nos pr\u00f3ximos tr\u00eas anos devido aos avan\u00e7os tecnol\u00f3gicos. O levantamento tamb\u00e9m mostra que 37% dos CEOs no Brasil planejam contratar colaboradores adicionais devido \u00e0 IA generativa. Acessibilidade L L A- A+ \u25d0\u2026","rel":"","context":"In &quot;Carreira e Sucesso&quot;","block_context":{"text":"Carreira e Sucesso","link":"https:\/\/ismaelcolosi.com.br\/index.php\/category\/carreira-e-sucesso-dicas-para-carreira\/"},"img":{"alt_text":"","src":"https:\/\/i0.wp.com\/ismaelcolosi.com.br\/wp-content\/uploads\/2024\/09\/cursos-gratuitos-tecnologia-1024x683.png?fit=1024%2C683&ssl=1&resize=350%2C200","width":350,"height":200,"srcset":"https:\/\/i0.wp.com\/ismaelcolosi.com.br\/wp-content\/uploads\/2024\/09\/cursos-gratuitos-tecnologia-1024x683.png?fit=1024%2C683&ssl=1&resize=350%2C200 1x, https:\/\/i0.wp.com\/ismaelcolosi.com.br\/wp-content\/uploads\/2024\/09\/cursos-gratuitos-tecnologia-1024x683.png?fit=1024%2C683&ssl=1&resize=525%2C300 1.5x, https:\/\/i0.wp.com\/ismaelcolosi.com.br\/wp-content\/uploads\/2024\/09\/cursos-gratuitos-tecnologia-1024x683.png?fit=1024%2C683&ssl=1&resize=700%2C400 2x"},"classes":[]},{"id":67801,"url":"https:\/\/ismaelcolosi.com.br\/index.php\/2024\/09\/25\/cursos-gratuitos-para-aprender-sobre-ia-ciberseguranca-e-analise-de-dados-2\/","url_meta":{"origin":87234,"position":2},"title":"Cursos Gratuitos para Aprender sobre IA, Ciberseguran\u00e7a e An\u00e1lise de Dados","author":"ismaelcolosi.com.br","date":"25 de September de 2024","format":false,"excerpt":"A pesquisa CEO Study, realizada pela IBM, aponta que 35% da for\u00e7a de trabalho brasileira precisar\u00e1 ser requalificada nos pr\u00f3ximos tr\u00eas anos devido aos avan\u00e7os tecnol\u00f3gicos. O levantamento tamb\u00e9m mostra que 37% dos CEOs no Brasil planejam contratar colaboradores adicionais devido \u00e0 IA generativa. Acessibilidade L L A- A+ \u25d0\u2026","rel":"","context":"In &quot;Carreira e Sucesso&quot;","block_context":{"text":"Carreira e Sucesso","link":"https:\/\/ismaelcolosi.com.br\/index.php\/category\/carreira-e-sucesso-dicas-para-carreira\/"},"img":{"alt_text":"","src":"https:\/\/i0.wp.com\/ismaelcolosi.com.br\/wp-content\/uploads\/2024\/09\/1727285159_cursos-gratuitos-tecnologia-1024x683.png?fit=1024%2C683&ssl=1&resize=350%2C200","width":350,"height":200,"srcset":"https:\/\/i0.wp.com\/ismaelcolosi.com.br\/wp-content\/uploads\/2024\/09\/1727285159_cursos-gratuitos-tecnologia-1024x683.png?fit=1024%2C683&ssl=1&resize=350%2C200 1x, https:\/\/i0.wp.com\/ismaelcolosi.com.br\/wp-content\/uploads\/2024\/09\/1727285159_cursos-gratuitos-tecnologia-1024x683.png?fit=1024%2C683&ssl=1&resize=525%2C300 1.5x, https:\/\/i0.wp.com\/ismaelcolosi.com.br\/wp-content\/uploads\/2024\/09\/1727285159_cursos-gratuitos-tecnologia-1024x683.png?fit=1024%2C683&ssl=1&resize=700%2C400 2x"},"classes":[]},{"id":75034,"url":"https:\/\/ismaelcolosi.com.br\/index.php\/2024\/11\/04\/novonor-indica-novo-presidente-executivo-para-braskem\/","url_meta":{"origin":87234,"position":3},"title":"Novonor Indica Novo Presidente-Executivo para Braskem","author":"ismaelcolosi.com.br","date":"4 de November de 2024","format":false,"excerpt":"Reprodu\u00e7\u00e3o\/LinkedInA nomea\u00e7\u00e3o de Roberto Ramos ser\u00e1 apresentada formalmente \u00e0 aprova\u00e7\u00e3o do conselho de administra\u00e7\u00e3o da Braskem Acessibilidade \r L\r L\r A-\r A+\r \r \u25d0\r \r A Braskem anunciou nesta segunda-feira (4) que o acionista controlador do grupo, Novonor, indicou Roberto Paraiso Ramos para ocupar o lugar de Roberto Bischoff na\u2026","rel":"","context":"In &quot;Carreira e Sucesso&quot;","block_context":{"text":"Carreira e Sucesso","link":"https:\/\/ismaelcolosi.com.br\/index.php\/category\/carreira-e-sucesso-dicas-para-carreira\/"},"img":{"alt_text":"","src":"https:\/\/i0.wp.com\/ismaelcolosi.com.br\/wp-content\/uploads\/2024\/11\/carreira-Roberto-Paraiso-Ramos-braskem-1200x675.jpg?fit=1200%2C675&ssl=1&resize=350%2C200","width":350,"height":200,"srcset":"https:\/\/i0.wp.com\/ismaelcolosi.com.br\/wp-content\/uploads\/2024\/11\/carreira-Roberto-Paraiso-Ramos-braskem-1200x675.jpg?fit=1200%2C675&ssl=1&resize=350%2C200 1x, https:\/\/i0.wp.com\/ismaelcolosi.com.br\/wp-content\/uploads\/2024\/11\/carreira-Roberto-Paraiso-Ramos-braskem-1200x675.jpg?fit=1200%2C675&ssl=1&resize=525%2C300 1.5x, https:\/\/i0.wp.com\/ismaelcolosi.com.br\/wp-content\/uploads\/2024\/11\/carreira-Roberto-Paraiso-Ramos-braskem-1200x675.jpg?fit=1200%2C675&ssl=1&resize=700%2C400 2x, https:\/\/i0.wp.com\/ismaelcolosi.com.br\/wp-content\/uploads\/2024\/11\/carreira-Roberto-Paraiso-Ramos-braskem-1200x675.jpg?fit=1200%2C675&ssl=1&resize=1050%2C600 3x"},"classes":[]},{"id":85695,"url":"https:\/\/ismaelcolosi.com.br\/index.php\/2025\/05\/25\/bill-gates-indica-5-autobiografias-inspiradoras\/","url_meta":{"origin":87234,"position":4},"title":"Bill Gates Indica 5 Autobiografias Inspiradoras","author":"ismaelcolosi.com.br","date":"25 de May de 2025","format":false,"excerpt":"\r Getty Images\r Bill Gates: \"Autobiografias s\u00e3o um bom lembrete de que as pessoas t\u00eam in\u00fameras hist\u00f3rias interessantes para contar\"\r Acessibilidade \r L\r L\r A-\r A+\r \r \u25d0\r \r \u00a0 Bill Gates publica sua tradicional lista de indica\u00e7\u00e3o de livros, m\u00fasicas e s\u00e9ries duas vezes por ano no seu blog\u2026","rel":"","context":"In &quot;Carreira e Sucesso&quot;","block_context":{"text":"Carreira e Sucesso","link":"https:\/\/ismaelcolosi.com.br\/index.php\/category\/carreira-e-sucesso-dicas-para-carreira\/"},"img":{"alt_text":"","src":"https:\/\/i0.wp.com\/ismaelcolosi.com.br\/wp-content\/uploads\/2025\/05\/forbes-bill-gates-1200x675.jpg?fit=1200%2C675&ssl=1&resize=350%2C200","width":350,"height":200,"srcset":"https:\/\/i0.wp.com\/ismaelcolosi.com.br\/wp-content\/uploads\/2025\/05\/forbes-bill-gates-1200x675.jpg?fit=1200%2C675&ssl=1&resize=350%2C200 1x, https:\/\/i0.wp.com\/ismaelcolosi.com.br\/wp-content\/uploads\/2025\/05\/forbes-bill-gates-1200x675.jpg?fit=1200%2C675&ssl=1&resize=525%2C300 1.5x, https:\/\/i0.wp.com\/ismaelcolosi.com.br\/wp-content\/uploads\/2025\/05\/forbes-bill-gates-1200x675.jpg?fit=1200%2C675&ssl=1&resize=700%2C400 2x, https:\/\/i0.wp.com\/ismaelcolosi.com.br\/wp-content\/uploads\/2025\/05\/forbes-bill-gates-1200x675.jpg?fit=1200%2C675&ssl=1&resize=1050%2C600 3x"},"classes":[]},{"id":87650,"url":"https:\/\/ismaelcolosi.com.br\/index.php\/2025\/09\/23\/reino-unido-vai-facilitar-caminho-para-atrair-talentos-apos-medida-de-trump-sobre-vistos\/","url_meta":{"origin":87234,"position":5},"title":"Reino Unido Vai Facilitar Caminho para &#8216;Atrair Talentos&#8217; ap\u00f3s Medida de Trump sobre Vistos","author":"ismaelcolosi.com.br","date":"23 de September de 2025","format":false,"excerpt":"\r \r \r \r Na sexta-feira, Trump anunciou um forte aumento no custo do programa de vistos H1-B para profissionais\r qualificados \r \r \r \r Jordan Pettitt\/Pool via REUTERS\r Rachel Reeves, ministra das Finan\u00e7as do Reino Unido\r Acessibilidade \r L\r L\r A-\r A+\r \r \u25d0\r \r A Gr\u00e3-Bretanha vai facilitar\u2026","rel":"","context":"In &quot;Carreira e Sucesso&quot;","block_context":{"text":"Carreira e Sucesso","link":"https:\/\/ismaelcolosi.com.br\/index.php\/category\/carreira-e-sucesso-dicas-para-carreira\/"},"img":{"alt_text":"","src":"https:\/\/i0.wp.com\/ismaelcolosi.com.br\/wp-content\/uploads\/2025\/09\/rachel-reeves-1200x675.jpg?fit=1200%2C675&ssl=1&resize=350%2C200","width":350,"height":200,"srcset":"https:\/\/i0.wp.com\/ismaelcolosi.com.br\/wp-content\/uploads\/2025\/09\/rachel-reeves-1200x675.jpg?fit=1200%2C675&ssl=1&resize=350%2C200 1x, https:\/\/i0.wp.com\/ismaelcolosi.com.br\/wp-content\/uploads\/2025\/09\/rachel-reeves-1200x675.jpg?fit=1200%2C675&ssl=1&resize=525%2C300 1.5x, https:\/\/i0.wp.com\/ismaelcolosi.com.br\/wp-content\/uploads\/2025\/09\/rachel-reeves-1200x675.jpg?fit=1200%2C675&ssl=1&resize=700%2C400 2x, https:\/\/i0.wp.com\/ismaelcolosi.com.br\/wp-content\/uploads\/2025\/09\/rachel-reeves-1200x675.jpg?fit=1200%2C675&ssl=1&resize=1050%2C600 3x"},"classes":[]}],"jetpack_sharing_enabled":true,"jetpack_shortlink":"https:\/\/wp.me\/pfMlyK-mH0","_links":{"self":[{"href":"https:\/\/ismaelcolosi.com.br\/index.php\/wp-json\/wp\/v2\/posts\/87234","targetHints":{"allow":["GET"]}}],"collection":[{"href":"https:\/\/ismaelcolosi.com.br\/index.php\/wp-json\/wp\/v2\/posts"}],"about":[{"href":"https:\/\/ismaelcolosi.com.br\/index.php\/wp-json\/wp\/v2\/types\/post"}],"author":[{"embeddable":true,"href":"https:\/\/ismaelcolosi.com.br\/index.php\/wp-json\/wp\/v2\/users\/1"}],"replies":[{"embeddable":true,"href":"https:\/\/ismaelcolosi.com.br\/index.php\/wp-json\/wp\/v2\/comments?post=87234"}],"version-history":[{"count":0,"href":"https:\/\/ismaelcolosi.com.br\/index.php\/wp-json\/wp\/v2\/posts\/87234\/revisions"}],"wp:featuredmedia":[{"embeddable":true,"href":"https:\/\/ismaelcolosi.com.br\/index.php\/wp-json\/wp\/v2\/media\/87235"}],"wp:attachment":[{"href":"https:\/\/ismaelcolosi.com.br\/index.php\/wp-json\/wp\/v2\/media?parent=87234"}],"wp:term":[{"taxonomy":"category","embeddable":true,"href":"https:\/\/ismaelcolosi.com.br\/index.php\/wp-json\/wp\/v2\/categories?post=87234"},{"taxonomy":"post_tag","embeddable":true,"href":"https:\/\/ismaelcolosi.com.br\/index.php\/wp-json\/wp\/v2\/tags?post=87234"}],"curies":[{"name":"wp","href":"https:\/\/api.w.org\/{rel}","templated":true}]}}