{"id":8722,"date":"2023-11-30T18:27:08","date_gmt":"2023-11-30T21:27:08","guid":{"rendered":"https:\/\/ismaelcolosi.com.br\/index.php\/2023\/11\/30\/whatsapp-exclui-estes-35-celulares-das-atualizacoes-em-dezembro\/"},"modified":"2023-11-30T18:27:08","modified_gmt":"2023-11-30T21:27:08","slug":"whatsapp-exclui-estes-35-celulares-das-atualizacoes-em-dezembro","status":"publish","type":"post","link":"https:\/\/ismaelcolosi.com.br\/index.php\/2023\/11\/30\/whatsapp-exclui-estes-35-celulares-das-atualizacoes-em-dezembro\/","title":{"rendered":"WhatsApp exclui estes 35 celulares das atualiza\u00e7\u00f5es em dezembro"},"content":{"rendered":"<p> [ad_1]<br \/>\n<\/p>\n<div id=\"data\">\n<div id=\"attachment_2315576\" class=\"wp-caption alignnone\">\n<div class=\"d-flex justify-content-center\" data-attachment-id=\"2315576\">\n<div class=\"position-relative d-inline-block\"><img data-recalc-dims=\"1\" data-portal-copyright=\"Depositphotos\/rafapress\" fetchpriority=\"high\" decoding=\"async\" class=\"size-full wp-image-2315576\" src=\"https:\/\/i0.wp.com\/catracalivre.com.br\/wp-content\/uploads\/2023\/11\/depositphotos-325219858-xl-scaled-e1701359211918.jpg?resize=1200%2C687&#038;ssl=1\" alt=\"WhatsApp vai parar de atualizar nestes celulares em dezembro\" width=\"1200\" height=\"687\" srcset=\"https:\/\/catracalivre.com.br\/wp-content\/uploads\/2023\/11\/depositphotos-325219858-xl-scaled-e1701359211918.jpg 2436w, https:\/\/catracalivre.com.br\/wp-content\/uploads\/2023\/11\/depositphotos-325219858-xl-scaled-e1701359211918-450x258.jpg 450w, https:\/\/catracalivre.com.br\/wp-content\/uploads\/2023\/11\/depositphotos-325219858-xl-scaled-e1701359211918-768x440.jpg 768w\" sizes=\"(max-width: 2436px) 100vw, 2436px\"\/><\/p>\n<p>Cr\u00e9ditos: Depositphotos\/rafapress<\/p>\n<\/div>\n<\/div>\n<p><span class=\"post-imagem__legenda\">WhatsApp vai parar de atualizar nestes celulares em dezembro<\/span><\/p>\n<\/div>\n<p>J\u00e1 \u00e9 senso comum que o <a href=\"https:\/\/blog.whatsapp.com\/\" target=\"_blank\" rel=\"noopener\">WhatsApp<\/a> \u00e9 um dos aplicativos mais populares do Brasil, sendo utilizado tanto para uso pessoal como para fins profissionais. Por\u00e9m, essa popularidade pode sofrer um impacto negativo, principalmente entre os usu\u00e1rios que possuem celulares com sistemas operacionais mais antigos.<\/p>\n<p>As constantes atualiza\u00e7\u00f5es e inova\u00e7\u00f5es do aplicativo, parte integral de sua estrat\u00e9gia de permanecer relevante e \u00e0 frente de seus concorrentes, infelizmente, acabam por criar uma barreira para aqueles com aparelhos desatualizados.<\/p>\n<p>A lista mais recente inclui 35 modelos de celulares, tanto Android quanto\u00a0<a href=\"https:\/\/catracalivre.com.br\/entretenimento\/whatsapp-lanca-atualizacao-com-novo-visual-para-ios-veja-como-ficou\/\" target=\"_blank\" rel=\"noopener\">iOS<\/a>, que n\u00e3o ser\u00e3o mais compat\u00edveis com o aplicativo.<\/p>\n<h2>E agora, o que fazer?<\/h2>\n<p>A partir do dia 1\u00ba de dezembro de 2023, certos celulares deixar\u00e3o de receber <a href=\"https:\/\/catracalivre.com.br\/entretenimento\/whatsapp-pretende-reinventar-criacao-de-grupos-com-nova-atualizacao\/\" target=\"_blank\" rel=\"noopener\">atualiza\u00e7\u00f5es<\/a>.<\/p>\n<p>O avan\u00e7o do tecnol\u00f3gico do mensageiro \u00e9 um aspecto importante, oferecendo\u00a0<a href=\"https:\/\/catracalivre.com.br\/entretenimento\/aprenda-truque-para-visualizar-status-do-whatsapp-sem-ser-visto\/\" target=\"_blank\" rel=\"noopener\">novos recursos<\/a>\u00a0e funcionalidades aos usu\u00e1rios constantemente. Como consequ\u00eancia, a cada ano diversos modelos tornam-se incompat\u00edveis com as inova\u00e7\u00f5es do WhatsApp.<\/p>\n<p>Se voc\u00ea \u00e9 um dos usu\u00e1rios que ainda possui um desses modelos antigos de smartphone, talvez seja a hora ideal para considerar a renova\u00e7\u00e3o do seu aparelho. Caso contr\u00e1rio, seu WhatsApp n\u00e3o receber\u00e1 mais atualiza\u00e7\u00f5es at\u00e9 parar de funcionar completamente.<\/p>\n<p>A depend\u00eancia do mensageiro \u00e9 vis\u00edvel \u2013 dif\u00edcil seria encontrar algu\u00e9m que n\u00e3o utilize o aplicativo diariamente. Ent\u00e3o poder contar com todas as funcionalidades e recursos do app \u00e9 essencial, e isso requer um celular atualizado.<\/p>\n<\/div>\n<p><script>\n\t\t! function(f, b, e, v, n, t, s) {\n\t\t\tif (f.fbq) return;\n\t\t\tn = f.fbq = function() {\n\t\t\t\tn.callMethod ?\n\t\t\t\t\tn.callMethod.apply(n, arguments) : n.queue.push(arguments)\n\t\t\t};\n\t\t\tif (!f._fbq) f._fbq = n;\n\t\t\tn.push = n;\n\t\t\tn.loaded = !0;\n\t\t\tn.version = '2.0';\n\t\t\tn.queue = [];\n\t\t\tt = b.createElement(e);\n\t\t\tt.async = !0;\n\t\t\tt.src = v;\n\t\t\ts = b.getElementsByTagName(e)[0];\n\t\t\ts.parentNode.insertBefore(t, s)\n\t\t}(window, document, 'script',\n\t\t\t'https:\/\/connect.facebook.net\/en_US\/fbevents.js');\n\t\tfbq('init', '338315473262380');\n\t\tfbq('track', 'PageView');\n\t<\/script><br \/>\n<br \/>[ad_2]<br \/>\n<br \/><a href=\"https:\/\/catracalivre.com.br\/entretenimento\/whatsapp-exclui-estes-35-celulares-das-atualizacoes-em-dezembro\/\" target=\"_blank\" rel=\"noopener\">Source link <\/a><\/p>\n<div class='code-block code-block-4' style='margin: 8px auto 8px 0; text-align: left; display: block; clear: both;'>\n\ud83d\udce2 Aviso Legal\n\nO site ismaelcolosi.com.br atua apenas como um canal de divulga\u00e7\u00e3o de oportunidades de emprego e n\u00e3o se responsabiliza pelo processo seletivo, contrata\u00e7\u00e3o ou qualquer outra etapa relacionada \u00e0s vagas publicadas. Todas as informa\u00e7\u00f5es s\u00e3o de responsabilidade dos anunciantes.\n\n\u26a0\ufe0f Aten\u00e7\u00e3o! Nunca pague por promessas de emprego nem compre cursos que garantam contrata\u00e7\u00e3o. Desconfie de qualquer cobran\u00e7a para participar de sele\u00e7\u00f5es.\n\n\n\n<\/div>\n<!-- CONTENT END 1 -->\n","protected":false},"excerpt":{"rendered":"<p>[ad_1] Cr\u00e9ditos: Depositphotos\/rafapress WhatsApp vai parar de atualizar nestes celulares em dezembro J\u00e1 \u00e9 senso comum que o WhatsApp \u00e9 um dos aplicativos mais populares do Brasil, sendo utilizado tanto para uso pessoal como para fins profissionais. Por\u00e9m, essa popularidade pode sofrer um impacto negativo, principalmente entre os usu\u00e1rios que possuem celulares com sistemas operacionais&hellip;&nbsp;<\/p>\n","protected":false},"author":1,"featured_media":8723,"comment_status":"open","ping_status":"open","sticky":false,"template":"","format":"standard","meta":{"_uag_custom_page_level_css":"","neve_meta_sidebar":"","neve_meta_container":"","neve_meta_enable_content_width":"","neve_meta_content_width":0,"neve_meta_title_alignment":"","neve_meta_author_avatar":"","neve_post_elements_order":"","neve_meta_disable_header":"","neve_meta_disable_footer":"","neve_meta_disable_title":"","_jetpack_newsletter_access":"","_jetpack_dont_email_post_to_subs":false,"_jetpack_newsletter_tier_id":0,"_jetpack_memberships_contains_paywalled_content":false,"_jetpack_memberships_contains_paid_content":false,"footnotes":""},"categories":[19],"tags":[],"class_list":["post-8722","post","type-post","status-publish","format-standard","has-post-thumbnail","hentry","category-variedades"],"uagb_featured_image_src":{"full":["https:\/\/i0.wp.com\/ismaelcolosi.com.br\/wp-content\/uploads\/2023\/11\/depositphotos-325219858-xl-scaled-e1701359211918.jpg?fit=1200%2C638&ssl=1",1200,638,false],"thumbnail":["https:\/\/i0.wp.com\/ismaelcolosi.com.br\/wp-content\/uploads\/2023\/11\/depositphotos-325219858-xl-scaled-e1701359211918.jpg?resize=150%2C150&ssl=1",150,150,true],"medium":["https:\/\/i0.wp.com\/ismaelcolosi.com.br\/wp-content\/uploads\/2023\/11\/depositphotos-325219858-xl-scaled-e1701359211918.jpg?fit=300%2C160&ssl=1",300,160,true],"medium_large":["https:\/\/i0.wp.com\/ismaelcolosi.com.br\/wp-content\/uploads\/2023\/11\/depositphotos-325219858-xl-scaled-e1701359211918.jpg?fit=768%2C408&ssl=1",768,408,true],"large":["https:\/\/i0.wp.com\/ismaelcolosi.com.br\/wp-content\/uploads\/2023\/11\/depositphotos-325219858-xl-scaled-e1701359211918.jpg?fit=1024%2C544&ssl=1",1024,544,true],"1536x1536":["https:\/\/i0.wp.com\/ismaelcolosi.com.br\/wp-content\/uploads\/2023\/11\/depositphotos-325219858-xl-scaled-e1701359211918.jpg?fit=1200%2C638&ssl=1",1200,638,true],"2048x2048":["https:\/\/i0.wp.com\/ismaelcolosi.com.br\/wp-content\/uploads\/2023\/11\/depositphotos-325219858-xl-scaled-e1701359211918.jpg?fit=1200%2C638&ssl=1",1200,638,true],"neve-blog":["https:\/\/i0.wp.com\/ismaelcolosi.com.br\/wp-content\/uploads\/2023\/11\/depositphotos-325219858-xl-scaled-e1701359211918.jpg?resize=930%2C620&ssl=1",930,620,true]},"uagb_author_info":{"display_name":"ismaelcolosi.com.br","author_link":"https:\/\/ismaelcolosi.com.br\/author\/vidareal-online\/"},"uagb_comment_info":0,"uagb_excerpt":"[ad_1] Cr\u00e9ditos: Depositphotos\/rafapress WhatsApp vai parar de atualizar nestes celulares em dezembro J\u00e1 \u00e9 senso comum que o WhatsApp \u00e9 um dos aplicativos mais populares do Brasil, sendo utilizado tanto para uso pessoal como para fins profissionais. Por\u00e9m, essa popularidade pode sofrer um impacto negativo, principalmente entre os usu\u00e1rios que possuem celulares com sistemas operacionais&hellip;&nbsp;","jetpack-related-posts":[{"id":19355,"url":"https:\/\/ismaelcolosi.com.br\/index.php\/2023\/12\/22\/instagram-libera-nova-atualizacao-para-publicacoes-no-feed\/","url_meta":{"origin":8722,"position":0},"title":"Instagram libera nova atualiza\u00e7\u00e3o para publica\u00e7\u00f5es no Feed","author":"ismaelcolosi.com.br","date":"22 de Dezembro de 2023","format":false,"excerpt":"[ad_1] Cr\u00e9ditos: Depositphotos\/AlisonnunesNova atualiza\u00e7\u00e3o do Instagram para publica\u00e7\u00f5es Se voc\u00ea \u00e9 um entusiasta do Instagram ou gerencia uma conta comercial na plataforma, uma nova atualiza\u00e7\u00e3o pode ser de grande interesse para voc\u00ea. O popular aplicativo de compartilhamento de fotos e v\u00eddeos agora permite aos usu\u00e1rios ter uma pr\u00e9-visualiza\u00e7\u00e3o de como\u2026","rel":"","context":"In &quot;Variedades&quot;","block_context":{"text":"Variedades","link":"https:\/\/ismaelcolosi.com.br\/index.php\/category\/variedades\/"},"img":{"alt_text":"","src":"https:\/\/i0.wp.com\/ismaelcolosi.com.br\/wp-content\/uploads\/2023\/12\/depositphotos-608943124-xl-scaled.jpg?fit=1200%2C638&ssl=1&resize=350%2C200","width":350,"height":200,"srcset":"https:\/\/i0.wp.com\/ismaelcolosi.com.br\/wp-content\/uploads\/2023\/12\/depositphotos-608943124-xl-scaled.jpg?fit=1200%2C638&ssl=1&resize=350%2C200 1x, https:\/\/i0.wp.com\/ismaelcolosi.com.br\/wp-content\/uploads\/2023\/12\/depositphotos-608943124-xl-scaled.jpg?fit=1200%2C638&ssl=1&resize=525%2C300 1.5x, https:\/\/i0.wp.com\/ismaelcolosi.com.br\/wp-content\/uploads\/2023\/12\/depositphotos-608943124-xl-scaled.jpg?fit=1200%2C638&ssl=1&resize=700%2C400 2x, https:\/\/i0.wp.com\/ismaelcolosi.com.br\/wp-content\/uploads\/2023\/12\/depositphotos-608943124-xl-scaled.jpg?fit=1200%2C638&ssl=1&resize=1050%2C600 3x"},"classes":[]},{"id":17832,"url":"https:\/\/ismaelcolosi.com.br\/index.php\/2023\/12\/19\/whatsapp-recebe-atualizacao-essencial-para-organizar-conversas\/","url_meta":{"origin":8722,"position":1},"title":"WhatsApp recebe atualiza\u00e7\u00e3o essencial para organizar conversas","author":"ismaelcolosi.com.br","date":"19 de Dezembro de 2023","format":false,"excerpt":"[ad_1] Cr\u00e9ditos: Depositphotos\/rafapressWhatsApp Web ganha recurso para ajudar na organiza\u00e7\u00e3o das conversas Em uma era onde a comunica\u00e7\u00e3o constante \u00e9 necess\u00e1ria, o WhatsApp tem se tornado cada vez mais essencial. Mas, a not\u00edcia mais recente \u00e9 que, ap\u00f3s uma longa espera, o WhatsApp Web finalmente est\u00e1 atualizando suas funcionalidades para\u2026","rel":"","context":"In &quot;Variedades&quot;","block_context":{"text":"Variedades","link":"https:\/\/ismaelcolosi.com.br\/index.php\/category\/variedades\/"},"img":{"alt_text":"","src":"https:\/\/i0.wp.com\/ismaelcolosi.com.br\/wp-content\/uploads\/2023\/12\/depositphotos-394158558-xl-scaled.jpg?fit=1200%2C638&ssl=1&resize=350%2C200","width":350,"height":200,"srcset":"https:\/\/i0.wp.com\/ismaelcolosi.com.br\/wp-content\/uploads\/2023\/12\/depositphotos-394158558-xl-scaled.jpg?fit=1200%2C638&ssl=1&resize=350%2C200 1x, https:\/\/i0.wp.com\/ismaelcolosi.com.br\/wp-content\/uploads\/2023\/12\/depositphotos-394158558-xl-scaled.jpg?fit=1200%2C638&ssl=1&resize=525%2C300 1.5x, https:\/\/i0.wp.com\/ismaelcolosi.com.br\/wp-content\/uploads\/2023\/12\/depositphotos-394158558-xl-scaled.jpg?fit=1200%2C638&ssl=1&resize=700%2C400 2x, https:\/\/i0.wp.com\/ismaelcolosi.com.br\/wp-content\/uploads\/2023\/12\/depositphotos-394158558-xl-scaled.jpg?fit=1200%2C638&ssl=1&resize=1050%2C600 3x"},"classes":[]},{"id":35843,"url":"https:\/\/ismaelcolosi.com.br\/index.php\/2024\/02\/07\/sete-milhoes-de-familias-devem-atualizar-dados-no-cadunico\/","url_meta":{"origin":8722,"position":2},"title":"Sete milh\u00f5es de fam\u00edlias devem atualizar dados\u00a0no Cad\u00danico\u00a0","author":"ismaelcolosi.com.br","date":"7 de Fevereiro de 2024","format":false,"excerpt":"[ad_1] 7 de fevereiro de 2024 | 17:007 de fevereiro de 2024 | 10:02 0O Minist\u00e9rio do Desenvolvimento e Assist\u00eancia Social, Fam\u00edlia e Combate \u00e0 Fome (MDS) informa que cerca de sete milh\u00f5es de fam\u00edlias, entre benefici\u00e1rias e n\u00e3o benefici\u00e1rias do Programa Bolsa Fam\u00edlia, devem atualizar seus dados no Cadastro\u2026","rel":"","context":"In &quot;Not\u00edcias de Ribeir\u00e3o Preto-SP e Regi\u00e3o&quot;","block_context":{"text":"Not\u00edcias de Ribeir\u00e3o Preto-SP e Regi\u00e3o","link":"https:\/\/ismaelcolosi.com.br\/index.php\/category\/noticias-de-ribeirao-preto-sp-e-regiao-ismael-colosi\/"},"img":{"alt_text":"","src":"https:\/\/i0.wp.com\/ismaelcolosi.com.br\/wp-content\/uploads\/2024\/02\/72289733-2e99-4cc4-accf-c0fcad36825f-scaled.jpg?fit=1000%2C598&ssl=1&resize=350%2C200","width":350,"height":200,"srcset":"https:\/\/i0.wp.com\/ismaelcolosi.com.br\/wp-content\/uploads\/2024\/02\/72289733-2e99-4cc4-accf-c0fcad36825f-scaled.jpg?fit=1000%2C598&ssl=1&resize=350%2C200 1x, https:\/\/i0.wp.com\/ismaelcolosi.com.br\/wp-content\/uploads\/2024\/02\/72289733-2e99-4cc4-accf-c0fcad36825f-scaled.jpg?fit=1000%2C598&ssl=1&resize=525%2C300 1.5x, https:\/\/i0.wp.com\/ismaelcolosi.com.br\/wp-content\/uploads\/2024\/02\/72289733-2e99-4cc4-accf-c0fcad36825f-scaled.jpg?fit=1000%2C598&ssl=1&resize=700%2C400 2x"},"classes":[]},{"id":10520,"url":"https:\/\/ismaelcolosi.com.br\/index.php\/2023\/12\/04\/whatsapp-libera-atualizacao-muito-aguardada-por-usuarios-fotogenicos\/","url_meta":{"origin":8722,"position":3},"title":"WhatsApp libera atualiza\u00e7\u00e3o muito aguardada por usu\u00e1rios fotog\u00eanicos","author":"ismaelcolosi.com.br","date":"4 de Dezembro de 2023","format":false,"excerpt":"[ad_1] Cr\u00e9ditos: Depositphotos\/BongkarnGraphicAgora \u00e9 poss\u00edvel enviar fotos e v\u00eddeos com a qualidade original no WhatsApp Em uma novidade que deve agradar a todos que prezam pela qualidade de suas imagens e v\u00eddeos, o WhatsApp atualizou recentemente sua vers\u00e3o para iOS (iPhone), permitindo o envio de fotos e v\u00eddeos em sua\u2026","rel":"","context":"In &quot;Variedades&quot;","block_context":{"text":"Variedades","link":"https:\/\/ismaelcolosi.com.br\/index.php\/category\/variedades\/"},"img":{"alt_text":"","src":"https:\/\/i0.wp.com\/ismaelcolosi.com.br\/wp-content\/uploads\/2023\/12\/depositphotos-656898632-xl-scaled-e1701717889853.jpg?fit=1200%2C638&ssl=1&resize=350%2C200","width":350,"height":200,"srcset":"https:\/\/i0.wp.com\/ismaelcolosi.com.br\/wp-content\/uploads\/2023\/12\/depositphotos-656898632-xl-scaled-e1701717889853.jpg?fit=1200%2C638&ssl=1&resize=350%2C200 1x, https:\/\/i0.wp.com\/ismaelcolosi.com.br\/wp-content\/uploads\/2023\/12\/depositphotos-656898632-xl-scaled-e1701717889853.jpg?fit=1200%2C638&ssl=1&resize=525%2C300 1.5x, https:\/\/i0.wp.com\/ismaelcolosi.com.br\/wp-content\/uploads\/2023\/12\/depositphotos-656898632-xl-scaled-e1701717889853.jpg?fit=1200%2C638&ssl=1&resize=700%2C400 2x, https:\/\/i0.wp.com\/ismaelcolosi.com.br\/wp-content\/uploads\/2023\/12\/depositphotos-656898632-xl-scaled-e1701717889853.jpg?fit=1200%2C638&ssl=1&resize=1050%2C600 3x"},"classes":[]},{"id":10284,"url":"https:\/\/ismaelcolosi.com.br\/index.php\/2023\/12\/04\/governo-federal-atualiza-formulario-do-mei\/","url_meta":{"origin":8722,"position":4},"title":"Governo Federal atualiza formul\u00e1rio do MEI","author":"ismaelcolosi.com.br","date":"4 de Dezembro de 2023","format":false,"excerpt":"[ad_1] Cr\u00e9ditos: Ag\u00eancia Brasil\/ArquivoMEI: Aprenda a consultar informa\u00e7\u00f5es do seu CNPJ usando o CPFO Portal do Empreendedor passou por atualiza\u00e7\u00f5es significativas promovidas pelo Governo Federal, visando aprimorar a experi\u00eancia dos microempreendedores individuais (MEIs) em todo o pa\u00eds. Estas mudan\u00e7as est\u00e3o direcionadas para simplificar os processos de inscri\u00e7\u00e3o e atualiza\u00e7\u00e3o, tornando\u2026","rel":"","context":"In &quot;Variedades&quot;","block_context":{"text":"Variedades","link":"https:\/\/ismaelcolosi.com.br\/index.php\/category\/variedades\/"},"img":{"alt_text":"","src":"https:\/\/i0.wp.com\/ismaelcolosi.com.br\/wp-content\/uploads\/2023\/12\/istock-638953230.jpg?fit=1200%2C638&ssl=1&resize=350%2C200","width":350,"height":200,"srcset":"https:\/\/i0.wp.com\/ismaelcolosi.com.br\/wp-content\/uploads\/2023\/12\/istock-638953230.jpg?fit=1200%2C638&ssl=1&resize=350%2C200 1x, https:\/\/i0.wp.com\/ismaelcolosi.com.br\/wp-content\/uploads\/2023\/12\/istock-638953230.jpg?fit=1200%2C638&ssl=1&resize=525%2C300 1.5x, https:\/\/i0.wp.com\/ismaelcolosi.com.br\/wp-content\/uploads\/2023\/12\/istock-638953230.jpg?fit=1200%2C638&ssl=1&resize=700%2C400 2x, https:\/\/i0.wp.com\/ismaelcolosi.com.br\/wp-content\/uploads\/2023\/12\/istock-638953230.jpg?fit=1200%2C638&ssl=1&resize=1050%2C600 3x"},"classes":[]},{"id":7972,"url":"https:\/\/ismaelcolosi.com.br\/index.php\/2023\/11\/29\/whatsapp-tera-novo-botao-para-facilitar-visualizacao-dos-status\/","url_meta":{"origin":8722,"position":5},"title":"WhatsApp ter\u00e1 novo bot\u00e3o para facilitar visualiza\u00e7\u00e3o dos Status","author":"ismaelcolosi.com.br","date":"29 de Novembro de 2023","format":false,"excerpt":"[ad_1] Cr\u00e9ditos: Depositphotos\/rafapressWhatsApp ter\u00e1 novos filtros nos Status Optando por atender ao feedback do p\u00fablico, o WhatsApp incluiu a possibilidade de filtrar as atualiza\u00e7\u00f5es de status na vers\u00e3o do aplicativo para Android. As melhorias, dispon\u00edveis a partir da compila\u00e7\u00e3o 2.23.25.3, prometem beneficiar principalmente quem acompanha canais via WhatsApp, uma vez\u2026","rel":"","context":"In &quot;Variedades&quot;","block_context":{"text":"Variedades","link":"https:\/\/ismaelcolosi.com.br\/index.php\/category\/variedades\/"},"img":{"alt_text":"","src":"https:\/\/i0.wp.com\/ismaelcolosi.com.br\/wp-content\/uploads\/2023\/11\/depositphotos-391072452-xl-scaled.jpg?fit=1200%2C638&ssl=1&resize=350%2C200","width":350,"height":200,"srcset":"https:\/\/i0.wp.com\/ismaelcolosi.com.br\/wp-content\/uploads\/2023\/11\/depositphotos-391072452-xl-scaled.jpg?fit=1200%2C638&ssl=1&resize=350%2C200 1x, https:\/\/i0.wp.com\/ismaelcolosi.com.br\/wp-content\/uploads\/2023\/11\/depositphotos-391072452-xl-scaled.jpg?fit=1200%2C638&ssl=1&resize=525%2C300 1.5x, https:\/\/i0.wp.com\/ismaelcolosi.com.br\/wp-content\/uploads\/2023\/11\/depositphotos-391072452-xl-scaled.jpg?fit=1200%2C638&ssl=1&resize=700%2C400 2x, https:\/\/i0.wp.com\/ismaelcolosi.com.br\/wp-content\/uploads\/2023\/11\/depositphotos-391072452-xl-scaled.jpg?fit=1200%2C638&ssl=1&resize=1050%2C600 3x"},"classes":[]}],"jetpack_sharing_enabled":true,"jetpack_shortlink":"https:\/\/wp.me\/pfMlyK-2gG","jetpack_featured_media_url":"https:\/\/i0.wp.com\/ismaelcolosi.com.br\/wp-content\/uploads\/2023\/11\/depositphotos-325219858-xl-scaled-e1701359211918.jpg?fit=1200%2C638&ssl=1","_links":{"self":[{"href":"https:\/\/ismaelcolosi.com.br\/index.php\/wp-json\/wp\/v2\/posts\/8722","targetHints":{"allow":["GET"]}}],"collection":[{"href":"https:\/\/ismaelcolosi.com.br\/index.php\/wp-json\/wp\/v2\/posts"}],"about":[{"href":"https:\/\/ismaelcolosi.com.br\/index.php\/wp-json\/wp\/v2\/types\/post"}],"author":[{"embeddable":true,"href":"https:\/\/ismaelcolosi.com.br\/index.php\/wp-json\/wp\/v2\/users\/1"}],"replies":[{"embeddable":true,"href":"https:\/\/ismaelcolosi.com.br\/index.php\/wp-json\/wp\/v2\/comments?post=8722"}],"version-history":[{"count":0,"href":"https:\/\/ismaelcolosi.com.br\/index.php\/wp-json\/wp\/v2\/posts\/8722\/revisions"}],"wp:featuredmedia":[{"embeddable":true,"href":"https:\/\/ismaelcolosi.com.br\/index.php\/wp-json\/wp\/v2\/media\/8723"}],"wp:attachment":[{"href":"https:\/\/ismaelcolosi.com.br\/index.php\/wp-json\/wp\/v2\/media?parent=8722"}],"wp:term":[{"taxonomy":"category","embeddable":true,"href":"https:\/\/ismaelcolosi.com.br\/index.php\/wp-json\/wp\/v2\/categories?post=8722"},{"taxonomy":"post_tag","embeddable":true,"href":"https:\/\/ismaelcolosi.com.br\/index.php\/wp-json\/wp\/v2\/tags?post=8722"}],"curies":[{"name":"wp","href":"https:\/\/api.w.org\/{rel}","templated":true}]}}