{"id":87009,"date":"2025-08-11T05:07:20","date_gmt":"2025-08-11T08:07:20","guid":{"rendered":"https:\/\/ismaelcolosi.com.br\/index.php\/2025\/08\/11\/o-que-uma-gigante-como-a-agco-pode-ensinar-sobre-rh-escute-sua-vp-global\/"},"modified":"2025-08-11T05:07:20","modified_gmt":"2025-08-11T08:07:20","slug":"o-que-uma-gigante-como-a-agco-pode-ensinar-sobre-rh-escute-sua-vp-global","status":"publish","type":"post","link":"https:\/\/ismaelcolosi.com.br\/index.php\/2025\/08\/11\/o-que-uma-gigante-como-a-agco-pode-ensinar-sobre-rh-escute-sua-vp-global\/","title":{"rendered":"O Que uma Gigante Como a AGCO Pode Ensinar sobre RH? Escute Sua VP Global"},"content":{"rendered":"<p> <br \/>\n<\/p>\n<div>\n<figure class=\"destaque wp-caption\">&#13;<br \/>\n\t\t<img data-recalc-dims=\"1\" width=\"678\" height=\"452\" src=\"https:\/\/i0.wp.com\/forbes.com.br\/wp-content\/uploads\/2025\/08\/IvoryHarris_AGCO_7AGO2025_TiagoLima-768x512.jpg?resize=678%2C452&#038;ssl=1\" class=\"attachment-medium_large size-medium_large wp-post-image\" alt=\"Ivory Harris\" decoding=\"async\" fetchpriority=\"high\"\/>\t\t<\/p>\n<p>TiagoLima<\/p>\n<p>&#13;<figcaption class=\"wp-caption-text\">Ivory Harris, no Brasil para tra\u00e7ar estrat\u00e9gias de reten\u00e7\u00e3o de talentos<\/figcaption>&#13;<br \/>\n\t<\/figure>\n<div class=\"accessibility\">\n<p>Acessibilidade<\/p>\n<p>&#13;<br \/>\n\t\t\t<button onclick=\"alterFont1()\" id=\"btn1\" class=\"btn\">L<\/button>&#13;<br \/>\n\t\t\t<button onclick=\"alterFont2()\" id=\"btn2\" class=\"btn\" style=\"font-family:Merriweather\">L<\/button>&#13;<br \/>\n\t\t\t<button onclick=\"alterFontSmallerSize()\" id=\"btn3\" class=\"btn\">A-<\/button>&#13;<br \/>\n\t\t\t<button onclick=\"alterFontBiggerSize()\" id=\"btn4\" class=\"btn\">A+<\/button>&#13;<br \/>\n\t\t\t<!--<button onclick='alterFontBolder()' id='btn5' class=\"btn\" >B<\/button>-->&#13;<br \/>\n\t\t\t<button onclick=\"alterBackground()\" id=\"btn6\" class=\"btn\">\u25d0<\/button>&#13;<br \/>\n\t\t\t<!--<button onclick='clean()' id='btn7' class=\"btn\" >Limpar<\/button>-->&#13;\n\t\t<\/p><div class='code-block code-block-8' style='margin: 8px auto; text-align: center; display: block; clear: both;'>\n<script>\n  atOptions = {\n    'key' : '66e2e2111ca34da796271819fc334058',\n    'format' : 'iframe',\n    'height' : 250,\n    'width' : 300,\n    'params' : {}\n  };\n<\/script>\n<script src=\"https:\/\/www.highperformanceformat.com\/66e2e2111ca34da796271819fc334058\/invoke.js\"><\/script>\n<\/div>\n\n<\/p><\/div>\n<p>Ivory Harris tem 51 anos. \u00c9 soci\u00f3loga e psic\u00f3loga, saberes que d\u00e3o suporte ao seu cargo de vice-presidente s\u00eanior e diretora global de recursos humanos da AGCO, multinacional americana do setor de m\u00e1quinas e tecnologias agr\u00edcolas, dona de marcas como Fendt, Massey Ferguson, Valtra, GSI, Challenger, Precision Planting, em um total de 40 marcas.<\/p>\n<p>Ela contou \u00e0 Forbes que n\u00e3o se lembra da primeira vez que pilotou um trator, porque era ainda crian\u00e7a.<strong> Ivory cresceu na fazenda do av\u00f4, criador de aves e su\u00ednos no Texas, nos Estados Unidos<\/strong>, e diz que o quintal de casa dava para a propriedade do vizinho, que era \u201clotada de maquin\u00e1rios\u201d.<\/p>\n<p>No cargo h\u00e1 quatro anos, operar trator n\u00e3o faz parte da sua rotina, mas ela n\u00e3o perde uma oportunidade. Em visita ao Brasil, na ter\u00e7a-feira passada, Ivory estava em cima de um trator, na f\u00e1brica da AGCO, em Mogi das Cruzes (SP). Ela veio ao Brasil pela quarta vez, mas n\u00e3o esteve aqui por causa dos tratores e sim das pessoas que operam, fabricam, utilizam e ajudam outras pessoas a solucionar problemas.<\/p>\n<blockquote>\n<p><strong>\u201cA maior parte das empresas s\u00f3 se preocupam com produtividade, inova\u00e7\u00e3o ou receita. Mas, no fim das contas, as pessoas s\u00e3o o in\u00edcio e o final de tudo isso. E nisso tudo h\u00e1 uma forte conex\u00e3o entre pessoas e produtividade que muitos ainda n\u00e3o entendem\u201d, disse ela.<\/strong><\/p>\n<\/blockquote>\n<p>Ivory \u00e9 a respons\u00e1vel por liderar o desenvolvimento e a execu\u00e7\u00e3o de estrat\u00e9gias de talentos da AGCO, uma corpora\u00e7\u00e3o com 25 mil funcion\u00e1rios, dos quais 3.800 no Brasil. Em 2024, a AGCO faturou globalmente US$ 11,7 bilh\u00f5es. \u201cO RH \u00e9 a ci\u00eancia de entender como motivar e valorizar pessoas, e como criar um ambiente em que elas entreguem produtividade. Essa \u00e9 a minha fun\u00e7\u00e3o\u201d, afirma Ivory.<\/p>\n<p>Ela veio ao Brasil, direto de Duluth, na Ge\u00f3rgia, onde est\u00e1 seu escrit\u00f3rio central, para uma estadia de 15 dias e uma miss\u00e3o: <strong>promover uma esp\u00e9cie de integra\u00e7\u00e3o nas unidades da AGCO<\/strong> de Jundia\u00ed, onde est\u00e1 sede da empresa no Brasil, mais Mogi das Cruzes, ambas em S\u00e3o Paulo, e as unidades de Canoas, Santa Rosa e Ibirub\u00e1, no Rio Grande do Sul.<\/p>\n<p>De Dave Ulrich, considerado o \u201cpai do RH moderno\u201d, a Peter Cheese, CEO do brit\u00e2nico Chartered Institute of Personnel and Development (CIPD), e autor do livro do livro The New World of Work, h\u00e1 uma busca nesse <strong>universo do desenvolvimento humano que tenta entender o futuro do trabalho<\/strong> por meio de vieses que v\u00e3o se transformando continuamente, como lideran\u00e7a, cultura organizacional, habilidades e tecnologias. E essa busca atual est\u00e1 nos ambientes urbanos, rurais e onde est\u00e3o se interseccionando. N\u00e3o por acaso, na agenda brasileira de Ivory\u00a0 estavam reuni\u00f5es com lideran\u00e7as, produtores rurais e concession\u00e1rios das marcas. O objetivo? Tra\u00e7ar poss\u00edveis cen\u00e1rios de desafios pelos quais esse p\u00fablico passa. E n\u00e3o s\u00e3o poucos.<\/p>\n<p>\u00c9 dado como certo que nesta desafiadora era de reten\u00e7\u00e3o de talentos, a concorr\u00eancia por profissionais qualificados deve permanecer intensa e a escassez global de habilidades pode se agravar nos pr\u00f3ximos anos. E o fen\u00f4meno conhecido como \u201cguerra por talentos\u201d \u00e9 um \u201celefante branco na sala\u201d que as organiza\u00e7\u00f5es tentam domar continuamente.<\/p>\n<p>Ivory tem essa miss\u00e3o de c<strong>onhecer as particularidades de cada regi\u00e3o da AGCO e criar estrat\u00e9gias e projetos<\/strong> de desenvolvimento de talentos e lideran\u00e7as globais que se adaptem a todas as unidades da empresa, incluindo em pa\u00edses da Am\u00e9rica do Sul, Europa e \u00c1sia. \u201cSou uma pessoa que consegue influenciar decis\u00f5es organizacionais. Preciso criar estrat\u00e9gias e um ambiente em que os funcion\u00e1rios se sintam seguros e que tenham oportunidades\u201d, afirma Ivory.<\/p>\n<p>Em um pa\u00eds como o Brasil, grande produtor e exportador entre as maiores commodities globais, como soja, milho, algod\u00e3o, caf\u00e9 e prote\u00ednas, a intensifica\u00e7\u00e3o da tecnologia, o uso de maquin\u00e1rios modernos, conectados e prontos para uma agricultura 5.0 vai fazer a diferen\u00e7a na perenidade das empresas do setor. O futuro do trabalho nas organiza\u00e7\u00f5es modernas vai combinar cada vez mais tecnologia avan\u00e7ada e centralidade nas pessoas.,<\/p>\n<p>A AGCO Academy, centro de treinamento de profissionais que atuam no apoio e manuten\u00e7\u00e3o de m\u00e1quinas das marcas Fendt, Massey Ferguson e Valtra, \u00e9 uma dessas estrat\u00e9gias. O projeto, segundo Ivory, conecta a empresa, concession\u00e1rios, engenheiros e a equipe de manuten\u00e7\u00e3o em um s\u00f3 lugar para que, juntos, problemas relacionados aos maquin\u00e1rios sejam solucionados. No Brasil, o centro de aprendizado fica em Jundia\u00ed, com capacidade para treinar 600 t\u00e9cnicos por ano.<\/p>\n<p>\u00c9 na AGCO Academy que eles tamb\u00e9m t\u00eam acesso \u00e0 tecnologias recentes, incluindo de intelig\u00eancia artificial (IA). \u201c<strong>Um dos maiores desafios do setor hoje \u00e9 encontrar talentos que saibam operar essas novas ferramentas\u201d, afirma Ivory.<\/strong> \u201cN\u00e3o vamos extinguir os seres humanos, mas sim, fazer uma parceria com a tecnologia. Uma m\u00e1quina hoje faz 44 coisas diferentes e precisa de um agr\u00f4nomo que re\u00fana esses dados e fa\u00e7a rela\u00e7\u00e3o entre eles\u201d.<\/p>\n<p>Para a executiva, a ACGO Academy ainda est\u00e1 indo al\u00e9m. \u201cReunimos diferentes atores essenciais da empresa para aprender sobre maquin\u00e1rio agr\u00edcola, mas, principalmente, ajudamos a formar lideran\u00e7as que realmente entendem as convic\u00e7\u00f5es, a cultura, os clientes, o produto e a agroind\u00fastria\u201d, disse ela. \u201cTamb\u00e9m existe o aprendizado de como criar uma conex\u00e3o e um senso de pertencimento na empresa\u201d.<\/p>\n<h2>Ivory, ela mesma um talento capturado pela AGCO<\/h2>\n<p>Empresas precisam de talentos como o de Ivory porque ela re\u00fane tr\u00eas atributos raros e estrat\u00e9gicos: uma vis\u00e3o humana aliada ao neg\u00f3cio; conex\u00e3o entre cultura, tecnologia e resultados; e uma capacidade de atua\u00e7\u00e3o global e adapta\u00e7\u00e3o local. E mais, se descobriu no setor do agro, mesmo sem querer.<\/p>\n<p>Ela conta que al\u00e9m da influ\u00eancia do av\u00f4, cresceu em um mundo agropecu\u00e1rio. Na escola, por exemplo, havia aulas sobre exposi\u00e7\u00e3o de equipamentos. Mas seguir os passos do av\u00f4 n\u00e3o estava em seus planos. \u201cQueria continuar na agricultura, mas ela era uma escolha de carreira para mim\u201d, afirma ela.<\/p>\n<p>A influ\u00eancia dos pais, que vieram do ensino e da medicina, a levou para o curso de ci\u00eancias sociais e psicologia, e quase fez um est\u00e1gio como assistente de enfermagem. \u201cErrei a data da entrevista, mas no dia seguinte me ofereceram um trabalho no departamento de recursos humanos do hospital\u201d, disse Ivory. \u201cN\u00e3o fazia ideia do que uma pessoa de RH fazia, mas a minha curiosidade me fez agarrar a oportunidade. O RH me encontrou e eu disse \u2018sim\u2019\u201d.<\/p>\n<p>A partir da\u00ed, ela conta que se apaixonou pela dinamicidade da \u00e1rea. <strong>\u201cNenhum dia \u00e9 igual ao outro\u201d<\/strong>. A falta de previsibilidade tamb\u00e9m \u00e9 uma caracter\u00edstica de quem trabalha com o agroneg\u00f3cio. De certa forma, ela nunca tirou os p\u00e9s do agro. \u201cDo meu jeito, hoje vejo que dei continuidade ao legado do meu av\u00f4\u201d, afirma.<\/p>\n<p>Antes da AGCO, Ivory trabalhou por<strong> 17 anos na Basf, uma das maiores empresas qu\u00edmicas do mundo<\/strong>, onde tamb\u00e9m ocupou cargos de lideran\u00e7a em RH. Para ela, aceitar a proposta da AGCO depois de anos em uma mesma empresa foi desafiador. E tamb\u00e9m um aprendizado.<\/p>\n<p>\u201c\u00c9 assustador entrar em um mundo novo. O que motiva ficar s\u00e3o os desafios na cadeia produtiva, as tens\u00f5es geopol\u00edticas e como posso ajudar a organiza\u00e7\u00e3o a passar por isso\u201d, diz Ivory. \u201cN\u00e3o sei qual \u00e9 o futuro do setor ou do RH, mas sei que vou preparar a empresa para ser resiliente \u00e0s mudan\u00e7as\u201d.<\/p>\n<aside>\n<h2>Escolhas do editor<\/h2>\n<\/aside>\n<div class=\"follow-us\">Siga o canal da <a href=\"https:\/\/whatsapp.com\/channel\/0029Va9gQKwBFLgM96cJnu0u\" target=\"_blank\" rel=\"noopener noreferrer nofollow\" title=\"Grupo da Forbes no WhatsApp\">Forbes<\/a> no WhatsApp e receba as principais not\u00edcias de empreendedorismo, carreira, tecnologia, agro e lifestyle.<\/div>\n<\/p><\/div>\n<p><script data-debloat-delay=\"1\" type=\"text\/debloat-script\">\n\t\t\t\t(function(d, s, id){\n\t\t\t\t\tvar js, fjs = d.getElementsByTagName(s)[0];\n\t\t\t\t\tif (d.getElementById(id)) return;\n\t\t\t\t\tjs = d.createElement(s); js.id = id;\n\t\t\t\t\tjs.src = \"\/\/connect.facebook.net\/pt_BR\/sdk.js#xfbml=1&version=v2.9\";\n\t\t\t\t\tfjs.parentNode.insertBefore(js, fjs);\n\t\t\t\t}(document, 'script', 'facebook-jssdk'));\n\t\t\t<\/script><br \/>\n<br \/><br \/>\n<br \/><a href=\"https:\/\/forbes.com.br\/forbesagro\/2025\/08\/o-que-uma-gigante-como-a-agco-pode-ensinar-sobre-rh-escute-sua-vp-global\/\">Source link <\/a><\/p>\n<div class='code-block code-block-4' style='margin: 8px auto 8px 0; text-align: left; display: block; clear: both;'>\n\ud83d\udce2 Aviso Legal\n\nO site ismaelcolosi.com.br atua apenas como um canal de divulga\u00e7\u00e3o de oportunidades de emprego e n\u00e3o se responsabiliza pelo processo seletivo, contrata\u00e7\u00e3o ou qualquer outra etapa relacionada \u00e0s vagas publicadas. Todas as informa\u00e7\u00f5es s\u00e3o de responsabilidade dos anunciantes.\n\n\u26a0\ufe0f Aten\u00e7\u00e3o! Nunca pague por promessas de emprego nem compre cursos que garantam contrata\u00e7\u00e3o. Desconfie de qualquer cobran\u00e7a para participar de sele\u00e7\u00f5es.\n\n\n\n<\/div>\n<!-- CONTENT END 1 -->\n","protected":false},"excerpt":{"rendered":"<p>&#13; TiagoLima &#13;Ivory Harris, no Brasil para tra\u00e7ar estrat\u00e9gias de reten\u00e7\u00e3o de talentos&#13; Acessibilidade &#13; L&#13; L&#13; A-&#13; A+&#13; &#13; \u25d0&#13; &#13; Ivory Harris tem&#8230;<\/p>\n","protected":false},"author":1,"featured_media":87010,"comment_status":"","ping_status":"open","sticky":false,"template":"","format":"standard","meta":{"_uag_custom_page_level_css":"","advanced_seo_description":"","jetpack_seo_html_title":"","jetpack_seo_noindex":false,"jetpack_post_was_ever_published":false,"_jetpack_newsletter_access":"","_jetpack_dont_email_post_to_subs":false,"_jetpack_newsletter_tier_id":0,"_jetpack_memberships_contains_paywalled_content":false,"_jetpack_memberships_contains_paid_content":false,"footnotes":"","jetpack_publicize_message":"","jetpack_publicize_feature_enabled":true,"jetpack_social_post_already_shared":true,"jetpack_social_options":{"image_generator_settings":{"template":"highway","default_image_id":0,"font":"","enabled":false},"version":2}},"categories":[1964],"tags":[],"class_list":["post-87009","post","type-post","status-publish","format-standard","has-post-thumbnail","hentry","category-carreira-e-sucesso-dicas-para-carreira"],"jetpack_publicize_connections":[],"jetpack_featured_media_url":"https:\/\/i0.wp.com\/ismaelcolosi.com.br\/wp-content\/uploads\/2025\/08\/IvoryHarris_AGCO_7AGO2025_TiagoLima-1200x675.jpg?fit=1200%2C675&ssl=1","uagb_featured_image_src":{"full":["https:\/\/i0.wp.com\/ismaelcolosi.com.br\/wp-content\/uploads\/2025\/08\/IvoryHarris_AGCO_7AGO2025_TiagoLima-1200x675.jpg?fit=1200%2C675&ssl=1",1200,675,false],"thumbnail":["https:\/\/i0.wp.com\/ismaelcolosi.com.br\/wp-content\/uploads\/2025\/08\/IvoryHarris_AGCO_7AGO2025_TiagoLima-1200x675.jpg?resize=150%2C150&ssl=1",150,150,true],"medium":["https:\/\/i0.wp.com\/ismaelcolosi.com.br\/wp-content\/uploads\/2025\/08\/IvoryHarris_AGCO_7AGO2025_TiagoLima-1200x675.jpg?fit=300%2C169&ssl=1",300,169,true],"medium_large":["https:\/\/i0.wp.com\/ismaelcolosi.com.br\/wp-content\/uploads\/2025\/08\/IvoryHarris_AGCO_7AGO2025_TiagoLima-1200x675.jpg?fit=768%2C432&ssl=1",768,432,true],"large":["https:\/\/i0.wp.com\/ismaelcolosi.com.br\/wp-content\/uploads\/2025\/08\/IvoryHarris_AGCO_7AGO2025_TiagoLima-1200x675.jpg?fit=1024%2C576&ssl=1",1024,576,true],"1536x1536":["https:\/\/i0.wp.com\/ismaelcolosi.com.br\/wp-content\/uploads\/2025\/08\/IvoryHarris_AGCO_7AGO2025_TiagoLima-1200x675.jpg?fit=1200%2C675&ssl=1",1200,675,true],"2048x2048":["https:\/\/i0.wp.com\/ismaelcolosi.com.br\/wp-content\/uploads\/2025\/08\/IvoryHarris_AGCO_7AGO2025_TiagoLima-1200x675.jpg?fit=1200%2C675&ssl=1",1200,675,true],"really-simple-thumb":["https:\/\/i0.wp.com\/ismaelcolosi.com.br\/wp-content\/uploads\/2025\/08\/IvoryHarris_AGCO_7AGO2025_TiagoLima-1200x675.jpg?resize=370%2C247&ssl=1",370,247,true]},"uagb_author_info":{"display_name":"ismaelcolosi.com.br","author_link":"https:\/\/ismaelcolosi.com.br\/index.php\/author\/vidareal-online\/"},"uagb_comment_info":0,"uagb_excerpt":"&#13; TiagoLima &#13;Ivory Harris, no Brasil para tra\u00e7ar estrat\u00e9gias de reten\u00e7\u00e3o de talentos&#13; Acessibilidade &#13; L&#13; L&#13; A-&#13; A+&#13; &#13; \u25d0&#13; &#13; Ivory Harris tem...","jetpack-related-posts":[{"id":71983,"url":"https:\/\/ismaelcolosi.com.br\/index.php\/2024\/10\/18\/vagas-de-empregos-na-microset-tecnologia-para-trabalhar-em-ribeirao-preto-sp-16\/","url_meta":{"origin":87009,"position":0},"title":"Vagas de empregos na Microset Tecnologia  para trabalhar em Ribeir\u00e3o Preto-SP","author":"ismaelcolosi.com.br","date":"18 de October de 2024","format":false,"excerpt":"Assistente de Service Desk lRibeir\u00e3o Preto - SPEfetivo Microset Tecnologia Assistente de Service Desk lRibeir\u00e3o Preto - SPEfetivo V\u00eddeos","rel":"","context":"In &quot;Vagas de Emprego em Ribeir\u00e3o Preto-SP&quot;","block_context":{"text":"Vagas de Emprego em Ribeir\u00e3o Preto-SP","link":"https:\/\/ismaelcolosi.com.br\/index.php\/category\/empregos-classificados-vagas-trabalho\/vagas-de-empregos-em-ribeirao-preto-regiao-brasil\/"},"img":{"alt_text":"","src":"https:\/\/i0.wp.com\/ismaelcolosi.com.br\/wp-content\/uploads\/2024\/10\/1729282097_2023-03-15_13-45_bannerUrl.png?fit=1080%2C327&ssl=1&resize=350%2C200","width":350,"height":200,"srcset":"https:\/\/i0.wp.com\/ismaelcolosi.com.br\/wp-content\/uploads\/2024\/10\/1729282097_2023-03-15_13-45_bannerUrl.png?fit=1080%2C327&ssl=1&resize=350%2C200 1x, https:\/\/i0.wp.com\/ismaelcolosi.com.br\/wp-content\/uploads\/2024\/10\/1729282097_2023-03-15_13-45_bannerUrl.png?fit=1080%2C327&ssl=1&resize=525%2C300 1.5x, https:\/\/i0.wp.com\/ismaelcolosi.com.br\/wp-content\/uploads\/2024\/10\/1729282097_2023-03-15_13-45_bannerUrl.png?fit=1080%2C327&ssl=1&resize=700%2C400 2x, https:\/\/i0.wp.com\/ismaelcolosi.com.br\/wp-content\/uploads\/2024\/10\/1729282097_2023-03-15_13-45_bannerUrl.png?fit=1080%2C327&ssl=1&resize=1050%2C600 3x"},"classes":[]},{"id":74915,"url":"https:\/\/ismaelcolosi.com.br\/index.php\/2024\/11\/03\/vagas-de-empregos-na-microset-tecnologia-para-trabalhar-em-ribeirao-preto-sp-17\/","url_meta":{"origin":87009,"position":1},"title":"Vagas de empregos na Microset Tecnologia  para trabalhar em Ribeir\u00e3o Preto-SP","author":"ismaelcolosi.com.br","date":"3 de November de 2024","format":false,"excerpt":"Assistente de Service Desk lRibeir\u00e3o Preto - SPEfetivo Microset Tecnologia Assistente de Service Desk lRibeir\u00e3o Preto - SPEfetivo V\u00eddeos","rel":"","context":"In &quot;Vagas de Emprego em Ribeir\u00e3o Preto-SP&quot;","block_context":{"text":"Vagas de Emprego em Ribeir\u00e3o Preto-SP","link":"https:\/\/ismaelcolosi.com.br\/index.php\/category\/empregos-classificados-vagas-trabalho\/vagas-de-empregos-em-ribeirao-preto-regiao-brasil\/"},"img":{"alt_text":"","src":"https:\/\/i0.wp.com\/ismaelcolosi.com.br\/wp-content\/uploads\/2024\/11\/2023-03-15_13-45_bannerUrl.png?fit=1080%2C327&ssl=1&resize=350%2C200","width":350,"height":200,"srcset":"https:\/\/i0.wp.com\/ismaelcolosi.com.br\/wp-content\/uploads\/2024\/11\/2023-03-15_13-45_bannerUrl.png?fit=1080%2C327&ssl=1&resize=350%2C200 1x, https:\/\/i0.wp.com\/ismaelcolosi.com.br\/wp-content\/uploads\/2024\/11\/2023-03-15_13-45_bannerUrl.png?fit=1080%2C327&ssl=1&resize=525%2C300 1.5x, https:\/\/i0.wp.com\/ismaelcolosi.com.br\/wp-content\/uploads\/2024\/11\/2023-03-15_13-45_bannerUrl.png?fit=1080%2C327&ssl=1&resize=700%2C400 2x, https:\/\/i0.wp.com\/ismaelcolosi.com.br\/wp-content\/uploads\/2024\/11\/2023-03-15_13-45_bannerUrl.png?fit=1080%2C327&ssl=1&resize=1050%2C600 3x"},"classes":[]},{"id":82676,"url":"https:\/\/ismaelcolosi.com.br\/index.php\/2025\/02\/07\/vagas-de-empregos-na-microset-tecnologia-para-trabalhar-em-ribeirao-preto-sp-23\/","url_meta":{"origin":87009,"position":2},"title":"Vagas de empregos na Microset Tecnologia  para trabalhar em Ribeir\u00e3o Preto-SP","author":"ismaelcolosi.com.br","date":"7 de February de 2025","format":false,"excerpt":"Assistente de Service Desk l Ribeir\u00e3o Preto - SPEfetivo Auxiliar T\u00e9cnico de Redes Ribeir\u00e3o Preto - SPEfetivo Gerente de Neg\u00f3cios - Campinas e regi\u00e3o Ribeir\u00e3o Preto - SPPessoa jur\u00eddica Microset Tecnologia Assistente de Service Desk l Ribeir\u00e3o Preto - SPEfetivo V\u00eddeos","rel":"","context":"In &quot;Vagas de Emprego em Ribeir\u00e3o Preto-SP&quot;","block_context":{"text":"Vagas de Emprego em Ribeir\u00e3o Preto-SP","link":"https:\/\/ismaelcolosi.com.br\/index.php\/category\/empregos-classificados-vagas-trabalho\/vagas-de-empregos-em-ribeirao-preto-regiao-brasil\/"},"img":{"alt_text":"","src":"https:\/\/i0.wp.com\/ismaelcolosi.com.br\/wp-content\/uploads\/2025\/02\/2023-03-15_13-45_bannerUrl.png?fit=1080%2C327&ssl=1&resize=350%2C200","width":350,"height":200,"srcset":"https:\/\/i0.wp.com\/ismaelcolosi.com.br\/wp-content\/uploads\/2025\/02\/2023-03-15_13-45_bannerUrl.png?fit=1080%2C327&ssl=1&resize=350%2C200 1x, https:\/\/i0.wp.com\/ismaelcolosi.com.br\/wp-content\/uploads\/2025\/02\/2023-03-15_13-45_bannerUrl.png?fit=1080%2C327&ssl=1&resize=525%2C300 1.5x, https:\/\/i0.wp.com\/ismaelcolosi.com.br\/wp-content\/uploads\/2025\/02\/2023-03-15_13-45_bannerUrl.png?fit=1080%2C327&ssl=1&resize=700%2C400 2x, https:\/\/i0.wp.com\/ismaelcolosi.com.br\/wp-content\/uploads\/2025\/02\/2023-03-15_13-45_bannerUrl.png?fit=1080%2C327&ssl=1&resize=1050%2C600 3x"},"classes":[]},{"id":76947,"url":"https:\/\/ismaelcolosi.com.br\/index.php\/2024\/11\/19\/vagas-de-empregos-na-microset-tecnologia-para-trabalhar-em-ribeirao-preto-sp-18\/","url_meta":{"origin":87009,"position":3},"title":"Vagas de empregos na Microset Tecnologia  para trabalhar em Ribeir\u00e3o Preto-SP","author":"ismaelcolosi.com.br","date":"19 de November de 2024","format":false,"excerpt":"Assistente de Service Desk lRibeir\u00e3o Preto - SPEfetivo Auxiliar Administrativo Ribeir\u00e3o Preto - SPEfetivo Auxiliar T\u00e9cnico de RedesRibeir\u00e3o Preto - SPEfetivo Microset Tecnologia Assistente de Service Desk lRibeir\u00e3o Preto - SPEfetivo V\u00eddeos","rel":"","context":"In &quot;Vagas de Emprego em Ribeir\u00e3o Preto-SP&quot;","block_context":{"text":"Vagas de Emprego em Ribeir\u00e3o Preto-SP","link":"https:\/\/ismaelcolosi.com.br\/index.php\/category\/empregos-classificados-vagas-trabalho\/vagas-de-empregos-em-ribeirao-preto-regiao-brasil\/"},"img":{"alt_text":"","src":"https:\/\/i0.wp.com\/ismaelcolosi.com.br\/wp-content\/uploads\/2024\/11\/1732047822_2023-03-15_13-45_bannerUrl.png?fit=1080%2C327&ssl=1&resize=350%2C200","width":350,"height":200,"srcset":"https:\/\/i0.wp.com\/ismaelcolosi.com.br\/wp-content\/uploads\/2024\/11\/1732047822_2023-03-15_13-45_bannerUrl.png?fit=1080%2C327&ssl=1&resize=350%2C200 1x, https:\/\/i0.wp.com\/ismaelcolosi.com.br\/wp-content\/uploads\/2024\/11\/1732047822_2023-03-15_13-45_bannerUrl.png?fit=1080%2C327&ssl=1&resize=525%2C300 1.5x, https:\/\/i0.wp.com\/ismaelcolosi.com.br\/wp-content\/uploads\/2024\/11\/1732047822_2023-03-15_13-45_bannerUrl.png?fit=1080%2C327&ssl=1&resize=700%2C400 2x, https:\/\/i0.wp.com\/ismaelcolosi.com.br\/wp-content\/uploads\/2024\/11\/1732047822_2023-03-15_13-45_bannerUrl.png?fit=1080%2C327&ssl=1&resize=1050%2C600 3x"},"classes":[]},{"id":51227,"url":"https:\/\/ismaelcolosi.com.br\/index.php\/2024\/05\/24\/conselho-da-petrobras-aprova-magda-chambriard-como-ceo\/","url_meta":{"origin":87009,"position":4},"title":"Conselho da Petrobras aprova Magda Chambriard como CEO","author":"ismaelcolosi.com.br","date":"24 de May de 2024","format":false,"excerpt":"\u00a0 Acessibilidade L L A- A+ \u25d0 A Petrobras informou que seu conselho de administra\u00e7\u00e3o aprovou nesta sexta-feira (24) Magda Chambriard como nova presidente-executiva e conselheira da companhia. Segundo fato relevante, Chambriard tomou posse em ambos os cargos nesta sexta-feira e passou a integrar o conselho imediatamente, n\u00e3o sendo necess\u00e1ria\u2026","rel":"","context":"In &quot;Carreira e Sucesso&quot;","block_context":{"text":"Carreira e Sucesso","link":"https:\/\/ismaelcolosi.com.br\/index.php\/category\/carreira-e-sucesso-dicas-para-carreira\/"},"img":{"alt_text":"","src":"https:\/\/i0.wp.com\/ismaelcolosi.com.br\/wp-content\/uploads\/2024\/05\/Money_Magda-Chambriard_AgenciaBrasil-1024x683.jpg?fit=1024%2C683&ssl=1&resize=350%2C200","width":350,"height":200,"srcset":"https:\/\/i0.wp.com\/ismaelcolosi.com.br\/wp-content\/uploads\/2024\/05\/Money_Magda-Chambriard_AgenciaBrasil-1024x683.jpg?fit=1024%2C683&ssl=1&resize=350%2C200 1x, https:\/\/i0.wp.com\/ismaelcolosi.com.br\/wp-content\/uploads\/2024\/05\/Money_Magda-Chambriard_AgenciaBrasil-1024x683.jpg?fit=1024%2C683&ssl=1&resize=525%2C300 1.5x, https:\/\/i0.wp.com\/ismaelcolosi.com.br\/wp-content\/uploads\/2024\/05\/Money_Magda-Chambriard_AgenciaBrasil-1024x683.jpg?fit=1024%2C683&ssl=1&resize=700%2C400 2x"},"classes":[]},{"id":55226,"url":"https:\/\/ismaelcolosi.com.br\/index.php\/2024\/07\/01\/conselheira-da-vale-vera-marie-inkster-renuncia-ao-cargo\/","url_meta":{"origin":87009,"position":5},"title":"Conselheira da Vale Vera Marie Inkster renuncia ao cargo","author":"ismaelcolosi.com.br","date":"1 de July de 2024","format":false,"excerpt":"A mineradora Vale informou ao mercado em nota que Vera Marie Inkster apresentou sua ren\u00fancia ao cargo de membro do conselho de administra\u00e7\u00e3o da companhia nesta segunda-feira. Acessibilidade L L A- A+ \u25d0 Diante disso, a companhia afirmou que o colegiado \u201cest\u00e1 trabalhando em sua recomposi\u00e7\u00e3o e que, em momento\u2026","rel":"","context":"In &quot;Carreira e Sucesso&quot;","block_context":{"text":"Carreira e Sucesso","link":"https:\/\/ismaelcolosi.com.br\/index.php\/category\/carreira-e-sucesso-dicas-para-carreira\/"},"img":{"alt_text":"","src":"https:\/\/i0.wp.com\/ismaelcolosi.com.br\/wp-content\/uploads\/2024\/07\/Totem-com-logo-da-Vale-Foto-Washington-Alves-Reuters-1024x683.png?fit=1024%2C683&ssl=1&resize=350%2C200","width":350,"height":200,"srcset":"https:\/\/i0.wp.com\/ismaelcolosi.com.br\/wp-content\/uploads\/2024\/07\/Totem-com-logo-da-Vale-Foto-Washington-Alves-Reuters-1024x683.png?fit=1024%2C683&ssl=1&resize=350%2C200 1x, https:\/\/i0.wp.com\/ismaelcolosi.com.br\/wp-content\/uploads\/2024\/07\/Totem-com-logo-da-Vale-Foto-Washington-Alves-Reuters-1024x683.png?fit=1024%2C683&ssl=1&resize=525%2C300 1.5x, https:\/\/i0.wp.com\/ismaelcolosi.com.br\/wp-content\/uploads\/2024\/07\/Totem-com-logo-da-Vale-Foto-Washington-Alves-Reuters-1024x683.png?fit=1024%2C683&ssl=1&resize=700%2C400 2x"},"classes":[]}],"jetpack_sharing_enabled":true,"jetpack_shortlink":"https:\/\/wp.me\/pfMlyK-mDn","_links":{"self":[{"href":"https:\/\/ismaelcolosi.com.br\/index.php\/wp-json\/wp\/v2\/posts\/87009","targetHints":{"allow":["GET"]}}],"collection":[{"href":"https:\/\/ismaelcolosi.com.br\/index.php\/wp-json\/wp\/v2\/posts"}],"about":[{"href":"https:\/\/ismaelcolosi.com.br\/index.php\/wp-json\/wp\/v2\/types\/post"}],"author":[{"embeddable":true,"href":"https:\/\/ismaelcolosi.com.br\/index.php\/wp-json\/wp\/v2\/users\/1"}],"replies":[{"embeddable":true,"href":"https:\/\/ismaelcolosi.com.br\/index.php\/wp-json\/wp\/v2\/comments?post=87009"}],"version-history":[{"count":0,"href":"https:\/\/ismaelcolosi.com.br\/index.php\/wp-json\/wp\/v2\/posts\/87009\/revisions"}],"wp:featuredmedia":[{"embeddable":true,"href":"https:\/\/ismaelcolosi.com.br\/index.php\/wp-json\/wp\/v2\/media\/87010"}],"wp:attachment":[{"href":"https:\/\/ismaelcolosi.com.br\/index.php\/wp-json\/wp\/v2\/media?parent=87009"}],"wp:term":[{"taxonomy":"category","embeddable":true,"href":"https:\/\/ismaelcolosi.com.br\/index.php\/wp-json\/wp\/v2\/categories?post=87009"},{"taxonomy":"post_tag","embeddable":true,"href":"https:\/\/ismaelcolosi.com.br\/index.php\/wp-json\/wp\/v2\/tags?post=87009"}],"curies":[{"name":"wp","href":"https:\/\/api.w.org\/{rel}","templated":true}]}}