{"id":86994,"date":"2025-08-09T15:29:52","date_gmt":"2025-08-09T18:29:52","guid":{"rendered":"https:\/\/ismaelcolosi.com.br\/index.php\/2025\/08\/09\/contrata-se-monitor-creche-hospedagem-para-animais\/"},"modified":"2025-08-09T15:29:52","modified_gmt":"2025-08-09T18:29:52","slug":"contrata-se-monitor-creche-hospedagem-para-animais","status":"publish","type":"post","link":"https:\/\/ismaelcolosi.com.br\/index.php\/2025\/08\/09\/contrata-se-monitor-creche-hospedagem-para-animais\/","title":{"rendered":"CONTRATA-SE MONITOR CRECHE\/HOSPEDAGEM PARA ANIMAIS"},"content":{"rendered":"<div id=\"main\">\n<h5>An\u00fancios<\/h5>\n<ul class=\"listing-card-list \" id=\"listing-card-list\">\n<li class=\"listing-card \">\n                <a class=\"listing-thumb\" href=\"https:\/\/tribunaribeirao.com.br\/classificadostribuna\/index.php?page=item&amp;id=5071\" title=\"CONTRATA-SE MONITOR CRECHE\/HOSPEDAGEM PARA ANIMAIS\"><img data-recalc-dims=\"1\" loading=\"lazy\" decoding=\"async\" src=\"https:\/\/i0.wp.com\/tribunaribeirao.com.br\/classificadostribuna\/oc-content\/uploads\/50\/5781_thumbnail.jpg?resize=240%2C200&#038;ssl=1\" title=\"\" alt=\"CONTRATA-SE MONITOR CRECHE\/HOSPEDAGEM PARA ANIMAIS\" width=\"240\" height=\"200\" \/><\/a><\/p>\n<\/li>\n<li class=\"listing-card \">\n                <a class=\"listing-thumb\" href=\"https:\/\/tribunaribeirao.com.br\/classificadostribuna\/index.php?page=item&amp;id=5028\" title=\"CONTRATA-SE MOTORISTA ENTREGADOR\"><img data-recalc-dims=\"1\" loading=\"lazy\" decoding=\"async\" src=\"https:\/\/i0.wp.com\/tribunaribeirao.com.br\/classificadostribuna\/oc-content\/uploads\/50\/5731_thumbnail.jpg?resize=240%2C200&#038;ssl=1\" title=\"\" alt=\"CONTRATA-SE MOTORISTA ENTREGADOR\" width=\"240\" height=\"200\" \/><\/a><\/p>\n<div class=\"listing-detail\">\n<div class=\"listing-cell\">\n<div class=\"listing-data\">\n<div class=\"listing-basicinfo\">\n                    <a href=\"https:\/\/tribunaribeirao.com.br\/classificadostribuna\/index.php?page=item&amp;id=5028\" class=\"title\" title=\"CONTRATA-SE MOTORISTA ENTREGADOR\">CONTRATA-SE MOTORISTA ENTREGADOR<\/a><\/p>\n<p>\n                        <span class=\"category\">Empregos<\/span> &#8211;<br \/>\n                        <span class=\"location\"> <\/span> <span class=\"g-hide\">&#8211;<\/span> 17\/07\/2025                                            <\/p>\n<p>Dona Em\u00edlia Caf\u00e9 e Eventos. Inicio imediato. Ser\u00e1 respons\u00e1vel por entregas externas de Coffee-breaks e Caf\u00e9s da manh\u00e3, compras em atacados e fornecedores, apoio operacional da organiza\u00e7\u00e3o e limpeza . Necess\u00e1rio experi\u00eancia com entregas, preferencialm&#8230;<\/p>\n<\/p><\/div>\n<\/p><\/div>\n<\/p><\/div>\n<\/p><\/div>\n<\/li>\n<li class=\"listing-card \">\n                <a class=\"listing-thumb\" href=\"https:\/\/tribunaribeirao.com.br\/classificadostribuna\/index.php?page=item&amp;id=5027\" title=\"CONTRATA-SE AUXILIAR DE COZINHA\"><img data-recalc-dims=\"1\" loading=\"lazy\" decoding=\"async\" src=\"https:\/\/i0.wp.com\/tribunaribeirao.com.br\/classificadostribuna\/oc-content\/uploads\/50\/5730_thumbnail.jpg?resize=240%2C200&#038;ssl=1\" title=\"\" alt=\"CONTRATA-SE AUXILIAR DE COZINHA\" width=\"240\" height=\"200\" \/><\/a><\/p>\n<div class=\"listing-detail\">\n<div class=\"listing-cell\">\n<div class=\"listing-data\">\n<div class=\"listing-basicinfo\">\n                    <a href=\"https:\/\/tribunaribeirao.com.br\/classificadostribuna\/index.php?page=item&amp;id=5027\" class=\"title\" title=\"CONTRATA-SE AUXILIAR DE COZINHA\">CONTRATA-SE AUXILIAR DE COZINHA<\/a><\/p>\n<p>\n                        <span class=\"category\">Empregos<\/span> &#8211;<br \/>\n                        <span class=\"location\"> <\/span> <span class=\"g-hide\">&#8211;<\/span> 17\/07\/2025                                            <\/p>\n<p>Dona Em\u00edlia Caf\u00e9 e Eventos.\u00a0Inicio imediato. Oferecemos vale alimenta\u00e7\u00e3o, vale transporte, seguro de vida, plano odontol\u00f3gico, assist\u00eancia m\u00e9dica por telemedicina, plano de carreira.\u00a0Hor\u00e1rio de trabalho: segunda a sexta, das 06h20 \u00e0s 16h, sabado, das&#8230;<\/p>\n<\/p><\/div>\n<\/p><\/div>\n<\/p><\/div>\n<\/p><\/div>\n<\/li>\n<li class=\"listing-card last\">\n                <a class=\"listing-thumb\" href=\"https:\/\/tribunaribeirao.com.br\/classificadostribuna\/index.php?page=item&amp;id=5023\" title=\"CONTRATA-SE ENCANADOR\"><img data-recalc-dims=\"1\" loading=\"lazy\" decoding=\"async\" src=\"https:\/\/i0.wp.com\/tribunaribeirao.com.br\/classificadostribuna\/oc-content\/uploads\/50\/5726_thumbnail.jpg?resize=240%2C200&#038;ssl=1\" title=\"\" alt=\"CONTRATA-SE ENCANADOR\" width=\"240\" height=\"200\" \/><\/a><\/p>\n<div class=\"listing-detail\">\n<div class=\"listing-cell\">\n<div class=\"listing-data\">\n<div class=\"listing-basicinfo\">\n                    <a href=\"https:\/\/tribunaribeirao.com.br\/classificadostribuna\/index.php?page=item&amp;id=5023\" class=\"title\" title=\"CONTRATA-SE ENCANADOR\">CONTRATA-SE ENCANADOR<\/a><\/p>\n<p>\n                        <span class=\"category\">Empregos<\/span> &#8211;<br \/>\n                        <span class=\"location\"> <\/span> <span class=\"g-hide\">&#8211;<\/span> 16\/07\/2025                                            <\/p>\n<p>Empresa Souza &amp; Guimar\u00e3es abre vaga para encadernador. Tratar: Rua Laguna, 536- Jardim Paulista \u2013 Tel (16) 98202-3693. \u00a0 \u00a0<\/p>\n<\/p><\/div>\n<\/p><\/div>\n<\/p><\/div>\n<\/p><\/div>\n<\/li>\n<li class=\"listing-card \">\n                <a class=\"listing-thumb\" href=\"https:\/\/tribunaribeirao.com.br\/classificadostribuna\/index.php?page=item&amp;id=5018\" title=\"CONTRATA-SE VAGAS DIVERSAS\"><img data-recalc-dims=\"1\" loading=\"lazy\" decoding=\"async\" src=\"https:\/\/i0.wp.com\/tribunaribeirao.com.br\/classificadostribuna\/oc-content\/uploads\/50\/5718_thumbnail.jpg?resize=240%2C200&#038;ssl=1\" title=\"\" alt=\"CONTRATA-SE VAGAS DIVERSAS\" width=\"240\" height=\"200\" \/><\/a><\/p>\n<div class=\"listing-detail\">\n<div class=\"listing-cell\">\n<div class=\"listing-data\">\n<div class=\"listing-basicinfo\">\n                    <a href=\"https:\/\/tribunaribeirao.com.br\/classificadostribuna\/index.php?page=item&amp;id=5018\" class=\"title\" title=\"CONTRATA-SE VAGAS DIVERSAS\">CONTRATA-SE VAGAS DIVERSAS<\/a><\/p>\n<p>\n                        <span class=\"category\">Empregos<\/span> &#8211;<br \/>\n                        <span class=\"location\"> <\/span> <span class=\"g-hide\">&#8211;<\/span> 15\/07\/2025                                            <\/p>\n<p>Estamos contratando para vaga de manuten\u00e7\u00e3o, m\u00e1quinas e motores. Favor enviar curr\u00edculo para (16) 98137-6288. WhatsApp. Tel. (16) 3632.2369. \u00a0 \u00a0<\/p>\n<\/p><\/div>\n<\/p><\/div>\n<\/p><\/div>\n<\/p><\/div>\n<\/li>\n<li class=\"listing-card \">\n                <a class=\"listing-thumb\" href=\"https:\/\/tribunaribeirao.com.br\/classificadostribuna\/index.php?page=item&amp;id=5015\" title=\"CONTRATA-SE MEC\u00c2NICO DE MANUTEN\u00c7\u00c3O\"><img data-recalc-dims=\"1\" loading=\"lazy\" decoding=\"async\" src=\"https:\/\/i0.wp.com\/tribunaribeirao.com.br\/classificadostribuna\/oc-content\/uploads\/50\/5715_thumbnail.jpg?resize=240%2C200&#038;ssl=1\" title=\"\" alt=\"CONTRATA-SE MEC\u00c2NICO DE MANUTEN\u00c7\u00c3O\" width=\"240\" height=\"200\" \/><\/a><\/p>\n<div class=\"listing-detail\">\n<div class=\"listing-cell\">\n<div class=\"listing-data\">\n<div class=\"listing-basicinfo\">\n                    <a href=\"https:\/\/tribunaribeirao.com.br\/classificadostribuna\/index.php?page=item&amp;id=5015\" class=\"title\" title=\"CONTRATA-SE MEC\u00c2NICO DE MANUTEN\u00c7\u00c3O\">CONTRATA-SE MEC\u00c2NICO DE MANUTEN\u00c7\u00c3O<\/a><\/p>\n<p>\n                        <span class=\"category\">Empregos<\/span> &#8211;<br \/>\n                        <span class=\"location\"> <\/span> <span class=\"g-hide\">&#8211;<\/span> 14\/07\/2025                                            <\/p>\n<p>Empresa de reciclagem. Estamos contratando mec\u00e2nico de manuten\u00e7\u00e3o, com experi\u00eancia de manuten\u00e7\u00e3o mec\u00e2nica em geral (manuten\u00e7\u00e3o de moinhos de moer pl\u00e1sticos, trocar rolamentos, conhecimento de el\u00e9trica, solda e demais atividades pertinentes \u00e0 fun\u00e7\u00e3o. &#8230;<\/p>\n<\/p><\/div>\n<\/p><\/div>\n<\/p><\/div>\n<\/p><\/div>\n<\/li>\n<p>\n<script data-cfasync=\"false\" src=\"https:\/\/www.tribunaribeirao.com.br\/cdn-cgi\/scripts\/5c5dd728\/cloudflare-static\/email-decode.min.js\"><\/script><script async=\"\" src=\"https:\/\/pagead2.googlesyndication.com\/pagead\/js\/adsbygoogle.js\"><\/script>&#13;<br \/>\n<!-- Anuncio Horizontal -->&#13;<br \/>\n<ins class=\"adsbygoogle\" style=\"display:block\" data-ad-client=\"ca-pub-6472940315473977\" data-ad-slot=\"9527135572\" data-ad-format=\"auto\" data-full-width-responsive=\"true\"><\/ins>&#13;<br \/>\n<script><![CDATA[\n     (adsbygoogle = window.adsbygoogle || []).push({});\n]]><\/script><\/p>\n<li class=\"listing-card \">\n                <a class=\"listing-thumb\" href=\"https:\/\/tribunaribeirao.com.br\/classificadostribuna\/index.php?page=item&amp;id=4867\" title=\"CONTRATA-SE INSPETOR OPERACIONAL\"><img data-recalc-dims=\"1\" loading=\"lazy\" decoding=\"async\" src=\"https:\/\/i0.wp.com\/tribunaribeirao.com.br\/classificadostribuna\/oc-content\/uploads\/48\/5494_thumbnail.jpg?resize=240%2C200&#038;ssl=1\" title=\"\" alt=\"CONTRATA-SE INSPETOR OPERACIONAL\" width=\"240\" height=\"200\" \/><\/a><\/p>\n<div class=\"listing-detail\">\n<div class=\"listing-cell\">\n<div class=\"listing-data\">\n<div class=\"listing-basicinfo\">\n                    <a href=\"https:\/\/tribunaribeirao.com.br\/classificadostribuna\/index.php?page=item&amp;id=4867\" class=\"title\" title=\"CONTRATA-SE INSPETOR OPERACIONAL\">CONTRATA-SE INSPETOR OPERACIONAL<\/a><\/p>\n<p>\n                        <span class=\"category\">Empregos<\/span> &#8211;<br \/>\n                        <span class=\"location\"> <\/span> <span class=\"g-hide\">&#8211;<\/span> 16\/05\/2025                                            <\/p>\n<p>Requisitos: experi\u00eancia anterios em supervisionar atividades de vigil\u00e2ncia e portaria, ensiono m\u00e9dio completo e CNH A\/B (ser\u00e1 testado).\u00a0Salario + benef\u00edcios (conforme conven\u00e7\u00e3o coletiva de trabalho). Escala 6&#215;1. Envie curr\u00edculo para o WhatsApp (11) 9&#8230;<\/p>\n<\/p><\/div>\n<\/p><\/div>\n<\/p><\/div>\n<\/p><\/div>\n<\/li>\n<\/ul><\/div>\n<div class='code-block code-block-4' style='margin: 8px auto 8px 0; text-align: left; display: block; clear: both;'>\n\ud83d\udce2 Aviso Legal\n\nO site ismaelcolosi.com.br atua apenas como um canal de divulga\u00e7\u00e3o de oportunidades de emprego e n\u00e3o se responsabiliza pelo processo seletivo, contrata\u00e7\u00e3o ou qualquer outra etapa relacionada \u00e0s vagas publicadas. Todas as informa\u00e7\u00f5es s\u00e3o de responsabilidade dos anunciantes.\n\n\u26a0\ufe0f Aten\u00e7\u00e3o! Nunca pague por promessas de emprego nem compre cursos que garantam contrata\u00e7\u00e3o. Desconfie de qualquer cobran\u00e7a para participar de sele\u00e7\u00f5es.\n\n\n\n<\/div>\n<!-- CONTENT END 1 -->\n","protected":false},"excerpt":{"rendered":"<p>An\u00fancios CONTRATA-SE MOTORISTA ENTREGADOR Empregos &#8211; &#8211; 17\/07\/2025 Dona Em\u00edlia Caf\u00e9 e Eventos. Inicio imediato. Ser\u00e1 respons\u00e1vel por entregas externas de Coffee-breaks e Caf\u00e9s da&#8230;<\/p>\n","protected":false},"author":1,"featured_media":86995,"comment_status":"","ping_status":"open","sticky":false,"template":"","format":"standard","meta":{"_uag_custom_page_level_css":"","advanced_seo_description":"","jetpack_seo_html_title":"","jetpack_seo_noindex":false,"jetpack_post_was_ever_published":false,"_jetpack_newsletter_access":"","_jetpack_dont_email_post_to_subs":false,"_jetpack_newsletter_tier_id":0,"_jetpack_memberships_contains_paywalled_content":false,"_jetpack_memberships_contains_paid_content":false,"footnotes":"","jetpack_publicize_message":"","jetpack_publicize_feature_enabled":true,"jetpack_social_post_already_shared":true,"jetpack_social_options":{"image_generator_settings":{"template":"highway","default_image_id":0,"font":"","enabled":false},"version":2}},"categories":[7],"tags":[],"class_list":["post-86994","post","type-post","status-publish","format-standard","has-post-thumbnail","hentry","category-vagas-de-empregos-em-ribeirao-preto-regiao-brasil"],"jetpack_publicize_connections":[],"jetpack_featured_media_url":"https:\/\/i0.wp.com\/ismaelcolosi.com.br\/wp-content\/uploads\/2025\/08\/5781_thumbnail.jpg?fit=240%2C200&ssl=1","uagb_featured_image_src":{"full":["https:\/\/i0.wp.com\/ismaelcolosi.com.br\/wp-content\/uploads\/2025\/08\/5781_thumbnail.jpg?fit=240%2C200&ssl=1",240,200,false],"thumbnail":["https:\/\/i0.wp.com\/ismaelcolosi.com.br\/wp-content\/uploads\/2025\/08\/5781_thumbnail.jpg?resize=150%2C150&ssl=1",150,150,true],"medium":["https:\/\/i0.wp.com\/ismaelcolosi.com.br\/wp-content\/uploads\/2025\/08\/5781_thumbnail.jpg?fit=240%2C200&ssl=1",240,200,true],"medium_large":["https:\/\/i0.wp.com\/ismaelcolosi.com.br\/wp-content\/uploads\/2025\/08\/5781_thumbnail.jpg?fit=240%2C200&ssl=1",240,200,true],"large":["https:\/\/i0.wp.com\/ismaelcolosi.com.br\/wp-content\/uploads\/2025\/08\/5781_thumbnail.jpg?fit=240%2C200&ssl=1",240,200,true],"1536x1536":["https:\/\/i0.wp.com\/ismaelcolosi.com.br\/wp-content\/uploads\/2025\/08\/5781_thumbnail.jpg?fit=240%2C200&ssl=1",240,200,true],"2048x2048":["https:\/\/i0.wp.com\/ismaelcolosi.com.br\/wp-content\/uploads\/2025\/08\/5781_thumbnail.jpg?fit=240%2C200&ssl=1",240,200,true],"really-simple-thumb":["https:\/\/i0.wp.com\/ismaelcolosi.com.br\/wp-content\/uploads\/2025\/08\/5781_thumbnail.jpg?resize=240%2C200&ssl=1",240,200,true]},"uagb_author_info":{"display_name":"ismaelcolosi.com.br","author_link":"https:\/\/ismaelcolosi.com.br\/index.php\/author\/vidareal-online\/"},"uagb_comment_info":0,"uagb_excerpt":"An\u00fancios CONTRATA-SE MOTORISTA ENTREGADOR Empregos &#8211; &#8211; 17\/07\/2025 Dona Em\u00edlia Caf\u00e9 e Eventos. Inicio imediato. Ser\u00e1 respons\u00e1vel por entregas externas de Coffee-breaks e Caf\u00e9s da...","jetpack-related-posts":[{"id":87120,"url":"https:\/\/ismaelcolosi.com.br\/index.php\/2025\/08\/19\/contrata-se-auxiliar-de-montagem\/","url_meta":{"origin":86994,"position":0},"title":"CONTRATA-SE AUXILIAR DE MONTAGEM","author":"ismaelcolosi.com.br","date":"19 de August de 2025","format":false,"excerpt":"An\u00fancios VEGAS DE TRABALHO DIVERSAS Empregos - - 14\/08\/2025 Estamos selecionando homens\/mulheres com disponibilidade para trabalhar nas seguintes vagas: Vendedores (interno e externo), Atendente, Auxiliar Servi\u00e7os Gerais, Diarista, Porteiro, Zelador, Vigia, Auxiliar Escrit\u00f3rio, Panfleteiros Assistente Social,... ARTEGRAFIX CONTRATA VENDA, IMPRESS\u00c3O, CRIA\u00c7\u00c3O E ACABAMENTO Empregos - - 11\/08\/2025 A Artegrafix est\u00e1\u2026","rel":"","context":"In &quot;Vagas de Emprego em Ribeir\u00e3o Preto-SP&quot;","block_context":{"text":"Vagas de Emprego em Ribeir\u00e3o Preto-SP","link":"https:\/\/ismaelcolosi.com.br\/index.php\/category\/empregos-classificados-vagas-trabalho\/vagas-de-empregos-em-ribeirao-preto-regiao-brasil\/"},"img":{"alt_text":"CONTRATA-SE AUXILIAR DE MONTAGEM","src":"https:\/\/i0.wp.com\/tribunaribeirao.com.br\/classificadostribuna\/oc-content\/uploads\/50\/5820_thumbnail.jpg?resize=350%2C200&ssl=1","width":350,"height":200},"classes":[]},{"id":87295,"url":"https:\/\/ismaelcolosi.com.br\/index.php\/2025\/08\/29\/contrata-se-representante-comercial-2\/","url_meta":{"origin":86994,"position":1},"title":"CONTRATA-SE REPRESENTANTE COMERCIAL","author":"ismaelcolosi.com.br","date":"29 de August de 2025","format":false,"excerpt":"An\u00fancios CONTRATA-SE OPERADOR DE PLASTIFICADORA Empregos - - 21\/08\/2025 Vaga para Ribeir\u00e3o Preto, sal\u00e1rio compat\u00edvel com o mercado + benef\u00edcios. Enviar curr\u00edculo para o WhatsApp (16) 99435-0710. CONTRATA-SE AUXILIAR DE COZINHA Empregos - - 20\/08\/2025 Hor\u00e1rio ee trabalho de segunda a sexta-feira das 6:30 as 16:30. Local: Cozinha Escolar de\u2026","rel":"","context":"In &quot;Vagas de Emprego em Ribeir\u00e3o Preto-SP&quot;","block_context":{"text":"Vagas de Emprego em Ribeir\u00e3o Preto-SP","link":"https:\/\/ismaelcolosi.com.br\/index.php\/category\/empregos-classificados-vagas-trabalho\/vagas-de-empregos-em-ribeirao-preto-regiao-brasil\/"},"img":{"alt_text":"CONTRATA-SE REPRESENTANTE COMERCIAL","src":"https:\/\/i0.wp.com\/tribunaribeirao.com.br\/classificadostribuna\/oc-content\/uploads\/51\/5837_thumbnail.jpg?resize=350%2C200&ssl=1","width":350,"height":200},"classes":[]},{"id":83406,"url":"https:\/\/ismaelcolosi.com.br\/index.php\/2025\/02\/26\/contrata-se-lavador-e-acabador\/","url_meta":{"origin":86994,"position":2},"title":"CONTRATA-SE LAVADOR E ACABADOR","author":"ismaelcolosi.com.br","date":"26 de February de 2025","format":false,"excerpt":"An\u00fancios CONTRATA-SE AUXILIAR DE FARM\u00c1CIA Empregos - - 18\/02\/2025 SINDICATO DOS SERVIDORES MUNICIPAIS DE RIBEIR\u00c3O PRETO, GUATAPAR\u00c1 E PRAD\u00d3POLIS, contrata. Requisitos: Ensino m\u00e9dio completo; Experi\u00eancia na fun\u00e7\u00e3o e Residir em Ribeir\u00e3o Preto.Hor\u00e1rio de Trabalho: Carga hor\u00e1ria: Segunda a Sexta-feira das 08h \u00e0s 17h. At... VAGA DE APRENDIZ - ENSINO FUNDAMENTAL\u2026","rel":"","context":"In &quot;Vagas de Emprego em Ribeir\u00e3o Preto-SP&quot;","block_context":{"text":"Vagas de Emprego em Ribeir\u00e3o Preto-SP","link":"https:\/\/ismaelcolosi.com.br\/index.php\/category\/empregos-classificados-vagas-trabalho\/vagas-de-empregos-em-ribeirao-preto-regiao-brasil\/"},"img":{"alt_text":"CONTRATA-SE LAVADOR E ACABADOR","src":"https:\/\/i0.wp.com\/tribunaribeirao.com.br\/classificadostribuna\/oc-content\/uploads\/45\/5118_thumbnail.jpg?resize=350%2C200&ssl=1","width":350,"height":200},"classes":[]},{"id":68357,"url":"https:\/\/ismaelcolosi.com.br\/index.php\/2024\/09\/29\/escritorio-contabil-contrata\/","url_meta":{"origin":86994,"position":3},"title":"ESCRIT\u00d3RIO CONT\u00c1BIL CONTRATA","author":"ismaelcolosi.com.br","date":"29 de September de 2024","format":false,"excerpt":"An\u00fancios ESCRIT\u00d3RIO CONT\u00c1BIL CONTRATA Empregos - - 26\/09\/2024 (Somente com experi\u00eancia comprovada): encarregados de departamento pessoal e contador. Os interessados dever\u00e3o enviar curr\u00edculo com pretens\u00e3o salarial para o e-mail: [email\u00a0protected] CONTRATA-SE VENDEDOR EXTERNO Empregos - - 25\/09\/2024 Com conhecimento em motos e cons\u00f3rcios. Sal\u00e1rio Fixo + Comiss\u00e3o + Benef\u00edcios para\u00a0Araraquara.\u00a0Curr\u00edculos\u2026","rel":"","context":"In &quot;Vagas de Emprego em Ribeir\u00e3o Preto-SP&quot;","block_context":{"text":"Vagas de Emprego em Ribeir\u00e3o Preto-SP","link":"https:\/\/ismaelcolosi.com.br\/index.php\/category\/empregos-classificados-vagas-trabalho\/vagas-de-empregos-em-ribeirao-preto-regiao-brasil\/"},"img":{"alt_text":"ESCRIT\u00d3RIO CONT\u00c1BIL CONTRATA","src":"https:\/\/i0.wp.com\/tribunaribeirao.com.br\/classificadostribuna\/oc-content\/uploads\/42\/4751_thumbnail.jpg?resize=350%2C200&ssl=1","width":350,"height":200},"classes":[]},{"id":82993,"url":"https:\/\/ismaelcolosi.com.br\/index.php\/2025\/02\/16\/vaga-de-aprendiz-ensino-fundamental-e-medio\/","url_meta":{"origin":86994,"position":4},"title":"VAGA DE APRENDIZ &#8211; ENSINO FUNDAMENTAL E M\u00c9DIO","author":"ismaelcolosi.com.br","date":"16 de February de 2025","format":false,"excerpt":"An\u00fancios VAGA DE APRENDIZ - ENSINO FUNDAMENTAL E M\u00c9DIO Empregos - - 14\/02\/2025 C\u00f3digo da vaga 5482198\u00a0- VAGA DE APRENDIZ Empresa: CAIXA ECONOMICALocal: Nova Alian\u00e7a\u00a0-\u00a0Ribeir\u00e3o Preto - SP \u00c1rea profissional:\u00a0Arco AdministrativoN\u00edvel escolar: Ensino Fundamental, M\u00e9dio - dos 14 a 17 anos Hor\u00e1rio de trabalho: 14H \u00e0s 18H Remunera\u00e7\u00e3o:... VAGA DE\u2026","rel":"","context":"In &quot;Vagas de Emprego em Ribeir\u00e3o Preto-SP&quot;","block_context":{"text":"Vagas de Emprego em Ribeir\u00e3o Preto-SP","link":"https:\/\/ismaelcolosi.com.br\/index.php\/category\/empregos-classificados-vagas-trabalho\/vagas-de-empregos-em-ribeirao-preto-regiao-brasil\/"},"img":{"alt_text":"VAGA DE APRENDIZ - ENSINO FUNDAMENTAL E M\u00c9DIO","src":"https:\/\/i0.wp.com\/tribunaribeirao.com.br\/classificadostribuna\/oc-content\/uploads\/45\/5094_thumbnail.jpg?resize=350%2C200&ssl=1","width":350,"height":200},"classes":[]},{"id":89884,"url":"https:\/\/ismaelcolosi.com.br\/index.php\/2026\/04\/17\/contrata-se-diarista-2\/","url_meta":{"origin":86994,"position":5},"title":"CONTRATA-SE DIARISTA","author":"ismaelcolosi.com.br","date":"17 de April de 2026","format":false,"excerpt":"An\u00fancios CONTRATA-SE DIARISTA Empregos - - 05\/03\/2026 Com Refer\u00eancia. Casa Familiar. Local: Ribeir\u00e3o Preto-SP. Informa\u00e7\u00f5es: (16) 99730.0344. \u00a0 CONTRATA-SE FAXINEIRA Empregos - - 11\/03\/2026 Preciso \u00a0uma vez por semana de prefer\u00eancia sexta-feira e que tenha refer\u00eancias. Tratar pelo telefone (16) 3625-7822 - L\u00e9a\u00a0 CONTRATA-SE ATENDENTE DE LANCHONETE Empregos - Ribeir\u00e3o\u2026","rel":"","context":"In &quot;Vagas de Emprego em Ribeir\u00e3o Preto-SP&quot;","block_context":{"text":"Vagas de Emprego em Ribeir\u00e3o Preto-SP","link":"https:\/\/ismaelcolosi.com.br\/index.php\/category\/empregos-classificados-vagas-trabalho\/vagas-de-empregos-em-ribeirao-preto-regiao-brasil\/"},"img":{"alt_text":"CONTRATA-SE DIARISTA","src":"https:\/\/i0.wp.com\/tribunaribeirao.com.br\/classificadostribuna\/oc-content\/uploads\/55\/6310_thumbnail.jpg?resize=350%2C200&ssl=1","width":350,"height":200},"classes":[]}],"jetpack_sharing_enabled":true,"jetpack_shortlink":"https:\/\/wp.me\/pfMlyK-mD8","_links":{"self":[{"href":"https:\/\/ismaelcolosi.com.br\/index.php\/wp-json\/wp\/v2\/posts\/86994","targetHints":{"allow":["GET"]}}],"collection":[{"href":"https:\/\/ismaelcolosi.com.br\/index.php\/wp-json\/wp\/v2\/posts"}],"about":[{"href":"https:\/\/ismaelcolosi.com.br\/index.php\/wp-json\/wp\/v2\/types\/post"}],"author":[{"embeddable":true,"href":"https:\/\/ismaelcolosi.com.br\/index.php\/wp-json\/wp\/v2\/users\/1"}],"replies":[{"embeddable":true,"href":"https:\/\/ismaelcolosi.com.br\/index.php\/wp-json\/wp\/v2\/comments?post=86994"}],"version-history":[{"count":0,"href":"https:\/\/ismaelcolosi.com.br\/index.php\/wp-json\/wp\/v2\/posts\/86994\/revisions"}],"wp:featuredmedia":[{"embeddable":true,"href":"https:\/\/ismaelcolosi.com.br\/index.php\/wp-json\/wp\/v2\/media\/86995"}],"wp:attachment":[{"href":"https:\/\/ismaelcolosi.com.br\/index.php\/wp-json\/wp\/v2\/media?parent=86994"}],"wp:term":[{"taxonomy":"category","embeddable":true,"href":"https:\/\/ismaelcolosi.com.br\/index.php\/wp-json\/wp\/v2\/categories?post=86994"},{"taxonomy":"post_tag","embeddable":true,"href":"https:\/\/ismaelcolosi.com.br\/index.php\/wp-json\/wp\/v2\/tags?post=86994"}],"curies":[{"name":"wp","href":"https:\/\/api.w.org\/{rel}","templated":true}]}}