{"id":86979,"date":"2025-08-09T10:29:10","date_gmt":"2025-08-09T13:29:10","guid":{"rendered":"https:\/\/ismaelcolosi.com.br\/index.php\/2025\/08\/09\/presencial-ou-remoto-veja-a-preferencia-de-trabalhadores-de-diferentes-paises\/"},"modified":"2025-08-09T10:29:10","modified_gmt":"2025-08-09T13:29:10","slug":"presencial-ou-remoto-veja-a-preferencia-de-trabalhadores-de-diferentes-paises","status":"publish","type":"post","link":"https:\/\/ismaelcolosi.com.br\/index.php\/2025\/08\/09\/presencial-ou-remoto-veja-a-preferencia-de-trabalhadores-de-diferentes-paises\/","title":{"rendered":"Presencial ou remoto? Veja a prefer\u00eancia de trabalhadores de diferentes pa\u00edses"},"content":{"rendered":"<p> <br \/>\n<\/p>\n<div id=\"\">\n<div class=\"content-infos\">\n<div class=\"texts\">\n<p class=\"author tooltip-comp\"> Da reda\u00e7\u00e3o<span class=\"icon-i\">i<\/span><span class=\"tooltiptext\"> <span class=\"author\"><span>Da reda\u00e7\u00e3o<\/span> <\/span><span class=\"desc\"\/> <\/span><\/p>\n<p>09\/08\/2025 &#8211; 8:00<\/p><div class='code-block code-block-8' style='margin: 8px auto; text-align: center; display: block; clear: both;'>\n<script>\n  atOptions = {\n    'key' : '66e2e2111ca34da796271819fc334058',\n    'format' : 'iframe',\n    'height' : 250,\n    'width' : 300,\n    'params' : {}\n  };\n<\/script>\n<script src=\"https:\/\/www.highperformanceformat.com\/66e2e2111ca34da796271819fc334058\/invoke.js\"><\/script>\n<\/div>\n\n<\/div>\n<div id=\"share-modal\" class=\"share-modal\"> <button class=\"box-close btn-share\"> <img decoding=\"async\" src=\"https:\/\/istoedinheiro.com.br\/wp-content\/themes\/dinheiro-wp-theme\/assets\/img\/svg\/closeIcon.svg?x46096\" alt=\"Close icon\" class=\"close-btn\"\/> <\/button><\/div>\n<\/p><\/div>\n<p>Um estudo trazido pela consultoria de gest\u00e3o organizacional Korn Ferry apontou que 12% dos trabalhadores brasileiros se dizem satisfeitos com o trabalho em tempo integral no escrit\u00f3rio. No Jap\u00e3o, esse \u00edndice \u00e9 significativamente maior, chegando a 36%.<\/p>\n<p>+Trabalhadores da Boeing que fabricam jatos militares iniciam greve<\/p>\n<p><a href=\"https:\/\/revistaplaneta.com.br\/estudo-avalia-pros-e-contras-de-trabalhar-em-casa\" target=\"_blank\" rel=\"noopener\">+Estudo avalia pr\u00f3s e contras de trabalhar em casa<\/a><\/p>\n<p>A pesquisa revelou que, em geral, entre os trabalhadores que atuam em tempo integral nos escrit\u00f3rios, <strong>apenas 19% realmente desejam esse formato<\/strong>. Ainda assim, muitos empregadores t\u00eam tentado impor o retorno presencial.<strong> Para 48% dos entrevistados, o modelo h\u00edbrido seria o ideal<\/strong>, mas somente 27% t\u00eam essa possibilidade atualmente. J\u00e1<strong> 25% afirmam preferir o trabalho 100% remoto.<\/strong><\/p>\n<p>O estudo tamb\u00e9m analisou os formatos de trabalho preferidos versus os atualmente adotados nos principais mercados globais (ver quadro abaixo)<strong>. O Brasil ocupa a s\u00e9tima posi\u00e7\u00e3o entre os pa\u00edses com maior \u00edndice de trabalho em tempo integral no escrit\u00f3rio (56,9%)<\/strong>.<\/p>\n<p>O regime de home office integral ainda \u00e9 pouco presente no pa\u00eds, com 12,7% de ades\u00e3o por parte das empresas. No entanto, 27,6% dos profissionais brasileiros consideram o trabalho remoto o regime ideal. J\u00e1 o modelo h\u00edbrido aparece como o mais desejado: embora adotado por 28,6% das companhias, ele \u00e9 considerado o formato ideal por 55,4% dos trabalhadores brasileiros.<\/p>\n<p>O Jap\u00e3o lidera o ranking com 69,6% dos profissionais atuando em tempo integral no escrit\u00f3rio. Por\u00e9m, 39% dos trabalhadores afirmam preferir o regime h\u00edbrido e 14,8% gostariam de estar totalmente em home office.<\/p>\n<h2><strong>Ranking dos pa\u00edses com maior \u00edndice de trabalho presencial em tempo integral:<\/strong><\/h2>\n<ol>\n<li><strong>Jap\u00e3o<\/strong> \u2013 69,6%<\/li>\n<li><strong>Ar\u00e1bia Saudita<\/strong> \u2013 65,8%<\/li>\n<li><strong>EUA<\/strong> \u2013 63,9%<\/li>\n<li><strong>\u00cdndia<\/strong> \u2013 61,2%<\/li>\n<li><strong>Fran\u00e7a<\/strong> \u2013 60,1%<\/li>\n<li><strong>Austr\u00e1lia<\/strong> \u2013 59,8%<\/li>\n<li><strong>Brasil<\/strong> \u2013 56,9%<\/li>\n<li><strong>Reino<\/strong> <strong>Unido<\/strong> \u2013 52%<\/li>\n<li><strong>Alemanha<\/strong> \u2013 47,6%<\/li>\n<\/ol>\n<p><img data-recalc-dims=\"1\" loading=\"lazy\" decoding=\"async\" class=\"aligncenter wp-image-3381270 size-full\" src=\"https:\/\/i0.wp.com\/istoedinheiro.com.br\/wp-content\/uploads\/sites\/17\/2025\/08\/acordos-de-trabalho-atuais-x-preferidos-korn-ferry.jpg?resize=1017%2C718&#038;ssl=1\" alt=\"\" width=\"1017\" height=\"718\"\/><\/p>\n<div id=\"share-modal\" class=\"share-modal\"> <button class=\"box-close btn-share\"> <img decoding=\"async\" src=\"https:\/\/istoedinheiro.com.br\/wp-content\/themes\/dinheiro-wp-theme\/assets\/img\/svg\/closeIcon.svg?x46096\" alt=\"Close icon\" class=\"close-btn\"\/> <\/button><\/div>\n<\/p><\/div>\n<p><script>!function(f,b,e,v,n,t,s){if(f.fbq)return;n=f.fbq=function(){n.callMethod?n.callMethod.apply(n,arguments):n.queue.push(arguments)};if(!f._fbq)f._fbq=n;n.push=n;n.loaded=!0;n.version='2.0';n.queue=[];t=b.createElement(e);t.async=!0;t.src=v;s=b.getElementsByTagName(e)[0];s.parentNode.insertBefore(t,s)}(window,document,'script','<\/script><br \/>\n<br \/><br \/>\n<br \/><a href=\"https:\/\/istoedinheiro.com.br\/modelo-presencial-o-que-os-trabalhadores-preferem\">Source link <\/a><\/p>\n<div class='code-block code-block-4' style='margin: 8px auto 8px 0; text-align: left; display: block; clear: both;'>\n\ud83d\udce2 Aviso Legal\n\nO site ismaelcolosi.com.br atua apenas como um canal de divulga\u00e7\u00e3o de oportunidades de emprego e n\u00e3o se responsabiliza pelo processo seletivo, contrata\u00e7\u00e3o ou qualquer outra etapa relacionada \u00e0s vagas publicadas. Todas as informa\u00e7\u00f5es s\u00e3o de responsabilidade dos anunciantes.\n\n\u26a0\ufe0f Aten\u00e7\u00e3o! Nunca pague por promessas de emprego nem compre cursos que garantam contrata\u00e7\u00e3o. Desconfie de qualquer cobran\u00e7a para participar de sele\u00e7\u00f5es.\n\n\n\n<\/div>\n<!-- CONTENT END 1 -->\n","protected":false},"excerpt":{"rendered":"<p>Da reda\u00e7\u00e3oi Da reda\u00e7\u00e3o 09\/08\/2025 &#8211; 8:00 Um estudo trazido pela consultoria de gest\u00e3o organizacional Korn Ferry apontou que 12% dos trabalhadores brasileiros se dizem&#8230;<\/p>\n","protected":false},"author":1,"featured_media":86980,"comment_status":"","ping_status":"open","sticky":false,"template":"","format":"standard","meta":{"_uag_custom_page_level_css":"","advanced_seo_description":"","jetpack_seo_html_title":"","jetpack_seo_noindex":false,"jetpack_post_was_ever_published":false,"_jetpack_newsletter_access":"","_jetpack_dont_email_post_to_subs":false,"_jetpack_newsletter_tier_id":0,"_jetpack_memberships_contains_paywalled_content":false,"_jetpack_memberships_contains_paid_content":false,"footnotes":"","jetpack_publicize_message":"","jetpack_publicize_feature_enabled":true,"jetpack_social_post_already_shared":true,"jetpack_social_options":{"image_generator_settings":{"template":"highway","default_image_id":0,"font":"","enabled":false},"version":2}},"categories":[3598],"tags":[],"class_list":["post-86979","post","type-post","status-publish","format-standard","has-post-thumbnail","hentry","category-empregos-classificados-vagas-trabalho"],"jetpack_publicize_connections":[],"jetpack_featured_media_url":"https:\/\/i0.wp.com\/ismaelcolosi.com.br\/wp-content\/uploads\/2025\/08\/4005.jpg?fit=800%2C533&ssl=1","uagb_featured_image_src":{"full":["https:\/\/i0.wp.com\/ismaelcolosi.com.br\/wp-content\/uploads\/2025\/08\/4005.jpg?fit=800%2C533&ssl=1",800,533,false],"thumbnail":["https:\/\/i0.wp.com\/ismaelcolosi.com.br\/wp-content\/uploads\/2025\/08\/4005.jpg?resize=150%2C150&ssl=1",150,150,true],"medium":["https:\/\/i0.wp.com\/ismaelcolosi.com.br\/wp-content\/uploads\/2025\/08\/4005.jpg?fit=300%2C200&ssl=1",300,200,true],"medium_large":["https:\/\/i0.wp.com\/ismaelcolosi.com.br\/wp-content\/uploads\/2025\/08\/4005.jpg?fit=768%2C512&ssl=1",768,512,true],"large":["https:\/\/i0.wp.com\/ismaelcolosi.com.br\/wp-content\/uploads\/2025\/08\/4005.jpg?fit=800%2C533&ssl=1",800,533,true],"1536x1536":["https:\/\/i0.wp.com\/ismaelcolosi.com.br\/wp-content\/uploads\/2025\/08\/4005.jpg?fit=800%2C533&ssl=1",800,533,true],"2048x2048":["https:\/\/i0.wp.com\/ismaelcolosi.com.br\/wp-content\/uploads\/2025\/08\/4005.jpg?fit=800%2C533&ssl=1",800,533,true],"really-simple-thumb":["https:\/\/i0.wp.com\/ismaelcolosi.com.br\/wp-content\/uploads\/2025\/08\/4005.jpg?resize=370%2C247&ssl=1",370,247,true]},"uagb_author_info":{"display_name":"ismaelcolosi.com.br","author_link":"https:\/\/ismaelcolosi.com.br\/index.php\/author\/vidareal-online\/"},"uagb_comment_info":0,"uagb_excerpt":"Da reda\u00e7\u00e3oi Da reda\u00e7\u00e3o 09\/08\/2025 &#8211; 8:00 Um estudo trazido pela consultoria de gest\u00e3o organizacional Korn Ferry apontou que 12% dos trabalhadores brasileiros se dizem...","jetpack-related-posts":[{"id":38484,"url":"https:\/\/ismaelcolosi.com.br\/index.php\/2024\/02\/20\/empregos-ligados-a-matematica-tem-melhores-salarios\/","url_meta":{"origin":86979,"position":0},"title":"Empregos ligados \u00e0 matem\u00e1tica t\u00eam melhores sal\u00e1rios","author":"ismaelcolosi.com.br","date":"20 de February de 2024","format":false,"excerpt":"Ag\u00eancia BrasilProfiss\u00f5es em \u00e1reas ligadas \u00e0 matem\u00e1tica t\u00eam participa\u00e7\u00e3o maior de pessoas brancas e homens do que a m\u00e9dia Pesquisa divulgada na segunda-feira (19) pelo Ita\u00fa Social revela que empregos ligados \u00e0 matem\u00e1tica s\u00e3o mais resilientes a situa\u00e7\u00f5es de crise do que outras ocupa\u00e7\u00f5es n\u00e3o vinculadas a essa disciplina, porque\u2026","rel":"","context":"In &quot;Carreira e Sucesso&quot;","block_context":{"text":"Carreira e Sucesso","link":"https:\/\/ismaelcolosi.com.br\/index.php\/category\/carreira-e-sucesso-dicas-para-carreira\/"},"img":{"alt_text":"","src":"https:\/\/i0.wp.com\/ismaelcolosi.com.br\/wp-content\/uploads\/2024\/02\/carreira-trabalho-matematica-1024x683.jpg?fit=1024%2C683&ssl=1&resize=350%2C200","width":350,"height":200,"srcset":"https:\/\/i0.wp.com\/ismaelcolosi.com.br\/wp-content\/uploads\/2024\/02\/carreira-trabalho-matematica-1024x683.jpg?fit=1024%2C683&ssl=1&resize=350%2C200 1x, https:\/\/i0.wp.com\/ismaelcolosi.com.br\/wp-content\/uploads\/2024\/02\/carreira-trabalho-matematica-1024x683.jpg?fit=1024%2C683&ssl=1&resize=525%2C300 1.5x, https:\/\/i0.wp.com\/ismaelcolosi.com.br\/wp-content\/uploads\/2024\/02\/carreira-trabalho-matematica-1024x683.jpg?fit=1024%2C683&ssl=1&resize=700%2C400 2x"},"classes":[]},{"id":38821,"url":"https:\/\/ismaelcolosi.com.br\/index.php\/2024\/02\/21\/empregos-ligados-a-matematica-tem-vagas-mais-qualificadas-em-periodos-de-crise\/","url_meta":{"origin":86979,"position":1},"title":"Empregos ligados \u00e0 matem\u00e1tica t\u00eam vagas mais qualificadas em per\u00edodos de crise","author":"ismaelcolosi.com.br","date":"21 de February de 2024","format":false,"excerpt":"Da reda\u00e7\u00e3o com Ag\u00eancia Brasili Da reda\u00e7\u00e3o com Ag\u00eancia Brasil 20\/02\/2024 - 10:14 A qualidade dos empregos ligados \u00e0 matem\u00e1tica \u00e9 muito maior em termos de resili\u00eancia \u00e0s situa\u00e7\u00f5es de crise do que a de outras ocupa\u00e7\u00f5es n\u00e3o vinculadas a essa disciplina revela uma pesquisa divulgada na a segunda-feira (19)\u2026","rel":"","context":"In &quot;Empregos - Classificados&quot;","block_context":{"text":"Empregos - Classificados","link":"https:\/\/ismaelcolosi.com.br\/index.php\/category\/empregos-classificados-vagas-trabalho\/"},"img":{"alt_text":"","src":"https:\/\/i0.wp.com\/ismaelcolosi.com.br\/wp-content\/uploads\/2024\/02\/closeup-de-economista-usando-calculadora-ao-passar-por-contas-e-impostos-no-escritorio-1.jpg?fit=1000%2C667&ssl=1&resize=350%2C200","width":350,"height":200,"srcset":"https:\/\/i0.wp.com\/ismaelcolosi.com.br\/wp-content\/uploads\/2024\/02\/closeup-de-economista-usando-calculadora-ao-passar-por-contas-e-impostos-no-escritorio-1.jpg?fit=1000%2C667&ssl=1&resize=350%2C200 1x, https:\/\/i0.wp.com\/ismaelcolosi.com.br\/wp-content\/uploads\/2024\/02\/closeup-de-economista-usando-calculadora-ao-passar-por-contas-e-impostos-no-escritorio-1.jpg?fit=1000%2C667&ssl=1&resize=525%2C300 1.5x, https:\/\/i0.wp.com\/ismaelcolosi.com.br\/wp-content\/uploads\/2024\/02\/closeup-de-economista-usando-calculadora-ao-passar-por-contas-e-impostos-no-escritorio-1.jpg?fit=1000%2C667&ssl=1&resize=700%2C400 2x"},"classes":[]},{"id":85630,"url":"https:\/\/ismaelcolosi.com.br\/index.php\/2025\/05\/22\/quais-as-profissoes-que-mais-crescem-e-as-com-declinio-mais-rapido-veja-lista-2\/","url_meta":{"origin":86979,"position":2},"title":"Quais as profiss\u00f5es que mais crescem e as com decl\u00ednio mais r\u00e1pido? Veja lista","author":"ismaelcolosi.com.br","date":"22 de May de 2025","format":false,"excerpt":"O estudo do \u201cFuturo do Trabalho\u201d, publicado pelo F\u00f3rum Econ\u00f4mico Mundial (WEF), em parceria com o N\u00facleo de Inova\u00e7\u00e3o, Intelig\u00eancia Artificial e Tecnologias Digitais da Funda\u00e7\u00e3o Dom Cabral (FDC), examinou as macrotend\u00eancias que impactam os empregos, as habilidades necess\u00e1rias e as estrat\u00e9gias que podem ser implementadas pelos empregadores em resposta\u2026","rel":"","context":"In &quot;Empregos - Classificados&quot;","block_context":{"text":"Empregos - Classificados","link":"https:\/\/ismaelcolosi.com.br\/index.php\/category\/empregos-classificados-vagas-trabalho\/"},"img":{"alt_text":"","src":"","width":0,"height":0},"classes":[]},{"id":32435,"url":"https:\/\/ismaelcolosi.com.br\/index.php\/2024\/01\/25\/trabalhadores-remotos-sao-esquecidos-em-promocoes\/","url_meta":{"origin":86979,"position":3},"title":"Trabalhadores remotos s\u00e3o esquecidos em promo\u00e7\u00f5es","author":"ismaelcolosi.com.br","date":"25 de January de 2024","format":false,"excerpt":"Profissionais em regime remoto tamb\u00e9m recebem menos orienta\u00e7\u00e3o e feedback, o que pode prejudicar seu desenvolvimento Os trabalhadores remotos nos Estados Unidos est\u00e3o recebendo menos promo\u00e7\u00f5es e aumentos em compara\u00e7\u00e3o com os seus colegas que trabalham no escrit\u00f3rio, o que tamb\u00e9m acontece por aqui. Pessoas que trabalhavam de casa foram\u2026","rel":"","context":"In &quot;Carreira e Sucesso&quot;","block_context":{"text":"Carreira e Sucesso","link":"https:\/\/ismaelcolosi.com.br\/index.php\/category\/carreira-e-sucesso-dicas-para-carreira\/"},"img":{"alt_text":"","src":"https:\/\/i0.wp.com\/ismaelcolosi.com.br\/wp-content\/uploads\/2024\/01\/carreira-trabalho-remoto-1-1024x683.jpg?fit=1024%2C683&ssl=1&resize=350%2C200","width":350,"height":200,"srcset":"https:\/\/i0.wp.com\/ismaelcolosi.com.br\/wp-content\/uploads\/2024\/01\/carreira-trabalho-remoto-1-1024x683.jpg?fit=1024%2C683&ssl=1&resize=350%2C200 1x, https:\/\/i0.wp.com\/ismaelcolosi.com.br\/wp-content\/uploads\/2024\/01\/carreira-trabalho-remoto-1-1024x683.jpg?fit=1024%2C683&ssl=1&resize=525%2C300 1.5x, https:\/\/i0.wp.com\/ismaelcolosi.com.br\/wp-content\/uploads\/2024\/01\/carreira-trabalho-remoto-1-1024x683.jpg?fit=1024%2C683&ssl=1&resize=700%2C400 2x"},"classes":[]},{"id":87193,"url":"https:\/\/ismaelcolosi.com.br\/index.php\/2025\/08\/22\/disparidade-salarial-entre-ceos-e-funcionarios-cresce-nos-eua\/","url_meta":{"origin":86979,"position":4},"title":"Disparidade Salarial entre CEOs e Funcion\u00e1rios Cresce nos EUA","author":"ismaelcolosi.com.br","date":"22 de August de 2025","format":false,"excerpt":"\r Divulga\u00e7\u00e3o\/Starbucks\r Em 2024, o CEO da Starbucks teve a maior disparidade salarial do S&P 500, ganhando 6.666 vezes mais que o sal\u00e1rio m\u00e9dio dos funcion\u00e1rios\r Acessibilidade \r L\r L\r A-\r A+\r \r \u25d0\r \r A disparidade salarial entre os CEOs e funcion\u00e1rios das empresas de menor remunera\u00e7\u00e3o do S&P\u2026","rel":"","context":"In &quot;Carreira e Sucesso&quot;","block_context":{"text":"Carreira e Sucesso","link":"https:\/\/ismaelcolosi.com.br\/index.php\/category\/carreira-e-sucesso-dicas-para-carreira\/"},"img":{"alt_text":"","src":"https:\/\/i0.wp.com\/ismaelcolosi.com.br\/wp-content\/uploads\/2025\/08\/carreira-ceo-starbucks-brian-niccol-1200x675.jpg?fit=1200%2C675&ssl=1&resize=350%2C200","width":350,"height":200,"srcset":"https:\/\/i0.wp.com\/ismaelcolosi.com.br\/wp-content\/uploads\/2025\/08\/carreira-ceo-starbucks-brian-niccol-1200x675.jpg?fit=1200%2C675&ssl=1&resize=350%2C200 1x, https:\/\/i0.wp.com\/ismaelcolosi.com.br\/wp-content\/uploads\/2025\/08\/carreira-ceo-starbucks-brian-niccol-1200x675.jpg?fit=1200%2C675&ssl=1&resize=525%2C300 1.5x, https:\/\/i0.wp.com\/ismaelcolosi.com.br\/wp-content\/uploads\/2025\/08\/carreira-ceo-starbucks-brian-niccol-1200x675.jpg?fit=1200%2C675&ssl=1&resize=700%2C400 2x, https:\/\/i0.wp.com\/ismaelcolosi.com.br\/wp-content\/uploads\/2025\/08\/carreira-ceo-starbucks-brian-niccol-1200x675.jpg?fit=1200%2C675&ssl=1&resize=1050%2C600 3x"},"classes":[]},{"id":81237,"url":"https:\/\/ismaelcolosi.com.br\/index.php\/2025\/01\/09\/quais-as-profissoes-que-mais-crescem-e-as-com-declinio-mais-rapido-veja-lista\/","url_meta":{"origin":86979,"position":5},"title":"Quais as profiss\u00f5es que mais crescem e as com decl\u00ednio mais r\u00e1pido? Veja lista","author":"ismaelcolosi.com.br","date":"9 de January de 2025","format":false,"excerpt":"Da reda\u00e7\u00e3oi Da reda\u00e7\u00e3o 08\/01\/2025 - 19:49 O estudo do \u201cFuturo do Trabalho\u201d, publicado pelo F\u00f3rum Econ\u00f4mico Mundial (WEF), em parceria com o N\u00facleo de Inova\u00e7\u00e3o, Intelig\u00eancia Artificial e Tecnologias Digitais da Funda\u00e7\u00e3o Dom Cabral (FDC), examinou as macrotend\u00eancias que impactam os empregos, as habilidades necess\u00e1rias e as estrat\u00e9gias que\u2026","rel":"","context":"In &quot;Empregos - Classificados&quot;","block_context":{"text":"Empregos - Classificados","link":"https:\/\/ismaelcolosi.com.br\/index.php\/category\/empregos-classificados-vagas-trabalho\/"},"img":{"alt_text":"","src":"https:\/\/i0.wp.com\/ismaelcolosi.com.br\/wp-content\/uploads\/2025\/01\/trabalhadoria.jpg?fit=900%2C600&ssl=1&resize=350%2C200","width":350,"height":200,"srcset":"https:\/\/i0.wp.com\/ismaelcolosi.com.br\/wp-content\/uploads\/2025\/01\/trabalhadoria.jpg?fit=900%2C600&ssl=1&resize=350%2C200 1x, https:\/\/i0.wp.com\/ismaelcolosi.com.br\/wp-content\/uploads\/2025\/01\/trabalhadoria.jpg?fit=900%2C600&ssl=1&resize=525%2C300 1.5x, https:\/\/i0.wp.com\/ismaelcolosi.com.br\/wp-content\/uploads\/2025\/01\/trabalhadoria.jpg?fit=900%2C600&ssl=1&resize=700%2C400 2x"},"classes":[]}],"jetpack_sharing_enabled":true,"jetpack_shortlink":"https:\/\/wp.me\/pfMlyK-mCT","_links":{"self":[{"href":"https:\/\/ismaelcolosi.com.br\/index.php\/wp-json\/wp\/v2\/posts\/86979","targetHints":{"allow":["GET"]}}],"collection":[{"href":"https:\/\/ismaelcolosi.com.br\/index.php\/wp-json\/wp\/v2\/posts"}],"about":[{"href":"https:\/\/ismaelcolosi.com.br\/index.php\/wp-json\/wp\/v2\/types\/post"}],"author":[{"embeddable":true,"href":"https:\/\/ismaelcolosi.com.br\/index.php\/wp-json\/wp\/v2\/users\/1"}],"replies":[{"embeddable":true,"href":"https:\/\/ismaelcolosi.com.br\/index.php\/wp-json\/wp\/v2\/comments?post=86979"}],"version-history":[{"count":0,"href":"https:\/\/ismaelcolosi.com.br\/index.php\/wp-json\/wp\/v2\/posts\/86979\/revisions"}],"wp:featuredmedia":[{"embeddable":true,"href":"https:\/\/ismaelcolosi.com.br\/index.php\/wp-json\/wp\/v2\/media\/86980"}],"wp:attachment":[{"href":"https:\/\/ismaelcolosi.com.br\/index.php\/wp-json\/wp\/v2\/media?parent=86979"}],"wp:term":[{"taxonomy":"category","embeddable":true,"href":"https:\/\/ismaelcolosi.com.br\/index.php\/wp-json\/wp\/v2\/categories?post=86979"},{"taxonomy":"post_tag","embeddable":true,"href":"https:\/\/ismaelcolosi.com.br\/index.php\/wp-json\/wp\/v2\/tags?post=86979"}],"curies":[{"name":"wp","href":"https:\/\/api.w.org\/{rel}","templated":true}]}}