{"id":86953,"date":"2025-08-07T14:23:02","date_gmt":"2025-08-07T17:23:02","guid":{"rendered":"https:\/\/ismaelcolosi.com.br\/index.php\/2025\/08\/07\/analista-de-recursos-humanos\/"},"modified":"2025-08-07T14:23:02","modified_gmt":"2025-08-07T17:23:02","slug":"analista-de-recursos-humanos","status":"publish","type":"post","link":"https:\/\/ismaelcolosi.com.br\/index.php\/2025\/08\/07\/analista-de-recursos-humanos\/","title":{"rendered":"Analista de Recursos Humanos"},"content":{"rendered":"<div class=\"cGWabE\">\n<div role=\"listitem\" class=\"T7n0L6\">\n<div id=\"comp-lp0groo2__4f728d5c-ebd6-4c76-9899-9974a5355005\" class=\"comp-lp0groo2 YzqVVZ wixui-repeater__item\">\n<div id=\"bgLayers_comp-lp0groo2__4f728d5c-ebd6-4c76-9899-9974a5355005\" data-hook=\"bgLayers\" data-motion-part=\"BG_LAYER comp-lp0groo2__4f728d5c-ebd6-4c76-9899-9974a5355005\" class=\"MW5IWV\">\n<div data-testid=\"colorUnderlay\" class=\"LWbAav Kv1aVt\"><\/div>\n<div id=\"bgMedia_comp-lp0groo2__4f728d5c-ebd6-4c76-9899-9974a5355005\" data-motion-part=\"BG_MEDIA comp-lp0groo2__4f728d5c-ebd6-4c76-9899-9974a5355005\" class=\"VgO9Yg\"><\/div>\n<\/div>\n<div data-mesh-id=\"comp-lp0groo2__4f728d5c-ebd6-4c76-9899-9974a5355005inlineContent\" data-testid=\"inline-content\" class=\"\">\n<div data-mesh-id=\"comp-lp0groo2__4f728d5c-ebd6-4c76-9899-9974a5355005inlineContent-gridContainer\" data-testid=\"mesh-container-content\">\n<div id=\"comp-lp0groo92__4f728d5c-ebd6-4c76-9899-9974a5355005\" class=\"Z_l5lU MMl86N zQ9jDz qvSjx3 Vq6kJx comp-lp0groo92 wixui-rich-text\" data-testid=\"richTextElement\">\n<h2 class=\"font_2 wixui-rich-text__text\" style=\"font-size:26px; line-height:1.6em;\"><span style=\"font-size:26px;\" class=\"wixui-rich-text__text\">Gerente de Secretaria Acad\u00eamica <\/span><\/h2>\n<\/div>\n<div id=\"comp-lp0grood2__4f728d5c-ebd6-4c76-9899-9974a5355005\" class=\"Z_l5lU MMl86N zQ9jDz qvSjx3 Vq6kJx comp-lp0grood2 wixui-rich-text\" data-testid=\"richTextElement\">\n<p class=\"font_8 wixui-rich-text__text\" style=\"font-size:16px; line-height:1.6em;\"><span style=\"font-size:16px;\" class=\"wixui-rich-text__text\">Ribeir\u00e3o Preto\/SP<\/span><\/p>\n<\/div>\n<div class=\"comp-lp0grooh1 FubTgk\" id=\"comp-lp0grooh1__4f728d5c-ebd6-4c76-9899-9974a5355005\" aria-disabled=\"false\"><a data-testid=\"linkElement\" href=\"https:\/\/www.corporaterh.com.br\/jobs\/gerente-de-secretaria-acad%C3%AAmica-\" target=\"_self\" class=\"uDW_Qe wixui-button PlZyDq\" aria-disabled=\"false\" aria-label=\"View Job\"><span class=\"l7_2fn wixui-button__label\">View Job<\/span><\/a><\/div>\n<\/div>\n<\/div>\n<\/div>\n<\/div>\n<div role=\"listitem\" class=\"T7n0L6\">\n<div id=\"comp-lp0groo2__d85c6fbb-7a17-4185-a28c-3f9eecdcf6d8\" class=\"comp-lp0groo2 YzqVVZ wixui-repeater__item\">\n<div id=\"bgLayers_comp-lp0groo2__d85c6fbb-7a17-4185-a28c-3f9eecdcf6d8\" data-hook=\"bgLayers\" data-motion-part=\"BG_LAYER comp-lp0groo2__d85c6fbb-7a17-4185-a28c-3f9eecdcf6d8\" class=\"MW5IWV\">\n<div data-testid=\"colorUnderlay\" class=\"LWbAav Kv1aVt\"><\/div>\n<div id=\"bgMedia_comp-lp0groo2__d85c6fbb-7a17-4185-a28c-3f9eecdcf6d8\" data-motion-part=\"BG_MEDIA comp-lp0groo2__d85c6fbb-7a17-4185-a28c-3f9eecdcf6d8\" class=\"VgO9Yg\"><\/div>\n<\/div>\n<div data-mesh-id=\"comp-lp0groo2__d85c6fbb-7a17-4185-a28c-3f9eecdcf6d8inlineContent\" data-testid=\"inline-content\" class=\"\">\n<div data-mesh-id=\"comp-lp0groo2__d85c6fbb-7a17-4185-a28c-3f9eecdcf6d8inlineContent-gridContainer\" data-testid=\"mesh-container-content\">\n<div id=\"comp-lp0groo92__d85c6fbb-7a17-4185-a28c-3f9eecdcf6d8\" class=\"Z_l5lU MMl86N zQ9jDz qvSjx3 Vq6kJx comp-lp0groo92 wixui-rich-text\" data-testid=\"richTextElement\">\n<h2 class=\"font_2 wixui-rich-text__text\" style=\"font-size:26px; line-height:1.6em;\"><span style=\"font-size:26px;\" class=\"wixui-rich-text__text\">Analista de Recursos Humanos <\/span><\/h2>\n<\/div>\n<div id=\"comp-lp0grood2__d85c6fbb-7a17-4185-a28c-3f9eecdcf6d8\" class=\"Z_l5lU MMl86N zQ9jDz qvSjx3 Vq6kJx comp-lp0grood2 wixui-rich-text\" data-testid=\"richTextElement\">\n<p class=\"font_8 wixui-rich-text__text\" style=\"font-size:16px; line-height:1.6em;\"><span style=\"font-size:16px;\" class=\"wixui-rich-text__text\">Ribeir\u00e3o Preto\/SP<\/span><\/p>\n<\/div>\n<div class=\"comp-lp0grooh1 FubTgk\" id=\"comp-lp0grooh1__d85c6fbb-7a17-4185-a28c-3f9eecdcf6d8\" aria-disabled=\"false\"><a data-testid=\"linkElement\" href=\"https:\/\/www.corporaterh.com.br\/jobs\/analista-de-recursos-humanos-\" target=\"_self\" class=\"uDW_Qe wixui-button PlZyDq\" aria-disabled=\"false\" aria-label=\"View Job\"><span class=\"l7_2fn wixui-button__label\">View Job<\/span><\/a><\/div>\n<\/div>\n<\/div>\n<\/div>\n<\/div>\n<div role=\"listitem\" class=\"T7n0L6\">\n<div id=\"comp-lp0groo2__e04a07c6-fd81-4f16-969e-2d5ce894c619\" class=\"comp-lp0groo2 YzqVVZ wixui-repeater__item\">\n<div id=\"bgLayers_comp-lp0groo2__e04a07c6-fd81-4f16-969e-2d5ce894c619\" data-hook=\"bgLayers\" data-motion-part=\"BG_LAYER comp-lp0groo2__e04a07c6-fd81-4f16-969e-2d5ce894c619\" class=\"MW5IWV\">\n<div data-testid=\"colorUnderlay\" class=\"LWbAav Kv1aVt\"><\/div>\n<div id=\"bgMedia_comp-lp0groo2__e04a07c6-fd81-4f16-969e-2d5ce894c619\" data-motion-part=\"BG_MEDIA comp-lp0groo2__e04a07c6-fd81-4f16-969e-2d5ce894c619\" class=\"VgO9Yg\"><\/div>\n<\/div>\n<div data-mesh-id=\"comp-lp0groo2__e04a07c6-fd81-4f16-969e-2d5ce894c619inlineContent\" data-testid=\"inline-content\" class=\"\">\n<div data-mesh-id=\"comp-lp0groo2__e04a07c6-fd81-4f16-969e-2d5ce894c619inlineContent-gridContainer\" data-testid=\"mesh-container-content\">\n<div id=\"comp-lp0groo92__e04a07c6-fd81-4f16-969e-2d5ce894c619\" class=\"Z_l5lU MMl86N zQ9jDz qvSjx3 Vq6kJx comp-lp0groo92 wixui-rich-text\" data-testid=\"richTextElement\">\n<h2 class=\"font_2 wixui-rich-text__text\" style=\"font-size:26px; line-height:1.6em;\"><span style=\"font-size:26px;\" class=\"wixui-rich-text__text\">Gerente de Condom\u00ednio (gest\u00e3o estrat\u00e9gica)<\/span><\/h2>\n<\/div>\n<div id=\"comp-lp0grood2__e04a07c6-fd81-4f16-969e-2d5ce894c619\" class=\"Z_l5lU MMl86N zQ9jDz qvSjx3 Vq6kJx comp-lp0grood2 wixui-rich-text\" data-testid=\"richTextElement\">\n<p class=\"font_8 wixui-rich-text__text\" style=\"font-size:16px; line-height:1.6em;\"><span style=\"font-size:16px;\" class=\"wixui-rich-text__text\">Ribeir\u00e3o Preto\/SP<\/span><\/p>\n<\/div>\n<div class=\"comp-lp0grooh1 FubTgk\" id=\"comp-lp0grooh1__e04a07c6-fd81-4f16-969e-2d5ce894c619\" aria-disabled=\"false\"><a data-testid=\"linkElement\" href=\"https:\/\/www.corporaterh.com.br\/jobs\/gerente-de-condom%C3%ADnio-(gest%C3%A3o-estrat%C3%A9gica)\" target=\"_self\" class=\"uDW_Qe wixui-button PlZyDq\" aria-disabled=\"false\" aria-label=\"View Job\"><span class=\"l7_2fn wixui-button__label\">View Job<\/span><\/a><\/div>\n<\/div>\n<\/div>\n<\/div>\n<\/div>\n<div role=\"listitem\" class=\"T7n0L6\">\n<div id=\"comp-lp0groo2__4d99b6f5-0b6c-421a-b1b9-abb51bcff905\" class=\"comp-lp0groo2 YzqVVZ wixui-repeater__item\">\n<div id=\"bgLayers_comp-lp0groo2__4d99b6f5-0b6c-421a-b1b9-abb51bcff905\" data-hook=\"bgLayers\" data-motion-part=\"BG_LAYER comp-lp0groo2__4d99b6f5-0b6c-421a-b1b9-abb51bcff905\" class=\"MW5IWV\">\n<div data-testid=\"colorUnderlay\" class=\"LWbAav Kv1aVt\"><\/div>\n<div id=\"bgMedia_comp-lp0groo2__4d99b6f5-0b6c-421a-b1b9-abb51bcff905\" data-motion-part=\"BG_MEDIA comp-lp0groo2__4d99b6f5-0b6c-421a-b1b9-abb51bcff905\" class=\"VgO9Yg\"><\/div>\n<\/div>\n<div data-mesh-id=\"comp-lp0groo2__4d99b6f5-0b6c-421a-b1b9-abb51bcff905inlineContent\" data-testid=\"inline-content\" class=\"\">\n<div data-mesh-id=\"comp-lp0groo2__4d99b6f5-0b6c-421a-b1b9-abb51bcff905inlineContent-gridContainer\" data-testid=\"mesh-container-content\">\n<div id=\"comp-lp0groo92__4d99b6f5-0b6c-421a-b1b9-abb51bcff905\" class=\"Z_l5lU MMl86N zQ9jDz qvSjx3 Vq6kJx comp-lp0groo92 wixui-rich-text\" data-testid=\"richTextElement\">\n<h2 class=\"font_2 wixui-rich-text__text\" style=\"font-size:26px; line-height:1.6em;\"><span style=\"font-size:26px;\" class=\"wixui-rich-text__text\">Diretor de Intelig\u00eancia de Mercado (perfil estrat\u00e9gico)<\/span><\/h2>\n<\/div>\n<div id=\"comp-lp0grood2__4d99b6f5-0b6c-421a-b1b9-abb51bcff905\" class=\"Z_l5lU MMl86N zQ9jDz qvSjx3 Vq6kJx comp-lp0grood2 wixui-rich-text\" data-testid=\"richTextElement\">\n<p class=\"font_8 wixui-rich-text__text\" style=\"font-size:16px; line-height:1.6em;\"><span style=\"font-size:16px;\" class=\"wixui-rich-text__text\">Regi\u00e3o de Campinas\/SP<\/span><\/p>\n<\/div>\n<div class=\"comp-lp0grooh1 FubTgk\" id=\"comp-lp0grooh1__4d99b6f5-0b6c-421a-b1b9-abb51bcff905\" aria-disabled=\"false\"><a data-testid=\"linkElement\" href=\"https:\/\/www.corporaterh.com.br\/jobs\/diretor-de-intelig%C3%AAncia-de-mercado-(perfil-estrat%C3%A9gico)\" target=\"_self\" class=\"uDW_Qe wixui-button PlZyDq\" aria-disabled=\"false\" aria-label=\"View Job\"><span class=\"l7_2fn wixui-button__label\">View Job<\/span><\/a><\/div>\n<\/div>\n<\/div>\n<\/div>\n<\/div>\n<div role=\"listitem\" class=\"T7n0L6\">\n<div id=\"comp-lp0groo2__62560710-0e3c-4f3c-a13d-674308becc6d\" class=\"comp-lp0groo2 YzqVVZ wixui-repeater__item\">\n<div id=\"bgLayers_comp-lp0groo2__62560710-0e3c-4f3c-a13d-674308becc6d\" data-hook=\"bgLayers\" data-motion-part=\"BG_LAYER comp-lp0groo2__62560710-0e3c-4f3c-a13d-674308becc6d\" class=\"MW5IWV\">\n<div data-testid=\"colorUnderlay\" class=\"LWbAav Kv1aVt\"><\/div>\n<div id=\"bgMedia_comp-lp0groo2__62560710-0e3c-4f3c-a13d-674308becc6d\" data-motion-part=\"BG_MEDIA comp-lp0groo2__62560710-0e3c-4f3c-a13d-674308becc6d\" class=\"VgO9Yg\"><\/div>\n<\/div>\n<div data-mesh-id=\"comp-lp0groo2__62560710-0e3c-4f3c-a13d-674308becc6dinlineContent\" data-testid=\"inline-content\" class=\"\">\n<div data-mesh-id=\"comp-lp0groo2__62560710-0e3c-4f3c-a13d-674308becc6dinlineContent-gridContainer\" data-testid=\"mesh-container-content\">\n<div id=\"comp-lp0groo92__62560710-0e3c-4f3c-a13d-674308becc6d\" class=\"Z_l5lU MMl86N zQ9jDz qvSjx3 Vq6kJx comp-lp0groo92 wixui-rich-text\" data-testid=\"richTextElement\">\n<h2 class=\"font_2 wixui-rich-text__text\" style=\"font-size:26px; line-height:1.6em;\"><span style=\"font-size:26px;\" class=\"wixui-rich-text__text\">Gerente de Hotel &#8211; Atibaia\/SP<\/span><\/h2>\n<\/div>\n<div id=\"comp-lp0grood2__62560710-0e3c-4f3c-a13d-674308becc6d\" class=\"Z_l5lU MMl86N zQ9jDz qvSjx3 Vq6kJx comp-lp0grood2 wixui-rich-text\" data-testid=\"richTextElement\">\n<p class=\"font_8 wixui-rich-text__text\" style=\"font-size:16px; line-height:1.6em;\"><span style=\"font-size:16px;\" class=\"wixui-rich-text__text\">Atibaia\/SP<\/span><\/p>\n<\/div>\n<div class=\"comp-lp0grooh1 FubTgk\" id=\"comp-lp0grooh1__62560710-0e3c-4f3c-a13d-674308becc6d\" aria-disabled=\"false\"><a data-testid=\"linkElement\" href=\"https:\/\/www.corporaterh.com.br\/jobs\/gerente-de-hotel---atibaia%2Fsp\" target=\"_self\" class=\"uDW_Qe wixui-button PlZyDq\" aria-disabled=\"false\" aria-label=\"View Job\"><span class=\"l7_2fn wixui-button__label\">View Job<\/span><\/a><\/div>\n<\/div>\n<\/div>\n<\/div>\n<\/div>\n<div role=\"listitem\" class=\"T7n0L6\">\n<div id=\"comp-lp0groo2__cb32fa82-78da-47b6-ad8d-b2025e351600\" class=\"comp-lp0groo2 YzqVVZ wixui-repeater__item\">\n<div id=\"bgLayers_comp-lp0groo2__cb32fa82-78da-47b6-ad8d-b2025e351600\" data-hook=\"bgLayers\" data-motion-part=\"BG_LAYER comp-lp0groo2__cb32fa82-78da-47b6-ad8d-b2025e351600\" class=\"MW5IWV\">\n<div data-testid=\"colorUnderlay\" class=\"LWbAav Kv1aVt\"><\/div>\n<div id=\"bgMedia_comp-lp0groo2__cb32fa82-78da-47b6-ad8d-b2025e351600\" data-motion-part=\"BG_MEDIA comp-lp0groo2__cb32fa82-78da-47b6-ad8d-b2025e351600\" class=\"VgO9Yg\"><\/div>\n<\/div>\n<div data-mesh-id=\"comp-lp0groo2__cb32fa82-78da-47b6-ad8d-b2025e351600inlineContent\" data-testid=\"inline-content\" class=\"\">\n<div data-mesh-id=\"comp-lp0groo2__cb32fa82-78da-47b6-ad8d-b2025e351600inlineContent-gridContainer\" data-testid=\"mesh-container-content\">\n<div id=\"comp-lp0groo92__cb32fa82-78da-47b6-ad8d-b2025e351600\" class=\"Z_l5lU MMl86N zQ9jDz qvSjx3 Vq6kJx comp-lp0groo92 wixui-rich-text\" data-testid=\"richTextElement\">\n<h2 class=\"font_2 wixui-rich-text__text\" style=\"font-size:26px; line-height:1.6em;\"><span style=\"font-size:26px;\" class=\"wixui-rich-text__text\">Gerente de Hotel &#8211; Campinas\/SP<\/span><\/h2>\n<\/div>\n<div id=\"comp-lp0grood2__cb32fa82-78da-47b6-ad8d-b2025e351600\" class=\"Z_l5lU MMl86N zQ9jDz qvSjx3 Vq6kJx comp-lp0grood2 wixui-rich-text\" data-testid=\"richTextElement\">\n<p class=\"font_8 wixui-rich-text__text\" style=\"font-size:16px; line-height:1.6em;\"><span style=\"font-size:16px;\" class=\"wixui-rich-text__text\">Campinas\/SP<\/span><\/p>\n<\/div>\n<div class=\"comp-lp0grooh1 FubTgk\" id=\"comp-lp0grooh1__cb32fa82-78da-47b6-ad8d-b2025e351600\" aria-disabled=\"false\"><a data-testid=\"linkElement\" href=\"https:\/\/www.corporaterh.com.br\/jobs\/gerente-de-hotel---campinas%2Fsp\" target=\"_self\" class=\"uDW_Qe wixui-button PlZyDq\" aria-disabled=\"false\" aria-label=\"View Job\"><span class=\"l7_2fn wixui-button__label\">View Job<\/span><\/a><\/div>\n<\/div>\n<\/div>\n<\/div>\n<\/div>\n<div role=\"listitem\" class=\"T7n0L6\">\n<div id=\"comp-lp0groo2__2eba1eac-da62-47d8-a336-ca9357570b2e\" class=\"comp-lp0groo2 YzqVVZ wixui-repeater__item\">\n<div id=\"bgLayers_comp-lp0groo2__2eba1eac-da62-47d8-a336-ca9357570b2e\" data-hook=\"bgLayers\" data-motion-part=\"BG_LAYER comp-lp0groo2__2eba1eac-da62-47d8-a336-ca9357570b2e\" class=\"MW5IWV\">\n<div data-testid=\"colorUnderlay\" class=\"LWbAav Kv1aVt\"><\/div>\n<div id=\"bgMedia_comp-lp0groo2__2eba1eac-da62-47d8-a336-ca9357570b2e\" data-motion-part=\"BG_MEDIA comp-lp0groo2__2eba1eac-da62-47d8-a336-ca9357570b2e\" class=\"VgO9Yg\"><\/div>\n<\/div>\n<div data-mesh-id=\"comp-lp0groo2__2eba1eac-da62-47d8-a336-ca9357570b2einlineContent\" data-testid=\"inline-content\" class=\"\">\n<div data-mesh-id=\"comp-lp0groo2__2eba1eac-da62-47d8-a336-ca9357570b2einlineContent-gridContainer\" data-testid=\"mesh-container-content\">\n<div id=\"comp-lp0groo92__2eba1eac-da62-47d8-a336-ca9357570b2e\" class=\"Z_l5lU MMl86N zQ9jDz qvSjx3 Vq6kJx comp-lp0groo92 wixui-rich-text\" data-testid=\"richTextElement\">\n<h2 class=\"font_2 wixui-rich-text__text\" style=\"font-size:26px; line-height:1.6em;\"><span style=\"font-size:26px;\" class=\"wixui-rich-text__text\">Gerente de Hotel \u2013 regi\u00e3o do ABC\/SP<\/span><\/h2>\n<\/div>\n<div id=\"comp-lp0grood2__2eba1eac-da62-47d8-a336-ca9357570b2e\" class=\"Z_l5lU MMl86N zQ9jDz qvSjx3 Vq6kJx comp-lp0grood2 wixui-rich-text\" data-testid=\"richTextElement\">\n<p class=\"font_8 wixui-rich-text__text\" style=\"font-size:16px; line-height:1.6em;\"><span style=\"font-size:16px;\" class=\"wixui-rich-text__text\">Regi\u00e3o do ABC\/SP<\/span><\/p>\n<\/div>\n<div class=\"comp-lp0grooh1 FubTgk\" id=\"comp-lp0grooh1__2eba1eac-da62-47d8-a336-ca9357570b2e\" aria-disabled=\"false\"><a data-testid=\"linkElement\" href=\"https:\/\/www.corporaterh.com.br\/jobs\/gerente-de-hotel-%E2%80%93-regi%C3%A3o-do-abc%2Fsp\" target=\"_self\" class=\"uDW_Qe wixui-button PlZyDq\" aria-disabled=\"false\" aria-label=\"View Job\"><span class=\"l7_2fn wixui-button__label\">View Job<\/span><\/a><\/div>\n<\/div>\n<\/div>\n<\/div>\n<\/div>\n<div role=\"listitem\" class=\"T7n0L6\">\n<div id=\"comp-lp0groo2__7c44feba-8907-485e-be6e-0ddb45f783d8\" class=\"comp-lp0groo2 YzqVVZ wixui-repeater__item\">\n<div id=\"bgLayers_comp-lp0groo2__7c44feba-8907-485e-be6e-0ddb45f783d8\" data-hook=\"bgLayers\" data-motion-part=\"BG_LAYER comp-lp0groo2__7c44feba-8907-485e-be6e-0ddb45f783d8\" class=\"MW5IWV\">\n<div data-testid=\"colorUnderlay\" class=\"LWbAav Kv1aVt\"><\/div>\n<div id=\"bgMedia_comp-lp0groo2__7c44feba-8907-485e-be6e-0ddb45f783d8\" data-motion-part=\"BG_MEDIA comp-lp0groo2__7c44feba-8907-485e-be6e-0ddb45f783d8\" class=\"VgO9Yg\"><\/div>\n<\/div>\n<div data-mesh-id=\"comp-lp0groo2__7c44feba-8907-485e-be6e-0ddb45f783d8inlineContent\" data-testid=\"inline-content\" class=\"\">\n<div data-mesh-id=\"comp-lp0groo2__7c44feba-8907-485e-be6e-0ddb45f783d8inlineContent-gridContainer\" data-testid=\"mesh-container-content\">\n<div id=\"comp-lp0groo92__7c44feba-8907-485e-be6e-0ddb45f783d8\" class=\"Z_l5lU MMl86N zQ9jDz qvSjx3 Vq6kJx comp-lp0groo92 wixui-rich-text\" data-testid=\"richTextElement\">\n<h2 class=\"font_2 wixui-rich-text__text\" style=\"font-size:26px; line-height:1.6em;\"><span style=\"font-size:26px;\" class=\"wixui-rich-text__text\">Gerente de Hotel \u2013 S\u00e3o Paulo\/SP<\/span><\/h2>\n<\/div>\n<div id=\"comp-lp0grood2__7c44feba-8907-485e-be6e-0ddb45f783d8\" class=\"Z_l5lU MMl86N zQ9jDz qvSjx3 Vq6kJx comp-lp0grood2 wixui-rich-text\" data-testid=\"richTextElement\">\n<p class=\"font_8 wixui-rich-text__text\" style=\"font-size:16px; line-height:1.6em;\"><span style=\"font-size:16px;\" class=\"wixui-rich-text__text\">S\u00e3o Paulo\/SP<\/span><\/p>\n<\/div>\n<div class=\"comp-lp0grooh1 FubTgk\" id=\"comp-lp0grooh1__7c44feba-8907-485e-be6e-0ddb45f783d8\" aria-disabled=\"false\"><a data-testid=\"linkElement\" href=\"https:\/\/www.corporaterh.com.br\/jobs\/gerente-de-hotel-%E2%80%93-s%C3%A3o-paulo%2Fsp\" target=\"_self\" class=\"uDW_Qe wixui-button PlZyDq\" aria-disabled=\"false\" aria-label=\"View Job\"><span class=\"l7_2fn wixui-button__label\">View Job<\/span><\/a><\/div>\n<\/div>\n<\/div>\n<\/div>\n<\/div>\n<div role=\"listitem\" class=\"T7n0L6\">\n<div id=\"comp-lp0groo2__688a6bd2-8e34-4bc5-8fe5-19c4fac8cc12\" class=\"comp-lp0groo2 YzqVVZ wixui-repeater__item\">\n<div id=\"bgLayers_comp-lp0groo2__688a6bd2-8e34-4bc5-8fe5-19c4fac8cc12\" data-hook=\"bgLayers\" data-motion-part=\"BG_LAYER comp-lp0groo2__688a6bd2-8e34-4bc5-8fe5-19c4fac8cc12\" class=\"MW5IWV\">\n<div data-testid=\"colorUnderlay\" class=\"LWbAav Kv1aVt\"><\/div>\n<div id=\"bgMedia_comp-lp0groo2__688a6bd2-8e34-4bc5-8fe5-19c4fac8cc12\" data-motion-part=\"BG_MEDIA comp-lp0groo2__688a6bd2-8e34-4bc5-8fe5-19c4fac8cc12\" class=\"VgO9Yg\"><\/div>\n<\/div>\n<div data-mesh-id=\"comp-lp0groo2__688a6bd2-8e34-4bc5-8fe5-19c4fac8cc12inlineContent\" data-testid=\"inline-content\" class=\"\">\n<div data-mesh-id=\"comp-lp0groo2__688a6bd2-8e34-4bc5-8fe5-19c4fac8cc12inlineContent-gridContainer\" data-testid=\"mesh-container-content\">\n<div id=\"comp-lp0groo92__688a6bd2-8e34-4bc5-8fe5-19c4fac8cc12\" class=\"Z_l5lU MMl86N zQ9jDz qvSjx3 Vq6kJx comp-lp0groo92 wixui-rich-text\" data-testid=\"richTextElement\">\n<h2 class=\"font_2 wixui-rich-text__text\" style=\"font-size:26px; line-height:1.6em;\"><span style=\"font-size:26px;\" class=\"wixui-rich-text__text\">Advogada Tribut\u00e1ria<\/span><\/h2>\n<\/div>\n<div id=\"comp-lp0grood2__688a6bd2-8e34-4bc5-8fe5-19c4fac8cc12\" class=\"Z_l5lU MMl86N zQ9jDz qvSjx3 Vq6kJx comp-lp0grood2 wixui-rich-text\" data-testid=\"richTextElement\">\n<p class=\"font_8 wixui-rich-text__text\" style=\"font-size:16px; line-height:1.6em;\"><span style=\"font-size:16px;\" class=\"wixui-rich-text__text\">Ribeir\u00e3o Preto\/SP<\/span><\/p>\n<\/div>\n<div class=\"comp-lp0grooh1 FubTgk\" id=\"comp-lp0grooh1__688a6bd2-8e34-4bc5-8fe5-19c4fac8cc12\" aria-disabled=\"false\"><a data-testid=\"linkElement\" href=\"https:\/\/www.corporaterh.com.br\/jobs\/advogado(a)-tribut%C3%A1rio\" target=\"_self\" class=\"uDW_Qe wixui-button PlZyDq\" aria-disabled=\"false\" aria-label=\"View Job\"><span class=\"l7_2fn wixui-button__label\">View Job<\/span><\/a><\/div>\n<\/div>\n<\/div>\n<\/div>\n<\/div>\n<div role=\"listitem\" class=\"T7n0L6\">\n<div id=\"comp-lp0groo2__9085c1b9-fec5-4d59-9ca0-f770b366e763\" class=\"comp-lp0groo2 YzqVVZ wixui-repeater__item\">\n<div id=\"bgLayers_comp-lp0groo2__9085c1b9-fec5-4d59-9ca0-f770b366e763\" data-hook=\"bgLayers\" data-motion-part=\"BG_LAYER comp-lp0groo2__9085c1b9-fec5-4d59-9ca0-f770b366e763\" class=\"MW5IWV\">\n<div data-testid=\"colorUnderlay\" class=\"LWbAav Kv1aVt\"><\/div>\n<div id=\"bgMedia_comp-lp0groo2__9085c1b9-fec5-4d59-9ca0-f770b366e763\" data-motion-part=\"BG_MEDIA comp-lp0groo2__9085c1b9-fec5-4d59-9ca0-f770b366e763\" class=\"VgO9Yg\"><\/div>\n<\/div>\n<div data-mesh-id=\"comp-lp0groo2__9085c1b9-fec5-4d59-9ca0-f770b366e763inlineContent\" data-testid=\"inline-content\" class=\"\">\n<div data-mesh-id=\"comp-lp0groo2__9085c1b9-fec5-4d59-9ca0-f770b366e763inlineContent-gridContainer\" data-testid=\"mesh-container-content\">\n<div id=\"comp-lp0groo92__9085c1b9-fec5-4d59-9ca0-f770b366e763\" class=\"Z_l5lU MMl86N zQ9jDz qvSjx3 Vq6kJx comp-lp0groo92 wixui-rich-text\" data-testid=\"richTextElement\">\n<h2 class=\"font_2 wixui-rich-text__text\" style=\"font-size:26px; line-height:1.6em;\"><span style=\"font-size:26px;\" class=\"wixui-rich-text__text\">Gerente Comercial (ramo hoteleiro) <\/span><\/h2>\n<\/div>\n<div id=\"comp-lp0grood2__9085c1b9-fec5-4d59-9ca0-f770b366e763\" class=\"Z_l5lU MMl86N zQ9jDz qvSjx3 Vq6kJx comp-lp0grood2 wixui-rich-text\" data-testid=\"richTextElement\">\n<p class=\"font_8 wixui-rich-text__text\" style=\"font-size:16px; line-height:1.6em;\"><span style=\"font-size:16px;\" class=\"wixui-rich-text__text\">S\u00e3o Paulo\/SP<\/span><\/p>\n<\/div>\n<div class=\"comp-lp0grooh1 FubTgk\" id=\"comp-lp0grooh1__9085c1b9-fec5-4d59-9ca0-f770b366e763\" aria-disabled=\"false\"><a data-testid=\"linkElement\" href=\"https:\/\/www.corporaterh.com.br\/jobs\/gerente-comercial-(ramo-hoteleiro)-\" target=\"_self\" class=\"uDW_Qe wixui-button PlZyDq\" aria-disabled=\"false\" aria-label=\"View Job\"><span class=\"l7_2fn wixui-button__label\">View Job<\/span><\/a><\/div>\n<\/div>\n<\/div>\n<\/div>\n<\/div>\n<div role=\"listitem\" class=\"T7n0L6\">\n<div id=\"comp-lp0groo2__ae213066-05f7-4764-b4b9-f37eeadae576\" class=\"comp-lp0groo2 YzqVVZ wixui-repeater__item\">\n<div id=\"bgLayers_comp-lp0groo2__ae213066-05f7-4764-b4b9-f37eeadae576\" data-hook=\"bgLayers\" data-motion-part=\"BG_LAYER comp-lp0groo2__ae213066-05f7-4764-b4b9-f37eeadae576\" class=\"MW5IWV\">\n<div data-testid=\"colorUnderlay\" class=\"LWbAav Kv1aVt\"><\/div>\n<div id=\"bgMedia_comp-lp0groo2__ae213066-05f7-4764-b4b9-f37eeadae576\" data-motion-part=\"BG_MEDIA comp-lp0groo2__ae213066-05f7-4764-b4b9-f37eeadae576\" class=\"VgO9Yg\"><\/div>\n<\/div>\n<div data-mesh-id=\"comp-lp0groo2__ae213066-05f7-4764-b4b9-f37eeadae576inlineContent\" data-testid=\"inline-content\" class=\"\">\n<div data-mesh-id=\"comp-lp0groo2__ae213066-05f7-4764-b4b9-f37eeadae576inlineContent-gridContainer\" data-testid=\"mesh-container-content\">\n<div id=\"comp-lp0groo92__ae213066-05f7-4764-b4b9-f37eeadae576\" class=\"Z_l5lU MMl86N zQ9jDz qvSjx3 Vq6kJx comp-lp0groo92 wixui-rich-text\" data-testid=\"richTextElement\">\n<h2 class=\"font_2 wixui-rich-text__text\" style=\"font-size:26px; line-height:1.6em;\"><span style=\"font-size:26px;\" class=\"wixui-rich-text__text\">Gerente de Esportes e Lazer<\/span><\/h2>\n<\/div>\n<div id=\"comp-lp0grood2__ae213066-05f7-4764-b4b9-f37eeadae576\" class=\"Z_l5lU MMl86N zQ9jDz qvSjx3 Vq6kJx comp-lp0grood2 wixui-rich-text\" data-testid=\"richTextElement\">\n<p class=\"font_8 wixui-rich-text__text\" style=\"font-size:16px; line-height:1.6em;\"><span style=\"font-size:16px;\" class=\"wixui-rich-text__text\">S\u00e3o Paulo\/SP<\/span><\/p>\n<\/div>\n<div class=\"comp-lp0grooh1 FubTgk\" id=\"comp-lp0grooh1__ae213066-05f7-4764-b4b9-f37eeadae576\" aria-disabled=\"false\"><a data-testid=\"linkElement\" href=\"https:\/\/www.corporaterh.com.br\/jobs\/gerente-de-esportes-e-lazer\" target=\"_self\" class=\"uDW_Qe wixui-button PlZyDq\" aria-disabled=\"false\" aria-label=\"View Job\"><span class=\"l7_2fn wixui-button__label\">View Job<\/span><\/a><\/div>\n<\/div>\n<\/div>\n<\/div>\n<\/div>\n<div role=\"listitem\" class=\"T7n0L6\">\n<div id=\"comp-lp0groo2__48d4325c-f502-4b22-a372-de68d4e81bbc\" class=\"comp-lp0groo2 YzqVVZ wixui-repeater__item\">\n<div id=\"bgLayers_comp-lp0groo2__48d4325c-f502-4b22-a372-de68d4e81bbc\" data-hook=\"bgLayers\" data-motion-part=\"BG_LAYER comp-lp0groo2__48d4325c-f502-4b22-a372-de68d4e81bbc\" class=\"MW5IWV\">\n<div data-testid=\"colorUnderlay\" class=\"LWbAav Kv1aVt\"><\/div>\n<div id=\"bgMedia_comp-lp0groo2__48d4325c-f502-4b22-a372-de68d4e81bbc\" data-motion-part=\"BG_MEDIA comp-lp0groo2__48d4325c-f502-4b22-a372-de68d4e81bbc\" class=\"VgO9Yg\"><\/div>\n<\/div>\n<div data-mesh-id=\"comp-lp0groo2__48d4325c-f502-4b22-a372-de68d4e81bbcinlineContent\" data-testid=\"inline-content\" class=\"\">\n<div data-mesh-id=\"comp-lp0groo2__48d4325c-f502-4b22-a372-de68d4e81bbcinlineContent-gridContainer\" data-testid=\"mesh-container-content\">\n<div id=\"comp-lp0groo92__48d4325c-f502-4b22-a372-de68d4e81bbc\" class=\"Z_l5lU MMl86N zQ9jDz qvSjx3 Vq6kJx comp-lp0groo92 wixui-rich-text\" data-testid=\"richTextElement\">\n<h2 class=\"font_2 wixui-rich-text__text\" style=\"font-size:26px; line-height:1.6em;\"><span style=\"font-size:26px;\" class=\"wixui-rich-text__text\">T\u00e9cnico de Manuten\u00e7\u00e3o Mec\u00e2nica<\/span><\/h2>\n<\/div>\n<div id=\"comp-lp0grood2__48d4325c-f502-4b22-a372-de68d4e81bbc\" class=\"Z_l5lU MMl86N zQ9jDz qvSjx3 Vq6kJx comp-lp0grood2 wixui-rich-text\" data-testid=\"richTextElement\">\n<p class=\"font_8 wixui-rich-text__text\" style=\"font-size:16px; line-height:1.6em;\"><span style=\"font-size:16px;\" class=\"wixui-rich-text__text\">Ribeir\u00e3o Preto\/SP<\/span><\/p>\n<\/div>\n<div class=\"comp-lp0grooh1 FubTgk\" id=\"comp-lp0grooh1__48d4325c-f502-4b22-a372-de68d4e81bbc\" aria-disabled=\"false\"><a data-testid=\"linkElement\" href=\"https:\/\/www.corporaterh.com.br\/jobs\/t%C3%A9cnico-de-manuten%C3%A7%C3%A3o-mec%C3%A2nica\" target=\"_self\" class=\"uDW_Qe wixui-button PlZyDq\" aria-disabled=\"false\" aria-label=\"View Job\"><span class=\"l7_2fn wixui-button__label\">View Job<\/span><\/a><\/div>\n<\/div>\n<\/div>\n<\/div>\n<\/div>\n<div role=\"listitem\" class=\"T7n0L6\">\n<div id=\"comp-lp0groo2__6e79989e-25fd-4ac0-9915-3b6907436dfc\" class=\"comp-lp0groo2 YzqVVZ wixui-repeater__item\">\n<div id=\"bgLayers_comp-lp0groo2__6e79989e-25fd-4ac0-9915-3b6907436dfc\" data-hook=\"bgLayers\" data-motion-part=\"BG_LAYER comp-lp0groo2__6e79989e-25fd-4ac0-9915-3b6907436dfc\" class=\"MW5IWV\">\n<div data-testid=\"colorUnderlay\" class=\"LWbAav Kv1aVt\"><\/div>\n<div id=\"bgMedia_comp-lp0groo2__6e79989e-25fd-4ac0-9915-3b6907436dfc\" data-motion-part=\"BG_MEDIA comp-lp0groo2__6e79989e-25fd-4ac0-9915-3b6907436dfc\" class=\"VgO9Yg\"><\/div>\n<\/div>\n<div data-mesh-id=\"comp-lp0groo2__6e79989e-25fd-4ac0-9915-3b6907436dfcinlineContent\" data-testid=\"inline-content\" class=\"\">\n<div data-mesh-id=\"comp-lp0groo2__6e79989e-25fd-4ac0-9915-3b6907436dfcinlineContent-gridContainer\" data-testid=\"mesh-container-content\">\n<div id=\"comp-lp0groo92__6e79989e-25fd-4ac0-9915-3b6907436dfc\" class=\"Z_l5lU MMl86N zQ9jDz qvSjx3 Vq6kJx comp-lp0groo92 wixui-rich-text\" data-testid=\"richTextElement\">\n<h2 class=\"font_2 wixui-rich-text__text\" style=\"font-size:26px; line-height:1.6em;\"><span style=\"font-size:26px;\" class=\"wixui-rich-text__text\">T\u00e9cnico de Manuten\u00e7\u00e3o em Refrigera\u00e7\u00e3o<\/span><\/h2>\n<\/div>\n<div id=\"comp-lp0grood2__6e79989e-25fd-4ac0-9915-3b6907436dfc\" class=\"Z_l5lU MMl86N zQ9jDz qvSjx3 Vq6kJx comp-lp0grood2 wixui-rich-text\" data-testid=\"richTextElement\">\n<p class=\"font_8 wixui-rich-text__text\" style=\"font-size:16px; line-height:1.6em;\"><span style=\"font-size:16px;\" class=\"wixui-rich-text__text\">Ribeir\u00e3o Preto\/SP<\/span><\/p>\n<\/div>\n<div class=\"comp-lp0grooh1 FubTgk\" id=\"comp-lp0grooh1__6e79989e-25fd-4ac0-9915-3b6907436dfc\" aria-disabled=\"false\"><a data-testid=\"linkElement\" href=\"https:\/\/www.corporaterh.com.br\/jobs\/t%C3%A9cnico-de-manuten%C3%A7%C3%A3o-em-refrigera%C3%A7%C3%A3o\" target=\"_self\" class=\"uDW_Qe wixui-button PlZyDq\" aria-disabled=\"false\" aria-label=\"View Job\"><span class=\"l7_2fn wixui-button__label\">View Job<\/span><\/a><\/div>\n<\/div>\n<\/div>\n<\/div>\n<\/div>\n<div role=\"listitem\" class=\"T7n0L6\">\n<div id=\"comp-lp0groo2__744b44e0-0eb7-4479-b6d2-ea606e3c1a69\" class=\"comp-lp0groo2 YzqVVZ wixui-repeater__item\">\n<div id=\"bgLayers_comp-lp0groo2__744b44e0-0eb7-4479-b6d2-ea606e3c1a69\" data-hook=\"bgLayers\" data-motion-part=\"BG_LAYER comp-lp0groo2__744b44e0-0eb7-4479-b6d2-ea606e3c1a69\" class=\"MW5IWV\">\n<div data-testid=\"colorUnderlay\" class=\"LWbAav Kv1aVt\"><\/div>\n<div id=\"bgMedia_comp-lp0groo2__744b44e0-0eb7-4479-b6d2-ea606e3c1a69\" data-motion-part=\"BG_MEDIA comp-lp0groo2__744b44e0-0eb7-4479-b6d2-ea606e3c1a69\" class=\"VgO9Yg\"><\/div>\n<\/div>\n<div data-mesh-id=\"comp-lp0groo2__744b44e0-0eb7-4479-b6d2-ea606e3c1a69inlineContent\" data-testid=\"inline-content\" class=\"\">\n<div data-mesh-id=\"comp-lp0groo2__744b44e0-0eb7-4479-b6d2-ea606e3c1a69inlineContent-gridContainer\" data-testid=\"mesh-container-content\">\n<div id=\"comp-lp0groo92__744b44e0-0eb7-4479-b6d2-ea606e3c1a69\" class=\"Z_l5lU MMl86N zQ9jDz qvSjx3 Vq6kJx comp-lp0groo92 wixui-rich-text\" data-testid=\"richTextElement\">\n<h2 class=\"font_2 wixui-rich-text__text\" style=\"font-size:26px; line-height:1.6em;\"><span style=\"font-size:26px;\" class=\"wixui-rich-text__text\">Coordenador Financeiro<\/span><\/h2>\n<\/div>\n<div id=\"comp-lp0grood2__744b44e0-0eb7-4479-b6d2-ea606e3c1a69\" class=\"Z_l5lU MMl86N zQ9jDz qvSjx3 Vq6kJx comp-lp0grood2 wixui-rich-text\" data-testid=\"richTextElement\">\n<p class=\"font_8 wixui-rich-text__text\" style=\"font-size:16px; line-height:1.6em;\"><span style=\"font-size:16px;\" class=\"wixui-rich-text__text\">Ribeir\u00e3o Preto\/SP<\/span><\/p>\n<\/div>\n<div class=\"comp-lp0grooh1 FubTgk\" id=\"comp-lp0grooh1__744b44e0-0eb7-4479-b6d2-ea606e3c1a69\" aria-disabled=\"false\"><a data-testid=\"linkElement\" href=\"https:\/\/www.corporaterh.com.br\/jobs\/coordenador-financeiro\" target=\"_self\" class=\"uDW_Qe wixui-button PlZyDq\" aria-disabled=\"false\" aria-label=\"View Job\"><span class=\"l7_2fn wixui-button__label\">View Job<\/span><\/a><\/div>\n<\/div>\n<\/div>\n<\/div>\n<\/div>\n<div role=\"listitem\" class=\"T7n0L6\">\n<div id=\"comp-lp0groo2__a537eeab-70a7-47df-b290-a92346cc3f9c\" class=\"comp-lp0groo2 YzqVVZ wixui-repeater__item\">\n<div id=\"bgLayers_comp-lp0groo2__a537eeab-70a7-47df-b290-a92346cc3f9c\" data-hook=\"bgLayers\" data-motion-part=\"BG_LAYER comp-lp0groo2__a537eeab-70a7-47df-b290-a92346cc3f9c\" class=\"MW5IWV\">\n<div data-testid=\"colorUnderlay\" class=\"LWbAav Kv1aVt\"><\/div>\n<div id=\"bgMedia_comp-lp0groo2__a537eeab-70a7-47df-b290-a92346cc3f9c\" data-motion-part=\"BG_MEDIA comp-lp0groo2__a537eeab-70a7-47df-b290-a92346cc3f9c\" class=\"VgO9Yg\"><\/div>\n<\/div>\n<div data-mesh-id=\"comp-lp0groo2__a537eeab-70a7-47df-b290-a92346cc3f9cinlineContent\" data-testid=\"inline-content\" class=\"\">\n<div data-mesh-id=\"comp-lp0groo2__a537eeab-70a7-47df-b290-a92346cc3f9cinlineContent-gridContainer\" data-testid=\"mesh-container-content\">\n<div id=\"comp-lp0groo92__a537eeab-70a7-47df-b290-a92346cc3f9c\" class=\"Z_l5lU MMl86N zQ9jDz qvSjx3 Vq6kJx comp-lp0groo92 wixui-rich-text\" data-testid=\"richTextElement\">\n<h2 class=\"font_2 wixui-rich-text__text\" style=\"font-size:26px; line-height:1.6em;\"><span style=\"font-size:26px;\" class=\"wixui-rich-text__text\">Assistente Comercial<\/span><\/h2>\n<\/div>\n<div id=\"comp-lp0grood2__a537eeab-70a7-47df-b290-a92346cc3f9c\" class=\"Z_l5lU MMl86N zQ9jDz qvSjx3 Vq6kJx comp-lp0grood2 wixui-rich-text\" data-testid=\"richTextElement\">\n<p class=\"font_8 wixui-rich-text__text\" style=\"font-size:16px; line-height:1.6em;\"><span style=\"font-size:16px;\" class=\"wixui-rich-text__text\">Ribeir\u00e3o Preto -SP<\/span><\/p>\n<\/div>\n<div class=\"comp-lp0grooh1 FubTgk\" id=\"comp-lp0grooh1__a537eeab-70a7-47df-b290-a92346cc3f9c\" aria-disabled=\"false\"><a data-testid=\"linkElement\" href=\"https:\/\/www.corporaterh.com.br\/jobs\/assistente-comercial\" target=\"_self\" class=\"uDW_Qe wixui-button PlZyDq\" aria-disabled=\"false\" aria-label=\"View Job\"><span class=\"l7_2fn wixui-button__label\">View Job<\/span><\/a><\/div>\n<\/div>\n<\/div>\n<\/div>\n<\/div>\n<div role=\"listitem\" class=\"T7n0L6\">\n<div id=\"comp-lp0groo2__0cc77c5f-d089-4963-9f15-1f1059c333f9\" class=\"comp-lp0groo2 YzqVVZ wixui-repeater__item\">\n<div id=\"bgLayers_comp-lp0groo2__0cc77c5f-d089-4963-9f15-1f1059c333f9\" data-hook=\"bgLayers\" data-motion-part=\"BG_LAYER comp-lp0groo2__0cc77c5f-d089-4963-9f15-1f1059c333f9\" class=\"MW5IWV\">\n<div data-testid=\"colorUnderlay\" class=\"LWbAav Kv1aVt\"><\/div>\n<div id=\"bgMedia_comp-lp0groo2__0cc77c5f-d089-4963-9f15-1f1059c333f9\" data-motion-part=\"BG_MEDIA comp-lp0groo2__0cc77c5f-d089-4963-9f15-1f1059c333f9\" class=\"VgO9Yg\"><\/div>\n<\/div>\n<div data-mesh-id=\"comp-lp0groo2__0cc77c5f-d089-4963-9f15-1f1059c333f9inlineContent\" data-testid=\"inline-content\" class=\"\">\n<div data-mesh-id=\"comp-lp0groo2__0cc77c5f-d089-4963-9f15-1f1059c333f9inlineContent-gridContainer\" data-testid=\"mesh-container-content\">\n<div id=\"comp-lp0groo92__0cc77c5f-d089-4963-9f15-1f1059c333f9\" class=\"Z_l5lU MMl86N zQ9jDz qvSjx3 Vq6kJx comp-lp0groo92 wixui-rich-text\" data-testid=\"richTextElement\">\n<h2 class=\"font_2 wixui-rich-text__text\" style=\"font-size:26px; line-height:1.6em;\"><span style=\"font-size:26px;\" class=\"wixui-rich-text__text\">Assistente de Recursos Humanos<\/span><\/h2>\n<\/div>\n<div id=\"comp-lp0grood2__0cc77c5f-d089-4963-9f15-1f1059c333f9\" class=\"Z_l5lU MMl86N zQ9jDz qvSjx3 Vq6kJx comp-lp0grood2 wixui-rich-text\" data-testid=\"richTextElement\">\n<p class=\"font_8 wixui-rich-text__text\" style=\"font-size:16px; line-height:1.6em;\"><span style=\"font-size:16px;\" class=\"wixui-rich-text__text\">Ribeir\u00e3o Preto\/SP<\/span><\/p>\n<\/div>\n<div class=\"comp-lp0grooh1 FubTgk\" id=\"comp-lp0grooh1__0cc77c5f-d089-4963-9f15-1f1059c333f9\" aria-disabled=\"false\"><a data-testid=\"linkElement\" href=\"https:\/\/www.corporaterh.com.br\/jobs\/assistente-de-recursos-humanos\" target=\"_self\" class=\"uDW_Qe wixui-button PlZyDq\" aria-disabled=\"false\" aria-label=\"View Job\"><span class=\"l7_2fn wixui-button__label\">View Job<\/span><\/a><\/div>\n<\/div>\n<\/div>\n<\/div>\n<\/div>\n<div role=\"listitem\" class=\"T7n0L6\">\n<div id=\"comp-lp0groo2__f65a7541-68c1-49bb-a898-9cb3b196dd94\" class=\"comp-lp0groo2 YzqVVZ wixui-repeater__item\">\n<div id=\"bgLayers_comp-lp0groo2__f65a7541-68c1-49bb-a898-9cb3b196dd94\" data-hook=\"bgLayers\" data-motion-part=\"BG_LAYER comp-lp0groo2__f65a7541-68c1-49bb-a898-9cb3b196dd94\" class=\"MW5IWV\">\n<div data-testid=\"colorUnderlay\" class=\"LWbAav Kv1aVt\"><\/div>\n<div id=\"bgMedia_comp-lp0groo2__f65a7541-68c1-49bb-a898-9cb3b196dd94\" data-motion-part=\"BG_MEDIA comp-lp0groo2__f65a7541-68c1-49bb-a898-9cb3b196dd94\" class=\"VgO9Yg\"><\/div>\n<\/div>\n<div data-mesh-id=\"comp-lp0groo2__f65a7541-68c1-49bb-a898-9cb3b196dd94inlineContent\" data-testid=\"inline-content\" class=\"\">\n<div data-mesh-id=\"comp-lp0groo2__f65a7541-68c1-49bb-a898-9cb3b196dd94inlineContent-gridContainer\" data-testid=\"mesh-container-content\">\n<div id=\"comp-lp0groo92__f65a7541-68c1-49bb-a898-9cb3b196dd94\" class=\"Z_l5lU MMl86N zQ9jDz qvSjx3 Vq6kJx comp-lp0groo92 wixui-rich-text\" data-testid=\"richTextElement\">\n<h2 class=\"font_2 wixui-rich-text__text\" style=\"font-size:26px; line-height:1.6em;\"><span style=\"font-size:26px;\" class=\"wixui-rich-text__text\">Gerente Regional de Vendas <\/span><\/h2>\n<\/div>\n<div id=\"comp-lp0grood2__f65a7541-68c1-49bb-a898-9cb3b196dd94\" class=\"Z_l5lU MMl86N zQ9jDz qvSjx3 Vq6kJx comp-lp0grood2 wixui-rich-text\" data-testid=\"richTextElement\">\n<p class=\"font_8 wixui-rich-text__text\" style=\"font-size:16px; line-height:1.6em;\"><span style=\"font-size:16px;\" class=\"wixui-rich-text__text\">Ribeir\u00e3o Preto\/SP<\/span><\/p>\n<\/div>\n<div class=\"comp-lp0grooh1 FubTgk\" id=\"comp-lp0grooh1__f65a7541-68c1-49bb-a898-9cb3b196dd94\" aria-disabled=\"false\"><a data-testid=\"linkElement\" href=\"https:\/\/www.corporaterh.com.br\/jobs\/gerente-regional-de-vendas-\" target=\"_self\" class=\"uDW_Qe wixui-button PlZyDq\" aria-disabled=\"false\" aria-label=\"View Job\"><span class=\"l7_2fn wixui-button__label\">View Job<\/span><\/a><\/div>\n<\/div>\n<\/div>\n<\/div>\n<\/div>\n<div role=\"listitem\" class=\"T7n0L6\">\n<div id=\"comp-lp0groo2__691b3690-0ef7-4f5c-a68a-2defc18108a4\" class=\"comp-lp0groo2 YzqVVZ wixui-repeater__item\">\n<div id=\"bgLayers_comp-lp0groo2__691b3690-0ef7-4f5c-a68a-2defc18108a4\" data-hook=\"bgLayers\" data-motion-part=\"BG_LAYER comp-lp0groo2__691b3690-0ef7-4f5c-a68a-2defc18108a4\" class=\"MW5IWV\">\n<div data-testid=\"colorUnderlay\" class=\"LWbAav Kv1aVt\"><\/div>\n<div id=\"bgMedia_comp-lp0groo2__691b3690-0ef7-4f5c-a68a-2defc18108a4\" data-motion-part=\"BG_MEDIA comp-lp0groo2__691b3690-0ef7-4f5c-a68a-2defc18108a4\" class=\"VgO9Yg\"><\/div>\n<\/div>\n<div data-mesh-id=\"comp-lp0groo2__691b3690-0ef7-4f5c-a68a-2defc18108a4inlineContent\" data-testid=\"inline-content\" class=\"\">\n<div data-mesh-id=\"comp-lp0groo2__691b3690-0ef7-4f5c-a68a-2defc18108a4inlineContent-gridContainer\" data-testid=\"mesh-container-content\">\n<div id=\"comp-lp0groo92__691b3690-0ef7-4f5c-a68a-2defc18108a4\" class=\"Z_l5lU MMl86N zQ9jDz qvSjx3 Vq6kJx comp-lp0groo92 wixui-rich-text\" data-testid=\"richTextElement\">\n<h2 class=\"font_2 wixui-rich-text__text\" style=\"font-size:26px; line-height:1.6em;\"><span style=\"font-size:26px;\" class=\"wixui-rich-text__text\">Gerente de Cobran\u00e7as <\/span><\/h2>\n<\/div>\n<div id=\"comp-lp0grood2__691b3690-0ef7-4f5c-a68a-2defc18108a4\" class=\"Z_l5lU MMl86N zQ9jDz qvSjx3 Vq6kJx comp-lp0grood2 wixui-rich-text\" data-testid=\"richTextElement\">\n<p class=\"font_8 wixui-rich-text__text\" style=\"font-size:16px; line-height:1.6em;\"><span style=\"font-size:16px;\" class=\"wixui-rich-text__text\">Ribeir\u00e3o Preto\/SP<\/span><\/p>\n<\/div>\n<div class=\"comp-lp0grooh1 FubTgk\" id=\"comp-lp0grooh1__691b3690-0ef7-4f5c-a68a-2defc18108a4\" aria-disabled=\"false\"><a data-testid=\"linkElement\" href=\"https:\/\/www.corporaterh.com.br\/jobs\/gerente-de-cobran%C3%A7as-\" target=\"_self\" class=\"uDW_Qe wixui-button PlZyDq\" aria-disabled=\"false\" aria-label=\"View Job\"><span class=\"l7_2fn wixui-button__label\">View Job<\/span><\/a><\/div>\n<\/div>\n<\/div>\n<\/div>\n<\/div>\n<div role=\"listitem\" class=\"T7n0L6\">\n<div id=\"comp-lp0groo2__07893a1c-1723-42bb-9766-23f510c06088\" class=\"comp-lp0groo2 YzqVVZ wixui-repeater__item\">\n<div id=\"bgLayers_comp-lp0groo2__07893a1c-1723-42bb-9766-23f510c06088\" data-hook=\"bgLayers\" data-motion-part=\"BG_LAYER comp-lp0groo2__07893a1c-1723-42bb-9766-23f510c06088\" class=\"MW5IWV\">\n<div data-testid=\"colorUnderlay\" class=\"LWbAav Kv1aVt\"><\/div>\n<div id=\"bgMedia_comp-lp0groo2__07893a1c-1723-42bb-9766-23f510c06088\" data-motion-part=\"BG_MEDIA comp-lp0groo2__07893a1c-1723-42bb-9766-23f510c06088\" class=\"VgO9Yg\"><\/div>\n<\/div>\n<div data-mesh-id=\"comp-lp0groo2__07893a1c-1723-42bb-9766-23f510c06088inlineContent\" data-testid=\"inline-content\" class=\"\">\n<div data-mesh-id=\"comp-lp0groo2__07893a1c-1723-42bb-9766-23f510c06088inlineContent-gridContainer\" data-testid=\"mesh-container-content\">\n<div id=\"comp-lp0groo92__07893a1c-1723-42bb-9766-23f510c06088\" class=\"Z_l5lU MMl86N zQ9jDz qvSjx3 Vq6kJx comp-lp0groo92 wixui-rich-text\" data-testid=\"richTextElement\">\n<h2 class=\"font_2 wixui-rich-text__text\" style=\"font-size:26px; line-height:1.6em;\"><span style=\"font-size:26px;\" class=\"wixui-rich-text__text\">Assistente de Recursos Humanos Pleno<\/span><\/h2>\n<\/div>\n<div id=\"comp-lp0grood2__07893a1c-1723-42bb-9766-23f510c06088\" class=\"Z_l5lU MMl86N zQ9jDz qvSjx3 Vq6kJx comp-lp0grood2 wixui-rich-text\" data-testid=\"richTextElement\">\n<p class=\"font_8 wixui-rich-text__text\" style=\"font-size:16px; line-height:1.6em;\"><span style=\"font-size:16px;\" class=\"wixui-rich-text__text\">Ribeir\u00e3o Preto\/SP<\/span><\/p>\n<\/div>\n<div class=\"comp-lp0grooh1 FubTgk\" id=\"comp-lp0grooh1__07893a1c-1723-42bb-9766-23f510c06088\" aria-disabled=\"false\"><a data-testid=\"linkElement\" href=\"https:\/\/www.corporaterh.com.br\/jobs\/assistente-de-recursos-humanos-pleno\" target=\"_self\" class=\"uDW_Qe wixui-button PlZyDq\" aria-disabled=\"false\" aria-label=\"View Job\"><span class=\"l7_2fn wixui-button__label\">View Job<\/span><\/a><\/div>\n<\/div>\n<\/div>\n<\/div>\n<\/div>\n<div role=\"listitem\" class=\"T7n0L6\">\n<div id=\"comp-lp0groo2__d88932ac-4f27-48ba-92d1-be533e432d34\" class=\"comp-lp0groo2 YzqVVZ wixui-repeater__item\">\n<div id=\"bgLayers_comp-lp0groo2__d88932ac-4f27-48ba-92d1-be533e432d34\" data-hook=\"bgLayers\" data-motion-part=\"BG_LAYER comp-lp0groo2__d88932ac-4f27-48ba-92d1-be533e432d34\" class=\"MW5IWV\">\n<div data-testid=\"colorUnderlay\" class=\"LWbAav Kv1aVt\"><\/div>\n<div id=\"bgMedia_comp-lp0groo2__d88932ac-4f27-48ba-92d1-be533e432d34\" data-motion-part=\"BG_MEDIA comp-lp0groo2__d88932ac-4f27-48ba-92d1-be533e432d34\" class=\"VgO9Yg\"><\/div>\n<\/div>\n<div data-mesh-id=\"comp-lp0groo2__d88932ac-4f27-48ba-92d1-be533e432d34inlineContent\" data-testid=\"inline-content\" class=\"\">\n<div data-mesh-id=\"comp-lp0groo2__d88932ac-4f27-48ba-92d1-be533e432d34inlineContent-gridContainer\" data-testid=\"mesh-container-content\">\n<div id=\"comp-lp0groo92__d88932ac-4f27-48ba-92d1-be533e432d34\" class=\"Z_l5lU MMl86N zQ9jDz qvSjx3 Vq6kJx comp-lp0groo92 wixui-rich-text\" data-testid=\"richTextElement\">\n<h2 class=\"font_2 wixui-rich-text__text\" style=\"font-size:26px; line-height:1.6em;\"><span style=\"font-size:26px;\" class=\"wixui-rich-text__text\">Assistente de Recursos Humanos<\/span><\/h2>\n<\/div>\n<div id=\"comp-lp0grood2__d88932ac-4f27-48ba-92d1-be533e432d34\" class=\"Z_l5lU MMl86N zQ9jDz qvSjx3 Vq6kJx comp-lp0grood2 wixui-rich-text\" data-testid=\"richTextElement\">\n<p class=\"font_8 wixui-rich-text__text\" style=\"font-size:16px; line-height:1.6em;\"><span style=\"font-size:16px;\" class=\"wixui-rich-text__text\">Ribeir\u00e3o Preto\/SP<\/span><\/p>\n<\/div>\n<div class=\"comp-lp0grooh1 FubTgk\" id=\"comp-lp0grooh1__d88932ac-4f27-48ba-92d1-be533e432d34\" aria-disabled=\"false\"><a data-testid=\"linkElement\" href=\"https:\/\/www.corporaterh.com.br\/jobs\/assistente-de-recursos-humanos\" target=\"_self\" class=\"uDW_Qe wixui-button PlZyDq\" aria-disabled=\"false\" aria-label=\"View Job\"><span class=\"l7_2fn wixui-button__label\">View Job<\/span><\/a><\/div>\n<\/div>\n<\/div>\n<\/div>\n<\/div>\n<div role=\"listitem\" class=\"T7n0L6\">\n<div id=\"comp-lp0groo2__4f2034d7-97cd-4186-b6ed-a1ec76213593\" class=\"comp-lp0groo2 YzqVVZ wixui-repeater__item\">\n<div id=\"bgLayers_comp-lp0groo2__4f2034d7-97cd-4186-b6ed-a1ec76213593\" data-hook=\"bgLayers\" data-motion-part=\"BG_LAYER comp-lp0groo2__4f2034d7-97cd-4186-b6ed-a1ec76213593\" class=\"MW5IWV\">\n<div data-testid=\"colorUnderlay\" class=\"LWbAav Kv1aVt\"><\/div>\n<div id=\"bgMedia_comp-lp0groo2__4f2034d7-97cd-4186-b6ed-a1ec76213593\" data-motion-part=\"BG_MEDIA comp-lp0groo2__4f2034d7-97cd-4186-b6ed-a1ec76213593\" class=\"VgO9Yg\"><\/div>\n<\/div>\n<div data-mesh-id=\"comp-lp0groo2__4f2034d7-97cd-4186-b6ed-a1ec76213593inlineContent\" data-testid=\"inline-content\" class=\"\">\n<div data-mesh-id=\"comp-lp0groo2__4f2034d7-97cd-4186-b6ed-a1ec76213593inlineContent-gridContainer\" data-testid=\"mesh-container-content\">\n<div id=\"comp-lp0groo92__4f2034d7-97cd-4186-b6ed-a1ec76213593\" class=\"Z_l5lU MMl86N zQ9jDz qvSjx3 Vq6kJx comp-lp0groo92 wixui-rich-text\" data-testid=\"richTextElement\">\n<h2 class=\"font_2 wixui-rich-text__text\" style=\"font-size:26px; line-height:1.6em;\"><span style=\"font-size:26px;\" class=\"wixui-rich-text__text\">Gerente Comercial<\/span><\/h2>\n<\/div>\n<div id=\"comp-lp0grood2__4f2034d7-97cd-4186-b6ed-a1ec76213593\" class=\"Z_l5lU MMl86N zQ9jDz qvSjx3 Vq6kJx comp-lp0grood2 wixui-rich-text\" data-testid=\"richTextElement\">\n<p class=\"font_8 wixui-rich-text__text\" style=\"font-size:16px; line-height:1.6em;\"><span style=\"font-size:16px;\" class=\"wixui-rich-text__text\">Ribeir\u00e3o Preto\/SP.<\/span><\/p>\n<\/div>\n<div class=\"comp-lp0grooh1 FubTgk\" id=\"comp-lp0grooh1__4f2034d7-97cd-4186-b6ed-a1ec76213593\" aria-disabled=\"false\"><a data-testid=\"linkElement\" href=\"https:\/\/www.corporaterh.com.br\/jobs\/gerente-comercial\" target=\"_self\" class=\"uDW_Qe wixui-button PlZyDq\" aria-disabled=\"false\" aria-label=\"View Job\"><span class=\"l7_2fn wixui-button__label\">View Job<\/span><\/a><\/div>\n<\/div>\n<\/div>\n<\/div>\n<\/div>\n<div role=\"listitem\" class=\"T7n0L6\">\n<div id=\"comp-lp0groo2__df9894ad-df0c-4daa-915d-e538a60c324f\" class=\"comp-lp0groo2 YzqVVZ wixui-repeater__item\">\n<div id=\"bgLayers_comp-lp0groo2__df9894ad-df0c-4daa-915d-e538a60c324f\" data-hook=\"bgLayers\" data-motion-part=\"BG_LAYER comp-lp0groo2__df9894ad-df0c-4daa-915d-e538a60c324f\" class=\"MW5IWV\">\n<div data-testid=\"colorUnderlay\" class=\"LWbAav Kv1aVt\"><\/div>\n<div id=\"bgMedia_comp-lp0groo2__df9894ad-df0c-4daa-915d-e538a60c324f\" data-motion-part=\"BG_MEDIA comp-lp0groo2__df9894ad-df0c-4daa-915d-e538a60c324f\" class=\"VgO9Yg\"><\/div>\n<\/div>\n<div data-mesh-id=\"comp-lp0groo2__df9894ad-df0c-4daa-915d-e538a60c324finlineContent\" data-testid=\"inline-content\" class=\"\">\n<div data-mesh-id=\"comp-lp0groo2__df9894ad-df0c-4daa-915d-e538a60c324finlineContent-gridContainer\" data-testid=\"mesh-container-content\">\n<div id=\"comp-lp0groo92__df9894ad-df0c-4daa-915d-e538a60c324f\" class=\"Z_l5lU MMl86N zQ9jDz qvSjx3 Vq6kJx comp-lp0groo92 wixui-rich-text\" data-testid=\"richTextElement\">\n<h2 class=\"font_2 wixui-rich-text__text\" style=\"font-size:26px; line-height:1.6em;\"><span style=\"font-size:26px;\" class=\"wixui-rich-text__text\">Vendedor Interno<\/span><\/h2>\n<\/div>\n<div id=\"comp-lp0grood2__df9894ad-df0c-4daa-915d-e538a60c324f\" class=\"Z_l5lU MMl86N zQ9jDz qvSjx3 Vq6kJx comp-lp0grood2 wixui-rich-text\" data-testid=\"richTextElement\">\n<p class=\"font_8 wixui-rich-text__text\" style=\"font-size:16px; line-height:1.6em;\"><span style=\"font-size:16px;\" class=\"wixui-rich-text__text\">Ribeir\u00e3o Preto\/SP<\/span><\/p>\n<\/div>\n<div class=\"comp-lp0grooh1 FubTgk\" id=\"comp-lp0grooh1__df9894ad-df0c-4daa-915d-e538a60c324f\" aria-disabled=\"false\"><a data-testid=\"linkElement\" href=\"https:\/\/www.corporaterh.com.br\/jobs\/vendedor-\" target=\"_self\" class=\"uDW_Qe wixui-button PlZyDq\" aria-disabled=\"false\" aria-label=\"View Job\"><span class=\"l7_2fn wixui-button__label\">View Job<\/span><\/a><\/div>\n<\/div>\n<\/div>\n<\/div>\n<\/div>\n<div role=\"listitem\" class=\"T7n0L6\">\n<div id=\"comp-lp0groo2__813ee37a-b69e-49db-b89e-aaa9430a4178\" class=\"comp-lp0groo2 YzqVVZ wixui-repeater__item\">\n<div id=\"bgLayers_comp-lp0groo2__813ee37a-b69e-49db-b89e-aaa9430a4178\" data-hook=\"bgLayers\" data-motion-part=\"BG_LAYER comp-lp0groo2__813ee37a-b69e-49db-b89e-aaa9430a4178\" class=\"MW5IWV\">\n<div data-testid=\"colorUnderlay\" class=\"LWbAav Kv1aVt\"><\/div>\n<div id=\"bgMedia_comp-lp0groo2__813ee37a-b69e-49db-b89e-aaa9430a4178\" data-motion-part=\"BG_MEDIA comp-lp0groo2__813ee37a-b69e-49db-b89e-aaa9430a4178\" class=\"VgO9Yg\"><\/div>\n<\/div>\n<div data-mesh-id=\"comp-lp0groo2__813ee37a-b69e-49db-b89e-aaa9430a4178inlineContent\" data-testid=\"inline-content\" class=\"\">\n<div data-mesh-id=\"comp-lp0groo2__813ee37a-b69e-49db-b89e-aaa9430a4178inlineContent-gridContainer\" data-testid=\"mesh-container-content\">\n<div id=\"comp-lp0groo92__813ee37a-b69e-49db-b89e-aaa9430a4178\" class=\"Z_l5lU MMl86N zQ9jDz qvSjx3 Vq6kJx comp-lp0groo92 wixui-rich-text\" data-testid=\"richTextElement\">\n<h2 class=\"font_2 wixui-rich-text__text\" style=\"font-size:26px; line-height:1.6em;\"><span style=\"font-size:26px;\" class=\"wixui-rich-text__text\">Mec\u00e2nico de Refrigera\u00e7\u00e3o<\/span><\/h2>\n<\/div>\n<div id=\"comp-lp0grood2__813ee37a-b69e-49db-b89e-aaa9430a4178\" class=\"Z_l5lU MMl86N zQ9jDz qvSjx3 Vq6kJx comp-lp0grood2 wixui-rich-text\" data-testid=\"richTextElement\">\n<p class=\"font_8 wixui-rich-text__text\" style=\"font-size:16px; line-height:1.6em;\"><span style=\"font-size:16px;\" class=\"wixui-rich-text__text\">Maring\u00e1\/PR<\/span><\/p>\n<\/div>\n<div class=\"comp-lp0grooh1 FubTgk\" id=\"comp-lp0grooh1__813ee37a-b69e-49db-b89e-aaa9430a4178\" aria-disabled=\"false\"><a data-testid=\"linkElement\" href=\"https:\/\/www.corporaterh.com.br\/jobs\/mec%C3%A2nico-de-refrigera%C3%A7%C3%A3o\" target=\"_self\" class=\"uDW_Qe wixui-button PlZyDq\" aria-disabled=\"false\" aria-label=\"View Job\"><span class=\"l7_2fn wixui-button__label\">View Job<\/span><\/a><\/div>\n<\/div>\n<\/div>\n<\/div>\n<\/div>\n<div role=\"listitem\" class=\"T7n0L6\">\n<div id=\"comp-lp0groo2__e8365857-6a63-4c8b-8c16-581922e1b537\" class=\"comp-lp0groo2 YzqVVZ wixui-repeater__item\">\n<div id=\"bgLayers_comp-lp0groo2__e8365857-6a63-4c8b-8c16-581922e1b537\" data-hook=\"bgLayers\" data-motion-part=\"BG_LAYER comp-lp0groo2__e8365857-6a63-4c8b-8c16-581922e1b537\" class=\"MW5IWV\">\n<div data-testid=\"colorUnderlay\" class=\"LWbAav Kv1aVt\"><\/div>\n<div id=\"bgMedia_comp-lp0groo2__e8365857-6a63-4c8b-8c16-581922e1b537\" data-motion-part=\"BG_MEDIA comp-lp0groo2__e8365857-6a63-4c8b-8c16-581922e1b537\" class=\"VgO9Yg\"><\/div>\n<\/div>\n<div data-mesh-id=\"comp-lp0groo2__e8365857-6a63-4c8b-8c16-581922e1b537inlineContent\" data-testid=\"inline-content\" class=\"\">\n<div data-mesh-id=\"comp-lp0groo2__e8365857-6a63-4c8b-8c16-581922e1b537inlineContent-gridContainer\" data-testid=\"mesh-container-content\">\n<div id=\"comp-lp0groo92__e8365857-6a63-4c8b-8c16-581922e1b537\" class=\"Z_l5lU MMl86N zQ9jDz qvSjx3 Vq6kJx comp-lp0groo92 wixui-rich-text\" data-testid=\"richTextElement\">\n<h2 class=\"font_2 wixui-rich-text__text\" style=\"font-size:26px; line-height:1.6em;\"><span style=\"font-size:26px;\" class=\"wixui-rich-text__text\">Gerente Executivo<\/span><\/h2>\n<\/div>\n<div id=\"comp-lp0grood2__e8365857-6a63-4c8b-8c16-581922e1b537\" class=\"Z_l5lU MMl86N zQ9jDz qvSjx3 Vq6kJx comp-lp0grood2 wixui-rich-text\" data-testid=\"richTextElement\">\n<p class=\"font_8 wixui-rich-text__text\" style=\"font-size:16px; line-height:1.6em;\"><span style=\"font-size:16px;\" class=\"wixui-rich-text__text\">Goi\u00e2nia\/GO<\/span><\/p>\n<\/div>\n<div class=\"comp-lp0grooh1 FubTgk\" id=\"comp-lp0grooh1__e8365857-6a63-4c8b-8c16-581922e1b537\" aria-disabled=\"false\"><a data-testid=\"linkElement\" href=\"https:\/\/www.corporaterh.com.br\/jobs\/gerente-executivo\" target=\"_self\" class=\"uDW_Qe wixui-button PlZyDq\" aria-disabled=\"false\" aria-label=\"View Job\"><span class=\"l7_2fn wixui-button__label\">View Job<\/span><\/a><\/div>\n<\/div>\n<\/div>\n<\/div>\n<\/div>\n<div role=\"listitem\" class=\"T7n0L6\">\n<div id=\"comp-lp0groo2__e8fa8202-027d-4951-9f7a-280f62732a47\" class=\"comp-lp0groo2 YzqVVZ wixui-repeater__item\">\n<div id=\"bgLayers_comp-lp0groo2__e8fa8202-027d-4951-9f7a-280f62732a47\" data-hook=\"bgLayers\" data-motion-part=\"BG_LAYER comp-lp0groo2__e8fa8202-027d-4951-9f7a-280f62732a47\" class=\"MW5IWV\">\n<div data-testid=\"colorUnderlay\" class=\"LWbAav Kv1aVt\"><\/div>\n<div id=\"bgMedia_comp-lp0groo2__e8fa8202-027d-4951-9f7a-280f62732a47\" data-motion-part=\"BG_MEDIA comp-lp0groo2__e8fa8202-027d-4951-9f7a-280f62732a47\" class=\"VgO9Yg\"><\/div>\n<\/div>\n<div data-mesh-id=\"comp-lp0groo2__e8fa8202-027d-4951-9f7a-280f62732a47inlineContent\" data-testid=\"inline-content\" class=\"\">\n<div data-mesh-id=\"comp-lp0groo2__e8fa8202-027d-4951-9f7a-280f62732a47inlineContent-gridContainer\" data-testid=\"mesh-container-content\">\n<div id=\"comp-lp0groo92__e8fa8202-027d-4951-9f7a-280f62732a47\" class=\"Z_l5lU MMl86N zQ9jDz qvSjx3 Vq6kJx comp-lp0groo92 wixui-rich-text\" data-testid=\"richTextElement\">\n<h2 class=\"font_2 wixui-rich-text__text\" style=\"font-size:26px; line-height:1.6em;\"><span style=\"font-size:26px;\" class=\"wixui-rich-text__text\">Gerente de Opera\u00e7\u00e3o de Mina S\u00eanior <\/span><\/h2>\n<\/div>\n<div id=\"comp-lp0grood2__e8fa8202-027d-4951-9f7a-280f62732a47\" class=\"Z_l5lU MMl86N zQ9jDz qvSjx3 Vq6kJx comp-lp0grood2 wixui-rich-text\" data-testid=\"richTextElement\">\n<p class=\"font_8 wixui-rich-text__text\" style=\"font-size:16px; line-height:1.6em;\"><span style=\"font-size:16px;\" class=\"wixui-rich-text__text\">Par\u00e1\/PR<\/span><\/p>\n<\/div>\n<div class=\"comp-lp0grooh1 FubTgk\" id=\"comp-lp0grooh1__e8fa8202-027d-4951-9f7a-280f62732a47\" aria-disabled=\"false\"><a data-testid=\"linkElement\" href=\"https:\/\/www.corporaterh.com.br\/jobs\/gerente-de-opera%C3%A7%C3%A3o-de-mina-s%C3%AAnior-\" target=\"_self\" class=\"uDW_Qe wixui-button PlZyDq\" aria-disabled=\"false\" aria-label=\"View Job\"><span class=\"l7_2fn wixui-button__label\">View Job<\/span><\/a><\/div>\n<\/div>\n<\/div>\n<\/div>\n<\/div>\n<div role=\"listitem\" class=\"T7n0L6\">\n<div id=\"comp-lp0groo2__c50c3358-1c90-428c-a801-6f003cd6d296\" class=\"comp-lp0groo2 YzqVVZ wixui-repeater__item\">\n<div id=\"bgLayers_comp-lp0groo2__c50c3358-1c90-428c-a801-6f003cd6d296\" data-hook=\"bgLayers\" data-motion-part=\"BG_LAYER comp-lp0groo2__c50c3358-1c90-428c-a801-6f003cd6d296\" class=\"MW5IWV\">\n<div data-testid=\"colorUnderlay\" class=\"LWbAav Kv1aVt\"><\/div>\n<div id=\"bgMedia_comp-lp0groo2__c50c3358-1c90-428c-a801-6f003cd6d296\" data-motion-part=\"BG_MEDIA comp-lp0groo2__c50c3358-1c90-428c-a801-6f003cd6d296\" class=\"VgO9Yg\"><\/div>\n<\/div>\n<div data-mesh-id=\"comp-lp0groo2__c50c3358-1c90-428c-a801-6f003cd6d296inlineContent\" data-testid=\"inline-content\" class=\"\">\n<div data-mesh-id=\"comp-lp0groo2__c50c3358-1c90-428c-a801-6f003cd6d296inlineContent-gridContainer\" data-testid=\"mesh-container-content\">\n<div id=\"comp-lp0groo92__c50c3358-1c90-428c-a801-6f003cd6d296\" class=\"Z_l5lU MMl86N zQ9jDz qvSjx3 Vq6kJx comp-lp0groo92 wixui-rich-text\" data-testid=\"richTextElement\">\n<h2 class=\"font_2 wixui-rich-text__text\" style=\"font-size:26px; line-height:1.6em;\"><span style=\"font-size:26px;\" class=\"wixui-rich-text__text\">Executiva de Contas<\/span><\/h2>\n<\/div>\n<div id=\"comp-lp0grood2__c50c3358-1c90-428c-a801-6f003cd6d296\" class=\"Z_l5lU MMl86N zQ9jDz qvSjx3 Vq6kJx comp-lp0grood2 wixui-rich-text\" data-testid=\"richTextElement\">\n<p class=\"font_8 wixui-rich-text__text\" style=\"font-size:16px; line-height:1.6em;\"><span style=\"font-size:16px;\" class=\"wixui-rich-text__text\">Ribeir\u00e3o Preto\/SP<\/span><\/p>\n<\/div>\n<div class=\"comp-lp0grooh1 FubTgk\" id=\"comp-lp0grooh1__c50c3358-1c90-428c-a801-6f003cd6d296\" aria-disabled=\"false\"><a data-testid=\"linkElement\" href=\"https:\/\/www.corporaterh.com.br\/jobs\/executiva-de-contas\" target=\"_self\" class=\"uDW_Qe wixui-button PlZyDq\" aria-disabled=\"false\" aria-label=\"View Job\"><span class=\"l7_2fn wixui-button__label\">View Job<\/span><\/a><\/div>\n<\/div>\n<\/div>\n<\/div>\n<\/div>\n<div role=\"listitem\" class=\"T7n0L6\">\n<div id=\"comp-lp0groo2__213e1275-aab6-4df1-9529-c5d98add381e\" class=\"comp-lp0groo2 YzqVVZ wixui-repeater__item\">\n<div id=\"bgLayers_comp-lp0groo2__213e1275-aab6-4df1-9529-c5d98add381e\" data-hook=\"bgLayers\" data-motion-part=\"BG_LAYER comp-lp0groo2__213e1275-aab6-4df1-9529-c5d98add381e\" class=\"MW5IWV\">\n<div data-testid=\"colorUnderlay\" class=\"LWbAav Kv1aVt\"><\/div>\n<div id=\"bgMedia_comp-lp0groo2__213e1275-aab6-4df1-9529-c5d98add381e\" data-motion-part=\"BG_MEDIA comp-lp0groo2__213e1275-aab6-4df1-9529-c5d98add381e\" class=\"VgO9Yg\"><\/div>\n<\/div>\n<div data-mesh-id=\"comp-lp0groo2__213e1275-aab6-4df1-9529-c5d98add381einlineContent\" data-testid=\"inline-content\" class=\"\">\n<div data-mesh-id=\"comp-lp0groo2__213e1275-aab6-4df1-9529-c5d98add381einlineContent-gridContainer\" data-testid=\"mesh-container-content\">\n<div id=\"comp-lp0groo92__213e1275-aab6-4df1-9529-c5d98add381e\" class=\"Z_l5lU MMl86N zQ9jDz qvSjx3 Vq6kJx comp-lp0groo92 wixui-rich-text\" data-testid=\"richTextElement\">\n<h2 class=\"font_2 wixui-rich-text__text\" style=\"font-size:26px; line-height:1.6em;\"><span style=\"font-size:26px;\" class=\"wixui-rich-text__text\">Consultora de Vendas Internas<\/span><\/h2>\n<\/div>\n<div id=\"comp-lp0grood2__213e1275-aab6-4df1-9529-c5d98add381e\" class=\"Z_l5lU MMl86N zQ9jDz qvSjx3 Vq6kJx comp-lp0grood2 wixui-rich-text\" data-testid=\"richTextElement\">\n<p class=\"font_8 wixui-rich-text__text\" style=\"font-size:16px; line-height:1.6em;\"><span style=\"font-size:16px;\" class=\"wixui-rich-text__text\">Ribeir\u00e3o Preto\/SP<\/span><\/p>\n<\/div>\n<div class=\"comp-lp0grooh1 FubTgk\" id=\"comp-lp0grooh1__213e1275-aab6-4df1-9529-c5d98add381e\" aria-disabled=\"false\"><a data-testid=\"linkElement\" href=\"https:\/\/www.corporaterh.com.br\/jobs\/consultora-de-vendas-internas\" target=\"_self\" class=\"uDW_Qe wixui-button PlZyDq\" aria-disabled=\"false\" aria-label=\"View Job\"><span class=\"l7_2fn wixui-button__label\">View Job<\/span><\/a><\/div>\n<\/div>\n<\/div>\n<\/div>\n<\/div>\n<div role=\"listitem\" class=\"T7n0L6\">\n<div id=\"comp-lp0groo2__0226484a-0c56-4e5e-8267-2813308ea4d5\" class=\"comp-lp0groo2 YzqVVZ wixui-repeater__item\">\n<div id=\"bgLayers_comp-lp0groo2__0226484a-0c56-4e5e-8267-2813308ea4d5\" data-hook=\"bgLayers\" data-motion-part=\"BG_LAYER comp-lp0groo2__0226484a-0c56-4e5e-8267-2813308ea4d5\" class=\"MW5IWV\">\n<div data-testid=\"colorUnderlay\" class=\"LWbAav Kv1aVt\"><\/div>\n<div id=\"bgMedia_comp-lp0groo2__0226484a-0c56-4e5e-8267-2813308ea4d5\" data-motion-part=\"BG_MEDIA comp-lp0groo2__0226484a-0c56-4e5e-8267-2813308ea4d5\" class=\"VgO9Yg\"><\/div>\n<\/div>\n<div data-mesh-id=\"comp-lp0groo2__0226484a-0c56-4e5e-8267-2813308ea4d5inlineContent\" data-testid=\"inline-content\" class=\"\">\n<div data-mesh-id=\"comp-lp0groo2__0226484a-0c56-4e5e-8267-2813308ea4d5inlineContent-gridContainer\" data-testid=\"mesh-container-content\">\n<div id=\"comp-lp0groo92__0226484a-0c56-4e5e-8267-2813308ea4d5\" class=\"Z_l5lU MMl86N zQ9jDz qvSjx3 Vq6kJx comp-lp0groo92 wixui-rich-text\" data-testid=\"richTextElement\">\n<h2 class=\"font_2 wixui-rich-text__text\" style=\"font-size:26px; line-height:1.6em;\"><span style=\"font-size:26px;\" class=\"wixui-rich-text__text\">Consultora Comercial<\/span><\/h2>\n<\/div>\n<div id=\"comp-lp0grood2__0226484a-0c56-4e5e-8267-2813308ea4d5\" class=\"Z_l5lU MMl86N zQ9jDz qvSjx3 Vq6kJx comp-lp0grood2 wixui-rich-text\" data-testid=\"richTextElement\">\n<p class=\"font_8 wixui-rich-text__text\" style=\"font-size:16px; line-height:1.6em;\"><span style=\"font-size:16px;\" class=\"wixui-rich-text__text\">Ribeir\u00e3o Preto\/SP<\/span><\/p>\n<\/div>\n<div class=\"comp-lp0grooh1 FubTgk\" id=\"comp-lp0grooh1__0226484a-0c56-4e5e-8267-2813308ea4d5\" aria-disabled=\"false\"><a data-testid=\"linkElement\" href=\"https:\/\/www.corporaterh.com.br\/jobs\/consultora-comercial\" target=\"_self\" class=\"uDW_Qe wixui-button PlZyDq\" aria-disabled=\"false\" aria-label=\"View Job\"><span class=\"l7_2fn wixui-button__label\">View Job<\/span><\/a><\/div>\n<\/div>\n<\/div>\n<\/div>\n<\/div>\n<div role=\"listitem\" class=\"T7n0L6\">\n<div id=\"comp-lp0groo2__3d5890c3-74cd-4cc1-a62b-47701648ae6c\" class=\"comp-lp0groo2 YzqVVZ wixui-repeater__item\">\n<div id=\"bgLayers_comp-lp0groo2__3d5890c3-74cd-4cc1-a62b-47701648ae6c\" data-hook=\"bgLayers\" data-motion-part=\"BG_LAYER comp-lp0groo2__3d5890c3-74cd-4cc1-a62b-47701648ae6c\" class=\"MW5IWV\">\n<div data-testid=\"colorUnderlay\" class=\"LWbAav Kv1aVt\"><\/div>\n<div id=\"bgMedia_comp-lp0groo2__3d5890c3-74cd-4cc1-a62b-47701648ae6c\" data-motion-part=\"BG_MEDIA comp-lp0groo2__3d5890c3-74cd-4cc1-a62b-47701648ae6c\" class=\"VgO9Yg\"><\/div>\n<\/div>\n<div data-mesh-id=\"comp-lp0groo2__3d5890c3-74cd-4cc1-a62b-47701648ae6cinlineContent\" data-testid=\"inline-content\" class=\"\">\n<div data-mesh-id=\"comp-lp0groo2__3d5890c3-74cd-4cc1-a62b-47701648ae6cinlineContent-gridContainer\" data-testid=\"mesh-container-content\">\n<div id=\"comp-lp0groo92__3d5890c3-74cd-4cc1-a62b-47701648ae6c\" class=\"Z_l5lU MMl86N zQ9jDz qvSjx3 Vq6kJx comp-lp0groo92 wixui-rich-text\" data-testid=\"richTextElement\">\n<h2 class=\"font_2 wixui-rich-text__text\" style=\"font-size:26px; line-height:1.6em;\"><span style=\"font-size:26px;\" class=\"wixui-rich-text__text\">Gerente Jur\u00eddico <\/span><\/h2>\n<\/div>\n<div id=\"comp-lp0grood2__3d5890c3-74cd-4cc1-a62b-47701648ae6c\" class=\"Z_l5lU MMl86N zQ9jDz qvSjx3 Vq6kJx comp-lp0grood2 wixui-rich-text\" data-testid=\"richTextElement\">\n<p class=\"font_8 wixui-rich-text__text\" style=\"font-size:16px; line-height:1.6em;\"><span style=\"font-size:16px;\" class=\"wixui-rich-text__text\">Regi\u00e3o de Ribeir\u00e3o Preto\/SP<\/span><\/p>\n<\/div>\n<div class=\"comp-lp0grooh1 FubTgk\" id=\"comp-lp0grooh1__3d5890c3-74cd-4cc1-a62b-47701648ae6c\" aria-disabled=\"false\"><a data-testid=\"linkElement\" href=\"https:\/\/www.corporaterh.com.br\/jobs\/gerente-jur%C3%ADdico-\" target=\"_self\" class=\"uDW_Qe wixui-button PlZyDq\" aria-disabled=\"false\" aria-label=\"View Job\"><span class=\"l7_2fn wixui-button__label\">View Job<\/span><\/a><\/div>\n<\/div>\n<\/div>\n<\/div>\n<\/div>\n<div role=\"listitem\" class=\"T7n0L6\">\n<div id=\"comp-lp0groo2__5119ea3a-a0d7-4a83-a35f-813ab53f328d\" class=\"comp-lp0groo2 YzqVVZ wixui-repeater__item\">\n<div id=\"bgLayers_comp-lp0groo2__5119ea3a-a0d7-4a83-a35f-813ab53f328d\" data-hook=\"bgLayers\" data-motion-part=\"BG_LAYER comp-lp0groo2__5119ea3a-a0d7-4a83-a35f-813ab53f328d\" class=\"MW5IWV\">\n<div data-testid=\"colorUnderlay\" class=\"LWbAav Kv1aVt\"><\/div>\n<div id=\"bgMedia_comp-lp0groo2__5119ea3a-a0d7-4a83-a35f-813ab53f328d\" data-motion-part=\"BG_MEDIA comp-lp0groo2__5119ea3a-a0d7-4a83-a35f-813ab53f328d\" class=\"VgO9Yg\"><\/div>\n<\/div>\n<div data-mesh-id=\"comp-lp0groo2__5119ea3a-a0d7-4a83-a35f-813ab53f328dinlineContent\" data-testid=\"inline-content\" class=\"\">\n<div data-mesh-id=\"comp-lp0groo2__5119ea3a-a0d7-4a83-a35f-813ab53f328dinlineContent-gridContainer\" data-testid=\"mesh-container-content\">\n<div id=\"comp-lp0groo92__5119ea3a-a0d7-4a83-a35f-813ab53f328d\" class=\"Z_l5lU MMl86N zQ9jDz qvSjx3 Vq6kJx comp-lp0groo92 wixui-rich-text\" data-testid=\"richTextElement\">\n<h2 class=\"font_2 wixui-rich-text__text\" style=\"font-size:26px; line-height:1.6em;\"><span style=\"font-size:26px;\" class=\"wixui-rich-text__text\">Diretor Industrial<\/span><\/h2>\n<\/div>\n<div id=\"comp-lp0grood2__5119ea3a-a0d7-4a83-a35f-813ab53f328d\" class=\"Z_l5lU MMl86N zQ9jDz qvSjx3 Vq6kJx comp-lp0grood2 wixui-rich-text\" data-testid=\"richTextElement\">\n<p class=\"font_8 wixui-rich-text__text\" style=\"font-size:16px; line-height:1.6em;\"><span style=\"font-size:16px;\" class=\"wixui-rich-text__text\">S\u00e3o Jos\u00e9 dos Campos\/SP<\/span><\/p>\n<\/div>\n<div class=\"comp-lp0grooh1 FubTgk\" id=\"comp-lp0grooh1__5119ea3a-a0d7-4a83-a35f-813ab53f328d\" aria-disabled=\"false\"><a data-testid=\"linkElement\" href=\"https:\/\/www.corporaterh.com.br\/jobs\/diretor-industrial\" target=\"_self\" class=\"uDW_Qe wixui-button PlZyDq\" aria-disabled=\"false\" aria-label=\"View Job\"><span class=\"l7_2fn wixui-button__label\">View Job<\/span><\/a><\/div>\n<\/div>\n<\/div>\n<\/div>\n<\/div>\n<\/div>\n<p><span style=\"font-size:26px;\" class=\"wixui-rich-text__text\">Analista de Recursos Humanos <\/span><\/p>\n<div class='code-block code-block-4' style='margin: 8px auto 8px 0; text-align: left; display: block; clear: both;'>\n\ud83d\udce2 Aviso Legal\n\nO site ismaelcolosi.com.br atua apenas como um canal de divulga\u00e7\u00e3o de oportunidades de emprego e n\u00e3o se responsabiliza pelo processo seletivo, contrata\u00e7\u00e3o ou qualquer outra etapa relacionada \u00e0s vagas publicadas. Todas as informa\u00e7\u00f5es s\u00e3o de responsabilidade dos anunciantes.\n\n\u26a0\ufe0f Aten\u00e7\u00e3o! Nunca pague por promessas de emprego nem compre cursos que garantam contrata\u00e7\u00e3o. Desconfie de qualquer cobran\u00e7a para participar de sele\u00e7\u00f5es.\n\n\n\n<\/div>\n<!-- CONTENT END 1 -->\n","protected":false},"excerpt":{"rendered":"<p>Gerente de Secretaria Acad\u00eamica Ribeir\u00e3o Preto\/SP View Job Analista de Recursos Humanos Ribeir\u00e3o Preto\/SP View Job Gerente de Condom\u00ednio (gest\u00e3o estrat\u00e9gica) Ribeir\u00e3o Preto\/SP View Job&#8230;<\/p>\n","protected":false},"author":1,"featured_media":0,"comment_status":"","ping_status":"open","sticky":false,"template":"","format":"standard","meta":{"_uag_custom_page_level_css":"","advanced_seo_description":"","jetpack_seo_html_title":"","jetpack_seo_noindex":false,"jetpack_post_was_ever_published":false,"_jetpack_newsletter_access":"","_jetpack_dont_email_post_to_subs":false,"_jetpack_newsletter_tier_id":0,"_jetpack_memberships_contains_paywalled_content":false,"_jetpack_memberships_contains_paid_content":false,"footnotes":"","jetpack_publicize_message":"","jetpack_publicize_feature_enabled":true,"jetpack_social_post_already_shared":true,"jetpack_social_options":{"image_generator_settings":{"template":"highway","default_image_id":0,"font":"","enabled":false},"version":2}},"categories":[7],"tags":[],"class_list":["post-86953","post","type-post","status-publish","format-standard","hentry","category-vagas-de-empregos-em-ribeirao-preto-regiao-brasil"],"jetpack_publicize_connections":[],"jetpack_featured_media_url":"","uagb_featured_image_src":{"full":false,"thumbnail":false,"medium":false,"medium_large":false,"large":false,"1536x1536":false,"2048x2048":false,"really-simple-thumb":false},"uagb_author_info":{"display_name":"ismaelcolosi.com.br","author_link":"https:\/\/ismaelcolosi.com.br\/index.php\/author\/vidareal-online\/"},"uagb_comment_info":0,"uagb_excerpt":"Gerente de Secretaria Acad\u00eamica Ribeir\u00e3o Preto\/SP View Job Analista de Recursos Humanos Ribeir\u00e3o Preto\/SP View Job Gerente de Condom\u00ednio (gest\u00e3o estrat\u00e9gica) Ribeir\u00e3o Preto\/SP View Job...","jetpack-related-posts":[{"id":38829,"url":"https:\/\/ismaelcolosi.com.br\/index.php\/2024\/02\/21\/encontre-aqui-a-sua-oportunidade-de-emprego-14\/","url_meta":{"origin":86953,"position":0},"title":"Encontre aqui a sua oportunidade de emprego","author":"ismaelcolosi.com.br","date":"21 de February de 2024","format":false,"excerpt":"Confira mais de 515 vagas dispon\u00edveis.Vagas por cidadeTodas(509)Mat\u00e3o(204)Araras(200)Ribeir\u00e3o Preto(57)Monte Alto(22)Santos(9)Sumar\u00e9(6)Vagas por \u00e1reaTodas(516)Produ\u00e7\u00e3o\/Fabrica\u00e7\u00e3o(233)Industrial, Produ\u00e7\u00e3o...(212)Industrial,Produ\u00e7\u00e3o...(10)Administra\u00e7\u00e3o Comercial...(8)Administra\u00e7\u00e3o de...(8)Log\u00edstica(7)Vagas por cargoTodas(516)Ajudante de Produ\u00e7\u00e3o -...(401)Ajudante Geral de...(20)Auxiliar de Produ\u00e7\u00e3o...(16)Operador de Produ\u00e7\u00e3o -...(9)Auxiliar de Produ\u00e7\u00e3o(6)Assistente Administrativo...(4) Vagas recentesVaga para Motorista de Caminh\u00e3o Truck em Ribeir\u00e3o Preto - SPh\u00e1 3 horasVaga para Operador de Empilhadeira (tempor\u00e1rio) em\u2026","rel":"","context":"In &quot;Vagas de Emprego em Ribeir\u00e3o Preto-SP&quot;","block_context":{"text":"Vagas de Emprego em Ribeir\u00e3o Preto-SP","link":"https:\/\/ismaelcolosi.com.br\/index.php\/category\/empregos-classificados-vagas-trabalho\/vagas-de-empregos-em-ribeirao-preto-regiao-brasil\/"},"img":{"alt_text":"","src":"https:\/\/i0.wp.com\/ismaelcolosi.com.br\/wp-content\/uploads\/2024\/02\/1708555635_maxresdefault.jpg?fit=1200%2C675&ssl=1&resize=350%2C200","width":350,"height":200,"srcset":"https:\/\/i0.wp.com\/ismaelcolosi.com.br\/wp-content\/uploads\/2024\/02\/1708555635_maxresdefault.jpg?fit=1200%2C675&ssl=1&resize=350%2C200 1x, https:\/\/i0.wp.com\/ismaelcolosi.com.br\/wp-content\/uploads\/2024\/02\/1708555635_maxresdefault.jpg?fit=1200%2C675&ssl=1&resize=525%2C300 1.5x, https:\/\/i0.wp.com\/ismaelcolosi.com.br\/wp-content\/uploads\/2024\/02\/1708555635_maxresdefault.jpg?fit=1200%2C675&ssl=1&resize=700%2C400 2x, https:\/\/i0.wp.com\/ismaelcolosi.com.br\/wp-content\/uploads\/2024\/02\/1708555635_maxresdefault.jpg?fit=1200%2C675&ssl=1&resize=1050%2C600 3x"},"classes":[]},{"id":22360,"url":"https:\/\/ismaelcolosi.com.br\/index.php\/2023\/12\/29\/1-vaga-para-analista-de-recursos-humanos-em-ribeirao-preto-spha-4-horas\/","url_meta":{"origin":86953,"position":1},"title":"1 vaga para Analista de Recursos Humanos em Ribeir\u00e3o Preto &#8211; SPh\u00e1 4 horas","author":"ismaelcolosi.com.br","date":"29 de December de 2023","format":false,"excerpt":"Vaga para Assistente Operacional em Ribeir\u00e3o Preto 1 vaga para Analista de Recursos Humanos em Ribeir\u00e3o Preto - SPh\u00e1 4 horas Vaga para Atendente de Vendas em Ribeir\u00e3o Preto - SPh\u00e1 9 horas 1 vaga para Vendedora Externa em Sert\u00e3ozinhoh\u00e1 2 dias Vaga para Assistente de Vendas J\u00fanior em Ribeir\u00e3o\u2026","rel":"","context":"In &quot;Vagas de Emprego em Ribeir\u00e3o Preto-SP&quot;","block_context":{"text":"Vagas de Emprego em Ribeir\u00e3o Preto-SP","link":"https:\/\/ismaelcolosi.com.br\/index.php\/category\/empregos-classificados-vagas-trabalho\/vagas-de-empregos-em-ribeirao-preto-regiao-brasil\/"},"img":{"alt_text":"","src":"","width":0,"height":0},"classes":[]},{"id":23254,"url":"https:\/\/ismaelcolosi.com.br\/index.php\/2024\/01\/01\/1-vaga-para-analista-de-recursos-humanos-em-ribeirao-preto-spha-3-dias\/","url_meta":{"origin":86953,"position":2},"title":"1 vaga para Analista de Recursos Humanos em Ribeir\u00e3o Preto &#8211; SPh\u00e1 3 dias","author":"ismaelcolosi.com.br","date":"1 de January de 2024","format":false,"excerpt":"Vaga para Assistente Operacional em Ribeir\u00e3o Preto 1 vaga para Analista de Recursos Humanos em Ribeir\u00e3o Preto - SPh\u00e1 3 dias Vaga para Atendente de Vendas em Ribeir\u00e3o Preto - SPh\u00e1 3 dias 1 vaga para Vendedora Externa em Sert\u00e3ozinhoh\u00e1 5 dias Vaga para Assistente de Vendas J\u00fanior em Ribeir\u00e3o\u2026","rel":"","context":"In &quot;Vagas de Emprego em Ribeir\u00e3o Preto-SP&quot;","block_context":{"text":"Vagas de Emprego em Ribeir\u00e3o Preto-SP","link":"https:\/\/ismaelcolosi.com.br\/index.php\/category\/empregos-classificados-vagas-trabalho\/vagas-de-empregos-em-ribeirao-preto-regiao-brasil\/"},"img":{"alt_text":"","src":"","width":0,"height":0},"classes":[]},{"id":83807,"url":"https:\/\/ismaelcolosi.com.br\/index.php\/2025\/03\/15\/30-novas-vagas-de-emprego-em-ribeirao-preto-sp-120\/","url_meta":{"origin":86953,"position":3},"title":"30 novas vagas de emprego em Ribeir\u00e3o Preto-SP","author":"ismaelcolosi.com.br","date":"15 de March de 2025","format":false,"excerpt":"Coordenador FinanceiroRibeir\u00e3o Preto\/SPView JobGerente de P\u00f3s-VendaRibeir\u00e3o Preto\/SPView JobCampeiroLaranjeiras (Col\u00f4mbia)View JobSocial Media PlenoRibeir\u00e3o Preto\/SPView JobDesigner S\u00eaniorRibeir\u00e3o Preto\/SPView JobAnalista S\u00eanior de Inbound MarketingRibeir\u00e3o Preto\/SPView JobAnalista S\u00eanior de Comunica\u00e7\u00e3o Interna, Endomarketing e EventosRibeir\u00e3o Preto\/SPView JobAnalista de Controladoria S\u00eaniorRibeir\u00e3o Preto\/SPView JobAnalista de Controladoria PlenoRibeir\u00e3o Preto\/SPView JobAnalista Administrativo e Financeiro \u2013 S\u00e3o Paulo\/SP.S\u00e3o Paulo -SPView\u2026","rel":"","context":"In &quot;Vagas de Emprego em Ribeir\u00e3o Preto-SP&quot;","block_context":{"text":"Vagas de Emprego em Ribeir\u00e3o Preto-SP","link":"https:\/\/ismaelcolosi.com.br\/index.php\/category\/empregos-classificados-vagas-trabalho\/vagas-de-empregos-em-ribeirao-preto-regiao-brasil\/"},"img":{"alt_text":"","src":"","width":0,"height":0},"classes":[]},{"id":84467,"url":"https:\/\/ismaelcolosi.com.br\/index.php\/2025\/04\/11\/30-novas-vagas-de-emprego-em-ribeirao-preto-sp-123\/","url_meta":{"origin":86953,"position":4},"title":"30 novas vagas de emprego em Ribeir\u00e3o Preto-SP","author":"ismaelcolosi.com.br","date":"11 de April de 2025","format":false,"excerpt":"Diretor(a) EscolarS\u00e3o Jos\u00e9 do Rio Preto\/SPView JobRedator PlenoRibeir\u00e3o Preto\/SPView JobRedator S\u00eaniorRibeir\u00e3o Preto\/SPView JobCoordenador FinanceiroRibeir\u00e3o Preto\/SPView JobGerente de P\u00f3s-VendaRibeir\u00e3o Preto\/SPView JobCampeiroLaranjeiras (Col\u00f4mbia)View JobSocial Media PlenoRibeir\u00e3o Preto\/SPView JobDesigner S\u00eaniorRibeir\u00e3o Preto\/SPView JobAnalista S\u00eanior de Inbound MarketingRibeir\u00e3o Preto\/SPView JobAnalista S\u00eanior de Comunica\u00e7\u00e3o Interna, Endomarketing e EventosRibeir\u00e3o Preto\/SPView JobAnalista de Controladoria S\u00eaniorRibeir\u00e3o Preto\/SPView JobAnalista de\u2026","rel":"","context":"In &quot;Vagas de Emprego em Ribeir\u00e3o Preto-SP&quot;","block_context":{"text":"Vagas de Emprego em Ribeir\u00e3o Preto-SP","link":"https:\/\/ismaelcolosi.com.br\/index.php\/category\/empregos-classificados-vagas-trabalho\/vagas-de-empregos-em-ribeirao-preto-regiao-brasil\/"},"img":{"alt_text":"","src":"","width":0,"height":0},"classes":[]},{"id":84005,"url":"https:\/\/ismaelcolosi.com.br\/index.php\/2025\/03\/24\/30-novas-vagas-de-emprego-em-ribeirao-preto-sp-121\/","url_meta":{"origin":86953,"position":5},"title":"30 novas vagas de emprego em Ribeir\u00e3o Preto-SP","author":"ismaelcolosi.com.br","date":"24 de March de 2025","format":false,"excerpt":"Redator PlenoRibeir\u00e3o Preto\/SPView JobRedator S\u00eaniorRibeir\u00e3o Preto\/SPView JobCoordenador FinanceiroRibeir\u00e3o Preto\/SPView JobGerente de P\u00f3s-VendaRibeir\u00e3o Preto\/SPView JobCampeiroLaranjeiras (Col\u00f4mbia)View JobSocial Media PlenoRibeir\u00e3o Preto\/SPView JobDesigner S\u00eaniorRibeir\u00e3o Preto\/SPView JobAnalista S\u00eanior de Inbound MarketingRibeir\u00e3o Preto\/SPView JobAnalista S\u00eanior de Comunica\u00e7\u00e3o Interna, Endomarketing e EventosRibeir\u00e3o Preto\/SPView JobAnalista de Controladoria S\u00eaniorRibeir\u00e3o Preto\/SPView JobAnalista de Controladoria PlenoRibeir\u00e3o Preto\/SPView JobAnalista Administrativo e\u2026","rel":"","context":"In &quot;Vagas de Emprego em Ribeir\u00e3o Preto-SP&quot;","block_context":{"text":"Vagas de Emprego em Ribeir\u00e3o Preto-SP","link":"https:\/\/ismaelcolosi.com.br\/index.php\/category\/empregos-classificados-vagas-trabalho\/vagas-de-empregos-em-ribeirao-preto-regiao-brasil\/"},"img":{"alt_text":"","src":"","width":0,"height":0},"classes":[]}],"jetpack_sharing_enabled":true,"jetpack_shortlink":"https:\/\/wp.me\/pfMlyK-mCt","_links":{"self":[{"href":"https:\/\/ismaelcolosi.com.br\/index.php\/wp-json\/wp\/v2\/posts\/86953","targetHints":{"allow":["GET"]}}],"collection":[{"href":"https:\/\/ismaelcolosi.com.br\/index.php\/wp-json\/wp\/v2\/posts"}],"about":[{"href":"https:\/\/ismaelcolosi.com.br\/index.php\/wp-json\/wp\/v2\/types\/post"}],"author":[{"embeddable":true,"href":"https:\/\/ismaelcolosi.com.br\/index.php\/wp-json\/wp\/v2\/users\/1"}],"replies":[{"embeddable":true,"href":"https:\/\/ismaelcolosi.com.br\/index.php\/wp-json\/wp\/v2\/comments?post=86953"}],"version-history":[{"count":0,"href":"https:\/\/ismaelcolosi.com.br\/index.php\/wp-json\/wp\/v2\/posts\/86953\/revisions"}],"wp:attachment":[{"href":"https:\/\/ismaelcolosi.com.br\/index.php\/wp-json\/wp\/v2\/media?parent=86953"}],"wp:term":[{"taxonomy":"category","embeddable":true,"href":"https:\/\/ismaelcolosi.com.br\/index.php\/wp-json\/wp\/v2\/categories?post=86953"},{"taxonomy":"post_tag","embeddable":true,"href":"https:\/\/ismaelcolosi.com.br\/index.php\/wp-json\/wp\/v2\/tags?post=86953"}],"curies":[{"name":"wp","href":"https:\/\/api.w.org\/{rel}","templated":true}]}}