{"id":86948,"date":"2025-08-07T11:40:29","date_gmt":"2025-08-07T14:40:29","guid":{"rendered":"https:\/\/ismaelcolosi.com.br\/index.php\/2025\/08\/07\/pedidos-de-auxilio-desemprego-nos-eua-sobem-na-ultima-semana\/"},"modified":"2025-08-07T11:40:29","modified_gmt":"2025-08-07T14:40:29","slug":"pedidos-de-auxilio-desemprego-nos-eua-sobem-na-ultima-semana","status":"publish","type":"post","link":"https:\/\/ismaelcolosi.com.br\/index.php\/2025\/08\/07\/pedidos-de-auxilio-desemprego-nos-eua-sobem-na-ultima-semana\/","title":{"rendered":"Pedidos de Aux\u00edlio-desemprego nos EUA Sobem na \u00daltima Semana"},"content":{"rendered":"<p> <br \/>\n<\/p>\n<div>\n<figure class=\"destaque wp-caption\">&#13;<br \/>\n\t\t<img data-recalc-dims=\"1\" width=\"678\" height=\"452\" src=\"https:\/\/i0.wp.com\/forbes.com.br\/wp-content\/uploads\/2025\/08\/auxilio-desemprego-EUA-economia-Money-768x512.png?resize=678%2C452&#038;ssl=1\" class=\"attachment-medium_large size-medium_large wp-post-image\" alt=\"aux\u00edlio-desemprego\" decoding=\"async\" fetchpriority=\"high\"\/>\t\t&#13;<figcaption class=\"wp-caption-text\">Com o aumento do n\u00famero de pedidos, as solicita\u00e7\u00f5es de aux\u00edlio-desemprego chegaram a 226 mil na semana passada.<\/figcaption>&#13;<br \/>\n\t<\/figure>\n<div class=\"accessibility\">\n<p>Acessibilidade<\/p>\n<p>&#13;<br \/>\n\t\t\t<button onclick=\"alterFont1()\" id=\"btn1\" class=\"btn\">L<\/button>&#13;<br \/>\n\t\t\t<button onclick=\"alterFont2()\" id=\"btn2\" class=\"btn\" style=\"font-family:Merriweather\">L<\/button>&#13;<br \/>\n\t\t\t<button onclick=\"alterFontSmallerSize()\" id=\"btn3\" class=\"btn\">A-<\/button>&#13;<br \/>\n\t\t\t<button onclick=\"alterFontBiggerSize()\" id=\"btn4\" class=\"btn\">A+<\/button>&#13;<br \/>\n\t\t\t<!--<button onclick='alterFontBolder()' id='btn5' class=\"btn\" >B<\/button>-->&#13;<br \/>\n\t\t\t<button onclick=\"alterBackground()\" id=\"btn6\" class=\"btn\">\u25d0<\/button>&#13;<br \/>\n\t\t\t<!--<button onclick='clean()' id='btn7' class=\"btn\" >Limpar<\/button>-->&#13;\n\t\t<\/p><div class='code-block code-block-8' style='margin: 8px auto; text-align: center; display: block; clear: both;'>\n<script>\n  atOptions = {\n    'key' : '66e2e2111ca34da796271819fc334058',\n    'format' : 'iframe',\n    'height' : 250,\n    'width' : 300,\n    'params' : {}\n  };\n<\/script>\n<script src=\"https:\/\/www.highperformanceformat.com\/66e2e2111ca34da796271819fc334058\/invoke.js\"><\/script>\n<\/div>\n\n<\/p><\/div>\n<p>O <a href=\"https:\/\/www.dol.gov\/\">Departamento do Trabalho dos EUA<\/a> informou que o n\u00famero de americanos que solicitaram o aux\u00edlio-desemprego na \u00faltima semana \u2014 encerrada em 2 agosto \u2014<strong>aumentou em 7 mil<\/strong>, chegando ao patamar ajustado sazonalmente de 226 mil. Economistas consultados pela Reuters previam 221 mil pedidos no total. O panorama indica que o mercado de trabalho est\u00e1 est\u00e1vel, mesmo com uma desacelera\u00e7\u00e3o.<\/p>\n<p>Dados do governo americano, divulgados na semana anterior, <strong>refor\u00e7am o cen\u00e1rio<\/strong>, j\u00e1 que mostraram que foram criados muito menos empregos em julho do que os economistas esperavam, por conta da incerteza sobre as tarifas do presidente dos EUA, Donald Trump, que deixou as empresas cautelosas quanto \u00e0 contrata\u00e7\u00e3o de funcion\u00e1rios.<\/p>\n<aside>\n<h2>Leia tamb\u00e9m<\/h2>\n<\/aside>\n<p>Al\u00e9m disso, os ganhos de emprego nos dois meses anteriores foram revisados para baixo em quase 260 mil, uma revers\u00e3o impressionante que levou Trump a demitir a chefe do Escrit\u00f3rio de Estat\u00edsticas do Trabalho \u2013 medida que abalou os investidores e economistas j\u00e1 ansiosos com a eros\u00e3o da qualidade dos dados econ\u00f4micos oficiais dos EUA.<\/p>\n<p>Os n\u00fameros mais recentes sobre os novos pedidos de aux\u00edlio indicam que os empregadores <strong>ainda n\u00e3o est\u00e3o<\/strong> recorrendo a demiss\u00f5es em larga escala \u00e0 medida que a economia perde for\u00e7a, mas est\u00e3o administrando o desgaste.<\/p>\n<p>Isso ajudou a manter a taxa de desemprego, de 4,2% em julho, relativamente baixa, mesmo com a desacelera\u00e7\u00e3o. A diminui\u00e7\u00e3o da oferta de m\u00e3o de obra em meio \u00e0 repress\u00e3o \u00e0 imigra\u00e7\u00e3o da Casa Branca tamb\u00e9m est\u00e1 ajudando a evitar um salto na taxa de desemprego.<\/p>\n<aside>\n<h2>Escolhas do editor<\/h2>\n<\/aside>\n<p>A hesita\u00e7\u00e3o dos empregadores em aumentar as contrata\u00e7\u00f5es significa que <strong>h\u00e1 menos empregos para os que est\u00e3o sendo demitidos<\/strong>. O n\u00famero de pessoas que recebem aux\u00edlio ap\u00f3s uma semana inicial de ajuda, um indicador de contrata\u00e7\u00f5es, aumentou para 1,974 milh\u00e3o, em dado ajustado sazonalmente, durante a semana que terminou em 26 de julho, segundo o relat\u00f3rio de pedidos.<\/p>\n<p>Enquanto isso, o Departamento do Trabalho tamb\u00e9m informou que a produtividade dos trabalhadores se recuperou no segundo trimestre, aliviando o aumento dos custos trabalhistas no in\u00edcio do ano.<\/p>\n<aside class=\"web-story\">&#13;<br \/>\n  &#13;<br \/>\n<\/aside>\n<div class=\"follow-us\">Siga o canal da <a href=\"https:\/\/whatsapp.com\/channel\/0029VaAZk57JuyA9F4UwQc2I\" target=\"_blank\" rel=\"noopener noreferrer nofollow\" title=\"Grupo da Forbes Money no WhatsApp\">Forbes Money<\/a> no WhatsApp e receba as principais not\u00edcias de economia e mercado financeiro.<\/div>\n<\/p><\/div>\n<p><script data-debloat-delay=\"1\" type=\"text\/debloat-script\">\n\t\t\t\t(function(d, s, id){\n\t\t\t\t\tvar js, fjs = d.getElementsByTagName(s)[0];\n\t\t\t\t\tif (d.getElementById(id)) return;\n\t\t\t\t\tjs = d.createElement(s); js.id = id;\n\t\t\t\t\tjs.src = \"\/\/connect.facebook.net\/pt_BR\/sdk.js#xfbml=1&version=v2.9\";\n\t\t\t\t\tfjs.parentNode.insertBefore(js, fjs);\n\t\t\t\t}(document, 'script', 'facebook-jssdk'));\n\t\t\t<\/script><br \/>\n<br \/><br \/>\n<br \/><a href=\"https:\/\/forbes.com.br\/carreira\/2025\/08\/pedidos-de-auxilio-desemprego-nos-eua-sobem-na-ultima-semana\/\">Source link <\/a><\/p>\n<div class='code-block code-block-4' style='margin: 8px auto 8px 0; text-align: left; display: block; clear: both;'>\n\ud83d\udce2 Aviso Legal\n\nO site ismaelcolosi.com.br atua apenas como um canal de divulga\u00e7\u00e3o de oportunidades de emprego e n\u00e3o se responsabiliza pelo processo seletivo, contrata\u00e7\u00e3o ou qualquer outra etapa relacionada \u00e0s vagas publicadas. Todas as informa\u00e7\u00f5es s\u00e3o de responsabilidade dos anunciantes.\n\n\u26a0\ufe0f Aten\u00e7\u00e3o! Nunca pague por promessas de emprego nem compre cursos que garantam contrata\u00e7\u00e3o. Desconfie de qualquer cobran\u00e7a para participar de sele\u00e7\u00f5es.\n\n\n\n<\/div>\n<!-- CONTENT END 1 -->\n","protected":false},"excerpt":{"rendered":"<p>&#13; &#13;Com o aumento do n\u00famero de pedidos, as solicita\u00e7\u00f5es de aux\u00edlio-desemprego chegaram a 226 mil na semana passada.&#13; Acessibilidade &#13; L&#13; L&#13; A-&#13; A+&#13;&#8230;<\/p>\n","protected":false},"author":1,"featured_media":86949,"comment_status":"","ping_status":"open","sticky":false,"template":"","format":"standard","meta":{"_uag_custom_page_level_css":"","advanced_seo_description":"","jetpack_seo_html_title":"","jetpack_seo_noindex":false,"jetpack_post_was_ever_published":false,"_jetpack_newsletter_access":"","_jetpack_dont_email_post_to_subs":false,"_jetpack_newsletter_tier_id":0,"_jetpack_memberships_contains_paywalled_content":false,"_jetpack_memberships_contains_paid_content":false,"footnotes":"","jetpack_publicize_message":"","jetpack_publicize_feature_enabled":true,"jetpack_social_post_already_shared":true,"jetpack_social_options":{"image_generator_settings":{"template":"highway","default_image_id":0,"font":"","enabled":false},"version":2}},"categories":[1964],"tags":[],"class_list":["post-86948","post","type-post","status-publish","format-standard","has-post-thumbnail","hentry","category-carreira-e-sucesso-dicas-para-carreira"],"jetpack_publicize_connections":[],"jetpack_featured_media_url":"https:\/\/i0.wp.com\/ismaelcolosi.com.br\/wp-content\/uploads\/2025\/08\/auxilio-desemprego-EUA-economia-Money-1200x675.png?fit=1200%2C675&ssl=1","uagb_featured_image_src":{"full":["https:\/\/i0.wp.com\/ismaelcolosi.com.br\/wp-content\/uploads\/2025\/08\/auxilio-desemprego-EUA-economia-Money-1200x675.png?fit=1200%2C675&ssl=1",1200,675,false],"thumbnail":["https:\/\/i0.wp.com\/ismaelcolosi.com.br\/wp-content\/uploads\/2025\/08\/auxilio-desemprego-EUA-economia-Money-1200x675.png?resize=150%2C150&ssl=1",150,150,true],"medium":["https:\/\/i0.wp.com\/ismaelcolosi.com.br\/wp-content\/uploads\/2025\/08\/auxilio-desemprego-EUA-economia-Money-1200x675.png?fit=300%2C169&ssl=1",300,169,true],"medium_large":["https:\/\/i0.wp.com\/ismaelcolosi.com.br\/wp-content\/uploads\/2025\/08\/auxilio-desemprego-EUA-economia-Money-1200x675.png?fit=768%2C432&ssl=1",768,432,true],"large":["https:\/\/i0.wp.com\/ismaelcolosi.com.br\/wp-content\/uploads\/2025\/08\/auxilio-desemprego-EUA-economia-Money-1200x675.png?fit=1024%2C576&ssl=1",1024,576,true],"1536x1536":["https:\/\/i0.wp.com\/ismaelcolosi.com.br\/wp-content\/uploads\/2025\/08\/auxilio-desemprego-EUA-economia-Money-1200x675.png?fit=1200%2C675&ssl=1",1200,675,true],"2048x2048":["https:\/\/i0.wp.com\/ismaelcolosi.com.br\/wp-content\/uploads\/2025\/08\/auxilio-desemprego-EUA-economia-Money-1200x675.png?fit=1200%2C675&ssl=1",1200,675,true],"really-simple-thumb":["https:\/\/i0.wp.com\/ismaelcolosi.com.br\/wp-content\/uploads\/2025\/08\/auxilio-desemprego-EUA-economia-Money-1200x675.png?resize=370%2C247&ssl=1",370,247,true]},"uagb_author_info":{"display_name":"ismaelcolosi.com.br","author_link":"https:\/\/ismaelcolosi.com.br\/index.php\/author\/vidareal-online\/"},"uagb_comment_info":0,"uagb_excerpt":"&#13; &#13;Com o aumento do n\u00famero de pedidos, as solicita\u00e7\u00f5es de aux\u00edlio-desemprego chegaram a 226 mil na semana passada.&#13; Acessibilidade &#13; L&#13; L&#13; A-&#13; A+&#13;...","jetpack-related-posts":[{"id":86950,"url":"https:\/\/ismaelcolosi.com.br\/index.php\/2025\/08\/07\/pedidos-de-auxilio-desemprego-nos-eua-sobem-na-ultima-semana-2\/","url_meta":{"origin":86948,"position":0},"title":"Pedidos de Aux\u00edlio-desemprego nos EUA Sobem na \u00daltima Semana","author":"ismaelcolosi.com.br","date":"7 de August de 2025","format":false,"excerpt":"\r \r Com o aumento do n\u00famero de pedidos, as solicita\u00e7\u00f5es de aux\u00edlio-desemprego chegaram a 226 mil na semana passada.\r Acessibilidade \r L\r L\r A-\r A+\r \r \u25d0\r \r O Departamento do Trabalho dos EUA informou que o n\u00famero de americanos que solicitaram o aux\u00edlio-desemprego na \u00faltima semana \u2014 encerrada\u2026","rel":"","context":"In &quot;Carreira e Sucesso&quot;","block_context":{"text":"Carreira e Sucesso","link":"https:\/\/ismaelcolosi.com.br\/index.php\/category\/carreira-e-sucesso-dicas-para-carreira\/"},"img":{"alt_text":"","src":"https:\/\/i0.wp.com\/ismaelcolosi.com.br\/wp-content\/uploads\/2025\/08\/1754577933_auxilio-desemprego-EUA-economia-Money-1200x675.png?fit=1200%2C675&ssl=1&resize=350%2C200","width":350,"height":200,"srcset":"https:\/\/i0.wp.com\/ismaelcolosi.com.br\/wp-content\/uploads\/2025\/08\/1754577933_auxilio-desemprego-EUA-economia-Money-1200x675.png?fit=1200%2C675&ssl=1&resize=350%2C200 1x, https:\/\/i0.wp.com\/ismaelcolosi.com.br\/wp-content\/uploads\/2025\/08\/1754577933_auxilio-desemprego-EUA-economia-Money-1200x675.png?fit=1200%2C675&ssl=1&resize=525%2C300 1.5x, https:\/\/i0.wp.com\/ismaelcolosi.com.br\/wp-content\/uploads\/2025\/08\/1754577933_auxilio-desemprego-EUA-economia-Money-1200x675.png?fit=1200%2C675&ssl=1&resize=700%2C400 2x, https:\/\/i0.wp.com\/ismaelcolosi.com.br\/wp-content\/uploads\/2025\/08\/1754577933_auxilio-desemprego-EUA-economia-Money-1200x675.png?fit=1200%2C675&ssl=1&resize=1050%2C600 3x"},"classes":[]},{"id":22102,"url":"https:\/\/ismaelcolosi.com.br\/index.php\/2023\/12\/29\/seguro-desemprego-esta-aprovado-para-estes-trabalhadores\/","url_meta":{"origin":86948,"position":1},"title":"Seguro-desemprego est\u00e1 aprovado para estes trabalhadores","author":"ismaelcolosi.com.br","date":"29 de December de 2023","format":false,"excerpt":"Cr\u00e9ditos: Marcelo Casal Jr.\/ Ag. BrasilSeguro desemprego: entenda como funciona O Seguro-Desemprego, um dos benef\u00edcios mais reconhecidos para trabalhadores formais no Brasil, est\u00e1 prestes a abranger uma nova categoria de cidad\u00e3os: os artes\u00e3os. Esta amplia\u00e7\u00e3o dos benefici\u00e1rios \u00e9 resultado da aprova\u00e7\u00e3o de um projeto de lei que busca incluir os\u2026","rel":"","context":"In &quot;Variedades&quot;","block_context":{"text":"Variedades","link":"https:\/\/ismaelcolosi.com.br\/index.php\/category\/variedades\/"},"img":{"alt_text":"","src":"https:\/\/i0.wp.com\/ismaelcolosi.com.br\/wp-content\/uploads\/2023\/12\/mercado-de-trabalho-unibes.jpg?fit=1200%2C638&ssl=1&resize=350%2C200","width":350,"height":200,"srcset":"https:\/\/i0.wp.com\/ismaelcolosi.com.br\/wp-content\/uploads\/2023\/12\/mercado-de-trabalho-unibes.jpg?fit=1200%2C638&ssl=1&resize=350%2C200 1x, https:\/\/i0.wp.com\/ismaelcolosi.com.br\/wp-content\/uploads\/2023\/12\/mercado-de-trabalho-unibes.jpg?fit=1200%2C638&ssl=1&resize=525%2C300 1.5x, https:\/\/i0.wp.com\/ismaelcolosi.com.br\/wp-content\/uploads\/2023\/12\/mercado-de-trabalho-unibes.jpg?fit=1200%2C638&ssl=1&resize=700%2C400 2x, https:\/\/i0.wp.com\/ismaelcolosi.com.br\/wp-content\/uploads\/2023\/12\/mercado-de-trabalho-unibes.jpg?fit=1200%2C638&ssl=1&resize=1050%2C600 3x"},"classes":[]},{"id":68130,"url":"https:\/\/ismaelcolosi.com.br\/index.php\/2024\/09\/27\/taxa-de-desemprego-no-brasil-cai-a-66-patamar-mais-baixo-desde-2014\/","url_meta":{"origin":86948,"position":2},"title":"Taxa de Desemprego no Brasil Cai a 6,6%, Patamar Mais Baixo desde 2014","author":"ismaelcolosi.com.br","date":"27 de September de 2024","format":false,"excerpt":"A taxa de desemprego no Brasil atingiu 6,6% nos tr\u00eas meses at\u00e9 agosto, o menor n\u00edvel desde o final de 2014, informou o Instituto Brasileiro de Geografia e Estat\u00edstica (IBGE) nesta sexta-feira (27). Al\u00e9m disso, o indicador aponta que o pa\u00eds alcan\u00e7ou um novo recorde no n\u00famero de pessoas ocupadas.\u00a0\u2026","rel":"","context":"In &quot;Carreira e Sucesso&quot;","block_context":{"text":"Carreira e Sucesso","link":"https:\/\/ismaelcolosi.com.br\/index.php\/category\/carreira-e-sucesso-dicas-para-carreira\/"},"img":{"alt_text":"","src":"https:\/\/i0.wp.com\/ismaelcolosi.com.br\/wp-content\/uploads\/2024\/09\/desemprego-brasil-carteira-de-trabalho-1024x683.jpg?fit=1024%2C683&ssl=1&resize=350%2C200","width":350,"height":200,"srcset":"https:\/\/i0.wp.com\/ismaelcolosi.com.br\/wp-content\/uploads\/2024\/09\/desemprego-brasil-carteira-de-trabalho-1024x683.jpg?fit=1024%2C683&ssl=1&resize=350%2C200 1x, https:\/\/i0.wp.com\/ismaelcolosi.com.br\/wp-content\/uploads\/2024\/09\/desemprego-brasil-carteira-de-trabalho-1024x683.jpg?fit=1024%2C683&ssl=1&resize=525%2C300 1.5x, https:\/\/i0.wp.com\/ismaelcolosi.com.br\/wp-content\/uploads\/2024\/09\/desemprego-brasil-carteira-de-trabalho-1024x683.jpg?fit=1024%2C683&ssl=1&resize=700%2C400 2x"},"classes":[]},{"id":27919,"url":"https:\/\/ismaelcolosi.com.br\/index.php\/2024\/01\/13\/beneficios-do-inss-avancam-371\/","url_meta":{"origin":86948,"position":3},"title":"Benef\u00edcios do INSS\u00a0avan\u00e7am 3,71% \u00a0","author":"ismaelcolosi.com.br","date":"13 de January de 2024","format":false,"excerpt":"Os minist\u00e9rios da Previd\u00eancia Social e da Fazenda editaram Portaria Interministerial, publicada no Di\u00e1rio Oficial da Uni\u00e3o desta sexta-feira, 12 de janeiro, que disp\u00f5e sobre o reajuste dos benef\u00edcios pagos pelo Instituto Nacional do Seguro Social (INSS) e demais valores constantes do Regulamento da Previd\u00eancia Social (RPS). De acordo com\u2026","rel":"","context":"In &quot;Not\u00edcias de Ribeir\u00e3o Preto-SP e Regi\u00e3o&quot;","block_context":{"text":"Not\u00edcias de Ribeir\u00e3o Preto-SP e Regi\u00e3o","link":"https:\/\/ismaelcolosi.com.br\/index.php\/category\/noticias-de-ribeirao-preto-sp-e-regiao-ismael-colosi\/"},"img":{"alt_text":"","src":"https:\/\/i0.wp.com\/ismaelcolosi.com.br\/wp-content\/uploads\/2024\/01\/INSS-Tony-Winston-Agencia-Brasilia-scaled.jpeg?fit=1000%2C598&ssl=1&resize=350%2C200","width":350,"height":200,"srcset":"https:\/\/i0.wp.com\/ismaelcolosi.com.br\/wp-content\/uploads\/2024\/01\/INSS-Tony-Winston-Agencia-Brasilia-scaled.jpeg?fit=1000%2C598&ssl=1&resize=350%2C200 1x, https:\/\/i0.wp.com\/ismaelcolosi.com.br\/wp-content\/uploads\/2024\/01\/INSS-Tony-Winston-Agencia-Brasilia-scaled.jpeg?fit=1000%2C598&ssl=1&resize=525%2C300 1.5x, https:\/\/i0.wp.com\/ismaelcolosi.com.br\/wp-content\/uploads\/2024\/01\/INSS-Tony-Winston-Agencia-Brasilia-scaled.jpeg?fit=1000%2C598&ssl=1&resize=700%2C400 2x"},"classes":[]},{"id":83725,"url":"https:\/\/ismaelcolosi.com.br\/index.php\/2025\/03\/12\/bolsa-do-povo-2025-novos-beneficios-e-auxilio-incrivel-de-r-2-490-descubra-como-ganhar\/","url_meta":{"origin":86948,"position":4},"title":"Bolsa do Povo 2025: Novos Benef\u00edcios e Aux\u00edlio Incr\u00edvel de R$ 2.490! Descubra Como Ganhar!","author":"Arthur Tijolo","date":"12 de March de 2025","format":false,"excerpt":"O governo do Estado de S\u00e3o Paulo anunciou a amplia\u00e7\u00e3o do programa Bolsa do Povo em 2025, oferecendo novos valores e abrangendo um n\u00famero maior de benefici\u00e1rios. O objetivo \u00e9 reduzir os impactos financeiros do desemprego e promover a inclus\u00e3o social. O programa agora inclui trabalhadores que j\u00e1 tiveram carteira\u2026","rel":"","context":"In &quot;Dicas e Utilidades&quot;","block_context":{"text":"Dicas e Utilidades","link":"https:\/\/ismaelcolosi.com.br\/index.php\/category\/dicas-e-utilidades-publicas\/"},"img":{"alt_text":"","src":"https:\/\/i0.wp.com\/ismaelcolosi.com.br\/wp-content\/uploads\/2025\/03\/WhatsApp-Image-2025-03-12-at-14.12.11.jpeg?fit=768%2C432&ssl=1&resize=350%2C200","width":350,"height":200,"srcset":"https:\/\/i0.wp.com\/ismaelcolosi.com.br\/wp-content\/uploads\/2025\/03\/WhatsApp-Image-2025-03-12-at-14.12.11.jpeg?fit=768%2C432&ssl=1&resize=350%2C200 1x, https:\/\/i0.wp.com\/ismaelcolosi.com.br\/wp-content\/uploads\/2025\/03\/WhatsApp-Image-2025-03-12-at-14.12.11.jpeg?fit=768%2C432&ssl=1&resize=525%2C300 1.5x, https:\/\/i0.wp.com\/ismaelcolosi.com.br\/wp-content\/uploads\/2025\/03\/WhatsApp-Image-2025-03-12-at-14.12.11.jpeg?fit=768%2C432&ssl=1&resize=700%2C400 2x"},"classes":[]},{"id":84993,"url":"https:\/\/ismaelcolosi.com.br\/index.php\/2025\/04\/30\/brasil-tem-desemprego-de-70-no-trimestre-ate-marco-diz-ibge\/","url_meta":{"origin":86948,"position":5},"title":"Brasil Tem Desemprego de 7,0% no Trimestre at\u00e9 Mar\u00e7o, Diz IBGE","author":"ismaelcolosi.com.br","date":"30 de April de 2025","format":false,"excerpt":"\r Getty Images\r A taxa baixa de desemprego ajuda a estimular a atividade econ\u00f4mica, mas por outro lado dificulta o controle da infla\u00e7\u00e3o\r Acessibilidade \r L\r L\r A-\r A+\r \r \u25d0\r \r \u00a0 O\u00a0Brasil\u00a0fechou o primeiro trimestre com alta da taxa de\u00a0desemprego\u00a0em rela\u00e7\u00e3o ao final do ano passado devido ao\u2026","rel":"","context":"In &quot;Carreira e Sucesso&quot;","block_context":{"text":"Carreira e Sucesso","link":"https:\/\/ismaelcolosi.com.br\/index.php\/category\/carreira-e-sucesso-dicas-para-carreira\/"},"img":{"alt_text":"","src":"https:\/\/i0.wp.com\/ismaelcolosi.com.br\/wp-content\/uploads\/2025\/04\/carreira-desemprego-1200x675.jpg?fit=1200%2C675&ssl=1&resize=350%2C200","width":350,"height":200,"srcset":"https:\/\/i0.wp.com\/ismaelcolosi.com.br\/wp-content\/uploads\/2025\/04\/carreira-desemprego-1200x675.jpg?fit=1200%2C675&ssl=1&resize=350%2C200 1x, https:\/\/i0.wp.com\/ismaelcolosi.com.br\/wp-content\/uploads\/2025\/04\/carreira-desemprego-1200x675.jpg?fit=1200%2C675&ssl=1&resize=525%2C300 1.5x, https:\/\/i0.wp.com\/ismaelcolosi.com.br\/wp-content\/uploads\/2025\/04\/carreira-desemprego-1200x675.jpg?fit=1200%2C675&ssl=1&resize=700%2C400 2x, https:\/\/i0.wp.com\/ismaelcolosi.com.br\/wp-content\/uploads\/2025\/04\/carreira-desemprego-1200x675.jpg?fit=1200%2C675&ssl=1&resize=1050%2C600 3x"},"classes":[]}],"jetpack_sharing_enabled":true,"jetpack_shortlink":"https:\/\/wp.me\/pfMlyK-mCo","_links":{"self":[{"href":"https:\/\/ismaelcolosi.com.br\/index.php\/wp-json\/wp\/v2\/posts\/86948","targetHints":{"allow":["GET"]}}],"collection":[{"href":"https:\/\/ismaelcolosi.com.br\/index.php\/wp-json\/wp\/v2\/posts"}],"about":[{"href":"https:\/\/ismaelcolosi.com.br\/index.php\/wp-json\/wp\/v2\/types\/post"}],"author":[{"embeddable":true,"href":"https:\/\/ismaelcolosi.com.br\/index.php\/wp-json\/wp\/v2\/users\/1"}],"replies":[{"embeddable":true,"href":"https:\/\/ismaelcolosi.com.br\/index.php\/wp-json\/wp\/v2\/comments?post=86948"}],"version-history":[{"count":0,"href":"https:\/\/ismaelcolosi.com.br\/index.php\/wp-json\/wp\/v2\/posts\/86948\/revisions"}],"wp:featuredmedia":[{"embeddable":true,"href":"https:\/\/ismaelcolosi.com.br\/index.php\/wp-json\/wp\/v2\/media\/86949"}],"wp:attachment":[{"href":"https:\/\/ismaelcolosi.com.br\/index.php\/wp-json\/wp\/v2\/media?parent=86948"}],"wp:term":[{"taxonomy":"category","embeddable":true,"href":"https:\/\/ismaelcolosi.com.br\/index.php\/wp-json\/wp\/v2\/categories?post=86948"},{"taxonomy":"post_tag","embeddable":true,"href":"https:\/\/ismaelcolosi.com.br\/index.php\/wp-json\/wp\/v2\/tags?post=86948"}],"curies":[{"name":"wp","href":"https:\/\/api.w.org\/{rel}","templated":true}]}}