{"id":86933,"date":"2025-08-06T05:02:59","date_gmt":"2025-08-06T08:02:59","guid":{"rendered":"https:\/\/ismaelcolosi.com.br\/index.php\/2025\/08\/06\/startups-de-ia-adotam-modelo-de-trabalho-chines-9-9-6-entenda\/"},"modified":"2025-08-06T05:02:59","modified_gmt":"2025-08-06T08:02:59","slug":"startups-de-ia-adotam-modelo-de-trabalho-chines-9-9-6-entenda","status":"publish","type":"post","link":"https:\/\/ismaelcolosi.com.br\/index.php\/2025\/08\/06\/startups-de-ia-adotam-modelo-de-trabalho-chines-9-9-6-entenda\/","title":{"rendered":"Startups de IA Adotam Modelo de Trabalho Chin\u00eas 9-9-6; Entenda"},"content":{"rendered":"<p> <br \/>\n<\/p>\n<div>\n<figure class=\"destaque wp-caption\">&#13;<br \/>\n\t\t<img data-recalc-dims=\"1\" width=\"678\" height=\"452\" src=\"https:\/\/i0.wp.com\/forbes.com.br\/wp-content\/uploads\/2025\/08\/carreira-trabalho-burnout-768x512.jpg?resize=678%2C452&#038;ssl=1\" class=\"attachment-medium_large size-medium_large wp-post-image\" alt=\"homem e mulher trabalhando \u00e0 noite\" decoding=\"async\" fetchpriority=\"high\"\/>\t\t<\/p>\n<p>Getty Images<\/p>\n<p>&#13;<figcaption class=\"wp-caption-text\">Pesquisas indicam e especialistas corroboram que jornadas de trabalho excessivas levam ao burnout, \u00e0 fadiga cognitiva e ao desengajamento<\/figcaption>&#13;<br \/>\n\t<\/figure>\n<div class=\"accessibility\">\n<p>Acessibilidade<\/p>\n<p>&#13;<br \/>\n\t\t\t<button onclick=\"alterFont1()\" id=\"btn1\" class=\"btn\">L<\/button>&#13;<br \/>\n\t\t\t<button onclick=\"alterFont2()\" id=\"btn2\" class=\"btn\" style=\"font-family:Merriweather\">L<\/button>&#13;<br \/>\n\t\t\t<button onclick=\"alterFontSmallerSize()\" id=\"btn3\" class=\"btn\">A-<\/button>&#13;<br \/>\n\t\t\t<button onclick=\"alterFontBiggerSize()\" id=\"btn4\" class=\"btn\">A+<\/button>&#13;<br \/>\n\t\t\t<!--<button onclick='alterFontBolder()' id='btn5' class=\"btn\" >B<\/button>-->&#13;<br \/>\n\t\t\t<button onclick=\"alterBackground()\" id=\"btn6\" class=\"btn\">\u25d0<\/button>&#13;<br \/>\n\t\t\t<!--<button onclick='clean()' id='btn7' class=\"btn\" >Limpar<\/button>-->&#13;\n\t\t<\/p><div class='code-block code-block-8' style='margin: 8px auto; text-align: center; display: block; clear: both;'>\n<script>\n  atOptions = {\n    'key' : '66e2e2111ca34da796271819fc334058',\n    'format' : 'iframe',\n    'height' : 250,\n    'width' : 300,\n    'params' : {}\n  };\n<\/script>\n<script src=\"https:\/\/www.highperformanceformat.com\/66e2e2111ca34da796271819fc334058\/invoke.js\"><\/script>\n<\/div>\n\n<\/p><\/div>\n<p>Algumas <strong>startups<\/strong> de <strong>intelig\u00eancia artificial<\/strong> est\u00e3o levando o ambiente de <strong>trabalho<\/strong> ao limite ao adotar o <strong>modelo chin\u00eas \u201c9-9-6\u201d<\/strong>: jornadas das 9h \u00e0s 21h, seis dias por semana. Empresas asi\u00e1ticas s\u00e3o conhecidas por adotar a rotina, que, segundo especialistas, sobrecarrega colaboradores, gera <strong>estresse cr\u00f4nico<\/strong> e pode levar ao <strong>burnout<\/strong>. Quando n\u00e3o tratado, pode evoluir para o <strong>karoshi<\/strong> \u2014 termo japon\u00eas para<strong> morte por excesso de trabalho<\/strong>.<\/p>\n<p>Desencantados com a baixa perspectiva de recompensa pelo esfor\u00e7o, os jovens chineses criaram o termo <strong>tang ping<\/strong>, ou \u201cdeitar e relaxar\u201d, para se encorajarem mutuamente a evitar o excesso de trabalho e tirar um tempo para descansar.<\/p>\n<p>Alguns dos principais l\u00edderes empresariais dos Estados Unidos tamb\u00e9m seguem rotinas implac\u00e1veis. <strong>Marissa Mayer<\/strong>, ex-executiva do <strong>Google<\/strong>, teria chegado a trabalhar at\u00e9 130 horas por semana.<strong> Tim Cook,<\/strong> da <strong>Apple<\/strong>, envia e-mails a partir das 4h30 da manh\u00e3. <strong>Elon Musk<\/strong>, fundador e CEO da <strong>Tesla<\/strong>, \u00e9 conhecido por manter semanas de 120 horas de trabalho. <strong>Jack Ma<\/strong>, fundador do <strong>Alibaba<\/strong>, tamb\u00e9m \u00e9 um entusiasta do regime chin\u00eas.<\/p>\n<aside>\n<h2>Leia tamb\u00e9m<\/h2>\n<\/aside>\n<h2>Tempo de trabalho n\u00e3o \u00e9 sin\u00f4nimo de produtividade<\/h2>\n<p>Alguns l\u00edderes esperam que seus funcion\u00e1rios sigam ritmos semelhantes. Em 2022, Musk foi acusado de promover uma esp\u00e9cie de \u201cescravid\u00e3o corporativa\u201d. Ao elogiar os funcion\u00e1rios da Tesla na China por \u201cvirarem a madrugada at\u00e9 3h da manh\u00e3\u201d, ele disse que os americanos estavam \u201ctentando evitar o trabalho a todo custo\u201d. No mesmo ano, o bilion\u00e1rio p\u00f4s fim ao trabalho remoto na Tesla e demitiu quase metade dos 7 mil colaboradores da empresa.<\/p>\n<p>Ao contr\u00e1rio do que se pode pensar, jornadas extremas corroem a <strong>produtividade<\/strong> no trabalho, diz <strong>Caitlin Collins<\/strong>, psic\u00f3loga organizacional e diretora de estrat\u00e9gia na Betterworks, empresa especializada em solu\u00e7\u00f5es de software de gest\u00e3o de desempenho. \u201cA ideia de que trabalhar das 9h \u00e0s 21h, seis dias por semana, impulsiona a inova\u00e7\u00e3o \u00e9 profundamente equivocada\u201d, afirma. \u201cAs pesquisas mostram que o excesso de trabalho leva ao burnout, \u00e0 fadiga cognitiva e ao desengajamento, fatores que comprometem diretamente a criatividade e o foco dos quais as empresas de IA dependem para inovar.\u201d<\/p>\n<p>H\u00e1 um amplo conjunto de estudos mostrando que mais tempo na mesa de trabalho n\u00e3o significa produzir mais. Um<a href=\"https:\/\/pubmed.ncbi.nlm.nih.gov\/31200573\/\" target=\"_blank\" rel=\"noopener\"> estudo brit\u00e2nico<\/a>, por exemplo, mostrou que funcion\u00e1rios que trabalham mais de 11 horas por dia t\u00eam <strong>67%<\/strong> mais chances de sofrer um ataque card\u00edaco. Enquanto isso, colaboradores que passam de 54 horas semanais t\u00eam maior risco de morrer por excesso de trabalho.<\/p>\n<h2>Profissionais buscam equil\u00edbrio<\/h2>\n<p>O <strong>equil\u00edbrio entre vida pessoal e profissional<\/strong> n\u00e3o \u00e9 um benef\u00edcio, mas uma <strong>necessidade estrat\u00e9gica de neg\u00f3cio<\/strong>. \u201cProfissionais t\u00eam melhor desempenho quando contam com flexibilidade, espa\u00e7o mental e confian\u00e7a para integrar o trabalho \u00e0s suas vidas, em vez de terem que sacrificar o bem-estar\u201d, diz <strong>Collins<\/strong>.<\/p>\n<p>Em resposta a jornadas de trabalho como a 9-9-6, a Gera\u00e7\u00e3o Z defende foco na flexibilidade e na sa\u00fade dos colaboradores. \u201cA Gera\u00e7\u00e3o Z e os talentos mais jovens j\u00e1 est\u00e3o rejeitando a cultura do burnout como s\u00edmbolo de m\u00e9rito. E as empresas que insistirem nesses modelos ultrapassados correm o risco de perder seus profissionais mais capacitados.\u201d<\/p>\n<p>J\u00e1 \u00e9 poss\u00edvel ver os primeiros reflexos desse impacto. Os jovens est\u00e3o revisando pr\u00e1ticas ultrapassadas e modernizando a forma como o trabalho \u00e9 feito, lan\u00e7ando <strong>tend\u00eancias<\/strong> como o \u201c<strong>conscious un-bossing<\/strong>\u201d (lideran\u00e7a consciente, menos hier\u00e1rquica) e os \u201cmicroturnos\u201d (pequenos ajustes de jornada).<\/p>\n<p>Confira seis mudan\u00e7as que a gera\u00e7\u00e3o Z defende para tornar o ambiente de trabalho mais humano e flex\u00edvel:<\/p>\n<ul>\n<li><strong>1. Priorizar a sa\u00fade mental e o bem-estar<\/strong> em vez de expectativas tradicionais de trabalho.<\/li>\n<li><strong>2. Buscar modelos de trabalho flex\u00edveis<\/strong>, com possibilidade de modelos remoto ou h\u00edbrido.<\/li>\n<li><strong>3. Valorizar trabalhos com prop\u00f3sito<\/strong>, alinhados a seus valores e paix\u00f5es pessoais.<\/li>\n<li><strong>4. Adotar tecnologias para aumentar a produtividade,<\/strong> mas mantendo limites claros.<\/li>\n<li><strong>5. Defender uma cultura que respeite o tempo pessoal<\/strong> e estimule pausas.<\/li>\n<li><strong>6. Construir rela\u00e7\u00f5es de apoio no trabalho<\/strong>\u00a0que promovam a colabora\u00e7\u00e3o.<\/li>\n<\/ul>\n<p>Segundo <strong>Christine Royston<\/strong>, CMO da plataforma de gest\u00e3o de projetos em nuvem <strong>Wrike<\/strong>, essas mudan\u00e7as v\u00e3o muito al\u00e9m de prefer\u00eancias geracionais: s\u00e3o ind\u00edcios de uma transforma\u00e7\u00e3o permanente na forma como a produtividade \u00e9 compreendida. \u201cA Gera\u00e7\u00e3o Z est\u00e1 impulsionando a ado\u00e7\u00e3o de plataformas de colabora\u00e7\u00e3o mais inteligentes e flex\u00edveis.\u201d<\/p>\n<p>O grande desafio para as empresas \u00e9 criar culturas organizacionais que combinem <strong>produtividade e rentabilidade com humanidade e bem-estar f\u00edsico e mental<\/strong>.<\/p>\n<p><em>*Bryan Robinson \u00e9 colaborador da Forbes US. Ele \u00e9 autor de 40 livros de n\u00e3o-fic\u00e7\u00e3o traduzidos para 15 idiomas. Tamb\u00e9m \u00e9 professor em\u00e9rito da Universidade da Carolina do Norte, onde conduziu os primeiros estudos sobre filhos de workaholics e os efeitos do trabalho no casamento.<\/em><\/p>\n<aside>\n<h2>Escolhas do editor<\/h2>\n<\/aside>\n<div class=\"follow-us\">Siga o canal da <a href=\"https:\/\/whatsapp.com\/channel\/0029Va9gQKwBFLgM96cJnu0u\" target=\"_blank\" rel=\"noopener noreferrer nofollow\" title=\"Grupo da Forbes no WhatsApp\">Forbes<\/a> no WhatsApp e receba as principais not\u00edcias de empreendedorismo, carreira, tecnologia, agro e lifestyle.<\/div>\n<\/p><\/div>\n<p><script data-debloat-delay=\"1\" type=\"text\/debloat-script\">\n\t\t\t\t(function(d, s, id){\n\t\t\t\t\tvar js, fjs = d.getElementsByTagName(s)[0];\n\t\t\t\t\tif (d.getElementById(id)) return;\n\t\t\t\t\tjs = d.createElement(s); js.id = id;\n\t\t\t\t\tjs.src = \"\/\/connect.facebook.net\/pt_BR\/sdk.js#xfbml=1&version=v2.9\";\n\t\t\t\t\tfjs.parentNode.insertBefore(js, fjs);\n\t\t\t\t}(document, 'script', 'facebook-jssdk'));\n\t\t\t<\/script><br \/>\n<br \/><br \/>\n<br \/><a href=\"https:\/\/forbes.com.br\/carreira\/2025\/08\/startups-de-ia-adotam-modelo-de-trabalho-chines-9-9-6-entenda\/\">Source link <\/a><\/p>\n<div class='code-block code-block-4' style='margin: 8px auto 8px 0; text-align: left; display: block; clear: both;'>\n\ud83d\udce2 Aviso Legal\n\nO site ismaelcolosi.com.br atua apenas como um canal de divulga\u00e7\u00e3o de oportunidades de emprego e n\u00e3o se responsabiliza pelo processo seletivo, contrata\u00e7\u00e3o ou qualquer outra etapa relacionada \u00e0s vagas publicadas. Todas as informa\u00e7\u00f5es s\u00e3o de responsabilidade dos anunciantes.\n\n\u26a0\ufe0f Aten\u00e7\u00e3o! Nunca pague por promessas de emprego nem compre cursos que garantam contrata\u00e7\u00e3o. Desconfie de qualquer cobran\u00e7a para participar de sele\u00e7\u00f5es.\n\n\n\n<\/div>\n<!-- CONTENT END 1 -->\n","protected":false},"excerpt":{"rendered":"<p>&#13; Getty Images &#13;Pesquisas indicam e especialistas corroboram que jornadas de trabalho excessivas levam ao burnout, \u00e0 fadiga cognitiva e ao desengajamento&#13; Acessibilidade &#13; L&#13;&#8230;<\/p>\n","protected":false},"author":1,"featured_media":86934,"comment_status":"","ping_status":"open","sticky":false,"template":"","format":"standard","meta":{"_uag_custom_page_level_css":"","advanced_seo_description":"","jetpack_seo_html_title":"","jetpack_seo_noindex":false,"jetpack_post_was_ever_published":false,"_jetpack_newsletter_access":"","_jetpack_dont_email_post_to_subs":false,"_jetpack_newsletter_tier_id":0,"_jetpack_memberships_contains_paywalled_content":false,"_jetpack_memberships_contains_paid_content":false,"footnotes":"","jetpack_publicize_message":"","jetpack_publicize_feature_enabled":true,"jetpack_social_post_already_shared":true,"jetpack_social_options":{"image_generator_settings":{"template":"highway","default_image_id":0,"font":"","enabled":false},"version":2}},"categories":[1964],"tags":[],"class_list":["post-86933","post","type-post","status-publish","format-standard","has-post-thumbnail","hentry","category-carreira-e-sucesso-dicas-para-carreira"],"jetpack_publicize_connections":[],"jetpack_featured_media_url":"https:\/\/i0.wp.com\/ismaelcolosi.com.br\/wp-content\/uploads\/2025\/08\/carreira-trabalho-burnout-1200x675.jpg?fit=1200%2C675&ssl=1","uagb_featured_image_src":{"full":["https:\/\/i0.wp.com\/ismaelcolosi.com.br\/wp-content\/uploads\/2025\/08\/carreira-trabalho-burnout-1200x675.jpg?fit=1200%2C675&ssl=1",1200,675,false],"thumbnail":["https:\/\/i0.wp.com\/ismaelcolosi.com.br\/wp-content\/uploads\/2025\/08\/carreira-trabalho-burnout-1200x675.jpg?resize=150%2C150&ssl=1",150,150,true],"medium":["https:\/\/i0.wp.com\/ismaelcolosi.com.br\/wp-content\/uploads\/2025\/08\/carreira-trabalho-burnout-1200x675.jpg?fit=300%2C169&ssl=1",300,169,true],"medium_large":["https:\/\/i0.wp.com\/ismaelcolosi.com.br\/wp-content\/uploads\/2025\/08\/carreira-trabalho-burnout-1200x675.jpg?fit=768%2C432&ssl=1",768,432,true],"large":["https:\/\/i0.wp.com\/ismaelcolosi.com.br\/wp-content\/uploads\/2025\/08\/carreira-trabalho-burnout-1200x675.jpg?fit=1024%2C576&ssl=1",1024,576,true],"1536x1536":["https:\/\/i0.wp.com\/ismaelcolosi.com.br\/wp-content\/uploads\/2025\/08\/carreira-trabalho-burnout-1200x675.jpg?fit=1200%2C675&ssl=1",1200,675,true],"2048x2048":["https:\/\/i0.wp.com\/ismaelcolosi.com.br\/wp-content\/uploads\/2025\/08\/carreira-trabalho-burnout-1200x675.jpg?fit=1200%2C675&ssl=1",1200,675,true],"really-simple-thumb":["https:\/\/i0.wp.com\/ismaelcolosi.com.br\/wp-content\/uploads\/2025\/08\/carreira-trabalho-burnout-1200x675.jpg?resize=370%2C247&ssl=1",370,247,true]},"uagb_author_info":{"display_name":"ismaelcolosi.com.br","author_link":"https:\/\/ismaelcolosi.com.br\/index.php\/author\/vidareal-online\/"},"uagb_comment_info":0,"uagb_excerpt":"&#13; Getty Images &#13;Pesquisas indicam e especialistas corroboram que jornadas de trabalho excessivas levam ao burnout, \u00e0 fadiga cognitiva e ao desengajamento&#13; Acessibilidade &#13; L&#13;...","jetpack-related-posts":[{"id":81054,"url":"https:\/\/ismaelcolosi.com.br\/index.php\/2025\/01\/07\/como-voltar-a-rotina-de-trabalho\/","url_meta":{"origin":86933,"position":0},"title":"Como Voltar \u00e0 Rotina de Trabalho","author":"ismaelcolosi.com.br","date":"7 de January de 2025","format":false,"excerpt":"\r Getty Images\r Para mergulhar na rotina profissional no in\u00edcio do ano, \u00e9 preciso estar preparado para transformar desafios em oportunidades\r \u00a0 Acessibilidade \r L\r L\r A-\r A+\r \r \u25d0\r \r \u00a0 Com o fim da temporada de festas, muitos profissionais compartilham um sentimento comum: a dificuldade de voltar ao\u2026","rel":"","context":"In &quot;Carreira e Sucesso&quot;","block_context":{"text":"Carreira e Sucesso","link":"https:\/\/ismaelcolosi.com.br\/index.php\/category\/carreira-e-sucesso-dicas-para-carreira\/"},"img":{"alt_text":"","src":"https:\/\/i0.wp.com\/ismaelcolosi.com.br\/wp-content\/uploads\/2025\/01\/carreira-mulher-tranquila-trabalho-1200x675.jpg?fit=1200%2C675&ssl=1&resize=350%2C200","width":350,"height":200,"srcset":"https:\/\/i0.wp.com\/ismaelcolosi.com.br\/wp-content\/uploads\/2025\/01\/carreira-mulher-tranquila-trabalho-1200x675.jpg?fit=1200%2C675&ssl=1&resize=350%2C200 1x, https:\/\/i0.wp.com\/ismaelcolosi.com.br\/wp-content\/uploads\/2025\/01\/carreira-mulher-tranquila-trabalho-1200x675.jpg?fit=1200%2C675&ssl=1&resize=525%2C300 1.5x, https:\/\/i0.wp.com\/ismaelcolosi.com.br\/wp-content\/uploads\/2025\/01\/carreira-mulher-tranquila-trabalho-1200x675.jpg?fit=1200%2C675&ssl=1&resize=700%2C400 2x, https:\/\/i0.wp.com\/ismaelcolosi.com.br\/wp-content\/uploads\/2025\/01\/carreira-mulher-tranquila-trabalho-1200x675.jpg?fit=1200%2C675&ssl=1&resize=1050%2C600 3x"},"classes":[]},{"id":87477,"url":"https:\/\/ismaelcolosi.com.br\/index.php\/2025\/09\/11\/parlamento-da-espanha-derruba-projeto-de-reducao-da-jornada-de-trabalho\/","url_meta":{"origin":86933,"position":1},"title":"Parlamento da Espanha Derruba Projeto de Redu\u00e7\u00e3o da Jornada de Trabalho","author":"ismaelcolosi.com.br","date":"11 de September de 2025","format":false,"excerpt":"\r \r \r \r A ministra do Trabalho prometeu reapresentar a medida que reduz o teto da jornada semanal de 40 para 37 horas e meia \u2013 o que equivale a meia hora a menos por dia \r \r \r \r \r Legisladores votaram por 178 a 170 para bloquear\u2026","rel":"","context":"In &quot;Carreira e Sucesso&quot;","block_context":{"text":"Carreira e Sucesso","link":"https:\/\/ismaelcolosi.com.br\/index.php\/category\/carreira-e-sucesso-dicas-para-carreira\/"},"img":{"alt_text":"","src":"https:\/\/i0.wp.com\/ismaelcolosi.com.br\/wp-content\/uploads\/2025\/09\/Espanha-1200x675.png?fit=1200%2C675&ssl=1&resize=350%2C200","width":350,"height":200,"srcset":"https:\/\/i0.wp.com\/ismaelcolosi.com.br\/wp-content\/uploads\/2025\/09\/Espanha-1200x675.png?fit=1200%2C675&ssl=1&resize=350%2C200 1x, https:\/\/i0.wp.com\/ismaelcolosi.com.br\/wp-content\/uploads\/2025\/09\/Espanha-1200x675.png?fit=1200%2C675&ssl=1&resize=525%2C300 1.5x, https:\/\/i0.wp.com\/ismaelcolosi.com.br\/wp-content\/uploads\/2025\/09\/Espanha-1200x675.png?fit=1200%2C675&ssl=1&resize=700%2C400 2x, https:\/\/i0.wp.com\/ismaelcolosi.com.br\/wp-content\/uploads\/2025\/09\/Espanha-1200x675.png?fit=1200%2C675&ssl=1&resize=1050%2C600 3x"},"classes":[]},{"id":83852,"url":"https:\/\/ismaelcolosi.com.br\/index.php\/2025\/03\/18\/10-tendencias-do-trabalho-em-2025\/","url_meta":{"origin":86933,"position":2},"title":"10 Tend\u00eancias do Trabalho em 2025","author":"ismaelcolosi.com.br","date":"18 de March de 2025","format":false,"excerpt":"\r Divulga\u00e7\u00e3o\r Regus Tr\u00eas Figueiras, em Porto Alegre (RS); na p\u00e1gina ao lado, sala de reuni\u00e3o da Regus S\u00e9culo XXI, em Curitiba (PR)\r Acessibilidade \r L\r L\r A-\r A+\r \r \u25d0\r \r O ano de 2025 ser\u00e1 transformador para o mundo do trabalho, pois os avan\u00e7os tecnol\u00f3gicos continuam a moldar\u2026","rel":"","context":"In &quot;Carreira e Sucesso&quot;","block_context":{"text":"Carreira e Sucesso","link":"https:\/\/ismaelcolosi.com.br\/index.php\/category\/carreira-e-sucesso-dicas-para-carreira\/"},"img":{"alt_text":"","src":"https:\/\/i0.wp.com\/ismaelcolosi.com.br\/wp-content\/uploads\/2025\/03\/1-12-1200x675.png?fit=1200%2C675&ssl=1&resize=350%2C200","width":350,"height":200,"srcset":"https:\/\/i0.wp.com\/ismaelcolosi.com.br\/wp-content\/uploads\/2025\/03\/1-12-1200x675.png?fit=1200%2C675&ssl=1&resize=350%2C200 1x, https:\/\/i0.wp.com\/ismaelcolosi.com.br\/wp-content\/uploads\/2025\/03\/1-12-1200x675.png?fit=1200%2C675&ssl=1&resize=525%2C300 1.5x, https:\/\/i0.wp.com\/ismaelcolosi.com.br\/wp-content\/uploads\/2025\/03\/1-12-1200x675.png?fit=1200%2C675&ssl=1&resize=700%2C400 2x, https:\/\/i0.wp.com\/ismaelcolosi.com.br\/wp-content\/uploads\/2025\/03\/1-12-1200x675.png?fit=1200%2C675&ssl=1&resize=1050%2C600 3x"},"classes":[]},{"id":84746,"url":"https:\/\/ismaelcolosi.com.br\/index.php\/2025\/04\/23\/intel-demitira-mais-de-20-da-forca-de-trabalho\/","url_meta":{"origin":86933,"position":3},"title":"Intel Demitir\u00e1 Mais de 20% da For\u00e7a de Trabalho","author":"ismaelcolosi.com.br","date":"23 de April de 2025","format":false,"excerpt":"\r \r \r \r Empresa busca refor\u00e7ar foco t\u00e9cnico ao reestruturar equipe \r \r \r \r REUTERS\/Dado Ruvic\r Fabricante de chips divulga balan\u00e7o sob nova gest\u00e3o de Lip-Bu Tan\r Acessibilidade \r L\r L\r A-\r A+\r \r \u25d0\r \r A Intel deve revelar planos esta semana para cortar mais de 20%\u2026","rel":"","context":"In &quot;Carreira e Sucesso&quot;","block_context":{"text":"Carreira e Sucesso","link":"https:\/\/ismaelcolosi.com.br\/index.php\/category\/carreira-e-sucesso-dicas-para-carreira\/"},"img":{"alt_text":"","src":"https:\/\/i0.wp.com\/ismaelcolosi.com.br\/wp-content\/uploads\/2025\/04\/2025-04-23T125004Z_1_LYNXMPEL3M0P1_RTROPTP_4_TECH-INTEL-DEMITE-1200x675.jpg?fit=1200%2C675&ssl=1&resize=350%2C200","width":350,"height":200,"srcset":"https:\/\/i0.wp.com\/ismaelcolosi.com.br\/wp-content\/uploads\/2025\/04\/2025-04-23T125004Z_1_LYNXMPEL3M0P1_RTROPTP_4_TECH-INTEL-DEMITE-1200x675.jpg?fit=1200%2C675&ssl=1&resize=350%2C200 1x, https:\/\/i0.wp.com\/ismaelcolosi.com.br\/wp-content\/uploads\/2025\/04\/2025-04-23T125004Z_1_LYNXMPEL3M0P1_RTROPTP_4_TECH-INTEL-DEMITE-1200x675.jpg?fit=1200%2C675&ssl=1&resize=525%2C300 1.5x, https:\/\/i0.wp.com\/ismaelcolosi.com.br\/wp-content\/uploads\/2025\/04\/2025-04-23T125004Z_1_LYNXMPEL3M0P1_RTROPTP_4_TECH-INTEL-DEMITE-1200x675.jpg?fit=1200%2C675&ssl=1&resize=700%2C400 2x, https:\/\/i0.wp.com\/ismaelcolosi.com.br\/wp-content\/uploads\/2025\/04\/2025-04-23T125004Z_1_LYNXMPEL3M0P1_RTROPTP_4_TECH-INTEL-DEMITE-1200x675.jpg?fit=1200%2C675&ssl=1&resize=1050%2C600 3x"},"classes":[]},{"id":81941,"url":"https:\/\/ismaelcolosi.com.br\/index.php\/2025\/01\/21\/trump-ordena-que-funcionarios-do-governo-retornem-ao-presencial\/","url_meta":{"origin":86933,"position":4},"title":"Trump Ordena Que Funcion\u00e1rios do Governo Retornem Ao Presencial","author":"ismaelcolosi.com.br","date":"21 de January de 2025","format":false,"excerpt":"\r Getty Images\r Medidas restauram uma ordem administrativa do primeiro mandato de Trump, que havia sido revogada por Joe Biden ao assumir a presid\u00eancia\r Acessibilidade \r L\r L\r A-\r A+\r \r \u25d0\r \r \u00a0 O presidente dos Estados Unidos, Donald Trump, ordenou que os funcion\u00e1rios federais retornem aos escrit\u00f3rios cinco\u2026","rel":"","context":"In &quot;Carreira e Sucesso&quot;","block_context":{"text":"Carreira e Sucesso","link":"https:\/\/ismaelcolosi.com.br\/index.php\/category\/carreira-e-sucesso-dicas-para-carreira\/"},"img":{"alt_text":"","src":"https:\/\/i0.wp.com\/ismaelcolosi.com.br\/wp-content\/uploads\/2025\/01\/Trump-forbes-2025-1-1200x675.jpg?fit=1200%2C675&ssl=1&resize=350%2C200","width":350,"height":200,"srcset":"https:\/\/i0.wp.com\/ismaelcolosi.com.br\/wp-content\/uploads\/2025\/01\/Trump-forbes-2025-1-1200x675.jpg?fit=1200%2C675&ssl=1&resize=350%2C200 1x, https:\/\/i0.wp.com\/ismaelcolosi.com.br\/wp-content\/uploads\/2025\/01\/Trump-forbes-2025-1-1200x675.jpg?fit=1200%2C675&ssl=1&resize=525%2C300 1.5x, https:\/\/i0.wp.com\/ismaelcolosi.com.br\/wp-content\/uploads\/2025\/01\/Trump-forbes-2025-1-1200x675.jpg?fit=1200%2C675&ssl=1&resize=700%2C400 2x, https:\/\/i0.wp.com\/ismaelcolosi.com.br\/wp-content\/uploads\/2025\/01\/Trump-forbes-2025-1-1200x675.jpg?fit=1200%2C675&ssl=1&resize=1050%2C600 3x"},"classes":[]},{"id":81379,"url":"https:\/\/ismaelcolosi.com.br\/index.php\/2025\/01\/10\/jpmorgan-determina-retorno-ao-escritorio-5-dias-por-semana\/","url_meta":{"origin":86933,"position":5},"title":"JPMorgan Determina Retorno ao Escrit\u00f3rio 5 Dias por Semana","author":"ismaelcolosi.com.br","date":"10 de January de 2025","format":false,"excerpt":"\r \r \r \r Decis\u00e3o segue outras grandes empresas, como Amazon e AT&T, que retomaram o modelo pr\u00e9-pandemia \r \r \r \r \r O CEO do JPMorgan, Jamie Dimon, \u00e9 um defensor vocal do trabalho totalmente presencial\r O JPMorgan Chase ordenou o retorno de seus funcion\u00e1rios que trabalham em modelo\u2026","rel":"","context":"In &quot;Carreira e Sucesso&quot;","block_context":{"text":"Carreira e Sucesso","link":"https:\/\/ismaelcolosi.com.br\/index.php\/category\/carreira-e-sucesso-dicas-para-carreira\/"},"img":{"alt_text":"","src":"https:\/\/i0.wp.com\/ismaelcolosi.com.br\/wp-content\/uploads\/2025\/01\/carreira-JPMorgan-1200x675.jpg?fit=1200%2C675&ssl=1&resize=350%2C200","width":350,"height":200,"srcset":"https:\/\/i0.wp.com\/ismaelcolosi.com.br\/wp-content\/uploads\/2025\/01\/carreira-JPMorgan-1200x675.jpg?fit=1200%2C675&ssl=1&resize=350%2C200 1x, https:\/\/i0.wp.com\/ismaelcolosi.com.br\/wp-content\/uploads\/2025\/01\/carreira-JPMorgan-1200x675.jpg?fit=1200%2C675&ssl=1&resize=525%2C300 1.5x, https:\/\/i0.wp.com\/ismaelcolosi.com.br\/wp-content\/uploads\/2025\/01\/carreira-JPMorgan-1200x675.jpg?fit=1200%2C675&ssl=1&resize=700%2C400 2x, https:\/\/i0.wp.com\/ismaelcolosi.com.br\/wp-content\/uploads\/2025\/01\/carreira-JPMorgan-1200x675.jpg?fit=1200%2C675&ssl=1&resize=1050%2C600 3x"},"classes":[]}],"jetpack_sharing_enabled":true,"jetpack_shortlink":"https:\/\/wp.me\/pfMlyK-mC9","_links":{"self":[{"href":"https:\/\/ismaelcolosi.com.br\/index.php\/wp-json\/wp\/v2\/posts\/86933","targetHints":{"allow":["GET"]}}],"collection":[{"href":"https:\/\/ismaelcolosi.com.br\/index.php\/wp-json\/wp\/v2\/posts"}],"about":[{"href":"https:\/\/ismaelcolosi.com.br\/index.php\/wp-json\/wp\/v2\/types\/post"}],"author":[{"embeddable":true,"href":"https:\/\/ismaelcolosi.com.br\/index.php\/wp-json\/wp\/v2\/users\/1"}],"replies":[{"embeddable":true,"href":"https:\/\/ismaelcolosi.com.br\/index.php\/wp-json\/wp\/v2\/comments?post=86933"}],"version-history":[{"count":0,"href":"https:\/\/ismaelcolosi.com.br\/index.php\/wp-json\/wp\/v2\/posts\/86933\/revisions"}],"wp:featuredmedia":[{"embeddable":true,"href":"https:\/\/ismaelcolosi.com.br\/index.php\/wp-json\/wp\/v2\/media\/86934"}],"wp:attachment":[{"href":"https:\/\/ismaelcolosi.com.br\/index.php\/wp-json\/wp\/v2\/media?parent=86933"}],"wp:term":[{"taxonomy":"category","embeddable":true,"href":"https:\/\/ismaelcolosi.com.br\/index.php\/wp-json\/wp\/v2\/categories?post=86933"},{"taxonomy":"post_tag","embeddable":true,"href":"https:\/\/ismaelcolosi.com.br\/index.php\/wp-json\/wp\/v2\/tags?post=86933"}],"curies":[{"name":"wp","href":"https:\/\/api.w.org\/{rel}","templated":true}]}}