{"id":86918,"date":"2025-08-04T14:47:47","date_gmt":"2025-08-04T17:47:47","guid":{"rendered":"https:\/\/ismaelcolosi.com.br\/index.php\/2025\/08\/04\/confira-100-vagas-de-auxiliar-administrativo-em-ribeirao-preto-sp-19\/"},"modified":"2025-08-04T14:47:47","modified_gmt":"2025-08-04T17:47:47","slug":"confira-100-vagas-de-auxiliar-administrativo-em-ribeirao-preto-sp-19","status":"publish","type":"post","link":"https:\/\/ismaelcolosi.com.br\/index.php\/2025\/08\/04\/confira-100-vagas-de-auxiliar-administrativo-em-ribeirao-preto-sp-19\/","title":{"rendered":"Confira 100 Vagas de Auxiliar Administrativo em Ribeir\u00e3o Preto, SP"},"content":{"rendered":"<p><main id=\"main-content\" class=\"two-pane-serp-page__results\" role=\"main\"><\/p>\n<section class=\"two-pane-serp-page__search-header\">\n<p><!----><\/p>\n<section class=\"job-alert-redirect-section job-alert-redirect-section--jserp\">\n        <icon class=\"job-alert-redirect-section__icon\" data-delayed-url=\"https:\/\/static.licdn.com\/aero-v1\/sc\/h\/dd4yq8pu9gycnw9c7p5uro8qn\"><\/icon><\/p><div class='code-block code-block-8' style='margin: 8px auto; text-align: center; display: block; clear: both;'>\n<script>\n  atOptions = {\n    'key' : '66e2e2111ca34da796271819fc334058',\n    'format' : 'iframe',\n    'height' : 250,\n    'width' : 300,\n    'params' : {}\n  };\n<\/script>\n<script src=\"https:\/\/www.highperformanceformat.com\/66e2e2111ca34da796271819fc334058\/invoke.js\"><\/script>\n<\/div>\n\n<div class=\"job-alert-redirect-section__container\">\n<p>\n            Get notified about new <span class=\"break-words t-bold\">Administrativo<\/span> jobs in <strong>Ribeir\u00e3o Preto<\/strong>.\n          <\/p>\n<p>          <a class=\"job-alert-redirect-section__cta\" href=\"https:\/\/www.linkedin.com\/login?emailAddress=&amp;fromSignIn=&amp;session_redirect=https%3A%2F%2Fwww.linkedin.com%2Fjobs%2Fsearch%2F%3FcurrentJobId%3D4050352937%26geoId%3D100030857%26keywords%3Dadministrativo%26origin%3DJOB_SEARCH_PAGE_LOCATION_AUTOCOMPLETE%26refresh%3Dtrue&amp;trk=public_jobs_job-alert-guest-redirect-cta\" data-impression-id=\"public_jobs_job-alert-guest-redirect-cta\" data-tracking-control-name=\"public_jobs_job-alert-guest-redirect-cta\" data-tracking-will-navigate><br \/>\n            Sign in to create job alert<br \/>\n          <\/a>\n        <\/div>\n<\/section>\n<\/section>\n<p><!----><\/p>\n<div class=\"results-context-header\">\n<h1 class=\"results-context-header__context\">\n          <span class=\"results-context-header__job-count\">144<\/span> <span class=\"results-context-header__query-search\">Administrativo Jobs in Ribeir\u00e3o Preto<\/span><br \/>\n      <\/h1>\n<\/p><\/div>\n<section class=\"two-pane-serp-page__results-list\">\n<ul class=\"jobs-search__results-list\">\n<li>\n<div class=\"base-card relative w-full hover:no-underline focus:no-underline\n        base-card--link\n         base-search-card base-search-card--link job-search-card\" data-entity-urn=\"urn:li:jobPosting:4265772054\" data-impression-id=\"jobs-search-desktop-0\" data-reference-id=\"WmoL+L0ZpiTjEp0GYyNYbA==\" data-tracking-id=\"pVbj6eX33GwIlXSCGcG6hA==\" data-column=\"1\" data-row=\"1\"><\/p>\n<p>        <a class=\"base-card__full-link absolute top-0 right-0 bottom-0 left-0 p-0 z-[2] outline-offset-[4px]\" href=\"https:\/\/br.linkedin.com\/jobs\/view\/assistente-administrativo-at-unimed-nordeste-paulista-federacao-intrafederativa-das-cooperativas-medicas-4265772054?position=1&amp;pageNum=0&amp;refId=WmoL%2BL0ZpiTjEp0GYyNYbA%3D%3D&amp;trackingId=pVbj6eX33GwIlXSCGcG6hA%3D%3D\" data-tracking-control-name=\"public_jobs_jserp-result_search-card\" data-tracking-client-ingraph data-tracking-will-navigate><\/p>\n<p>          <span class=\"sr-only\"><\/p>\n<p>        Assistente Administrativo<\/p>\n<p>          <\/span><br \/>\n        <\/a><\/p>\n<div class=\"search-entity-media\">\n<p>      <img class=\"artdeco-entity-image artdeco-entity-image--square-4\n          \" data-delayed-url=\"https:\/\/media.licdn.com\/dms\/image\/v2\/C4D0BAQFvYrwu2alIyw\/company-logo_100_100\/company-logo_100_100\/0\/1669925520527\/unimed_nordeste_paulista_logo?e=2147483647&amp;v=beta&amp;t=0orbZ6QOC4LKjZ7MEuHBuNVEhNaMzqf-I8CTIDp7XPo\" data-ghost-classes=\"artdeco-entity-image--ghost\" data-ghost-url=\"https:\/\/static.licdn.com\/aero-v1\/sc\/h\/6puxblwmhnodu6fjircz4dn4h\" alt><\/p><\/div>\n<div class=\"base-search-card__info\">\n<h3 class=\"base-search-card__title\">\n<p>        Assistente Administrativo<\/p>\n<\/h3>\n<h4 class=\"base-search-card__subtitle\">\n<p>          <a class=\"hidden-nested-link\" data-tracking-client-ingraph data-tracking-control-name=\"public_jobs_jserp-result_job-search-card-subtitle\" data-tracking-will-navigate href=\"https:\/\/www.linkedin.com\/company\/unimed-nordestepaulista?trk=public_jobs_jserp-result_job-search-card-subtitle\"><br \/>\n            Unimed Nordeste Paulista &#8211; Federacao Intrafederativa Das Cooperativas Medicas<br \/>\n          <\/a><\/p>\n<\/h4>\n<p><!----><\/p>\n<div class=\"base-search-card__metadata\">\n<p>          <span class=\"job-search-card__location\"><br \/>\n            Ribeir\u00e3o Preto, S\u00e3o Paulo, Brazil<br \/>\n          <\/span><\/p>\n<p><!---->  <\/p>\n<p>          <time class=\"job-search-card__listdate\" datetime=\"2025-07-13\"><\/p>\n<p>      3 weeks ago<\/p>\n<p>          <\/time><\/p>\n<p><!---->\n            <\/div>\n<\/p><\/div>\n<p><!---->      <\/p><\/div>\n<\/li>\n<li>\n<div class=\"base-card relative w-full hover:no-underline focus:no-underline\n        base-card--link\n         base-search-card base-search-card--link job-search-card\" data-entity-urn=\"urn:li:jobPosting:4260492393\" data-impression-id=\"jobs-search-desktop-1\" data-reference-id=\"WmoL+L0ZpiTjEp0GYyNYbA==\" data-tracking-id=\"nVV2or47YHrGnjGVwp5PJQ==\" data-column=\"1\" data-row=\"2\"><\/p>\n<p>        <a class=\"base-card__full-link absolute top-0 right-0 bottom-0 left-0 p-0 z-[2] outline-offset-[4px]\" href=\"https:\/\/br.linkedin.com\/jobs\/view\/c%C3%B3d-136-auxiliar-administrativo-riber-seguros-at-riber-4260492393?position=2&amp;pageNum=0&amp;refId=WmoL%2BL0ZpiTjEp0GYyNYbA%3D%3D&amp;trackingId=nVV2or47YHrGnjGVwp5PJQ%3D%3D\" data-tracking-control-name=\"public_jobs_jserp-result_search-card\" data-tracking-client-ingraph data-tracking-will-navigate><\/p>\n<p>          <span class=\"sr-only\"><\/p>\n<p>        C\u00f3d. 136 | Auxiliar Administrativo &#8211; Riber Seguros<\/p>\n<p>          <\/span><br \/>\n        <\/a><\/p>\n<div class=\"search-entity-media\">\n<p>      <img class=\"artdeco-entity-image artdeco-entity-image--square-4\n          \" data-delayed-url=\"https:\/\/media.licdn.com\/dms\/image\/v2\/C4E0BAQE-QOOw99c05A\/company-logo_100_100\/company-logo_100_100\/0\/1636389432387\/riber_servicos_financeiros_logo?e=2147483647&amp;v=beta&amp;t=4TXE1lL8BhJ1TUFzaM-iPCM3lxMC-HvPs-qIA176z7o\" data-ghost-classes=\"artdeco-entity-image--ghost\" data-ghost-url=\"https:\/\/static.licdn.com\/aero-v1\/sc\/h\/6puxblwmhnodu6fjircz4dn4h\" alt><\/p><\/div>\n<div class=\"base-search-card__info\">\n<h3 class=\"base-search-card__title\">\n<p>        C\u00f3d. 136 | Auxiliar Administrativo &#8211; Riber Seguros<\/p>\n<\/h3>\n<h4 class=\"base-search-card__subtitle\">\n<p>          <a class=\"hidden-nested-link\" data-tracking-client-ingraph data-tracking-control-name=\"public_jobs_jserp-result_job-search-card-subtitle\" data-tracking-will-navigate href=\"https:\/\/br.linkedin.com\/company\/ribercred?trk=public_jobs_jserp-result_job-search-card-subtitle\"><br \/>\n            Riber<br \/>\n          <\/a><\/p>\n<\/h4>\n<p><!----><\/p>\n<div class=\"base-search-card__metadata\">\n<p>          <span class=\"job-search-card__location\"><br \/>\n            Ribeir\u00e3o Preto, S\u00e3o Paulo, Brazil<br \/>\n          <\/span><\/p>\n<div class=\"job-posting-benefits text-sm\">\n        <icon class=\"job-posting-benefits__icon\" data-delayed-url=\"https:\/\/static.licdn.com\/aero-v1\/sc\/h\/3p1v0uhy7uq0cm5zdvzp4eo18\" data-svg-class-name=\"job-posting-benefits__icon-svg\"><\/icon><br \/>\n        <span class=\"job-posting-benefits__text\"><br \/>\n          Actively Hiring<br \/>\n<!---->        <\/span>\n      <\/div>\n<p>          <time class=\"job-search-card__listdate\" datetime=\"2025-07-02\"><\/p>\n<p>      1 month ago<\/p>\n<p>          <\/time><\/p>\n<p><!---->\n            <\/div>\n<\/p><\/div>\n<p><!---->      <\/p><\/div>\n<\/li>\n<li>\n<div class=\"base-card relative w-full hover:no-underline focus:no-underline\n        base-card--link\n         base-search-card base-search-card--link job-search-card\" data-entity-urn=\"urn:li:jobPosting:4264577676\" data-impression-id=\"jobs-search-desktop-2\" data-reference-id=\"WmoL+L0ZpiTjEp0GYyNYbA==\" data-tracking-id=\"rqiQiONQZfHeo8IdfhRTgA==\" data-column=\"1\" data-row=\"3\"><\/p>\n<p>        <a class=\"base-card__full-link absolute top-0 right-0 bottom-0 left-0 p-0 z-[2] outline-offset-[4px]\" href=\"https:\/\/br.linkedin.com\/jobs\/view\/analista-administrativo-at-chopp-time-street-4264577676?position=3&amp;pageNum=0&amp;refId=WmoL%2BL0ZpiTjEp0GYyNYbA%3D%3D&amp;trackingId=rqiQiONQZfHeo8IdfhRTgA%3D%3D\" data-tracking-control-name=\"public_jobs_jserp-result_search-card\" data-tracking-client-ingraph data-tracking-will-navigate><\/p>\n<p>          <span class=\"sr-only\"><\/p>\n<p>        Analista Administrativo<\/p>\n<p>          <\/span><br \/>\n        <\/a><\/p>\n<div class=\"search-entity-media\">\n<p>      <img class=\"artdeco-entity-image artdeco-entity-image--square-4\n          \" data-delayed-url=\"https:\/\/media.licdn.com\/dms\/image\/v2\/C4E0BAQFDRxVduT009g\/company-logo_100_100\/company-logo_100_100\/0\/1630655735063\/chopp_time_street_logo?e=2147483647&amp;v=beta&amp;t=Wk70ttz3jNvBs4RwYpqYyD58gE97CggGUiMSiEJsd-Q\" data-ghost-classes=\"artdeco-entity-image--ghost\" data-ghost-url=\"https:\/\/static.licdn.com\/aero-v1\/sc\/h\/6puxblwmhnodu6fjircz4dn4h\" alt><\/p><\/div>\n<div class=\"base-search-card__info\">\n<h3 class=\"base-search-card__title\">\n<p>        Analista Administrativo<\/p>\n<\/h3>\n<h4 class=\"base-search-card__subtitle\">\n<p>          <a class=\"hidden-nested-link\" data-tracking-client-ingraph data-tracking-control-name=\"public_jobs_jserp-result_job-search-card-subtitle\" data-tracking-will-navigate href=\"https:\/\/br.linkedin.com\/company\/chopp-time-street?trk=public_jobs_jserp-result_job-search-card-subtitle\"><br \/>\n            Chopp Time Street<br \/>\n          <\/a><\/p>\n<\/h4>\n<p><!----><\/p>\n<div class=\"base-search-card__metadata\">\n<p>          <span class=\"job-search-card__location\"><br \/>\n            Ribeir\u00e3o Preto, S\u00e3o Paulo, Brazil<br \/>\n          <\/span><\/p>\n<p><!---->  <\/p>\n<p>          <time class=\"job-search-card__listdate\" datetime=\"2025-07-09\"><\/p>\n<p>      3 weeks ago<\/p>\n<p>          <\/time><\/p>\n<p><!---->\n            <\/div>\n<\/p><\/div>\n<p><!---->      <\/p><\/div>\n<\/li>\n<li>\n<div class=\"base-card relative w-full hover:no-underline focus:no-underline\n        base-card--link\n         base-search-card base-search-card--link job-search-card\" data-entity-urn=\"urn:li:jobPosting:4277086265\" data-impression-id=\"jobs-search-desktop-3\" data-reference-id=\"WmoL+L0ZpiTjEp0GYyNYbA==\" data-tracking-id=\"nHlvnkBN8Bs9mT1wLxUtaw==\" data-column=\"1\" data-row=\"4\"><\/p>\n<p>        <a class=\"base-card__full-link absolute top-0 right-0 bottom-0 left-0 p-0 z-[2] outline-offset-[4px]\" href=\"https:\/\/br.linkedin.com\/jobs\/view\/auxiliar-administrativo-sp-at-santa-em%C3%ADlia-caminh%C3%B5es-e-%C3%B4nibus-4277086265?position=4&amp;pageNum=0&amp;refId=WmoL%2BL0ZpiTjEp0GYyNYbA%3D%3D&amp;trackingId=nHlvnkBN8Bs9mT1wLxUtaw%3D%3D\" data-tracking-control-name=\"public_jobs_jserp-result_search-card\" data-tracking-client-ingraph data-tracking-will-navigate><\/p>\n<p>          <span class=\"sr-only\"><\/p>\n<p>        Auxiliar administrativo &#8211; SP<\/p>\n<p>          <\/span><br \/>\n        <\/a><\/p>\n<div class=\"search-entity-media\">\n<p>      <img class=\"artdeco-entity-image artdeco-entity-image--square-4\n          \" data-delayed-url=\"https:\/\/media.licdn.com\/dms\/image\/v2\/D4D0BAQFzIKMUjjOHXw\/company-logo_100_100\/company-logo_100_100\/0\/1733152337740\/santa_em_lia_caminh_es_e_nibus_logo?e=2147483647&amp;v=beta&amp;t=wbfBeTN96nntZ-1S20QVmSd6zyl1fQsr_FiRBzuufGw\" data-ghost-classes=\"artdeco-entity-image--ghost\" data-ghost-url=\"https:\/\/static.licdn.com\/aero-v1\/sc\/h\/6puxblwmhnodu6fjircz4dn4h\" alt><\/p><\/div>\n<div class=\"base-search-card__info\">\n<h3 class=\"base-search-card__title\">\n<p>        Auxiliar administrativo &#8211; SP<\/p>\n<\/h3>\n<h4 class=\"base-search-card__subtitle\">\n<p>          <a class=\"hidden-nested-link\" data-tracking-client-ingraph data-tracking-control-name=\"public_jobs_jserp-result_job-search-card-subtitle\" data-tracking-will-navigate href=\"https:\/\/br.linkedin.com\/company\/santa-em-lia-caminh-es-e-nibus?trk=public_jobs_jserp-result_job-search-card-subtitle\"><br \/>\n            Santa Em\u00edlia Caminh\u00f5es e \u00d4nibus<br \/>\n          <\/a><\/p>\n<\/h4>\n<p><!----><\/p>\n<div class=\"base-search-card__metadata\">\n<p>          <span class=\"job-search-card__location\"><br \/>\n            Greater Ribeir\u00e3o Preto<br \/>\n          <\/span><\/p>\n<p><!---->  <\/p>\n<p>          <time class=\"job-search-card__listdate\" datetime=\"2025-08-03\"><\/p>\n<p>      1 day ago<\/p>\n<p>          <\/time><\/p>\n<p><!---->\n            <\/div>\n<\/p><\/div>\n<p><!---->      <\/p><\/div>\n<\/li>\n<li>\n<div class=\"base-card relative w-full hover:no-underline focus:no-underline\n        base-card--link\n         base-search-card base-search-card--link job-search-card\" data-entity-urn=\"urn:li:jobPosting:4268670975\" data-impression-id=\"jobs-search-desktop-4\" data-reference-id=\"WmoL+L0ZpiTjEp0GYyNYbA==\" data-tracking-id=\"7ElUgaGWKGLtw7vXE45BQw==\" data-column=\"1\" data-row=\"5\"><\/p>\n<p>        <a class=\"base-card__full-link absolute top-0 right-0 bottom-0 left-0 p-0 z-[2] outline-offset-[4px]\" href=\"https:\/\/br.linkedin.com\/jobs\/view\/auxiliar-de-escrit%C3%B3rio-at-gattolog-4268670975?position=5&amp;pageNum=0&amp;refId=WmoL%2BL0ZpiTjEp0GYyNYbA%3D%3D&amp;trackingId=7ElUgaGWKGLtw7vXE45BQw%3D%3D\" data-tracking-control-name=\"public_jobs_jserp-result_search-card\" data-tracking-client-ingraph data-tracking-will-navigate><\/p>\n<p>          <span class=\"sr-only\"><\/p>\n<p>        Auxiliar De Escrit\u00f3rio<\/p>\n<p>          <\/span><br \/>\n        <\/a><\/p>\n<div class=\"search-entity-media\">\n<p>      <img class=\"artdeco-entity-image artdeco-entity-image--square-4\n          \" data-delayed-url=\"https:\/\/media.licdn.com\/dms\/image\/v2\/D4D0BAQGKGKpMBZvUyw\/company-logo_100_100\/B4DZdl53wXGUAY-\/0\/1749761359261\/gattolog_logo?e=2147483647&amp;v=beta&amp;t=mtevF5woi0YgpuGLqAH-fyvopuVyc07hSPowd_cK250\" data-ghost-classes=\"artdeco-entity-image--ghost\" data-ghost-url=\"https:\/\/static.licdn.com\/aero-v1\/sc\/h\/6puxblwmhnodu6fjircz4dn4h\" alt><\/p><\/div>\n<div class=\"base-search-card__info\">\n<h3 class=\"base-search-card__title\">\n<p>        Auxiliar De Escrit\u00f3rio<\/p>\n<\/h3>\n<h4 class=\"base-search-card__subtitle\">\n<p>          <a class=\"hidden-nested-link\" data-tracking-client-ingraph data-tracking-control-name=\"public_jobs_jserp-result_job-search-card-subtitle\" data-tracking-will-navigate href=\"https:\/\/www.linkedin.com\/company\/gattolog?trk=public_jobs_jserp-result_job-search-card-subtitle\"><br \/>\n            Gattolog<br \/>\n          <\/a><\/p>\n<\/h4>\n<p><!----><\/p>\n<div class=\"base-search-card__metadata\">\n<p>          <span class=\"job-search-card__location\"><br \/>\n            Ribeir\u00e3o Preto, S\u00e3o Paulo, Brazil<br \/>\n          <\/span><\/p>\n<p><!---->  <\/p>\n<p>          <time class=\"job-search-card__listdate\" datetime=\"2025-07-17\"><\/p>\n<p>      2 weeks ago<\/p>\n<p>          <\/time><\/p>\n<p><!---->\n            <\/div>\n<\/p><\/div>\n<p><!---->      <\/p><\/div>\n<\/li>\n<li>\n<div class=\"base-card relative w-full hover:no-underline focus:no-underline\n        base-card--link\n         base-search-card base-search-card--link job-search-card\" data-entity-urn=\"urn:li:jobPosting:4270111784\" data-impression-id=\"jobs-search-desktop-5\" data-reference-id=\"WmoL+L0ZpiTjEp0GYyNYbA==\" data-tracking-id=\"zruIStIpGvMSQ+cPWt7nBQ==\" data-column=\"1\" data-row=\"6\"><\/p>\n<p>        <a class=\"base-card__full-link absolute top-0 right-0 bottom-0 left-0 p-0 z-[2] outline-offset-[4px]\" href=\"https:\/\/br.linkedin.com\/jobs\/view\/assistente-administrativo-dae-ribeir%C3%A3o-preto-at-mrv-co-4270111784?position=6&amp;pageNum=0&amp;refId=WmoL%2BL0ZpiTjEp0GYyNYbA%3D%3D&amp;trackingId=zruIStIpGvMSQ%2BcPWt7nBQ%3D%3D\" data-tracking-control-name=\"public_jobs_jserp-result_search-card\" data-tracking-client-ingraph data-tracking-will-navigate><\/p>\n<p>          <span class=\"sr-only\"><\/p>\n<p>        ASSISTENTE ADMINISTRATIVO DAE &#8211; Ribeir\u00e3o Preto<\/p>\n<p>          <\/span><br \/>\n        <\/a><\/p>\n<div class=\"search-entity-media\">\n<p>      <img class=\"artdeco-entity-image artdeco-entity-image--square-4\n          \" data-delayed-url=\"https:\/\/media.licdn.com\/dms\/image\/v2\/C4D0BAQFiMTX4fTHngw\/company-logo_100_100\/company-logo_100_100\/0\/1656681625557\/mrveco_logo?e=2147483647&amp;v=beta&amp;t=00dhJfkfxAsYI75gskD3kuw_8xwWMrUM6xa7XB_iESw\" data-ghost-classes=\"artdeco-entity-image--ghost\" data-ghost-url=\"https:\/\/static.licdn.com\/aero-v1\/sc\/h\/6puxblwmhnodu6fjircz4dn4h\" alt><\/p><\/div>\n<div class=\"base-search-card__info\">\n<h3 class=\"base-search-card__title\">\n<p>        ASSISTENTE ADMINISTRATIVO DAE &#8211; Ribeir\u00e3o Preto<\/p>\n<\/h3>\n<h4 class=\"base-search-card__subtitle\">\n<p>          <a class=\"hidden-nested-link\" data-tracking-client-ingraph data-tracking-control-name=\"public_jobs_jserp-result_job-search-card-subtitle\" data-tracking-will-navigate href=\"https:\/\/br.linkedin.com\/company\/mrveco?trk=public_jobs_jserp-result_job-search-card-subtitle\"><br \/>\n            MRV&amp;CO<br \/>\n          <\/a><\/p>\n<\/h4>\n<p><!----><\/p>\n<div class=\"base-search-card__metadata\">\n<p>          <span class=\"job-search-card__location\"><br \/>\n            Ribeir\u00e3o Preto, S\u00e3o Paulo, Brazil<br \/>\n          <\/span><\/p>\n<div class=\"job-posting-benefits text-sm\">\n        <icon class=\"job-posting-benefits__icon\" data-delayed-url=\"https:\/\/static.licdn.com\/aero-v1\/sc\/h\/3p1v0uhy7uq0cm5zdvzp4eo18\" data-svg-class-name=\"job-posting-benefits__icon-svg\"><\/icon><br \/>\n        <span class=\"job-posting-benefits__text\"><br \/>\n          Actively Hiring<br \/>\n<!---->        <\/span>\n      <\/div>\n<p>          <time class=\"job-search-card__listdate\" datetime=\"2025-07-24\"><\/p>\n<p>      1 week ago<\/p>\n<p>          <\/time><\/p>\n<p><!---->\n            <\/div>\n<\/p><\/div>\n<p><!---->      <\/p><\/div>\n<\/li>\n<li>\n<div class=\"base-card relative w-full hover:no-underline focus:no-underline\n        base-card--link\n         base-search-card base-search-card--link job-search-card\" data-entity-urn=\"urn:li:jobPosting:4000867353\" data-impression-id=\"jobs-search-desktop-6\" data-reference-id=\"WmoL+L0ZpiTjEp0GYyNYbA==\" data-tracking-id=\"WU+FhXynVyStf1yxdU+fRQ==\" data-column=\"1\" data-row=\"7\"><\/p>\n<p>        <a class=\"base-card__full-link absolute top-0 right-0 bottom-0 left-0 p-0 z-[2] outline-offset-[4px]\" href=\"https:\/\/br.linkedin.com\/jobs\/view\/assistente-administrativo-ribeir%C3%A3o-preto-at-sertran-transportes-4000867353?position=7&amp;pageNum=0&amp;refId=WmoL%2BL0ZpiTjEp0GYyNYbA%3D%3D&amp;trackingId=WU%2BFhXynVyStf1yxdU%2BfRQ%3D%3D\" data-tracking-control-name=\"public_jobs_jserp-result_search-card\" data-tracking-client-ingraph data-tracking-will-navigate><\/p>\n<p>          <span class=\"sr-only\"><\/p>\n<p>        Assistente Administrativo &#8211; Ribeir\u00e3o Preto<\/p>\n<p>          <\/span><br \/>\n        <\/a><\/p>\n<div class=\"search-entity-media\">\n<p>      <img class=\"artdeco-entity-image artdeco-entity-image--square-4\n          \" data-delayed-url=\"https:\/\/media.licdn.com\/dms\/image\/v2\/D4D0BAQHdXVNEoziULQ\/company-logo_100_100\/B4DZfHnrjMGUAY-\/0\/1751400757867\/sertran_transportes_e_servios_logo?e=2147483647&amp;v=beta&amp;t=GT-W921eSShN4-wCwJwQ2WDiKm2vBOVm5Nsex0TyLSw\" data-ghost-classes=\"artdeco-entity-image--ghost\" data-ghost-url=\"https:\/\/static.licdn.com\/aero-v1\/sc\/h\/6puxblwmhnodu6fjircz4dn4h\" alt><\/p><\/div>\n<div class=\"base-search-card__info\">\n<h3 class=\"base-search-card__title\">\n<p>        Assistente Administrativo &#8211; Ribeir\u00e3o Preto<\/p>\n<\/h3>\n<h4 class=\"base-search-card__subtitle\">\n<p>          <a class=\"hidden-nested-link\" data-tracking-client-ingraph data-tracking-control-name=\"public_jobs_jserp-result_job-search-card-subtitle\" data-tracking-will-navigate href=\"https:\/\/br.linkedin.com\/company\/sertran-transportes-e-servi%C3%A7os?trk=public_jobs_jserp-result_job-search-card-subtitle\"><br \/>\n            Sertran Transportes<br \/>\n          <\/a><\/p>\n<\/h4>\n<p><!----><\/p>\n<div class=\"base-search-card__metadata\">\n<p>          <span class=\"job-search-card__location\"><br \/>\n            Ribeir\u00e3o Preto, S\u00e3o Paulo, Brazil<br \/>\n          <\/span><\/p>\n<p><!---->  <\/p>\n<p>          <time class=\"job-search-card__listdate\" datetime=\"2024-08-13\"><\/p>\n<p>      11 months ago<\/p>\n<p>          <\/time><\/p>\n<p><!---->\n            <\/div>\n<\/p><\/div>\n<p><!---->      <\/p><\/div>\n<\/li>\n<li>\n<div class=\"base-card relative w-full hover:no-underline focus:no-underline\n        base-card--link\n         base-search-card base-search-card--link job-search-card\" data-entity-urn=\"urn:li:jobPosting:4268928061\" data-impression-id=\"jobs-search-desktop-7\" data-reference-id=\"WmoL+L0ZpiTjEp0GYyNYbA==\" data-tracking-id=\"nqpNNb\/6oLyLuTP0XRtnuQ==\" data-column=\"1\" data-row=\"8\"><\/p>\n<p>        <a class=\"base-card__full-link absolute top-0 right-0 bottom-0 left-0 p-0 z-[2] outline-offset-[4px]\" href=\"https:\/\/br.linkedin.com\/jobs\/view\/assistente-administrativo-at-adm-4268928061?position=8&amp;pageNum=0&amp;refId=WmoL%2BL0ZpiTjEp0GYyNYbA%3D%3D&amp;trackingId=nqpNNb%2F6oLyLuTP0XRtnuQ%3D%3D\" data-tracking-control-name=\"public_jobs_jserp-result_search-card\" data-tracking-client-ingraph data-tracking-will-navigate><\/p>\n<p>          <span class=\"sr-only\"><\/p>\n<p>        Assistente Administrativo<\/p>\n<p>          <\/span><br \/>\n        <\/a><\/p>\n<div class=\"search-entity-media\">\n<p>      <img class=\"artdeco-entity-image artdeco-entity-image--square-4\n          \" data-delayed-url=\"https:\/\/media.licdn.com\/dms\/image\/v2\/C560BAQG0X_qChwy0vg\/company-logo_100_100\/company-logo_100_100\/0\/1656694101135\/adm_logo?e=2147483647&amp;v=beta&amp;t=f0QK4otPEW3pj6Np_rtYfMvaKkzVSn-1zQJB54Q1kHQ\" data-ghost-classes=\"artdeco-entity-image--ghost\" data-ghost-url=\"https:\/\/static.licdn.com\/aero-v1\/sc\/h\/6puxblwmhnodu6fjircz4dn4h\" alt><\/p><\/div>\n<div class=\"base-search-card__info\">\n<h3 class=\"base-search-card__title\">\n<p>        Assistente Administrativo<\/p>\n<\/h3>\n<h4 class=\"base-search-card__subtitle\">\n<p>          <a class=\"hidden-nested-link\" data-tracking-client-ingraph data-tracking-control-name=\"public_jobs_jserp-result_job-search-card-subtitle\" data-tracking-will-navigate href=\"https:\/\/www.linkedin.com\/company\/adm?trk=public_jobs_jserp-result_job-search-card-subtitle\"><br \/>\n            ADM<br \/>\n          <\/a><\/p>\n<\/h4>\n<p><!----><\/p>\n<div class=\"base-search-card__metadata\">\n<p>          <span class=\"job-search-card__location\"><br \/>\n            Ribeir\u00e3o Preto, S\u00e3o Paulo, Brazil<br \/>\n          <\/span><\/p>\n<div class=\"job-posting-benefits text-sm\">\n        <icon class=\"job-posting-benefits__icon\" data-delayed-url=\"https:\/\/static.licdn.com\/aero-v1\/sc\/h\/3p1v0uhy7uq0cm5zdvzp4eo18\" data-svg-class-name=\"job-posting-benefits__icon-svg\"><\/icon><br \/>\n        <span class=\"job-posting-benefits__text\"><br \/>\n          Actively Hiring<br \/>\n<!---->        <\/span>\n      <\/div>\n<p>          <time class=\"job-search-card__listdate\" datetime=\"2025-07-23\"><\/p>\n<p>      1 week ago<\/p>\n<p>          <\/time><\/p>\n<p><!---->\n            <\/div>\n<\/p><\/div>\n<p><!---->      <\/p><\/div>\n<\/li>\n<li>\n<div class=\"base-card relative w-full hover:no-underline focus:no-underline\n        base-card--link\n         base-search-card base-search-card--link job-search-card\" data-entity-urn=\"urn:li:jobPosting:4275268897\" data-impression-id=\"jobs-search-desktop-8\" data-reference-id=\"WmoL+L0ZpiTjEp0GYyNYbA==\" data-tracking-id=\"SVSCcVis3UgAQAGh7TmLIg==\" data-column=\"1\" data-row=\"9\"><\/p>\n<p>        <a class=\"base-card__full-link absolute top-0 right-0 bottom-0 left-0 p-0 z-[2] outline-offset-[4px]\" href=\"https:\/\/br.linkedin.com\/jobs\/view\/secret%C3%A1ria-jur%C3%ADdica-at-fabrani-faculdade-brasil-de-neg%C3%B3cios-inovadores-4275268897?position=9&amp;pageNum=0&amp;refId=WmoL%2BL0ZpiTjEp0GYyNYbA%3D%3D&amp;trackingId=SVSCcVis3UgAQAGh7TmLIg%3D%3D\" data-tracking-control-name=\"public_jobs_jserp-result_search-card\" data-tracking-client-ingraph data-tracking-will-navigate><\/p>\n<p>          <span class=\"sr-only\"><\/p>\n<p>        Secret\u00e1ria Jur\u00eddica<\/p>\n<p>          <\/span><br \/>\n        <\/a><\/p>\n<div class=\"search-entity-media\">\n<p>      <img class=\"artdeco-entity-image artdeco-entity-image--square-4\n          \" data-delayed-url=\"https:\/\/media.licdn.com\/dms\/image\/v2\/D4D0BAQFc7GGZUTnr0A\/company-logo_100_100\/company-logo_100_100\/0\/1715291096953\/fabrani_logo?e=2147483647&amp;v=beta&amp;t=dX7hkyUsdCgUeBHTfWZc3Egil7wJFcgzWZHrfxgLy-E\" data-ghost-classes=\"artdeco-entity-image--ghost\" data-ghost-url=\"https:\/\/static.licdn.com\/aero-v1\/sc\/h\/6puxblwmhnodu6fjircz4dn4h\" alt><\/p><\/div>\n<div class=\"base-search-card__info\">\n<h3 class=\"base-search-card__title\">\n<p>        Secret\u00e1ria Jur\u00eddica<\/p>\n<\/h3>\n<h4 class=\"base-search-card__subtitle\">\n<p>          <a class=\"hidden-nested-link\" data-tracking-client-ingraph data-tracking-control-name=\"public_jobs_jserp-result_job-search-card-subtitle\" data-tracking-will-navigate href=\"https:\/\/br.linkedin.com\/company\/fabrani?trk=public_jobs_jserp-result_job-search-card-subtitle\"><br \/>\n            FABRANI &#8211; Faculdade Brasil. de Neg\u00f3cios Inovadores<br \/>\n          <\/a><\/p>\n<\/h4>\n<p><!----><\/p>\n<div class=\"base-search-card__metadata\">\n<p>          <span class=\"job-search-card__location\"><br \/>\n            Ribeir\u00e3o Preto, S\u00e3o Paulo, Brazil<br \/>\n          <\/span><\/p>\n<p><!---->  <\/p>\n<p>          <time class=\"job-search-card__listdate\" datetime=\"2025-07-24\"><\/p>\n<p>      1 week ago<\/p>\n<p>          <\/time><\/p>\n<p><!---->\n            <\/div>\n<\/p><\/div>\n<p><!---->      <\/p><\/div>\n<\/li>\n<li>\n<div class=\"base-card relative w-full hover:no-underline focus:no-underline\n        base-card--link\n         base-search-card base-search-card--link job-search-card\" data-entity-urn=\"urn:li:jobPosting:4274023783\" data-impression-id=\"jobs-search-desktop-9\" data-reference-id=\"WmoL+L0ZpiTjEp0GYyNYbA==\" data-tracking-id=\"TUqL6SjjORXl4duzmMIlqw==\" data-column=\"1\" data-row=\"10\"><\/p>\n<p>        <a class=\"base-card__full-link absolute top-0 right-0 bottom-0 left-0 p-0 z-[2] outline-offset-[4px]\" href=\"https:\/\/br.linkedin.com\/jobs\/view\/analista-administrativo-pleno-at-fito-ag-4274023783?position=10&amp;pageNum=0&amp;refId=WmoL%2BL0ZpiTjEp0GYyNYbA%3D%3D&amp;trackingId=TUqL6SjjORXl4duzmMIlqw%3D%3D\" data-tracking-control-name=\"public_jobs_jserp-result_search-card\" data-tracking-client-ingraph data-tracking-will-navigate><\/p>\n<p>          <span class=\"sr-only\"><\/p>\n<p>        Analista Administrativo Pleno<\/p>\n<p>          <\/span><br \/>\n        <\/a><\/p>\n<div class=\"search-entity-media\">\n<p>      <img class=\"artdeco-entity-image artdeco-entity-image--square-4\n          \" data-delayed-url=\"https:\/\/media.licdn.com\/dms\/image\/v2\/D4D0BAQE-yKKaIO2q0A\/company-logo_100_100\/company-logo_100_100\/0\/1705417553705\/fitoag_logo?e=2147483647&amp;v=beta&amp;t=NUkn2n80PnrWAM2fDJKVIyFPQ8cP0mM5WX0CUhSsDrg\" data-ghost-classes=\"artdeco-entity-image--ghost\" data-ghost-url=\"https:\/\/static.licdn.com\/aero-v1\/sc\/h\/6puxblwmhnodu6fjircz4dn4h\" alt><\/p><\/div>\n<div class=\"base-search-card__info\">\n<h3 class=\"base-search-card__title\">\n<p>        Analista Administrativo Pleno<\/p>\n<\/h3>\n<h4 class=\"base-search-card__subtitle\">\n<p>          <a class=\"hidden-nested-link\" data-tracking-client-ingraph data-tracking-control-name=\"public_jobs_jserp-result_job-search-card-subtitle\" data-tracking-will-navigate href=\"https:\/\/br.linkedin.com\/company\/fitoag?trk=public_jobs_jserp-result_job-search-card-subtitle\"><br \/>\n            Fito Ag.<br \/>\n          <\/a><\/p>\n<\/h4>\n<p><!----><\/p>\n<div class=\"base-search-card__metadata\">\n<p>          <span class=\"job-search-card__location\"><br \/>\n            Ribeir\u00e3o Preto, S\u00e3o Paulo, Brazil<br \/>\n          <\/span><\/p>\n<p><!---->  <\/p>\n<p>          <time class=\"job-search-card__listdate\" datetime=\"2025-07-30\"><\/p>\n<p>      5 days ago<\/p>\n<p>          <\/time><\/p>\n<p><!---->\n            <\/div>\n<\/p><\/div>\n<p><!---->      <\/p><\/div>\n<\/li>\n<li>\n<div class=\"base-card relative w-full hover:no-underline focus:no-underline\n        base-card--link\n         base-search-card base-search-card--link job-search-card\" data-entity-urn=\"urn:li:jobPosting:4268910946\" data-impression-id=\"jobs-search-desktop-10\" data-reference-id=\"WmoL+L0ZpiTjEp0GYyNYbA==\" data-tracking-id=\"GI8RYnGJnHbV17MXg0u8eQ==\" data-column=\"1\" data-row=\"11\"><\/p>\n<p>        <a class=\"base-card__full-link absolute top-0 right-0 bottom-0 left-0 p-0 z-[2] outline-offset-[4px]\" href=\"https:\/\/br.linkedin.com\/jobs\/view\/analista-administrativo-jr-at-adm-4268910946?position=11&amp;pageNum=0&amp;refId=WmoL%2BL0ZpiTjEp0GYyNYbA%3D%3D&amp;trackingId=GI8RYnGJnHbV17MXg0u8eQ%3D%3D\" data-tracking-control-name=\"public_jobs_jserp-result_search-card\" data-tracking-client-ingraph data-tracking-will-navigate><\/p>\n<p>          <span class=\"sr-only\"><\/p>\n<p>        Analista Administrativo JR<\/p>\n<p>          <\/span><br \/>\n        <\/a><\/p>\n<div class=\"search-entity-media\">\n<p>      <img class=\"artdeco-entity-image artdeco-entity-image--square-4\n          \" data-delayed-url=\"https:\/\/media.licdn.com\/dms\/image\/v2\/C560BAQG0X_qChwy0vg\/company-logo_100_100\/company-logo_100_100\/0\/1656694101135\/adm_logo?e=2147483647&amp;v=beta&amp;t=f0QK4otPEW3pj6Np_rtYfMvaKkzVSn-1zQJB54Q1kHQ\" data-ghost-classes=\"artdeco-entity-image--ghost\" data-ghost-url=\"https:\/\/static.licdn.com\/aero-v1\/sc\/h\/6puxblwmhnodu6fjircz4dn4h\" alt><\/p><\/div>\n<div class=\"base-search-card__info\">\n<h3 class=\"base-search-card__title\">\n<p>        Analista Administrativo JR<\/p>\n<\/h3>\n<h4 class=\"base-search-card__subtitle\">\n<p>          <a class=\"hidden-nested-link\" data-tracking-client-ingraph data-tracking-control-name=\"public_jobs_jserp-result_job-search-card-subtitle\" data-tracking-will-navigate href=\"https:\/\/www.linkedin.com\/company\/adm?trk=public_jobs_jserp-result_job-search-card-subtitle\"><br \/>\n            ADM<br \/>\n          <\/a><\/p>\n<\/h4>\n<p><!----><\/p>\n<div class=\"base-search-card__metadata\">\n<p>          <span class=\"job-search-card__location\"><br \/>\n            Ribeir\u00e3o Preto, S\u00e3o Paulo, Brazil<br \/>\n          <\/span><\/p>\n<div class=\"job-posting-benefits text-sm\">\n        <icon class=\"job-posting-benefits__icon\" data-delayed-url=\"https:\/\/static.licdn.com\/aero-v1\/sc\/h\/3p1v0uhy7uq0cm5zdvzp4eo18\" data-svg-class-name=\"job-posting-benefits__icon-svg\"><\/icon><br \/>\n        <span class=\"job-posting-benefits__text\"><br \/>\n          Actively Hiring<br \/>\n<!---->        <\/span>\n      <\/div>\n<p>          <time class=\"job-search-card__listdate\" datetime=\"2025-07-22\"><\/p>\n<p>      1 week ago<\/p>\n<p>          <\/time><\/p>\n<p><!---->\n            <\/div>\n<\/p><\/div>\n<p><!---->      <\/p><\/div>\n<\/li>\n<li>\n<div class=\"base-card relative w-full hover:no-underline focus:no-underline\n        base-card--link\n         base-search-card base-search-card--link job-search-card\" data-entity-urn=\"urn:li:jobPosting:4278605062\" data-impression-id=\"jobs-search-desktop-11\" data-reference-id=\"WmoL+L0ZpiTjEp0GYyNYbA==\" data-tracking-id=\"EouO9BMSCWO+k0ofLAij9w==\" data-column=\"1\" data-row=\"12\"><\/p>\n<p>        <a class=\"base-card__full-link absolute top-0 right-0 bottom-0 left-0 p-0 z-[2] outline-offset-[4px]\" href=\"https:\/\/br.linkedin.com\/jobs\/view\/auxiliar-administrativo-at-patrus-transportes-4278605062?position=12&amp;pageNum=0&amp;refId=WmoL%2BL0ZpiTjEp0GYyNYbA%3D%3D&amp;trackingId=EouO9BMSCWO%2Bk0ofLAij9w%3D%3D\" data-tracking-control-name=\"public_jobs_jserp-result_search-card\" data-tracking-client-ingraph data-tracking-will-navigate><\/p>\n<p>          <span class=\"sr-only\"><\/p>\n<p>        Auxiliar Administrativo<\/p>\n<p>          <\/span><br \/>\n        <\/a><\/p>\n<div class=\"search-entity-media\">\n<p>      <img class=\"artdeco-entity-image artdeco-entity-image--square-4\n          \" data-delayed-url=\"https:\/\/media.licdn.com\/dms\/image\/v2\/C4D0BAQEhbiByXKNmYw\/company-logo_100_100\/company-logo_100_100\/0\/1672687663042\/patrus_transportes_logo?e=2147483647&amp;v=beta&amp;t=uThHFOZ6f9Bd8-MZRY9FgmZbtN9Iur5mR3Wo753_LN4\" data-ghost-classes=\"artdeco-entity-image--ghost\" data-ghost-url=\"https:\/\/static.licdn.com\/aero-v1\/sc\/h\/6puxblwmhnodu6fjircz4dn4h\" alt><\/p><\/div>\n<div class=\"base-search-card__info\">\n<h3 class=\"base-search-card__title\">\n<p>        Auxiliar Administrativo<\/p>\n<\/h3>\n<h4 class=\"base-search-card__subtitle\">\n<p>          <a class=\"hidden-nested-link\" data-tracking-client-ingraph data-tracking-control-name=\"public_jobs_jserp-result_job-search-card-subtitle\" data-tracking-will-navigate href=\"https:\/\/br.linkedin.com\/company\/patrus-transportes?trk=public_jobs_jserp-result_job-search-card-subtitle\"><br \/>\n            Patrus Transportes<br \/>\n          <\/a><\/p>\n<\/h4>\n<p><!----><\/p>\n<div class=\"base-search-card__metadata\">\n<p>          <span class=\"job-search-card__location\"><br \/>\n            Ribeir\u00e3o Preto, S\u00e3o Paulo, Brazil<br \/>\n          <\/span><\/p>\n<div class=\"job-posting-benefits text-sm\">\n        <icon class=\"job-posting-benefits__icon\" data-delayed-url=\"https:\/\/static.licdn.com\/aero-v1\/sc\/h\/3p1v0uhy7uq0cm5zdvzp4eo18\" data-svg-class-name=\"job-posting-benefits__icon-svg\"><\/icon><br \/>\n        <span class=\"job-posting-benefits__text\"><br \/>\n          Actively Hiring<br \/>\n<!---->        <\/span>\n      <\/div>\n<p>          <time class=\"job-search-card__listdate\" datetime=\"2025-07-31\"><\/p>\n<p>      4 days ago<\/p>\n<p>          <\/time><\/p>\n<p><!---->\n            <\/div>\n<\/p><\/div>\n<p><!---->      <\/p><\/div>\n<\/li>\n<li>\n<div class=\"base-card relative w-full hover:no-underline focus:no-underline\n        base-card--link\n         base-search-card base-search-card--link job-search-card\" data-entity-urn=\"urn:li:jobPosting:4269662832\" data-impression-id=\"jobs-search-desktop-12\" data-reference-id=\"WmoL+L0ZpiTjEp0GYyNYbA==\" data-tracking-id=\"lF80C7\/SrQuLoxDE31eTSw==\" data-column=\"1\" data-row=\"13\"><\/p>\n<p>        <a class=\"base-card__full-link absolute top-0 right-0 bottom-0 left-0 p-0 z-[2] outline-offset-[4px]\" href=\"https:\/\/br.linkedin.com\/jobs\/view\/analista-administrativo-jr-at-adm-4269662832?position=13&amp;pageNum=0&amp;refId=WmoL%2BL0ZpiTjEp0GYyNYbA%3D%3D&amp;trackingId=lF80C7%2FSrQuLoxDE31eTSw%3D%3D\" data-tracking-control-name=\"public_jobs_jserp-result_search-card\" data-tracking-client-ingraph data-tracking-will-navigate><\/p>\n<p>          <span class=\"sr-only\"><\/p>\n<p>        Analista Administrativo JR<\/p>\n<p>          <\/span><br \/>\n        <\/a><\/p>\n<div class=\"search-entity-media\">\n<p>      <img class=\"artdeco-entity-image artdeco-entity-image--square-4\n          \" data-delayed-url=\"https:\/\/media.licdn.com\/dms\/image\/v2\/C560BAQG0X_qChwy0vg\/company-logo_100_100\/company-logo_100_100\/0\/1656694101135\/adm_logo?e=2147483647&amp;v=beta&amp;t=f0QK4otPEW3pj6Np_rtYfMvaKkzVSn-1zQJB54Q1kHQ\" data-ghost-classes=\"artdeco-entity-image--ghost\" data-ghost-url=\"https:\/\/static.licdn.com\/aero-v1\/sc\/h\/6puxblwmhnodu6fjircz4dn4h\" alt><\/p><\/div>\n<div class=\"base-search-card__info\">\n<h3 class=\"base-search-card__title\">\n<p>        Analista Administrativo JR<\/p>\n<\/h3>\n<h4 class=\"base-search-card__subtitle\">\n<p>          <a class=\"hidden-nested-link\" data-tracking-client-ingraph data-tracking-control-name=\"public_jobs_jserp-result_job-search-card-subtitle\" data-tracking-will-navigate href=\"https:\/\/www.linkedin.com\/company\/adm?trk=public_jobs_jserp-result_job-search-card-subtitle\"><br \/>\n            ADM<br \/>\n          <\/a><\/p>\n<\/h4>\n<p><!----><\/p>\n<div class=\"base-search-card__metadata\">\n<p>          <span class=\"job-search-card__location\"><br \/>\n            Ribeir\u00e3o Preto, S\u00e3o Paulo, Brazil<br \/>\n          <\/span><\/p>\n<div class=\"job-posting-benefits text-sm\">\n        <icon class=\"job-posting-benefits__icon\" data-delayed-url=\"https:\/\/static.licdn.com\/aero-v1\/sc\/h\/3p1v0uhy7uq0cm5zdvzp4eo18\" data-svg-class-name=\"job-posting-benefits__icon-svg\"><\/icon><br \/>\n        <span class=\"job-posting-benefits__text\"><br \/>\n          Actively Hiring<br \/>\n<!---->        <\/span>\n      <\/div>\n<p>          <time class=\"job-search-card__listdate\" datetime=\"2025-07-24\"><\/p>\n<p>      1 week ago<\/p>\n<p>          <\/time><\/p>\n<p><!---->\n            <\/div>\n<\/p><\/div>\n<p><!---->      <\/p><\/div>\n<\/li>\n<li>\n<div class=\"base-card relative w-full hover:no-underline focus:no-underline\n        base-card--link\n         base-search-card base-search-card--link job-search-card\" data-entity-urn=\"urn:li:jobPosting:4278588606\" data-impression-id=\"jobs-search-desktop-13\" data-reference-id=\"WmoL+L0ZpiTjEp0GYyNYbA==\" data-tracking-id=\"vs8ojwfgYANA5Sc7F1f+Rw==\" data-column=\"1\" data-row=\"14\"><\/p>\n<p>        <a class=\"base-card__full-link absolute top-0 right-0 bottom-0 left-0 p-0 z-[2] outline-offset-[4px]\" href=\"https:\/\/br.linkedin.com\/jobs\/view\/assistente-administrativo-operacional-at-superfrio-log%C3%ADstica-frigorificada-4278588606?position=14&amp;pageNum=0&amp;refId=WmoL%2BL0ZpiTjEp0GYyNYbA%3D%3D&amp;trackingId=vs8ojwfgYANA5Sc7F1f%2BRw%3D%3D\" data-tracking-control-name=\"public_jobs_jserp-result_search-card\" data-tracking-client-ingraph data-tracking-will-navigate><\/p>\n<p>          <span class=\"sr-only\"><\/p>\n<p>        Assistente Administrativo Operacional<\/p>\n<p>          <\/span><br \/>\n        <\/a><\/p>\n<div class=\"search-entity-media\">\n<p>      <img class=\"artdeco-entity-image artdeco-entity-image--square-4\n          \" data-delayed-url=\"https:\/\/media.licdn.com\/dms\/image\/v2\/C4E0BAQHHg6g8jtoZjw\/company-logo_100_100\/company-logo_100_100\/0\/1630574138459?e=2147483647&amp;v=beta&amp;t=_zVmy57llRDRDOz8Y7_-G6372n0DZAn1UnhLakwzg18\" data-ghost-classes=\"artdeco-entity-image--ghost\" data-ghost-url=\"https:\/\/static.licdn.com\/aero-v1\/sc\/h\/6puxblwmhnodu6fjircz4dn4h\" alt><\/p><\/div>\n<div class=\"base-search-card__info\">\n<h3 class=\"base-search-card__title\">\n<p>        Assistente Administrativo Operacional<\/p>\n<\/h3>\n<h4 class=\"base-search-card__subtitle\">\n<p>          <a class=\"hidden-nested-link\" data-tracking-client-ingraph data-tracking-control-name=\"public_jobs_jserp-result_job-search-card-subtitle\" data-tracking-will-navigate href=\"https:\/\/br.linkedin.com\/company\/superfrio-armazenagem-refrigerada?trk=public_jobs_jserp-result_job-search-card-subtitle\"><br \/>\n            SuperFrio Log\u00edstica Frigorificada<br \/>\n          <\/a><\/p>\n<\/h4>\n<p><!----><\/p>\n<div class=\"base-search-card__metadata\">\n<p>          <span class=\"job-search-card__location\"><br \/>\n            Ribeir\u00e3o Preto, S\u00e3o Paulo, Brazil<br \/>\n          <\/span><\/p>\n<div class=\"job-posting-benefits text-sm\">\n        <icon class=\"job-posting-benefits__icon\" data-delayed-url=\"https:\/\/static.licdn.com\/aero-v1\/sc\/h\/3p1v0uhy7uq0cm5zdvzp4eo18\" data-svg-class-name=\"job-posting-benefits__icon-svg\"><\/icon><br \/>\n        <span class=\"job-posting-benefits__text\"><br \/>\n          Actively Hiring<br \/>\n<!---->        <\/span>\n      <\/div>\n<p>          <time class=\"job-search-card__listdate\" datetime=\"2025-07-31\"><\/p>\n<p>      4 days ago<\/p>\n<p>          <\/time><\/p>\n<p><!---->\n            <\/div>\n<\/p><\/div>\n<p><!---->      <\/p><\/div>\n<\/li>\n<li>\n<div class=\"base-card relative w-full hover:no-underline focus:no-underline\n        base-card--link\n         base-search-card base-search-card--link job-search-card\" data-entity-urn=\"urn:li:jobPosting:4279072494\" data-impression-id=\"jobs-search-desktop-14\" data-reference-id=\"WmoL+L0ZpiTjEp0GYyNYbA==\" data-tracking-id=\"d5r3xwOAQflU3\/n\/Lvs3NQ==\" data-column=\"1\" data-row=\"15\"><\/p>\n<p>        <a class=\"base-card__full-link absolute top-0 right-0 bottom-0 left-0 p-0 z-[2] outline-offset-[4px]\" href=\"https:\/\/br.linkedin.com\/jobs\/view\/analista-administrativo-faturamento-at-superfrio-log%C3%ADstica-frigorificada-4279072494?position=15&amp;pageNum=0&amp;refId=WmoL%2BL0ZpiTjEp0GYyNYbA%3D%3D&amp;trackingId=d5r3xwOAQflU3%2Fn%2FLvs3NQ%3D%3D\" data-tracking-control-name=\"public_jobs_jserp-result_search-card\" data-tracking-client-ingraph data-tracking-will-navigate><\/p>\n<p>          <span class=\"sr-only\"><\/p>\n<p>        Analista Administrativo &#8211; Faturamento<\/p>\n<p>          <\/span><br \/>\n        <\/a><\/p>\n<div class=\"search-entity-media\">\n<p>      <img class=\"artdeco-entity-image artdeco-entity-image--square-4\n          \" data-delayed-url=\"https:\/\/media.licdn.com\/dms\/image\/v2\/C4E0BAQHHg6g8jtoZjw\/company-logo_100_100\/company-logo_100_100\/0\/1630574138459?e=2147483647&amp;v=beta&amp;t=_zVmy57llRDRDOz8Y7_-G6372n0DZAn1UnhLakwzg18\" data-ghost-classes=\"artdeco-entity-image--ghost\" data-ghost-url=\"https:\/\/static.licdn.com\/aero-v1\/sc\/h\/6puxblwmhnodu6fjircz4dn4h\" alt><\/p><\/div>\n<div class=\"base-search-card__info\">\n<h3 class=\"base-search-card__title\">\n<p>        Analista Administrativo &#8211; Faturamento<\/p>\n<\/h3>\n<h4 class=\"base-search-card__subtitle\">\n<p>          <a class=\"hidden-nested-link\" data-tracking-client-ingraph data-tracking-control-name=\"public_jobs_jserp-result_job-search-card-subtitle\" data-tracking-will-navigate href=\"https:\/\/br.linkedin.com\/company\/superfrio-armazenagem-refrigerada?trk=public_jobs_jserp-result_job-search-card-subtitle\"><br \/>\n            SuperFrio Log\u00edstica Frigorificada<br \/>\n          <\/a><\/p>\n<\/h4>\n<p><!----><\/p>\n<div class=\"base-search-card__metadata\">\n<p>          <span class=\"job-search-card__location\"><br \/>\n            Ribeir\u00e3o Preto, S\u00e3o Paulo, Brazil<br \/>\n          <\/span><\/p>\n<div class=\"job-posting-benefits text-sm\">\n        <icon class=\"job-posting-benefits__icon\" data-delayed-url=\"https:\/\/static.licdn.com\/aero-v1\/sc\/h\/3p1v0uhy7uq0cm5zdvzp4eo18\" data-svg-class-name=\"job-posting-benefits__icon-svg\"><\/icon><br \/>\n        <span class=\"job-posting-benefits__text\"><br \/>\n          Actively Hiring<br \/>\n<!---->        <\/span>\n      <\/div>\n<p>          <time class=\"job-search-card__listdate\" datetime=\"2025-08-02\"><\/p>\n<p>      2 days ago<\/p>\n<p>          <\/time><\/p>\n<p><!---->\n            <\/div>\n<\/p><\/div>\n<p><!---->      <\/p><\/div>\n<\/li>\n<li>\n<div class=\"base-card relative w-full hover:no-underline focus:no-underline\n        base-card--link\n         base-search-card base-search-card--link job-search-card\" data-entity-urn=\"urn:li:jobPosting:4277079423\" data-impression-id=\"jobs-search-desktop-15\" data-reference-id=\"WmoL+L0ZpiTjEp0GYyNYbA==\" data-tracking-id=\"QdHrDe1\/1coPBV3wD0Qc\/w==\" data-column=\"1\" data-row=\"16\"><\/p>\n<p>        <a class=\"base-card__full-link absolute top-0 right-0 bottom-0 left-0 p-0 z-[2] outline-offset-[4px]\" href=\"https:\/\/br.linkedin.com\/jobs\/view\/recepcionista-sp-at-mult-light-energia-4277079423?position=16&amp;pageNum=0&amp;refId=WmoL%2BL0ZpiTjEp0GYyNYbA%3D%3D&amp;trackingId=QdHrDe1%2F1coPBV3wD0Qc%2Fw%3D%3D\" data-tracking-control-name=\"public_jobs_jserp-result_search-card\" data-tracking-client-ingraph data-tracking-will-navigate><\/p>\n<p>          <span class=\"sr-only\"><\/p>\n<p>        Recepcionista &#8211; SP<\/p>\n<p>          <\/span><br \/>\n        <\/a><\/p>\n<div class=\"search-entity-media\">\n<p>      <img class=\"artdeco-entity-image artdeco-entity-image--square-4\n          \" data-delayed-url=\"https:\/\/media.licdn.com\/dms\/image\/v2\/D4D0BAQHGylzpI2GjDg\/company-logo_100_100\/company-logo_100_100\/0\/1710335768731?e=2147483647&amp;v=beta&amp;t=F7UjWB-m9IT3YY6Rnnu7RBZfEOzrUQDGCE8H6WIk6Ho\" data-ghost-classes=\"artdeco-entity-image--ghost\" data-ghost-url=\"https:\/\/static.licdn.com\/aero-v1\/sc\/h\/6puxblwmhnodu6fjircz4dn4h\" alt><\/p><\/div>\n<div class=\"base-search-card__info\">\n<h3 class=\"base-search-card__title\">\n<p>        Recepcionista &#8211; SP<\/p>\n<\/h3>\n<h4 class=\"base-search-card__subtitle\">\n<p>          <a class=\"hidden-nested-link\" data-tracking-client-ingraph data-tracking-control-name=\"public_jobs_jserp-result_job-search-card-subtitle\" data-tracking-will-navigate href=\"https:\/\/www.linkedin.com\/company\/mult-light-comercial?trk=public_jobs_jserp-result_job-search-card-subtitle\"><br \/>\n            Mult Light Energia<br \/>\n          <\/a><\/p>\n<\/h4>\n<p><!----><\/p>\n<div class=\"base-search-card__metadata\">\n<p>          <span class=\"job-search-card__location\"><br \/>\n            Greater Ribeir\u00e3o Preto<br \/>\n          <\/span><\/p>\n<div class=\"job-posting-benefits text-sm\">\n        <icon class=\"job-posting-benefits__icon\" data-delayed-url=\"https:\/\/static.licdn.com\/aero-v1\/sc\/h\/3p1v0uhy7uq0cm5zdvzp4eo18\" data-svg-class-name=\"job-posting-benefits__icon-svg\"><\/icon><br \/>\n        <span class=\"job-posting-benefits__text\"><br \/>\n          Actively Hiring<br \/>\n<!---->        <\/span>\n      <\/div>\n<p>          <time class=\"job-search-card__listdate\" datetime=\"2025-08-03\"><\/p>\n<p>      1 day ago<\/p>\n<p>          <\/time><\/p>\n<p><!---->\n            <\/div>\n<\/p><\/div>\n<p><!---->      <\/p><\/div>\n<\/li>\n<li>\n<div class=\"base-card relative w-full hover:no-underline focus:no-underline\n        base-card--link\n         base-search-card base-search-card--link job-search-card\" data-entity-urn=\"urn:li:jobPosting:4252715967\" data-impression-id=\"jobs-search-desktop-16\" data-reference-id=\"WmoL+L0ZpiTjEp0GYyNYbA==\" data-tracking-id=\"jYtnyvUSFz5Vt6C8GXT85w==\" data-column=\"1\" data-row=\"17\"><\/p>\n<p>        <a class=\"base-card__full-link absolute top-0 right-0 bottom-0 left-0 p-0 z-[2] outline-offset-[4px]\" href=\"https:\/\/br.linkedin.com\/jobs\/view\/assistente-administrativo-at-rodonaves-4252715967?position=17&amp;pageNum=0&amp;refId=WmoL%2BL0ZpiTjEp0GYyNYbA%3D%3D&amp;trackingId=jYtnyvUSFz5Vt6C8GXT85w%3D%3D\" data-tracking-control-name=\"public_jobs_jserp-result_search-card\" data-tracking-client-ingraph data-tracking-will-navigate><\/p>\n<p>          <span class=\"sr-only\"><\/p>\n<p>        ASSISTENTE ADMINISTRATIVO<\/p>\n<p>          <\/span><br \/>\n        <\/a><\/p>\n<div class=\"search-entity-media\">\n<p>      <img class=\"artdeco-entity-image artdeco-entity-image--square-4\n          \" data-delayed-url=\"https:\/\/media.licdn.com\/dms\/image\/v2\/D4D0BAQHK1r4UVw7ZFg\/company-logo_100_100\/B4DZVIGbvqGkAQ-\/0\/1740671401737\/rodonaves_logo?e=2147483647&amp;v=beta&amp;t=l8JmQXvFT_8b4UpRocodCB-_CoAnWuiCduI0VRAXF58\" data-ghost-classes=\"artdeco-entity-image--ghost\" data-ghost-url=\"https:\/\/static.licdn.com\/aero-v1\/sc\/h\/6puxblwmhnodu6fjircz4dn4h\" alt><\/p><\/div>\n<div class=\"base-search-card__info\">\n<h3 class=\"base-search-card__title\">\n<p>        ASSISTENTE ADMINISTRATIVO<\/p>\n<\/h3>\n<h4 class=\"base-search-card__subtitle\">\n<p>          <a class=\"hidden-nested-link\" data-tracking-client-ingraph data-tracking-control-name=\"public_jobs_jserp-result_job-search-card-subtitle\" data-tracking-will-navigate href=\"https:\/\/br.linkedin.com\/company\/rodonaves?trk=public_jobs_jserp-result_job-search-card-subtitle\"><br \/>\n            Rodonaves<br \/>\n          <\/a><\/p>\n<\/h4>\n<p><!----><\/p>\n<div class=\"base-search-card__metadata\">\n<p>          <span class=\"job-search-card__location\"><br \/>\n            Ribeir\u00e3o Preto, S\u00e3o Paulo, Brazil<br \/>\n          <\/span><\/p>\n<p><!---->  <\/p>\n<p>          <time class=\"job-search-card__listdate\" datetime=\"2025-06-18\"><\/p>\n<p>      1 month ago<\/p>\n<p>          <\/time><\/p>\n<p><!---->\n            <\/div>\n<\/p><\/div>\n<p><!---->      <\/p><\/div>\n<\/li>\n<li>\n<div class=\"base-card relative w-full hover:no-underline focus:no-underline\n        base-card--link\n         base-search-card base-search-card--link job-search-card\" data-entity-urn=\"urn:li:jobPosting:4279070535\" data-impression-id=\"jobs-search-desktop-17\" data-reference-id=\"WmoL+L0ZpiTjEp0GYyNYbA==\" data-tracking-id=\"wzUp\/gAs5dr\/fVNTypQIFw==\" data-column=\"1\" data-row=\"18\"><\/p>\n<p>        <a class=\"base-card__full-link absolute top-0 right-0 bottom-0 left-0 p-0 z-[2] outline-offset-[4px]\" href=\"https:\/\/br.linkedin.com\/jobs\/view\/analista-administrativo-faturamento-at-superfrio-log%C3%ADstica-frigorificada-4279070535?position=18&amp;pageNum=0&amp;refId=WmoL%2BL0ZpiTjEp0GYyNYbA%3D%3D&amp;trackingId=wzUp%2FgAs5dr%2FfVNTypQIFw%3D%3D\" data-tracking-control-name=\"public_jobs_jserp-result_search-card\" data-tracking-client-ingraph data-tracking-will-navigate><\/p>\n<p>          <span class=\"sr-only\"><\/p>\n<p>        Analista Administrativo &#8211; Faturamento<\/p>\n<p>          <\/span><br \/>\n        <\/a><\/p>\n<div class=\"search-entity-media\">\n<p>      <img class=\"artdeco-entity-image artdeco-entity-image--square-4\n          \" data-delayed-url=\"https:\/\/media.licdn.com\/dms\/image\/v2\/C4E0BAQHHg6g8jtoZjw\/company-logo_100_100\/company-logo_100_100\/0\/1630574138459?e=2147483647&amp;v=beta&amp;t=_zVmy57llRDRDOz8Y7_-G6372n0DZAn1UnhLakwzg18\" data-ghost-classes=\"artdeco-entity-image--ghost\" data-ghost-url=\"https:\/\/static.licdn.com\/aero-v1\/sc\/h\/6puxblwmhnodu6fjircz4dn4h\" alt><\/p><\/div>\n<div class=\"base-search-card__info\">\n<h3 class=\"base-search-card__title\">\n<p>        Analista Administrativo &#8211; Faturamento<\/p>\n<\/h3>\n<h4 class=\"base-search-card__subtitle\">\n<p>          <a class=\"hidden-nested-link\" data-tracking-client-ingraph data-tracking-control-name=\"public_jobs_jserp-result_job-search-card-subtitle\" data-tracking-will-navigate href=\"https:\/\/br.linkedin.com\/company\/superfrio-armazenagem-refrigerada?trk=public_jobs_jserp-result_job-search-card-subtitle\"><br \/>\n            SuperFrio Log\u00edstica Frigorificada<br \/>\n          <\/a><\/p>\n<\/h4>\n<p><!----><\/p>\n<div class=\"base-search-card__metadata\">\n<p>          <span class=\"job-search-card__location\"><br \/>\n            Ribeir\u00e3o Preto, S\u00e3o Paulo, Brazil<br \/>\n          <\/span><\/p>\n<div class=\"job-posting-benefits text-sm\">\n        <icon class=\"job-posting-benefits__icon\" data-delayed-url=\"https:\/\/static.licdn.com\/aero-v1\/sc\/h\/8zmuwb93gzlb935fk4ao4z779\" data-svg-class-name=\"job-posting-benefits__icon-svg\"><\/icon><br \/>\n        <span class=\"job-posting-benefits__text\"><br \/>\n          Be an early applicant<br \/>\n<!---->        <\/span>\n      <\/div>\n<p>          <time class=\"job-search-card__listdate\" datetime=\"2025-08-02\"><\/p>\n<p>      2 days ago<\/p>\n<p>          <\/time><\/p>\n<p><!---->\n            <\/div>\n<\/p><\/div>\n<p><!---->      <\/p><\/div>\n<\/li>\n<li>\n<div class=\"base-card relative w-full hover:no-underline focus:no-underline\n        base-card--link\n         base-search-card base-search-card--link job-search-card\" data-entity-urn=\"urn:li:jobPosting:4274450173\" data-impression-id=\"jobs-search-desktop-18\" data-reference-id=\"WmoL+L0ZpiTjEp0GYyNYbA==\" data-tracking-id=\"xb2JO4g61+s70mNBXP+wQQ==\" data-column=\"1\" data-row=\"19\"><\/p>\n<p>        <a class=\"base-card__full-link absolute top-0 right-0 bottom-0 left-0 p-0 z-[2] outline-offset-[4px]\" href=\"https:\/\/br.linkedin.com\/jobs\/view\/auxiliar-administrativo-assist%C3%AAncia-t%C3%A9cnica-at-grupo-bonsono-4274450173?position=19&amp;pageNum=0&amp;refId=WmoL%2BL0ZpiTjEp0GYyNYbA%3D%3D&amp;trackingId=xb2JO4g61%2Bs70mNBXP%2BwQQ%3D%3D\" data-tracking-control-name=\"public_jobs_jserp-result_search-card\" data-tracking-client-ingraph data-tracking-will-navigate><\/p>\n<p>          <span class=\"sr-only\"><\/p>\n<p>        Auxiliar administrativo(Assist\u00eancia T\u00e9cnica)<\/p>\n<p>          <\/span><br \/>\n        <\/a><\/p>\n<div class=\"search-entity-media\">\n<p>      <img class=\"artdeco-entity-image artdeco-entity-image--square-4\n          \" data-delayed-url=\"https:\/\/media.licdn.com\/dms\/image\/v2\/D4E0BAQEBJUaXPSY01g\/company-logo_100_100\/B4EZdkVesHGcAc-\/0\/1749735042495\/grupo_bonsono_simmons_logo?e=2147483647&amp;v=beta&amp;t=0EdGe67r1jg24eP5d57tbox0WCPu-wJezGYAZwSuCvg\" data-ghost-classes=\"artdeco-entity-image--ghost\" data-ghost-url=\"https:\/\/static.licdn.com\/aero-v1\/sc\/h\/6puxblwmhnodu6fjircz4dn4h\" alt><\/p><\/div>\n<div class=\"base-search-card__info\">\n<h3 class=\"base-search-card__title\">\n<p>        Auxiliar administrativo(Assist\u00eancia T\u00e9cnica)<\/p>\n<\/h3>\n<h4 class=\"base-search-card__subtitle\">\n<p>          <a class=\"hidden-nested-link\" data-tracking-client-ingraph data-tracking-control-name=\"public_jobs_jserp-result_job-search-card-subtitle\" data-tracking-will-navigate href=\"https:\/\/br.linkedin.com\/company\/grupo-bonsono?trk=public_jobs_jserp-result_job-search-card-subtitle\"><br \/>\n            Grupo Bonsono<br \/>\n          <\/a><\/p>\n<\/h4>\n<p><!----><\/p>\n<div class=\"base-search-card__metadata\">\n<p>          <span class=\"job-search-card__location\"><br \/>\n            Ribeir\u00e3o Preto, S\u00e3o Paulo, Brazil<br \/>\n          <\/span><\/p>\n<p><!---->  <\/p>\n<p>          <time class=\"job-search-card__listdate\" datetime=\"2025-07-23\"><\/p>\n<p>      1 week ago<\/p>\n<p>          <\/time><\/p>\n<p><!---->\n            <\/div>\n<\/p><\/div>\n<p><!---->      <\/p><\/div>\n<\/li>\n<li>\n<div class=\"base-card relative w-full hover:no-underline focus:no-underline\n        base-card--link\n         base-search-card base-search-card--link job-search-card\" data-entity-urn=\"urn:li:jobPosting:4056281493\" data-impression-id=\"jobs-search-desktop-19\" data-reference-id=\"WmoL+L0ZpiTjEp0GYyNYbA==\" data-tracking-id=\"WmtFFEVAMabBmsueEJH+Fg==\" data-column=\"1\" data-row=\"20\"><\/p>\n<p>        <a class=\"base-card__full-link absolute top-0 right-0 bottom-0 left-0 p-0 z-[2] outline-offset-[4px]\" href=\"https:\/\/br.linkedin.com\/jobs\/view\/auxiliar-administrativo-at-concept-desenvolvimento-empresarial-4056281493?position=20&amp;pageNum=0&amp;refId=WmoL%2BL0ZpiTjEp0GYyNYbA%3D%3D&amp;trackingId=WmtFFEVAMabBmsueEJH%2BFg%3D%3D\" data-tracking-control-name=\"public_jobs_jserp-result_search-card\" data-tracking-client-ingraph data-tracking-will-navigate><\/p>\n<p>          <span class=\"sr-only\"><\/p>\n<p>        Auxiliar Administrativo<\/p>\n<p>          <\/span><br \/>\n        <\/a><\/p>\n<div class=\"search-entity-media\">\n<p>      <img class=\"artdeco-entity-image artdeco-entity-image--square-4\n          \" data-delayed-url=\"https:\/\/media.licdn.com\/dms\/image\/v2\/C4D0BAQEo1fm7925F1A\/company-logo_100_100\/company-logo_100_100\/0\/1658865817625\/conceptdesenvolvimento_logo?e=2147483647&amp;v=beta&amp;t=UvHvRClAi2u3-ltE1ls_eAwR2wmWQVvaKfIT18ib2Ms\" data-ghost-classes=\"artdeco-entity-image--ghost\" data-ghost-url=\"https:\/\/static.licdn.com\/aero-v1\/sc\/h\/6puxblwmhnodu6fjircz4dn4h\" alt><\/p><\/div>\n<div class=\"base-search-card__info\">\n<h3 class=\"base-search-card__title\">\n<p>        Auxiliar Administrativo<\/p>\n<\/h3>\n<h4 class=\"base-search-card__subtitle\">\n<p>          <a class=\"hidden-nested-link\" data-tracking-client-ingraph data-tracking-control-name=\"public_jobs_jserp-result_job-search-card-subtitle\" data-tracking-will-navigate href=\"https:\/\/br.linkedin.com\/company\/conceptdesenvolvimento?trk=public_jobs_jserp-result_job-search-card-subtitle\"><br \/>\n            Concept Desenvolvimento Empresarial<br \/>\n          <\/a><\/p>\n<\/h4>\n<p><!----><\/p>\n<div class=\"base-search-card__metadata\">\n<p>          <span class=\"job-search-card__location\"><br \/>\n            Ribeir\u00e3o Preto, S\u00e3o Paulo, Brazil<br \/>\n          <\/span><\/p>\n<p><!---->  <\/p>\n<p>          <time class=\"job-search-card__listdate\" datetime=\"2024-10-23\"><\/p>\n<p>      9 months ago<\/p>\n<p>          <\/time><\/p>\n<p><!---->\n            <\/div>\n<\/p><\/div>\n<p><!---->      <\/p><\/div>\n<\/li>\n<li>\n<div class=\"base-card relative w-full hover:no-underline focus:no-underline\n        base-card--link\n         base-search-card base-search-card--link job-search-card\" data-entity-urn=\"urn:li:jobPosting:4277280915\" data-impression-id=\"jobs-search-desktop-20\" data-reference-id=\"WmoL+L0ZpiTjEp0GYyNYbA==\" data-tracking-id=\"M+WSwPbIVuSWtX2o4pVl3A==\" data-column=\"1\" data-row=\"21\"><\/p>\n<p>        <a class=\"base-card__full-link absolute top-0 right-0 bottom-0 left-0 p-0 z-[2] outline-offset-[4px]\" href=\"https:\/\/br.linkedin.com\/jobs\/view\/auxiliar-administrativo-qualidade-at-grupo-st%C3%A9fani-ribeir%C3%A3o-diesel-4277280915?position=21&amp;pageNum=0&amp;refId=WmoL%2BL0ZpiTjEp0GYyNYbA%3D%3D&amp;trackingId=M%2BWSwPbIVuSWtX2o4pVl3A%3D%3D\" data-tracking-control-name=\"public_jobs_jserp-result_search-card\" data-tracking-client-ingraph data-tracking-will-navigate><\/p>\n<p>          <span class=\"sr-only\"><\/p>\n<p>        Auxiliar Administrativo &#8211; Qualidade<\/p>\n<p>          <\/span><br \/>\n        <\/a><\/p>\n<div class=\"search-entity-media\">\n<p>      <img class=\"artdeco-entity-image artdeco-entity-image--square-4\n          \" data-delayed-url=\"https:\/\/media.licdn.com\/dms\/image\/v2\/C4E0BAQFn8Skz6PH-tA\/company-logo_100_100\/company-logo_100_100\/0\/1630573831352\/grupo_st_fani_ribeir_o_diesel_logo?e=2147483647&amp;v=beta&amp;t=tI3re3PngC6ZXCmuM5XUVFdnlEr2n4kAf6Gvpo8-uXI\" data-ghost-classes=\"artdeco-entity-image--ghost\" data-ghost-url=\"https:\/\/static.licdn.com\/aero-v1\/sc\/h\/6puxblwmhnodu6fjircz4dn4h\" alt><\/p><\/div>\n<div class=\"base-search-card__info\">\n<h3 class=\"base-search-card__title\">\n<p>        Auxiliar Administrativo &#8211; Qualidade<\/p>\n<\/h3>\n<h4 class=\"base-search-card__subtitle\">\n<p>          <a class=\"hidden-nested-link\" data-tracking-client-ingraph data-tracking-control-name=\"public_jobs_jserp-result_job-search-card-subtitle\" data-tracking-will-navigate href=\"https:\/\/br.linkedin.com\/company\/grupostefaniribeiraodiesel?trk=public_jobs_jserp-result_job-search-card-subtitle\"><br \/>\n            Grupo St\u00e9fani Ribeir\u00e3o Diesel<br \/>\n          <\/a><\/p>\n<\/h4>\n<p><!----><\/p>\n<div class=\"base-search-card__metadata\">\n<p>          <span class=\"job-search-card__location\"><br \/>\n            Ribeir\u00e3o Preto, S\u00e3o Paulo, Brazil<br \/>\n          <\/span><\/p>\n<div class=\"job-posting-benefits text-sm\">\n        <icon class=\"job-posting-benefits__icon\" data-delayed-url=\"https:\/\/static.licdn.com\/aero-v1\/sc\/h\/3p1v0uhy7uq0cm5zdvzp4eo18\" data-svg-class-name=\"job-posting-benefits__icon-svg\"><\/icon><br \/>\n        <span class=\"job-posting-benefits__text\"><br \/>\n          Actively Hiring<br \/>\n<!---->        <\/span>\n      <\/div>\n<p>          <time class=\"job-search-card__listdate\" datetime=\"2025-07-28\"><\/p>\n<p>      6 days ago<\/p>\n<p>          <\/time><\/p>\n<p><!---->\n            <\/div>\n<\/p><\/div>\n<p><!---->      <\/p><\/div>\n<\/li>\n<li>\n<div class=\"base-card relative w-full hover:no-underline focus:no-underline\n        base-card--link\n         base-search-card base-search-card--link job-search-card\" data-entity-urn=\"urn:li:jobPosting:4029493414\" data-impression-id=\"jobs-search-desktop-21\" data-reference-id=\"WmoL+L0ZpiTjEp0GYyNYbA==\" data-tracking-id=\"rHRNgdX0Ww6Uktqb7OkcXA==\" data-column=\"1\" data-row=\"22\"><\/p>\n<p>        <a class=\"base-card__full-link absolute top-0 right-0 bottom-0 left-0 p-0 z-[2] outline-offset-[4px]\" href=\"https:\/\/br.linkedin.com\/jobs\/view\/assistente-administrativo-at-concept-desenvolvimento-empresarial-4029493414?position=22&amp;pageNum=0&amp;refId=WmoL%2BL0ZpiTjEp0GYyNYbA%3D%3D&amp;trackingId=rHRNgdX0Ww6Uktqb7OkcXA%3D%3D\" data-tracking-control-name=\"public_jobs_jserp-result_search-card\" data-tracking-client-ingraph data-tracking-will-navigate><\/p>\n<p>          <span class=\"sr-only\"><\/p>\n<p>        Assistente Administrativo<\/p>\n<p>          <\/span><br \/>\n        <\/a><\/p>\n<div class=\"search-entity-media\">\n<p>      <img class=\"artdeco-entity-image artdeco-entity-image--square-4\n          \" data-delayed-url=\"https:\/\/media.licdn.com\/dms\/image\/v2\/C4D0BAQEo1fm7925F1A\/company-logo_100_100\/company-logo_100_100\/0\/1658865817625\/conceptdesenvolvimento_logo?e=2147483647&amp;v=beta&amp;t=UvHvRClAi2u3-ltE1ls_eAwR2wmWQVvaKfIT18ib2Ms\" data-ghost-classes=\"artdeco-entity-image--ghost\" data-ghost-url=\"https:\/\/static.licdn.com\/aero-v1\/sc\/h\/6puxblwmhnodu6fjircz4dn4h\" alt><\/p><\/div>\n<div class=\"base-search-card__info\">\n<h3 class=\"base-search-card__title\">\n<p>        Assistente Administrativo<\/p>\n<\/h3>\n<h4 class=\"base-search-card__subtitle\">\n<p>          <a class=\"hidden-nested-link\" data-tracking-client-ingraph data-tracking-control-name=\"public_jobs_jserp-result_job-search-card-subtitle\" data-tracking-will-navigate href=\"https:\/\/br.linkedin.com\/company\/conceptdesenvolvimento?trk=public_jobs_jserp-result_job-search-card-subtitle\"><br \/>\n            Concept Desenvolvimento Empresarial<br \/>\n          <\/a><\/p>\n<\/h4>\n<p><!----><\/p>\n<div class=\"base-search-card__metadata\">\n<p>          <span class=\"job-search-card__location\"><br \/>\n            Ribeir\u00e3o Preto, S\u00e3o Paulo, Brazil<br \/>\n          <\/span><\/p>\n<p><!---->  <\/p>\n<p>          <time class=\"job-search-card__listdate\" datetime=\"2024-09-18\"><\/p>\n<p>      10 months ago<\/p>\n<p>          <\/time><\/p>\n<p><!---->\n            <\/div>\n<\/p><\/div>\n<p><!---->      <\/p><\/div>\n<\/li>\n<li>\n<div class=\"base-card relative w-full hover:no-underline focus:no-underline\n        base-card--link\n         base-search-card base-search-card--link job-search-card\" data-entity-urn=\"urn:li:jobPosting:4118378668\" data-impression-id=\"jobs-search-desktop-22\" data-reference-id=\"WmoL+L0ZpiTjEp0GYyNYbA==\" data-tracking-id=\"Yz4bNhmIkYW\/Qm47S+1XDw==\" data-column=\"1\" data-row=\"23\"><\/p>\n<p>        <a class=\"base-card__full-link absolute top-0 right-0 bottom-0 left-0 p-0 z-[2] outline-offset-[4px]\" href=\"https:\/\/br.linkedin.com\/jobs\/view\/assistente-administrativo-at-concept-desenvolvimento-empresarial-4118378668?position=23&amp;pageNum=0&amp;refId=WmoL%2BL0ZpiTjEp0GYyNYbA%3D%3D&amp;trackingId=Yz4bNhmIkYW%2FQm47S%2B1XDw%3D%3D\" data-tracking-control-name=\"public_jobs_jserp-result_search-card\" data-tracking-client-ingraph data-tracking-will-navigate><\/p>\n<p>          <span class=\"sr-only\"><\/p>\n<p>        Assistente Administrativo<\/p>\n<p>          <\/span><br \/>\n        <\/a><\/p>\n<div class=\"search-entity-media\">\n<p>      <img class=\"artdeco-entity-image artdeco-entity-image--square-4\n          \" data-delayed-url=\"https:\/\/media.licdn.com\/dms\/image\/v2\/C4D0BAQEo1fm7925F1A\/company-logo_100_100\/company-logo_100_100\/0\/1658865817625\/conceptdesenvolvimento_logo?e=2147483647&amp;v=beta&amp;t=UvHvRClAi2u3-ltE1ls_eAwR2wmWQVvaKfIT18ib2Ms\" data-ghost-classes=\"artdeco-entity-image--ghost\" data-ghost-url=\"https:\/\/static.licdn.com\/aero-v1\/sc\/h\/6puxblwmhnodu6fjircz4dn4h\" alt><\/p><\/div>\n<div class=\"base-search-card__info\">\n<h3 class=\"base-search-card__title\">\n<p>        Assistente Administrativo<\/p>\n<\/h3>\n<h4 class=\"base-search-card__subtitle\">\n<p>          <a class=\"hidden-nested-link\" data-tracking-client-ingraph data-tracking-control-name=\"public_jobs_jserp-result_job-search-card-subtitle\" data-tracking-will-navigate href=\"https:\/\/br.linkedin.com\/company\/conceptdesenvolvimento?trk=public_jobs_jserp-result_job-search-card-subtitle\"><br \/>\n            Concept Desenvolvimento Empresarial<br \/>\n          <\/a><\/p>\n<\/h4>\n<p><!----><\/p>\n<div class=\"base-search-card__metadata\">\n<p>          <span class=\"job-search-card__location\"><br \/>\n            Ribeir\u00e3o Preto, S\u00e3o Paulo, Brazil<br \/>\n          <\/span><\/p>\n<p><!---->  <\/p>\n<p>          <time class=\"job-search-card__listdate\" datetime=\"2025-01-07\"><\/p>\n<p>      6 months ago<\/p>\n<p>          <\/time><\/p>\n<p><!---->\n            <\/div>\n<\/p><\/div>\n<p><!---->      <\/p><\/div>\n<\/li>\n<li>\n<div class=\"base-card relative w-full hover:no-underline focus:no-underline\n        base-card--link\n         base-search-card base-search-card--link job-search-card\" data-entity-urn=\"urn:li:jobPosting:4273788209\" data-impression-id=\"jobs-search-desktop-23\" data-reference-id=\"WmoL+L0ZpiTjEp0GYyNYbA==\" data-tracking-id=\"zIna3Kntypz83H1t7ix3+g==\" data-column=\"1\" data-row=\"24\"><\/p>\n<p>        <a class=\"base-card__full-link absolute top-0 right-0 bottom-0 left-0 p-0 z-[2] outline-offset-[4px]\" href=\"https:\/\/br.linkedin.com\/jobs\/view\/assistente-administrativo-at-equality-seguros-4273788209?position=24&amp;pageNum=0&amp;refId=WmoL%2BL0ZpiTjEp0GYyNYbA%3D%3D&amp;trackingId=zIna3Kntypz83H1t7ix3%2Bg%3D%3D\" data-tracking-control-name=\"public_jobs_jserp-result_search-card\" data-tracking-client-ingraph data-tracking-will-navigate><\/p>\n<p>          <span class=\"sr-only\"><\/p>\n<p>        Assistente Administrativo<\/p>\n<p>          <\/span><br \/>\n        <\/a><\/p>\n<div class=\"search-entity-media\">\n<p>      <img class=\"artdeco-entity-image artdeco-entity-image--square-4\n          \" data-delayed-url=\"https:\/\/media.licdn.com\/dms\/image\/v2\/D4D0BAQERsL0KjCxoRg\/company-logo_100_100\/company-logo_100_100\/0\/1695762751865\/equality_seguros_logo?e=2147483647&amp;v=beta&amp;t=BmofDzWAIZ_uMHVCarzguDZJEx7tl5IPawSBbQyUwDs\" data-ghost-classes=\"artdeco-entity-image--ghost\" data-ghost-url=\"https:\/\/static.licdn.com\/aero-v1\/sc\/h\/6puxblwmhnodu6fjircz4dn4h\" alt><\/p><\/div>\n<div class=\"base-search-card__info\">\n<h3 class=\"base-search-card__title\">\n<p>        Assistente Administrativo<\/p>\n<\/h3>\n<h4 class=\"base-search-card__subtitle\">\n<p>          <a class=\"hidden-nested-link\" data-tracking-client-ingraph data-tracking-control-name=\"public_jobs_jserp-result_job-search-card-subtitle\" data-tracking-will-navigate href=\"https:\/\/www.linkedin.com\/company\/equality-seguros?trk=public_jobs_jserp-result_job-search-card-subtitle\"><br \/>\n            Equality Seguros<br \/>\n          <\/a><\/p>\n<\/h4>\n<p><!----><\/p>\n<div class=\"base-search-card__metadata\">\n<p>          <span class=\"job-search-card__location\"><br \/>\n            Cravinhos, S\u00e3o Paulo, Brazil<br \/>\n          <\/span><\/p>\n<p><!---->  <\/p>\n<p>          <time class=\"job-search-card__listdate\" datetime=\"2025-07-29\"><\/p>\n<p>      5 days ago<\/p>\n<p>          <\/time><\/p>\n<p><!---->\n            <\/div>\n<\/p><\/div>\n<p><!---->      <\/p><\/div>\n<\/li>\n<li>\n<div class=\"base-card relative w-full hover:no-underline focus:no-underline\n        base-card--link\n         base-search-card base-search-card--link job-search-card\" data-entity-urn=\"urn:li:jobPosting:4257636658\" data-impression-id=\"jobs-search-desktop-24\" data-reference-id=\"WmoL+L0ZpiTjEp0GYyNYbA==\" data-tracking-id=\"NZ9a3kI\/FoVaBMoKan8dHQ==\" data-column=\"1\" data-row=\"25\"><\/p>\n<p>        <a class=\"base-card__full-link absolute top-0 right-0 bottom-0 left-0 p-0 z-[2] outline-offset-[4px]\" href=\"https:\/\/br.linkedin.com\/jobs\/view\/auxiliar-de-servi%C3%A7os-gerais-rib-preto-at-igreja-universal-4257636658?position=25&amp;pageNum=0&amp;refId=WmoL%2BL0ZpiTjEp0GYyNYbA%3D%3D&amp;trackingId=NZ9a3kI%2FFoVaBMoKan8dHQ%3D%3D\" data-tracking-control-name=\"public_jobs_jserp-result_search-card\" data-tracking-client-ingraph data-tracking-will-navigate><\/p>\n<p>          <span class=\"sr-only\"><\/p>\n<p>        Auxiliar de Servi\u00e7os Gerais &#8211; Rib. Preto<\/p>\n<p>          <\/span><br \/>\n        <\/a><\/p>\n<div class=\"search-entity-media\">\n<p>      <img class=\"artdeco-entity-image artdeco-entity-image--square-4\n          \" data-delayed-url=\"https:\/\/media.licdn.com\/dms\/image\/v2\/D4D0BAQFvaL6rVxuFoQ\/company-logo_100_100\/company-logo_100_100\/0\/1724341047317\/igrejauniversal_logo?e=2147483647&amp;v=beta&amp;t=-F64_J75B5rM8lRvK4y-JRAVy5wEt1JYZj1DtN6I51k\" data-ghost-classes=\"artdeco-entity-image--ghost\" data-ghost-url=\"https:\/\/static.licdn.com\/aero-v1\/sc\/h\/6puxblwmhnodu6fjircz4dn4h\" alt><\/p><\/div>\n<div class=\"base-search-card__info\">\n<h3 class=\"base-search-card__title\">\n<p>        Auxiliar de Servi\u00e7os Gerais &#8211; Rib. Preto<\/p>\n<\/h3>\n<h4 class=\"base-search-card__subtitle\">\n<p>          <a class=\"hidden-nested-link\" data-tracking-client-ingraph data-tracking-control-name=\"public_jobs_jserp-result_job-search-card-subtitle\" data-tracking-will-navigate href=\"https:\/\/br.linkedin.com\/company\/igrejauniversal?trk=public_jobs_jserp-result_job-search-card-subtitle\"><br \/>\n            Igreja Universal<br \/>\n          <\/a><\/p>\n<\/h4>\n<p><!----><\/p>\n<div class=\"base-search-card__metadata\">\n<p>          <span class=\"job-search-card__location\"><br \/>\n            Ribeir\u00e3o Preto, S\u00e3o Paulo, Brazil<br \/>\n          <\/span><\/p>\n<div class=\"job-posting-benefits text-sm\">\n        <icon class=\"job-posting-benefits__icon\" data-delayed-url=\"https:\/\/static.licdn.com\/aero-v1\/sc\/h\/8zmuwb93gzlb935fk4ao4z779\" data-svg-class-name=\"job-posting-benefits__icon-svg\"><\/icon><br \/>\n        <span class=\"job-posting-benefits__text\"><br \/>\n          Be an early applicant<br \/>\n<!---->        <\/span>\n      <\/div>\n<p>          <time class=\"job-search-card__listdate\" datetime=\"2025-06-24\"><\/p>\n<p>      1 month ago<\/p>\n<p>          <\/time><\/p>\n<p><!---->\n            <\/div>\n<\/p><\/div>\n<p><!---->      <\/p><\/div>\n<\/li>\n<li>\n<div class=\"base-card relative w-full hover:no-underline focus:no-underline\n        base-card--link\n         base-search-card base-search-card--link job-search-card\" data-entity-urn=\"urn:li:jobPosting:4277603852\" data-impression-id=\"jobs-search-desktop-25\" data-reference-id=\"WmoL+L0ZpiTjEp0GYyNYbA==\" data-tracking-id=\"ldYSJ2MD4wFMDZyylY5geg==\" data-column=\"1\" data-row=\"26\"><\/p>\n<p>        <a class=\"base-card__full-link absolute top-0 right-0 bottom-0 left-0 p-0 z-[2] outline-offset-[4px]\" href=\"https:\/\/br.linkedin.com\/jobs\/view\/assistente-administrativo-at-ativa-comercial-hospitalar-4277603852?position=26&amp;pageNum=0&amp;refId=WmoL%2BL0ZpiTjEp0GYyNYbA%3D%3D&amp;trackingId=ldYSJ2MD4wFMDZyylY5geg%3D%3D\" data-tracking-control-name=\"public_jobs_jserp-result_search-card\" data-tracking-client-ingraph data-tracking-will-navigate><\/p>\n<p>          <span class=\"sr-only\"><\/p>\n<p>        Assistente Administrativo<\/p>\n<p>          <\/span><br \/>\n        <\/a><\/p>\n<div class=\"search-entity-media\">\n<p>      <img class=\"artdeco-entity-image artdeco-entity-image--square-4\n          \" data-delayed-url=\"https:\/\/media.licdn.com\/dms\/image\/v2\/D4D0BAQG4Ud_AgDlHog\/company-logo_100_100\/company-logo_100_100\/0\/1714403269281\/ativa_comercial_hospitalar_logo?e=2147483647&amp;v=beta&amp;t=5MtvMnvNat0CHzLMY2UJFc36rUnjVHrtEjS0vEmmIbs\" data-ghost-classes=\"artdeco-entity-image--ghost\" data-ghost-url=\"https:\/\/static.licdn.com\/aero-v1\/sc\/h\/6puxblwmhnodu6fjircz4dn4h\" alt><\/p><\/div>\n<div class=\"base-search-card__info\">\n<h3 class=\"base-search-card__title\">\n<p>        Assistente Administrativo<\/p>\n<\/h3>\n<h4 class=\"base-search-card__subtitle\">\n<p>          <a class=\"hidden-nested-link\" data-tracking-client-ingraph data-tracking-control-name=\"public_jobs_jserp-result_job-search-card-subtitle\" data-tracking-will-navigate href=\"https:\/\/www.linkedin.com\/company\/ativa-comercial-hospitalar?trk=public_jobs_jserp-result_job-search-card-subtitle\"><br \/>\n            Ativa Comercial Hospitalar<br \/>\n          <\/a><\/p>\n<\/h4>\n<p><!----><\/p>\n<div class=\"base-search-card__metadata\">\n<p>          <span class=\"job-search-card__location\"><br \/>\n            Ribeir\u00e3o Preto, S\u00e3o Paulo, Brazil<br \/>\n          <\/span><\/p>\n<p><!---->  <\/p>\n<p>          <time class=\"job-search-card__listdate\" datetime=\"2025-07-29\"><\/p>\n<p>      6 days ago<\/p>\n<p>          <\/time><\/p>\n<p><!---->\n            <\/div>\n<\/p><\/div>\n<p><!---->      <\/p><\/div>\n<\/li>\n<li>\n<div class=\"base-card relative w-full hover:no-underline focus:no-underline\n        base-card--link\n         base-search-card base-search-card--link job-search-card\" data-entity-urn=\"urn:li:jobPosting:4271773146\" data-impression-id=\"jobs-search-desktop-26\" data-reference-id=\"WmoL+L0ZpiTjEp0GYyNYbA==\" data-tracking-id=\"bHr12gtJOKOLlW11J8sj8Q==\" data-column=\"1\" data-row=\"27\"><\/p>\n<p>        <a class=\"base-card__full-link absolute top-0 right-0 bottom-0 left-0 p-0 z-[2] outline-offset-[4px]\" href=\"https:\/\/br.linkedin.com\/jobs\/view\/auxiliar-administrativo-cobran%C3%A7a-negocia%C3%A7%C3%A3o-santander-pf-at-ramos-benedetti-advogados-4271773146?position=27&amp;pageNum=0&amp;refId=WmoL%2BL0ZpiTjEp0GYyNYbA%3D%3D&amp;trackingId=bHr12gtJOKOLlW11J8sj8Q%3D%3D\" data-tracking-control-name=\"public_jobs_jserp-result_search-card\" data-tracking-client-ingraph data-tracking-will-navigate><\/p>\n<p>          <span class=\"sr-only\"><\/p>\n<p>        Auxiliar Administrativo (Cobran\u00e7a\/Negocia\u00e7\u00e3o) (SANTANDER PF)<\/p>\n<p>          <\/span><br \/>\n        <\/a><\/p>\n<div class=\"search-entity-media\">\n<p>      <img class=\"artdeco-entity-image artdeco-entity-image--square-4\n          \" data-delayed-url=\"https:\/\/media.licdn.com\/dms\/image\/v2\/D4D0BAQEOH8OSR9tL0g\/company-logo_100_100\/company-logo_100_100\/0\/1708114145990\/oliveira__ramos_advogados_associados_logo?e=2147483647&amp;v=beta&amp;t=L05YB6sfVOLEwtsrYxw2NSqzpSTG6N5FXh4OMLIQGTc\" data-ghost-classes=\"artdeco-entity-image--ghost\" data-ghost-url=\"https:\/\/static.licdn.com\/aero-v1\/sc\/h\/6puxblwmhnodu6fjircz4dn4h\" alt><\/p><\/div>\n<div class=\"base-search-card__info\">\n<h3 class=\"base-search-card__title\">\n<p>        Auxiliar Administrativo (Cobran\u00e7a\/Negocia\u00e7\u00e3o) (SANTANDER PF)<\/p>\n<\/h3>\n<h4 class=\"base-search-card__subtitle\">\n<p>          <a class=\"hidden-nested-link\" data-tracking-client-ingraph data-tracking-control-name=\"public_jobs_jserp-result_job-search-card-subtitle\" data-tracking-will-navigate href=\"https:\/\/br.linkedin.com\/company\/ramosbenedettiadv?trk=public_jobs_jserp-result_job-search-card-subtitle\"><br \/>\n            Ramos Benedetti Advogados<br \/>\n          <\/a><\/p>\n<\/h4>\n<p><!----><\/p>\n<div class=\"base-search-card__metadata\">\n<p>          <span class=\"job-search-card__location\"><br \/>\n            Ribeir\u00e3o Preto, S\u00e3o Paulo, Brazil<br \/>\n          <\/span><\/p>\n<div class=\"job-posting-benefits text-sm\">\n        <icon class=\"job-posting-benefits__icon\" data-delayed-url=\"https:\/\/static.licdn.com\/aero-v1\/sc\/h\/3p1v0uhy7uq0cm5zdvzp4eo18\" data-svg-class-name=\"job-posting-benefits__icon-svg\"><\/icon><br \/>\n        <span class=\"job-posting-benefits__text\"><br \/>\n          Actively Hiring<br \/>\n<!---->        <\/span>\n      <\/div>\n<p>          <time class=\"job-search-card__listdate\" datetime=\"2025-07-28\"><\/p>\n<p>      6 days ago<\/p>\n<p>          <\/time><\/p>\n<p><!---->\n            <\/div>\n<\/p><\/div>\n<p><!---->      <\/p><\/div>\n<\/li>\n<li>\n<div class=\"base-card relative w-full hover:no-underline focus:no-underline\n        base-card--link\n         base-search-card base-search-card--link job-search-card\" data-entity-urn=\"urn:li:jobPosting:4266623877\" data-impression-id=\"jobs-search-desktop-27\" data-reference-id=\"WmoL+L0ZpiTjEp0GYyNYbA==\" data-tracking-id=\"aF\/ysG6kYeRA5W5g3k3CVg==\" data-column=\"1\" data-row=\"28\"><\/p>\n<p>        <a class=\"base-card__full-link absolute top-0 right-0 bottom-0 left-0 p-0 z-[2] outline-offset-[4px]\" href=\"https:\/\/br.linkedin.com\/jobs\/view\/assistente-de-administrativo-at-serraf-autope%C3%A7as-4266623877?position=28&amp;pageNum=0&amp;refId=WmoL%2BL0ZpiTjEp0GYyNYbA%3D%3D&amp;trackingId=aF%2FysG6kYeRA5W5g3k3CVg%3D%3D\" data-tracking-control-name=\"public_jobs_jserp-result_search-card\" data-tracking-client-ingraph data-tracking-will-navigate><\/p>\n<p>          <span class=\"sr-only\"><\/p>\n<p>        Assistente de Administrativo<\/p>\n<p>          <\/span><br \/>\n        <\/a><\/p>\n<div class=\"search-entity-media\">\n<p>      <img class=\"artdeco-entity-image artdeco-entity-image--square-4\n          \" data-delayed-url=\"https:\/\/media.licdn.com\/dms\/image\/v2\/D4D0BAQHMpVJNiVzctw\/company-logo_100_100\/company-logo_100_100\/0\/1683208347472\/serraf_autopecas_logo?e=2147483647&amp;v=beta&amp;t=da6NtL2be4988hDcM9hYX3XTQWCpEBiQQ4K1MhY1USg\" data-ghost-classes=\"artdeco-entity-image--ghost\" data-ghost-url=\"https:\/\/static.licdn.com\/aero-v1\/sc\/h\/6puxblwmhnodu6fjircz4dn4h\" alt><\/p><\/div>\n<div class=\"base-search-card__info\">\n<h3 class=\"base-search-card__title\">\n<p>        Assistente de Administrativo<\/p>\n<\/h3>\n<h4 class=\"base-search-card__subtitle\">\n<p>          <a class=\"hidden-nested-link\" data-tracking-client-ingraph data-tracking-control-name=\"public_jobs_jserp-result_job-search-card-subtitle\" data-tracking-will-navigate href=\"https:\/\/br.linkedin.com\/company\/serraf-autopecas?trk=public_jobs_jserp-result_job-search-card-subtitle\"><br \/>\n            Serraf Autope\u00e7as<br \/>\n          <\/a><\/p>\n<\/h4>\n<p><!----><\/p>\n<div class=\"base-search-card__metadata\">\n<p>          <span class=\"job-search-card__location\"><br \/>\n            Ribeir\u00e3o Preto, S\u00e3o Paulo, Brazil<br \/>\n          <\/span><\/p>\n<p><!---->  <\/p>\n<p>          <time class=\"job-search-card__listdate\" datetime=\"2025-07-15\"><\/p>\n<p>      2 weeks ago<\/p>\n<p>          <\/time><\/p>\n<p><!---->\n            <\/div>\n<\/p><\/div>\n<p><!---->      <\/p><\/div>\n<\/li>\n<li>\n<div class=\"base-card relative w-full hover:no-underline focus:no-underline\n        base-card--link\n         base-search-card base-search-card--link job-search-card\" data-entity-urn=\"urn:li:jobPosting:4219667139\" data-impression-id=\"jobs-search-desktop-28\" data-reference-id=\"WmoL+L0ZpiTjEp0GYyNYbA==\" data-tracking-id=\"WxThGZcC5k1\/kr2JA0moXw==\" data-column=\"1\" data-row=\"29\"><\/p>\n<p>        <a class=\"base-card__full-link absolute top-0 right-0 bottom-0 left-0 p-0 z-[2] outline-offset-[4px]\" href=\"https:\/\/br.linkedin.com\/jobs\/view\/auxiliar-administrativo-at-idealize-gest%C3%A3o-de-pessoas-4219667139?position=29&amp;pageNum=0&amp;refId=WmoL%2BL0ZpiTjEp0GYyNYbA%3D%3D&amp;trackingId=WxThGZcC5k1%2Fkr2JA0moXw%3D%3D\" data-tracking-control-name=\"public_jobs_jserp-result_search-card\" data-tracking-client-ingraph data-tracking-will-navigate><\/p>\n<p>          <span class=\"sr-only\"><\/p>\n<p>        Auxiliar administrativo<\/p>\n<p>          <\/span><br \/>\n        <\/a><\/p>\n<div class=\"search-entity-media\">\n<p>      <img class=\"artdeco-entity-image artdeco-entity-image--square-4\n          \" data-delayed-url=\"https:\/\/media.licdn.com\/dms\/image\/v2\/C4D0BAQH8J0kvWEJOnQ\/company-logo_100_100\/company-logo_100_100\/0\/1630563637160?e=2147483647&amp;v=beta&amp;t=TDK3MHsnkFjjd9-KhA9fPNnepkVPCCV60BI8oUw4bF4\" data-ghost-classes=\"artdeco-entity-image--ghost\" data-ghost-url=\"https:\/\/static.licdn.com\/aero-v1\/sc\/h\/6puxblwmhnodu6fjircz4dn4h\" alt><\/p><\/div>\n<div class=\"base-search-card__info\">\n<h3 class=\"base-search-card__title\">\n<p>        Auxiliar administrativo<\/p>\n<\/h3>\n<h4 class=\"base-search-card__subtitle\">\n<p>          <a class=\"hidden-nested-link\" data-tracking-client-ingraph data-tracking-control-name=\"public_jobs_jserp-result_job-search-card-subtitle\" data-tracking-will-navigate href=\"https:\/\/br.linkedin.com\/company\/idealize-gest%C3%A3o-de-pessoas?trk=public_jobs_jserp-result_job-search-card-subtitle\"><br \/>\n            Idealize Gest\u00e3o de Pessoas<br \/>\n          <\/a><\/p>\n<\/h4>\n<p><!----><\/p>\n<div class=\"base-search-card__metadata\">\n<p>          <span class=\"job-search-card__location\"><br \/>\n            Ribeir\u00e3o Preto, S\u00e3o Paulo, Brazil<br \/>\n          <\/span><\/p>\n<p><!---->  <\/p>\n<p>          <time class=\"job-search-card__listdate\" datetime=\"2025-04-30\"><\/p>\n<p>      3 months ago<\/p>\n<p>          <\/time><\/p>\n<p><!---->\n            <\/div>\n<\/p><\/div>\n<p><!---->      <\/p><\/div>\n<\/li>\n<li>\n<div class=\"base-card relative w-full hover:no-underline focus:no-underline\n        base-card--link\n         base-search-card base-search-card--link job-search-card\" data-entity-urn=\"urn:li:jobPosting:4183615733\" data-impression-id=\"jobs-search-desktop-29\" data-reference-id=\"WmoL+L0ZpiTjEp0GYyNYbA==\" data-tracking-id=\"bpK8qor0Dy+\/ZHmGqUxkhQ==\" data-column=\"1\" data-row=\"30\"><\/p>\n<p>        <a class=\"base-card__full-link absolute top-0 right-0 bottom-0 left-0 p-0 z-[2] outline-offset-[4px]\" href=\"https:\/\/br.linkedin.com\/jobs\/view\/assistente-administrativo-at-concept-desenvolvimento-empresarial-4183615733?position=30&amp;pageNum=0&amp;refId=WmoL%2BL0ZpiTjEp0GYyNYbA%3D%3D&amp;trackingId=bpK8qor0Dy%2B%2FZHmGqUxkhQ%3D%3D\" data-tracking-control-name=\"public_jobs_jserp-result_search-card\" data-tracking-client-ingraph data-tracking-will-navigate><\/p>\n<p>          <span class=\"sr-only\"><\/p>\n<p>        Assistente Administrativo<\/p>\n<p>          <\/span><br \/>\n        <\/a><\/p>\n<div class=\"search-entity-media\">\n<p>      <img class=\"artdeco-entity-image artdeco-entity-image--square-4\n          \" data-delayed-url=\"https:\/\/media.licdn.com\/dms\/image\/v2\/C4D0BAQEo1fm7925F1A\/company-logo_100_100\/company-logo_100_100\/0\/1658865817625\/conceptdesenvolvimento_logo?e=2147483647&amp;v=beta&amp;t=UvHvRClAi2u3-ltE1ls_eAwR2wmWQVvaKfIT18ib2Ms\" data-ghost-classes=\"artdeco-entity-image--ghost\" data-ghost-url=\"https:\/\/static.licdn.com\/aero-v1\/sc\/h\/6puxblwmhnodu6fjircz4dn4h\" alt><\/p><\/div>\n<div class=\"base-search-card__info\">\n<h3 class=\"base-search-card__title\">\n<p>        Assistente Administrativo<\/p>\n<\/h3>\n<h4 class=\"base-search-card__subtitle\">\n<p>          <a class=\"hidden-nested-link\" data-tracking-client-ingraph data-tracking-control-name=\"public_jobs_jserp-result_job-search-card-subtitle\" data-tracking-will-navigate href=\"https:\/\/br.linkedin.com\/company\/conceptdesenvolvimento?trk=public_jobs_jserp-result_job-search-card-subtitle\"><br \/>\n            Concept Desenvolvimento Empresarial<br \/>\n          <\/a><\/p>\n<\/h4>\n<p><!----><\/p>\n<div class=\"base-search-card__metadata\">\n<p>          <span class=\"job-search-card__location\"><br \/>\n            Ribeir\u00e3o Preto, S\u00e3o Paulo, Brazil<br \/>\n          <\/span><\/p>\n<p><!---->  <\/p>\n<p>          <time class=\"job-search-card__listdate\" datetime=\"2025-03-13\"><\/p>\n<p>      4 months ago<\/p>\n<p>          <\/time><\/p>\n<p><!---->\n            <\/div>\n<\/p><\/div>\n<p><!---->      <\/p><\/div>\n<\/li>\n<li>\n<div class=\"base-card relative w-full hover:no-underline focus:no-underline\n        base-card--link\n         base-search-card base-search-card--link job-search-card\" data-entity-urn=\"urn:li:jobPosting:4277090096\" data-impression-id=\"jobs-search-desktop-30\" data-reference-id=\"WmoL+L0ZpiTjEp0GYyNYbA==\" data-tracking-id=\"wW1VUaxXse1hf8DVR7UQvw==\" data-column=\"1\" data-row=\"31\"><\/p>\n<p>        <a class=\"base-card__full-link absolute top-0 right-0 bottom-0 left-0 p-0 z-[2] outline-offset-[4px]\" href=\"https:\/\/br.linkedin.com\/jobs\/view\/assistente-administrativo-sp-at-concept-desenvolvimento-empresarial-4277090096?position=31&amp;pageNum=0&amp;refId=WmoL%2BL0ZpiTjEp0GYyNYbA%3D%3D&amp;trackingId=wW1VUaxXse1hf8DVR7UQvw%3D%3D\" data-tracking-control-name=\"public_jobs_jserp-result_search-card\" data-tracking-client-ingraph data-tracking-will-navigate><\/p>\n<p>          <span class=\"sr-only\"><\/p>\n<p>        Assistente administrativo &#8211; SP<\/p>\n<p>          <\/span><br \/>\n        <\/a><\/p>\n<div class=\"search-entity-media\">\n<p>      <img class=\"artdeco-entity-image artdeco-entity-image--square-4\n          \" data-delayed-url=\"https:\/\/media.licdn.com\/dms\/image\/v2\/C4D0BAQEo1fm7925F1A\/company-logo_100_100\/company-logo_100_100\/0\/1658865817625\/conceptdesenvolvimento_logo?e=2147483647&amp;v=beta&amp;t=UvHvRClAi2u3-ltE1ls_eAwR2wmWQVvaKfIT18ib2Ms\" data-ghost-classes=\"artdeco-entity-image--ghost\" data-ghost-url=\"https:\/\/static.licdn.com\/aero-v1\/sc\/h\/6puxblwmhnodu6fjircz4dn4h\" alt><\/p><\/div>\n<div class=\"base-search-card__info\">\n<h3 class=\"base-search-card__title\">\n<p>        Assistente administrativo &#8211; SP<\/p>\n<\/h3>\n<h4 class=\"base-search-card__subtitle\">\n<p>          <a class=\"hidden-nested-link\" data-tracking-client-ingraph data-tracking-control-name=\"public_jobs_jserp-result_job-search-card-subtitle\" data-tracking-will-navigate href=\"https:\/\/br.linkedin.com\/company\/conceptdesenvolvimento?trk=public_jobs_jserp-result_job-search-card-subtitle\"><br \/>\n            Concept Desenvolvimento Empresarial<br \/>\n          <\/a><\/p>\n<\/h4>\n<p><!----><\/p>\n<div class=\"base-search-card__metadata\">\n<p>          <span class=\"job-search-card__location\"><br \/>\n            Greater Ribeir\u00e3o Preto<br \/>\n          <\/span><\/p>\n<p><!---->  <\/p>\n<p>          <time class=\"job-search-card__listdate\" datetime=\"2025-08-03\"><\/p>\n<p>      1 day ago<\/p>\n<p>          <\/time><\/p>\n<p><!---->\n            <\/div>\n<\/p><\/div>\n<p><!---->      <\/p><\/div>\n<\/li>\n<li>\n<div class=\"base-card relative w-full hover:no-underline focus:no-underline\n        base-card--link\n         base-search-card base-search-card--link job-search-card\" data-entity-urn=\"urn:li:jobPosting:4250069253\" data-impression-id=\"jobs-search-desktop-31\" data-reference-id=\"WmoL+L0ZpiTjEp0GYyNYbA==\" data-tracking-id=\"kXnYf1aHGWTZypQ33RJE+g==\" data-column=\"1\" data-row=\"32\"><\/p>\n<p>        <a class=\"base-card__full-link absolute top-0 right-0 bottom-0 left-0 p-0 z-[2] outline-offset-[4px]\" href=\"https:\/\/br.linkedin.com\/jobs\/view\/recepcionista-at-attona-4250069253?position=32&amp;pageNum=0&amp;refId=WmoL%2BL0ZpiTjEp0GYyNYbA%3D%3D&amp;trackingId=kXnYf1aHGWTZypQ33RJE%2Bg%3D%3D\" data-tracking-control-name=\"public_jobs_jserp-result_search-card\" data-tracking-client-ingraph data-tracking-will-navigate><\/p>\n<p>          <span class=\"sr-only\"><\/p>\n<p>        Recepcionista<\/p>\n<p>          <\/span><br \/>\n        <\/a><\/p>\n<div class=\"search-entity-media\">\n<p>      <img class=\"artdeco-entity-image artdeco-entity-image--square-4\n          \" data-delayed-url=\"https:\/\/media.licdn.com\/dms\/image\/v2\/D4D0BAQEUXsDgMpDyHg\/company-logo_100_100\/company-logo_100_100\/0\/1681417851376\/attona_logo?e=2147483647&amp;v=beta&amp;t=LUvlpuuDJp0jxZmZGlIsey4f7GAGkEadGR4x7ALFx-o\" data-ghost-classes=\"artdeco-entity-image--ghost\" data-ghost-url=\"https:\/\/static.licdn.com\/aero-v1\/sc\/h\/6puxblwmhnodu6fjircz4dn4h\" alt><\/p><\/div>\n<div class=\"base-search-card__info\">\n<h3 class=\"base-search-card__title\">\n<p>        Recepcionista<\/p>\n<\/h3>\n<h4 class=\"base-search-card__subtitle\">\n<p>          <a class=\"hidden-nested-link\" data-tracking-client-ingraph data-tracking-control-name=\"public_jobs_jserp-result_job-search-card-subtitle\" data-tracking-will-navigate href=\"https:\/\/br.linkedin.com\/company\/attona?trk=public_jobs_jserp-result_job-search-card-subtitle\"><br \/>\n            Attona<br \/>\n          <\/a><\/p>\n<\/h4>\n<p><!----><\/p>\n<div class=\"base-search-card__metadata\">\n<p>          <span class=\"job-search-card__location\"><br \/>\n            Ribeir\u00e3o Preto, S\u00e3o Paulo, Brazil<br \/>\n          <\/span><\/p>\n<p><!---->  <\/p>\n<p>          <time class=\"job-search-card__listdate\" datetime=\"2025-06-13\"><\/p>\n<p>      1 month ago<\/p>\n<p>          <\/time><\/p>\n<p><!---->\n            <\/div>\n<\/p><\/div>\n<p><!---->      <\/p><\/div>\n<\/li>\n<li>\n<div class=\"base-card relative w-full hover:no-underline focus:no-underline\n        base-card--link\n         base-search-card base-search-card--link job-search-card\" data-entity-urn=\"urn:li:jobPosting:4275269544\" data-impression-id=\"jobs-search-desktop-32\" data-reference-id=\"WmoL+L0ZpiTjEp0GYyNYbA==\" data-tracking-id=\"vJ0VRdqwFKodwxvsEVeyKg==\" data-column=\"1\" data-row=\"33\"><\/p>\n<p>        <a class=\"base-card__full-link absolute top-0 right-0 bottom-0 left-0 p-0 z-[2] outline-offset-[4px]\" href=\"https:\/\/br.linkedin.com\/jobs\/view\/assistente-administrativo-at-tese-motores-el%C3%A9tricos-4275269544?position=33&amp;pageNum=0&amp;refId=WmoL%2BL0ZpiTjEp0GYyNYbA%3D%3D&amp;trackingId=vJ0VRdqwFKodwxvsEVeyKg%3D%3D\" data-tracking-control-name=\"public_jobs_jserp-result_search-card\" data-tracking-client-ingraph data-tracking-will-navigate><\/p>\n<p>          <span class=\"sr-only\"><\/p>\n<p>        Assistente Administrativo<\/p>\n<p>          <\/span><br \/>\n        <\/a><\/p>\n<div class=\"search-entity-media\">\n<p>      <img class=\"artdeco-entity-image artdeco-entity-image--square-4\n          \" data-delayed-url=\"https:\/\/media.licdn.com\/dms\/image\/v2\/C4D0BAQEd5697luytuQ\/company-logo_100_100\/company-logo_100_100\/0\/1630534984401\/tese_motores_eletricos_logo?e=2147483647&amp;v=beta&amp;t=Izt3AW9FqmUwLaoLH4xjCELYKCXubAMOXGlSdabGseY\" data-ghost-classes=\"artdeco-entity-image--ghost\" data-ghost-url=\"https:\/\/static.licdn.com\/aero-v1\/sc\/h\/6puxblwmhnodu6fjircz4dn4h\" alt><\/p><\/div>\n<div class=\"base-search-card__info\">\n<h3 class=\"base-search-card__title\">\n<p>        Assistente Administrativo<\/p>\n<\/h3>\n<h4 class=\"base-search-card__subtitle\">\n<p>          <a class=\"hidden-nested-link\" data-tracking-client-ingraph data-tracking-control-name=\"public_jobs_jserp-result_job-search-card-subtitle\" data-tracking-will-navigate href=\"https:\/\/br.linkedin.com\/company\/tese-motores-eletricos?trk=public_jobs_jserp-result_job-search-card-subtitle\"><br \/>\n            TESE Motores El\u00e9tricos<br \/>\n          <\/a><\/p>\n<\/h4>\n<p><!----><\/p>\n<div class=\"base-search-card__metadata\">\n<p>          <span class=\"job-search-card__location\"><br \/>\n            Ribeir\u00e3o Preto, S\u00e3o Paulo, Brazil<br \/>\n          <\/span><\/p>\n<p><!---->  <\/p>\n<p>          <time class=\"job-search-card__listdate\" datetime=\"2025-07-24\"><\/p>\n<p>      1 week ago<\/p>\n<p>          <\/time><\/p>\n<p><!---->\n            <\/div>\n<\/p><\/div>\n<p><!---->      <\/p><\/div>\n<\/li>\n<li>\n<div class=\"base-card relative w-full hover:no-underline focus:no-underline\n        base-card--link\n         base-search-card base-search-card--link job-search-card\" data-entity-urn=\"urn:li:jobPosting:4258848104\" data-impression-id=\"jobs-search-desktop-33\" data-reference-id=\"WmoL+L0ZpiTjEp0GYyNYbA==\" data-tracking-id=\"9qLMHJuh1khuaNJMfYQbUA==\" data-column=\"1\" data-row=\"34\"><\/p>\n<p>        <a class=\"base-card__full-link absolute top-0 right-0 bottom-0 left-0 p-0 z-[2] outline-offset-[4px]\" href=\"https:\/\/br.linkedin.com\/jobs\/view\/assistente-administrativo-at-riachuelo-4258848104?position=34&amp;pageNum=0&amp;refId=WmoL%2BL0ZpiTjEp0GYyNYbA%3D%3D&amp;trackingId=9qLMHJuh1khuaNJMfYQbUA%3D%3D\" data-tracking-control-name=\"public_jobs_jserp-result_search-card\" data-tracking-client-ingraph data-tracking-will-navigate><\/p>\n<p>          <span class=\"sr-only\"><\/p>\n<p>        Assistente Administrativo<\/p>\n<p>          <\/span><br \/>\n        <\/a><\/p>\n<div class=\"search-entity-media\">\n<p>      <img class=\"artdeco-entity-image artdeco-entity-image--square-4\n          \" data-delayed-url=\"https:\/\/media.licdn.com\/dms\/image\/v2\/C4D0BAQFDTmHbQis53A\/company-logo_100_100\/company-logo_100_100\/0\/1678362069036\/riachuelo_logo?e=2147483647&amp;v=beta&amp;t=Le625kIoFgpwVFIMi8On32MrT9YKIJuEbpN3x3CN2jk\" data-ghost-classes=\"artdeco-entity-image--ghost\" data-ghost-url=\"https:\/\/static.licdn.com\/aero-v1\/sc\/h\/6puxblwmhnodu6fjircz4dn4h\" alt><\/p><\/div>\n<div class=\"base-search-card__info\">\n<h3 class=\"base-search-card__title\">\n<p>        Assistente Administrativo<\/p>\n<\/h3>\n<h4 class=\"base-search-card__subtitle\">\n<p>          <a class=\"hidden-nested-link\" data-tracking-client-ingraph data-tracking-control-name=\"public_jobs_jserp-result_job-search-card-subtitle\" data-tracking-will-navigate href=\"https:\/\/br.linkedin.com\/company\/riachuelo?trk=public_jobs_jserp-result_job-search-card-subtitle\"><br \/>\n            Riachuelo<br \/>\n          <\/a><\/p>\n<\/h4>\n<p><!----><\/p>\n<div class=\"base-search-card__metadata\">\n<p>          <span class=\"job-search-card__location\"><br \/>\n            Ribeir\u00e3o Preto, S\u00e3o Paulo, Brazil<br \/>\n          <\/span><\/p>\n<div class=\"job-posting-benefits text-sm\">\n        <icon class=\"job-posting-benefits__icon\" data-delayed-url=\"https:\/\/static.licdn.com\/aero-v1\/sc\/h\/3p1v0uhy7uq0cm5zdvzp4eo18\" data-svg-class-name=\"job-posting-benefits__icon-svg\"><\/icon><br \/>\n        <span class=\"job-posting-benefits__text\"><br \/>\n          Actively Hiring<br \/>\n<!---->        <\/span>\n      <\/div>\n<p>          <time class=\"job-search-card__listdate\" datetime=\"2025-07-04\"><\/p>\n<p>      1 month ago<\/p>\n<p>          <\/time><\/p>\n<p><!---->\n            <\/div>\n<\/p><\/div>\n<p><!---->      <\/p><\/div>\n<\/li>\n<li>\n<div class=\"base-card relative w-full hover:no-underline focus:no-underline\n        base-card--link\n         base-search-card base-search-card--link job-search-card\" data-entity-urn=\"urn:li:jobPosting:4246562837\" data-impression-id=\"jobs-search-desktop-34\" data-reference-id=\"WmoL+L0ZpiTjEp0GYyNYbA==\" data-tracking-id=\"p2UY6agBgXwhn4FWS1TMgw==\" data-column=\"1\" data-row=\"35\"><\/p>\n<p>        <a class=\"base-card__full-link absolute top-0 right-0 bottom-0 left-0 p-0 z-[2] outline-offset-[4px]\" href=\"https:\/\/br.linkedin.com\/jobs\/view\/analista-administrativo-at-ativa-loca%C3%A7%C3%A3o-4246562837?position=35&amp;pageNum=0&amp;refId=WmoL%2BL0ZpiTjEp0GYyNYbA%3D%3D&amp;trackingId=p2UY6agBgXwhn4FWS1TMgw%3D%3D\" data-tracking-control-name=\"public_jobs_jserp-result_search-card\" data-tracking-client-ingraph data-tracking-will-navigate><\/p>\n<p>          <span class=\"sr-only\"><\/p>\n<p>        Analista Administrativo<\/p>\n<p>          <\/span><br \/>\n        <\/a><\/p>\n<div class=\"search-entity-media\">\n<p>      <img class=\"artdeco-entity-image artdeco-entity-image--square-4\n          \" data-delayed-url=\"https:\/\/media.licdn.com\/dms\/image\/v2\/D4E0BAQGZAdbCU4tBsA\/company-logo_100_100\/company-logo_100_100\/0\/1723747415372\/ativa_locacao_logo?e=2147483647&amp;v=beta&amp;t=2qXaihlJK4k2ttfxY73uVObJIJp7Dl-HY__fmYplcuU\" data-ghost-classes=\"artdeco-entity-image--ghost\" data-ghost-url=\"https:\/\/static.licdn.com\/aero-v1\/sc\/h\/6puxblwmhnodu6fjircz4dn4h\" alt><\/p><\/div>\n<div class=\"base-search-card__info\">\n<h3 class=\"base-search-card__title\">\n<p>        Analista Administrativo<\/p>\n<\/h3>\n<h4 class=\"base-search-card__subtitle\">\n<p>          <a class=\"hidden-nested-link\" data-tracking-client-ingraph data-tracking-control-name=\"public_jobs_jserp-result_job-search-card-subtitle\" data-tracking-will-navigate href=\"https:\/\/br.linkedin.com\/company\/ativa-locacao?trk=public_jobs_jserp-result_job-search-card-subtitle\"><br \/>\n            Ativa Loca\u00e7\u00e3o<br \/>\n          <\/a><\/p>\n<\/h4>\n<p><!----><\/p>\n<div class=\"base-search-card__metadata\">\n<p>          <span class=\"job-search-card__location\"><br \/>\n            Ribeir\u00e3o Preto, S\u00e3o Paulo, Brazil<br \/>\n          <\/span><\/p>\n<p><!---->  <\/p>\n<p>          <time class=\"job-search-card__listdate\" datetime=\"2025-06-11\"><\/p>\n<p>      1 month ago<\/p>\n<p>          <\/time><\/p>\n<p><!---->\n            <\/div>\n<\/p><\/div>\n<p><!---->      <\/p><\/div>\n<\/li>\n<li>\n<div class=\"base-card relative w-full hover:no-underline focus:no-underline\n        base-card--link\n         base-search-card base-search-card--link job-search-card\" data-entity-urn=\"urn:li:jobPosting:4266387482\" data-impression-id=\"jobs-search-desktop-35\" data-reference-id=\"WmoL+L0ZpiTjEp0GYyNYbA==\" data-tracking-id=\"7jtxFZVkNd20NSg4w2374A==\" data-column=\"1\" data-row=\"36\"><\/p>\n<p>        <a class=\"base-card__full-link absolute top-0 right-0 bottom-0 left-0 p-0 z-[2] outline-offset-[4px]\" href=\"https:\/\/br.linkedin.com\/jobs\/view\/auxiliar-administrativo-at-riberm%C3%ADdia-guarda-e-digitaliza%C3%A7%C3%A3o-de-documentos-4266387482?position=36&amp;pageNum=0&amp;refId=WmoL%2BL0ZpiTjEp0GYyNYbA%3D%3D&amp;trackingId=7jtxFZVkNd20NSg4w2374A%3D%3D\" data-tracking-control-name=\"public_jobs_jserp-result_search-card\" data-tracking-client-ingraph data-tracking-will-navigate><\/p>\n<p>          <span class=\"sr-only\"><\/p>\n<p>        Auxiliar Administrativo<\/p>\n<p>          <\/span><br \/>\n        <\/a><\/p>\n<div class=\"search-entity-media\">\n<p>      <img class=\"artdeco-entity-image artdeco-entity-image--square-4\n          \" data-delayed-url=\"https:\/\/media.licdn.com\/dms\/image\/v2\/C4E0BAQGUX4A24fUuxw\/company-logo_100_100\/company-logo_100_100\/0\/1631308246608?e=2147483647&amp;v=beta&amp;t=48U5cnGBVpknXiuOMcjRwzc1MToBcf1VS8WU6vu7uhc\" data-ghost-classes=\"artdeco-entity-image--ghost\" data-ghost-url=\"https:\/\/static.licdn.com\/aero-v1\/sc\/h\/6puxblwmhnodu6fjircz4dn4h\" alt><\/p><\/div>\n<div class=\"base-search-card__info\">\n<h3 class=\"base-search-card__title\">\n<p>        Auxiliar Administrativo<\/p>\n<\/h3>\n<h4 class=\"base-search-card__subtitle\">\n<p>          <a class=\"hidden-nested-link\" data-tracking-client-ingraph data-tracking-control-name=\"public_jobs_jserp-result_job-search-card-subtitle\" data-tracking-will-navigate href=\"https:\/\/br.linkedin.com\/company\/riberm%C3%ADdia-gest%C3%A3o-da-informa%C3%A7%C3%A3o?trk=public_jobs_jserp-result_job-search-card-subtitle\"><br \/>\n            Riberm\u00eddia &#8211; Guarda e Digitaliza\u00e7\u00e3o de documentos<br \/>\n          <\/a><\/p>\n<\/h4>\n<p><!----><\/p>\n<div class=\"base-search-card__metadata\">\n<p>          <span class=\"job-search-card__location\"><br \/>\n            Ribeir\u00e3o Preto, S\u00e3o Paulo, Brazil<br \/>\n          <\/span><\/p>\n<p><!---->  <\/p>\n<p>          <time class=\"job-search-card__listdate\" datetime=\"2025-07-06\"><\/p>\n<p>      4 weeks ago<\/p>\n<p>          <\/time><\/p>\n<p><!---->\n            <\/div>\n<\/p><\/div>\n<p><!---->      <\/p><\/div>\n<\/li>\n<li>\n<div class=\"base-card relative w-full hover:no-underline focus:no-underline\n        base-card--link\n         base-search-card base-search-card--link job-search-card\" data-entity-urn=\"urn:li:jobPosting:4279068866\" data-impression-id=\"jobs-search-desktop-36\" data-reference-id=\"WmoL+L0ZpiTjEp0GYyNYbA==\" data-tracking-id=\"xEnhNboHhZ+hHTcOx0xcsQ==\" data-column=\"1\" data-row=\"37\"><\/p>\n<p>        <a class=\"base-card__full-link absolute top-0 right-0 bottom-0 left-0 p-0 z-[2] outline-offset-[4px]\" href=\"https:\/\/br.linkedin.com\/jobs\/view\/assistente-administrativo-controladoria-at-superfrio-log%C3%ADstica-frigorificada-4279068866?position=37&amp;pageNum=0&amp;refId=WmoL%2BL0ZpiTjEp0GYyNYbA%3D%3D&amp;trackingId=xEnhNboHhZ%2BhHTcOx0xcsQ%3D%3D\" data-tracking-control-name=\"public_jobs_jserp-result_search-card\" data-tracking-client-ingraph data-tracking-will-navigate><\/p>\n<p>          <span class=\"sr-only\"><\/p>\n<p>        Assistente Administrativo &#8211; Controladoria<\/p>\n<p>          <\/span><br \/>\n        <\/a><\/p>\n<div class=\"search-entity-media\">\n<p>      <img class=\"artdeco-entity-image artdeco-entity-image--square-4\n          \" data-delayed-url=\"https:\/\/media.licdn.com\/dms\/image\/v2\/C4E0BAQHHg6g8jtoZjw\/company-logo_100_100\/company-logo_100_100\/0\/1630574138459?e=2147483647&amp;v=beta&amp;t=_zVmy57llRDRDOz8Y7_-G6372n0DZAn1UnhLakwzg18\" data-ghost-classes=\"artdeco-entity-image--ghost\" data-ghost-url=\"https:\/\/static.licdn.com\/aero-v1\/sc\/h\/6puxblwmhnodu6fjircz4dn4h\" alt><\/p><\/div>\n<div class=\"base-search-card__info\">\n<h3 class=\"base-search-card__title\">\n<p>        Assistente Administrativo &#8211; Controladoria<\/p>\n<\/h3>\n<h4 class=\"base-search-card__subtitle\">\n<p>          <a class=\"hidden-nested-link\" data-tracking-client-ingraph data-tracking-control-name=\"public_jobs_jserp-result_job-search-card-subtitle\" data-tracking-will-navigate href=\"https:\/\/br.linkedin.com\/company\/superfrio-armazenagem-refrigerada?trk=public_jobs_jserp-result_job-search-card-subtitle\"><br \/>\n            SuperFrio Log\u00edstica Frigorificada<br \/>\n          <\/a><\/p>\n<\/h4>\n<p><!----><\/p>\n<div class=\"base-search-card__metadata\">\n<p>          <span class=\"job-search-card__location\"><br \/>\n            Ribeir\u00e3o Preto, S\u00e3o Paulo, Brazil<br \/>\n          <\/span><\/p>\n<div class=\"job-posting-benefits text-sm\">\n        <icon class=\"job-posting-benefits__icon\" data-delayed-url=\"https:\/\/static.licdn.com\/aero-v1\/sc\/h\/8zmuwb93gzlb935fk4ao4z779\" data-svg-class-name=\"job-posting-benefits__icon-svg\"><\/icon><br \/>\n        <span class=\"job-posting-benefits__text\"><br \/>\n          Be an early applicant<br \/>\n<!---->        <\/span>\n      <\/div>\n<p>          <time class=\"job-search-card__listdate\" datetime=\"2025-08-02\"><\/p>\n<p>      2 days ago<\/p>\n<p>          <\/time><\/p>\n<p><!---->\n            <\/div>\n<\/p><\/div>\n<p><!---->      <\/p><\/div>\n<\/li>\n<li>\n<div class=\"base-card relative w-full hover:no-underline focus:no-underline\n        base-card--link\n         base-search-card base-search-card--link job-search-card\" data-entity-urn=\"urn:li:jobPosting:4277087211\" data-impression-id=\"jobs-search-desktop-37\" data-reference-id=\"WmoL+L0ZpiTjEp0GYyNYbA==\" data-tracking-id=\"rz9WdR2lSgUVs0KRy1j1Vw==\" data-column=\"1\" data-row=\"38\"><\/p>\n<p>        <a class=\"base-card__full-link absolute top-0 right-0 bottom-0 left-0 p-0 z-[2] outline-offset-[4px]\" href=\"https:\/\/br.linkedin.com\/jobs\/view\/auxiliar-administrativo-sp-at-gelumac-4277087211?position=38&amp;pageNum=0&amp;refId=WmoL%2BL0ZpiTjEp0GYyNYbA%3D%3D&amp;trackingId=rz9WdR2lSgUVs0KRy1j1Vw%3D%3D\" data-tracking-control-name=\"public_jobs_jserp-result_search-card\" data-tracking-client-ingraph data-tracking-will-navigate><\/p>\n<p>          <span class=\"sr-only\"><\/p>\n<p>        Auxiliar administrativo &#8211; SP<\/p>\n<p>          <\/span><br \/>\n        <\/a><\/p>\n<div class=\"search-entity-media\">\n<p>      <img class=\"artdeco-entity-image artdeco-entity-image--square-4\n          artdeco-entity-image--ghost\" data-delayed-url=\"https:\/\/static.licdn.com\/aero-v1\/sc\/h\/6puxblwmhnodu6fjircz4dn4h\" data-ghost-classes=\"artdeco-entity-image--ghost\" data-ghost-url=\"https:\/\/static.licdn.com\/aero-v1\/sc\/h\/6puxblwmhnodu6fjircz4dn4h\" alt><\/p><\/div>\n<div class=\"base-search-card__info\">\n<h3 class=\"base-search-card__title\">\n<p>        Auxiliar administrativo &#8211; SP<\/p>\n<\/h3>\n<h4 class=\"base-search-card__subtitle\">\n<p>          <a class=\"hidden-nested-link\" data-tracking-client-ingraph data-tracking-control-name=\"public_jobs_jserp-result_job-search-card-subtitle\" data-tracking-will-navigate href=\"https:\/\/www.linkedin.com\/company\/gelumac?trk=public_jobs_jserp-result_job-search-card-subtitle\"><br \/>\n            Gelumac<br \/>\n          <\/a><\/p>\n<\/h4>\n<p><!----><\/p>\n<div class=\"base-search-card__metadata\">\n<p>          <span class=\"job-search-card__location\"><br \/>\n            Greater Ribeir\u00e3o Preto<br \/>\n          <\/span><\/p>\n<div class=\"job-posting-benefits text-sm\">\n        <icon class=\"job-posting-benefits__icon\" data-delayed-url=\"https:\/\/static.licdn.com\/aero-v1\/sc\/h\/8zmuwb93gzlb935fk4ao4z779\" data-svg-class-name=\"job-posting-benefits__icon-svg\"><\/icon><br \/>\n        <span class=\"job-posting-benefits__text\"><br \/>\n          Be an early applicant<br \/>\n<!---->        <\/span>\n      <\/div>\n<p>          <time class=\"job-search-card__listdate\" datetime=\"2025-08-03\"><\/p>\n<p>      1 day ago<\/p>\n<p>          <\/time><\/p>\n<p><!---->\n            <\/div>\n<\/p><\/div>\n<p><!---->      <\/p><\/div>\n<\/li>\n<li>\n<div class=\"base-card relative w-full hover:no-underline focus:no-underline\n        base-card--link\n         base-search-card base-search-card--link job-search-card\" data-entity-urn=\"urn:li:jobPosting:4277510422\" data-impression-id=\"jobs-search-desktop-38\" data-reference-id=\"WmoL+L0ZpiTjEp0GYyNYbA==\" data-tracking-id=\"7I5T5Krgg3z8j3jN7PHf1Q==\" data-column=\"1\" data-row=\"39\"><\/p>\n<p>        <a class=\"base-card__full-link absolute top-0 right-0 bottom-0 left-0 p-0 z-[2] outline-offset-[4px]\" href=\"https:\/\/br.linkedin.com\/jobs\/view\/auxiliar-administrativo-junior-estoque-ribeir%C3%A3o-preto-at-vfp-hospital-veterin%C3%A1rio-4277510422?position=39&amp;pageNum=0&amp;refId=WmoL%2BL0ZpiTjEp0GYyNYbA%3D%3D&amp;trackingId=7I5T5Krgg3z8j3jN7PHf1Q%3D%3D\" data-tracking-control-name=\"public_jobs_jserp-result_search-card\" data-tracking-client-ingraph data-tracking-will-navigate><\/p>\n<p>          <span class=\"sr-only\"><\/p>\n<p>        Auxiliar Administrativo Junior (Estoque) &#8211; (Ribeir\u00e3o Preto)<\/p>\n<p>          <\/span><br \/>\n        <\/a><\/p>\n<div class=\"search-entity-media\">\n<p>      <img class=\"artdeco-entity-image artdeco-entity-image--square-4\n          \" data-delayed-url=\"https:\/\/media.licdn.com\/dms\/image\/v2\/D4D0BAQHXuiD-wv4Eqg\/company-logo_100_100\/company-logo_100_100\/0\/1690493454368?e=2147483647&amp;v=beta&amp;t=gFgZU2Ix58w7VEl5wg62sQzTMoyXWOQTcK1N1I7lUtc\" data-ghost-classes=\"artdeco-entity-image--ghost\" data-ghost-url=\"https:\/\/static.licdn.com\/aero-v1\/sc\/h\/6puxblwmhnodu6fjircz4dn4h\" alt><\/p><\/div>\n<div class=\"base-search-card__info\">\n<h3 class=\"base-search-card__title\">\n<p>        Auxiliar Administrativo Junior (Estoque) &#8211; (Ribeir\u00e3o Preto)<\/p>\n<\/h3>\n<h4 class=\"base-search-card__subtitle\">\n<p>          <a class=\"hidden-nested-link\" data-tracking-client-ingraph data-tracking-control-name=\"public_jobs_jserp-result_job-search-card-subtitle\" data-tracking-will-navigate href=\"https:\/\/br.linkedin.com\/company\/hospital-veterin%C3%A1rio-vfp?trk=public_jobs_jserp-result_job-search-card-subtitle\"><br \/>\n            VFP Hospital Veterin\u00e1rio<br \/>\n          <\/a><\/p>\n<\/h4>\n<p><!----><\/p>\n<div class=\"base-search-card__metadata\">\n<p>          <span class=\"job-search-card__location\"><br \/>\n            Ribeir\u00e3o Preto, S\u00e3o Paulo, Brazil<br \/>\n          <\/span><\/p>\n<p><!---->  <\/p>\n<p>          <time class=\"job-search-card__listdate\" datetime=\"2025-08-01\"><\/p>\n<p>      3 days ago<\/p>\n<p>          <\/time><\/p>\n<p><!---->\n            <\/div>\n<\/p><\/div>\n<p><!---->      <\/p><\/div>\n<\/li>\n<li>\n<div class=\"base-card relative w-full hover:no-underline focus:no-underline\n        base-card--link\n         base-search-card base-search-card--link job-search-card\" data-entity-urn=\"urn:li:jobPosting:4277306088\" data-impression-id=\"jobs-search-desktop-39\" data-reference-id=\"WmoL+L0ZpiTjEp0GYyNYbA==\" data-tracking-id=\"E+TyFt+j+uxy3kA8ZlXdEg==\" data-column=\"1\" data-row=\"40\"><\/p>\n<p>        <a class=\"base-card__full-link absolute top-0 right-0 bottom-0 left-0 p-0 z-[2] outline-offset-[4px]\" href=\"https:\/\/br.linkedin.com\/jobs\/view\/est%C3%A1gio-administrativo-vaga-em-aberto-at-rede-cidad%C3%A3-4277306088?position=40&amp;pageNum=0&amp;refId=WmoL%2BL0ZpiTjEp0GYyNYbA%3D%3D&amp;trackingId=E%2BTyFt%2Bj%2Buxy3kA8ZlXdEg%3D%3D\" data-tracking-control-name=\"public_jobs_jserp-result_search-card\" data-tracking-client-ingraph data-tracking-will-navigate><\/p>\n<p>          <span class=\"sr-only\"><\/p>\n<p>        Est\u00e1gio Administrativo &#8211; Vaga Em ABERTO<\/p>\n<p>          <\/span><br \/>\n        <\/a><\/p>\n<div class=\"search-entity-media\">\n<p>      <img class=\"artdeco-entity-image artdeco-entity-image--square-4\n          \" data-delayed-url=\"https:\/\/media.licdn.com\/dms\/image\/v2\/D4D0BAQF5EzfLPNxxQw\/company-logo_100_100\/company-logo_100_100\/0\/1698687868139?e=2147483647&amp;v=beta&amp;t=NZKvQmfIcc45GzBpr_Msb3oaa7rs52GoQ8W4N3WMVnI\" data-ghost-classes=\"artdeco-entity-image--ghost\" data-ghost-url=\"https:\/\/static.licdn.com\/aero-v1\/sc\/h\/6puxblwmhnodu6fjircz4dn4h\" alt><\/p><\/div>\n<div class=\"base-search-card__info\">\n<h3 class=\"base-search-card__title\">\n<p>        Est\u00e1gio Administrativo &#8211; Vaga Em ABERTO<\/p>\n<\/h3>\n<h4 class=\"base-search-card__subtitle\">\n<p>          <a class=\"hidden-nested-link\" data-tracking-client-ingraph data-tracking-control-name=\"public_jobs_jserp-result_job-search-card-subtitle\" data-tracking-will-navigate href=\"https:\/\/br.linkedin.com\/company\/rede-cidada?trk=public_jobs_jserp-result_job-search-card-subtitle\"><br \/>\n            Rede Cidad\u00e3<br \/>\n          <\/a><\/p>\n<\/h4>\n<p><!----><\/p>\n<div class=\"base-search-card__metadata\">\n<p>          <span class=\"job-search-card__location\"><br \/>\n            Ribeir\u00e3o Preto, S\u00e3o Paulo, Brazil<br \/>\n          <\/span><\/p>\n<div class=\"job-posting-benefits text-sm\">\n        <icon class=\"job-posting-benefits__icon\" data-delayed-url=\"https:\/\/static.licdn.com\/aero-v1\/sc\/h\/8zmuwb93gzlb935fk4ao4z779\" data-svg-class-name=\"job-posting-benefits__icon-svg\"><\/icon><br \/>\n        <span class=\"job-posting-benefits__text\"><br \/>\n          Be an early applicant<br \/>\n<!---->        <\/span>\n      <\/div>\n<p>          <time class=\"job-search-card__listdate\" datetime=\"2025-08-03\"><\/p>\n<p>      1 day ago<\/p>\n<p>          <\/time><\/p>\n<p><!---->\n            <\/div>\n<\/p><\/div>\n<p><!---->      <\/p><\/div>\n<\/li>\n<li>\n<div class=\"base-card relative w-full hover:no-underline focus:no-underline\n        base-card--link\n         base-search-card base-search-card--link job-search-card\" data-entity-urn=\"urn:li:jobPosting:4256872270\" data-impression-id=\"jobs-search-desktop-40\" data-reference-id=\"WmoL+L0ZpiTjEp0GYyNYbA==\" data-tracking-id=\"fnkHP07xTBQYOT2sKRfyOQ==\" data-column=\"1\" data-row=\"41\"><\/p>\n<p>        <a class=\"base-card__full-link absolute top-0 right-0 bottom-0 left-0 p-0 z-[2] outline-offset-[4px]\" href=\"https:\/\/br.linkedin.com\/jobs\/view\/auxiliar-de-atendimento-junior-at-proctogastrocl%C3%ADnica-4256872270?position=41&amp;pageNum=0&amp;refId=WmoL%2BL0ZpiTjEp0GYyNYbA%3D%3D&amp;trackingId=fnkHP07xTBQYOT2sKRfyOQ%3D%3D\" data-tracking-control-name=\"public_jobs_jserp-result_search-card\" data-tracking-client-ingraph data-tracking-will-navigate><\/p>\n<p>          <span class=\"sr-only\"><\/p>\n<p>        Auxiliar de Atendimento Junior<\/p>\n<p>          <\/span><br \/>\n        <\/a><\/p>\n<div class=\"search-entity-media\">\n<p>      <img class=\"artdeco-entity-image artdeco-entity-image--square-4\n          \" data-delayed-url=\"https:\/\/media.licdn.com\/dms\/image\/v2\/D4D0BAQEXgvuFakJciQ\/company-logo_100_100\/company-logo_100_100\/0\/1721937405645\/proctogastroclnica_logo?e=2147483647&amp;v=beta&amp;t=qHawE8M8K5ARINhxQh-lFse6rfgeOJBpp-G6M1yov0E\" data-ghost-classes=\"artdeco-entity-image--ghost\" data-ghost-url=\"https:\/\/static.licdn.com\/aero-v1\/sc\/h\/6puxblwmhnodu6fjircz4dn4h\" alt><\/p><\/div>\n<div class=\"base-search-card__info\">\n<h3 class=\"base-search-card__title\">\n<p>        Auxiliar de Atendimento Junior<\/p>\n<\/h3>\n<h4 class=\"base-search-card__subtitle\">\n<p>          <a class=\"hidden-nested-link\" data-tracking-client-ingraph data-tracking-control-name=\"public_jobs_jserp-result_job-search-card-subtitle\" data-tracking-will-navigate href=\"https:\/\/br.linkedin.com\/company\/proctogastrocl%C3%ADnica?trk=public_jobs_jserp-result_job-search-card-subtitle\"><br \/>\n            ProctoGastroCl\u00ednica<br \/>\n          <\/a><\/p>\n<\/h4>\n<p><!----><\/p>\n<div class=\"base-search-card__metadata\">\n<p>          <span class=\"job-search-card__location\"><br \/>\n            Ribeir\u00e3o Preto, S\u00e3o Paulo, Brazil<br \/>\n          <\/span><\/p>\n<p><!---->  <\/p>\n<p>          <time class=\"job-search-card__listdate\" datetime=\"2025-06-25\"><\/p>\n<p>      1 month ago<\/p>\n<p>          <\/time><\/p>\n<p><!---->\n            <\/div>\n<\/p><\/div>\n<p><!---->      <\/p><\/div>\n<\/li>\n<li>\n<div class=\"base-card relative w-full hover:no-underline focus:no-underline\n        base-card--link\n         base-search-card base-search-card--link job-search-card\" data-entity-urn=\"urn:li:jobPosting:4277081945\" data-impression-id=\"jobs-search-desktop-41\" data-reference-id=\"WmoL+L0ZpiTjEp0GYyNYbA==\" data-tracking-id=\"+SkqHsdZeb0sp2DLy7I90w==\" data-column=\"1\" data-row=\"42\"><\/p>\n<p>        <a class=\"base-card__full-link absolute top-0 right-0 bottom-0 left-0 p-0 z-[2] outline-offset-[4px]\" href=\"https:\/\/br.linkedin.com\/jobs\/view\/assistente-financeiro-sp-at-concept-desenvolvimento-empresarial-4277081945?position=42&amp;pageNum=0&amp;refId=WmoL%2BL0ZpiTjEp0GYyNYbA%3D%3D&amp;trackingId=%2BSkqHsdZeb0sp2DLy7I90w%3D%3D\" data-tracking-control-name=\"public_jobs_jserp-result_search-card\" data-tracking-client-ingraph data-tracking-will-navigate><\/p>\n<p>          <span class=\"sr-only\"><\/p>\n<p>        Assistente financeiro &#8211; SP<\/p>\n<p>          <\/span><br \/>\n        <\/a><\/p>\n<div class=\"search-entity-media\">\n<p>      <img class=\"artdeco-entity-image artdeco-entity-image--square-4\n          \" data-delayed-url=\"https:\/\/media.licdn.com\/dms\/image\/v2\/C4D0BAQEo1fm7925F1A\/company-logo_100_100\/company-logo_100_100\/0\/1658865817625\/conceptdesenvolvimento_logo?e=2147483647&amp;v=beta&amp;t=UvHvRClAi2u3-ltE1ls_eAwR2wmWQVvaKfIT18ib2Ms\" data-ghost-classes=\"artdeco-entity-image--ghost\" data-ghost-url=\"https:\/\/static.licdn.com\/aero-v1\/sc\/h\/6puxblwmhnodu6fjircz4dn4h\" alt><\/p><\/div>\n<div class=\"base-search-card__info\">\n<h3 class=\"base-search-card__title\">\n<p>        Assistente financeiro &#8211; SP<\/p>\n<\/h3>\n<h4 class=\"base-search-card__subtitle\">\n<p>          <a class=\"hidden-nested-link\" data-tracking-client-ingraph data-tracking-control-name=\"public_jobs_jserp-result_job-search-card-subtitle\" data-tracking-will-navigate href=\"https:\/\/br.linkedin.com\/company\/conceptdesenvolvimento?trk=public_jobs_jserp-result_job-search-card-subtitle\"><br \/>\n            Concept Desenvolvimento Empresarial<br \/>\n          <\/a><\/p>\n<\/h4>\n<p><!----><\/p>\n<div class=\"base-search-card__metadata\">\n<p>          <span class=\"job-search-card__location\"><br \/>\n            Greater Ribeir\u00e3o Preto<br \/>\n          <\/span><\/p>\n<div class=\"job-posting-benefits text-sm\">\n        <icon class=\"job-posting-benefits__icon\" data-delayed-url=\"https:\/\/static.licdn.com\/aero-v1\/sc\/h\/8zmuwb93gzlb935fk4ao4z779\" data-svg-class-name=\"job-posting-benefits__icon-svg\"><\/icon><br \/>\n        <span class=\"job-posting-benefits__text\"><br \/>\n          Be an early applicant<br \/>\n<!---->        <\/span>\n      <\/div>\n<p>          <time class=\"job-search-card__listdate\" datetime=\"2025-08-03\"><\/p>\n<p>      1 day ago<\/p>\n<p>          <\/time><\/p>\n<p><!---->\n            <\/div>\n<\/p><\/div>\n<p><!---->      <\/p><\/div>\n<\/li>\n<li>\n<div class=\"base-card relative w-full hover:no-underline focus:no-underline\n        base-card--link\n         base-search-card base-search-card--link job-search-card\" data-entity-urn=\"urn:li:jobPosting:3902850319\" data-impression-id=\"jobs-search-desktop-42\" data-reference-id=\"WmoL+L0ZpiTjEp0GYyNYbA==\" data-tracking-id=\"Zql8dv+XExzoMlb18x6JyQ==\" data-column=\"1\" data-row=\"43\"><\/p>\n<p>        <a class=\"base-card__full-link absolute top-0 right-0 bottom-0 left-0 p-0 z-[2] outline-offset-[4px]\" href=\"https:\/\/br.linkedin.com\/jobs\/view\/auxiliar-de-produ%C3%A7%C3%A3o-at-concept-desenvolvimento-empresarial-3902850319?position=43&amp;pageNum=0&amp;refId=WmoL%2BL0ZpiTjEp0GYyNYbA%3D%3D&amp;trackingId=Zql8dv%2BXExzoMlb18x6JyQ%3D%3D\" data-tracking-control-name=\"public_jobs_jserp-result_search-card\" data-tracking-client-ingraph data-tracking-will-navigate><\/p>\n<p>          <span class=\"sr-only\"><\/p>\n<p>        Auxiliar de Produ\u00e7\u00e3o<\/p>\n<p>          <\/span><br \/>\n        <\/a><\/p>\n<div class=\"search-entity-media\">\n<p>      <img class=\"artdeco-entity-image artdeco-entity-image--square-4\n          \" data-delayed-url=\"https:\/\/media.licdn.com\/dms\/image\/v2\/C4D0BAQEo1fm7925F1A\/company-logo_100_100\/company-logo_100_100\/0\/1658865817625\/conceptdesenvolvimento_logo?e=2147483647&amp;v=beta&amp;t=UvHvRClAi2u3-ltE1ls_eAwR2wmWQVvaKfIT18ib2Ms\" data-ghost-classes=\"artdeco-entity-image--ghost\" data-ghost-url=\"https:\/\/static.licdn.com\/aero-v1\/sc\/h\/6puxblwmhnodu6fjircz4dn4h\" alt><\/p><\/div>\n<div class=\"base-search-card__info\">\n<h3 class=\"base-search-card__title\">\n<p>        Auxiliar de Produ\u00e7\u00e3o<\/p>\n<\/h3>\n<h4 class=\"base-search-card__subtitle\">\n<p>          <a class=\"hidden-nested-link\" data-tracking-client-ingraph data-tracking-control-name=\"public_jobs_jserp-result_job-search-card-subtitle\" data-tracking-will-navigate href=\"https:\/\/br.linkedin.com\/company\/conceptdesenvolvimento?trk=public_jobs_jserp-result_job-search-card-subtitle\"><br \/>\n            Concept Desenvolvimento Empresarial<br \/>\n          <\/a><\/p>\n<\/h4>\n<p><!----><\/p>\n<div class=\"base-search-card__metadata\">\n<p>          <span class=\"job-search-card__location\"><br \/>\n            Ribeir\u00e3o Preto, S\u00e3o Paulo, Brazil<br \/>\n          <\/span><\/p>\n<p><!---->  <\/p>\n<p>          <time class=\"job-search-card__listdate\" datetime=\"2024-04-19\"><\/p>\n<p>      1 year ago<\/p>\n<p>          <\/time><\/p>\n<p><!---->\n            <\/div>\n<\/p><\/div>\n<p><!---->      <\/p><\/div>\n<\/li>\n<li>\n<div class=\"base-card relative w-full hover:no-underline focus:no-underline\n        base-card--link\n         base-search-card base-search-card--link job-search-card\" data-entity-urn=\"urn:li:jobPosting:4277077120\" data-impression-id=\"jobs-search-desktop-43\" data-reference-id=\"WmoL+L0ZpiTjEp0GYyNYbA==\" data-tracking-id=\"l1EbTSxbyN3i57GCUeV8Yw==\" data-column=\"1\" data-row=\"44\"><\/p>\n<p>        <a class=\"base-card__full-link absolute top-0 right-0 bottom-0 left-0 p-0 z-[2] outline-offset-[4px]\" href=\"https:\/\/br.linkedin.com\/jobs\/view\/recepcionista-sp-at-parma-consultoria-em-rh-4277077120?position=44&amp;pageNum=0&amp;refId=WmoL%2BL0ZpiTjEp0GYyNYbA%3D%3D&amp;trackingId=l1EbTSxbyN3i57GCUeV8Yw%3D%3D\" data-tracking-control-name=\"public_jobs_jserp-result_search-card\" data-tracking-client-ingraph data-tracking-will-navigate><\/p>\n<p>          <span class=\"sr-only\"><\/p>\n<p>        Recepcionista &#8211; SP<\/p>\n<p>          <\/span><br \/>\n        <\/a><\/p>\n<div class=\"search-entity-media\">\n<p>      <img class=\"artdeco-entity-image artdeco-entity-image--square-4\n          \" data-delayed-url=\"https:\/\/media.licdn.com\/dms\/image\/v2\/C4D0BAQGd11_tmkrzRQ\/company-logo_100_100\/company-logo_100_100\/0\/1630507530506\/parma_consultoria_logo?e=2147483647&amp;v=beta&amp;t=gGFa8-meoOF7EyQ4IIdWaM2BZB7lFePmllm8a13n0pk\" data-ghost-classes=\"artdeco-entity-image--ghost\" data-ghost-url=\"https:\/\/static.licdn.com\/aero-v1\/sc\/h\/6puxblwmhnodu6fjircz4dn4h\" alt><\/p><\/div>\n<div class=\"base-search-card__info\">\n<h3 class=\"base-search-card__title\">\n<p>        Recepcionista &#8211; SP<\/p>\n<\/h3>\n<h4 class=\"base-search-card__subtitle\">\n<p>          <a class=\"hidden-nested-link\" data-tracking-client-ingraph data-tracking-control-name=\"public_jobs_jserp-result_job-search-card-subtitle\" data-tracking-will-navigate href=\"https:\/\/br.linkedin.com\/company\/parma-consultoria?trk=public_jobs_jserp-result_job-search-card-subtitle\"><br \/>\n            Parma Consultoria em RH<br \/>\n          <\/a><\/p>\n<\/h4>\n<p><!----><\/p>\n<div class=\"base-search-card__metadata\">\n<p>          <span class=\"job-search-card__location\"><br \/>\n            Greater Ribeir\u00e3o Preto<br \/>\n          <\/span><\/p>\n<div class=\"job-posting-benefits text-sm\">\n        <icon class=\"job-posting-benefits__icon\" data-delayed-url=\"https:\/\/static.licdn.com\/aero-v1\/sc\/h\/8zmuwb93gzlb935fk4ao4z779\" data-svg-class-name=\"job-posting-benefits__icon-svg\"><\/icon><br \/>\n        <span class=\"job-posting-benefits__text\"><br \/>\n          Be an early applicant<br \/>\n<!---->        <\/span>\n      <\/div>\n<p>          <time class=\"job-search-card__listdate\" datetime=\"2025-08-03\"><\/p>\n<p>      1 day ago<\/p>\n<p>          <\/time><\/p>\n<p><!---->\n            <\/div>\n<\/p><\/div>\n<p><!---->      <\/p><\/div>\n<\/li>\n<li>\n<div class=\"base-card relative w-full hover:no-underline focus:no-underline\n        base-card--link\n         base-search-card base-search-card--link job-search-card\" data-entity-urn=\"urn:li:jobPosting:4236857255\" data-impression-id=\"jobs-search-desktop-44\" data-reference-id=\"WmoL+L0ZpiTjEp0GYyNYbA==\" data-tracking-id=\"l6BME7E7KTfRkaRQ0CuPFA==\" data-column=\"1\" data-row=\"45\"><\/p>\n<p>        <a class=\"base-card__full-link absolute top-0 right-0 bottom-0 left-0 p-0 z-[2] outline-offset-[4px]\" href=\"https:\/\/br.linkedin.com\/jobs\/view\/analista-de-administra%C3%A7%C3%A3o-de-vendas-jr-medens-at-alliage-s-a-4236857255?position=45&amp;pageNum=0&amp;refId=WmoL%2BL0ZpiTjEp0GYyNYbA%3D%3D&amp;trackingId=l6BME7E7KTfRkaRQ0CuPFA%3D%3D\" data-tracking-control-name=\"public_jobs_jserp-result_search-card\" data-tracking-client-ingraph data-tracking-will-navigate><\/p>\n<p>          <span class=\"sr-only\"><\/p>\n<p>        Analista de Administra\u00e7\u00e3o de Vendas Jr. (Medens)<\/p>\n<p>          <\/span><br \/>\n        <\/a><\/p>\n<div class=\"search-entity-media\">\n<p>      <img class=\"artdeco-entity-image artdeco-entity-image--square-4\n          \" data-delayed-url=\"https:\/\/media.licdn.com\/dms\/image\/v2\/D4D0BAQHM644Ptj70Rg\/company-logo_100_100\/company-logo_100_100\/0\/1715093720957\/alliage_s_a__logo?e=2147483647&amp;v=beta&amp;t=Bgo8_y0v7rolvq7O5j-NZTIwS0ypmwvfom0v5VVFHco\" data-ghost-classes=\"artdeco-entity-image--ghost\" data-ghost-url=\"https:\/\/static.licdn.com\/aero-v1\/sc\/h\/6puxblwmhnodu6fjircz4dn4h\" alt><\/p><\/div>\n<div class=\"base-search-card__info\">\n<h3 class=\"base-search-card__title\">\n<p>        Analista de Administra\u00e7\u00e3o de Vendas Jr. (Medens)<\/p>\n<\/h3>\n<h4 class=\"base-search-card__subtitle\">\n<p>          <a class=\"hidden-nested-link\" data-tracking-client-ingraph data-tracking-control-name=\"public_jobs_jserp-result_job-search-card-subtitle\" data-tracking-will-navigate href=\"https:\/\/br.linkedin.com\/company\/alliage-s-a-?trk=public_jobs_jserp-result_job-search-card-subtitle\"><br \/>\n            Alliage S\/A.<br \/>\n          <\/a><\/p>\n<\/h4>\n<p><!----><\/p>\n<div class=\"base-search-card__metadata\">\n<p>          <span class=\"job-search-card__location\"><br \/>\n            Ribeir\u00e3o Preto, S\u00e3o Paulo, Brazil<br \/>\n          <\/span><\/p>\n<div class=\"job-posting-benefits text-sm\">\n        <icon class=\"job-posting-benefits__icon\" data-delayed-url=\"https:\/\/static.licdn.com\/aero-v1\/sc\/h\/3p1v0uhy7uq0cm5zdvzp4eo18\" data-svg-class-name=\"job-posting-benefits__icon-svg\"><\/icon><br \/>\n        <span class=\"job-posting-benefits__text\"><br \/>\n          Actively Hiring<br \/>\n<!---->        <\/span>\n      <\/div>\n<p>          <time class=\"job-search-card__listdate\" datetime=\"2025-05-28\"><\/p>\n<p>      2 months ago<\/p>\n<p>          <\/time><\/p>\n<p><!---->\n            <\/div>\n<\/p><\/div>\n<p><!---->      <\/p><\/div>\n<\/li>\n<li>\n<div class=\"base-card relative w-full hover:no-underline focus:no-underline\n        base-card--link\n         base-search-card base-search-card--link job-search-card\" data-entity-urn=\"urn:li:jobPosting:4087500286\" data-impression-id=\"jobs-search-desktop-45\" data-reference-id=\"WmoL+L0ZpiTjEp0GYyNYbA==\" data-tracking-id=\"DemN93n8zMtm1waHQ7VQ3Q==\" data-column=\"1\" data-row=\"46\"><\/p>\n<p>        <a class=\"base-card__full-link absolute top-0 right-0 bottom-0 left-0 p-0 z-[2] outline-offset-[4px]\" href=\"https:\/\/br.linkedin.com\/jobs\/view\/auxiliar-comercial-at-concept-desenvolvimento-empresarial-4087500286?position=46&amp;pageNum=0&amp;refId=WmoL%2BL0ZpiTjEp0GYyNYbA%3D%3D&amp;trackingId=DemN93n8zMtm1waHQ7VQ3Q%3D%3D\" data-tracking-control-name=\"public_jobs_jserp-result_search-card\" data-tracking-client-ingraph data-tracking-will-navigate><\/p>\n<p>          <span class=\"sr-only\"><\/p>\n<p>        Auxiliar Comercial<\/p>\n<p>          <\/span><br \/>\n        <\/a><\/p>\n<div class=\"search-entity-media\">\n<p>      <img class=\"artdeco-entity-image artdeco-entity-image--square-4\n          \" data-delayed-url=\"https:\/\/media.licdn.com\/dms\/image\/v2\/C4D0BAQEo1fm7925F1A\/company-logo_100_100\/company-logo_100_100\/0\/1658865817625\/conceptdesenvolvimento_logo?e=2147483647&amp;v=beta&amp;t=UvHvRClAi2u3-ltE1ls_eAwR2wmWQVvaKfIT18ib2Ms\" data-ghost-classes=\"artdeco-entity-image--ghost\" data-ghost-url=\"https:\/\/static.licdn.com\/aero-v1\/sc\/h\/6puxblwmhnodu6fjircz4dn4h\" alt><\/p><\/div>\n<div class=\"base-search-card__info\">\n<h3 class=\"base-search-card__title\">\n<p>        Auxiliar Comercial<\/p>\n<\/h3>\n<h4 class=\"base-search-card__subtitle\">\n<p>          <a class=\"hidden-nested-link\" data-tracking-client-ingraph data-tracking-control-name=\"public_jobs_jserp-result_job-search-card-subtitle\" data-tracking-will-navigate href=\"https:\/\/br.linkedin.com\/company\/conceptdesenvolvimento?trk=public_jobs_jserp-result_job-search-card-subtitle\"><br \/>\n            Concept Desenvolvimento Empresarial<br \/>\n          <\/a><\/p>\n<\/h4>\n<p><!----><\/p>\n<div class=\"base-search-card__metadata\">\n<p>          <span class=\"job-search-card__location\"><br \/>\n            Ribeir\u00e3o Preto, S\u00e3o Paulo, Brazil<br \/>\n          <\/span><\/p>\n<p><!---->  <\/p>\n<p>          <time class=\"job-search-card__listdate\" datetime=\"2024-11-28\"><\/p>\n<p>      8 months ago<\/p>\n<p>          <\/time><\/p>\n<p><!---->\n            <\/div>\n<\/p><\/div>\n<p><!---->      <\/p><\/div>\n<\/li>\n<li>\n<div class=\"base-card relative w-full hover:no-underline focus:no-underline\n        base-card--link\n         base-search-card base-search-card--link job-search-card\" data-entity-urn=\"urn:li:jobPosting:4261307732\" data-impression-id=\"jobs-search-desktop-46\" data-reference-id=\"WmoL+L0ZpiTjEp0GYyNYbA==\" data-tracking-id=\"5Un9EQWoXxeZrZPx0AzDmA==\" data-column=\"1\" data-row=\"47\"><\/p>\n<p>        <a class=\"base-card__full-link absolute top-0 right-0 bottom-0 left-0 p-0 z-[2] outline-offset-[4px]\" href=\"https:\/\/br.linkedin.com\/jobs\/view\/assistente-financeiro-at-concept-desenvolvimento-empresarial-4261307732?position=47&amp;pageNum=0&amp;refId=WmoL%2BL0ZpiTjEp0GYyNYbA%3D%3D&amp;trackingId=5Un9EQWoXxeZrZPx0AzDmA%3D%3D\" data-tracking-control-name=\"public_jobs_jserp-result_search-card\" data-tracking-client-ingraph data-tracking-will-navigate><\/p>\n<p>          <span class=\"sr-only\"><\/p>\n<p>        Assistente Financeiro<\/p>\n<p>          <\/span><br \/>\n        <\/a><\/p>\n<div class=\"search-entity-media\">\n<p>      <img class=\"artdeco-entity-image artdeco-entity-image--square-4\n          \" data-delayed-url=\"https:\/\/media.licdn.com\/dms\/image\/v2\/C4D0BAQEo1fm7925F1A\/company-logo_100_100\/company-logo_100_100\/0\/1658865817625\/conceptdesenvolvimento_logo?e=2147483647&amp;v=beta&amp;t=UvHvRClAi2u3-ltE1ls_eAwR2wmWQVvaKfIT18ib2Ms\" data-ghost-classes=\"artdeco-entity-image--ghost\" data-ghost-url=\"https:\/\/static.licdn.com\/aero-v1\/sc\/h\/6puxblwmhnodu6fjircz4dn4h\" alt><\/p><\/div>\n<div class=\"base-search-card__info\">\n<h3 class=\"base-search-card__title\">\n<p>        Assistente Financeiro<\/p>\n<\/h3>\n<h4 class=\"base-search-card__subtitle\">\n<p>          <a class=\"hidden-nested-link\" data-tracking-client-ingraph data-tracking-control-name=\"public_jobs_jserp-result_job-search-card-subtitle\" data-tracking-will-navigate href=\"https:\/\/br.linkedin.com\/company\/conceptdesenvolvimento?trk=public_jobs_jserp-result_job-search-card-subtitle\"><br \/>\n            Concept Desenvolvimento Empresarial<br \/>\n          <\/a><\/p>\n<\/h4>\n<p><!----><\/p>\n<div class=\"base-search-card__metadata\">\n<p>          <span class=\"job-search-card__location\"><br \/>\n            Ribeir\u00e3o Preto, S\u00e3o Paulo, Brazil<br \/>\n          <\/span><\/p>\n<p><!---->  <\/p>\n<p>          <time class=\"job-search-card__listdate\" datetime=\"2025-07-03\"><\/p>\n<p>      1 month ago<\/p>\n<p>          <\/time><\/p>\n<p><!---->\n            <\/div>\n<\/p><\/div>\n<p><!---->      <\/p><\/div>\n<\/li>\n<li>\n<div class=\"base-card relative w-full hover:no-underline focus:no-underline\n        base-card--link\n         base-search-card base-search-card--link job-search-card\" data-entity-urn=\"urn:li:jobPosting:4267493505\" data-impression-id=\"jobs-search-desktop-47\" data-reference-id=\"WmoL+L0ZpiTjEp0GYyNYbA==\" data-tracking-id=\"Jgm3cjEi5\/hPdth0EXPCbQ==\" data-column=\"1\" data-row=\"48\"><\/p>\n<p>        <a class=\"base-card__full-link absolute top-0 right-0 bottom-0 left-0 p-0 z-[2] outline-offset-[4px]\" href=\"https:\/\/br.linkedin.com\/jobs\/view\/assistente-administrativo-ptc-at-adm-4267493505?position=48&amp;pageNum=0&amp;refId=WmoL%2BL0ZpiTjEp0GYyNYbA%3D%3D&amp;trackingId=Jgm3cjEi5%2FhPdth0EXPCbQ%3D%3D\" data-tracking-control-name=\"public_jobs_jserp-result_search-card\" data-tracking-client-ingraph data-tracking-will-navigate><\/p>\n<p>          <span class=\"sr-only\"><\/p>\n<p>        Assistente Administrativo PTC<\/p>\n<p>          <\/span><br \/>\n        <\/a><\/p>\n<div class=\"search-entity-media\">\n<p>      <img class=\"artdeco-entity-image artdeco-entity-image--square-4\n          \" data-delayed-url=\"https:\/\/media.licdn.com\/dms\/image\/v2\/C560BAQG0X_qChwy0vg\/company-logo_100_100\/company-logo_100_100\/0\/1656694101135\/adm_logo?e=2147483647&amp;v=beta&amp;t=f0QK4otPEW3pj6Np_rtYfMvaKkzVSn-1zQJB54Q1kHQ\" data-ghost-classes=\"artdeco-entity-image--ghost\" data-ghost-url=\"https:\/\/static.licdn.com\/aero-v1\/sc\/h\/6puxblwmhnodu6fjircz4dn4h\" alt><\/p><\/div>\n<div class=\"base-search-card__info\">\n<h3 class=\"base-search-card__title\">\n<p>        Assistente Administrativo PTC<\/p>\n<\/h3>\n<h4 class=\"base-search-card__subtitle\">\n<p>          <a class=\"hidden-nested-link\" data-tracking-client-ingraph data-tracking-control-name=\"public_jobs_jserp-result_job-search-card-subtitle\" data-tracking-will-navigate href=\"https:\/\/www.linkedin.com\/company\/adm?trk=public_jobs_jserp-result_job-search-card-subtitle\"><br \/>\n            ADM<br \/>\n          <\/a><\/p>\n<\/h4>\n<p><!----><\/p>\n<div class=\"base-search-card__metadata\">\n<p>          <span class=\"job-search-card__location\"><br \/>\n            Ribeir\u00e3o Preto, S\u00e3o Paulo, Brazil<br \/>\n          <\/span><\/p>\n<div class=\"job-posting-benefits text-sm\">\n        <icon class=\"job-posting-benefits__icon\" data-delayed-url=\"https:\/\/static.licdn.com\/aero-v1\/sc\/h\/3p1v0uhy7uq0cm5zdvzp4eo18\" data-svg-class-name=\"job-posting-benefits__icon-svg\"><\/icon><br \/>\n        <span class=\"job-posting-benefits__text\"><br \/>\n          Actively Hiring<br \/>\n<!---->        <\/span>\n      <\/div>\n<p>          <time class=\"job-search-card__listdate\" datetime=\"2025-07-18\"><\/p>\n<p>      2 weeks ago<\/p>\n<p>          <\/time><\/p>\n<p><!---->\n            <\/div>\n<\/p><\/div>\n<p><!---->      <\/p><\/div>\n<\/li>\n<li>\n<div class=\"base-card relative w-full hover:no-underline focus:no-underline\n        base-card--link\n         base-search-card base-search-card--link job-search-card\" data-entity-urn=\"urn:li:jobPosting:4261605288\" data-impression-id=\"jobs-search-desktop-48\" data-reference-id=\"WmoL+L0ZpiTjEp0GYyNYbA==\" data-tracking-id=\"3EJcnMB7hC2gaNOaVTdD+Q==\" data-column=\"1\" data-row=\"49\"><\/p>\n<p>        <a class=\"base-card__full-link absolute top-0 right-0 bottom-0 left-0 p-0 z-[2] outline-offset-[4px]\" href=\"https:\/\/br.linkedin.com\/jobs\/view\/consultor-administrativo-at-ativa-loca%C3%A7%C3%A3o-4261605288?position=49&amp;pageNum=0&amp;refId=WmoL%2BL0ZpiTjEp0GYyNYbA%3D%3D&amp;trackingId=3EJcnMB7hC2gaNOaVTdD%2BQ%3D%3D\" data-tracking-control-name=\"public_jobs_jserp-result_search-card\" data-tracking-client-ingraph data-tracking-will-navigate><\/p>\n<p>          <span class=\"sr-only\"><\/p>\n<p>        Consultor Administrativo<\/p>\n<p>          <\/span><br \/>\n        <\/a><\/p>\n<div class=\"search-entity-media\">\n<p>      <img class=\"artdeco-entity-image artdeco-entity-image--square-4\n          \" data-delayed-url=\"https:\/\/media.licdn.com\/dms\/image\/v2\/D4E0BAQGZAdbCU4tBsA\/company-logo_100_100\/company-logo_100_100\/0\/1723747415372\/ativa_locacao_logo?e=2147483647&amp;v=beta&amp;t=2qXaihlJK4k2ttfxY73uVObJIJp7Dl-HY__fmYplcuU\" data-ghost-classes=\"artdeco-entity-image--ghost\" data-ghost-url=\"https:\/\/static.licdn.com\/aero-v1\/sc\/h\/6puxblwmhnodu6fjircz4dn4h\" alt><\/p><\/div>\n<div class=\"base-search-card__info\">\n<h3 class=\"base-search-card__title\">\n<p>        Consultor Administrativo<\/p>\n<\/h3>\n<h4 class=\"base-search-card__subtitle\">\n<p>          <a class=\"hidden-nested-link\" data-tracking-client-ingraph data-tracking-control-name=\"public_jobs_jserp-result_job-search-card-subtitle\" data-tracking-will-navigate href=\"https:\/\/br.linkedin.com\/company\/ativa-locacao?trk=public_jobs_jserp-result_job-search-card-subtitle\"><br \/>\n            Ativa Loca\u00e7\u00e3o<br \/>\n          <\/a><\/p>\n<\/h4>\n<p><!----><\/p>\n<div class=\"base-search-card__metadata\">\n<p>          <span class=\"job-search-card__location\"><br \/>\n            Ribeir\u00e3o Preto, S\u00e3o Paulo, Brazil<br \/>\n          <\/span><\/p>\n<div class=\"job-posting-benefits text-sm\">\n        <icon class=\"job-posting-benefits__icon\" data-delayed-url=\"https:\/\/static.licdn.com\/aero-v1\/sc\/h\/8zmuwb93gzlb935fk4ao4z779\" data-svg-class-name=\"job-posting-benefits__icon-svg\"><\/icon><br \/>\n        <span class=\"job-posting-benefits__text\"><br \/>\n          Be an early applicant<br \/>\n<!---->        <\/span>\n      <\/div>\n<p>          <time class=\"job-search-card__listdate\" datetime=\"2025-07-09\"><\/p>\n<p>      3 weeks ago<\/p>\n<p>          <\/time><\/p>\n<p><!---->\n            <\/div>\n<\/p><\/div>\n<p><!---->      <\/p><\/div>\n<\/li>\n<li>\n<div class=\"base-card relative w-full hover:no-underline focus:no-underline\n        base-card--link\n         base-search-card base-search-card--link job-search-card\" data-entity-urn=\"urn:li:jobPosting:4278585239\" data-impression-id=\"jobs-search-desktop-49\" data-reference-id=\"WmoL+L0ZpiTjEp0GYyNYbA==\" data-tracking-id=\"bb4dq5gV37FIcH9ldESAmA==\" data-column=\"1\" data-row=\"50\"><\/p>\n<p>        <a class=\"base-card__full-link absolute top-0 right-0 bottom-0 left-0 p-0 z-[2] outline-offset-[4px]\" href=\"https:\/\/br.linkedin.com\/jobs\/view\/analista-administrativo-de-solu%C3%A7%C3%B5es-em-sa%C3%BAde-pl-at-amorsa%C3%BAde-4278585239?position=50&amp;pageNum=0&amp;refId=WmoL%2BL0ZpiTjEp0GYyNYbA%3D%3D&amp;trackingId=bb4dq5gV37FIcH9ldESAmA%3D%3D\" data-tracking-control-name=\"public_jobs_jserp-result_search-card\" data-tracking-client-ingraph data-tracking-will-navigate><\/p>\n<p>          <span class=\"sr-only\"><\/p>\n<p>        Analista Administrativo de Solu\u00e7\u00f5es em Sa\u00fade Pl.<\/p>\n<p>          <\/span><br \/>\n        <\/a><\/p>\n<div class=\"search-entity-media\">\n<p>      <img class=\"artdeco-entity-image artdeco-entity-image--square-4\n          \" data-delayed-url=\"https:\/\/media.licdn.com\/dms\/image\/v2\/C560BAQEjTSRZliKiQg\/company-logo_100_100\/company-logo_100_100\/0\/1630651344496\/amorsade_logo?e=2147483647&amp;v=beta&amp;t=jUvYCcEjeLD-PLf3vADiSc90eo-8fdH7OOV71QyYsvs\" data-ghost-classes=\"artdeco-entity-image--ghost\" data-ghost-url=\"https:\/\/static.licdn.com\/aero-v1\/sc\/h\/6puxblwmhnodu6fjircz4dn4h\" alt><\/p><\/div>\n<div class=\"base-search-card__info\">\n<h3 class=\"base-search-card__title\">\n<p>        Analista Administrativo de Solu\u00e7\u00f5es em Sa\u00fade Pl.<\/p>\n<\/h3>\n<h4 class=\"base-search-card__subtitle\">\n<p>          <a class=\"hidden-nested-link\" data-tracking-client-ingraph data-tracking-control-name=\"public_jobs_jserp-result_job-search-card-subtitle\" data-tracking-will-navigate href=\"https:\/\/br.linkedin.com\/company\/amorsa%C3%BAde?trk=public_jobs_jserp-result_job-search-card-subtitle\"><br \/>\n            AmorSa\u00fade<br \/>\n          <\/a><\/p>\n<\/h4>\n<p><!----><\/p>\n<div class=\"base-search-card__metadata\">\n<p>          <span class=\"job-search-card__location\"><br \/>\n            Ribeir\u00e3o Preto, S\u00e3o Paulo, Brazil<br \/>\n          <\/span><\/p>\n<div class=\"job-posting-benefits text-sm\">\n        <icon class=\"job-posting-benefits__icon\" data-delayed-url=\"https:\/\/static.licdn.com\/aero-v1\/sc\/h\/3p1v0uhy7uq0cm5zdvzp4eo18\" data-svg-class-name=\"job-posting-benefits__icon-svg\"><\/icon><br \/>\n        <span class=\"job-posting-benefits__text\"><br \/>\n          Actively Hiring<br \/>\n<!---->        <\/span>\n      <\/div>\n<p>          <time class=\"job-search-card__listdate\" datetime=\"2025-07-31\"><\/p>\n<p>      4 days ago<\/p>\n<p>          <\/time><\/p>\n<p><!---->\n            <\/div>\n<\/p><\/div>\n<p><!---->      <\/p><\/div>\n<\/li>\n<li>\n<div class=\"base-card relative w-full hover:no-underline focus:no-underline\n        base-card--link\n         base-search-card base-search-card--link job-search-card\" data-entity-urn=\"urn:li:jobPosting:4271771181\" data-impression-id=\"jobs-search-desktop-50\" data-reference-id=\"WmoL+L0ZpiTjEp0GYyNYbA==\" data-tracking-id=\"SDxPRIWJ3zBQQvUKR+O6nw==\" data-column=\"1\" data-row=\"51\"><\/p>\n<p>        <a class=\"base-card__full-link absolute top-0 right-0 bottom-0 left-0 p-0 z-[2] outline-offset-[4px]\" href=\"https:\/\/br.linkedin.com\/jobs\/view\/aprendiz-assistente-administrativo-ribeir%C3%A3o-preto-at-mrv-co-4271771181?position=51&amp;pageNum=0&amp;refId=WmoL%2BL0ZpiTjEp0GYyNYbA%3D%3D&amp;trackingId=SDxPRIWJ3zBQQvUKR%2BO6nw%3D%3D\" data-tracking-control-name=\"public_jobs_jserp-result_search-card\" data-tracking-client-ingraph data-tracking-will-navigate><\/p>\n<p>          <span class=\"sr-only\"><\/p>\n<p>        Aprendiz Assistente Administrativo | Ribeir\u00e3o Preto<\/p>\n<p>          <\/span><br \/>\n        <\/a><\/p>\n<div class=\"search-entity-media\">\n<p>      <img class=\"artdeco-entity-image artdeco-entity-image--square-4\n          \" data-delayed-url=\"https:\/\/media.licdn.com\/dms\/image\/v2\/C4D0BAQFiMTX4fTHngw\/company-logo_100_100\/company-logo_100_100\/0\/1656681625557\/mrveco_logo?e=2147483647&amp;v=beta&amp;t=00dhJfkfxAsYI75gskD3kuw_8xwWMrUM6xa7XB_iESw\" data-ghost-classes=\"artdeco-entity-image--ghost\" data-ghost-url=\"https:\/\/static.licdn.com\/aero-v1\/sc\/h\/6puxblwmhnodu6fjircz4dn4h\" alt><\/p><\/div>\n<div class=\"base-search-card__info\">\n<h3 class=\"base-search-card__title\">\n<p>        Aprendiz Assistente Administrativo | Ribeir\u00e3o Preto<\/p>\n<\/h3>\n<h4 class=\"base-search-card__subtitle\">\n<p>          <a class=\"hidden-nested-link\" data-tracking-client-ingraph data-tracking-control-name=\"public_jobs_jserp-result_job-search-card-subtitle\" data-tracking-will-navigate href=\"https:\/\/br.linkedin.com\/company\/mrveco?trk=public_jobs_jserp-result_job-search-card-subtitle\"><br \/>\n            MRV&amp;CO<br \/>\n          <\/a><\/p>\n<\/h4>\n<p><!----><\/p>\n<div class=\"base-search-card__metadata\">\n<p>          <span class=\"job-search-card__location\"><br \/>\n            Ribeir\u00e3o Preto, S\u00e3o Paulo, Brazil<br \/>\n          <\/span><\/p>\n<div class=\"job-posting-benefits text-sm\">\n        <icon class=\"job-posting-benefits__icon\" data-delayed-url=\"https:\/\/static.licdn.com\/aero-v1\/sc\/h\/8zmuwb93gzlb935fk4ao4z779\" data-svg-class-name=\"job-posting-benefits__icon-svg\"><\/icon><br \/>\n        <span class=\"job-posting-benefits__text\"><br \/>\n          Be an early applicant<br \/>\n<!---->        <\/span>\n      <\/div>\n<p>          <time class=\"job-search-card__listdate\" datetime=\"2025-07-28\"><\/p>\n<p>      6 days ago<\/p>\n<p>          <\/time><\/p>\n<p><!---->\n            <\/div>\n<\/p><\/div>\n<p><!---->      <\/p><\/div>\n<\/li>\n<li>\n<div class=\"base-card relative w-full hover:no-underline focus:no-underline\n        base-card--link\n         base-search-card base-search-card--link job-search-card\" data-entity-urn=\"urn:li:jobPosting:4256224927\" data-impression-id=\"jobs-search-desktop-51\" data-reference-id=\"WmoL+L0ZpiTjEp0GYyNYbA==\" data-tracking-id=\"iUeNzhPmhWtJw2RWwroY7g==\" data-column=\"1\" data-row=\"52\"><\/p>\n<p>        <a class=\"base-card__full-link absolute top-0 right-0 bottom-0 left-0 p-0 z-[2] outline-offset-[4px]\" href=\"https:\/\/br.linkedin.com\/jobs\/view\/pulmer-auxiliar-administrativo-de-log%C3%ADstica-ribeir%C3%A3o-preto-sp-at-braveo-4256224927?position=52&amp;pageNum=0&amp;refId=WmoL%2BL0ZpiTjEp0GYyNYbA%3D%3D&amp;trackingId=iUeNzhPmhWtJw2RWwroY7g%3D%3D\" data-tracking-control-name=\"public_jobs_jserp-result_search-card\" data-tracking-client-ingraph data-tracking-will-navigate><\/p>\n<p>          <span class=\"sr-only\"><\/p>\n<p>        Pulmer &#8211; Auxiliar Administrativo de Log\u00edstica- Ribeir\u00e3o Preto\/SP<\/p>\n<p>          <\/span><br \/>\n        <\/a><\/p>\n<div class=\"search-entity-media\">\n<p>      <img class=\"artdeco-entity-image artdeco-entity-image--square-4\n          \" data-delayed-url=\"https:\/\/media.licdn.com\/dms\/image\/v2\/C4D0BAQG1Blb0DH8aBw\/company-logo_100_100\/company-logo_100_100\/0\/1645466665527?e=2147483647&amp;v=beta&amp;t=W-jtZIDKABWqY_PNGeLzAzRs3h4lxOKPu7xzBtdvsHs\" data-ghost-classes=\"artdeco-entity-image--ghost\" data-ghost-url=\"https:\/\/static.licdn.com\/aero-v1\/sc\/h\/6puxblwmhnodu6fjircz4dn4h\" alt><\/p><\/div>\n<div class=\"base-search-card__info\">\n<h3 class=\"base-search-card__title\">\n<p>        Pulmer &#8211; Auxiliar Administrativo de Log\u00edstica- Ribeir\u00e3o Preto\/SP<\/p>\n<\/h3>\n<h4 class=\"base-search-card__subtitle\">\n<p>          <a class=\"hidden-nested-link\" data-tracking-client-ingraph data-tracking-control-name=\"public_jobs_jserp-result_job-search-card-subtitle\" data-tracking-will-navigate href=\"https:\/\/br.linkedin.com\/company\/braveo-oficial?trk=public_jobs_jserp-result_job-search-card-subtitle\"><br \/>\n            Braveo<br \/>\n          <\/a><\/p>\n<\/h4>\n<p><!----><\/p>\n<div class=\"base-search-card__metadata\">\n<p>          <span class=\"job-search-card__location\"><br \/>\n            Ribeir\u00e3o Preto, S\u00e3o Paulo, Brazil<br \/>\n          <\/span><\/p>\n<p><!---->  <\/p>\n<p>          <time class=\"job-search-card__listdate\" datetime=\"2025-06-28\"><\/p>\n<p>      1 month ago<\/p>\n<p>          <\/time><\/p>\n<p><!---->\n            <\/div>\n<\/p><\/div>\n<p><!---->      <\/p><\/div>\n<\/li>\n<li>\n<div class=\"base-card relative w-full hover:no-underline focus:no-underline\n        base-card--link\n         base-search-card base-search-card--link job-search-card\" data-entity-urn=\"urn:li:jobPosting:4252218107\" data-impression-id=\"jobs-search-desktop-52\" data-reference-id=\"WmoL+L0ZpiTjEp0GYyNYbA==\" data-tracking-id=\"ee0KOe5PYBiEqJkgXTZfMQ==\" data-column=\"1\" data-row=\"53\"><\/p>\n<p>        <a class=\"base-card__full-link absolute top-0 right-0 bottom-0 left-0 p-0 z-[2] outline-offset-[4px]\" href=\"https:\/\/br.linkedin.com\/jobs\/view\/recepcionista-at-dvi-diagn%C3%B3stico-odontol%C3%B3gico-4252218107?position=53&amp;pageNum=0&amp;refId=WmoL%2BL0ZpiTjEp0GYyNYbA%3D%3D&amp;trackingId=ee0KOe5PYBiEqJkgXTZfMQ%3D%3D\" data-tracking-control-name=\"public_jobs_jserp-result_search-card\" data-tracking-client-ingraph data-tracking-will-navigate><\/p>\n<p>          <span class=\"sr-only\"><\/p>\n<p>        Recepcionista<\/p>\n<p>          <\/span><br \/>\n        <\/a><\/p>\n<div class=\"search-entity-media\">\n<p>      <img class=\"artdeco-entity-image artdeco-entity-image--square-4\n          \" data-delayed-url=\"https:\/\/media.licdn.com\/dms\/image\/v2\/D4D0BAQENpCM7VNbFfQ\/img-crop_100\/B4DZg5XEn9HYAM-\/0\/1753309007228?e=2147483647&amp;v=beta&amp;t=cBgE0NDVLlYsi23yU37vORMilK6VVn9h5w3TFIkYW-A\" data-ghost-classes=\"artdeco-entity-image--ghost\" data-ghost-url=\"https:\/\/static.licdn.com\/aero-v1\/sc\/h\/6puxblwmhnodu6fjircz4dn4h\" alt><\/p><\/div>\n<div class=\"base-search-card__info\">\n<h3 class=\"base-search-card__title\">\n<p>        Recepcionista<\/p>\n<\/h3>\n<h4 class=\"base-search-card__subtitle\">\n<p>          <a class=\"hidden-nested-link\" data-tracking-client-ingraph data-tracking-control-name=\"public_jobs_jserp-result_job-search-card-subtitle\" data-tracking-will-navigate href=\"https:\/\/br.linkedin.com\/company\/dviradiologia?trk=public_jobs_jserp-result_job-search-card-subtitle\"><br \/>\n            DVI Diagn\u00f3stico Odontol\u00f3gico<br \/>\n          <\/a><\/p>\n<\/h4>\n<p><!----><\/p>\n<div class=\"base-search-card__metadata\">\n<p>          <span class=\"job-search-card__location\"><br \/>\n            Ribeir\u00e3o Preto, S\u00e3o Paulo, Brazil<br \/>\n          <\/span><\/p>\n<div class=\"job-posting-benefits text-sm\">\n        <icon class=\"job-posting-benefits__icon\" data-delayed-url=\"https:\/\/static.licdn.com\/aero-v1\/sc\/h\/3p1v0uhy7uq0cm5zdvzp4eo18\" data-svg-class-name=\"job-posting-benefits__icon-svg\"><\/icon><br \/>\n        <span class=\"job-posting-benefits__text\"><br \/>\n          Actively Hiring<br \/>\n<!---->        <\/span>\n      <\/div>\n<p>          <time class=\"job-search-card__listdate\" datetime=\"2025-06-17\"><\/p>\n<p>      1 month ago<\/p>\n<p>          <\/time><\/p>\n<p><!---->\n            <\/div>\n<\/p><\/div>\n<p><!---->      <\/p><\/div>\n<\/li>\n<li>\n<div class=\"base-card relative w-full hover:no-underline focus:no-underline\n        base-card--link\n         base-search-card base-search-card--link job-search-card\" data-entity-urn=\"urn:li:jobPosting:4270753340\" data-impression-id=\"jobs-search-desktop-53\" data-reference-id=\"WmoL+L0ZpiTjEp0GYyNYbA==\" data-tracking-id=\"AXx8UbHAK4DdLY2Tm4kH5g==\" data-column=\"1\" data-row=\"54\"><\/p>\n<p>        <a class=\"base-card__full-link absolute top-0 right-0 bottom-0 left-0 p-0 z-[2] outline-offset-[4px]\" href=\"https:\/\/br.linkedin.com\/jobs\/view\/est%C3%A1gio-administrativo-ribeir%C3%A3o-preto-segmento-da-empresa-eletrodom%C3%A9sticos-at-seu-est%C3%A1gio-4270753340?position=54&amp;pageNum=0&amp;refId=WmoL%2BL0ZpiTjEp0GYyNYbA%3D%3D&amp;trackingId=AXx8UbHAK4DdLY2Tm4kH5g%3D%3D\" data-tracking-control-name=\"public_jobs_jserp-result_search-card\" data-tracking-client-ingraph data-tracking-will-navigate><\/p>\n<p>          <span class=\"sr-only\"><\/p>\n<p>        (Est\u00e1gio) Administrativo &#8211; Ribeir\u00e3o Preto &#8211; Segmento da Empresa: Eletrodom\u00e9sticos<\/p>\n<p>          <\/span><br \/>\n        <\/a><\/p>\n<div class=\"search-entity-media\">\n<p>      <img class=\"artdeco-entity-image artdeco-entity-image--square-4\n          \" data-delayed-url=\"https:\/\/media.licdn.com\/dms\/image\/v2\/D4D0BAQHTyx9p0Ik2YQ\/company-logo_100_100\/company-logo_100_100\/0\/1733407939950?e=2147483647&amp;v=beta&amp;t=Syp_JD6jwBhlKDhs8HkRGBhzocLE3t5YVDC0GewSnWE\" data-ghost-classes=\"artdeco-entity-image--ghost\" data-ghost-url=\"https:\/\/static.licdn.com\/aero-v1\/sc\/h\/6puxblwmhnodu6fjircz4dn4h\" alt><\/p><\/div>\n<div class=\"base-search-card__info\">\n<h3 class=\"base-search-card__title\">\n<p>        (Est\u00e1gio) Administrativo &#8211; Ribeir\u00e3o Preto &#8211; Segmento da Empresa: Eletrodom\u00e9sticos<\/p>\n<\/h3>\n<h4 class=\"base-search-card__subtitle\">\n<p>          <a class=\"hidden-nested-link\" data-tracking-client-ingraph data-tracking-control-name=\"public_jobs_jserp-result_job-search-card-subtitle\" data-tracking-will-navigate href=\"https:\/\/www.linkedin.com\/company\/seuestagio?trk=public_jobs_jserp-result_job-search-card-subtitle\"><br \/>\n            Seu Est\u00e1gio<br \/>\n          <\/a><\/p>\n<\/h4>\n<p><!----><\/p>\n<div class=\"base-search-card__metadata\">\n<p>          <span class=\"job-search-card__location\"><br \/>\n            Ribeir\u00e3o Preto, S\u00e3o Paulo, Brazil<br \/>\n          <\/span><\/p>\n<div class=\"job-posting-benefits text-sm\">\n        <icon class=\"job-posting-benefits__icon\" data-delayed-url=\"https:\/\/static.licdn.com\/aero-v1\/sc\/h\/8zmuwb93gzlb935fk4ao4z779\" data-svg-class-name=\"job-posting-benefits__icon-svg\"><\/icon><br \/>\n        <span class=\"job-posting-benefits__text\"><br \/>\n          Be an early applicant<br \/>\n<!---->        <\/span>\n      <\/div>\n<p>          <time class=\"job-search-card__listdate\" datetime=\"2025-07-22\"><\/p>\n<p>      1 week ago<\/p>\n<p>          <\/time><\/p>\n<p><!---->\n            <\/div>\n<\/p><\/div>\n<p><!---->      <\/p><\/div>\n<\/li>\n<li>\n<div class=\"base-card relative w-full hover:no-underline focus:no-underline\n        base-card--link\n         base-search-card base-search-card--link job-search-card\" data-entity-urn=\"urn:li:jobPosting:4248402699\" data-impression-id=\"jobs-search-desktop-54\" data-reference-id=\"WmoL+L0ZpiTjEp0GYyNYbA==\" data-tracking-id=\"+8hLDp\/din1rI9kggCDW7w==\" data-column=\"1\" data-row=\"55\"><\/p>\n<p>        <a class=\"base-card__full-link absolute top-0 right-0 bottom-0 left-0 p-0 z-[2] outline-offset-[4px]\" href=\"https:\/\/br.linkedin.com\/jobs\/view\/auxiliar-cont%C3%A1bil-at-ibh-servi%C3%A7os-e-participa%C3%A7%C3%B5es-s-a-4248402699?position=55&amp;pageNum=0&amp;refId=WmoL%2BL0ZpiTjEp0GYyNYbA%3D%3D&amp;trackingId=%2B8hLDp%2Fdin1rI9kggCDW7w%3D%3D\" data-tracking-control-name=\"public_jobs_jserp-result_search-card\" data-tracking-client-ingraph data-tracking-will-navigate><\/p>\n<p>          <span class=\"sr-only\"><\/p>\n<p>        AUXILIAR CONT\u00c1BIL<\/p>\n<p>          <\/span><br \/>\n        <\/a><\/p>\n<div class=\"search-entity-media\">\n<p>      <img class=\"artdeco-entity-image artdeco-entity-image--square-4\n          \" data-delayed-url=\"https:\/\/media.licdn.com\/dms\/image\/v2\/D4E0BAQE9CGRt1fav2A\/company-logo_100_100\/company-logo_100_100\/0\/1739198679138\/ibhservicos_logo?e=2147483647&amp;v=beta&amp;t=CTV95kgTIrAc72XmB-ZnM84vY-6tkb6ntsw3Bs-iKSw\" data-ghost-classes=\"artdeco-entity-image--ghost\" data-ghost-url=\"https:\/\/static.licdn.com\/aero-v1\/sc\/h\/6puxblwmhnodu6fjircz4dn4h\" alt><\/p><\/div>\n<div class=\"base-search-card__info\">\n<h3 class=\"base-search-card__title\">\n<p>        AUXILIAR CONT\u00c1BIL<\/p>\n<\/h3>\n<h4 class=\"base-search-card__subtitle\">\n<p>          <a class=\"hidden-nested-link\" data-tracking-client-ingraph data-tracking-control-name=\"public_jobs_jserp-result_job-search-card-subtitle\" data-tracking-will-navigate href=\"https:\/\/br.linkedin.com\/company\/ibhservicos?trk=public_jobs_jserp-result_job-search-card-subtitle\"><br \/>\n            IBH Servi\u00e7os e Participa\u00e7\u00f5es S\/A<br \/>\n          <\/a><\/p>\n<\/h4>\n<p><!----><\/p>\n<div class=\"base-search-card__metadata\">\n<p>          <span class=\"job-search-card__location\"><br \/>\n            Ribeir\u00e3o Preto, S\u00e3o Paulo, Brazil<br \/>\n          <\/span><\/p>\n<p><!---->  <\/p>\n<p>          <time class=\"job-search-card__listdate\" datetime=\"2025-06-13\"><\/p>\n<p>      1 month ago<\/p>\n<p>          <\/time><\/p>\n<p><!---->\n            <\/div>\n<\/p><\/div>\n<p><!---->      <\/p><\/div>\n<\/li>\n<li>\n<div class=\"base-card relative w-full hover:no-underline focus:no-underline\n        base-card--link\n         base-search-card base-search-card--link job-search-card\" data-entity-urn=\"urn:li:jobPosting:4276831126\" data-impression-id=\"jobs-search-desktop-55\" data-reference-id=\"WmoL+L0ZpiTjEp0GYyNYbA==\" data-tracking-id=\"5oDfwd0xPKELmVRYrgzcHQ==\" data-column=\"1\" data-row=\"56\"><\/p>\n<p>        <a class=\"base-card__full-link absolute top-0 right-0 bottom-0 left-0 p-0 z-[2] outline-offset-[4px]\" href=\"https:\/\/br.linkedin.com\/jobs\/view\/assistente-de-rh-at-atk-constru%C3%A7%C3%B5es-services-4276831126?position=56&amp;pageNum=0&amp;refId=WmoL%2BL0ZpiTjEp0GYyNYbA%3D%3D&amp;trackingId=5oDfwd0xPKELmVRYrgzcHQ%3D%3D\" data-tracking-control-name=\"public_jobs_jserp-result_search-card\" data-tracking-client-ingraph data-tracking-will-navigate><\/p>\n<p>          <span class=\"sr-only\"><\/p>\n<p>        Assistente de RH<\/p>\n<p>          <\/span><br \/>\n        <\/a><\/p>\n<div class=\"search-entity-media\">\n<p>      <img class=\"artdeco-entity-image artdeco-entity-image--square-4\n          \" data-delayed-url=\"https:\/\/media.licdn.com\/dms\/image\/v2\/D4E0BAQEO92R3mibfSw\/company-logo_100_100\/company-logo_100_100\/0\/1718903963312\/atk_construes_services_logo?e=2147483647&amp;v=beta&amp;t=H8iz2V4-mS2u1hvEDVx4pKS6lNVnPF5qU0a3XOKz2UU\" data-ghost-classes=\"artdeco-entity-image--ghost\" data-ghost-url=\"https:\/\/static.licdn.com\/aero-v1\/sc\/h\/6puxblwmhnodu6fjircz4dn4h\" alt><\/p><\/div>\n<div class=\"base-search-card__info\">\n<h3 class=\"base-search-card__title\">\n<p>        Assistente de RH<\/p>\n<\/h3>\n<h4 class=\"base-search-card__subtitle\">\n<p>          <a class=\"hidden-nested-link\" data-tracking-client-ingraph data-tracking-control-name=\"public_jobs_jserp-result_job-search-card-subtitle\" data-tracking-will-navigate href=\"https:\/\/br.linkedin.com\/company\/atk-constru%C3%A7%C3%B5es-services?trk=public_jobs_jserp-result_job-search-card-subtitle\"><br \/>\n            ATK Constru\u00e7\u00f5es &amp; Services<br \/>\n          <\/a><\/p>\n<\/h4>\n<p><!----><\/p>\n<div class=\"base-search-card__metadata\">\n<p>          <span class=\"job-search-card__location\"><br \/>\n            Sert\u00e3ozinho, S\u00e3o Paulo, Brazil<br \/>\n          <\/span><\/p>\n<p><!---->  <\/p>\n<p>          <time class=\"job-search-card__listdate\" datetime=\"2025-07-31\"><\/p>\n<p>      4 days ago<\/p>\n<p>          <\/time><\/p>\n<p><!---->\n            <\/div>\n<\/p><\/div>\n<p><!---->      <\/p><\/div>\n<\/li>\n<li>\n<div class=\"base-card relative w-full hover:no-underline focus:no-underline\n        base-card--link\n         base-search-card base-search-card--link job-search-card\" data-entity-urn=\"urn:li:jobPosting:4273360716\" data-impression-id=\"jobs-search-desktop-56\" data-reference-id=\"WmoL+L0ZpiTjEp0GYyNYbA==\" data-tracking-id=\"7endiSNXb7l9bBkYCBcE+Q==\" data-column=\"1\" data-row=\"57\"><\/p>\n<p>        <a class=\"base-card__full-link absolute top-0 right-0 bottom-0 left-0 p-0 z-[2] outline-offset-[4px]\" href=\"https:\/\/br.linkedin.com\/jobs\/view\/analista-financeiro-jr-contas-a-receber-tempor%C3%A1rio-at-ibh-servi%C3%A7os-e-participa%C3%A7%C3%B5es-s-a-4273360716?position=57&amp;pageNum=0&amp;refId=WmoL%2BL0ZpiTjEp0GYyNYbA%3D%3D&amp;trackingId=7endiSNXb7l9bBkYCBcE%2BQ%3D%3D\" data-tracking-control-name=\"public_jobs_jserp-result_search-card\" data-tracking-client-ingraph data-tracking-will-navigate><\/p>\n<p>          <span class=\"sr-only\"><\/p>\n<p>        ANALISTA FINANCEIRO JR. &#8211; Contas a receber &#8211; TEMPOR\u00c1RIO<\/p>\n<p>          <\/span><br \/>\n        <\/a><\/p>\n<div class=\"search-entity-media\">\n<p>      <img class=\"artdeco-entity-image artdeco-entity-image--square-4\n          \" data-delayed-url=\"https:\/\/media.licdn.com\/dms\/image\/v2\/D4E0BAQE9CGRt1fav2A\/company-logo_100_100\/company-logo_100_100\/0\/1739198679138\/ibhservicos_logo?e=2147483647&amp;v=beta&amp;t=CTV95kgTIrAc72XmB-ZnM84vY-6tkb6ntsw3Bs-iKSw\" data-ghost-classes=\"artdeco-entity-image--ghost\" data-ghost-url=\"https:\/\/static.licdn.com\/aero-v1\/sc\/h\/6puxblwmhnodu6fjircz4dn4h\" alt><\/p><\/div>\n<div class=\"base-search-card__info\">\n<h3 class=\"base-search-card__title\">\n<p>        ANALISTA FINANCEIRO JR. &#8211; Contas a receber &#8211; TEMPOR\u00c1RIO<\/p>\n<\/h3>\n<h4 class=\"base-search-card__subtitle\">\n<p>          <a class=\"hidden-nested-link\" data-tracking-client-ingraph data-tracking-control-name=\"public_jobs_jserp-result_job-search-card-subtitle\" data-tracking-will-navigate href=\"https:\/\/br.linkedin.com\/company\/ibhservicos?trk=public_jobs_jserp-result_job-search-card-subtitle\"><br \/>\n            IBH Servi\u00e7os e Participa\u00e7\u00f5es S\/A<br \/>\n          <\/a><\/p>\n<\/h4>\n<p><!----><\/p>\n<div class=\"base-search-card__metadata\">\n<p>          <span class=\"job-search-card__location\"><br \/>\n            Ribeir\u00e3o Preto, S\u00e3o Paulo, Brazil<br \/>\n          <\/span><\/p>\n<p><!---->  <\/p>\n<p>          <time class=\"job-search-card__listdate\" datetime=\"2025-07-30\"><\/p>\n<p>      4 days ago<\/p>\n<p>          <\/time><\/p>\n<p><!---->\n            <\/div>\n<\/p><\/div>\n<p><!---->      <\/p><\/div>\n<\/li>\n<li>\n<div class=\"base-card relative w-full hover:no-underline focus:no-underline\n        base-card--link\n         base-search-card base-search-card--link job-search-card\" data-entity-urn=\"urn:li:jobPosting:4273360726\" data-impression-id=\"jobs-search-desktop-57\" data-reference-id=\"WmoL+L0ZpiTjEp0GYyNYbA==\" data-tracking-id=\"FOlRpx\/B1DMb9v99zZmLUQ==\" data-column=\"1\" data-row=\"58\"><\/p>\n<p>        <a class=\"base-card__full-link absolute top-0 right-0 bottom-0 left-0 p-0 z-[2] outline-offset-[4px]\" href=\"https:\/\/br.linkedin.com\/jobs\/view\/analista-financeiro-jr-contas-a-receber-tempor%C3%A1rio-at-ibh-servi%C3%A7os-e-participa%C3%A7%C3%B5es-s-a-4273360726?position=58&amp;pageNum=0&amp;refId=WmoL%2BL0ZpiTjEp0GYyNYbA%3D%3D&amp;trackingId=FOlRpx%2FB1DMb9v99zZmLUQ%3D%3D\" data-tracking-control-name=\"public_jobs_jserp-result_search-card\" data-tracking-client-ingraph data-tracking-will-navigate><\/p>\n<p>          <span class=\"sr-only\"><\/p>\n<p>        ANALISTA FINANCEIRO JR. &#8211; Contas a receber  TEMPOR\u00c1RIO<\/p>\n<p>          <\/span><br \/>\n        <\/a><\/p>\n<div class=\"search-entity-media\">\n<p>      <img class=\"artdeco-entity-image artdeco-entity-image--square-4\n          \" data-delayed-url=\"https:\/\/media.licdn.com\/dms\/image\/v2\/D4E0BAQE9CGRt1fav2A\/company-logo_100_100\/company-logo_100_100\/0\/1739198679138\/ibhservicos_logo?e=2147483647&amp;v=beta&amp;t=CTV95kgTIrAc72XmB-ZnM84vY-6tkb6ntsw3Bs-iKSw\" data-ghost-classes=\"artdeco-entity-image--ghost\" data-ghost-url=\"https:\/\/static.licdn.com\/aero-v1\/sc\/h\/6puxblwmhnodu6fjircz4dn4h\" alt><\/p><\/div>\n<div class=\"base-search-card__info\">\n<h3 class=\"base-search-card__title\">\n<p>        ANALISTA FINANCEIRO JR. &#8211; Contas a receber  TEMPOR\u00c1RIO<\/p>\n<\/h3>\n<h4 class=\"base-search-card__subtitle\">\n<p>          <a class=\"hidden-nested-link\" data-tracking-client-ingraph data-tracking-control-name=\"public_jobs_jserp-result_job-search-card-subtitle\" data-tracking-will-navigate href=\"https:\/\/br.linkedin.com\/company\/ibhservicos?trk=public_jobs_jserp-result_job-search-card-subtitle\"><br \/>\n            IBH Servi\u00e7os e Participa\u00e7\u00f5es S\/A<br \/>\n          <\/a><\/p>\n<\/h4>\n<p><!----><\/p>\n<div class=\"base-search-card__metadata\">\n<p>          <span class=\"job-search-card__location\"><br \/>\n            Ribeir\u00e3o Preto, S\u00e3o Paulo, Brazil<br \/>\n          <\/span><\/p>\n<div class=\"job-posting-benefits text-sm\">\n        <icon class=\"job-posting-benefits__icon\" data-delayed-url=\"https:\/\/static.licdn.com\/aero-v1\/sc\/h\/8zmuwb93gzlb935fk4ao4z779\" data-svg-class-name=\"job-posting-benefits__icon-svg\"><\/icon><br \/>\n        <span class=\"job-posting-benefits__text\"><br \/>\n          Be an early applicant<br \/>\n<!---->        <\/span>\n      <\/div>\n<p>          <time class=\"job-search-card__listdate\" datetime=\"2025-07-30\"><\/p>\n<p>      4 days ago<\/p>\n<p>          <\/time><\/p>\n<p><!---->\n            <\/div>\n<\/p><\/div>\n<p><!---->      <\/p><\/div>\n<\/li>\n<li>\n<div class=\"base-card relative w-full hover:no-underline focus:no-underline\n        base-card--link\n         base-search-card base-search-card--link job-search-card\" data-entity-urn=\"urn:li:jobPosting:4269801593\" data-impression-id=\"jobs-search-desktop-58\" data-reference-id=\"WmoL+L0ZpiTjEp0GYyNYbA==\" data-tracking-id=\"p1swmsoyYVPNBO8VibRu3w==\" data-column=\"1\" data-row=\"59\"><\/p>\n<p>        <a class=\"base-card__full-link absolute top-0 right-0 bottom-0 left-0 p-0 z-[2] outline-offset-[4px]\" href=\"https:\/\/br.linkedin.com\/jobs\/view\/assistente-administrativo-crc-viter-at-votorantim-cimentos-4269801593?position=59&amp;pageNum=0&amp;refId=WmoL%2BL0ZpiTjEp0GYyNYbA%3D%3D&amp;trackingId=p1swmsoyYVPNBO8VibRu3w%3D%3D\" data-tracking-control-name=\"public_jobs_jserp-result_search-card\" data-tracking-client-ingraph data-tracking-will-navigate><\/p>\n<p>          <span class=\"sr-only\"><\/p>\n<p>        ASSISTENTE ADMINISTRATIVO CRC VITER<\/p>\n<p>          <\/span><br \/>\n        <\/a><\/p>\n<div class=\"search-entity-media\">\n<p>      <img class=\"artdeco-entity-image artdeco-entity-image--square-4\n          \" data-delayed-url=\"https:\/\/media.licdn.com\/dms\/image\/v2\/D4D0BAQG6R0cwFcYz3g\/company-logo_100_100\/B4DZfCo_QVG8AU-\/0\/1751317214684\/vcimentosoficial_logo?e=2147483647&amp;v=beta&amp;t=hdCm0IeJk-iNg4hh-xKI7_j2Q5CQsLlGHvLmCMhExuU\" data-ghost-classes=\"artdeco-entity-image--ghost\" data-ghost-url=\"https:\/\/static.licdn.com\/aero-v1\/sc\/h\/6puxblwmhnodu6fjircz4dn4h\" alt><\/p><\/div>\n<div class=\"base-search-card__info\">\n<h3 class=\"base-search-card__title\">\n<p>        ASSISTENTE ADMINISTRATIVO CRC VITER<\/p>\n<\/h3>\n<h4 class=\"base-search-card__subtitle\">\n<p>          <a class=\"hidden-nested-link\" data-tracking-client-ingraph data-tracking-control-name=\"public_jobs_jserp-result_job-search-card-subtitle\" data-tracking-will-navigate href=\"https:\/\/br.linkedin.com\/company\/vcimentosoficial?trk=public_jobs_jserp-result_job-search-card-subtitle\"><br \/>\n            Votorantim Cimentos<br \/>\n          <\/a><\/p>\n<\/h4>\n<p><!----><\/p>\n<div class=\"base-search-card__metadata\">\n<p>          <span class=\"job-search-card__location\"><br \/>\n            Ribeir\u00e3o Preto, S\u00e3o Paulo, Brazil<br \/>\n          <\/span><\/p>\n<div class=\"job-posting-benefits text-sm\">\n        <icon class=\"job-posting-benefits__icon\" data-delayed-url=\"https:\/\/static.licdn.com\/aero-v1\/sc\/h\/3p1v0uhy7uq0cm5zdvzp4eo18\" data-svg-class-name=\"job-posting-benefits__icon-svg\"><\/icon><br \/>\n        <span class=\"job-posting-benefits__text\"><br \/>\n          Actively Hiring<br \/>\n<!---->        <\/span>\n      <\/div>\n<p>          <time class=\"job-search-card__listdate\" datetime=\"2025-07-18\"><\/p>\n<p>      2 weeks ago<\/p>\n<p>          <\/time><\/p>\n<p><!---->\n            <\/div>\n<\/p><\/div>\n<p><!---->      <\/p><\/div>\n<\/li>\n<li>\n<div class=\"base-card relative w-full hover:no-underline focus:no-underline\n        base-card--link\n         base-search-card base-search-card--link job-search-card\" data-entity-urn=\"urn:li:jobPosting:4244959667\" data-impression-id=\"jobs-search-desktop-59\" data-reference-id=\"WmoL+L0ZpiTjEp0GYyNYbA==\" data-tracking-id=\"TFpPW4lmMqevynLjwvsuQw==\" data-column=\"1\" data-row=\"60\"><\/p>\n<p>        <a class=\"base-card__full-link absolute top-0 right-0 bottom-0 left-0 p-0 z-[2] outline-offset-[4px]\" href=\"https:\/\/br.linkedin.com\/jobs\/view\/assistente-comercial-vendas-at-grupo-total-4244959667?position=60&amp;pageNum=0&amp;refId=WmoL%2BL0ZpiTjEp0GYyNYbA%3D%3D&amp;trackingId=TFpPW4lmMqevynLjwvsuQw%3D%3D\" data-tracking-control-name=\"public_jobs_jserp-result_search-card\" data-tracking-client-ingraph data-tracking-will-navigate><\/p>\n<p>          <span class=\"sr-only\"><\/p>\n<p>        ASSISTENTE COMERCIAL &#8211; (VENDAS)<\/p>\n<p>          <\/span><br \/>\n        <\/a><\/p>\n<div class=\"search-entity-media\">\n<p>      <img class=\"artdeco-entity-image artdeco-entity-image--square-4\n          \" data-delayed-url=\"https:\/\/media.licdn.com\/dms\/image\/v2\/C4E0BAQHRv6sFMno5Vg\/company-logo_100_100\/company-logo_100_100\/0\/1677598091158?e=2147483647&amp;v=beta&amp;t=5GByoX3EOIr_0doFXNAhEE5jG3tW-5VuYr_N8yHoU38\" data-ghost-classes=\"artdeco-entity-image--ghost\" data-ghost-url=\"https:\/\/static.licdn.com\/aero-v1\/sc\/h\/6puxblwmhnodu6fjircz4dn4h\" alt><\/p><\/div>\n<div class=\"base-search-card__info\">\n<h3 class=\"base-search-card__title\">\n<p>        ASSISTENTE COMERCIAL &#8211; (VENDAS)<\/p>\n<\/h3>\n<h4 class=\"base-search-card__subtitle\">\n<p>          <a class=\"hidden-nested-link\" data-tracking-client-ingraph data-tracking-control-name=\"public_jobs_jserp-result_job-search-card-subtitle\" data-tracking-will-navigate href=\"https:\/\/br.linkedin.com\/company\/grupototalfar?trk=public_jobs_jserp-result_job-search-card-subtitle\"><br \/>\n            Grupo Total<br \/>\n          <\/a><\/p>\n<\/h4>\n<p><!----><\/p>\n<div class=\"base-search-card__metadata\">\n<p>          <span class=\"job-search-card__location\"><br \/>\n            Ribeir\u00e3o Preto, S\u00e3o Paulo, Brazil<br \/>\n          <\/span><\/p>\n<p><!---->  <\/p>\n<p>          <time class=\"job-search-card__listdate\" datetime=\"2025-06-05\"><\/p>\n<p>      2 months ago<\/p>\n<p>          <\/time><\/p>\n<p><!---->\n            <\/div>\n<\/p><\/div>\n<p><!---->      <\/p><\/div>\n<\/li>\n<\/ul>\n<div class=\"loader\">\n<div class=\"loader__container mb-2 overflow-hidden\">\n        <icon class=\"loader__icon inline-block loader__icon--default text-color-progress-loading\" data-delayed-url=\"https:\/\/static.licdn.com\/aero-v1\/sc\/h\/ddi43qwelxeqjxdd45pe3fvs1\" data-svg-class-name=\"loader__icon-svg--small fill-currentColor h-[30px] min-h-[30px] w-[30px] min-w-[30px]\"><\/icon>\n      <\/div>\n<\/p><\/div>\n<p>      <button aria-label=\"See more jobs\" class=\"infinite-scroller__show-more-button\" data-tracking-control-name=\"infinite-scroller_show-more\"><\/p>\n<p>                See more jobs<\/p>\n<p>      <\/button><\/p>\n<div class=\"px-1.5 flex inline-notification hidden text-color-signal-positive see-more-jobs__viewed-all\" role=\"alert\" type=\"success\">\n      <icon class=\"inline-notification__icon w-[20px] h-[20px] shrink-0 mr-[10px] inline-block\" data-delayed-url=\"https:\/\/static.licdn.com\/aero-v1\/sc\/h\/9zhm3eh2dq7vh2muo8xnfikxh\"><\/icon><\/p>\n<p class=\"inline-notification__text text-sm leading-regular\">\n        You&#8217;ve viewed all jobs for this search<br \/>\n<!---->      <\/p>\n<\/p><\/div>\n<p><!---->  <\/p>\n<\/section>\n<p>        <\/main><\/p>\n<div class='code-block code-block-4' style='margin: 8px auto 8px 0; text-align: left; display: block; clear: both;'>\n\ud83d\udce2 Aviso Legal\n\nO site ismaelcolosi.com.br atua apenas como um canal de divulga\u00e7\u00e3o de oportunidades de emprego e n\u00e3o se responsabiliza pelo processo seletivo, contrata\u00e7\u00e3o ou qualquer outra etapa relacionada \u00e0s vagas publicadas. Todas as informa\u00e7\u00f5es s\u00e3o de responsabilidade dos anunciantes.\n\n\u26a0\ufe0f Aten\u00e7\u00e3o! Nunca pague por promessas de emprego nem compre cursos que garantam contrata\u00e7\u00e3o. Desconfie de qualquer cobran\u00e7a para participar de sele\u00e7\u00f5es.\n\n\n\n<\/div>\n<!-- CONTENT END 1 -->\n","protected":false},"excerpt":{"rendered":"<p>Get notified about new Administrativo jobs in Ribeir\u00e3o Preto. Sign in to create job alert 144 Administrativo Jobs in Ribeir\u00e3o Preto Assistente Administrativo Assistente Administrativo&#8230;<\/p>\n","protected":false},"author":1,"featured_media":86919,"comment_status":"","ping_status":"open","sticky":false,"template":"","format":"standard","meta":{"_uag_custom_page_level_css":"","advanced_seo_description":"","jetpack_seo_html_title":"","jetpack_seo_noindex":false,"jetpack_post_was_ever_published":false,"_jetpack_newsletter_access":"","_jetpack_dont_email_post_to_subs":false,"_jetpack_newsletter_tier_id":0,"_jetpack_memberships_contains_paywalled_content":false,"_jetpack_memberships_contains_paid_content":false,"footnotes":"","jetpack_publicize_message":"","jetpack_publicize_feature_enabled":true,"jetpack_social_post_already_shared":true,"jetpack_social_options":{"image_generator_settings":{"template":"highway","default_image_id":0,"font":"","enabled":false},"version":2}},"categories":[7],"tags":[],"class_list":["post-86918","post","type-post","status-publish","format-standard","has-post-thumbnail","hentry","category-vagas-de-empregos-em-ribeirao-preto-regiao-brasil"],"jetpack_publicize_connections":[],"jetpack_featured_media_url":"https:\/\/i0.wp.com\/ismaelcolosi.com.br\/wp-content\/uploads\/2025\/08\/N25C325A3o-Me-Toque-oferece-Curso-de-Auxiliar-Administrativo-1.jpg?fit=687%2C370&ssl=1","uagb_featured_image_src":{"full":["https:\/\/i0.wp.com\/ismaelcolosi.com.br\/wp-content\/uploads\/2025\/08\/N25C325A3o-Me-Toque-oferece-Curso-de-Auxiliar-Administrativo-1.jpg?fit=687%2C370&ssl=1",687,370,false],"thumbnail":["https:\/\/i0.wp.com\/ismaelcolosi.com.br\/wp-content\/uploads\/2025\/08\/N25C325A3o-Me-Toque-oferece-Curso-de-Auxiliar-Administrativo-1.jpg?resize=150%2C150&ssl=1",150,150,true],"medium":["https:\/\/i0.wp.com\/ismaelcolosi.com.br\/wp-content\/uploads\/2025\/08\/N25C325A3o-Me-Toque-oferece-Curso-de-Auxiliar-Administrativo-1.jpg?fit=300%2C162&ssl=1",300,162,true],"medium_large":["https:\/\/i0.wp.com\/ismaelcolosi.com.br\/wp-content\/uploads\/2025\/08\/N25C325A3o-Me-Toque-oferece-Curso-de-Auxiliar-Administrativo-1.jpg?fit=687%2C370&ssl=1",687,370,true],"large":["https:\/\/i0.wp.com\/ismaelcolosi.com.br\/wp-content\/uploads\/2025\/08\/N25C325A3o-Me-Toque-oferece-Curso-de-Auxiliar-Administrativo-1.jpg?fit=687%2C370&ssl=1",687,370,true],"1536x1536":["https:\/\/i0.wp.com\/ismaelcolosi.com.br\/wp-content\/uploads\/2025\/08\/N25C325A3o-Me-Toque-oferece-Curso-de-Auxiliar-Administrativo-1.jpg?fit=687%2C370&ssl=1",687,370,true],"2048x2048":["https:\/\/i0.wp.com\/ismaelcolosi.com.br\/wp-content\/uploads\/2025\/08\/N25C325A3o-Me-Toque-oferece-Curso-de-Auxiliar-Administrativo-1.jpg?fit=687%2C370&ssl=1",687,370,true],"really-simple-thumb":["https:\/\/i0.wp.com\/ismaelcolosi.com.br\/wp-content\/uploads\/2025\/08\/N25C325A3o-Me-Toque-oferece-Curso-de-Auxiliar-Administrativo-1.jpg?resize=370%2C247&ssl=1",370,247,true]},"uagb_author_info":{"display_name":"ismaelcolosi.com.br","author_link":"https:\/\/ismaelcolosi.com.br\/index.php\/author\/vidareal-online\/"},"uagb_comment_info":0,"uagb_excerpt":"Get notified about new Administrativo jobs in Ribeir\u00e3o Preto. Sign in to create job alert 144 Administrativo Jobs in Ribeir\u00e3o Preto Assistente Administrativo Assistente Administrativo...","jetpack-related-posts":[{"id":89329,"url":"https:\/\/ismaelcolosi.com.br\/index.php\/2026\/02\/28\/confira-10-vagas-de-auxiliar-administrativo-em-ribeirao-preto-sp-6\/","url_meta":{"origin":86918,"position":0},"title":"Confira 10 Vagas de Auxiliar Administrativo em Ribeir\u00e3o Preto, SP","author":"ismaelcolosi.com.br","date":"28 de February de 2026","format":false,"excerpt":"Assistente Administrativo Assistente Administrativo - Ribeir\u00e3o Preto Auxiliar Administrativo C\u00f3d. 421 | Auxiliar Administrativo - Riber Seguros Aux Administrativo (Banco de Sangue Ribeir\u00e3o Preto) Analista Administrativo Jr - Ribeir\u00e3o Preto SP Auxiliar Administrativo | Ribeir\u00e3o Preto | (Banco de Talentos) Auxiliar Administrativo | Ribeir\u00e3o Preto | (Banco de Talentos) Auxiliar\u2026","rel":"","context":"In &quot;Vagas de Emprego em Ribeir\u00e3o Preto-SP&quot;","block_context":{"text":"Vagas de Emprego em Ribeir\u00e3o Preto-SP","link":"https:\/\/ismaelcolosi.com.br\/index.php\/category\/empregos-classificados-vagas-trabalho\/vagas-de-empregos-em-ribeirao-preto-regiao-brasil\/"},"img":{"alt_text":"","src":"https:\/\/i0.wp.com\/ismaelcolosi.com.br\/wp-content\/uploads\/2026\/02\/N25C325A3o-Me-Toque-oferece-Curso-de-Auxiliar-Administrativo-1.jpg?fit=687%2C370&ssl=1&resize=350%2C200","width":350,"height":200,"srcset":"https:\/\/i0.wp.com\/ismaelcolosi.com.br\/wp-content\/uploads\/2026\/02\/N25C325A3o-Me-Toque-oferece-Curso-de-Auxiliar-Administrativo-1.jpg?fit=687%2C370&ssl=1&resize=350%2C200 1x, https:\/\/i0.wp.com\/ismaelcolosi.com.br\/wp-content\/uploads\/2026\/02\/N25C325A3o-Me-Toque-oferece-Curso-de-Auxiliar-Administrativo-1.jpg?fit=687%2C370&ssl=1&resize=525%2C300 1.5x"},"classes":[]},{"id":88705,"url":"https:\/\/ismaelcolosi.com.br\/index.php\/2026\/01\/01\/confira-10-vagas-de-auxiliar-administrativo-em-ribeirao-preto-sp-4\/","url_meta":{"origin":86918,"position":1},"title":"Confira 10 Vagas de Auxiliar Administrativo em Ribeir\u00e3o Preto, SP","author":"ismaelcolosi.com.br","date":"1 de January de 2026","format":false,"excerpt":"Assistente Administrativo Auxiliar Administrativo - Riber Seguros - SP Auxiliar Administrativo Auxiliar administrativo Auxiliar Administrativo - Ribeir\u00e3o Preto Secret\u00e1ria Jur\u00eddica Aux Administrativo (Banco de Sangue Ribeir\u00e3o Preto) Aux Administrativo (Banco de Sangue Ribeir\u00e3o Preto) ANALISTA ADMINISTRATIVO JR Auxiliar Administrativo C\u00f3d. 348 | Auxiliar Administrativo - Riber Seguros","rel":"","context":"In &quot;Vagas de Emprego em Ribeir\u00e3o Preto-SP&quot;","block_context":{"text":"Vagas de Emprego em Ribeir\u00e3o Preto-SP","link":"https:\/\/ismaelcolosi.com.br\/index.php\/category\/empregos-classificados-vagas-trabalho\/vagas-de-empregos-em-ribeirao-preto-regiao-brasil\/"},"img":{"alt_text":"","src":"https:\/\/i0.wp.com\/ismaelcolosi.com.br\/wp-content\/uploads\/2026\/01\/N25C325A3o-Me-Toque-oferece-Curso-de-Auxiliar-Administrativo-1.jpg?fit=687%2C370&ssl=1&resize=350%2C200","width":350,"height":200,"srcset":"https:\/\/i0.wp.com\/ismaelcolosi.com.br\/wp-content\/uploads\/2026\/01\/N25C325A3o-Me-Toque-oferece-Curso-de-Auxiliar-Administrativo-1.jpg?fit=687%2C370&ssl=1&resize=350%2C200 1x, https:\/\/i0.wp.com\/ismaelcolosi.com.br\/wp-content\/uploads\/2026\/01\/N25C325A3o-Me-Toque-oferece-Curso-de-Auxiliar-Administrativo-1.jpg?fit=687%2C370&ssl=1&resize=525%2C300 1.5x"},"classes":[]},{"id":90052,"url":"https:\/\/ismaelcolosi.com.br\/index.php\/2026\/04\/27\/confira-10-vagas-de-auxiliar-administrativo-em-ribeirao-preto-sp-7\/","url_meta":{"origin":86918,"position":2},"title":"Confira 10 Vagas de Auxiliar Administrativo em Ribeir\u00e3o Preto, SP","author":"ismaelcolosi.com.br","date":"27 de April de 2026","format":false,"excerpt":"Assistente Administrativo Assistente Administrativo Assistente Administrativo Auxiliar Administrativo - Facilities Assistente Administrativo Auxiliar administrativo Auxiliar Administrativo | Ribeir\u00e3o Preto | (Banco de Talentos) Auxiliar Administrativo | Ribeir\u00e3o Preto | (Banco de Talentos) Assistente Administrativo - Corretora de Seguros Sicoob SP Analista Administrativo Assistente Administrativo","rel":"","context":"In &quot;Vagas de Emprego em Ribeir\u00e3o Preto-SP&quot;","block_context":{"text":"Vagas de Emprego em Ribeir\u00e3o Preto-SP","link":"https:\/\/ismaelcolosi.com.br\/index.php\/category\/empregos-classificados-vagas-trabalho\/vagas-de-empregos-em-ribeirao-preto-regiao-brasil\/"},"img":{"alt_text":"","src":"https:\/\/i0.wp.com\/ismaelcolosi.com.br\/wp-content\/uploads\/2026\/04\/N25C325A3o-Me-Toque-oferece-Curso-de-Auxiliar-Administrativo-1.jpg?fit=687%2C370&ssl=1&resize=350%2C200","width":350,"height":200,"srcset":"https:\/\/i0.wp.com\/ismaelcolosi.com.br\/wp-content\/uploads\/2026\/04\/N25C325A3o-Me-Toque-oferece-Curso-de-Auxiliar-Administrativo-1.jpg?fit=687%2C370&ssl=1&resize=350%2C200 1x, https:\/\/i0.wp.com\/ismaelcolosi.com.br\/wp-content\/uploads\/2026\/04\/N25C325A3o-Me-Toque-oferece-Curso-de-Auxiliar-Administrativo-1.jpg?fit=687%2C370&ssl=1&resize=525%2C300 1.5x"},"classes":[]},{"id":87816,"url":"https:\/\/ismaelcolosi.com.br\/index.php\/2025\/10\/02\/confira-10-vagas-de-auxiliar-administrativo-em-ribeirao-preto-sp\/","url_meta":{"origin":86918,"position":3},"title":"Confira 10 Vagas de Auxiliar Administrativo em Ribeir\u00e3o Preto, SP","author":"ismaelcolosi.com.br","date":"2 de October de 2025","format":false,"excerpt":"Assistente Administrativo Secret\u00e1ria Administrativa Analista Administrativo Auxiliar Administrativo - 2 Turno AUX. ADMINISTRATIVO MESA DE OPERA\u00c7\u00d5ES Auxiliar administrativo Auxiliar Administrativo | Ribeir\u00e3o Preto | (Banco de Talentos) Auxiliar Administrativo | Ribeir\u00e3o Preto | (Banco de Talentos) Assistente Administrativo AUXILIAR OPERACIONAL\/ADMINISTRATIVO Auxiliar administrativo - SP","rel":"","context":"In &quot;Vagas de Emprego em Ribeir\u00e3o Preto-SP&quot;","block_context":{"text":"Vagas de Emprego em Ribeir\u00e3o Preto-SP","link":"https:\/\/ismaelcolosi.com.br\/index.php\/category\/empregos-classificados-vagas-trabalho\/vagas-de-empregos-em-ribeirao-preto-regiao-brasil\/"},"img":{"alt_text":"","src":"https:\/\/i0.wp.com\/ismaelcolosi.com.br\/wp-content\/uploads\/2025\/10\/N25C325A3o-Me-Toque-oferece-Curso-de-Auxiliar-Administrativo-1.jpg?fit=687%2C370&ssl=1&resize=350%2C200","width":350,"height":200,"srcset":"https:\/\/i0.wp.com\/ismaelcolosi.com.br\/wp-content\/uploads\/2025\/10\/N25C325A3o-Me-Toque-oferece-Curso-de-Auxiliar-Administrativo-1.jpg?fit=687%2C370&ssl=1&resize=350%2C200 1x, https:\/\/i0.wp.com\/ismaelcolosi.com.br\/wp-content\/uploads\/2025\/10\/N25C325A3o-Me-Toque-oferece-Curso-de-Auxiliar-Administrativo-1.jpg?fit=687%2C370&ssl=1&resize=525%2C300 1.5x"},"classes":[]},{"id":89014,"url":"https:\/\/ismaelcolosi.com.br\/index.php\/2026\/01\/30\/confira-10-vagas-de-auxiliar-administrativo-em-ribeirao-preto-sp-5\/","url_meta":{"origin":86918,"position":4},"title":"Confira 10 Vagas de Auxiliar Administrativo em Ribeir\u00e3o Preto, SP","author":"ismaelcolosi.com.br","date":"30 de January de 2026","format":false,"excerpt":"Auxiliar Administrativo Auxiliar administrativo Auxiliar Administrativo - Riber Seguros Auxiliar Administrativo Secret\u00e1ria Jur\u00eddica Auxiliar Administrativo | Ribeir\u00e3o Preto | (Banco de Talentos) Aux Administrativo (Banco de Sangue Ribeir\u00e3o Preto) Aux Administrativo (Banco de Sangue Ribeir\u00e3o Preto) Auxiliar Administrativo - Ribeir\u00e3o Preto Auxiliar administrativo | Atendimento ao Cliente Auxiliar Administrativo (Cobran\u00e7a\/Negocia\u00e7\u00e3o)\u2026","rel":"","context":"In &quot;Vagas de Emprego em Ribeir\u00e3o Preto-SP&quot;","block_context":{"text":"Vagas de Emprego em Ribeir\u00e3o Preto-SP","link":"https:\/\/ismaelcolosi.com.br\/index.php\/category\/empregos-classificados-vagas-trabalho\/vagas-de-empregos-em-ribeirao-preto-regiao-brasil\/"},"img":{"alt_text":"","src":"https:\/\/i0.wp.com\/ismaelcolosi.com.br\/wp-content\/uploads\/2026\/01\/1769778595_N25C325A3o-Me-Toque-oferece-Curso-de-Auxiliar-Administrativo-1.jpg?fit=687%2C370&ssl=1&resize=350%2C200","width":350,"height":200,"srcset":"https:\/\/i0.wp.com\/ismaelcolosi.com.br\/wp-content\/uploads\/2026\/01\/1769778595_N25C325A3o-Me-Toque-oferece-Curso-de-Auxiliar-Administrativo-1.jpg?fit=687%2C370&ssl=1&resize=350%2C200 1x, https:\/\/i0.wp.com\/ismaelcolosi.com.br\/wp-content\/uploads\/2026\/01\/1769778595_N25C325A3o-Me-Toque-oferece-Curso-de-Auxiliar-Administrativo-1.jpg?fit=687%2C370&ssl=1&resize=525%2C300 1.5x"},"classes":[]},{"id":88363,"url":"https:\/\/ismaelcolosi.com.br\/index.php\/2025\/12\/03\/confira-10-vagas-de-auxiliar-administrativo-em-ribeirao-preto-sp-3\/","url_meta":{"origin":86918,"position":5},"title":"Confira 10 Vagas de Auxiliar Administrativo em Ribeir\u00e3o Preto, SP","author":"ismaelcolosi.com.br","date":"3 de December de 2025","format":false,"excerpt":"Auxiliar Administrativo Assistente Administrativo Aux Administrativo (Banco de Sangue Ribeir\u00e3o Preto) Auxiliar Administrativo Produ\u00e7\u00e3o Analista Administrativo Junior Secret\u00e1ria Jur\u00eddica Auxiliar Administrativo | Ribeir\u00e3o Preto | (Banco de Talentos) Auxiliar Administrativo | Ribeir\u00e3o Preto | (Banco de Talentos) Analista Administrativo Pleno Auxiliar Administrativo Auxiliar administrativo","rel":"","context":"In &quot;Vagas de Emprego em Ribeir\u00e3o Preto-SP&quot;","block_context":{"text":"Vagas de Emprego em Ribeir\u00e3o Preto-SP","link":"https:\/\/ismaelcolosi.com.br\/index.php\/category\/empregos-classificados-vagas-trabalho\/vagas-de-empregos-em-ribeirao-preto-regiao-brasil\/"},"img":{"alt_text":"","src":"https:\/\/i0.wp.com\/ismaelcolosi.com.br\/wp-content\/uploads\/2025\/12\/N25C325A3o-Me-Toque-oferece-Curso-de-Auxiliar-Administrativo-1.jpg?fit=687%2C370&ssl=1&resize=350%2C200","width":350,"height":200,"srcset":"https:\/\/i0.wp.com\/ismaelcolosi.com.br\/wp-content\/uploads\/2025\/12\/N25C325A3o-Me-Toque-oferece-Curso-de-Auxiliar-Administrativo-1.jpg?fit=687%2C370&ssl=1&resize=350%2C200 1x, https:\/\/i0.wp.com\/ismaelcolosi.com.br\/wp-content\/uploads\/2025\/12\/N25C325A3o-Me-Toque-oferece-Curso-de-Auxiliar-Administrativo-1.jpg?fit=687%2C370&ssl=1&resize=525%2C300 1.5x"},"classes":[]}],"jetpack_sharing_enabled":true,"jetpack_shortlink":"https:\/\/wp.me\/pfMlyK-mBU","_links":{"self":[{"href":"https:\/\/ismaelcolosi.com.br\/index.php\/wp-json\/wp\/v2\/posts\/86918","targetHints":{"allow":["GET"]}}],"collection":[{"href":"https:\/\/ismaelcolosi.com.br\/index.php\/wp-json\/wp\/v2\/posts"}],"about":[{"href":"https:\/\/ismaelcolosi.com.br\/index.php\/wp-json\/wp\/v2\/types\/post"}],"author":[{"embeddable":true,"href":"https:\/\/ismaelcolosi.com.br\/index.php\/wp-json\/wp\/v2\/users\/1"}],"replies":[{"embeddable":true,"href":"https:\/\/ismaelcolosi.com.br\/index.php\/wp-json\/wp\/v2\/comments?post=86918"}],"version-history":[{"count":0,"href":"https:\/\/ismaelcolosi.com.br\/index.php\/wp-json\/wp\/v2\/posts\/86918\/revisions"}],"wp:featuredmedia":[{"embeddable":true,"href":"https:\/\/ismaelcolosi.com.br\/index.php\/wp-json\/wp\/v2\/media\/86919"}],"wp:attachment":[{"href":"https:\/\/ismaelcolosi.com.br\/index.php\/wp-json\/wp\/v2\/media?parent=86918"}],"wp:term":[{"taxonomy":"category","embeddable":true,"href":"https:\/\/ismaelcolosi.com.br\/index.php\/wp-json\/wp\/v2\/categories?post=86918"},{"taxonomy":"post_tag","embeddable":true,"href":"https:\/\/ismaelcolosi.com.br\/index.php\/wp-json\/wp\/v2\/tags?post=86918"}],"curies":[{"name":"wp","href":"https:\/\/api.w.org\/{rel}","templated":true}]}}