{"id":86916,"date":"2025-08-04T14:04:16","date_gmt":"2025-08-04T17:04:16","guid":{"rendered":"https:\/\/ismaelcolosi.com.br\/index.php\/2025\/08\/04\/harley-davidson-nomeia-arthur-starrs-como-ceo\/"},"modified":"2025-08-04T14:04:16","modified_gmt":"2025-08-04T17:04:16","slug":"harley-davidson-nomeia-arthur-starrs-como-ceo","status":"publish","type":"post","link":"https:\/\/ismaelcolosi.com.br\/index.php\/2025\/08\/04\/harley-davidson-nomeia-arthur-starrs-como-ceo\/","title":{"rendered":"Harley-Davidson Nomeia Arthur Starrs Como CEO"},"content":{"rendered":"<p> <br \/>\n<\/p>\n<div id=\"post-703174\">&#13;<\/p>\n<header>&#13;<\/p><div class='code-block code-block-8' style='margin: 8px auto; text-align: center; display: block; clear: both;'>\n<script>\n  atOptions = {\n    'key' : '66e2e2111ca34da796271819fc334058',\n    'format' : 'iframe',\n    'height' : 250,\n    'width' : 300,\n    'params' : {}\n  };\n<\/script>\n<script src=\"https:\/\/www.highperformanceformat.com\/66e2e2111ca34da796271819fc334058\/invoke.js\"><\/script>\n<\/div>\n\n<p>&#13;<\/p>\n<h2 class=\"post__excerpt\">&#13;<br \/>\n            Presidente-executivo da Topgolf suceder\u00e1 Jochen Zeitz na lideran\u00e7a da fabricante de motocicletas    <\/h2>\n<\/p>\n<p>&#13;<br \/>\n\t\t\t\t\t\t&#13;<br \/>\n\t\t\t\t\t<\/header>\n<p>&#13;<\/p>\n<div class=\"entry-content\">\n<figure class=\"destaque wp-caption\">&#13;<br \/>\n\t\t<img data-recalc-dims=\"1\" width=\"678\" height=\"452\" src=\"https:\/\/i0.wp.com\/forbes.com.br\/wp-content\/uploads\/2025\/08\/Harley-Davidson-nomeia-Arthur-Starrs-como-CEO-forbes-768x512.jpg?resize=678%2C452&#038;ssl=1\" class=\"attachment-medium_large size-medium_large wp-post-image\" alt=\"logotipo do fabricante americano de motocicletas Harley-Davidson \u00e9 visto em uma concession\u00e1ria Harley-Davidson em Paris, Fran\u00e7a\" decoding=\"async\" fetchpriority=\"high\"\/>\t\t<\/p>\n<p>REUTERS\/Gonzalo Fuentes<\/p>\n<p>&#13;<figcaption class=\"wp-caption-text\">Logotipo do fabricante americano de motocicletas Harley-Davidson<\/figcaption>&#13;<br \/>\n\t<\/figure>\n<div class=\"accessibility\">\n<p>Acessibilidade<\/p>\n<p>&#13;<br \/>\n\t\t\t<button onclick=\"alterFont1()\" id=\"btn1\" class=\"btn\">L<\/button>&#13;<br \/>\n\t\t\t<button onclick=\"alterFont2()\" id=\"btn2\" class=\"btn\" style=\"font-family:Merriweather\">L<\/button>&#13;<br \/>\n\t\t\t<button onclick=\"alterFontSmallerSize()\" id=\"btn3\" class=\"btn\">A-<\/button>&#13;<br \/>\n\t\t\t<button onclick=\"alterFontBiggerSize()\" id=\"btn4\" class=\"btn\">A+<\/button>&#13;<br \/>\n\t\t\t<!--<button onclick='alterFontBolder()' id='btn5' class=\"btn\" >B<\/button>-->&#13;<br \/>\n\t\t\t<button onclick=\"alterBackground()\" id=\"btn6\" class=\"btn\">\u25d0<\/button>&#13;<br \/>\n\t\t\t<!--<button onclick='clean()' id='btn7' class=\"btn\" >Limpar<\/button>-->&#13;\n\t\t<\/p>\n<\/p><\/div>\n<p>A <strong>Harley-Davidson<\/strong> disse nesta segunda-feira (4) que o presidente-executivo da Topgolf, <strong>Arthur Starrs<\/strong>, suceder\u00e1 Jochen Zeitz como CEO, para ajudar a conduzir a famosa fabricante de motocicletas atrav\u00e9s das tarifas dos EUA e da desacelera\u00e7\u00e3o da demanda por suas motos cruiser.<\/p>\n<p>Starrs, atualmente no comando da empresa de entretenimento esportivo Topgolf International, assume a lideran\u00e7a da Harley enquanto o setor enfrenta press\u00f5es de custo sobre pe\u00e7as e componentes importados devido \u00e0s amplas tarifas impostas pelo presidente dos EUA, Donald Trump.<\/p>\n<aside>\n<h2>Leia tamb\u00e9m<\/h2>\n<\/aside>\n<p>A demanda por ve\u00edculos de lazer est\u00e1 em decl\u00ednio nos Estados Unidos, com os consumidores repensando as compras n\u00e3o essenciais em meio \u00e0s incertezas econ\u00f4micas.<\/p>\n<p>A Harley tamb\u00e9m tem se esfor\u00e7ado para conquistar os motociclistas mais jovens, que preferem modelos mais econ\u00f4micos em termos de combust\u00edvel e com modernos recursos de seguran\u00e7a.<\/p>\n<p>No in\u00edcio deste ano, o investidor ativista H Partners prop\u00f4s a remo\u00e7\u00e3o de tr\u00eas diretores da Harley, incluindo o presidente-executivo Zeitz, criticando a empresa pelo decl\u00ednio das vendas e pela queda do pre\u00e7o das a\u00e7\u00f5es. A Harley derrotou a proposta por meio de uma vota\u00e7\u00e3o dos acionistas.<\/p>\n<p>Zeitz permanecer\u00e1 como consultor s\u00eanior at\u00e9 fevereiro de 2026. A empresa havia anunciado em abril que ele planejava deixar o cargo no final deste ano.<\/p>\n<p>As a\u00e7\u00f5es da Harley subiram mais de 1% no in\u00edcio do preg\u00e3o.<\/p>\n<p>Starrs, que come\u00e7ar\u00e1 a ocupar o cargo mais alto ainda este ano, ocupou anteriormente cargos de lideran\u00e7a na Pizza Hut e na Topgolf, uma unidade da Topgolf Callaway Brands.<\/p>\n<aside>\n<h2>Escolhas do editor<\/h2>\n<\/aside>\n<div class=\"follow-us\">Siga o canal da <a href=\"https:\/\/whatsapp.com\/channel\/0029VaAZk57JuyA9F4UwQc2I\" target=\"_blank\" rel=\"noopener noreferrer nofollow\" title=\"Grupo da Forbes Money no WhatsApp\">Forbes Money<\/a> no WhatsApp e receba as principais not\u00edcias de economia e mercado financeiro.<\/div>\n<\/p><\/div>\n<p>&#13;<br \/>\n\t\t\t\t\t \t\t\t\t\t  &#13;\n\t\t\t\t<\/p><\/div>\n<p><script data-debloat-delay=\"1\" type=\"text\/debloat-script\">\n\t\t\t\t(function(d, s, id){\n\t\t\t\t\tvar js, fjs = d.getElementsByTagName(s)[0];\n\t\t\t\t\tif (d.getElementById(id)) return;\n\t\t\t\t\tjs = d.createElement(s); js.id = id;\n\t\t\t\t\tjs.src = \"\/\/connect.facebook.net\/pt_BR\/sdk.js#xfbml=1&version=v2.9\";\n\t\t\t\t\tfjs.parentNode.insertBefore(js, fjs);\n\t\t\t\t}(document, 'script', 'facebook-jssdk'));\n\t\t\t<\/script><br \/>\n<br \/><br \/>\n<br \/><a href=\"https:\/\/forbes.com.br\/carreira\/2025\/08\/harley-davidson-nomeia-arthur-starrs-como-ceo\/\">Source link <\/a><\/p>\n<div class='code-block code-block-4' style='margin: 8px auto 8px 0; text-align: left; display: block; clear: both;'>\n\ud83d\udce2 Aviso Legal\n\nO site ismaelcolosi.com.br atua apenas como um canal de divulga\u00e7\u00e3o de oportunidades de emprego e n\u00e3o se responsabiliza pelo processo seletivo, contrata\u00e7\u00e3o ou qualquer outra etapa relacionada \u00e0s vagas publicadas. Todas as informa\u00e7\u00f5es s\u00e3o de responsabilidade dos anunciantes.\n\n\u26a0\ufe0f Aten\u00e7\u00e3o! Nunca pague por promessas de emprego nem compre cursos que garantam contrata\u00e7\u00e3o. Desconfie de qualquer cobran\u00e7a para participar de sele\u00e7\u00f5es.\n\n\n\n<\/div>\n<!-- CONTENT END 1 -->\n","protected":false},"excerpt":{"rendered":"<p>&#13; &#13; &#13; &#13; Presidente-executivo da Topgolf suceder\u00e1 Jochen Zeitz na lideran\u00e7a da fabricante de motocicletas &#13; &#13; &#13; &#13; REUTERS\/Gonzalo Fuentes &#13;Logotipo do fabricante&#8230;<\/p>\n","protected":false},"author":1,"featured_media":86917,"comment_status":"","ping_status":"open","sticky":false,"template":"","format":"standard","meta":{"_uag_custom_page_level_css":"","advanced_seo_description":"","jetpack_seo_html_title":"","jetpack_seo_noindex":false,"jetpack_post_was_ever_published":false,"_jetpack_newsletter_access":"","_jetpack_dont_email_post_to_subs":false,"_jetpack_newsletter_tier_id":0,"_jetpack_memberships_contains_paywalled_content":false,"_jetpack_memberships_contains_paid_content":false,"footnotes":"","jetpack_publicize_message":"","jetpack_publicize_feature_enabled":true,"jetpack_social_post_already_shared":true,"jetpack_social_options":{"image_generator_settings":{"template":"highway","default_image_id":0,"font":"","enabled":false},"version":2}},"categories":[1964],"tags":[],"class_list":["post-86916","post","type-post","status-publish","format-standard","has-post-thumbnail","hentry","category-carreira-e-sucesso-dicas-para-carreira"],"jetpack_publicize_connections":[],"jetpack_featured_media_url":"https:\/\/i0.wp.com\/ismaelcolosi.com.br\/wp-content\/uploads\/2025\/08\/Harley-Davidson-nomeia-Arthur-Starrs-como-CEO-forbes-1200x675.jpg?fit=1200%2C675&ssl=1","uagb_featured_image_src":{"full":["https:\/\/i0.wp.com\/ismaelcolosi.com.br\/wp-content\/uploads\/2025\/08\/Harley-Davidson-nomeia-Arthur-Starrs-como-CEO-forbes-1200x675.jpg?fit=1200%2C675&ssl=1",1200,675,false],"thumbnail":["https:\/\/i0.wp.com\/ismaelcolosi.com.br\/wp-content\/uploads\/2025\/08\/Harley-Davidson-nomeia-Arthur-Starrs-como-CEO-forbes-1200x675.jpg?resize=150%2C150&ssl=1",150,150,true],"medium":["https:\/\/i0.wp.com\/ismaelcolosi.com.br\/wp-content\/uploads\/2025\/08\/Harley-Davidson-nomeia-Arthur-Starrs-como-CEO-forbes-1200x675.jpg?fit=300%2C169&ssl=1",300,169,true],"medium_large":["https:\/\/i0.wp.com\/ismaelcolosi.com.br\/wp-content\/uploads\/2025\/08\/Harley-Davidson-nomeia-Arthur-Starrs-como-CEO-forbes-1200x675.jpg?fit=768%2C432&ssl=1",768,432,true],"large":["https:\/\/i0.wp.com\/ismaelcolosi.com.br\/wp-content\/uploads\/2025\/08\/Harley-Davidson-nomeia-Arthur-Starrs-como-CEO-forbes-1200x675.jpg?fit=1024%2C576&ssl=1",1024,576,true],"1536x1536":["https:\/\/i0.wp.com\/ismaelcolosi.com.br\/wp-content\/uploads\/2025\/08\/Harley-Davidson-nomeia-Arthur-Starrs-como-CEO-forbes-1200x675.jpg?fit=1200%2C675&ssl=1",1200,675,true],"2048x2048":["https:\/\/i0.wp.com\/ismaelcolosi.com.br\/wp-content\/uploads\/2025\/08\/Harley-Davidson-nomeia-Arthur-Starrs-como-CEO-forbes-1200x675.jpg?fit=1200%2C675&ssl=1",1200,675,true],"really-simple-thumb":["https:\/\/i0.wp.com\/ismaelcolosi.com.br\/wp-content\/uploads\/2025\/08\/Harley-Davidson-nomeia-Arthur-Starrs-como-CEO-forbes-1200x675.jpg?resize=370%2C247&ssl=1",370,247,true]},"uagb_author_info":{"display_name":"ismaelcolosi.com.br","author_link":"https:\/\/ismaelcolosi.com.br\/index.php\/author\/vidareal-online\/"},"uagb_comment_info":0,"uagb_excerpt":"&#13; &#13; &#13; &#13; Presidente-executivo da Topgolf suceder\u00e1 Jochen Zeitz na lideran\u00e7a da fabricante de motocicletas &#13; &#13; &#13; &#13; REUTERS\/Gonzalo Fuentes &#13;Logotipo do fabricante...","jetpack-related-posts":[{"id":86702,"url":"https:\/\/ismaelcolosi.com.br\/index.php\/2025\/07\/20\/7-grandes-empresas-fundadas-por-amigos\/","url_meta":{"origin":86916,"position":0},"title":"7 Grandes Empresas Fundadas por Amigos","author":"ismaelcolosi.com.br","date":"20 de July de 2025","format":false,"excerpt":"\r Kim Kulish\/Corbis via Getty Images\r Larry Page e Sergey Brin fundaram o Google em uma pequena garagem em Menlo Park, Calif\u00f3rnia, ap\u00f3s serem colegas na Universidade de Stanford\r Acessibilidade \r L\r L\r A-\r A+\r \r \u25d0\r \r Empreender nunca \u00e9 simples, mas ter um cofundador pode tornar o caminho\u2026","rel":"","context":"In &quot;Carreira e Sucesso&quot;","block_context":{"text":"Carreira e Sucesso","link":"https:\/\/ismaelcolosi.com.br\/index.php\/category\/carreira-e-sucesso-dicas-para-carreira\/"},"img":{"alt_text":"","src":"https:\/\/i0.wp.com\/ismaelcolosi.com.br\/wp-content\/uploads\/2025\/07\/careira-fundadores-google-1200x675.jpg?fit=1200%2C675&ssl=1&resize=350%2C200","width":350,"height":200,"srcset":"https:\/\/i0.wp.com\/ismaelcolosi.com.br\/wp-content\/uploads\/2025\/07\/careira-fundadores-google-1200x675.jpg?fit=1200%2C675&ssl=1&resize=350%2C200 1x, https:\/\/i0.wp.com\/ismaelcolosi.com.br\/wp-content\/uploads\/2025\/07\/careira-fundadores-google-1200x675.jpg?fit=1200%2C675&ssl=1&resize=525%2C300 1.5x, https:\/\/i0.wp.com\/ismaelcolosi.com.br\/wp-content\/uploads\/2025\/07\/careira-fundadores-google-1200x675.jpg?fit=1200%2C675&ssl=1&resize=700%2C400 2x, https:\/\/i0.wp.com\/ismaelcolosi.com.br\/wp-content\/uploads\/2025\/07\/careira-fundadores-google-1200x675.jpg?fit=1200%2C675&ssl=1&resize=1050%2C600 3x"},"classes":[]},{"id":84981,"url":"https:\/\/ismaelcolosi.com.br\/index.php\/2025\/04\/29\/confira-100-vagas-de-auxiliar-administrativo-em-ribeirao-preto-sp-16\/","url_meta":{"origin":86916,"position":1},"title":"Confira 100 Vagas de Auxiliar Administrativo em Ribeir\u00e3o Preto, SP","author":"ismaelcolosi.com.br","date":"29 de April de 2025","format":false,"excerpt":"Get notified about new Administrativo jobs in Ribeir\u00e3o Preto. Sign in to create job alert 188 Administrativo Jobs in Ribeir\u00e3o Preto Assistente Despesas de Viagem Assistente Despesas de Viagem ADM Ribeir\u00e3o Preto, S\u00e3o Paulo, Brazil Actively Hiring 4 days ago Auxiliar administrativo Auxiliar administrativo Santa Em\u00edlia Caminh\u00f5es e \u00d4nibus Greater\u2026","rel":"","context":"In &quot;Vagas de Emprego em Ribeir\u00e3o Preto-SP&quot;","block_context":{"text":"Vagas de Emprego em Ribeir\u00e3o Preto-SP","link":"https:\/\/ismaelcolosi.com.br\/index.php\/category\/empregos-classificados-vagas-trabalho\/vagas-de-empregos-em-ribeirao-preto-regiao-brasil\/"},"img":{"alt_text":"","src":"https:\/\/i0.wp.com\/ismaelcolosi.com.br\/wp-content\/uploads\/2025\/04\/1745970457_N25C325A3o-Me-Toque-oferece-Curso-de-Auxiliar-Administrativo-1.jpg?fit=687%2C370&ssl=1&resize=350%2C200","width":350,"height":200,"srcset":"https:\/\/i0.wp.com\/ismaelcolosi.com.br\/wp-content\/uploads\/2025\/04\/1745970457_N25C325A3o-Me-Toque-oferece-Curso-de-Auxiliar-Administrativo-1.jpg?fit=687%2C370&ssl=1&resize=350%2C200 1x, https:\/\/i0.wp.com\/ismaelcolosi.com.br\/wp-content\/uploads\/2025\/04\/1745970457_N25C325A3o-Me-Toque-oferece-Curso-de-Auxiliar-Administrativo-1.jpg?fit=687%2C370&ssl=1&resize=525%2C300 1.5x"},"classes":[]},{"id":41877,"url":"https:\/\/ismaelcolosi.com.br\/index.php\/2024\/03\/11\/producao-de-motos-sobe-148-em-fevereiro\/","url_meta":{"origin":86916,"position":2},"title":"Produ\u00e7\u00e3o de motos sobe 14,8% em fevereiro","author":"ismaelcolosi.com.br","date":"11 de March de 2024","format":false,"excerpt":"A produ\u00e7\u00e3o de motos em fevereiro teve crescimento de 14,8% na compara\u00e7\u00e3o com o mesmo m\u00eas do ano passado, somando 139,8 mil unidades. Foi o melhor resultado para o m\u00eas em dez anos. Frente a janeiro, por\u00e9m, houve queda de 1% na produ\u00e7\u00e3o de motocicletasO balan\u00e7o foi divulgado nesta segunda-feira,\u2026","rel":"","context":"In &quot;Not\u00edcias de Ribeir\u00e3o Preto-SP e Regi\u00e3o&quot;","block_context":{"text":"Not\u00edcias de Ribeir\u00e3o Preto-SP e Regi\u00e3o","link":"https:\/\/ismaelcolosi.com.br\/index.php\/category\/noticias-de-ribeirao-preto-sp-e-regiao-ismael-colosi\/"},"img":{"alt_text":"","src":"https:\/\/i0.wp.com\/ismaelcolosi.com.br\/wp-content\/uploads\/2024\/03\/57a428d3-8839-41ab-b57c-41fd42a00463-scaled.jpg?fit=1000%2C500&ssl=1&resize=350%2C200","width":350,"height":200,"srcset":"https:\/\/i0.wp.com\/ismaelcolosi.com.br\/wp-content\/uploads\/2024\/03\/57a428d3-8839-41ab-b57c-41fd42a00463-scaled.jpg?fit=1000%2C500&ssl=1&resize=350%2C200 1x, https:\/\/i0.wp.com\/ismaelcolosi.com.br\/wp-content\/uploads\/2024\/03\/57a428d3-8839-41ab-b57c-41fd42a00463-scaled.jpg?fit=1000%2C500&ssl=1&resize=525%2C300 1.5x, https:\/\/i0.wp.com\/ismaelcolosi.com.br\/wp-content\/uploads\/2024\/03\/57a428d3-8839-41ab-b57c-41fd42a00463-scaled.jpg?fit=1000%2C500&ssl=1&resize=700%2C400 2x"},"classes":[]},{"id":1541,"url":"https:\/\/ismaelcolosi.com.br\/index.php\/2023\/11\/13\/quatro-ficam-feridos-em-rp-apos-colisao-de-motos\/","url_meta":{"origin":86916,"position":3},"title":"Quatro ficam feridos em RP ap\u00f3s colis\u00e3o de motos","author":"ismaelcolosi.com.br","date":"13 de November de 2023","format":false,"excerpt":"Duas motocicletas colidiram em cruzamento da zona Sul da cidade 13 de novembro de 2023 | 10:31 0Por: Adalberto LuqueUm acidente envolvendo duas motos deixou quatro pessoas feridas, no come\u00e7o da tarde deste domingo (12), na Avenida Coronel Fernando Ferreira Leite, altura do n\u00famero 535, pr\u00f3ximo ao cruzamento com a\u2026","rel":"","context":"In &quot;Not\u00edcias de Ribeir\u00e3o Preto-SP e Regi\u00e3o&quot;","block_context":{"text":"Not\u00edcias de Ribeir\u00e3o Preto-SP e Regi\u00e3o","link":"https:\/\/ismaelcolosi.com.br\/index.php\/category\/noticias-de-ribeirao-preto-sp-e-regiao-ismael-colosi\/"},"img":{"alt_text":"","src":"https:\/\/i0.wp.com\/ismaelcolosi.com.br\/wp-content\/uploads\/2023\/11\/adriana-ok-tribuna-setembro-2023-11-06T084418.791.png?fit=645%2C645&ssl=1&resize=350%2C200","width":350,"height":200,"srcset":"https:\/\/i0.wp.com\/ismaelcolosi.com.br\/wp-content\/uploads\/2023\/11\/adriana-ok-tribuna-setembro-2023-11-06T084418.791.png?fit=645%2C645&ssl=1&resize=350%2C200 1x, https:\/\/i0.wp.com\/ismaelcolosi.com.br\/wp-content\/uploads\/2023\/11\/adriana-ok-tribuna-setembro-2023-11-06T084418.791.png?fit=645%2C645&ssl=1&resize=525%2C300 1.5x"},"classes":[]},{"id":38466,"url":"https:\/\/ismaelcolosi.com.br\/index.php\/2024\/02\/20\/acidente-com-caminhao-e-duas-motos-deixa-vitimas-na-anhanguera-em-ribeirao\/","url_meta":{"origin":86916,"position":4},"title":"Acidente com caminh\u00e3o e duas motos deixa v\u00edtimas na Anhanguera em Ribeir\u00e3o","author":"ismaelcolosi.com.br","date":"20 de February de 2024","format":false,"excerpt":"Na manh\u00e3 desta ter\u00e7a-feira (20), um acidente envolvendo duas motocicletas e um caminh\u00e3o deixou duas v\u00edtimas, e causou a interdi\u00e7\u00e3o de uma faixa pelo km 311 no sentido Sul (Capital) da rodovia Anhanguera (SP-330), em Ribeir\u00e3o Preto. Segundo informa\u00e7\u00f5es da concession\u00e1ria ViaPaulista, houve uma colis\u00e3o traseira seguida de choque contra\u2026","rel":"","context":"In &quot;Not\u00edcias de Ribeir\u00e3o Preto-SP e Regi\u00e3o&quot;","block_context":{"text":"Not\u00edcias de Ribeir\u00e3o Preto-SP e Regi\u00e3o","link":"https:\/\/ismaelcolosi.com.br\/index.php\/category\/noticias-de-ribeirao-preto-sp-e-regiao-ismael-colosi\/"},"img":{"alt_text":"","src":"https:\/\/i0.wp.com\/ismaelcolosi.com.br\/wp-content\/uploads\/2024\/02\/policia_militar_1024x576_17072021134619.jpg?fit=1024%2C576&ssl=1&resize=350%2C200","width":350,"height":200,"srcset":"https:\/\/i0.wp.com\/ismaelcolosi.com.br\/wp-content\/uploads\/2024\/02\/policia_militar_1024x576_17072021134619.jpg?fit=1024%2C576&ssl=1&resize=350%2C200 1x, https:\/\/i0.wp.com\/ismaelcolosi.com.br\/wp-content\/uploads\/2024\/02\/policia_militar_1024x576_17072021134619.jpg?fit=1024%2C576&ssl=1&resize=525%2C300 1.5x, https:\/\/i0.wp.com\/ismaelcolosi.com.br\/wp-content\/uploads\/2024\/02\/policia_militar_1024x576_17072021134619.jpg?fit=1024%2C576&ssl=1&resize=700%2C400 2x"},"classes":[]},{"id":86632,"url":"https:\/\/ismaelcolosi.com.br\/index.php\/2025\/07\/14\/ceo-da-fabricante-do-tylenol-kenvue-se-demite-em-meio-a-revisao-estrategica\/","url_meta":{"origin":86916,"position":5},"title":"CEO da Fabricante do Tylenol, Kenvue, se Demite em Meio \u00e0 Revis\u00e3o Estrat\u00e9gica","author":"ismaelcolosi.com.br","date":"14 de July de 2025","format":false,"excerpt":"\r \r \r \r A\u00e7\u00f5es da companhia subiram 3,3% nas negocia\u00e7\u00f5es do pr\u00e9-mercado, com a nomea\u00e7\u00e3o de um CEO interino \r \r \r \r Brendan McDermid\/Reuters\r O CEO Thibaut Mongon enfrentava press\u00e3o de investidores para melhorar o desempenho da companhia\r Acessibilidade \r L\r L\r A-\r A+\r \r \u25d0\r \r O\u2026","rel":"","context":"In &quot;Carreira e Sucesso&quot;","block_context":{"text":"Carreira e Sucesso","link":"https:\/\/ismaelcolosi.com.br\/index.php\/category\/carreira-e-sucesso-dicas-para-carreira\/"},"img":{"alt_text":"","src":"https:\/\/i0.wp.com\/ismaelcolosi.com.br\/wp-content\/uploads\/2025\/07\/carreira-Thibaut-Mongon-1200x675.jpg?fit=1200%2C675&ssl=1&resize=350%2C200","width":350,"height":200,"srcset":"https:\/\/i0.wp.com\/ismaelcolosi.com.br\/wp-content\/uploads\/2025\/07\/carreira-Thibaut-Mongon-1200x675.jpg?fit=1200%2C675&ssl=1&resize=350%2C200 1x, https:\/\/i0.wp.com\/ismaelcolosi.com.br\/wp-content\/uploads\/2025\/07\/carreira-Thibaut-Mongon-1200x675.jpg?fit=1200%2C675&ssl=1&resize=525%2C300 1.5x, https:\/\/i0.wp.com\/ismaelcolosi.com.br\/wp-content\/uploads\/2025\/07\/carreira-Thibaut-Mongon-1200x675.jpg?fit=1200%2C675&ssl=1&resize=700%2C400 2x, https:\/\/i0.wp.com\/ismaelcolosi.com.br\/wp-content\/uploads\/2025\/07\/carreira-Thibaut-Mongon-1200x675.jpg?fit=1200%2C675&ssl=1&resize=1050%2C600 3x"},"classes":[]}],"jetpack_sharing_enabled":true,"jetpack_shortlink":"https:\/\/wp.me\/pfMlyK-mBS","_links":{"self":[{"href":"https:\/\/ismaelcolosi.com.br\/index.php\/wp-json\/wp\/v2\/posts\/86916","targetHints":{"allow":["GET"]}}],"collection":[{"href":"https:\/\/ismaelcolosi.com.br\/index.php\/wp-json\/wp\/v2\/posts"}],"about":[{"href":"https:\/\/ismaelcolosi.com.br\/index.php\/wp-json\/wp\/v2\/types\/post"}],"author":[{"embeddable":true,"href":"https:\/\/ismaelcolosi.com.br\/index.php\/wp-json\/wp\/v2\/users\/1"}],"replies":[{"embeddable":true,"href":"https:\/\/ismaelcolosi.com.br\/index.php\/wp-json\/wp\/v2\/comments?post=86916"}],"version-history":[{"count":0,"href":"https:\/\/ismaelcolosi.com.br\/index.php\/wp-json\/wp\/v2\/posts\/86916\/revisions"}],"wp:featuredmedia":[{"embeddable":true,"href":"https:\/\/ismaelcolosi.com.br\/index.php\/wp-json\/wp\/v2\/media\/86917"}],"wp:attachment":[{"href":"https:\/\/ismaelcolosi.com.br\/index.php\/wp-json\/wp\/v2\/media?parent=86916"}],"wp:term":[{"taxonomy":"category","embeddable":true,"href":"https:\/\/ismaelcolosi.com.br\/index.php\/wp-json\/wp\/v2\/categories?post=86916"},{"taxonomy":"post_tag","embeddable":true,"href":"https:\/\/ismaelcolosi.com.br\/index.php\/wp-json\/wp\/v2\/tags?post=86916"}],"curies":[{"name":"wp","href":"https:\/\/api.w.org\/{rel}","templated":true}]}}