{"id":86914,"date":"2025-08-04T13:10:28","date_gmt":"2025-08-04T16:10:28","guid":{"rendered":"https:\/\/ismaelcolosi.com.br\/index.php\/2025\/08\/04\/tesla-aprova-premio-em-acoes-de-us-29-bi-para-elon-musk\/"},"modified":"2025-08-04T13:10:28","modified_gmt":"2025-08-04T16:10:28","slug":"tesla-aprova-premio-em-acoes-de-us-29-bi-para-elon-musk","status":"publish","type":"post","link":"https:\/\/ismaelcolosi.com.br\/index.php\/2025\/08\/04\/tesla-aprova-premio-em-acoes-de-us-29-bi-para-elon-musk\/","title":{"rendered":"Tesla Aprova Pr\u00eamio em A\u00e7\u00f5es de US$ 29 Bi para Elon Musk"},"content":{"rendered":"<p> <br \/>\n<\/p>\n<div>\n<figure class=\"destaque wp-caption\">&#13;<br \/>\n\t\t<img data-recalc-dims=\"1\" width=\"678\" height=\"452\" src=\"https:\/\/i0.wp.com\/forbes.com.br\/wp-content\/uploads\/2025\/07\/Tesla-Robotaxi-Elon-Musk-768x512.png?resize=678%2C452&#038;ssl=1\" class=\"attachment-medium_large size-medium_large wp-post-image\" alt=\"Tesla\" decoding=\"async\" fetchpriority=\"high\"\/>\t\t&#13;<figcaption class=\"wp-caption-text\">Para Tribunal de Delaware, sal\u00e1rio de Musk foi aprovado de forma falha e injusta.<\/figcaption>&#13;<br \/>\n\t<\/figure>\n<div class=\"accessibility\">\n<p>Acessibilidade<\/p>\n<p>&#13;<br \/>\n\t\t\t<button onclick=\"alterFont1()\" id=\"btn1\" class=\"btn\">L<\/button>&#13;<br \/>\n\t\t\t<button onclick=\"alterFont2()\" id=\"btn2\" class=\"btn\" style=\"font-family:Merriweather\">L<\/button>&#13;<br \/>\n\t\t\t<button onclick=\"alterFontSmallerSize()\" id=\"btn3\" class=\"btn\">A-<\/button>&#13;<br \/>\n\t\t\t<button onclick=\"alterFontBiggerSize()\" id=\"btn4\" class=\"btn\">A+<\/button>&#13;<br \/>\n\t\t\t<!--<button onclick='alterFontBolder()' id='btn5' class=\"btn\" >B<\/button>-->&#13;<br \/>\n\t\t\t<button onclick=\"alterBackground()\" id=\"btn6\" class=\"btn\">\u25d0<\/button>&#13;<br \/>\n\t\t\t<!--<button onclick='clean()' id='btn7' class=\"btn\" >Limpar<\/button>-->&#13;\n\t\t<\/p><div class='code-block code-block-8' style='margin: 8px auto; text-align: center; display: block; clear: both;'>\n<script>\n  atOptions = {\n    'key' : '66e2e2111ca34da796271819fc334058',\n    'format' : 'iframe',\n    'height' : 250,\n    'width' : 300,\n    'params' : {}\n  };\n<\/script>\n<script src=\"https:\/\/www.highperformanceformat.com\/66e2e2111ca34da796271819fc334058\/invoke.js\"><\/script>\n<\/div>\n\n<\/p><\/div>\n<p><strong>Elon Musk recebeu 96 milh\u00f5es de a\u00e7\u00f5es da Tesla, avaliadas em US$ 29 bilh\u00f5es (R$ 159,21 bilh\u00f5es)<\/strong>. Isso o mant\u00e9m no comando da empresa, enquanto recorre de decis\u00e3o judicial que anulou o acordo de sua remunera\u00e7\u00e3o original. No \u00faltimo ano, um tribunal de Delaware anulou o pacote de remunera\u00e7\u00e3o de Musk de 2018, avaliado em mais de US$ 50 bilh\u00f5es (R$ 274,5 bilh\u00f5es), citando que o processo de aprova\u00e7\u00e3o do conselho da Tesla era falho e injusto para os acionistas.<\/p>\n<p>O CEO da Tesla entrou com um recurso em mar\u00e7o contra a ordem, alegando que um juiz de primeira inst\u00e2ncia cometeu v\u00e1rios erros legais ao rescindir a compensa\u00e7\u00e3o recorde. No in\u00edcio deste ano, a fabricante disse que seu conselho havia formado um comit\u00ea especial para considerar algumas quest\u00f5es de remunera\u00e7\u00e3o envolvendo Musk, sem revelar detalhes.<\/p>\n<aside>\n<h2>Leia tamb\u00e9m<\/h2>\n<\/aside>\n<p>A Tesla est\u00e1 em um <strong>ponto de inflex\u00e3o<\/strong>, j\u00e1 que Musk, seu maior acionista com uma participa\u00e7\u00e3o de 13%, muda o foco de uma prometida plataforma de carros el\u00e9tricos com pre\u00e7os baixos para t\u00e1xis aut\u00f4nomos e rob\u00f4s humanoides, posicionando a empresa mais como uma empresa de intelig\u00eancia artificial (IA) e rob\u00f3tica do que como uma montadora de autom\u00f3veis.<\/p>\n<p>O comit\u00ea especial afirmou que o novo b\u00f4nus foi projetado para aumentar gradualmente o poder de voto de Musk, algo que ele e os acionistas sempre disseram ser fundamental para mant\u00ea-lo focado na miss\u00e3o da Tesla. \u201cEmbora reconhe\u00e7amos que os empreendimentos comerciais, interesses e outras demandas potenciais de tempo e aten\u00e7\u00e3o de Elon sejam extensos e abrangentes (\u2026) estamos confiantes de que esse pr\u00eamio incentivar\u00e1 Elon a permanecer na Tesla\u201d, disse o comit\u00ea em comunicado nesta segunda-feira (4).<\/p>\n<p>O grupo ainda acrescentou que se os tribunais de Delaware restabelecerem totalmente o Pr\u00eamio de Desempenho do presidente-executivo de 2018, a nova concess\u00e3o provis\u00f3ria ser\u00e1 <strong>perdida ou compensada<\/strong> e n\u00e3o haver\u00e1 duplo pagamento.<\/p>\n<p>As a\u00e7\u00f5es do pr\u00eamio provis\u00f3rio ser\u00e3o adquiridas somente se Musk permanecer em uma fun\u00e7\u00e3o executiva importante at\u00e9 2027. Elas tamb\u00e9m v\u00eam com um per\u00edodo de reten\u00e7\u00e3o de cinco anos, exceto para cobrir pagamentos de impostos ou o pre\u00e7o de compra.<\/p>\n<p><strong>Musk deve pagar \u00e0 Tesla US$ 23,34 (R$ 128,12) por a\u00e7\u00e3o restrita adquirida<\/strong>, o que \u00e9 igual ao pre\u00e7o de exerc\u00edcio por a\u00e7\u00e3o do Pr\u00eamio presidente-executivo 2018, indicou a empresa no documento.<\/p>\n<p>As a\u00e7\u00f5es da Tesla subiram mais de 2% nas negocia\u00e7\u00f5es pr\u00e9-mercado.<\/p>\n<aside>\n<h2>Escolhas do editor<\/h2>\n<\/aside>\n<h2>Vendas em queda<\/h2>\n<p>\u00c0 medida que a empresa enfrenta um decl\u00ednio nas vendas diante da concorr\u00eancia acirrada e impacto sobre o p\u00fablico de posi\u00e7\u00f5es pol\u00edticas de Musk, que afastaram alguns compradores em potencial da marca,<strong> as a\u00e7\u00f5es da Tesla j\u00e1 perderam cerca de um quarto de seu valor at\u00e9 agora neste ano.<\/strong><\/p>\n<p>Os desafios foram agravados por cortes do governo dos EUA no apoio aos ve\u00edculos el\u00e9tricos, com Musk dizendo no m\u00eas passado que a diminui\u00e7\u00e3o dos subs\u00eddios poderia levar a \u201calguns trimestres dif\u00edceis\u201d para a empresa antes que uma onda de receita de software e servi\u00e7os de dire\u00e7\u00e3o aut\u00f4noma comece a entrar no final do pr\u00f3ximo ano.<\/p>\n<p>Dados da empresa de pesquisa S&amp;P Global Mobility compartilhados exclusivamente com a Reuters nesta segunda mostraram que <strong>a fidelidade \u00e0 marca Tesla caiu desde que Musk apoiou o presidente dos EUA, Donald Trump<\/strong>, no ano passado.<\/p>\n<p>Enquanto isso, a picape Cybertruck, o \u00fanico modelo novo que a Tesla lan\u00e7ou desde 2020, provou ser um fracasso, apesar da previs\u00e3o de Musk de centenas de milhares de vendas anuais.<\/p>\n<aside class=\"web-story\">&#13;<br \/>\n  &#13;<br \/>\n<\/aside>\n<div class=\"follow-us\">Siga o canal da <a href=\"https:\/\/whatsapp.com\/channel\/0029VaAZk57JuyA9F4UwQc2I\" target=\"_blank\" rel=\"noopener noreferrer nofollow\" title=\"Grupo da Forbes Money no WhatsApp\">Forbes Money<\/a> no WhatsApp e receba as principais not\u00edcias de economia e mercado financeiro.<\/div>\n<\/p><\/div>\n<p><script data-debloat-delay=\"1\" type=\"text\/debloat-script\">\n\t\t\t\t(function(d, s, id){\n\t\t\t\t\tvar js, fjs = d.getElementsByTagName(s)[0];\n\t\t\t\t\tif (d.getElementById(id)) return;\n\t\t\t\t\tjs = d.createElement(s); js.id = id;\n\t\t\t\t\tjs.src = \"\/\/connect.facebook.net\/pt_BR\/sdk.js#xfbml=1&version=v2.9\";\n\t\t\t\t\tfjs.parentNode.insertBefore(js, fjs);\n\t\t\t\t}(document, 'script', 'facebook-jssdk'));\n\t\t\t<\/script><br \/>\n<br \/><br \/>\n<br \/><a href=\"https:\/\/forbes.com.br\/forbes-money\/2025\/08\/tesla-aprova-premio-em-acoes-de-us-29-bi-para-elon-musk\/\">Source link <\/a><\/p>\n<div class='code-block code-block-4' style='margin: 8px auto 8px 0; text-align: left; display: block; clear: both;'>\n\ud83d\udce2 Aviso Legal\n\nO site ismaelcolosi.com.br atua apenas como um canal de divulga\u00e7\u00e3o de oportunidades de emprego e n\u00e3o se responsabiliza pelo processo seletivo, contrata\u00e7\u00e3o ou qualquer outra etapa relacionada \u00e0s vagas publicadas. Todas as informa\u00e7\u00f5es s\u00e3o de responsabilidade dos anunciantes.\n\n\u26a0\ufe0f Aten\u00e7\u00e3o! Nunca pague por promessas de emprego nem compre cursos que garantam contrata\u00e7\u00e3o. Desconfie de qualquer cobran\u00e7a para participar de sele\u00e7\u00f5es.\n\n\n\n<\/div>\n<!-- CONTENT END 1 -->\n","protected":false},"excerpt":{"rendered":"<p>&#13; &#13;Para Tribunal de Delaware, sal\u00e1rio de Musk foi aprovado de forma falha e injusta.&#13; Acessibilidade &#13; L&#13; L&#13; A-&#13; A+&#13; &#13; \u25d0&#13; &#13; Elon&#8230;<\/p>\n","protected":false},"author":1,"featured_media":86915,"comment_status":"","ping_status":"open","sticky":false,"template":"","format":"standard","meta":{"_uag_custom_page_level_css":"","advanced_seo_description":"","jetpack_seo_html_title":"","jetpack_seo_noindex":false,"jetpack_post_was_ever_published":false,"_jetpack_newsletter_access":"","_jetpack_dont_email_post_to_subs":false,"_jetpack_newsletter_tier_id":0,"_jetpack_memberships_contains_paywalled_content":false,"_jetpack_memberships_contains_paid_content":false,"footnotes":"","jetpack_publicize_message":"","jetpack_publicize_feature_enabled":true,"jetpack_social_post_already_shared":true,"jetpack_social_options":{"image_generator_settings":{"template":"highway","default_image_id":0,"font":"","enabled":false},"version":2}},"categories":[1964],"tags":[],"class_list":["post-86914","post","type-post","status-publish","format-standard","has-post-thumbnail","hentry","category-carreira-e-sucesso-dicas-para-carreira"],"jetpack_publicize_connections":[],"jetpack_featured_media_url":"https:\/\/i0.wp.com\/ismaelcolosi.com.br\/wp-content\/uploads\/2025\/08\/Tesla-Robotaxi-Elon-Musk-1200x675.png?fit=1200%2C675&ssl=1","uagb_featured_image_src":{"full":["https:\/\/i0.wp.com\/ismaelcolosi.com.br\/wp-content\/uploads\/2025\/08\/Tesla-Robotaxi-Elon-Musk-1200x675.png?fit=1200%2C675&ssl=1",1200,675,false],"thumbnail":["https:\/\/i0.wp.com\/ismaelcolosi.com.br\/wp-content\/uploads\/2025\/08\/Tesla-Robotaxi-Elon-Musk-1200x675.png?resize=150%2C150&ssl=1",150,150,true],"medium":["https:\/\/i0.wp.com\/ismaelcolosi.com.br\/wp-content\/uploads\/2025\/08\/Tesla-Robotaxi-Elon-Musk-1200x675.png?fit=300%2C169&ssl=1",300,169,true],"medium_large":["https:\/\/i0.wp.com\/ismaelcolosi.com.br\/wp-content\/uploads\/2025\/08\/Tesla-Robotaxi-Elon-Musk-1200x675.png?fit=768%2C432&ssl=1",768,432,true],"large":["https:\/\/i0.wp.com\/ismaelcolosi.com.br\/wp-content\/uploads\/2025\/08\/Tesla-Robotaxi-Elon-Musk-1200x675.png?fit=1024%2C576&ssl=1",1024,576,true],"1536x1536":["https:\/\/i0.wp.com\/ismaelcolosi.com.br\/wp-content\/uploads\/2025\/08\/Tesla-Robotaxi-Elon-Musk-1200x675.png?fit=1200%2C675&ssl=1",1200,675,true],"2048x2048":["https:\/\/i0.wp.com\/ismaelcolosi.com.br\/wp-content\/uploads\/2025\/08\/Tesla-Robotaxi-Elon-Musk-1200x675.png?fit=1200%2C675&ssl=1",1200,675,true],"really-simple-thumb":["https:\/\/i0.wp.com\/ismaelcolosi.com.br\/wp-content\/uploads\/2025\/08\/Tesla-Robotaxi-Elon-Musk-1200x675.png?resize=370%2C247&ssl=1",370,247,true]},"uagb_author_info":{"display_name":"ismaelcolosi.com.br","author_link":"https:\/\/ismaelcolosi.com.br\/index.php\/author\/vidareal-online\/"},"uagb_comment_info":0,"uagb_excerpt":"&#13; &#13;Para Tribunal de Delaware, sal\u00e1rio de Musk foi aprovado de forma falha e injusta.&#13; Acessibilidade &#13; L&#13; L&#13; A-&#13; A+&#13; &#13; \u25d0&#13; &#13; Elon...","jetpack-related-posts":[{"id":85456,"url":"https:\/\/ismaelcolosi.com.br\/index.php\/2025\/05\/21\/musk-diz-ainda-estar-comprometido-em-ser-presidente-executivo-da-tesla-nos-proximos-cinco-anos\/","url_meta":{"origin":86914,"position":0},"title":"Musk Diz Ainda Estar Comprometido em Ser Presidente-Executivo da Tesla nos Pr\u00f3ximos Cinco Anos","author":"ismaelcolosi.com.br","date":"21 de May de 2025","format":false,"excerpt":"\r REUTERS\/Brian Snyder\r Em f\u00f3rum no Catar, Elon Musk diz que seu futuro na Tesla depende do controle que det\u00e9m sobre a companhia\r Acessibilidade \r L\r L\r A-\r A+\r \r \u25d0\r \r O empres\u00e1rio Elon Musk disse nesta ter\u00e7a-feira (20) que ainda est\u00e1 comprometido em ser presidente-executivo da Tesla nos\u2026","rel":"","context":"In &quot;Carreira e Sucesso&quot;","block_context":{"text":"Carreira e Sucesso","link":"https:\/\/ismaelcolosi.com.br\/index.php\/category\/carreira-e-sucesso-dicas-para-carreira\/"},"img":{"alt_text":"","src":"https:\/\/i0.wp.com\/ismaelcolosi.com.br\/wp-content\/uploads\/2025\/05\/2025-05-20T142427Z_1_LYNXMPEL4J0OO_RTROPTP_4_TESLA-MUSK-CEO-1200x675.jpg?fit=1200%2C675&ssl=1&resize=350%2C200","width":350,"height":200,"srcset":"https:\/\/i0.wp.com\/ismaelcolosi.com.br\/wp-content\/uploads\/2025\/05\/2025-05-20T142427Z_1_LYNXMPEL4J0OO_RTROPTP_4_TESLA-MUSK-CEO-1200x675.jpg?fit=1200%2C675&ssl=1&resize=350%2C200 1x, https:\/\/i0.wp.com\/ismaelcolosi.com.br\/wp-content\/uploads\/2025\/05\/2025-05-20T142427Z_1_LYNXMPEL4J0OO_RTROPTP_4_TESLA-MUSK-CEO-1200x675.jpg?fit=1200%2C675&ssl=1&resize=525%2C300 1.5x, https:\/\/i0.wp.com\/ismaelcolosi.com.br\/wp-content\/uploads\/2025\/05\/2025-05-20T142427Z_1_LYNXMPEL4J0OO_RTROPTP_4_TESLA-MUSK-CEO-1200x675.jpg?fit=1200%2C675&ssl=1&resize=700%2C400 2x, https:\/\/i0.wp.com\/ismaelcolosi.com.br\/wp-content\/uploads\/2025\/05\/2025-05-20T142427Z_1_LYNXMPEL4J0OO_RTROPTP_4_TESLA-MUSK-CEO-1200x675.jpg?fit=1200%2C675&ssl=1&resize=1050%2C600 3x"},"classes":[]},{"id":87826,"url":"https:\/\/ismaelcolosi.com.br\/index.php\/2025\/10\/03\/plano-da-tesla-de-pagar-us-1-trilhao-a-musk-enfrenta-resistencia-de-investidores-e-autoridades\/","url_meta":{"origin":86914,"position":1},"title":"Plano da Tesla de Pagar US$ 1 Trilh\u00e3o a Musk Enfrenta Resist\u00eancia de Investidores e Autoridades","author":"ismaelcolosi.com.br","date":"3 de October de 2025","format":false,"excerpt":"\r \r \r \r Coaliza\u00e7\u00e3o cita esfor\u00e7o do conselho para manter o bilion\u00e1rio, apontando atrasos em metas e decl\u00ednio do desempenho operacional e financeiro \r \r \r \r Getty Images\r Elon Musk \u00e9 a pessoa mais rica do mundo\r Acessibilidade \r L\r L\r A-\r A+\r \r \u25d0\r \r Um grupo\u2026","rel":"","context":"In &quot;Carreira e Sucesso&quot;","block_context":{"text":"Carreira e Sucesso","link":"https:\/\/ismaelcolosi.com.br\/index.php\/category\/carreira-e-sucesso-dicas-para-carreira\/"},"img":{"alt_text":"","src":"https:\/\/i0.wp.com\/ismaelcolosi.com.br\/wp-content\/uploads\/2025\/10\/Elon-Musk-XChat-1200x675.png?fit=1200%2C675&ssl=1&resize=350%2C200","width":350,"height":200,"srcset":"https:\/\/i0.wp.com\/ismaelcolosi.com.br\/wp-content\/uploads\/2025\/10\/Elon-Musk-XChat-1200x675.png?fit=1200%2C675&ssl=1&resize=350%2C200 1x, https:\/\/i0.wp.com\/ismaelcolosi.com.br\/wp-content\/uploads\/2025\/10\/Elon-Musk-XChat-1200x675.png?fit=1200%2C675&ssl=1&resize=525%2C300 1.5x, https:\/\/i0.wp.com\/ismaelcolosi.com.br\/wp-content\/uploads\/2025\/10\/Elon-Musk-XChat-1200x675.png?fit=1200%2C675&ssl=1&resize=700%2C400 2x, https:\/\/i0.wp.com\/ismaelcolosi.com.br\/wp-content\/uploads\/2025\/10\/Elon-Musk-XChat-1200x675.png?fit=1200%2C675&ssl=1&resize=1050%2C600 3x"},"classes":[]},{"id":87854,"url":"https:\/\/ismaelcolosi.com.br\/index.php\/2025\/10\/07\/musk-nomeia-ex-banqueiro-do-morgan-stanley-como-diretor-financeiro-da-xai\/","url_meta":{"origin":86914,"position":2},"title":"Musk Nomeia Ex-Banqueiro do Morgan Stanley Como Diretor Financeiro da xAI","author":"ismaelcolosi.com.br","date":"7 de October de 2025","format":false,"excerpt":"\r Patrick Pleul\/Pool\/Reuters\r Musk lan\u00e7ou a xAI em 2023 para desafiar o avan\u00e7o da IA das grandes empresas de tecnologia\r Acessibilidade \r L\r L\r A-\r A+\r \r \u25d0\r \r O bilion\u00e1rio Elon Musk nomeou Anthony Armstrong, ex-banqueiro do Morgan Stanley que o aconselhou na aquisi\u00e7\u00e3o do X, como novo diretor\u2026","rel":"","context":"In &quot;Carreira e Sucesso&quot;","block_context":{"text":"Carreira e Sucesso","link":"https:\/\/ismaelcolosi.com.br\/index.php\/category\/carreira-e-sucesso-dicas-para-carreira\/"},"img":{"alt_text":"","src":"https:\/\/i0.wp.com\/ismaelcolosi.com.br\/wp-content\/uploads\/2025\/10\/tech-elon-musk-23Ago23-GettyImages-min-1200x675.jpg?fit=1200%2C675&ssl=1&resize=350%2C200","width":350,"height":200,"srcset":"https:\/\/i0.wp.com\/ismaelcolosi.com.br\/wp-content\/uploads\/2025\/10\/tech-elon-musk-23Ago23-GettyImages-min-1200x675.jpg?fit=1200%2C675&ssl=1&resize=350%2C200 1x, https:\/\/i0.wp.com\/ismaelcolosi.com.br\/wp-content\/uploads\/2025\/10\/tech-elon-musk-23Ago23-GettyImages-min-1200x675.jpg?fit=1200%2C675&ssl=1&resize=525%2C300 1.5x, https:\/\/i0.wp.com\/ismaelcolosi.com.br\/wp-content\/uploads\/2025\/10\/tech-elon-musk-23Ago23-GettyImages-min-1200x675.jpg?fit=1200%2C675&ssl=1&resize=700%2C400 2x, https:\/\/i0.wp.com\/ismaelcolosi.com.br\/wp-content\/uploads\/2025\/10\/tech-elon-musk-23Ago23-GettyImages-min-1200x675.jpg?fit=1200%2C675&ssl=1&resize=1050%2C600 3x"},"classes":[]},{"id":52620,"url":"https:\/\/ismaelcolosi.com.br\/index.php\/2024\/06\/08\/fundo-votara-contra-bonus-de-r-300-bilhoes-de-elon-musk\/","url_meta":{"origin":86914,"position":3},"title":"Fundo votar\u00e1 contra b\u00f4nus de R$ 300 bilh\u00f5es de Elon Musk","author":"ismaelcolosi.com.br","date":"8 de June de 2024","format":false,"excerpt":"\u00a0 Acessibilidade L L A- A+ \u25d0 O fundo soberano de US$ 1,7 trilh\u00e3o (R$ 8,9 trilh\u00f5es) da Noruega disse neste s\u00e1bado (8) que votar\u00e1 contra a ratifica\u00e7\u00e3o do pacote de remunera\u00e7\u00e3o de US$ 56 bilh\u00f5es (R$ 295,6 bilh\u00f5es) do presidente-executivo da Tesla, Elon Musk, que ser\u00e1 votado pelos acionistas\u2026","rel":"","context":"In &quot;Carreira e Sucesso&quot;","block_context":{"text":"Carreira e Sucesso","link":"https:\/\/ismaelcolosi.com.br\/index.php\/category\/carreira-e-sucesso-dicas-para-carreira\/"},"img":{"alt_text":"","src":"https:\/\/i0.wp.com\/ismaelcolosi.com.br\/wp-content\/uploads\/2024\/06\/carreira-elon-musk-x-twitter-1024x683.jpg?fit=1024%2C683&ssl=1&resize=350%2C200","width":350,"height":200,"srcset":"https:\/\/i0.wp.com\/ismaelcolosi.com.br\/wp-content\/uploads\/2024\/06\/carreira-elon-musk-x-twitter-1024x683.jpg?fit=1024%2C683&ssl=1&resize=350%2C200 1x, https:\/\/i0.wp.com\/ismaelcolosi.com.br\/wp-content\/uploads\/2024\/06\/carreira-elon-musk-x-twitter-1024x683.jpg?fit=1024%2C683&ssl=1&resize=525%2C300 1.5x, https:\/\/i0.wp.com\/ismaelcolosi.com.br\/wp-content\/uploads\/2024\/06\/carreira-elon-musk-x-twitter-1024x683.jpg?fit=1024%2C683&ssl=1&resize=700%2C400 2x"},"classes":[]},{"id":88392,"url":"https:\/\/ismaelcolosi.com.br\/index.php\/2025\/12\/03\/trabalhar-podera-mesmo-se-tornar-opcional-como-afirma-elon-musk\/","url_meta":{"origin":86914,"position":4},"title":"Trabalhar Poder\u00e1 Mesmo se Tornar Opcional, Como Afirma Elon Musk?","author":"ismaelcolosi.com.br","date":"3 de December de 2025","format":false,"excerpt":"\r Getty Images\r Segundo Elon Musk, milh\u00f5es de rob\u00f4s e tecnologias inteligentes automatizadas far\u00e3o tudo pelos humanos\r Acessibilidade \r L\r L\r A-\r A+\r \r \u25d0\r \r E se algu\u00e9m te dissesse que voc\u00ea nunca mais precisaria trabalhar? Depois que a sua cabe\u00e7a parasse de girar, voc\u00ea provavelmente perguntaria: \u201cMas como\u2026","rel":"","context":"In &quot;Carreira e Sucesso&quot;","block_context":{"text":"Carreira e Sucesso","link":"https:\/\/ismaelcolosi.com.br\/index.php\/category\/carreira-e-sucesso-dicas-para-carreira\/"},"img":{"alt_text":"","src":"https:\/\/i0.wp.com\/ismaelcolosi.com.br\/wp-content\/uploads\/2025\/12\/trabalho-opcional-ia-1200x675.jpg?fit=1200%2C675&ssl=1&resize=350%2C200","width":350,"height":200,"srcset":"https:\/\/i0.wp.com\/ismaelcolosi.com.br\/wp-content\/uploads\/2025\/12\/trabalho-opcional-ia-1200x675.jpg?fit=1200%2C675&ssl=1&resize=350%2C200 1x, https:\/\/i0.wp.com\/ismaelcolosi.com.br\/wp-content\/uploads\/2025\/12\/trabalho-opcional-ia-1200x675.jpg?fit=1200%2C675&ssl=1&resize=525%2C300 1.5x, https:\/\/i0.wp.com\/ismaelcolosi.com.br\/wp-content\/uploads\/2025\/12\/trabalho-opcional-ia-1200x675.jpg?fit=1200%2C675&ssl=1&resize=700%2C400 2x, https:\/\/i0.wp.com\/ismaelcolosi.com.br\/wp-content\/uploads\/2025\/12\/trabalho-opcional-ia-1200x675.jpg?fit=1200%2C675&ssl=1&resize=1050%2C600 3x"},"classes":[]},{"id":40704,"url":"https:\/\/ismaelcolosi.com.br\/index.php\/2024\/03\/05\/ex-executivos-do-twitter-processam-elon-musk\/","url_meta":{"origin":86914,"position":5},"title":"Ex-executivos do Twitter processam Elon Musk","author":"ismaelcolosi.com.br","date":"5 de March de 2024","format":false,"excerpt":"Gonzalo Fuentes\/ReutersA a\u00e7\u00e3o \u00e9 a mais recente de uma s\u00e9rie de desafios legais que o bilion\u00e1rio Elon Musk enfrenta desde que adquiriu a empresa de m\u00eddia social por US$ 44 bilh\u00f5es em outubro de 2022 Quatro ex-executivos do Twitter, incluindo o ex-presidente-executivo Parag Agrawal, processaram Elon Musk por mais de\u2026","rel":"","context":"In &quot;Carreira e Sucesso&quot;","block_context":{"text":"Carreira e Sucesso","link":"https:\/\/ismaelcolosi.com.br\/index.php\/category\/carreira-e-sucesso-dicas-para-carreira\/"},"img":{"alt_text":"","src":"https:\/\/i0.wp.com\/ismaelcolosi.com.br\/wp-content\/uploads\/2024\/03\/carreira-elon-musk-x-twitter-1024x683.jpg?fit=1024%2C683&ssl=1&resize=350%2C200","width":350,"height":200,"srcset":"https:\/\/i0.wp.com\/ismaelcolosi.com.br\/wp-content\/uploads\/2024\/03\/carreira-elon-musk-x-twitter-1024x683.jpg?fit=1024%2C683&ssl=1&resize=350%2C200 1x, https:\/\/i0.wp.com\/ismaelcolosi.com.br\/wp-content\/uploads\/2024\/03\/carreira-elon-musk-x-twitter-1024x683.jpg?fit=1024%2C683&ssl=1&resize=525%2C300 1.5x, https:\/\/i0.wp.com\/ismaelcolosi.com.br\/wp-content\/uploads\/2024\/03\/carreira-elon-musk-x-twitter-1024x683.jpg?fit=1024%2C683&ssl=1&resize=700%2C400 2x"},"classes":[]}],"jetpack_sharing_enabled":true,"jetpack_shortlink":"https:\/\/wp.me\/pfMlyK-mBQ","_links":{"self":[{"href":"https:\/\/ismaelcolosi.com.br\/index.php\/wp-json\/wp\/v2\/posts\/86914","targetHints":{"allow":["GET"]}}],"collection":[{"href":"https:\/\/ismaelcolosi.com.br\/index.php\/wp-json\/wp\/v2\/posts"}],"about":[{"href":"https:\/\/ismaelcolosi.com.br\/index.php\/wp-json\/wp\/v2\/types\/post"}],"author":[{"embeddable":true,"href":"https:\/\/ismaelcolosi.com.br\/index.php\/wp-json\/wp\/v2\/users\/1"}],"replies":[{"embeddable":true,"href":"https:\/\/ismaelcolosi.com.br\/index.php\/wp-json\/wp\/v2\/comments?post=86914"}],"version-history":[{"count":0,"href":"https:\/\/ismaelcolosi.com.br\/index.php\/wp-json\/wp\/v2\/posts\/86914\/revisions"}],"wp:featuredmedia":[{"embeddable":true,"href":"https:\/\/ismaelcolosi.com.br\/index.php\/wp-json\/wp\/v2\/media\/86915"}],"wp:attachment":[{"href":"https:\/\/ismaelcolosi.com.br\/index.php\/wp-json\/wp\/v2\/media?parent=86914"}],"wp:term":[{"taxonomy":"category","embeddable":true,"href":"https:\/\/ismaelcolosi.com.br\/index.php\/wp-json\/wp\/v2\/categories?post=86914"},{"taxonomy":"post_tag","embeddable":true,"href":"https:\/\/ismaelcolosi.com.br\/index.php\/wp-json\/wp\/v2\/tags?post=86914"}],"curies":[{"name":"wp","href":"https:\/\/api.w.org\/{rel}","templated":true}]}}