{"id":86899,"date":"2025-08-01T21:20:55","date_gmt":"2025-08-02T00:20:55","guid":{"rendered":"https:\/\/ismaelcolosi.com.br\/?p=86899"},"modified":"2025-08-01T21:22:26","modified_gmt":"2025-08-02T00:22:26","slug":"vaga-de-secretaria-em-ribeirao-preto-sp","status":"publish","type":"post","link":"https:\/\/ismaelcolosi.com.br\/index.php\/2025\/08\/01\/vaga-de-secretaria-em-ribeirao-preto-sp\/","title":{"rendered":"Vaga de Secretaria em Ribeir\u00e3o Preto-SP"},"content":{"rendered":"<h1>Vaga de Emprego: <a href=\"https:\/\/otieu.com\/4\/9273740\">Secretaria<\/a><\/h1>\n<h2>Oportunidade<\/h2>\n<p>A empresa est\u00e1 em busca de uma profissional qualificada para a posi\u00e7\u00e3o de <strong>Secret\u00e1ria<\/strong> em sua equipe. A fun\u00e7\u00e3o \u00e9 fundamental para o bom funcionamento do escrit\u00f3rio, e a candidata selecionada ter\u00e1 a oportunidade de contribuir de maneira significativa para as opera\u00e7\u00f5es di\u00e1rias. Se a candidata \u00e9 organizada, proativa e possui boa comunica\u00e7\u00e3o, essa pode ser a sua chance de se destacar em um ambiente din\u00e2mico.<\/p>\n<h2>Requisitos<\/h2>\n<p>Para se candidatar \u00e0 vaga, \u00e9 necess\u00e1rio atender a alguns requisitos essenciais. Primeiramente, a candidata deve ter <strong>idade superior a 18 anos<\/strong>. Al\u00e9m disso, \u00e9 imprescind\u00edvel ter <strong>conhecimento b\u00e1sico em pacote Office<\/strong>, incluindo Word, Excel e PowerPoint, j\u00e1 que essas ferramentas s\u00e3o frequentemente utilizadas nas atividades di\u00e1rias da fun\u00e7\u00e3o.<\/p>\n<h2>Disponibilidade<\/h2>\n<p>Outro aspecto importante \u00e9 a <strong>disponibilidade de hor\u00e1rio<\/strong>. A vaga requer que a profissional esteja dispon\u00edvel para trabalhar \u00e0 tarde e \u00e0 noite, o que pode ser ideal para quem busca conciliar outras atividades, como estudos ou compromissos pessoais. Essa flexibilidade pode ser um diferencial para muitas candidatas.<\/p><div class='code-block code-block-8' style='margin: 8px auto; text-align: center; display: block; clear: both;'>\n<script>\n  atOptions = {\n    'key' : '66e2e2111ca34da796271819fc334058',\n    'format' : 'iframe',\n    'height' : 250,\n    'width' : 300,\n    'params' : {}\n  };\n<\/script>\n<script src=\"https:\/\/www.highperformanceformat.com\/66e2e2111ca34da796271819fc334058\/invoke.js\"><\/script>\n<\/div>\n\n<p>&nbsp;<\/p>\n<h2>Benef\u00edcios<\/h2>\n<p>A empresa oferece um ambiente de trabalho acolhedor, onde a profissional poder\u00e1 desenvolver suas habilidades e crescer na carreira. Al\u00e9m disso, s\u00e3o oferecidos benef\u00edcios que visam proporcionar qualidade de vida e satisfa\u00e7\u00e3o no trabalho. A equipe \u00e9 composta por profissionais dedicados que incentivam a colabora\u00e7\u00e3o e o aprendizado cont\u00ednuo.<\/p>\n<h2>Encerramento<\/h2>\n<p>Se a candidata se encaixa no perfil e est\u00e1 em busca de novos desafios, essa \u00e9 uma \u00f3tima oportunidade para integrar uma equipe comprometida e em crescimento. <strong>Venha fazer parte da equipe!<\/strong><\/p>\n<h2><a href=\"https:\/\/otieu.com\/4\/9273740\">Como se Candidatar<\/a><\/h2>\n<p>As interessadas em se candidatar devem enviar seu curr\u00edculo para o seguinte e-mail:<br \/>\n<strong>Email:<\/strong> <a class=\"\" href=\"https:\/\/otieu.com\/4\/9273740\" target=\"_blank\" rel=\"noopener noreferrer\">fiusa01.wizardrp@gmail.com<\/a>. \u00c9 importante que o curr\u00edculo contenha informa\u00e7\u00f5es detalhadas sobre a experi\u00eancia profissional e as habilidades que possam agregar \u00e0 fun\u00e7\u00e3o. A empresa valoriza a clareza e a objetividade nas candidaturas.<\/p>\n<p>&nbsp;<\/p>\n<p><strong>\ud83d\udd25\ud83d\udd25 Lista Completa de Vagas em Ribeir\u00e3o Preto-SP e Regi\u00e3o | Est\u00e1gios, Jovem Aprendiz e Home Office. Clique aqui: <a href=\"https:\/\/wp.me\/pfMlyK-maM\">https:\/\/wp.me\/pfMlyK-maM<\/a><\/strong><\/p>\n<div class='code-block code-block-4' style='margin: 8px auto 8px 0; text-align: left; display: block; clear: both;'>\n\ud83d\udce2 Aviso Legal\n\nO site ismaelcolosi.com.br atua apenas como um canal de divulga\u00e7\u00e3o de oportunidades de emprego e n\u00e3o se responsabiliza pelo processo seletivo, contrata\u00e7\u00e3o ou qualquer outra etapa relacionada \u00e0s vagas publicadas. Todas as informa\u00e7\u00f5es s\u00e3o de responsabilidade dos anunciantes.\n\n\u26a0\ufe0f Aten\u00e7\u00e3o! Nunca pague por promessas de emprego nem compre cursos que garantam contrata\u00e7\u00e3o. Desconfie de qualquer cobran\u00e7a para participar de sele\u00e7\u00f5es.\n\n\n\n<\/div>\n<!-- CONTENT END 1 -->\n","protected":false},"excerpt":{"rendered":"<p>Vaga de Emprego: Secretaria Oportunidade A empresa est\u00e1 em busca de uma profissional qualificada para a posi\u00e7\u00e3o de Secret\u00e1ria em sua equipe. A fun\u00e7\u00e3o \u00e9&#8230;<\/p>\n","protected":false},"author":1,"featured_media":86515,"comment_status":"closed","ping_status":"open","sticky":false,"template":"","format":"standard","meta":{"_uag_custom_page_level_css":"","advanced_seo_description":"","jetpack_seo_html_title":"","jetpack_seo_noindex":false,"jetpack_post_was_ever_published":false,"_jetpack_newsletter_access":"","_jetpack_dont_email_post_to_subs":false,"_jetpack_newsletter_tier_id":0,"_jetpack_memberships_contains_paywalled_content":false,"_jetpack_memberships_contains_paid_content":false,"footnotes":"","jetpack_publicize_message":"","jetpack_publicize_feature_enabled":true,"jetpack_social_post_already_shared":true,"jetpack_social_options":{"image_generator_settings":{"template":"highway","default_image_id":0,"font":"","enabled":false},"version":2}},"categories":[7],"tags":[],"class_list":["post-86899","post","type-post","status-publish","format-standard","has-post-thumbnail","hentry","category-vagas-de-empregos-em-ribeirao-preto-regiao-brasil"],"jetpack_publicize_connections":[],"jetpack_featured_media_url":"https:\/\/i0.wp.com\/ismaelcolosi.com.br\/wp-content\/uploads\/2025\/07\/1751661385_cropped-vagas-abertas-azul_widelg.jpg?fit=512%2C512&ssl=1","uagb_featured_image_src":{"full":["https:\/\/i0.wp.com\/ismaelcolosi.com.br\/wp-content\/uploads\/2025\/07\/1751661385_cropped-vagas-abertas-azul_widelg.jpg?fit=512%2C512&ssl=1",512,512,false],"thumbnail":["https:\/\/i0.wp.com\/ismaelcolosi.com.br\/wp-content\/uploads\/2025\/07\/1751661385_cropped-vagas-abertas-azul_widelg.jpg?resize=150%2C150&ssl=1",150,150,true],"medium":["https:\/\/i0.wp.com\/ismaelcolosi.com.br\/wp-content\/uploads\/2025\/07\/1751661385_cropped-vagas-abertas-azul_widelg.jpg?fit=300%2C300&ssl=1",300,300,true],"medium_large":["https:\/\/i0.wp.com\/ismaelcolosi.com.br\/wp-content\/uploads\/2025\/07\/1751661385_cropped-vagas-abertas-azul_widelg.jpg?fit=512%2C512&ssl=1",512,512,true],"large":["https:\/\/i0.wp.com\/ismaelcolosi.com.br\/wp-content\/uploads\/2025\/07\/1751661385_cropped-vagas-abertas-azul_widelg.jpg?fit=512%2C512&ssl=1",512,512,true],"1536x1536":["https:\/\/i0.wp.com\/ismaelcolosi.com.br\/wp-content\/uploads\/2025\/07\/1751661385_cropped-vagas-abertas-azul_widelg.jpg?fit=512%2C512&ssl=1",512,512,true],"2048x2048":["https:\/\/i0.wp.com\/ismaelcolosi.com.br\/wp-content\/uploads\/2025\/07\/1751661385_cropped-vagas-abertas-azul_widelg.jpg?fit=512%2C512&ssl=1",512,512,true],"really-simple-thumb":["https:\/\/i0.wp.com\/ismaelcolosi.com.br\/wp-content\/uploads\/2025\/07\/1751661385_cropped-vagas-abertas-azul_widelg.jpg?resize=370%2C247&ssl=1",370,247,true]},"uagb_author_info":{"display_name":"ismaelcolosi.com.br","author_link":"https:\/\/ismaelcolosi.com.br\/index.php\/author\/vidareal-online\/"},"uagb_comment_info":0,"uagb_excerpt":"Vaga de Emprego: Secretaria Oportunidade A empresa est\u00e1 em busca de uma profissional qualificada para a posi\u00e7\u00e3o de Secret\u00e1ria em sua equipe. A fun\u00e7\u00e3o \u00e9...","jetpack-related-posts":[{"id":86092,"url":"https:\/\/ismaelcolosi.com.br\/index.php\/2025\/06\/12\/4-vagas-para-hospital-ame-de-ribeirao-preto-com-salarios-de-ate-r-3-50000-desde-de-auxiliar-de-limpeza-a-manutencao-confira-as-vagas\/","url_meta":{"origin":86899,"position":0},"title":"4 vagas para Hospital AME de Ribeir\u00e3o preto com sal\u00e1rios de at\u00e9 R$ 3.500,00. Desde de Auxiliar de Limpeza a Manuten\u00e7\u00e3o. Confira as Vagas","author":"Arthur Tijolo","date":"12 de June de 2025","format":false,"excerpt":"Vaga: Auxiliar Administrativo (NIMP) \ud83d\udccd Local: Ribeir\u00e3o Preto, SP \ud83e\uddfe Responsabilidades: Recebimento, confer\u00eancia e arquivamento de documentos; Agendamento, altera\u00e7\u00f5es e corre\u00e7\u00f5es de dados; Organiza\u00e7\u00e3o das rotinas administrativas ligadas ao atendimento ao paciente. \ud83c\udf93 Requisitos: Ensino M\u00e9dio completo; M\u00ednimo de 1 ano de experi\u00eancia na \u00e1rea administrativa; Experi\u00eancia em ambiente hospitalar\u2026","rel":"","context":"In &quot;Vagas de Emprego em Ribeir\u00e3o Preto-SP&quot;","block_context":{"text":"Vagas de Emprego em Ribeir\u00e3o Preto-SP","link":"https:\/\/ismaelcolosi.com.br\/index.php\/category\/empregos-classificados-vagas-trabalho\/vagas-de-empregos-em-ribeirao-preto-regiao-brasil\/"},"img":{"alt_text":"","src":"https:\/\/i0.wp.com\/ismaelcolosi.com.br\/wp-content\/uploads\/2025\/06\/474619614_1956391431551529_4313568323283732543_n.jpg?fit=1080%2C930&ssl=1&resize=350%2C200","width":350,"height":200,"srcset":"https:\/\/i0.wp.com\/ismaelcolosi.com.br\/wp-content\/uploads\/2025\/06\/474619614_1956391431551529_4313568323283732543_n.jpg?fit=1080%2C930&ssl=1&resize=350%2C200 1x, https:\/\/i0.wp.com\/ismaelcolosi.com.br\/wp-content\/uploads\/2025\/06\/474619614_1956391431551529_4313568323283732543_n.jpg?fit=1080%2C930&ssl=1&resize=525%2C300 1.5x, https:\/\/i0.wp.com\/ismaelcolosi.com.br\/wp-content\/uploads\/2025\/06\/474619614_1956391431551529_4313568323283732543_n.jpg?fit=1080%2C930&ssl=1&resize=700%2C400 2x, https:\/\/i0.wp.com\/ismaelcolosi.com.br\/wp-content\/uploads\/2025\/06\/474619614_1956391431551529_4313568323283732543_n.jpg?fit=1080%2C930&ssl=1&resize=1050%2C600 3x"},"classes":[]},{"id":85910,"url":"https:\/\/ismaelcolosi.com.br\/index.php\/2025\/06\/04\/vaga-para-secretaria\/","url_meta":{"origin":86899,"position":1},"title":"Vaga para Secret\u00e1ria","author":"ismaelcolosi.com.br","date":"4 de June de 2025","format":false,"excerpt":"Secret\u00e1ria Requisitos: Experi\u00eancia na fun\u00e7\u00e3o Disponibilidade de hor\u00e1rio Interessados enviar curr\u00edculo para: WhatsApp (16) 99334-4978","rel":"","context":"In &quot;Vagas de Emprego em Ribeir\u00e3o Preto-SP&quot;","block_context":{"text":"Vagas de Emprego em Ribeir\u00e3o Preto-SP","link":"https:\/\/ismaelcolosi.com.br\/index.php\/category\/empregos-classificados-vagas-trabalho\/vagas-de-empregos-em-ribeirao-preto-regiao-brasil\/"},"img":{"alt_text":"","src":"https:\/\/i0.wp.com\/ismaelcolosi.com.br\/wp-content\/uploads\/2024\/02\/secretariado-executivo_widelg.jpg?fit=1000%2C487&ssl=1&resize=350%2C200","width":350,"height":200,"srcset":"https:\/\/i0.wp.com\/ismaelcolosi.com.br\/wp-content\/uploads\/2024\/02\/secretariado-executivo_widelg.jpg?fit=1000%2C487&ssl=1&resize=350%2C200 1x, https:\/\/i0.wp.com\/ismaelcolosi.com.br\/wp-content\/uploads\/2024\/02\/secretariado-executivo_widelg.jpg?fit=1000%2C487&ssl=1&resize=525%2C300 1.5x, https:\/\/i0.wp.com\/ismaelcolosi.com.br\/wp-content\/uploads\/2024\/02\/secretariado-executivo_widelg.jpg?fit=1000%2C487&ssl=1&resize=700%2C400 2x"},"classes":[]},{"id":31299,"url":"https:\/\/ismaelcolosi.com.br\/index.php\/2024\/01\/21\/encontre-aqui-a-sua-oportunidade-de-emprego-12\/","url_meta":{"origin":86899,"position":2},"title":"Encontre aqui a sua oportunidade de emprego","author":"ismaelcolosi.com.br","date":"21 de January de 2024","format":false,"excerpt":"Confira mais de 535 vagas dispon\u00edveis.Vagas por cidadeTodas(526)Mat\u00e3o(203)Araras(200)Ribeir\u00e3o Preto(81)Monte Alto(24)Santos(9)Cravinhos(3)Vagas por \u00e1reaTodas(536)Produ\u00e7\u00e3o\/Fabrica\u00e7\u00e3o(236)Industrial, Produ\u00e7\u00e3o...(209)Administra\u00e7\u00e3o Comercial...(13)Industrial,Produ\u00e7\u00e3o...(10)Administra\u00e7\u00e3o de...(10)Log\u00edstica(9)Vagas por cargoTodas(536)Ajudante de Produ\u00e7\u00e3o -...(401)Ajudante Geral de...(20)Auxiliar de Produ\u00e7\u00e3o...(11)Operador de Produ\u00e7\u00e3o -...(9)Auxiliar de Produ\u00e7\u00e3o(9)Auxiliar de Expedi\u00e7\u00e3o(5) Vagas recentesVaga para Assistente de Frota em CravinhosVaga para Eletricista de Manuten\u00e7\u00e3o em Ribeir\u00e3o PretoVaga para Operador de M\u00e1quina\u2026","rel":"","context":"In &quot;Vagas de Emprego em Ribeir\u00e3o Preto-SP&quot;","block_context":{"text":"Vagas de Emprego em Ribeir\u00e3o Preto-SP","link":"https:\/\/ismaelcolosi.com.br\/index.php\/category\/empregos-classificados-vagas-trabalho\/vagas-de-empregos-em-ribeirao-preto-regiao-brasil\/"},"img":{"alt_text":"","src":"https:\/\/i0.wp.com\/ismaelcolosi.com.br\/wp-content\/uploads\/2024\/01\/1705876523_maxresdefault.jpg?fit=1200%2C675&ssl=1&resize=350%2C200","width":350,"height":200,"srcset":"https:\/\/i0.wp.com\/ismaelcolosi.com.br\/wp-content\/uploads\/2024\/01\/1705876523_maxresdefault.jpg?fit=1200%2C675&ssl=1&resize=350%2C200 1x, https:\/\/i0.wp.com\/ismaelcolosi.com.br\/wp-content\/uploads\/2024\/01\/1705876523_maxresdefault.jpg?fit=1200%2C675&ssl=1&resize=525%2C300 1.5x, https:\/\/i0.wp.com\/ismaelcolosi.com.br\/wp-content\/uploads\/2024\/01\/1705876523_maxresdefault.jpg?fit=1200%2C675&ssl=1&resize=700%2C400 2x, https:\/\/i0.wp.com\/ismaelcolosi.com.br\/wp-content\/uploads\/2024\/01\/1705876523_maxresdefault.jpg?fit=1200%2C675&ssl=1&resize=1050%2C600 3x"},"classes":[]},{"id":29233,"url":"https:\/\/ismaelcolosi.com.br\/index.php\/2024\/01\/17\/encontre-aqui-a-sua-oportunidade-de-emprego-11\/","url_meta":{"origin":86899,"position":3},"title":"Encontre aqui a sua oportunidade de emprego","author":"ismaelcolosi.com.br","date":"17 de January de 2024","format":false,"excerpt":"Confira mais de 533 vagas dispon\u00edveis.Vagas por cidadeTodas(524)Mat\u00e3o(203)Araras(200)Ribeir\u00e3o Preto(78)Monte Alto(26)Santos(9)Andradina(2)Vagas por \u00e1reaTodas(534)Produ\u00e7\u00e3o\/Fabrica\u00e7\u00e3o(238)Industrial, Produ\u00e7\u00e3o...(209)Administra\u00e7\u00e3o Comercial...(13)Administra\u00e7\u00e3o de...(10)Industrial,Produ\u00e7\u00e3o...(10)Log\u00edstica(9)Vagas por cargoTodas(534)Ajudante de Produ\u00e7\u00e3o -...(401)Ajudante Geral de...(20)Auxiliar de Produ\u00e7\u00e3o...(11)Operador de Produ\u00e7\u00e3o -...(9)Auxiliar de Produ\u00e7\u00e3o(7)Auxiliar de Expedi\u00e7\u00e3o(5) Vagas recentes1 vaga para Lavador em Cravinhos - SPh\u00e1 2 horas5 vagas para Servi\u00e7os Gerais I em Monte Alto\u2026","rel":"","context":"In &quot;Vagas de Emprego em Ribeir\u00e3o Preto-SP&quot;","block_context":{"text":"Vagas de Emprego em Ribeir\u00e3o Preto-SP","link":"https:\/\/ismaelcolosi.com.br\/index.php\/category\/empregos-classificados-vagas-trabalho\/vagas-de-empregos-em-ribeirao-preto-regiao-brasil\/"},"img":{"alt_text":"","src":"https:\/\/i0.wp.com\/ismaelcolosi.com.br\/wp-content\/uploads\/2024\/01\/1705530623_maxresdefault.jpg?fit=1200%2C675&ssl=1&resize=350%2C200","width":350,"height":200,"srcset":"https:\/\/i0.wp.com\/ismaelcolosi.com.br\/wp-content\/uploads\/2024\/01\/1705530623_maxresdefault.jpg?fit=1200%2C675&ssl=1&resize=350%2C200 1x, https:\/\/i0.wp.com\/ismaelcolosi.com.br\/wp-content\/uploads\/2024\/01\/1705530623_maxresdefault.jpg?fit=1200%2C675&ssl=1&resize=525%2C300 1.5x, https:\/\/i0.wp.com\/ismaelcolosi.com.br\/wp-content\/uploads\/2024\/01\/1705530623_maxresdefault.jpg?fit=1200%2C675&ssl=1&resize=700%2C400 2x, https:\/\/i0.wp.com\/ismaelcolosi.com.br\/wp-content\/uploads\/2024\/01\/1705530623_maxresdefault.jpg?fit=1200%2C675&ssl=1&resize=1050%2C600 3x"},"classes":[]},{"id":25036,"url":"https:\/\/ismaelcolosi.com.br\/index.php\/2024\/01\/05\/encontre-aqui-a-sua-oportunidade-de-emprego-8\/","url_meta":{"origin":86899,"position":4},"title":"Encontre aqui a sua oportunidade de emprego","author":"ismaelcolosi.com.br","date":"5 de January de 2024","format":false,"excerpt":"Confira mais de 577 vagas dispon\u00edveis.Vagas por cidadeTodas(497)Mat\u00e3o(203)Araras(201)Ribeir\u00e3o Preto(72)Santos(9)Monte Alto(3)Andradina(2)Vagas por \u00e1reaTodas(578)Produ\u00e7\u00e3o\/Fabrica\u00e7\u00e3o(214)Industrial, Produ\u00e7\u00e3o...(208)Transporte Terrestre(76)Administra\u00e7\u00e3o Comercial...(11)Industrial,Produ\u00e7\u00e3o...(10)Log\u00edstica(9)Vagas por cargoTodas(578)Ajudante de Produ\u00e7\u00e3o -...(401)Motorista - V\u00e1rias...(72)Auxiliar de Produ\u00e7\u00e3o...(12)Operador de Produ\u00e7\u00e3o -...(9)Estagi\u00e1rio Comercial -...(5)Auxiliar de Produ\u00e7\u00e3o(5) Vagas recentesVaga para Vendedor Externo em Regi\u00e3o de Mar\u00edlia\/SP e Belo Horizonte\/MGh\u00e1 1 horaVaga para Estagi\u00e1rio Comercial - Home\u2026","rel":"","context":"In &quot;Vagas de Emprego em Ribeir\u00e3o Preto-SP&quot;","block_context":{"text":"Vagas de Emprego em Ribeir\u00e3o Preto-SP","link":"https:\/\/ismaelcolosi.com.br\/index.php\/category\/empregos-classificados-vagas-trabalho\/vagas-de-empregos-em-ribeirao-preto-regiao-brasil\/"},"img":{"alt_text":"","src":"https:\/\/i0.wp.com\/ismaelcolosi.com.br\/wp-content\/uploads\/2024\/01\/1704489929_maxresdefault.jpg?fit=1200%2C675&ssl=1&resize=350%2C200","width":350,"height":200,"srcset":"https:\/\/i0.wp.com\/ismaelcolosi.com.br\/wp-content\/uploads\/2024\/01\/1704489929_maxresdefault.jpg?fit=1200%2C675&ssl=1&resize=350%2C200 1x, https:\/\/i0.wp.com\/ismaelcolosi.com.br\/wp-content\/uploads\/2024\/01\/1704489929_maxresdefault.jpg?fit=1200%2C675&ssl=1&resize=525%2C300 1.5x, https:\/\/i0.wp.com\/ismaelcolosi.com.br\/wp-content\/uploads\/2024\/01\/1704489929_maxresdefault.jpg?fit=1200%2C675&ssl=1&resize=700%2C400 2x, https:\/\/i0.wp.com\/ismaelcolosi.com.br\/wp-content\/uploads\/2024\/01\/1704489929_maxresdefault.jpg?fit=1200%2C675&ssl=1&resize=1050%2C600 3x"},"classes":[]},{"id":83406,"url":"https:\/\/ismaelcolosi.com.br\/index.php\/2025\/02\/26\/contrata-se-lavador-e-acabador\/","url_meta":{"origin":86899,"position":5},"title":"CONTRATA-SE LAVADOR E ACABADOR","author":"ismaelcolosi.com.br","date":"26 de February de 2025","format":false,"excerpt":"An\u00fancios CONTRATA-SE AUXILIAR DE FARM\u00c1CIA Empregos - - 18\/02\/2025 SINDICATO DOS SERVIDORES MUNICIPAIS DE RIBEIR\u00c3O PRETO, GUATAPAR\u00c1 E PRAD\u00d3POLIS, contrata. Requisitos: Ensino m\u00e9dio completo; Experi\u00eancia na fun\u00e7\u00e3o e Residir em Ribeir\u00e3o Preto.Hor\u00e1rio de Trabalho: Carga hor\u00e1ria: Segunda a Sexta-feira das 08h \u00e0s 17h. At... VAGA DE APRENDIZ - ENSINO FUNDAMENTAL\u2026","rel":"","context":"In &quot;Vagas de Emprego em Ribeir\u00e3o Preto-SP&quot;","block_context":{"text":"Vagas de Emprego em Ribeir\u00e3o Preto-SP","link":"https:\/\/ismaelcolosi.com.br\/index.php\/category\/empregos-classificados-vagas-trabalho\/vagas-de-empregos-em-ribeirao-preto-regiao-brasil\/"},"img":{"alt_text":"CONTRATA-SE LAVADOR E ACABADOR","src":"https:\/\/i0.wp.com\/tribunaribeirao.com.br\/classificadostribuna\/oc-content\/uploads\/45\/5118_thumbnail.jpg?resize=350%2C200&ssl=1","width":350,"height":200},"classes":[]}],"jetpack_sharing_enabled":true,"jetpack_shortlink":"https:\/\/wp.me\/pfMlyK-mBB","_links":{"self":[{"href":"https:\/\/ismaelcolosi.com.br\/index.php\/wp-json\/wp\/v2\/posts\/86899","targetHints":{"allow":["GET"]}}],"collection":[{"href":"https:\/\/ismaelcolosi.com.br\/index.php\/wp-json\/wp\/v2\/posts"}],"about":[{"href":"https:\/\/ismaelcolosi.com.br\/index.php\/wp-json\/wp\/v2\/types\/post"}],"author":[{"embeddable":true,"href":"https:\/\/ismaelcolosi.com.br\/index.php\/wp-json\/wp\/v2\/users\/1"}],"replies":[{"embeddable":true,"href":"https:\/\/ismaelcolosi.com.br\/index.php\/wp-json\/wp\/v2\/comments?post=86899"}],"version-history":[{"count":3,"href":"https:\/\/ismaelcolosi.com.br\/index.php\/wp-json\/wp\/v2\/posts\/86899\/revisions"}],"predecessor-version":[{"id":86902,"href":"https:\/\/ismaelcolosi.com.br\/index.php\/wp-json\/wp\/v2\/posts\/86899\/revisions\/86902"}],"wp:featuredmedia":[{"embeddable":true,"href":"https:\/\/ismaelcolosi.com.br\/index.php\/wp-json\/wp\/v2\/media\/86515"}],"wp:attachment":[{"href":"https:\/\/ismaelcolosi.com.br\/index.php\/wp-json\/wp\/v2\/media?parent=86899"}],"wp:term":[{"taxonomy":"category","embeddable":true,"href":"https:\/\/ismaelcolosi.com.br\/index.php\/wp-json\/wp\/v2\/categories?post=86899"},{"taxonomy":"post_tag","embeddable":true,"href":"https:\/\/ismaelcolosi.com.br\/index.php\/wp-json\/wp\/v2\/tags?post=86899"}],"curies":[{"name":"wp","href":"https:\/\/api.w.org\/{rel}","templated":true}]}}