{"id":86888,"date":"2025-08-01T05:06:49","date_gmt":"2025-08-01T08:06:49","guid":{"rendered":"https:\/\/ismaelcolosi.com.br\/index.php\/2025\/08\/01\/nubank-santander-e-nestle-abrem-vagas-de-estagio-e-trainee-veja-como-se-destacar-nos-processos-seletivos\/"},"modified":"2025-08-01T05:06:49","modified_gmt":"2025-08-01T08:06:49","slug":"nubank-santander-e-nestle-abrem-vagas-de-estagio-e-trainee-veja-como-se-destacar-nos-processos-seletivos","status":"publish","type":"post","link":"https:\/\/ismaelcolosi.com.br\/index.php\/2025\/08\/01\/nubank-santander-e-nestle-abrem-vagas-de-estagio-e-trainee-veja-como-se-destacar-nos-processos-seletivos\/","title":{"rendered":"Nubank, Santander e Nestl\u00e9 Abrem Vagas de Est\u00e1gio e Trainee; Veja Como se Destacar nos Processos Seletivos"},"content":{"rendered":"<p> <br \/>\n<\/p>\n<div>\n<figure class=\"destaque wp-caption\">&#13;<br \/>\n\t\t<img data-recalc-dims=\"1\" width=\"678\" height=\"452\" src=\"https:\/\/i0.wp.com\/forbes.com.br\/wp-content\/uploads\/2025\/07\/carreira-trainee-estagio-programa-768x512.jpg?resize=678%2C452&#038;ssl=1\" class=\"attachment-medium_large size-medium_large wp-post-image\" alt=\"carreira trainee estagio programa\" decoding=\"async\" fetchpriority=\"high\"\/>\t\t<\/p>\n<p>Luis Alvarez\/Getty Images<\/p>\n<p>&#13;<figcaption class=\"wp-caption-text\">Sal\u00e1rios de trainees podem chegar a R$ 9.200 mil e bolsas de est\u00e1gio, a R$ 2.400 mil<\/figcaption>&#13;<br \/>\n\t<\/figure>\n<div class=\"accessibility\">\n<p>Acessibilidade<\/p>\n<p>&#13;<br \/>\n\t\t\t<button onclick=\"alterFont1()\" id=\"btn1\" class=\"btn\">L<\/button>&#13;<br \/>\n\t\t\t<button onclick=\"alterFont2()\" id=\"btn2\" class=\"btn\" style=\"font-family:Merriweather\">L<\/button>&#13;<br \/>\n\t\t\t<button onclick=\"alterFontSmallerSize()\" id=\"btn3\" class=\"btn\">A-<\/button>&#13;<br \/>\n\t\t\t<button onclick=\"alterFontBiggerSize()\" id=\"btn4\" class=\"btn\">A+<\/button>&#13;<br \/>\n\t\t\t<!--<button onclick='alterFontBolder()' id='btn5' class=\"btn\" >B<\/button>-->&#13;<br \/>\n\t\t\t<button onclick=\"alterBackground()\" id=\"btn6\" class=\"btn\">\u25d0<\/button>&#13;<br \/>\n\t\t\t<!--<button onclick='clean()' id='btn7' class=\"btn\" >Limpar<\/button>-->&#13;\n\t\t<\/p><div class='code-block code-block-8' style='margin: 8px auto; text-align: center; display: block; clear: both;'>\n<script>\n  atOptions = {\n    'key' : '66e2e2111ca34da796271819fc334058',\n    'format' : 'iframe',\n    'height' : 250,\n    'width' : 300,\n    'params' : {}\n  };\n<\/script>\n<script src=\"https:\/\/www.highperformanceformat.com\/66e2e2111ca34da796271819fc334058\/invoke.js\"><\/script>\n<\/div>\n\n<\/p><\/div>\n<p>O segundo semestre marca o in\u00edcio da \u201calta temporada\u201d dos <strong>programas de est\u00e1gio e trainee<\/strong> no Brasil. \u00c9 quando diversas empresas brasileiras abrem<strong> processos seletivos<\/strong> para atrair jovens talentos que dar\u00e3o os primeiros passos na carreira ainda em 2025 ou no in\u00edcio de 2026.<\/p>\n<p>Somente em julho, o Infojobs, plataforma online de empregos, registrou abertura de mais de 3,8 mil oportunidades de <strong>est\u00e1gio<\/strong> e outras mil para <strong>trainees<\/strong>. Entre as companhias com vagas abertas est\u00e3o gigantes como <strong>Nubank, Santander e Nestl\u00e9<\/strong>.<\/p>\n<aside>\n<h2>Leia tamb\u00e9m<\/h2>\n<\/aside>\n<p>As oportunidades abrangem diversas regi\u00f5es do pa\u00eds, com bolsas que chegam a<strong> R$ 2.400 <\/strong>para os estagi\u00e1rios, enquanto a m\u00e9dia nacional para uma jornada de seis horas de trabalho \u00e9 de R$ 1.582. No caso dos trainees, os sal\u00e1rios podem passar de <strong>R$ 9.000.<\/strong><\/p>\n<p>As empresas ainda oferecem diferentes <strong>benef\u00edcios<\/strong>, como aux\u00edlio home office, day off de anivers\u00e1rio, seguro de vida, desconto em produtos e Wellhub (ex-Gympass).<\/p>\n<p>Saiba como se candidatar \u00e0s vagas de est\u00e1gio e trainee e veja dicas de especialistas ouvidos pela <strong>Forbes<\/strong> para se destacar nos processos seletivos.<\/p>\n<h2>Empresas com vagas de est\u00e1gio ou trainee abertas:<\/h2>\n<p><strong>Nubank<\/strong>: inscri\u00e7\u00f5es para <strong>est\u00e1gio<\/strong> <a href=\"https:\/\/job-boards.greenhouse.io\/nubank\/jobs\/7078488?gh_src=3gjv1cic1us\" target=\"_blank\" rel=\"noopener\">aqui<\/a> at\u00e9 19 de agosto;<\/p>\n<p><strong>Santander<\/strong>: inscri\u00e7\u00f5es para o <strong>trainee<\/strong> <a href=\"https:\/\/www.santander.com.br\/hotsite\/traineesantander\/\" target=\"_blank\" rel=\"noopener\">aqui<\/a> at\u00e9 1 de setembro;<\/p>\n<p><strong>Nestl\u00e9<\/strong>: inscri\u00e7\u00f5es para o <strong>trainee<\/strong> <a href=\"https:\/\/www.nestlecomvoce.com.br\/programadetrainee\" target=\"_blank\" rel=\"noopener\">aqui<\/a> at\u00e9 28 de agosto;<\/p>\n<p><strong>C&amp;A<\/strong>: inscri\u00e7\u00f5es para o <strong>trainee<\/strong> <a href=\"https:\/\/ciadetalentos.com.br\/traineecea\/\" target=\"_blank\" rel=\"noopener\">aqui<\/a> at\u00e9 20 de agosto;<\/p>\n<p><strong>Machado Meyer Advogados<\/strong>: inscri\u00e7\u00f5es para <strong>est\u00e1gio<\/strong> <a href=\"https:\/\/aproximageracao.gupy.io\/jobs\/9470836\" target=\"_blank\" rel=\"noopener\">aqui<\/a> at\u00e9 5 de agosto;<\/p>\n<p><strong>TOTVS<\/strong>: inscri\u00e7\u00f5es para <strong>est\u00e1gio<\/strong> <a href=\"https:\/\/atracaodetalentos.totvs.app\/vagasdeestagio\" target=\"_blank\" rel=\"noopener\">aqui<\/a> at\u00e9 15 de agosto;<\/p>\n<p><strong>Grant Thornton Brasil<\/strong>: inscri\u00e7\u00f5es para o <strong>trainee<\/strong> <a href=\"https:\/\/www.grantthornton.com.br\/junte-se-a-nos\/programa-de-trainee\/\" target=\"_blank\" rel=\"noopener\">aqui <\/a>at\u00e9 19 de setembro;<\/p>\n<p><strong>Banco Mercantil:<\/strong> inscri\u00e7\u00f5es para <strong>est\u00e1gio<\/strong> <a href=\"https:\/\/estagio.bancomercantil.com.br\/\" target=\"_blank\" rel=\"noopener\">aqui <\/a>at\u00e9 o final do ano;<\/p>\n<p><strong>Casa dos Ventos<\/strong>: inscri\u00e7\u00f5es para <strong>est\u00e1gio<\/strong> <a href=\"https:\/\/casadosventos.gupy.io\/jobs\/8922621\" target=\"_blank\" rel=\"noopener\">aqui<\/a> at\u00e9 31 de agosto;<\/p>\n<h2>10 dicas para se destacar nos processos seletivos de grandes empresas<\/h2>\n<div class=\"pksGallery\">\n<div class=\"stage\">\n                        <span class=\"back\"\/><br \/>\n                        <span class=\"next\"\/><\/p>\n<ul>&#13;<\/p>\n<li>\n<div><span><img data-recalc-dims=\"1\" decoding=\"async\" width=\"800\" height=\"480\" src=\"https:\/\/i0.wp.com\/forbes.com.br\/wp-content\/uploads\/2024\/08\/carreira-curriculo.jpg?resize=800%2C480&#038;ssl=1\" class=\"attachment-pksgallery size-pksgallery\" alt=\"1. Tenha um curr\u00edculo organizado, objetivo e completo&#10;O primeiro contato entre a empresa e o candidato \u00e9 por meio do curr\u00edculo. Por isso, \u00e9 importante que ele tenha informa\u00e7\u00f5es de contato, forma\u00e7\u00e3o, experi\u00eancias profissionais (caso a pessoa tenha) e atividades extracurriculares, como projetos volunt\u00e1rios, acad\u00eamicos, interc\u00e2mbios etc. Voc\u00ea tamb\u00e9m pode usar ferramentas de intelig\u00eancia artificial, como o ChatGPT, para que seu curr\u00edculo contenha palavras-chave importantes para a empresa e a vaga. A IA tem sido bastante usada pelo setor de recursos humanos para filtrar candidatos, e voc\u00ea quer que seu curr\u00edculo te leve para a pr\u00f3xima etapa.\" loading=\"lazy\"\/><\/p>\n<div class=\"credito_mobile\"><span class=\"credito\">Getty Images<\/span><\/p>\n<h3>1. Tenha um curr\u00edculo organizado, objetivo e completo<\/h3>\n<p>O primeiro contato entre a empresa e o candidato \u00e9 por meio do curr\u00edculo. Por isso, \u00e9 importante que ele tenha informa\u00e7\u00f5es de contato, forma\u00e7\u00e3o, experi\u00eancias profissionais (caso a pessoa tenha) e atividades extracurriculares, como projetos volunt\u00e1rios, acad\u00eamicos, interc\u00e2mbios etc. Voc\u00ea tamb\u00e9m pode usar ferramentas de intelig\u00eancia artificial, como o ChatGPT, para que seu curr\u00edculo contenha palavras-chave importantes para a empresa e a vaga. A IA tem sido bastante usada pelo setor de recursos humanos para filtrar candidatos, e voc\u00ea quer que seu curr\u00edculo te leve para a pr\u00f3xima etapa.<\/p>\n<\/div>\n<p><\/span><\/div>\n<\/li>\n<li>\n<div><span><img data-recalc-dims=\"1\" decoding=\"async\" width=\"800\" height=\"480\" src=\"https:\/\/i0.wp.com\/forbes.com.br\/wp-content\/uploads\/2024\/08\/carreira-pesquisa.jpg?resize=800%2C480&#038;ssl=1\" class=\"attachment-pksgallery size-pksgallery\" alt=\"2. Pesquise bastante sobre a empresa e a vaga&#10;\u00c9 importante conhecer a companhia em que voc\u00ea quer trabalhar, o que ela faz, em qual segmento atua. Assim, o candidato demonstra interesse e pode dar respostas e fazer perguntas mais embasadas durante as etapas de entrevista e din\u00e2mica.&#10;&#10;Importante lembrar tamb\u00e9m de pesquisar sobre a vaga para entender se o perfil que a empresa procura \u00e9 aderente ao seu. Assim \u00e9 poss\u00edvel identificar tra\u00e7os culturais importantes da empresa e avaliar se eles est\u00e3o alinhados com voc\u00ea.\" loading=\"lazy\"\/><\/p>\n<div class=\"credito_mobile\"><span class=\"credito\">Getty Images<\/span><\/p>\n<h3>2. Pesquise bastante sobre a empresa e a vaga<\/h3>\n<p>\u00c9 importante conhecer a companhia em que voc\u00ea quer trabalhar, o que ela faz, em qual segmento atua. Assim, o candidato demonstra interesse e pode dar respostas e fazer perguntas mais embasadas durante as etapas de entrevista e din\u00e2mica.<\/p>\n<p>Importante lembrar tamb\u00e9m de pesquisar sobre a vaga para entender se o perfil que a empresa procura \u00e9 aderente ao seu. Assim \u00e9 poss\u00edvel identificar tra\u00e7os culturais importantes da empresa e avaliar se eles est\u00e3o alinhados com voc\u00ea.<\/p>\n<\/div>\n<p><\/span><\/div>\n<\/li>\n<li>\n<div><span><img data-recalc-dims=\"1\" decoding=\"async\" width=\"800\" height=\"480\" src=\"https:\/\/i0.wp.com\/forbes.com.br\/wp-content\/uploads\/2024\/08\/carreira-amplie-repertorio.jpg?resize=800%2C480&#038;ssl=1\" class=\"attachment-pksgallery size-pksgallery\" alt=\"3. Amplie seu repert\u00f3rio&#10;Considerando que boa parte das oportunidades de est\u00e1gio s\u00e3o voltadas para estudantes a partir do segundo ou terceiro ano de gradua\u00e7\u00e3o, aproveite o in\u00edcio da faculdade para viver experi\u00eancias como projetos acad\u00eamicos, praticar esportes coletivos, entrar em empresas juniores, participar como volunt\u00e1rio em projetos sociais ou mesmo dar aulas de refor\u00e7o gratuitas em alguma institui\u00e7\u00e3o.\" loading=\"lazy\"\/><\/p>\n<div class=\"credito_mobile\"><span class=\"credito\">Getty Images<\/span><\/p>\n<h3>3. Amplie seu repert\u00f3rio<\/h3>\n<p>Considerando que boa parte das oportunidades de est\u00e1gio s\u00e3o voltadas para estudantes a partir do segundo ou terceiro ano de gradua\u00e7\u00e3o, aproveite o in\u00edcio da faculdade para viver experi\u00eancias como projetos acad\u00eamicos, praticar esportes coletivos, entrar em empresas juniores, participar como volunt\u00e1rio em projetos sociais ou mesmo dar aulas de refor\u00e7o gratuitas em alguma institui\u00e7\u00e3o.<\/p>\n<\/div>\n<p><\/span><\/div>\n<\/li>\n<li>\n<div><span><img data-recalc-dims=\"1\" decoding=\"async\" width=\"800\" height=\"480\" src=\"https:\/\/i0.wp.com\/forbes.com.br\/wp-content\/uploads\/2024\/08\/carreira-conhecimento-tecnico.jpg?resize=800%2C480&#038;ssl=1\" class=\"attachment-pksgallery size-pksgallery\" alt=\"4. Busque conhecimento t\u00e9cnico&#10;Nas descri\u00e7\u00f5es de vagas h\u00e1 aspectos t\u00e9cnicos que s\u00e3o essenciais para a empresa, dependendo do mercado. Entenda quais s\u00e3o os da sua \u00e1rea e procure cursos complementares, seja de idiomas ou ferramentas. Participe de workshops, busque v\u00eddeos no YouTube ou assista a tutoriais ou filmes sem legenda para melhorar sua flu\u00eancia em outra l\u00edngua, por exemplo.\" loading=\"lazy\"\/><\/p>\n<div class=\"credito_mobile\"><span class=\"credito\">Getty Images<\/span><\/p>\n<h3>4. Busque conhecimento t\u00e9cnico<\/h3>\n<p>Nas descri\u00e7\u00f5es de vagas h\u00e1 aspectos t\u00e9cnicos que s\u00e3o essenciais para a empresa, dependendo do mercado. Entenda quais s\u00e3o os da sua \u00e1rea e procure cursos complementares, seja de idiomas ou ferramentas. Participe de workshops, busque v\u00eddeos no YouTube ou assista a tutoriais ou filmes sem legenda para melhorar sua flu\u00eancia em outra l\u00edngua, por exemplo.<\/p>\n<\/div>\n<p><\/span><\/div>\n<\/li>\n<li\/>\n<li>\n<div><span><img data-recalc-dims=\"1\" decoding=\"async\" width=\"800\" height=\"480\" src=\"https:\/\/i0.wp.com\/forbes.com.br\/wp-content\/uploads\/2024\/08\/carreira-soft-skills.jpg?resize=800%2C480&#038;ssl=1\" class=\"attachment-pksgallery size-pksgallery\" alt=\"5. Desenvolva soft skills&#10;\u00c9 importante desenvolver e demonstrar soft skills como empatia, flexibilidade, capacidade de ouvir e facilidade de falar em p\u00fablico. Algumas dessas qualidades ser\u00e3o avaliadas nas entrevistas e din\u00e2micas ao longo dos processos seletivos. Participe de eventos, seja orador dos trabalhos da faculdade, fa\u00e7a aulas de teatro, treine com amigos ou familiares e se exponha a esse tipo de situa\u00e7\u00e3o em que voc\u00ea est\u00e1 no centro das aten\u00e7\u00f5es.\" loading=\"lazy\"\/><\/p>\n<div class=\"credito_mobile\"><span class=\"credito\">Getty Images<\/span><\/p>\n<h3>5. Desenvolva soft skills<\/h3>\n<p>\u00c9 importante desenvolver e demonstrar soft skills como empatia, flexibilidade, capacidade de ouvir e facilidade de falar em p\u00fablico. Algumas dessas qualidades ser\u00e3o avaliadas nas entrevistas e din\u00e2micas ao longo dos processos seletivos. Participe de eventos, seja orador dos trabalhos da faculdade, fa\u00e7a aulas de teatro, treine com amigos ou familiares e se exponha a esse tipo de situa\u00e7\u00e3o em que voc\u00ea est\u00e1 no centro das aten\u00e7\u00f5es.<\/p>\n<\/div>\n<p><\/span><\/div>\n<\/li>\n<li>\n<div><span><img data-recalc-dims=\"1\" decoding=\"async\" width=\"800\" height=\"480\" src=\"https:\/\/i0.wp.com\/forbes.com.br\/wp-content\/uploads\/2024\/08\/carreira-destaque-habilidades.jpg?resize=800%2C480&#038;ssl=1\" class=\"attachment-pksgallery size-pksgallery\" alt=\"6. Destaque suas habilidades&#10;Durante a entrevista, conte sobre projetos que voc\u00ea participou na faculdade ou em empregos anteriores e os resultados que obteve. N\u00e3o diga apenas que tem habilidades de lideran\u00e7a, por exemplo. Demonstre como usou ou desenvolveu essa habilidade e como ela foi importante em um momento espec\u00edfico da sua trajet\u00f3ria. Os exemplos s\u00e3o importantes para que o recrutador consiga te conhecer um pouco mais.\" loading=\"lazy\"\/><\/p>\n<div class=\"credito_mobile\"><span class=\"credito\">Getty Images<\/span><\/p>\n<h3>6. Destaque suas habilidades<\/h3>\n<p>Durante a entrevista, conte sobre projetos que voc\u00ea participou na faculdade ou em empregos anteriores e os resultados que obteve. N\u00e3o diga apenas que tem habilidades de lideran\u00e7a, por exemplo. Demonstre como usou ou desenvolveu essa habilidade e como ela foi importante em um momento espec\u00edfico da sua trajet\u00f3ria. Os exemplos s\u00e3o importantes para que o recrutador consiga te conhecer um pouco mais.<\/p>\n<\/div>\n<p><\/span><\/div>\n<\/li>\n<li>\n<div><span><img data-recalc-dims=\"1\" decoding=\"async\" width=\"800\" height=\"480\" src=\"https:\/\/i0.wp.com\/forbes.com.br\/wp-content\/uploads\/2024\/08\/carreira-imagem-digital.jpg?resize=800%2C480&#038;ssl=1\" class=\"attachment-pksgallery size-pksgallery\" alt=\"7. Cuide da sua imagem digital&#10;Enxergue suas redes sociais e sua p\u00e1gina profissional (se tiver um blog, portf\u00f3lio, etc) como uma extens\u00e3o do seu curr\u00edculo e capriche no seu perfil no LinkedIn. Mesmo sem experi\u00eancia profissional, compartilhe seus cursos, aprendizados, artigos que leu ou achou relevantes, lugares que visitou e que trouxeram algum tipo de conhecimento novo. Mostre suas habilidades e interesses. Vale checar nos an\u00fancios de vagas da sua \u00e1rea quais s\u00e3o os principais termos e us\u00e1-los, assim recrutadores podem encontrar seu perfil com mais facilidade.\" loading=\"lazy\"\/><\/p>\n<div class=\"credito_mobile\"><span class=\"credito\">Getty Images<\/span><\/p>\n<h3>7. Cuide da sua imagem digital<\/h3>\n<p>Enxergue suas redes sociais e sua p\u00e1gina profissional (se tiver um blog, portf\u00f3lio, etc) como uma extens\u00e3o do seu curr\u00edculo e capriche no seu perfil no LinkedIn. Mesmo sem experi\u00eancia profissional, compartilhe seus cursos, aprendizados, artigos que leu ou achou relevantes, lugares que visitou e que trouxeram algum tipo de conhecimento novo. Mostre suas habilidades e interesses. Vale checar nos an\u00fancios de vagas da sua \u00e1rea quais s\u00e3o os principais termos e us\u00e1-los, assim recrutadores podem encontrar seu perfil com mais facilidade.<\/p>\n<\/div>\n<p><\/span><\/div>\n<\/li>\n<li>\n<div><span><img data-recalc-dims=\"1\" decoding=\"async\" width=\"800\" height=\"480\" src=\"https:\/\/i0.wp.com\/forbes.com.br\/wp-content\/uploads\/2024\/08\/carreira-planejamento-etapa.jpg?resize=800%2C480&#038;ssl=1\" class=\"attachment-pksgallery size-pksgallery\" alt=\"8. Prepare-se para cada etapa&#10;Mesmo se for participar de uma entrevista ou din\u00e2mica online, \u00e9 importante tomar alguns cuidados com a apar\u00eancia. Escolha um local tranquilo, com internet est\u00e1vel, pe\u00e7a para as pessoas que moram com voc\u00ea n\u00e3o te interromperem. Al\u00e9m disso, antes da entrevista, pense sobre pontos que voc\u00ea acha importante comentar.\" loading=\"lazy\"\/><\/p>\n<div class=\"credito_mobile\"><span class=\"credito\">Getty Images<\/span><\/p>\n<h3>8. Prepare-se para cada etapa<\/h3>\n<p>Mesmo se for participar de uma entrevista ou din\u00e2mica online, \u00e9 importante tomar alguns cuidados com a apar\u00eancia. Escolha um local tranquilo, com internet est\u00e1vel, pe\u00e7a para as pessoas que moram com voc\u00ea n\u00e3o te interromperem. Al\u00e9m disso, antes da entrevista, pense sobre pontos que voc\u00ea acha importante comentar.<\/p>\n<\/div>\n<p><\/span><\/div>\n<\/li>\n<li>\n<div><span><img data-recalc-dims=\"1\" decoding=\"async\" width=\"800\" height=\"480\" src=\"https:\/\/i0.wp.com\/forbes.com.br\/wp-content\/uploads\/2024\/08\/carreira-comunicacao-autenticidade.jpg?resize=800%2C480&#038;ssl=1\" class=\"attachment-pksgallery size-pksgallery\" alt=\"9. Seja aut\u00eantico e tenha uma boa comunica\u00e7\u00e3o&#10;Pode parecer \u00f3bvio, mas vale refor\u00e7ar que mentir nunca \u00e9 uma op\u00e7\u00e3o. N\u00e3o \u00e9 dif\u00edcil identificar quando algu\u00e9m n\u00e3o est\u00e1 falando a verdade. Cuide tamb\u00e9m para ter uma comunica\u00e7\u00e3o clara e se fazer entender nos pontos mais importantes.\" loading=\"lazy\"\/><\/p>\n<div class=\"credito_mobile\"><span class=\"credito\">Getty Images<\/span><\/p>\n<h3>9. Seja aut\u00eantico e tenha uma boa comunica\u00e7\u00e3o<\/h3>\n<p>Pode parecer \u00f3bvio, mas vale refor\u00e7ar que mentir nunca \u00e9 uma op\u00e7\u00e3o. N\u00e3o \u00e9 dif\u00edcil identificar quando algu\u00e9m n\u00e3o est\u00e1 falando a verdade. Cuide tamb\u00e9m para ter uma comunica\u00e7\u00e3o clara e se fazer entender nos pontos mais importantes.<\/p>\n<\/div>\n<p><\/span><\/div>\n<\/li>\n<li>\n<div><span><img data-recalc-dims=\"1\" decoding=\"async\" width=\"800\" height=\"480\" src=\"https:\/\/i0.wp.com\/forbes.com.br\/wp-content\/uploads\/2024\/08\/carreira-aprenda-com-o-processo.jpg?resize=800%2C480&#038;ssl=1\" class=\"attachment-pksgallery size-pksgallery\" alt=\"10. Aprenda com o processo&#10;N\u00e3o se desaponte com os \u201cn\u00e3os\u201d que receber, eles fazem parte de qualquer jornada. \u00c9 importante que voc\u00ea pe\u00e7a feedback, absorva o que for recebendo, ganhe confian\u00e7a para falar e expor suas ideias e habilidades. Isso, sem d\u00favidas, ser\u00e1 relevante para a sua trajet\u00f3ria profissional.\" loading=\"lazy\"\/><\/p>\n<div class=\"credito_mobile\"><span class=\"credito\">Getty Images<\/span><\/p>\n<h3>10. Aprenda com o processo<\/h3>\n<p>N\u00e3o se desaponte com os \u201cn\u00e3os\u201d que receber, eles fazem parte de qualquer jornada. \u00c9 importante que voc\u00ea pe\u00e7a feedback, absorva o que for recebendo, ganhe confian\u00e7a para falar e expor suas ideias e habilidades. Isso, sem d\u00favidas, ser\u00e1 relevante para a sua trajet\u00f3ria profissional.<\/p>\n<\/div>\n<p><\/span><\/div>\n<\/li>\n<\/ul>\n<\/div>\n<div class=\"description\"><span class=\"credito\">Getty Images<\/span><\/p>\n<h3>1. Tenha um curr\u00edculo organizado, objetivo e completo<\/h3>\n<p>O primeiro contato entre a empresa e o candidato \u00e9 por meio do curr\u00edculo. Por isso, \u00e9 importante que ele tenha informa\u00e7\u00f5es de contato, forma\u00e7\u00e3o, experi\u00eancias profissionais (caso a pessoa tenha) e atividades extracurriculares, como projetos volunt\u00e1rios, acad\u00eamicos, interc\u00e2mbios etc. Voc\u00ea tamb\u00e9m pode usar ferramentas de intelig\u00eancia artificial, como o ChatGPT, para que seu curr\u00edculo contenha palavras-chave importantes para a empresa e a vaga. A IA tem sido bastante usada pelo setor de recursos humanos para filtrar candidatos, e voc\u00ea quer que seu curr\u00edculo te leve para a pr\u00f3xima etapa.<\/p>\n<\/div>\n<\/div>\n<aside>\n<h2>Escolhas do editor<\/h2>\n<\/aside>\n<div class=\"follow-us\">Siga o canal da <a href=\"https:\/\/whatsapp.com\/channel\/0029Va9gQKwBFLgM96cJnu0u\" target=\"_blank\" rel=\"noopener noreferrer nofollow\" title=\"Grupo da Forbes no WhatsApp\">Forbes<\/a> no WhatsApp e receba as principais not\u00edcias de empreendedorismo, carreira, tecnologia, agro e lifestyle.<\/div>\n<\/p><\/div>\n<p><script data-debloat-delay=\"1\" type=\"text\/debloat-script\">\n\t\t\t\t(function(d, s, id){\n\t\t\t\t\tvar js, fjs = d.getElementsByTagName(s)[0];\n\t\t\t\t\tif (d.getElementById(id)) return;\n\t\t\t\t\tjs = d.createElement(s); js.id = id;\n\t\t\t\t\tjs.src = \"\/\/connect.facebook.net\/pt_BR\/sdk.js#xfbml=1&version=v2.9\";\n\t\t\t\t\tfjs.parentNode.insertBefore(js, fjs);\n\t\t\t\t}(document, 'script', 'facebook-jssdk'));\n\t\t\t<\/script><br \/>\n<br \/><br \/>\n<br \/><a href=\"https:\/\/forbes.com.br\/carreira\/2025\/08\/nubank-santander-e-nestle-abrem-vagas-de-estagio-e-trainee-veja-como-se-destacar-nos-processos-seletivos\/\">Source link <\/a><\/p>\n<div class='code-block code-block-4' style='margin: 8px auto 8px 0; text-align: left; display: block; clear: both;'>\n\ud83d\udce2 Aviso Legal\n\nO site ismaelcolosi.com.br atua apenas como um canal de divulga\u00e7\u00e3o de oportunidades de emprego e n\u00e3o se responsabiliza pelo processo seletivo, contrata\u00e7\u00e3o ou qualquer outra etapa relacionada \u00e0s vagas publicadas. Todas as informa\u00e7\u00f5es s\u00e3o de responsabilidade dos anunciantes.\n\n\u26a0\ufe0f Aten\u00e7\u00e3o! Nunca pague por promessas de emprego nem compre cursos que garantam contrata\u00e7\u00e3o. Desconfie de qualquer cobran\u00e7a para participar de sele\u00e7\u00f5es.\n\n\n\n<\/div>\n<!-- CONTENT END 1 -->\n","protected":false},"excerpt":{"rendered":"<p>&#13; Luis Alvarez\/Getty Images &#13;Sal\u00e1rios de trainees podem chegar a R$ 9.200 mil e bolsas de est\u00e1gio, a R$ 2.400 mil&#13; Acessibilidade &#13; L&#13; L&#13;&#8230;<\/p>\n","protected":false},"author":1,"featured_media":86889,"comment_status":"","ping_status":"open","sticky":false,"template":"","format":"standard","meta":{"_uag_custom_page_level_css":"","advanced_seo_description":"","jetpack_seo_html_title":"","jetpack_seo_noindex":false,"jetpack_post_was_ever_published":false,"_jetpack_newsletter_access":"","_jetpack_dont_email_post_to_subs":false,"_jetpack_newsletter_tier_id":0,"_jetpack_memberships_contains_paywalled_content":false,"_jetpack_memberships_contains_paid_content":false,"footnotes":"","jetpack_publicize_message":"","jetpack_publicize_feature_enabled":true,"jetpack_social_post_already_shared":true,"jetpack_social_options":{"image_generator_settings":{"template":"highway","default_image_id":0,"font":"","enabled":false},"version":2}},"categories":[1964],"tags":[],"class_list":["post-86888","post","type-post","status-publish","format-standard","has-post-thumbnail","hentry","category-carreira-e-sucesso-dicas-para-carreira"],"jetpack_publicize_connections":[],"jetpack_featured_media_url":"https:\/\/i0.wp.com\/ismaelcolosi.com.br\/wp-content\/uploads\/2025\/08\/carreira-trainee-estagio-programa-1200x675.jpg?fit=1200%2C675&ssl=1","uagb_featured_image_src":{"full":["https:\/\/i0.wp.com\/ismaelcolosi.com.br\/wp-content\/uploads\/2025\/08\/carreira-trainee-estagio-programa-1200x675.jpg?fit=1200%2C675&ssl=1",1200,675,false],"thumbnail":["https:\/\/i0.wp.com\/ismaelcolosi.com.br\/wp-content\/uploads\/2025\/08\/carreira-trainee-estagio-programa-1200x675.jpg?resize=150%2C150&ssl=1",150,150,true],"medium":["https:\/\/i0.wp.com\/ismaelcolosi.com.br\/wp-content\/uploads\/2025\/08\/carreira-trainee-estagio-programa-1200x675.jpg?fit=300%2C169&ssl=1",300,169,true],"medium_large":["https:\/\/i0.wp.com\/ismaelcolosi.com.br\/wp-content\/uploads\/2025\/08\/carreira-trainee-estagio-programa-1200x675.jpg?fit=768%2C432&ssl=1",768,432,true],"large":["https:\/\/i0.wp.com\/ismaelcolosi.com.br\/wp-content\/uploads\/2025\/08\/carreira-trainee-estagio-programa-1200x675.jpg?fit=1024%2C576&ssl=1",1024,576,true],"1536x1536":["https:\/\/i0.wp.com\/ismaelcolosi.com.br\/wp-content\/uploads\/2025\/08\/carreira-trainee-estagio-programa-1200x675.jpg?fit=1200%2C675&ssl=1",1200,675,true],"2048x2048":["https:\/\/i0.wp.com\/ismaelcolosi.com.br\/wp-content\/uploads\/2025\/08\/carreira-trainee-estagio-programa-1200x675.jpg?fit=1200%2C675&ssl=1",1200,675,true],"really-simple-thumb":["https:\/\/i0.wp.com\/ismaelcolosi.com.br\/wp-content\/uploads\/2025\/08\/carreira-trainee-estagio-programa-1200x675.jpg?resize=370%2C247&ssl=1",370,247,true]},"uagb_author_info":{"display_name":"ismaelcolosi.com.br","author_link":"https:\/\/ismaelcolosi.com.br\/index.php\/author\/vidareal-online\/"},"uagb_comment_info":0,"uagb_excerpt":"&#13; Luis Alvarez\/Getty Images &#13;Sal\u00e1rios de trainees podem chegar a R$ 9.200 mil e bolsas de est\u00e1gio, a R$ 2.400 mil&#13; Acessibilidade &#13; L&#13; L&#13;...","jetpack-related-posts":[{"id":10123,"url":"https:\/\/ismaelcolosi.com.br\/index.php\/2023\/12\/03\/iel-abre-19-mil-vagas-de-estagio-em-varios-estados-com-bolsas-de-ate-r-25-mil\/","url_meta":{"origin":86888,"position":0},"title":"IEL abre 1,9 mil vagas de est\u00e1gio em v\u00e1rios estados com bolsas de at\u00e9 R$ 2,5 mil","author":"ismaelcolosi.com.br","date":"3 de December de 2023","format":false,"excerpt":"O Instituto Euvaldo Lodi (IEL) est\u00e1 com 1.937 vagas de est\u00e1gio abertas em diferentes estados do Brasil. O IEL faz parte do Sistema Confedera\u00e7\u00e3o Nacional da Ind\u00fastria (CNI), o mesmo que gere as escolas do Senai. As oportunidades s\u00e3o para os estados de Alagoas, Amazonas, Bahia, Cear\u00e1, Goi\u00e1s, Mato Grosso,\u2026","rel":"","context":"In &quot;Variedades&quot;","block_context":{"text":"Variedades","link":"https:\/\/ismaelcolosi.com.br\/index.php\/category\/variedades\/"},"img":{"alt_text":"","src":"https:\/\/i0.wp.com\/ismaelcolosi.com.br\/wp-content\/uploads\/2023\/12\/estagios-iel-divulcagao.jpg?fit=1200%2C638&ssl=1&resize=350%2C200","width":350,"height":200,"srcset":"https:\/\/i0.wp.com\/ismaelcolosi.com.br\/wp-content\/uploads\/2023\/12\/estagios-iel-divulcagao.jpg?fit=1200%2C638&ssl=1&resize=350%2C200 1x, https:\/\/i0.wp.com\/ismaelcolosi.com.br\/wp-content\/uploads\/2023\/12\/estagios-iel-divulcagao.jpg?fit=1200%2C638&ssl=1&resize=525%2C300 1.5x, https:\/\/i0.wp.com\/ismaelcolosi.com.br\/wp-content\/uploads\/2023\/12\/estagios-iel-divulcagao.jpg?fit=1200%2C638&ssl=1&resize=700%2C400 2x, https:\/\/i0.wp.com\/ismaelcolosi.com.br\/wp-content\/uploads\/2023\/12\/estagios-iel-divulcagao.jpg?fit=1200%2C638&ssl=1&resize=1050%2C600 3x"},"classes":[]},{"id":14574,"url":"https:\/\/ismaelcolosi.com.br\/index.php\/2023\/12\/12\/instituto-ligado-ao-senai-oferece-estagio-com-bolsas-de-r-22-mil\/","url_meta":{"origin":86888,"position":1},"title":"Instituto ligado ao Senai oferece est\u00e1gio com bolsas de R$ 2,2 mil","author":"ismaelcolosi.com.br","date":"12 de December de 2023","format":false,"excerpt":"Quer come\u00e7ar 2024 trabalhando? O Instituto Euvaldo Lodi (IEL), refer\u00eancia em conectar talentos e empresas, oferta o Programa Nacional de Est\u00e1gio. Atualmente, o IEL est\u00e1 com 1.153 vagas de est\u00e1gio abertas em diferentes estados do Brasil. O IEL faz parte do Sistema Confedera\u00e7\u00e3o Nacional da Ind\u00fastria (CNI), o mesmo que\u2026","rel":"","context":"In &quot;Variedades&quot;","block_context":{"text":"Variedades","link":"https:\/\/ismaelcolosi.com.br\/index.php\/category\/variedades\/"},"img":{"alt_text":"","src":"https:\/\/i0.wp.com\/ismaelcolosi.com.br\/wp-content\/uploads\/2023\/12\/bolsas-de-estudo-iel.jpg?fit=1200%2C638&ssl=1&resize=350%2C200","width":350,"height":200,"srcset":"https:\/\/i0.wp.com\/ismaelcolosi.com.br\/wp-content\/uploads\/2023\/12\/bolsas-de-estudo-iel.jpg?fit=1200%2C638&ssl=1&resize=350%2C200 1x, https:\/\/i0.wp.com\/ismaelcolosi.com.br\/wp-content\/uploads\/2023\/12\/bolsas-de-estudo-iel.jpg?fit=1200%2C638&ssl=1&resize=525%2C300 1.5x, https:\/\/i0.wp.com\/ismaelcolosi.com.br\/wp-content\/uploads\/2023\/12\/bolsas-de-estudo-iel.jpg?fit=1200%2C638&ssl=1&resize=700%2C400 2x, https:\/\/i0.wp.com\/ismaelcolosi.com.br\/wp-content\/uploads\/2023\/12\/bolsas-de-estudo-iel.jpg?fit=1200%2C638&ssl=1&resize=1050%2C600 3x"},"classes":[]},{"id":63644,"url":"https:\/\/ismaelcolosi.com.br\/index.php\/2024\/09\/03\/ambev-prorroga-inscricoes-para-estagio-e-trainee-com-salario-de-ate-r-85-mil-veja-como-participar\/","url_meta":{"origin":86888,"position":2},"title":"Ambev prorroga inscri\u00e7\u00f5es para est\u00e1gio e trainee com sal\u00e1rio de at\u00e9 R$ 8,5 mil; veja como participar","author":"ismaelcolosi.com.br","date":"3 de September de 2024","format":false,"excerpt":"Da reda\u00e7\u00e3oi Da reda\u00e7\u00e3o 03\/09\/2024 - 11:25 A Ambev prorrogou as inscri\u00e7\u00f5es de seu programa de est\u00e1gio e trainee at\u00e9 quinta-feira, 5.TraineePara as oportunidades de trainee, o candidato pode escolher a \u00e1rea de maior interesse: Business ou Supply Chain.O processo est\u00e1 aberto para candidatos de todos os cursos, com o\u2026","rel":"","context":"In &quot;Empregos - Classificados&quot;","block_context":{"text":"Empregos - Classificados","link":"https:\/\/ismaelcolosi.com.br\/index.php\/category\/empregos-classificados-vagas-trabalho\/"},"img":{"alt_text":"","src":"https:\/\/i0.wp.com\/ismaelcolosi.com.br\/wp-content\/uploads\/2024\/09\/ambev-1.jpg?fit=640%2C360&ssl=1&resize=350%2C200","width":350,"height":200,"srcset":"https:\/\/i0.wp.com\/ismaelcolosi.com.br\/wp-content\/uploads\/2024\/09\/ambev-1.jpg?fit=640%2C360&ssl=1&resize=350%2C200 1x, https:\/\/i0.wp.com\/ismaelcolosi.com.br\/wp-content\/uploads\/2024\/09\/ambev-1.jpg?fit=640%2C360&ssl=1&resize=525%2C300 1.5x"},"classes":[]},{"id":64032,"url":"https:\/\/ismaelcolosi.com.br\/index.php\/2024\/09\/05\/programa-de-trainee-e-estagio-da-ambev-tem-inscricoes-abertas-ate-esta-quinta-salario-chega-a-r-85-mil\/","url_meta":{"origin":86888,"position":3},"title":"Programa de trainee e est\u00e1gio da Ambev tem inscri\u00e7\u00f5es abertas at\u00e9 esta quinta; sal\u00e1rio chega a R$ 8,5 mil","author":"ismaelcolosi.com.br","date":"5 de September de 2024","format":false,"excerpt":"Da reda\u00e7\u00e3oi Da reda\u00e7\u00e3o 05\/09\/2024 - 9:42 Esta quinta-feira, 5, \u00e9 o \u00faltimo dia de inscri\u00e7\u00f5es para o programa de est\u00e1gio e trainee da Ambev. Os sal\u00e1rios chegam at\u00e9 R$ 8,5 mil mensais.TraineePara as oportunidades de trainee, o candidato pode escolher a \u00e1rea de maior interesse: Business ou Supply Chain.O\u2026","rel":"","context":"In &quot;Empregos - Classificados&quot;","block_context":{"text":"Empregos - Classificados","link":"https:\/\/ismaelcolosi.com.br\/index.php\/category\/empregos-classificados-vagas-trabalho\/"},"img":{"alt_text":"","src":"https:\/\/i0.wp.com\/ismaelcolosi.com.br\/wp-content\/uploads\/2024\/09\/tagreuterscom2021binary-lynxmpeh6s15n-baseimage.jpg?fit=800%2C470&ssl=1&resize=350%2C200","width":350,"height":200,"srcset":"https:\/\/i0.wp.com\/ismaelcolosi.com.br\/wp-content\/uploads\/2024\/09\/tagreuterscom2021binary-lynxmpeh6s15n-baseimage.jpg?fit=800%2C470&ssl=1&resize=350%2C200 1x, https:\/\/i0.wp.com\/ismaelcolosi.com.br\/wp-content\/uploads\/2024\/09\/tagreuterscom2021binary-lynxmpeh6s15n-baseimage.jpg?fit=800%2C470&ssl=1&resize=525%2C300 1.5x, https:\/\/i0.wp.com\/ismaelcolosi.com.br\/wp-content\/uploads\/2024\/09\/tagreuterscom2021binary-lynxmpeh6s15n-baseimage.jpg?fit=800%2C470&ssl=1&resize=700%2C400 2x"},"classes":[]},{"id":22183,"url":"https:\/\/ismaelcolosi.com.br\/index.php\/2023\/12\/29\/nube-oferece-10-mil-vagas-com-bolsas-de-ate-r-22-mil\/","url_meta":{"origin":86888,"position":4},"title":"Nube oferece 10 mil vagas com bolsas de at\u00e9 R$ 2,2 mil","author":"ismaelcolosi.com.br","date":"29 de December de 2023","format":false,"excerpt":"Da reda\u00e7\u00e3oi Da reda\u00e7\u00e3o 29\/12\/2023 - 10:46 O N\u00facleo Brasileiro de Est\u00e1gios (Nube) est\u00e1 oferecendo, esta semana, pelo menos 9,9 mil vagas de est\u00e1gio para alunos do ensino m\u00e9dio, t\u00e9cnico e superior. Administra\u00e7\u00e3o, Arquitetura, Contabilidade, Educa\u00e7\u00e3o F\u00edsica, Engenharia Ambiental, Engenharia Civil, Est\u00e9tica e Farm\u00e1cia s\u00e3o alguns dos cursos em que\u2026","rel":"","context":"In &quot;Vagas de Emprego em Ribeir\u00e3o Preto-SP&quot;","block_context":{"text":"Vagas de Emprego em Ribeir\u00e3o Preto-SP","link":"https:\/\/ismaelcolosi.com.br\/index.php\/category\/empregos-classificados-vagas-trabalho\/vagas-de-empregos-em-ribeirao-preto-regiao-brasil\/"},"img":{"alt_text":"","src":"https:\/\/i0.wp.com\/ismaelcolosi.com.br\/wp-content\/uploads\/2023\/12\/estagio-1.jpg?fit=922%2C612&ssl=1&resize=350%2C200","width":350,"height":200,"srcset":"https:\/\/i0.wp.com\/ismaelcolosi.com.br\/wp-content\/uploads\/2023\/12\/estagio-1.jpg?fit=922%2C612&ssl=1&resize=350%2C200 1x, https:\/\/i0.wp.com\/ismaelcolosi.com.br\/wp-content\/uploads\/2023\/12\/estagio-1.jpg?fit=922%2C612&ssl=1&resize=525%2C300 1.5x, https:\/\/i0.wp.com\/ismaelcolosi.com.br\/wp-content\/uploads\/2023\/12\/estagio-1.jpg?fit=922%2C612&ssl=1&resize=700%2C400 2x"},"classes":[]},{"id":17115,"url":"https:\/\/ismaelcolosi.com.br\/index.php\/2023\/12\/17\/banco-abre-selecao-para-estagio-com-bolsa-de-r-19-mil-mais-beneficios-veja-prazo-da-inscricao\/","url_meta":{"origin":86888,"position":5},"title":"Banco abre sele\u00e7\u00e3o para est\u00e1gio com bolsa de R$ 1,9 mil mais benef\u00edcios; veja prazo da inscri\u00e7\u00e3o","author":"ismaelcolosi.com.br","date":"17 de December de 2023","format":false,"excerpt":"Da reda\u00e7\u00e3oi Da reda\u00e7\u00e3o 17\/12\/2023 - 15:00 O Agibank est\u00e1 com inscri\u00e7\u00f5es abertas para a edi\u00e7\u00e3o 2024 do seu programa de est\u00e1gio. As 35 vagas s\u00e3o para estudantes do ensino superior de Campinas e regi\u00e3o, no estado de S\u00e3o Paulo e em diferentes \u00e1reas do conhecimento, como Economia, Comunica\u00e7\u00e3o, Design\/Produ\u00e7\u00e3o\u2026","rel":"","context":"In &quot;Vagas de Emprego em Ribeir\u00e3o Preto-SP&quot;","block_context":{"text":"Vagas de Emprego em Ribeir\u00e3o Preto-SP","link":"https:\/\/ismaelcolosi.com.br\/index.php\/category\/empregos-classificados-vagas-trabalho\/vagas-de-empregos-em-ribeirao-preto-regiao-brasil\/"},"img":{"alt_text":"","src":"https:\/\/i0.wp.com\/ismaelcolosi.com.br\/wp-content\/uploads\/2023\/12\/agibank.jpg?fit=807%2C480&ssl=1&resize=350%2C200","width":350,"height":200,"srcset":"https:\/\/i0.wp.com\/ismaelcolosi.com.br\/wp-content\/uploads\/2023\/12\/agibank.jpg?fit=807%2C480&ssl=1&resize=350%2C200 1x, https:\/\/i0.wp.com\/ismaelcolosi.com.br\/wp-content\/uploads\/2023\/12\/agibank.jpg?fit=807%2C480&ssl=1&resize=525%2C300 1.5x, https:\/\/i0.wp.com\/ismaelcolosi.com.br\/wp-content\/uploads\/2023\/12\/agibank.jpg?fit=807%2C480&ssl=1&resize=700%2C400 2x"},"classes":[]}],"jetpack_sharing_enabled":true,"jetpack_shortlink":"https:\/\/wp.me\/pfMlyK-mBq","_links":{"self":[{"href":"https:\/\/ismaelcolosi.com.br\/index.php\/wp-json\/wp\/v2\/posts\/86888","targetHints":{"allow":["GET"]}}],"collection":[{"href":"https:\/\/ismaelcolosi.com.br\/index.php\/wp-json\/wp\/v2\/posts"}],"about":[{"href":"https:\/\/ismaelcolosi.com.br\/index.php\/wp-json\/wp\/v2\/types\/post"}],"author":[{"embeddable":true,"href":"https:\/\/ismaelcolosi.com.br\/index.php\/wp-json\/wp\/v2\/users\/1"}],"replies":[{"embeddable":true,"href":"https:\/\/ismaelcolosi.com.br\/index.php\/wp-json\/wp\/v2\/comments?post=86888"}],"version-history":[{"count":0,"href":"https:\/\/ismaelcolosi.com.br\/index.php\/wp-json\/wp\/v2\/posts\/86888\/revisions"}],"wp:featuredmedia":[{"embeddable":true,"href":"https:\/\/ismaelcolosi.com.br\/index.php\/wp-json\/wp\/v2\/media\/86889"}],"wp:attachment":[{"href":"https:\/\/ismaelcolosi.com.br\/index.php\/wp-json\/wp\/v2\/media?parent=86888"}],"wp:term":[{"taxonomy":"category","embeddable":true,"href":"https:\/\/ismaelcolosi.com.br\/index.php\/wp-json\/wp\/v2\/categories?post=86888"},{"taxonomy":"post_tag","embeddable":true,"href":"https:\/\/ismaelcolosi.com.br\/index.php\/wp-json\/wp\/v2\/tags?post=86888"}],"curies":[{"name":"wp","href":"https:\/\/api.w.org\/{rel}","templated":true}]}}