{"id":8677,"date":"2023-11-30T15:54:45","date_gmt":"2023-11-30T18:54:45","guid":{"rendered":"https:\/\/ismaelcolosi.com.br\/index.php\/2023\/11\/30\/condenado-de-matar-pm-brama-em-ribeirao-e-encontrado-morto-na-prisao\/"},"modified":"2023-11-30T15:54:45","modified_gmt":"2023-11-30T18:54:45","slug":"condenado-de-matar-pm-brama-em-ribeirao-e-encontrado-morto-na-prisao","status":"publish","type":"post","link":"https:\/\/ismaelcolosi.com.br\/index.php\/2023\/11\/30\/condenado-de-matar-pm-brama-em-ribeirao-e-encontrado-morto-na-prisao\/","title":{"rendered":"Condenado por matar PM Brama em Ribeir\u00e3o \u00e9 encontrado morto na pris\u00e3o"},"content":{"rendered":"<p> <br \/>\n<\/p>\n<div>\n<p><strong>O homem condenado pela morte do policial militar Roberto Pereira Abramovicius<\/strong>, conhecido como Brama, <strong>foi encontrado morto<\/strong>, na ter\u00e7a-feira (28), por servidores da Penitenci\u00e1ria \u201cDr. Paulo Luciano de Campos\u201d, em <strong>Avar\u00e9<\/strong>, cidade no interior de <strong>S\u00e3o Paulo<\/strong>.<\/p>\n<p><strong>O crime que tirou a vida de Brama aconteceu em 2017<\/strong>, em um posto de combust\u00edvel da zona Norte de <strong>Ribeir\u00e3o Preto<\/strong>. Alef Vieira dos Santos cumpria pena de <strong>26 anos e nove meses<\/strong> de pris\u00e3o.<\/p>\n<p>De acordo com a <strong>Secretaria da Administra\u00e7\u00e3o Penitenci\u00e1ria (SAP)<\/strong>, ele foi encontrado sem vida \u00e0s 6h45, durante a entrega do caf\u00e9 da manh\u00e3. Ainda de acordo com o \u00f3rg\u00e3o, <mark style=\"background-color:#fcb900\" class=\"has-inline-color\">a penitenci\u00e1ria \u00e9 composta por <strong>celas individuais<\/strong>, portanto, Alef estaria sozinho.<\/mark><\/p>\n<p>\u201cA Pol\u00edcia Civil foi acionada e realizada per\u00edcia t\u00e9cnica pelo Instituto de Criminal\u00edstica. A dire\u00e7\u00e3o da unidade abriu apura\u00e7\u00e3o e efetuou contato com os familiares do preso\u201d, informou a SAP, em nota enviada ao portal.<\/p>\n<h4 class=\"wp-block-heading\"><strong>O crime<\/strong><\/h4>\n<p>Roberto Pereira Abramovicius foi morto no dia 21 de junho de 2017, por volta das 10h, em um posto de combust\u00edvel na rua Am\u00e9rico Batista, no Jardim Jos\u00e9 Sampaio, em Ribeir\u00e3o Preto.<\/p>\n<p>O policial, que estava de folga da corpora\u00e7\u00e3o, prestava servi\u00e7o de seguran\u00e7a particular quando <strong>um homem chegou a p\u00e9 e efetuou tr\u00eas disparos.<\/strong> <strong><mark style=\"background-color:#fcb900\" class=\"has-inline-color\">O primeiro atingiu a cabe\u00e7a do PM.<\/mark><\/strong> Na sequ\u00eancia, o atirador roubou a moto de um cliente que abastecia no local e fugiu.<\/p>\n<p>A v\u00edtima chegou a ser socorrida e encaminhada para a Unidade de Emerg\u00eancia do Hospital das Cl\u00ednicas (HC-UE), mas n\u00e3o resistiu aos ferimentos.<\/p>\n<p>Alef Vieira dos Santos foi condenado pelo crime ap\u00f3s ser levado a j\u00fari popular, em 2019, acusado por homic\u00eddio doloso, quando h\u00e1 inten\u00e7\u00e3o de matar.<\/p>\n<h4 class=\"wp-block-heading\"><strong>Morto por vingan\u00e7a<\/strong><\/h4>\n<p>De acordo com a <strong>Pol\u00edcia Civil<\/strong>, Alef Vieira matou o PM por vingan\u00e7a. Ele acreditava que <strong>Brama estava envolvido no assassinato de seu irm\u00e3o, de 16 anos.<\/strong> O jovem foi morto a tiros em 2016, em frente \u00e0 casa da av\u00f3, no bairro Jardim Jandaia.<\/p>\n<p>Ainda de acordo com a pol\u00edcia, <strong>o menor era suspeito de matar a tiros outro PM, em janeiro do mesmo ano.<\/strong> <mark style=\"background-color:#fcb900\" class=\"has-inline-color\">Na \u00e9poca, o adolescente chegou a ser detido e confessou que pilotava a moto onde estava o suposto atirador.<\/mark><\/p>\n<p>Tamb\u00e9m em 2016, de acordo com a <strong>Pol\u00edcia Civil<\/strong>, a fam\u00edlia de Alef chegou a <strong>registrar um boletim de ocorr\u00eancia contra Roberto Pereira Abramovicius por amea\u00e7a.<\/strong><\/p>\n<p>VEJA TAMB\u00c9M<\/p>\n<p>Laborat\u00f3rio no Ipiranga e carros de luxo: Entenda a opera\u00e7\u00e3o da PF em Ribeir\u00e3o<\/p>\n<h4 class=\"wp-block-heading\"><strong><mark style=\"background-color:#fcb900\" class=\"has-inline-color\">FIQUE ON \u00a0<\/mark><\/strong><\/h4>\n<p>Fique ligado em tudo que acontece em Ribeir\u00e3o Preto e regi\u00e3o. Siga os perfis do\u00a0<strong>acidade on<\/strong>\u00a0no\u00a0<a href=\"https:\/\/www.instagram.com\/acidadeonribeirao\" target=\"_blank\" rel=\"noreferrer noopener\">Instagram\u00a0<\/a>e no<a href=\"https:\/\/www.facebook.com\/acidadeonribeirao\" target=\"_blank\" rel=\"noreferrer noopener\">\u00a0Facebook.<\/a><\/p>\n<p>Receba not\u00edcias do\u00a0<strong>acidade on\u00a0<\/strong>no WhatsApp.\u00a0<a href=\"https:\/\/chat.whatsapp.com\/Bnv2w66ZT4VDyZW3oiZ69n\" target=\"_blank\" rel=\"noreferrer noopener\">Para entrar no grupo, basta clicar aqui.<\/a><\/p>\n<p>Fa\u00e7a uma den\u00fancia ou sugira uma reportagem sobre Ribeir\u00e3o Preto e regi\u00e3o pelo WhatsApp:\u00a0<strong>(16) 99117 7802.<\/strong><\/p>\n<p>LEIA MAIS<\/p>\n<p><a href=\"https:\/\/www.tudoep.com\/tudo-noticias\/NOT,0,0,1868382,violencia-domestica-contra-a-mulher-veja-formas-de-denunciar.aspx\" target=\"_blank\" rel=\"noreferrer noopener\">Viol\u00eancia dom\u00e9stica contra a mulher: veja formas de denunciar<\/a><\/p>\n<p><!-- AI CONTENT END 1 -->\n<\/div>\n<p><script async src=\"\/\/www.instagram.com\/embed.js\"><\/script><br \/>\n<br \/><br \/>\n<br \/><a href=\"https:\/\/www.acidadeon.com\/ribeiraopreto\/cotidiano\/condenado-de-matar-pm-brama-em-ribeirao-e-encontrado-morto-na-prisao\/\">Source link <\/a><\/p>\n<div class='code-block code-block-4' style='margin: 8px auto 8px 0; text-align: left; display: block; clear: both;'>\n\ud83d\udce2 Aviso Legal\n\nO site ismaelcolosi.com.br atua apenas como um canal de divulga\u00e7\u00e3o de oportunidades de emprego e n\u00e3o se responsabiliza pelo processo seletivo, contrata\u00e7\u00e3o ou qualquer outra etapa relacionada \u00e0s vagas publicadas. Todas as informa\u00e7\u00f5es s\u00e3o de responsabilidade dos anunciantes.\n\n\u26a0\ufe0f Aten\u00e7\u00e3o! Nunca pague por promessas de emprego nem compre cursos que garantam contrata\u00e7\u00e3o. Desconfie de qualquer cobran\u00e7a para participar de sele\u00e7\u00f5es.\n\n\n\n<\/div>\n<!-- CONTENT END 1 -->\n","protected":false},"excerpt":{"rendered":"<p>O homem condenado pela morte do policial militar Roberto Pereira Abramovicius, conhecido como Brama, foi encontrado morto, na ter\u00e7a-feira (28), por servidores da Penitenci\u00e1ria \u201cDr&#8230;.<\/p>\n","protected":false},"author":1,"featured_media":8678,"comment_status":"open","ping_status":"open","sticky":false,"template":"","format":"standard","meta":{"_uag_custom_page_level_css":"","advanced_seo_description":"","jetpack_seo_html_title":"","jetpack_seo_noindex":false,"jetpack_post_was_ever_published":false,"_jetpack_newsletter_access":"","_jetpack_dont_email_post_to_subs":false,"_jetpack_newsletter_tier_id":0,"_jetpack_memberships_contains_paywalled_content":false,"_jetpack_memberships_contains_paid_content":false,"footnotes":"","jetpack_publicize_message":"","jetpack_publicize_feature_enabled":true,"jetpack_social_post_already_shared":true,"jetpack_social_options":{"image_generator_settings":{"template":"highway","default_image_id":0,"font":"","enabled":false},"version":2}},"categories":[11],"tags":[1147,83,404,112,405,134,22,26],"class_list":["post-8677","post","type-post","status-publish","format-standard","has-post-thumbnail","hentry","category-noticias-de-ribeirao-preto-sp-e-regiao-ismael-colosi","tag-brama","tag-condenado","tag-encontrado","tag-matar","tag-morto","tag-por","tag-prisao","tag-ribeirao"],"jetpack_publicize_connections":[],"jetpack_featured_media_url":"https:\/\/i0.wp.com\/ismaelcolosi.com.br\/wp-content\/uploads\/2023\/11\/Alef-Vieira.png?fit=1115%2C759&ssl=1","uagb_featured_image_src":{"full":["https:\/\/i0.wp.com\/ismaelcolosi.com.br\/wp-content\/uploads\/2023\/11\/Alef-Vieira.png?fit=1115%2C759&ssl=1",1115,759,false],"thumbnail":["https:\/\/i0.wp.com\/ismaelcolosi.com.br\/wp-content\/uploads\/2023\/11\/Alef-Vieira.png?resize=150%2C150&ssl=1",150,150,true],"medium":["https:\/\/i0.wp.com\/ismaelcolosi.com.br\/wp-content\/uploads\/2023\/11\/Alef-Vieira.png?fit=300%2C204&ssl=1",300,204,true],"medium_large":["https:\/\/i0.wp.com\/ismaelcolosi.com.br\/wp-content\/uploads\/2023\/11\/Alef-Vieira.png?fit=768%2C523&ssl=1",768,523,true],"large":["https:\/\/i0.wp.com\/ismaelcolosi.com.br\/wp-content\/uploads\/2023\/11\/Alef-Vieira.png?fit=1024%2C697&ssl=1",1024,697,true],"1536x1536":["https:\/\/i0.wp.com\/ismaelcolosi.com.br\/wp-content\/uploads\/2023\/11\/Alef-Vieira.png?fit=1115%2C759&ssl=1",1115,759,true],"2048x2048":["https:\/\/i0.wp.com\/ismaelcolosi.com.br\/wp-content\/uploads\/2023\/11\/Alef-Vieira.png?fit=1115%2C759&ssl=1",1115,759,true],"really-simple-thumb":["https:\/\/i0.wp.com\/ismaelcolosi.com.br\/wp-content\/uploads\/2023\/11\/Alef-Vieira.png?resize=370%2C247&ssl=1",370,247,true]},"uagb_author_info":{"display_name":"ismaelcolosi.com.br","author_link":"https:\/\/ismaelcolosi.com.br\/index.php\/author\/vidareal-online\/"},"uagb_comment_info":0,"uagb_excerpt":"O homem condenado pela morte do policial militar Roberto Pereira Abramovicius, conhecido como Brama, foi encontrado morto, na ter\u00e7a-feira (28), por servidores da Penitenci\u00e1ria \u201cDr....","jetpack-related-posts":[{"id":7824,"url":"https:\/\/ismaelcolosi.com.br\/index.php\/2023\/11\/28\/condenado-por-morte-de-pm-e-encontrado-enforcado\/","url_meta":{"origin":8677,"position":0},"title":"Condenado por morte de PM \u00e9 encontrado enforcado","author":"ismaelcolosi.com.br","date":"28 de November de 2023","format":false,"excerpt":"Corpo de homem estava pendurado na parede de chuveiro em sua cela, no pres\u00eddio de Avar\u00e9, onde cumpria pena pela morte do Cabo Brama 28 de novembro de 2023 | 15:53 2O homem condenado pela morte do policial militar Roberto Pereira Abramovicius, o Cabo Brama, foi encontrado morto, na manh\u00e3\u2026","rel":"","context":"In &quot;Not\u00edcias de Ribeir\u00e3o Preto-SP e Regi\u00e3o&quot;","block_context":{"text":"Not\u00edcias de Ribeir\u00e3o Preto-SP e Regi\u00e3o","link":"https:\/\/ismaelcolosi.com.br\/index.php\/category\/noticias-de-ribeirao-preto-sp-e-regiao-ismael-colosi\/"},"img":{"alt_text":"","src":"https:\/\/i0.wp.com\/ismaelcolosi.com.br\/wp-content\/uploads\/2023\/11\/00-28-nov-2023-assassino-brama-se-enforcou-foto-pm-arquivo.jpg?fit=681%2C375&ssl=1&resize=350%2C200","width":350,"height":200,"srcset":"https:\/\/i0.wp.com\/ismaelcolosi.com.br\/wp-content\/uploads\/2023\/11\/00-28-nov-2023-assassino-brama-se-enforcou-foto-pm-arquivo.jpg?fit=681%2C375&ssl=1&resize=350%2C200 1x, https:\/\/i0.wp.com\/ismaelcolosi.com.br\/wp-content\/uploads\/2023\/11\/00-28-nov-2023-assassino-brama-se-enforcou-foto-pm-arquivo.jpg?fit=681%2C375&ssl=1&resize=525%2C300 1.5x"},"classes":[]},{"id":51445,"url":"https:\/\/ismaelcolosi.com.br\/index.php\/2024\/05\/28\/ex-policial-e-chefe-de-grupo-de-exterminio-de-ribeirao-preto-e-condenado-a-30-anos-de-prisao\/","url_meta":{"origin":8677,"position":1},"title":"Ex-policial e chefe de grupo de exterm\u00ednio de Ribeir\u00e3o Preto\u00a0\u00e9 condenado a 30 anos de pris\u00e3o","author":"ismaelcolosi.com.br","date":"28 de May de 2024","format":false,"excerpt":"O ex-policial e chefe de um grupo de exterm\u00ednio, Ricardo Jos\u00e9 Guimar\u00e3es, foi condenado a 30 anos de pris\u00e3o\u00a0pela\u00a0morte de Thiago Xavier de Stefani, na noite desta segunda-feira (27), ap\u00f3s 13 horas de julgamento, em Ribeir\u00e3o Preto.\u00a0 Com a condena\u00e7\u00e3o, Guimar\u00e3es\u00a0soma\u00a0274 anos\u00a0de\u00a0pris\u00e3o\u00a0por\u00a0nove crimes. J\u00e1 Thiago Moreira, apontado como o autor\u2026","rel":"","context":"In &quot;Not\u00edcias de Ribeir\u00e3o Preto-SP e Regi\u00e3o&quot;","block_context":{"text":"Not\u00edcias de Ribeir\u00e3o Preto-SP e Regi\u00e3o","link":"https:\/\/ismaelcolosi.com.br\/index.php\/category\/noticias-de-ribeirao-preto-sp-e-regiao-ismael-colosi\/"},"img":{"alt_text":"","src":"https:\/\/i0.wp.com\/ismaelcolosi.com.br\/wp-content\/uploads\/2024\/05\/Copia-de-Copia-de-TAMANHO-EXATO-PARA-FOTOS-NO-SISTEMA-NOVO-49_2024-05-27_13-52-31_jpg_2024-05-27_13-52-32.webp.webp?fit=1200%2C675&ssl=1&resize=350%2C200","width":350,"height":200,"srcset":"https:\/\/i0.wp.com\/ismaelcolosi.com.br\/wp-content\/uploads\/2024\/05\/Copia-de-Copia-de-TAMANHO-EXATO-PARA-FOTOS-NO-SISTEMA-NOVO-49_2024-05-27_13-52-31_jpg_2024-05-27_13-52-32.webp.webp?fit=1200%2C675&ssl=1&resize=350%2C200 1x, https:\/\/i0.wp.com\/ismaelcolosi.com.br\/wp-content\/uploads\/2024\/05\/Copia-de-Copia-de-TAMANHO-EXATO-PARA-FOTOS-NO-SISTEMA-NOVO-49_2024-05-27_13-52-31_jpg_2024-05-27_13-52-32.webp.webp?fit=1200%2C675&ssl=1&resize=525%2C300 1.5x, https:\/\/i0.wp.com\/ismaelcolosi.com.br\/wp-content\/uploads\/2024\/05\/Copia-de-Copia-de-TAMANHO-EXATO-PARA-FOTOS-NO-SISTEMA-NOVO-49_2024-05-27_13-52-31_jpg_2024-05-27_13-52-32.webp.webp?fit=1200%2C675&ssl=1&resize=700%2C400 2x, https:\/\/i0.wp.com\/ismaelcolosi.com.br\/wp-content\/uploads\/2024\/05\/Copia-de-Copia-de-TAMANHO-EXATO-PARA-FOTOS-NO-SISTEMA-NOVO-49_2024-05-27_13-52-31_jpg_2024-05-27_13-52-32.webp.webp?fit=1200%2C675&ssl=1&resize=1050%2C600 3x"},"classes":[]},{"id":7625,"url":"https:\/\/ismaelcolosi.com.br\/index.php\/2023\/11\/28\/utm_sourcerssutm_mediumrssutm_campaignbandido-que-matou-o-cabo-brahma-se-enfoca-na-penitenciaria-de-avare\/","url_meta":{"origin":8677,"position":2},"title":"Bandido que matou o Cabo Brahma se enfoca na Penitenci\u00e1ria de Avar\u00e9 \u2013 X Tudo Ribeir\u00e3o","author":"ismaelcolosi.com.br","date":"28 de November de 2023","format":false,"excerpt":"O bandido que matou o Policial Militar Roberto Pereira Abramovicius o Brahma, no ano de 2017, foi encontrado morto enforcado com um len\u00e7ol na Penitenci\u00e1ria de Avar\u00e9. Segundo informa\u00e7\u00f5es, na manh\u00e3 de hoje, ao servir o caf\u00e9 da manh\u00e3 para o assassino, o Policial Penal deparou com o corpo do\u2026","rel":"","context":"In &quot;Not\u00edcias de Ribeir\u00e3o Preto-SP e Regi\u00e3o&quot;","block_context":{"text":"Not\u00edcias de Ribeir\u00e3o Preto-SP e Regi\u00e3o","link":"https:\/\/ismaelcolosi.com.br\/index.php\/category\/noticias-de-ribeirao-preto-sp-e-regiao-ismael-colosi\/"},"img":{"alt_text":"","src":"https:\/\/i0.wp.com\/ismaelcolosi.com.br\/wp-content\/uploads\/2023\/11\/IMG_1739.jpeg?fit=681%2C451&ssl=1&resize=350%2C200","width":350,"height":200,"srcset":"https:\/\/i0.wp.com\/ismaelcolosi.com.br\/wp-content\/uploads\/2023\/11\/IMG_1739.jpeg?fit=681%2C451&ssl=1&resize=350%2C200 1x, https:\/\/i0.wp.com\/ismaelcolosi.com.br\/wp-content\/uploads\/2023\/11\/IMG_1739.jpeg?fit=681%2C451&ssl=1&resize=525%2C300 1.5x"},"classes":[]},{"id":43596,"url":"https:\/\/ismaelcolosi.com.br\/index.php\/2024\/03\/22\/acusado-de-matar-esposa-em-rp-e-condenado-a-36-anos-de-prisao\/","url_meta":{"origin":8677,"position":3},"title":"Acusado de matar esposa em RP \u00e9 condenado a 36 anos de pris\u00e3o","author":"ismaelcolosi.com.br","date":"22 de March de 2024","format":false,"excerpt":"Acusado de matar esposa em RP \u00e9 condenado a 36 anos de pris\u00e3o 22 de mar\u00e7o de 2024 | 11:04 1 Por: Adalberto Luque Ivan Nogueira, de 34 anos, acusado de matar a manicure Regiane Carneiro de Moura Silva por asfixia em 2022, foi condenado a 36 anos de pris\u00e3o\u2026","rel":"","context":"In &quot;Not\u00edcias de Ribeir\u00e3o Preto-SP e Regi\u00e3o&quot;","block_context":{"text":"Not\u00edcias de Ribeir\u00e3o Preto-SP e Regi\u00e3o","link":"https:\/\/ismaelcolosi.com.br\/index.php\/category\/noticias-de-ribeirao-preto-sp-e-regiao-ismael-colosi\/"},"img":{"alt_text":"","src":"https:\/\/i0.wp.com\/ismaelcolosi.com.br\/wp-content\/uploads\/2024\/03\/00-22-mar-2024-feminicida-condenado-01-foto-Redes-Sociais-scaled.jpg?fit=900%2C645&ssl=1&resize=350%2C200","width":350,"height":200,"srcset":"https:\/\/i0.wp.com\/ismaelcolosi.com.br\/wp-content\/uploads\/2024\/03\/00-22-mar-2024-feminicida-condenado-01-foto-Redes-Sociais-scaled.jpg?fit=900%2C645&ssl=1&resize=350%2C200 1x, https:\/\/i0.wp.com\/ismaelcolosi.com.br\/wp-content\/uploads\/2024\/03\/00-22-mar-2024-feminicida-condenado-01-foto-Redes-Sociais-scaled.jpg?fit=900%2C645&ssl=1&resize=525%2C300 1.5x, https:\/\/i0.wp.com\/ismaelcolosi.com.br\/wp-content\/uploads\/2024\/03\/00-22-mar-2024-feminicida-condenado-01-foto-Redes-Sociais-scaled.jpg?fit=900%2C645&ssl=1&resize=700%2C400 2x"},"classes":[]},{"id":51368,"url":"https:\/\/ismaelcolosi.com.br\/index.php\/2024\/05\/27\/ex-policial-e-chefe-de-grupo-de-exterminio-de-ribeirao-preto-e-julgado-pela-sexta-vez\/","url_meta":{"origin":8677,"position":4},"title":"Ex-policial e chefe de grupo de exterm\u00ednio de Ribeir\u00e3o Preto \u00e9 julgado pela sexta vez","author":"ismaelcolosi.com.br","date":"27 de May de 2024","format":false,"excerpt":"O j\u00fari popular do ex-policial e chefe de um grupo de exterm\u00ednio, Ricardo Jos\u00e9 Guimar\u00e3es, come\u00e7a nesta segunda-feira (27), no F\u00f3rum de Ribeir\u00e3o Preto. Al\u00e9m de Guimar\u00e3es, Thiago Moreira tamb\u00e9m ser\u00e1 julgado pela morte de um jovem de 21 anos em 2003. Esta \u00e9 a sexta vez, que o ex-policial,\u2026","rel":"","context":"In &quot;Not\u00edcias de Ribeir\u00e3o Preto-SP e Regi\u00e3o&quot;","block_context":{"text":"Not\u00edcias de Ribeir\u00e3o Preto-SP e Regi\u00e3o","link":"https:\/\/ismaelcolosi.com.br\/index.php\/category\/noticias-de-ribeirao-preto-sp-e-regiao-ismael-colosi\/"},"img":{"alt_text":"","src":"https:\/\/i0.wp.com\/ismaelcolosi.com.br\/wp-content\/uploads\/2024\/05\/Copia-de-Copia-de-TAMANHO-EXATO-PARA-FOTOS-NO-SISTEMA-NOVO-49_2024-05-27_13-52-31_jpg_2024-05-27_13-52-32.webp.webp?fit=1200%2C675&ssl=1&resize=350%2C200","width":350,"height":200,"srcset":"https:\/\/i0.wp.com\/ismaelcolosi.com.br\/wp-content\/uploads\/2024\/05\/Copia-de-Copia-de-TAMANHO-EXATO-PARA-FOTOS-NO-SISTEMA-NOVO-49_2024-05-27_13-52-31_jpg_2024-05-27_13-52-32.webp.webp?fit=1200%2C675&ssl=1&resize=350%2C200 1x, https:\/\/i0.wp.com\/ismaelcolosi.com.br\/wp-content\/uploads\/2024\/05\/Copia-de-Copia-de-TAMANHO-EXATO-PARA-FOTOS-NO-SISTEMA-NOVO-49_2024-05-27_13-52-31_jpg_2024-05-27_13-52-32.webp.webp?fit=1200%2C675&ssl=1&resize=525%2C300 1.5x, https:\/\/i0.wp.com\/ismaelcolosi.com.br\/wp-content\/uploads\/2024\/05\/Copia-de-Copia-de-TAMANHO-EXATO-PARA-FOTOS-NO-SISTEMA-NOVO-49_2024-05-27_13-52-31_jpg_2024-05-27_13-52-32.webp.webp?fit=1200%2C675&ssl=1&resize=700%2C400 2x, https:\/\/i0.wp.com\/ismaelcolosi.com.br\/wp-content\/uploads\/2024\/05\/Copia-de-Copia-de-TAMANHO-EXATO-PARA-FOTOS-NO-SISTEMA-NOVO-49_2024-05-27_13-52-31_jpg_2024-05-27_13-52-32.webp.webp?fit=1200%2C675&ssl=1&resize=1050%2C600 3x"},"classes":[]},{"id":42308,"url":"https:\/\/ismaelcolosi.com.br\/index.php\/2024\/03\/13\/acusados-de-matar-engenheiro-em-ribeirao-preto-tem-prisao-preventiva-decretada\/","url_meta":{"origin":8677,"position":5},"title":"Acusados de matar engenheiro em Ribeir\u00e3o Preto t\u00eam pris\u00e3o preventiva decretada","author":"ismaelcolosi.com.br","date":"13 de March de 2024","format":false,"excerpt":"O TJ-SP (Tribunal de Justi\u00e7a de S\u00e3o Paulo) converteu em preventiva as pris\u00f5es dos acusados de matar o engenheiro Paulo Roberto de Carvalho Braga Filho. Gabriel Sousa Brito e Marcelo Fernandes da Fonseca s\u00e3o acusados pelo crime de homic\u00eddio (artigo 121 do C\u00f3digo Penal). De acordo com a pol\u00edcia, o\u2026","rel":"","context":"In &quot;Not\u00edcias de Ribeir\u00e3o Preto-SP e Regi\u00e3o&quot;","block_context":{"text":"Not\u00edcias de Ribeir\u00e3o Preto-SP e Regi\u00e3o","link":"https:\/\/ismaelcolosi.com.br\/index.php\/category\/noticias-de-ribeirao-preto-sp-e-regiao-ismael-colosi\/"},"img":{"alt_text":"","src":"https:\/\/i0.wp.com\/ismaelcolosi.com.br\/wp-content\/uploads\/2024\/03\/AnyConv.com__beto-braga.webp.webp?fit=979%2C610&ssl=1&resize=350%2C200","width":350,"height":200,"srcset":"https:\/\/i0.wp.com\/ismaelcolosi.com.br\/wp-content\/uploads\/2024\/03\/AnyConv.com__beto-braga.webp.webp?fit=979%2C610&ssl=1&resize=350%2C200 1x, https:\/\/i0.wp.com\/ismaelcolosi.com.br\/wp-content\/uploads\/2024\/03\/AnyConv.com__beto-braga.webp.webp?fit=979%2C610&ssl=1&resize=525%2C300 1.5x, https:\/\/i0.wp.com\/ismaelcolosi.com.br\/wp-content\/uploads\/2024\/03\/AnyConv.com__beto-braga.webp.webp?fit=979%2C610&ssl=1&resize=700%2C400 2x"},"classes":[]}],"jetpack_sharing_enabled":true,"jetpack_shortlink":"https:\/\/wp.me\/pfMlyK-2fX","_links":{"self":[{"href":"https:\/\/ismaelcolosi.com.br\/index.php\/wp-json\/wp\/v2\/posts\/8677","targetHints":{"allow":["GET"]}}],"collection":[{"href":"https:\/\/ismaelcolosi.com.br\/index.php\/wp-json\/wp\/v2\/posts"}],"about":[{"href":"https:\/\/ismaelcolosi.com.br\/index.php\/wp-json\/wp\/v2\/types\/post"}],"author":[{"embeddable":true,"href":"https:\/\/ismaelcolosi.com.br\/index.php\/wp-json\/wp\/v2\/users\/1"}],"replies":[{"embeddable":true,"href":"https:\/\/ismaelcolosi.com.br\/index.php\/wp-json\/wp\/v2\/comments?post=8677"}],"version-history":[{"count":0,"href":"https:\/\/ismaelcolosi.com.br\/index.php\/wp-json\/wp\/v2\/posts\/8677\/revisions"}],"wp:featuredmedia":[{"embeddable":true,"href":"https:\/\/ismaelcolosi.com.br\/index.php\/wp-json\/wp\/v2\/media\/8678"}],"wp:attachment":[{"href":"https:\/\/ismaelcolosi.com.br\/index.php\/wp-json\/wp\/v2\/media?parent=8677"}],"wp:term":[{"taxonomy":"category","embeddable":true,"href":"https:\/\/ismaelcolosi.com.br\/index.php\/wp-json\/wp\/v2\/categories?post=8677"},{"taxonomy":"post_tag","embeddable":true,"href":"https:\/\/ismaelcolosi.com.br\/index.php\/wp-json\/wp\/v2\/tags?post=8677"}],"curies":[{"name":"wp","href":"https:\/\/api.w.org\/{rel}","templated":true}]}}