{"id":8673,"date":"2023-11-30T16:19:16","date_gmt":"2023-11-30T19:19:16","guid":{"rendered":"https:\/\/ismaelcolosi.com.br\/index.php\/2023\/11\/30\/jovem-jogador-de-futebol-perde-a-vida-em-acidente-de-carro-na-volta-de-partida-outros-4-atletas-ficaram-feridos\/"},"modified":"2023-11-30T16:19:16","modified_gmt":"2023-11-30T19:19:16","slug":"jovem-jogador-de-futebol-perde-a-vida-em-acidente-de-carro-na-volta-de-partida-outros-4-atletas-ficaram-feridos","status":"publish","type":"post","link":"https:\/\/ismaelcolosi.com.br\/index.php\/2023\/11\/30\/jovem-jogador-de-futebol-perde-a-vida-em-acidente-de-carro-na-volta-de-partida-outros-4-atletas-ficaram-feridos\/","title":{"rendered":"Jovem jogador de futebol perde a vida em acidente de carro na volta de partida; outros 4 atletas ficaram feridos"},"content":{"rendered":"<p> [ad_1]<br \/>\n<\/p>\n<div itemprop=\"text\">\n<p>Um jovem jogador de futebol de 25 anos morreu ap\u00f3s ter colidido o seu ve\u00edculo contra um poste. Ele foi identificado pelo nome de Adriano Sampaio, mais conhecido como Adriano Bolol\u00f4.<\/p>\n<p>O caso aconteceu no Cear\u00e1, durante a madrugada desta quinta-feira, dia 30 de novembro. Outros quatro atletas estavam dentro do ve\u00edculo e apresentaram ferimentos. Eles foram identificados pelos nomes de Raul Xavier, Caio, Jo\u00e3o Prado e Da Lua.<\/p>\n<p>Segundo canais de comunica\u00e7\u00e3o, Raul est\u00e1 internado em uma unidade de sa\u00fade e Caio chegou a ser encaminhado para um hospital. Por enquanto, n\u00e3o se tem informa\u00e7\u00f5es se Jo\u00e3o e Da Lua j\u00e1 receberam alta.<\/p>\n<p>De acordo com informa\u00e7\u00f5es do empres\u00e1rio Diego Gentil Tavares, os jogadores estavam viajando para uma partida na cidade de Mossor\u00f3, no Rio Grande do Norte.<\/p>\n<p>Bolol\u00f4 tinha ido apenas para assistir a partida de seus amigos. E ao retornarem, o carro colidiu contra um poste, assim causando o seu falecimento.<\/p>\n<p>\u201c<strong>O Bolol\u00f4 era uma cara \u00edmpar. Quando conhecia de verdade, via que ele era um cara do bem, ajudava a fam\u00edlia. O dinheiro que ele ganhava do X1, que ele estava no melhor momento da carreira dele, ele reformou a casa dele, comprou um carrinho, uma moto, ajudava os irm\u00e3os<\/strong>\u201c, disse uma pessoa pr\u00f3xima, Diego Gentil Tavares.<\/p>\n<p>Uma equipe da per\u00edcia chegou a ser acionada para ir at\u00e9 o local e lidar com o acidente. Adriano Bolol\u00f4 estava no auge de sua carreira e muitos lamentam sua partida.<\/p>\n<\/div>\n<p>[ad_2]<br \/>\n<br \/><a href=\"https:\/\/fnmais.com\/jovem-jogador-futebol-perde-vida-em-acidente-carro-na-volta-partida-outros-4-atletas-ficaram-feridos\/\" target=\"_blank\" rel=\"noopener\">Source link <\/a><\/p>\n<div class='code-block code-block-4' style='margin: 8px auto 8px 0; text-align: left; display: block; clear: both;'>\n\ud83d\udce2 Aviso Legal\n\nO site ismaelcolosi.com.br atua apenas como um canal de divulga\u00e7\u00e3o de oportunidades de emprego e n\u00e3o se responsabiliza pelo processo seletivo, contrata\u00e7\u00e3o ou qualquer outra etapa relacionada \u00e0s vagas publicadas. Todas as informa\u00e7\u00f5es s\u00e3o de responsabilidade dos anunciantes.\n\n\u26a0\ufe0f Aten\u00e7\u00e3o! Nunca pague por promessas de emprego nem compre cursos que garantam contrata\u00e7\u00e3o. Desconfie de qualquer cobran\u00e7a para participar de sele\u00e7\u00f5es.\n\n\n\n<\/div>\n<!-- CONTENT END 1 -->\n","protected":false},"excerpt":{"rendered":"<p>[ad_1] Um jovem jogador de futebol de 25 anos morreu ap\u00f3s ter colidido o seu ve\u00edculo contra um poste. Ele foi identificado pelo nome de Adriano Sampaio, mais conhecido como Adriano Bolol\u00f4. O caso aconteceu no Cear\u00e1, durante a madrugada desta quinta-feira, dia 30 de novembro. Outros quatro atletas estavam dentro do ve\u00edculo e apresentaram&hellip;&nbsp;<\/p>\n","protected":false},"author":1,"featured_media":8674,"comment_status":"open","ping_status":"open","sticky":false,"template":"","format":"standard","meta":{"_uag_custom_page_level_css":"","neve_meta_sidebar":"","neve_meta_container":"","neve_meta_enable_content_width":"","neve_meta_content_width":0,"neve_meta_title_alignment":"","neve_meta_author_avatar":"","neve_post_elements_order":"","neve_meta_disable_header":"","neve_meta_disable_footer":"","neve_meta_disable_title":"","_jetpack_newsletter_access":"","_jetpack_dont_email_post_to_subs":false,"_jetpack_newsletter_tier_id":0,"_jetpack_memberships_contains_paywalled_content":false,"_jetpack_memberships_contains_paid_content":false,"footnotes":""},"categories":[1],"tags":[],"class_list":["post-8673","post","type-post","status-publish","format-standard","has-post-thumbnail","hentry","category-blog"],"uagb_featured_image_src":{"full":["https:\/\/i0.wp.com\/ismaelcolosi.com.br\/wp-content\/uploads\/2023\/11\/postimg-6568cd257df079705.jpg?fit=1200%2C628&ssl=1",1200,628,false],"thumbnail":["https:\/\/i0.wp.com\/ismaelcolosi.com.br\/wp-content\/uploads\/2023\/11\/postimg-6568cd257df079705.jpg?resize=150%2C150&ssl=1",150,150,true],"medium":["https:\/\/i0.wp.com\/ismaelcolosi.com.br\/wp-content\/uploads\/2023\/11\/postimg-6568cd257df079705.jpg?fit=300%2C157&ssl=1",300,157,true],"medium_large":["https:\/\/i0.wp.com\/ismaelcolosi.com.br\/wp-content\/uploads\/2023\/11\/postimg-6568cd257df079705.jpg?fit=768%2C402&ssl=1",768,402,true],"large":["https:\/\/i0.wp.com\/ismaelcolosi.com.br\/wp-content\/uploads\/2023\/11\/postimg-6568cd257df079705.jpg?fit=1024%2C536&ssl=1",1024,536,true],"1536x1536":["https:\/\/i0.wp.com\/ismaelcolosi.com.br\/wp-content\/uploads\/2023\/11\/postimg-6568cd257df079705.jpg?fit=1200%2C628&ssl=1",1200,628,true],"2048x2048":["https:\/\/i0.wp.com\/ismaelcolosi.com.br\/wp-content\/uploads\/2023\/11\/postimg-6568cd257df079705.jpg?fit=1200%2C628&ssl=1",1200,628,true],"neve-blog":["https:\/\/i0.wp.com\/ismaelcolosi.com.br\/wp-content\/uploads\/2023\/11\/postimg-6568cd257df079705.jpg?resize=930%2C620&ssl=1",930,620,true]},"uagb_author_info":{"display_name":"ismaelcolosi.com.br","author_link":"https:\/\/ismaelcolosi.com.br\/author\/vidareal-online\/"},"uagb_comment_info":0,"uagb_excerpt":"[ad_1] Um jovem jogador de futebol de 25 anos morreu ap\u00f3s ter colidido o seu ve\u00edculo contra um poste. Ele foi identificado pelo nome de Adriano Sampaio, mais conhecido como Adriano Bolol\u00f4. O caso aconteceu no Cear\u00e1, durante a madrugada desta quinta-feira, dia 30 de novembro. Outros quatro atletas estavam dentro do ve\u00edculo e apresentaram&hellip;&nbsp;","jetpack-related-posts":[{"id":8986,"url":"https:\/\/ismaelcolosi.com.br\/index.php\/2023\/12\/01\/video-expoe-carro-a-129-km-h-danca-ao-volante-e-ultimos-momentos-de-vida-de-jogador-que-iria-jogar-pelo-flamengo\/","url_meta":{"origin":8673,"position":0},"title":"V\u00eddeo exp\u00f5e carro a 129 km\/h, dan\u00e7a ao volante e \u00faltimos momentos de vida de jogador que iria jogar pelo Flamengo","author":"ismaelcolosi.com.br","date":"1 de Dezembro de 2023","format":false,"excerpt":"[ad_1] Um v\u00eddeo divulgado por atletas do X1, pouco antes do falecimento do jogador Adriano Bolol\u00f4, exibe o ve\u00edculo circulando a 129 quil\u00f4metros por hora, ultrapassando o limite de 60 km\/h e ignorando v\u00e1rios alertas na estrada.O incidente ocorreu na cidade de Fortim, no litoral Leste do Cear\u00e1, durante a\u2026","rel":"","context":"In &quot;Blog&quot;","block_context":{"text":"Blog","link":"https:\/\/ismaelcolosi.com.br\/index.php\/category\/blog\/"},"img":{"alt_text":"","src":"https:\/\/i0.wp.com\/ismaelcolosi.com.br\/wp-content\/uploads\/2023\/12\/postimg-6569db3d562a29666.jpg?fit=1200%2C628&ssl=1&resize=350%2C200","width":350,"height":200,"srcset":"https:\/\/i0.wp.com\/ismaelcolosi.com.br\/wp-content\/uploads\/2023\/12\/postimg-6569db3d562a29666.jpg?fit=1200%2C628&ssl=1&resize=350%2C200 1x, https:\/\/i0.wp.com\/ismaelcolosi.com.br\/wp-content\/uploads\/2023\/12\/postimg-6569db3d562a29666.jpg?fit=1200%2C628&ssl=1&resize=525%2C300 1.5x, https:\/\/i0.wp.com\/ismaelcolosi.com.br\/wp-content\/uploads\/2023\/12\/postimg-6569db3d562a29666.jpg?fit=1200%2C628&ssl=1&resize=700%2C400 2x, https:\/\/i0.wp.com\/ismaelcolosi.com.br\/wp-content\/uploads\/2023\/12\/postimg-6569db3d562a29666.jpg?fit=1200%2C628&ssl=1&resize=1050%2C600 3x"},"classes":[]},{"id":28414,"url":"https:\/\/ismaelcolosi.com.br\/index.php\/2024\/01\/15\/luto-jogador-de-futebol-perde-a-vida-em-ataque-a-tiros-na-bahia\/","url_meta":{"origin":8673,"position":1},"title":"Luto: Jogador de futebol perde a vida em ataque a tiros na Bahia","author":"ismaelcolosi.com.br","date":"15 de Janeiro de 2024","format":false,"excerpt":"[ad_1] No fim da noite deste \u00faltimo domingo (14), um jogador de futebol foi surpreendido por criminosos e perdeu a vida em uma ataque a tiros.O assassinato brutal teve como cen\u00e1rio uma cidade do interior da Bahia, a popula\u00e7\u00e3o local est\u00e1 consternada com a ocorr\u00eancia que ainda precisa ser esclarecida.O\u2026","rel":"","context":"In &quot;Blog&quot;","block_context":{"text":"Blog","link":"https:\/\/ismaelcolosi.com.br\/index.php\/category\/blog\/"},"img":{"alt_text":"","src":"https:\/\/i0.wp.com\/ismaelcolosi.com.br\/wp-content\/uploads\/2024\/01\/postimg-65a59720608304417.jpg?fit=1200%2C628&ssl=1&resize=350%2C200","width":350,"height":200,"srcset":"https:\/\/i0.wp.com\/ismaelcolosi.com.br\/wp-content\/uploads\/2024\/01\/postimg-65a59720608304417.jpg?fit=1200%2C628&ssl=1&resize=350%2C200 1x, https:\/\/i0.wp.com\/ismaelcolosi.com.br\/wp-content\/uploads\/2024\/01\/postimg-65a59720608304417.jpg?fit=1200%2C628&ssl=1&resize=525%2C300 1.5x, https:\/\/i0.wp.com\/ismaelcolosi.com.br\/wp-content\/uploads\/2024\/01\/postimg-65a59720608304417.jpg?fit=1200%2C628&ssl=1&resize=700%2C400 2x, https:\/\/i0.wp.com\/ismaelcolosi.com.br\/wp-content\/uploads\/2024\/01\/postimg-65a59720608304417.jpg?fit=1200%2C628&ssl=1&resize=1050%2C600 3x"},"classes":[]},{"id":10565,"url":"https:\/\/ismaelcolosi.com.br\/index.php\/2023\/12\/04\/jogador-de-futebol-de-sp-tirou-a-vida-de-maneira-covarde-do-namorado-da-ex-e-em-seguida-cometeu-abuso-contra-ela\/","url_meta":{"origin":8673,"position":2},"title":"Jogador de futebol de SP tirou a vida de maneira covarde do namorado da ex e em seguida cometeu abuso contra ela","author":"ismaelcolosi.com.br","date":"4 de Dezembro de 2023","format":false,"excerpt":"[ad_1] Um caso horrendo chocou a popula\u00e7\u00e3o de uma cidade de localizada no estado do interior de S\u00e3o Paulo. O assassinato brutal de um homem seguido do abuso de uma mulher chocou a popula\u00e7\u00e3o da cidade de Jandira, localizada na Regi\u00e3o Metropolitana de S\u00e3o Pulo.O crime foi praticado por volta\u2026","rel":"","context":"In &quot;Blog&quot;","block_context":{"text":"Blog","link":"https:\/\/ismaelcolosi.com.br\/index.php\/category\/blog\/"},"img":{"alt_text":"","src":"https:\/\/i0.wp.com\/ismaelcolosi.com.br\/wp-content\/uploads\/2023\/12\/postimg-656e3c540828c2107.jpg?fit=1200%2C628&ssl=1&resize=350%2C200","width":350,"height":200,"srcset":"https:\/\/i0.wp.com\/ismaelcolosi.com.br\/wp-content\/uploads\/2023\/12\/postimg-656e3c540828c2107.jpg?fit=1200%2C628&ssl=1&resize=350%2C200 1x, https:\/\/i0.wp.com\/ismaelcolosi.com.br\/wp-content\/uploads\/2023\/12\/postimg-656e3c540828c2107.jpg?fit=1200%2C628&ssl=1&resize=525%2C300 1.5x, https:\/\/i0.wp.com\/ismaelcolosi.com.br\/wp-content\/uploads\/2023\/12\/postimg-656e3c540828c2107.jpg?fit=1200%2C628&ssl=1&resize=700%2C400 2x, https:\/\/i0.wp.com\/ismaelcolosi.com.br\/wp-content\/uploads\/2023\/12\/postimg-656e3c540828c2107.jpg?fit=1200%2C628&ssl=1&resize=1050%2C600 3x"},"classes":[]},{"id":9961,"url":"https:\/\/ismaelcolosi.com.br\/index.php\/2023\/12\/03\/palmeiras-joga-pelo-titulo-do-brasileirao-santos-para-escapar-do-rebaixamento\/","url_meta":{"origin":8673,"position":3},"title":"Palmeiras joga pelo t\u00edtulo do Brasileir\u00e3o; Santos para escapar do rebaixamento\u00a0\u00a0","author":"ismaelcolosi.com.br","date":"3 de Dezembro de 2023","format":false,"excerpt":"[ad_1] Depois de ver o Botafogo liderar a competi\u00e7\u00e3o por diversas rodadas, o Palmeiras pode ser campe\u00e3o brasileiro neste domingo. Por isso, o Tribuna Ribeir\u00e3o elencou os cen\u00e1rios necess\u00e1rios para que o Verd\u00e3o erga a ta\u00e7a nesta rodada.\u00a0\u00a0Atualmente o time de Abel Ferreira tem 66 pontos e \u00e9 o l\u00edder.\u2026","rel":"","context":"In &quot;Not\u00edcias de Ribeir\u00e3o Preto-SP e Regi\u00e3o&quot;","block_context":{"text":"Not\u00edcias de Ribeir\u00e3o Preto-SP e Regi\u00e3o","link":"https:\/\/ismaelcolosi.com.br\/index.php\/category\/noticias-de-ribeirao-preto-sp-e-regiao-ismael-colosi\/"},"img":{"alt_text":"","src":"https:\/\/i0.wp.com\/ismaelcolosi.com.br\/wp-content\/uploads\/2023\/12\/pal-scaled.jpg?fit=1000%2C563&ssl=1&resize=350%2C200","width":350,"height":200,"srcset":"https:\/\/i0.wp.com\/ismaelcolosi.com.br\/wp-content\/uploads\/2023\/12\/pal-scaled.jpg?fit=1000%2C563&ssl=1&resize=350%2C200 1x, https:\/\/i0.wp.com\/ismaelcolosi.com.br\/wp-content\/uploads\/2023\/12\/pal-scaled.jpg?fit=1000%2C563&ssl=1&resize=525%2C300 1.5x, https:\/\/i0.wp.com\/ismaelcolosi.com.br\/wp-content\/uploads\/2023\/12\/pal-scaled.jpg?fit=1000%2C563&ssl=1&resize=700%2C400 2x"},"classes":[]},{"id":42837,"url":"https:\/\/ismaelcolosi.com.br\/index.php\/2024\/03\/17\/paulistao-medio-copa-do-brasil-e-projecao-para-serie-b\/","url_meta":{"origin":8673,"position":4},"title":"Paulist\u00e3o m\u00e9dio, Copa do Brasil e proje\u00e7\u00e3o para S\u00e9rie B\u00a0","author":"ismaelcolosi.com.br","date":"17 de Mar\u00e7o de 2024","format":false,"excerpt":"[ad_1] O Botafogo venceu o An\u00e1polis, faturou mais R$ 2,2 milh\u00f5es na Copa do Brasil e agora tem um per\u00edodo de pouco mais de um m\u00eas para preparar o in\u00edcio do Campeonato Brasileiro da S\u00e9rie B. Por isso, preparamos um material para avaliar a primeira parte da temporada Tricolor.\u00a0\u00a0Paulist\u00e3o\u00a0\u00a0A campanha\u2026","rel":"","context":"In &quot;Not\u00edcias de Ribeir\u00e3o Preto-SP e Regi\u00e3o&quot;","block_context":{"text":"Not\u00edcias de Ribeir\u00e3o Preto-SP e Regi\u00e3o","link":"https:\/\/ismaelcolosi.com.br\/index.php\/category\/noticias-de-ribeirao-preto-sp-e-regiao-ismael-colosi\/"},"img":{"alt_text":"","src":"https:\/\/i0.wp.com\/ismaelcolosi.com.br\/wp-content\/uploads\/2024\/03\/Domingo-1-scaled.jpg?fit=967%2C645&ssl=1&resize=350%2C200","width":350,"height":200,"srcset":"https:\/\/i0.wp.com\/ismaelcolosi.com.br\/wp-content\/uploads\/2024\/03\/Domingo-1-scaled.jpg?fit=967%2C645&ssl=1&resize=350%2C200 1x, https:\/\/i0.wp.com\/ismaelcolosi.com.br\/wp-content\/uploads\/2024\/03\/Domingo-1-scaled.jpg?fit=967%2C645&ssl=1&resize=525%2C300 1.5x, https:\/\/i0.wp.com\/ismaelcolosi.com.br\/wp-content\/uploads\/2024\/03\/Domingo-1-scaled.jpg?fit=967%2C645&ssl=1&resize=700%2C400 2x"},"classes":[]},{"id":1593,"url":"https:\/\/ismaelcolosi.com.br\/index.php\/2023\/11\/13\/neymar-pai-e-emerson-sheik-assumem-saf-de-clube-na-regiao-de-ribeirao-preto\/","url_meta":{"origin":8673,"position":5},"title":"Neymar pai e \u00c9merson Sheik assumem SAF de clube na regi\u00e3o de Ribeir\u00e3o Preto","author":"ismaelcolosi.com.br","date":"13 de Novembro de 2023","format":false,"excerpt":"[ad_1] O pai do atacante Neymar e o ex-jogador \u00c9merson Sheik assumiram a SAF (Sociedade An\u00f4nima de Futebol) do Atl\u00e9tico Monte Azul, clube da regi\u00e3o de Ribeir\u00e3o Preto. O an\u00fancio foi realizado pela equipe no \u00faltimo final de semana. A SAF vai ser presidida pelo ex-jogador Jo\u00e3o Celso de Moraes,\u2026","rel":"","context":"In &quot;Not\u00edcias de Ribeir\u00e3o Preto-SP e Regi\u00e3o&quot;","block_context":{"text":"Not\u00edcias de Ribeir\u00e3o Preto-SP e Regi\u00e3o","link":"https:\/\/ismaelcolosi.com.br\/index.php\/category\/noticias-de-ribeirao-preto-sp-e-regiao-ismael-colosi\/"},"img":{"alt_text":"","src":"https:\/\/i0.wp.com\/ismaelcolosi.com.br\/wp-content\/uploads\/2023\/11\/neymar-e-neymar-pai.jpg?fit=1100%2C855&ssl=1&resize=350%2C200","width":350,"height":200,"srcset":"https:\/\/i0.wp.com\/ismaelcolosi.com.br\/wp-content\/uploads\/2023\/11\/neymar-e-neymar-pai.jpg?fit=1100%2C855&ssl=1&resize=350%2C200 1x, https:\/\/i0.wp.com\/ismaelcolosi.com.br\/wp-content\/uploads\/2023\/11\/neymar-e-neymar-pai.jpg?fit=1100%2C855&ssl=1&resize=525%2C300 1.5x, https:\/\/i0.wp.com\/ismaelcolosi.com.br\/wp-content\/uploads\/2023\/11\/neymar-e-neymar-pai.jpg?fit=1100%2C855&ssl=1&resize=700%2C400 2x, https:\/\/i0.wp.com\/ismaelcolosi.com.br\/wp-content\/uploads\/2023\/11\/neymar-e-neymar-pai.jpg?fit=1100%2C855&ssl=1&resize=1050%2C600 3x"},"classes":[]}],"jetpack_sharing_enabled":true,"jetpack_shortlink":"https:\/\/wp.me\/pfMlyK-2fT","jetpack_featured_media_url":"https:\/\/i0.wp.com\/ismaelcolosi.com.br\/wp-content\/uploads\/2023\/11\/postimg-6568cd257df079705.jpg?fit=1200%2C628&ssl=1","_links":{"self":[{"href":"https:\/\/ismaelcolosi.com.br\/index.php\/wp-json\/wp\/v2\/posts\/8673","targetHints":{"allow":["GET"]}}],"collection":[{"href":"https:\/\/ismaelcolosi.com.br\/index.php\/wp-json\/wp\/v2\/posts"}],"about":[{"href":"https:\/\/ismaelcolosi.com.br\/index.php\/wp-json\/wp\/v2\/types\/post"}],"author":[{"embeddable":true,"href":"https:\/\/ismaelcolosi.com.br\/index.php\/wp-json\/wp\/v2\/users\/1"}],"replies":[{"embeddable":true,"href":"https:\/\/ismaelcolosi.com.br\/index.php\/wp-json\/wp\/v2\/comments?post=8673"}],"version-history":[{"count":0,"href":"https:\/\/ismaelcolosi.com.br\/index.php\/wp-json\/wp\/v2\/posts\/8673\/revisions"}],"wp:featuredmedia":[{"embeddable":true,"href":"https:\/\/ismaelcolosi.com.br\/index.php\/wp-json\/wp\/v2\/media\/8674"}],"wp:attachment":[{"href":"https:\/\/ismaelcolosi.com.br\/index.php\/wp-json\/wp\/v2\/media?parent=8673"}],"wp:term":[{"taxonomy":"category","embeddable":true,"href":"https:\/\/ismaelcolosi.com.br\/index.php\/wp-json\/wp\/v2\/categories?post=8673"},{"taxonomy":"post_tag","embeddable":true,"href":"https:\/\/ismaelcolosi.com.br\/index.php\/wp-json\/wp\/v2\/tags?post=8673"}],"curies":[{"name":"wp","href":"https:\/\/api.w.org\/{rel}","templated":true}]}}