{"id":86647,"date":"2025-07-15T20:01:31","date_gmt":"2025-07-15T23:01:31","guid":{"rendered":"https:\/\/ismaelcolosi.com.br\/index.php\/2025\/07\/15\/vagas-de-emprego-para-enfermagem-em-ribeirao-preto-sp-19\/"},"modified":"2025-07-15T20:01:31","modified_gmt":"2025-07-15T23:01:31","slug":"vagas-de-emprego-para-enfermagem-em-ribeirao-preto-sp-19","status":"publish","type":"post","link":"https:\/\/ismaelcolosi.com.br\/index.php\/2025\/07\/15\/vagas-de-emprego-para-enfermagem-em-ribeirao-preto-sp-19\/","title":{"rendered":"Vagas de emprego para Enfermagem em Ribeir\u00e3o Preto-SP"},"content":{"rendered":"<p><a class=\"base-card__full-link absolute top-0 right-0 bottom-0 left-0 p-0 z-[2] outline-offset-[4px]\" href=\"https:\/\/br.linkedin.com\/jobs\/view\/recepcionista-at-marista-brasil-4261119491?position=1&amp;pageNum=0&amp;refId=mE4%2BIre2BhpuSmPMxPt84A%3D%3D&amp;trackingId=duInGdlYxIrS7DcqfC2YWQ%3D%3D\" data-tracking-control-name=\"public_jobs_jserp-result_search-card\" data-tracking-client-ingraph data-tracking-will-navigate><\/p>\n<p>          <span class=\"sr-only\"><\/p>\n<p>        Recepcionista<\/p><div class='code-block code-block-8' style='margin: 8px auto; text-align: center; display: block; clear: both;'>\n<script>\n  atOptions = {\n    'key' : '66e2e2111ca34da796271819fc334058',\n    'format' : 'iframe',\n    'height' : 250,\n    'width' : 300,\n    'params' : {}\n  };\n<\/script>\n<script src=\"https:\/\/www.highperformanceformat.com\/66e2e2111ca34da796271819fc334058\/invoke.js\"><\/script>\n<\/div>\n\n<p>          <\/span><br \/>\n        <\/a><br \/>\n<a class=\"base-card__full-link absolute top-0 right-0 bottom-0 left-0 p-0 z-[2] outline-offset-[4px]\" href=\"https:\/\/br.linkedin.com\/jobs\/view\/recepcionista-ribeir%C3%A3o-preto-sp-geo-agri-at-santiago-e-cintra-geotecnologias-4263698636?position=2&amp;pageNum=0&amp;refId=mE4%2BIre2BhpuSmPMxPt84A%3D%3D&amp;trackingId=p2JE24CQ%2FwbdXpN91x8w%2BA%3D%3D\" data-tracking-control-name=\"public_jobs_jserp-result_search-card\" data-tracking-client-ingraph data-tracking-will-navigate><\/p>\n<p>          <span class=\"sr-only\"><\/p>\n<p>        Recepcionista &#8211; Ribeir\u00e3o Preto\/SP &#8211; Geo Agri<\/p>\n<p>          <\/span><br \/>\n        <\/a><br \/>\n<a class=\"base-card__full-link absolute top-0 right-0 bottom-0 left-0 p-0 z-[2] outline-offset-[4px]\" href=\"https:\/\/br.linkedin.com\/jobs\/view\/recepcionista-sp-at-mult-light-energia-4266840915?position=3&amp;pageNum=0&amp;refId=mE4%2BIre2BhpuSmPMxPt84A%3D%3D&amp;trackingId=N0yQPNYeXl55Su6x2JbgSw%3D%3D\" data-tracking-control-name=\"public_jobs_jserp-result_search-card\" data-tracking-client-ingraph data-tracking-will-navigate><\/p>\n<p>          <span class=\"sr-only\"><\/p>\n<p>        Recepcionista &#8211; SP<\/p>\n<p>          <\/span><br \/>\n        <\/a><br \/>\n<a class=\"base-card__full-link absolute top-0 right-0 bottom-0 left-0 p-0 z-[2] outline-offset-[4px]\" href=\"https:\/\/br.linkedin.com\/jobs\/view\/recepcionista-at-stanley-s-holding-4266700727?position=4&amp;pageNum=0&amp;refId=mE4%2BIre2BhpuSmPMxPt84A%3D%3D&amp;trackingId=V2%2Fbxtu3rpntovO0xuOGuQ%3D%3D\" data-tracking-control-name=\"public_jobs_jserp-result_search-card\" data-tracking-client-ingraph data-tracking-will-navigate><\/p>\n<p>          <span class=\"sr-only\"><\/p>\n<p>        Recepcionista<\/p>\n<p>          <\/span><br \/>\n        <\/a><br \/>\n<a class=\"base-card__full-link absolute top-0 right-0 bottom-0 left-0 p-0 z-[2] outline-offset-[4px]\" href=\"https:\/\/br.linkedin.com\/jobs\/view\/recepcionista-at-stanley-s-holding-4266700727?position=4&amp;pageNum=0&amp;refId=mE4%2BIre2BhpuSmPMxPt84A%3D%3D&amp;trackingId=V2%2Fbxtu3rpntovO0xuOGuQ%3D%3D\" data-tracking-control-name=\"public_jobs_jserp-result_search-card\" data-tracking-client-ingraph data-tracking-will-navigate><\/p>\n<p>          <span class=\"sr-only\"><\/p>\n<p>        Recepcionista<\/p>\n<p>          <\/span><br \/>\n        <\/a><br \/>\n<a class=\"base-card__full-link absolute top-0 right-0 bottom-0 left-0 p-0 z-[2] outline-offset-[4px]\" href=\"https:\/\/br.linkedin.com\/jobs\/view\/recepcionista-cb-ribeir%C3%A3o-preto-at-coco-bambu-restaurante-4256232568?position=5&amp;pageNum=0&amp;refId=mE4%2BIre2BhpuSmPMxPt84A%3D%3D&amp;trackingId=8qmE5RHccUbPtkTCT%2BfRvw%3D%3D\" data-tracking-control-name=\"public_jobs_jserp-result_search-card\" data-tracking-client-ingraph data-tracking-will-navigate><\/p>\n<p>          <span class=\"sr-only\"><\/p>\n<p>        Recepcionista &#8211; CB Ribeir\u00e3o Preto<\/p>\n<p>          <\/span><br \/>\n        <\/a><br \/>\n<a class=\"base-card__full-link absolute top-0 right-0 bottom-0 left-0 p-0 z-[2] outline-offset-[4px]\" href=\"https:\/\/br.linkedin.com\/jobs\/view\/recepcionista-at-attona-4250069253?position=10&amp;pageNum=0&amp;refId=mE4%2BIre2BhpuSmPMxPt84A%3D%3D&amp;trackingId=g7DMKneNUBokXhzOq9w4Ew%3D%3D\" data-tracking-control-name=\"public_jobs_jserp-result_search-card\" data-tracking-client-ingraph data-tracking-will-navigate><\/p>\n<p>          <span class=\"sr-only\"><\/p>\n<p>        Recepcionista<\/p>\n<p>          <\/span><br \/>\n        <\/a><br \/>\n<a class=\"base-card__full-link absolute top-0 right-0 bottom-0 left-0 p-0 z-[2] outline-offset-[4px]\" href=\"https:\/\/br.linkedin.com\/jobs\/view\/assistente-administrativo-at-unimed-nordeste-paulista-federacao-intrafederativa-das-cooperativas-medicas-4265772054?position=9&amp;pageNum=0&amp;refId=mE4%2BIre2BhpuSmPMxPt84A%3D%3D&amp;trackingId=UKfjuEUKRjbVptXkPLgsvg%3D%3D\" data-tracking-control-name=\"public_jobs_jserp-result_search-card\" data-tracking-client-ingraph data-tracking-will-navigate><\/p>\n<p>          <span class=\"sr-only\"><\/p>\n<p>        Assistente Administrativo<\/p>\n<p>          <\/span><br \/>\n        <\/a><br \/>\n<main id=\"main-content\" class=\"two-pane-serp-page__results\" role=\"main\"><\/p>\n<section class=\"two-pane-serp-page__search-header\">\n<p><!----><\/p>\n<section class=\"job-alert-redirect-section__wrapper\">\n<div class=\"flex justify-between items-center container-lined py-1.5 px-2 mr-2 mb-2\">\n<div class=\"flex\">\n        <icon class=\"align-middle mr-1 w-[24px] h-[24px] flex-shrink-0\" data-delayed-url=\"https:\/\/static.licdn.com\/aero-v1\/sc\/h\/9wix02mt9x16d7osm90gka4zf\"><\/icon><br \/>\n          <span class=\"pr-3\">Get notified when a new job is posted.<\/span>\n        <\/div>\n<div>\n          <button class=\"switch\" id=\"alert-toggle-button\" aria-labelledby=\"jobs-alert-switch-label\" data-modal=\"alert-toggle-sign-in-modal\" data-tracking-control-name=\"public_jobs_job-alert-guest-redirect-cta\"><\/button><br \/>\n          <label id=\"jobs-alert-switch-label\" for=\"alert-toggle-button\"><br \/>\n            Set alert<br \/>\n          <\/label>\n          <\/div>\n<\/p><\/div>\n<div class=\"contextual-sign-in-modal\" data-impression-id=\"public_jobs_contextual-sign-in-modal\">\n<!----><\/p>\n<div class>\n<!----><\/p>\n<div id=\"alert-toggle-sign-in-modal\" class=\"modal modal--contextual-sign-in\" data-outlet=\"alert-toggle-sign-in-modal\">\n<!---->        <\/p>\n<div class=\"modal__overlay flex items-center bg-color-background-scrim justify-center fixed bottom-0 left-0 right-0 top-0 opacity-0 invisible pointer-events-none z-[1000] transition-[opacity] ease-[cubic-bezier(0.25,0.1,0.25,1.0)] duration-[0.17s]\n            py-4\n            \" aria-hidden=\"true\"><\/p>\n<section aria-modal=\"true\" role=\"dialog\" aria-labelledby=\"alert-toggle-sign-in-modal-modal-header\" tabindex=\"-1\" class=\"max-h-full modal__wrapper overflow-auto p-0 bg-color-surface max-w-[1128px] min-h-[160px] relative scale-[0.25] shadow-sm shadow-color-border-faint transition-[transform] ease-[cubic-bezier(0.25,0.1,0.25,1.0)] duration-[0.33s] focus:outline-0\n              \n              w-[1128px] mamabear:w-[744px] babybear:w-[360px]\n              \n              rounded-md\"><\/p>\n<p>              <button class=\"modal__dismiss btn-tertiary h-[40px] w-[40px] p-0 rounded-full indent-0\n                  contextual-sign-in-modal__modal-dismiss absolute right-0 m-[20px] cursor-pointer\" aria-label=\"Dismiss\" data-tracking-control-name=\"public_jobs_contextual-sign-in-modal_modal_dismiss\"><br \/>\n                <icon class=\"contextual-sign-in-modal__modal-dismiss-icon\" data-delayed-url=\"https:\/\/static.licdn.com\/aero-v1\/sc\/h\/gs508lg3t2o81tq7pmcgn6m2\"><\/icon><br \/>\n              <\/button><\/p>\n<div class=\"modal__main w-full\">\n<div class=\"contextual-sign-in-modal__screen contextual-sign-in-modal__context-screen flex flex-col my-4 mx-3\">\n<p>      <img class=\"inline-block relative\n          \n          w-16 h-16\n           contextual-sign-in-modal__img m-auto\" data-delayed-url=\"https:\/\/static.licdn.com\/aero-v1\/sc\/h\/1kxd9keftj1y0os0evez0vt9u\" data-ghost-classes=\"bg-color-entity-ghost-background\" data-ghost-url=\"https:\/\/static.licdn.com\/aero-v1\/sc\/h\/cs8pjfgyw96g44ln9r7tct85f\" alt><\/p>\n<h2 class=\"contextual-sign-in-modal__context-screen-title font-bold font-sans text-xl text-color-text my-2 mx-4 text-center\" id=\"alert-toggle-sign-in-modal-modal-header\">\n                  Sign in to set job alerts for \u201cEnfermagem\u201d roles.<br \/>\n                <\/h2>\n<p><!----><!---->                <\/p>\n<div class=\"contextual-sign-in-modal__btn-container m-auto w-[320px] babybear:w-full\">\n<!---->                  <\/p>\n<div class=\"w-full max-w-[400px] mx-auto\">\n<div class=\"google-auth-button\">\n<!---->      <\/p>\n<div class=\"google-auth-button__placeholder mx-auto\n          \" data-theme=\"filled_blue\" data-logo-alignment=\"center\" data-locale=\"en_US\" role=\"button\" aria-label=\"Continue with google\"><\/div>\n<p><!---->    <\/div>\n<\/p><\/div>\n<div class=\"sign-in-modal\" data-impression-id=\"public_jobs_contextual-sign-in-modal_sign-in-modal\">\n<p>          <button class=\"sign-in-modal__outlet-btn cursor-pointer btn-md btn-primary btn-secondary\" data-tracking-client-ingraph data-tracking-control-name=\"public_jobs_contextual-sign-in-modal_sign-in-modal_outlet-button\" data-modal=\"alert-toggle-sign-in-modal_sign-in-modal\"><br \/>\n<!---->              Sign in<br \/>\n          <\/button><\/p>\n<div class>\n<!----><\/p>\n<div id=\"alert-toggle-sign-in-modal_sign-in-modal\" class=\"modal modal--sign-in\" data-outlet=\"alert-toggle-sign-in-modal_sign-in-modal\">\n<!---->        <\/p>\n<div class=\"modal__overlay flex items-center bg-color-background-scrim justify-center fixed bottom-0 left-0 right-0 top-0 opacity-0 invisible pointer-events-none z-[1000] transition-[opacity] ease-[cubic-bezier(0.25,0.1,0.25,1.0)] duration-[0.17s]\n            py-4\n            \" aria-hidden=\"true\"><\/p>\n<section aria-modal=\"true\" role=\"dialog\" aria-labelledby=\"alert-toggle-sign-in-modal_sign-in-modal-modal-header\" tabindex=\"-1\" class=\"max-h-full modal__wrapper overflow-auto p-0 bg-color-surface max-w-[1128px] min-h-[160px] relative scale-[0.25] shadow-sm shadow-color-border-faint transition-[transform] ease-[cubic-bezier(0.25,0.1,0.25,1.0)] duration-[0.33s] focus:outline-0\n              \n              w-[1128px] mamabear:w-[744px] babybear:w-[360px]\n              \n              rounded-md\"><\/p>\n<p>            <button class=\"modal__dismiss btn-tertiary h-[40px] w-[40px] p-0 rounded-full indent-0 sign-in-modal__dismiss absolute right-0 cursor-pointer m-[20px]\" aria-label=\"Dismiss\" data-tracking-control-name=\"public_jobs_contextual-sign-in-modal_sign-in-modal_dismiss\"><br \/>\n              <icon class=\"sign-in-modal__dismiss-icon\" data-delayed-url=\"https:\/\/static.licdn.com\/aero-v1\/sc\/h\/gs508lg3t2o81tq7pmcgn6m2\"><\/icon><br \/>\n            <\/button><\/p>\n<div class=\"modal__main w-full\">\n<div class=\"sign-in-modal__screen flex flex-col py-4 w-[513px] babybear:w-full\n              px-3\"><\/p>\n<h2 class=\"sign-in-modal__header font-sans text-display-md text-color-text\n                \"><br \/>\n                Welcome back<br \/>\n                          <\/h2>\n<p>    <code id=\"i18n_sign_in_form_show_text\" style=\"display: none\"><!--\"Show\"--><\/code><br \/>\n    <code id=\"i18n_sign_in_form_show_label\" style=\"display: none\"><!--\"Show your LinkedIn password\"--><\/code><br \/>\n    <code id=\"i18n_sign_in_form_hide_text\" style=\"display: none\"><!--\"Hide\"--><\/code><br \/>\n    <code id=\"i18n_sign_in_form_hide_label\" style=\"display: none\"><!--\"Hide your LinkedIn password\"--><\/code><\/p>\n<p>    <code id=\"i18n_username_error_empty\" style=\"display: none\"><!--\"Please enter an email address or phone number\"--><\/code><\/p>\n<p>    <code id=\"i18n_username_error_too_long\" style=\"display: none\"><!--\"Email or phone number must be between 3 to 128 characters\"--><\/code><br \/>\n    <code id=\"i18n_username_error_too_short\" style=\"display: none\"><!--\"Email or phone number must be between 3 to 128 characters\"--><\/code><\/p>\n<p>    <code id=\"i18n_password_error_empty\" style=\"display: none\"><!--\"Please enter a password\"--><\/code><\/p>\n<p>    <code id=\"i18n_password_error_too_short\" style=\"display: none\"><!--\"The password you provided must have at least 6 characters\"--><\/code><\/p>\n<p>    <code id=\"i18n_password_error_too_long\" style=\"display: none\"><!--\"The password you provided must have at most 400 characters\"--><\/code><\/p>\n<p><!---->    <\/p>\n<form data-id=\"sign-in-form\" action=\"https:\/\/www.linkedin.com\/uas\/login-submit\" method=\"post\" novalidate class=\"mt-1.5 mb-2\">\n      <input name=\"loginCsrfParam\" value=\"acae278b-b095-40bb-8119-a2c2c3b14843\" type=\"hidden\"><\/p>\n<div class=\"flex flex-col\">\n<div class=\"mt-1.5\" data-js-module-id=\"guest-input\">\n<div class=\"flex flex-col\">\n        <label class=\"input-label mb-1\" for=\"alert-toggle-sign-in-modal_sign-in-modal_session_key\"><br \/>\n          Email or phone<br \/>\n        <\/label><\/p>\n<div class=\"text-input flex\">\n          <input class=\"text-color-text font-sans text-md outline-0 bg-color-transparent w-full\" autocomplete=\"username\" id=\"alert-toggle-sign-in-modal_sign-in-modal_session_key\" name=\"session_key\" required data-tracking-control-name=\"public_jobs_contextual-sign-in-modal_sign-in-modal_sign-in-session-key\" data-tracking-client-ingraph type=\"text\"><\/p><\/div>\n<\/p><\/div>\n<p class=\"input-helper mt-1.5\" for=\"alert-toggle-sign-in-modal_sign-in-modal_session_key\" role=\"alert\" data-js-module-id=\"guest-input__message\">\n<\/p><\/div>\n<div class=\"mt-1.5\" data-js-module-id=\"guest-input\">\n<div class=\"flex flex-col\">\n        <label class=\"input-label mb-1\" for=\"alert-toggle-sign-in-modal_sign-in-modal_session_password\"><br \/>\n          Password<br \/>\n        <\/label><\/p>\n<div class=\"text-input flex\">\n          <input class=\"text-color-text font-sans text-md outline-0 bg-color-transparent w-full\" autocomplete=\"current-password\" id=\"alert-toggle-sign-in-modal_sign-in-modal_session_password\" name=\"session_password\" required data-tracking-control-name=\"public_jobs_contextual-sign-in-modal_sign-in-modal_sign-in-password\" data-tracking-client-ingraph type=\"password\"><\/p>\n<p>            <button aria-live=\"assertive\" aria-relevant=\"text\" data-id=\"sign-in-form__password-visibility-toggle\" class=\"font-sans text-md font-bold text-color-action z-10 ml-[12px] hover:cursor-pointer\" aria-label=\"Show your LinkedIn password\" data-tracking-control-name=\"public_jobs_contextual-sign-in-modal_sign-in-modal_sign-in-password-visibility-toggle-btn\" type=\"button\">Show<\/button><\/p><\/div>\n<\/p><\/div>\n<p class=\"input-helper mt-1.5\" for=\"alert-toggle-sign-in-modal_sign-in-modal_session_password\" role=\"alert\" data-js-module-id=\"guest-input__message\">\n<\/p><\/div>\n<p>        <input name=\"session_redirect\" type=\"hidden\"><\/p>\n<p><!---->      <\/div>\n<div data-id=\"sign-in-form__footer\" class=\"flex justify-between\n          sign-in-form__footer--full-width\"><br \/>\n        <a data-id=\"sign-in-form__forgot-password\" class=\"font-sans text-md font-bold link leading-regular\n            sign-in-form__forgot-password--full-width\" href=\"https:\/\/www.linkedin.com\/uas\/request-password-reset?trk=public_jobs_contextual-sign-in-modal_sign-in-modal_forgot_password\" data-tracking-control-name=\"public_jobs_contextual-sign-in-modal_sign-in-modal_forgot_password\" data-tracking-will-navigate>Forgot password?<\/a><\/p>\n<p><!----><br \/>\n        <input name=\"trk\" value=\"public_jobs_contextual-sign-in-modal_sign-in-modal_sign-in-submit\" type=\"hidden\"><br \/>\n        <button class=\"btn-md btn-primary flex-shrink-0 cursor-pointer\n            sign-in-form__submit-btn--full-width\" data-id=\"sign-in-form__submit-btn\" data-tracking-control-name=\"public_jobs_contextual-sign-in-modal_sign-in-modal_sign-in-submit-btn\" data-tracking-client-ingraph data-tracking-litms type=\"submit\"><br \/>\n          Sign in<br \/>\n        <\/button>\n      <\/div>\n<div class=\"sign-in-form__divider left-right-divider pt-2 pb-3\">\n<p class=\"sign-in-form__divider-text font-sans text-sm text-color-text px-2\">\n              or\n            <\/p>\n<\/p><\/div>\n<\/p><\/form>\n<div class=\"w-full max-w-[400px] mx-auto\">\n<div class=\"google-auth-button\" data-tracking-control-name=\"public_jobs_contextual-sign-in-modal_sign-in-modal_google-auth-button\" data-tracking-client-ingraph>\n<p class=\"linkedin-tc__text text-color-text-low-emphasis text-xs pb-2\" data-impression-id=\"public_jobs_contextual-sign-in-modal_sign-in-modal__button-skip-tc-text\">\n      By clicking Continue to join or sign in, you agree to LinkedIn\u2019s <a href=\"https:\/\/www.linkedin.com\/legal\/user-agreement?trk=public_jobs_contextual-sign-in-modal_sign-in-modal_auth-button_user-agreement\" target=\"_blank\" data-tracking-control-name=\"public_jobs_contextual-sign-in-modal_sign-in-modal_auth-button_user-agreement\" data-tracking-will-navigate=\"true\">User Agreement<\/a>, <a href=\"https:\/\/www.linkedin.com\/legal\/privacy-policy?trk=public_jobs_contextual-sign-in-modal_sign-in-modal_auth-button_privacy-policy\" target=\"_blank\" data-tracking-control-name=\"public_jobs_contextual-sign-in-modal_sign-in-modal_auth-button_privacy-policy\" data-tracking-will-navigate=\"true\">Privacy Policy<\/a>, and <a href=\"https:\/\/www.linkedin.com\/legal\/cookie-policy?trk=public_jobs_contextual-sign-in-modal_sign-in-modal_auth-button_cookie-policy\" target=\"_blank\" data-tracking-control-name=\"public_jobs_contextual-sign-in-modal_sign-in-modal_auth-button_cookie-policy\" data-tracking-will-navigate=\"true\">Cookie Policy<\/a>.\n    <\/p>\n<div class=\"google-auth-button__placeholder mx-auto\n          google-auth-button__placeholder--black-border\" data-theme=\"outline\" data-logo-alignment=\"center\" data-locale=\"en_US\" role=\"button\" aria-label=\"Continue with google\" data-safe-to-skip-tnc-redirect><\/div>\n<p><!---->    <\/div>\n<\/p><\/div>\n<p><!---->  <\/p>\n<p class=\"sign-in-modal__join-now m-auto font-sans text-md text-color-text\n                  mt-2\"><br \/>\n                New to LinkedIn? <a href=\"https:\/\/www.linkedin.com\/signup\/cold-join?source=jobs_registration&amp;trk=public_jobs_contextual-sign-in-modal_sign-in-modal_join-link\" data-tracking-control-name=\"public_jobs_contextual-sign-in-modal_sign-in-modal_join-link\" data-tracking-will-navigate=\"true\" class=\"sign-in-modal__join-link\">Join now<\/a>\n              <\/p>\n<\/p><\/div>\n<\/p><\/div>\n<p><!---->          <\/section>\n<\/p><\/div>\n<\/p><\/div>\n<\/p><\/div>\n<p><!---->    <\/div>\n<div class=\"contextual-sign-in-modal__divider left-right-divider\">\n<p class=\"contextual-sign-in-modal__divider-text font-sans text-sm text-color-text px-2\">\n                          or\n                        <\/p>\n<\/p><\/div>\n<\/p><\/div>\n<p class=\"contextual-sign-in-modal__join-now m-auto font-sans text-md text-color-text my-1\">\n                    New to LinkedIn? <a href=\"https:\/\/www.linkedin.com\/signup\/cold-join?source=jobs_registration&amp;trk=public_jobs_contextual-sign-in-modal_join-link\" data-tracking-control-name=\"public_jobs_contextual-sign-in-modal_join-link\" data-tracking-will-navigate=\"true\" class=\"contextual-sign-in-modal__join-link\">Join now<\/a>\n                  <\/p>\n<p class=\"linkedin-tc__text text-color-text-low-emphasis text-xs pb-2 contextual-sign-in-modal__terms-and-conditions m-auto w-[320px] pt-2 babybear:w-full\" data-impression-id=\"linkedin-tc__button-skip-tc-text\">\n      By clicking Continue to join or sign in, you agree to LinkedIn\u2019s <a href=\"https:\/\/www.linkedin.com\/legal\/user-agreement?trk=linkedin-tc_auth-button_user-agreement\" target=\"_blank\" data-tracking-control-name=\"linkedin-tc_auth-button_user-agreement\" data-tracking-will-navigate=\"true\">User Agreement<\/a>, <a href=\"https:\/\/www.linkedin.com\/legal\/privacy-policy?trk=linkedin-tc_auth-button_privacy-policy\" target=\"_blank\" data-tracking-control-name=\"linkedin-tc_auth-button_privacy-policy\" data-tracking-will-navigate=\"true\">Privacy Policy<\/a>, and <a href=\"https:\/\/www.linkedin.com\/legal\/cookie-policy?trk=linkedin-tc_auth-button_cookie-policy\" target=\"_blank\" data-tracking-control-name=\"linkedin-tc_auth-button_cookie-policy\" data-tracking-will-navigate=\"true\">Cookie Policy<\/a>.\n    <\/p>\n<\/p><\/div>\n<\/p><\/div>\n<p><!---->          <\/section>\n<\/p><\/div>\n<\/p><\/div>\n<\/p><\/div>\n<p><!---->    <\/div>\n<\/section>\n<\/section>\n<p><!----><\/p>\n<div class=\"results-context-header\">\n<h1 class=\"results-context-header__context\">\n          <span class=\"results-context-header__job-count\">117<\/span> <span class=\"results-context-header__query-search\">Enfermagem Jobs in Ribeir\u00e3o Preto<\/span><br \/>\n      <\/h1>\n<\/p><\/div>\n<section class=\"two-pane-serp-page__results-list\">\n<ul class=\"jobs-search__results-list\">\n<li>\n<div class=\"base-card relative w-full hover:no-underline focus:no-underline\n        base-card--link\n         base-search-card base-search-card--link job-search-card\" data-entity-urn=\"urn:li:jobPosting:4261119491\" data-impression-id=\"jobs-search-desktop-0\" data-reference-id=\"mE4+Ire2BhpuSmPMxPt84A==\" data-tracking-id=\"duInGdlYxIrS7DcqfC2YWQ==\" data-column=\"1\" data-row=\"1\"><\/p>\n<p>        <a class=\"base-card__full-link absolute top-0 right-0 bottom-0 left-0 p-0 z-[2] outline-offset-[4px]\" href=\"https:\/\/br.linkedin.com\/jobs\/view\/recepcionista-at-marista-brasil-4261119491?position=1&amp;pageNum=0&amp;refId=mE4%2BIre2BhpuSmPMxPt84A%3D%3D&amp;trackingId=duInGdlYxIrS7DcqfC2YWQ%3D%3D\" data-tracking-control-name=\"public_jobs_jserp-result_search-card\" data-tracking-client-ingraph data-tracking-will-navigate><\/p>\n<p>          <span class=\"sr-only\"><\/p>\n<p>        Recepcionista<\/p>\n<p>          <\/span><br \/>\n        <\/a><\/p>\n<div class=\"search-entity-media\">\n<p>      <img class=\"artdeco-entity-image artdeco-entity-image--square-4\n          \" data-delayed-url=\"https:\/\/media.licdn.com\/dms\/image\/v2\/D4D0BAQG5l-RUJWAFpw\/company-logo_100_100\/company-logo_100_100\/0\/1687790305814\/maristabrasil_logo?e=2147483647&amp;v=beta&amp;t=NESo_c8OvugawgNivdp-sy6Haaqo1xxoJr-9iTuPf3Q\" data-ghost-classes=\"artdeco-entity-image--ghost\" data-ghost-url=\"https:\/\/static.licdn.com\/aero-v1\/sc\/h\/6puxblwmhnodu6fjircz4dn4h\" alt><\/p><\/div>\n<div class=\"base-search-card__info\">\n<h3 class=\"base-search-card__title\">\n<p>        Recepcionista<\/p>\n<\/h3>\n<h4 class=\"base-search-card__subtitle\">\n<p>          <a class=\"hidden-nested-link\" data-tracking-client-ingraph data-tracking-control-name=\"public_jobs_jserp-result_job-search-card-subtitle\" data-tracking-will-navigate href=\"https:\/\/www.linkedin.com\/company\/maristabrasil?trk=public_jobs_jserp-result_job-search-card-subtitle\"><br \/>\n            Marista Brasil<br \/>\n          <\/a><\/p>\n<\/h4>\n<p><!----><\/p>\n<div class=\"base-search-card__metadata\">\n<p>          <span class=\"job-search-card__location\"><br \/>\n            Ribeir\u00e3o Preto, S\u00e3o Paulo, Brazil<br \/>\n          <\/span><\/p>\n<p><!---->  <\/p>\n<p>          <time class=\"job-search-card__listdate\" datetime=\"2025-07-09\"><\/p>\n<p>      6 days ago<\/p>\n<p>          <\/time><\/p>\n<p><!---->\n            <\/div>\n<\/p><\/div>\n<p><!---->      <\/p><\/div>\n<\/li>\n<li>\n<div class=\"base-card relative w-full hover:no-underline focus:no-underline\n        base-card--link\n         base-search-card base-search-card--link job-search-card\" data-entity-urn=\"urn:li:jobPosting:4263698636\" data-impression-id=\"jobs-search-desktop-1\" data-reference-id=\"mE4+Ire2BhpuSmPMxPt84A==\" data-tracking-id=\"p2JE24CQ\/wbdXpN91x8w+A==\" data-column=\"1\" data-row=\"2\"><\/p>\n<p>        <a class=\"base-card__full-link absolute top-0 right-0 bottom-0 left-0 p-0 z-[2] outline-offset-[4px]\" href=\"https:\/\/br.linkedin.com\/jobs\/view\/recepcionista-ribeir%C3%A3o-preto-sp-geo-agri-at-santiago-e-cintra-geotecnologias-4263698636?position=2&amp;pageNum=0&amp;refId=mE4%2BIre2BhpuSmPMxPt84A%3D%3D&amp;trackingId=p2JE24CQ%2FwbdXpN91x8w%2BA%3D%3D\" data-tracking-control-name=\"public_jobs_jserp-result_search-card\" data-tracking-client-ingraph data-tracking-will-navigate><\/p>\n<p>          <span class=\"sr-only\"><\/p>\n<p>        Recepcionista &#8211; Ribeir\u00e3o Preto\/SP &#8211; Geo Agri<\/p>\n<p>          <\/span><br \/>\n        <\/a><\/p>\n<div class=\"search-entity-media\">\n<p>      <img class=\"artdeco-entity-image artdeco-entity-image--square-4\n          \" data-delayed-url=\"https:\/\/media.licdn.com\/dms\/image\/v2\/D4D0BAQFDVZAsGoI81Q\/company-logo_100_100\/company-logo_100_100\/0\/1738779997078\/santiago_e_cintra_logo?e=2147483647&amp;v=beta&amp;t=f3tt-l0TLo2HUZ7BG7mvr3ZansUz-yhkxJsfQgojBmE\" data-ghost-classes=\"artdeco-entity-image--ghost\" data-ghost-url=\"https:\/\/static.licdn.com\/aero-v1\/sc\/h\/6puxblwmhnodu6fjircz4dn4h\" alt><\/p><\/div>\n<div class=\"base-search-card__info\">\n<h3 class=\"base-search-card__title\">\n<p>        Recepcionista &#8211; Ribeir\u00e3o Preto\/SP &#8211; Geo Agri<\/p>\n<\/h3>\n<h4 class=\"base-search-card__subtitle\">\n<p>          <a class=\"hidden-nested-link\" data-tracking-client-ingraph data-tracking-control-name=\"public_jobs_jserp-result_job-search-card-subtitle\" data-tracking-will-navigate href=\"https:\/\/br.linkedin.com\/company\/santiago-e-cintra?trk=public_jobs_jserp-result_job-search-card-subtitle\"><br \/>\n            Santiago e Cintra Geotecnologias<br \/>\n          <\/a><\/p>\n<\/h4>\n<p><!----><\/p>\n<div class=\"base-search-card__metadata\">\n<p>          <span class=\"job-search-card__location\"><br \/>\n            Ribeir\u00e3o Preto, S\u00e3o Paulo, Brazil<br \/>\n          <\/span><\/p>\n<p><!---->  <\/p>\n<p>          <time class=\"job-search-card__listdate\" datetime=\"2025-07-08\"><\/p>\n<p>      1 week ago<\/p>\n<p>          <\/time><\/p>\n<p><!---->\n            <\/div>\n<\/p><\/div>\n<p><!---->      <\/p><\/div>\n<\/li>\n<li>\n<div class=\"base-card relative w-full hover:no-underline focus:no-underline\n        base-card--link\n         base-search-card base-search-card--link job-search-card\" data-entity-urn=\"urn:li:jobPosting:4266840915\" data-impression-id=\"jobs-search-desktop-2\" data-reference-id=\"mE4+Ire2BhpuSmPMxPt84A==\" data-tracking-id=\"N0yQPNYeXl55Su6x2JbgSw==\" data-column=\"1\" data-row=\"3\"><\/p>\n<p>        <a class=\"base-card__full-link absolute top-0 right-0 bottom-0 left-0 p-0 z-[2] outline-offset-[4px]\" href=\"https:\/\/br.linkedin.com\/jobs\/view\/recepcionista-sp-at-mult-light-energia-4266840915?position=3&amp;pageNum=0&amp;refId=mE4%2BIre2BhpuSmPMxPt84A%3D%3D&amp;trackingId=N0yQPNYeXl55Su6x2JbgSw%3D%3D\" data-tracking-control-name=\"public_jobs_jserp-result_search-card\" data-tracking-client-ingraph data-tracking-will-navigate><\/p>\n<p>          <span class=\"sr-only\"><\/p>\n<p>        Recepcionista &#8211; SP<\/p>\n<p>          <\/span><br \/>\n        <\/a><\/p>\n<div class=\"search-entity-media\">\n<p>      <img class=\"artdeco-entity-image artdeco-entity-image--square-4\n          \" data-delayed-url=\"https:\/\/media.licdn.com\/dms\/image\/v2\/D4D0BAQHGylzpI2GjDg\/company-logo_100_100\/company-logo_100_100\/0\/1710335768731?e=2147483647&amp;v=beta&amp;t=F7UjWB-m9IT3YY6Rnnu7RBZfEOzrUQDGCE8H6WIk6Ho\" data-ghost-classes=\"artdeco-entity-image--ghost\" data-ghost-url=\"https:\/\/static.licdn.com\/aero-v1\/sc\/h\/6puxblwmhnodu6fjircz4dn4h\" alt><\/p><\/div>\n<div class=\"base-search-card__info\">\n<h3 class=\"base-search-card__title\">\n<p>        Recepcionista &#8211; SP<\/p>\n<\/h3>\n<h4 class=\"base-search-card__subtitle\">\n<p>          <a class=\"hidden-nested-link\" data-tracking-client-ingraph data-tracking-control-name=\"public_jobs_jserp-result_job-search-card-subtitle\" data-tracking-will-navigate href=\"https:\/\/www.linkedin.com\/company\/mult-light-comercial?trk=public_jobs_jserp-result_job-search-card-subtitle\"><br \/>\n            Mult Light Energia<br \/>\n          <\/a><\/p>\n<\/h4>\n<p><!----><\/p>\n<div class=\"base-search-card__metadata\">\n<p>          <span class=\"job-search-card__location\"><br \/>\n            Greater Ribeir\u00e3o Preto<br \/>\n          <\/span><\/p>\n<div class=\"job-posting-benefits text-sm\">\n        <icon class=\"job-posting-benefits__icon\" data-delayed-url=\"https:\/\/static.licdn.com\/aero-v1\/sc\/h\/3p1v0uhy7uq0cm5zdvzp4eo18\" data-svg-class-name=\"job-posting-benefits__icon-svg\"><\/icon><br \/>\n        <span class=\"job-posting-benefits__text\"><br \/>\n          Actively Hiring<br \/>\n<!---->        <\/span>\n      <\/div>\n<p>          <time class=\"job-search-card__listdate--new\" datetime=\"2025-07-15\"><\/p>\n<p>      20 hours ago<\/p>\n<p>          <\/time><\/p>\n<p><!---->\n            <\/div>\n<\/p><\/div>\n<p><!---->      <\/p><\/div>\n<\/li>\n<li>\n<div class=\"base-card relative w-full hover:no-underline focus:no-underline\n        base-card--link\n         base-search-card base-search-card--link job-search-card\" data-entity-urn=\"urn:li:jobPosting:4266700727\" data-impression-id=\"jobs-search-desktop-3\" data-reference-id=\"mE4+Ire2BhpuSmPMxPt84A==\" data-tracking-id=\"V2\/bxtu3rpntovO0xuOGuQ==\" data-column=\"1\" data-row=\"4\"><\/p>\n<p>        <a class=\"base-card__full-link absolute top-0 right-0 bottom-0 left-0 p-0 z-[2] outline-offset-[4px]\" href=\"https:\/\/br.linkedin.com\/jobs\/view\/recepcionista-at-stanley-s-holding-4266700727?position=4&amp;pageNum=0&amp;refId=mE4%2BIre2BhpuSmPMxPt84A%3D%3D&amp;trackingId=V2%2Fbxtu3rpntovO0xuOGuQ%3D%3D\" data-tracking-control-name=\"public_jobs_jserp-result_search-card\" data-tracking-client-ingraph data-tracking-will-navigate><\/p>\n<p>          <span class=\"sr-only\"><\/p>\n<p>        Recepcionista<\/p>\n<p>          <\/span><br \/>\n        <\/a><\/p>\n<div class=\"search-entity-media\">\n<p>      <img class=\"artdeco-entity-image artdeco-entity-image--square-4\n          \" data-delayed-url=\"https:\/\/media.licdn.com\/dms\/image\/v2\/D4D0BAQEadX2ub76Zow\/company-logo_100_100\/company-logo_100_100\/0\/1734712633168\/stanleysholding_logo?e=2147483647&amp;v=beta&amp;t=3uTHcH5UPAtqWRLS9QvxvKDEvwQ2rCpe3voUNfse0vs\" data-ghost-classes=\"artdeco-entity-image--ghost\" data-ghost-url=\"https:\/\/static.licdn.com\/aero-v1\/sc\/h\/6puxblwmhnodu6fjircz4dn4h\" alt><\/p><\/div>\n<div class=\"base-search-card__info\">\n<h3 class=\"base-search-card__title\">\n<p>        Recepcionista<\/p>\n<\/h3>\n<h4 class=\"base-search-card__subtitle\">\n<p>          <a class=\"hidden-nested-link\" data-tracking-client-ingraph data-tracking-control-name=\"public_jobs_jserp-result_job-search-card-subtitle\" data-tracking-will-navigate href=\"https:\/\/br.linkedin.com\/company\/stanleysholding?trk=public_jobs_jserp-result_job-search-card-subtitle\"><br \/>\n            Stanley&#8217;s Holding<br \/>\n          <\/a><\/p>\n<\/h4>\n<p><!----><\/p>\n<div class=\"base-search-card__metadata\">\n<p>          <span class=\"job-search-card__location\"><br \/>\n            Ribeir\u00e3o Preto, S\u00e3o Paulo, Brazil<br \/>\n          <\/span><\/p>\n<div class=\"job-posting-benefits text-sm\">\n        <icon class=\"job-posting-benefits__icon\" data-delayed-url=\"https:\/\/static.licdn.com\/aero-v1\/sc\/h\/8zmuwb93gzlb935fk4ao4z779\" data-svg-class-name=\"job-posting-benefits__icon-svg\"><\/icon><br \/>\n        <span class=\"job-posting-benefits__text\"><br \/>\n          Be an early applicant<br \/>\n<!---->        <\/span>\n      <\/div>\n<p>          <time class=\"job-search-card__listdate--new\" datetime=\"2025-07-15\"><\/p>\n<p>      10 hours ago<\/p>\n<p>          <\/time><\/p>\n<p><!---->\n            <\/div>\n<\/p><\/div>\n<p><!---->      <\/p><\/div>\n<\/li>\n<li>\n<div class=\"base-card relative w-full hover:no-underline focus:no-underline\n        base-card--link\n         base-search-card base-search-card--link job-search-card\" data-entity-urn=\"urn:li:jobPosting:4256232568\" data-impression-id=\"jobs-search-desktop-4\" data-reference-id=\"mE4+Ire2BhpuSmPMxPt84A==\" data-tracking-id=\"8qmE5RHccUbPtkTCT+fRvw==\" data-column=\"1\" data-row=\"5\"><\/p>\n<p>        <a class=\"base-card__full-link absolute top-0 right-0 bottom-0 left-0 p-0 z-[2] outline-offset-[4px]\" href=\"https:\/\/br.linkedin.com\/jobs\/view\/recepcionista-cb-ribeir%C3%A3o-preto-at-coco-bambu-restaurante-4256232568?position=5&amp;pageNum=0&amp;refId=mE4%2BIre2BhpuSmPMxPt84A%3D%3D&amp;trackingId=8qmE5RHccUbPtkTCT%2BfRvw%3D%3D\" data-tracking-control-name=\"public_jobs_jserp-result_search-card\" data-tracking-client-ingraph data-tracking-will-navigate><\/p>\n<p>          <span class=\"sr-only\"><\/p>\n<p>        Recepcionista &#8211; CB Ribeir\u00e3o Preto<\/p>\n<p>          <\/span><br \/>\n        <\/a><\/p>\n<div class=\"search-entity-media\">\n<p>      <img class=\"artdeco-entity-image artdeco-entity-image--square-4\n          \" data-delayed-url=\"https:\/\/media.licdn.com\/dms\/image\/v2\/C4D0BAQHPH3Aphl4tEQ\/company-logo_100_100\/company-logo_100_100\/0\/1630580697840\/cocobamburestaurante_logo?e=2147483647&amp;v=beta&amp;t=BrOvSSYO9nf2nsv9WANMkqz025Fo9wtTrjWJnShQe3Q\" data-ghost-classes=\"artdeco-entity-image--ghost\" data-ghost-url=\"https:\/\/static.licdn.com\/aero-v1\/sc\/h\/6puxblwmhnodu6fjircz4dn4h\" alt><\/p><\/div>\n<div class=\"base-search-card__info\">\n<h3 class=\"base-search-card__title\">\n<p>        Recepcionista &#8211; CB Ribeir\u00e3o Preto<\/p>\n<\/h3>\n<h4 class=\"base-search-card__subtitle\">\n<p>          <a class=\"hidden-nested-link\" data-tracking-client-ingraph data-tracking-control-name=\"public_jobs_jserp-result_job-search-card-subtitle\" data-tracking-will-navigate href=\"https:\/\/www.linkedin.com\/company\/cocobamburestaurante?trk=public_jobs_jserp-result_job-search-card-subtitle\"><br \/>\n            Coco Bambu Restaurante<br \/>\n          <\/a><\/p>\n<\/h4>\n<p><!----><\/p>\n<div class=\"base-search-card__metadata\">\n<p>          <span class=\"job-search-card__location\"><br \/>\n            Ribeir\u00e3o Preto, S\u00e3o Paulo, Brazil<br \/>\n          <\/span><\/p>\n<div class=\"job-posting-benefits text-sm\">\n        <icon class=\"job-posting-benefits__icon\" data-delayed-url=\"https:\/\/static.licdn.com\/aero-v1\/sc\/h\/3p1v0uhy7uq0cm5zdvzp4eo18\" data-svg-class-name=\"job-posting-benefits__icon-svg\"><\/icon><br \/>\n        <span class=\"job-posting-benefits__text\"><br \/>\n          Actively Hiring<br \/>\n<!---->        <\/span>\n      <\/div>\n<p>          <time class=\"job-search-card__listdate\" datetime=\"2025-06-28\"><\/p>\n<p>      2 weeks ago<\/p>\n<p>          <\/time><\/p>\n<p><!---->\n            <\/div>\n<\/p><\/div>\n<p><!---->      <\/p><\/div>\n<\/li>\n<li>\n<div class=\"base-card relative w-full hover:no-underline focus:no-underline\n        base-card--link\n         base-search-card base-search-card--link job-search-card\" data-entity-urn=\"urn:li:jobPosting:4266693238\" data-impression-id=\"jobs-search-desktop-5\" data-reference-id=\"mE4+Ire2BhpuSmPMxPt84A==\" data-tracking-id=\"aXjUKlviJHskYDv2Cw0aNw==\" data-column=\"1\" data-row=\"6\"><\/p>\n<p>        <a class=\"base-card__full-link absolute top-0 right-0 bottom-0 left-0 p-0 z-[2] outline-offset-[4px]\" href=\"https:\/\/br.linkedin.com\/jobs\/view\/recepcionista-at-ala-servi%C3%A7os-4266693238?position=6&amp;pageNum=0&amp;refId=mE4%2BIre2BhpuSmPMxPt84A%3D%3D&amp;trackingId=aXjUKlviJHskYDv2Cw0aNw%3D%3D\" data-tracking-control-name=\"public_jobs_jserp-result_search-card\" data-tracking-client-ingraph data-tracking-will-navigate><\/p>\n<p>          <span class=\"sr-only\"><\/p>\n<p>        Recepcionista<\/p>\n<p>          <\/span><br \/>\n        <\/a><\/p>\n<div class=\"search-entity-media\">\n<p>      <img class=\"artdeco-entity-image artdeco-entity-image--square-4\n          \" data-delayed-url=\"https:\/\/media.licdn.com\/dms\/image\/v2\/D4D0BAQFVjRm44OwXOg\/company-logo_100_100\/company-logo_100_100\/0\/1697661270950\/grupoallfacilities_logo?e=2147483647&amp;v=beta&amp;t=McTH4BVgn5-aIKhOT7Qx3OH1vithVr3endJKP8ZnWAQ\" data-ghost-classes=\"artdeco-entity-image--ghost\" data-ghost-url=\"https:\/\/static.licdn.com\/aero-v1\/sc\/h\/6puxblwmhnodu6fjircz4dn4h\" alt><\/p><\/div>\n<div class=\"base-search-card__info\">\n<h3 class=\"base-search-card__title\">\n<p>        Recepcionista<\/p>\n<\/h3>\n<h4 class=\"base-search-card__subtitle\">\n<p>          <a class=\"hidden-nested-link\" data-tracking-client-ingraph data-tracking-control-name=\"public_jobs_jserp-result_job-search-card-subtitle\" data-tracking-will-navigate href=\"https:\/\/br.linkedin.com\/company\/grupoallfacilities?trk=public_jobs_jserp-result_job-search-card-subtitle\"><br \/>\n            Ala Servi\u00e7os<br \/>\n          <\/a><\/p>\n<\/h4>\n<p><!----><\/p>\n<div class=\"base-search-card__metadata\">\n<p>          <span class=\"job-search-card__location\"><br \/>\n            Ribeir\u00e3o Preto, S\u00e3o Paulo, Brazil<br \/>\n          <\/span><\/p>\n<p><!---->  <\/p>\n<p>          <time class=\"job-search-card__listdate--new\" datetime=\"2025-07-15\"><\/p>\n<p>      10 hours ago<\/p>\n<p>          <\/time><\/p>\n<p><!---->\n            <\/div>\n<\/p><\/div>\n<p><!---->      <\/p><\/div>\n<\/li>\n<li>\n<div class=\"base-card relative w-full hover:no-underline focus:no-underline\n        base-card--link\n         base-search-card base-search-card--link job-search-card\" data-entity-urn=\"urn:li:jobPosting:4266845268\" data-impression-id=\"jobs-search-desktop-6\" data-reference-id=\"mE4+Ire2BhpuSmPMxPt84A==\" data-tracking-id=\"2UHiznRwd3AWwhCx9W8DGg==\" data-column=\"1\" data-row=\"7\"><\/p>\n<p>        <a class=\"base-card__full-link absolute top-0 right-0 bottom-0 left-0 p-0 z-[2] outline-offset-[4px]\" href=\"https:\/\/br.linkedin.com\/jobs\/view\/recepcionista-sp-at-a-l-a-4266845268?position=7&amp;pageNum=0&amp;refId=mE4%2BIre2BhpuSmPMxPt84A%3D%3D&amp;trackingId=2UHiznRwd3AWwhCx9W8DGg%3D%3D\" data-tracking-control-name=\"public_jobs_jserp-result_search-card\" data-tracking-client-ingraph data-tracking-will-navigate><\/p>\n<p>          <span class=\"sr-only\"><\/p>\n<p>        Recepcionista &#8211; SP<\/p>\n<p>          <\/span><br \/>\n        <\/a><\/p>\n<div class=\"search-entity-media\">\n<p>      <img class=\"artdeco-entity-image artdeco-entity-image--square-4\n          \" data-delayed-url=\"https:\/\/media.licdn.com\/dms\/image\/v2\/C4E0BAQEcFMbpfbTg0Q\/company-logo_100_100\/company-logo_100_100\/0\/1631358011119?e=2147483647&amp;v=beta&amp;t=tA2ysjiU-edPtQ7kXQjOkM6GScie4DbrxRp4AkEVjeQ\" data-ghost-classes=\"artdeco-entity-image--ghost\" data-ghost-url=\"https:\/\/static.licdn.com\/aero-v1\/sc\/h\/6puxblwmhnodu6fjircz4dn4h\" alt><\/p><\/div>\n<div class=\"base-search-card__info\">\n<h3 class=\"base-search-card__title\">\n<p>        Recepcionista &#8211; SP<\/p>\n<\/h3>\n<h4 class=\"base-search-card__subtitle\">\n<p>          <a class=\"hidden-nested-link\" data-tracking-client-ingraph data-tracking-control-name=\"public_jobs_jserp-result_job-search-card-subtitle\" data-tracking-will-navigate href=\"https:\/\/lb.linkedin.com\/company\/a.l.a.?trk=public_jobs_jserp-result_job-search-card-subtitle\"><br \/>\n            A.L.A.<br \/>\n          <\/a><\/p>\n<\/h4>\n<p><!----><\/p>\n<div class=\"base-search-card__metadata\">\n<p>          <span class=\"job-search-card__location\"><br \/>\n            Greater Ribeir\u00e3o Preto<br \/>\n          <\/span><\/p>\n<p><!---->  <\/p>\n<p>          <time class=\"job-search-card__listdate--new\" datetime=\"2025-07-15\"><\/p>\n<p>      20 hours ago<\/p>\n<p>          <\/time><\/p>\n<p><!---->\n            <\/div>\n<\/p><\/div>\n<p><!---->      <\/p><\/div>\n<\/li>\n<li>\n<div class=\"base-card relative w-full hover:no-underline focus:no-underline\n        base-card--link\n         base-search-card base-search-card--link job-search-card\" data-entity-urn=\"urn:li:jobPosting:4258788926\" data-impression-id=\"jobs-search-desktop-7\" data-reference-id=\"mE4+Ire2BhpuSmPMxPt84A==\" data-tracking-id=\"mxUGmTuTYqCmFiy4oubW3A==\" data-column=\"1\" data-row=\"8\"><\/p>\n<p>        <a class=\"base-card__full-link absolute top-0 right-0 bottom-0 left-0 p-0 z-[2] outline-offset-[4px]\" href=\"https:\/\/br.linkedin.com\/jobs\/view\/assistente-de-licita%C3%A7%C3%A3o-viveo-ribeir%C3%A3o-preto-at-viveo-4258788926?position=8&amp;pageNum=0&amp;refId=mE4%2BIre2BhpuSmPMxPt84A%3D%3D&amp;trackingId=mxUGmTuTYqCmFiy4oubW3A%3D%3D\" data-tracking-control-name=\"public_jobs_jserp-result_search-card\" data-tracking-client-ingraph data-tracking-will-navigate><\/p>\n<p>          <span class=\"sr-only\"><\/p>\n<p>        Assistente de Licita\u00e7\u00e3o | Viveo | Ribeir\u00e3o Preto<\/p>\n<p>          <\/span><br \/>\n        <\/a><\/p>\n<div class=\"search-entity-media\">\n<p>      <img class=\"artdeco-entity-image artdeco-entity-image--square-4\n          \" data-delayed-url=\"https:\/\/media.licdn.com\/dms\/image\/v2\/C4D0BAQF7ti0nEPYEOQ\/company-logo_100_100\/company-logo_100_100\/0\/1630556268763\/viveosaude_logo?e=2147483647&amp;v=beta&amp;t=SdvY7j3veRVUDFtDwVbogCoiR-LaU1DfH5OuKL-4M8U\" data-ghost-classes=\"artdeco-entity-image--ghost\" data-ghost-url=\"https:\/\/static.licdn.com\/aero-v1\/sc\/h\/6puxblwmhnodu6fjircz4dn4h\" alt><\/p><\/div>\n<div class=\"base-search-card__info\">\n<h3 class=\"base-search-card__title\">\n<p>        Assistente de Licita\u00e7\u00e3o | Viveo | Ribeir\u00e3o Preto<\/p>\n<\/h3>\n<h4 class=\"base-search-card__subtitle\">\n<p>          <a class=\"hidden-nested-link\" data-tracking-client-ingraph data-tracking-control-name=\"public_jobs_jserp-result_job-search-card-subtitle\" data-tracking-will-navigate href=\"https:\/\/br.linkedin.com\/company\/viveooficial?trk=public_jobs_jserp-result_job-search-card-subtitle\"><br \/>\n            Viveo<br \/>\n          <\/a><\/p>\n<\/h4>\n<p><!----><\/p>\n<div class=\"base-search-card__metadata\">\n<p>          <span class=\"job-search-card__location\"><br \/>\n            Ribeir\u00e3o Preto, S\u00e3o Paulo, Brazil<br \/>\n          <\/span><\/p>\n<div class=\"job-posting-benefits text-sm\">\n        <icon class=\"job-posting-benefits__icon\" data-delayed-url=\"https:\/\/static.licdn.com\/aero-v1\/sc\/h\/3p1v0uhy7uq0cm5zdvzp4eo18\" data-svg-class-name=\"job-posting-benefits__icon-svg\"><\/icon><br \/>\n        <span class=\"job-posting-benefits__text\"><br \/>\n          Actively Hiring<br \/>\n<!---->        <\/span>\n      <\/div>\n<p>          <time class=\"job-search-card__listdate\" datetime=\"2025-07-01\"><\/p>\n<p>      2 weeks ago<\/p>\n<p>          <\/time><\/p>\n<p><!---->\n            <\/div>\n<\/p><\/div>\n<p><!---->      <\/p><\/div>\n<\/li>\n<li>\n<div class=\"base-card relative w-full hover:no-underline focus:no-underline\n        base-card--link\n         base-search-card base-search-card--link job-search-card\" data-entity-urn=\"urn:li:jobPosting:4265772054\" data-impression-id=\"jobs-search-desktop-8\" data-reference-id=\"mE4+Ire2BhpuSmPMxPt84A==\" data-tracking-id=\"UKfjuEUKRjbVptXkPLgsvg==\" data-column=\"1\" data-row=\"9\"><\/p>\n<p>        <a class=\"base-card__full-link absolute top-0 right-0 bottom-0 left-0 p-0 z-[2] outline-offset-[4px]\" href=\"https:\/\/br.linkedin.com\/jobs\/view\/assistente-administrativo-at-unimed-nordeste-paulista-federacao-intrafederativa-das-cooperativas-medicas-4265772054?position=9&amp;pageNum=0&amp;refId=mE4%2BIre2BhpuSmPMxPt84A%3D%3D&amp;trackingId=UKfjuEUKRjbVptXkPLgsvg%3D%3D\" data-tracking-control-name=\"public_jobs_jserp-result_search-card\" data-tracking-client-ingraph data-tracking-will-navigate><\/p>\n<p>          <span class=\"sr-only\"><\/p>\n<p>        Assistente Administrativo<\/p>\n<p>          <\/span><br \/>\n        <\/a><\/p>\n<div class=\"search-entity-media\">\n<p>      <img class=\"artdeco-entity-image artdeco-entity-image--square-4\n          \" data-delayed-url=\"https:\/\/media.licdn.com\/dms\/image\/v2\/C4D0BAQFvYrwu2alIyw\/company-logo_100_100\/company-logo_100_100\/0\/1669925520527\/unimed_nordeste_paulista_logo?e=2147483647&amp;v=beta&amp;t=0orbZ6QOC4LKjZ7MEuHBuNVEhNaMzqf-I8CTIDp7XPo\" data-ghost-classes=\"artdeco-entity-image--ghost\" data-ghost-url=\"https:\/\/static.licdn.com\/aero-v1\/sc\/h\/6puxblwmhnodu6fjircz4dn4h\" alt><\/p><\/div>\n<div class=\"base-search-card__info\">\n<h3 class=\"base-search-card__title\">\n<p>        Assistente Administrativo<\/p>\n<\/h3>\n<h4 class=\"base-search-card__subtitle\">\n<p>          <a class=\"hidden-nested-link\" data-tracking-client-ingraph data-tracking-control-name=\"public_jobs_jserp-result_job-search-card-subtitle\" data-tracking-will-navigate href=\"https:\/\/www.linkedin.com\/company\/unimed-nordestepaulista?trk=public_jobs_jserp-result_job-search-card-subtitle\"><br \/>\n            Unimed Nordeste Paulista &#8211; Federacao Intrafederativa Das Cooperativas Medicas<br \/>\n          <\/a><\/p>\n<\/h4>\n<p><!----><\/p>\n<div class=\"base-search-card__metadata\">\n<p>          <span class=\"job-search-card__location\"><br \/>\n            Ribeir\u00e3o Preto, S\u00e3o Paulo, Brazil<br \/>\n          <\/span><\/p>\n<p><!---->  <\/p>\n<p>          <time class=\"job-search-card__listdate\" datetime=\"2025-07-13\"><\/p>\n<p>      2 days ago<\/p>\n<p>          <\/time><\/p>\n<p><!---->\n            <\/div>\n<\/p><\/div>\n<p><!---->      <\/p><\/div>\n<\/li>\n<li>\n<div class=\"base-card relative w-full hover:no-underline focus:no-underline\n        base-card--link\n         base-search-card base-search-card--link job-search-card\" data-entity-urn=\"urn:li:jobPosting:4250069253\" data-impression-id=\"jobs-search-desktop-9\" data-reference-id=\"mE4+Ire2BhpuSmPMxPt84A==\" data-tracking-id=\"g7DMKneNUBokXhzOq9w4Ew==\" data-column=\"1\" data-row=\"10\"><\/p>\n<p>        <a class=\"base-card__full-link absolute top-0 right-0 bottom-0 left-0 p-0 z-[2] outline-offset-[4px]\" href=\"https:\/\/br.linkedin.com\/jobs\/view\/recepcionista-at-attona-4250069253?position=10&amp;pageNum=0&amp;refId=mE4%2BIre2BhpuSmPMxPt84A%3D%3D&amp;trackingId=g7DMKneNUBokXhzOq9w4Ew%3D%3D\" data-tracking-control-name=\"public_jobs_jserp-result_search-card\" data-tracking-client-ingraph data-tracking-will-navigate><\/p>\n<p>          <span class=\"sr-only\"><\/p>\n<p>        Recepcionista<\/p>\n<p>          <\/span><br \/>\n        <\/a><\/p>\n<div class=\"search-entity-media\">\n<p>      <img class=\"artdeco-entity-image artdeco-entity-image--square-4\n          \" data-delayed-url=\"https:\/\/media.licdn.com\/dms\/image\/v2\/D4D0BAQEUXsDgMpDyHg\/company-logo_100_100\/company-logo_100_100\/0\/1681417851376\/attona_logo?e=2147483647&amp;v=beta&amp;t=LUvlpuuDJp0jxZmZGlIsey4f7GAGkEadGR4x7ALFx-o\" data-ghost-classes=\"artdeco-entity-image--ghost\" data-ghost-url=\"https:\/\/static.licdn.com\/aero-v1\/sc\/h\/6puxblwmhnodu6fjircz4dn4h\" alt><\/p><\/div>\n<div class=\"base-search-card__info\">\n<h3 class=\"base-search-card__title\">\n<p>        Recepcionista<\/p>\n<\/h3>\n<h4 class=\"base-search-card__subtitle\">\n<p>          <a class=\"hidden-nested-link\" data-tracking-client-ingraph data-tracking-control-name=\"public_jobs_jserp-result_job-search-card-subtitle\" data-tracking-will-navigate href=\"https:\/\/br.linkedin.com\/company\/attona?trk=public_jobs_jserp-result_job-search-card-subtitle\"><br \/>\n            Attona<br \/>\n          <\/a><\/p>\n<\/h4>\n<p><!----><\/p>\n<div class=\"base-search-card__metadata\">\n<p>          <span class=\"job-search-card__location\"><br \/>\n            Ribeir\u00e3o Preto, S\u00e3o Paulo, Brazil<br \/>\n          <\/span><\/p>\n<p><!---->  <\/p>\n<p>          <time class=\"job-search-card__listdate\" datetime=\"2025-06-13\"><\/p>\n<p>      1 month ago<\/p>\n<p>          <\/time><\/p>\n<p><!---->\n            <\/div>\n<\/p><\/div>\n<p><!---->      <\/p><\/div>\n<\/li>\n<li>\n<div class=\"base-card relative w-full hover:no-underline focus:no-underline\n        base-card--link\n         base-search-card base-search-card--link job-search-card\" data-entity-urn=\"urn:li:jobPosting:4254398926\" data-impression-id=\"jobs-search-desktop-10\" data-reference-id=\"mE4+Ire2BhpuSmPMxPt84A==\" data-tracking-id=\"hXmo4gZzyFPW3gDwTHyRag==\" data-column=\"1\" data-row=\"11\"><\/p>\n<p>        <a class=\"base-card__full-link absolute top-0 right-0 bottom-0 left-0 p-0 z-[2] outline-offset-[4px]\" href=\"https:\/\/br.linkedin.com\/jobs\/view\/jovem-aprendiz-at-eptv-4254398926?position=11&amp;pageNum=0&amp;refId=mE4%2BIre2BhpuSmPMxPt84A%3D%3D&amp;trackingId=hXmo4gZzyFPW3gDwTHyRag%3D%3D\" data-tracking-control-name=\"public_jobs_jserp-result_search-card\" data-tracking-client-ingraph data-tracking-will-navigate><\/p>\n<p>          <span class=\"sr-only\"><\/p>\n<p>        Jovem Aprendiz<\/p>\n<p>          <\/span><br \/>\n        <\/a><\/p>\n<div class=\"search-entity-media\">\n<p>      <img class=\"artdeco-entity-image artdeco-entity-image--square-4\n          \" data-delayed-url=\"https:\/\/media.licdn.com\/dms\/image\/v2\/D4D0BAQE22hF_TfDNNA\/company-logo_100_100\/company-logo_100_100\/0\/1730466656574\/eptv_logo?e=2147483647&amp;v=beta&amp;t=TVTH0dWrXy0ZZ4Gwhs7SuOvjP6afwRdL9IPga10YZpQ\" data-ghost-classes=\"artdeco-entity-image--ghost\" data-ghost-url=\"https:\/\/static.licdn.com\/aero-v1\/sc\/h\/6puxblwmhnodu6fjircz4dn4h\" alt><\/p><\/div>\n<div class=\"base-search-card__info\">\n<h3 class=\"base-search-card__title\">\n<p>        Jovem Aprendiz<\/p>\n<\/h3>\n<h4 class=\"base-search-card__subtitle\">\n<p>          <a class=\"hidden-nested-link\" data-tracking-client-ingraph data-tracking-control-name=\"public_jobs_jserp-result_job-search-card-subtitle\" data-tracking-will-navigate href=\"https:\/\/br.linkedin.com\/company\/eptv?trk=public_jobs_jserp-result_job-search-card-subtitle\"><br \/>\n            EPTV<br \/>\n          <\/a><\/p>\n<\/h4>\n<p><!----><\/p>\n<div class=\"base-search-card__metadata\">\n<p>          <span class=\"job-search-card__location\"><br \/>\n            Ribeir\u00e3o Preto, S\u00e3o Paulo, Brazil<br \/>\n          <\/span><\/p>\n<p><!---->  <\/p>\n<p>          <time class=\"job-search-card__listdate\" datetime=\"2025-06-26\"><\/p>\n<p>      2 weeks ago<\/p>\n<p>          <\/time><\/p>\n<p><!---->\n            <\/div>\n<\/p><\/div>\n<p><!---->      <\/p><\/div>\n<\/li>\n<li>\n<div class=\"base-card relative w-full hover:no-underline focus:no-underline\n        base-card--link\n         base-search-card base-search-card--link job-search-card\" data-entity-urn=\"urn:li:jobPosting:4183615746\" data-impression-id=\"jobs-search-desktop-11\" data-reference-id=\"mE4+Ire2BhpuSmPMxPt84A==\" data-tracking-id=\"E0Jzf2YMqXuW2l4vfgrBvA==\" data-column=\"1\" data-row=\"12\"><\/p>\n<p>        <a class=\"base-card__full-link absolute top-0 right-0 bottom-0 left-0 p-0 z-[2] outline-offset-[4px]\" href=\"https:\/\/br.linkedin.com\/jobs\/view\/recepcionista-agendamento-at-dvi-diagn%C3%B3stico-odontol%C3%B3gico-4183615746?position=12&amp;pageNum=0&amp;refId=mE4%2BIre2BhpuSmPMxPt84A%3D%3D&amp;trackingId=E0Jzf2YMqXuW2l4vfgrBvA%3D%3D\" data-tracking-control-name=\"public_jobs_jserp-result_search-card\" data-tracking-client-ingraph data-tracking-will-navigate><\/p>\n<p>          <span class=\"sr-only\"><\/p>\n<p>        Recepcionista &#8211; Agendamento<\/p>\n<p>          <\/span><br \/>\n        <\/a><\/p>\n<div class=\"search-entity-media\">\n<p>      <img class=\"artdeco-entity-image artdeco-entity-image--square-4\n          \" data-delayed-url=\"https:\/\/media.licdn.com\/dms\/image\/v2\/D4D0BAQGJIGtTh-ZXZg\/img-crop_100\/img-crop_100\/0\/1737386249032?e=2147483647&amp;v=beta&amp;t=8rSH9iUqF6vlrMlS2HJMDxsf_vVsZGhU1N1pNFhk9kc\" data-ghost-classes=\"artdeco-entity-image--ghost\" data-ghost-url=\"https:\/\/static.licdn.com\/aero-v1\/sc\/h\/6puxblwmhnodu6fjircz4dn4h\" alt><\/p><\/div>\n<div class=\"base-search-card__info\">\n<h3 class=\"base-search-card__title\">\n<p>        Recepcionista &#8211; Agendamento<\/p>\n<\/h3>\n<h4 class=\"base-search-card__subtitle\">\n<p>          <a class=\"hidden-nested-link\" data-tracking-client-ingraph data-tracking-control-name=\"public_jobs_jserp-result_job-search-card-subtitle\" data-tracking-will-navigate href=\"https:\/\/br.linkedin.com\/company\/dviradiologia?trk=public_jobs_jserp-result_job-search-card-subtitle\"><br \/>\n            DVI Diagn\u00f3stico Odontol\u00f3gico<br \/>\n          <\/a><\/p>\n<\/h4>\n<p><!----><\/p>\n<div class=\"base-search-card__metadata\">\n<p>          <span class=\"job-search-card__location\"><br \/>\n            Ribeir\u00e3o Preto, S\u00e3o Paulo, Brazil<br \/>\n          <\/span><\/p>\n<div class=\"job-posting-benefits text-sm\">\n        <icon class=\"job-posting-benefits__icon\" data-delayed-url=\"https:\/\/static.licdn.com\/aero-v1\/sc\/h\/3p1v0uhy7uq0cm5zdvzp4eo18\" data-svg-class-name=\"job-posting-benefits__icon-svg\"><\/icon><br \/>\n        <span class=\"job-posting-benefits__text\"><br \/>\n          Actively Hiring<br \/>\n<!---->        <\/span>\n      <\/div>\n<p>          <time class=\"job-search-card__listdate\" datetime=\"2025-03-13\"><\/p>\n<p>      4 months ago<\/p>\n<p>          <\/time><\/p>\n<p><!---->\n            <\/div>\n<\/p><\/div>\n<p><!---->      <\/p><\/div>\n<\/li>\n<li>\n<div class=\"base-card relative w-full hover:no-underline focus:no-underline\n        base-card--link\n         base-search-card base-search-card--link job-search-card\" data-entity-urn=\"urn:li:jobPosting:4266838500\" data-impression-id=\"jobs-search-desktop-12\" data-reference-id=\"mE4+Ire2BhpuSmPMxPt84A==\" data-tracking-id=\"VoPhFuk+2zNZlFx4X0PMMQ==\" data-column=\"1\" data-row=\"13\"><\/p>\n<p>        <a class=\"base-card__full-link absolute top-0 right-0 bottom-0 left-0 p-0 z-[2] outline-offset-[4px]\" href=\"https:\/\/br.linkedin.com\/jobs\/view\/recepcionista-sp-at-parma-consultoria-em-rh-4266838500?position=13&amp;pageNum=0&amp;refId=mE4%2BIre2BhpuSmPMxPt84A%3D%3D&amp;trackingId=VoPhFuk%2B2zNZlFx4X0PMMQ%3D%3D\" data-tracking-control-name=\"public_jobs_jserp-result_search-card\" data-tracking-client-ingraph data-tracking-will-navigate><\/p>\n<p>          <span class=\"sr-only\"><\/p>\n<p>        Recepcionista &#8211; SP<\/p>\n<p>          <\/span><br \/>\n        <\/a><\/p>\n<div class=\"search-entity-media\">\n<p>      <img class=\"artdeco-entity-image artdeco-entity-image--square-4\n          \" data-delayed-url=\"https:\/\/media.licdn.com\/dms\/image\/v2\/C4D0BAQGd11_tmkrzRQ\/company-logo_100_100\/company-logo_100_100\/0\/1630507530506\/parma_consultoria_logo?e=2147483647&amp;v=beta&amp;t=gGFa8-meoOF7EyQ4IIdWaM2BZB7lFePmllm8a13n0pk\" data-ghost-classes=\"artdeco-entity-image--ghost\" data-ghost-url=\"https:\/\/static.licdn.com\/aero-v1\/sc\/h\/6puxblwmhnodu6fjircz4dn4h\" alt><\/p><\/div>\n<div class=\"base-search-card__info\">\n<h3 class=\"base-search-card__title\">\n<p>        Recepcionista &#8211; SP<\/p>\n<\/h3>\n<h4 class=\"base-search-card__subtitle\">\n<p>          <a class=\"hidden-nested-link\" data-tracking-client-ingraph data-tracking-control-name=\"public_jobs_jserp-result_job-search-card-subtitle\" data-tracking-will-navigate href=\"https:\/\/br.linkedin.com\/company\/parma-consultoria?trk=public_jobs_jserp-result_job-search-card-subtitle\"><br \/>\n            Parma Consultoria em RH<br \/>\n          <\/a><\/p>\n<\/h4>\n<p><!----><\/p>\n<div class=\"base-search-card__metadata\">\n<p>          <span class=\"job-search-card__location\"><br \/>\n            Greater Ribeir\u00e3o Preto<br \/>\n          <\/span><\/p>\n<div class=\"job-posting-benefits text-sm\">\n        <icon class=\"job-posting-benefits__icon\" data-delayed-url=\"https:\/\/static.licdn.com\/aero-v1\/sc\/h\/8zmuwb93gzlb935fk4ao4z779\" data-svg-class-name=\"job-posting-benefits__icon-svg\"><\/icon><br \/>\n        <span class=\"job-posting-benefits__text\"><br \/>\n          Be an early applicant<br \/>\n<!---->        <\/span>\n      <\/div>\n<p>          <time class=\"job-search-card__listdate--new\" datetime=\"2025-07-15\"><\/p>\n<p>      20 hours ago<\/p>\n<p>          <\/time><\/p>\n<p><!---->\n            <\/div>\n<\/p><\/div>\n<p><!---->      <\/p><\/div>\n<\/li>\n<li>\n<div class=\"base-card relative w-full hover:no-underline focus:no-underline\n        base-card--link\n         base-search-card base-search-card--link job-search-card\" data-entity-urn=\"urn:li:jobPosting:4261179381\" data-impression-id=\"jobs-search-desktop-13\" data-reference-id=\"mE4+Ire2BhpuSmPMxPt84A==\" data-tracking-id=\"GSSPjyOmYmAvL4b6eBsGvA==\" data-column=\"1\" data-row=\"14\"><\/p>\n<p>        <a class=\"base-card__full-link absolute top-0 right-0 bottom-0 left-0 p-0 z-[2] outline-offset-[4px]\" href=\"https:\/\/br.linkedin.com\/jobs\/view\/recepcionista-at-grupo-st%C3%A9fani-ribeir%C3%A3o-diesel-4261179381?position=14&amp;pageNum=0&amp;refId=mE4%2BIre2BhpuSmPMxPt84A%3D%3D&amp;trackingId=GSSPjyOmYmAvL4b6eBsGvA%3D%3D\" data-tracking-control-name=\"public_jobs_jserp-result_search-card\" data-tracking-client-ingraph data-tracking-will-navigate><\/p>\n<p>          <span class=\"sr-only\"><\/p>\n<p>        Recepcionista<\/p>\n<p>          <\/span><br \/>\n        <\/a><\/p>\n<div class=\"search-entity-media\">\n<p>      <img class=\"artdeco-entity-image artdeco-entity-image--square-4\n          \" data-delayed-url=\"https:\/\/media.licdn.com\/dms\/image\/v2\/C4E0BAQFn8Skz6PH-tA\/company-logo_100_100\/company-logo_100_100\/0\/1630573831352\/grupo_st_fani_ribeir_o_diesel_logo?e=2147483647&amp;v=beta&amp;t=tI3re3PngC6ZXCmuM5XUVFdnlEr2n4kAf6Gvpo8-uXI\" data-ghost-classes=\"artdeco-entity-image--ghost\" data-ghost-url=\"https:\/\/static.licdn.com\/aero-v1\/sc\/h\/6puxblwmhnodu6fjircz4dn4h\" alt><\/p><\/div>\n<div class=\"base-search-card__info\">\n<h3 class=\"base-search-card__title\">\n<p>        Recepcionista<\/p>\n<\/h3>\n<h4 class=\"base-search-card__subtitle\">\n<p>          <a class=\"hidden-nested-link\" data-tracking-client-ingraph data-tracking-control-name=\"public_jobs_jserp-result_job-search-card-subtitle\" data-tracking-will-navigate href=\"https:\/\/br.linkedin.com\/company\/grupostefaniribeiraodiesel?trk=public_jobs_jserp-result_job-search-card-subtitle\"><br \/>\n            Grupo St\u00e9fani Ribeir\u00e3o Diesel<br \/>\n          <\/a><\/p>\n<\/h4>\n<p><!----><\/p>\n<div class=\"base-search-card__metadata\">\n<p>          <span class=\"job-search-card__location\"><br \/>\n            Ribeir\u00e3o Preto, S\u00e3o Paulo, Brazil<br \/>\n          <\/span><\/p>\n<div class=\"job-posting-benefits text-sm\">\n        <icon class=\"job-posting-benefits__icon\" data-delayed-url=\"https:\/\/static.licdn.com\/aero-v1\/sc\/h\/3p1v0uhy7uq0cm5zdvzp4eo18\" data-svg-class-name=\"job-posting-benefits__icon-svg\"><\/icon><br \/>\n        <span class=\"job-posting-benefits__text\"><br \/>\n          Actively Hiring<br \/>\n<!---->        <\/span>\n      <\/div>\n<p>          <time class=\"job-search-card__listdate\" datetime=\"2025-07-09\"><\/p>\n<p>      6 days ago<\/p>\n<p>          <\/time><\/p>\n<p><!---->\n            <\/div>\n<\/p><\/div>\n<p><!---->      <\/p><\/div>\n<\/li>\n<li>\n<div class=\"base-card relative w-full hover:no-underline focus:no-underline\n        base-card--link\n         base-search-card base-search-card--link job-search-card\" data-entity-urn=\"urn:li:jobPosting:4254864424\" data-impression-id=\"jobs-search-desktop-14\" data-reference-id=\"mE4+Ire2BhpuSmPMxPt84A==\" data-tracking-id=\"OByiDZX9Ky9Pacykp1ycpQ==\" data-column=\"1\" data-row=\"15\"><\/p>\n<p>        <a class=\"base-card__full-link absolute top-0 right-0 bottom-0 left-0 p-0 z-[2] outline-offset-[4px]\" href=\"https:\/\/br.linkedin.com\/jobs\/view\/auxiliar-de-laborat%C3%B3rio-ribp-at-coca-cola-andina-brasil-4254864424?position=15&amp;pageNum=0&amp;refId=mE4%2BIre2BhpuSmPMxPt84A%3D%3D&amp;trackingId=OByiDZX9Ky9Pacykp1ycpQ%3D%3D\" data-tracking-control-name=\"public_jobs_jserp-result_search-card\" data-tracking-client-ingraph data-tracking-will-navigate><\/p>\n<p>          <span class=\"sr-only\"><\/p>\n<p>        AUXILIAR DE LABORAT\u00d3RIO &#8211; RIBP<\/p>\n<p>          <\/span><br \/>\n        <\/a><\/p>\n<div class=\"search-entity-media\">\n<p>      <img class=\"artdeco-entity-image artdeco-entity-image--square-4\n          \" data-delayed-url=\"https:\/\/media.licdn.com\/dms\/image\/v2\/D4D0BAQFtg5MyC618zw\/company-logo_100_100\/company-logo_100_100\/0\/1688391103766\/coca_cola_andina_brasil_logo?e=2147483647&amp;v=beta&amp;t=lnooKS98CgFBnh2A1rLzoXLAIg0J6IS4AD6Mf5O5b6U\" data-ghost-classes=\"artdeco-entity-image--ghost\" data-ghost-url=\"https:\/\/static.licdn.com\/aero-v1\/sc\/h\/6puxblwmhnodu6fjircz4dn4h\" alt><\/p><\/div>\n<div class=\"base-search-card__info\">\n<h3 class=\"base-search-card__title\">\n<p>        AUXILIAR DE LABORAT\u00d3RIO &#8211; RIBP<\/p>\n<\/h3>\n<h4 class=\"base-search-card__subtitle\">\n<p>          <a class=\"hidden-nested-link\" data-tracking-client-ingraph data-tracking-control-name=\"public_jobs_jserp-result_job-search-card-subtitle\" data-tracking-will-navigate href=\"https:\/\/br.linkedin.com\/company\/coca-cola-andina-brasil?trk=public_jobs_jserp-result_job-search-card-subtitle\"><br \/>\n            Coca-Cola Andina Brasil<br \/>\n          <\/a><\/p>\n<\/h4>\n<p><!----><\/p>\n<div class=\"base-search-card__metadata\">\n<p>          <span class=\"job-search-card__location\"><br \/>\n            Ribeir\u00e3o Preto, S\u00e3o Paulo, Brazil<br \/>\n          <\/span><\/p>\n<p><!---->  <\/p>\n<p>          <time class=\"job-search-card__listdate\" datetime=\"2025-06-26\"><\/p>\n<p>      2 weeks ago<\/p>\n<p>          <\/time><\/p>\n<p><!---->\n            <\/div>\n<\/p><\/div>\n<p><!---->      <\/p><\/div>\n<\/li>\n<li>\n<div class=\"base-card relative w-full hover:no-underline focus:no-underline\n        base-card--link\n         base-search-card base-search-card--link job-search-card\" data-entity-urn=\"urn:li:jobPosting:4265020826\" data-impression-id=\"jobs-search-desktop-15\" data-reference-id=\"mE4+Ire2BhpuSmPMxPt84A==\" data-tracking-id=\"k060sjyu7ejQuX3TlrYVfQ==\" data-column=\"1\" data-row=\"16\"><\/p>\n<p>        <a class=\"base-card__full-link absolute top-0 right-0 bottom-0 left-0 p-0 z-[2] outline-offset-[4px]\" href=\"https:\/\/br.linkedin.com\/jobs\/view\/repositor-ribp-at-coca-cola-andina-brasil-4265020826?position=16&amp;pageNum=0&amp;refId=mE4%2BIre2BhpuSmPMxPt84A%3D%3D&amp;trackingId=k060sjyu7ejQuX3TlrYVfQ%3D%3D\" data-tracking-control-name=\"public_jobs_jserp-result_search-card\" data-tracking-client-ingraph data-tracking-will-navigate><\/p>\n<p>          <span class=\"sr-only\"><\/p>\n<p>        REPOSITOR &#8211; RIBP<\/p>\n<p>          <\/span><br \/>\n        <\/a><\/p>\n<div class=\"search-entity-media\">\n<p>      <img class=\"artdeco-entity-image artdeco-entity-image--square-4\n          \" data-delayed-url=\"https:\/\/media.licdn.com\/dms\/image\/v2\/D4D0BAQFtg5MyC618zw\/company-logo_100_100\/company-logo_100_100\/0\/1688391103766\/coca_cola_andina_brasil_logo?e=2147483647&amp;v=beta&amp;t=lnooKS98CgFBnh2A1rLzoXLAIg0J6IS4AD6Mf5O5b6U\" data-ghost-classes=\"artdeco-entity-image--ghost\" data-ghost-url=\"https:\/\/static.licdn.com\/aero-v1\/sc\/h\/6puxblwmhnodu6fjircz4dn4h\" alt><\/p><\/div>\n<div class=\"base-search-card__info\">\n<h3 class=\"base-search-card__title\">\n<p>        REPOSITOR &#8211; RIBP<\/p>\n<\/h3>\n<h4 class=\"base-search-card__subtitle\">\n<p>          <a class=\"hidden-nested-link\" data-tracking-client-ingraph data-tracking-control-name=\"public_jobs_jserp-result_job-search-card-subtitle\" data-tracking-will-navigate href=\"https:\/\/br.linkedin.com\/company\/coca-cola-andina-brasil?trk=public_jobs_jserp-result_job-search-card-subtitle\"><br \/>\n            Coca-Cola Andina Brasil<br \/>\n          <\/a><\/p>\n<\/h4>\n<p><!----><\/p>\n<div class=\"base-search-card__metadata\">\n<p>          <span class=\"job-search-card__location\"><br \/>\n            Ribeir\u00e3o Preto, S\u00e3o Paulo, Brazil<br \/>\n          <\/span><\/p>\n<p><!---->  <\/p>\n<p>          <time class=\"job-search-card__listdate\" datetime=\"2025-07-10\"><\/p>\n<p>      5 days ago<\/p>\n<p>          <\/time><\/p>\n<p><!---->\n            <\/div>\n<\/p><\/div>\n<p><!---->      <\/p><\/div>\n<\/li>\n<li>\n<div class=\"base-card relative w-full hover:no-underline focus:no-underline\n        base-card--link\n         base-search-card base-search-card--link job-search-card\" data-entity-urn=\"urn:li:jobPosting:4266854614\" data-impression-id=\"jobs-search-desktop-16\" data-reference-id=\"mE4+Ire2BhpuSmPMxPt84A==\" data-tracking-id=\"JoPoqkQ4SlkhTajKqWfF2g==\" data-column=\"1\" data-row=\"17\"><\/p>\n<p>        <a class=\"base-card__full-link absolute top-0 right-0 bottom-0 left-0 p-0 z-[2] outline-offset-[4px]\" href=\"https:\/\/br.linkedin.com\/jobs\/view\/agendamento-servi%C3%A7os-sp-at-santa-em%C3%ADlia-caminh%C3%B5es-e-%C3%B4nibus-4266854614?position=17&amp;pageNum=0&amp;refId=mE4%2BIre2BhpuSmPMxPt84A%3D%3D&amp;trackingId=JoPoqkQ4SlkhTajKqWfF2g%3D%3D\" data-tracking-control-name=\"public_jobs_jserp-result_search-card\" data-tracking-client-ingraph data-tracking-will-navigate><\/p>\n<p>          <span class=\"sr-only\"><\/p>\n<p>        Agendamento Servi\u00e7os &#8211; SP<\/p>\n<p>          <\/span><br \/>\n        <\/a><\/p>\n<div class=\"search-entity-media\">\n<p>      <img class=\"artdeco-entity-image artdeco-entity-image--square-4\n          \" data-delayed-url=\"https:\/\/media.licdn.com\/dms\/image\/v2\/D4D0BAQFzIKMUjjOHXw\/company-logo_100_100\/company-logo_100_100\/0\/1733152337740\/santa_em_lia_caminh_es_e_nibus_logo?e=2147483647&amp;v=beta&amp;t=wbfBeTN96nntZ-1S20QVmSd6zyl1fQsr_FiRBzuufGw\" data-ghost-classes=\"artdeco-entity-image--ghost\" data-ghost-url=\"https:\/\/static.licdn.com\/aero-v1\/sc\/h\/6puxblwmhnodu6fjircz4dn4h\" alt><\/p><\/div>\n<div class=\"base-search-card__info\">\n<h3 class=\"base-search-card__title\">\n<p>        Agendamento Servi\u00e7os &#8211; SP<\/p>\n<\/h3>\n<h4 class=\"base-search-card__subtitle\">\n<p>          <a class=\"hidden-nested-link\" data-tracking-client-ingraph data-tracking-control-name=\"public_jobs_jserp-result_job-search-card-subtitle\" data-tracking-will-navigate href=\"https:\/\/br.linkedin.com\/company\/santa-em-lia-caminh-es-e-nibus?trk=public_jobs_jserp-result_job-search-card-subtitle\"><br \/>\n            Santa Em\u00edlia Caminh\u00f5es e \u00d4nibus<br \/>\n          <\/a><\/p>\n<\/h4>\n<p><!----><\/p>\n<div class=\"base-search-card__metadata\">\n<p>          <span class=\"job-search-card__location\"><br \/>\n            Greater Ribeir\u00e3o Preto<br \/>\n          <\/span><\/p>\n<div class=\"job-posting-benefits text-sm\">\n        <icon class=\"job-posting-benefits__icon\" data-delayed-url=\"https:\/\/static.licdn.com\/aero-v1\/sc\/h\/8zmuwb93gzlb935fk4ao4z779\" data-svg-class-name=\"job-posting-benefits__icon-svg\"><\/icon><br \/>\n        <span class=\"job-posting-benefits__text\"><br \/>\n          Be an early applicant<br \/>\n<!---->        <\/span>\n      <\/div>\n<p>          <time class=\"job-search-card__listdate--new\" datetime=\"2025-07-15\"><\/p>\n<p>      20 hours ago<\/p>\n<p>          <\/time><\/p>\n<p><!---->\n            <\/div>\n<\/p><\/div>\n<p><!---->      <\/p><\/div>\n<\/li>\n<li>\n<div class=\"base-card relative w-full hover:no-underline focus:no-underline\n        base-card--link\n         base-search-card base-search-card--link job-search-card\" data-entity-urn=\"urn:li:jobPosting:4201045713\" data-impression-id=\"jobs-search-desktop-17\" data-reference-id=\"mE4+Ire2BhpuSmPMxPt84A==\" data-tracking-id=\"kMV6r\/RVK5Wd4yLNk7XFvw==\" data-column=\"1\" data-row=\"18\"><\/p>\n<p>        <a class=\"base-card__full-link absolute top-0 right-0 bottom-0 left-0 p-0 z-[2] outline-offset-[4px]\" href=\"https:\/\/br.linkedin.com\/jobs\/view\/pedagoga-o-para-ensino-fundamental-%E2%80%93-anos-iniciais-at-fundacao-educandario-cel-quito-junqueira-4201045713?position=18&amp;pageNum=0&amp;refId=mE4%2BIre2BhpuSmPMxPt84A%3D%3D&amp;trackingId=kMV6r%2FRVK5Wd4yLNk7XFvw%3D%3D\" data-tracking-control-name=\"public_jobs_jserp-result_search-card\" data-tracking-client-ingraph data-tracking-will-navigate><\/p>\n<p>          <span class=\"sr-only\"><\/p>\n<p>        Pedagoga(o) para Ensino Fundamental \u2013 anos iniciais<\/p>\n<p>          <\/span><br \/>\n        <\/a><\/p>\n<div class=\"search-entity-media\">\n<p>      <img class=\"artdeco-entity-image artdeco-entity-image--square-4\n          \" data-delayed-url=\"https:\/\/media.licdn.com\/dms\/image\/v2\/C4D0BAQHfg_A6jKnT7w\/company-logo_100_100\/company-logo_100_100\/0\/1652469079912\/fundacao_educandario_cel_quito_junqueira_logo?e=2147483647&amp;v=beta&amp;t=lPn9j4NvdbuKcCBNpA8KGrpaIErgRBe2C-O1sN_dpis\" data-ghost-classes=\"artdeco-entity-image--ghost\" data-ghost-url=\"https:\/\/static.licdn.com\/aero-v1\/sc\/h\/6puxblwmhnodu6fjircz4dn4h\" alt><\/p><\/div>\n<div class=\"base-search-card__info\">\n<h3 class=\"base-search-card__title\">\n<p>        Pedagoga(o) para Ensino Fundamental \u2013 anos iniciais<\/p>\n<\/h3>\n<h4 class=\"base-search-card__subtitle\">\n<p>          <a class=\"hidden-nested-link\" data-tracking-client-ingraph data-tracking-control-name=\"public_jobs_jserp-result_job-search-card-subtitle\" data-tracking-will-navigate href=\"https:\/\/br.linkedin.com\/company\/educandariorp?trk=public_jobs_jserp-result_job-search-card-subtitle\"><br \/>\n            Fundacao Educandario Cel. Quito Junqueira<br \/>\n          <\/a><\/p>\n<\/h4>\n<p><!----><\/p>\n<div class=\"base-search-card__metadata\">\n<p>          <span class=\"job-search-card__location\"><br \/>\n            Ribeir\u00e3o Preto, S\u00e3o Paulo, Brazil<br \/>\n          <\/span><\/p>\n<p><!---->  <\/p>\n<p>          <time class=\"job-search-card__listdate\" datetime=\"2025-04-04\"><\/p>\n<p>      3 months ago<\/p>\n<p>          <\/time><\/p>\n<p><!---->\n            <\/div>\n<\/p><\/div>\n<p><!---->      <\/p><\/div>\n<\/li>\n<li>\n<div class=\"base-card relative w-full hover:no-underline focus:no-underline\n        base-card--link\n         base-search-card base-search-card--link job-search-card\" data-entity-urn=\"urn:li:jobPosting:4266690903\" data-impression-id=\"jobs-search-desktop-18\" data-reference-id=\"mE4+Ire2BhpuSmPMxPt84A==\" data-tracking-id=\"+ZRCVgcU+mzIkNfdA2KtAQ==\" data-column=\"1\" data-row=\"19\"><\/p>\n<p>        <a class=\"base-card__full-link absolute top-0 right-0 bottom-0 left-0 p-0 z-[2] outline-offset-[4px]\" href=\"https:\/\/br.linkedin.com\/jobs\/view\/auxiliar-administrativo-at-patrus-transportes-4266690903?position=19&amp;pageNum=0&amp;refId=mE4%2BIre2BhpuSmPMxPt84A%3D%3D&amp;trackingId=%2BZRCVgcU%2BmzIkNfdA2KtAQ%3D%3D\" data-tracking-control-name=\"public_jobs_jserp-result_search-card\" data-tracking-client-ingraph data-tracking-will-navigate><\/p>\n<p>          <span class=\"sr-only\"><\/p>\n<p>        Auxiliar Administrativo<\/p>\n<p>          <\/span><br \/>\n        <\/a><\/p>\n<div class=\"search-entity-media\">\n<p>      <img class=\"artdeco-entity-image artdeco-entity-image--square-4\n          \" data-delayed-url=\"https:\/\/media.licdn.com\/dms\/image\/v2\/C4D0BAQEhbiByXKNmYw\/company-logo_100_100\/company-logo_100_100\/0\/1672687663042\/patrus_transportes_logo?e=2147483647&amp;v=beta&amp;t=uThHFOZ6f9Bd8-MZRY9FgmZbtN9Iur5mR3Wo753_LN4\" data-ghost-classes=\"artdeco-entity-image--ghost\" data-ghost-url=\"https:\/\/static.licdn.com\/aero-v1\/sc\/h\/6puxblwmhnodu6fjircz4dn4h\" alt><\/p><\/div>\n<div class=\"base-search-card__info\">\n<h3 class=\"base-search-card__title\">\n<p>        Auxiliar Administrativo<\/p>\n<\/h3>\n<h4 class=\"base-search-card__subtitle\">\n<p>          <a class=\"hidden-nested-link\" data-tracking-client-ingraph data-tracking-control-name=\"public_jobs_jserp-result_job-search-card-subtitle\" data-tracking-will-navigate href=\"https:\/\/br.linkedin.com\/company\/patrus-transportes?trk=public_jobs_jserp-result_job-search-card-subtitle\"><br \/>\n            Patrus Transportes<br \/>\n          <\/a><\/p>\n<\/h4>\n<p><!----><\/p>\n<div class=\"base-search-card__metadata\">\n<p>          <span class=\"job-search-card__location\"><br \/>\n            Ribeir\u00e3o Preto, S\u00e3o Paulo, Brazil<br \/>\n          <\/span><\/p>\n<div class=\"job-posting-benefits text-sm\">\n        <icon class=\"job-posting-benefits__icon\" data-delayed-url=\"https:\/\/static.licdn.com\/aero-v1\/sc\/h\/3p1v0uhy7uq0cm5zdvzp4eo18\" data-svg-class-name=\"job-posting-benefits__icon-svg\"><\/icon><br \/>\n        <span class=\"job-posting-benefits__text\"><br \/>\n          Actively Hiring<br \/>\n<!---->        <\/span>\n      <\/div>\n<p>          <time class=\"job-search-card__listdate--new\" datetime=\"2025-07-15\"><\/p>\n<p>      10 hours ago<\/p>\n<p>          <\/time><\/p>\n<p><!---->\n            <\/div>\n<\/p><\/div>\n<p><!---->      <\/p><\/div>\n<\/li>\n<li>\n<div class=\"base-card relative w-full hover:no-underline focus:no-underline\n        base-card--link\n         base-search-card base-search-card--link job-search-card\" data-entity-urn=\"urn:li:jobPosting:4162468208\" data-impression-id=\"jobs-search-desktop-19\" data-reference-id=\"mE4+Ire2BhpuSmPMxPt84A==\" data-tracking-id=\"+xCOa0nr21MD580q77hBfw==\" data-column=\"1\" data-row=\"20\"><\/p>\n<p>        <a class=\"base-card__full-link absolute top-0 right-0 bottom-0 left-0 p-0 z-[2] outline-offset-[4px]\" href=\"https:\/\/br.linkedin.com\/jobs\/view\/pedagoga-o-para-ensino-fundamental-%E2%80%93-anos-iniciais-242173-at-fundacao-educandario-cel-quito-junqueira-4162468208?position=20&amp;pageNum=0&amp;refId=mE4%2BIre2BhpuSmPMxPt84A%3D%3D&amp;trackingId=%2BxCOa0nr21MD580q77hBfw%3D%3D\" data-tracking-control-name=\"public_jobs_jserp-result_search-card\" data-tracking-client-ingraph data-tracking-will-navigate><\/p>\n<p>          <span class=\"sr-only\"><\/p>\n<p>        Pedagoga(o) para Ensino Fundamental \u2013 anos iniciais (242173)<\/p>\n<p>          <\/span><br \/>\n        <\/a><\/p>\n<div class=\"search-entity-media\">\n<p>      <img class=\"artdeco-entity-image artdeco-entity-image--square-4\n          \" data-delayed-url=\"https:\/\/media.licdn.com\/dms\/image\/v2\/C4D0BAQHfg_A6jKnT7w\/company-logo_100_100\/company-logo_100_100\/0\/1652469079912\/fundacao_educandario_cel_quito_junqueira_logo?e=2147483647&amp;v=beta&amp;t=lPn9j4NvdbuKcCBNpA8KGrpaIErgRBe2C-O1sN_dpis\" data-ghost-classes=\"artdeco-entity-image--ghost\" data-ghost-url=\"https:\/\/static.licdn.com\/aero-v1\/sc\/h\/6puxblwmhnodu6fjircz4dn4h\" alt><\/p><\/div>\n<div class=\"base-search-card__info\">\n<h3 class=\"base-search-card__title\">\n<p>        Pedagoga(o) para Ensino Fundamental \u2013 anos iniciais (242173)<\/p>\n<\/h3>\n<h4 class=\"base-search-card__subtitle\">\n<p>          <a class=\"hidden-nested-link\" data-tracking-client-ingraph data-tracking-control-name=\"public_jobs_jserp-result_job-search-card-subtitle\" data-tracking-will-navigate href=\"https:\/\/br.linkedin.com\/company\/educandariorp?trk=public_jobs_jserp-result_job-search-card-subtitle\"><br \/>\n            Fundacao Educandario Cel. Quito Junqueira<br \/>\n          <\/a><\/p>\n<\/h4>\n<p><!----><\/p>\n<div class=\"base-search-card__metadata\">\n<p>          <span class=\"job-search-card__location\"><br \/>\n            Ribeir\u00e3o Preto, S\u00e3o Paulo, Brazil<br \/>\n          <\/span><\/p>\n<p><!---->  <\/p>\n<p>          <time class=\"job-search-card__listdate\" datetime=\"2025-02-22\"><\/p>\n<p>      4 months ago<\/p>\n<p>          <\/time><\/p>\n<p><!---->\n            <\/div>\n<\/p><\/div>\n<p><!---->      <\/p><\/div>\n<\/li>\n<li>\n<div class=\"base-card relative w-full hover:no-underline focus:no-underline\n        base-card--link\n         base-search-card base-search-card--link job-search-card\" data-entity-urn=\"urn:li:jobPosting:4256872270\" data-impression-id=\"jobs-search-desktop-20\" data-reference-id=\"mE4+Ire2BhpuSmPMxPt84A==\" data-tracking-id=\"2GOPwajv3LofAPXbwosoaQ==\" data-column=\"1\" data-row=\"21\"><\/p>\n<p>        <a class=\"base-card__full-link absolute top-0 right-0 bottom-0 left-0 p-0 z-[2] outline-offset-[4px]\" href=\"https:\/\/br.linkedin.com\/jobs\/view\/auxiliar-de-atendimento-junior-at-proctogastrocl%C3%ADnica-4256872270?position=21&amp;pageNum=0&amp;refId=mE4%2BIre2BhpuSmPMxPt84A%3D%3D&amp;trackingId=2GOPwajv3LofAPXbwosoaQ%3D%3D\" data-tracking-control-name=\"public_jobs_jserp-result_search-card\" data-tracking-client-ingraph data-tracking-will-navigate><\/p>\n<p>          <span class=\"sr-only\"><\/p>\n<p>        Auxiliar de Atendimento Junior<\/p>\n<p>          <\/span><br \/>\n        <\/a><\/p>\n<div class=\"search-entity-media\">\n<p>      <img class=\"artdeco-entity-image artdeco-entity-image--square-4\n          \" data-delayed-url=\"https:\/\/media.licdn.com\/dms\/image\/v2\/D4D0BAQEXgvuFakJciQ\/company-logo_100_100\/company-logo_100_100\/0\/1721937405645\/proctogastroclnica_logo?e=2147483647&amp;v=beta&amp;t=qHawE8M8K5ARINhxQh-lFse6rfgeOJBpp-G6M1yov0E\" data-ghost-classes=\"artdeco-entity-image--ghost\" data-ghost-url=\"https:\/\/static.licdn.com\/aero-v1\/sc\/h\/6puxblwmhnodu6fjircz4dn4h\" alt><\/p><\/div>\n<div class=\"base-search-card__info\">\n<h3 class=\"base-search-card__title\">\n<p>        Auxiliar de Atendimento Junior<\/p>\n<\/h3>\n<h4 class=\"base-search-card__subtitle\">\n<p>          <a class=\"hidden-nested-link\" data-tracking-client-ingraph data-tracking-control-name=\"public_jobs_jserp-result_job-search-card-subtitle\" data-tracking-will-navigate href=\"https:\/\/br.linkedin.com\/company\/proctogastrocl%C3%ADnica?trk=public_jobs_jserp-result_job-search-card-subtitle\"><br \/>\n            ProctoGastroCl\u00ednica<br \/>\n          <\/a><\/p>\n<\/h4>\n<p><!----><\/p>\n<div class=\"base-search-card__metadata\">\n<p>          <span class=\"job-search-card__location\"><br \/>\n            Ribeir\u00e3o Preto, S\u00e3o Paulo, Brazil<br \/>\n          <\/span><\/p>\n<p><!---->  <\/p>\n<p>          <time class=\"job-search-card__listdate\" datetime=\"2025-06-25\"><\/p>\n<p>      2 weeks ago<\/p>\n<p>          <\/time><\/p>\n<p><!---->\n            <\/div>\n<\/p><\/div>\n<p><!---->      <\/p><\/div>\n<\/li>\n<li>\n<div class=\"base-card relative w-full hover:no-underline focus:no-underline\n        base-card--link\n         base-search-card base-search-card--link job-search-card\" data-entity-urn=\"urn:li:jobPosting:4255880060\" data-impression-id=\"jobs-search-desktop-21\" data-reference-id=\"mE4+Ire2BhpuSmPMxPt84A==\" data-tracking-id=\"vAI\/chFNP21mXI4CQpXJ6w==\" data-column=\"1\" data-row=\"22\"><\/p>\n<p>        <a class=\"base-card__full-link absolute top-0 right-0 bottom-0 left-0 p-0 z-[2] outline-offset-[4px]\" href=\"https:\/\/br.linkedin.com\/jobs\/view\/swift-atendente-de-loja-ribeir%C3%A3o-preto-loja-educadora-at-swift-4255880060?position=22&amp;pageNum=0&amp;refId=mE4%2BIre2BhpuSmPMxPt84A%3D%3D&amp;trackingId=vAI%2FchFNP21mXI4CQpXJ6w%3D%3D\" data-tracking-control-name=\"public_jobs_jserp-result_search-card\" data-tracking-client-ingraph data-tracking-will-navigate><\/p>\n<p>          <span class=\"sr-only\"><\/p>\n<p>        Swift &#8211; Atendente de Loja &#8211; Ribeir\u00e3o Preto (Loja Educadora)<\/p>\n<p>          <\/span><br \/>\n        <\/a><\/p>\n<div class=\"search-entity-media\">\n<p>      <img class=\"artdeco-entity-image artdeco-entity-image--square-4\n          \" data-delayed-url=\"https:\/\/media.licdn.com\/dms\/image\/v2\/D4D0BAQFahLckcsPNNQ\/company-logo_100_100\/company-logo_100_100\/0\/1704459578870\/lojaswift_logo?e=2147483647&amp;v=beta&amp;t=kD7Tp9lrvjgjGuP3HAZlmMKG0VGmyREim6Hd7hnozxk\" data-ghost-classes=\"artdeco-entity-image--ghost\" data-ghost-url=\"https:\/\/static.licdn.com\/aero-v1\/sc\/h\/6puxblwmhnodu6fjircz4dn4h\" alt><\/p><\/div>\n<div class=\"base-search-card__info\">\n<h3 class=\"base-search-card__title\">\n<p>        Swift &#8211; Atendente de Loja &#8211; Ribeir\u00e3o Preto (Loja Educadora)<\/p>\n<\/h3>\n<h4 class=\"base-search-card__subtitle\">\n<p>          <a class=\"hidden-nested-link\" data-tracking-client-ingraph data-tracking-control-name=\"public_jobs_jserp-result_job-search-card-subtitle\" data-tracking-will-navigate href=\"https:\/\/br.linkedin.com\/company\/lojaswift?trk=public_jobs_jserp-result_job-search-card-subtitle\"><br \/>\n            Swift<br \/>\n          <\/a><\/p>\n<\/h4>\n<p><!----><\/p>\n<div class=\"base-search-card__metadata\">\n<p>          <span class=\"job-search-card__location\"><br \/>\n            Ribeir\u00e3o Preto, S\u00e3o Paulo, Brazil<br \/>\n          <\/span><\/p>\n<div class=\"job-posting-benefits text-sm\">\n        <icon class=\"job-posting-benefits__icon\" data-delayed-url=\"https:\/\/static.licdn.com\/aero-v1\/sc\/h\/8zmuwb93gzlb935fk4ao4z779\" data-svg-class-name=\"job-posting-benefits__icon-svg\"><\/icon><br \/>\n        <span class=\"job-posting-benefits__text\"><br \/>\n          Be an early applicant<br \/>\n<!---->        <\/span>\n      <\/div>\n<p>          <time class=\"job-search-card__listdate\" datetime=\"2025-06-27\"><\/p>\n<p>      2 weeks ago<\/p>\n<p>          <\/time><\/p>\n<p><!---->\n            <\/div>\n<\/p><\/div>\n<p><!---->      <\/p><\/div>\n<\/li>\n<li>\n<div class=\"base-card relative w-full hover:no-underline focus:no-underline\n        base-card--link\n         base-search-card base-search-card--link job-search-card\" data-entity-urn=\"urn:li:jobPosting:4035135839\" data-impression-id=\"jobs-search-desktop-22\" data-reference-id=\"mE4+Ire2BhpuSmPMxPt84A==\" data-tracking-id=\"OwJuAoGSkEzeaDUoDQra8Q==\" data-column=\"1\" data-row=\"23\"><\/p>\n<p>        <a class=\"base-card__full-link absolute top-0 right-0 bottom-0 left-0 p-0 z-[2] outline-offset-[4px]\" href=\"https:\/\/br.linkedin.com\/jobs\/view\/recepcionista-at-intercity-hotels-4035135839?position=23&amp;pageNum=0&amp;refId=mE4%2BIre2BhpuSmPMxPt84A%3D%3D&amp;trackingId=OwJuAoGSkEzeaDUoDQra8Q%3D%3D\" data-tracking-control-name=\"public_jobs_jserp-result_search-card\" data-tracking-client-ingraph data-tracking-will-navigate><\/p>\n<p>          <span class=\"sr-only\"><\/p>\n<p>        Recepcionista<\/p>\n<p>          <\/span><br \/>\n        <\/a><\/p>\n<div class=\"search-entity-media\">\n<p>      <img class=\"artdeco-entity-image artdeco-entity-image--square-4\n          \" data-delayed-url=\"https:\/\/media.licdn.com\/dms\/image\/v2\/D4D0BAQFsp-Y_2B4zYg\/company-logo_100_100\/company-logo_100_100\/0\/1720733274790\/intercity_hot_is_logo?e=2147483647&amp;v=beta&amp;t=bGBbayZjA8QhwfV4HoRlnyPDRnN7MeB7jtym5MK6xbY\" data-ghost-classes=\"artdeco-entity-image--ghost\" data-ghost-url=\"https:\/\/static.licdn.com\/aero-v1\/sc\/h\/6puxblwmhnodu6fjircz4dn4h\" alt><\/p><\/div>\n<div class=\"base-search-card__info\">\n<h3 class=\"base-search-card__title\">\n<p>        Recepcionista<\/p>\n<\/h3>\n<h4 class=\"base-search-card__subtitle\">\n<p>          <a class=\"hidden-nested-link\" data-tracking-client-ingraph data-tracking-control-name=\"public_jobs_jserp-result_job-search-card-subtitle\" data-tracking-will-navigate href=\"https:\/\/br.linkedin.com\/company\/intercity-hot-is?trk=public_jobs_jserp-result_job-search-card-subtitle\"><br \/>\n            Intercity Hotels<br \/>\n          <\/a><\/p>\n<\/h4>\n<p><!----><\/p>\n<div class=\"base-search-card__metadata\">\n<p>          <span class=\"job-search-card__location\"><br \/>\n            Ribeir\u00e3o Preto, S\u00e3o Paulo, Brazil<br \/>\n          <\/span><\/p>\n<p><!---->  <\/p>\n<p>          <time class=\"job-search-card__listdate\" datetime=\"2024-09-25\"><\/p>\n<p>      9 months ago<\/p>\n<p>          <\/time><\/p>\n<p><!---->\n            <\/div>\n<\/p><\/div>\n<p><!---->      <\/p><\/div>\n<\/li>\n<li>\n<div class=\"base-card relative w-full hover:no-underline focus:no-underline\n        base-card--link\n         base-search-card base-search-card--link job-search-card\" data-entity-urn=\"urn:li:jobPosting:4252218107\" data-impression-id=\"jobs-search-desktop-23\" data-reference-id=\"mE4+Ire2BhpuSmPMxPt84A==\" data-tracking-id=\"k6oB6q00H9AHWAx0iXlvlQ==\" data-column=\"1\" data-row=\"24\"><\/p>\n<p>        <a class=\"base-card__full-link absolute top-0 right-0 bottom-0 left-0 p-0 z-[2] outline-offset-[4px]\" href=\"https:\/\/br.linkedin.com\/jobs\/view\/recepcionista-at-dvi-diagn%C3%B3stico-odontol%C3%B3gico-4252218107?position=24&amp;pageNum=0&amp;refId=mE4%2BIre2BhpuSmPMxPt84A%3D%3D&amp;trackingId=k6oB6q00H9AHWAx0iXlvlQ%3D%3D\" data-tracking-control-name=\"public_jobs_jserp-result_search-card\" data-tracking-client-ingraph data-tracking-will-navigate><\/p>\n<p>          <span class=\"sr-only\"><\/p>\n<p>        Recepcionista<\/p>\n<p>          <\/span><br \/>\n        <\/a><\/p>\n<div class=\"search-entity-media\">\n<p>      <img class=\"artdeco-entity-image artdeco-entity-image--square-4\n          \" data-delayed-url=\"https:\/\/media.licdn.com\/dms\/image\/v2\/D4D0BAQGJIGtTh-ZXZg\/img-crop_100\/img-crop_100\/0\/1737386249032?e=2147483647&amp;v=beta&amp;t=8rSH9iUqF6vlrMlS2HJMDxsf_vVsZGhU1N1pNFhk9kc\" data-ghost-classes=\"artdeco-entity-image--ghost\" data-ghost-url=\"https:\/\/static.licdn.com\/aero-v1\/sc\/h\/6puxblwmhnodu6fjircz4dn4h\" alt><\/p><\/div>\n<div class=\"base-search-card__info\">\n<h3 class=\"base-search-card__title\">\n<p>        Recepcionista<\/p>\n<\/h3>\n<h4 class=\"base-search-card__subtitle\">\n<p>          <a class=\"hidden-nested-link\" data-tracking-client-ingraph data-tracking-control-name=\"public_jobs_jserp-result_job-search-card-subtitle\" data-tracking-will-navigate href=\"https:\/\/br.linkedin.com\/company\/dviradiologia?trk=public_jobs_jserp-result_job-search-card-subtitle\"><br \/>\n            DVI Diagn\u00f3stico Odontol\u00f3gico<br \/>\n          <\/a><\/p>\n<\/h4>\n<p><!----><\/p>\n<div class=\"base-search-card__metadata\">\n<p>          <span class=\"job-search-card__location\"><br \/>\n            Ribeir\u00e3o Preto, S\u00e3o Paulo, Brazil<br \/>\n          <\/span><\/p>\n<div class=\"job-posting-benefits text-sm\">\n        <icon class=\"job-posting-benefits__icon\" data-delayed-url=\"https:\/\/static.licdn.com\/aero-v1\/sc\/h\/3p1v0uhy7uq0cm5zdvzp4eo18\" data-svg-class-name=\"job-posting-benefits__icon-svg\"><\/icon><br \/>\n        <span class=\"job-posting-benefits__text\"><br \/>\n          Actively Hiring<br \/>\n<!---->        <\/span>\n      <\/div>\n<p>          <time class=\"job-search-card__listdate\" datetime=\"2025-06-17\"><\/p>\n<p>      4 weeks ago<\/p>\n<p>          <\/time><\/p>\n<p><!---->\n            <\/div>\n<\/p><\/div>\n<p><!---->      <\/p><\/div>\n<\/li>\n<li>\n<div class=\"base-card relative w-full hover:no-underline focus:no-underline\n        base-card--link\n         base-search-card base-search-card--link job-search-card\" data-entity-urn=\"urn:li:jobPosting:4253167840\" data-impression-id=\"jobs-search-desktop-24\" data-reference-id=\"mE4+Ire2BhpuSmPMxPt84A==\" data-tracking-id=\"VNo7TUT3k80QzvaYqQw44A==\" data-column=\"1\" data-row=\"25\"><\/p>\n<p>        <a class=\"base-card__full-link absolute top-0 right-0 bottom-0 left-0 p-0 z-[2] outline-offset-[4px]\" href=\"https:\/\/br.linkedin.com\/jobs\/view\/recepcionista-at-intercity-hotels-4253167840?position=25&amp;pageNum=0&amp;refId=mE4%2BIre2BhpuSmPMxPt84A%3D%3D&amp;trackingId=VNo7TUT3k80QzvaYqQw44A%3D%3D\" data-tracking-control-name=\"public_jobs_jserp-result_search-card\" data-tracking-client-ingraph data-tracking-will-navigate><\/p>\n<p>          <span class=\"sr-only\"><\/p>\n<p>        Recepcionista<\/p>\n<p>          <\/span><br \/>\n        <\/a><\/p>\n<div class=\"search-entity-media\">\n<p>      <img class=\"artdeco-entity-image artdeco-entity-image--square-4\n          \" data-delayed-url=\"https:\/\/media.licdn.com\/dms\/image\/v2\/D4D0BAQFsp-Y_2B4zYg\/company-logo_100_100\/company-logo_100_100\/0\/1720733274790\/intercity_hot_is_logo?e=2147483647&amp;v=beta&amp;t=bGBbayZjA8QhwfV4HoRlnyPDRnN7MeB7jtym5MK6xbY\" data-ghost-classes=\"artdeco-entity-image--ghost\" data-ghost-url=\"https:\/\/static.licdn.com\/aero-v1\/sc\/h\/6puxblwmhnodu6fjircz4dn4h\" alt><\/p><\/div>\n<div class=\"base-search-card__info\">\n<h3 class=\"base-search-card__title\">\n<p>        Recepcionista<\/p>\n<\/h3>\n<h4 class=\"base-search-card__subtitle\">\n<p>          <a class=\"hidden-nested-link\" data-tracking-client-ingraph data-tracking-control-name=\"public_jobs_jserp-result_job-search-card-subtitle\" data-tracking-will-navigate href=\"https:\/\/br.linkedin.com\/company\/intercity-hot-is?trk=public_jobs_jserp-result_job-search-card-subtitle\"><br \/>\n            Intercity Hotels<br \/>\n          <\/a><\/p>\n<\/h4>\n<p><!----><\/p>\n<div class=\"base-search-card__metadata\">\n<p>          <span class=\"job-search-card__location\"><br \/>\n            Ribeir\u00e3o Preto, S\u00e3o Paulo, Brazil<br \/>\n          <\/span><\/p>\n<p><!---->  <\/p>\n<p>          <time class=\"job-search-card__listdate\" datetime=\"2025-06-18\"><\/p>\n<p>      3 weeks ago<\/p>\n<p>          <\/time><\/p>\n<p><!---->\n            <\/div>\n<\/p><\/div>\n<p><!---->      <\/p><\/div>\n<\/li>\n<li>\n<div class=\"base-card relative w-full hover:no-underline focus:no-underline\n        base-card--link\n         base-search-card base-search-card--link job-search-card\" data-entity-urn=\"urn:li:jobPosting:4260732607\" data-impression-id=\"jobs-search-desktop-25\" data-reference-id=\"mE4+Ire2BhpuSmPMxPt84A==\" data-tracking-id=\"I1vmRM6UZI5EqbfUaL8Phw==\" data-column=\"1\" data-row=\"26\"><\/p>\n<p>        <a class=\"base-card__full-link absolute top-0 right-0 bottom-0 left-0 p-0 z-[2] outline-offset-[4px]\" href=\"https:\/\/br.linkedin.com\/jobs\/view\/assistente-de-fluxo-pronto-atendimento-hsl-at-s%C3%A3o-lucas-hospital-4260732607?position=26&amp;pageNum=0&amp;refId=mE4%2BIre2BhpuSmPMxPt84A%3D%3D&amp;trackingId=I1vmRM6UZI5EqbfUaL8Phw%3D%3D\" data-tracking-control-name=\"public_jobs_jserp-result_search-card\" data-tracking-client-ingraph data-tracking-will-navigate><\/p>\n<p>          <span class=\"sr-only\"><\/p>\n<p>        Assistente de Fluxo &#8211; Pronto Atendimento HSL<\/p>\n<p>          <\/span><br \/>\n        <\/a><\/p>\n<div class=\"search-entity-media\">\n<p>      <img class=\"artdeco-entity-image artdeco-entity-image--square-4\n          \" data-delayed-url=\"https:\/\/media.licdn.com\/dms\/image\/v2\/D4D0BAQEyTMiQPekKfA\/company-logo_100_100\/company-logo_100_100\/0\/1733157059329\/sao_lucas_hospital_logo?e=2147483647&amp;v=beta&amp;t=yHPHQvfeiI4e2ydQAJDJDmwlpUl6LDSX8x63wFfWKf0\" data-ghost-classes=\"artdeco-entity-image--ghost\" data-ghost-url=\"https:\/\/static.licdn.com\/aero-v1\/sc\/h\/6puxblwmhnodu6fjircz4dn4h\" alt><\/p><\/div>\n<div class=\"base-search-card__info\">\n<h3 class=\"base-search-card__title\">\n<p>        Assistente de Fluxo &#8211; Pronto Atendimento HSL<\/p>\n<\/h3>\n<h4 class=\"base-search-card__subtitle\">\n<p>          <a class=\"hidden-nested-link\" data-tracking-client-ingraph data-tracking-control-name=\"public_jobs_jserp-result_job-search-card-subtitle\" data-tracking-will-navigate href=\"https:\/\/br.linkedin.com\/company\/sao-lucas-hospital?trk=public_jobs_jserp-result_job-search-card-subtitle\"><br \/>\n            S\u00e3o Lucas Hospital<br \/>\n          <\/a><\/p>\n<\/h4>\n<p><!----><\/p>\n<div class=\"base-search-card__metadata\">\n<p>          <span class=\"job-search-card__location\"><br \/>\n            Ribeir\u00e3o Preto, S\u00e3o Paulo, Brazil<br \/>\n          <\/span><\/p>\n<div class=\"job-posting-benefits text-sm\">\n        <icon class=\"job-posting-benefits__icon\" data-delayed-url=\"https:\/\/static.licdn.com\/aero-v1\/sc\/h\/3p1v0uhy7uq0cm5zdvzp4eo18\" data-svg-class-name=\"job-posting-benefits__icon-svg\"><\/icon><br \/>\n        <span class=\"job-posting-benefits__text\"><br \/>\n          Actively Hiring<br \/>\n<!---->        <\/span>\n      <\/div>\n<p>          <time class=\"job-search-card__listdate\" datetime=\"2025-07-08\"><\/p>\n<p>      1 week ago<\/p>\n<p>          <\/time><\/p>\n<p><!---->\n            <\/div>\n<\/p><\/div>\n<p><!---->      <\/p><\/div>\n<\/li>\n<li>\n<div class=\"base-card relative w-full hover:no-underline focus:no-underline\n        base-card--link\n         base-search-card base-search-card--link job-search-card\" data-entity-urn=\"urn:li:jobPosting:4266849154\" data-impression-id=\"jobs-search-desktop-26\" data-reference-id=\"mE4+Ire2BhpuSmPMxPt84A==\" data-tracking-id=\"w954gQoDSSQTK6JGQh2BVA==\" data-column=\"1\" data-row=\"27\"><\/p>\n<p>        <a class=\"base-card__full-link absolute top-0 right-0 bottom-0 left-0 p-0 z-[2] outline-offset-[4px]\" href=\"https:\/\/br.linkedin.com\/jobs\/view\/auxiliar-administrativo-sp-at-riberar-4266849154?position=27&amp;pageNum=0&amp;refId=mE4%2BIre2BhpuSmPMxPt84A%3D%3D&amp;trackingId=w954gQoDSSQTK6JGQh2BVA%3D%3D\" data-tracking-control-name=\"public_jobs_jserp-result_search-card\" data-tracking-client-ingraph data-tracking-will-navigate><\/p>\n<p>          <span class=\"sr-only\"><\/p>\n<p>        Auxiliar administrativo &#8211; SP<\/p>\n<p>          <\/span><br \/>\n        <\/a><\/p>\n<div class=\"search-entity-media\">\n<p>      <img class=\"artdeco-entity-image artdeco-entity-image--square-4\n          \" data-delayed-url=\"https:\/\/media.licdn.com\/dms\/image\/v2\/C4D0BAQE016NETOZzuA\/company-logo_100_100\/company-logo_100_100\/0\/1631375242542\/riberar_logo?e=2147483647&amp;v=beta&amp;t=EthNkXpJ5D9ulrzsfiM5VmbmTwnXZRVFT98xWsuoDNk\" data-ghost-classes=\"artdeco-entity-image--ghost\" data-ghost-url=\"https:\/\/static.licdn.com\/aero-v1\/sc\/h\/6puxblwmhnodu6fjircz4dn4h\" alt><\/p><\/div>\n<div class=\"base-search-card__info\">\n<h3 class=\"base-search-card__title\">\n<p>        Auxiliar administrativo &#8211; SP<\/p>\n<\/h3>\n<h4 class=\"base-search-card__subtitle\">\n<p>          <a class=\"hidden-nested-link\" data-tracking-client-ingraph data-tracking-control-name=\"public_jobs_jserp-result_job-search-card-subtitle\" data-tracking-will-navigate href=\"https:\/\/www.linkedin.com\/company\/riberar?trk=public_jobs_jserp-result_job-search-card-subtitle\"><br \/>\n            Riberar<br \/>\n          <\/a><\/p>\n<\/h4>\n<p><!----><\/p>\n<div class=\"base-search-card__metadata\">\n<p>          <span class=\"job-search-card__location\"><br \/>\n            Greater Ribeir\u00e3o Preto<br \/>\n          <\/span><\/p>\n<div class=\"job-posting-benefits text-sm\">\n        <icon class=\"job-posting-benefits__icon\" data-delayed-url=\"https:\/\/static.licdn.com\/aero-v1\/sc\/h\/8zmuwb93gzlb935fk4ao4z779\" data-svg-class-name=\"job-posting-benefits__icon-svg\"><\/icon><br \/>\n        <span class=\"job-posting-benefits__text\"><br \/>\n          Be an early applicant<br \/>\n<!---->        <\/span>\n      <\/div>\n<p>          <time class=\"job-search-card__listdate--new\" datetime=\"2025-07-15\"><\/p>\n<p>      20 hours ago<\/p>\n<p>          <\/time><\/p>\n<p><!---->\n            <\/div>\n<\/p><\/div>\n<p><!---->      <\/p><\/div>\n<\/li>\n<li>\n<div class=\"base-card relative w-full hover:no-underline focus:no-underline\n        base-card--link\n         base-search-card base-search-card--link job-search-card\" data-entity-urn=\"urn:li:jobPosting:4260730750\" data-impression-id=\"jobs-search-desktop-27\" data-reference-id=\"mE4+Ire2BhpuSmPMxPt84A==\" data-tracking-id=\"KXI0hNfUYif16BqsDkEyHg==\" data-column=\"1\" data-row=\"28\"><\/p>\n<p>        <a class=\"base-card__full-link absolute top-0 right-0 bottom-0 left-0 p-0 z-[2] outline-offset-[4px]\" href=\"https:\/\/br.linkedin.com\/jobs\/view\/operador-i-ribp-at-coca-cola-andina-brasil-4260730750?position=28&amp;pageNum=0&amp;refId=mE4%2BIre2BhpuSmPMxPt84A%3D%3D&amp;trackingId=KXI0hNfUYif16BqsDkEyHg%3D%3D\" data-tracking-control-name=\"public_jobs_jserp-result_search-card\" data-tracking-client-ingraph data-tracking-will-navigate><\/p>\n<p>          <span class=\"sr-only\"><\/p>\n<p>        OPERADOR I &#8211; RIBP<\/p>\n<p>          <\/span><br \/>\n        <\/a><\/p>\n<div class=\"search-entity-media\">\n<p>      <img class=\"artdeco-entity-image artdeco-entity-image--square-4\n          \" data-delayed-url=\"https:\/\/media.licdn.com\/dms\/image\/v2\/D4D0BAQFtg5MyC618zw\/company-logo_100_100\/company-logo_100_100\/0\/1688391103766\/coca_cola_andina_brasil_logo?e=2147483647&amp;v=beta&amp;t=lnooKS98CgFBnh2A1rLzoXLAIg0J6IS4AD6Mf5O5b6U\" data-ghost-classes=\"artdeco-entity-image--ghost\" data-ghost-url=\"https:\/\/static.licdn.com\/aero-v1\/sc\/h\/6puxblwmhnodu6fjircz4dn4h\" alt><\/p><\/div>\n<div class=\"base-search-card__info\">\n<h3 class=\"base-search-card__title\">\n<p>        OPERADOR I &#8211; RIBP<\/p>\n<\/h3>\n<h4 class=\"base-search-card__subtitle\">\n<p>          <a class=\"hidden-nested-link\" data-tracking-client-ingraph data-tracking-control-name=\"public_jobs_jserp-result_job-search-card-subtitle\" data-tracking-will-navigate href=\"https:\/\/br.linkedin.com\/company\/coca-cola-andina-brasil?trk=public_jobs_jserp-result_job-search-card-subtitle\"><br \/>\n            Coca-Cola Andina Brasil<br \/>\n          <\/a><\/p>\n<\/h4>\n<p><!----><\/p>\n<div class=\"base-search-card__metadata\">\n<p>          <span class=\"job-search-card__location\"><br \/>\n            Ribeir\u00e3o Preto, S\u00e3o Paulo, Brazil<br \/>\n          <\/span><\/p>\n<p><!---->  <\/p>\n<p>          <time class=\"job-search-card__listdate\" datetime=\"2025-07-08\"><\/p>\n<p>      1 week ago<\/p>\n<p>          <\/time><\/p>\n<p><!---->\n            <\/div>\n<\/p><\/div>\n<p><!---->      <\/p><\/div>\n<\/li>\n<li>\n<div class=\"base-card relative w-full hover:no-underline focus:no-underline\n        base-card--link\n         base-search-card base-search-card--link job-search-card\" data-entity-urn=\"urn:li:jobPosting:4252750921\" data-impression-id=\"jobs-search-desktop-28\" data-reference-id=\"mE4+Ire2BhpuSmPMxPt84A==\" data-tracking-id=\"Tw6oq9jRIRb\/1Es+Rmm35Q==\" data-column=\"1\" data-row=\"29\"><\/p>\n<p>        <a class=\"base-card__full-link absolute top-0 right-0 bottom-0 left-0 p-0 z-[2] outline-offset-[4px]\" href=\"https:\/\/br.linkedin.com\/jobs\/view\/recepcionista-quadra-de-areia-bar-restaurante-at-idealize-gest%C3%A3o-de-pessoas-4252750921?position=29&amp;pageNum=0&amp;refId=mE4%2BIre2BhpuSmPMxPt84A%3D%3D&amp;trackingId=Tw6oq9jRIRb%2F1Es%2BRmm35Q%3D%3D\" data-tracking-control-name=\"public_jobs_jserp-result_search-card\" data-tracking-client-ingraph data-tracking-will-navigate><\/p>\n<p>          <span class=\"sr-only\"><\/p>\n<p>        Recepcionista &#8211; Quadra de areia\/bar restaurante<\/p>\n<p>          <\/span><br \/>\n        <\/a><\/p>\n<div class=\"search-entity-media\">\n<p>      <img class=\"artdeco-entity-image artdeco-entity-image--square-4\n          \" data-delayed-url=\"https:\/\/media.licdn.com\/dms\/image\/v2\/C4D0BAQH8J0kvWEJOnQ\/company-logo_100_100\/company-logo_100_100\/0\/1630563637160?e=2147483647&amp;v=beta&amp;t=TDK3MHsnkFjjd9-KhA9fPNnepkVPCCV60BI8oUw4bF4\" data-ghost-classes=\"artdeco-entity-image--ghost\" data-ghost-url=\"https:\/\/static.licdn.com\/aero-v1\/sc\/h\/6puxblwmhnodu6fjircz4dn4h\" alt><\/p><\/div>\n<div class=\"base-search-card__info\">\n<h3 class=\"base-search-card__title\">\n<p>        Recepcionista &#8211; Quadra de areia\/bar restaurante<\/p>\n<\/h3>\n<h4 class=\"base-search-card__subtitle\">\n<p>          <a class=\"hidden-nested-link\" data-tracking-client-ingraph data-tracking-control-name=\"public_jobs_jserp-result_job-search-card-subtitle\" data-tracking-will-navigate href=\"https:\/\/br.linkedin.com\/company\/idealize-gest%C3%A3o-de-pessoas?trk=public_jobs_jserp-result_job-search-card-subtitle\"><br \/>\n            Idealize Gest\u00e3o de Pessoas<br \/>\n          <\/a><\/p>\n<\/h4>\n<p><!----><\/p>\n<div class=\"base-search-card__metadata\">\n<p>          <span class=\"job-search-card__location\"><br \/>\n            Ribeir\u00e3o Preto, S\u00e3o Paulo, Brazil<br \/>\n          <\/span><\/p>\n<div class=\"job-posting-benefits text-sm\">\n        <icon class=\"job-posting-benefits__icon\" data-delayed-url=\"https:\/\/static.licdn.com\/aero-v1\/sc\/h\/8zmuwb93gzlb935fk4ao4z779\" data-svg-class-name=\"job-posting-benefits__icon-svg\"><\/icon><br \/>\n        <span class=\"job-posting-benefits__text\"><br \/>\n          Be an early applicant<br \/>\n<!---->        <\/span>\n      <\/div>\n<p>          <time class=\"job-search-card__listdate\" datetime=\"2025-06-19\"><\/p>\n<p>      3 weeks ago<\/p>\n<p>          <\/time><\/p>\n<p><!---->\n            <\/div>\n<\/p><\/div>\n<p><!---->      <\/p><\/div>\n<\/li>\n<li>\n<div class=\"base-card relative w-full hover:no-underline focus:no-underline\n        base-card--link\n         base-search-card base-search-card--link job-search-card\" data-entity-urn=\"urn:li:jobPosting:4264184253\" data-impression-id=\"jobs-search-desktop-29\" data-reference-id=\"mE4+Ire2BhpuSmPMxPt84A==\" data-tracking-id=\"YvE2mbfRTKy62xJxYerWpQ==\" data-column=\"1\" data-row=\"30\"><\/p>\n<p>        <a class=\"base-card__full-link absolute top-0 right-0 bottom-0 left-0 p-0 z-[2] outline-offset-[4px]\" href=\"https:\/\/br.linkedin.com\/jobs\/view\/auxiliar-de-enfermagem-at-centro-universit%C3%A1rio-bar%C3%A3o-de-mau%C3%A1-4264184253?position=30&amp;pageNum=0&amp;refId=mE4%2BIre2BhpuSmPMxPt84A%3D%3D&amp;trackingId=YvE2mbfRTKy62xJxYerWpQ%3D%3D\" data-tracking-control-name=\"public_jobs_jserp-result_search-card\" data-tracking-client-ingraph data-tracking-will-navigate><\/p>\n<p>          <span class=\"sr-only\"><\/p>\n<p>        Auxiliar de Enfermagem<\/p>\n<p>          <\/span><br \/>\n        <\/a><\/p>\n<div class=\"search-entity-media\">\n<p>      <img class=\"artdeco-entity-image artdeco-entity-image--square-4\n          \" data-delayed-url=\"https:\/\/media.licdn.com\/dms\/image\/v2\/C4D0BAQGSSd8Xlo-GXw\/company-logo_100_100\/company-logo_100_100\/0\/1630506165514\/centro_universitario_barao_de_maua_logo?e=2147483647&amp;v=beta&amp;t=l27IMlDsDJ2PeStjcBc8jhpfnZpz5AWLglwse86YXbM\" data-ghost-classes=\"artdeco-entity-image--ghost\" data-ghost-url=\"https:\/\/static.licdn.com\/aero-v1\/sc\/h\/6puxblwmhnodu6fjircz4dn4h\" alt><\/p><\/div>\n<div class=\"base-search-card__info\">\n<h3 class=\"base-search-card__title\">\n<p>        Auxiliar de Enfermagem<\/p>\n<\/h3>\n<h4 class=\"base-search-card__subtitle\">\n<p>          <a class=\"hidden-nested-link\" data-tracking-client-ingraph data-tracking-control-name=\"public_jobs_jserp-result_job-search-card-subtitle\" data-tracking-will-navigate href=\"https:\/\/br.linkedin.com\/school\/centro-universitario-barao-de-maua\/?trk=public_jobs_jserp-result_job-search-card-subtitle\"><br \/>\n            Centro Universit\u00e1rio Bar\u00e3o de Mau\u00e1<br \/>\n          <\/a><\/p>\n<\/h4>\n<p><!----><\/p>\n<div class=\"base-search-card__metadata\">\n<p>          <span class=\"job-search-card__location\"><br \/>\n            Greater Ribeir\u00e3o Preto<br \/>\n          <\/span><\/p>\n<p><!---->  <\/p>\n<p>          <time class=\"job-search-card__listdate\" datetime=\"2025-07-03\"><\/p>\n<p>      1 week ago<\/p>\n<p>          <\/time><\/p>\n<p><!---->\n            <\/div>\n<\/p><\/div>\n<p><!---->      <\/p><\/div>\n<\/li>\n<li>\n<div class=\"base-card relative w-full hover:no-underline focus:no-underline\n        base-card--link\n         base-search-card base-search-card--link job-search-card\" data-entity-urn=\"urn:li:jobPosting:4260392000\" data-impression-id=\"jobs-search-desktop-30\" data-reference-id=\"mE4+Ire2BhpuSmPMxPt84A==\" data-tracking-id=\"u9XX+\/rrBWibo0NIuSbd0Q==\" data-column=\"1\" data-row=\"31\"><\/p>\n<p>        <a class=\"base-card__full-link absolute top-0 right-0 bottom-0 left-0 p-0 z-[2] outline-offset-[4px]\" href=\"https:\/\/br.linkedin.com\/jobs\/view\/t%C3%A9cnico-de-enfermagem-unidade-de-interna%C3%A7%C3%A3o-hospital-ribeirania-at-s%C3%A3o-lucas-hospital-4260392000?position=31&amp;pageNum=0&amp;refId=mE4%2BIre2BhpuSmPMxPt84A%3D%3D&amp;trackingId=u9XX%2B%2FrrBWibo0NIuSbd0Q%3D%3D\" data-tracking-control-name=\"public_jobs_jserp-result_search-card\" data-tracking-client-ingraph data-tracking-will-navigate><\/p>\n<p>          <span class=\"sr-only\"><\/p>\n<p>        T\u00e9cnico de Enfermagem &#8211; Unidade de Interna\u00e7\u00e3o | Hospital Ribeirania<\/p>\n<p>          <\/span><br \/>\n        <\/a><\/p>\n<div class=\"search-entity-media\">\n<p>      <img class=\"artdeco-entity-image artdeco-entity-image--square-4\n          \" data-delayed-url=\"https:\/\/media.licdn.com\/dms\/image\/v2\/D4D0BAQEyTMiQPekKfA\/company-logo_100_100\/company-logo_100_100\/0\/1733157059329\/sao_lucas_hospital_logo?e=2147483647&amp;v=beta&amp;t=yHPHQvfeiI4e2ydQAJDJDmwlpUl6LDSX8x63wFfWKf0\" data-ghost-classes=\"artdeco-entity-image--ghost\" data-ghost-url=\"https:\/\/static.licdn.com\/aero-v1\/sc\/h\/6puxblwmhnodu6fjircz4dn4h\" alt><\/p><\/div>\n<div class=\"base-search-card__info\">\n<h3 class=\"base-search-card__title\">\n<p>        T\u00e9cnico de Enfermagem &#8211; Unidade de Interna\u00e7\u00e3o | Hospital Ribeirania<\/p>\n<\/h3>\n<h4 class=\"base-search-card__subtitle\">\n<p>          <a class=\"hidden-nested-link\" data-tracking-client-ingraph data-tracking-control-name=\"public_jobs_jserp-result_job-search-card-subtitle\" data-tracking-will-navigate href=\"https:\/\/br.linkedin.com\/company\/sao-lucas-hospital?trk=public_jobs_jserp-result_job-search-card-subtitle\"><br \/>\n            S\u00e3o Lucas Hospital<br \/>\n          <\/a><\/p>\n<\/h4>\n<p><!----><\/p>\n<div class=\"base-search-card__metadata\">\n<p>          <span class=\"job-search-card__location\"><br \/>\n            Ribeir\u00e3o Preto, S\u00e3o Paulo, Brazil<br \/>\n          <\/span><\/p>\n<div class=\"job-posting-benefits text-sm\">\n        <icon class=\"job-posting-benefits__icon\" data-delayed-url=\"https:\/\/static.licdn.com\/aero-v1\/sc\/h\/3p1v0uhy7uq0cm5zdvzp4eo18\" data-svg-class-name=\"job-posting-benefits__icon-svg\"><\/icon><br \/>\n        <span class=\"job-posting-benefits__text\"><br \/>\n          Actively Hiring<br \/>\n<!---->        <\/span>\n      <\/div>\n<p>          <time class=\"job-search-card__listdate\" datetime=\"2025-07-08\"><\/p>\n<p>      1 week ago<\/p>\n<p>          <\/time><\/p>\n<p><!---->\n            <\/div>\n<\/p><\/div>\n<p><!---->      <\/p><\/div>\n<\/li>\n<li>\n<div class=\"base-card relative w-full hover:no-underline focus:no-underline\n        base-card--link\n         base-search-card base-search-card--link job-search-card\" data-entity-urn=\"urn:li:jobPosting:4266705379\" data-impression-id=\"jobs-search-desktop-31\" data-reference-id=\"mE4+Ire2BhpuSmPMxPt84A==\" data-tracking-id=\"cquApNCdMXEAPuUyXgeogg==\" data-column=\"1\" data-row=\"32\"><\/p>\n<p>        <a class=\"base-card__full-link absolute top-0 right-0 bottom-0 left-0 p-0 z-[2] outline-offset-[4px]\" href=\"https:\/\/br.linkedin.com\/jobs\/view\/assistente-administrativo-operacional-at-superfrio-log%C3%ADstica-frigorificada-4266705379?position=32&amp;pageNum=0&amp;refId=mE4%2BIre2BhpuSmPMxPt84A%3D%3D&amp;trackingId=cquApNCdMXEAPuUyXgeogg%3D%3D\" data-tracking-control-name=\"public_jobs_jserp-result_search-card\" data-tracking-client-ingraph data-tracking-will-navigate><\/p>\n<p>          <span class=\"sr-only\"><\/p>\n<p>        Assistente Administrativo Operacional<\/p>\n<p>          <\/span><br \/>\n        <\/a><\/p>\n<div class=\"search-entity-media\">\n<p>      <img class=\"artdeco-entity-image artdeco-entity-image--square-4\n          \" data-delayed-url=\"https:\/\/media.licdn.com\/dms\/image\/v2\/C4E0BAQHHg6g8jtoZjw\/company-logo_100_100\/company-logo_100_100\/0\/1630574138459?e=2147483647&amp;v=beta&amp;t=_zVmy57llRDRDOz8Y7_-G6372n0DZAn1UnhLakwzg18\" data-ghost-classes=\"artdeco-entity-image--ghost\" data-ghost-url=\"https:\/\/static.licdn.com\/aero-v1\/sc\/h\/6puxblwmhnodu6fjircz4dn4h\" alt><\/p><\/div>\n<div class=\"base-search-card__info\">\n<h3 class=\"base-search-card__title\">\n<p>        Assistente Administrativo Operacional<\/p>\n<\/h3>\n<h4 class=\"base-search-card__subtitle\">\n<p>          <a class=\"hidden-nested-link\" data-tracking-client-ingraph data-tracking-control-name=\"public_jobs_jserp-result_job-search-card-subtitle\" data-tracking-will-navigate href=\"https:\/\/br.linkedin.com\/company\/superfrio-armazenagem-refrigerada?trk=public_jobs_jserp-result_job-search-card-subtitle\"><br \/>\n            SuperFrio Log\u00edstica Frigorificada<br \/>\n          <\/a><\/p>\n<\/h4>\n<p><!----><\/p>\n<div class=\"base-search-card__metadata\">\n<p>          <span class=\"job-search-card__location\"><br \/>\n            Ribeir\u00e3o Preto, S\u00e3o Paulo, Brazil<br \/>\n          <\/span><\/p>\n<div class=\"job-posting-benefits text-sm\">\n        <icon class=\"job-posting-benefits__icon\" data-delayed-url=\"https:\/\/static.licdn.com\/aero-v1\/sc\/h\/3p1v0uhy7uq0cm5zdvzp4eo18\" data-svg-class-name=\"job-posting-benefits__icon-svg\"><\/icon><br \/>\n        <span class=\"job-posting-benefits__text\"><br \/>\n          Actively Hiring<br \/>\n<!---->        <\/span>\n      <\/div>\n<p>          <time class=\"job-search-card__listdate--new\" datetime=\"2025-07-15\"><\/p>\n<p>      10 hours ago<\/p>\n<p>          <\/time><\/p>\n<p><!---->\n            <\/div>\n<\/p><\/div>\n<p><!---->      <\/p><\/div>\n<\/li>\n<li>\n<div class=\"base-card relative w-full hover:no-underline focus:no-underline\n        base-card--link\n         base-search-card base-search-card--link job-search-card\" data-entity-urn=\"urn:li:jobPosting:4258163002\" data-impression-id=\"jobs-search-desktop-32\" data-reference-id=\"mE4+Ire2BhpuSmPMxPt84A==\" data-tracking-id=\"XUC8ptHxrh899UY5zZReUQ==\" data-column=\"1\" data-row=\"33\"><\/p>\n<p>        <a class=\"base-card__full-link absolute top-0 right-0 bottom-0 left-0 p-0 z-[2] outline-offset-[4px]\" href=\"https:\/\/br.linkedin.com\/jobs\/view\/assistente-administrativo-dae-at-mrv-co-4258163002?position=33&amp;pageNum=0&amp;refId=mE4%2BIre2BhpuSmPMxPt84A%3D%3D&amp;trackingId=XUC8ptHxrh899UY5zZReUQ%3D%3D\" data-tracking-control-name=\"public_jobs_jserp-result_search-card\" data-tracking-client-ingraph data-tracking-will-navigate><\/p>\n<p>          <span class=\"sr-only\"><\/p>\n<p>        ASSISTENTE ADMINISTRATIVO DAE<\/p>\n<p>          <\/span><br \/>\n        <\/a><\/p>\n<div class=\"search-entity-media\">\n<p>      <img class=\"artdeco-entity-image artdeco-entity-image--square-4\n          \" data-delayed-url=\"https:\/\/media.licdn.com\/dms\/image\/v2\/C4D0BAQFiMTX4fTHngw\/company-logo_100_100\/company-logo_100_100\/0\/1656681625557\/mrveco_logo?e=2147483647&amp;v=beta&amp;t=00dhJfkfxAsYI75gskD3kuw_8xwWMrUM6xa7XB_iESw\" data-ghost-classes=\"artdeco-entity-image--ghost\" data-ghost-url=\"https:\/\/static.licdn.com\/aero-v1\/sc\/h\/6puxblwmhnodu6fjircz4dn4h\" alt><\/p><\/div>\n<div class=\"base-search-card__info\">\n<h3 class=\"base-search-card__title\">\n<p>        ASSISTENTE ADMINISTRATIVO DAE<\/p>\n<\/h3>\n<h4 class=\"base-search-card__subtitle\">\n<p>          <a class=\"hidden-nested-link\" data-tracking-client-ingraph data-tracking-control-name=\"public_jobs_jserp-result_job-search-card-subtitle\" data-tracking-will-navigate href=\"https:\/\/br.linkedin.com\/company\/mrveco?trk=public_jobs_jserp-result_job-search-card-subtitle\"><br \/>\n            MRV&amp;CO<br \/>\n          <\/a><\/p>\n<\/h4>\n<p><!----><\/p>\n<div class=\"base-search-card__metadata\">\n<p>          <span class=\"job-search-card__location\"><br \/>\n            Ribeir\u00e3o Preto, S\u00e3o Paulo, Brazil<br \/>\n          <\/span><\/p>\n<div class=\"job-posting-benefits text-sm\">\n        <icon class=\"job-posting-benefits__icon\" data-delayed-url=\"https:\/\/static.licdn.com\/aero-v1\/sc\/h\/3p1v0uhy7uq0cm5zdvzp4eo18\" data-svg-class-name=\"job-posting-benefits__icon-svg\"><\/icon><br \/>\n        <span class=\"job-posting-benefits__text\"><br \/>\n          Actively Hiring<br \/>\n<!---->        <\/span>\n      <\/div>\n<p>          <time class=\"job-search-card__listdate\" datetime=\"2025-07-03\"><\/p>\n<p>      1 week ago<\/p>\n<p>          <\/time><\/p>\n<p><!---->\n            <\/div>\n<\/p><\/div>\n<p><!---->      <\/p><\/div>\n<\/li>\n<li>\n<div class=\"base-card relative w-full hover:no-underline focus:no-underline\n        base-card--link\n         base-search-card base-search-card--link job-search-card\" data-entity-urn=\"urn:li:jobPosting:4255879088\" data-impression-id=\"jobs-search-desktop-33\" data-reference-id=\"mE4+Ire2BhpuSmPMxPt84A==\" data-tracking-id=\"p6rBHw+io2jiRtBQh8Vl7A==\" data-column=\"1\" data-row=\"34\"><\/p>\n<p>        <a class=\"base-card__full-link absolute top-0 right-0 bottom-0 left-0 p-0 z-[2] outline-offset-[4px]\" href=\"https:\/\/br.linkedin.com\/jobs\/view\/assistente-de-diretoria-at-grupo-seb-4255879088?position=34&amp;pageNum=0&amp;refId=mE4%2BIre2BhpuSmPMxPt84A%3D%3D&amp;trackingId=p6rBHw%2Bio2jiRtBQh8Vl7A%3D%3D\" data-tracking-control-name=\"public_jobs_jserp-result_search-card\" data-tracking-client-ingraph data-tracking-will-navigate><\/p>\n<p>          <span class=\"sr-only\"><\/p>\n<p>        Assistente de Diretoria<\/p>\n<p>          <\/span><br \/>\n        <\/a><\/p>\n<div class=\"search-entity-media\">\n<p>      <img class=\"artdeco-entity-image artdeco-entity-image--square-4\n          \" data-delayed-url=\"https:\/\/media.licdn.com\/dms\/image\/v2\/C4D0BAQHqRN_t2Qx64w\/company-logo_100_100\/company-logo_100_100\/0\/1639058991800\/gruposeb_logo?e=2147483647&amp;v=beta&amp;t=N8i0w1kjCJ7wTeTZ5s-DQ5mtQngzVN5G_qqPUoBRPXY\" data-ghost-classes=\"artdeco-entity-image--ghost\" data-ghost-url=\"https:\/\/static.licdn.com\/aero-v1\/sc\/h\/6puxblwmhnodu6fjircz4dn4h\" alt><\/p><\/div>\n<div class=\"base-search-card__info\">\n<h3 class=\"base-search-card__title\">\n<p>        Assistente de Diretoria<\/p>\n<\/h3>\n<h4 class=\"base-search-card__subtitle\">\n<p>          <a class=\"hidden-nested-link\" data-tracking-client-ingraph data-tracking-control-name=\"public_jobs_jserp-result_job-search-card-subtitle\" data-tracking-will-navigate href=\"https:\/\/br.linkedin.com\/company\/gruposeb?trk=public_jobs_jserp-result_job-search-card-subtitle\"><br \/>\n            GRUPO SEB<br \/>\n          <\/a><\/p>\n<\/h4>\n<p><!----><\/p>\n<div class=\"base-search-card__metadata\">\n<p>          <span class=\"job-search-card__location\"><br \/>\n            Ribeir\u00e3o Preto, S\u00e3o Paulo, Brazil<br \/>\n          <\/span><\/p>\n<p><!---->  <\/p>\n<p>          <time class=\"job-search-card__listdate\" datetime=\"2025-06-27\"><\/p>\n<p>      2 weeks ago<\/p>\n<p>          <\/time><\/p>\n<p><!---->\n            <\/div>\n<\/p><\/div>\n<p><!---->      <\/p><\/div>\n<\/li>\n<li>\n<div class=\"base-card relative w-full hover:no-underline focus:no-underline\n        base-card--link\n         base-search-card base-search-card--link job-search-card\" data-entity-urn=\"urn:li:jobPosting:4000867353\" data-impression-id=\"jobs-search-desktop-34\" data-reference-id=\"mE4+Ire2BhpuSmPMxPt84A==\" data-tracking-id=\"jdcXt8vlimN5rCsCzI14Cw==\" data-column=\"1\" data-row=\"35\"><\/p>\n<p>        <a class=\"base-card__full-link absolute top-0 right-0 bottom-0 left-0 p-0 z-[2] outline-offset-[4px]\" href=\"https:\/\/br.linkedin.com\/jobs\/view\/assistente-administrativo-ribeir%C3%A3o-preto-at-sertran-transportes-4000867353?position=35&amp;pageNum=0&amp;refId=mE4%2BIre2BhpuSmPMxPt84A%3D%3D&amp;trackingId=jdcXt8vlimN5rCsCzI14Cw%3D%3D\" data-tracking-control-name=\"public_jobs_jserp-result_search-card\" data-tracking-client-ingraph data-tracking-will-navigate><\/p>\n<p>          <span class=\"sr-only\"><\/p>\n<p>        Assistente Administrativo &#8211; Ribeir\u00e3o Preto<\/p>\n<p>          <\/span><br \/>\n        <\/a><\/p>\n<div class=\"search-entity-media\">\n<p>      <img class=\"artdeco-entity-image artdeco-entity-image--square-4\n          \" data-delayed-url=\"https:\/\/media.licdn.com\/dms\/image\/v2\/D4D0BAQHdXVNEoziULQ\/company-logo_100_100\/B4DZfHnrjMGUAY-\/0\/1751400757867\/sertran_transportes_e_servios_logo?e=2147483647&amp;v=beta&amp;t=GT-W921eSShN4-wCwJwQ2WDiKm2vBOVm5Nsex0TyLSw\" data-ghost-classes=\"artdeco-entity-image--ghost\" data-ghost-url=\"https:\/\/static.licdn.com\/aero-v1\/sc\/h\/6puxblwmhnodu6fjircz4dn4h\" alt><\/p><\/div>\n<div class=\"base-search-card__info\">\n<h3 class=\"base-search-card__title\">\n<p>        Assistente Administrativo &#8211; Ribeir\u00e3o Preto<\/p>\n<\/h3>\n<h4 class=\"base-search-card__subtitle\">\n<p>          <a class=\"hidden-nested-link\" data-tracking-client-ingraph data-tracking-control-name=\"public_jobs_jserp-result_job-search-card-subtitle\" data-tracking-will-navigate href=\"https:\/\/br.linkedin.com\/company\/sertran-transportes-e-servi%C3%A7os?trk=public_jobs_jserp-result_job-search-card-subtitle\"><br \/>\n            Sertran Transportes<br \/>\n          <\/a><\/p>\n<\/h4>\n<p><!----><\/p>\n<div class=\"base-search-card__metadata\">\n<p>          <span class=\"job-search-card__location\"><br \/>\n            Ribeir\u00e3o Preto, S\u00e3o Paulo, Brazil<br \/>\n          <\/span><\/p>\n<p><!---->  <\/p>\n<p>          <time class=\"job-search-card__listdate\" datetime=\"2024-08-13\"><\/p>\n<p>      11 months ago<\/p>\n<p>          <\/time><\/p>\n<p><!---->\n            <\/div>\n<\/p><\/div>\n<p><!---->      <\/p><\/div>\n<\/li>\n<li>\n<div class=\"base-card relative w-full hover:no-underline focus:no-underline\n        base-card--link\n         base-search-card base-search-card--link job-search-card\" data-entity-urn=\"urn:li:jobPosting:4258465878\" data-impression-id=\"jobs-search-desktop-35\" data-reference-id=\"mE4+Ire2BhpuSmPMxPt84A==\" data-tracking-id=\"Gh4r31RHTqZxh8wWL7kK3A==\" data-column=\"1\" data-row=\"36\"><\/p>\n<p>        <a class=\"base-card__full-link absolute top-0 right-0 bottom-0 left-0 p-0 z-[2] outline-offset-[4px]\" href=\"https:\/\/br.linkedin.com\/jobs\/view\/t%C3%A9cnico-de-enfermagem-clinica-m%C3%A9dica-at-proctogastrocl%C3%ADnica-4258465878?position=36&amp;pageNum=0&amp;refId=mE4%2BIre2BhpuSmPMxPt84A%3D%3D&amp;trackingId=Gh4r31RHTqZxh8wWL7kK3A%3D%3D\" data-tracking-control-name=\"public_jobs_jserp-result_search-card\" data-tracking-client-ingraph data-tracking-will-navigate><\/p>\n<p>          <span class=\"sr-only\"><\/p>\n<p>        T\u00e9cnico de Enfermagem (Clinica M\u00e9dica)<\/p>\n<p>          <\/span><br \/>\n        <\/a><\/p>\n<div class=\"search-entity-media\">\n<p>      <img class=\"artdeco-entity-image artdeco-entity-image--square-4\n          \" data-delayed-url=\"https:\/\/media.licdn.com\/dms\/image\/v2\/D4D0BAQEXgvuFakJciQ\/company-logo_100_100\/company-logo_100_100\/0\/1721937405645\/proctogastroclnica_logo?e=2147483647&amp;v=beta&amp;t=qHawE8M8K5ARINhxQh-lFse6rfgeOJBpp-G6M1yov0E\" data-ghost-classes=\"artdeco-entity-image--ghost\" data-ghost-url=\"https:\/\/static.licdn.com\/aero-v1\/sc\/h\/6puxblwmhnodu6fjircz4dn4h\" alt><\/p><\/div>\n<div class=\"base-search-card__info\">\n<h3 class=\"base-search-card__title\">\n<p>        T\u00e9cnico de Enfermagem (Clinica M\u00e9dica)<\/p>\n<\/h3>\n<h4 class=\"base-search-card__subtitle\">\n<p>          <a class=\"hidden-nested-link\" data-tracking-client-ingraph data-tracking-control-name=\"public_jobs_jserp-result_job-search-card-subtitle\" data-tracking-will-navigate href=\"https:\/\/br.linkedin.com\/company\/proctogastrocl%C3%ADnica?trk=public_jobs_jserp-result_job-search-card-subtitle\"><br \/>\n            ProctoGastroCl\u00ednica<br \/>\n          <\/a><\/p>\n<\/h4>\n<p><!----><\/p>\n<div class=\"base-search-card__metadata\">\n<p>          <span class=\"job-search-card__location\"><br \/>\n            Ribeir\u00e3o Preto, S\u00e3o Paulo, Brazil<br \/>\n          <\/span><\/p>\n<p><!---->  <\/p>\n<p>          <time class=\"job-search-card__listdate\" datetime=\"2025-06-27\"><\/p>\n<p>      2 weeks ago<\/p>\n<p>          <\/time><\/p>\n<p><!---->\n            <\/div>\n<\/p><\/div>\n<p><!---->      <\/p><\/div>\n<\/li>\n<li>\n<div class=\"base-card relative w-full hover:no-underline focus:no-underline\n        base-card--link\n         base-search-card base-search-card--link job-search-card\" data-entity-urn=\"urn:li:jobPosting:4257693250\" data-impression-id=\"jobs-search-desktop-36\" data-reference-id=\"mE4+Ire2BhpuSmPMxPt84A==\" data-tracking-id=\"pgQEIRmA8LJof\/RzIVF1NQ==\" data-column=\"1\" data-row=\"37\"><\/p>\n<p>        <a class=\"base-card__full-link absolute top-0 right-0 bottom-0 left-0 p-0 z-[2] outline-offset-[4px]\" href=\"https:\/\/br.linkedin.com\/jobs\/view\/aprendiz-assistente-administrativo-ribeir%C3%A3o-preto-at-mrv-co-4257693250?position=37&amp;pageNum=0&amp;refId=mE4%2BIre2BhpuSmPMxPt84A%3D%3D&amp;trackingId=pgQEIRmA8LJof%2FRzIVF1NQ%3D%3D\" data-tracking-control-name=\"public_jobs_jserp-result_search-card\" data-tracking-client-ingraph data-tracking-will-navigate><\/p>\n<p>          <span class=\"sr-only\"><\/p>\n<p>        Aprendiz Assistente Administrativo | Ribeir\u00e3o Preto<\/p>\n<p>          <\/span><br \/>\n        <\/a><\/p>\n<div class=\"search-entity-media\">\n<p>      <img class=\"artdeco-entity-image artdeco-entity-image--square-4\n          \" data-delayed-url=\"https:\/\/media.licdn.com\/dms\/image\/v2\/C4D0BAQFiMTX4fTHngw\/company-logo_100_100\/company-logo_100_100\/0\/1656681625557\/mrveco_logo?e=2147483647&amp;v=beta&amp;t=00dhJfkfxAsYI75gskD3kuw_8xwWMrUM6xa7XB_iESw\" data-ghost-classes=\"artdeco-entity-image--ghost\" data-ghost-url=\"https:\/\/static.licdn.com\/aero-v1\/sc\/h\/6puxblwmhnodu6fjircz4dn4h\" alt><\/p><\/div>\n<div class=\"base-search-card__info\">\n<h3 class=\"base-search-card__title\">\n<p>        Aprendiz Assistente Administrativo | Ribeir\u00e3o Preto<\/p>\n<\/h3>\n<h4 class=\"base-search-card__subtitle\">\n<p>          <a class=\"hidden-nested-link\" data-tracking-client-ingraph data-tracking-control-name=\"public_jobs_jserp-result_job-search-card-subtitle\" data-tracking-will-navigate href=\"https:\/\/br.linkedin.com\/company\/mrveco?trk=public_jobs_jserp-result_job-search-card-subtitle\"><br \/>\n            MRV&amp;CO<br \/>\n          <\/a><\/p>\n<\/h4>\n<p><!----><\/p>\n<div class=\"base-search-card__metadata\">\n<p>          <span class=\"job-search-card__location\"><br \/>\n            Ribeir\u00e3o Preto, S\u00e3o Paulo, Brazil<br \/>\n          <\/span><\/p>\n<div class=\"job-posting-benefits text-sm\">\n        <icon class=\"job-posting-benefits__icon\" data-delayed-url=\"https:\/\/static.licdn.com\/aero-v1\/sc\/h\/3p1v0uhy7uq0cm5zdvzp4eo18\" data-svg-class-name=\"job-posting-benefits__icon-svg\"><\/icon><br \/>\n        <span class=\"job-posting-benefits__text\"><br \/>\n          Actively Hiring<br \/>\n<!---->        <\/span>\n      <\/div>\n<p>          <time class=\"job-search-card__listdate\" datetime=\"2025-07-03\"><\/p>\n<p>      1 week ago<\/p>\n<p>          <\/time><\/p>\n<p><!---->\n            <\/div>\n<\/p><\/div>\n<p><!---->      <\/p><\/div>\n<\/li>\n<li>\n<div class=\"base-card relative w-full hover:no-underline focus:no-underline\n        base-card--link\n         base-search-card base-search-card--link job-search-card\" data-entity-urn=\"urn:li:jobPosting:4255873960\" data-impression-id=\"jobs-search-desktop-37\" data-reference-id=\"mE4+Ire2BhpuSmPMxPt84A==\" data-tracking-id=\"\/O+0d7Of7cdcNybKFAIA7w==\" data-column=\"1\" data-row=\"38\"><\/p>\n<p>        <a class=\"base-card__full-link absolute top-0 right-0 bottom-0 left-0 p-0 z-[2] outline-offset-[4px]\" href=\"https:\/\/br.linkedin.com\/jobs\/view\/conferente-ribp-at-coca-cola-andina-brasil-4255873960?position=38&amp;pageNum=0&amp;refId=mE4%2BIre2BhpuSmPMxPt84A%3D%3D&amp;trackingId=%2FO%2B0d7Of7cdcNybKFAIA7w%3D%3D\" data-tracking-control-name=\"public_jobs_jserp-result_search-card\" data-tracking-client-ingraph data-tracking-will-navigate><\/p>\n<p>          <span class=\"sr-only\"><\/p>\n<p>        CONFERENTE &#8211; RIBP<\/p>\n<p>          <\/span><br \/>\n        <\/a><\/p>\n<div class=\"search-entity-media\">\n<p>      <img class=\"artdeco-entity-image artdeco-entity-image--square-4\n          \" data-delayed-url=\"https:\/\/media.licdn.com\/dms\/image\/v2\/D4D0BAQFtg5MyC618zw\/company-logo_100_100\/company-logo_100_100\/0\/1688391103766\/coca_cola_andina_brasil_logo?e=2147483647&amp;v=beta&amp;t=lnooKS98CgFBnh2A1rLzoXLAIg0J6IS4AD6Mf5O5b6U\" data-ghost-classes=\"artdeco-entity-image--ghost\" data-ghost-url=\"https:\/\/static.licdn.com\/aero-v1\/sc\/h\/6puxblwmhnodu6fjircz4dn4h\" alt><\/p><\/div>\n<div class=\"base-search-card__info\">\n<h3 class=\"base-search-card__title\">\n<p>        CONFERENTE &#8211; RIBP<\/p>\n<\/h3>\n<h4 class=\"base-search-card__subtitle\">\n<p>          <a class=\"hidden-nested-link\" data-tracking-client-ingraph data-tracking-control-name=\"public_jobs_jserp-result_job-search-card-subtitle\" data-tracking-will-navigate href=\"https:\/\/br.linkedin.com\/company\/coca-cola-andina-brasil?trk=public_jobs_jserp-result_job-search-card-subtitle\"><br \/>\n            Coca-Cola Andina Brasil<br \/>\n          <\/a><\/p>\n<\/h4>\n<p><!----><\/p>\n<div class=\"base-search-card__metadata\">\n<p>          <span class=\"job-search-card__location\"><br \/>\n            Ribeir\u00e3o Preto, S\u00e3o Paulo, Brazil<br \/>\n          <\/span><\/p>\n<p><!---->  <\/p>\n<p>          <time class=\"job-search-card__listdate\" datetime=\"2025-06-27\"><\/p>\n<p>      2 weeks ago<\/p>\n<p>          <\/time><\/p>\n<p><!---->\n            <\/div>\n<\/p><\/div>\n<p><!---->      <\/p><\/div>\n<\/li>\n<li>\n<div class=\"base-card relative w-full hover:no-underline focus:no-underline\n        base-card--link\n         base-search-card base-search-card--link job-search-card\" data-entity-urn=\"urn:li:jobPosting:4266623877\" data-impression-id=\"jobs-search-desktop-38\" data-reference-id=\"mE4+Ire2BhpuSmPMxPt84A==\" data-tracking-id=\"vfqPWFAXxOIS+pYMYyELQg==\" data-column=\"1\" data-row=\"39\"><\/p>\n<p>        <a class=\"base-card__full-link absolute top-0 right-0 bottom-0 left-0 p-0 z-[2] outline-offset-[4px]\" href=\"https:\/\/br.linkedin.com\/jobs\/view\/assistente-de-administrativo-at-serraf-autope%C3%A7as-4266623877?position=39&amp;pageNum=0&amp;refId=mE4%2BIre2BhpuSmPMxPt84A%3D%3D&amp;trackingId=vfqPWFAXxOIS%2BpYMYyELQg%3D%3D\" data-tracking-control-name=\"public_jobs_jserp-result_search-card\" data-tracking-client-ingraph data-tracking-will-navigate><\/p>\n<p>          <span class=\"sr-only\"><\/p>\n<p>        Assistente de Administrativo<\/p>\n<p>          <\/span><br \/>\n        <\/a><\/p>\n<div class=\"search-entity-media\">\n<p>      <img class=\"artdeco-entity-image artdeco-entity-image--square-4\n          \" data-delayed-url=\"https:\/\/media.licdn.com\/dms\/image\/v2\/D4D0BAQHMpVJNiVzctw\/company-logo_100_100\/company-logo_100_100\/0\/1683208347472\/serraf_autopecas_logo?e=2147483647&amp;v=beta&amp;t=da6NtL2be4988hDcM9hYX3XTQWCpEBiQQ4K1MhY1USg\" data-ghost-classes=\"artdeco-entity-image--ghost\" data-ghost-url=\"https:\/\/static.licdn.com\/aero-v1\/sc\/h\/6puxblwmhnodu6fjircz4dn4h\" alt><\/p><\/div>\n<div class=\"base-search-card__info\">\n<h3 class=\"base-search-card__title\">\n<p>        Assistente de Administrativo<\/p>\n<\/h3>\n<h4 class=\"base-search-card__subtitle\">\n<p>          <a class=\"hidden-nested-link\" data-tracking-client-ingraph data-tracking-control-name=\"public_jobs_jserp-result_job-search-card-subtitle\" data-tracking-will-navigate href=\"https:\/\/br.linkedin.com\/company\/serraf-autopecas?trk=public_jobs_jserp-result_job-search-card-subtitle\"><br \/>\n            Serraf Autope\u00e7as<br \/>\n          <\/a><\/p>\n<\/h4>\n<p><!----><\/p>\n<div class=\"base-search-card__metadata\">\n<p>          <span class=\"job-search-card__location\"><br \/>\n            Ribeir\u00e3o Preto, S\u00e3o Paulo, Brazil<br \/>\n          <\/span><\/p>\n<p><!---->  <\/p>\n<p>          <time class=\"job-search-card__listdate--new\" datetime=\"2025-07-15\"><\/p>\n<p>      15 hours ago<\/p>\n<p>          <\/time><\/p>\n<p><!---->\n            <\/div>\n<\/p><\/div>\n<p><!---->      <\/p><\/div>\n<\/li>\n<li>\n<div class=\"base-card relative w-full hover:no-underline focus:no-underline\n        base-card--link\n         base-search-card base-search-card--link job-search-card\" data-entity-urn=\"urn:li:jobPosting:4219667139\" data-impression-id=\"jobs-search-desktop-39\" data-reference-id=\"mE4+Ire2BhpuSmPMxPt84A==\" data-tracking-id=\"4CMVKvT9ejsDBlk3cjo4WA==\" data-column=\"1\" data-row=\"40\"><\/p>\n<p>        <a class=\"base-card__full-link absolute top-0 right-0 bottom-0 left-0 p-0 z-[2] outline-offset-[4px]\" href=\"https:\/\/br.linkedin.com\/jobs\/view\/auxiliar-administrativo-at-idealize-gest%C3%A3o-de-pessoas-4219667139?position=40&amp;pageNum=0&amp;refId=mE4%2BIre2BhpuSmPMxPt84A%3D%3D&amp;trackingId=4CMVKvT9ejsDBlk3cjo4WA%3D%3D\" data-tracking-control-name=\"public_jobs_jserp-result_search-card\" data-tracking-client-ingraph data-tracking-will-navigate><\/p>\n<p>          <span class=\"sr-only\"><\/p>\n<p>        Auxiliar administrativo<\/p>\n<p>          <\/span><br \/>\n        <\/a><\/p>\n<div class=\"search-entity-media\">\n<p>      <img class=\"artdeco-entity-image artdeco-entity-image--square-4\n          \" data-delayed-url=\"https:\/\/media.licdn.com\/dms\/image\/v2\/C4D0BAQH8J0kvWEJOnQ\/company-logo_100_100\/company-logo_100_100\/0\/1630563637160?e=2147483647&amp;v=beta&amp;t=TDK3MHsnkFjjd9-KhA9fPNnepkVPCCV60BI8oUw4bF4\" data-ghost-classes=\"artdeco-entity-image--ghost\" data-ghost-url=\"https:\/\/static.licdn.com\/aero-v1\/sc\/h\/6puxblwmhnodu6fjircz4dn4h\" alt><\/p><\/div>\n<div class=\"base-search-card__info\">\n<h3 class=\"base-search-card__title\">\n<p>        Auxiliar administrativo<\/p>\n<\/h3>\n<h4 class=\"base-search-card__subtitle\">\n<p>          <a class=\"hidden-nested-link\" data-tracking-client-ingraph data-tracking-control-name=\"public_jobs_jserp-result_job-search-card-subtitle\" data-tracking-will-navigate href=\"https:\/\/br.linkedin.com\/company\/idealize-gest%C3%A3o-de-pessoas?trk=public_jobs_jserp-result_job-search-card-subtitle\"><br \/>\n            Idealize Gest\u00e3o de Pessoas<br \/>\n          <\/a><\/p>\n<\/h4>\n<p><!----><\/p>\n<div class=\"base-search-card__metadata\">\n<p>          <span class=\"job-search-card__location\"><br \/>\n            Ribeir\u00e3o Preto, S\u00e3o Paulo, Brazil<br \/>\n          <\/span><\/p>\n<p><!---->  <\/p>\n<p>          <time class=\"job-search-card__listdate\" datetime=\"2025-04-30\"><\/p>\n<p>      2 months ago<\/p>\n<p>          <\/time><\/p>\n<p><!---->\n            <\/div>\n<\/p><\/div>\n<p><!---->      <\/p><\/div>\n<\/li>\n<li>\n<div class=\"base-card relative w-full hover:no-underline focus:no-underline\n        base-card--link\n         base-search-card base-search-card--link job-search-card\" data-entity-urn=\"urn:li:jobPosting:4263866764\" data-impression-id=\"jobs-search-desktop-40\" data-reference-id=\"mE4+Ire2BhpuSmPMxPt84A==\" data-tracking-id=\"u9Wx0TGzBJk9NDUGI1cKqQ==\" data-column=\"1\" data-row=\"41\"><\/p>\n<p>        <a class=\"base-card__full-link absolute top-0 right-0 bottom-0 left-0 p-0 z-[2] outline-offset-[4px]\" href=\"https:\/\/br.linkedin.com\/jobs\/view\/assistente-administrativo-at-buscarvagas-4263866764?position=41&amp;pageNum=0&amp;refId=mE4%2BIre2BhpuSmPMxPt84A%3D%3D&amp;trackingId=u9Wx0TGzBJk9NDUGI1cKqQ%3D%3D\" data-tracking-control-name=\"public_jobs_jserp-result_search-card\" data-tracking-client-ingraph data-tracking-will-navigate><\/p>\n<p>          <span class=\"sr-only\"><\/p>\n<p>        Assistente Administrativo<\/p>\n<p>          <\/span><br \/>\n        <\/a><\/p>\n<div class=\"search-entity-media\">\n<p>      <img class=\"artdeco-entity-image artdeco-entity-image--square-4\n          \" data-delayed-url=\"https:\/\/media.licdn.com\/dms\/image\/v2\/D4D0BAQGrQ2TeGFF-sQ\/company-logo_100_100\/B4DZfENU4BGYAQ-\/0\/1751343518257\/consultoria_buscar_vagas_br_logo?e=2147483647&amp;v=beta&amp;t=md5MWa5q0YaLcTu2JfJBkHagXVfEJaemjNCr44LCYaE\" data-ghost-classes=\"artdeco-entity-image--ghost\" data-ghost-url=\"https:\/\/static.licdn.com\/aero-v1\/sc\/h\/6puxblwmhnodu6fjircz4dn4h\" alt><\/p><\/div>\n<div class=\"base-search-card__info\">\n<h3 class=\"base-search-card__title\">\n<p>        Assistente Administrativo<\/p>\n<\/h3>\n<h4 class=\"base-search-card__subtitle\">\n<p>          <a class=\"hidden-nested-link\" data-tracking-client-ingraph data-tracking-control-name=\"public_jobs_jserp-result_job-search-card-subtitle\" data-tracking-will-navigate href=\"https:\/\/br.linkedin.com\/company\/consultoria-buscar-vagas-br?trk=public_jobs_jserp-result_job-search-card-subtitle\"><br \/>\n            BuscarVagas<br \/>\n          <\/a><\/p>\n<\/h4>\n<p><!----><\/p>\n<div class=\"base-search-card__metadata\">\n<p>          <span class=\"job-search-card__location\"><br \/>\n            Ribeir\u00e3o Preto, S\u00e3o Paulo, Brazil<br \/>\n          <\/span><\/p>\n<div class=\"job-posting-benefits text-sm\">\n        <icon class=\"job-posting-benefits__icon\" data-delayed-url=\"https:\/\/static.licdn.com\/aero-v1\/sc\/h\/8zmuwb93gzlb935fk4ao4z779\" data-svg-class-name=\"job-posting-benefits__icon-svg\"><\/icon><br \/>\n        <span class=\"job-posting-benefits__text\"><br \/>\n          Be an early applicant<br \/>\n<!---->        <\/span>\n      <\/div>\n<p>          <time class=\"job-search-card__listdate\" datetime=\"2025-07-13\"><\/p>\n<p>      2 days ago<\/p>\n<p>          <\/time><\/p>\n<p><!---->\n            <\/div>\n<\/p><\/div>\n<p><!---->      <\/p><\/div>\n<\/li>\n<li>\n<div class=\"base-card relative w-full hover:no-underline focus:no-underline\n        base-card--link\n         base-search-card base-search-card--link job-search-card\" data-entity-urn=\"urn:li:jobPosting:4258848104\" data-impression-id=\"jobs-search-desktop-41\" data-reference-id=\"mE4+Ire2BhpuSmPMxPt84A==\" data-tracking-id=\"w6wS1XGyEorBxNdywqZ+TA==\" data-column=\"1\" data-row=\"42\"><\/p>\n<p>        <a class=\"base-card__full-link absolute top-0 right-0 bottom-0 left-0 p-0 z-[2] outline-offset-[4px]\" href=\"https:\/\/br.linkedin.com\/jobs\/view\/assistente-administrativo-at-riachuelo-4258848104?position=42&amp;pageNum=0&amp;refId=mE4%2BIre2BhpuSmPMxPt84A%3D%3D&amp;trackingId=w6wS1XGyEorBxNdywqZ%2BTA%3D%3D\" data-tracking-control-name=\"public_jobs_jserp-result_search-card\" data-tracking-client-ingraph data-tracking-will-navigate><\/p>\n<p>          <span class=\"sr-only\"><\/p>\n<p>        Assistente Administrativo<\/p>\n<p>          <\/span><br \/>\n        <\/a><\/p>\n<div class=\"search-entity-media\">\n<p>      <img class=\"artdeco-entity-image artdeco-entity-image--square-4\n          \" data-delayed-url=\"https:\/\/media.licdn.com\/dms\/image\/v2\/C4D0BAQFDTmHbQis53A\/company-logo_100_100\/company-logo_100_100\/0\/1678362069036\/riachuelo_logo?e=2147483647&amp;v=beta&amp;t=Le625kIoFgpwVFIMi8On32MrT9YKIJuEbpN3x3CN2jk\" data-ghost-classes=\"artdeco-entity-image--ghost\" data-ghost-url=\"https:\/\/static.licdn.com\/aero-v1\/sc\/h\/6puxblwmhnodu6fjircz4dn4h\" alt><\/p><\/div>\n<div class=\"base-search-card__info\">\n<h3 class=\"base-search-card__title\">\n<p>        Assistente Administrativo<\/p>\n<\/h3>\n<h4 class=\"base-search-card__subtitle\">\n<p>          <a class=\"hidden-nested-link\" data-tracking-client-ingraph data-tracking-control-name=\"public_jobs_jserp-result_job-search-card-subtitle\" data-tracking-will-navigate href=\"https:\/\/br.linkedin.com\/company\/riachuelo?trk=public_jobs_jserp-result_job-search-card-subtitle\"><br \/>\n            Riachuelo<br \/>\n          <\/a><\/p>\n<\/h4>\n<p><!----><\/p>\n<div class=\"base-search-card__metadata\">\n<p>          <span class=\"job-search-card__location\"><br \/>\n            Ribeir\u00e3o Preto, S\u00e3o Paulo, Brazil<br \/>\n          <\/span><\/p>\n<div class=\"job-posting-benefits text-sm\">\n        <icon class=\"job-posting-benefits__icon\" data-delayed-url=\"https:\/\/static.licdn.com\/aero-v1\/sc\/h\/3p1v0uhy7uq0cm5zdvzp4eo18\" data-svg-class-name=\"job-posting-benefits__icon-svg\"><\/icon><br \/>\n        <span class=\"job-posting-benefits__text\"><br \/>\n          Actively Hiring<br \/>\n<!---->        <\/span>\n      <\/div>\n<p>          <time class=\"job-search-card__listdate\" datetime=\"2025-07-04\"><\/p>\n<p>      1 week ago<\/p>\n<p>          <\/time><\/p>\n<p><!---->\n            <\/div>\n<\/p><\/div>\n<p><!---->      <\/p><\/div>\n<\/li>\n<li>\n<div class=\"base-card relative w-full hover:no-underline focus:no-underline\n        base-card--link\n         base-search-card base-search-card--link job-search-card\" data-entity-urn=\"urn:li:jobPosting:4263800493\" data-impression-id=\"jobs-search-desktop-42\" data-reference-id=\"mE4+Ire2BhpuSmPMxPt84A==\" data-tracking-id=\"TvFwBKL5lS7EewWdFVS+Tg==\" data-column=\"1\" data-row=\"43\"><\/p>\n<p>        <a class=\"base-card__full-link absolute top-0 right-0 bottom-0 left-0 p-0 z-[2] outline-offset-[4px]\" href=\"https:\/\/br.linkedin.com\/jobs\/view\/assistente-de-administra%C3%A7%C3%A3o-de-pessoal-ribeir%C3%A3o-preto-sp-at-tracan-m%C3%A1quinas-e-sistemas-4263800493?position=43&amp;pageNum=0&amp;refId=mE4%2BIre2BhpuSmPMxPt84A%3D%3D&amp;trackingId=TvFwBKL5lS7EewWdFVS%2BTg%3D%3D\" data-tracking-control-name=\"public_jobs_jserp-result_search-card\" data-tracking-client-ingraph data-tracking-will-navigate><\/p>\n<p>          <span class=\"sr-only\"><\/p>\n<p>        Assistente de Administra\u00e7\u00e3o de Pessoal &#8211; Ribeir\u00e3o Preto\/SP<\/p>\n<p>          <\/span><br \/>\n        <\/a><\/p>\n<div class=\"search-entity-media\">\n<p>      <img class=\"artdeco-entity-image artdeco-entity-image--square-4\n          \" data-delayed-url=\"https:\/\/media.licdn.com\/dms\/image\/v2\/C560BAQFEHENez7AbJw\/company-logo_100_100\/company-logo_100_100\/0\/1630645968272\/tracan_maquinas_logo?e=2147483647&amp;v=beta&amp;t=OfACSvxilZD6TyEgtjTZSe1szgAf9FhXXv9ZIHFKis0\" data-ghost-classes=\"artdeco-entity-image--ghost\" data-ghost-url=\"https:\/\/static.licdn.com\/aero-v1\/sc\/h\/6puxblwmhnodu6fjircz4dn4h\" alt><\/p><\/div>\n<div class=\"base-search-card__info\">\n<h3 class=\"base-search-card__title\">\n<p>        Assistente de Administra\u00e7\u00e3o de Pessoal &#8211; Ribeir\u00e3o Preto\/SP<\/p>\n<\/h3>\n<h4 class=\"base-search-card__subtitle\">\n<p>          <a class=\"hidden-nested-link\" data-tracking-client-ingraph data-tracking-control-name=\"public_jobs_jserp-result_job-search-card-subtitle\" data-tracking-will-navigate href=\"https:\/\/br.linkedin.com\/company\/tracan-maquinas?trk=public_jobs_jserp-result_job-search-card-subtitle\"><br \/>\n            Tracan M\u00e1quinas e Sistemas<br \/>\n          <\/a><\/p>\n<\/h4>\n<p><!----><\/p>\n<div class=\"base-search-card__metadata\">\n<p>          <span class=\"job-search-card__location\"><br \/>\n            Ribeir\u00e3o Preto, S\u00e3o Paulo, Brazil<br \/>\n          <\/span><\/p>\n<div class=\"job-posting-benefits text-sm\">\n        <icon class=\"job-posting-benefits__icon\" data-delayed-url=\"https:\/\/static.licdn.com\/aero-v1\/sc\/h\/3p1v0uhy7uq0cm5zdvzp4eo18\" data-svg-class-name=\"job-posting-benefits__icon-svg\"><\/icon><br \/>\n        <span class=\"job-posting-benefits__text\"><br \/>\n          Actively Hiring<br \/>\n<!---->        <\/span>\n      <\/div>\n<p>          <time class=\"job-search-card__listdate\" datetime=\"2025-07-12\"><\/p>\n<p>      3 days ago<\/p>\n<p>          <\/time><\/p>\n<p><!---->\n            <\/div>\n<\/p><\/div>\n<p><!---->      <\/p><\/div>\n<\/li>\n<li>\n<div class=\"base-card relative w-full hover:no-underline focus:no-underline\n        base-card--link\n         base-search-card base-search-card--link job-search-card\" data-entity-urn=\"urn:li:jobPosting:4053643135\" data-impression-id=\"jobs-search-desktop-43\" data-reference-id=\"mE4+Ire2BhpuSmPMxPt84A==\" data-tracking-id=\"XTpflSEsH5C\/NjMkh3P5SQ==\" data-column=\"1\" data-row=\"44\"><\/p>\n<p>        <a class=\"base-card__full-link absolute top-0 right-0 bottom-0 left-0 p-0 z-[2] outline-offset-[4px]\" href=\"https:\/\/br.linkedin.com\/jobs\/view\/auxiliar-administrativo-at-concept-desenvolvimento-empresarial-4053643135?position=44&amp;pageNum=0&amp;refId=mE4%2BIre2BhpuSmPMxPt84A%3D%3D&amp;trackingId=XTpflSEsH5C%2FNjMkh3P5SQ%3D%3D\" data-tracking-control-name=\"public_jobs_jserp-result_search-card\" data-tracking-client-ingraph data-tracking-will-navigate><\/p>\n<p>          <span class=\"sr-only\"><\/p>\n<p>        Auxiliar Administrativo<\/p>\n<p>          <\/span><br \/>\n        <\/a><\/p>\n<div class=\"search-entity-media\">\n<p>      <img class=\"artdeco-entity-image artdeco-entity-image--square-4\n          \" data-delayed-url=\"https:\/\/media.licdn.com\/dms\/image\/v2\/C4D0BAQEo1fm7925F1A\/company-logo_100_100\/company-logo_100_100\/0\/1658865817625\/conceptdesenvolvimento_logo?e=2147483647&amp;v=beta&amp;t=UvHvRClAi2u3-ltE1ls_eAwR2wmWQVvaKfIT18ib2Ms\" data-ghost-classes=\"artdeco-entity-image--ghost\" data-ghost-url=\"https:\/\/static.licdn.com\/aero-v1\/sc\/h\/6puxblwmhnodu6fjircz4dn4h\" alt><\/p><\/div>\n<div class=\"base-search-card__info\">\n<h3 class=\"base-search-card__title\">\n<p>        Auxiliar Administrativo<\/p>\n<\/h3>\n<h4 class=\"base-search-card__subtitle\">\n<p>          <a class=\"hidden-nested-link\" data-tracking-client-ingraph data-tracking-control-name=\"public_jobs_jserp-result_job-search-card-subtitle\" data-tracking-will-navigate href=\"https:\/\/br.linkedin.com\/company\/conceptdesenvolvimento?trk=public_jobs_jserp-result_job-search-card-subtitle\"><br \/>\n            Concept Desenvolvimento Empresarial<br \/>\n          <\/a><\/p>\n<\/h4>\n<p><!----><\/p>\n<div class=\"base-search-card__metadata\">\n<p>          <span class=\"job-search-card__location\"><br \/>\n            Ribeir\u00e3o Preto, S\u00e3o Paulo, Brazil<br \/>\n          <\/span><\/p>\n<p><!---->  <\/p>\n<p>          <time class=\"job-search-card__listdate\" datetime=\"2024-10-18\"><\/p>\n<p>      9 months ago<\/p>\n<p>          <\/time><\/p>\n<p><!---->\n            <\/div>\n<\/p><\/div>\n<p><!---->      <\/p><\/div>\n<\/li>\n<li>\n<div class=\"base-card relative w-full hover:no-underline focus:no-underline\n        base-card--link\n         base-search-card base-search-card--link job-search-card\" data-entity-urn=\"urn:li:jobPosting:4263588864\" data-impression-id=\"jobs-search-desktop-44\" data-reference-id=\"mE4+Ire2BhpuSmPMxPt84A==\" data-tracking-id=\"lbZStSs\/1+AZL1VAMiSeUQ==\" data-column=\"1\" data-row=\"45\"><\/p>\n<p>        <a class=\"base-card__full-link absolute top-0 right-0 bottom-0 left-0 p-0 z-[2] outline-offset-[4px]\" href=\"https:\/\/br.linkedin.com\/jobs\/view\/auxiliar-administrativo-at-buscarvagas-4263588864?position=45&amp;pageNum=0&amp;refId=mE4%2BIre2BhpuSmPMxPt84A%3D%3D&amp;trackingId=lbZStSs%2F1%2BAZL1VAMiSeUQ%3D%3D\" data-tracking-control-name=\"public_jobs_jserp-result_search-card\" data-tracking-client-ingraph data-tracking-will-navigate><\/p>\n<p>          <span class=\"sr-only\"><\/p>\n<p>        Auxiliar Administrativo<\/p>\n<p>          <\/span><br \/>\n        <\/a><\/p>\n<div class=\"search-entity-media\">\n<p>      <img class=\"artdeco-entity-image artdeco-entity-image--square-4\n          \" data-delayed-url=\"https:\/\/media.licdn.com\/dms\/image\/v2\/D4D0BAQGrQ2TeGFF-sQ\/company-logo_100_100\/B4DZfENU4BGYAQ-\/0\/1751343518257\/consultoria_buscar_vagas_br_logo?e=2147483647&amp;v=beta&amp;t=md5MWa5q0YaLcTu2JfJBkHagXVfEJaemjNCr44LCYaE\" data-ghost-classes=\"artdeco-entity-image--ghost\" data-ghost-url=\"https:\/\/static.licdn.com\/aero-v1\/sc\/h\/6puxblwmhnodu6fjircz4dn4h\" alt><\/p><\/div>\n<div class=\"base-search-card__info\">\n<h3 class=\"base-search-card__title\">\n<p>        Auxiliar Administrativo<\/p>\n<\/h3>\n<h4 class=\"base-search-card__subtitle\">\n<p>          <a class=\"hidden-nested-link\" data-tracking-client-ingraph data-tracking-control-name=\"public_jobs_jserp-result_job-search-card-subtitle\" data-tracking-will-navigate href=\"https:\/\/br.linkedin.com\/company\/consultoria-buscar-vagas-br?trk=public_jobs_jserp-result_job-search-card-subtitle\"><br \/>\n            BuscarVagas<br \/>\n          <\/a><\/p>\n<\/h4>\n<p><!----><\/p>\n<div class=\"base-search-card__metadata\">\n<p>          <span class=\"job-search-card__location\"><br \/>\n            Ribeir\u00e3o Preto, S\u00e3o Paulo, Brazil<br \/>\n          <\/span><\/p>\n<p><!---->  <\/p>\n<p>          <time class=\"job-search-card__listdate\" datetime=\"2025-07-12\"><\/p>\n<p>      3 days ago<\/p>\n<p>          <\/time><\/p>\n<p><!---->\n            <\/div>\n<\/p><\/div>\n<p><!---->      <\/p><\/div>\n<\/li>\n<li>\n<div class=\"base-card relative w-full hover:no-underline focus:no-underline\n        base-card--link\n         base-search-card base-search-card--link job-search-card\" data-entity-urn=\"urn:li:jobPosting:4252677521\" data-impression-id=\"jobs-search-desktop-45\" data-reference-id=\"mE4+Ire2BhpuSmPMxPt84A==\" data-tracking-id=\"uM4+LuN1VIDSUjdB7tYZOQ==\" data-column=\"1\" data-row=\"46\"><\/p>\n<p>        <a class=\"base-card__full-link absolute top-0 right-0 bottom-0 left-0 p-0 z-[2] outline-offset-[4px]\" href=\"https:\/\/br.linkedin.com\/jobs\/view\/aprendiz-at-petrol-lubrificantes-4252677521?position=46&amp;pageNum=0&amp;refId=mE4%2BIre2BhpuSmPMxPt84A%3D%3D&amp;trackingId=uM4%2BLuN1VIDSUjdB7tYZOQ%3D%3D\" data-tracking-control-name=\"public_jobs_jserp-result_search-card\" data-tracking-client-ingraph data-tracking-will-navigate><\/p>\n<p>          <span class=\"sr-only\"><\/p>\n<p>        Aprendiz<\/p>\n<p>          <\/span><br \/>\n        <\/a><\/p>\n<div class=\"search-entity-media\">\n<p>      <img class=\"artdeco-entity-image artdeco-entity-image--square-4\n          \" data-delayed-url=\"https:\/\/media.licdn.com\/dms\/image\/v2\/C4E0BAQEkXftUq2eUHQ\/company-logo_100_100\/company-logo_100_100\/0\/1634587058240\/petrol_lubrificantes_logo?e=2147483647&amp;v=beta&amp;t=uuvdyNUy83-9il4PZbaH1EaDSPETaapGFQ4LTaFWGJg\" data-ghost-classes=\"artdeco-entity-image--ghost\" data-ghost-url=\"https:\/\/static.licdn.com\/aero-v1\/sc\/h\/6puxblwmhnodu6fjircz4dn4h\" alt><\/p><\/div>\n<div class=\"base-search-card__info\">\n<h3 class=\"base-search-card__title\">\n<p>        Aprendiz<\/p>\n<\/h3>\n<h4 class=\"base-search-card__subtitle\">\n<p>          <a class=\"hidden-nested-link\" data-tracking-client-ingraph data-tracking-control-name=\"public_jobs_jserp-result_job-search-card-subtitle\" data-tracking-will-navigate href=\"https:\/\/www.linkedin.com\/company\/petrol-lubrificantes?trk=public_jobs_jserp-result_job-search-card-subtitle\"><br \/>\n            Petrol Lubrificantes<br \/>\n          <\/a><\/p>\n<\/h4>\n<p><!----><\/p>\n<div class=\"base-search-card__metadata\">\n<p>          <span class=\"job-search-card__location\"><br \/>\n            Ribeir\u00e3o Preto, S\u00e3o Paulo, Brazil<br \/>\n          <\/span><\/p>\n<p><!---->  <\/p>\n<p>          <time class=\"job-search-card__listdate\" datetime=\"2025-06-23\"><\/p>\n<p>      3 weeks ago<\/p>\n<p>          <\/time><\/p>\n<p><!---->\n            <\/div>\n<\/p><\/div>\n<p><!---->      <\/p><\/div>\n<\/li>\n<li>\n<div class=\"base-card relative w-full hover:no-underline focus:no-underline\n        base-card--link\n         base-search-card base-search-card--link job-search-card\" data-entity-urn=\"urn:li:jobPosting:4266624826\" data-impression-id=\"jobs-search-desktop-46\" data-reference-id=\"mE4+Ire2BhpuSmPMxPt84A==\" data-tracking-id=\"joS\/qWywH3EhlvkmAeLMYQ==\" data-column=\"1\" data-row=\"47\"><\/p>\n<p>        <a class=\"base-card__full-link absolute top-0 right-0 bottom-0 left-0 p-0 z-[2] outline-offset-[4px]\" href=\"https:\/\/br.linkedin.com\/jobs\/view\/analista-administrativo-at-urbras-urbanizadora-brasileira-4266624826?position=47&amp;pageNum=0&amp;refId=mE4%2BIre2BhpuSmPMxPt84A%3D%3D&amp;trackingId=joS%2FqWywH3EhlvkmAeLMYQ%3D%3D\" data-tracking-control-name=\"public_jobs_jserp-result_search-card\" data-tracking-client-ingraph data-tracking-will-navigate><\/p>\n<p>          <span class=\"sr-only\"><\/p>\n<p>        Analista Administrativo<\/p>\n<p>          <\/span><br \/>\n        <\/a><\/p>\n<div class=\"search-entity-media\">\n<p>      <img class=\"artdeco-entity-image artdeco-entity-image--square-4\n          \" data-delayed-url=\"https:\/\/media.licdn.com\/dms\/image\/v2\/C560BAQFuzj5-F4Qglw\/company-logo_100_100\/company-logo_100_100\/0\/1630668135949\/urbras_urbanizadora_brasileira_logo?e=2147483647&amp;v=beta&amp;t=rENwt6q16VsWFfroxcqqvuToSJZtxrBgj8QNm6VH25g\" data-ghost-classes=\"artdeco-entity-image--ghost\" data-ghost-url=\"https:\/\/static.licdn.com\/aero-v1\/sc\/h\/6puxblwmhnodu6fjircz4dn4h\" alt><\/p><\/div>\n<div class=\"base-search-card__info\">\n<h3 class=\"base-search-card__title\">\n<p>        Analista Administrativo<\/p>\n<\/h3>\n<h4 class=\"base-search-card__subtitle\">\n<p>          <a class=\"hidden-nested-link\" data-tracking-client-ingraph data-tracking-control-name=\"public_jobs_jserp-result_job-search-card-subtitle\" data-tracking-will-navigate href=\"https:\/\/br.linkedin.com\/company\/urbras-urbanizadora-brasileira?trk=public_jobs_jserp-result_job-search-card-subtitle\"><br \/>\n            Urbras Urbanizadora Brasileira<br \/>\n          <\/a><\/p>\n<\/h4>\n<p><!----><\/p>\n<div class=\"base-search-card__metadata\">\n<p>          <span class=\"job-search-card__location\"><br \/>\n            Ribeir\u00e3o Preto, S\u00e3o Paulo, Brazil<br \/>\n          <\/span><\/p>\n<p><!---->  <\/p>\n<p>          <time class=\"job-search-card__listdate--new\" datetime=\"2025-07-15\"><\/p>\n<p>      15 hours ago<\/p>\n<p>          <\/time><\/p>\n<p><!---->\n            <\/div>\n<\/p><\/div>\n<p><!---->      <\/p><\/div>\n<\/li>\n<li>\n<div class=\"base-card relative w-full hover:no-underline focus:no-underline\n        base-card--link\n         base-search-card base-search-card--link job-search-card\" data-entity-urn=\"urn:li:jobPosting:4255454365\" data-impression-id=\"jobs-search-desktop-47\" data-reference-id=\"mE4+Ire2BhpuSmPMxPt84A==\" data-tracking-id=\"qIDH1op8xev8chRpHFmEjQ==\" data-column=\"1\" data-row=\"48\"><\/p>\n<p>        <a class=\"base-card__full-link absolute top-0 right-0 bottom-0 left-0 p-0 z-[2] outline-offset-[4px]\" href=\"https:\/\/br.linkedin.com\/jobs\/view\/assistente-adm-fpt-ribeir%C3%A3o-preto-sp-at-tracan-m%C3%A1quinas-e-sistemas-4255454365?position=48&amp;pageNum=0&amp;refId=mE4%2BIre2BhpuSmPMxPt84A%3D%3D&amp;trackingId=qIDH1op8xev8chRpHFmEjQ%3D%3D\" data-tracking-control-name=\"public_jobs_jserp-result_search-card\" data-tracking-client-ingraph data-tracking-will-navigate><\/p>\n<p>          <span class=\"sr-only\"><\/p>\n<p>        Assistente ADM FPT &#8211; Ribeir\u00e3o Preto\/SP<\/p>\n<p>          <\/span><br \/>\n        <\/a><\/p>\n<div class=\"search-entity-media\">\n<p>      <img class=\"artdeco-entity-image artdeco-entity-image--square-4\n          \" data-delayed-url=\"https:\/\/media.licdn.com\/dms\/image\/v2\/C560BAQFEHENez7AbJw\/company-logo_100_100\/company-logo_100_100\/0\/1630645968272\/tracan_maquinas_logo?e=2147483647&amp;v=beta&amp;t=OfACSvxilZD6TyEgtjTZSe1szgAf9FhXXv9ZIHFKis0\" data-ghost-classes=\"artdeco-entity-image--ghost\" data-ghost-url=\"https:\/\/static.licdn.com\/aero-v1\/sc\/h\/6puxblwmhnodu6fjircz4dn4h\" alt><\/p><\/div>\n<div class=\"base-search-card__info\">\n<h3 class=\"base-search-card__title\">\n<p>        Assistente ADM FPT &#8211; Ribeir\u00e3o Preto\/SP<\/p>\n<\/h3>\n<h4 class=\"base-search-card__subtitle\">\n<p>          <a class=\"hidden-nested-link\" data-tracking-client-ingraph data-tracking-control-name=\"public_jobs_jserp-result_job-search-card-subtitle\" data-tracking-will-navigate href=\"https:\/\/br.linkedin.com\/company\/tracan-maquinas?trk=public_jobs_jserp-result_job-search-card-subtitle\"><br \/>\n            Tracan M\u00e1quinas e Sistemas<br \/>\n          <\/a><\/p>\n<\/h4>\n<p><!----><\/p>\n<div class=\"base-search-card__metadata\">\n<p>          <span class=\"job-search-card__location\"><br \/>\n            Ribeir\u00e3o Preto, S\u00e3o Paulo, Brazil<br \/>\n          <\/span><\/p>\n<div class=\"job-posting-benefits text-sm\">\n        <icon class=\"job-posting-benefits__icon\" data-delayed-url=\"https:\/\/static.licdn.com\/aero-v1\/sc\/h\/3p1v0uhy7uq0cm5zdvzp4eo18\" data-svg-class-name=\"job-posting-benefits__icon-svg\"><\/icon><br \/>\n        <span class=\"job-posting-benefits__text\"><br \/>\n          Actively Hiring<br \/>\n<!---->        <\/span>\n      <\/div>\n<p>          <time class=\"job-search-card__listdate\" datetime=\"2025-06-26\"><\/p>\n<p>      2 weeks ago<\/p>\n<p>          <\/time><\/p>\n<p><!---->\n            <\/div>\n<\/p><\/div>\n<p><!---->      <\/p><\/div>\n<\/li>\n<li>\n<div class=\"base-card relative w-full hover:no-underline focus:no-underline\n        base-card--link\n         base-search-card base-search-card--link job-search-card\" data-entity-urn=\"urn:li:jobPosting:4056281493\" data-impression-id=\"jobs-search-desktop-48\" data-reference-id=\"mE4+Ire2BhpuSmPMxPt84A==\" data-tracking-id=\"qEBclN2KmsIBy88lvgT+aw==\" data-column=\"1\" data-row=\"49\"><\/p>\n<p>        <a class=\"base-card__full-link absolute top-0 right-0 bottom-0 left-0 p-0 z-[2] outline-offset-[4px]\" href=\"https:\/\/br.linkedin.com\/jobs\/view\/auxiliar-administrativo-at-concept-desenvolvimento-empresarial-4056281493?position=49&amp;pageNum=0&amp;refId=mE4%2BIre2BhpuSmPMxPt84A%3D%3D&amp;trackingId=qEBclN2KmsIBy88lvgT%2Baw%3D%3D\" data-tracking-control-name=\"public_jobs_jserp-result_search-card\" data-tracking-client-ingraph data-tracking-will-navigate><\/p>\n<p>          <span class=\"sr-only\"><\/p>\n<p>        Auxiliar Administrativo<\/p>\n<p>          <\/span><br \/>\n        <\/a><\/p>\n<div class=\"search-entity-media\">\n<p>      <img class=\"artdeco-entity-image artdeco-entity-image--square-4\n          \" data-delayed-url=\"https:\/\/media.licdn.com\/dms\/image\/v2\/C4D0BAQEo1fm7925F1A\/company-logo_100_100\/company-logo_100_100\/0\/1658865817625\/conceptdesenvolvimento_logo?e=2147483647&amp;v=beta&amp;t=UvHvRClAi2u3-ltE1ls_eAwR2wmWQVvaKfIT18ib2Ms\" data-ghost-classes=\"artdeco-entity-image--ghost\" data-ghost-url=\"https:\/\/static.licdn.com\/aero-v1\/sc\/h\/6puxblwmhnodu6fjircz4dn4h\" alt><\/p><\/div>\n<div class=\"base-search-card__info\">\n<h3 class=\"base-search-card__title\">\n<p>        Auxiliar Administrativo<\/p>\n<\/h3>\n<h4 class=\"base-search-card__subtitle\">\n<p>          <a class=\"hidden-nested-link\" data-tracking-client-ingraph data-tracking-control-name=\"public_jobs_jserp-result_job-search-card-subtitle\" data-tracking-will-navigate href=\"https:\/\/br.linkedin.com\/company\/conceptdesenvolvimento?trk=public_jobs_jserp-result_job-search-card-subtitle\"><br \/>\n            Concept Desenvolvimento Empresarial<br \/>\n          <\/a><\/p>\n<\/h4>\n<p><!----><\/p>\n<div class=\"base-search-card__metadata\">\n<p>          <span class=\"job-search-card__location\"><br \/>\n            Ribeir\u00e3o Preto, S\u00e3o Paulo, Brazil<br \/>\n          <\/span><\/p>\n<p><!---->  <\/p>\n<p>          <time class=\"job-search-card__listdate\" datetime=\"2024-10-23\"><\/p>\n<p>      8 months ago<\/p>\n<p>          <\/time><\/p>\n<p><!---->\n            <\/div>\n<\/p><\/div>\n<p><!---->      <\/p><\/div>\n<\/li>\n<li>\n<div class=\"base-card relative w-full hover:no-underline focus:no-underline\n        base-card--link\n         base-search-card base-search-card--link job-search-card\" data-entity-urn=\"urn:li:jobPosting:4266819447\" data-impression-id=\"jobs-search-desktop-49\" data-reference-id=\"mE4+Ire2BhpuSmPMxPt84A==\" data-tracking-id=\"JVlmuYeDy4vNUFQPnF656w==\" data-column=\"1\" data-row=\"50\"><\/p>\n<p>        <a class=\"base-card__full-link absolute top-0 right-0 bottom-0 left-0 p-0 z-[2] outline-offset-[4px]\" href=\"https:\/\/br.linkedin.com\/jobs\/view\/t%C3%A9cnico-de-enfermagem-at-concept-desenvolvimento-empresarial-4266819447?position=50&amp;pageNum=0&amp;refId=mE4%2BIre2BhpuSmPMxPt84A%3D%3D&amp;trackingId=JVlmuYeDy4vNUFQPnF656w%3D%3D\" data-tracking-control-name=\"public_jobs_jserp-result_search-card\" data-tracking-client-ingraph data-tracking-will-navigate><\/p>\n<p>          <span class=\"sr-only\"><\/p>\n<p>        T\u00e9cnico de Enfermagem<\/p>\n<p>          <\/span><br \/>\n        <\/a><\/p>\n<div class=\"search-entity-media\">\n<p>      <img class=\"artdeco-entity-image artdeco-entity-image--square-4\n          \" data-delayed-url=\"https:\/\/media.licdn.com\/dms\/image\/v2\/C4D0BAQEo1fm7925F1A\/company-logo_100_100\/company-logo_100_100\/0\/1658865817625\/conceptdesenvolvimento_logo?e=2147483647&amp;v=beta&amp;t=UvHvRClAi2u3-ltE1ls_eAwR2wmWQVvaKfIT18ib2Ms\" data-ghost-classes=\"artdeco-entity-image--ghost\" data-ghost-url=\"https:\/\/static.licdn.com\/aero-v1\/sc\/h\/6puxblwmhnodu6fjircz4dn4h\" alt><\/p><\/div>\n<div class=\"base-search-card__info\">\n<h3 class=\"base-search-card__title\">\n<p>        T\u00e9cnico de Enfermagem<\/p>\n<\/h3>\n<h4 class=\"base-search-card__subtitle\">\n<p>          <a class=\"hidden-nested-link\" data-tracking-client-ingraph data-tracking-control-name=\"public_jobs_jserp-result_job-search-card-subtitle\" data-tracking-will-navigate href=\"https:\/\/br.linkedin.com\/company\/conceptdesenvolvimento?trk=public_jobs_jserp-result_job-search-card-subtitle\"><br \/>\n            Concept Desenvolvimento Empresarial<br \/>\n          <\/a><\/p>\n<\/h4>\n<p><!----><\/p>\n<div class=\"base-search-card__metadata\">\n<p>          <span class=\"job-search-card__location\"><br \/>\n            Ribeir\u00e3o Preto, S\u00e3o Paulo, Brazil<br \/>\n          <\/span><\/p>\n<div class=\"job-posting-benefits text-sm\">\n        <icon class=\"job-posting-benefits__icon\" data-delayed-url=\"https:\/\/static.licdn.com\/aero-v1\/sc\/h\/8zmuwb93gzlb935fk4ao4z779\" data-svg-class-name=\"job-posting-benefits__icon-svg\"><\/icon><br \/>\n        <span class=\"job-posting-benefits__text\"><br \/>\n          Be an early applicant<br \/>\n<!---->        <\/span>\n      <\/div>\n<p>          <time class=\"job-search-card__listdate--new\" datetime=\"2025-07-15\"><\/p>\n<p>      22 hours ago<\/p>\n<p>          <\/time><\/p>\n<p><!---->\n            <\/div>\n<\/p><\/div>\n<p><!---->      <\/p><\/div>\n<\/li>\n<li>\n<div class=\"base-card relative w-full hover:no-underline focus:no-underline\n        base-card--link\n         base-search-card base-search-card--link job-search-card\" data-entity-urn=\"urn:li:jobPosting:4252715967\" data-impression-id=\"jobs-search-desktop-50\" data-reference-id=\"mE4+Ire2BhpuSmPMxPt84A==\" data-tracking-id=\"GcM3eTz9bHKKgrjBIQ2a2w==\" data-column=\"1\" data-row=\"51\"><\/p>\n<p>        <a class=\"base-card__full-link absolute top-0 right-0 bottom-0 left-0 p-0 z-[2] outline-offset-[4px]\" href=\"https:\/\/br.linkedin.com\/jobs\/view\/assistente-administrativo-at-rodonaves-4252715967?position=51&amp;pageNum=0&amp;refId=mE4%2BIre2BhpuSmPMxPt84A%3D%3D&amp;trackingId=GcM3eTz9bHKKgrjBIQ2a2w%3D%3D\" data-tracking-control-name=\"public_jobs_jserp-result_search-card\" data-tracking-client-ingraph data-tracking-will-navigate><\/p>\n<p>          <span class=\"sr-only\"><\/p>\n<p>        ASSISTENTE ADMINISTRATIVO<\/p>\n<p>          <\/span><br \/>\n        <\/a><\/p>\n<div class=\"search-entity-media\">\n<p>      <img class=\"artdeco-entity-image artdeco-entity-image--square-4\n          \" data-delayed-url=\"https:\/\/media.licdn.com\/dms\/image\/v2\/D4D0BAQHK1r4UVw7ZFg\/company-logo_100_100\/B4DZVIGbvqGkAQ-\/0\/1740671401737\/rodonaves_logo?e=2147483647&amp;v=beta&amp;t=l8JmQXvFT_8b4UpRocodCB-_CoAnWuiCduI0VRAXF58\" data-ghost-classes=\"artdeco-entity-image--ghost\" data-ghost-url=\"https:\/\/static.licdn.com\/aero-v1\/sc\/h\/6puxblwmhnodu6fjircz4dn4h\" alt><\/p><\/div>\n<div class=\"base-search-card__info\">\n<h3 class=\"base-search-card__title\">\n<p>        ASSISTENTE ADMINISTRATIVO<\/p>\n<\/h3>\n<h4 class=\"base-search-card__subtitle\">\n<p>          <a class=\"hidden-nested-link\" data-tracking-client-ingraph data-tracking-control-name=\"public_jobs_jserp-result_job-search-card-subtitle\" data-tracking-will-navigate href=\"https:\/\/br.linkedin.com\/company\/rodonaves?trk=public_jobs_jserp-result_job-search-card-subtitle\"><br \/>\n            Rodonaves<br \/>\n          <\/a><\/p>\n<\/h4>\n<p><!----><\/p>\n<div class=\"base-search-card__metadata\">\n<p>          <span class=\"job-search-card__location\"><br \/>\n            Ribeir\u00e3o Preto, S\u00e3o Paulo, Brazil<br \/>\n          <\/span><\/p>\n<p><!---->  <\/p>\n<p>          <time class=\"job-search-card__listdate\" datetime=\"2025-06-18\"><\/p>\n<p>      3 weeks ago<\/p>\n<p>          <\/time><\/p>\n<p><!---->\n            <\/div>\n<\/p><\/div>\n<p><!---->      <\/p><\/div>\n<\/li>\n<li>\n<div class=\"base-card relative w-full hover:no-underline focus:no-underline\n        base-card--link\n         base-search-card base-search-card--link job-search-card\" data-entity-urn=\"urn:li:jobPosting:4262034134\" data-impression-id=\"jobs-search-desktop-51\" data-reference-id=\"mE4+Ire2BhpuSmPMxPt84A==\" data-tracking-id=\"bCbbP9bCQAu1O5t272qeNw==\" data-column=\"1\" data-row=\"52\"><\/p>\n<p>        <a class=\"base-card__full-link absolute top-0 right-0 bottom-0 left-0 p-0 z-[2] outline-offset-[4px]\" href=\"https:\/\/br.linkedin.com\/jobs\/view\/enfermeiro-a-auditor-a-medicina-preventiva-at-unimed-nordeste-paulista-federacao-intrafederativa-das-cooperativas-medicas-4262034134?position=52&amp;pageNum=0&amp;refId=mE4%2BIre2BhpuSmPMxPt84A%3D%3D&amp;trackingId=bCbbP9bCQAu1O5t272qeNw%3D%3D\" data-tracking-control-name=\"public_jobs_jserp-result_search-card\" data-tracking-client-ingraph data-tracking-will-navigate><\/p>\n<p>          <span class=\"sr-only\"><\/p>\n<p>        Enfermeiro (a) Auditor (a) &#8211; Medicina Preventiva<\/p>\n<p>          <\/span><br \/>\n        <\/a><\/p>\n<div class=\"search-entity-media\">\n<p>      <img class=\"artdeco-entity-image artdeco-entity-image--square-4\n          \" data-delayed-url=\"https:\/\/media.licdn.com\/dms\/image\/v2\/C4D0BAQFvYrwu2alIyw\/company-logo_100_100\/company-logo_100_100\/0\/1669925520527\/unimed_nordeste_paulista_logo?e=2147483647&amp;v=beta&amp;t=0orbZ6QOC4LKjZ7MEuHBuNVEhNaMzqf-I8CTIDp7XPo\" data-ghost-classes=\"artdeco-entity-image--ghost\" data-ghost-url=\"https:\/\/static.licdn.com\/aero-v1\/sc\/h\/6puxblwmhnodu6fjircz4dn4h\" alt><\/p><\/div>\n<div class=\"base-search-card__info\">\n<h3 class=\"base-search-card__title\">\n<p>        Enfermeiro (a) Auditor (a) &#8211; Medicina Preventiva<\/p>\n<\/h3>\n<h4 class=\"base-search-card__subtitle\">\n<p>          <a class=\"hidden-nested-link\" data-tracking-client-ingraph data-tracking-control-name=\"public_jobs_jserp-result_job-search-card-subtitle\" data-tracking-will-navigate href=\"https:\/\/www.linkedin.com\/company\/unimed-nordestepaulista?trk=public_jobs_jserp-result_job-search-card-subtitle\"><br \/>\n            Unimed Nordeste Paulista &#8211; Federacao Intrafederativa Das Cooperativas Medicas<br \/>\n          <\/a><\/p>\n<\/h4>\n<p><!----><\/p>\n<div class=\"base-search-card__metadata\">\n<p>          <span class=\"job-search-card__location\"><br \/>\n            Ribeir\u00e3o Preto, S\u00e3o Paulo, Brazil<br \/>\n          <\/span><\/p>\n<p><!---->  <\/p>\n<p>          <time class=\"job-search-card__listdate\" datetime=\"2025-07-04\"><\/p>\n<p>      1 week ago<\/p>\n<p>          <\/time><\/p>\n<p><!---->\n            <\/div>\n<\/p><\/div>\n<p><!---->      <\/p><\/div>\n<\/li>\n<li>\n<div class=\"base-card relative w-full hover:no-underline focus:no-underline\n        base-card--link\n         base-search-card base-search-card--link job-search-card\" data-entity-urn=\"urn:li:jobPosting:4266387482\" data-impression-id=\"jobs-search-desktop-52\" data-reference-id=\"mE4+Ire2BhpuSmPMxPt84A==\" data-tracking-id=\"z7p9K6evFIydkHFbimkfBg==\" data-column=\"1\" data-row=\"53\"><\/p>\n<p>        <a class=\"base-card__full-link absolute top-0 right-0 bottom-0 left-0 p-0 z-[2] outline-offset-[4px]\" href=\"https:\/\/br.linkedin.com\/jobs\/view\/auxiliar-administrativo-at-riberm%C3%ADdia-guarda-e-digitaliza%C3%A7%C3%A3o-de-documentos-4266387482?position=53&amp;pageNum=0&amp;refId=mE4%2BIre2BhpuSmPMxPt84A%3D%3D&amp;trackingId=z7p9K6evFIydkHFbimkfBg%3D%3D\" data-tracking-control-name=\"public_jobs_jserp-result_search-card\" data-tracking-client-ingraph data-tracking-will-navigate><\/p>\n<p>          <span class=\"sr-only\"><\/p>\n<p>        Auxiliar Administrativo<\/p>\n<p>          <\/span><br \/>\n        <\/a><\/p>\n<div class=\"search-entity-media\">\n<p>      <img class=\"artdeco-entity-image artdeco-entity-image--square-4\n          \" data-delayed-url=\"https:\/\/media.licdn.com\/dms\/image\/v2\/C4E0BAQGUX4A24fUuxw\/company-logo_100_100\/company-logo_100_100\/0\/1631308246608?e=2147483647&amp;v=beta&amp;t=48U5cnGBVpknXiuOMcjRwzc1MToBcf1VS8WU6vu7uhc\" data-ghost-classes=\"artdeco-entity-image--ghost\" data-ghost-url=\"https:\/\/static.licdn.com\/aero-v1\/sc\/h\/6puxblwmhnodu6fjircz4dn4h\" alt><\/p><\/div>\n<div class=\"base-search-card__info\">\n<h3 class=\"base-search-card__title\">\n<p>        Auxiliar Administrativo<\/p>\n<\/h3>\n<h4 class=\"base-search-card__subtitle\">\n<p>          <a class=\"hidden-nested-link\" data-tracking-client-ingraph data-tracking-control-name=\"public_jobs_jserp-result_job-search-card-subtitle\" data-tracking-will-navigate href=\"https:\/\/br.linkedin.com\/company\/riberm%C3%ADdia-gest%C3%A3o-da-informa%C3%A7%C3%A3o?trk=public_jobs_jserp-result_job-search-card-subtitle\"><br \/>\n            Riberm\u00eddia &#8211; Guarda e Digitaliza\u00e7\u00e3o de documentos<br \/>\n          <\/a><\/p>\n<\/h4>\n<p><!----><\/p>\n<div class=\"base-search-card__metadata\">\n<p>          <span class=\"job-search-card__location\"><br \/>\n            Ribeir\u00e3o Preto, S\u00e3o Paulo, Brazil<br \/>\n          <\/span><\/p>\n<div class=\"job-posting-benefits text-sm\">\n        <icon class=\"job-posting-benefits__icon\" data-delayed-url=\"https:\/\/static.licdn.com\/aero-v1\/sc\/h\/8zmuwb93gzlb935fk4ao4z779\" data-svg-class-name=\"job-posting-benefits__icon-svg\"><\/icon><br \/>\n        <span class=\"job-posting-benefits__text\"><br \/>\n          Be an early applicant<br \/>\n<!---->        <\/span>\n      <\/div>\n<p>          <time class=\"job-search-card__listdate\" datetime=\"2025-07-06\"><\/p>\n<p>      1 week ago<\/p>\n<p>          <\/time><\/p>\n<p><!---->\n            <\/div>\n<\/p><\/div>\n<p><!---->      <\/p><\/div>\n<\/li>\n<li>\n<div class=\"base-card relative w-full hover:no-underline focus:no-underline\n        base-card--link\n         base-search-card base-search-card--link job-search-card\" data-entity-urn=\"urn:li:jobPosting:4027917845\" data-impression-id=\"jobs-search-desktop-53\" data-reference-id=\"mE4+Ire2BhpuSmPMxPt84A==\" data-tracking-id=\"MHmPM6eP4mHa3t4Ynr+UEg==\" data-column=\"1\" data-row=\"54\"><\/p>\n<p>        <a class=\"base-card__full-link absolute top-0 right-0 bottom-0 left-0 p-0 z-[2] outline-offset-[4px]\" href=\"https:\/\/br.linkedin.com\/jobs\/view\/assistente-administrativo-at-concept-desenvolvimento-empresarial-4027917845?position=54&amp;pageNum=0&amp;refId=mE4%2BIre2BhpuSmPMxPt84A%3D%3D&amp;trackingId=MHmPM6eP4mHa3t4Ynr%2BUEg%3D%3D\" data-tracking-control-name=\"public_jobs_jserp-result_search-card\" data-tracking-client-ingraph data-tracking-will-navigate><\/p>\n<p>          <span class=\"sr-only\"><\/p>\n<p>        Assistente Administrativo<\/p>\n<p>          <\/span><br \/>\n        <\/a><\/p>\n<div class=\"search-entity-media\">\n<p>      <img class=\"artdeco-entity-image artdeco-entity-image--square-4\n          \" data-delayed-url=\"https:\/\/media.licdn.com\/dms\/image\/v2\/C4D0BAQEo1fm7925F1A\/company-logo_100_100\/company-logo_100_100\/0\/1658865817625\/conceptdesenvolvimento_logo?e=2147483647&amp;v=beta&amp;t=UvHvRClAi2u3-ltE1ls_eAwR2wmWQVvaKfIT18ib2Ms\" data-ghost-classes=\"artdeco-entity-image--ghost\" data-ghost-url=\"https:\/\/static.licdn.com\/aero-v1\/sc\/h\/6puxblwmhnodu6fjircz4dn4h\" alt><\/p><\/div>\n<div class=\"base-search-card__info\">\n<h3 class=\"base-search-card__title\">\n<p>        Assistente Administrativo<\/p>\n<\/h3>\n<h4 class=\"base-search-card__subtitle\">\n<p>          <a class=\"hidden-nested-link\" data-tracking-client-ingraph data-tracking-control-name=\"public_jobs_jserp-result_job-search-card-subtitle\" data-tracking-will-navigate href=\"https:\/\/br.linkedin.com\/company\/conceptdesenvolvimento?trk=public_jobs_jserp-result_job-search-card-subtitle\"><br \/>\n            Concept Desenvolvimento Empresarial<br \/>\n          <\/a><\/p>\n<\/h4>\n<p><!----><\/p>\n<div class=\"base-search-card__metadata\">\n<p>          <span class=\"job-search-card__location\"><br \/>\n            Ribeir\u00e3o Preto, S\u00e3o Paulo, Brazil<br \/>\n          <\/span><\/p>\n<p><!---->  <\/p>\n<p>          <time class=\"job-search-card__listdate\" datetime=\"2024-09-16\"><\/p>\n<p>      10 months ago<\/p>\n<p>          <\/time><\/p>\n<p><!---->\n            <\/div>\n<\/p><\/div>\n<p><!---->      <\/p><\/div>\n<\/li>\n<li>\n<div class=\"base-card relative w-full hover:no-underline focus:no-underline\n        base-card--link\n         base-search-card base-search-card--link job-search-card\" data-entity-urn=\"urn:li:jobPosting:4266853601\" data-impression-id=\"jobs-search-desktop-54\" data-reference-id=\"mE4+Ire2BhpuSmPMxPt84A==\" data-tracking-id=\"9D6uHgU0N90hahxskMG3ZQ==\" data-column=\"1\" data-row=\"55\"><\/p>\n<p>        <a class=\"base-card__full-link absolute top-0 right-0 bottom-0 left-0 p-0 z-[2] outline-offset-[4px]\" href=\"https:\/\/br.linkedin.com\/jobs\/view\/assistente-administrativo-sp-at-concept-desenvolvimento-empresarial-4266853601?position=55&amp;pageNum=0&amp;refId=mE4%2BIre2BhpuSmPMxPt84A%3D%3D&amp;trackingId=9D6uHgU0N90hahxskMG3ZQ%3D%3D\" data-tracking-control-name=\"public_jobs_jserp-result_search-card\" data-tracking-client-ingraph data-tracking-will-navigate><\/p>\n<p>          <span class=\"sr-only\"><\/p>\n<p>        Assistente administrativo &#8211; SP<\/p>\n<p>          <\/span><br \/>\n        <\/a><\/p>\n<div class=\"search-entity-media\">\n<p>      <img class=\"artdeco-entity-image artdeco-entity-image--square-4\n          \" data-delayed-url=\"https:\/\/media.licdn.com\/dms\/image\/v2\/C4D0BAQEo1fm7925F1A\/company-logo_100_100\/company-logo_100_100\/0\/1658865817625\/conceptdesenvolvimento_logo?e=2147483647&amp;v=beta&amp;t=UvHvRClAi2u3-ltE1ls_eAwR2wmWQVvaKfIT18ib2Ms\" data-ghost-classes=\"artdeco-entity-image--ghost\" data-ghost-url=\"https:\/\/static.licdn.com\/aero-v1\/sc\/h\/6puxblwmhnodu6fjircz4dn4h\" alt><\/p><\/div>\n<div class=\"base-search-card__info\">\n<h3 class=\"base-search-card__title\">\n<p>        Assistente administrativo &#8211; SP<\/p>\n<\/h3>\n<h4 class=\"base-search-card__subtitle\">\n<p>          <a class=\"hidden-nested-link\" data-tracking-client-ingraph data-tracking-control-name=\"public_jobs_jserp-result_job-search-card-subtitle\" data-tracking-will-navigate href=\"https:\/\/br.linkedin.com\/company\/conceptdesenvolvimento?trk=public_jobs_jserp-result_job-search-card-subtitle\"><br \/>\n            Concept Desenvolvimento Empresarial<br \/>\n          <\/a><\/p>\n<\/h4>\n<p><!----><\/p>\n<div class=\"base-search-card__metadata\">\n<p>          <span class=\"job-search-card__location\"><br \/>\n            Greater Ribeir\u00e3o Preto<br \/>\n          <\/span><\/p>\n<div class=\"job-posting-benefits text-sm\">\n        <icon class=\"job-posting-benefits__icon\" data-delayed-url=\"https:\/\/static.licdn.com\/aero-v1\/sc\/h\/8zmuwb93gzlb935fk4ao4z779\" data-svg-class-name=\"job-posting-benefits__icon-svg\"><\/icon><br \/>\n        <span class=\"job-posting-benefits__text\"><br \/>\n          Be an early applicant<br \/>\n<!---->        <\/span>\n      <\/div>\n<p>          <time class=\"job-search-card__listdate--new\" datetime=\"2025-07-15\"><\/p>\n<p>      20 hours ago<\/p>\n<p>          <\/time><\/p>\n<p><!---->\n            <\/div>\n<\/p><\/div>\n<p><!---->      <\/p><\/div>\n<\/li>\n<li>\n<div class=\"base-card relative w-full hover:no-underline focus:no-underline\n        base-card--link\n         base-search-card base-search-card--link job-search-card\" data-entity-urn=\"urn:li:jobPosting:4029493414\" data-impression-id=\"jobs-search-desktop-55\" data-reference-id=\"mE4+Ire2BhpuSmPMxPt84A==\" data-tracking-id=\"e5QcNYEyl5JS5I3JPx+KYw==\" data-column=\"1\" data-row=\"56\"><\/p>\n<p>        <a class=\"base-card__full-link absolute top-0 right-0 bottom-0 left-0 p-0 z-[2] outline-offset-[4px]\" href=\"https:\/\/br.linkedin.com\/jobs\/view\/assistente-administrativo-at-concept-desenvolvimento-empresarial-4029493414?position=56&amp;pageNum=0&amp;refId=mE4%2BIre2BhpuSmPMxPt84A%3D%3D&amp;trackingId=e5QcNYEyl5JS5I3JPx%2BKYw%3D%3D\" data-tracking-control-name=\"public_jobs_jserp-result_search-card\" data-tracking-client-ingraph data-tracking-will-navigate><\/p>\n<p>          <span class=\"sr-only\"><\/p>\n<p>        Assistente Administrativo<\/p>\n<p>          <\/span><br \/>\n        <\/a><\/p>\n<div class=\"search-entity-media\">\n<p>      <img class=\"artdeco-entity-image artdeco-entity-image--square-4\n          \" data-delayed-url=\"https:\/\/media.licdn.com\/dms\/image\/v2\/C4D0BAQEo1fm7925F1A\/company-logo_100_100\/company-logo_100_100\/0\/1658865817625\/conceptdesenvolvimento_logo?e=2147483647&amp;v=beta&amp;t=UvHvRClAi2u3-ltE1ls_eAwR2wmWQVvaKfIT18ib2Ms\" data-ghost-classes=\"artdeco-entity-image--ghost\" data-ghost-url=\"https:\/\/static.licdn.com\/aero-v1\/sc\/h\/6puxblwmhnodu6fjircz4dn4h\" alt><\/p><\/div>\n<div class=\"base-search-card__info\">\n<h3 class=\"base-search-card__title\">\n<p>        Assistente Administrativo<\/p>\n<\/h3>\n<h4 class=\"base-search-card__subtitle\">\n<p>          <a class=\"hidden-nested-link\" data-tracking-client-ingraph data-tracking-control-name=\"public_jobs_jserp-result_job-search-card-subtitle\" data-tracking-will-navigate href=\"https:\/\/br.linkedin.com\/company\/conceptdesenvolvimento?trk=public_jobs_jserp-result_job-search-card-subtitle\"><br \/>\n            Concept Desenvolvimento Empresarial<br \/>\n          <\/a><\/p>\n<\/h4>\n<p><!----><\/p>\n<div class=\"base-search-card__metadata\">\n<p>          <span class=\"job-search-card__location\"><br \/>\n            Ribeir\u00e3o Preto, S\u00e3o Paulo, Brazil<br \/>\n          <\/span><\/p>\n<p><!---->  <\/p>\n<p>          <time class=\"job-search-card__listdate\" datetime=\"2024-09-18\"><\/p>\n<p>      10 months ago<\/p>\n<p>          <\/time><\/p>\n<p><!---->\n            <\/div>\n<\/p><\/div>\n<p><!---->      <\/p><\/div>\n<\/li>\n<li>\n<div class=\"base-card relative w-full hover:no-underline focus:no-underline\n        base-card--link\n         base-search-card base-search-card--link job-search-card\" data-entity-urn=\"urn:li:jobPosting:4258860460\" data-impression-id=\"jobs-search-desktop-56\" data-reference-id=\"mE4+Ire2BhpuSmPMxPt84A==\" data-tracking-id=\"G8TmyPxYXUMbdVpX19MZtw==\" data-column=\"1\" data-row=\"57\"><\/p>\n<p>        <a class=\"base-card__full-link absolute top-0 right-0 bottom-0 left-0 p-0 z-[2] outline-offset-[4px]\" href=\"https:\/\/br.linkedin.com\/jobs\/view\/est%C3%A1gio-administrativo-recep%C3%A7%C3%A3o-ribeir%C3%A3o-preto-sp-at-villela-brasil-bank-4258860460?position=57&amp;pageNum=0&amp;refId=mE4%2BIre2BhpuSmPMxPt84A%3D%3D&amp;trackingId=G8TmyPxYXUMbdVpX19MZtw%3D%3D\" data-tracking-control-name=\"public_jobs_jserp-result_search-card\" data-tracking-client-ingraph data-tracking-will-navigate><\/p>\n<p>          <span class=\"sr-only\"><\/p>\n<p>        Est\u00e1gio Administrativo (Recep\u00e7\u00e3o) &#8211; Ribeir\u00e3o Preto\/SP<\/p>\n<p>          <\/span><br \/>\n        <\/a><\/p>\n<div class=\"search-entity-media\">\n<p>      <img class=\"artdeco-entity-image artdeco-entity-image--square-4\n          \" data-delayed-url=\"https:\/\/media.licdn.com\/dms\/image\/v2\/D4D0BAQG3bYx3f-v1jg\/company-logo_100_100\/company-logo_100_100\/0\/1735222218821\/grupovillela_logo?e=2147483647&amp;v=beta&amp;t=RsAkONAYZF_Ig3yCDKrUhxMLffWgpOQ-wJvb64EkUCc\" data-ghost-classes=\"artdeco-entity-image--ghost\" data-ghost-url=\"https:\/\/static.licdn.com\/aero-v1\/sc\/h\/6puxblwmhnodu6fjircz4dn4h\" alt><\/p><\/div>\n<div class=\"base-search-card__info\">\n<h3 class=\"base-search-card__title\">\n<p>        Est\u00e1gio Administrativo (Recep\u00e7\u00e3o) &#8211; Ribeir\u00e3o Preto\/SP<\/p>\n<\/h3>\n<h4 class=\"base-search-card__subtitle\">\n<p>          <a class=\"hidden-nested-link\" data-tracking-client-ingraph data-tracking-control-name=\"public_jobs_jserp-result_job-search-card-subtitle\" data-tracking-will-navigate href=\"https:\/\/www.linkedin.com\/company\/grupovillela?trk=public_jobs_jserp-result_job-search-card-subtitle\"><br \/>\n            Villela Brasil Bank<br \/>\n          <\/a><\/p>\n<\/h4>\n<p><!----><\/p>\n<div class=\"base-search-card__metadata\">\n<p>          <span class=\"job-search-card__location\"><br \/>\n            Ribeir\u00e3o Preto, S\u00e3o Paulo, Brazil<br \/>\n          <\/span><\/p>\n<div class=\"job-posting-benefits text-sm\">\n        <icon class=\"job-posting-benefits__icon\" data-delayed-url=\"https:\/\/static.licdn.com\/aero-v1\/sc\/h\/8zmuwb93gzlb935fk4ao4z779\" data-svg-class-name=\"job-posting-benefits__icon-svg\"><\/icon><br \/>\n        <span class=\"job-posting-benefits__text\"><br \/>\n          Be an early applicant<br \/>\n<!---->        <\/span>\n      <\/div>\n<p>          <time class=\"job-search-card__listdate\" datetime=\"2025-07-04\"><\/p>\n<p>      1 week ago<\/p>\n<p>          <\/time><\/p>\n<p><!---->\n            <\/div>\n<\/p><\/div>\n<p><!---->      <\/p><\/div>\n<\/li>\n<li>\n<div class=\"base-card relative w-full hover:no-underline focus:no-underline\n        base-card--link\n         base-search-card base-search-card--link job-search-card\" data-entity-urn=\"urn:li:jobPosting:4118378668\" data-impression-id=\"jobs-search-desktop-57\" data-reference-id=\"mE4+Ire2BhpuSmPMxPt84A==\" data-tracking-id=\"IdVO8EyobeLgE2HSJ9TtVQ==\" data-column=\"1\" data-row=\"58\"><\/p>\n<p>        <a class=\"base-card__full-link absolute top-0 right-0 bottom-0 left-0 p-0 z-[2] outline-offset-[4px]\" href=\"https:\/\/br.linkedin.com\/jobs\/view\/assistente-administrativo-at-concept-desenvolvimento-empresarial-4118378668?position=58&amp;pageNum=0&amp;refId=mE4%2BIre2BhpuSmPMxPt84A%3D%3D&amp;trackingId=IdVO8EyobeLgE2HSJ9TtVQ%3D%3D\" data-tracking-control-name=\"public_jobs_jserp-result_search-card\" data-tracking-client-ingraph data-tracking-will-navigate><\/p>\n<p>          <span class=\"sr-only\"><\/p>\n<p>        Assistente Administrativo<\/p>\n<p>          <\/span><br \/>\n        <\/a><\/p>\n<div class=\"search-entity-media\">\n<p>      <img class=\"artdeco-entity-image artdeco-entity-image--square-4\n          \" data-delayed-url=\"https:\/\/media.licdn.com\/dms\/image\/v2\/C4D0BAQEo1fm7925F1A\/company-logo_100_100\/company-logo_100_100\/0\/1658865817625\/conceptdesenvolvimento_logo?e=2147483647&amp;v=beta&amp;t=UvHvRClAi2u3-ltE1ls_eAwR2wmWQVvaKfIT18ib2Ms\" data-ghost-classes=\"artdeco-entity-image--ghost\" data-ghost-url=\"https:\/\/static.licdn.com\/aero-v1\/sc\/h\/6puxblwmhnodu6fjircz4dn4h\" alt><\/p><\/div>\n<div class=\"base-search-card__info\">\n<h3 class=\"base-search-card__title\">\n<p>        Assistente Administrativo<\/p>\n<\/h3>\n<h4 class=\"base-search-card__subtitle\">\n<p>          <a class=\"hidden-nested-link\" data-tracking-client-ingraph data-tracking-control-name=\"public_jobs_jserp-result_job-search-card-subtitle\" data-tracking-will-navigate href=\"https:\/\/br.linkedin.com\/company\/conceptdesenvolvimento?trk=public_jobs_jserp-result_job-search-card-subtitle\"><br \/>\n            Concept Desenvolvimento Empresarial<br \/>\n          <\/a><\/p>\n<\/h4>\n<p><!----><\/p>\n<div class=\"base-search-card__metadata\">\n<p>          <span class=\"job-search-card__location\"><br \/>\n            Ribeir\u00e3o Preto, S\u00e3o Paulo, Brazil<br \/>\n          <\/span><\/p>\n<p><!---->  <\/p>\n<p>          <time class=\"job-search-card__listdate\" datetime=\"2025-01-07\"><\/p>\n<p>      6 months ago<\/p>\n<p>          <\/time><\/p>\n<p><!---->\n            <\/div>\n<\/p><\/div>\n<p><!---->      <\/p><\/div>\n<\/li>\n<li>\n<div class=\"base-card relative w-full hover:no-underline focus:no-underline\n        base-card--link\n         base-search-card base-search-card--link job-search-card\" data-entity-urn=\"urn:li:jobPosting:4087500286\" data-impression-id=\"jobs-search-desktop-58\" data-reference-id=\"mE4+Ire2BhpuSmPMxPt84A==\" data-tracking-id=\"VQkcWcxJh2JVn6jYD9uIBw==\" data-column=\"1\" data-row=\"59\"><\/p>\n<p>        <a class=\"base-card__full-link absolute top-0 right-0 bottom-0 left-0 p-0 z-[2] outline-offset-[4px]\" href=\"https:\/\/br.linkedin.com\/jobs\/view\/auxiliar-comercial-at-concept-desenvolvimento-empresarial-4087500286?position=59&amp;pageNum=0&amp;refId=mE4%2BIre2BhpuSmPMxPt84A%3D%3D&amp;trackingId=VQkcWcxJh2JVn6jYD9uIBw%3D%3D\" data-tracking-control-name=\"public_jobs_jserp-result_search-card\" data-tracking-client-ingraph data-tracking-will-navigate><\/p>\n<p>          <span class=\"sr-only\"><\/p>\n<p>        Auxiliar Comercial<\/p>\n<p>          <\/span><br \/>\n        <\/a><\/p>\n<div class=\"search-entity-media\">\n<p>      <img class=\"artdeco-entity-image artdeco-entity-image--square-4\n          \" data-delayed-url=\"https:\/\/media.licdn.com\/dms\/image\/v2\/C4D0BAQEo1fm7925F1A\/company-logo_100_100\/company-logo_100_100\/0\/1658865817625\/conceptdesenvolvimento_logo?e=2147483647&amp;v=beta&amp;t=UvHvRClAi2u3-ltE1ls_eAwR2wmWQVvaKfIT18ib2Ms\" data-ghost-classes=\"artdeco-entity-image--ghost\" data-ghost-url=\"https:\/\/static.licdn.com\/aero-v1\/sc\/h\/6puxblwmhnodu6fjircz4dn4h\" alt><\/p><\/div>\n<div class=\"base-search-card__info\">\n<h3 class=\"base-search-card__title\">\n<p>        Auxiliar Comercial<\/p>\n<\/h3>\n<h4 class=\"base-search-card__subtitle\">\n<p>          <a class=\"hidden-nested-link\" data-tracking-client-ingraph data-tracking-control-name=\"public_jobs_jserp-result_job-search-card-subtitle\" data-tracking-will-navigate href=\"https:\/\/br.linkedin.com\/company\/conceptdesenvolvimento?trk=public_jobs_jserp-result_job-search-card-subtitle\"><br \/>\n            Concept Desenvolvimento Empresarial<br \/>\n          <\/a><\/p>\n<\/h4>\n<p><!----><\/p>\n<div class=\"base-search-card__metadata\">\n<p>          <span class=\"job-search-card__location\"><br \/>\n            Ribeir\u00e3o Preto, S\u00e3o Paulo, Brazil<br \/>\n          <\/span><\/p>\n<p><!---->  <\/p>\n<p>          <time class=\"job-search-card__listdate\" datetime=\"2024-11-28\"><\/p>\n<p>      7 months ago<\/p>\n<p>          <\/time><\/p>\n<p><!---->\n            <\/div>\n<\/p><\/div>\n<p><!---->      <\/p><\/div>\n<\/li>\n<li>\n<div class=\"base-card relative w-full hover:no-underline focus:no-underline\n        base-card--link\n         base-search-card base-search-card--link job-search-card\" data-entity-urn=\"urn:li:jobPosting:4183615733\" data-impression-id=\"jobs-search-desktop-59\" data-reference-id=\"mE4+Ire2BhpuSmPMxPt84A==\" data-tracking-id=\"vX9ov+hJ1AbbpFx57qBQhg==\" data-column=\"1\" data-row=\"60\"><\/p>\n<p>        <a class=\"base-card__full-link absolute top-0 right-0 bottom-0 left-0 p-0 z-[2] outline-offset-[4px]\" href=\"https:\/\/br.linkedin.com\/jobs\/view\/assistente-administrativo-at-concept-desenvolvimento-empresarial-4183615733?position=60&amp;pageNum=0&amp;refId=mE4%2BIre2BhpuSmPMxPt84A%3D%3D&amp;trackingId=vX9ov%2BhJ1AbbpFx57qBQhg%3D%3D\" data-tracking-control-name=\"public_jobs_jserp-result_search-card\" data-tracking-client-ingraph data-tracking-will-navigate><\/p>\n<p>          <span class=\"sr-only\"><\/p>\n<p>        Assistente Administrativo<\/p>\n<p>          <\/span><br \/>\n        <\/a><\/p>\n<div class=\"search-entity-media\">\n<p>      <img class=\"artdeco-entity-image artdeco-entity-image--square-4\n          \" data-delayed-url=\"https:\/\/media.licdn.com\/dms\/image\/v2\/C4D0BAQEo1fm7925F1A\/company-logo_100_100\/company-logo_100_100\/0\/1658865817625\/conceptdesenvolvimento_logo?e=2147483647&amp;v=beta&amp;t=UvHvRClAi2u3-ltE1ls_eAwR2wmWQVvaKfIT18ib2Ms\" data-ghost-classes=\"artdeco-entity-image--ghost\" data-ghost-url=\"https:\/\/static.licdn.com\/aero-v1\/sc\/h\/6puxblwmhnodu6fjircz4dn4h\" alt><\/p><\/div>\n<div class=\"base-search-card__info\">\n<h3 class=\"base-search-card__title\">\n<p>        Assistente Administrativo<\/p>\n<\/h3>\n<h4 class=\"base-search-card__subtitle\">\n<p>          <a class=\"hidden-nested-link\" data-tracking-client-ingraph data-tracking-control-name=\"public_jobs_jserp-result_job-search-card-subtitle\" data-tracking-will-navigate href=\"https:\/\/br.linkedin.com\/company\/conceptdesenvolvimento?trk=public_jobs_jserp-result_job-search-card-subtitle\"><br \/>\n            Concept Desenvolvimento Empresarial<br \/>\n          <\/a><\/p>\n<\/h4>\n<p><!----><\/p>\n<div class=\"base-search-card__metadata\">\n<p>          <span class=\"job-search-card__location\"><br \/>\n            Ribeir\u00e3o Preto, S\u00e3o Paulo, Brazil<br \/>\n          <\/span><\/p>\n<p><!---->  <\/p>\n<p>          <time class=\"job-search-card__listdate\" datetime=\"2025-03-13\"><\/p>\n<p>      4 months ago<\/p>\n<p>          <\/time><\/p>\n<p><!---->\n            <\/div>\n<\/p><\/div>\n<p><!---->      <\/p><\/div>\n<\/li>\n<\/ul>\n<div class=\"loader\">\n<div class=\"loader__container mb-2 overflow-hidden\">\n        <icon class=\"loader__icon inline-block loader__icon--default text-color-progress-loading\" data-delayed-url=\"https:\/\/static.licdn.com\/aero-v1\/sc\/h\/ddi43qwelxeqjxdd45pe3fvs1\" data-svg-class-name=\"loader__icon-svg--small fill-currentColor h-[30px] min-h-[30px] w-[30px] min-w-[30px]\"><\/icon>\n      <\/div>\n<\/p><\/div>\n<p>      <button aria-label=\"See more jobs\" class=\"infinite-scroller__show-more-button\" data-tracking-control-name=\"infinite-scroller_show-more\"><\/p>\n<p>                See more jobs<\/p>\n<p>      <\/button><\/p>\n<div class=\"px-1.5 flex inline-notification hidden text-color-signal-positive see-more-jobs__viewed-all\" role=\"alert\" type=\"success\">\n      <icon class=\"inline-notification__icon w-[20px] h-[20px] shrink-0 mr-[10px] inline-block\" data-delayed-url=\"https:\/\/static.licdn.com\/aero-v1\/sc\/h\/9zhm3eh2dq7vh2muo8xnfikxh\"><\/icon><\/p>\n<p class=\"inline-notification__text text-sm leading-regular\">\n        You&#8217;ve viewed all jobs for this search<br \/>\n<!---->      <\/p>\n<\/p><\/div>\n<section class=\"similar-titles\">\n<h3 class=\"similar-titles__heading\">\n          Search similar titles<br \/>\n        <\/h3>\n<ul class=\"similar-titles__list\">\n<li class=\"similar-titles__title\">\n              <a class=\"similar-titles__link\" data-tracking-control-name=\"public_jobs_similar-title\" data-tracking-will-navigate href=\"https:\/\/www.linkedin.com\/jobs\/professor-of-nursing-jobs?trk=public_jobs_similar-title\"><br \/>\n                Professor of Nursing jobs<br \/>\n              <\/a>\n            <\/li>\n<li class=\"similar-titles__title\">\n              <a class=\"similar-titles__link\" data-tracking-control-name=\"public_jobs_similar-title\" data-tracking-will-navigate href=\"https:\/\/www.linkedin.com\/jobs\/nursing-manager-jobs?trk=public_jobs_similar-title\"><br \/>\n                Nursing Manager jobs<br \/>\n              <\/a>\n            <\/li>\n<li class=\"similar-titles__title\">\n              <a class=\"similar-titles__link\" data-tracking-control-name=\"public_jobs_similar-title\" data-tracking-will-navigate href=\"https:\/\/www.linkedin.com\/jobs\/nurse-practitioner-jobs?trk=public_jobs_similar-title\"><br \/>\n                Nurse Practitioner jobs<br \/>\n              <\/a>\n            <\/li>\n<\/ul>\n<\/section>\n<\/section>\n<p>        <\/main><br \/>\n<a class=\"base-card__full-link absolute top-0 right-0 bottom-0 left-0 p-0 z-[2] outline-offset-[4px]\" href=\"https:\/\/br.linkedin.com\/jobs\/view\/recepcionista-ribeir%C3%A3o-preto-sp-geo-agri-at-santiago-e-cintra-geotecnologias-4263698636?position=2&amp;pageNum=0&amp;refId=mE4%2BIre2BhpuSmPMxPt84A%3D%3D&amp;trackingId=p2JE24CQ%2FwbdXpN91x8w%2BA%3D%3D\" data-tracking-control-name=\"public_jobs_jserp-result_search-card\" data-tracking-client-ingraph data-tracking-will-navigate><\/p>\n<p>          <span class=\"sr-only\"><\/p>\n<p>        Recepcionista &#8211; Ribeir\u00e3o Preto\/SP &#8211; Geo Agri<\/p>\n<p>          <\/span><br \/>\n        <\/a><br \/>\n<a class=\"base-card__full-link absolute top-0 right-0 bottom-0 left-0 p-0 z-[2] outline-offset-[4px]\" href=\"https:\/\/br.linkedin.com\/jobs\/view\/jovem-aprendiz-at-eptv-4254398926?position=11&amp;pageNum=0&amp;refId=mE4%2BIre2BhpuSmPMxPt84A%3D%3D&amp;trackingId=hXmo4gZzyFPW3gDwTHyRag%3D%3D\" data-tracking-control-name=\"public_jobs_jserp-result_search-card\" data-tracking-client-ingraph data-tracking-will-navigate><\/p>\n<p>          <span class=\"sr-only\"><\/p>\n<p>        Jovem Aprendiz<\/p>\n<p>          <\/span><br \/>\n        <\/a><\/p>\n<div class='code-block code-block-4' style='margin: 8px auto 8px 0; text-align: left; display: block; clear: both;'>\n\ud83d\udce2 Aviso Legal\n\nO site ismaelcolosi.com.br atua apenas como um canal de divulga\u00e7\u00e3o de oportunidades de emprego e n\u00e3o se responsabiliza pelo processo seletivo, contrata\u00e7\u00e3o ou qualquer outra etapa relacionada \u00e0s vagas publicadas. Todas as informa\u00e7\u00f5es s\u00e3o de responsabilidade dos anunciantes.\n\n\u26a0\ufe0f Aten\u00e7\u00e3o! Nunca pague por promessas de emprego nem compre cursos que garantam contrata\u00e7\u00e3o. Desconfie de qualquer cobran\u00e7a para participar de sele\u00e7\u00f5es.\n\n\n\n<\/div>\n<!-- CONTENT END 1 -->\n","protected":false},"excerpt":{"rendered":"<p>Recepcionista Recepcionista &#8211; Ribeir\u00e3o Preto\/SP &#8211; Geo Agri Recepcionista &#8211; SP Recepcionista Recepcionista Recepcionista &#8211; CB Ribeir\u00e3o Preto Recepcionista Assistente Administrativo Get notified when a&#8230;<\/p>\n","protected":false},"author":1,"featured_media":86648,"comment_status":"","ping_status":"open","sticky":false,"template":"","format":"standard","meta":{"_uag_custom_page_level_css":"","advanced_seo_description":"","jetpack_seo_html_title":"","jetpack_seo_noindex":false,"jetpack_post_was_ever_published":false,"_jetpack_newsletter_access":"","_jetpack_dont_email_post_to_subs":false,"_jetpack_newsletter_tier_id":0,"_jetpack_memberships_contains_paywalled_content":false,"_jetpack_memberships_contains_paid_content":false,"footnotes":"","jetpack_publicize_message":"","jetpack_publicize_feature_enabled":true,"jetpack_social_post_already_shared":true,"jetpack_social_options":{"image_generator_settings":{"template":"highway","default_image_id":0,"font":"","enabled":false},"version":2}},"categories":[7],"tags":[],"class_list":["post-86647","post","type-post","status-publish","format-standard","has-post-thumbnail","hentry","category-vagas-de-empregos-em-ribeirao-preto-regiao-brasil"],"jetpack_publicize_connections":[],"jetpack_featured_media_url":"https:\/\/i0.wp.com\/ismaelcolosi.com.br\/wp-content\/uploads\/2025\/07\/matriz-de-bordado-simbolo-enfermagem-matriz-emb.jpg?fit=1200%2C900&ssl=1","uagb_featured_image_src":{"full":["https:\/\/i0.wp.com\/ismaelcolosi.com.br\/wp-content\/uploads\/2025\/07\/matriz-de-bordado-simbolo-enfermagem-matriz-emb.jpg?fit=1200%2C900&ssl=1",1200,900,false],"thumbnail":["https:\/\/i0.wp.com\/ismaelcolosi.com.br\/wp-content\/uploads\/2025\/07\/matriz-de-bordado-simbolo-enfermagem-matriz-emb.jpg?resize=150%2C150&ssl=1",150,150,true],"medium":["https:\/\/i0.wp.com\/ismaelcolosi.com.br\/wp-content\/uploads\/2025\/07\/matriz-de-bordado-simbolo-enfermagem-matriz-emb.jpg?fit=300%2C225&ssl=1",300,225,true],"medium_large":["https:\/\/i0.wp.com\/ismaelcolosi.com.br\/wp-content\/uploads\/2025\/07\/matriz-de-bordado-simbolo-enfermagem-matriz-emb.jpg?fit=768%2C576&ssl=1",768,576,true],"large":["https:\/\/i0.wp.com\/ismaelcolosi.com.br\/wp-content\/uploads\/2025\/07\/matriz-de-bordado-simbolo-enfermagem-matriz-emb.jpg?fit=1024%2C768&ssl=1",1024,768,true],"1536x1536":["https:\/\/i0.wp.com\/ismaelcolosi.com.br\/wp-content\/uploads\/2025\/07\/matriz-de-bordado-simbolo-enfermagem-matriz-emb.jpg?fit=1200%2C900&ssl=1",1200,900,true],"2048x2048":["https:\/\/i0.wp.com\/ismaelcolosi.com.br\/wp-content\/uploads\/2025\/07\/matriz-de-bordado-simbolo-enfermagem-matriz-emb.jpg?fit=1200%2C900&ssl=1",1200,900,true],"really-simple-thumb":["https:\/\/i0.wp.com\/ismaelcolosi.com.br\/wp-content\/uploads\/2025\/07\/matriz-de-bordado-simbolo-enfermagem-matriz-emb.jpg?resize=370%2C247&ssl=1",370,247,true]},"uagb_author_info":{"display_name":"ismaelcolosi.com.br","author_link":"https:\/\/ismaelcolosi.com.br\/index.php\/author\/vidareal-online\/"},"uagb_comment_info":0,"uagb_excerpt":"Recepcionista Recepcionista &#8211; Ribeir\u00e3o Preto\/SP &#8211; Geo Agri Recepcionista &#8211; SP Recepcionista Recepcionista Recepcionista &#8211; CB Ribeir\u00e3o Preto Recepcionista Assistente Administrativo Get notified when a...","jetpack-related-posts":[{"id":88760,"url":"https:\/\/ismaelcolosi.com.br\/index.php\/2026\/01\/06\/vagas-de-emprego-para-enfermagem-em-ribeirao-preto-sp-29\/","url_meta":{"origin":86647,"position":0},"title":"Vagas de emprego para Enfermagem em Ribeir\u00e3o Preto-SP","author":"ismaelcolosi.com.br","date":"6 de January de 2026","format":false,"excerpt":"RECEPCIONISTA | RIBEIR\u00c3O PRETO - SP Recepcionista Recepcionista - Coco Bambu Ribeir\u00e3o Preto Get notified about new Enfermagem jobs in Ribeir\u00e3o Preto. Sign in to create job alert 127 Enfermagem Jobs in Ribeir\u00e3o Preto RECEPCIONISTA | RIBEIR\u00c3O PRETO - SP RECEPCIONISTA | RIBEIR\u00c3O PRETO - SP Grupo Drumattos Ribeir\u00e3o Preto,\u2026","rel":"","context":"In &quot;Vagas de Emprego em Ribeir\u00e3o Preto-SP&quot;","block_context":{"text":"Vagas de Emprego em Ribeir\u00e3o Preto-SP","link":"https:\/\/ismaelcolosi.com.br\/index.php\/category\/empregos-classificados-vagas-trabalho\/vagas-de-empregos-em-ribeirao-preto-regiao-brasil\/"},"img":{"alt_text":"","src":"https:\/\/i0.wp.com\/ismaelcolosi.com.br\/wp-content\/uploads\/2026\/01\/matriz-de-bordado-simbolo-enfermagem-matriz-emb.jpg?fit=1200%2C900&ssl=1&resize=350%2C200","width":350,"height":200,"srcset":"https:\/\/i0.wp.com\/ismaelcolosi.com.br\/wp-content\/uploads\/2026\/01\/matriz-de-bordado-simbolo-enfermagem-matriz-emb.jpg?fit=1200%2C900&ssl=1&resize=350%2C200 1x, https:\/\/i0.wp.com\/ismaelcolosi.com.br\/wp-content\/uploads\/2026\/01\/matriz-de-bordado-simbolo-enfermagem-matriz-emb.jpg?fit=1200%2C900&ssl=1&resize=525%2C300 1.5x, https:\/\/i0.wp.com\/ismaelcolosi.com.br\/wp-content\/uploads\/2026\/01\/matriz-de-bordado-simbolo-enfermagem-matriz-emb.jpg?fit=1200%2C900&ssl=1&resize=700%2C400 2x, https:\/\/i0.wp.com\/ismaelcolosi.com.br\/wp-content\/uploads\/2026\/01\/matriz-de-bordado-simbolo-enfermagem-matriz-emb.jpg?fit=1200%2C900&ssl=1&resize=1050%2C600 3x"},"classes":[]},{"id":88611,"url":"https:\/\/ismaelcolosi.com.br\/index.php\/2025\/12\/20\/vagas-de-emprego-para-enfermagem-em-ribeirao-preto-sp-28\/","url_meta":{"origin":86647,"position":1},"title":"Vagas de emprego para Enfermagem em Ribeir\u00e3o Preto-SP","author":"ismaelcolosi.com.br","date":"20 de December de 2025","format":false,"excerpt":"Recepcionista Recepcionista Recepcionista Get notified about new Enfermagem jobs in Ribeir\u00e3o Preto. Sign in to create job alert 131 Enfermagem Jobs in Ribeir\u00e3o Preto Recepcionista Recepcionista Attona Ribeir\u00e3o Preto, S\u00e3o Paulo, Brazil 6 months ago Recepcionista Recepcionista Maxxcomp Group - Seguran\u00e7a, Tecnologia e Servi\u00e7os Ribeir\u00e3o Preto, S\u00e3o Paulo, Brazil 2\u2026","rel":"","context":"In &quot;Vagas de Emprego em Ribeir\u00e3o Preto-SP&quot;","block_context":{"text":"Vagas de Emprego em Ribeir\u00e3o Preto-SP","link":"https:\/\/ismaelcolosi.com.br\/index.php\/category\/empregos-classificados-vagas-trabalho\/vagas-de-empregos-em-ribeirao-preto-regiao-brasil\/"},"img":{"alt_text":"","src":"https:\/\/i0.wp.com\/ismaelcolosi.com.br\/wp-content\/uploads\/2025\/12\/1766233350_matriz-de-bordado-simbolo-enfermagem-matriz-emb.jpg?fit=1200%2C900&ssl=1&resize=350%2C200","width":350,"height":200,"srcset":"https:\/\/i0.wp.com\/ismaelcolosi.com.br\/wp-content\/uploads\/2025\/12\/1766233350_matriz-de-bordado-simbolo-enfermagem-matriz-emb.jpg?fit=1200%2C900&ssl=1&resize=350%2C200 1x, https:\/\/i0.wp.com\/ismaelcolosi.com.br\/wp-content\/uploads\/2025\/12\/1766233350_matriz-de-bordado-simbolo-enfermagem-matriz-emb.jpg?fit=1200%2C900&ssl=1&resize=525%2C300 1.5x, https:\/\/i0.wp.com\/ismaelcolosi.com.br\/wp-content\/uploads\/2025\/12\/1766233350_matriz-de-bordado-simbolo-enfermagem-matriz-emb.jpg?fit=1200%2C900&ssl=1&resize=700%2C400 2x, https:\/\/i0.wp.com\/ismaelcolosi.com.br\/wp-content\/uploads\/2025\/12\/1766233350_matriz-de-bordado-simbolo-enfermagem-matriz-emb.jpg?fit=1200%2C900&ssl=1&resize=1050%2C600 3x"},"classes":[]},{"id":86086,"url":"https:\/\/ismaelcolosi.com.br\/index.php\/2025\/06\/11\/vagas-de-emprego-para-enfermagem-em-ribeirao-preto-sp-17\/","url_meta":{"origin":86647,"position":2},"title":"Vagas de emprego para Enfermagem em Ribeir\u00e3o Preto-SP","author":"ismaelcolosi.com.br","date":"11 de June de 2025","format":false,"excerpt":"Analista Administrativo Junior Recepcionista Recepcionista - Agendamento Get notified about new Enfermagem jobs in Ribeir\u00e3o Preto. Sign in to create job alert 119 Enfermagem Jobs in Ribeir\u00e3o Preto Analista Administrativo Junior Analista Administrativo Junior EPTV Ribeir\u00e3o Preto, S\u00e3o Paulo, Brazil 1 day ago Recepcionista Recepcionista Attona Ribeir\u00e3o Preto, S\u00e3o Paulo,\u2026","rel":"","context":"In &quot;Vagas de Emprego em Ribeir\u00e3o Preto-SP&quot;","block_context":{"text":"Vagas de Emprego em Ribeir\u00e3o Preto-SP","link":"https:\/\/ismaelcolosi.com.br\/index.php\/category\/empregos-classificados-vagas-trabalho\/vagas-de-empregos-em-ribeirao-preto-regiao-brasil\/"},"img":{"alt_text":"","src":"https:\/\/i0.wp.com\/ismaelcolosi.com.br\/wp-content\/uploads\/2025\/06\/matriz-de-bordado-simbolo-enfermagem-matriz-emb.jpg?fit=1200%2C900&ssl=1&resize=350%2C200","width":350,"height":200,"srcset":"https:\/\/i0.wp.com\/ismaelcolosi.com.br\/wp-content\/uploads\/2025\/06\/matriz-de-bordado-simbolo-enfermagem-matriz-emb.jpg?fit=1200%2C900&ssl=1&resize=350%2C200 1x, https:\/\/i0.wp.com\/ismaelcolosi.com.br\/wp-content\/uploads\/2025\/06\/matriz-de-bordado-simbolo-enfermagem-matriz-emb.jpg?fit=1200%2C900&ssl=1&resize=525%2C300 1.5x, https:\/\/i0.wp.com\/ismaelcolosi.com.br\/wp-content\/uploads\/2025\/06\/matriz-de-bordado-simbolo-enfermagem-matriz-emb.jpg?fit=1200%2C900&ssl=1&resize=700%2C400 2x, https:\/\/i0.wp.com\/ismaelcolosi.com.br\/wp-content\/uploads\/2025\/06\/matriz-de-bordado-simbolo-enfermagem-matriz-emb.jpg?fit=1200%2C900&ssl=1&resize=1050%2C600 3x"},"classes":[]},{"id":86400,"url":"https:\/\/ismaelcolosi.com.br\/index.php\/2025\/06\/28\/vagas-de-emprego-para-enfermagem-em-ribeirao-preto-sp-18\/","url_meta":{"origin":86647,"position":3},"title":"Vagas de emprego para Enfermagem em Ribeir\u00e3o Preto-SP","author":"ismaelcolosi.com.br","date":"28 de June de 2025","format":false,"excerpt":"Recepcionista Analista Administrativo Junior Recepcionista - CB Ribeir\u00e3o Preto Get notified when a new job is posted. Set alert Sign in to set job alerts for \u201cEnfermagem\u201d roles. Sign in Welcome back Email or phone Password Show Forgot password? Sign in or By clicking Continue to join or sign in,\u2026","rel":"","context":"In &quot;Vagas de Emprego em Ribeir\u00e3o Preto-SP&quot;","block_context":{"text":"Vagas de Emprego em Ribeir\u00e3o Preto-SP","link":"https:\/\/ismaelcolosi.com.br\/index.php\/category\/empregos-classificados-vagas-trabalho\/vagas-de-empregos-em-ribeirao-preto-regiao-brasil\/"},"img":{"alt_text":"","src":"https:\/\/i0.wp.com\/ismaelcolosi.com.br\/wp-content\/uploads\/2025\/06\/1751151517_matriz-de-bordado-simbolo-enfermagem-matriz-emb.jpg?fit=1200%2C900&ssl=1&resize=350%2C200","width":350,"height":200,"srcset":"https:\/\/i0.wp.com\/ismaelcolosi.com.br\/wp-content\/uploads\/2025\/06\/1751151517_matriz-de-bordado-simbolo-enfermagem-matriz-emb.jpg?fit=1200%2C900&ssl=1&resize=350%2C200 1x, https:\/\/i0.wp.com\/ismaelcolosi.com.br\/wp-content\/uploads\/2025\/06\/1751151517_matriz-de-bordado-simbolo-enfermagem-matriz-emb.jpg?fit=1200%2C900&ssl=1&resize=525%2C300 1.5x, https:\/\/i0.wp.com\/ismaelcolosi.com.br\/wp-content\/uploads\/2025\/06\/1751151517_matriz-de-bordado-simbolo-enfermagem-matriz-emb.jpg?fit=1200%2C900&ssl=1&resize=700%2C400 2x, https:\/\/i0.wp.com\/ismaelcolosi.com.br\/wp-content\/uploads\/2025\/06\/1751151517_matriz-de-bordado-simbolo-enfermagem-matriz-emb.jpg?fit=1200%2C900&ssl=1&resize=1050%2C600 3x"},"classes":[]},{"id":88212,"url":"https:\/\/ismaelcolosi.com.br\/index.php\/2025\/11\/11\/vagas-de-emprego-para-enfermagem-em-ribeirao-preto-sp-26\/","url_meta":{"origin":86647,"position":4},"title":"Vagas de emprego para Enfermagem em Ribeir\u00e3o Preto-SP","author":"ismaelcolosi.com.br","date":"11 de November de 2025","format":false,"excerpt":"Recepcionista | Ribeir\u00e3o Preto | (Banco de Talentos) Recepcionista Recepcionista I RECEPCIONISTA | RIBEIR\u00c3O PRETO - SP RECEPCIONISTA | RIBEIR\u00c3O PRETO - SP Recepcionista Auxiliar Enfermagem Recepcionista - Agendamento Get notified when a new job is posted. Set alert Sign in to set job alerts for \u201cEnfermagem\u201d roles. Sign in\u2026","rel":"","context":"In &quot;Vagas de Emprego em Ribeir\u00e3o Preto-SP&quot;","block_context":{"text":"Vagas de Emprego em Ribeir\u00e3o Preto-SP","link":"https:\/\/ismaelcolosi.com.br\/index.php\/category\/empregos-classificados-vagas-trabalho\/vagas-de-empregos-em-ribeirao-preto-regiao-brasil\/"},"img":{"alt_text":"","src":"https:\/\/i0.wp.com\/ismaelcolosi.com.br\/wp-content\/uploads\/2025\/11\/matriz-de-bordado-simbolo-enfermagem-matriz-emb.jpg?fit=1200%2C900&ssl=1&resize=350%2C200","width":350,"height":200,"srcset":"https:\/\/i0.wp.com\/ismaelcolosi.com.br\/wp-content\/uploads\/2025\/11\/matriz-de-bordado-simbolo-enfermagem-matriz-emb.jpg?fit=1200%2C900&ssl=1&resize=350%2C200 1x, https:\/\/i0.wp.com\/ismaelcolosi.com.br\/wp-content\/uploads\/2025\/11\/matriz-de-bordado-simbolo-enfermagem-matriz-emb.jpg?fit=1200%2C900&ssl=1&resize=525%2C300 1.5x, https:\/\/i0.wp.com\/ismaelcolosi.com.br\/wp-content\/uploads\/2025\/11\/matriz-de-bordado-simbolo-enfermagem-matriz-emb.jpg?fit=1200%2C900&ssl=1&resize=700%2C400 2x, https:\/\/i0.wp.com\/ismaelcolosi.com.br\/wp-content\/uploads\/2025\/11\/matriz-de-bordado-simbolo-enfermagem-matriz-emb.jpg?fit=1200%2C900&ssl=1&resize=1050%2C600 3x"},"classes":[]},{"id":87882,"url":"https:\/\/ismaelcolosi.com.br\/index.php\/2025\/10\/08\/vagas-de-emprego-para-enfermagem-em-ribeirao-preto-sp-24\/","url_meta":{"origin":86647,"position":5},"title":"Vagas de emprego para Enfermagem em Ribeir\u00e3o Preto-SP","author":"ismaelcolosi.com.br","date":"8 de October de 2025","format":false,"excerpt":"Recepcionista | Ribeir\u00e3o Preto | (Banco de Talentos) Recepcionista - SP Recepcionista I Recepcionista Recepcionista Auxiliar Enfermagem Auxiliar Administrativo - 2 Turno Recepcionista - SP Get notified about new Enfermagem jobs in Ribeir\u00e3o Preto. Sign in to create job alert 129 Enfermagem Jobs in Ribeir\u00e3o Preto Recepcionista | Ribeir\u00e3o Preto\u2026","rel":"","context":"In &quot;Vagas de Emprego em Ribeir\u00e3o Preto-SP&quot;","block_context":{"text":"Vagas de Emprego em Ribeir\u00e3o Preto-SP","link":"https:\/\/ismaelcolosi.com.br\/index.php\/category\/empregos-classificados-vagas-trabalho\/vagas-de-empregos-em-ribeirao-preto-regiao-brasil\/"},"img":{"alt_text":"","src":"https:\/\/i0.wp.com\/ismaelcolosi.com.br\/wp-content\/uploads\/2025\/10\/matriz-de-bordado-simbolo-enfermagem-matriz-emb.jpg?fit=1200%2C900&ssl=1&resize=350%2C200","width":350,"height":200,"srcset":"https:\/\/i0.wp.com\/ismaelcolosi.com.br\/wp-content\/uploads\/2025\/10\/matriz-de-bordado-simbolo-enfermagem-matriz-emb.jpg?fit=1200%2C900&ssl=1&resize=350%2C200 1x, https:\/\/i0.wp.com\/ismaelcolosi.com.br\/wp-content\/uploads\/2025\/10\/matriz-de-bordado-simbolo-enfermagem-matriz-emb.jpg?fit=1200%2C900&ssl=1&resize=525%2C300 1.5x, https:\/\/i0.wp.com\/ismaelcolosi.com.br\/wp-content\/uploads\/2025\/10\/matriz-de-bordado-simbolo-enfermagem-matriz-emb.jpg?fit=1200%2C900&ssl=1&resize=700%2C400 2x, https:\/\/i0.wp.com\/ismaelcolosi.com.br\/wp-content\/uploads\/2025\/10\/matriz-de-bordado-simbolo-enfermagem-matriz-emb.jpg?fit=1200%2C900&ssl=1&resize=1050%2C600 3x"},"classes":[]}],"jetpack_sharing_enabled":true,"jetpack_shortlink":"https:\/\/wp.me\/pfMlyK-mxx","_links":{"self":[{"href":"https:\/\/ismaelcolosi.com.br\/index.php\/wp-json\/wp\/v2\/posts\/86647","targetHints":{"allow":["GET"]}}],"collection":[{"href":"https:\/\/ismaelcolosi.com.br\/index.php\/wp-json\/wp\/v2\/posts"}],"about":[{"href":"https:\/\/ismaelcolosi.com.br\/index.php\/wp-json\/wp\/v2\/types\/post"}],"author":[{"embeddable":true,"href":"https:\/\/ismaelcolosi.com.br\/index.php\/wp-json\/wp\/v2\/users\/1"}],"replies":[{"embeddable":true,"href":"https:\/\/ismaelcolosi.com.br\/index.php\/wp-json\/wp\/v2\/comments?post=86647"}],"version-history":[{"count":0,"href":"https:\/\/ismaelcolosi.com.br\/index.php\/wp-json\/wp\/v2\/posts\/86647\/revisions"}],"wp:featuredmedia":[{"embeddable":true,"href":"https:\/\/ismaelcolosi.com.br\/index.php\/wp-json\/wp\/v2\/media\/86648"}],"wp:attachment":[{"href":"https:\/\/ismaelcolosi.com.br\/index.php\/wp-json\/wp\/v2\/media?parent=86647"}],"wp:term":[{"taxonomy":"category","embeddable":true,"href":"https:\/\/ismaelcolosi.com.br\/index.php\/wp-json\/wp\/v2\/categories?post=86647"},{"taxonomy":"post_tag","embeddable":true,"href":"https:\/\/ismaelcolosi.com.br\/index.php\/wp-json\/wp\/v2\/tags?post=86647"}],"curies":[{"name":"wp","href":"https:\/\/api.w.org\/{rel}","templated":true}]}}