{"id":86640,"date":"2025-07-15T05:02:22","date_gmt":"2025-07-15T08:02:22","guid":{"rendered":"https:\/\/ismaelcolosi.com.br\/index.php\/2025\/07\/15\/usp-abre-inscricoes-para-mba-executivo-em-lideranca-e-gestao\/"},"modified":"2025-07-15T05:02:22","modified_gmt":"2025-07-15T08:02:22","slug":"usp-abre-inscricoes-para-mba-executivo-em-lideranca-e-gestao","status":"publish","type":"post","link":"https:\/\/ismaelcolosi.com.br\/index.php\/2025\/07\/15\/usp-abre-inscricoes-para-mba-executivo-em-lideranca-e-gestao\/","title":{"rendered":"USP Abre Inscri\u00e7\u00f5es para MBA Executivo em Lideran\u00e7a e Gest\u00e3o"},"content":{"rendered":"<p> <br \/>\n<\/p>\n<div>\n<figure class=\"destaque wp-caption\">&#13;<br \/>\n\t\t<img data-recalc-dims=\"1\" width=\"678\" height=\"452\" src=\"https:\/\/i0.wp.com\/forbes.com.br\/wp-content\/uploads\/2025\/07\/forbes-mba-usp-768x512.jpg?resize=678%2C452&#038;ssl=1\" class=\"attachment-medium_large size-medium_large wp-post-image\" alt=\"forbes mba usp\" decoding=\"async\" fetchpriority=\"high\" srcset=\"https:\/\/forbes.com.br\/wp-content\/uploads\/2025\/07\/forbes-mba-usp-768x512.jpg 768w, https:\/\/forbes.com.br\/wp-content\/uploads\/2025\/07\/forbes-mba-usp-300x200.jpg 300w, https:\/\/forbes.com.br\/wp-content\/uploads\/2025\/07\/forbes-mba-usp-1024x683.jpg 1024w, https:\/\/forbes.com.br\/wp-content\/uploads\/2025\/07\/forbes-mba-usp-800x533.jpg 800w, https:\/\/forbes.com.br\/wp-content\/uploads\/2025\/07\/forbes-mba-usp-165x110.jpg 165w, https:\/\/forbes.com.br\/wp-content\/uploads\/2025\/07\/forbes-mba-usp-120x80.jpg 120w, https:\/\/forbes.com.br\/wp-content\/uploads\/2025\/07\/forbes-mba-usp-150x100.jpg 150w, https:\/\/forbes.com.br\/wp-content\/uploads\/2025\/07\/forbes-mba-usp.jpg 1500w\" sizes=\"(max-width: 678px) 100vw, 678px\"\/>\t\t<\/p>\n<p>10&#8217;000 Hours\/Getty Images<\/p>\n<p>&#13;<figcaption class=\"wp-caption-text\">MBA \u00e9 voltado para profissionais com experi\u00eancia no mercado<\/figcaption>&#13;<br \/>\n\t<\/figure>\n<div class=\"accessibility\">\n<p>Acessibilidade<\/p>\n<p>&#13;<br \/>\n\t\t\t<button onclick=\"alterFont1()\" id=\"btn1\" class=\"btn\">L<\/button>&#13;<br \/>\n\t\t\t<button onclick=\"alterFont2()\" id=\"btn2\" class=\"btn\" style=\"font-family:Merriweather\">L<\/button>&#13;<br \/>\n\t\t\t<button onclick=\"alterFontSmallerSize()\" id=\"btn3\" class=\"btn\">A-<\/button>&#13;<br \/>\n\t\t\t<button onclick=\"alterFontBiggerSize()\" id=\"btn4\" class=\"btn\">A+<\/button>&#13;<br \/>\n\t\t\t<!--<button onclick='alterFontBolder()' id='btn5' class=\"btn\" >B<\/button>-->&#13;<br \/>\n\t\t\t<button onclick=\"alterBackground()\" id=\"btn6\" class=\"btn\">\u25d0<\/button>&#13;<br \/>\n\t\t\t<!--<button onclick='clean()' id='btn7' class=\"btn\" >Limpar<\/button>-->&#13;\n\t\t<\/p>\n<\/p><\/div>\n<p>\u00a0<\/p>\n<p>A <strong>Esalq<\/strong> (Escola Superior de Agricultura Luiz de Queiroz), da <strong>USP<\/strong> (Universidade de S\u00e3o Paulo), est\u00e1 com inscri\u00e7\u00f5es abertas para o <strong>MBA<\/strong> executivo em <strong>lideran\u00e7a<\/strong> e <strong>gest\u00e3o<\/strong>. O curso de p\u00f3s-gradua\u00e7\u00e3o \u00e9 voltado para profissionais com experi\u00eancia no mercado, especialmente executivos, coordenadores e gestores atuando h\u00e1 mais de cinco anos em cargos de lideran\u00e7a.<\/p>\n<p>Com aulas semanais ao vivo (\u00e0s segundas-feiras, das 19h \u00e0s 23h, no formato EAD), o programa da USP tem foco na aplica\u00e7\u00e3o pr\u00e1tica de conte\u00fados, abordando compet\u00eancias estrat\u00e9gicas, gest\u00e3o de equipes e tomada de decis\u00e3o em ambientes corporativos de alta performance. A carga hor\u00e1ria \u00e9 de 360 horas, al\u00e9m de mais 40 horas destinadas ao trabalho de conclus\u00e3o de curso, totalizando 18 meses de dura\u00e7\u00e3o.<\/p>\n<aside>\n<h2>Leia tamb\u00e9m<\/h2>\n<\/aside>\n<p>Entre os docentes est\u00e3o nomes como <strong>Ricardo Harbs<\/strong>, professor de governan\u00e7a corporativa e compliance, <strong>Adriana Cristina Ferreira Caldana, <\/strong>vice-coordenadora do curso, e <strong>Fernando de Souza Coelho<\/strong>, mestre em administra\u00e7\u00e3o e governo. O MBA tamb\u00e9m conta com <strong>masterclasses<\/strong> conduzidas por <strong>CEOs<\/strong>, conselheiros e executivos. Na edi\u00e7\u00e3o anterior, participaram <strong>M\u00e1rcio Fernandes, <\/strong>ex-CEO da <strong>Elektro<\/strong>, e<strong> Ladmir Carvalho<\/strong>, fundador da <strong>Alterdata Software<\/strong>.<\/p>\n<p>A aula inaugural, marcada para 25 de agosto de 2025, contar\u00e1 com a presen\u00e7a de <strong>Erika Araujo<\/strong>, diretora da <strong>Hewlett Packard Enterprise<\/strong> para Am\u00e9rica Latina e Sul da Europa. O programa ainda oferece um m\u00f3dulo internacional opcional de imers\u00e3o presencial na Alemanha, com visitas a empresas como <strong>Porsche<\/strong> e <strong>Mercedes-Benz<\/strong>.<\/p>\n<p>As inscri\u00e7\u00f5es seguem abertas at\u00e9 1\u00ba de agosto de 2025, com valores a partir de 24x de R$ 850. Para realizar a inscri\u00e7\u00e3o, acesse o<a href=\"https:\/\/mbauspesalq.com\/cursos\/mba-executivo-em-lideranca-e-gestao\" target=\"_blank\" rel=\"noopener\"> site oficial<\/a>.<\/p>\n<aside>\n<h2>Escolhas do editor<\/h2>\n<\/aside>\n<div class=\"follow-us\">Siga o canal da <a href=\"https:\/\/whatsapp.com\/channel\/0029Va9gQKwBFLgM96cJnu0u\" target=\"_blank\" rel=\"noopener noreferrer nofollow\" title=\"Grupo da Forbes no WhatsApp\">Forbes<\/a> no WhatsApp e receba as principais not\u00edcias de empreendedorismo, carreira, tecnologia, agro e lifestyle.<\/div>\n<\/p><\/div>\n<p><script data-debloat-delay=\"1\" type=\"text\/debloat-script\">\n\t\t\t\t(function(d, s, id){\n\t\t\t\t\tvar js, fjs = d.getElementsByTagName(s)[0];\n\t\t\t\t\tif (d.getElementById(id)) return;\n\t\t\t\t\tjs = d.createElement(s); js.id = id;\n\t\t\t\t\tjs.src = \"\/\/connect.facebook.net\/pt_BR\/sdk.js#xfbml=1&version=v2.9\";\n\t\t\t\t\tfjs.parentNode.insertBefore(js, fjs);\n\t\t\t\t}(document, 'script', 'facebook-jssdk'));\n\t\t\t<\/script><br \/>\n<br \/><br \/>\n<br \/><a href=\"https:\/\/forbes.com.br\/carreira\/2025\/07\/usp-abre-inscricoes-para-mba-executivo-lideranca-gestao\/\">Source link <\/a><\/p>\n<div class='code-block code-block-4' style='margin: 8px auto 8px 0; text-align: left; display: block; clear: both;'>\n\ud83d\udce2 Aviso Legal\n\nO site ismaelcolosi.com.br atua apenas como um canal de divulga\u00e7\u00e3o de oportunidades de emprego e n\u00e3o se responsabiliza pelo processo seletivo, contrata\u00e7\u00e3o ou qualquer outra etapa relacionada \u00e0s vagas publicadas. Todas as informa\u00e7\u00f5es s\u00e3o de responsabilidade dos anunciantes.\n\n\u26a0\ufe0f Aten\u00e7\u00e3o! Nunca pague por promessas de emprego nem compre cursos que garantam contrata\u00e7\u00e3o. Desconfie de qualquer cobran\u00e7a para participar de sele\u00e7\u00f5es.\n\n\n\n<\/div>\n<!-- CONTENT END 1 -->\n","protected":false},"excerpt":{"rendered":"<p>&#13; 10&#8217;000 Hours\/Getty Images &#13;MBA \u00e9 voltado para profissionais com experi\u00eancia no mercado&#13; Acessibilidade &#13; L&#13; L&#13; A-&#13; A+&#13; &#13; \u25d0&#13; &#13; \u00a0 A Esalq&#8230;<\/p>\n","protected":false},"author":1,"featured_media":86641,"comment_status":"","ping_status":"open","sticky":false,"template":"","format":"standard","meta":{"_uag_custom_page_level_css":"","advanced_seo_description":"","jetpack_seo_html_title":"","jetpack_seo_noindex":false,"jetpack_post_was_ever_published":false,"_jetpack_newsletter_access":"","_jetpack_dont_email_post_to_subs":false,"_jetpack_newsletter_tier_id":0,"_jetpack_memberships_contains_paywalled_content":false,"_jetpack_memberships_contains_paid_content":false,"footnotes":"","jetpack_publicize_message":"","jetpack_publicize_feature_enabled":true,"jetpack_social_post_already_shared":true,"jetpack_social_options":{"image_generator_settings":{"template":"highway","default_image_id":0,"font":"","enabled":false},"version":2}},"categories":[1964],"tags":[],"class_list":["post-86640","post","type-post","status-publish","format-standard","has-post-thumbnail","hentry","category-carreira-e-sucesso-dicas-para-carreira"],"jetpack_publicize_connections":[],"jetpack_featured_media_url":"https:\/\/i0.wp.com\/ismaelcolosi.com.br\/wp-content\/uploads\/2025\/07\/forbes-mba-usp-1200x675.jpg?fit=1200%2C675&ssl=1","uagb_featured_image_src":{"full":["https:\/\/i0.wp.com\/ismaelcolosi.com.br\/wp-content\/uploads\/2025\/07\/forbes-mba-usp-1200x675.jpg?fit=1200%2C675&ssl=1",1200,675,false],"thumbnail":["https:\/\/i0.wp.com\/ismaelcolosi.com.br\/wp-content\/uploads\/2025\/07\/forbes-mba-usp-1200x675.jpg?resize=150%2C150&ssl=1",150,150,true],"medium":["https:\/\/i0.wp.com\/ismaelcolosi.com.br\/wp-content\/uploads\/2025\/07\/forbes-mba-usp-1200x675.jpg?fit=300%2C169&ssl=1",300,169,true],"medium_large":["https:\/\/i0.wp.com\/ismaelcolosi.com.br\/wp-content\/uploads\/2025\/07\/forbes-mba-usp-1200x675.jpg?fit=768%2C432&ssl=1",768,432,true],"large":["https:\/\/i0.wp.com\/ismaelcolosi.com.br\/wp-content\/uploads\/2025\/07\/forbes-mba-usp-1200x675.jpg?fit=1024%2C576&ssl=1",1024,576,true],"1536x1536":["https:\/\/i0.wp.com\/ismaelcolosi.com.br\/wp-content\/uploads\/2025\/07\/forbes-mba-usp-1200x675.jpg?fit=1200%2C675&ssl=1",1200,675,true],"2048x2048":["https:\/\/i0.wp.com\/ismaelcolosi.com.br\/wp-content\/uploads\/2025\/07\/forbes-mba-usp-1200x675.jpg?fit=1200%2C675&ssl=1",1200,675,true],"really-simple-thumb":["https:\/\/i0.wp.com\/ismaelcolosi.com.br\/wp-content\/uploads\/2025\/07\/forbes-mba-usp-1200x675.jpg?resize=370%2C247&ssl=1",370,247,true]},"uagb_author_info":{"display_name":"ismaelcolosi.com.br","author_link":"https:\/\/ismaelcolosi.com.br\/index.php\/author\/vidareal-online\/"},"uagb_comment_info":0,"uagb_excerpt":"&#13; 10&#8217;000 Hours\/Getty Images &#13;MBA \u00e9 voltado para profissionais com experi\u00eancia no mercado&#13; Acessibilidade &#13; L&#13; L&#13; A-&#13; A+&#13; &#13; \u25d0&#13; &#13; \u00a0 A Esalq...","jetpack-related-posts":[{"id":88465,"url":"https:\/\/ismaelcolosi.com.br\/index.php\/2025\/12\/09\/usp-lanca-minicurso-gratuito-de-esg\/","url_meta":{"origin":86640,"position":0},"title":"USP Lan\u00e7a Minicurso Gratuito de ESG","author":"ismaelcolosi.com.br","date":"9 de December de 2025","format":false,"excerpt":"\r Getty Images\r Em formato online e ao vivo, minicurso da USP sobre ESG oferece certificado oficial \r Acessibilidade \r L\r L\r A-\r A+\r \r \u25d0\r \r A Esalq (Escola Superior de Agricultura \u201cLuiz de Queiroz\u201d), da USP (Universidade de S\u00e3o Paulo), lan\u00e7ou um minicurso gratuito sobre ESG no mundo\u2026","rel":"","context":"In &quot;Carreira e Sucesso&quot;","block_context":{"text":"Carreira e Sucesso","link":"https:\/\/ismaelcolosi.com.br\/index.php\/category\/carreira-e-sucesso-dicas-para-carreira\/"},"img":{"alt_text":"","src":"https:\/\/i0.wp.com\/ismaelcolosi.com.br\/wp-content\/uploads\/2025\/12\/curso-usp-esg-remoto-1200x675.jpg?fit=1200%2C675&ssl=1&resize=350%2C200","width":350,"height":200,"srcset":"https:\/\/i0.wp.com\/ismaelcolosi.com.br\/wp-content\/uploads\/2025\/12\/curso-usp-esg-remoto-1200x675.jpg?fit=1200%2C675&ssl=1&resize=350%2C200 1x, https:\/\/i0.wp.com\/ismaelcolosi.com.br\/wp-content\/uploads\/2025\/12\/curso-usp-esg-remoto-1200x675.jpg?fit=1200%2C675&ssl=1&resize=525%2C300 1.5x, https:\/\/i0.wp.com\/ismaelcolosi.com.br\/wp-content\/uploads\/2025\/12\/curso-usp-esg-remoto-1200x675.jpg?fit=1200%2C675&ssl=1&resize=700%2C400 2x, https:\/\/i0.wp.com\/ismaelcolosi.com.br\/wp-content\/uploads\/2025\/12\/curso-usp-esg-remoto-1200x675.jpg?fit=1200%2C675&ssl=1&resize=1050%2C600 3x"},"classes":[]},{"id":27399,"url":"https:\/\/ismaelcolosi.com.br\/index.php\/2024\/01\/12\/ibgc-abre-programa-para-mulheres-em-conselhos\/","url_meta":{"origin":86640,"position":1},"title":"IBGC abre programa para mulheres em conselhos","author":"ismaelcolosi.com.br","date":"12 de January de 2024","format":false,"excerpt":"Getty ImagesNa sua 8\u00aa edi\u00e7\u00e3o, programa vai formar 35 mulheres para atuar em conselhos Fazer parte de um conselho est\u00e1 entre as proje\u00e7\u00f5es de carreira de muitos executivos e executivas. Hoje, no entanto, as mulheres ocupam apenas 25,3%\u00a0das cadeiras em conselhos de administra\u00e7\u00e3o\u00a0do Brasil, segundo levantamento da Page Executive, unidade\u2026","rel":"","context":"In &quot;Carreira e Sucesso&quot;","block_context":{"text":"Carreira e Sucesso","link":"https:\/\/ismaelcolosi.com.br\/index.php\/category\/carreira-e-sucesso-dicas-para-carreira\/"},"img":{"alt_text":"","src":"https:\/\/i0.wp.com\/ismaelcolosi.com.br\/wp-content\/uploads\/2024\/01\/mulheres-no-conselho-administracao-getty-1024x683.jpg?fit=1024%2C683&ssl=1&resize=350%2C200","width":350,"height":200,"srcset":"https:\/\/i0.wp.com\/ismaelcolosi.com.br\/wp-content\/uploads\/2024\/01\/mulheres-no-conselho-administracao-getty-1024x683.jpg?fit=1024%2C683&ssl=1&resize=350%2C200 1x, https:\/\/i0.wp.com\/ismaelcolosi.com.br\/wp-content\/uploads\/2024\/01\/mulheres-no-conselho-administracao-getty-1024x683.jpg?fit=1024%2C683&ssl=1&resize=525%2C300 1.5x, https:\/\/i0.wp.com\/ismaelcolosi.com.br\/wp-content\/uploads\/2024\/01\/mulheres-no-conselho-administracao-getty-1024x683.jpg?fit=1024%2C683&ssl=1&resize=700%2C400 2x"},"classes":[]},{"id":81039,"url":"https:\/\/ismaelcolosi.com.br\/index.php\/2025\/01\/06\/santander-oferece-bolsas-de-estudo-para-mulheres-lideres\/","url_meta":{"origin":86640,"position":2},"title":"Santander Oferece Bolsas de Estudo para Mulheres L\u00edderes","author":"ismaelcolosi.com.br","date":"6 de January de 2025","format":false,"excerpt":"\r \r \r \r Programa global oferece curso de uma semana na London School of Economics and Political Science; saiba como se inscrever \r \r \r \r Getty Images\r A\u00e7\u00e3o ir\u00e1 selecionar 50 lideran\u00e7as ao redor do mundo para uma forma\u00e7\u00e3o presencial em Londres\r \u00a0 Acessibilidade \r L\r L\r A-\r\u2026","rel":"","context":"In &quot;Carreira e Sucesso&quot;","block_context":{"text":"Carreira e Sucesso","link":"https:\/\/ismaelcolosi.com.br\/index.php\/category\/carreira-e-sucesso-dicas-para-carreira\/"},"img":{"alt_text":"","src":"https:\/\/i0.wp.com\/ismaelcolosi.com.br\/wp-content\/uploads\/2025\/01\/mulher-lideranca-forbesss-1200x675.jpg?fit=1200%2C675&ssl=1&resize=350%2C200","width":350,"height":200,"srcset":"https:\/\/i0.wp.com\/ismaelcolosi.com.br\/wp-content\/uploads\/2025\/01\/mulher-lideranca-forbesss-1200x675.jpg?fit=1200%2C675&ssl=1&resize=350%2C200 1x, https:\/\/i0.wp.com\/ismaelcolosi.com.br\/wp-content\/uploads\/2025\/01\/mulher-lideranca-forbesss-1200x675.jpg?fit=1200%2C675&ssl=1&resize=525%2C300 1.5x, https:\/\/i0.wp.com\/ismaelcolosi.com.br\/wp-content\/uploads\/2025\/01\/mulher-lideranca-forbesss-1200x675.jpg?fit=1200%2C675&ssl=1&resize=700%2C400 2x, https:\/\/i0.wp.com\/ismaelcolosi.com.br\/wp-content\/uploads\/2025\/01\/mulher-lideranca-forbesss-1200x675.jpg?fit=1200%2C675&ssl=1&resize=1050%2C600 3x"},"classes":[]},{"id":81044,"url":"https:\/\/ismaelcolosi.com.br\/index.php\/2025\/01\/06\/santander-oferece-bolsas-de-estudo-para-mulheres-lideres-2\/","url_meta":{"origin":86640,"position":3},"title":"Santander Oferece Bolsas de Estudo para Mulheres L\u00edderes","author":"ismaelcolosi.com.br","date":"6 de January de 2025","format":false,"excerpt":"\r \r \r \r Programa global oferece curso de uma semana na London School of Economics and Political Science; saiba como se inscrever \r \r \r \r Getty Images\r A\u00e7\u00e3o ir\u00e1 selecionar 50 lideran\u00e7as ao redor do mundo para uma forma\u00e7\u00e3o presencial em Londres\r \u00a0 Acessibilidade \r L\r L\r A-\r\u2026","rel":"","context":"In &quot;Carreira e Sucesso&quot;","block_context":{"text":"Carreira e Sucesso","link":"https:\/\/ismaelcolosi.com.br\/index.php\/category\/carreira-e-sucesso-dicas-para-carreira\/"},"img":{"alt_text":"","src":"https:\/\/i0.wp.com\/ismaelcolosi.com.br\/wp-content\/uploads\/2025\/01\/1736204619_mulher-lideranca-forbesss-1200x675.jpg?fit=1200%2C675&ssl=1&resize=350%2C200","width":350,"height":200,"srcset":"https:\/\/i0.wp.com\/ismaelcolosi.com.br\/wp-content\/uploads\/2025\/01\/1736204619_mulher-lideranca-forbesss-1200x675.jpg?fit=1200%2C675&ssl=1&resize=350%2C200 1x, https:\/\/i0.wp.com\/ismaelcolosi.com.br\/wp-content\/uploads\/2025\/01\/1736204619_mulher-lideranca-forbesss-1200x675.jpg?fit=1200%2C675&ssl=1&resize=525%2C300 1.5x, https:\/\/i0.wp.com\/ismaelcolosi.com.br\/wp-content\/uploads\/2025\/01\/1736204619_mulher-lideranca-forbesss-1200x675.jpg?fit=1200%2C675&ssl=1&resize=700%2C400 2x, https:\/\/i0.wp.com\/ismaelcolosi.com.br\/wp-content\/uploads\/2025\/01\/1736204619_mulher-lideranca-forbesss-1200x675.jpg?fit=1200%2C675&ssl=1&resize=1050%2C600 3x"},"classes":[]},{"id":15290,"url":"https:\/\/ismaelcolosi.com.br\/index.php\/2023\/12\/13\/c-suite-diretor-do-google-conta-como-crescer-na-carreira\/","url_meta":{"origin":86640,"position":4},"title":"C-suite: Diretor do Google conta como crescer na carreira","author":"ismaelcolosi.com.br","date":"13 de December de 2023","format":false,"excerpt":"Divulga\u00e7\u00e3oGustavo Souza liderou equipes de marketing, vendas e transforma\u00e7\u00e3o digital em empresas como SulAm\u00e9rica, Cyrela e Votorantim, antes de chegar ao Google, em 2014 Com mais de 20 anos de carreira, sendo metade desse per\u00edodo no Google, Gustavo Souza acaba de ser promovido a diretor-geral de produtos de publicidade no\u2026","rel":"","context":"In &quot;Carreira e Sucesso&quot;","block_context":{"text":"Carreira e Sucesso","link":"https:\/\/ismaelcolosi.com.br\/index.php\/category\/carreira-e-sucesso-dicas-para-carreira\/"},"img":{"alt_text":"","src":"https:\/\/i0.wp.com\/ismaelcolosi.com.br\/wp-content\/uploads\/2023\/12\/carreira-gustavo-souza-google-1024x683.jpg?fit=1024%2C683&ssl=1&resize=350%2C200","width":350,"height":200,"srcset":"https:\/\/i0.wp.com\/ismaelcolosi.com.br\/wp-content\/uploads\/2023\/12\/carreira-gustavo-souza-google-1024x683.jpg?fit=1024%2C683&ssl=1&resize=350%2C200 1x, https:\/\/i0.wp.com\/ismaelcolosi.com.br\/wp-content\/uploads\/2023\/12\/carreira-gustavo-souza-google-1024x683.jpg?fit=1024%2C683&ssl=1&resize=525%2C300 1.5x, https:\/\/i0.wp.com\/ismaelcolosi.com.br\/wp-content\/uploads\/2023\/12\/carreira-gustavo-souza-google-1024x683.jpg?fit=1024%2C683&ssl=1&resize=700%2C400 2x"},"classes":[]},{"id":88113,"url":"https:\/\/ismaelcolosi.com.br\/index.php\/2025\/10\/30\/mauricio-martiniano-assume-lideranca-do-google-campus-no-brasil\/","url_meta":{"origin":86640,"position":5},"title":"Maur\u00edcio Martiniano Assume Lideran\u00e7a do Google Campus no Brasil","author":"ismaelcolosi.com.br","date":"30 de October de 2025","format":false,"excerpt":"\r \r \r \r Ap\u00f3s 12 anos de carreira na companhia, executivo comandar\u00e1 opera\u00e7\u00e3o do espa\u00e7o de conex\u00e3o para startups em S\u00e3o Paulo \r \r \r \r Divulga\u00e7\u00e3o\r \r Acessibilidade \r L\r L\r A-\r A+\r \r \u25d0\r \r Maur\u00edcio Martiniano, executivo com 12 anos de trajet\u00f3ria no Google e atual\u2026","rel":"","context":"In &quot;Carreira e Sucesso&quot;","block_context":{"text":"Carreira e Sucesso","link":"https:\/\/ismaelcolosi.com.br\/index.php\/category\/carreira-e-sucesso-dicas-para-carreira\/"},"img":{"alt_text":"","src":"https:\/\/i0.wp.com\/ismaelcolosi.com.br\/wp-content\/uploads\/2025\/10\/Mauricio-Google-1200x675.png?fit=1200%2C675&ssl=1&resize=350%2C200","width":350,"height":200,"srcset":"https:\/\/i0.wp.com\/ismaelcolosi.com.br\/wp-content\/uploads\/2025\/10\/Mauricio-Google-1200x675.png?fit=1200%2C675&ssl=1&resize=350%2C200 1x, https:\/\/i0.wp.com\/ismaelcolosi.com.br\/wp-content\/uploads\/2025\/10\/Mauricio-Google-1200x675.png?fit=1200%2C675&ssl=1&resize=525%2C300 1.5x, https:\/\/i0.wp.com\/ismaelcolosi.com.br\/wp-content\/uploads\/2025\/10\/Mauricio-Google-1200x675.png?fit=1200%2C675&ssl=1&resize=700%2C400 2x, https:\/\/i0.wp.com\/ismaelcolosi.com.br\/wp-content\/uploads\/2025\/10\/Mauricio-Google-1200x675.png?fit=1200%2C675&ssl=1&resize=1050%2C600 3x"},"classes":[]}],"jetpack_sharing_enabled":true,"jetpack_shortlink":"https:\/\/wp.me\/pfMlyK-mxq","_links":{"self":[{"href":"https:\/\/ismaelcolosi.com.br\/index.php\/wp-json\/wp\/v2\/posts\/86640","targetHints":{"allow":["GET"]}}],"collection":[{"href":"https:\/\/ismaelcolosi.com.br\/index.php\/wp-json\/wp\/v2\/posts"}],"about":[{"href":"https:\/\/ismaelcolosi.com.br\/index.php\/wp-json\/wp\/v2\/types\/post"}],"author":[{"embeddable":true,"href":"https:\/\/ismaelcolosi.com.br\/index.php\/wp-json\/wp\/v2\/users\/1"}],"replies":[{"embeddable":true,"href":"https:\/\/ismaelcolosi.com.br\/index.php\/wp-json\/wp\/v2\/comments?post=86640"}],"version-history":[{"count":0,"href":"https:\/\/ismaelcolosi.com.br\/index.php\/wp-json\/wp\/v2\/posts\/86640\/revisions"}],"wp:featuredmedia":[{"embeddable":true,"href":"https:\/\/ismaelcolosi.com.br\/index.php\/wp-json\/wp\/v2\/media\/86641"}],"wp:attachment":[{"href":"https:\/\/ismaelcolosi.com.br\/index.php\/wp-json\/wp\/v2\/media?parent=86640"}],"wp:term":[{"taxonomy":"category","embeddable":true,"href":"https:\/\/ismaelcolosi.com.br\/index.php\/wp-json\/wp\/v2\/categories?post=86640"},{"taxonomy":"post_tag","embeddable":true,"href":"https:\/\/ismaelcolosi.com.br\/index.php\/wp-json\/wp\/v2\/tags?post=86640"}],"curies":[{"name":"wp","href":"https:\/\/api.w.org\/{rel}","templated":true}]}}