{"id":86632,"date":"2025-07-14T12:11:30","date_gmt":"2025-07-14T15:11:30","guid":{"rendered":"https:\/\/ismaelcolosi.com.br\/index.php\/2025\/07\/14\/ceo-da-fabricante-do-tylenol-kenvue-se-demite-em-meio-a-revisao-estrategica\/"},"modified":"2025-07-14T12:11:30","modified_gmt":"2025-07-14T15:11:30","slug":"ceo-da-fabricante-do-tylenol-kenvue-se-demite-em-meio-a-revisao-estrategica","status":"publish","type":"post","link":"https:\/\/ismaelcolosi.com.br\/index.php\/2025\/07\/14\/ceo-da-fabricante-do-tylenol-kenvue-se-demite-em-meio-a-revisao-estrategica\/","title":{"rendered":"CEO da Fabricante do Tylenol, Kenvue, se Demite em Meio \u00e0 Revis\u00e3o Estrat\u00e9gica"},"content":{"rendered":"<p> <br \/>\n<\/p>\n<div id=\"post-699668\">&#13;<\/p>\n<header>&#13;<\/p><div class='code-block code-block-8' style='margin: 8px auto; text-align: center; display: block; clear: both;'>\n<script>\n  atOptions = {\n    'key' : '66e2e2111ca34da796271819fc334058',\n    'format' : 'iframe',\n    'height' : 250,\n    'width' : 300,\n    'params' : {}\n  };\n<\/script>\n<script src=\"https:\/\/www.highperformanceformat.com\/66e2e2111ca34da796271819fc334058\/invoke.js\"><\/script>\n<\/div>\n\n<p>&#13;<\/p>\n<h2 class=\"post__excerpt\">&#13;<br \/>\n            A\u00e7\u00f5es da companhia subiram 3,3% nas negocia\u00e7\u00f5es do pr\u00e9-mercado, com a nomea\u00e7\u00e3o de um CEO interino    <\/h2>\n<\/p>\n<p>&#13;<br \/>\n\t\t\t\t\t\t&#13;<br \/>\n\t\t\t\t\t<\/header>\n<p>&#13;<\/p>\n<div class=\"entry-content\">\n<figure class=\"destaque wp-caption\">&#13;<br \/>\n\t\t<img data-recalc-dims=\"1\" width=\"678\" height=\"452\" src=\"https:\/\/i0.wp.com\/forbes.com.br\/wp-content\/uploads\/2025\/07\/carreira-Thibaut-Mongon-768x512.jpg?resize=678%2C452&#038;ssl=1\" class=\"attachment-medium_large size-medium_large wp-post-image\" alt=\"Thibaut Mongon\" decoding=\"async\" fetchpriority=\"high\" srcset=\"https:\/\/forbes.com.br\/wp-content\/uploads\/2025\/07\/carreira-Thibaut-Mongon-768x512.jpg 768w, https:\/\/forbes.com.br\/wp-content\/uploads\/2025\/07\/carreira-Thibaut-Mongon-300x200.jpg 300w, https:\/\/forbes.com.br\/wp-content\/uploads\/2025\/07\/carreira-Thibaut-Mongon-1024x683.jpg 1024w, https:\/\/forbes.com.br\/wp-content\/uploads\/2025\/07\/carreira-Thibaut-Mongon-800x533.jpg 800w, https:\/\/forbes.com.br\/wp-content\/uploads\/2025\/07\/carreira-Thibaut-Mongon-165x110.jpg 165w, https:\/\/forbes.com.br\/wp-content\/uploads\/2025\/07\/carreira-Thibaut-Mongon-120x80.jpg 120w, https:\/\/forbes.com.br\/wp-content\/uploads\/2025\/07\/carreira-Thibaut-Mongon-150x100.jpg 150w, https:\/\/forbes.com.br\/wp-content\/uploads\/2025\/07\/carreira-Thibaut-Mongon.jpg 1500w\" sizes=\"(max-width: 678px) 100vw, 678px\"\/>\t\t<\/p>\n<p>Brendan McDermid\/Reuters<\/p>\n<p>&#13;<figcaption class=\"wp-caption-text\">O CEO Thibaut Mongon enfrentava press\u00e3o de investidores para melhorar o desempenho da companhia<\/figcaption>&#13;<br \/>\n\t<\/figure>\n<div class=\"accessibility\">\n<p>Acessibilidade<\/p>\n<p>&#13;<br \/>\n\t\t\t<button onclick=\"alterFont1()\" id=\"btn1\" class=\"btn\">L<\/button>&#13;<br \/>\n\t\t\t<button onclick=\"alterFont2()\" id=\"btn2\" class=\"btn\" style=\"font-family:Merriweather\">L<\/button>&#13;<br \/>\n\t\t\t<button onclick=\"alterFontSmallerSize()\" id=\"btn3\" class=\"btn\">A-<\/button>&#13;<br \/>\n\t\t\t<button onclick=\"alterFontBiggerSize()\" id=\"btn4\" class=\"btn\">A+<\/button>&#13;<br \/>\n\t\t\t<!--<button onclick='alterFontBolder()' id='btn5' class=\"btn\" >B<\/button>-->&#13;<br \/>\n\t\t\t<button onclick=\"alterBackground()\" id=\"btn6\" class=\"btn\">\u25d0<\/button>&#13;<br \/>\n\t\t\t<!--<button onclick='clean()' id='btn7' class=\"btn\" >Limpar<\/button>-->&#13;\n\t\t<\/p>\n<\/p><\/div>\n<p>O presidente-executivo e membro do conselho da <strong>Kenvue<\/strong>, <strong>Thibaut Mongon<\/strong>, deixou o cargo, informou a empresa nesta segunda-feira (14), na segunda grande mudan\u00e7a do alto escal\u00e3o da empresa em meio \u00e0 press\u00e3o de investidores para melhorar o desempenho.<\/p>\n<p>As a\u00e7\u00f5es da fabricante do <strong>Tylenol<\/strong> subiram 3,3% nas negocia\u00e7\u00f5es do pr\u00e9-mercado, uma vez que a empresa nomeou o diretor <strong>Kirk Perry<\/strong> como <strong>CEO interino<\/strong>. Em maio, a empresa substituiu o chefe financeiro Paul Ruh por Amit Banati, da Kellanova.<\/p>\n<aside>\n<h2>Leia tamb\u00e9m<\/h2>\n<\/aside>\n<p>Perry trabalhou 23 anos na Procter &amp; Gamble. Mais recentemente, atuou como presidente e CEO da Circana, fornecedora global de tecnologia, dados e an\u00e1lise preditiva para os setores de consumo, varejo e m\u00eddia.<\/p>\n<p>A fabricante do Band-aid disse que come\u00e7ou a analisar as op\u00e7\u00f5es e criou um comit\u00ea para supervisionar o processo. A an\u00e1lise considerar\u00e1 op\u00e7\u00f5es, incluindo a otimiza\u00e7\u00e3o de seu portf\u00f3lio de marcas. \u201cA an\u00e1lise estrat\u00e9gica do Conselho est\u00e1 em andamento e estamos considerando uma ampla gama de alternativas em potencial, incluindo maneiras de simplificar o portf\u00f3lio da empresa e como ela opera\u201d, disse o presidente do Conselho, Larry Merlo.<\/p>\n<p>A empresa est\u00e1 explorando a venda de algumas de suas marcas de sa\u00fade e beleza da pele, informou a Reuters em junho. O painel de revis\u00e3o est\u00e1 sendo assessorado pela Centerview Partners e pela McKinsey &amp; Company.<\/p>\n<p>A Kenvue tamb\u00e9m disse que espera apresentar lucros ajustados por a\u00e7\u00e3o entre 28 e 29 centavos de d\u00f3lar para o trimestre encerrado em 29 de junho.<\/p>\n<p>Analistas esperam lucro de 28 centavos de d\u00f3lar, de acordo com dados compilados pela LSEG, quando a empresa divulgar os resultados do segundo trimestre em 7 de agosto e revisar sua previs\u00e3o para 2025.<\/p>\n<aside>\n<h2>Escolhas do editor<\/h2>\n<\/aside>\n<div class=\"follow-us\">Siga o canal da <a href=\"https:\/\/whatsapp.com\/channel\/0029VaAZk57JuyA9F4UwQc2I\" target=\"_blank\" rel=\"noopener noreferrer nofollow\" title=\"Grupo da Forbes Money no WhatsApp\">Forbes Money<\/a> no WhatsApp e receba as principais not\u00edcias de economia e mercado financeiro.<\/div>\n<\/p><\/div>\n<p>&#13;<br \/>\n\t\t\t\t\t \t\t\t\t\t  &#13;\n\t\t\t\t<\/p><\/div>\n<p><script data-debloat-delay=\"1\" type=\"text\/debloat-script\">\n\t\t\t\t(function(d, s, id){\n\t\t\t\t\tvar js, fjs = d.getElementsByTagName(s)[0];\n\t\t\t\t\tif (d.getElementById(id)) return;\n\t\t\t\t\tjs = d.createElement(s); js.id = id;\n\t\t\t\t\tjs.src = \"\/\/connect.facebook.net\/pt_BR\/sdk.js#xfbml=1&version=v2.9\";\n\t\t\t\t\tfjs.parentNode.insertBefore(js, fjs);\n\t\t\t\t}(document, 'script', 'facebook-jssdk'));\n\t\t\t<\/script><br \/>\n<br \/><br \/>\n<br \/><a href=\"https:\/\/forbes.com.br\/forbes-money\/2025\/07\/ceo-da-fabricante-do-tylenol-kenvue-se-demite-em-meio-a-revisao-estrategica\/\">Source link <\/a><\/p>\n<div class='code-block code-block-4' style='margin: 8px auto 8px 0; text-align: left; display: block; clear: both;'>\n\ud83d\udce2 Aviso Legal\n\nO site ismaelcolosi.com.br atua apenas como um canal de divulga\u00e7\u00e3o de oportunidades de emprego e n\u00e3o se responsabiliza pelo processo seletivo, contrata\u00e7\u00e3o ou qualquer outra etapa relacionada \u00e0s vagas publicadas. Todas as informa\u00e7\u00f5es s\u00e3o de responsabilidade dos anunciantes.\n\n\u26a0\ufe0f Aten\u00e7\u00e3o! Nunca pague por promessas de emprego nem compre cursos que garantam contrata\u00e7\u00e3o. Desconfie de qualquer cobran\u00e7a para participar de sele\u00e7\u00f5es.\n\n\n\n<\/div>\n<!-- CONTENT END 1 -->\n","protected":false},"excerpt":{"rendered":"<p>&#13; &#13; &#13; &#13; A\u00e7\u00f5es da companhia subiram 3,3% nas negocia\u00e7\u00f5es do pr\u00e9-mercado, com a nomea\u00e7\u00e3o de um CEO interino &#13; &#13; &#13; &#13; Brendan&#8230;<\/p>\n","protected":false},"author":1,"featured_media":86633,"comment_status":"","ping_status":"open","sticky":false,"template":"","format":"standard","meta":{"_uag_custom_page_level_css":"","advanced_seo_description":"","jetpack_seo_html_title":"","jetpack_seo_noindex":false,"jetpack_post_was_ever_published":false,"_jetpack_newsletter_access":"","_jetpack_dont_email_post_to_subs":false,"_jetpack_newsletter_tier_id":0,"_jetpack_memberships_contains_paywalled_content":false,"_jetpack_memberships_contains_paid_content":false,"footnotes":"","jetpack_publicize_message":"","jetpack_publicize_feature_enabled":true,"jetpack_social_post_already_shared":true,"jetpack_social_options":{"image_generator_settings":{"template":"highway","default_image_id":0,"font":"","enabled":false},"version":2}},"categories":[1964],"tags":[],"class_list":["post-86632","post","type-post","status-publish","format-standard","has-post-thumbnail","hentry","category-carreira-e-sucesso-dicas-para-carreira"],"jetpack_publicize_connections":[],"jetpack_featured_media_url":"https:\/\/i0.wp.com\/ismaelcolosi.com.br\/wp-content\/uploads\/2025\/07\/carreira-Thibaut-Mongon-1200x675.jpg?fit=1200%2C675&ssl=1","uagb_featured_image_src":{"full":["https:\/\/i0.wp.com\/ismaelcolosi.com.br\/wp-content\/uploads\/2025\/07\/carreira-Thibaut-Mongon-1200x675.jpg?fit=1200%2C675&ssl=1",1200,675,false],"thumbnail":["https:\/\/i0.wp.com\/ismaelcolosi.com.br\/wp-content\/uploads\/2025\/07\/carreira-Thibaut-Mongon-1200x675.jpg?resize=150%2C150&ssl=1",150,150,true],"medium":["https:\/\/i0.wp.com\/ismaelcolosi.com.br\/wp-content\/uploads\/2025\/07\/carreira-Thibaut-Mongon-1200x675.jpg?fit=300%2C169&ssl=1",300,169,true],"medium_large":["https:\/\/i0.wp.com\/ismaelcolosi.com.br\/wp-content\/uploads\/2025\/07\/carreira-Thibaut-Mongon-1200x675.jpg?fit=768%2C432&ssl=1",768,432,true],"large":["https:\/\/i0.wp.com\/ismaelcolosi.com.br\/wp-content\/uploads\/2025\/07\/carreira-Thibaut-Mongon-1200x675.jpg?fit=1024%2C576&ssl=1",1024,576,true],"1536x1536":["https:\/\/i0.wp.com\/ismaelcolosi.com.br\/wp-content\/uploads\/2025\/07\/carreira-Thibaut-Mongon-1200x675.jpg?fit=1200%2C675&ssl=1",1200,675,true],"2048x2048":["https:\/\/i0.wp.com\/ismaelcolosi.com.br\/wp-content\/uploads\/2025\/07\/carreira-Thibaut-Mongon-1200x675.jpg?fit=1200%2C675&ssl=1",1200,675,true],"really-simple-thumb":["https:\/\/i0.wp.com\/ismaelcolosi.com.br\/wp-content\/uploads\/2025\/07\/carreira-Thibaut-Mongon-1200x675.jpg?resize=370%2C247&ssl=1",370,247,true]},"uagb_author_info":{"display_name":"ismaelcolosi.com.br","author_link":"https:\/\/ismaelcolosi.com.br\/index.php\/author\/vidareal-online\/"},"uagb_comment_info":0,"uagb_excerpt":"&#13; &#13; &#13; &#13; A\u00e7\u00f5es da companhia subiram 3,3% nas negocia\u00e7\u00f5es do pr\u00e9-mercado, com a nomea\u00e7\u00e3o de um CEO interino &#13; &#13; &#13; &#13; Brendan...","jetpack-related-posts":[{"id":67056,"url":"https:\/\/ismaelcolosi.com.br\/index.php\/2024\/09\/20\/50-lideres-das-maiores-empresas-do-mundo\/","url_meta":{"origin":86632,"position":0},"title":"50 l\u00edderes das maiores empresas do mundo","author":"ismaelcolosi.com.br","date":"20 de September de 2024","format":false,"excerpt":"Arte: Pedro BandeiraT\u00e2nia Cosentino, da Microsoft, Paula Lindenberg, da Diageo, Cristina Betts, do Iguatemi, e Tarciana Medeiros, do Banco do Brasil, s\u00e3o algumas das maiores CEOs do Brasil Acessibilidade L L A- A+ \u25d0 H\u00e1 apenas alguns anos, reunir 50 CEOs mulheres em uma lista poderia ser um desafio. Apesar\u2026","rel":"","context":"In &quot;Carreira e Sucesso&quot;","block_context":{"text":"Carreira e Sucesso","link":"https:\/\/ismaelcolosi.com.br\/index.php\/category\/carreira-e-sucesso-dicas-para-carreira\/"},"img":{"alt_text":"","src":"https:\/\/i0.wp.com\/ismaelcolosi.com.br\/wp-content\/uploads\/2024\/09\/CEOs_2-1024x683.png?fit=1024%2C683&ssl=1&resize=350%2C200","width":350,"height":200,"srcset":"https:\/\/i0.wp.com\/ismaelcolosi.com.br\/wp-content\/uploads\/2024\/09\/CEOs_2-1024x683.png?fit=1024%2C683&ssl=1&resize=350%2C200 1x, https:\/\/i0.wp.com\/ismaelcolosi.com.br\/wp-content\/uploads\/2024\/09\/CEOs_2-1024x683.png?fit=1024%2C683&ssl=1&resize=525%2C300 1.5x, https:\/\/i0.wp.com\/ismaelcolosi.com.br\/wp-content\/uploads\/2024\/09\/CEOs_2-1024x683.png?fit=1024%2C683&ssl=1&resize=700%2C400 2x"},"classes":[]},{"id":67062,"url":"https:\/\/ismaelcolosi.com.br\/index.php\/2024\/09\/20\/50-lideres-das-maiores-empresas-do-mundo-2\/","url_meta":{"origin":86632,"position":1},"title":"50 l\u00edderes das maiores empresas do mundo","author":"ismaelcolosi.com.br","date":"20 de September de 2024","format":false,"excerpt":"Arte: Pedro BandeiraT\u00e2nia Cosentino, da Microsoft, Paula Lindenberg, da Diageo, Cristina Betts, do Iguatemi, e Tarciana Medeiros, do Banco do Brasil, s\u00e3o algumas das maiores CEOs do Brasil Acessibilidade L L A- A+ \u25d0 H\u00e1 apenas alguns anos, reunir 50 CEOs mulheres em uma lista poderia ser um desafio. Apesar\u2026","rel":"","context":"In &quot;Carreira e Sucesso&quot;","block_context":{"text":"Carreira e Sucesso","link":"https:\/\/ismaelcolosi.com.br\/index.php\/category\/carreira-e-sucesso-dicas-para-carreira\/"},"img":{"alt_text":"","src":"https:\/\/i0.wp.com\/ismaelcolosi.com.br\/wp-content\/uploads\/2024\/09\/1726857972_CEOs_2-1024x683.png?fit=1024%2C683&ssl=1&resize=350%2C200","width":350,"height":200,"srcset":"https:\/\/i0.wp.com\/ismaelcolosi.com.br\/wp-content\/uploads\/2024\/09\/1726857972_CEOs_2-1024x683.png?fit=1024%2C683&ssl=1&resize=350%2C200 1x, https:\/\/i0.wp.com\/ismaelcolosi.com.br\/wp-content\/uploads\/2024\/09\/1726857972_CEOs_2-1024x683.png?fit=1024%2C683&ssl=1&resize=525%2C300 1.5x, https:\/\/i0.wp.com\/ismaelcolosi.com.br\/wp-content\/uploads\/2024\/09\/1726857972_CEOs_2-1024x683.png?fit=1024%2C683&ssl=1&resize=700%2C400 2x"},"classes":[]},{"id":23348,"url":"https:\/\/ismaelcolosi.com.br\/index.php\/2024\/01\/02\/tereza-santos-ceo-da-sympla-crescer-e-viciante\/","url_meta":{"origin":86632,"position":2},"title":"Tereza Santos, CEO da Sympla: \u201cCrescer \u00e9 viciante\u201d","author":"ismaelcolosi.com.br","date":"2 de January de 2024","format":false,"excerpt":"Tereza Santos \u00e9 CEO da Sympla Guiada por seu DNA tecnol\u00f3gico, Tereza Santos pegou carona no boom dos eventos e na demanda n\u00e3o mais reprimida pela pandemia e liderou um crescimento de quase cinco vezes desde que assumiu como CEO da Sympla, em 2021. \u201cCrescer \u00e9 viciante\u201d, diz a executiva,\u2026","rel":"","context":"In &quot;Carreira e Sucesso&quot;","block_context":{"text":"Carreira e Sucesso","link":"https:\/\/ismaelcolosi.com.br\/index.php\/category\/carreira-e-sucesso-dicas-para-carreira\/"},"img":{"alt_text":"","src":"https:\/\/i0.wp.com\/ismaelcolosi.com.br\/wp-content\/uploads\/2024\/01\/tereza-santos-ceo-sympla-1024x683.jpg?fit=1024%2C683&ssl=1&resize=350%2C200","width":350,"height":200,"srcset":"https:\/\/i0.wp.com\/ismaelcolosi.com.br\/wp-content\/uploads\/2024\/01\/tereza-santos-ceo-sympla-1024x683.jpg?fit=1024%2C683&ssl=1&resize=350%2C200 1x, https:\/\/i0.wp.com\/ismaelcolosi.com.br\/wp-content\/uploads\/2024\/01\/tereza-santos-ceo-sympla-1024x683.jpg?fit=1024%2C683&ssl=1&resize=525%2C300 1.5x, https:\/\/i0.wp.com\/ismaelcolosi.com.br\/wp-content\/uploads\/2024\/01\/tereza-santos-ceo-sympla-1024x683.jpg?fit=1024%2C683&ssl=1&resize=700%2C400 2x"},"classes":[]},{"id":79208,"url":"https:\/\/ismaelcolosi.com.br\/index.php\/2024\/12\/13\/grupo-silvio-santos-nomeia-ana-karina-bortoni-como-nova-ceo\/","url_meta":{"origin":86632,"position":3},"title":"Grupo Silvio Santos nomeia Ana Karina Bortoni como nova CEO","author":"ismaelcolosi.com.br","date":"13 de December de 2024","format":false,"excerpt":"\r \r \r \r Executiva, que est\u00e1 na holding desde 2015, foi a primeira mulher CEO de um banco brasileiro \r \r \r \r Divulga\u00e7\u00e3o\/BMG\r Ana Karina Bortoni foi CEO do Banco BMG e capa da Forbes na edi\u00e7\u00e3o Mulheres de Sucesso em 2022\r \u00a0 Acessibilidade \r L\r L\r A-\r\u2026","rel":"","context":"In &quot;Carreira e Sucesso&quot;","block_context":{"text":"Carreira e Sucesso","link":"https:\/\/ismaelcolosi.com.br\/index.php\/category\/carreira-e-sucesso-dicas-para-carreira\/"},"img":{"alt_text":"","src":"https:\/\/i0.wp.com\/ismaelcolosi.com.br\/wp-content\/uploads\/2024\/12\/Ana-Karina-Bortoni-1200x675.jpg?fit=1200%2C675&ssl=1&resize=350%2C200","width":350,"height":200,"srcset":"https:\/\/i0.wp.com\/ismaelcolosi.com.br\/wp-content\/uploads\/2024\/12\/Ana-Karina-Bortoni-1200x675.jpg?fit=1200%2C675&ssl=1&resize=350%2C200 1x, https:\/\/i0.wp.com\/ismaelcolosi.com.br\/wp-content\/uploads\/2024\/12\/Ana-Karina-Bortoni-1200x675.jpg?fit=1200%2C675&ssl=1&resize=525%2C300 1.5x, https:\/\/i0.wp.com\/ismaelcolosi.com.br\/wp-content\/uploads\/2024\/12\/Ana-Karina-Bortoni-1200x675.jpg?fit=1200%2C675&ssl=1&resize=700%2C400 2x, https:\/\/i0.wp.com\/ismaelcolosi.com.br\/wp-content\/uploads\/2024\/12\/Ana-Karina-Bortoni-1200x675.jpg?fit=1200%2C675&ssl=1&resize=1050%2C600 3x"},"classes":[]},{"id":21118,"url":"https:\/\/ismaelcolosi.com.br\/index.php\/2023\/12\/27\/ceo-da-novo-nordisk-do-ozempic-lidera-crescimento\/","url_meta":{"origin":86632,"position":4},"title":"CEO da Novo Nordisk, do Ozempic, lidera crescimento","author":"ismaelcolosi.com.br","date":"27 de December de 2023","format":false,"excerpt":"Victor AffaroIsabella Wanderley, CEO da Novo Nordisk, traz na sua gest\u00e3o a experi\u00eancia em gigantes de bens de consumo Vinda de uma fam\u00edlia de m\u00e9dicos e nascida em Niter\u00f3i (RJ), Isabella Wanderley nunca foi incentivada pelo pai a seguir carreira em medicina. Formou-se em economia e transitou em grandes empresas\u2026","rel":"","context":"In &quot;Carreira e Sucesso&quot;","block_context":{"text":"Carreira e Sucesso","link":"https:\/\/ismaelcolosi.com.br\/index.php\/category\/carreira-e-sucesso-dicas-para-carreira\/"},"img":{"alt_text":"","src":"https:\/\/i0.wp.com\/ismaelcolosi.com.br\/wp-content\/uploads\/2023\/12\/mulher-isabella-wanderley-novo-nordisk-1024x683.jpg?fit=1024%2C683&ssl=1&resize=350%2C200","width":350,"height":200,"srcset":"https:\/\/i0.wp.com\/ismaelcolosi.com.br\/wp-content\/uploads\/2023\/12\/mulher-isabella-wanderley-novo-nordisk-1024x683.jpg?fit=1024%2C683&ssl=1&resize=350%2C200 1x, https:\/\/i0.wp.com\/ismaelcolosi.com.br\/wp-content\/uploads\/2023\/12\/mulher-isabella-wanderley-novo-nordisk-1024x683.jpg?fit=1024%2C683&ssl=1&resize=525%2C300 1.5x, https:\/\/i0.wp.com\/ismaelcolosi.com.br\/wp-content\/uploads\/2023\/12\/mulher-isabella-wanderley-novo-nordisk-1024x683.jpg?fit=1024%2C683&ssl=1&resize=700%2C400 2x"},"classes":[]},{"id":87691,"url":"https:\/\/ismaelcolosi.com.br\/index.php\/2025\/09\/25\/quem-sao-os-10-melhores-ceos-do-brasil-2\/","url_meta":{"origin":86632,"position":5},"title":"Quem S\u00e3o os 10 Melhores CEOs do Brasil","author":"ismaelcolosi.com.br","date":"25 de September de 2025","format":false,"excerpt":"\r Victor Affaro\r Edgard Corona, CEO da Smart Fit, \u00e9 capa da edi\u00e7\u00e3o 134 da Forbes Brasil\r Acessibilidade \r L\r L\r A-\r A+\r \r \u25d0\r \r Os perfis, as forma\u00e7\u00f5es, as trajet\u00f3rias e as experi\u00eancias variam. S\u00e3o t\u00edmidos ou extrovertidos, intuitivos ou racionais, corporais ou intelectuais. Por\u00e9m, os homens e\u2026","rel":"","context":"In &quot;Carreira e Sucesso&quot;","block_context":{"text":"Carreira e Sucesso","link":"https:\/\/ismaelcolosi.com.br\/index.php\/category\/carreira-e-sucesso-dicas-para-carreira\/"},"img":{"alt_text":"","src":"https:\/\/i0.wp.com\/ismaelcolosi.com.br\/wp-content\/uploads\/2025\/09\/carreira-melhores-ceos-edgard-corona-smart-fit-1200x675.jpg?fit=1200%2C675&ssl=1&resize=350%2C200","width":350,"height":200,"srcset":"https:\/\/i0.wp.com\/ismaelcolosi.com.br\/wp-content\/uploads\/2025\/09\/carreira-melhores-ceos-edgard-corona-smart-fit-1200x675.jpg?fit=1200%2C675&ssl=1&resize=350%2C200 1x, https:\/\/i0.wp.com\/ismaelcolosi.com.br\/wp-content\/uploads\/2025\/09\/carreira-melhores-ceos-edgard-corona-smart-fit-1200x675.jpg?fit=1200%2C675&ssl=1&resize=525%2C300 1.5x, https:\/\/i0.wp.com\/ismaelcolosi.com.br\/wp-content\/uploads\/2025\/09\/carreira-melhores-ceos-edgard-corona-smart-fit-1200x675.jpg?fit=1200%2C675&ssl=1&resize=700%2C400 2x, https:\/\/i0.wp.com\/ismaelcolosi.com.br\/wp-content\/uploads\/2025\/09\/carreira-melhores-ceos-edgard-corona-smart-fit-1200x675.jpg?fit=1200%2C675&ssl=1&resize=1050%2C600 3x"},"classes":[]}],"jetpack_sharing_enabled":true,"jetpack_shortlink":"https:\/\/wp.me\/pfMlyK-mxi","_links":{"self":[{"href":"https:\/\/ismaelcolosi.com.br\/index.php\/wp-json\/wp\/v2\/posts\/86632","targetHints":{"allow":["GET"]}}],"collection":[{"href":"https:\/\/ismaelcolosi.com.br\/index.php\/wp-json\/wp\/v2\/posts"}],"about":[{"href":"https:\/\/ismaelcolosi.com.br\/index.php\/wp-json\/wp\/v2\/types\/post"}],"author":[{"embeddable":true,"href":"https:\/\/ismaelcolosi.com.br\/index.php\/wp-json\/wp\/v2\/users\/1"}],"replies":[{"embeddable":true,"href":"https:\/\/ismaelcolosi.com.br\/index.php\/wp-json\/wp\/v2\/comments?post=86632"}],"version-history":[{"count":0,"href":"https:\/\/ismaelcolosi.com.br\/index.php\/wp-json\/wp\/v2\/posts\/86632\/revisions"}],"wp:featuredmedia":[{"embeddable":true,"href":"https:\/\/ismaelcolosi.com.br\/index.php\/wp-json\/wp\/v2\/media\/86633"}],"wp:attachment":[{"href":"https:\/\/ismaelcolosi.com.br\/index.php\/wp-json\/wp\/v2\/media?parent=86632"}],"wp:term":[{"taxonomy":"category","embeddable":true,"href":"https:\/\/ismaelcolosi.com.br\/index.php\/wp-json\/wp\/v2\/categories?post=86632"},{"taxonomy":"post_tag","embeddable":true,"href":"https:\/\/ismaelcolosi.com.br\/index.php\/wp-json\/wp\/v2\/tags?post=86632"}],"curies":[{"name":"wp","href":"https:\/\/api.w.org\/{rel}","templated":true}]}}